{"id":10974,"date":"2023-12-28T10:00:24","date_gmt":"2023-12-28T09:00:24","guid":{"rendered":"https:\/\/www.anovapeneira.gal\/?p=10974"},"modified":"2023-12-26T10:53:52","modified_gmt":"2023-12-26T09:53:52","slug":"o-concello-de-redondela-aprobara-o-pxom-en-2024","status":"publish","type":"post","link":"https:\/\/www.anovapeneira.gal\/index.php\/2023\/12\/28\/o-concello-de-redondela-aprobara-o-pxom-en-2024\/","title":{"rendered":"O Concello de Redondela aprobar\u00e1 o PXOM en 2024"},"content":{"rendered":"\n<p>Redondela, 23 de decembro de 2023. <\/p>\n\n\n\n<p>O Concello de Redondela levar\u00e1 o seu Plan Xeral de Ordenaci\u00f3n Municipal para a aprobaci\u00f3n inicial no pleno no primeiro trimestre de 2024. A alcaldesa, Digna Rivas, informa que despois de recibir os informes sectoriais e axustado o documento do PXOM polo equipo redactor, \u201cacaba de presentarse o documento no Concello para a aprobaci\u00f3n inicial\u201d. Rivas explica que nestes momentos \u201cest\u00e1 a revisarse e analizarse o documento por parte dos servizos t\u00e9cnicos e xur\u00eddicos do Concello para logo emitir os seus informes\u201d.<\/p>\n\n\n\n<p>Como complemento para facilitar a visualizaci\u00f3n do Plan Xeral de Ordenaci\u00f3n Municipal desenvolveuse un visor que estar\u00e1 dispo\u00f1ible ao p\u00fablico na p\u00e1xina web do Concello de Redondela unha vez aprobado inicialmente o PXOM. Este visor permitir\u00e1 \u00e1 veci\u00f1anza buscar informaci\u00f3n do plan urban\u00edstico \u201cdun xeito m\u00e1is accesible e claro\u201d, sinala a alcaldesa. \u201cUnha vez te\u00f1amos a aprobaci\u00f3n inicial no pleno empezaremos a traballar parroquia por parroquia, informando a asociaci\u00f3ns e para que a veci\u00f1anza poida presentar as alegaci\u00f3ns que estime oportunas dentro do prazo\u201d.<\/p>\n\n\n\n<p>Digna Rivas salienta que o PXOM \u00e9 algo \u201cmoi importante para o presente e o futuro de Redondela, un plan prioritario que o municipio precisa logo de m\u00e1is de 30 anos de espera\u201d. Digna Rivas afirma que desde que chegou \u00e1 Alcald\u00eda era consciente de que a tramitaci\u00f3n do Plan Xeral deb\u00eda ser a s\u00faa prioridade, e traballouse coa empresa redactora, funcionarios e t\u00e9cnicos do Concello e o resto de grupos pol\u00edticos para retomar os traballos e conseguir que o documento fose unha realidade. Insiste en que se trata dunha decisi\u00f3n \u201cresponsable, baseada no traballo realizado polo equipo t\u00e9cnico redactor do Plan durante meses e necesaria pola situaci\u00f3n na que se atopa a normativa urban\u00edstica do noso municipio, cunhas normas subsidiarias aprobadas en 1987 e totalmente desfasadas\u201d afirma Digna Rivas.<\/p>\n\n\n\n<p>En total durante o ano 2021 realiz\u00e1ronse m\u00e1is dunha quincena de reuni\u00f3ns t\u00e9cnicas e pol\u00edticas, nas que participaron os t\u00e9cnicos redactores do documento, t\u00e9cnicos e persoal de urbanismo, as\u00ed como todos os grupos pol\u00edticos membros da corporaci\u00f3n. \u201cTemos claro que o PXOM \u00e9 un documento da veci\u00f1anza, polo que no seu proceso era imprescindible contar co resto dos grupos pol\u00edticos para redactar un documento claramente participativo, transparente e consensuado\u201d, engade Rivas. Logo destes tr\u00e1mites a rexedora conf\u00eda en que no momento que o PXOM sexa levado a pleno \u201ccontar\u00e1 co apoio de todos os membros que participaron na s\u00faa elaboraci\u00f3n\u201d.<\/p>\n\n\n\n<p>Ter no Concello os informes sectoriais para entrar xa na recta final da tramitaci\u00f3n \u201c\u00e9 un gran avance xa que sup\u00f3n que no primeiro trimestre do ano pode facerse a aprobaci\u00f3n inicial, e logo da tramitaci\u00f3n final en 2024 Redondela poder\u00e1 ter por fin o seu novo PXOM\u201d, concl\u00fae Rivas.<\/p>\n","protected":false},"excerpt":{"rendered":"<div class=\"mh-excerpt\"><p>O Concello de Redondela levar\u00e1 o seu Plan Xeral de Ordenaci\u00f3n Municipal para a aprobaci\u00f3n inicial no pleno no primeiro trimestre de 2024 <a class=\"mh-excerpt-more\" href=\"https:\/\/www.anovapeneira.gal\/index.php\/2023\/12\/28\/o-concello-de-redondela-aprobara-o-pxom-en-2024\/\" title=\"O Concello de Redondela aprobar\u00e1 o PXOM en 2024\">[&#8230;]<\/a><\/p>\n<\/div>","protected":false},"author":3,"featured_media":10976,"comment_status":"open","ping_status":"open","sticky":false,"template":"","format":"standard","meta":{"_exactmetrics_skip_tracking":false,"_exactmetrics_sitenote_active":false,"_exactmetrics_sitenote_note":"","_exactmetrics_sitenote_category":0,"footnotes":""},"categories":[24],"tags":[171],"class_list":{"0":"post-10974","1":"post","2":"type-post","3":"status-publish","4":"format-standard","5":"has-post-thumbnail","7":"category-redondela","8":"tag-concello-de-redondela"},"yoast_head":"<!-- This site is optimized with the Yoast SEO plugin v27.4 - https:\/\/yoast.com\/product\/yoast-seo-wordpress\/ -->\n<title>O Concello de Redondela aprobar\u00e1 o PXOM en 2024 -<\/title>\n<meta name=\"description\" content=\"O Concello de Redondela levar\u00e1 o seu Plan Xeral de Ordenaci\u00f3n Municipal para a aprobaci\u00f3n inicial no pleno no primeiro trimestre de 2024\" \/>\n<meta name=\"robots\" content=\"index, follow, max-snippet:-1, max-image-preview:large, max-video-preview:-1\" \/>\n<link rel=\"canonical\" href=\"https:\/\/www.anovapeneira.gal\/index.php\/2023\/12\/28\/o-concello-de-redondela-aprobara-o-pxom-en-2024\/\" \/>\n<meta property=\"og:locale\" content=\"gl_ES\" \/>\n<meta property=\"og:type\" content=\"article\" \/>\n<meta property=\"og:title\" content=\"O Concello de Redondela aprobar\u00e1 o PXOM en 2024 -\" \/>\n<meta property=\"og:description\" content=\"O Concello de Redondela levar\u00e1 o seu Plan Xeral de Ordenaci\u00f3n Municipal para a aprobaci\u00f3n inicial no pleno no primeiro trimestre de 2024\" \/>\n<meta property=\"og:url\" content=\"https:\/\/www.anovapeneira.gal\/index.php\/2023\/12\/28\/o-concello-de-redondela-aprobara-o-pxom-en-2024\/\" \/>\n<meta property=\"article:publisher\" content=\"https:\/\/www.facebook.com\/anovapeneira\" \/>\n<meta property=\"article:published_time\" content=\"2023-12-28T09:00:24+00:00\" \/>\n<meta property=\"og:image\" content=\"https:\/\/www.anovapeneira.gal\/wp-content\/uploads\/2023\/12\/Pleno_redondela.png\" \/>\n\t<meta property=\"og:image:width\" content=\"720\" \/>\n\t<meta property=\"og:image:height\" content=\"432\" \/>\n\t<meta property=\"og:image:type\" content=\"image\/png\" \/>\n<meta name=\"author\" content=\"Redacci\u00f3n A Nova Peneira\" \/>\n<meta name=\"twitter:card\" content=\"summary_large_image\" \/>\n<meta name=\"twitter:creator\" content=\"@APeneira\" \/>\n<meta name=\"twitter:site\" content=\"@APeneira\" \/>\n<meta name=\"twitter:label1\" content=\"Escrito por\" \/>\n\t<meta name=\"twitter:data1\" content=\"Redacci\u00f3n A Nova Peneira\" \/>\n\t<meta name=\"twitter:label2\" content=\"Tempo de lectura\" \/>\n\t<meta name=\"twitter:data2\" content=\"3 minutos\" \/>\n<script type=\"application\/ld+json\" class=\"yoast-schema-graph\">{\"@context\":\"https:\\\/\\\/schema.org\",\"@graph\":[{\"@type\":\"Article\",\"@id\":\"https:\\\/\\\/www.anovapeneira.gal\\\/index.php\\\/2023\\\/12\\\/28\\\/o-concello-de-redondela-aprobara-o-pxom-en-2024\\\/#article\",\"isPartOf\":{\"@id\":\"https:\\\/\\\/www.anovapeneira.gal\\\/index.php\\\/2023\\\/12\\\/28\\\/o-concello-de-redondela-aprobara-o-pxom-en-2024\\\/\"},\"author\":{\"name\":\"Redacci\u00f3n A Nova Peneira\",\"@id\":\"https:\\\/\\\/www.anovapeneira.gal\\\/#\\\/schema\\\/person\\\/b93e3f8932e3f8da96334607eb6ac6aa\"},\"headline\":\"O Concello de Redondela aprobar\u00e1 o PXOM en 2024\",\"datePublished\":\"2023-12-28T09:00:24+00:00\",\"mainEntityOfPage\":{\"@id\":\"https:\\\/\\\/www.anovapeneira.gal\\\/index.php\\\/2023\\\/12\\\/28\\\/o-concello-de-redondela-aprobara-o-pxom-en-2024\\\/\"},\"wordCount\":498,\"commentCount\":0,\"publisher\":{\"@id\":\"https:\\\/\\\/www.anovapeneira.gal\\\/#organization\"},\"image\":{\"@id\":\"https:\\\/\\\/www.anovapeneira.gal\\\/index.php\\\/2023\\\/12\\\/28\\\/o-concello-de-redondela-aprobara-o-pxom-en-2024\\\/#primaryimage\"},\"thumbnailUrl\":\"https:\\\/\\\/www.anovapeneira.gal\\\/wp-content\\\/uploads\\\/2023\\\/12\\\/Pleno_redondela.png\",\"keywords\":[\"Concello de Redondela\"],\"articleSection\":[\"Redondela\"],\"inLanguage\":\"gl-ES\",\"potentialAction\":[{\"@type\":\"CommentAction\",\"name\":\"Comment\",\"target\":[\"https:\\\/\\\/www.anovapeneira.gal\\\/index.php\\\/2023\\\/12\\\/28\\\/o-concello-de-redondela-aprobara-o-pxom-en-2024\\\/#respond\"]}]},{\"@type\":\"WebPage\",\"@id\":\"https:\\\/\\\/www.anovapeneira.gal\\\/index.php\\\/2023\\\/12\\\/28\\\/o-concello-de-redondela-aprobara-o-pxom-en-2024\\\/\",\"url\":\"https:\\\/\\\/www.anovapeneira.gal\\\/index.php\\\/2023\\\/12\\\/28\\\/o-concello-de-redondela-aprobara-o-pxom-en-2024\\\/\",\"name\":\"O Concello de Redondela aprobar\u00e1 o PXOM en 2024 -\",\"isPartOf\":{\"@id\":\"https:\\\/\\\/www.anovapeneira.gal\\\/#website\"},\"primaryImageOfPage\":{\"@id\":\"https:\\\/\\\/www.anovapeneira.gal\\\/index.php\\\/2023\\\/12\\\/28\\\/o-concello-de-redondela-aprobara-o-pxom-en-2024\\\/#primaryimage\"},\"image\":{\"@id\":\"https:\\\/\\\/www.anovapeneira.gal\\\/index.php\\\/2023\\\/12\\\/28\\\/o-concello-de-redondela-aprobara-o-pxom-en-2024\\\/#primaryimage\"},\"thumbnailUrl\":\"https:\\\/\\\/www.anovapeneira.gal\\\/wp-content\\\/uploads\\\/2023\\\/12\\\/Pleno_redondela.png\",\"datePublished\":\"2023-12-28T09:00:24+00:00\",\"description\":\"O Concello de Redondela levar\u00e1 o seu Plan Xeral de Ordenaci\u00f3n Municipal para a aprobaci\u00f3n inicial no pleno no primeiro trimestre de 2024\",\"breadcrumb\":{\"@id\":\"https:\\\/\\\/www.anovapeneira.gal\\\/index.php\\\/2023\\\/12\\\/28\\\/o-concello-de-redondela-aprobara-o-pxom-en-2024\\\/#breadcrumb\"},\"inLanguage\":\"gl-ES\",\"potentialAction\":[{\"@type\":\"ReadAction\",\"target\":[\"https:\\\/\\\/www.anovapeneira.gal\\\/index.php\\\/2023\\\/12\\\/28\\\/o-concello-de-redondela-aprobara-o-pxom-en-2024\\\/\"]}]},{\"@type\":\"ImageObject\",\"inLanguage\":\"gl-ES\",\"@id\":\"https:\\\/\\\/www.anovapeneira.gal\\\/index.php\\\/2023\\\/12\\\/28\\\/o-concello-de-redondela-aprobara-o-pxom-en-2024\\\/#primaryimage\",\"url\":\"https:\\\/\\\/www.anovapeneira.gal\\\/wp-content\\\/uploads\\\/2023\\\/12\\\/Pleno_redondela.png\",\"contentUrl\":\"https:\\\/\\\/www.anovapeneira.gal\\\/wp-content\\\/uploads\\\/2023\\\/12\\\/Pleno_redondela.png\",\"width\":720,\"height\":432,\"caption\":\"O Concello de Redondela aprobar\u00e1 o PXOM en 2024\"},{\"@type\":\"BreadcrumbList\",\"@id\":\"https:\\\/\\\/www.anovapeneira.gal\\\/index.php\\\/2023\\\/12\\\/28\\\/o-concello-de-redondela-aprobara-o-pxom-en-2024\\\/#breadcrumb\",\"itemListElement\":[{\"@type\":\"ListItem\",\"position\":1,\"name\":\"Portada\",\"item\":\"https:\\\/\\\/www.anovapeneira.gal\\\/\"},{\"@type\":\"ListItem\",\"position\":2,\"name\":\"O Concello de Redondela aprobar\u00e1 o PXOM en 2024\"}]},{\"@type\":\"WebSite\",\"@id\":\"https:\\\/\\\/www.anovapeneira.gal\\\/#website\",\"url\":\"https:\\\/\\\/www.anovapeneira.gal\\\/\",\"name\":\"\",\"description\":\"Xornal galego de informaci\u00f3n xeral Publicaci\u00f3n mensual de novas de Galicia e en especial dos Concellos da sur da provincia de Pontevedra.\",\"publisher\":{\"@id\":\"https:\\\/\\\/www.anovapeneira.gal\\\/#organization\"},\"potentialAction\":[{\"@type\":\"SearchAction\",\"target\":{\"@type\":\"EntryPoint\",\"urlTemplate\":\"https:\\\/\\\/www.anovapeneira.gal\\\/?s={search_term_string}\"},\"query-input\":{\"@type\":\"PropertyValueSpecification\",\"valueRequired\":true,\"valueName\":\"search_term_string\"}}],\"inLanguage\":\"gl-ES\"},{\"@type\":\"Organization\",\"@id\":\"https:\\\/\\\/www.anovapeneira.gal\\\/#organization\",\"name\":\"A Nova Peneira\",\"url\":\"https:\\\/\\\/www.anovapeneira.gal\\\/\",\"logo\":{\"@type\":\"ImageObject\",\"inLanguage\":\"gl-ES\",\"@id\":\"https:\\\/\\\/www.anovapeneira.gal\\\/#\\\/schema\\\/logo\\\/image\\\/\",\"url\":\"http:\\\/\\\/www.anovapeneira.gal\\\/wp-content\\\/uploads\\\/2019\\\/06\\\/logo_a_nova_peneira_portal_web.png\",\"contentUrl\":\"http:\\\/\\\/www.anovapeneira.gal\\\/wp-content\\\/uploads\\\/2019\\\/06\\\/logo_a_nova_peneira_portal_web.png\",\"width\":300,\"height\":100,\"caption\":\"A Nova Peneira\"},\"image\":{\"@id\":\"https:\\\/\\\/www.anovapeneira.gal\\\/#\\\/schema\\\/logo\\\/image\\\/\"},\"sameAs\":[\"https:\\\/\\\/www.facebook.com\\\/anovapeneira\",\"https:\\\/\\\/x.com\\\/APeneira\"]},{\"@type\":\"Person\",\"@id\":\"https:\\\/\\\/www.anovapeneira.gal\\\/#\\\/schema\\\/person\\\/b93e3f8932e3f8da96334607eb6ac6aa\",\"name\":\"Redacci\u00f3n A Nova Peneira\",\"image\":{\"@type\":\"ImageObject\",\"inLanguage\":\"gl-ES\",\"@id\":\"https:\\\/\\\/secure.gravatar.com\\\/avatar\\\/c052a2551a06e23fac63626232eaa90abd78dbcf1700fc46a2b2c89fd27b735f?s=96&d=mm&r=g\",\"url\":\"https:\\\/\\\/secure.gravatar.com\\\/avatar\\\/c052a2551a06e23fac63626232eaa90abd78dbcf1700fc46a2b2c89fd27b735f?s=96&d=mm&r=g\",\"contentUrl\":\"https:\\\/\\\/secure.gravatar.com\\\/avatar\\\/c052a2551a06e23fac63626232eaa90abd78dbcf1700fc46a2b2c89fd27b735f?s=96&d=mm&r=g\",\"caption\":\"Redacci\u00f3n A Nova Peneira\"},\"sameAs\":[\"http:\\\/\\\/www.anovapeneira.gal\\\/\"],\"url\":\"https:\\\/\\\/www.anovapeneira.gal\\\/index.php\\\/author\\\/redactor\\\/\"}]}<\/script>\n<!-- \/ Yoast SEO plugin. -->","yoast_head_json":{"title":"O Concello de Redondela aprobar\u00e1 o PXOM en 2024 -","description":"O Concello de Redondela levar\u00e1 o seu Plan Xeral de Ordenaci\u00f3n Municipal para a aprobaci\u00f3n inicial no pleno no primeiro trimestre de 2024","robots":{"index":"index","follow":"follow","max-snippet":"max-snippet:-1","max-image-preview":"max-image-preview:large","max-video-preview":"max-video-preview:-1"},"canonical":"https:\/\/www.anovapeneira.gal\/index.php\/2023\/12\/28\/o-concello-de-redondela-aprobara-o-pxom-en-2024\/","og_locale":"gl_ES","og_type":"article","og_title":"O Concello de Redondela aprobar\u00e1 o PXOM en 2024 -","og_description":"O Concello de Redondela levar\u00e1 o seu Plan Xeral de Ordenaci\u00f3n Municipal para a aprobaci\u00f3n inicial no pleno no primeiro trimestre de 2024","og_url":"https:\/\/www.anovapeneira.gal\/index.php\/2023\/12\/28\/o-concello-de-redondela-aprobara-o-pxom-en-2024\/","article_publisher":"https:\/\/www.facebook.com\/anovapeneira","article_published_time":"2023-12-28T09:00:24+00:00","og_image":[{"width":720,"height":432,"url":"https:\/\/www.anovapeneira.gal\/wp-content\/uploads\/2023\/12\/Pleno_redondela.png","type":"image\/png"}],"author":"Redacci\u00f3n A Nova Peneira","twitter_card":"summary_large_image","twitter_creator":"@APeneira","twitter_site":"@APeneira","twitter_misc":{"Escrito por":"Redacci\u00f3n A Nova Peneira","Tempo de lectura":"3 minutos"},"schema":{"@context":"https:\/\/schema.org","@graph":[{"@type":"Article","@id":"https:\/\/www.anovapeneira.gal\/index.php\/2023\/12\/28\/o-concello-de-redondela-aprobara-o-pxom-en-2024\/#article","isPartOf":{"@id":"https:\/\/www.anovapeneira.gal\/index.php\/2023\/12\/28\/o-concello-de-redondela-aprobara-o-pxom-en-2024\/"},"author":{"name":"Redacci\u00f3n A Nova Peneira","@id":"https:\/\/www.anovapeneira.gal\/#\/schema\/person\/b93e3f8932e3f8da96334607eb6ac6aa"},"headline":"O Concello de Redondela aprobar\u00e1 o PXOM en 2024","datePublished":"2023-12-28T09:00:24+00:00","mainEntityOfPage":{"@id":"https:\/\/www.anovapeneira.gal\/index.php\/2023\/12\/28\/o-concello-de-redondela-aprobara-o-pxom-en-2024\/"},"wordCount":498,"commentCount":0,"publisher":{"@id":"https:\/\/www.anovapeneira.gal\/#organization"},"image":{"@id":"https:\/\/www.anovapeneira.gal\/index.php\/2023\/12\/28\/o-concello-de-redondela-aprobara-o-pxom-en-2024\/#primaryimage"},"thumbnailUrl":"https:\/\/www.anovapeneira.gal\/wp-content\/uploads\/2023\/12\/Pleno_redondela.png","keywords":["Concello de Redondela"],"articleSection":["Redondela"],"inLanguage":"gl-ES","potentialAction":[{"@type":"CommentAction","name":"Comment","target":["https:\/\/www.anovapeneira.gal\/index.php\/2023\/12\/28\/o-concello-de-redondela-aprobara-o-pxom-en-2024\/#respond"]}]},{"@type":"WebPage","@id":"https:\/\/www.anovapeneira.gal\/index.php\/2023\/12\/28\/o-concello-de-redondela-aprobara-o-pxom-en-2024\/","url":"https:\/\/www.anovapeneira.gal\/index.php\/2023\/12\/28\/o-concello-de-redondela-aprobara-o-pxom-en-2024\/","name":"O Concello de Redondela aprobar\u00e1 o PXOM en 2024 -","isPartOf":{"@id":"https:\/\/www.anovapeneira.gal\/#website"},"primaryImageOfPage":{"@id":"https:\/\/www.anovapeneira.gal\/index.php\/2023\/12\/28\/o-concello-de-redondela-aprobara-o-pxom-en-2024\/#primaryimage"},"image":{"@id":"https:\/\/www.anovapeneira.gal\/index.php\/2023\/12\/28\/o-concello-de-redondela-aprobara-o-pxom-en-2024\/#primaryimage"},"thumbnailUrl":"https:\/\/www.anovapeneira.gal\/wp-content\/uploads\/2023\/12\/Pleno_redondela.png","datePublished":"2023-12-28T09:00:24+00:00","description":"O Concello de Redondela levar\u00e1 o seu Plan Xeral de Ordenaci\u00f3n Municipal para a aprobaci\u00f3n inicial no pleno no primeiro trimestre de 2024","breadcrumb":{"@id":"https:\/\/www.anovapeneira.gal\/index.php\/2023\/12\/28\/o-concello-de-redondela-aprobara-o-pxom-en-2024\/#breadcrumb"},"inLanguage":"gl-ES","potentialAction":[{"@type":"ReadAction","target":["https:\/\/www.anovapeneira.gal\/index.php\/2023\/12\/28\/o-concello-de-redondela-aprobara-o-pxom-en-2024\/"]}]},{"@type":"ImageObject","inLanguage":"gl-ES","@id":"https:\/\/www.anovapeneira.gal\/index.php\/2023\/12\/28\/o-concello-de-redondela-aprobara-o-pxom-en-2024\/#primaryimage","url":"https:\/\/www.anovapeneira.gal\/wp-content\/uploads\/2023\/12\/Pleno_redondela.png","contentUrl":"https:\/\/www.anovapeneira.gal\/wp-content\/uploads\/2023\/12\/Pleno_redondela.png","width":720,"height":432,"caption":"O Concello de Redondela aprobar\u00e1 o PXOM en 2024"},{"@type":"BreadcrumbList","@id":"https:\/\/www.anovapeneira.gal\/index.php\/2023\/12\/28\/o-concello-de-redondela-aprobara-o-pxom-en-2024\/#breadcrumb","itemListElement":[{"@type":"ListItem","position":1,"name":"Portada","item":"https:\/\/www.anovapeneira.gal\/"},{"@type":"ListItem","position":2,"name":"O Concello de Redondela aprobar\u00e1 o PXOM en 2024"}]},{"@type":"WebSite","@id":"https:\/\/www.anovapeneira.gal\/#website","url":"https:\/\/www.anovapeneira.gal\/","name":"","description":"Xornal galego de informaci\u00f3n xeral Publicaci\u00f3n mensual de novas de Galicia e en especial dos Concellos da sur da provincia de Pontevedra.","publisher":{"@id":"https:\/\/www.anovapeneira.gal\/#organization"},"potentialAction":[{"@type":"SearchAction","target":{"@type":"EntryPoint","urlTemplate":"https:\/\/www.anovapeneira.gal\/?s={search_term_string}"},"query-input":{"@type":"PropertyValueSpecification","valueRequired":true,"valueName":"search_term_string"}}],"inLanguage":"gl-ES"},{"@type":"Organization","@id":"https:\/\/www.anovapeneira.gal\/#organization","name":"A Nova Peneira","url":"https:\/\/www.anovapeneira.gal\/","logo":{"@type":"ImageObject","inLanguage":"gl-ES","@id":"https:\/\/www.anovapeneira.gal\/#\/schema\/logo\/image\/","url":"http:\/\/www.anovapeneira.gal\/wp-content\/uploads\/2019\/06\/logo_a_nova_peneira_portal_web.png","contentUrl":"http:\/\/www.anovapeneira.gal\/wp-content\/uploads\/2019\/06\/logo_a_nova_peneira_portal_web.png","width":300,"height":100,"caption":"A Nova Peneira"},"image":{"@id":"https:\/\/www.anovapeneira.gal\/#\/schema\/logo\/image\/"},"sameAs":["https:\/\/www.facebook.com\/anovapeneira","https:\/\/x.com\/APeneira"]},{"@type":"Person","@id":"https:\/\/www.anovapeneira.gal\/#\/schema\/person\/b93e3f8932e3f8da96334607eb6ac6aa","name":"Redacci\u00f3n A Nova Peneira","image":{"@type":"ImageObject","inLanguage":"gl-ES","@id":"https:\/\/secure.gravatar.com\/avatar\/c052a2551a06e23fac63626232eaa90abd78dbcf1700fc46a2b2c89fd27b735f?s=96&d=mm&r=g","url":"https:\/\/secure.gravatar.com\/avatar\/c052a2551a06e23fac63626232eaa90abd78dbcf1700fc46a2b2c89fd27b735f?s=96&d=mm&r=g","contentUrl":"https:\/\/secure.gravatar.com\/avatar\/c052a2551a06e23fac63626232eaa90abd78dbcf1700fc46a2b2c89fd27b735f?s=96&d=mm&r=g","caption":"Redacci\u00f3n A Nova Peneira"},"sameAs":["http:\/\/www.anovapeneira.gal\/"],"url":"https:\/\/www.anovapeneira.gal\/index.php\/author\/redactor\/"}]}},"jetpack_featured_media_url":"https:\/\/www.anovapeneira.gal\/wp-content\/uploads\/2023\/12\/Pleno_redondela.png","_links":{"self":[{"href":"https:\/\/www.anovapeneira.gal\/index.php\/wp-json\/wp\/v2\/posts\/10974","targetHints":{"allow":["GET"]}}],"collection":[{"href":"https:\/\/www.anovapeneira.gal\/index.php\/wp-json\/wp\/v2\/posts"}],"about":[{"href":"https:\/\/www.anovapeneira.gal\/index.php\/wp-json\/wp\/v2\/types\/post"}],"author":[{"embeddable":true,"href":"https:\/\/www.anovapeneira.gal\/index.php\/wp-json\/wp\/v2\/users\/3"}],"replies":[{"embeddable":true,"href":"https:\/\/www.anovapeneira.gal\/index.php\/wp-json\/wp\/v2\/comments?post=10974"}],"version-history":[{"count":1,"href":"https:\/\/www.anovapeneira.gal\/index.php\/wp-json\/wp\/v2\/posts\/10974\/revisions"}],"predecessor-version":[{"id":10975,"href":"https:\/\/www.anovapeneira.gal\/index.php\/wp-json\/wp\/v2\/posts\/10974\/revisions\/10975"}],"wp:featuredmedia":[{"embeddable":true,"href":"https:\/\/www.anovapeneira.gal\/index.php\/wp-json\/wp\/v2\/media\/10976"}],"wp:attachment":[{"href":"https:\/\/www.anovapeneira.gal\/index.php\/wp-json\/wp\/v2\/media?parent=10974"}],"wp:term":[{"taxonomy":"category","embeddable":true,"href":"https:\/\/www.anovapeneira.gal\/index.php\/wp-json\/wp\/v2\/categories?post=10974"},{"taxonomy":"post_tag","embeddable":true,"href":"https:\/\/www.anovapeneira.gal\/index.php\/wp-json\/wp\/v2\/tags?post=10974"}],"curies":[{"name":"wp","href":"https:\/\/api.w.org\/{rel}","templated":true}]}}