{"id":10992,"date":"2024-01-02T10:00:00","date_gmt":"2024-01-02T09:00:00","guid":{"rendered":"https:\/\/www.anovapeneira.gal\/?p=10992"},"modified":"2023-12-28T10:55:29","modified_gmt":"2023-12-28T09:55:29","slug":"o-bng-avanza-unha-campana-buscando-a-mobilizacion-e-a-concentracion-do-voto-en-ana-ponton-como-garantia-de-cambio","status":"publish","type":"post","link":"https:\/\/www.anovapeneira.gal\/index.php\/2024\/01\/02\/o-bng-avanza-unha-campana-buscando-a-mobilizacion-e-a-concentracion-do-voto-en-ana-ponton-como-garantia-de-cambio\/","title":{"rendered":"O BNG avanza unha campa\u00f1a buscando a mobilizaci\u00f3n e a concentraci\u00f3n do voto en Ana Pont\u00f3n como garant\u00eda de cambio"},"content":{"rendered":"\n<h2 class=\"wp-block-heading\"><strong>Cela dirixir\u00e1 unha campa\u00f1a intensa, positiva e ilusionante cara \u00e1s elecci\u00f3ns do 18F co obxectivo de facer historia cunha presidenta do Bloque<\/strong><\/h2>\n\n\n\n<p><strong>Santiago de Compostela, 27 de decembro 2023<\/strong><\/p>\n\n\n\n<p>A Executiva nacional do BNG, en reuni\u00f3n extraordinaria, aprobou o dese\u00f1o global de campa\u00f1a para o 18 de febreiro que estar\u00e1 coordinada por Rub\u00e9n Cela, unha cita coas urnas que non pillou por sorpresa \u00e1 formaci\u00f3n nacionalista sen\u00f3n traballando, cos deberes feitos e con todo a punto para as elecci\u00f3ns m\u00e1is abertas dos \u00faltimos catorce anos.<\/p>\n\n\n\n<p>A campa\u00f1a, explicou Cela, \u201cser\u00e1 intensa, en positivo e ilusionante desde a confianza de que o cambio \u00e9 posible e ter\u00e1 como obxectivo central a mobilizaci\u00f3n da sociedade porque a clave est\u00e1 en lograr a mobilizaci\u00f3n de todas as persoas que queren cambio\u201d. Xusto o contrario do que persegue o PP, \u201cque non quere unha sociedade galega mobilizada e por iso non \u00e9 casual que convocase facendo coincidir unha parte da precampa\u00f1a coas vacaci\u00f3ns do Nadal e unha parte da propia campa\u00f1a coas festas do entroido\u201d, alegou.<\/p>\n\n\n\n<p>Sen embargo, o BNG augura o fracaso desa estratexia do Partido Popular porque vai haber unha gran mobilizaci\u00f3n social e ese \u00e9 o obxectivo do Bloque, insistiu o director de campa\u00f1a. \u201cPrimeiro porque nunha democracia sempre \u00e9 positivo a participaci\u00f3n e, segundo, porque se todas as persoas que queren cambio se mobilizan nas urnas o 18F ese cambio ser\u00e1 imparable\u201d, alegou Cela, facendo un chamamento a \u201cconcentrar\u201d o voto do cambio na candidatura que lidera Ana Pont\u00f3n.<\/p>\n\n\n\n<p>\u201cEncaramos este proceso co m\u00e1ximo entusiasmo, convencidos e convencidas de que vai darse un resultado hist\u00f3rico que lle dar\u00e1 a Galiza a primeira presidenta dun goberno liderado polo BNG, pensado por e para Galiza sen ning\u00fan tipo de atadura e ao servizo da maior\u00eda da sociedade galega\u201d, subli\u00f1ou Rub\u00e9n Cela, quen augurou que esta ser\u00e1 \u201ca campa\u00f1a m\u00e1is intensa do Bloque, en actos, en mobilizaci\u00f3n, deixando claro que o cambio non s\u00f3 \u00e9 posible sen\u00f3n necesario\u201d.<\/p>\n\n\n\n<p>Dentro do proceso electoral, a formaci\u00f3n nacionalista celebra este s\u00e1bado o Consello Nacional para po\u00f1er en marcha a elaboraci\u00f3n das candidaturas, nun proceso aberto, desde a base, coa participaci\u00f3n de toda a militancia a trav\u00e9s das asembleas comarcais, democr\u00e1tico e transparente, \u201cno BNG nunca tivo cabida ning\u00fan tipo de <em>dedocracia<\/em>\u201d, sintetizou Rub\u00e9n Cela.<\/p>\n\n\n\n<p>\u201cSaimos a por todas porque estamos absolutamente convencidos e convencidas de que o cambio \u00e9 posible\u201d, subli\u00f1ou o director de campa\u00f1a, quen destacou que a elaboraci\u00f3n do programa electoral, xa moi avanzado, est\u00e1 sendo coordinado por Olalla Rodil e Lu\u00eds Bar\u00e1, parlamentarios de ampla traxectoria e experiencia. Na direcci\u00f3n de campa\u00f1a, Cela estar\u00e1 acompa\u00f1ado pola responsable de organizaci\u00f3n, Luc\u00eda L\u00f3pez.<\/p>\n","protected":false},"excerpt":{"rendered":"<div class=\"mh-excerpt\"><p>Cela dirixir\u00e1 unha campa\u00f1a intensa, positiva e ilusionante cara \u00e1s elecci\u00f3ns do 18F co obxectivo de facer historia cunha presidenta do Bloque <a class=\"mh-excerpt-more\" href=\"https:\/\/www.anovapeneira.gal\/index.php\/2024\/01\/02\/o-bng-avanza-unha-campana-buscando-a-mobilizacion-e-a-concentracion-do-voto-en-ana-ponton-como-garantia-de-cambio\/\" title=\"O BNG avanza unha campa\u00f1a buscando a mobilizaci\u00f3n e a concentraci\u00f3n do voto en Ana Pont\u00f3n como garant\u00eda de cambio\">[&#8230;]<\/a><\/p>\n<\/div>","protected":false},"author":3,"featured_media":10993,"comment_status":"open","ping_status":"open","sticky":false,"template":"","format":"standard","meta":{"_exactmetrics_skip_tracking":false,"_exactmetrics_sitenote_active":false,"_exactmetrics_sitenote_note":"","_exactmetrics_sitenote_category":0,"footnotes":""},"categories":[1],"tags":[10],"class_list":{"0":"post-10992","1":"post","2":"type-post","3":"status-publish","4":"format-standard","5":"has-post-thumbnail","7":"category-sin-categoria","8":"tag-bng"},"yoast_head":"<!-- This site is optimized with the Yoast SEO plugin v27.4 - https:\/\/yoast.com\/product\/yoast-seo-wordpress\/ -->\n<title>O BNG avanza unha campa\u00f1a buscando a mobilizaci\u00f3n e a concentraci\u00f3n do voto en Ana Pont\u00f3n como garant\u00eda de cambio -<\/title>\n<meta name=\"description\" content=\"Cela dirixir\u00e1 unha campa\u00f1a intensa, positiva e ilusionante cara \u00e1s elecci\u00f3ns do 18F co obxectivo de facer historia cunha presidenta do Bloque\" \/>\n<meta name=\"robots\" content=\"index, follow, max-snippet:-1, max-image-preview:large, max-video-preview:-1\" \/>\n<link rel=\"canonical\" href=\"https:\/\/www.anovapeneira.gal\/index.php\/2024\/01\/02\/o-bng-avanza-unha-campana-buscando-a-mobilizacion-e-a-concentracion-do-voto-en-ana-ponton-como-garantia-de-cambio\/\" \/>\n<meta property=\"og:locale\" content=\"gl_ES\" \/>\n<meta property=\"og:type\" content=\"article\" \/>\n<meta property=\"og:title\" content=\"O BNG avanza unha campa\u00f1a buscando a mobilizaci\u00f3n e a concentraci\u00f3n do voto en Ana Pont\u00f3n como garant\u00eda de cambio -\" \/>\n<meta property=\"og:description\" content=\"Cela dirixir\u00e1 unha campa\u00f1a intensa, positiva e ilusionante cara \u00e1s elecci\u00f3ns do 18F co obxectivo de facer historia cunha presidenta do Bloque\" \/>\n<meta property=\"og:url\" content=\"https:\/\/www.anovapeneira.gal\/index.php\/2024\/01\/02\/o-bng-avanza-unha-campana-buscando-a-mobilizacion-e-a-concentracion-do-voto-en-ana-ponton-como-garantia-de-cambio\/\" \/>\n<meta property=\"article:publisher\" content=\"https:\/\/www.facebook.com\/anovapeneira\" \/>\n<meta property=\"article:published_time\" content=\"2024-01-02T09:00:00+00:00\" \/>\n<meta property=\"og:image\" content=\"https:\/\/www.anovapeneira.gal\/wp-content\/uploads\/2023\/12\/NACIONAL_BNG_27D_3.jpg\" \/>\n\t<meta property=\"og:image:width\" content=\"720\" \/>\n\t<meta property=\"og:image:height\" content=\"432\" \/>\n\t<meta property=\"og:image:type\" content=\"image\/jpeg\" \/>\n<meta name=\"author\" content=\"Redacci\u00f3n A Nova Peneira\" \/>\n<meta name=\"twitter:card\" content=\"summary_large_image\" \/>\n<meta name=\"twitter:creator\" content=\"@APeneira\" \/>\n<meta name=\"twitter:site\" content=\"@APeneira\" \/>\n<meta name=\"twitter:label1\" content=\"Escrito por\" \/>\n\t<meta name=\"twitter:data1\" content=\"Redacci\u00f3n A Nova Peneira\" \/>\n\t<meta name=\"twitter:label2\" content=\"Tempo de lectura\" \/>\n\t<meta name=\"twitter:data2\" content=\"3 minutos\" \/>\n<script type=\"application\/ld+json\" class=\"yoast-schema-graph\">{\"@context\":\"https:\\\/\\\/schema.org\",\"@graph\":[{\"@type\":\"Article\",\"@id\":\"https:\\\/\\\/www.anovapeneira.gal\\\/index.php\\\/2024\\\/01\\\/02\\\/o-bng-avanza-unha-campana-buscando-a-mobilizacion-e-a-concentracion-do-voto-en-ana-ponton-como-garantia-de-cambio\\\/#article\",\"isPartOf\":{\"@id\":\"https:\\\/\\\/www.anovapeneira.gal\\\/index.php\\\/2024\\\/01\\\/02\\\/o-bng-avanza-unha-campana-buscando-a-mobilizacion-e-a-concentracion-do-voto-en-ana-ponton-como-garantia-de-cambio\\\/\"},\"author\":{\"name\":\"Redacci\u00f3n A Nova Peneira\",\"@id\":\"https:\\\/\\\/www.anovapeneira.gal\\\/#\\\/schema\\\/person\\\/b93e3f8932e3f8da96334607eb6ac6aa\"},\"headline\":\"O BNG avanza unha campa\u00f1a buscando a mobilizaci\u00f3n e a concentraci\u00f3n do voto en Ana Pont\u00f3n como garant\u00eda de cambio\",\"datePublished\":\"2024-01-02T09:00:00+00:00\",\"mainEntityOfPage\":{\"@id\":\"https:\\\/\\\/www.anovapeneira.gal\\\/index.php\\\/2024\\\/01\\\/02\\\/o-bng-avanza-unha-campana-buscando-a-mobilizacion-e-a-concentracion-do-voto-en-ana-ponton-como-garantia-de-cambio\\\/\"},\"wordCount\":502,\"commentCount\":0,\"publisher\":{\"@id\":\"https:\\\/\\\/www.anovapeneira.gal\\\/#organization\"},\"image\":{\"@id\":\"https:\\\/\\\/www.anovapeneira.gal\\\/index.php\\\/2024\\\/01\\\/02\\\/o-bng-avanza-unha-campana-buscando-a-mobilizacion-e-a-concentracion-do-voto-en-ana-ponton-como-garantia-de-cambio\\\/#primaryimage\"},\"thumbnailUrl\":\"https:\\\/\\\/www.anovapeneira.gal\\\/wp-content\\\/uploads\\\/2023\\\/12\\\/NACIONAL_BNG_27D_3.jpg\",\"keywords\":[\"BNG\"],\"articleSection\":[\"Sin categor\u00eda\"],\"inLanguage\":\"gl-ES\",\"potentialAction\":[{\"@type\":\"CommentAction\",\"name\":\"Comment\",\"target\":[\"https:\\\/\\\/www.anovapeneira.gal\\\/index.php\\\/2024\\\/01\\\/02\\\/o-bng-avanza-unha-campana-buscando-a-mobilizacion-e-a-concentracion-do-voto-en-ana-ponton-como-garantia-de-cambio\\\/#respond\"]}]},{\"@type\":\"WebPage\",\"@id\":\"https:\\\/\\\/www.anovapeneira.gal\\\/index.php\\\/2024\\\/01\\\/02\\\/o-bng-avanza-unha-campana-buscando-a-mobilizacion-e-a-concentracion-do-voto-en-ana-ponton-como-garantia-de-cambio\\\/\",\"url\":\"https:\\\/\\\/www.anovapeneira.gal\\\/index.php\\\/2024\\\/01\\\/02\\\/o-bng-avanza-unha-campana-buscando-a-mobilizacion-e-a-concentracion-do-voto-en-ana-ponton-como-garantia-de-cambio\\\/\",\"name\":\"O BNG avanza unha campa\u00f1a buscando a mobilizaci\u00f3n e a concentraci\u00f3n do voto en Ana Pont\u00f3n como garant\u00eda de cambio -\",\"isPartOf\":{\"@id\":\"https:\\\/\\\/www.anovapeneira.gal\\\/#website\"},\"primaryImageOfPage\":{\"@id\":\"https:\\\/\\\/www.anovapeneira.gal\\\/index.php\\\/2024\\\/01\\\/02\\\/o-bng-avanza-unha-campana-buscando-a-mobilizacion-e-a-concentracion-do-voto-en-ana-ponton-como-garantia-de-cambio\\\/#primaryimage\"},\"image\":{\"@id\":\"https:\\\/\\\/www.anovapeneira.gal\\\/index.php\\\/2024\\\/01\\\/02\\\/o-bng-avanza-unha-campana-buscando-a-mobilizacion-e-a-concentracion-do-voto-en-ana-ponton-como-garantia-de-cambio\\\/#primaryimage\"},\"thumbnailUrl\":\"https:\\\/\\\/www.anovapeneira.gal\\\/wp-content\\\/uploads\\\/2023\\\/12\\\/NACIONAL_BNG_27D_3.jpg\",\"datePublished\":\"2024-01-02T09:00:00+00:00\",\"description\":\"Cela dirixir\u00e1 unha campa\u00f1a intensa, positiva e ilusionante cara \u00e1s elecci\u00f3ns do 18F co obxectivo de facer historia cunha presidenta do Bloque\",\"breadcrumb\":{\"@id\":\"https:\\\/\\\/www.anovapeneira.gal\\\/index.php\\\/2024\\\/01\\\/02\\\/o-bng-avanza-unha-campana-buscando-a-mobilizacion-e-a-concentracion-do-voto-en-ana-ponton-como-garantia-de-cambio\\\/#breadcrumb\"},\"inLanguage\":\"gl-ES\",\"potentialAction\":[{\"@type\":\"ReadAction\",\"target\":[\"https:\\\/\\\/www.anovapeneira.gal\\\/index.php\\\/2024\\\/01\\\/02\\\/o-bng-avanza-unha-campana-buscando-a-mobilizacion-e-a-concentracion-do-voto-en-ana-ponton-como-garantia-de-cambio\\\/\"]}]},{\"@type\":\"ImageObject\",\"inLanguage\":\"gl-ES\",\"@id\":\"https:\\\/\\\/www.anovapeneira.gal\\\/index.php\\\/2024\\\/01\\\/02\\\/o-bng-avanza-unha-campana-buscando-a-mobilizacion-e-a-concentracion-do-voto-en-ana-ponton-como-garantia-de-cambio\\\/#primaryimage\",\"url\":\"https:\\\/\\\/www.anovapeneira.gal\\\/wp-content\\\/uploads\\\/2023\\\/12\\\/NACIONAL_BNG_27D_3.jpg\",\"contentUrl\":\"https:\\\/\\\/www.anovapeneira.gal\\\/wp-content\\\/uploads\\\/2023\\\/12\\\/NACIONAL_BNG_27D_3.jpg\",\"width\":720,\"height\":432,\"caption\":\"O BNG avanza unha campa\u00f1a buscando a mobilizaci\u00f3n e a concentraci\u00f3n do voto en Ana Pont\u00f3n como garant\u00eda de cambio\"},{\"@type\":\"BreadcrumbList\",\"@id\":\"https:\\\/\\\/www.anovapeneira.gal\\\/index.php\\\/2024\\\/01\\\/02\\\/o-bng-avanza-unha-campana-buscando-a-mobilizacion-e-a-concentracion-do-voto-en-ana-ponton-como-garantia-de-cambio\\\/#breadcrumb\",\"itemListElement\":[{\"@type\":\"ListItem\",\"position\":1,\"name\":\"Portada\",\"item\":\"https:\\\/\\\/www.anovapeneira.gal\\\/\"},{\"@type\":\"ListItem\",\"position\":2,\"name\":\"O BNG avanza unha campa\u00f1a buscando a mobilizaci\u00f3n e a concentraci\u00f3n do voto en Ana Pont\u00f3n como garant\u00eda de cambio\"}]},{\"@type\":\"WebSite\",\"@id\":\"https:\\\/\\\/www.anovapeneira.gal\\\/#website\",\"url\":\"https:\\\/\\\/www.anovapeneira.gal\\\/\",\"name\":\"\",\"description\":\"Xornal galego de informaci\u00f3n xeral Publicaci\u00f3n mensual de novas de Galicia e en especial dos Concellos da sur da provincia de Pontevedra.\",\"publisher\":{\"@id\":\"https:\\\/\\\/www.anovapeneira.gal\\\/#organization\"},\"potentialAction\":[{\"@type\":\"SearchAction\",\"target\":{\"@type\":\"EntryPoint\",\"urlTemplate\":\"https:\\\/\\\/www.anovapeneira.gal\\\/?s={search_term_string}\"},\"query-input\":{\"@type\":\"PropertyValueSpecification\",\"valueRequired\":true,\"valueName\":\"search_term_string\"}}],\"inLanguage\":\"gl-ES\"},{\"@type\":\"Organization\",\"@id\":\"https:\\\/\\\/www.anovapeneira.gal\\\/#organization\",\"name\":\"A Nova Peneira\",\"url\":\"https:\\\/\\\/www.anovapeneira.gal\\\/\",\"logo\":{\"@type\":\"ImageObject\",\"inLanguage\":\"gl-ES\",\"@id\":\"https:\\\/\\\/www.anovapeneira.gal\\\/#\\\/schema\\\/logo\\\/image\\\/\",\"url\":\"http:\\\/\\\/www.anovapeneira.gal\\\/wp-content\\\/uploads\\\/2019\\\/06\\\/logo_a_nova_peneira_portal_web.png\",\"contentUrl\":\"http:\\\/\\\/www.anovapeneira.gal\\\/wp-content\\\/uploads\\\/2019\\\/06\\\/logo_a_nova_peneira_portal_web.png\",\"width\":300,\"height\":100,\"caption\":\"A Nova Peneira\"},\"image\":{\"@id\":\"https:\\\/\\\/www.anovapeneira.gal\\\/#\\\/schema\\\/logo\\\/image\\\/\"},\"sameAs\":[\"https:\\\/\\\/www.facebook.com\\\/anovapeneira\",\"https:\\\/\\\/x.com\\\/APeneira\"]},{\"@type\":\"Person\",\"@id\":\"https:\\\/\\\/www.anovapeneira.gal\\\/#\\\/schema\\\/person\\\/b93e3f8932e3f8da96334607eb6ac6aa\",\"name\":\"Redacci\u00f3n A Nova Peneira\",\"image\":{\"@type\":\"ImageObject\",\"inLanguage\":\"gl-ES\",\"@id\":\"https:\\\/\\\/secure.gravatar.com\\\/avatar\\\/c052a2551a06e23fac63626232eaa90abd78dbcf1700fc46a2b2c89fd27b735f?s=96&d=mm&r=g\",\"url\":\"https:\\\/\\\/secure.gravatar.com\\\/avatar\\\/c052a2551a06e23fac63626232eaa90abd78dbcf1700fc46a2b2c89fd27b735f?s=96&d=mm&r=g\",\"contentUrl\":\"https:\\\/\\\/secure.gravatar.com\\\/avatar\\\/c052a2551a06e23fac63626232eaa90abd78dbcf1700fc46a2b2c89fd27b735f?s=96&d=mm&r=g\",\"caption\":\"Redacci\u00f3n A Nova Peneira\"},\"sameAs\":[\"http:\\\/\\\/www.anovapeneira.gal\\\/\"],\"url\":\"https:\\\/\\\/www.anovapeneira.gal\\\/index.php\\\/author\\\/redactor\\\/\"}]}<\/script>\n<!-- \/ Yoast SEO plugin. -->","yoast_head_json":{"title":"O BNG avanza unha campa\u00f1a buscando a mobilizaci\u00f3n e a concentraci\u00f3n do voto en Ana Pont\u00f3n como garant\u00eda de cambio -","description":"Cela dirixir\u00e1 unha campa\u00f1a intensa, positiva e ilusionante cara \u00e1s elecci\u00f3ns do 18F co obxectivo de facer historia cunha presidenta do Bloque","robots":{"index":"index","follow":"follow","max-snippet":"max-snippet:-1","max-image-preview":"max-image-preview:large","max-video-preview":"max-video-preview:-1"},"canonical":"https:\/\/www.anovapeneira.gal\/index.php\/2024\/01\/02\/o-bng-avanza-unha-campana-buscando-a-mobilizacion-e-a-concentracion-do-voto-en-ana-ponton-como-garantia-de-cambio\/","og_locale":"gl_ES","og_type":"article","og_title":"O BNG avanza unha campa\u00f1a buscando a mobilizaci\u00f3n e a concentraci\u00f3n do voto en Ana Pont\u00f3n como garant\u00eda de cambio -","og_description":"Cela dirixir\u00e1 unha campa\u00f1a intensa, positiva e ilusionante cara \u00e1s elecci\u00f3ns do 18F co obxectivo de facer historia cunha presidenta do Bloque","og_url":"https:\/\/www.anovapeneira.gal\/index.php\/2024\/01\/02\/o-bng-avanza-unha-campana-buscando-a-mobilizacion-e-a-concentracion-do-voto-en-ana-ponton-como-garantia-de-cambio\/","article_publisher":"https:\/\/www.facebook.com\/anovapeneira","article_published_time":"2024-01-02T09:00:00+00:00","og_image":[{"width":720,"height":432,"url":"https:\/\/www.anovapeneira.gal\/wp-content\/uploads\/2023\/12\/NACIONAL_BNG_27D_3.jpg","type":"image\/jpeg"}],"author":"Redacci\u00f3n A Nova Peneira","twitter_card":"summary_large_image","twitter_creator":"@APeneira","twitter_site":"@APeneira","twitter_misc":{"Escrito por":"Redacci\u00f3n A Nova Peneira","Tempo de lectura":"3 minutos"},"schema":{"@context":"https:\/\/schema.org","@graph":[{"@type":"Article","@id":"https:\/\/www.anovapeneira.gal\/index.php\/2024\/01\/02\/o-bng-avanza-unha-campana-buscando-a-mobilizacion-e-a-concentracion-do-voto-en-ana-ponton-como-garantia-de-cambio\/#article","isPartOf":{"@id":"https:\/\/www.anovapeneira.gal\/index.php\/2024\/01\/02\/o-bng-avanza-unha-campana-buscando-a-mobilizacion-e-a-concentracion-do-voto-en-ana-ponton-como-garantia-de-cambio\/"},"author":{"name":"Redacci\u00f3n A Nova Peneira","@id":"https:\/\/www.anovapeneira.gal\/#\/schema\/person\/b93e3f8932e3f8da96334607eb6ac6aa"},"headline":"O BNG avanza unha campa\u00f1a buscando a mobilizaci\u00f3n e a concentraci\u00f3n do voto en Ana Pont\u00f3n como garant\u00eda de cambio","datePublished":"2024-01-02T09:00:00+00:00","mainEntityOfPage":{"@id":"https:\/\/www.anovapeneira.gal\/index.php\/2024\/01\/02\/o-bng-avanza-unha-campana-buscando-a-mobilizacion-e-a-concentracion-do-voto-en-ana-ponton-como-garantia-de-cambio\/"},"wordCount":502,"commentCount":0,"publisher":{"@id":"https:\/\/www.anovapeneira.gal\/#organization"},"image":{"@id":"https:\/\/www.anovapeneira.gal\/index.php\/2024\/01\/02\/o-bng-avanza-unha-campana-buscando-a-mobilizacion-e-a-concentracion-do-voto-en-ana-ponton-como-garantia-de-cambio\/#primaryimage"},"thumbnailUrl":"https:\/\/www.anovapeneira.gal\/wp-content\/uploads\/2023\/12\/NACIONAL_BNG_27D_3.jpg","keywords":["BNG"],"articleSection":["Sin categor\u00eda"],"inLanguage":"gl-ES","potentialAction":[{"@type":"CommentAction","name":"Comment","target":["https:\/\/www.anovapeneira.gal\/index.php\/2024\/01\/02\/o-bng-avanza-unha-campana-buscando-a-mobilizacion-e-a-concentracion-do-voto-en-ana-ponton-como-garantia-de-cambio\/#respond"]}]},{"@type":"WebPage","@id":"https:\/\/www.anovapeneira.gal\/index.php\/2024\/01\/02\/o-bng-avanza-unha-campana-buscando-a-mobilizacion-e-a-concentracion-do-voto-en-ana-ponton-como-garantia-de-cambio\/","url":"https:\/\/www.anovapeneira.gal\/index.php\/2024\/01\/02\/o-bng-avanza-unha-campana-buscando-a-mobilizacion-e-a-concentracion-do-voto-en-ana-ponton-como-garantia-de-cambio\/","name":"O BNG avanza unha campa\u00f1a buscando a mobilizaci\u00f3n e a concentraci\u00f3n do voto en Ana Pont\u00f3n como garant\u00eda de cambio -","isPartOf":{"@id":"https:\/\/www.anovapeneira.gal\/#website"},"primaryImageOfPage":{"@id":"https:\/\/www.anovapeneira.gal\/index.php\/2024\/01\/02\/o-bng-avanza-unha-campana-buscando-a-mobilizacion-e-a-concentracion-do-voto-en-ana-ponton-como-garantia-de-cambio\/#primaryimage"},"image":{"@id":"https:\/\/www.anovapeneira.gal\/index.php\/2024\/01\/02\/o-bng-avanza-unha-campana-buscando-a-mobilizacion-e-a-concentracion-do-voto-en-ana-ponton-como-garantia-de-cambio\/#primaryimage"},"thumbnailUrl":"https:\/\/www.anovapeneira.gal\/wp-content\/uploads\/2023\/12\/NACIONAL_BNG_27D_3.jpg","datePublished":"2024-01-02T09:00:00+00:00","description":"Cela dirixir\u00e1 unha campa\u00f1a intensa, positiva e ilusionante cara \u00e1s elecci\u00f3ns do 18F co obxectivo de facer historia cunha presidenta do Bloque","breadcrumb":{"@id":"https:\/\/www.anovapeneira.gal\/index.php\/2024\/01\/02\/o-bng-avanza-unha-campana-buscando-a-mobilizacion-e-a-concentracion-do-voto-en-ana-ponton-como-garantia-de-cambio\/#breadcrumb"},"inLanguage":"gl-ES","potentialAction":[{"@type":"ReadAction","target":["https:\/\/www.anovapeneira.gal\/index.php\/2024\/01\/02\/o-bng-avanza-unha-campana-buscando-a-mobilizacion-e-a-concentracion-do-voto-en-ana-ponton-como-garantia-de-cambio\/"]}]},{"@type":"ImageObject","inLanguage":"gl-ES","@id":"https:\/\/www.anovapeneira.gal\/index.php\/2024\/01\/02\/o-bng-avanza-unha-campana-buscando-a-mobilizacion-e-a-concentracion-do-voto-en-ana-ponton-como-garantia-de-cambio\/#primaryimage","url":"https:\/\/www.anovapeneira.gal\/wp-content\/uploads\/2023\/12\/NACIONAL_BNG_27D_3.jpg","contentUrl":"https:\/\/www.anovapeneira.gal\/wp-content\/uploads\/2023\/12\/NACIONAL_BNG_27D_3.jpg","width":720,"height":432,"caption":"O BNG avanza unha campa\u00f1a buscando a mobilizaci\u00f3n e a concentraci\u00f3n do voto en Ana Pont\u00f3n como garant\u00eda de cambio"},{"@type":"BreadcrumbList","@id":"https:\/\/www.anovapeneira.gal\/index.php\/2024\/01\/02\/o-bng-avanza-unha-campana-buscando-a-mobilizacion-e-a-concentracion-do-voto-en-ana-ponton-como-garantia-de-cambio\/#breadcrumb","itemListElement":[{"@type":"ListItem","position":1,"name":"Portada","item":"https:\/\/www.anovapeneira.gal\/"},{"@type":"ListItem","position":2,"name":"O BNG avanza unha campa\u00f1a buscando a mobilizaci\u00f3n e a concentraci\u00f3n do voto en Ana Pont\u00f3n como garant\u00eda de cambio"}]},{"@type":"WebSite","@id":"https:\/\/www.anovapeneira.gal\/#website","url":"https:\/\/www.anovapeneira.gal\/","name":"","description":"Xornal galego de informaci\u00f3n xeral Publicaci\u00f3n mensual de novas de Galicia e en especial dos Concellos da sur da provincia de Pontevedra.","publisher":{"@id":"https:\/\/www.anovapeneira.gal\/#organization"},"potentialAction":[{"@type":"SearchAction","target":{"@type":"EntryPoint","urlTemplate":"https:\/\/www.anovapeneira.gal\/?s={search_term_string}"},"query-input":{"@type":"PropertyValueSpecification","valueRequired":true,"valueName":"search_term_string"}}],"inLanguage":"gl-ES"},{"@type":"Organization","@id":"https:\/\/www.anovapeneira.gal\/#organization","name":"A Nova Peneira","url":"https:\/\/www.anovapeneira.gal\/","logo":{"@type":"ImageObject","inLanguage":"gl-ES","@id":"https:\/\/www.anovapeneira.gal\/#\/schema\/logo\/image\/","url":"http:\/\/www.anovapeneira.gal\/wp-content\/uploads\/2019\/06\/logo_a_nova_peneira_portal_web.png","contentUrl":"http:\/\/www.anovapeneira.gal\/wp-content\/uploads\/2019\/06\/logo_a_nova_peneira_portal_web.png","width":300,"height":100,"caption":"A Nova Peneira"},"image":{"@id":"https:\/\/www.anovapeneira.gal\/#\/schema\/logo\/image\/"},"sameAs":["https:\/\/www.facebook.com\/anovapeneira","https:\/\/x.com\/APeneira"]},{"@type":"Person","@id":"https:\/\/www.anovapeneira.gal\/#\/schema\/person\/b93e3f8932e3f8da96334607eb6ac6aa","name":"Redacci\u00f3n A Nova Peneira","image":{"@type":"ImageObject","inLanguage":"gl-ES","@id":"https:\/\/secure.gravatar.com\/avatar\/c052a2551a06e23fac63626232eaa90abd78dbcf1700fc46a2b2c89fd27b735f?s=96&d=mm&r=g","url":"https:\/\/secure.gravatar.com\/avatar\/c052a2551a06e23fac63626232eaa90abd78dbcf1700fc46a2b2c89fd27b735f?s=96&d=mm&r=g","contentUrl":"https:\/\/secure.gravatar.com\/avatar\/c052a2551a06e23fac63626232eaa90abd78dbcf1700fc46a2b2c89fd27b735f?s=96&d=mm&r=g","caption":"Redacci\u00f3n A Nova Peneira"},"sameAs":["http:\/\/www.anovapeneira.gal\/"],"url":"https:\/\/www.anovapeneira.gal\/index.php\/author\/redactor\/"}]}},"jetpack_featured_media_url":"https:\/\/www.anovapeneira.gal\/wp-content\/uploads\/2023\/12\/NACIONAL_BNG_27D_3.jpg","_links":{"self":[{"href":"https:\/\/www.anovapeneira.gal\/index.php\/wp-json\/wp\/v2\/posts\/10992","targetHints":{"allow":["GET"]}}],"collection":[{"href":"https:\/\/www.anovapeneira.gal\/index.php\/wp-json\/wp\/v2\/posts"}],"about":[{"href":"https:\/\/www.anovapeneira.gal\/index.php\/wp-json\/wp\/v2\/types\/post"}],"author":[{"embeddable":true,"href":"https:\/\/www.anovapeneira.gal\/index.php\/wp-json\/wp\/v2\/users\/3"}],"replies":[{"embeddable":true,"href":"https:\/\/www.anovapeneira.gal\/index.php\/wp-json\/wp\/v2\/comments?post=10992"}],"version-history":[{"count":1,"href":"https:\/\/www.anovapeneira.gal\/index.php\/wp-json\/wp\/v2\/posts\/10992\/revisions"}],"predecessor-version":[{"id":10994,"href":"https:\/\/www.anovapeneira.gal\/index.php\/wp-json\/wp\/v2\/posts\/10992\/revisions\/10994"}],"wp:featuredmedia":[{"embeddable":true,"href":"https:\/\/www.anovapeneira.gal\/index.php\/wp-json\/wp\/v2\/media\/10993"}],"wp:attachment":[{"href":"https:\/\/www.anovapeneira.gal\/index.php\/wp-json\/wp\/v2\/media?parent=10992"}],"wp:term":[{"taxonomy":"category","embeddable":true,"href":"https:\/\/www.anovapeneira.gal\/index.php\/wp-json\/wp\/v2\/categories?post=10992"},{"taxonomy":"post_tag","embeddable":true,"href":"https:\/\/www.anovapeneira.gal\/index.php\/wp-json\/wp\/v2\/tags?post=10992"}],"curies":[{"name":"wp","href":"https:\/\/api.w.org\/{rel}","templated":true}]}}