{"id":10995,"date":"2024-01-02T12:00:27","date_gmt":"2024-01-02T11:00:27","guid":{"rendered":"https:\/\/www.anovapeneira.gal\/?p=10995"},"modified":"2023-12-28T11:03:59","modified_gmt":"2023-12-28T10:03:59","slug":"o-arquivo-audiovisual-do-concello-de-redondela-ampliase-con-imaxes-dos-anos-60-doadas-por-josefa-puga","status":"publish","type":"post","link":"https:\/\/www.anovapeneira.gal\/index.php\/2024\/01\/02\/o-arquivo-audiovisual-do-concello-de-redondela-ampliase-con-imaxes-dos-anos-60-doadas-por-josefa-puga\/","title":{"rendered":"O Arquivo Audiovisual do Concello de Redondela ampl\u00edase con imaxes dos anos 60 doadas por Josefa Puga"},"content":{"rendered":"\n<h2 class=\"wp-block-heading\"><em>Celebraci\u00f3ns dos Maios, as festas de Reboreda, a nevada de 1963 e outras imaxes de hai m\u00e1is de seis d\u00e9cadas foron doadas hoxe ao arquivo municipal pola veci\u00f1a Josefa Puga Fern\u00e1ndez.<\/em><\/h2>\n\n\n\n<h3 class=\"wp-block-heading\"><em>Todas as fotograf\u00edas faranse p\u00fablicas e difundiranse tanto nas redes sociais como en papel no propio Arquivo municipal. Para consultalas na web poderase facer a trav\u00e9s do blog do Arquivo Audiovisual ou a trav\u00e9s do Instagram ou Facebook do Arquivo.<\/em><\/h3>\n\n\n\n<h3 class=\"wp-block-heading\"><em>A alcaldesa de Redondela, Digna Rivas, agradeceu o xesto de Josefa Puga e anima \u00e1 veci\u00f1anza a seguir este exemplo e facilitar ao arquivo municipal imaxes que poidan ter nas s\u00faas casas das celebraci\u00f3ns nas parroquias \u201cxa que hai carencia deste tipo de imaxes no fondo audiovisual do Concello\u201d.<\/em><\/h3>\n\n\n\n<p><strong>Redondela, 27 de decembro de 2023. <\/strong><\/p>\n\n\n\n<p>Josefa Puga Fern\u00e1ndez, veci\u00f1a de Redondela, cedeu temporalmente ao Arquivo Audiovisual do Concello de Redondela o seu \u00e1lbum de fotograf\u00edas familiar para que fora dixitalizado e arquivado nas dependencias municipais. Unha vez escaneadas, as fotograf\u00edas foron devoltas \u00e1 propietaria quedando o Concello cunha copia das imaxes dixitais. Son 65 fotograf\u00edas que recollen momentos de Festas do Maios dos anos \u201860, comidas no prado da festa de Reboreda, da nevada do 1963, de grupos de amigas e equipos de hockey sobre pat\u00edns entre outras imaxes. Ana Gesteira, responsable do Arquivo Audiovisual, sinala que con esta nova incorporaci\u00f3n o fondo conta a d\u00eda de hoxe cun total de 4750 imaxes. Esta nova achega \u00e9 o fondo n\u00ba55, no que haber\u00e1 unha ficha por fotograf\u00eda describindo, grazas \u00e1 informaci\u00f3n da propietaria, \u201cas persoas que aparecen ou o que estaba acontecendo\u201d, explica Gesteira.<\/p>\n\n\n\n<p>Nos vindeiros d\u00edas todas as fotograf\u00edas faranse p\u00fablicas e difundiranse tanto nas redes sociais coma en papel no propio Arquivo municipal. Para consultalas na web poderase facer a trav\u00e9s do blog do Arquivo Audiovisual e no Instagram e o Facebook do Arquivo. O Concello de Redondela estima que manter a consulta en papel deste tipo de documentaci\u00f3n \u00e9 tam\u00e9n interesante para as persoas non tan af\u00edns ao mundo tecnol\u00f3xico. Por iso habilitouse un espazo no Arquivo municipal onde calquera que o desexe pode consultar o fondo de fotograf\u00edas municipais. Nese momento \u201cser\u00e1 traballo de toda a veci\u00f1anza poder axudar a reco\u00f1ecer persoas, momentos ou lugares que aparecen nas imaxes, recompo\u00f1endo as\u00ed entre todos a Historia da nosa vila\u201d concl\u00fae Gesteira.<\/p>\n\n\n\n<div style=\"height:37px\" aria-hidden=\"true\" class=\"wp-block-spacer\"><\/div>\n\n\n\n<figure class=\"wp-block-gallery has-nested-images columns-default is-cropped wp-block-gallery-1 is-layout-flex wp-block-gallery-is-layout-flex\">\n<figure class=\"wp-block-image size-large\"><img loading=\"lazy\" decoding=\"async\" width=\"1024\" height=\"768\" data-id=\"10997\" src=\"https:\/\/www.anovapeneira.gal\/wp-content\/uploads\/2023\/12\/JOSEFA-PUGA-FERNANDEZ-022-1024x768.jpg\" alt=\"\" class=\"wp-image-10997\" srcset=\"https:\/\/www.anovapeneira.gal\/wp-content\/uploads\/2023\/12\/JOSEFA-PUGA-FERNANDEZ-022-1024x768.jpg 1024w, https:\/\/www.anovapeneira.gal\/wp-content\/uploads\/2023\/12\/JOSEFA-PUGA-FERNANDEZ-022-300x225.jpg 300w, https:\/\/www.anovapeneira.gal\/wp-content\/uploads\/2023\/12\/JOSEFA-PUGA-FERNANDEZ-022-768x576.jpg 768w, https:\/\/www.anovapeneira.gal\/wp-content\/uploads\/2023\/12\/JOSEFA-PUGA-FERNANDEZ-022-1536x1152.jpg 1536w, https:\/\/www.anovapeneira.gal\/wp-content\/uploads\/2023\/12\/JOSEFA-PUGA-FERNANDEZ-022-678x509.jpg 678w, https:\/\/www.anovapeneira.gal\/wp-content\/uploads\/2023\/12\/JOSEFA-PUGA-FERNANDEZ-022-326x245.jpg 326w, https:\/\/www.anovapeneira.gal\/wp-content\/uploads\/2023\/12\/JOSEFA-PUGA-FERNANDEZ-022-80x60.jpg 80w, https:\/\/www.anovapeneira.gal\/wp-content\/uploads\/2023\/12\/JOSEFA-PUGA-FERNANDEZ-022.jpg 1890w\" sizes=\"auto, (max-width: 1024px) 100vw, 1024px\" \/><\/figure>\n\n\n\n<figure class=\"wp-block-image size-large\"><img loading=\"lazy\" decoding=\"async\" width=\"1024\" height=\"768\" data-id=\"10999\" src=\"https:\/\/www.anovapeneira.gal\/wp-content\/uploads\/2023\/12\/JOSEFA-PUGA-FERNANDEZ-028-1024x768.jpg\" alt=\"\" class=\"wp-image-10999\" srcset=\"https:\/\/www.anovapeneira.gal\/wp-content\/uploads\/2023\/12\/JOSEFA-PUGA-FERNANDEZ-028-1024x768.jpg 1024w, https:\/\/www.anovapeneira.gal\/wp-content\/uploads\/2023\/12\/JOSEFA-PUGA-FERNANDEZ-028-300x225.jpg 300w, https:\/\/www.anovapeneira.gal\/wp-content\/uploads\/2023\/12\/JOSEFA-PUGA-FERNANDEZ-028-768x576.jpg 768w, https:\/\/www.anovapeneira.gal\/wp-content\/uploads\/2023\/12\/JOSEFA-PUGA-FERNANDEZ-028-1536x1152.jpg 1536w, https:\/\/www.anovapeneira.gal\/wp-content\/uploads\/2023\/12\/JOSEFA-PUGA-FERNANDEZ-028-678x509.jpg 678w, https:\/\/www.anovapeneira.gal\/wp-content\/uploads\/2023\/12\/JOSEFA-PUGA-FERNANDEZ-028-326x245.jpg 326w, https:\/\/www.anovapeneira.gal\/wp-content\/uploads\/2023\/12\/JOSEFA-PUGA-FERNANDEZ-028-80x60.jpg 80w, https:\/\/www.anovapeneira.gal\/wp-content\/uploads\/2023\/12\/JOSEFA-PUGA-FERNANDEZ-028.jpg 1890w\" sizes=\"auto, (max-width: 1024px) 100vw, 1024px\" \/><\/figure>\n\n\n\n<figure class=\"wp-block-image size-large\"><img loading=\"lazy\" decoding=\"async\" width=\"1024\" height=\"768\" data-id=\"10998\" src=\"https:\/\/www.anovapeneira.gal\/wp-content\/uploads\/2023\/12\/JOSEFA-PUGA-FERNANDEZ-049-1024x768.jpg\" alt=\"\" class=\"wp-image-10998\" srcset=\"https:\/\/www.anovapeneira.gal\/wp-content\/uploads\/2023\/12\/JOSEFA-PUGA-FERNANDEZ-049-1024x768.jpg 1024w, https:\/\/www.anovapeneira.gal\/wp-content\/uploads\/2023\/12\/JOSEFA-PUGA-FERNANDEZ-049-300x225.jpg 300w, https:\/\/www.anovapeneira.gal\/wp-content\/uploads\/2023\/12\/JOSEFA-PUGA-FERNANDEZ-049-768x576.jpg 768w, https:\/\/www.anovapeneira.gal\/wp-content\/uploads\/2023\/12\/JOSEFA-PUGA-FERNANDEZ-049-1536x1152.jpg 1536w, https:\/\/www.anovapeneira.gal\/wp-content\/uploads\/2023\/12\/JOSEFA-PUGA-FERNANDEZ-049-678x509.jpg 678w, https:\/\/www.anovapeneira.gal\/wp-content\/uploads\/2023\/12\/JOSEFA-PUGA-FERNANDEZ-049-326x245.jpg 326w, https:\/\/www.anovapeneira.gal\/wp-content\/uploads\/2023\/12\/JOSEFA-PUGA-FERNANDEZ-049-80x60.jpg 80w, https:\/\/www.anovapeneira.gal\/wp-content\/uploads\/2023\/12\/JOSEFA-PUGA-FERNANDEZ-049.jpg 1890w\" sizes=\"auto, (max-width: 1024px) 100vw, 1024px\" \/><\/figure>\n<\/figure>\n\n\n\n<div style=\"height:37px\" aria-hidden=\"true\" class=\"wp-block-spacer\"><\/div>\n\n\n\n<p>Dende a Conceller\u00eda de Cultura e o Concello de Redondela agradec\u00e9ronlle a Josef Puga esta colaboraci\u00f3n, e animan \u00e1 veci\u00f1anza a sumar ao Arquivo as imaxes que poidan ter na casa. &#8220;Deste xeito, entre todos e todas, gardaremos a nosa memoria visual\u201d, salienta a alcaldesa, Digna Rivas. \u201cNotamos nos nosos fondos unha carencia de fotograf\u00edas das parroquias, e por iso queremos pedir \u00e1s persoas que podan ter nas s\u00faas casas fotograf\u00edas das parroquias de Redondela que se po\u00f1an en contacto co Arquivo municipal&#8221;, engade Rivas. As fotograf\u00edas seguir\u00e1n estando nas casas dos seus propietarios e propietarias, pero haber\u00e1 unha copia custodiada no Concello que coidar\u00e1 da s\u00faa conservaci\u00f3n e transmisi\u00f3n \u00e1s xeraci\u00f3ns vindeiras.<\/p>\n","protected":false},"excerpt":{"rendered":"<div class=\"mh-excerpt\"><p>Celebraci\u00f3ns dos Maios, as festas de Reboreda, a nevada de 1963 e outras imaxes de hai m\u00e1is de seis d\u00e9cadas foron doadas hoxe ao arquivo municipal pola veci\u00f1a Josefa Puga Fern\u00e1ndez <a class=\"mh-excerpt-more\" href=\"https:\/\/www.anovapeneira.gal\/index.php\/2024\/01\/02\/o-arquivo-audiovisual-do-concello-de-redondela-ampliase-con-imaxes-dos-anos-60-doadas-por-josefa-puga\/\" title=\"O Arquivo Audiovisual do Concello de Redondela ampl\u00edase con imaxes dos anos 60 doadas por Josefa Puga\">[&#8230;]<\/a><\/p>\n<\/div>","protected":false},"author":3,"featured_media":10996,"comment_status":"open","ping_status":"open","sticky":false,"template":"","format":"standard","meta":{"_exactmetrics_skip_tracking":false,"_exactmetrics_sitenote_active":false,"_exactmetrics_sitenote_note":"","_exactmetrics_sitenote_category":0,"footnotes":""},"categories":[24],"tags":[171],"class_list":{"0":"post-10995","1":"post","2":"type-post","3":"status-publish","4":"format-standard","5":"has-post-thumbnail","7":"category-redondela","8":"tag-concello-de-redondela"},"yoast_head":"<!-- This site is optimized with the Yoast SEO plugin v27.4 - https:\/\/yoast.com\/product\/yoast-seo-wordpress\/ -->\n<title>O Arquivo Audiovisual do Concello de Redondela ampl\u00edase con imaxes dos anos 60 doadas por Josefa Puga -<\/title>\n<meta name=\"description\" content=\"Celebraci\u00f3ns dos Maios, as festas de Reboreda, a nevada de 1963 e outras imaxes de hai m\u00e1is de seis d\u00e9cadas foron doadas hoxe ao arquivo municipal pola veci\u00f1a Josefa Puga Fern\u00e1ndez\" \/>\n<meta name=\"robots\" content=\"index, follow, max-snippet:-1, max-image-preview:large, max-video-preview:-1\" \/>\n<link rel=\"canonical\" href=\"https:\/\/www.anovapeneira.gal\/index.php\/2024\/01\/02\/o-arquivo-audiovisual-do-concello-de-redondela-ampliase-con-imaxes-dos-anos-60-doadas-por-josefa-puga\/\" \/>\n<meta property=\"og:locale\" content=\"gl_ES\" \/>\n<meta property=\"og:type\" content=\"article\" \/>\n<meta property=\"og:title\" content=\"O Arquivo Audiovisual do Concello de Redondela ampl\u00edase con imaxes dos anos 60 doadas por Josefa Puga -\" \/>\n<meta property=\"og:description\" content=\"Celebraci\u00f3ns dos Maios, as festas de Reboreda, a nevada de 1963 e outras imaxes de hai m\u00e1is de seis d\u00e9cadas foron doadas hoxe ao arquivo municipal pola veci\u00f1a Josefa Puga Fern\u00e1ndez\" \/>\n<meta property=\"og:url\" content=\"https:\/\/www.anovapeneira.gal\/index.php\/2024\/01\/02\/o-arquivo-audiovisual-do-concello-de-redondela-ampliase-con-imaxes-dos-anos-60-doadas-por-josefa-puga\/\" \/>\n<meta property=\"article:publisher\" content=\"https:\/\/www.facebook.com\/anovapeneira\" \/>\n<meta property=\"article:published_time\" content=\"2024-01-02T11:00:27+00:00\" \/>\n<meta property=\"og:image\" content=\"https:\/\/www.anovapeneira.gal\/wp-content\/uploads\/2023\/12\/Arquivo_redondela.jpg\" \/>\n\t<meta property=\"og:image:width\" content=\"720\" \/>\n\t<meta property=\"og:image:height\" content=\"432\" \/>\n\t<meta property=\"og:image:type\" content=\"image\/jpeg\" \/>\n<meta name=\"author\" content=\"Redacci\u00f3n A Nova Peneira\" \/>\n<meta name=\"twitter:card\" content=\"summary_large_image\" \/>\n<meta name=\"twitter:creator\" content=\"@APeneira\" \/>\n<meta name=\"twitter:site\" content=\"@APeneira\" \/>\n<meta name=\"twitter:label1\" content=\"Escrito por\" \/>\n\t<meta name=\"twitter:data1\" content=\"Redacci\u00f3n A Nova Peneira\" \/>\n\t<meta name=\"twitter:label2\" content=\"Tempo de lectura\" \/>\n\t<meta name=\"twitter:data2\" content=\"4 minutos\" \/>\n<script type=\"application\/ld+json\" class=\"yoast-schema-graph\">{\"@context\":\"https:\\\/\\\/schema.org\",\"@graph\":[{\"@type\":\"Article\",\"@id\":\"https:\\\/\\\/www.anovapeneira.gal\\\/index.php\\\/2024\\\/01\\\/02\\\/o-arquivo-audiovisual-do-concello-de-redondela-ampliase-con-imaxes-dos-anos-60-doadas-por-josefa-puga\\\/#article\",\"isPartOf\":{\"@id\":\"https:\\\/\\\/www.anovapeneira.gal\\\/index.php\\\/2024\\\/01\\\/02\\\/o-arquivo-audiovisual-do-concello-de-redondela-ampliase-con-imaxes-dos-anos-60-doadas-por-josefa-puga\\\/\"},\"author\":{\"name\":\"Redacci\u00f3n A Nova Peneira\",\"@id\":\"https:\\\/\\\/www.anovapeneira.gal\\\/#\\\/schema\\\/person\\\/b93e3f8932e3f8da96334607eb6ac6aa\"},\"headline\":\"O Arquivo Audiovisual do Concello de Redondela ampl\u00edase con imaxes dos anos 60 doadas por Josefa Puga\",\"datePublished\":\"2024-01-02T11:00:27+00:00\",\"mainEntityOfPage\":{\"@id\":\"https:\\\/\\\/www.anovapeneira.gal\\\/index.php\\\/2024\\\/01\\\/02\\\/o-arquivo-audiovisual-do-concello-de-redondela-ampliase-con-imaxes-dos-anos-60-doadas-por-josefa-puga\\\/\"},\"wordCount\":551,\"commentCount\":0,\"publisher\":{\"@id\":\"https:\\\/\\\/www.anovapeneira.gal\\\/#organization\"},\"image\":{\"@id\":\"https:\\\/\\\/www.anovapeneira.gal\\\/index.php\\\/2024\\\/01\\\/02\\\/o-arquivo-audiovisual-do-concello-de-redondela-ampliase-con-imaxes-dos-anos-60-doadas-por-josefa-puga\\\/#primaryimage\"},\"thumbnailUrl\":\"https:\\\/\\\/www.anovapeneira.gal\\\/wp-content\\\/uploads\\\/2023\\\/12\\\/Arquivo_redondela.jpg\",\"keywords\":[\"Concello de Redondela\"],\"articleSection\":[\"Redondela\"],\"inLanguage\":\"gl-ES\",\"potentialAction\":[{\"@type\":\"CommentAction\",\"name\":\"Comment\",\"target\":[\"https:\\\/\\\/www.anovapeneira.gal\\\/index.php\\\/2024\\\/01\\\/02\\\/o-arquivo-audiovisual-do-concello-de-redondela-ampliase-con-imaxes-dos-anos-60-doadas-por-josefa-puga\\\/#respond\"]}]},{\"@type\":\"WebPage\",\"@id\":\"https:\\\/\\\/www.anovapeneira.gal\\\/index.php\\\/2024\\\/01\\\/02\\\/o-arquivo-audiovisual-do-concello-de-redondela-ampliase-con-imaxes-dos-anos-60-doadas-por-josefa-puga\\\/\",\"url\":\"https:\\\/\\\/www.anovapeneira.gal\\\/index.php\\\/2024\\\/01\\\/02\\\/o-arquivo-audiovisual-do-concello-de-redondela-ampliase-con-imaxes-dos-anos-60-doadas-por-josefa-puga\\\/\",\"name\":\"O Arquivo Audiovisual do Concello de Redondela ampl\u00edase con imaxes dos anos 60 doadas por Josefa Puga -\",\"isPartOf\":{\"@id\":\"https:\\\/\\\/www.anovapeneira.gal\\\/#website\"},\"primaryImageOfPage\":{\"@id\":\"https:\\\/\\\/www.anovapeneira.gal\\\/index.php\\\/2024\\\/01\\\/02\\\/o-arquivo-audiovisual-do-concello-de-redondela-ampliase-con-imaxes-dos-anos-60-doadas-por-josefa-puga\\\/#primaryimage\"},\"image\":{\"@id\":\"https:\\\/\\\/www.anovapeneira.gal\\\/index.php\\\/2024\\\/01\\\/02\\\/o-arquivo-audiovisual-do-concello-de-redondela-ampliase-con-imaxes-dos-anos-60-doadas-por-josefa-puga\\\/#primaryimage\"},\"thumbnailUrl\":\"https:\\\/\\\/www.anovapeneira.gal\\\/wp-content\\\/uploads\\\/2023\\\/12\\\/Arquivo_redondela.jpg\",\"datePublished\":\"2024-01-02T11:00:27+00:00\",\"description\":\"Celebraci\u00f3ns dos Maios, as festas de Reboreda, a nevada de 1963 e outras imaxes de hai m\u00e1is de seis d\u00e9cadas foron doadas hoxe ao arquivo municipal pola veci\u00f1a Josefa Puga Fern\u00e1ndez\",\"breadcrumb\":{\"@id\":\"https:\\\/\\\/www.anovapeneira.gal\\\/index.php\\\/2024\\\/01\\\/02\\\/o-arquivo-audiovisual-do-concello-de-redondela-ampliase-con-imaxes-dos-anos-60-doadas-por-josefa-puga\\\/#breadcrumb\"},\"inLanguage\":\"gl-ES\",\"potentialAction\":[{\"@type\":\"ReadAction\",\"target\":[\"https:\\\/\\\/www.anovapeneira.gal\\\/index.php\\\/2024\\\/01\\\/02\\\/o-arquivo-audiovisual-do-concello-de-redondela-ampliase-con-imaxes-dos-anos-60-doadas-por-josefa-puga\\\/\"]}]},{\"@type\":\"ImageObject\",\"inLanguage\":\"gl-ES\",\"@id\":\"https:\\\/\\\/www.anovapeneira.gal\\\/index.php\\\/2024\\\/01\\\/02\\\/o-arquivo-audiovisual-do-concello-de-redondela-ampliase-con-imaxes-dos-anos-60-doadas-por-josefa-puga\\\/#primaryimage\",\"url\":\"https:\\\/\\\/www.anovapeneira.gal\\\/wp-content\\\/uploads\\\/2023\\\/12\\\/Arquivo_redondela.jpg\",\"contentUrl\":\"https:\\\/\\\/www.anovapeneira.gal\\\/wp-content\\\/uploads\\\/2023\\\/12\\\/Arquivo_redondela.jpg\",\"width\":720,\"height\":432,\"caption\":\"O Arquivo Audiovisual do Concello de Redondela ampl\u00edase con imaxes dos anos 60 doadas por Josefa Puga\"},{\"@type\":\"BreadcrumbList\",\"@id\":\"https:\\\/\\\/www.anovapeneira.gal\\\/index.php\\\/2024\\\/01\\\/02\\\/o-arquivo-audiovisual-do-concello-de-redondela-ampliase-con-imaxes-dos-anos-60-doadas-por-josefa-puga\\\/#breadcrumb\",\"itemListElement\":[{\"@type\":\"ListItem\",\"position\":1,\"name\":\"Portada\",\"item\":\"https:\\\/\\\/www.anovapeneira.gal\\\/\"},{\"@type\":\"ListItem\",\"position\":2,\"name\":\"O Arquivo Audiovisual do Concello de Redondela ampl\u00edase con imaxes dos anos 60 doadas por Josefa Puga\"}]},{\"@type\":\"WebSite\",\"@id\":\"https:\\\/\\\/www.anovapeneira.gal\\\/#website\",\"url\":\"https:\\\/\\\/www.anovapeneira.gal\\\/\",\"name\":\"\",\"description\":\"Xornal galego de informaci\u00f3n xeral Publicaci\u00f3n mensual de novas de Galicia e en especial dos Concellos da sur da provincia de Pontevedra.\",\"publisher\":{\"@id\":\"https:\\\/\\\/www.anovapeneira.gal\\\/#organization\"},\"potentialAction\":[{\"@type\":\"SearchAction\",\"target\":{\"@type\":\"EntryPoint\",\"urlTemplate\":\"https:\\\/\\\/www.anovapeneira.gal\\\/?s={search_term_string}\"},\"query-input\":{\"@type\":\"PropertyValueSpecification\",\"valueRequired\":true,\"valueName\":\"search_term_string\"}}],\"inLanguage\":\"gl-ES\"},{\"@type\":\"Organization\",\"@id\":\"https:\\\/\\\/www.anovapeneira.gal\\\/#organization\",\"name\":\"A Nova Peneira\",\"url\":\"https:\\\/\\\/www.anovapeneira.gal\\\/\",\"logo\":{\"@type\":\"ImageObject\",\"inLanguage\":\"gl-ES\",\"@id\":\"https:\\\/\\\/www.anovapeneira.gal\\\/#\\\/schema\\\/logo\\\/image\\\/\",\"url\":\"http:\\\/\\\/www.anovapeneira.gal\\\/wp-content\\\/uploads\\\/2019\\\/06\\\/logo_a_nova_peneira_portal_web.png\",\"contentUrl\":\"http:\\\/\\\/www.anovapeneira.gal\\\/wp-content\\\/uploads\\\/2019\\\/06\\\/logo_a_nova_peneira_portal_web.png\",\"width\":300,\"height\":100,\"caption\":\"A Nova Peneira\"},\"image\":{\"@id\":\"https:\\\/\\\/www.anovapeneira.gal\\\/#\\\/schema\\\/logo\\\/image\\\/\"},\"sameAs\":[\"https:\\\/\\\/www.facebook.com\\\/anovapeneira\",\"https:\\\/\\\/x.com\\\/APeneira\"]},{\"@type\":\"Person\",\"@id\":\"https:\\\/\\\/www.anovapeneira.gal\\\/#\\\/schema\\\/person\\\/b93e3f8932e3f8da96334607eb6ac6aa\",\"name\":\"Redacci\u00f3n A Nova Peneira\",\"image\":{\"@type\":\"ImageObject\",\"inLanguage\":\"gl-ES\",\"@id\":\"https:\\\/\\\/secure.gravatar.com\\\/avatar\\\/c052a2551a06e23fac63626232eaa90abd78dbcf1700fc46a2b2c89fd27b735f?s=96&d=mm&r=g\",\"url\":\"https:\\\/\\\/secure.gravatar.com\\\/avatar\\\/c052a2551a06e23fac63626232eaa90abd78dbcf1700fc46a2b2c89fd27b735f?s=96&d=mm&r=g\",\"contentUrl\":\"https:\\\/\\\/secure.gravatar.com\\\/avatar\\\/c052a2551a06e23fac63626232eaa90abd78dbcf1700fc46a2b2c89fd27b735f?s=96&d=mm&r=g\",\"caption\":\"Redacci\u00f3n A Nova Peneira\"},\"sameAs\":[\"http:\\\/\\\/www.anovapeneira.gal\\\/\"],\"url\":\"https:\\\/\\\/www.anovapeneira.gal\\\/index.php\\\/author\\\/redactor\\\/\"}]}<\/script>\n<!-- \/ Yoast SEO plugin. -->","yoast_head_json":{"title":"O Arquivo Audiovisual do Concello de Redondela ampl\u00edase con imaxes dos anos 60 doadas por Josefa Puga -","description":"Celebraci\u00f3ns dos Maios, as festas de Reboreda, a nevada de 1963 e outras imaxes de hai m\u00e1is de seis d\u00e9cadas foron doadas hoxe ao arquivo municipal pola veci\u00f1a Josefa Puga Fern\u00e1ndez","robots":{"index":"index","follow":"follow","max-snippet":"max-snippet:-1","max-image-preview":"max-image-preview:large","max-video-preview":"max-video-preview:-1"},"canonical":"https:\/\/www.anovapeneira.gal\/index.php\/2024\/01\/02\/o-arquivo-audiovisual-do-concello-de-redondela-ampliase-con-imaxes-dos-anos-60-doadas-por-josefa-puga\/","og_locale":"gl_ES","og_type":"article","og_title":"O Arquivo Audiovisual do Concello de Redondela ampl\u00edase con imaxes dos anos 60 doadas por Josefa Puga -","og_description":"Celebraci\u00f3ns dos Maios, as festas de Reboreda, a nevada de 1963 e outras imaxes de hai m\u00e1is de seis d\u00e9cadas foron doadas hoxe ao arquivo municipal pola veci\u00f1a Josefa Puga Fern\u00e1ndez","og_url":"https:\/\/www.anovapeneira.gal\/index.php\/2024\/01\/02\/o-arquivo-audiovisual-do-concello-de-redondela-ampliase-con-imaxes-dos-anos-60-doadas-por-josefa-puga\/","article_publisher":"https:\/\/www.facebook.com\/anovapeneira","article_published_time":"2024-01-02T11:00:27+00:00","og_image":[{"width":720,"height":432,"url":"https:\/\/www.anovapeneira.gal\/wp-content\/uploads\/2023\/12\/Arquivo_redondela.jpg","type":"image\/jpeg"}],"author":"Redacci\u00f3n A Nova Peneira","twitter_card":"summary_large_image","twitter_creator":"@APeneira","twitter_site":"@APeneira","twitter_misc":{"Escrito por":"Redacci\u00f3n A Nova Peneira","Tempo de lectura":"4 minutos"},"schema":{"@context":"https:\/\/schema.org","@graph":[{"@type":"Article","@id":"https:\/\/www.anovapeneira.gal\/index.php\/2024\/01\/02\/o-arquivo-audiovisual-do-concello-de-redondela-ampliase-con-imaxes-dos-anos-60-doadas-por-josefa-puga\/#article","isPartOf":{"@id":"https:\/\/www.anovapeneira.gal\/index.php\/2024\/01\/02\/o-arquivo-audiovisual-do-concello-de-redondela-ampliase-con-imaxes-dos-anos-60-doadas-por-josefa-puga\/"},"author":{"name":"Redacci\u00f3n A Nova Peneira","@id":"https:\/\/www.anovapeneira.gal\/#\/schema\/person\/b93e3f8932e3f8da96334607eb6ac6aa"},"headline":"O Arquivo Audiovisual do Concello de Redondela ampl\u00edase con imaxes dos anos 60 doadas por Josefa Puga","datePublished":"2024-01-02T11:00:27+00:00","mainEntityOfPage":{"@id":"https:\/\/www.anovapeneira.gal\/index.php\/2024\/01\/02\/o-arquivo-audiovisual-do-concello-de-redondela-ampliase-con-imaxes-dos-anos-60-doadas-por-josefa-puga\/"},"wordCount":551,"commentCount":0,"publisher":{"@id":"https:\/\/www.anovapeneira.gal\/#organization"},"image":{"@id":"https:\/\/www.anovapeneira.gal\/index.php\/2024\/01\/02\/o-arquivo-audiovisual-do-concello-de-redondela-ampliase-con-imaxes-dos-anos-60-doadas-por-josefa-puga\/#primaryimage"},"thumbnailUrl":"https:\/\/www.anovapeneira.gal\/wp-content\/uploads\/2023\/12\/Arquivo_redondela.jpg","keywords":["Concello de Redondela"],"articleSection":["Redondela"],"inLanguage":"gl-ES","potentialAction":[{"@type":"CommentAction","name":"Comment","target":["https:\/\/www.anovapeneira.gal\/index.php\/2024\/01\/02\/o-arquivo-audiovisual-do-concello-de-redondela-ampliase-con-imaxes-dos-anos-60-doadas-por-josefa-puga\/#respond"]}]},{"@type":"WebPage","@id":"https:\/\/www.anovapeneira.gal\/index.php\/2024\/01\/02\/o-arquivo-audiovisual-do-concello-de-redondela-ampliase-con-imaxes-dos-anos-60-doadas-por-josefa-puga\/","url":"https:\/\/www.anovapeneira.gal\/index.php\/2024\/01\/02\/o-arquivo-audiovisual-do-concello-de-redondela-ampliase-con-imaxes-dos-anos-60-doadas-por-josefa-puga\/","name":"O Arquivo Audiovisual do Concello de Redondela ampl\u00edase con imaxes dos anos 60 doadas por Josefa Puga -","isPartOf":{"@id":"https:\/\/www.anovapeneira.gal\/#website"},"primaryImageOfPage":{"@id":"https:\/\/www.anovapeneira.gal\/index.php\/2024\/01\/02\/o-arquivo-audiovisual-do-concello-de-redondela-ampliase-con-imaxes-dos-anos-60-doadas-por-josefa-puga\/#primaryimage"},"image":{"@id":"https:\/\/www.anovapeneira.gal\/index.php\/2024\/01\/02\/o-arquivo-audiovisual-do-concello-de-redondela-ampliase-con-imaxes-dos-anos-60-doadas-por-josefa-puga\/#primaryimage"},"thumbnailUrl":"https:\/\/www.anovapeneira.gal\/wp-content\/uploads\/2023\/12\/Arquivo_redondela.jpg","datePublished":"2024-01-02T11:00:27+00:00","description":"Celebraci\u00f3ns dos Maios, as festas de Reboreda, a nevada de 1963 e outras imaxes de hai m\u00e1is de seis d\u00e9cadas foron doadas hoxe ao arquivo municipal pola veci\u00f1a Josefa Puga Fern\u00e1ndez","breadcrumb":{"@id":"https:\/\/www.anovapeneira.gal\/index.php\/2024\/01\/02\/o-arquivo-audiovisual-do-concello-de-redondela-ampliase-con-imaxes-dos-anos-60-doadas-por-josefa-puga\/#breadcrumb"},"inLanguage":"gl-ES","potentialAction":[{"@type":"ReadAction","target":["https:\/\/www.anovapeneira.gal\/index.php\/2024\/01\/02\/o-arquivo-audiovisual-do-concello-de-redondela-ampliase-con-imaxes-dos-anos-60-doadas-por-josefa-puga\/"]}]},{"@type":"ImageObject","inLanguage":"gl-ES","@id":"https:\/\/www.anovapeneira.gal\/index.php\/2024\/01\/02\/o-arquivo-audiovisual-do-concello-de-redondela-ampliase-con-imaxes-dos-anos-60-doadas-por-josefa-puga\/#primaryimage","url":"https:\/\/www.anovapeneira.gal\/wp-content\/uploads\/2023\/12\/Arquivo_redondela.jpg","contentUrl":"https:\/\/www.anovapeneira.gal\/wp-content\/uploads\/2023\/12\/Arquivo_redondela.jpg","width":720,"height":432,"caption":"O Arquivo Audiovisual do Concello de Redondela ampl\u00edase con imaxes dos anos 60 doadas por Josefa Puga"},{"@type":"BreadcrumbList","@id":"https:\/\/www.anovapeneira.gal\/index.php\/2024\/01\/02\/o-arquivo-audiovisual-do-concello-de-redondela-ampliase-con-imaxes-dos-anos-60-doadas-por-josefa-puga\/#breadcrumb","itemListElement":[{"@type":"ListItem","position":1,"name":"Portada","item":"https:\/\/www.anovapeneira.gal\/"},{"@type":"ListItem","position":2,"name":"O Arquivo Audiovisual do Concello de Redondela ampl\u00edase con imaxes dos anos 60 doadas por Josefa Puga"}]},{"@type":"WebSite","@id":"https:\/\/www.anovapeneira.gal\/#website","url":"https:\/\/www.anovapeneira.gal\/","name":"","description":"Xornal galego de informaci\u00f3n xeral Publicaci\u00f3n mensual de novas de Galicia e en especial dos Concellos da sur da provincia de Pontevedra.","publisher":{"@id":"https:\/\/www.anovapeneira.gal\/#organization"},"potentialAction":[{"@type":"SearchAction","target":{"@type":"EntryPoint","urlTemplate":"https:\/\/www.anovapeneira.gal\/?s={search_term_string}"},"query-input":{"@type":"PropertyValueSpecification","valueRequired":true,"valueName":"search_term_string"}}],"inLanguage":"gl-ES"},{"@type":"Organization","@id":"https:\/\/www.anovapeneira.gal\/#organization","name":"A Nova Peneira","url":"https:\/\/www.anovapeneira.gal\/","logo":{"@type":"ImageObject","inLanguage":"gl-ES","@id":"https:\/\/www.anovapeneira.gal\/#\/schema\/logo\/image\/","url":"http:\/\/www.anovapeneira.gal\/wp-content\/uploads\/2019\/06\/logo_a_nova_peneira_portal_web.png","contentUrl":"http:\/\/www.anovapeneira.gal\/wp-content\/uploads\/2019\/06\/logo_a_nova_peneira_portal_web.png","width":300,"height":100,"caption":"A Nova Peneira"},"image":{"@id":"https:\/\/www.anovapeneira.gal\/#\/schema\/logo\/image\/"},"sameAs":["https:\/\/www.facebook.com\/anovapeneira","https:\/\/x.com\/APeneira"]},{"@type":"Person","@id":"https:\/\/www.anovapeneira.gal\/#\/schema\/person\/b93e3f8932e3f8da96334607eb6ac6aa","name":"Redacci\u00f3n A Nova Peneira","image":{"@type":"ImageObject","inLanguage":"gl-ES","@id":"https:\/\/secure.gravatar.com\/avatar\/c052a2551a06e23fac63626232eaa90abd78dbcf1700fc46a2b2c89fd27b735f?s=96&d=mm&r=g","url":"https:\/\/secure.gravatar.com\/avatar\/c052a2551a06e23fac63626232eaa90abd78dbcf1700fc46a2b2c89fd27b735f?s=96&d=mm&r=g","contentUrl":"https:\/\/secure.gravatar.com\/avatar\/c052a2551a06e23fac63626232eaa90abd78dbcf1700fc46a2b2c89fd27b735f?s=96&d=mm&r=g","caption":"Redacci\u00f3n A Nova Peneira"},"sameAs":["http:\/\/www.anovapeneira.gal\/"],"url":"https:\/\/www.anovapeneira.gal\/index.php\/author\/redactor\/"}]}},"jetpack_featured_media_url":"https:\/\/www.anovapeneira.gal\/wp-content\/uploads\/2023\/12\/Arquivo_redondela.jpg","_links":{"self":[{"href":"https:\/\/www.anovapeneira.gal\/index.php\/wp-json\/wp\/v2\/posts\/10995","targetHints":{"allow":["GET"]}}],"collection":[{"href":"https:\/\/www.anovapeneira.gal\/index.php\/wp-json\/wp\/v2\/posts"}],"about":[{"href":"https:\/\/www.anovapeneira.gal\/index.php\/wp-json\/wp\/v2\/types\/post"}],"author":[{"embeddable":true,"href":"https:\/\/www.anovapeneira.gal\/index.php\/wp-json\/wp\/v2\/users\/3"}],"replies":[{"embeddable":true,"href":"https:\/\/www.anovapeneira.gal\/index.php\/wp-json\/wp\/v2\/comments?post=10995"}],"version-history":[{"count":2,"href":"https:\/\/www.anovapeneira.gal\/index.php\/wp-json\/wp\/v2\/posts\/10995\/revisions"}],"predecessor-version":[{"id":11002,"href":"https:\/\/www.anovapeneira.gal\/index.php\/wp-json\/wp\/v2\/posts\/10995\/revisions\/11002"}],"wp:featuredmedia":[{"embeddable":true,"href":"https:\/\/www.anovapeneira.gal\/index.php\/wp-json\/wp\/v2\/media\/10996"}],"wp:attachment":[{"href":"https:\/\/www.anovapeneira.gal\/index.php\/wp-json\/wp\/v2\/media?parent=10995"}],"wp:term":[{"taxonomy":"category","embeddable":true,"href":"https:\/\/www.anovapeneira.gal\/index.php\/wp-json\/wp\/v2\/categories?post=10995"},{"taxonomy":"post_tag","embeddable":true,"href":"https:\/\/www.anovapeneira.gal\/index.php\/wp-json\/wp\/v2\/tags?post=10995"}],"curies":[{"name":"wp","href":"https:\/\/api.w.org\/{rel}","templated":true}]}}