{"id":11003,"date":"2024-01-03T10:00:28","date_gmt":"2024-01-03T09:00:28","guid":{"rendered":"https:\/\/www.anovapeneira.gal\/?p=11003"},"modified":"2024-01-02T11:19:50","modified_gmt":"2024-01-02T10:19:50","slug":"cousas-de-salvaterra-13","status":"publish","type":"post","link":"https:\/\/www.anovapeneira.gal\/index.php\/2024\/01\/03\/cousas-de-salvaterra-13\/","title":{"rendered":"COUSAS DE SALVATERRA"},"content":{"rendered":"\n<h2 class=\"wp-block-heading\">Guerra Restauraci\u00f3n Portuguesa, de 1644 a 1647 (Ven de outubro).<\/h2>\n\n\n\n<figure class=\"wp-block-image size-full is-resized\"><img loading=\"lazy\" decoding=\"async\" width=\"190\" height=\"229\" src=\"https:\/\/www.anovapeneira.gal\/wp-content\/uploads\/2022\/08\/opinion_anton_saque.jpg\" alt=\"Ant\u00f3n Lourenzo, veci\u00f1o da Vila\" class=\"wp-image-8006\" style=\"width:90px;height:auto\"\/><figcaption class=\"wp-element-caption\">Ant\u00f3n Lourenzo, veci\u00f1o da Vila<\/figcaption><\/figure>\n\n\n\n<p>Xa entrara o inverno e, tendo o Conde de Castell Melhor noticia de que o inimigo xuntaba xente contra a provincia de Tras os Montes, querendo soc\u00f3rrela, por constarlle que estaba mal defendida, mandou os capit\u00e1ns de cabaler\u00eda Diogo de Britto Coutinho e Antonio de Queyr\u00f3s Mascarenhas, que foran coas s\u00faas compa\u00f1\u00edas a socorrer Chaves. No cami\u00f1o fixeron grandes estragos \u00f3 queimar Calvos de Rand\u00edn, lugar do Reino da Galiza tido por moi rico. Era preciso que as tropas cami\u00f1aran sete leguas por dentro da Galiza, por iso, tendo xa costume de vencer todas as dificultades, entrando ga\u00f1aron o lugar, pux\u00e9ronlle lume e desbaratando a posible entrada do inimigo nesta provincia, voltaron para a de Entre Douro e Minho.<\/p>\n\n\n\n<p>Dados os bos resultados b\u00e9licos que tivera o Conde de Castell Melhor, El Rey enviouno como Gobernador en marzo de 1645, a fronte das tropas do Alentexo en substituci\u00f3n do Conde de Alegrete, non obtendo al\u00ed os mesmos bos resultados. Mentres ficou o mando do ex\u00e9rcito Entre Douro e Minho o Mestre de Campo Diogo de Mello Pereyra, quen se distinguira pola s\u00faa competencia. Duroulle este cargo at\u00e9 o mes de maio, non habendo movementos militares na provincia salientables. Substitu\u00eduno o Mestre de Campo Francisco de Fran\u00e7a Barboza, quen \u00f3 pouco de facerse cargo da Provincia, tivo un encontro na campi\u00f1a de Salvaterra onde derrotou unha partida de galegos.<\/p>\n\n\n\n<p>No principio do Outono voltou Castell Melhor gobernar Entre Douro e Minho. Cando estaba de cami\u00f1o por Coimbra mandoulle aviso Francisco de Fran\u00e7a que o Marqu\u00e9s de T\u00e1vora sa\u00edra en campa\u00f1a con dez mil Infantes e 600 cabalos, e que comezaran a fabricar un forte perto de Salvaterra no lugar da Lagoa de Freixendo (na opini\u00f3n de quen isto transcribe, sen d\u00fabida \u00e9 unha inexactitude xeogr\u00e1fica, refer\u00edanse o Castelo de Santiago de Aytona, terminado en 1646, sito o norte do actual pazo das Barreiras, a lagoa era a da Laxe, da que o lugar de Freixendo fica a medio quil\u00f3metro e no medio deb\u00eda estar o Forte da Estrela, actual lugar das Ermitas). O Conde fora moi ben recibido na Provincia pero atopouna tan falta de xente que non puido impedir a obra do Forte, este serviu de gran freo as acometidas portuguesas dende Salvaterra. Tivo que conformarse con impulsar as fortificaci\u00f3ns das prazas principais, formou compa\u00f1\u00edas de cabalos e pasou o resto dese ano de 1645 recompondo as forzas sen alterar o sosego en que se estaba, non arriscando en empresas perigosas por falta de medios.<\/p>\n\n\n\n<p>O Conde seguiu \u00f3 fronte da provincia de Entre Douro e Mi\u00f1o, procurou conservala co menor custe e sufrimento posible do pobo pois sab\u00eda que todas as empresas se consegu\u00edan era a custa da s\u00faa sangue e non quer\u00eda oprimilos m\u00e1is, parec\u00e9ndolle mellor e conveniente reservalos para a defensa. Desexando que as armas non estiveran ociosas de todo, determinou atacar un forte que os galegos levantaran pouco distante de Salvaterra, chamado Freixendo, (volvo a repetir que ten que ser ou ben o Castelo de Santiago de Aytona ou o Forte da Estrela, libro X, Portugal Restaurado, p\u00e1xina 621, Lu\u00eds de Menezes, Conde de Ericeyra, Lisboa MDCLXXIX). Deu conta desta resoluci\u00f3n a El Rey, quen o aprobou, indic\u00e1ndolle que intentara primeiro as fortificaci\u00f3ns da zona de Tui, porque ser\u00eda m\u00e1is \u00fatil e de m\u00e1is prestixio. Nembargantes nin unha nin a outra se executaron, tal vez porque co\u00f1eceu que o Conde de San Estevo, Gobernador nesa altura das Armas da Galiza, sa\u00edra de Tui a visitar os fortes da Fillaboa e de Freixendo con 1500 Infantes e 400 cabalos.<\/p>\n\n\n\n<p>Castell Melhor mandou sair de Salvaterra \u00f3 Mestre de Campo Francisco de Fran\u00e7a Barboza con 450 Infantes a que ocupara un posto onde o r\u00edo Mi\u00f1o, chamado das \u201cMaleitas\u201d, distante de Salvaterra un tiro de mosquete, tan defendible que, na desigualdade entre un e outro poder, facilit\u00e1balles a retirada. Ordenou \u00f3 Axudante de Cabaler\u00eda Labarta que con vinte cabalos atacase \u00f3s sentinelas do inimigo e que si acaso fose repelido, se retirara o abrigo da Infanter\u00eda, tratando de que, o seren perseguidos, ficaran o alcance das balas dos portugueses emboscados. Sa\u00edran con Francisco de Fran\u00e7a cen soldados holandeses (mercenarios?), pero estes o ver o poder\u00edo dos galegos, viraron as costas e seguindo este exemplo outros soldados portugueses retir\u00e1ronse para Salvaterra. Mentres Francisco de Fran\u00e7a, cos soldados que lle ficaran repetiu as cargas, de sorte que os galegos se retiraron con alg\u00fan dano. Axudou a Francisco de Fran\u00e7a a tropa do Capit\u00e1n Diogo de Britto. Nestas medias pasara nun barco a Galiza o Capit\u00e1n Gomes Correa Pereyra coa s\u00faa compa\u00f1\u00eda de Infanter\u00eda, atacou a alg\u00fans galegos que estaban perto do r\u00edo pero visto polo groso das tropas inimigas, elixiu para defenderse un lugar pouco seguro. Mandoulle orden Francisco de Fran\u00e7a que se incorporase onde el pero non quixo obedecer e retirouse de tan mala maneira que poucos cabalos do inimigo bastaron para derrotalo e tirarlle a vida.<\/p>\n\n\n\n<p>El Rey non aprobou o empe\u00f1o que puxo o Conde de Castell Melhor nestas acci\u00f3ns, menos sabendo do poder\u00edo que traian os galegos. Desculpouse o Conde pretendendo que era dar m\u00e1is creto \u00e1s armas portuguesas agardar sempre \u00f3 inimigo fora das Prazas que dentro, por non parecer conquistados. O certo foi o resultado fat\u00eddico dunha operaci\u00f3n temeraria.<\/p>\n\n\n\n<p>Continuar\u00e1\u2026<\/p>\n\n\n\n<p>\u201cHistoria do Portugal Restaurado, Lu\u00eds de Meneses. Biblioteca Nnal. Lisboa.\u201d<\/p>\n\n\n\n<p>Salvaterra de Mi\u00f1o a 17 de decembro do 2023<\/p>\n","protected":false},"excerpt":{"rendered":"<div class=\"mh-excerpt\"><p>Xa entrara o inverno e, tendo o Conde de Castell Melhor noticia de que o inimigo xuntaba xente contra a provincia de Tras os Montes, querendo soc\u00f3rrela, por constarlle que estaba mal defendida, mandou os capit\u00e1ns de cabaler\u00eda Diogo de Britto Coutinho e Antonio de Queyr\u00f3s Mascarenhas, que foran coas s\u00faas compa\u00f1\u00edas a socorrer Chaves <a class=\"mh-excerpt-more\" href=\"https:\/\/www.anovapeneira.gal\/index.php\/2024\/01\/03\/cousas-de-salvaterra-13\/\" title=\"COUSAS DE SALVATERRA\">[&#8230;]<\/a><\/p>\n<\/div>","protected":false},"author":34,"featured_media":11004,"comment_status":"open","ping_status":"open","sticky":false,"template":"","format":"standard","meta":{"_exactmetrics_skip_tracking":false,"_exactmetrics_sitenote_active":false,"_exactmetrics_sitenote_note":"","_exactmetrics_sitenote_category":0,"footnotes":""},"categories":[7],"tags":[1300],"class_list":{"0":"post-11003","1":"post","2":"type-post","3":"status-publish","4":"format-standard","5":"has-post-thumbnail","7":"category-artigos-de-opinion","8":"tag-concello-de-salvaterra-de-mino"},"yoast_head":"<!-- This site is optimized with the Yoast SEO plugin v27.4 - https:\/\/yoast.com\/product\/yoast-seo-wordpress\/ -->\n<title>COUSAS DE SALVATERRA -<\/title>\n<meta name=\"description\" content=\"Xa entrara o inverno e, tendo o Conde de Castell Melhor noticia de que o inimigo xuntaba xente contra a provincia de Tras os Montes, querendo soc\u00f3rrela, por constarlle que estaba mal defendida, mandou os capit\u00e1ns de cabaler\u00eda Diogo de Britto Coutinho e Antonio de Queyr\u00f3s Mascarenhas, que foran coas s\u00faas compa\u00f1\u00edas a socorrer Chaves\" \/>\n<meta name=\"robots\" content=\"index, follow, max-snippet:-1, max-image-preview:large, max-video-preview:-1\" \/>\n<link rel=\"canonical\" href=\"https:\/\/www.anovapeneira.gal\/index.php\/2024\/01\/03\/cousas-de-salvaterra-13\/\" \/>\n<meta property=\"og:locale\" content=\"gl_ES\" \/>\n<meta property=\"og:type\" content=\"article\" \/>\n<meta property=\"og:title\" content=\"COUSAS DE SALVATERRA -\" \/>\n<meta property=\"og:description\" content=\"Xa entrara o inverno e, tendo o Conde de Castell Melhor noticia de que o inimigo xuntaba xente contra a provincia de Tras os Montes, querendo soc\u00f3rrela, por constarlle que estaba mal defendida, mandou os capit\u00e1ns de cabaler\u00eda Diogo de Britto Coutinho e Antonio de Queyr\u00f3s Mascarenhas, que foran coas s\u00faas compa\u00f1\u00edas a socorrer Chaves\" \/>\n<meta property=\"og:url\" content=\"https:\/\/www.anovapeneira.gal\/index.php\/2024\/01\/03\/cousas-de-salvaterra-13\/\" \/>\n<meta property=\"article:publisher\" content=\"https:\/\/www.facebook.com\/anovapeneira\" \/>\n<meta property=\"article:published_time\" content=\"2024-01-03T09:00:28+00:00\" \/>\n<meta property=\"og:image\" content=\"https:\/\/www.anovapeneira.gal\/wp-content\/uploads\/2024\/01\/freixendo.jpg\" \/>\n\t<meta property=\"og:image:width\" content=\"720\" \/>\n\t<meta property=\"og:image:height\" content=\"432\" \/>\n\t<meta property=\"og:image:type\" content=\"image\/jpeg\" \/>\n<meta name=\"author\" content=\"Ant\u00f3n Lorenzo Gonz\u00e1lez\" \/>\n<meta name=\"twitter:card\" content=\"summary_large_image\" \/>\n<meta name=\"twitter:image\" content=\"https:\/\/www.anovapeneira.gal\/wp-content\/uploads\/2024\/01\/freixendo.jpg\" \/>\n<meta name=\"twitter:creator\" content=\"@APeneira\" \/>\n<meta name=\"twitter:site\" content=\"@APeneira\" \/>\n<meta name=\"twitter:label1\" content=\"Escrito por\" \/>\n\t<meta name=\"twitter:data1\" content=\"Ant\u00f3n Lorenzo Gonz\u00e1lez\" \/>\n\t<meta name=\"twitter:label2\" content=\"Tempo de lectura\" \/>\n\t<meta name=\"twitter:data2\" content=\"6 minutos\" \/>\n<script type=\"application\/ld+json\" class=\"yoast-schema-graph\">{\"@context\":\"https:\\\/\\\/schema.org\",\"@graph\":[{\"@type\":\"Article\",\"@id\":\"https:\\\/\\\/www.anovapeneira.gal\\\/index.php\\\/2024\\\/01\\\/03\\\/cousas-de-salvaterra-13\\\/#article\",\"isPartOf\":{\"@id\":\"https:\\\/\\\/www.anovapeneira.gal\\\/index.php\\\/2024\\\/01\\\/03\\\/cousas-de-salvaterra-13\\\/\"},\"author\":{\"name\":\"Ant\u00f3n Lorenzo Gonz\u00e1lez\",\"@id\":\"https:\\\/\\\/www.anovapeneira.gal\\\/#\\\/schema\\\/person\\\/1bf91cd240796d05b6522e3d8a6e2d8e\"},\"headline\":\"COUSAS DE SALVATERRA\",\"datePublished\":\"2024-01-03T09:00:28+00:00\",\"mainEntityOfPage\":{\"@id\":\"https:\\\/\\\/www.anovapeneira.gal\\\/index.php\\\/2024\\\/01\\\/03\\\/cousas-de-salvaterra-13\\\/\"},\"wordCount\":975,\"commentCount\":0,\"publisher\":{\"@id\":\"https:\\\/\\\/www.anovapeneira.gal\\\/#organization\"},\"image\":{\"@id\":\"https:\\\/\\\/www.anovapeneira.gal\\\/index.php\\\/2024\\\/01\\\/03\\\/cousas-de-salvaterra-13\\\/#primaryimage\"},\"thumbnailUrl\":\"https:\\\/\\\/www.anovapeneira.gal\\\/wp-content\\\/uploads\\\/2024\\\/01\\\/freixendo.jpg\",\"keywords\":[\"Concello de Salvaterra de Mi\u00f1o\"],\"articleSection\":[\"Artigos de opini\u00f3n\"],\"inLanguage\":\"gl-ES\",\"potentialAction\":[{\"@type\":\"CommentAction\",\"name\":\"Comment\",\"target\":[\"https:\\\/\\\/www.anovapeneira.gal\\\/index.php\\\/2024\\\/01\\\/03\\\/cousas-de-salvaterra-13\\\/#respond\"]}]},{\"@type\":\"WebPage\",\"@id\":\"https:\\\/\\\/www.anovapeneira.gal\\\/index.php\\\/2024\\\/01\\\/03\\\/cousas-de-salvaterra-13\\\/\",\"url\":\"https:\\\/\\\/www.anovapeneira.gal\\\/index.php\\\/2024\\\/01\\\/03\\\/cousas-de-salvaterra-13\\\/\",\"name\":\"COUSAS DE SALVATERRA -\",\"isPartOf\":{\"@id\":\"https:\\\/\\\/www.anovapeneira.gal\\\/#website\"},\"primaryImageOfPage\":{\"@id\":\"https:\\\/\\\/www.anovapeneira.gal\\\/index.php\\\/2024\\\/01\\\/03\\\/cousas-de-salvaterra-13\\\/#primaryimage\"},\"image\":{\"@id\":\"https:\\\/\\\/www.anovapeneira.gal\\\/index.php\\\/2024\\\/01\\\/03\\\/cousas-de-salvaterra-13\\\/#primaryimage\"},\"thumbnailUrl\":\"https:\\\/\\\/www.anovapeneira.gal\\\/wp-content\\\/uploads\\\/2024\\\/01\\\/freixendo.jpg\",\"datePublished\":\"2024-01-03T09:00:28+00:00\",\"description\":\"Xa entrara o inverno e, tendo o Conde de Castell Melhor noticia de que o inimigo xuntaba xente contra a provincia de Tras os Montes, querendo soc\u00f3rrela, por constarlle que estaba mal defendida, mandou os capit\u00e1ns de cabaler\u00eda Diogo de Britto Coutinho e Antonio de Queyr\u00f3s Mascarenhas, que foran coas s\u00faas compa\u00f1\u00edas a socorrer Chaves\",\"breadcrumb\":{\"@id\":\"https:\\\/\\\/www.anovapeneira.gal\\\/index.php\\\/2024\\\/01\\\/03\\\/cousas-de-salvaterra-13\\\/#breadcrumb\"},\"inLanguage\":\"gl-ES\",\"potentialAction\":[{\"@type\":\"ReadAction\",\"target\":[\"https:\\\/\\\/www.anovapeneira.gal\\\/index.php\\\/2024\\\/01\\\/03\\\/cousas-de-salvaterra-13\\\/\"]}]},{\"@type\":\"ImageObject\",\"inLanguage\":\"gl-ES\",\"@id\":\"https:\\\/\\\/www.anovapeneira.gal\\\/index.php\\\/2024\\\/01\\\/03\\\/cousas-de-salvaterra-13\\\/#primaryimage\",\"url\":\"https:\\\/\\\/www.anovapeneira.gal\\\/wp-content\\\/uploads\\\/2024\\\/01\\\/freixendo.jpg\",\"contentUrl\":\"https:\\\/\\\/www.anovapeneira.gal\\\/wp-content\\\/uploads\\\/2024\\\/01\\\/freixendo.jpg\",\"width\":720,\"height\":432,\"caption\":\"Fonte no lugar de Freixendo\"},{\"@type\":\"BreadcrumbList\",\"@id\":\"https:\\\/\\\/www.anovapeneira.gal\\\/index.php\\\/2024\\\/01\\\/03\\\/cousas-de-salvaterra-13\\\/#breadcrumb\",\"itemListElement\":[{\"@type\":\"ListItem\",\"position\":1,\"name\":\"Portada\",\"item\":\"https:\\\/\\\/www.anovapeneira.gal\\\/\"},{\"@type\":\"ListItem\",\"position\":2,\"name\":\"COUSAS DE SALVATERRA\"}]},{\"@type\":\"WebSite\",\"@id\":\"https:\\\/\\\/www.anovapeneira.gal\\\/#website\",\"url\":\"https:\\\/\\\/www.anovapeneira.gal\\\/\",\"name\":\"\",\"description\":\"Xornal galego de informaci\u00f3n xeral Publicaci\u00f3n mensual de novas de Galicia e en especial dos Concellos da sur da provincia de Pontevedra.\",\"publisher\":{\"@id\":\"https:\\\/\\\/www.anovapeneira.gal\\\/#organization\"},\"potentialAction\":[{\"@type\":\"SearchAction\",\"target\":{\"@type\":\"EntryPoint\",\"urlTemplate\":\"https:\\\/\\\/www.anovapeneira.gal\\\/?s={search_term_string}\"},\"query-input\":{\"@type\":\"PropertyValueSpecification\",\"valueRequired\":true,\"valueName\":\"search_term_string\"}}],\"inLanguage\":\"gl-ES\"},{\"@type\":\"Organization\",\"@id\":\"https:\\\/\\\/www.anovapeneira.gal\\\/#organization\",\"name\":\"A Nova Peneira\",\"url\":\"https:\\\/\\\/www.anovapeneira.gal\\\/\",\"logo\":{\"@type\":\"ImageObject\",\"inLanguage\":\"gl-ES\",\"@id\":\"https:\\\/\\\/www.anovapeneira.gal\\\/#\\\/schema\\\/logo\\\/image\\\/\",\"url\":\"http:\\\/\\\/www.anovapeneira.gal\\\/wp-content\\\/uploads\\\/2019\\\/06\\\/logo_a_nova_peneira_portal_web.png\",\"contentUrl\":\"http:\\\/\\\/www.anovapeneira.gal\\\/wp-content\\\/uploads\\\/2019\\\/06\\\/logo_a_nova_peneira_portal_web.png\",\"width\":300,\"height\":100,\"caption\":\"A Nova Peneira\"},\"image\":{\"@id\":\"https:\\\/\\\/www.anovapeneira.gal\\\/#\\\/schema\\\/logo\\\/image\\\/\"},\"sameAs\":[\"https:\\\/\\\/www.facebook.com\\\/anovapeneira\",\"https:\\\/\\\/x.com\\\/APeneira\"]},{\"@type\":\"Person\",\"@id\":\"https:\\\/\\\/www.anovapeneira.gal\\\/#\\\/schema\\\/person\\\/1bf91cd240796d05b6522e3d8a6e2d8e\",\"name\":\"Ant\u00f3n Lorenzo Gonz\u00e1lez\",\"image\":{\"@type\":\"ImageObject\",\"inLanguage\":\"gl-ES\",\"@id\":\"https:\\\/\\\/secure.gravatar.com\\\/avatar\\\/dcd882e8f4338e07610336943426400d525673506eb37ce59442ba704e5cc971?s=96&d=mm&r=g\",\"url\":\"https:\\\/\\\/secure.gravatar.com\\\/avatar\\\/dcd882e8f4338e07610336943426400d525673506eb37ce59442ba704e5cc971?s=96&d=mm&r=g\",\"contentUrl\":\"https:\\\/\\\/secure.gravatar.com\\\/avatar\\\/dcd882e8f4338e07610336943426400d525673506eb37ce59442ba704e5cc971?s=96&d=mm&r=g\",\"caption\":\"Ant\u00f3n Lorenzo Gonz\u00e1lez\"},\"url\":\"https:\\\/\\\/www.anovapeneira.gal\\\/index.php\\\/author\\\/xaque\\\/\"}]}<\/script>\n<!-- \/ Yoast SEO plugin. -->","yoast_head_json":{"title":"COUSAS DE SALVATERRA -","description":"Xa entrara o inverno e, tendo o Conde de Castell Melhor noticia de que o inimigo xuntaba xente contra a provincia de Tras os Montes, querendo soc\u00f3rrela, por constarlle que estaba mal defendida, mandou os capit\u00e1ns de cabaler\u00eda Diogo de Britto Coutinho e Antonio de Queyr\u00f3s Mascarenhas, que foran coas s\u00faas compa\u00f1\u00edas a socorrer Chaves","robots":{"index":"index","follow":"follow","max-snippet":"max-snippet:-1","max-image-preview":"max-image-preview:large","max-video-preview":"max-video-preview:-1"},"canonical":"https:\/\/www.anovapeneira.gal\/index.php\/2024\/01\/03\/cousas-de-salvaterra-13\/","og_locale":"gl_ES","og_type":"article","og_title":"COUSAS DE SALVATERRA -","og_description":"Xa entrara o inverno e, tendo o Conde de Castell Melhor noticia de que o inimigo xuntaba xente contra a provincia de Tras os Montes, querendo soc\u00f3rrela, por constarlle que estaba mal defendida, mandou os capit\u00e1ns de cabaler\u00eda Diogo de Britto Coutinho e Antonio de Queyr\u00f3s Mascarenhas, que foran coas s\u00faas compa\u00f1\u00edas a socorrer Chaves","og_url":"https:\/\/www.anovapeneira.gal\/index.php\/2024\/01\/03\/cousas-de-salvaterra-13\/","article_publisher":"https:\/\/www.facebook.com\/anovapeneira","article_published_time":"2024-01-03T09:00:28+00:00","og_image":[{"width":720,"height":432,"url":"https:\/\/www.anovapeneira.gal\/wp-content\/uploads\/2024\/01\/freixendo.jpg","type":"image\/jpeg"}],"author":"Ant\u00f3n Lorenzo Gonz\u00e1lez","twitter_card":"summary_large_image","twitter_image":"https:\/\/www.anovapeneira.gal\/wp-content\/uploads\/2024\/01\/freixendo.jpg","twitter_creator":"@APeneira","twitter_site":"@APeneira","twitter_misc":{"Escrito por":"Ant\u00f3n Lorenzo Gonz\u00e1lez","Tempo de lectura":"6 minutos"},"schema":{"@context":"https:\/\/schema.org","@graph":[{"@type":"Article","@id":"https:\/\/www.anovapeneira.gal\/index.php\/2024\/01\/03\/cousas-de-salvaterra-13\/#article","isPartOf":{"@id":"https:\/\/www.anovapeneira.gal\/index.php\/2024\/01\/03\/cousas-de-salvaterra-13\/"},"author":{"name":"Ant\u00f3n Lorenzo Gonz\u00e1lez","@id":"https:\/\/www.anovapeneira.gal\/#\/schema\/person\/1bf91cd240796d05b6522e3d8a6e2d8e"},"headline":"COUSAS DE SALVATERRA","datePublished":"2024-01-03T09:00:28+00:00","mainEntityOfPage":{"@id":"https:\/\/www.anovapeneira.gal\/index.php\/2024\/01\/03\/cousas-de-salvaterra-13\/"},"wordCount":975,"commentCount":0,"publisher":{"@id":"https:\/\/www.anovapeneira.gal\/#organization"},"image":{"@id":"https:\/\/www.anovapeneira.gal\/index.php\/2024\/01\/03\/cousas-de-salvaterra-13\/#primaryimage"},"thumbnailUrl":"https:\/\/www.anovapeneira.gal\/wp-content\/uploads\/2024\/01\/freixendo.jpg","keywords":["Concello de Salvaterra de Mi\u00f1o"],"articleSection":["Artigos de opini\u00f3n"],"inLanguage":"gl-ES","potentialAction":[{"@type":"CommentAction","name":"Comment","target":["https:\/\/www.anovapeneira.gal\/index.php\/2024\/01\/03\/cousas-de-salvaterra-13\/#respond"]}]},{"@type":"WebPage","@id":"https:\/\/www.anovapeneira.gal\/index.php\/2024\/01\/03\/cousas-de-salvaterra-13\/","url":"https:\/\/www.anovapeneira.gal\/index.php\/2024\/01\/03\/cousas-de-salvaterra-13\/","name":"COUSAS DE SALVATERRA -","isPartOf":{"@id":"https:\/\/www.anovapeneira.gal\/#website"},"primaryImageOfPage":{"@id":"https:\/\/www.anovapeneira.gal\/index.php\/2024\/01\/03\/cousas-de-salvaterra-13\/#primaryimage"},"image":{"@id":"https:\/\/www.anovapeneira.gal\/index.php\/2024\/01\/03\/cousas-de-salvaterra-13\/#primaryimage"},"thumbnailUrl":"https:\/\/www.anovapeneira.gal\/wp-content\/uploads\/2024\/01\/freixendo.jpg","datePublished":"2024-01-03T09:00:28+00:00","description":"Xa entrara o inverno e, tendo o Conde de Castell Melhor noticia de que o inimigo xuntaba xente contra a provincia de Tras os Montes, querendo soc\u00f3rrela, por constarlle que estaba mal defendida, mandou os capit\u00e1ns de cabaler\u00eda Diogo de Britto Coutinho e Antonio de Queyr\u00f3s Mascarenhas, que foran coas s\u00faas compa\u00f1\u00edas a socorrer Chaves","breadcrumb":{"@id":"https:\/\/www.anovapeneira.gal\/index.php\/2024\/01\/03\/cousas-de-salvaterra-13\/#breadcrumb"},"inLanguage":"gl-ES","potentialAction":[{"@type":"ReadAction","target":["https:\/\/www.anovapeneira.gal\/index.php\/2024\/01\/03\/cousas-de-salvaterra-13\/"]}]},{"@type":"ImageObject","inLanguage":"gl-ES","@id":"https:\/\/www.anovapeneira.gal\/index.php\/2024\/01\/03\/cousas-de-salvaterra-13\/#primaryimage","url":"https:\/\/www.anovapeneira.gal\/wp-content\/uploads\/2024\/01\/freixendo.jpg","contentUrl":"https:\/\/www.anovapeneira.gal\/wp-content\/uploads\/2024\/01\/freixendo.jpg","width":720,"height":432,"caption":"Fonte no lugar de Freixendo"},{"@type":"BreadcrumbList","@id":"https:\/\/www.anovapeneira.gal\/index.php\/2024\/01\/03\/cousas-de-salvaterra-13\/#breadcrumb","itemListElement":[{"@type":"ListItem","position":1,"name":"Portada","item":"https:\/\/www.anovapeneira.gal\/"},{"@type":"ListItem","position":2,"name":"COUSAS DE SALVATERRA"}]},{"@type":"WebSite","@id":"https:\/\/www.anovapeneira.gal\/#website","url":"https:\/\/www.anovapeneira.gal\/","name":"","description":"Xornal galego de informaci\u00f3n xeral Publicaci\u00f3n mensual de novas de Galicia e en especial dos Concellos da sur da provincia de Pontevedra.","publisher":{"@id":"https:\/\/www.anovapeneira.gal\/#organization"},"potentialAction":[{"@type":"SearchAction","target":{"@type":"EntryPoint","urlTemplate":"https:\/\/www.anovapeneira.gal\/?s={search_term_string}"},"query-input":{"@type":"PropertyValueSpecification","valueRequired":true,"valueName":"search_term_string"}}],"inLanguage":"gl-ES"},{"@type":"Organization","@id":"https:\/\/www.anovapeneira.gal\/#organization","name":"A Nova Peneira","url":"https:\/\/www.anovapeneira.gal\/","logo":{"@type":"ImageObject","inLanguage":"gl-ES","@id":"https:\/\/www.anovapeneira.gal\/#\/schema\/logo\/image\/","url":"http:\/\/www.anovapeneira.gal\/wp-content\/uploads\/2019\/06\/logo_a_nova_peneira_portal_web.png","contentUrl":"http:\/\/www.anovapeneira.gal\/wp-content\/uploads\/2019\/06\/logo_a_nova_peneira_portal_web.png","width":300,"height":100,"caption":"A Nova Peneira"},"image":{"@id":"https:\/\/www.anovapeneira.gal\/#\/schema\/logo\/image\/"},"sameAs":["https:\/\/www.facebook.com\/anovapeneira","https:\/\/x.com\/APeneira"]},{"@type":"Person","@id":"https:\/\/www.anovapeneira.gal\/#\/schema\/person\/1bf91cd240796d05b6522e3d8a6e2d8e","name":"Ant\u00f3n Lorenzo Gonz\u00e1lez","image":{"@type":"ImageObject","inLanguage":"gl-ES","@id":"https:\/\/secure.gravatar.com\/avatar\/dcd882e8f4338e07610336943426400d525673506eb37ce59442ba704e5cc971?s=96&d=mm&r=g","url":"https:\/\/secure.gravatar.com\/avatar\/dcd882e8f4338e07610336943426400d525673506eb37ce59442ba704e5cc971?s=96&d=mm&r=g","contentUrl":"https:\/\/secure.gravatar.com\/avatar\/dcd882e8f4338e07610336943426400d525673506eb37ce59442ba704e5cc971?s=96&d=mm&r=g","caption":"Ant\u00f3n Lorenzo Gonz\u00e1lez"},"url":"https:\/\/www.anovapeneira.gal\/index.php\/author\/xaque\/"}]}},"jetpack_featured_media_url":"https:\/\/www.anovapeneira.gal\/wp-content\/uploads\/2024\/01\/freixendo.jpg","_links":{"self":[{"href":"https:\/\/www.anovapeneira.gal\/index.php\/wp-json\/wp\/v2\/posts\/11003","targetHints":{"allow":["GET"]}}],"collection":[{"href":"https:\/\/www.anovapeneira.gal\/index.php\/wp-json\/wp\/v2\/posts"}],"about":[{"href":"https:\/\/www.anovapeneira.gal\/index.php\/wp-json\/wp\/v2\/types\/post"}],"author":[{"embeddable":true,"href":"https:\/\/www.anovapeneira.gal\/index.php\/wp-json\/wp\/v2\/users\/34"}],"replies":[{"embeddable":true,"href":"https:\/\/www.anovapeneira.gal\/index.php\/wp-json\/wp\/v2\/comments?post=11003"}],"version-history":[{"count":1,"href":"https:\/\/www.anovapeneira.gal\/index.php\/wp-json\/wp\/v2\/posts\/11003\/revisions"}],"predecessor-version":[{"id":11005,"href":"https:\/\/www.anovapeneira.gal\/index.php\/wp-json\/wp\/v2\/posts\/11003\/revisions\/11005"}],"wp:featuredmedia":[{"embeddable":true,"href":"https:\/\/www.anovapeneira.gal\/index.php\/wp-json\/wp\/v2\/media\/11004"}],"wp:attachment":[{"href":"https:\/\/www.anovapeneira.gal\/index.php\/wp-json\/wp\/v2\/media?parent=11003"}],"wp:term":[{"taxonomy":"category","embeddable":true,"href":"https:\/\/www.anovapeneira.gal\/index.php\/wp-json\/wp\/v2\/categories?post=11003"},{"taxonomy":"post_tag","embeddable":true,"href":"https:\/\/www.anovapeneira.gal\/index.php\/wp-json\/wp\/v2\/tags?post=11003"}],"curies":[{"name":"wp","href":"https:\/\/api.w.org\/{rel}","templated":true}]}}