{"id":11006,"date":"2024-01-03T12:00:31","date_gmt":"2024-01-03T11:00:31","guid":{"rendered":"https:\/\/www.anovapeneira.gal\/?p=11006"},"modified":"2024-01-02T11:22:58","modified_gmt":"2024-01-02T10:22:58","slug":"redondela-executa-preto-dun-90-dos-fondos-europeos-edusi","status":"publish","type":"post","link":"https:\/\/www.anovapeneira.gal\/index.php\/2024\/01\/03\/redondela-executa-preto-dun-90-dos-fondos-europeos-edusi\/","title":{"rendered":"Redondela executa preto dun 90% dos fondos europeos EDUSI"},"content":{"rendered":"\n<p>Redondela, 30 de decembro de 2023. O Concello de Redondela executou neste ano 2023 m\u00e1is de 5,4 mill\u00f3ns de euros das axudas europeas de fondos EDUSI (5.432.801,84 \u20ac) nos diferentes proxectos subvencionados. Estes fondos da UE serviron para facer realidade importantes obras, mellorar infraestruturas municipais e po\u00f1er en marcha novos servizos tecnol\u00f3xicos para a cidadan\u00eda. Os traballos realizados supo\u00f1en un investimento total de 5.432.801,84 \u20ac, o que representa unha porcentaxe total do 87% do programa.<\/p>\n\n\n\n<p>Entre as obras executadas incl\u00faese a urbanizaci\u00f3n da alameda Rosal\u00eda de Castro de Chapela e a s\u00faa contorna (490.869,77 \u20ac) e as instalaci\u00f3ns deportivas do skatepark e baloncesto en Redondela e o skatepark na v\u00eda verde de Chapela (738.400 \u20ac). Mellorouse a mobilidade e a seguridade viaria coa renovaci\u00f3n da Praza de Ponteareas (1.091.000 \u20ac).<\/p>\n\n\n\n<p>Cre\u00e1ronse novas sendas verdes e paseos peon\u00eds que serviron para recuperar espazos naturais, como a V\u00eda Verde para uso peonil e ciclista na antiga v\u00eda de ferrocarril de Chapela (806.084,47 \u20ac).<\/p>\n\n\n\n<p>Outros traballos serviron para po\u00f1er en valor o patrimonio hist\u00f3rico e cultural de Redondela, como a conservaci\u00f3n e mantemento do cemiterio dos Eidos (285.655,93 \u20ac) e a remodelaci\u00f3n da oficina de Turismo e a aula Etnogr\u00e1fica no antigo conservatorio (343.887,64 \u20ac).<\/p>\n\n\n\n<p>Outras melloras realizadas grazas aos fondos europeos EDUSI Redondela 2020 foron o acondicionamento e mellora enerx\u00e9tica da casa consistorial (530.435,21 \u20ac) e na oficina de Servizos Sociais de Chapela e o departamento de Atenci\u00f3n \u00e1 Muller ( 490.869,77 \u20ac).<\/p>\n\n\n\n<p>Outro dos \u00e1mbitos de actuaci\u00f3n dos fondos europeos son as novas tecnolox\u00edas. Grazas \u00e1 subvenci\u00f3 mellor\u00e1ronse as TICs no Concello para lograr unha Administraci\u00f3n electr\u00f3nica plena e transparente cos servizos de Smart Cities e unha nova plataforma para a veci\u00f1anza, as\u00ed como novos enlaces de comunicaci\u00f3ns e puntos inal\u00e1mbricos (403.834,28 \u20ac).<\/p>\n\n\n\n<p>No caso da rehabilitaci\u00f3n das antigas casas dos mestres as obras demor\u00e1ronse por mor de problemas atopados na cimentaci\u00f3n, o que obrigou a adiar os traballos. Con todo, desde o Concello anuncian que \u201co novo museo etnogr\u00e1fico \u00c1ngel Barros previsto nesta edificaci\u00f3n construirase igualmente e ser\u00e1 unha realidade neste 2024\u201d.<\/p>\n","protected":false},"excerpt":{"rendered":"<div class=\"mh-excerpt\"><p>Redondela, 30 de decembro de 2023. O Concello de Redondela executou neste ano 2023 m\u00e1is de 5,4 mill\u00f3ns de euros das axudas europeas de fondos EDUSI (5.432.801,84 \u20ac) nos diferentes proxectos subvencionados <a class=\"mh-excerpt-more\" href=\"https:\/\/www.anovapeneira.gal\/index.php\/2024\/01\/03\/redondela-executa-preto-dun-90-dos-fondos-europeos-edusi\/\" title=\"Redondela executa preto dun 90% dos fondos europeos EDUSI\">[&#8230;]<\/a><\/p>\n<\/div>","protected":false},"author":1,"featured_media":1456,"comment_status":"open","ping_status":"open","sticky":false,"template":"","format":"standard","meta":{"_exactmetrics_skip_tracking":false,"_exactmetrics_sitenote_active":false,"_exactmetrics_sitenote_note":"","_exactmetrics_sitenote_category":0,"footnotes":""},"categories":[24],"tags":[171],"class_list":{"0":"post-11006","1":"post","2":"type-post","3":"status-publish","4":"format-standard","5":"has-post-thumbnail","7":"category-redondela","8":"tag-concello-de-redondela"},"yoast_head":"<!-- This site is optimized with the Yoast SEO plugin v27.4 - https:\/\/yoast.com\/product\/yoast-seo-wordpress\/ -->\n<title>Redondela executa preto dun 90% dos fondos europeos EDUSI -<\/title>\n<meta name=\"description\" content=\"Redondela, 30 de decembro de 2023. O Concello de Redondela executou neste ano 2023 m\u00e1is de 5,4 mill\u00f3ns de euros das axudas europeas de fondos EDUSI (5.432.801,84 \u20ac) nos diferentes proxectos subvencionados\" \/>\n<meta name=\"robots\" content=\"index, follow, max-snippet:-1, max-image-preview:large, max-video-preview:-1\" \/>\n<link rel=\"canonical\" href=\"https:\/\/www.anovapeneira.gal\/index.php\/2024\/01\/03\/redondela-executa-preto-dun-90-dos-fondos-europeos-edusi\/\" \/>\n<meta property=\"og:locale\" content=\"gl_ES\" \/>\n<meta property=\"og:type\" content=\"article\" \/>\n<meta property=\"og:title\" content=\"Redondela executa preto dun 90% dos fondos europeos EDUSI -\" \/>\n<meta property=\"og:description\" content=\"Redondela, 30 de decembro de 2023. O Concello de Redondela executou neste ano 2023 m\u00e1is de 5,4 mill\u00f3ns de euros das axudas europeas de fondos EDUSI (5.432.801,84 \u20ac) nos diferentes proxectos subvencionados\" \/>\n<meta property=\"og:url\" content=\"https:\/\/www.anovapeneira.gal\/index.php\/2024\/01\/03\/redondela-executa-preto-dun-90-dos-fondos-europeos-edusi\/\" \/>\n<meta property=\"article:publisher\" content=\"https:\/\/www.facebook.com\/anovapeneira\" \/>\n<meta property=\"article:author\" content=\"https:\/\/www.facebook.com\/anovapeneira\/\" \/>\n<meta property=\"article:published_time\" content=\"2024-01-03T11:00:31+00:00\" \/>\n<meta property=\"og:image\" content=\"https:\/\/www.anovapeneira.gal\/wp-content\/uploads\/2019\/10\/concelloredondela_a_nova_peneira.jpg\" \/>\n\t<meta property=\"og:image:width\" content=\"720\" \/>\n\t<meta property=\"og:image:height\" content=\"473\" \/>\n\t<meta property=\"og:image:type\" content=\"image\/jpeg\" \/>\n<meta name=\"author\" content=\"admin\" \/>\n<meta name=\"twitter:card\" content=\"summary_large_image\" \/>\n<meta name=\"twitter:creator\" content=\"@APeneira\" \/>\n<meta name=\"twitter:site\" content=\"@APeneira\" \/>\n<meta name=\"twitter:label1\" content=\"Escrito por\" \/>\n\t<meta name=\"twitter:data1\" content=\"admin\" \/>\n\t<meta name=\"twitter:label2\" content=\"Tempo de lectura\" \/>\n\t<meta name=\"twitter:data2\" content=\"3 minutos\" \/>\n<script type=\"application\/ld+json\" class=\"yoast-schema-graph\">{\"@context\":\"https:\\\/\\\/schema.org\",\"@graph\":[{\"@type\":\"Article\",\"@id\":\"https:\\\/\\\/www.anovapeneira.gal\\\/index.php\\\/2024\\\/01\\\/03\\\/redondela-executa-preto-dun-90-dos-fondos-europeos-edusi\\\/#article\",\"isPartOf\":{\"@id\":\"https:\\\/\\\/www.anovapeneira.gal\\\/index.php\\\/2024\\\/01\\\/03\\\/redondela-executa-preto-dun-90-dos-fondos-europeos-edusi\\\/\"},\"author\":{\"name\":\"admin\",\"@id\":\"https:\\\/\\\/www.anovapeneira.gal\\\/#\\\/schema\\\/person\\\/fb77575328c93684dae4b0075f90c2cb\"},\"headline\":\"Redondela executa preto dun 90% dos fondos europeos EDUSI\",\"datePublished\":\"2024-01-03T11:00:31+00:00\",\"mainEntityOfPage\":{\"@id\":\"https:\\\/\\\/www.anovapeneira.gal\\\/index.php\\\/2024\\\/01\\\/03\\\/redondela-executa-preto-dun-90-dos-fondos-europeos-edusi\\\/\"},\"wordCount\":355,\"commentCount\":0,\"publisher\":{\"@id\":\"https:\\\/\\\/www.anovapeneira.gal\\\/#organization\"},\"image\":{\"@id\":\"https:\\\/\\\/www.anovapeneira.gal\\\/index.php\\\/2024\\\/01\\\/03\\\/redondela-executa-preto-dun-90-dos-fondos-europeos-edusi\\\/#primaryimage\"},\"thumbnailUrl\":\"https:\\\/\\\/www.anovapeneira.gal\\\/wp-content\\\/uploads\\\/2019\\\/10\\\/concelloredondela_a_nova_peneira.jpg\",\"keywords\":[\"Concello de Redondela\"],\"articleSection\":[\"Redondela\"],\"inLanguage\":\"gl-ES\",\"potentialAction\":[{\"@type\":\"CommentAction\",\"name\":\"Comment\",\"target\":[\"https:\\\/\\\/www.anovapeneira.gal\\\/index.php\\\/2024\\\/01\\\/03\\\/redondela-executa-preto-dun-90-dos-fondos-europeos-edusi\\\/#respond\"]}]},{\"@type\":\"WebPage\",\"@id\":\"https:\\\/\\\/www.anovapeneira.gal\\\/index.php\\\/2024\\\/01\\\/03\\\/redondela-executa-preto-dun-90-dos-fondos-europeos-edusi\\\/\",\"url\":\"https:\\\/\\\/www.anovapeneira.gal\\\/index.php\\\/2024\\\/01\\\/03\\\/redondela-executa-preto-dun-90-dos-fondos-europeos-edusi\\\/\",\"name\":\"Redondela executa preto dun 90% dos fondos europeos EDUSI -\",\"isPartOf\":{\"@id\":\"https:\\\/\\\/www.anovapeneira.gal\\\/#website\"},\"primaryImageOfPage\":{\"@id\":\"https:\\\/\\\/www.anovapeneira.gal\\\/index.php\\\/2024\\\/01\\\/03\\\/redondela-executa-preto-dun-90-dos-fondos-europeos-edusi\\\/#primaryimage\"},\"image\":{\"@id\":\"https:\\\/\\\/www.anovapeneira.gal\\\/index.php\\\/2024\\\/01\\\/03\\\/redondela-executa-preto-dun-90-dos-fondos-europeos-edusi\\\/#primaryimage\"},\"thumbnailUrl\":\"https:\\\/\\\/www.anovapeneira.gal\\\/wp-content\\\/uploads\\\/2019\\\/10\\\/concelloredondela_a_nova_peneira.jpg\",\"datePublished\":\"2024-01-03T11:00:31+00:00\",\"description\":\"Redondela, 30 de decembro de 2023. O Concello de Redondela executou neste ano 2023 m\u00e1is de 5,4 mill\u00f3ns de euros das axudas europeas de fondos EDUSI (5.432.801,84 \u20ac) nos diferentes proxectos subvencionados\",\"breadcrumb\":{\"@id\":\"https:\\\/\\\/www.anovapeneira.gal\\\/index.php\\\/2024\\\/01\\\/03\\\/redondela-executa-preto-dun-90-dos-fondos-europeos-edusi\\\/#breadcrumb\"},\"inLanguage\":\"gl-ES\",\"potentialAction\":[{\"@type\":\"ReadAction\",\"target\":[\"https:\\\/\\\/www.anovapeneira.gal\\\/index.php\\\/2024\\\/01\\\/03\\\/redondela-executa-preto-dun-90-dos-fondos-europeos-edusi\\\/\"]}]},{\"@type\":\"ImageObject\",\"inLanguage\":\"gl-ES\",\"@id\":\"https:\\\/\\\/www.anovapeneira.gal\\\/index.php\\\/2024\\\/01\\\/03\\\/redondela-executa-preto-dun-90-dos-fondos-europeos-edusi\\\/#primaryimage\",\"url\":\"https:\\\/\\\/www.anovapeneira.gal\\\/wp-content\\\/uploads\\\/2019\\\/10\\\/concelloredondela_a_nova_peneira.jpg\",\"contentUrl\":\"https:\\\/\\\/www.anovapeneira.gal\\\/wp-content\\\/uploads\\\/2019\\\/10\\\/concelloredondela_a_nova_peneira.jpg\",\"width\":720,\"height\":473,\"caption\":\"Concello de Redondela A Nova Peneira\"},{\"@type\":\"BreadcrumbList\",\"@id\":\"https:\\\/\\\/www.anovapeneira.gal\\\/index.php\\\/2024\\\/01\\\/03\\\/redondela-executa-preto-dun-90-dos-fondos-europeos-edusi\\\/#breadcrumb\",\"itemListElement\":[{\"@type\":\"ListItem\",\"position\":1,\"name\":\"Portada\",\"item\":\"https:\\\/\\\/www.anovapeneira.gal\\\/\"},{\"@type\":\"ListItem\",\"position\":2,\"name\":\"Redondela executa preto dun 90% dos fondos europeos EDUSI\"}]},{\"@type\":\"WebSite\",\"@id\":\"https:\\\/\\\/www.anovapeneira.gal\\\/#website\",\"url\":\"https:\\\/\\\/www.anovapeneira.gal\\\/\",\"name\":\"\",\"description\":\"Xornal galego de informaci\u00f3n xeral Publicaci\u00f3n mensual de novas de Galicia e en especial dos Concellos da sur da provincia de Pontevedra.\",\"publisher\":{\"@id\":\"https:\\\/\\\/www.anovapeneira.gal\\\/#organization\"},\"potentialAction\":[{\"@type\":\"SearchAction\",\"target\":{\"@type\":\"EntryPoint\",\"urlTemplate\":\"https:\\\/\\\/www.anovapeneira.gal\\\/?s={search_term_string}\"},\"query-input\":{\"@type\":\"PropertyValueSpecification\",\"valueRequired\":true,\"valueName\":\"search_term_string\"}}],\"inLanguage\":\"gl-ES\"},{\"@type\":\"Organization\",\"@id\":\"https:\\\/\\\/www.anovapeneira.gal\\\/#organization\",\"name\":\"A Nova Peneira\",\"url\":\"https:\\\/\\\/www.anovapeneira.gal\\\/\",\"logo\":{\"@type\":\"ImageObject\",\"inLanguage\":\"gl-ES\",\"@id\":\"https:\\\/\\\/www.anovapeneira.gal\\\/#\\\/schema\\\/logo\\\/image\\\/\",\"url\":\"http:\\\/\\\/www.anovapeneira.gal\\\/wp-content\\\/uploads\\\/2019\\\/06\\\/logo_a_nova_peneira_portal_web.png\",\"contentUrl\":\"http:\\\/\\\/www.anovapeneira.gal\\\/wp-content\\\/uploads\\\/2019\\\/06\\\/logo_a_nova_peneira_portal_web.png\",\"width\":300,\"height\":100,\"caption\":\"A Nova Peneira\"},\"image\":{\"@id\":\"https:\\\/\\\/www.anovapeneira.gal\\\/#\\\/schema\\\/logo\\\/image\\\/\"},\"sameAs\":[\"https:\\\/\\\/www.facebook.com\\\/anovapeneira\",\"https:\\\/\\\/x.com\\\/APeneira\"]},{\"@type\":\"Person\",\"@id\":\"https:\\\/\\\/www.anovapeneira.gal\\\/#\\\/schema\\\/person\\\/fb77575328c93684dae4b0075f90c2cb\",\"name\":\"admin\",\"image\":{\"@type\":\"ImageObject\",\"inLanguage\":\"gl-ES\",\"@id\":\"https:\\\/\\\/secure.gravatar.com\\\/avatar\\\/df15c36ce375448325e0bc870e91bbee95947a002eb98dcfd6c2b053e18843e9?s=96&d=mm&r=g\",\"url\":\"https:\\\/\\\/secure.gravatar.com\\\/avatar\\\/df15c36ce375448325e0bc870e91bbee95947a002eb98dcfd6c2b053e18843e9?s=96&d=mm&r=g\",\"contentUrl\":\"https:\\\/\\\/secure.gravatar.com\\\/avatar\\\/df15c36ce375448325e0bc870e91bbee95947a002eb98dcfd6c2b053e18843e9?s=96&d=mm&r=g\",\"caption\":\"admin\"},\"description\":\"Xornal galego de informaci\u00f3n xeral Publicaci\u00f3n mensual de novas de Galicia e en especial dos Concellos da sur da provincia de Pontevedra.\",\"sameAs\":[\"http:\\\/\\\/www.anovapeneira.gal\\\/\",\"https:\\\/\\\/www.facebook.com\\\/anovapeneira\\\/\"],\"url\":\"https:\\\/\\\/www.anovapeneira.gal\\\/index.php\\\/author\\\/admin\\\/\"}]}<\/script>\n<!-- \/ Yoast SEO plugin. -->","yoast_head_json":{"title":"Redondela executa preto dun 90% dos fondos europeos EDUSI -","description":"Redondela, 30 de decembro de 2023. O Concello de Redondela executou neste ano 2023 m\u00e1is de 5,4 mill\u00f3ns de euros das axudas europeas de fondos EDUSI (5.432.801,84 \u20ac) nos diferentes proxectos subvencionados","robots":{"index":"index","follow":"follow","max-snippet":"max-snippet:-1","max-image-preview":"max-image-preview:large","max-video-preview":"max-video-preview:-1"},"canonical":"https:\/\/www.anovapeneira.gal\/index.php\/2024\/01\/03\/redondela-executa-preto-dun-90-dos-fondos-europeos-edusi\/","og_locale":"gl_ES","og_type":"article","og_title":"Redondela executa preto dun 90% dos fondos europeos EDUSI -","og_description":"Redondela, 30 de decembro de 2023. O Concello de Redondela executou neste ano 2023 m\u00e1is de 5,4 mill\u00f3ns de euros das axudas europeas de fondos EDUSI (5.432.801,84 \u20ac) nos diferentes proxectos subvencionados","og_url":"https:\/\/www.anovapeneira.gal\/index.php\/2024\/01\/03\/redondela-executa-preto-dun-90-dos-fondos-europeos-edusi\/","article_publisher":"https:\/\/www.facebook.com\/anovapeneira","article_author":"https:\/\/www.facebook.com\/anovapeneira\/","article_published_time":"2024-01-03T11:00:31+00:00","og_image":[{"width":720,"height":473,"url":"https:\/\/www.anovapeneira.gal\/wp-content\/uploads\/2019\/10\/concelloredondela_a_nova_peneira.jpg","type":"image\/jpeg"}],"author":"admin","twitter_card":"summary_large_image","twitter_creator":"@APeneira","twitter_site":"@APeneira","twitter_misc":{"Escrito por":"admin","Tempo de lectura":"3 minutos"},"schema":{"@context":"https:\/\/schema.org","@graph":[{"@type":"Article","@id":"https:\/\/www.anovapeneira.gal\/index.php\/2024\/01\/03\/redondela-executa-preto-dun-90-dos-fondos-europeos-edusi\/#article","isPartOf":{"@id":"https:\/\/www.anovapeneira.gal\/index.php\/2024\/01\/03\/redondela-executa-preto-dun-90-dos-fondos-europeos-edusi\/"},"author":{"name":"admin","@id":"https:\/\/www.anovapeneira.gal\/#\/schema\/person\/fb77575328c93684dae4b0075f90c2cb"},"headline":"Redondela executa preto dun 90% dos fondos europeos EDUSI","datePublished":"2024-01-03T11:00:31+00:00","mainEntityOfPage":{"@id":"https:\/\/www.anovapeneira.gal\/index.php\/2024\/01\/03\/redondela-executa-preto-dun-90-dos-fondos-europeos-edusi\/"},"wordCount":355,"commentCount":0,"publisher":{"@id":"https:\/\/www.anovapeneira.gal\/#organization"},"image":{"@id":"https:\/\/www.anovapeneira.gal\/index.php\/2024\/01\/03\/redondela-executa-preto-dun-90-dos-fondos-europeos-edusi\/#primaryimage"},"thumbnailUrl":"https:\/\/www.anovapeneira.gal\/wp-content\/uploads\/2019\/10\/concelloredondela_a_nova_peneira.jpg","keywords":["Concello de Redondela"],"articleSection":["Redondela"],"inLanguage":"gl-ES","potentialAction":[{"@type":"CommentAction","name":"Comment","target":["https:\/\/www.anovapeneira.gal\/index.php\/2024\/01\/03\/redondela-executa-preto-dun-90-dos-fondos-europeos-edusi\/#respond"]}]},{"@type":"WebPage","@id":"https:\/\/www.anovapeneira.gal\/index.php\/2024\/01\/03\/redondela-executa-preto-dun-90-dos-fondos-europeos-edusi\/","url":"https:\/\/www.anovapeneira.gal\/index.php\/2024\/01\/03\/redondela-executa-preto-dun-90-dos-fondos-europeos-edusi\/","name":"Redondela executa preto dun 90% dos fondos europeos EDUSI -","isPartOf":{"@id":"https:\/\/www.anovapeneira.gal\/#website"},"primaryImageOfPage":{"@id":"https:\/\/www.anovapeneira.gal\/index.php\/2024\/01\/03\/redondela-executa-preto-dun-90-dos-fondos-europeos-edusi\/#primaryimage"},"image":{"@id":"https:\/\/www.anovapeneira.gal\/index.php\/2024\/01\/03\/redondela-executa-preto-dun-90-dos-fondos-europeos-edusi\/#primaryimage"},"thumbnailUrl":"https:\/\/www.anovapeneira.gal\/wp-content\/uploads\/2019\/10\/concelloredondela_a_nova_peneira.jpg","datePublished":"2024-01-03T11:00:31+00:00","description":"Redondela, 30 de decembro de 2023. O Concello de Redondela executou neste ano 2023 m\u00e1is de 5,4 mill\u00f3ns de euros das axudas europeas de fondos EDUSI (5.432.801,84 \u20ac) nos diferentes proxectos subvencionados","breadcrumb":{"@id":"https:\/\/www.anovapeneira.gal\/index.php\/2024\/01\/03\/redondela-executa-preto-dun-90-dos-fondos-europeos-edusi\/#breadcrumb"},"inLanguage":"gl-ES","potentialAction":[{"@type":"ReadAction","target":["https:\/\/www.anovapeneira.gal\/index.php\/2024\/01\/03\/redondela-executa-preto-dun-90-dos-fondos-europeos-edusi\/"]}]},{"@type":"ImageObject","inLanguage":"gl-ES","@id":"https:\/\/www.anovapeneira.gal\/index.php\/2024\/01\/03\/redondela-executa-preto-dun-90-dos-fondos-europeos-edusi\/#primaryimage","url":"https:\/\/www.anovapeneira.gal\/wp-content\/uploads\/2019\/10\/concelloredondela_a_nova_peneira.jpg","contentUrl":"https:\/\/www.anovapeneira.gal\/wp-content\/uploads\/2019\/10\/concelloredondela_a_nova_peneira.jpg","width":720,"height":473,"caption":"Concello de Redondela A Nova Peneira"},{"@type":"BreadcrumbList","@id":"https:\/\/www.anovapeneira.gal\/index.php\/2024\/01\/03\/redondela-executa-preto-dun-90-dos-fondos-europeos-edusi\/#breadcrumb","itemListElement":[{"@type":"ListItem","position":1,"name":"Portada","item":"https:\/\/www.anovapeneira.gal\/"},{"@type":"ListItem","position":2,"name":"Redondela executa preto dun 90% dos fondos europeos EDUSI"}]},{"@type":"WebSite","@id":"https:\/\/www.anovapeneira.gal\/#website","url":"https:\/\/www.anovapeneira.gal\/","name":"","description":"Xornal galego de informaci\u00f3n xeral Publicaci\u00f3n mensual de novas de Galicia e en especial dos Concellos da sur da provincia de Pontevedra.","publisher":{"@id":"https:\/\/www.anovapeneira.gal\/#organization"},"potentialAction":[{"@type":"SearchAction","target":{"@type":"EntryPoint","urlTemplate":"https:\/\/www.anovapeneira.gal\/?s={search_term_string}"},"query-input":{"@type":"PropertyValueSpecification","valueRequired":true,"valueName":"search_term_string"}}],"inLanguage":"gl-ES"},{"@type":"Organization","@id":"https:\/\/www.anovapeneira.gal\/#organization","name":"A Nova Peneira","url":"https:\/\/www.anovapeneira.gal\/","logo":{"@type":"ImageObject","inLanguage":"gl-ES","@id":"https:\/\/www.anovapeneira.gal\/#\/schema\/logo\/image\/","url":"http:\/\/www.anovapeneira.gal\/wp-content\/uploads\/2019\/06\/logo_a_nova_peneira_portal_web.png","contentUrl":"http:\/\/www.anovapeneira.gal\/wp-content\/uploads\/2019\/06\/logo_a_nova_peneira_portal_web.png","width":300,"height":100,"caption":"A Nova Peneira"},"image":{"@id":"https:\/\/www.anovapeneira.gal\/#\/schema\/logo\/image\/"},"sameAs":["https:\/\/www.facebook.com\/anovapeneira","https:\/\/x.com\/APeneira"]},{"@type":"Person","@id":"https:\/\/www.anovapeneira.gal\/#\/schema\/person\/fb77575328c93684dae4b0075f90c2cb","name":"admin","image":{"@type":"ImageObject","inLanguage":"gl-ES","@id":"https:\/\/secure.gravatar.com\/avatar\/df15c36ce375448325e0bc870e91bbee95947a002eb98dcfd6c2b053e18843e9?s=96&d=mm&r=g","url":"https:\/\/secure.gravatar.com\/avatar\/df15c36ce375448325e0bc870e91bbee95947a002eb98dcfd6c2b053e18843e9?s=96&d=mm&r=g","contentUrl":"https:\/\/secure.gravatar.com\/avatar\/df15c36ce375448325e0bc870e91bbee95947a002eb98dcfd6c2b053e18843e9?s=96&d=mm&r=g","caption":"admin"},"description":"Xornal galego de informaci\u00f3n xeral Publicaci\u00f3n mensual de novas de Galicia e en especial dos Concellos da sur da provincia de Pontevedra.","sameAs":["http:\/\/www.anovapeneira.gal\/","https:\/\/www.facebook.com\/anovapeneira\/"],"url":"https:\/\/www.anovapeneira.gal\/index.php\/author\/admin\/"}]}},"jetpack_featured_media_url":"https:\/\/www.anovapeneira.gal\/wp-content\/uploads\/2019\/10\/concelloredondela_a_nova_peneira.jpg","_links":{"self":[{"href":"https:\/\/www.anovapeneira.gal\/index.php\/wp-json\/wp\/v2\/posts\/11006","targetHints":{"allow":["GET"]}}],"collection":[{"href":"https:\/\/www.anovapeneira.gal\/index.php\/wp-json\/wp\/v2\/posts"}],"about":[{"href":"https:\/\/www.anovapeneira.gal\/index.php\/wp-json\/wp\/v2\/types\/post"}],"author":[{"embeddable":true,"href":"https:\/\/www.anovapeneira.gal\/index.php\/wp-json\/wp\/v2\/users\/1"}],"replies":[{"embeddable":true,"href":"https:\/\/www.anovapeneira.gal\/index.php\/wp-json\/wp\/v2\/comments?post=11006"}],"version-history":[{"count":1,"href":"https:\/\/www.anovapeneira.gal\/index.php\/wp-json\/wp\/v2\/posts\/11006\/revisions"}],"predecessor-version":[{"id":11007,"href":"https:\/\/www.anovapeneira.gal\/index.php\/wp-json\/wp\/v2\/posts\/11006\/revisions\/11007"}],"wp:featuredmedia":[{"embeddable":true,"href":"https:\/\/www.anovapeneira.gal\/index.php\/wp-json\/wp\/v2\/media\/1456"}],"wp:attachment":[{"href":"https:\/\/www.anovapeneira.gal\/index.php\/wp-json\/wp\/v2\/media?parent=11006"}],"wp:term":[{"taxonomy":"category","embeddable":true,"href":"https:\/\/www.anovapeneira.gal\/index.php\/wp-json\/wp\/v2\/categories?post=11006"},{"taxonomy":"post_tag","embeddable":true,"href":"https:\/\/www.anovapeneira.gal\/index.php\/wp-json\/wp\/v2\/tags?post=11006"}],"curies":[{"name":"wp","href":"https:\/\/api.w.org\/{rel}","templated":true}]}}