{"id":11008,"date":"2024-01-04T10:00:48","date_gmt":"2024-01-04T09:00:48","guid":{"rendered":"https:\/\/www.anovapeneira.gal\/?p=11008"},"modified":"2024-01-02T11:34:07","modified_gmt":"2024-01-02T10:34:07","slug":"bng-reclama-ao-ministerio-de-transportes-accesos-directos-a-55-desde-torneiros-e-amieirolongo-mos-porrino-e-un-plan-de-mellora-do-trafico-na-zona","status":"publish","type":"post","link":"https:\/\/www.anovapeneira.gal\/index.php\/2024\/01\/04\/bng-reclama-ao-ministerio-de-transportes-accesos-directos-a-55-desde-torneiros-e-amieirolongo-mos-porrino-e-un-plan-de-mellora-do-trafico-na-zona\/","title":{"rendered":"BNG reclama ao Ministerio de Transportes accesos directos A-55 desde Torneiros e Amieirolongo (Mos, Porri\u00f1o) e un plan de mellora do tr\u00e1fico na zona"},"content":{"rendered":"\n<p>Carme Da Silva presenta no Senado pregunta e moci\u00f3n para dar soluci\u00f3n \u00e1 conxesti\u00f3n e saturaci\u00f3n de tr\u00e1fico que soporta esta \u00e1rea que non foi obxecto da axeitada planificaci\u00f3n viaria e de absorci\u00f3n de tr\u00e1ficos e que soporta un ca\u00f3tico mapa de infraestruturas viarias<\/p>\n\n\n\n<p>Mos, 28 de decembro de 2023. A senadora do BNG, Carme Da Silva, visitou esta ma\u00f1\u00e1 a zona de Angustias-Costilleta en Sangui\u00f1eda (Mos) acompa\u00f1ada de concelleiros de Mos e Porri\u00f1o, respons\u00e1beis locais e comarcais do Condado e Vigo, para po\u00f1er de manifesto os problemas de tr\u00e1fico que rexistra a zona debido \u00e1 confluencia de varias autov\u00edas e estradas sen os pertinentes accesos e a concentraci\u00f3n de \u00e1reas comerciais que non foron precedidas dunha axeitada planificaci\u00f3n viaria.<\/p>\n\n\n\n<p>A senadora do BNG sinalou que os concellos de Mos e Porri\u00f1o \u201clevan d\u00e9cadas padecendo a presi\u00f3n e o impacto urbano, ac\u00fastico e ambiental por estar atravesados por varias autov\u00edas e estradas estatais que na zona debuxan unha paisaxe desordenada de v\u00edas que confl\u00faen sen os adecuados accesos e enlaces\u201d. Lembra que no mesmo espazo conc\u00e9ntranse a A-55, A-52, N-550 e N-120, que \u201csumado ao incremento do tr\u00e1fico derivado da concentraci\u00f3n de centros comerciais, causa constantes conxesti\u00f3ns e problemas de tr\u00e1fico\u201d.<\/p>\n\n\n\n<p>Carme Da Silva presentou hoxe mesmo no Senado unha pregunta parlamentar e unha moci\u00f3n dirixida ao Ministerio de Transportes para trasladar esta problem\u00e1tica e propo\u00f1er soluci\u00f3ns.<\/p>\n\n\n\n<p>\u201cNon \u00e9 un simple problema de tr\u00e1fico, consiste en mellorar a calidade de vida da veci\u00f1anza nesta zona\u201d<\/p>\n\n\n\n<p>Por un lado, plantexa ao Ministerio a elaboraci\u00f3n dun estudo, en colaboraci\u00f3n cos concellos de Mos e Porri\u00f1o, para analizar o tr\u00e1fico na \u00e1rea de Angustias-Costilleta en Sangui\u00f1eda (Mos) co obxectivo de adoptar as medidas necesarias para mellorar a fluidez do tr\u00e1fico e rebaixar a alta presi\u00f3n e saturaci\u00f3n de tr\u00e1fico que se rexistra nesta \u00e1rea. E en segundo termo, empraza ao Ministerio a aprobar a construci\u00f3n de dous enlaces: un acceso directo \u00e1 A-55 desde a N-550 \u00e1 altura de Amieirolongo (Mos) e unha enlace directo desde a parroquia de Torneiros (O Porri\u00f1o) \u00e1 A-55 \u00e1 altura da sa\u00edda 17 para acceder \u00e1 AP-9.<\/p>\n\n\n\n<p>Explica Da Silva que no municipio de Mos, lindando con Porri\u00f1o, sit\u00faanse sete grandes superficies comerciais nun espazo dun quil\u00f3metro, e unha rotonda co\u00f1ecida como a Costilleta, onde se producen entradas e sa\u00eddas a A-52, A-55, ademais da N-120 cara a r\u00faa Progreso. Uns 250 metros antes, desemboca o tr\u00e1fico da N-550 na N-120, o que provoca unha grande saturaci\u00f3n de tr\u00e1fico, tanto para entrar e sa\u00edr \u00e1s autov\u00edas como para circular con normalidade entre ambos municipios. \u201cO incremento do volume de tr\u00e1fico e os atascos converteron a circulaci\u00f3n nun aut\u00e9ntico pesadelo para os habitantes d\u00e1s Angustias \u2013 Sangui\u00f1eda, Avenida de Galicia, Ramir\u00e1ns e Progreso\u201d.<\/p>\n\n\n\n<p>A senadora do BNG faise eco nas iniciativas rexistradas no Senado das demandas sociais e pol\u00edticas (nomeadamente do BNG) para que o Ministerio adopte medidas e se rebaixen os problemas de tr\u00e1fico e se contrib\u00faa a mellorar a calidade de vida cos veci\u00f1os e veci\u00f1as da zona dado que \u00e9 un \u00e1rea residencial.<\/p>\n\n\n\n<p>\u201c\u00c1 marxe da saturaci\u00f3n de veh\u00edculos e a falta de fluidez, eng\u00e1dese a ausencia de enlaces directos desde a N-550 \u00e1 A-55 \u00e1 altura de Amieirolongo e a falta de accesos directos desde a parroquia de Torneiros A-55 \u00e1 altura da sa\u00edda 17 para entrar na AP-9. O mapa ca\u00f3tico de v\u00edas e autov\u00edas que se concentran nesta \u00e1rea, unido a unha improvisada pol\u00edtica de concesi\u00f3ns para a localizaci\u00f3n de centros comerciais sen estar precedidos dun serio e rigorosa an\u00e1lise dos tr\u00e1ficos e da mobilidade nesta zona, foi sumando e multiplicando os xa persistentes problemas de tr\u00e1fico que chegaron a un punto insostible que \u00e9 preciso afrontar\u201d.<\/p>\n\n\n\n<p>Para Carme Da Silva non se trata dun \u201csimple problema de tr\u00e1fico, estamos a falar de sostenibilidade, de mellorar a calidade de vida da poboaci\u00f3n que habita na zona\u201d.<\/p>\n","protected":false},"excerpt":{"rendered":"<div class=\"mh-excerpt\"><p>Carme Da Silva presenta no Senado pregunta e moci\u00f3n para dar soluci\u00f3n \u00e1 conxesti\u00f3n e saturaci\u00f3n de tr\u00e1fico que soporta esta \u00e1rea que non foi obxecto da axeitada planificaci\u00f3n viaria e de absorci\u00f3n de tr\u00e1ficos e que soporta un ca\u00f3tico mapa de infraestruturas viarias <a class=\"mh-excerpt-more\" href=\"https:\/\/www.anovapeneira.gal\/index.php\/2024\/01\/04\/bng-reclama-ao-ministerio-de-transportes-accesos-directos-a-55-desde-torneiros-e-amieirolongo-mos-porrino-e-un-plan-de-mellora-do-trafico-na-zona\/\" title=\"BNG reclama ao Ministerio de Transportes accesos directos A-55 desde Torneiros e Amieirolongo (Mos, Porri\u00f1o) e un plan de mellora do tr\u00e1fico na zona\">[&#8230;]<\/a><\/p>\n<\/div>","protected":false},"author":3,"featured_media":11011,"comment_status":"open","ping_status":"open","sticky":false,"template":"","format":"standard","meta":{"_exactmetrics_skip_tracking":false,"_exactmetrics_sitenote_active":false,"_exactmetrics_sitenote_note":"","_exactmetrics_sitenote_category":0,"footnotes":""},"categories":[23],"tags":[411],"class_list":{"0":"post-11008","1":"post","2":"type-post","3":"status-publish","4":"format-standard","5":"has-post-thumbnail","7":"category-a-lourina","8":"tag-concello-do-porrino"},"yoast_head":"<!-- This site is optimized with the Yoast SEO plugin v27.4 - https:\/\/yoast.com\/product\/yoast-seo-wordpress\/ -->\n<title>BNG reclama ao Ministerio de Transportes accesos directos A-55 desde Torneiros e Amieirolongo (Mos, Porri\u00f1o) e un plan de mellora do tr\u00e1fico na zona -<\/title>\n<meta name=\"description\" content=\"Carme Da Silva presenta no Senado pregunta e moci\u00f3n para dar soluci\u00f3n \u00e1 conxesti\u00f3n e saturaci\u00f3n de tr\u00e1fico que soporta esta \u00e1rea que non foi obxecto da axeitada planificaci\u00f3n viaria e de absorci\u00f3n de tr\u00e1ficos e que soporta un ca\u00f3tico mapa de infraestruturas viarias\" \/>\n<meta name=\"robots\" content=\"index, follow, max-snippet:-1, max-image-preview:large, max-video-preview:-1\" \/>\n<link rel=\"canonical\" href=\"https:\/\/www.anovapeneira.gal\/index.php\/2024\/01\/04\/bng-reclama-ao-ministerio-de-transportes-accesos-directos-a-55-desde-torneiros-e-amieirolongo-mos-porrino-e-un-plan-de-mellora-do-trafico-na-zona\/\" \/>\n<meta property=\"og:locale\" content=\"gl_ES\" \/>\n<meta property=\"og:type\" content=\"article\" \/>\n<meta property=\"og:title\" content=\"BNG reclama ao Ministerio de Transportes accesos directos A-55 desde Torneiros e Amieirolongo (Mos, Porri\u00f1o) e un plan de mellora do tr\u00e1fico na zona -\" \/>\n<meta property=\"og:description\" content=\"Carme Da Silva presenta no Senado pregunta e moci\u00f3n para dar soluci\u00f3n \u00e1 conxesti\u00f3n e saturaci\u00f3n de tr\u00e1fico que soporta esta \u00e1rea que non foi obxecto da axeitada planificaci\u00f3n viaria e de absorci\u00f3n de tr\u00e1ficos e que soporta un ca\u00f3tico mapa de infraestruturas viarias\" \/>\n<meta property=\"og:url\" content=\"https:\/\/www.anovapeneira.gal\/index.php\/2024\/01\/04\/bng-reclama-ao-ministerio-de-transportes-accesos-directos-a-55-desde-torneiros-e-amieirolongo-mos-porrino-e-un-plan-de-mellora-do-trafico-na-zona\/\" \/>\n<meta property=\"article:publisher\" content=\"https:\/\/www.facebook.com\/anovapeneira\" \/>\n<meta property=\"article:published_time\" content=\"2024-01-04T09:00:48+00:00\" \/>\n<meta property=\"og:image\" content=\"https:\/\/www.anovapeneira.gal\/wp-content\/uploads\/2024\/01\/bng_a55.jpg\" \/>\n\t<meta property=\"og:image:width\" content=\"720\" \/>\n\t<meta property=\"og:image:height\" content=\"432\" \/>\n\t<meta property=\"og:image:type\" content=\"image\/jpeg\" \/>\n<meta name=\"author\" content=\"Redacci\u00f3n A Nova Peneira\" \/>\n<meta name=\"twitter:card\" content=\"summary_large_image\" \/>\n<meta name=\"twitter:creator\" content=\"@APeneira\" \/>\n<meta name=\"twitter:site\" content=\"@APeneira\" \/>\n<meta name=\"twitter:label1\" content=\"Escrito por\" \/>\n\t<meta name=\"twitter:data1\" content=\"Redacci\u00f3n A Nova Peneira\" \/>\n\t<meta name=\"twitter:label2\" content=\"Tempo de lectura\" \/>\n\t<meta name=\"twitter:data2\" content=\"4 minutos\" \/>\n<script type=\"application\/ld+json\" class=\"yoast-schema-graph\">{\"@context\":\"https:\\\/\\\/schema.org\",\"@graph\":[{\"@type\":\"Article\",\"@id\":\"https:\\\/\\\/www.anovapeneira.gal\\\/index.php\\\/2024\\\/01\\\/04\\\/bng-reclama-ao-ministerio-de-transportes-accesos-directos-a-55-desde-torneiros-e-amieirolongo-mos-porrino-e-un-plan-de-mellora-do-trafico-na-zona\\\/#article\",\"isPartOf\":{\"@id\":\"https:\\\/\\\/www.anovapeneira.gal\\\/index.php\\\/2024\\\/01\\\/04\\\/bng-reclama-ao-ministerio-de-transportes-accesos-directos-a-55-desde-torneiros-e-amieirolongo-mos-porrino-e-un-plan-de-mellora-do-trafico-na-zona\\\/\"},\"author\":{\"name\":\"Redacci\u00f3n A Nova Peneira\",\"@id\":\"https:\\\/\\\/www.anovapeneira.gal\\\/#\\\/schema\\\/person\\\/b93e3f8932e3f8da96334607eb6ac6aa\"},\"headline\":\"BNG reclama ao Ministerio de Transportes accesos directos A-55 desde Torneiros e Amieirolongo (Mos, Porri\u00f1o) e un plan de mellora do tr\u00e1fico na zona\",\"datePublished\":\"2024-01-04T09:00:48+00:00\",\"mainEntityOfPage\":{\"@id\":\"https:\\\/\\\/www.anovapeneira.gal\\\/index.php\\\/2024\\\/01\\\/04\\\/bng-reclama-ao-ministerio-de-transportes-accesos-directos-a-55-desde-torneiros-e-amieirolongo-mos-porrino-e-un-plan-de-mellora-do-trafico-na-zona\\\/\"},\"wordCount\":735,\"commentCount\":0,\"publisher\":{\"@id\":\"https:\\\/\\\/www.anovapeneira.gal\\\/#organization\"},\"image\":{\"@id\":\"https:\\\/\\\/www.anovapeneira.gal\\\/index.php\\\/2024\\\/01\\\/04\\\/bng-reclama-ao-ministerio-de-transportes-accesos-directos-a-55-desde-torneiros-e-amieirolongo-mos-porrino-e-un-plan-de-mellora-do-trafico-na-zona\\\/#primaryimage\"},\"thumbnailUrl\":\"https:\\\/\\\/www.anovapeneira.gal\\\/wp-content\\\/uploads\\\/2024\\\/01\\\/bng_a55.jpg\",\"keywords\":[\"Concello do Porri\u00f1o\"],\"articleSection\":[\"A Louri\u00f1a\"],\"inLanguage\":\"gl-ES\",\"potentialAction\":[{\"@type\":\"CommentAction\",\"name\":\"Comment\",\"target\":[\"https:\\\/\\\/www.anovapeneira.gal\\\/index.php\\\/2024\\\/01\\\/04\\\/bng-reclama-ao-ministerio-de-transportes-accesos-directos-a-55-desde-torneiros-e-amieirolongo-mos-porrino-e-un-plan-de-mellora-do-trafico-na-zona\\\/#respond\"]}]},{\"@type\":\"WebPage\",\"@id\":\"https:\\\/\\\/www.anovapeneira.gal\\\/index.php\\\/2024\\\/01\\\/04\\\/bng-reclama-ao-ministerio-de-transportes-accesos-directos-a-55-desde-torneiros-e-amieirolongo-mos-porrino-e-un-plan-de-mellora-do-trafico-na-zona\\\/\",\"url\":\"https:\\\/\\\/www.anovapeneira.gal\\\/index.php\\\/2024\\\/01\\\/04\\\/bng-reclama-ao-ministerio-de-transportes-accesos-directos-a-55-desde-torneiros-e-amieirolongo-mos-porrino-e-un-plan-de-mellora-do-trafico-na-zona\\\/\",\"name\":\"BNG reclama ao Ministerio de Transportes accesos directos A-55 desde Torneiros e Amieirolongo (Mos, Porri\u00f1o) e un plan de mellora do tr\u00e1fico na zona -\",\"isPartOf\":{\"@id\":\"https:\\\/\\\/www.anovapeneira.gal\\\/#website\"},\"primaryImageOfPage\":{\"@id\":\"https:\\\/\\\/www.anovapeneira.gal\\\/index.php\\\/2024\\\/01\\\/04\\\/bng-reclama-ao-ministerio-de-transportes-accesos-directos-a-55-desde-torneiros-e-amieirolongo-mos-porrino-e-un-plan-de-mellora-do-trafico-na-zona\\\/#primaryimage\"},\"image\":{\"@id\":\"https:\\\/\\\/www.anovapeneira.gal\\\/index.php\\\/2024\\\/01\\\/04\\\/bng-reclama-ao-ministerio-de-transportes-accesos-directos-a-55-desde-torneiros-e-amieirolongo-mos-porrino-e-un-plan-de-mellora-do-trafico-na-zona\\\/#primaryimage\"},\"thumbnailUrl\":\"https:\\\/\\\/www.anovapeneira.gal\\\/wp-content\\\/uploads\\\/2024\\\/01\\\/bng_a55.jpg\",\"datePublished\":\"2024-01-04T09:00:48+00:00\",\"description\":\"Carme Da Silva presenta no Senado pregunta e moci\u00f3n para dar soluci\u00f3n \u00e1 conxesti\u00f3n e saturaci\u00f3n de tr\u00e1fico que soporta esta \u00e1rea que non foi obxecto da axeitada planificaci\u00f3n viaria e de absorci\u00f3n de tr\u00e1ficos e que soporta un ca\u00f3tico mapa de infraestruturas viarias\",\"breadcrumb\":{\"@id\":\"https:\\\/\\\/www.anovapeneira.gal\\\/index.php\\\/2024\\\/01\\\/04\\\/bng-reclama-ao-ministerio-de-transportes-accesos-directos-a-55-desde-torneiros-e-amieirolongo-mos-porrino-e-un-plan-de-mellora-do-trafico-na-zona\\\/#breadcrumb\"},\"inLanguage\":\"gl-ES\",\"potentialAction\":[{\"@type\":\"ReadAction\",\"target\":[\"https:\\\/\\\/www.anovapeneira.gal\\\/index.php\\\/2024\\\/01\\\/04\\\/bng-reclama-ao-ministerio-de-transportes-accesos-directos-a-55-desde-torneiros-e-amieirolongo-mos-porrino-e-un-plan-de-mellora-do-trafico-na-zona\\\/\"]}]},{\"@type\":\"ImageObject\",\"inLanguage\":\"gl-ES\",\"@id\":\"https:\\\/\\\/www.anovapeneira.gal\\\/index.php\\\/2024\\\/01\\\/04\\\/bng-reclama-ao-ministerio-de-transportes-accesos-directos-a-55-desde-torneiros-e-amieirolongo-mos-porrino-e-un-plan-de-mellora-do-trafico-na-zona\\\/#primaryimage\",\"url\":\"https:\\\/\\\/www.anovapeneira.gal\\\/wp-content\\\/uploads\\\/2024\\\/01\\\/bng_a55.jpg\",\"contentUrl\":\"https:\\\/\\\/www.anovapeneira.gal\\\/wp-content\\\/uploads\\\/2024\\\/01\\\/bng_a55.jpg\",\"width\":720,\"height\":432,\"caption\":\"BNG reclama ao Ministerio de Transportes accesos directos A-55 desde Torneiros e Amieirolongo\"},{\"@type\":\"BreadcrumbList\",\"@id\":\"https:\\\/\\\/www.anovapeneira.gal\\\/index.php\\\/2024\\\/01\\\/04\\\/bng-reclama-ao-ministerio-de-transportes-accesos-directos-a-55-desde-torneiros-e-amieirolongo-mos-porrino-e-un-plan-de-mellora-do-trafico-na-zona\\\/#breadcrumb\",\"itemListElement\":[{\"@type\":\"ListItem\",\"position\":1,\"name\":\"Portada\",\"item\":\"https:\\\/\\\/www.anovapeneira.gal\\\/\"},{\"@type\":\"ListItem\",\"position\":2,\"name\":\"BNG reclama ao Ministerio de Transportes accesos directos A-55 desde Torneiros e Amieirolongo (Mos, Porri\u00f1o) e un plan de mellora do tr\u00e1fico na zona\"}]},{\"@type\":\"WebSite\",\"@id\":\"https:\\\/\\\/www.anovapeneira.gal\\\/#website\",\"url\":\"https:\\\/\\\/www.anovapeneira.gal\\\/\",\"name\":\"\",\"description\":\"Xornal galego de informaci\u00f3n xeral Publicaci\u00f3n mensual de novas de Galicia e en especial dos Concellos da sur da provincia de Pontevedra.\",\"publisher\":{\"@id\":\"https:\\\/\\\/www.anovapeneira.gal\\\/#organization\"},\"potentialAction\":[{\"@type\":\"SearchAction\",\"target\":{\"@type\":\"EntryPoint\",\"urlTemplate\":\"https:\\\/\\\/www.anovapeneira.gal\\\/?s={search_term_string}\"},\"query-input\":{\"@type\":\"PropertyValueSpecification\",\"valueRequired\":true,\"valueName\":\"search_term_string\"}}],\"inLanguage\":\"gl-ES\"},{\"@type\":\"Organization\",\"@id\":\"https:\\\/\\\/www.anovapeneira.gal\\\/#organization\",\"name\":\"A Nova Peneira\",\"url\":\"https:\\\/\\\/www.anovapeneira.gal\\\/\",\"logo\":{\"@type\":\"ImageObject\",\"inLanguage\":\"gl-ES\",\"@id\":\"https:\\\/\\\/www.anovapeneira.gal\\\/#\\\/schema\\\/logo\\\/image\\\/\",\"url\":\"http:\\\/\\\/www.anovapeneira.gal\\\/wp-content\\\/uploads\\\/2019\\\/06\\\/logo_a_nova_peneira_portal_web.png\",\"contentUrl\":\"http:\\\/\\\/www.anovapeneira.gal\\\/wp-content\\\/uploads\\\/2019\\\/06\\\/logo_a_nova_peneira_portal_web.png\",\"width\":300,\"height\":100,\"caption\":\"A Nova Peneira\"},\"image\":{\"@id\":\"https:\\\/\\\/www.anovapeneira.gal\\\/#\\\/schema\\\/logo\\\/image\\\/\"},\"sameAs\":[\"https:\\\/\\\/www.facebook.com\\\/anovapeneira\",\"https:\\\/\\\/x.com\\\/APeneira\"]},{\"@type\":\"Person\",\"@id\":\"https:\\\/\\\/www.anovapeneira.gal\\\/#\\\/schema\\\/person\\\/b93e3f8932e3f8da96334607eb6ac6aa\",\"name\":\"Redacci\u00f3n A Nova Peneira\",\"image\":{\"@type\":\"ImageObject\",\"inLanguage\":\"gl-ES\",\"@id\":\"https:\\\/\\\/secure.gravatar.com\\\/avatar\\\/c052a2551a06e23fac63626232eaa90abd78dbcf1700fc46a2b2c89fd27b735f?s=96&d=mm&r=g\",\"url\":\"https:\\\/\\\/secure.gravatar.com\\\/avatar\\\/c052a2551a06e23fac63626232eaa90abd78dbcf1700fc46a2b2c89fd27b735f?s=96&d=mm&r=g\",\"contentUrl\":\"https:\\\/\\\/secure.gravatar.com\\\/avatar\\\/c052a2551a06e23fac63626232eaa90abd78dbcf1700fc46a2b2c89fd27b735f?s=96&d=mm&r=g\",\"caption\":\"Redacci\u00f3n A Nova Peneira\"},\"sameAs\":[\"http:\\\/\\\/www.anovapeneira.gal\\\/\"],\"url\":\"https:\\\/\\\/www.anovapeneira.gal\\\/index.php\\\/author\\\/redactor\\\/\"}]}<\/script>\n<!-- \/ Yoast SEO plugin. -->","yoast_head_json":{"title":"BNG reclama ao Ministerio de Transportes accesos directos A-55 desde Torneiros e Amieirolongo (Mos, Porri\u00f1o) e un plan de mellora do tr\u00e1fico na zona -","description":"Carme Da Silva presenta no Senado pregunta e moci\u00f3n para dar soluci\u00f3n \u00e1 conxesti\u00f3n e saturaci\u00f3n de tr\u00e1fico que soporta esta \u00e1rea que non foi obxecto da axeitada planificaci\u00f3n viaria e de absorci\u00f3n de tr\u00e1ficos e que soporta un ca\u00f3tico mapa de infraestruturas viarias","robots":{"index":"index","follow":"follow","max-snippet":"max-snippet:-1","max-image-preview":"max-image-preview:large","max-video-preview":"max-video-preview:-1"},"canonical":"https:\/\/www.anovapeneira.gal\/index.php\/2024\/01\/04\/bng-reclama-ao-ministerio-de-transportes-accesos-directos-a-55-desde-torneiros-e-amieirolongo-mos-porrino-e-un-plan-de-mellora-do-trafico-na-zona\/","og_locale":"gl_ES","og_type":"article","og_title":"BNG reclama ao Ministerio de Transportes accesos directos A-55 desde Torneiros e Amieirolongo (Mos, Porri\u00f1o) e un plan de mellora do tr\u00e1fico na zona -","og_description":"Carme Da Silva presenta no Senado pregunta e moci\u00f3n para dar soluci\u00f3n \u00e1 conxesti\u00f3n e saturaci\u00f3n de tr\u00e1fico que soporta esta \u00e1rea que non foi obxecto da axeitada planificaci\u00f3n viaria e de absorci\u00f3n de tr\u00e1ficos e que soporta un ca\u00f3tico mapa de infraestruturas viarias","og_url":"https:\/\/www.anovapeneira.gal\/index.php\/2024\/01\/04\/bng-reclama-ao-ministerio-de-transportes-accesos-directos-a-55-desde-torneiros-e-amieirolongo-mos-porrino-e-un-plan-de-mellora-do-trafico-na-zona\/","article_publisher":"https:\/\/www.facebook.com\/anovapeneira","article_published_time":"2024-01-04T09:00:48+00:00","og_image":[{"width":720,"height":432,"url":"https:\/\/www.anovapeneira.gal\/wp-content\/uploads\/2024\/01\/bng_a55.jpg","type":"image\/jpeg"}],"author":"Redacci\u00f3n A Nova Peneira","twitter_card":"summary_large_image","twitter_creator":"@APeneira","twitter_site":"@APeneira","twitter_misc":{"Escrito por":"Redacci\u00f3n A Nova Peneira","Tempo de lectura":"4 minutos"},"schema":{"@context":"https:\/\/schema.org","@graph":[{"@type":"Article","@id":"https:\/\/www.anovapeneira.gal\/index.php\/2024\/01\/04\/bng-reclama-ao-ministerio-de-transportes-accesos-directos-a-55-desde-torneiros-e-amieirolongo-mos-porrino-e-un-plan-de-mellora-do-trafico-na-zona\/#article","isPartOf":{"@id":"https:\/\/www.anovapeneira.gal\/index.php\/2024\/01\/04\/bng-reclama-ao-ministerio-de-transportes-accesos-directos-a-55-desde-torneiros-e-amieirolongo-mos-porrino-e-un-plan-de-mellora-do-trafico-na-zona\/"},"author":{"name":"Redacci\u00f3n A Nova Peneira","@id":"https:\/\/www.anovapeneira.gal\/#\/schema\/person\/b93e3f8932e3f8da96334607eb6ac6aa"},"headline":"BNG reclama ao Ministerio de Transportes accesos directos A-55 desde Torneiros e Amieirolongo (Mos, Porri\u00f1o) e un plan de mellora do tr\u00e1fico na zona","datePublished":"2024-01-04T09:00:48+00:00","mainEntityOfPage":{"@id":"https:\/\/www.anovapeneira.gal\/index.php\/2024\/01\/04\/bng-reclama-ao-ministerio-de-transportes-accesos-directos-a-55-desde-torneiros-e-amieirolongo-mos-porrino-e-un-plan-de-mellora-do-trafico-na-zona\/"},"wordCount":735,"commentCount":0,"publisher":{"@id":"https:\/\/www.anovapeneira.gal\/#organization"},"image":{"@id":"https:\/\/www.anovapeneira.gal\/index.php\/2024\/01\/04\/bng-reclama-ao-ministerio-de-transportes-accesos-directos-a-55-desde-torneiros-e-amieirolongo-mos-porrino-e-un-plan-de-mellora-do-trafico-na-zona\/#primaryimage"},"thumbnailUrl":"https:\/\/www.anovapeneira.gal\/wp-content\/uploads\/2024\/01\/bng_a55.jpg","keywords":["Concello do Porri\u00f1o"],"articleSection":["A Louri\u00f1a"],"inLanguage":"gl-ES","potentialAction":[{"@type":"CommentAction","name":"Comment","target":["https:\/\/www.anovapeneira.gal\/index.php\/2024\/01\/04\/bng-reclama-ao-ministerio-de-transportes-accesos-directos-a-55-desde-torneiros-e-amieirolongo-mos-porrino-e-un-plan-de-mellora-do-trafico-na-zona\/#respond"]}]},{"@type":"WebPage","@id":"https:\/\/www.anovapeneira.gal\/index.php\/2024\/01\/04\/bng-reclama-ao-ministerio-de-transportes-accesos-directos-a-55-desde-torneiros-e-amieirolongo-mos-porrino-e-un-plan-de-mellora-do-trafico-na-zona\/","url":"https:\/\/www.anovapeneira.gal\/index.php\/2024\/01\/04\/bng-reclama-ao-ministerio-de-transportes-accesos-directos-a-55-desde-torneiros-e-amieirolongo-mos-porrino-e-un-plan-de-mellora-do-trafico-na-zona\/","name":"BNG reclama ao Ministerio de Transportes accesos directos A-55 desde Torneiros e Amieirolongo (Mos, Porri\u00f1o) e un plan de mellora do tr\u00e1fico na zona -","isPartOf":{"@id":"https:\/\/www.anovapeneira.gal\/#website"},"primaryImageOfPage":{"@id":"https:\/\/www.anovapeneira.gal\/index.php\/2024\/01\/04\/bng-reclama-ao-ministerio-de-transportes-accesos-directos-a-55-desde-torneiros-e-amieirolongo-mos-porrino-e-un-plan-de-mellora-do-trafico-na-zona\/#primaryimage"},"image":{"@id":"https:\/\/www.anovapeneira.gal\/index.php\/2024\/01\/04\/bng-reclama-ao-ministerio-de-transportes-accesos-directos-a-55-desde-torneiros-e-amieirolongo-mos-porrino-e-un-plan-de-mellora-do-trafico-na-zona\/#primaryimage"},"thumbnailUrl":"https:\/\/www.anovapeneira.gal\/wp-content\/uploads\/2024\/01\/bng_a55.jpg","datePublished":"2024-01-04T09:00:48+00:00","description":"Carme Da Silva presenta no Senado pregunta e moci\u00f3n para dar soluci\u00f3n \u00e1 conxesti\u00f3n e saturaci\u00f3n de tr\u00e1fico que soporta esta \u00e1rea que non foi obxecto da axeitada planificaci\u00f3n viaria e de absorci\u00f3n de tr\u00e1ficos e que soporta un ca\u00f3tico mapa de infraestruturas viarias","breadcrumb":{"@id":"https:\/\/www.anovapeneira.gal\/index.php\/2024\/01\/04\/bng-reclama-ao-ministerio-de-transportes-accesos-directos-a-55-desde-torneiros-e-amieirolongo-mos-porrino-e-un-plan-de-mellora-do-trafico-na-zona\/#breadcrumb"},"inLanguage":"gl-ES","potentialAction":[{"@type":"ReadAction","target":["https:\/\/www.anovapeneira.gal\/index.php\/2024\/01\/04\/bng-reclama-ao-ministerio-de-transportes-accesos-directos-a-55-desde-torneiros-e-amieirolongo-mos-porrino-e-un-plan-de-mellora-do-trafico-na-zona\/"]}]},{"@type":"ImageObject","inLanguage":"gl-ES","@id":"https:\/\/www.anovapeneira.gal\/index.php\/2024\/01\/04\/bng-reclama-ao-ministerio-de-transportes-accesos-directos-a-55-desde-torneiros-e-amieirolongo-mos-porrino-e-un-plan-de-mellora-do-trafico-na-zona\/#primaryimage","url":"https:\/\/www.anovapeneira.gal\/wp-content\/uploads\/2024\/01\/bng_a55.jpg","contentUrl":"https:\/\/www.anovapeneira.gal\/wp-content\/uploads\/2024\/01\/bng_a55.jpg","width":720,"height":432,"caption":"BNG reclama ao Ministerio de Transportes accesos directos A-55 desde Torneiros e Amieirolongo"},{"@type":"BreadcrumbList","@id":"https:\/\/www.anovapeneira.gal\/index.php\/2024\/01\/04\/bng-reclama-ao-ministerio-de-transportes-accesos-directos-a-55-desde-torneiros-e-amieirolongo-mos-porrino-e-un-plan-de-mellora-do-trafico-na-zona\/#breadcrumb","itemListElement":[{"@type":"ListItem","position":1,"name":"Portada","item":"https:\/\/www.anovapeneira.gal\/"},{"@type":"ListItem","position":2,"name":"BNG reclama ao Ministerio de Transportes accesos directos A-55 desde Torneiros e Amieirolongo (Mos, Porri\u00f1o) e un plan de mellora do tr\u00e1fico na zona"}]},{"@type":"WebSite","@id":"https:\/\/www.anovapeneira.gal\/#website","url":"https:\/\/www.anovapeneira.gal\/","name":"","description":"Xornal galego de informaci\u00f3n xeral Publicaci\u00f3n mensual de novas de Galicia e en especial dos Concellos da sur da provincia de Pontevedra.","publisher":{"@id":"https:\/\/www.anovapeneira.gal\/#organization"},"potentialAction":[{"@type":"SearchAction","target":{"@type":"EntryPoint","urlTemplate":"https:\/\/www.anovapeneira.gal\/?s={search_term_string}"},"query-input":{"@type":"PropertyValueSpecification","valueRequired":true,"valueName":"search_term_string"}}],"inLanguage":"gl-ES"},{"@type":"Organization","@id":"https:\/\/www.anovapeneira.gal\/#organization","name":"A Nova Peneira","url":"https:\/\/www.anovapeneira.gal\/","logo":{"@type":"ImageObject","inLanguage":"gl-ES","@id":"https:\/\/www.anovapeneira.gal\/#\/schema\/logo\/image\/","url":"http:\/\/www.anovapeneira.gal\/wp-content\/uploads\/2019\/06\/logo_a_nova_peneira_portal_web.png","contentUrl":"http:\/\/www.anovapeneira.gal\/wp-content\/uploads\/2019\/06\/logo_a_nova_peneira_portal_web.png","width":300,"height":100,"caption":"A Nova Peneira"},"image":{"@id":"https:\/\/www.anovapeneira.gal\/#\/schema\/logo\/image\/"},"sameAs":["https:\/\/www.facebook.com\/anovapeneira","https:\/\/x.com\/APeneira"]},{"@type":"Person","@id":"https:\/\/www.anovapeneira.gal\/#\/schema\/person\/b93e3f8932e3f8da96334607eb6ac6aa","name":"Redacci\u00f3n A Nova Peneira","image":{"@type":"ImageObject","inLanguage":"gl-ES","@id":"https:\/\/secure.gravatar.com\/avatar\/c052a2551a06e23fac63626232eaa90abd78dbcf1700fc46a2b2c89fd27b735f?s=96&d=mm&r=g","url":"https:\/\/secure.gravatar.com\/avatar\/c052a2551a06e23fac63626232eaa90abd78dbcf1700fc46a2b2c89fd27b735f?s=96&d=mm&r=g","contentUrl":"https:\/\/secure.gravatar.com\/avatar\/c052a2551a06e23fac63626232eaa90abd78dbcf1700fc46a2b2c89fd27b735f?s=96&d=mm&r=g","caption":"Redacci\u00f3n A Nova Peneira"},"sameAs":["http:\/\/www.anovapeneira.gal\/"],"url":"https:\/\/www.anovapeneira.gal\/index.php\/author\/redactor\/"}]}},"jetpack_featured_media_url":"https:\/\/www.anovapeneira.gal\/wp-content\/uploads\/2024\/01\/bng_a55.jpg","_links":{"self":[{"href":"https:\/\/www.anovapeneira.gal\/index.php\/wp-json\/wp\/v2\/posts\/11008","targetHints":{"allow":["GET"]}}],"collection":[{"href":"https:\/\/www.anovapeneira.gal\/index.php\/wp-json\/wp\/v2\/posts"}],"about":[{"href":"https:\/\/www.anovapeneira.gal\/index.php\/wp-json\/wp\/v2\/types\/post"}],"author":[{"embeddable":true,"href":"https:\/\/www.anovapeneira.gal\/index.php\/wp-json\/wp\/v2\/users\/3"}],"replies":[{"embeddable":true,"href":"https:\/\/www.anovapeneira.gal\/index.php\/wp-json\/wp\/v2\/comments?post=11008"}],"version-history":[{"count":2,"href":"https:\/\/www.anovapeneira.gal\/index.php\/wp-json\/wp\/v2\/posts\/11008\/revisions"}],"predecessor-version":[{"id":11010,"href":"https:\/\/www.anovapeneira.gal\/index.php\/wp-json\/wp\/v2\/posts\/11008\/revisions\/11010"}],"wp:featuredmedia":[{"embeddable":true,"href":"https:\/\/www.anovapeneira.gal\/index.php\/wp-json\/wp\/v2\/media\/11011"}],"wp:attachment":[{"href":"https:\/\/www.anovapeneira.gal\/index.php\/wp-json\/wp\/v2\/media?parent=11008"}],"wp:term":[{"taxonomy":"category","embeddable":true,"href":"https:\/\/www.anovapeneira.gal\/index.php\/wp-json\/wp\/v2\/categories?post=11008"},{"taxonomy":"post_tag","embeddable":true,"href":"https:\/\/www.anovapeneira.gal\/index.php\/wp-json\/wp\/v2\/tags?post=11008"}],"curies":[{"name":"wp","href":"https:\/\/api.w.org\/{rel}","templated":true}]}}