{"id":11012,"date":"2024-01-04T12:00:22","date_gmt":"2024-01-04T11:00:22","guid":{"rendered":"https:\/\/www.anovapeneira.gal\/?p=11012"},"modified":"2024-01-03T12:14:01","modified_gmt":"2024-01-03T11:14:01","slug":"a-plataforma-denuncia-un-remate-de-ano-ao-borde-do-colapso-no-centro-de-saude-de-marin-hai-xa-esperas-de-22-dias-para-cita-co-medico-de-cabeceira-1-pediatra-dos-4-que-corresponden-e-horas-d","status":"publish","type":"post","link":"https:\/\/www.anovapeneira.gal\/index.php\/2024\/01\/04\/a-plataforma-denuncia-un-remate-de-ano-ao-borde-do-colapso-no-centro-de-saude-de-marin-hai-xa-esperas-de-22-dias-para-cita-co-medico-de-cabeceira-1-pediatra-dos-4-que-corresponden-e-horas-d\/","title":{"rendered":"A Plataforma denuncia un remate de ano \u201cao borde do colapso no Centro de Sa\u00fade de Mar\u00edn, hai xa esperas de 22 d\u00edas para cita co m\u00e9dico de cabeceira, 1 pediatra dos 4 que corresponden e horas de agarda para atenci\u00f3n nas urxencias do PAC\u201d"},"content":{"rendered":"\n<h2 class=\"wp-block-heading\"><strong>A Plataforma reclama \u201ccontrataci\u00f3n de persoal m\u00e9dico, porque esta situaci\u00f3n l\u00edmite non se soluciona s\u00f3 co regreso das mascarillas\u201d<\/strong><\/h2>\n\n\n\n<p><strong>Mar\u00edn, 30 de decembro de 2023<\/strong><\/p>\n\n\n\n<p>A Plataforma pola Defensa do Centro de Sa\u00fade de Seixo en Mar\u00edn, que agrupa a 21 colectivos das parroquias de Santom\u00e9 de Pi\u00f1eiro, O Campo, Ard\u00e1n e Seixo, no concello de Mar\u00edn, v\u00e9n de denunciar \u201cun remate de ano ao borde do colapso no Centro de Sa\u00fade de Mar\u00edn.<\/p>\n\n\n\n<p>A Plataforma sinala que \u201ca semana pasada denunciamos que en Mar\u00edn, que debiamos ter 4 pediatras, temos d\u00faas menos dende hai tempo porque concursaron para trasladarse a outro lugar, e d\u00faas pediatras asumiron o traballo de catro. Como unha ten que cubrir \u00e1 outra porque a xerencia non contrata para baixas e vacaci\u00f3ns, neste momento, a situaci\u00f3n \u00e9 peor porque dende o 21 de decembro ata o d\u00eda 8 de xaneiro s\u00f3 hai unha pediatra para atender m\u00e1is de 3.500 menores, s\u00f3 van atender urxencias e s\u00f3 ata as 14h. A partir desa hora, as familias ter\u00e1n que ir \u00e1s urxencias do PAC Mar\u00edn, a ver se hai m\u00e9dico ou directamente ao Hospital. Isto significa que non haber\u00e1 citas normais para controis, nin revisi\u00f3ns ordinarias das crianzas o que \u00e9 grav\u00edsimo e tam\u00e9n a saturaci\u00f3n nas urxencias pedi\u00e1tricas do Hospital Provincial.\u201d<\/p>\n\n\n\n<p><strong>22 d\u00edas de agarda en medicina de familia<\/strong><\/p>\n\n\n\n<p>A Plataforma sinala que \u201ca semana pasada denuciamos que, cando menos, o luns e o venres pola tarde o centro de sa\u00fade de Mar\u00edn non tivo ning\u00fan facultativo cando debera haber tres m\u00e9dicos para atender as 4000 persoas de 3 cupos da quenda ordinaria de tarde. A xerencia limitouse a dicir que era porque hab\u00eda 1 m\u00e9dico de baixa, cando sabemos que hai d\u00faas m\u00e9dicas nesta situaci\u00f3n e dende hai bastante tempo. No cupo de Dolores Rivas, solicitando a cita o 21 de decembro non ten consulta ata o 11 de xaneiro o que son 22 d\u00edas de espera. No cupo de Rosario Vidal, solicitado cita o 21 de decembro non ten consulta ata o 4 de xaneiro, 15 d\u00edas de espera.\u201d<\/p>\n\n\n\n<p>Dende a Plataforma achacan esta situaci\u00f3n a que \u201cnon se cobren as baixas con persoal, nin tampouco as vacaci\u00f3ns dos m\u00e9dicos que non as colleron todas no ver\u00e1n porque faltaba moito persoal. O que fan \u00e9 prolongarlle a xornada aos m\u00e9dicos que est\u00e1n pola ma\u00f1\u00e1 en Mar\u00edn ou en Seixo, pero non cobren a axenda completa.\u201d Afirman que a situaci\u00f3n nos cupos da ma\u00f1\u00e1 \u201cnon est\u00e1 mellor\u201d e po\u00f1en de exemplo o cupo do Dr Bay\u00f3n \u201cos pacientes non tiveron medico asignado durante 3 anos e solicitando cita o 21 de decembro non tes consulta ata o 4 de xaneiro, 15 d\u00edas de espera\u201d e preguntan \u201cque lle queda \u00e1 xente que necesita ser atendida? Ou agardar ou ir a urxencias do PAC de Mar\u00edn onde deber\u00eda haber dous m\u00e9dicos a ver se polo menos hai un? E se o hai que non dea feito atendendo urxencias e sa\u00eddas na ambulancia e os pacientes agarden 4 horas a ser atendidos ou acaben marchando para as urxencias do Hospital Montecelo?<\/p>\n\n\n\n<p>A Plataforma sinala que \u201ca Xunta segue a precarizar un servizo esencial para 24000 persoas.\u201d Afirman que \u201cno medio dun repunte grav\u00edsimo de enfermidades respiratorias especialmente de gripe A e Covid non chega s\u00f3 con volver \u00e1s mascarillas, a Xunta debe contratar e rectificar os recortes porque est\u00e1 a po\u00f1er en risco a nosa sa\u00fade.\u201d Ademais sinalan que \u201c\u00e9 chamativo que dende o goberno municipal da Sr Ramallo sigan calados\u201d e denuncian \u201ca insensibilidade dos responsables pol\u00edticos porque no Nadal tam\u00e9n enfermamos e as fotos non melloran a sa\u00fade de quen precisa atenci\u00f3n, nin salvan vidas nunha urxencia e se non temos a dotaci\u00f3n de persoal necesaria, a Alcaldesa debera denuncialo e moverse porque lle afecta \u00e1 veci\u00f1anza do concello que goberna.\u201d<\/p>\n\n\n\n<p>Por \u00faltimo, informan que haber\u00e1 \u201cnovas protestas no 2024, ademais da manifestaci\u00f3n convocada por SOS Sanidade para o domingo, 4 de febreiro en Santiago de Compostela\u201d \u00e1 que van acudir e convidan \u201ca que todo o mundo se sume, a que fagan reclamaci\u00f3ns deixando constancia por escrito da situaci\u00f3n e a que contacten coa Plataforma para poder seguir a denunciar os recortes publicamente.\u201d<\/p>\n","protected":false},"excerpt":{"rendered":"<div class=\"mh-excerpt\"><p>A Plataforma reclama \u201ccontrataci\u00f3n de persoal m\u00e9dico, porque esta situaci\u00f3n l\u00edmite non se soluciona s\u00f3 co regreso das mascarillas\u201d <a class=\"mh-excerpt-more\" href=\"https:\/\/www.anovapeneira.gal\/index.php\/2024\/01\/04\/a-plataforma-denuncia-un-remate-de-ano-ao-borde-do-colapso-no-centro-de-saude-de-marin-hai-xa-esperas-de-22-dias-para-cita-co-medico-de-cabeceira-1-pediatra-dos-4-que-corresponden-e-horas-d\/\" title=\"A Plataforma denuncia un remate de ano \u201cao borde do colapso no Centro de Sa\u00fade de Mar\u00edn, hai xa esperas de 22 d\u00edas para cita co m\u00e9dico de cabeceira, 1 pediatra dos 4 que corresponden e horas de agarda para atenci\u00f3n nas urxencias do PAC\u201d\">[&#8230;]<\/a><\/p>\n<\/div>","protected":false},"author":3,"featured_media":11014,"comment_status":"open","ping_status":"open","sticky":false,"template":"","format":"standard","meta":{"_exactmetrics_skip_tracking":false,"_exactmetrics_sitenote_active":false,"_exactmetrics_sitenote_note":"","_exactmetrics_sitenote_category":0,"footnotes":""},"categories":[22],"tags":[144],"class_list":{"0":"post-11012","1":"post","2":"type-post","3":"status-publish","4":"format-standard","5":"has-post-thumbnail","7":"category-morrazo","8":"tag-concello-de-marin"},"yoast_head":"<!-- This site is optimized with the Yoast SEO plugin v27.4 - https:\/\/yoast.com\/product\/yoast-seo-wordpress\/ -->\n<title>A Plataforma denuncia un remate de ano \u201cao borde do colapso no Centro de Sa\u00fade de Mar\u00edn, hai xa esperas de 22 d\u00edas para cita co m\u00e9dico de cabeceira, 1 pediatra dos 4 que corresponden e horas de agarda para atenci\u00f3n nas urxencias do PAC\u201d -<\/title>\n<meta name=\"description\" content=\"A Plataforma reclama \u201ccontrataci\u00f3n de persoal m\u00e9dico, porque esta situaci\u00f3n l\u00edmite non se soluciona s\u00f3 co regreso das mascarillas\u201d\" \/>\n<meta name=\"robots\" content=\"index, follow, max-snippet:-1, max-image-preview:large, max-video-preview:-1\" \/>\n<link rel=\"canonical\" href=\"https:\/\/www.anovapeneira.gal\/index.php\/2024\/01\/04\/a-plataforma-denuncia-un-remate-de-ano-ao-borde-do-colapso-no-centro-de-saude-de-marin-hai-xa-esperas-de-22-dias-para-cita-co-medico-de-cabeceira-1-pediatra-dos-4-que-corresponden-e-horas-d\/\" \/>\n<meta property=\"og:locale\" content=\"gl_ES\" \/>\n<meta property=\"og:type\" content=\"article\" \/>\n<meta property=\"og:title\" content=\"A Plataforma denuncia un remate de ano \u201cao borde do colapso no Centro de Sa\u00fade de Mar\u00edn, hai xa esperas de 22 d\u00edas para cita co m\u00e9dico de cabeceira, 1 pediatra dos 4 que corresponden e horas de agarda para atenci\u00f3n nas urxencias do PAC\u201d -\" \/>\n<meta property=\"og:description\" content=\"A Plataforma reclama \u201ccontrataci\u00f3n de persoal m\u00e9dico, porque esta situaci\u00f3n l\u00edmite non se soluciona s\u00f3 co regreso das mascarillas\u201d\" \/>\n<meta property=\"og:url\" content=\"https:\/\/www.anovapeneira.gal\/index.php\/2024\/01\/04\/a-plataforma-denuncia-un-remate-de-ano-ao-borde-do-colapso-no-centro-de-saude-de-marin-hai-xa-esperas-de-22-dias-para-cita-co-medico-de-cabeceira-1-pediatra-dos-4-que-corresponden-e-horas-d\/\" \/>\n<meta property=\"article:publisher\" content=\"https:\/\/www.facebook.com\/anovapeneira\" \/>\n<meta property=\"article:published_time\" content=\"2024-01-04T11:00:22+00:00\" \/>\n<meta property=\"og:image\" content=\"https:\/\/www.anovapeneira.gal\/wp-content\/uploads\/2024\/01\/centro-de-saude-de-marin.jpg\" \/>\n\t<meta property=\"og:image:width\" content=\"720\" \/>\n\t<meta property=\"og:image:height\" content=\"432\" \/>\n\t<meta property=\"og:image:type\" content=\"image\/jpeg\" \/>\n<meta name=\"author\" content=\"Redacci\u00f3n A Nova Peneira\" \/>\n<meta name=\"twitter:card\" content=\"summary_large_image\" \/>\n<meta name=\"twitter:creator\" content=\"@APeneira\" \/>\n<meta name=\"twitter:site\" content=\"@APeneira\" \/>\n<meta name=\"twitter:label1\" content=\"Escrito por\" \/>\n\t<meta name=\"twitter:data1\" content=\"Redacci\u00f3n A Nova Peneira\" \/>\n\t<meta name=\"twitter:label2\" content=\"Tempo de lectura\" \/>\n\t<meta name=\"twitter:data2\" content=\"5 minutos\" \/>\n<script type=\"application\/ld+json\" class=\"yoast-schema-graph\">{\"@context\":\"https:\\\/\\\/schema.org\",\"@graph\":[{\"@type\":\"Article\",\"@id\":\"https:\\\/\\\/www.anovapeneira.gal\\\/index.php\\\/2024\\\/01\\\/04\\\/a-plataforma-denuncia-un-remate-de-ano-ao-borde-do-colapso-no-centro-de-saude-de-marin-hai-xa-esperas-de-22-dias-para-cita-co-medico-de-cabeceira-1-pediatra-dos-4-que-corresponden-e-horas-d\\\/#article\",\"isPartOf\":{\"@id\":\"https:\\\/\\\/www.anovapeneira.gal\\\/index.php\\\/2024\\\/01\\\/04\\\/a-plataforma-denuncia-un-remate-de-ano-ao-borde-do-colapso-no-centro-de-saude-de-marin-hai-xa-esperas-de-22-dias-para-cita-co-medico-de-cabeceira-1-pediatra-dos-4-que-corresponden-e-horas-d\\\/\"},\"author\":{\"name\":\"Redacci\u00f3n A Nova Peneira\",\"@id\":\"https:\\\/\\\/www.anovapeneira.gal\\\/#\\\/schema\\\/person\\\/b93e3f8932e3f8da96334607eb6ac6aa\"},\"headline\":\"A Plataforma denuncia un remate de ano \u201cao borde do colapso no Centro de Sa\u00fade de Mar\u00edn, hai xa esperas de 22 d\u00edas para cita co m\u00e9dico de cabeceira, 1 pediatra dos 4 que corresponden e horas de agarda para atenci\u00f3n nas urxencias do PAC\u201d\",\"datePublished\":\"2024-01-04T11:00:22+00:00\",\"mainEntityOfPage\":{\"@id\":\"https:\\\/\\\/www.anovapeneira.gal\\\/index.php\\\/2024\\\/01\\\/04\\\/a-plataforma-denuncia-un-remate-de-ano-ao-borde-do-colapso-no-centro-de-saude-de-marin-hai-xa-esperas-de-22-dias-para-cita-co-medico-de-cabeceira-1-pediatra-dos-4-que-corresponden-e-horas-d\\\/\"},\"wordCount\":780,\"commentCount\":0,\"publisher\":{\"@id\":\"https:\\\/\\\/www.anovapeneira.gal\\\/#organization\"},\"image\":{\"@id\":\"https:\\\/\\\/www.anovapeneira.gal\\\/index.php\\\/2024\\\/01\\\/04\\\/a-plataforma-denuncia-un-remate-de-ano-ao-borde-do-colapso-no-centro-de-saude-de-marin-hai-xa-esperas-de-22-dias-para-cita-co-medico-de-cabeceira-1-pediatra-dos-4-que-corresponden-e-horas-d\\\/#primaryimage\"},\"thumbnailUrl\":\"https:\\\/\\\/www.anovapeneira.gal\\\/wp-content\\\/uploads\\\/2024\\\/01\\\/centro-de-saude-de-marin.jpg\",\"keywords\":[\"Concello de Mar\u00edn\"],\"articleSection\":[\"Morrazo\"],\"inLanguage\":\"gl-ES\",\"potentialAction\":[{\"@type\":\"CommentAction\",\"name\":\"Comment\",\"target\":[\"https:\\\/\\\/www.anovapeneira.gal\\\/index.php\\\/2024\\\/01\\\/04\\\/a-plataforma-denuncia-un-remate-de-ano-ao-borde-do-colapso-no-centro-de-saude-de-marin-hai-xa-esperas-de-22-dias-para-cita-co-medico-de-cabeceira-1-pediatra-dos-4-que-corresponden-e-horas-d\\\/#respond\"]}]},{\"@type\":\"WebPage\",\"@id\":\"https:\\\/\\\/www.anovapeneira.gal\\\/index.php\\\/2024\\\/01\\\/04\\\/a-plataforma-denuncia-un-remate-de-ano-ao-borde-do-colapso-no-centro-de-saude-de-marin-hai-xa-esperas-de-22-dias-para-cita-co-medico-de-cabeceira-1-pediatra-dos-4-que-corresponden-e-horas-d\\\/\",\"url\":\"https:\\\/\\\/www.anovapeneira.gal\\\/index.php\\\/2024\\\/01\\\/04\\\/a-plataforma-denuncia-un-remate-de-ano-ao-borde-do-colapso-no-centro-de-saude-de-marin-hai-xa-esperas-de-22-dias-para-cita-co-medico-de-cabeceira-1-pediatra-dos-4-que-corresponden-e-horas-d\\\/\",\"name\":\"A Plataforma denuncia un remate de ano \u201cao borde do colapso no Centro de Sa\u00fade de Mar\u00edn, hai xa esperas de 22 d\u00edas para cita co m\u00e9dico de cabeceira, 1 pediatra dos 4 que corresponden e horas de agarda para atenci\u00f3n nas urxencias do PAC\u201d -\",\"isPartOf\":{\"@id\":\"https:\\\/\\\/www.anovapeneira.gal\\\/#website\"},\"primaryImageOfPage\":{\"@id\":\"https:\\\/\\\/www.anovapeneira.gal\\\/index.php\\\/2024\\\/01\\\/04\\\/a-plataforma-denuncia-un-remate-de-ano-ao-borde-do-colapso-no-centro-de-saude-de-marin-hai-xa-esperas-de-22-dias-para-cita-co-medico-de-cabeceira-1-pediatra-dos-4-que-corresponden-e-horas-d\\\/#primaryimage\"},\"image\":{\"@id\":\"https:\\\/\\\/www.anovapeneira.gal\\\/index.php\\\/2024\\\/01\\\/04\\\/a-plataforma-denuncia-un-remate-de-ano-ao-borde-do-colapso-no-centro-de-saude-de-marin-hai-xa-esperas-de-22-dias-para-cita-co-medico-de-cabeceira-1-pediatra-dos-4-que-corresponden-e-horas-d\\\/#primaryimage\"},\"thumbnailUrl\":\"https:\\\/\\\/www.anovapeneira.gal\\\/wp-content\\\/uploads\\\/2024\\\/01\\\/centro-de-saude-de-marin.jpg\",\"datePublished\":\"2024-01-04T11:00:22+00:00\",\"description\":\"A Plataforma reclama \u201ccontrataci\u00f3n de persoal m\u00e9dico, porque esta situaci\u00f3n l\u00edmite non se soluciona s\u00f3 co regreso das mascarillas\u201d\",\"breadcrumb\":{\"@id\":\"https:\\\/\\\/www.anovapeneira.gal\\\/index.php\\\/2024\\\/01\\\/04\\\/a-plataforma-denuncia-un-remate-de-ano-ao-borde-do-colapso-no-centro-de-saude-de-marin-hai-xa-esperas-de-22-dias-para-cita-co-medico-de-cabeceira-1-pediatra-dos-4-que-corresponden-e-horas-d\\\/#breadcrumb\"},\"inLanguage\":\"gl-ES\",\"potentialAction\":[{\"@type\":\"ReadAction\",\"target\":[\"https:\\\/\\\/www.anovapeneira.gal\\\/index.php\\\/2024\\\/01\\\/04\\\/a-plataforma-denuncia-un-remate-de-ano-ao-borde-do-colapso-no-centro-de-saude-de-marin-hai-xa-esperas-de-22-dias-para-cita-co-medico-de-cabeceira-1-pediatra-dos-4-que-corresponden-e-horas-d\\\/\"]}]},{\"@type\":\"ImageObject\",\"inLanguage\":\"gl-ES\",\"@id\":\"https:\\\/\\\/www.anovapeneira.gal\\\/index.php\\\/2024\\\/01\\\/04\\\/a-plataforma-denuncia-un-remate-de-ano-ao-borde-do-colapso-no-centro-de-saude-de-marin-hai-xa-esperas-de-22-dias-para-cita-co-medico-de-cabeceira-1-pediatra-dos-4-que-corresponden-e-horas-d\\\/#primaryimage\",\"url\":\"https:\\\/\\\/www.anovapeneira.gal\\\/wp-content\\\/uploads\\\/2024\\\/01\\\/centro-de-saude-de-marin.jpg\",\"contentUrl\":\"https:\\\/\\\/www.anovapeneira.gal\\\/wp-content\\\/uploads\\\/2024\\\/01\\\/centro-de-saude-de-marin.jpg\",\"width\":720,\"height\":432,\"caption\":\"Servicio Galego de sa\u00fade\"},{\"@type\":\"BreadcrumbList\",\"@id\":\"https:\\\/\\\/www.anovapeneira.gal\\\/index.php\\\/2024\\\/01\\\/04\\\/a-plataforma-denuncia-un-remate-de-ano-ao-borde-do-colapso-no-centro-de-saude-de-marin-hai-xa-esperas-de-22-dias-para-cita-co-medico-de-cabeceira-1-pediatra-dos-4-que-corresponden-e-horas-d\\\/#breadcrumb\",\"itemListElement\":[{\"@type\":\"ListItem\",\"position\":1,\"name\":\"Portada\",\"item\":\"https:\\\/\\\/www.anovapeneira.gal\\\/\"},{\"@type\":\"ListItem\",\"position\":2,\"name\":\"A Plataforma denuncia un remate de ano \u201cao borde do colapso no Centro de Sa\u00fade de Mar\u00edn, hai xa esperas de 22 d\u00edas para cita co m\u00e9dico de cabeceira, 1 pediatra dos 4 que corresponden e horas de agarda para atenci\u00f3n nas urxencias do PAC\u201d\"}]},{\"@type\":\"WebSite\",\"@id\":\"https:\\\/\\\/www.anovapeneira.gal\\\/#website\",\"url\":\"https:\\\/\\\/www.anovapeneira.gal\\\/\",\"name\":\"\",\"description\":\"Xornal galego de informaci\u00f3n xeral Publicaci\u00f3n mensual de novas de Galicia e en especial dos Concellos da sur da provincia de Pontevedra.\",\"publisher\":{\"@id\":\"https:\\\/\\\/www.anovapeneira.gal\\\/#organization\"},\"potentialAction\":[{\"@type\":\"SearchAction\",\"target\":{\"@type\":\"EntryPoint\",\"urlTemplate\":\"https:\\\/\\\/www.anovapeneira.gal\\\/?s={search_term_string}\"},\"query-input\":{\"@type\":\"PropertyValueSpecification\",\"valueRequired\":true,\"valueName\":\"search_term_string\"}}],\"inLanguage\":\"gl-ES\"},{\"@type\":\"Organization\",\"@id\":\"https:\\\/\\\/www.anovapeneira.gal\\\/#organization\",\"name\":\"A Nova Peneira\",\"url\":\"https:\\\/\\\/www.anovapeneira.gal\\\/\",\"logo\":{\"@type\":\"ImageObject\",\"inLanguage\":\"gl-ES\",\"@id\":\"https:\\\/\\\/www.anovapeneira.gal\\\/#\\\/schema\\\/logo\\\/image\\\/\",\"url\":\"http:\\\/\\\/www.anovapeneira.gal\\\/wp-content\\\/uploads\\\/2019\\\/06\\\/logo_a_nova_peneira_portal_web.png\",\"contentUrl\":\"http:\\\/\\\/www.anovapeneira.gal\\\/wp-content\\\/uploads\\\/2019\\\/06\\\/logo_a_nova_peneira_portal_web.png\",\"width\":300,\"height\":100,\"caption\":\"A Nova Peneira\"},\"image\":{\"@id\":\"https:\\\/\\\/www.anovapeneira.gal\\\/#\\\/schema\\\/logo\\\/image\\\/\"},\"sameAs\":[\"https:\\\/\\\/www.facebook.com\\\/anovapeneira\",\"https:\\\/\\\/x.com\\\/APeneira\"]},{\"@type\":\"Person\",\"@id\":\"https:\\\/\\\/www.anovapeneira.gal\\\/#\\\/schema\\\/person\\\/b93e3f8932e3f8da96334607eb6ac6aa\",\"name\":\"Redacci\u00f3n A Nova Peneira\",\"image\":{\"@type\":\"ImageObject\",\"inLanguage\":\"gl-ES\",\"@id\":\"https:\\\/\\\/secure.gravatar.com\\\/avatar\\\/c052a2551a06e23fac63626232eaa90abd78dbcf1700fc46a2b2c89fd27b735f?s=96&d=mm&r=g\",\"url\":\"https:\\\/\\\/secure.gravatar.com\\\/avatar\\\/c052a2551a06e23fac63626232eaa90abd78dbcf1700fc46a2b2c89fd27b735f?s=96&d=mm&r=g\",\"contentUrl\":\"https:\\\/\\\/secure.gravatar.com\\\/avatar\\\/c052a2551a06e23fac63626232eaa90abd78dbcf1700fc46a2b2c89fd27b735f?s=96&d=mm&r=g\",\"caption\":\"Redacci\u00f3n A Nova Peneira\"},\"sameAs\":[\"http:\\\/\\\/www.anovapeneira.gal\\\/\"],\"url\":\"https:\\\/\\\/www.anovapeneira.gal\\\/index.php\\\/author\\\/redactor\\\/\"}]}<\/script>\n<!-- \/ Yoast SEO plugin. -->","yoast_head_json":{"title":"A Plataforma denuncia un remate de ano \u201cao borde do colapso no Centro de Sa\u00fade de Mar\u00edn, hai xa esperas de 22 d\u00edas para cita co m\u00e9dico de cabeceira, 1 pediatra dos 4 que corresponden e horas de agarda para atenci\u00f3n nas urxencias do PAC\u201d -","description":"A Plataforma reclama \u201ccontrataci\u00f3n de persoal m\u00e9dico, porque esta situaci\u00f3n l\u00edmite non se soluciona s\u00f3 co regreso das mascarillas\u201d","robots":{"index":"index","follow":"follow","max-snippet":"max-snippet:-1","max-image-preview":"max-image-preview:large","max-video-preview":"max-video-preview:-1"},"canonical":"https:\/\/www.anovapeneira.gal\/index.php\/2024\/01\/04\/a-plataforma-denuncia-un-remate-de-ano-ao-borde-do-colapso-no-centro-de-saude-de-marin-hai-xa-esperas-de-22-dias-para-cita-co-medico-de-cabeceira-1-pediatra-dos-4-que-corresponden-e-horas-d\/","og_locale":"gl_ES","og_type":"article","og_title":"A Plataforma denuncia un remate de ano \u201cao borde do colapso no Centro de Sa\u00fade de Mar\u00edn, hai xa esperas de 22 d\u00edas para cita co m\u00e9dico de cabeceira, 1 pediatra dos 4 que corresponden e horas de agarda para atenci\u00f3n nas urxencias do PAC\u201d -","og_description":"A Plataforma reclama \u201ccontrataci\u00f3n de persoal m\u00e9dico, porque esta situaci\u00f3n l\u00edmite non se soluciona s\u00f3 co regreso das mascarillas\u201d","og_url":"https:\/\/www.anovapeneira.gal\/index.php\/2024\/01\/04\/a-plataforma-denuncia-un-remate-de-ano-ao-borde-do-colapso-no-centro-de-saude-de-marin-hai-xa-esperas-de-22-dias-para-cita-co-medico-de-cabeceira-1-pediatra-dos-4-que-corresponden-e-horas-d\/","article_publisher":"https:\/\/www.facebook.com\/anovapeneira","article_published_time":"2024-01-04T11:00:22+00:00","og_image":[{"width":720,"height":432,"url":"https:\/\/www.anovapeneira.gal\/wp-content\/uploads\/2024\/01\/centro-de-saude-de-marin.jpg","type":"image\/jpeg"}],"author":"Redacci\u00f3n A Nova Peneira","twitter_card":"summary_large_image","twitter_creator":"@APeneira","twitter_site":"@APeneira","twitter_misc":{"Escrito por":"Redacci\u00f3n A Nova Peneira","Tempo de lectura":"5 minutos"},"schema":{"@context":"https:\/\/schema.org","@graph":[{"@type":"Article","@id":"https:\/\/www.anovapeneira.gal\/index.php\/2024\/01\/04\/a-plataforma-denuncia-un-remate-de-ano-ao-borde-do-colapso-no-centro-de-saude-de-marin-hai-xa-esperas-de-22-dias-para-cita-co-medico-de-cabeceira-1-pediatra-dos-4-que-corresponden-e-horas-d\/#article","isPartOf":{"@id":"https:\/\/www.anovapeneira.gal\/index.php\/2024\/01\/04\/a-plataforma-denuncia-un-remate-de-ano-ao-borde-do-colapso-no-centro-de-saude-de-marin-hai-xa-esperas-de-22-dias-para-cita-co-medico-de-cabeceira-1-pediatra-dos-4-que-corresponden-e-horas-d\/"},"author":{"name":"Redacci\u00f3n A Nova Peneira","@id":"https:\/\/www.anovapeneira.gal\/#\/schema\/person\/b93e3f8932e3f8da96334607eb6ac6aa"},"headline":"A Plataforma denuncia un remate de ano \u201cao borde do colapso no Centro de Sa\u00fade de Mar\u00edn, hai xa esperas de 22 d\u00edas para cita co m\u00e9dico de cabeceira, 1 pediatra dos 4 que corresponden e horas de agarda para atenci\u00f3n nas urxencias do PAC\u201d","datePublished":"2024-01-04T11:00:22+00:00","mainEntityOfPage":{"@id":"https:\/\/www.anovapeneira.gal\/index.php\/2024\/01\/04\/a-plataforma-denuncia-un-remate-de-ano-ao-borde-do-colapso-no-centro-de-saude-de-marin-hai-xa-esperas-de-22-dias-para-cita-co-medico-de-cabeceira-1-pediatra-dos-4-que-corresponden-e-horas-d\/"},"wordCount":780,"commentCount":0,"publisher":{"@id":"https:\/\/www.anovapeneira.gal\/#organization"},"image":{"@id":"https:\/\/www.anovapeneira.gal\/index.php\/2024\/01\/04\/a-plataforma-denuncia-un-remate-de-ano-ao-borde-do-colapso-no-centro-de-saude-de-marin-hai-xa-esperas-de-22-dias-para-cita-co-medico-de-cabeceira-1-pediatra-dos-4-que-corresponden-e-horas-d\/#primaryimage"},"thumbnailUrl":"https:\/\/www.anovapeneira.gal\/wp-content\/uploads\/2024\/01\/centro-de-saude-de-marin.jpg","keywords":["Concello de Mar\u00edn"],"articleSection":["Morrazo"],"inLanguage":"gl-ES","potentialAction":[{"@type":"CommentAction","name":"Comment","target":["https:\/\/www.anovapeneira.gal\/index.php\/2024\/01\/04\/a-plataforma-denuncia-un-remate-de-ano-ao-borde-do-colapso-no-centro-de-saude-de-marin-hai-xa-esperas-de-22-dias-para-cita-co-medico-de-cabeceira-1-pediatra-dos-4-que-corresponden-e-horas-d\/#respond"]}]},{"@type":"WebPage","@id":"https:\/\/www.anovapeneira.gal\/index.php\/2024\/01\/04\/a-plataforma-denuncia-un-remate-de-ano-ao-borde-do-colapso-no-centro-de-saude-de-marin-hai-xa-esperas-de-22-dias-para-cita-co-medico-de-cabeceira-1-pediatra-dos-4-que-corresponden-e-horas-d\/","url":"https:\/\/www.anovapeneira.gal\/index.php\/2024\/01\/04\/a-plataforma-denuncia-un-remate-de-ano-ao-borde-do-colapso-no-centro-de-saude-de-marin-hai-xa-esperas-de-22-dias-para-cita-co-medico-de-cabeceira-1-pediatra-dos-4-que-corresponden-e-horas-d\/","name":"A Plataforma denuncia un remate de ano \u201cao borde do colapso no Centro de Sa\u00fade de Mar\u00edn, hai xa esperas de 22 d\u00edas para cita co m\u00e9dico de cabeceira, 1 pediatra dos 4 que corresponden e horas de agarda para atenci\u00f3n nas urxencias do PAC\u201d -","isPartOf":{"@id":"https:\/\/www.anovapeneira.gal\/#website"},"primaryImageOfPage":{"@id":"https:\/\/www.anovapeneira.gal\/index.php\/2024\/01\/04\/a-plataforma-denuncia-un-remate-de-ano-ao-borde-do-colapso-no-centro-de-saude-de-marin-hai-xa-esperas-de-22-dias-para-cita-co-medico-de-cabeceira-1-pediatra-dos-4-que-corresponden-e-horas-d\/#primaryimage"},"image":{"@id":"https:\/\/www.anovapeneira.gal\/index.php\/2024\/01\/04\/a-plataforma-denuncia-un-remate-de-ano-ao-borde-do-colapso-no-centro-de-saude-de-marin-hai-xa-esperas-de-22-dias-para-cita-co-medico-de-cabeceira-1-pediatra-dos-4-que-corresponden-e-horas-d\/#primaryimage"},"thumbnailUrl":"https:\/\/www.anovapeneira.gal\/wp-content\/uploads\/2024\/01\/centro-de-saude-de-marin.jpg","datePublished":"2024-01-04T11:00:22+00:00","description":"A Plataforma reclama \u201ccontrataci\u00f3n de persoal m\u00e9dico, porque esta situaci\u00f3n l\u00edmite non se soluciona s\u00f3 co regreso das mascarillas\u201d","breadcrumb":{"@id":"https:\/\/www.anovapeneira.gal\/index.php\/2024\/01\/04\/a-plataforma-denuncia-un-remate-de-ano-ao-borde-do-colapso-no-centro-de-saude-de-marin-hai-xa-esperas-de-22-dias-para-cita-co-medico-de-cabeceira-1-pediatra-dos-4-que-corresponden-e-horas-d\/#breadcrumb"},"inLanguage":"gl-ES","potentialAction":[{"@type":"ReadAction","target":["https:\/\/www.anovapeneira.gal\/index.php\/2024\/01\/04\/a-plataforma-denuncia-un-remate-de-ano-ao-borde-do-colapso-no-centro-de-saude-de-marin-hai-xa-esperas-de-22-dias-para-cita-co-medico-de-cabeceira-1-pediatra-dos-4-que-corresponden-e-horas-d\/"]}]},{"@type":"ImageObject","inLanguage":"gl-ES","@id":"https:\/\/www.anovapeneira.gal\/index.php\/2024\/01\/04\/a-plataforma-denuncia-un-remate-de-ano-ao-borde-do-colapso-no-centro-de-saude-de-marin-hai-xa-esperas-de-22-dias-para-cita-co-medico-de-cabeceira-1-pediatra-dos-4-que-corresponden-e-horas-d\/#primaryimage","url":"https:\/\/www.anovapeneira.gal\/wp-content\/uploads\/2024\/01\/centro-de-saude-de-marin.jpg","contentUrl":"https:\/\/www.anovapeneira.gal\/wp-content\/uploads\/2024\/01\/centro-de-saude-de-marin.jpg","width":720,"height":432,"caption":"Servicio Galego de sa\u00fade"},{"@type":"BreadcrumbList","@id":"https:\/\/www.anovapeneira.gal\/index.php\/2024\/01\/04\/a-plataforma-denuncia-un-remate-de-ano-ao-borde-do-colapso-no-centro-de-saude-de-marin-hai-xa-esperas-de-22-dias-para-cita-co-medico-de-cabeceira-1-pediatra-dos-4-que-corresponden-e-horas-d\/#breadcrumb","itemListElement":[{"@type":"ListItem","position":1,"name":"Portada","item":"https:\/\/www.anovapeneira.gal\/"},{"@type":"ListItem","position":2,"name":"A Plataforma denuncia un remate de ano \u201cao borde do colapso no Centro de Sa\u00fade de Mar\u00edn, hai xa esperas de 22 d\u00edas para cita co m\u00e9dico de cabeceira, 1 pediatra dos 4 que corresponden e horas de agarda para atenci\u00f3n nas urxencias do PAC\u201d"}]},{"@type":"WebSite","@id":"https:\/\/www.anovapeneira.gal\/#website","url":"https:\/\/www.anovapeneira.gal\/","name":"","description":"Xornal galego de informaci\u00f3n xeral Publicaci\u00f3n mensual de novas de Galicia e en especial dos Concellos da sur da provincia de Pontevedra.","publisher":{"@id":"https:\/\/www.anovapeneira.gal\/#organization"},"potentialAction":[{"@type":"SearchAction","target":{"@type":"EntryPoint","urlTemplate":"https:\/\/www.anovapeneira.gal\/?s={search_term_string}"},"query-input":{"@type":"PropertyValueSpecification","valueRequired":true,"valueName":"search_term_string"}}],"inLanguage":"gl-ES"},{"@type":"Organization","@id":"https:\/\/www.anovapeneira.gal\/#organization","name":"A Nova Peneira","url":"https:\/\/www.anovapeneira.gal\/","logo":{"@type":"ImageObject","inLanguage":"gl-ES","@id":"https:\/\/www.anovapeneira.gal\/#\/schema\/logo\/image\/","url":"http:\/\/www.anovapeneira.gal\/wp-content\/uploads\/2019\/06\/logo_a_nova_peneira_portal_web.png","contentUrl":"http:\/\/www.anovapeneira.gal\/wp-content\/uploads\/2019\/06\/logo_a_nova_peneira_portal_web.png","width":300,"height":100,"caption":"A Nova Peneira"},"image":{"@id":"https:\/\/www.anovapeneira.gal\/#\/schema\/logo\/image\/"},"sameAs":["https:\/\/www.facebook.com\/anovapeneira","https:\/\/x.com\/APeneira"]},{"@type":"Person","@id":"https:\/\/www.anovapeneira.gal\/#\/schema\/person\/b93e3f8932e3f8da96334607eb6ac6aa","name":"Redacci\u00f3n A Nova Peneira","image":{"@type":"ImageObject","inLanguage":"gl-ES","@id":"https:\/\/secure.gravatar.com\/avatar\/c052a2551a06e23fac63626232eaa90abd78dbcf1700fc46a2b2c89fd27b735f?s=96&d=mm&r=g","url":"https:\/\/secure.gravatar.com\/avatar\/c052a2551a06e23fac63626232eaa90abd78dbcf1700fc46a2b2c89fd27b735f?s=96&d=mm&r=g","contentUrl":"https:\/\/secure.gravatar.com\/avatar\/c052a2551a06e23fac63626232eaa90abd78dbcf1700fc46a2b2c89fd27b735f?s=96&d=mm&r=g","caption":"Redacci\u00f3n A Nova Peneira"},"sameAs":["http:\/\/www.anovapeneira.gal\/"],"url":"https:\/\/www.anovapeneira.gal\/index.php\/author\/redactor\/"}]}},"jetpack_featured_media_url":"https:\/\/www.anovapeneira.gal\/wp-content\/uploads\/2024\/01\/centro-de-saude-de-marin.jpg","_links":{"self":[{"href":"https:\/\/www.anovapeneira.gal\/index.php\/wp-json\/wp\/v2\/posts\/11012","targetHints":{"allow":["GET"]}}],"collection":[{"href":"https:\/\/www.anovapeneira.gal\/index.php\/wp-json\/wp\/v2\/posts"}],"about":[{"href":"https:\/\/www.anovapeneira.gal\/index.php\/wp-json\/wp\/v2\/types\/post"}],"author":[{"embeddable":true,"href":"https:\/\/www.anovapeneira.gal\/index.php\/wp-json\/wp\/v2\/users\/3"}],"replies":[{"embeddable":true,"href":"https:\/\/www.anovapeneira.gal\/index.php\/wp-json\/wp\/v2\/comments?post=11012"}],"version-history":[{"count":1,"href":"https:\/\/www.anovapeneira.gal\/index.php\/wp-json\/wp\/v2\/posts\/11012\/revisions"}],"predecessor-version":[{"id":11013,"href":"https:\/\/www.anovapeneira.gal\/index.php\/wp-json\/wp\/v2\/posts\/11012\/revisions\/11013"}],"wp:featuredmedia":[{"embeddable":true,"href":"https:\/\/www.anovapeneira.gal\/index.php\/wp-json\/wp\/v2\/media\/11014"}],"wp:attachment":[{"href":"https:\/\/www.anovapeneira.gal\/index.php\/wp-json\/wp\/v2\/media?parent=11012"}],"wp:term":[{"taxonomy":"category","embeddable":true,"href":"https:\/\/www.anovapeneira.gal\/index.php\/wp-json\/wp\/v2\/categories?post=11012"},{"taxonomy":"post_tag","embeddable":true,"href":"https:\/\/www.anovapeneira.gal\/index.php\/wp-json\/wp\/v2\/tags?post=11012"}],"curies":[{"name":"wp","href":"https:\/\/api.w.org\/{rel}","templated":true}]}}