{"id":11015,"date":"2024-01-05T10:00:33","date_gmt":"2024-01-05T09:00:33","guid":{"rendered":"https:\/\/www.anovapeneira.gal\/?p=11015"},"modified":"2024-01-03T12:19:57","modified_gmt":"2024-01-03T11:19:57","slug":"tanxarina-cumpre-40-de-luz","status":"publish","type":"post","link":"https:\/\/www.anovapeneira.gal\/index.php\/2024\/01\/05\/tanxarina-cumpre-40-de-luz\/","title":{"rendered":"Tanxarina cumpre 40 de Luz"},"content":{"rendered":"\n<h2 class=\"wp-block-heading\"><strong>No ano 1983 nac\u00eda a compa\u00f1\u00eda Tanxarina. E hoxe, catro d\u00e9cadas despois, a\u00ednda seguen a alumear aos espectadores de claridade, luz, curiosidade e tenrura cos seus espect\u00e1culos. Nunha data tan especial para esta compa\u00f1\u00eda , tan especial para Redondela, non pod\u00eda faltar A Nova Peneira e al\u00ed estivemos conversando cos nosos amigos<\/strong><\/h2>\n\n\n\n<p><strong>Andr\u00e9s Gir\u00e1ldez, Eduardo Rodr\u00edguez e Miguel Borines<\/strong><\/p>\n\n\n\n<p>\u201c <strong>A nosa aprendizaxe naceu nas t\u00e1boas\u201d<\/strong><\/p>\n\n\n\n<p><strong>Aqu\u00ed estades 3 pero no voso funcionamento diario sodes 4 persoas , verdade?<\/strong><\/p>\n\n\n\n<blockquote class=\"wp-block-quote is-layout-flow wp-block-quote-is-layout-flow\">\n<p>Si, n\u00f3s e Carmen na oficina.<\/p>\n<\/blockquote>\n\n\n\n<p><strong>Pero cando producides espect\u00e1culos a familia de Tanxarina medra?<\/strong><\/p>\n\n\n\n<blockquote class=\"wp-block-quote is-layout-flow wp-block-quote-is-layout-flow\">\n<p>Sii. Pablo Gir\u00e1ldez, Pastor, Carlos Alonso, Evaristo Calvo&#8230;..\u00c9 dicir o noso n\u00facleo \u00e9 de catro persoas pero a nosa familia \u00e9 m\u00e1is ampla.<\/p>\n<\/blockquote>\n\n\n\n<p><strong>Malia que esta entrevista publ\u00edcase nos primeiros d\u00edas do 2024 fac\u00e9mola nos \u00faltimos do 2023, ano especial para v\u00f3s pois seica estades de aniversario?<\/strong><\/p>\n\n\n\n<blockquote class=\"wp-block-quote is-layout-flow wp-block-quote-is-layout-flow\">\n<p>Pois si, nacemos en 1983, cumprimos xa que logo 4 d\u00e9cadas de vida.<\/p>\n<\/blockquote>\n\n\n\n<p><strong>Imaxino que o voso nacemento non foi no ano anterior para non restarlle importancia nin protagonismo ao mundial de f\u00fatbol e a \u201c naranjito\u201d?<\/strong><\/p>\n\n\n\n<blockquote class=\"wp-block-quote is-layout-flow wp-block-quote-is-layout-flow\">\n<p>Ha ha ha ha ha&#8230;N\u00f3s estamos alleos a iso. Para n\u00f3s estarmos falando, Marcos, do noso 40 aniversario \u00e9 fermoso, fermoso como un c\u00e1lido solpor nas chairas da terra ch\u00e1 ou como<\/p>\n<\/blockquote>\n\n\n\n<blockquote class=\"wp-block-quote is-layout-flow wp-block-quote-is-layout-flow\">\n<p>un abrente luminoso do mar de Redondela, pois non todas as compa\u00f1\u00edas poden celebrar tantos anos de vida.<\/p>\n<\/blockquote>\n\n\n\n<p><strong>Como foron os inicios?<\/strong><\/p>\n\n\n\n<blockquote class=\"wp-block-quote is-layout-flow wp-block-quote-is-layout-flow\">\n<p>Unha aventura. Era todo moi precario. Non exist\u00edan suficientes espazos nos que poder representar, nin escolas de teatro nin instituci\u00f3ns que o defenderan.<\/p>\n<\/blockquote>\n\n\n\n<p><strong>Sentides que v\u00f3s participastes en ter dignificado a vosa profesi\u00f3n?<\/strong><\/p>\n\n\n\n<blockquote class=\"wp-block-quote is-layout-flow wp-block-quote-is-layout-flow\">\n<p>N\u00f3s estanos orgullosos de ter participado en que o teatro, neste caso un teatro de bonecos, tivese o lugar que merece.<\/p>\n<\/blockquote>\n\n\n\n<p><strong>Cando comezastes erades conscientes de que esta \u00eda ser a vosa profesi\u00f3n?<\/strong><\/p>\n\n\n\n<blockquote class=\"wp-block-quote is-layout-flow wp-block-quote-is-layout-flow\">\n<p>Non, desde logo que non. Malia que nos inicios todo era moi precario tam\u00e9n era moi alegre,festivo, fresco e espont\u00e1neo.<\/p>\n<\/blockquote>\n\n\n\n<p><strong>Nestes anos m\u00e1is de 20 espect\u00e1culos de creaci\u00f3n propia. A cal deles lle tedes m\u00e1is cari\u00f1o?<\/strong><\/p>\n\n\n\n<blockquote class=\"wp-block-quote is-layout-flow wp-block-quote-is-layout-flow\">\n<p>A todos por igual.<\/p>\n<\/blockquote>\n\n\n\n<p><strong>E non hai ning\u00fan que v\u00f3s chegara un pouco m\u00e1is fondo no coraz\u00f3n?<\/strong><\/p>\n\n\n\n<blockquote class=\"wp-block-quote is-layout-flow wp-block-quote-is-layout-flow\">\n<p>Pois non sei, se cadra Titiricircus, do ano 1987, porque nos deu de comer bastante tempo. Ten m\u00e1is de 1.500 representaci\u00f3ns e a\u00ednda est\u00e1 en carteleira.<\/p>\n<\/blockquote>\n\n\n\n<p><strong>Os monicreques e os escenarios fac\u00e9delos v\u00f3s?<\/strong><\/p>\n\n\n\n<blockquote class=\"wp-block-quote is-layout-flow wp-block-quote-is-layout-flow\">\n<p>Si, de feito unha das partes m\u00e1is l\u00fadicas do noso traballo \u00e9 a parte de taller. N\u00f3s temos caracter\u00edsticas propias como compa\u00f1\u00eda, e unha delas \u00e9 que nos gusta cambiar de t\u00e9cnica en cada espect\u00e1culo.<\/p>\n<\/blockquote>\n\n\n\n<p><strong>Outra \u00e9 que a v\u00f3s g\u00fastavos integrarvos a v\u00f3s mesmos no espect\u00e1culo?<\/strong><\/p>\n\n\n\n<blockquote class=\"wp-block-quote is-layout-flow wp-block-quote-is-layout-flow\">\n<p>Desde o principio de todo. Xa desde os noso inicios hab\u00eda pola nosa parte unha actitude de querer sa\u00edr e participar como actores. De feito unha das nosas principais caracter\u00edsticas consiste en coidar ese aspecto. E esa \u00e9 a raz\u00f3n pola que comezamos a ser chamados como actores por distintas compa\u00f1\u00edas teatrais.<\/p>\n<\/blockquote>\n\n\n\n<p><strong>Como aprendestes a actuar?<\/strong><\/p>\n\n\n\n<blockquote class=\"wp-block-quote is-layout-flow wp-block-quote-is-layout-flow\">\n<p>N\u00f3s non temos formaci\u00f3n .Aprendemos a base de experiencia. Pero temos confianza. Consideramos que a base de ter traballado tanto e de sermos dirixidos por profesionais moi solventes acadamos a tranquilidade necesaria para podermos afrontar os proxectos que se nos presentan. A nosa aprendizaxe naceu nas t\u00e1boas.<\/p>\n<\/blockquote>\n\n\n\n<p><strong>Sa\u00edr do taller, sa\u00edrdes da vosa zona ce confort, f\u00edxovos medrar?<\/strong><\/p>\n\n\n\n<blockquote class=\"wp-block-quote is-layout-flow wp-block-quote-is-layout-flow\">\n<p>Si, radicalmente si.<\/p>\n<\/blockquote>\n\n\n\n<p><strong>Que vos gusta m\u00e1is o teatro ou o audiovisual?<\/strong><\/p>\n\n\n\n<blockquote class=\"wp-block-quote is-layout-flow wp-block-quote-is-layout-flow\">\n<p>Sent\u00edmonos c\u00f3modos en ambos mundos que son perfectamente compatibles pero moi diferentes desde logo.<\/p>\n<\/blockquote>\n\n\n\n<p><strong>Son dif\u00edciles de compaxinar?<\/strong><\/p>\n\n\n\n<blockquote class=\"wp-block-quote is-layout-flow wp-block-quote-is-layout-flow\">\n<p>\u00c1s veces si, pero sempre lle damos prioridade \u00e1 axenda de Tanxarina.<\/p>\n<\/blockquote>\n\n\n\n<p><strong>Tendo en conta o complicadas que son as relaci\u00f3ns persoais resulta salientable que 3 persoas sigades xuntas despois de 40 anos. Como o conseguides?<\/strong><\/p>\n\n\n\n<blockquote class=\"wp-block-quote is-layout-flow wp-block-quote-is-layout-flow\">\n<p>O segredo est\u00e1 en que nos gusta o que facemos, g\u00fastanos con quen o facemos, e sa\u00edr a facer de cando en vez cousas por f\u00f3ra tam\u00e9n \u00e9 san e fornece de solidez as relaci\u00f3ns persoais.<\/p>\n<\/blockquote>\n\n\n\n<p><strong>As vosas obras al\u00e9n da finalidade l\u00fadica, tam\u00e9n procuran fomentar o esp\u00edrito cr\u00edtico no espectador?<\/strong><\/p>\n\n\n\n<blockquote class=\"wp-block-quote is-layout-flow wp-block-quote-is-layout-flow\">\n<p>Si,claro que si. Todos os nosos traballos te\u00f1en distintas capas de comprensi\u00f3n por iso nos gusta dicir que creamos espect\u00e1culos para p\u00fablico familiar.<\/p>\n<\/blockquote>\n\n\n\n<p><strong>Canto tempo tardades desde que ideades un espect\u00e1culo ata que o levades ao escenario?<\/strong><\/p>\n\n\n\n<blockquote class=\"wp-block-quote is-layout-flow wp-block-quote-is-layout-flow\">\n<p>\u00c9 moi variable. Podemos estar falando dunha media aproximada de arredor de 5 meses, pero insisto \u00e9 que iso depende de moitas variables.<\/p>\n<\/blockquote>\n\n\n\n<p><strong>Como por exemplo?<\/strong><\/p>\n\n\n\n<blockquote class=\"wp-block-quote is-layout-flow wp-block-quote-is-layout-flow\">\n<p>O doado ou dif\u00edcil que sexa atopar a documentaci\u00f3n necesaria para dotar ao espect\u00e1culo de rigor e de solidez.<\/p>\n<\/blockquote>\n\n\n\n<p><strong>Podemos destacar alg\u00fan episodio destes 40 anos como especialmente bonito?<\/strong><\/p>\n\n\n\n<blockquote class=\"wp-block-quote is-layout-flow wp-block-quote-is-layout-flow\">\n<p>Houbo moitos. Se cadra, por salientar alg\u00fan, cando co\u00f1ecemos a un titiriteiro do Salvador que nos abriu as portas de Am\u00e9rica. A primeira vez que cruzamos o charco foi alucinante, foi unha explosi\u00f3n emocional persoal e profesional en grado superlativo.<\/p>\n<\/blockquote>\n\n\n\n<p><strong>Os proxectos para o futuro?<\/strong><\/p>\n\n\n\n<pre class=\"wp-block-verse\">Pois e principio estamos a constru\u00edr unha r\u00e9plica dunha das nosas primeiras marionetas, regalo da nosa amiga Esther, unha titiriteira catal\u00e1, para 40 anos despois devolverlle o agasallo.<\/pre>\n\n\n\n<p><strong>Que bonito<\/strong><\/p>\n\n\n\n<blockquote class=\"wp-block-quote is-layout-flow wp-block-quote-is-layout-flow\">\n<p>Pensamos que lle vai facer ilusi\u00f3n, si.<\/p>\n<\/blockquote>\n\n\n\n<p><strong>E que m\u00e1is proxectos?<\/strong><\/p>\n\n\n\n<blockquote class=\"wp-block-quote is-layout-flow wp-block-quote-is-layout-flow\">\n<p>O proxecto m\u00e1is potente que temos neste momento \u00e9 unha coproduci\u00f3n actoral con varazim teatro, unha compa\u00f1\u00eda de P\u00f3voa de Varzim. E a\u00ednda que son proxectos individuais por primeira vez imos traballar os tres na mesma pel\u00edcula. Vaise chamar San Sim\u00f3n dirixida por Miguel \u00c1ngel Salgado,e pola s\u00faa tem\u00e1tica, referente aos presos, ilusi\u00f3nanos especialmente.<\/p>\n<\/blockquote>\n","protected":false},"excerpt":{"rendered":"<div class=\"mh-excerpt\"><p>No ano 1983 nac\u00eda a compa\u00f1\u00eda Tanxarina. E hoxe, catro d\u00e9cadas despois, a\u00ednda seguen a alumear aos espectadores de claridade, luz, curiosidade e tenrura cos seus espect\u00e1culos <a class=\"mh-excerpt-more\" href=\"https:\/\/www.anovapeneira.gal\/index.php\/2024\/01\/05\/tanxarina-cumpre-40-de-luz\/\" title=\"Tanxarina cumpre 40 de Luz\">[&#8230;]<\/a><\/p>\n<\/div>","protected":false},"author":6,"featured_media":11017,"comment_status":"open","ping_status":"open","sticky":false,"template":"","format":"standard","meta":{"_exactmetrics_skip_tracking":false,"_exactmetrics_sitenote_active":false,"_exactmetrics_sitenote_note":"","_exactmetrics_sitenote_category":0,"footnotes":""},"categories":[270],"tags":[171],"class_list":{"0":"post-11015","1":"post","2":"type-post","3":"status-publish","4":"format-standard","5":"has-post-thumbnail","7":"category-redondela-entrevistas","8":"tag-concello-de-redondela"},"yoast_head":"<!-- This site is optimized with the Yoast SEO plugin v27.4 - https:\/\/yoast.com\/product\/yoast-seo-wordpress\/ -->\n<title>Tanxarina cumpre 40 de Luz -<\/title>\n<meta name=\"description\" content=\"No ano 1983 nac\u00eda a compa\u00f1\u00eda Tanxarina. E hoxe, catro d\u00e9cadas despois, a\u00ednda seguen a alumear aos espectadores de claridade, luz, curiosidade e tenrura cos seus espect\u00e1culos\" \/>\n<meta name=\"robots\" content=\"index, follow, max-snippet:-1, max-image-preview:large, max-video-preview:-1\" \/>\n<link rel=\"canonical\" href=\"https:\/\/www.anovapeneira.gal\/index.php\/2024\/01\/05\/tanxarina-cumpre-40-de-luz\/\" \/>\n<meta property=\"og:locale\" content=\"gl_ES\" \/>\n<meta property=\"og:type\" content=\"article\" \/>\n<meta property=\"og:title\" content=\"Tanxarina cumpre 40 de Luz -\" \/>\n<meta property=\"og:description\" content=\"No ano 1983 nac\u00eda a compa\u00f1\u00eda Tanxarina. E hoxe, catro d\u00e9cadas despois, a\u00ednda seguen a alumear aos espectadores de claridade, luz, curiosidade e tenrura cos seus espect\u00e1culos\" \/>\n<meta property=\"og:url\" content=\"https:\/\/www.anovapeneira.gal\/index.php\/2024\/01\/05\/tanxarina-cumpre-40-de-luz\/\" \/>\n<meta property=\"article:publisher\" content=\"https:\/\/www.facebook.com\/anovapeneira\" \/>\n<meta property=\"article:published_time\" content=\"2024-01-05T09:00:33+00:00\" \/>\n<meta property=\"og:image\" content=\"https:\/\/www.anovapeneira.gal\/wp-content\/uploads\/2024\/01\/tanxarina.jpg\" \/>\n\t<meta property=\"og:image:width\" content=\"720\" \/>\n\t<meta property=\"og:image:height\" content=\"432\" \/>\n\t<meta property=\"og:image:type\" content=\"image\/jpeg\" \/>\n<meta name=\"author\" content=\"Marcos Santos\" \/>\n<meta name=\"twitter:card\" content=\"summary_large_image\" \/>\n<meta name=\"twitter:creator\" content=\"@APeneira\" \/>\n<meta name=\"twitter:site\" content=\"@APeneira\" \/>\n<meta name=\"twitter:label1\" content=\"Escrito por\" \/>\n\t<meta name=\"twitter:data1\" content=\"Marcos Santos\" \/>\n\t<meta name=\"twitter:label2\" content=\"Tempo de lectura\" \/>\n\t<meta name=\"twitter:data2\" content=\"2 minutos\" \/>\n<script type=\"application\/ld+json\" class=\"yoast-schema-graph\">{\"@context\":\"https:\\\/\\\/schema.org\",\"@graph\":[{\"@type\":\"Article\",\"@id\":\"https:\\\/\\\/www.anovapeneira.gal\\\/index.php\\\/2024\\\/01\\\/05\\\/tanxarina-cumpre-40-de-luz\\\/#article\",\"isPartOf\":{\"@id\":\"https:\\\/\\\/www.anovapeneira.gal\\\/index.php\\\/2024\\\/01\\\/05\\\/tanxarina-cumpre-40-de-luz\\\/\"},\"author\":{\"name\":\"Marcos Santos\",\"@id\":\"https:\\\/\\\/www.anovapeneira.gal\\\/#\\\/schema\\\/person\\\/d9d84823564720e7593293bab054e52d\"},\"headline\":\"Tanxarina cumpre 40 de Luz\",\"datePublished\":\"2024-01-05T09:00:33+00:00\",\"mainEntityOfPage\":{\"@id\":\"https:\\\/\\\/www.anovapeneira.gal\\\/index.php\\\/2024\\\/01\\\/05\\\/tanxarina-cumpre-40-de-luz\\\/\"},\"wordCount\":953,\"commentCount\":0,\"publisher\":{\"@id\":\"https:\\\/\\\/www.anovapeneira.gal\\\/#organization\"},\"image\":{\"@id\":\"https:\\\/\\\/www.anovapeneira.gal\\\/index.php\\\/2024\\\/01\\\/05\\\/tanxarina-cumpre-40-de-luz\\\/#primaryimage\"},\"thumbnailUrl\":\"https:\\\/\\\/www.anovapeneira.gal\\\/wp-content\\\/uploads\\\/2024\\\/01\\\/tanxarina.jpg\",\"keywords\":[\"Concello de Redondela\"],\"articleSection\":[\"Redondela\"],\"inLanguage\":\"gl-ES\",\"potentialAction\":[{\"@type\":\"CommentAction\",\"name\":\"Comment\",\"target\":[\"https:\\\/\\\/www.anovapeneira.gal\\\/index.php\\\/2024\\\/01\\\/05\\\/tanxarina-cumpre-40-de-luz\\\/#respond\"]}]},{\"@type\":\"WebPage\",\"@id\":\"https:\\\/\\\/www.anovapeneira.gal\\\/index.php\\\/2024\\\/01\\\/05\\\/tanxarina-cumpre-40-de-luz\\\/\",\"url\":\"https:\\\/\\\/www.anovapeneira.gal\\\/index.php\\\/2024\\\/01\\\/05\\\/tanxarina-cumpre-40-de-luz\\\/\",\"name\":\"Tanxarina cumpre 40 de Luz -\",\"isPartOf\":{\"@id\":\"https:\\\/\\\/www.anovapeneira.gal\\\/#website\"},\"primaryImageOfPage\":{\"@id\":\"https:\\\/\\\/www.anovapeneira.gal\\\/index.php\\\/2024\\\/01\\\/05\\\/tanxarina-cumpre-40-de-luz\\\/#primaryimage\"},\"image\":{\"@id\":\"https:\\\/\\\/www.anovapeneira.gal\\\/index.php\\\/2024\\\/01\\\/05\\\/tanxarina-cumpre-40-de-luz\\\/#primaryimage\"},\"thumbnailUrl\":\"https:\\\/\\\/www.anovapeneira.gal\\\/wp-content\\\/uploads\\\/2024\\\/01\\\/tanxarina.jpg\",\"datePublished\":\"2024-01-05T09:00:33+00:00\",\"description\":\"No ano 1983 nac\u00eda a compa\u00f1\u00eda Tanxarina. E hoxe, catro d\u00e9cadas despois, a\u00ednda seguen a alumear aos espectadores de claridade, luz, curiosidade e tenrura cos seus espect\u00e1culos\",\"breadcrumb\":{\"@id\":\"https:\\\/\\\/www.anovapeneira.gal\\\/index.php\\\/2024\\\/01\\\/05\\\/tanxarina-cumpre-40-de-luz\\\/#breadcrumb\"},\"inLanguage\":\"gl-ES\",\"potentialAction\":[{\"@type\":\"ReadAction\",\"target\":[\"https:\\\/\\\/www.anovapeneira.gal\\\/index.php\\\/2024\\\/01\\\/05\\\/tanxarina-cumpre-40-de-luz\\\/\"]}]},{\"@type\":\"ImageObject\",\"inLanguage\":\"gl-ES\",\"@id\":\"https:\\\/\\\/www.anovapeneira.gal\\\/index.php\\\/2024\\\/01\\\/05\\\/tanxarina-cumpre-40-de-luz\\\/#primaryimage\",\"url\":\"https:\\\/\\\/www.anovapeneira.gal\\\/wp-content\\\/uploads\\\/2024\\\/01\\\/tanxarina.jpg\",\"contentUrl\":\"https:\\\/\\\/www.anovapeneira.gal\\\/wp-content\\\/uploads\\\/2024\\\/01\\\/tanxarina.jpg\",\"width\":720,\"height\":432,\"caption\":\"Tanxarina Teatro\"},{\"@type\":\"BreadcrumbList\",\"@id\":\"https:\\\/\\\/www.anovapeneira.gal\\\/index.php\\\/2024\\\/01\\\/05\\\/tanxarina-cumpre-40-de-luz\\\/#breadcrumb\",\"itemListElement\":[{\"@type\":\"ListItem\",\"position\":1,\"name\":\"Portada\",\"item\":\"https:\\\/\\\/www.anovapeneira.gal\\\/\"},{\"@type\":\"ListItem\",\"position\":2,\"name\":\"Tanxarina cumpre 40 de Luz\"}]},{\"@type\":\"WebSite\",\"@id\":\"https:\\\/\\\/www.anovapeneira.gal\\\/#website\",\"url\":\"https:\\\/\\\/www.anovapeneira.gal\\\/\",\"name\":\"\",\"description\":\"Xornal galego de informaci\u00f3n xeral Publicaci\u00f3n mensual de novas de Galicia e en especial dos Concellos da sur da provincia de Pontevedra.\",\"publisher\":{\"@id\":\"https:\\\/\\\/www.anovapeneira.gal\\\/#organization\"},\"potentialAction\":[{\"@type\":\"SearchAction\",\"target\":{\"@type\":\"EntryPoint\",\"urlTemplate\":\"https:\\\/\\\/www.anovapeneira.gal\\\/?s={search_term_string}\"},\"query-input\":{\"@type\":\"PropertyValueSpecification\",\"valueRequired\":true,\"valueName\":\"search_term_string\"}}],\"inLanguage\":\"gl-ES\"},{\"@type\":\"Organization\",\"@id\":\"https:\\\/\\\/www.anovapeneira.gal\\\/#organization\",\"name\":\"A Nova Peneira\",\"url\":\"https:\\\/\\\/www.anovapeneira.gal\\\/\",\"logo\":{\"@type\":\"ImageObject\",\"inLanguage\":\"gl-ES\",\"@id\":\"https:\\\/\\\/www.anovapeneira.gal\\\/#\\\/schema\\\/logo\\\/image\\\/\",\"url\":\"http:\\\/\\\/www.anovapeneira.gal\\\/wp-content\\\/uploads\\\/2019\\\/06\\\/logo_a_nova_peneira_portal_web.png\",\"contentUrl\":\"http:\\\/\\\/www.anovapeneira.gal\\\/wp-content\\\/uploads\\\/2019\\\/06\\\/logo_a_nova_peneira_portal_web.png\",\"width\":300,\"height\":100,\"caption\":\"A Nova Peneira\"},\"image\":{\"@id\":\"https:\\\/\\\/www.anovapeneira.gal\\\/#\\\/schema\\\/logo\\\/image\\\/\"},\"sameAs\":[\"https:\\\/\\\/www.facebook.com\\\/anovapeneira\",\"https:\\\/\\\/x.com\\\/APeneira\"]},{\"@type\":\"Person\",\"@id\":\"https:\\\/\\\/www.anovapeneira.gal\\\/#\\\/schema\\\/person\\\/d9d84823564720e7593293bab054e52d\",\"name\":\"Marcos Santos\",\"image\":{\"@type\":\"ImageObject\",\"inLanguage\":\"gl-ES\",\"@id\":\"https:\\\/\\\/secure.gravatar.com\\\/avatar\\\/0e8017099a7a47c0a9d2275e865fe326484561eb3d70649069e4b8e61a8d2e8c?s=96&d=mm&r=g\",\"url\":\"https:\\\/\\\/secure.gravatar.com\\\/avatar\\\/0e8017099a7a47c0a9d2275e865fe326484561eb3d70649069e4b8e61a8d2e8c?s=96&d=mm&r=g\",\"contentUrl\":\"https:\\\/\\\/secure.gravatar.com\\\/avatar\\\/0e8017099a7a47c0a9d2275e865fe326484561eb3d70649069e4b8e61a8d2e8c?s=96&d=mm&r=g\",\"caption\":\"Marcos Santos\"},\"sameAs\":[\"http:\\\/\\\/anovapeneira.gal\"],\"url\":\"https:\\\/\\\/www.anovapeneira.gal\\\/index.php\\\/author\\\/marcos-santos\\\/\"}]}<\/script>\n<!-- \/ Yoast SEO plugin. -->","yoast_head_json":{"title":"Tanxarina cumpre 40 de Luz -","description":"No ano 1983 nac\u00eda a compa\u00f1\u00eda Tanxarina. E hoxe, catro d\u00e9cadas despois, a\u00ednda seguen a alumear aos espectadores de claridade, luz, curiosidade e tenrura cos seus espect\u00e1culos","robots":{"index":"index","follow":"follow","max-snippet":"max-snippet:-1","max-image-preview":"max-image-preview:large","max-video-preview":"max-video-preview:-1"},"canonical":"https:\/\/www.anovapeneira.gal\/index.php\/2024\/01\/05\/tanxarina-cumpre-40-de-luz\/","og_locale":"gl_ES","og_type":"article","og_title":"Tanxarina cumpre 40 de Luz -","og_description":"No ano 1983 nac\u00eda a compa\u00f1\u00eda Tanxarina. E hoxe, catro d\u00e9cadas despois, a\u00ednda seguen a alumear aos espectadores de claridade, luz, curiosidade e tenrura cos seus espect\u00e1culos","og_url":"https:\/\/www.anovapeneira.gal\/index.php\/2024\/01\/05\/tanxarina-cumpre-40-de-luz\/","article_publisher":"https:\/\/www.facebook.com\/anovapeneira","article_published_time":"2024-01-05T09:00:33+00:00","og_image":[{"width":720,"height":432,"url":"https:\/\/www.anovapeneira.gal\/wp-content\/uploads\/2024\/01\/tanxarina.jpg","type":"image\/jpeg"}],"author":"Marcos Santos","twitter_card":"summary_large_image","twitter_creator":"@APeneira","twitter_site":"@APeneira","twitter_misc":{"Escrito por":"Marcos Santos","Tempo de lectura":"2 minutos"},"schema":{"@context":"https:\/\/schema.org","@graph":[{"@type":"Article","@id":"https:\/\/www.anovapeneira.gal\/index.php\/2024\/01\/05\/tanxarina-cumpre-40-de-luz\/#article","isPartOf":{"@id":"https:\/\/www.anovapeneira.gal\/index.php\/2024\/01\/05\/tanxarina-cumpre-40-de-luz\/"},"author":{"name":"Marcos Santos","@id":"https:\/\/www.anovapeneira.gal\/#\/schema\/person\/d9d84823564720e7593293bab054e52d"},"headline":"Tanxarina cumpre 40 de Luz","datePublished":"2024-01-05T09:00:33+00:00","mainEntityOfPage":{"@id":"https:\/\/www.anovapeneira.gal\/index.php\/2024\/01\/05\/tanxarina-cumpre-40-de-luz\/"},"wordCount":953,"commentCount":0,"publisher":{"@id":"https:\/\/www.anovapeneira.gal\/#organization"},"image":{"@id":"https:\/\/www.anovapeneira.gal\/index.php\/2024\/01\/05\/tanxarina-cumpre-40-de-luz\/#primaryimage"},"thumbnailUrl":"https:\/\/www.anovapeneira.gal\/wp-content\/uploads\/2024\/01\/tanxarina.jpg","keywords":["Concello de Redondela"],"articleSection":["Redondela"],"inLanguage":"gl-ES","potentialAction":[{"@type":"CommentAction","name":"Comment","target":["https:\/\/www.anovapeneira.gal\/index.php\/2024\/01\/05\/tanxarina-cumpre-40-de-luz\/#respond"]}]},{"@type":"WebPage","@id":"https:\/\/www.anovapeneira.gal\/index.php\/2024\/01\/05\/tanxarina-cumpre-40-de-luz\/","url":"https:\/\/www.anovapeneira.gal\/index.php\/2024\/01\/05\/tanxarina-cumpre-40-de-luz\/","name":"Tanxarina cumpre 40 de Luz -","isPartOf":{"@id":"https:\/\/www.anovapeneira.gal\/#website"},"primaryImageOfPage":{"@id":"https:\/\/www.anovapeneira.gal\/index.php\/2024\/01\/05\/tanxarina-cumpre-40-de-luz\/#primaryimage"},"image":{"@id":"https:\/\/www.anovapeneira.gal\/index.php\/2024\/01\/05\/tanxarina-cumpre-40-de-luz\/#primaryimage"},"thumbnailUrl":"https:\/\/www.anovapeneira.gal\/wp-content\/uploads\/2024\/01\/tanxarina.jpg","datePublished":"2024-01-05T09:00:33+00:00","description":"No ano 1983 nac\u00eda a compa\u00f1\u00eda Tanxarina. E hoxe, catro d\u00e9cadas despois, a\u00ednda seguen a alumear aos espectadores de claridade, luz, curiosidade e tenrura cos seus espect\u00e1culos","breadcrumb":{"@id":"https:\/\/www.anovapeneira.gal\/index.php\/2024\/01\/05\/tanxarina-cumpre-40-de-luz\/#breadcrumb"},"inLanguage":"gl-ES","potentialAction":[{"@type":"ReadAction","target":["https:\/\/www.anovapeneira.gal\/index.php\/2024\/01\/05\/tanxarina-cumpre-40-de-luz\/"]}]},{"@type":"ImageObject","inLanguage":"gl-ES","@id":"https:\/\/www.anovapeneira.gal\/index.php\/2024\/01\/05\/tanxarina-cumpre-40-de-luz\/#primaryimage","url":"https:\/\/www.anovapeneira.gal\/wp-content\/uploads\/2024\/01\/tanxarina.jpg","contentUrl":"https:\/\/www.anovapeneira.gal\/wp-content\/uploads\/2024\/01\/tanxarina.jpg","width":720,"height":432,"caption":"Tanxarina Teatro"},{"@type":"BreadcrumbList","@id":"https:\/\/www.anovapeneira.gal\/index.php\/2024\/01\/05\/tanxarina-cumpre-40-de-luz\/#breadcrumb","itemListElement":[{"@type":"ListItem","position":1,"name":"Portada","item":"https:\/\/www.anovapeneira.gal\/"},{"@type":"ListItem","position":2,"name":"Tanxarina cumpre 40 de Luz"}]},{"@type":"WebSite","@id":"https:\/\/www.anovapeneira.gal\/#website","url":"https:\/\/www.anovapeneira.gal\/","name":"","description":"Xornal galego de informaci\u00f3n xeral Publicaci\u00f3n mensual de novas de Galicia e en especial dos Concellos da sur da provincia de Pontevedra.","publisher":{"@id":"https:\/\/www.anovapeneira.gal\/#organization"},"potentialAction":[{"@type":"SearchAction","target":{"@type":"EntryPoint","urlTemplate":"https:\/\/www.anovapeneira.gal\/?s={search_term_string}"},"query-input":{"@type":"PropertyValueSpecification","valueRequired":true,"valueName":"search_term_string"}}],"inLanguage":"gl-ES"},{"@type":"Organization","@id":"https:\/\/www.anovapeneira.gal\/#organization","name":"A Nova Peneira","url":"https:\/\/www.anovapeneira.gal\/","logo":{"@type":"ImageObject","inLanguage":"gl-ES","@id":"https:\/\/www.anovapeneira.gal\/#\/schema\/logo\/image\/","url":"http:\/\/www.anovapeneira.gal\/wp-content\/uploads\/2019\/06\/logo_a_nova_peneira_portal_web.png","contentUrl":"http:\/\/www.anovapeneira.gal\/wp-content\/uploads\/2019\/06\/logo_a_nova_peneira_portal_web.png","width":300,"height":100,"caption":"A Nova Peneira"},"image":{"@id":"https:\/\/www.anovapeneira.gal\/#\/schema\/logo\/image\/"},"sameAs":["https:\/\/www.facebook.com\/anovapeneira","https:\/\/x.com\/APeneira"]},{"@type":"Person","@id":"https:\/\/www.anovapeneira.gal\/#\/schema\/person\/d9d84823564720e7593293bab054e52d","name":"Marcos Santos","image":{"@type":"ImageObject","inLanguage":"gl-ES","@id":"https:\/\/secure.gravatar.com\/avatar\/0e8017099a7a47c0a9d2275e865fe326484561eb3d70649069e4b8e61a8d2e8c?s=96&d=mm&r=g","url":"https:\/\/secure.gravatar.com\/avatar\/0e8017099a7a47c0a9d2275e865fe326484561eb3d70649069e4b8e61a8d2e8c?s=96&d=mm&r=g","contentUrl":"https:\/\/secure.gravatar.com\/avatar\/0e8017099a7a47c0a9d2275e865fe326484561eb3d70649069e4b8e61a8d2e8c?s=96&d=mm&r=g","caption":"Marcos Santos"},"sameAs":["http:\/\/anovapeneira.gal"],"url":"https:\/\/www.anovapeneira.gal\/index.php\/author\/marcos-santos\/"}]}},"jetpack_featured_media_url":"https:\/\/www.anovapeneira.gal\/wp-content\/uploads\/2024\/01\/tanxarina.jpg","_links":{"self":[{"href":"https:\/\/www.anovapeneira.gal\/index.php\/wp-json\/wp\/v2\/posts\/11015","targetHints":{"allow":["GET"]}}],"collection":[{"href":"https:\/\/www.anovapeneira.gal\/index.php\/wp-json\/wp\/v2\/posts"}],"about":[{"href":"https:\/\/www.anovapeneira.gal\/index.php\/wp-json\/wp\/v2\/types\/post"}],"author":[{"embeddable":true,"href":"https:\/\/www.anovapeneira.gal\/index.php\/wp-json\/wp\/v2\/users\/6"}],"replies":[{"embeddable":true,"href":"https:\/\/www.anovapeneira.gal\/index.php\/wp-json\/wp\/v2\/comments?post=11015"}],"version-history":[{"count":1,"href":"https:\/\/www.anovapeneira.gal\/index.php\/wp-json\/wp\/v2\/posts\/11015\/revisions"}],"predecessor-version":[{"id":11016,"href":"https:\/\/www.anovapeneira.gal\/index.php\/wp-json\/wp\/v2\/posts\/11015\/revisions\/11016"}],"wp:featuredmedia":[{"embeddable":true,"href":"https:\/\/www.anovapeneira.gal\/index.php\/wp-json\/wp\/v2\/media\/11017"}],"wp:attachment":[{"href":"https:\/\/www.anovapeneira.gal\/index.php\/wp-json\/wp\/v2\/media?parent=11015"}],"wp:term":[{"taxonomy":"category","embeddable":true,"href":"https:\/\/www.anovapeneira.gal\/index.php\/wp-json\/wp\/v2\/categories?post=11015"},{"taxonomy":"post_tag","embeddable":true,"href":"https:\/\/www.anovapeneira.gal\/index.php\/wp-json\/wp\/v2\/tags?post=11015"}],"curies":[{"name":"wp","href":"https:\/\/api.w.org\/{rel}","templated":true}]}}