{"id":11026,"date":"2024-01-08T10:00:59","date_gmt":"2024-01-08T09:00:59","guid":{"rendered":"https:\/\/www.anovapeneira.gal\/?p=11026"},"modified":"2024-01-08T09:10:30","modified_gmt":"2024-01-08T08:10:30","slug":"felix-gonzalez-portavoz-do-psoe-de-salvaterra","status":"publish","type":"post","link":"https:\/\/www.anovapeneira.gal\/index.php\/2024\/01\/08\/felix-gonzalez-portavoz-do-psoe-de-salvaterra\/","title":{"rendered":"F\u00e9lix Gonz\u00e1lez Portavoz do PSOE de Salvaterra"},"content":{"rendered":"\n<p><strong>Comezamos o ano conversando co voceiro dos socialistas de Salvaterra, o veci\u00f1o de Oleiros F\u00e9lix Gonz\u00e1lez. El manifesta sentirse decepcionado pois, ao seu xu\u00edzo, o desleixo e a incapacidade do goberno non fai m\u00e1is que aumentar e po\u00f1en a Salvaterra nunha situaci\u00f3n moi complicada, pero \u00e1 vez ilusionado en chegar \u00e1 maior\u00eda social do Concello para convencela da urxencia da necesidade do cambio pol\u00edtico. Vela\u00ed vai o que deu de si a nosa conversa.<\/strong><\/p>\n\n\n\n<h2 class=\"wp-block-heading\">\u201c <strong>O Goberno de Salvaterra s\u00f3 se ocupa da foto e da festa. E mira para outro lado ante os graves problemas e necesidades do noso Concello\u201d<\/strong><\/h2>\n\n\n\n<p><strong>Algo m\u00e1is de medio ano despois das \u00faltimas elecci\u00f3ns municipais faime un primeiro balance do xu\u00edzo que vos merece a acci\u00f3n pol\u00edtica do goberno municipal?<\/strong><\/p>\n\n\n\n<blockquote class=\"wp-block-quote is-layout-flow wp-block-quote-is-layout-flow\">\n<p>Por desgraza non mudou nada. As circunstancias que antes das \u00faltimas municipais nos levaban a reclamar a urxente necesidade do cambio pol\u00edtico en Salvaterra non se modificaron en absoluto .Este \u00e9 un goberno de desleixo, inacci\u00f3n e que s\u00f3 se preocupa por d\u00faas cuesti\u00f3ns: As festas e as fotos.<\/p>\n<\/blockquote>\n\n\n\n<p><strong>S\u00f3 festas e fotos?<\/strong><\/p>\n\n\n\n<blockquote class=\"wp-block-quote is-layout-flow wp-block-quote-is-layout-flow\">\n<p>Si, este \u00e9 un goberno populista que non aborda os graves problemas que padece Salvaterra. Por exemplo a\u00ednda non se aprobou a conta xeral do ano 22 .A primeira comisi\u00f3n ao respecto est\u00e1 convocada para o 11 deste mes<strong>( facemos esta entrevista o 2 de xaneiro)<\/strong><\/p>\n<\/blockquote>\n\n\n\n<p><strong>Ser\u00e1 a conta xeral do 23 ,supo\u00f1o?<\/strong><\/p>\n\n\n\n<blockquote class=\"wp-block-quote is-layout-flow wp-block-quote-is-layout-flow\">\n<p>Non , a do 22.A do 2022 est\u00e1 sen aprobar a\u00ednda.<\/p>\n<\/blockquote>\n\n\n\n<p><strong>Pero iso \u00e9 moi perigoso, poder\u00eda p\u00f3r en risco subvenci\u00f3ns creo eu<\/strong><\/p>\n\n\n\n<blockquote class=\"wp-block-quote is-layout-flow wp-block-quote-is-layout-flow\">\n<p>E tanto que si. Non \u00e9 que se po\u00f1an en risco, \u00e9 peor. \u00c9 que \u00e1s primeiras subvenci\u00f3ns que se convoquen este ano Salvaterra non vai poder concorrer por non ter aprobada a conta xeral do 2022.<\/p>\n<\/blockquote>\n\n\n\n<p><strong>Como \u00e9 posible iso. Se o goberno ten maior\u00eda absoluta\u00a1\u00a1<\/strong><\/p>\n\n\n\n<blockquote class=\"wp-block-quote is-layout-flow wp-block-quote-is-layout-flow\">\n<p>O desleixo e o pouco interese no traballo deste goberno son as \u00fanicas explicaci\u00f3ns posibles.<\/p>\n<\/blockquote>\n\n\n\n<p><strong>Falemos da situaci\u00f3n da sanidade no Concello de Salvaterra?<\/strong><\/p>\n\n\n\n<blockquote class=\"wp-block-quote is-layout-flow wp-block-quote-is-layout-flow\">\n<p>Hai uns meses comezou unha obra no centro de sa\u00fade, unha actuaci\u00f3n dirixida ao aforro enerx\u00e9tico e a mellorar os accesos para persoas con mobilidade reducida, unha obra necesaria, pero a situaci\u00f3n sanitaria do noso concello segue a ser moi mala. No que se refire \u00e1 falta de profesionais hai momentos en que \u00e9 terrible, absolutamente terrible, e este segue a ser un dos principais problemas que afecta ao noso Concello. N\u00f3s no pleno de xullo presentamos unha moci\u00f3n sobre a carencia de persoal sanitario que se aprobou por unanimidade<\/p>\n<\/blockquote>\n\n\n\n<p><strong>E que fixo o goberno?<\/strong><\/p>\n\n\n\n<blockquote class=\"wp-block-quote is-layout-flow wp-block-quote-is-layout-flow\">\n<p>Nada. A situaci\u00f3n a d\u00eda de hoxe segue a ser igual o peor. O desleixo deste goberno \u00e9 de tal calibre que mira para outro lado e non fai nada para que o goberno auton\u00f3mico aborde de contado este grave problema.<\/p>\n<\/blockquote>\n\n\n\n<p><strong>A Marta Valc\u00e1rcel imp\u00f3rtalle m\u00e1is o seu partido que a veci\u00f1anza de Salvaterra?<\/strong><\/p>\n\n\n\n<blockquote class=\"wp-block-quote is-layout-flow wp-block-quote-is-layout-flow\">\n<p>Parece que si.<\/p>\n<\/blockquote>\n\n\n\n<p><strong>Por que levastes a pleno unha moci\u00f3n en defensa dos traballadores municipais?<\/strong><\/p>\n\n\n\n<blockquote class=\"wp-block-quote is-layout-flow wp-block-quote-is-layout-flow\">\n<p>Deriva dunha xuntanza que mantivemos co comit\u00e9 na que nos presentaron as s\u00faas principais carencias, como por exemplo algo tan b\u00e1sico como a falta dun plan de seguridade para os traballadores.<\/p>\n<\/blockquote>\n\n\n\n<p><strong>Asombroso .En serio non existe un plan de seguridade para os traballadores e traballadoras do Concello?<\/strong><\/p>\n\n\n\n<blockquote class=\"wp-block-quote is-layout-flow wp-block-quote-is-layout-flow\">\n<p>Non, non existe. E \u00e1 algo que esixe a lei, pero \u00e9 que tampouco existe nin RPT nin convenio colectivo. O PP leva gobernando toda a vida e a situaci\u00f3n est\u00e1 como est\u00e1. Se cando dicimos que a inacci\u00f3n e o desleixo son as principais caracter\u00edsticas deste goberno \u00e9 porque , por desgraza, en realidade \u00e9 as\u00ed.<\/p>\n<\/blockquote>\n\n\n\n<p><strong>Algunha outra carencia significativa que vos formularan os representantes dos traballadores ?<\/strong><\/p>\n\n\n\n<blockquote class=\"wp-block-quote is-layout-flow wp-block-quote-is-layout-flow\">\n<p>A inexistencia de vestiarios nos que se poidan cambiar ou duchar os traballadores que saen a realizar o seu traballo nas distintas zonas do Concello.<\/p>\n<\/blockquote>\n\n\n\n<p><strong>Que votou o PP \u00e1 vosa moci\u00f3n?<\/strong><\/p>\n\n\n\n<blockquote class=\"wp-block-quote is-layout-flow wp-block-quote-is-layout-flow\">\n<p>En Contra.<\/p>\n<\/blockquote>\n\n\n\n<p><strong>Pois estou desexando que me contes os seus argumentos, porque para xustificar o voto en contra dun plan de seguridade, dunha RPT, e dun convenio colectivo para os traballadores e traballadoras municipais hai que ser pouco menos que un mago da dial\u00e9ctica?<\/strong><\/p>\n\n\n\n<blockquote class=\"wp-block-quote is-layout-flow wp-block-quote-is-layout-flow\">\n<p>Basicamente:\u201d Estamos traballando niso\u201d&#8230;\u00c9 dicir, nada, nada de nada.<\/p>\n<\/blockquote>\n\n\n\n<p><strong>Sobre os problemas do pavill\u00f3n de Leirado que nos tes que dicir?<\/strong><\/p>\n\n\n\n<blockquote class=\"wp-block-quote is-layout-flow wp-block-quote-is-layout-flow\">\n<p>No \u00faltimo pleno preguntamos por iso e nos dixeron que \u00edan ama\u00f1alo.<\/p>\n<\/blockquote>\n\n\n\n<p><strong>O \u00faltimo pleno foi en decembro?<\/strong><\/p>\n\n\n\n<blockquote class=\"wp-block-quote is-layout-flow wp-block-quote-is-layout-flow\">\n<p>Non, en novembro. N\u00f3s temos plenos ordinarios cada dous meses.<\/p>\n<\/blockquote>\n\n\n\n<p><strong>Vaia. \u00c9 certo que a lei o permite, pero para un concello concello do volume de poboaci\u00f3n e dos problemas que ten Salvaterra non ser\u00eda necesario unha acci\u00f3n pol\u00edtica algo m\u00e1is consistente?<\/strong><\/p>\n\n\n\n<blockquote class=\"wp-block-quote is-layout-flow wp-block-quote-is-layout-flow\">\n<p>Si, claro que si. Os plenos todos os meses non estar\u00edan de m\u00e1is , desde logo que non. As persoas que estamos voluntariamente en pol\u00edtica, estamos para axudar a resolver os problemas \u00e1 cidadan\u00eda, e para iso hai que facer pol\u00edtica, d\u00eda si e d\u00eda tam\u00e9n. Malia que tam\u00e9n che digo que se fose polo contido que o goberno municipal lle dota aos plenos este \u00e9 tan escaso que non d\u00e1 nin para encher un cada dous meses.<\/p>\n<\/blockquote>\n\n\n\n<p><strong>O concello pechou a biblioteca municipal entre o 26 do 12 e o 2 de Xaneiro. Cal \u00e9 a opini\u00f3n dos socialistas de Salvaterra?<\/strong><\/p>\n\n\n\n<blockquote class=\"wp-block-quote is-layout-flow wp-block-quote-is-layout-flow\">\n<p>Este \u00e9 un exemplo m\u00e1is de que este goberno est\u00e1 desconectado da realidade. O exames na universidade son en xaneiro,e os mozos e mozas do noso pobo que estudan as s\u00faas carreiras f\u00f3ra e volven para pasar as festas en Salvaterra precisan estudar para os seus exames. E este goberno na \u00e9poca de exames vai e pecha a biblioteca. O dito, est\u00e1n fora da realidade.<\/p>\n<\/blockquote>\n\n\n\n<p><strong>En Salvaterra non fai falta un auditorio?<\/strong><\/p>\n\n\n\n<blockquote class=\"wp-block-quote is-layout-flow wp-block-quote-is-layout-flow\">\n<p>Si, desde logo que si. De feito no partido socialista lev\u00e1molo no noso programa electoral nas d\u00faas \u00faltimas elecci\u00f3ns municipais. A modo de exemplo: este nadal nun concerto da banda de m\u00fasica na casa da cultura hab\u00eda tal cantidade de xente, nun espazo tan pequeno, que calquera que tivera ollos na cara decatar\u00edase de esa necesidade que ten o noso pobo.<\/p>\n<\/blockquote>\n\n\n\n<p><strong>Que opinas das relaci\u00f3ns entre o Concello e as Comunidades de Montes?<\/strong><\/p>\n\n\n\n<blockquote class=\"wp-block-quote is-layout-flow wp-block-quote-is-layout-flow\">\n<p>Eu son Secretario sa Comunidade de Montes de Oleiros e comunicaci\u00f3n do Concello con n\u00f3s apenas existe. Polo que sei a comunidade de montes de Salvaterra est\u00e1 na mesma situaci\u00f3n. Non existe un plan para traballarmos en conxunto o Concello e as Comunidades de Montes<\/p>\n<\/blockquote>\n\n\n\n<p><strong>O PP conservou a alcald\u00eda por unhas poucas ducias de votos, por uns votos que levou unha candidatura irrelevante de Podemos Salvaterra que o \u00fanico<\/strong><\/p>\n\n\n\n<p><strong>resultado que tivo foi darlle a alcald\u00eda ao PP. Tes constancia de que Podemos Salvaterra faga alg\u00fan tipo de actividade pol\u00edtica?<\/strong><\/p>\n\n\n\n<blockquote class=\"wp-block-quote is-layout-flow wp-block-quote-is-layout-flow\">\n<p>Que a min me conste, non.<\/p>\n<\/blockquote>\n\n\n\n<p><strong>Como est\u00e1s ti de \u00e1nimos e de moral?<\/strong><\/p>\n\n\n\n<blockquote class=\"wp-block-quote is-layout-flow wp-block-quote-is-layout-flow\">\n<p>Eu estou moi ben, moi forte , plenamente consciente de que Salvaterra precisa un cambio que a saque de contado da situaci\u00f3n de esclerose na que a sumiu o PP e coa firme intenci\u00f3n de chegar ao coraz\u00f3n da maior\u00eda social do noso pobo. M\u00e1is pronto que tarde o cambio pol\u00edtico chegar\u00e1 a Salvaterra.<\/p>\n<\/blockquote>\n\n\n\n<p><strong>Que tal son as relaci\u00f3ns co BNG de Salvaterra?<\/strong><\/p>\n\n\n\n<blockquote class=\"wp-block-quote is-layout-flow wp-block-quote-is-layout-flow\">\n<p>Moi boas e flu\u00eddas. Ambos somos conscientes de que a alternativa ao PP \u00e9 un goberno de coalici\u00f3n progresista entre as d\u00faas forzas e cando poida ser, vai ser sen d\u00fabida.<\/p>\n<\/blockquote>\n","protected":false},"excerpt":{"rendered":"<div class=\"mh-excerpt\"><p>Comezamos o ano conversando co voceiro dos socialistas de Salvaterra, o veci\u00f1o de Oleiros F\u00e9lix Gonz\u00e1lez <a class=\"mh-excerpt-more\" href=\"https:\/\/www.anovapeneira.gal\/index.php\/2024\/01\/08\/felix-gonzalez-portavoz-do-psoe-de-salvaterra\/\" title=\"F\u00e9lix Gonz\u00e1lez Portavoz do PSOE de Salvaterra\">[&#8230;]<\/a><\/p>\n<\/div>","protected":false},"author":2,"featured_media":11027,"comment_status":"open","ping_status":"open","sticky":false,"template":"","format":"standard","meta":{"_exactmetrics_skip_tracking":false,"_exactmetrics_sitenote_active":false,"_exactmetrics_sitenote_note":"","_exactmetrics_sitenote_category":0,"footnotes":""},"categories":[265],"tags":[1300],"class_list":{"0":"post-11026","1":"post","2":"type-post","3":"status-publish","4":"format-standard","5":"has-post-thumbnail","7":"category-a-lourina-entrevistas","8":"tag-concello-de-salvaterra-de-mino"},"yoast_head":"<!-- This site is optimized with the Yoast SEO plugin v27.4 - https:\/\/yoast.com\/product\/yoast-seo-wordpress\/ -->\n<title>F\u00e9lix Gonz\u00e1lez Portavoz do PSOE de Salvaterra -<\/title>\n<meta name=\"description\" content=\"Comezamos o ano conversando co voceiro dos socialistas de Salvaterra, o veci\u00f1o de Oleiros F\u00e9lix Gonz\u00e1lez\" \/>\n<meta name=\"robots\" content=\"index, follow, max-snippet:-1, max-image-preview:large, max-video-preview:-1\" \/>\n<link rel=\"canonical\" href=\"https:\/\/www.anovapeneira.gal\/index.php\/2024\/01\/08\/felix-gonzalez-portavoz-do-psoe-de-salvaterra\/\" \/>\n<meta property=\"og:locale\" content=\"gl_ES\" \/>\n<meta property=\"og:type\" content=\"article\" \/>\n<meta property=\"og:title\" content=\"F\u00e9lix Gonz\u00e1lez Portavoz do PSOE de Salvaterra -\" \/>\n<meta property=\"og:description\" content=\"Comezamos o ano conversando co voceiro dos socialistas de Salvaterra, o veci\u00f1o de Oleiros F\u00e9lix Gonz\u00e1lez\" \/>\n<meta property=\"og:url\" content=\"https:\/\/www.anovapeneira.gal\/index.php\/2024\/01\/08\/felix-gonzalez-portavoz-do-psoe-de-salvaterra\/\" \/>\n<meta property=\"article:publisher\" content=\"https:\/\/www.facebook.com\/anovapeneira\" \/>\n<meta property=\"article:published_time\" content=\"2024-01-08T09:00:59+00:00\" \/>\n<meta property=\"og:image\" content=\"https:\/\/www.anovapeneira.gal\/wp-content\/uploads\/2024\/01\/felix_gonzalez_psoe_salvaterra.jpg\" \/>\n\t<meta property=\"og:image:width\" content=\"720\" \/>\n\t<meta property=\"og:image:height\" content=\"432\" \/>\n\t<meta property=\"og:image:type\" content=\"image\/jpeg\" \/>\n<meta name=\"author\" content=\"Tino Lago\" \/>\n<meta name=\"twitter:card\" content=\"summary_large_image\" \/>\n<meta name=\"twitter:creator\" content=\"@APeneira\" \/>\n<meta name=\"twitter:site\" content=\"@APeneira\" \/>\n<meta name=\"twitter:label1\" content=\"Escrito por\" \/>\n\t<meta name=\"twitter:data1\" content=\"Tino Lago\" \/>\n\t<meta name=\"twitter:label2\" content=\"Tempo de lectura\" \/>\n\t<meta name=\"twitter:data2\" content=\"3 minutos\" \/>\n<script type=\"application\/ld+json\" class=\"yoast-schema-graph\">{\"@context\":\"https:\\\/\\\/schema.org\",\"@graph\":[{\"@type\":\"Article\",\"@id\":\"https:\\\/\\\/www.anovapeneira.gal\\\/index.php\\\/2024\\\/01\\\/08\\\/felix-gonzalez-portavoz-do-psoe-de-salvaterra\\\/#article\",\"isPartOf\":{\"@id\":\"https:\\\/\\\/www.anovapeneira.gal\\\/index.php\\\/2024\\\/01\\\/08\\\/felix-gonzalez-portavoz-do-psoe-de-salvaterra\\\/\"},\"author\":{\"name\":\"Tino Lago\",\"@id\":\"https:\\\/\\\/www.anovapeneira.gal\\\/#\\\/schema\\\/person\\\/424dfe65e3070fd8a44d22d2c088762a\"},\"headline\":\"F\u00e9lix Gonz\u00e1lez Portavoz do PSOE de Salvaterra\",\"datePublished\":\"2024-01-08T09:00:59+00:00\",\"mainEntityOfPage\":{\"@id\":\"https:\\\/\\\/www.anovapeneira.gal\\\/index.php\\\/2024\\\/01\\\/08\\\/felix-gonzalez-portavoz-do-psoe-de-salvaterra\\\/\"},\"wordCount\":1280,\"commentCount\":0,\"publisher\":{\"@id\":\"https:\\\/\\\/www.anovapeneira.gal\\\/#organization\"},\"image\":{\"@id\":\"https:\\\/\\\/www.anovapeneira.gal\\\/index.php\\\/2024\\\/01\\\/08\\\/felix-gonzalez-portavoz-do-psoe-de-salvaterra\\\/#primaryimage\"},\"thumbnailUrl\":\"https:\\\/\\\/www.anovapeneira.gal\\\/wp-content\\\/uploads\\\/2024\\\/01\\\/felix_gonzalez_psoe_salvaterra.jpg\",\"keywords\":[\"Concello de Salvaterra de Mi\u00f1o\"],\"articleSection\":[\"A Louri\u00f1a\"],\"inLanguage\":\"gl-ES\",\"potentialAction\":[{\"@type\":\"CommentAction\",\"name\":\"Comment\",\"target\":[\"https:\\\/\\\/www.anovapeneira.gal\\\/index.php\\\/2024\\\/01\\\/08\\\/felix-gonzalez-portavoz-do-psoe-de-salvaterra\\\/#respond\"]}]},{\"@type\":\"WebPage\",\"@id\":\"https:\\\/\\\/www.anovapeneira.gal\\\/index.php\\\/2024\\\/01\\\/08\\\/felix-gonzalez-portavoz-do-psoe-de-salvaterra\\\/\",\"url\":\"https:\\\/\\\/www.anovapeneira.gal\\\/index.php\\\/2024\\\/01\\\/08\\\/felix-gonzalez-portavoz-do-psoe-de-salvaterra\\\/\",\"name\":\"F\u00e9lix Gonz\u00e1lez Portavoz do PSOE de Salvaterra -\",\"isPartOf\":{\"@id\":\"https:\\\/\\\/www.anovapeneira.gal\\\/#website\"},\"primaryImageOfPage\":{\"@id\":\"https:\\\/\\\/www.anovapeneira.gal\\\/index.php\\\/2024\\\/01\\\/08\\\/felix-gonzalez-portavoz-do-psoe-de-salvaterra\\\/#primaryimage\"},\"image\":{\"@id\":\"https:\\\/\\\/www.anovapeneira.gal\\\/index.php\\\/2024\\\/01\\\/08\\\/felix-gonzalez-portavoz-do-psoe-de-salvaterra\\\/#primaryimage\"},\"thumbnailUrl\":\"https:\\\/\\\/www.anovapeneira.gal\\\/wp-content\\\/uploads\\\/2024\\\/01\\\/felix_gonzalez_psoe_salvaterra.jpg\",\"datePublished\":\"2024-01-08T09:00:59+00:00\",\"description\":\"Comezamos o ano conversando co voceiro dos socialistas de Salvaterra, o veci\u00f1o de Oleiros F\u00e9lix Gonz\u00e1lez\",\"breadcrumb\":{\"@id\":\"https:\\\/\\\/www.anovapeneira.gal\\\/index.php\\\/2024\\\/01\\\/08\\\/felix-gonzalez-portavoz-do-psoe-de-salvaterra\\\/#breadcrumb\"},\"inLanguage\":\"gl-ES\",\"potentialAction\":[{\"@type\":\"ReadAction\",\"target\":[\"https:\\\/\\\/www.anovapeneira.gal\\\/index.php\\\/2024\\\/01\\\/08\\\/felix-gonzalez-portavoz-do-psoe-de-salvaterra\\\/\"]}]},{\"@type\":\"ImageObject\",\"inLanguage\":\"gl-ES\",\"@id\":\"https:\\\/\\\/www.anovapeneira.gal\\\/index.php\\\/2024\\\/01\\\/08\\\/felix-gonzalez-portavoz-do-psoe-de-salvaterra\\\/#primaryimage\",\"url\":\"https:\\\/\\\/www.anovapeneira.gal\\\/wp-content\\\/uploads\\\/2024\\\/01\\\/felix_gonzalez_psoe_salvaterra.jpg\",\"contentUrl\":\"https:\\\/\\\/www.anovapeneira.gal\\\/wp-content\\\/uploads\\\/2024\\\/01\\\/felix_gonzalez_psoe_salvaterra.jpg\",\"width\":720,\"height\":432,\"caption\":\"F\u00e9lix Gonz\u00e1lez PSOE Vigo\"},{\"@type\":\"BreadcrumbList\",\"@id\":\"https:\\\/\\\/www.anovapeneira.gal\\\/index.php\\\/2024\\\/01\\\/08\\\/felix-gonzalez-portavoz-do-psoe-de-salvaterra\\\/#breadcrumb\",\"itemListElement\":[{\"@type\":\"ListItem\",\"position\":1,\"name\":\"Portada\",\"item\":\"https:\\\/\\\/www.anovapeneira.gal\\\/\"},{\"@type\":\"ListItem\",\"position\":2,\"name\":\"F\u00e9lix Gonz\u00e1lez Portavoz do PSOE de Salvaterra\"}]},{\"@type\":\"WebSite\",\"@id\":\"https:\\\/\\\/www.anovapeneira.gal\\\/#website\",\"url\":\"https:\\\/\\\/www.anovapeneira.gal\\\/\",\"name\":\"\",\"description\":\"Xornal galego de informaci\u00f3n xeral Publicaci\u00f3n mensual de novas de Galicia e en especial dos Concellos da sur da provincia de Pontevedra.\",\"publisher\":{\"@id\":\"https:\\\/\\\/www.anovapeneira.gal\\\/#organization\"},\"potentialAction\":[{\"@type\":\"SearchAction\",\"target\":{\"@type\":\"EntryPoint\",\"urlTemplate\":\"https:\\\/\\\/www.anovapeneira.gal\\\/?s={search_term_string}\"},\"query-input\":{\"@type\":\"PropertyValueSpecification\",\"valueRequired\":true,\"valueName\":\"search_term_string\"}}],\"inLanguage\":\"gl-ES\"},{\"@type\":\"Organization\",\"@id\":\"https:\\\/\\\/www.anovapeneira.gal\\\/#organization\",\"name\":\"A Nova Peneira\",\"url\":\"https:\\\/\\\/www.anovapeneira.gal\\\/\",\"logo\":{\"@type\":\"ImageObject\",\"inLanguage\":\"gl-ES\",\"@id\":\"https:\\\/\\\/www.anovapeneira.gal\\\/#\\\/schema\\\/logo\\\/image\\\/\",\"url\":\"http:\\\/\\\/www.anovapeneira.gal\\\/wp-content\\\/uploads\\\/2019\\\/06\\\/logo_a_nova_peneira_portal_web.png\",\"contentUrl\":\"http:\\\/\\\/www.anovapeneira.gal\\\/wp-content\\\/uploads\\\/2019\\\/06\\\/logo_a_nova_peneira_portal_web.png\",\"width\":300,\"height\":100,\"caption\":\"A Nova Peneira\"},\"image\":{\"@id\":\"https:\\\/\\\/www.anovapeneira.gal\\\/#\\\/schema\\\/logo\\\/image\\\/\"},\"sameAs\":[\"https:\\\/\\\/www.facebook.com\\\/anovapeneira\",\"https:\\\/\\\/x.com\\\/APeneira\"]},{\"@type\":\"Person\",\"@id\":\"https:\\\/\\\/www.anovapeneira.gal\\\/#\\\/schema\\\/person\\\/424dfe65e3070fd8a44d22d2c088762a\",\"name\":\"Tino Lago\",\"image\":{\"@type\":\"ImageObject\",\"inLanguage\":\"gl-ES\",\"@id\":\"https:\\\/\\\/secure.gravatar.com\\\/avatar\\\/b3df6a06e44bab3111583b90f0f33a0379ee5e3d22cbadd232d39f21c30c62be?s=96&d=mm&r=g\",\"url\":\"https:\\\/\\\/secure.gravatar.com\\\/avatar\\\/b3df6a06e44bab3111583b90f0f33a0379ee5e3d22cbadd232d39f21c30c62be?s=96&d=mm&r=g\",\"contentUrl\":\"https:\\\/\\\/secure.gravatar.com\\\/avatar\\\/b3df6a06e44bab3111583b90f0f33a0379ee5e3d22cbadd232d39f21c30c62be?s=96&d=mm&r=g\",\"caption\":\"Tino Lago\"},\"sameAs\":[\"http:\\\/\\\/www.anovapeneira.gal\"],\"url\":\"https:\\\/\\\/www.anovapeneira.gal\\\/index.php\\\/author\\\/director\\\/\"}]}<\/script>\n<!-- \/ Yoast SEO plugin. -->","yoast_head_json":{"title":"F\u00e9lix Gonz\u00e1lez Portavoz do PSOE de Salvaterra -","description":"Comezamos o ano conversando co voceiro dos socialistas de Salvaterra, o veci\u00f1o de Oleiros F\u00e9lix Gonz\u00e1lez","robots":{"index":"index","follow":"follow","max-snippet":"max-snippet:-1","max-image-preview":"max-image-preview:large","max-video-preview":"max-video-preview:-1"},"canonical":"https:\/\/www.anovapeneira.gal\/index.php\/2024\/01\/08\/felix-gonzalez-portavoz-do-psoe-de-salvaterra\/","og_locale":"gl_ES","og_type":"article","og_title":"F\u00e9lix Gonz\u00e1lez Portavoz do PSOE de Salvaterra -","og_description":"Comezamos o ano conversando co voceiro dos socialistas de Salvaterra, o veci\u00f1o de Oleiros F\u00e9lix Gonz\u00e1lez","og_url":"https:\/\/www.anovapeneira.gal\/index.php\/2024\/01\/08\/felix-gonzalez-portavoz-do-psoe-de-salvaterra\/","article_publisher":"https:\/\/www.facebook.com\/anovapeneira","article_published_time":"2024-01-08T09:00:59+00:00","og_image":[{"width":720,"height":432,"url":"https:\/\/www.anovapeneira.gal\/wp-content\/uploads\/2024\/01\/felix_gonzalez_psoe_salvaterra.jpg","type":"image\/jpeg"}],"author":"Tino Lago","twitter_card":"summary_large_image","twitter_creator":"@APeneira","twitter_site":"@APeneira","twitter_misc":{"Escrito por":"Tino Lago","Tempo de lectura":"3 minutos"},"schema":{"@context":"https:\/\/schema.org","@graph":[{"@type":"Article","@id":"https:\/\/www.anovapeneira.gal\/index.php\/2024\/01\/08\/felix-gonzalez-portavoz-do-psoe-de-salvaterra\/#article","isPartOf":{"@id":"https:\/\/www.anovapeneira.gal\/index.php\/2024\/01\/08\/felix-gonzalez-portavoz-do-psoe-de-salvaterra\/"},"author":{"name":"Tino Lago","@id":"https:\/\/www.anovapeneira.gal\/#\/schema\/person\/424dfe65e3070fd8a44d22d2c088762a"},"headline":"F\u00e9lix Gonz\u00e1lez Portavoz do PSOE de Salvaterra","datePublished":"2024-01-08T09:00:59+00:00","mainEntityOfPage":{"@id":"https:\/\/www.anovapeneira.gal\/index.php\/2024\/01\/08\/felix-gonzalez-portavoz-do-psoe-de-salvaterra\/"},"wordCount":1280,"commentCount":0,"publisher":{"@id":"https:\/\/www.anovapeneira.gal\/#organization"},"image":{"@id":"https:\/\/www.anovapeneira.gal\/index.php\/2024\/01\/08\/felix-gonzalez-portavoz-do-psoe-de-salvaterra\/#primaryimage"},"thumbnailUrl":"https:\/\/www.anovapeneira.gal\/wp-content\/uploads\/2024\/01\/felix_gonzalez_psoe_salvaterra.jpg","keywords":["Concello de Salvaterra de Mi\u00f1o"],"articleSection":["A Louri\u00f1a"],"inLanguage":"gl-ES","potentialAction":[{"@type":"CommentAction","name":"Comment","target":["https:\/\/www.anovapeneira.gal\/index.php\/2024\/01\/08\/felix-gonzalez-portavoz-do-psoe-de-salvaterra\/#respond"]}]},{"@type":"WebPage","@id":"https:\/\/www.anovapeneira.gal\/index.php\/2024\/01\/08\/felix-gonzalez-portavoz-do-psoe-de-salvaterra\/","url":"https:\/\/www.anovapeneira.gal\/index.php\/2024\/01\/08\/felix-gonzalez-portavoz-do-psoe-de-salvaterra\/","name":"F\u00e9lix Gonz\u00e1lez Portavoz do PSOE de Salvaterra -","isPartOf":{"@id":"https:\/\/www.anovapeneira.gal\/#website"},"primaryImageOfPage":{"@id":"https:\/\/www.anovapeneira.gal\/index.php\/2024\/01\/08\/felix-gonzalez-portavoz-do-psoe-de-salvaterra\/#primaryimage"},"image":{"@id":"https:\/\/www.anovapeneira.gal\/index.php\/2024\/01\/08\/felix-gonzalez-portavoz-do-psoe-de-salvaterra\/#primaryimage"},"thumbnailUrl":"https:\/\/www.anovapeneira.gal\/wp-content\/uploads\/2024\/01\/felix_gonzalez_psoe_salvaterra.jpg","datePublished":"2024-01-08T09:00:59+00:00","description":"Comezamos o ano conversando co voceiro dos socialistas de Salvaterra, o veci\u00f1o de Oleiros F\u00e9lix Gonz\u00e1lez","breadcrumb":{"@id":"https:\/\/www.anovapeneira.gal\/index.php\/2024\/01\/08\/felix-gonzalez-portavoz-do-psoe-de-salvaterra\/#breadcrumb"},"inLanguage":"gl-ES","potentialAction":[{"@type":"ReadAction","target":["https:\/\/www.anovapeneira.gal\/index.php\/2024\/01\/08\/felix-gonzalez-portavoz-do-psoe-de-salvaterra\/"]}]},{"@type":"ImageObject","inLanguage":"gl-ES","@id":"https:\/\/www.anovapeneira.gal\/index.php\/2024\/01\/08\/felix-gonzalez-portavoz-do-psoe-de-salvaterra\/#primaryimage","url":"https:\/\/www.anovapeneira.gal\/wp-content\/uploads\/2024\/01\/felix_gonzalez_psoe_salvaterra.jpg","contentUrl":"https:\/\/www.anovapeneira.gal\/wp-content\/uploads\/2024\/01\/felix_gonzalez_psoe_salvaterra.jpg","width":720,"height":432,"caption":"F\u00e9lix Gonz\u00e1lez PSOE Vigo"},{"@type":"BreadcrumbList","@id":"https:\/\/www.anovapeneira.gal\/index.php\/2024\/01\/08\/felix-gonzalez-portavoz-do-psoe-de-salvaterra\/#breadcrumb","itemListElement":[{"@type":"ListItem","position":1,"name":"Portada","item":"https:\/\/www.anovapeneira.gal\/"},{"@type":"ListItem","position":2,"name":"F\u00e9lix Gonz\u00e1lez Portavoz do PSOE de Salvaterra"}]},{"@type":"WebSite","@id":"https:\/\/www.anovapeneira.gal\/#website","url":"https:\/\/www.anovapeneira.gal\/","name":"","description":"Xornal galego de informaci\u00f3n xeral Publicaci\u00f3n mensual de novas de Galicia e en especial dos Concellos da sur da provincia de Pontevedra.","publisher":{"@id":"https:\/\/www.anovapeneira.gal\/#organization"},"potentialAction":[{"@type":"SearchAction","target":{"@type":"EntryPoint","urlTemplate":"https:\/\/www.anovapeneira.gal\/?s={search_term_string}"},"query-input":{"@type":"PropertyValueSpecification","valueRequired":true,"valueName":"search_term_string"}}],"inLanguage":"gl-ES"},{"@type":"Organization","@id":"https:\/\/www.anovapeneira.gal\/#organization","name":"A Nova Peneira","url":"https:\/\/www.anovapeneira.gal\/","logo":{"@type":"ImageObject","inLanguage":"gl-ES","@id":"https:\/\/www.anovapeneira.gal\/#\/schema\/logo\/image\/","url":"http:\/\/www.anovapeneira.gal\/wp-content\/uploads\/2019\/06\/logo_a_nova_peneira_portal_web.png","contentUrl":"http:\/\/www.anovapeneira.gal\/wp-content\/uploads\/2019\/06\/logo_a_nova_peneira_portal_web.png","width":300,"height":100,"caption":"A Nova Peneira"},"image":{"@id":"https:\/\/www.anovapeneira.gal\/#\/schema\/logo\/image\/"},"sameAs":["https:\/\/www.facebook.com\/anovapeneira","https:\/\/x.com\/APeneira"]},{"@type":"Person","@id":"https:\/\/www.anovapeneira.gal\/#\/schema\/person\/424dfe65e3070fd8a44d22d2c088762a","name":"Tino Lago","image":{"@type":"ImageObject","inLanguage":"gl-ES","@id":"https:\/\/secure.gravatar.com\/avatar\/b3df6a06e44bab3111583b90f0f33a0379ee5e3d22cbadd232d39f21c30c62be?s=96&d=mm&r=g","url":"https:\/\/secure.gravatar.com\/avatar\/b3df6a06e44bab3111583b90f0f33a0379ee5e3d22cbadd232d39f21c30c62be?s=96&d=mm&r=g","contentUrl":"https:\/\/secure.gravatar.com\/avatar\/b3df6a06e44bab3111583b90f0f33a0379ee5e3d22cbadd232d39f21c30c62be?s=96&d=mm&r=g","caption":"Tino Lago"},"sameAs":["http:\/\/www.anovapeneira.gal"],"url":"https:\/\/www.anovapeneira.gal\/index.php\/author\/director\/"}]}},"jetpack_featured_media_url":"https:\/\/www.anovapeneira.gal\/wp-content\/uploads\/2024\/01\/felix_gonzalez_psoe_salvaterra.jpg","_links":{"self":[{"href":"https:\/\/www.anovapeneira.gal\/index.php\/wp-json\/wp\/v2\/posts\/11026","targetHints":{"allow":["GET"]}}],"collection":[{"href":"https:\/\/www.anovapeneira.gal\/index.php\/wp-json\/wp\/v2\/posts"}],"about":[{"href":"https:\/\/www.anovapeneira.gal\/index.php\/wp-json\/wp\/v2\/types\/post"}],"author":[{"embeddable":true,"href":"https:\/\/www.anovapeneira.gal\/index.php\/wp-json\/wp\/v2\/users\/2"}],"replies":[{"embeddable":true,"href":"https:\/\/www.anovapeneira.gal\/index.php\/wp-json\/wp\/v2\/comments?post=11026"}],"version-history":[{"count":1,"href":"https:\/\/www.anovapeneira.gal\/index.php\/wp-json\/wp\/v2\/posts\/11026\/revisions"}],"predecessor-version":[{"id":11028,"href":"https:\/\/www.anovapeneira.gal\/index.php\/wp-json\/wp\/v2\/posts\/11026\/revisions\/11028"}],"wp:featuredmedia":[{"embeddable":true,"href":"https:\/\/www.anovapeneira.gal\/index.php\/wp-json\/wp\/v2\/media\/11027"}],"wp:attachment":[{"href":"https:\/\/www.anovapeneira.gal\/index.php\/wp-json\/wp\/v2\/media?parent=11026"}],"wp:term":[{"taxonomy":"category","embeddable":true,"href":"https:\/\/www.anovapeneira.gal\/index.php\/wp-json\/wp\/v2\/categories?post=11026"},{"taxonomy":"post_tag","embeddable":true,"href":"https:\/\/www.anovapeneira.gal\/index.php\/wp-json\/wp\/v2\/tags?post=11026"}],"curies":[{"name":"wp","href":"https:\/\/api.w.org\/{rel}","templated":true}]}}