{"id":11029,"date":"2024-01-08T12:00:24","date_gmt":"2024-01-08T11:00:24","guid":{"rendered":"https:\/\/www.anovapeneira.gal\/?p=11029"},"modified":"2024-01-08T09:19:38","modified_gmt":"2024-01-08T08:19:38","slug":"o-rosal-preserva-e-enaltece-o-seu-patrimonio","status":"publish","type":"post","link":"https:\/\/www.anovapeneira.gal\/index.php\/2024\/01\/08\/o-rosal-preserva-e-enaltece-o-seu-patrimonio\/","title":{"rendered":"O Rosal preserva e enaltece o seu patrimonio"},"content":{"rendered":"\n<h2 class=\"wp-block-heading\">Colocouse un panel informativo da Ponte do Tamuxe e pux\u00e9ronse en exposici\u00f3n tres retablos pertencentes a unhas almi\u00f1as de Tabag\u00f3n<\/h2>\n\n\n\n<p><strong>O Rosal, 4 de xaneiro de 2023.<\/strong><\/p>\n\n\n\n<p>O Rosal continua avanzando na recuperaci\u00f3n e dignificaci\u00f3n do seu patrimonio, apostando pola sinalizaci\u00f3n de lugares emblem\u00e1ticos da localidade como o son a ponte do R\u00edo Tamuxe ou mediante a exposici\u00f3n de tres retablos de petos de \u00e1nimas, elementos tradicionais e moi ligadas a historia e cultura local.<br>Neste sentido, o Concello do Rosal conseguiu unha subvenci\u00f3n da Deputaci\u00f3n de Pontevedra por valor de 6.636 euros dentro da li\u00f1a de axudas para proxectos de rehabilitaci\u00f3n e sinalizaci\u00f3n do patrimonio hist\u00f3rico cultural.<br>No marco deste investimento, instalouse un novo panel informativo sobre a Ponte do Tamuxe. Este panel ampliado proporciona informaci\u00f3n detallada sobre os elementos estructurais e a historia da ponte, ofrecendo a veci\u00f1os e visitantes unha experiencia m\u00e1is enriquecedora.<br>Outra das acci\u00f3ns destacadas foi a restauraci\u00f3n de tres retablos orixinais de madeira pertencentes a diferentes almi\u00f1as de Tabag\u00f3n. Foi Miguel Mart\u00ednez, veci\u00f1o do barrio, quen hai anos impulsou esta actuaci\u00f3n xa que era co\u00f1ecedor da existencia destas pezas. Daquela, os retablos foron retirados e enviados ao Museo Provincial de Pontevedra para a s\u00faa restauraci\u00f3n, mentres que nas almi\u00f1as coloc\u00e1ronse unhas r\u00e9plicas feitas en resina. Agora os retablos orixinais exh\u00edbense de maneira permanente na nova casa da Comunidade de Montes de Tabag\u00f3n, xunto a un panel explicativo. \u201cA mostra permanente \u00e9 posible grazas a recuperaci\u00f3n das pezas qrealizada no seu momento por Miguel, a quen amos\u00e1moslle o noso agradecemento. Deste xeito, xa forman parte do patrimonio material e colectivo de todos os rosaleiros\u201d, destaca o concelleiro de cultura, Carlos Villanueva.<br>Os paneis instalados contan con c\u00f3digos QR que permiten acceder \u00e1 informaci\u00f3n tanto en castel\u00e1n como en ingl\u00e9s. Un feito enriquecedor para todos aqueles interesados que queiran profundar no saber sobre a Ponte do Tamuxe e os retablos de Tabag\u00f3n.<\/p>\n","protected":false},"excerpt":{"rendered":"<div class=\"mh-excerpt\"><p>Colocouse un panel informativo da Ponte do Tamuxe e pux\u00e9ronse en exposici\u00f3n tres retablos pertencentes a unhas almi\u00f1as de Tabag\u00f3n <a class=\"mh-excerpt-more\" href=\"https:\/\/www.anovapeneira.gal\/index.php\/2024\/01\/08\/o-rosal-preserva-e-enaltece-o-seu-patrimonio\/\" title=\"O Rosal preserva e enaltece o seu patrimonio\">[&#8230;]<\/a><\/p>\n<\/div>","protected":false},"author":3,"featured_media":11030,"comment_status":"open","ping_status":"open","sticky":false,"template":"","format":"standard","meta":{"_exactmetrics_skip_tracking":false,"_exactmetrics_sitenote_active":false,"_exactmetrics_sitenote_note":"","_exactmetrics_sitenote_category":0,"footnotes":""},"categories":[21],"tags":[131],"class_list":{"0":"post-11029","1":"post","2":"type-post","3":"status-publish","4":"format-standard","5":"has-post-thumbnail","7":"category-baixo-mino","8":"tag-concello-do-rosal"},"yoast_head":"<!-- This site is optimized with the Yoast SEO plugin v27.4 - https:\/\/yoast.com\/product\/yoast-seo-wordpress\/ -->\n<title>O Rosal preserva e enaltece o seu patrimonio -<\/title>\n<meta name=\"description\" content=\"Colocouse un panel informativo da Ponte do Tamuxe e pux\u00e9ronse en exposici\u00f3n tres retablos pertencentes a unhas almi\u00f1as de Tabag\u00f3n\" \/>\n<meta name=\"robots\" content=\"index, follow, max-snippet:-1, max-image-preview:large, max-video-preview:-1\" \/>\n<link rel=\"canonical\" href=\"https:\/\/www.anovapeneira.gal\/index.php\/2024\/01\/08\/o-rosal-preserva-e-enaltece-o-seu-patrimonio\/\" \/>\n<meta property=\"og:locale\" content=\"gl_ES\" \/>\n<meta property=\"og:type\" content=\"article\" \/>\n<meta property=\"og:title\" content=\"O Rosal preserva e enaltece o seu patrimonio -\" \/>\n<meta property=\"og:description\" content=\"Colocouse un panel informativo da Ponte do Tamuxe e pux\u00e9ronse en exposici\u00f3n tres retablos pertencentes a unhas almi\u00f1as de Tabag\u00f3n\" \/>\n<meta property=\"og:url\" content=\"https:\/\/www.anovapeneira.gal\/index.php\/2024\/01\/08\/o-rosal-preserva-e-enaltece-o-seu-patrimonio\/\" \/>\n<meta property=\"article:publisher\" content=\"https:\/\/www.facebook.com\/anovapeneira\" \/>\n<meta property=\"article:published_time\" content=\"2024-01-08T11:00:24+00:00\" \/>\n<meta property=\"og:image\" content=\"https:\/\/www.anovapeneira.gal\/wp-content\/uploads\/2024\/01\/ponte_tamuxe.jpg\" \/>\n\t<meta property=\"og:image:width\" content=\"720\" \/>\n\t<meta property=\"og:image:height\" content=\"432\" \/>\n\t<meta property=\"og:image:type\" content=\"image\/jpeg\" \/>\n<meta name=\"author\" content=\"Redacci\u00f3n A Nova Peneira\" \/>\n<meta name=\"twitter:card\" content=\"summary_large_image\" \/>\n<meta name=\"twitter:creator\" content=\"@APeneira\" \/>\n<meta name=\"twitter:site\" content=\"@APeneira\" \/>\n<meta name=\"twitter:label1\" content=\"Escrito por\" \/>\n\t<meta name=\"twitter:data1\" content=\"Redacci\u00f3n A Nova Peneira\" \/>\n\t<meta name=\"twitter:label2\" content=\"Tempo de lectura\" \/>\n\t<meta name=\"twitter:data2\" content=\"2 minutos\" \/>\n<script type=\"application\/ld+json\" class=\"yoast-schema-graph\">{\"@context\":\"https:\\\/\\\/schema.org\",\"@graph\":[{\"@type\":\"Article\",\"@id\":\"https:\\\/\\\/www.anovapeneira.gal\\\/index.php\\\/2024\\\/01\\\/08\\\/o-rosal-preserva-e-enaltece-o-seu-patrimonio\\\/#article\",\"isPartOf\":{\"@id\":\"https:\\\/\\\/www.anovapeneira.gal\\\/index.php\\\/2024\\\/01\\\/08\\\/o-rosal-preserva-e-enaltece-o-seu-patrimonio\\\/\"},\"author\":{\"name\":\"Redacci\u00f3n A Nova Peneira\",\"@id\":\"https:\\\/\\\/www.anovapeneira.gal\\\/#\\\/schema\\\/person\\\/b93e3f8932e3f8da96334607eb6ac6aa\"},\"headline\":\"O Rosal preserva e enaltece o seu patrimonio\",\"datePublished\":\"2024-01-08T11:00:24+00:00\",\"mainEntityOfPage\":{\"@id\":\"https:\\\/\\\/www.anovapeneira.gal\\\/index.php\\\/2024\\\/01\\\/08\\\/o-rosal-preserva-e-enaltece-o-seu-patrimonio\\\/\"},\"wordCount\":360,\"commentCount\":0,\"publisher\":{\"@id\":\"https:\\\/\\\/www.anovapeneira.gal\\\/#organization\"},\"image\":{\"@id\":\"https:\\\/\\\/www.anovapeneira.gal\\\/index.php\\\/2024\\\/01\\\/08\\\/o-rosal-preserva-e-enaltece-o-seu-patrimonio\\\/#primaryimage\"},\"thumbnailUrl\":\"https:\\\/\\\/www.anovapeneira.gal\\\/wp-content\\\/uploads\\\/2024\\\/01\\\/ponte_tamuxe.jpg\",\"keywords\":[\"Concello do Rosal\"],\"articleSection\":[\"Baixo Mi\u00f1o\"],\"inLanguage\":\"gl-ES\",\"potentialAction\":[{\"@type\":\"CommentAction\",\"name\":\"Comment\",\"target\":[\"https:\\\/\\\/www.anovapeneira.gal\\\/index.php\\\/2024\\\/01\\\/08\\\/o-rosal-preserva-e-enaltece-o-seu-patrimonio\\\/#respond\"]}]},{\"@type\":\"WebPage\",\"@id\":\"https:\\\/\\\/www.anovapeneira.gal\\\/index.php\\\/2024\\\/01\\\/08\\\/o-rosal-preserva-e-enaltece-o-seu-patrimonio\\\/\",\"url\":\"https:\\\/\\\/www.anovapeneira.gal\\\/index.php\\\/2024\\\/01\\\/08\\\/o-rosal-preserva-e-enaltece-o-seu-patrimonio\\\/\",\"name\":\"O Rosal preserva e enaltece o seu patrimonio -\",\"isPartOf\":{\"@id\":\"https:\\\/\\\/www.anovapeneira.gal\\\/#website\"},\"primaryImageOfPage\":{\"@id\":\"https:\\\/\\\/www.anovapeneira.gal\\\/index.php\\\/2024\\\/01\\\/08\\\/o-rosal-preserva-e-enaltece-o-seu-patrimonio\\\/#primaryimage\"},\"image\":{\"@id\":\"https:\\\/\\\/www.anovapeneira.gal\\\/index.php\\\/2024\\\/01\\\/08\\\/o-rosal-preserva-e-enaltece-o-seu-patrimonio\\\/#primaryimage\"},\"thumbnailUrl\":\"https:\\\/\\\/www.anovapeneira.gal\\\/wp-content\\\/uploads\\\/2024\\\/01\\\/ponte_tamuxe.jpg\",\"datePublished\":\"2024-01-08T11:00:24+00:00\",\"description\":\"Colocouse un panel informativo da Ponte do Tamuxe e pux\u00e9ronse en exposici\u00f3n tres retablos pertencentes a unhas almi\u00f1as de Tabag\u00f3n\",\"breadcrumb\":{\"@id\":\"https:\\\/\\\/www.anovapeneira.gal\\\/index.php\\\/2024\\\/01\\\/08\\\/o-rosal-preserva-e-enaltece-o-seu-patrimonio\\\/#breadcrumb\"},\"inLanguage\":\"gl-ES\",\"potentialAction\":[{\"@type\":\"ReadAction\",\"target\":[\"https:\\\/\\\/www.anovapeneira.gal\\\/index.php\\\/2024\\\/01\\\/08\\\/o-rosal-preserva-e-enaltece-o-seu-patrimonio\\\/\"]}]},{\"@type\":\"ImageObject\",\"inLanguage\":\"gl-ES\",\"@id\":\"https:\\\/\\\/www.anovapeneira.gal\\\/index.php\\\/2024\\\/01\\\/08\\\/o-rosal-preserva-e-enaltece-o-seu-patrimonio\\\/#primaryimage\",\"url\":\"https:\\\/\\\/www.anovapeneira.gal\\\/wp-content\\\/uploads\\\/2024\\\/01\\\/ponte_tamuxe.jpg\",\"contentUrl\":\"https:\\\/\\\/www.anovapeneira.gal\\\/wp-content\\\/uploads\\\/2024\\\/01\\\/ponte_tamuxe.jpg\",\"width\":720,\"height\":432,\"caption\":\"O Rosal preserva e enaltece o seu patrimonio\"},{\"@type\":\"BreadcrumbList\",\"@id\":\"https:\\\/\\\/www.anovapeneira.gal\\\/index.php\\\/2024\\\/01\\\/08\\\/o-rosal-preserva-e-enaltece-o-seu-patrimonio\\\/#breadcrumb\",\"itemListElement\":[{\"@type\":\"ListItem\",\"position\":1,\"name\":\"Portada\",\"item\":\"https:\\\/\\\/www.anovapeneira.gal\\\/\"},{\"@type\":\"ListItem\",\"position\":2,\"name\":\"O Rosal preserva e enaltece o seu patrimonio\"}]},{\"@type\":\"WebSite\",\"@id\":\"https:\\\/\\\/www.anovapeneira.gal\\\/#website\",\"url\":\"https:\\\/\\\/www.anovapeneira.gal\\\/\",\"name\":\"\",\"description\":\"Xornal galego de informaci\u00f3n xeral Publicaci\u00f3n mensual de novas de Galicia e en especial dos Concellos da sur da provincia de Pontevedra.\",\"publisher\":{\"@id\":\"https:\\\/\\\/www.anovapeneira.gal\\\/#organization\"},\"potentialAction\":[{\"@type\":\"SearchAction\",\"target\":{\"@type\":\"EntryPoint\",\"urlTemplate\":\"https:\\\/\\\/www.anovapeneira.gal\\\/?s={search_term_string}\"},\"query-input\":{\"@type\":\"PropertyValueSpecification\",\"valueRequired\":true,\"valueName\":\"search_term_string\"}}],\"inLanguage\":\"gl-ES\"},{\"@type\":\"Organization\",\"@id\":\"https:\\\/\\\/www.anovapeneira.gal\\\/#organization\",\"name\":\"A Nova Peneira\",\"url\":\"https:\\\/\\\/www.anovapeneira.gal\\\/\",\"logo\":{\"@type\":\"ImageObject\",\"inLanguage\":\"gl-ES\",\"@id\":\"https:\\\/\\\/www.anovapeneira.gal\\\/#\\\/schema\\\/logo\\\/image\\\/\",\"url\":\"http:\\\/\\\/www.anovapeneira.gal\\\/wp-content\\\/uploads\\\/2019\\\/06\\\/logo_a_nova_peneira_portal_web.png\",\"contentUrl\":\"http:\\\/\\\/www.anovapeneira.gal\\\/wp-content\\\/uploads\\\/2019\\\/06\\\/logo_a_nova_peneira_portal_web.png\",\"width\":300,\"height\":100,\"caption\":\"A Nova Peneira\"},\"image\":{\"@id\":\"https:\\\/\\\/www.anovapeneira.gal\\\/#\\\/schema\\\/logo\\\/image\\\/\"},\"sameAs\":[\"https:\\\/\\\/www.facebook.com\\\/anovapeneira\",\"https:\\\/\\\/x.com\\\/APeneira\"]},{\"@type\":\"Person\",\"@id\":\"https:\\\/\\\/www.anovapeneira.gal\\\/#\\\/schema\\\/person\\\/b93e3f8932e3f8da96334607eb6ac6aa\",\"name\":\"Redacci\u00f3n A Nova Peneira\",\"image\":{\"@type\":\"ImageObject\",\"inLanguage\":\"gl-ES\",\"@id\":\"https:\\\/\\\/secure.gravatar.com\\\/avatar\\\/c052a2551a06e23fac63626232eaa90abd78dbcf1700fc46a2b2c89fd27b735f?s=96&d=mm&r=g\",\"url\":\"https:\\\/\\\/secure.gravatar.com\\\/avatar\\\/c052a2551a06e23fac63626232eaa90abd78dbcf1700fc46a2b2c89fd27b735f?s=96&d=mm&r=g\",\"contentUrl\":\"https:\\\/\\\/secure.gravatar.com\\\/avatar\\\/c052a2551a06e23fac63626232eaa90abd78dbcf1700fc46a2b2c89fd27b735f?s=96&d=mm&r=g\",\"caption\":\"Redacci\u00f3n A Nova Peneira\"},\"sameAs\":[\"http:\\\/\\\/www.anovapeneira.gal\\\/\"],\"url\":\"https:\\\/\\\/www.anovapeneira.gal\\\/index.php\\\/author\\\/redactor\\\/\"}]}<\/script>\n<!-- \/ Yoast SEO plugin. -->","yoast_head_json":{"title":"O Rosal preserva e enaltece o seu patrimonio -","description":"Colocouse un panel informativo da Ponte do Tamuxe e pux\u00e9ronse en exposici\u00f3n tres retablos pertencentes a unhas almi\u00f1as de Tabag\u00f3n","robots":{"index":"index","follow":"follow","max-snippet":"max-snippet:-1","max-image-preview":"max-image-preview:large","max-video-preview":"max-video-preview:-1"},"canonical":"https:\/\/www.anovapeneira.gal\/index.php\/2024\/01\/08\/o-rosal-preserva-e-enaltece-o-seu-patrimonio\/","og_locale":"gl_ES","og_type":"article","og_title":"O Rosal preserva e enaltece o seu patrimonio -","og_description":"Colocouse un panel informativo da Ponte do Tamuxe e pux\u00e9ronse en exposici\u00f3n tres retablos pertencentes a unhas almi\u00f1as de Tabag\u00f3n","og_url":"https:\/\/www.anovapeneira.gal\/index.php\/2024\/01\/08\/o-rosal-preserva-e-enaltece-o-seu-patrimonio\/","article_publisher":"https:\/\/www.facebook.com\/anovapeneira","article_published_time":"2024-01-08T11:00:24+00:00","og_image":[{"width":720,"height":432,"url":"https:\/\/www.anovapeneira.gal\/wp-content\/uploads\/2024\/01\/ponte_tamuxe.jpg","type":"image\/jpeg"}],"author":"Redacci\u00f3n A Nova Peneira","twitter_card":"summary_large_image","twitter_creator":"@APeneira","twitter_site":"@APeneira","twitter_misc":{"Escrito por":"Redacci\u00f3n A Nova Peneira","Tempo de lectura":"2 minutos"},"schema":{"@context":"https:\/\/schema.org","@graph":[{"@type":"Article","@id":"https:\/\/www.anovapeneira.gal\/index.php\/2024\/01\/08\/o-rosal-preserva-e-enaltece-o-seu-patrimonio\/#article","isPartOf":{"@id":"https:\/\/www.anovapeneira.gal\/index.php\/2024\/01\/08\/o-rosal-preserva-e-enaltece-o-seu-patrimonio\/"},"author":{"name":"Redacci\u00f3n A Nova Peneira","@id":"https:\/\/www.anovapeneira.gal\/#\/schema\/person\/b93e3f8932e3f8da96334607eb6ac6aa"},"headline":"O Rosal preserva e enaltece o seu patrimonio","datePublished":"2024-01-08T11:00:24+00:00","mainEntityOfPage":{"@id":"https:\/\/www.anovapeneira.gal\/index.php\/2024\/01\/08\/o-rosal-preserva-e-enaltece-o-seu-patrimonio\/"},"wordCount":360,"commentCount":0,"publisher":{"@id":"https:\/\/www.anovapeneira.gal\/#organization"},"image":{"@id":"https:\/\/www.anovapeneira.gal\/index.php\/2024\/01\/08\/o-rosal-preserva-e-enaltece-o-seu-patrimonio\/#primaryimage"},"thumbnailUrl":"https:\/\/www.anovapeneira.gal\/wp-content\/uploads\/2024\/01\/ponte_tamuxe.jpg","keywords":["Concello do Rosal"],"articleSection":["Baixo Mi\u00f1o"],"inLanguage":"gl-ES","potentialAction":[{"@type":"CommentAction","name":"Comment","target":["https:\/\/www.anovapeneira.gal\/index.php\/2024\/01\/08\/o-rosal-preserva-e-enaltece-o-seu-patrimonio\/#respond"]}]},{"@type":"WebPage","@id":"https:\/\/www.anovapeneira.gal\/index.php\/2024\/01\/08\/o-rosal-preserva-e-enaltece-o-seu-patrimonio\/","url":"https:\/\/www.anovapeneira.gal\/index.php\/2024\/01\/08\/o-rosal-preserva-e-enaltece-o-seu-patrimonio\/","name":"O Rosal preserva e enaltece o seu patrimonio -","isPartOf":{"@id":"https:\/\/www.anovapeneira.gal\/#website"},"primaryImageOfPage":{"@id":"https:\/\/www.anovapeneira.gal\/index.php\/2024\/01\/08\/o-rosal-preserva-e-enaltece-o-seu-patrimonio\/#primaryimage"},"image":{"@id":"https:\/\/www.anovapeneira.gal\/index.php\/2024\/01\/08\/o-rosal-preserva-e-enaltece-o-seu-patrimonio\/#primaryimage"},"thumbnailUrl":"https:\/\/www.anovapeneira.gal\/wp-content\/uploads\/2024\/01\/ponte_tamuxe.jpg","datePublished":"2024-01-08T11:00:24+00:00","description":"Colocouse un panel informativo da Ponte do Tamuxe e pux\u00e9ronse en exposici\u00f3n tres retablos pertencentes a unhas almi\u00f1as de Tabag\u00f3n","breadcrumb":{"@id":"https:\/\/www.anovapeneira.gal\/index.php\/2024\/01\/08\/o-rosal-preserva-e-enaltece-o-seu-patrimonio\/#breadcrumb"},"inLanguage":"gl-ES","potentialAction":[{"@type":"ReadAction","target":["https:\/\/www.anovapeneira.gal\/index.php\/2024\/01\/08\/o-rosal-preserva-e-enaltece-o-seu-patrimonio\/"]}]},{"@type":"ImageObject","inLanguage":"gl-ES","@id":"https:\/\/www.anovapeneira.gal\/index.php\/2024\/01\/08\/o-rosal-preserva-e-enaltece-o-seu-patrimonio\/#primaryimage","url":"https:\/\/www.anovapeneira.gal\/wp-content\/uploads\/2024\/01\/ponte_tamuxe.jpg","contentUrl":"https:\/\/www.anovapeneira.gal\/wp-content\/uploads\/2024\/01\/ponte_tamuxe.jpg","width":720,"height":432,"caption":"O Rosal preserva e enaltece o seu patrimonio"},{"@type":"BreadcrumbList","@id":"https:\/\/www.anovapeneira.gal\/index.php\/2024\/01\/08\/o-rosal-preserva-e-enaltece-o-seu-patrimonio\/#breadcrumb","itemListElement":[{"@type":"ListItem","position":1,"name":"Portada","item":"https:\/\/www.anovapeneira.gal\/"},{"@type":"ListItem","position":2,"name":"O Rosal preserva e enaltece o seu patrimonio"}]},{"@type":"WebSite","@id":"https:\/\/www.anovapeneira.gal\/#website","url":"https:\/\/www.anovapeneira.gal\/","name":"","description":"Xornal galego de informaci\u00f3n xeral Publicaci\u00f3n mensual de novas de Galicia e en especial dos Concellos da sur da provincia de Pontevedra.","publisher":{"@id":"https:\/\/www.anovapeneira.gal\/#organization"},"potentialAction":[{"@type":"SearchAction","target":{"@type":"EntryPoint","urlTemplate":"https:\/\/www.anovapeneira.gal\/?s={search_term_string}"},"query-input":{"@type":"PropertyValueSpecification","valueRequired":true,"valueName":"search_term_string"}}],"inLanguage":"gl-ES"},{"@type":"Organization","@id":"https:\/\/www.anovapeneira.gal\/#organization","name":"A Nova Peneira","url":"https:\/\/www.anovapeneira.gal\/","logo":{"@type":"ImageObject","inLanguage":"gl-ES","@id":"https:\/\/www.anovapeneira.gal\/#\/schema\/logo\/image\/","url":"http:\/\/www.anovapeneira.gal\/wp-content\/uploads\/2019\/06\/logo_a_nova_peneira_portal_web.png","contentUrl":"http:\/\/www.anovapeneira.gal\/wp-content\/uploads\/2019\/06\/logo_a_nova_peneira_portal_web.png","width":300,"height":100,"caption":"A Nova Peneira"},"image":{"@id":"https:\/\/www.anovapeneira.gal\/#\/schema\/logo\/image\/"},"sameAs":["https:\/\/www.facebook.com\/anovapeneira","https:\/\/x.com\/APeneira"]},{"@type":"Person","@id":"https:\/\/www.anovapeneira.gal\/#\/schema\/person\/b93e3f8932e3f8da96334607eb6ac6aa","name":"Redacci\u00f3n A Nova Peneira","image":{"@type":"ImageObject","inLanguage":"gl-ES","@id":"https:\/\/secure.gravatar.com\/avatar\/c052a2551a06e23fac63626232eaa90abd78dbcf1700fc46a2b2c89fd27b735f?s=96&d=mm&r=g","url":"https:\/\/secure.gravatar.com\/avatar\/c052a2551a06e23fac63626232eaa90abd78dbcf1700fc46a2b2c89fd27b735f?s=96&d=mm&r=g","contentUrl":"https:\/\/secure.gravatar.com\/avatar\/c052a2551a06e23fac63626232eaa90abd78dbcf1700fc46a2b2c89fd27b735f?s=96&d=mm&r=g","caption":"Redacci\u00f3n A Nova Peneira"},"sameAs":["http:\/\/www.anovapeneira.gal\/"],"url":"https:\/\/www.anovapeneira.gal\/index.php\/author\/redactor\/"}]}},"jetpack_featured_media_url":"https:\/\/www.anovapeneira.gal\/wp-content\/uploads\/2024\/01\/ponte_tamuxe.jpg","_links":{"self":[{"href":"https:\/\/www.anovapeneira.gal\/index.php\/wp-json\/wp\/v2\/posts\/11029","targetHints":{"allow":["GET"]}}],"collection":[{"href":"https:\/\/www.anovapeneira.gal\/index.php\/wp-json\/wp\/v2\/posts"}],"about":[{"href":"https:\/\/www.anovapeneira.gal\/index.php\/wp-json\/wp\/v2\/types\/post"}],"author":[{"embeddable":true,"href":"https:\/\/www.anovapeneira.gal\/index.php\/wp-json\/wp\/v2\/users\/3"}],"replies":[{"embeddable":true,"href":"https:\/\/www.anovapeneira.gal\/index.php\/wp-json\/wp\/v2\/comments?post=11029"}],"version-history":[{"count":1,"href":"https:\/\/www.anovapeneira.gal\/index.php\/wp-json\/wp\/v2\/posts\/11029\/revisions"}],"predecessor-version":[{"id":11031,"href":"https:\/\/www.anovapeneira.gal\/index.php\/wp-json\/wp\/v2\/posts\/11029\/revisions\/11031"}],"wp:featuredmedia":[{"embeddable":true,"href":"https:\/\/www.anovapeneira.gal\/index.php\/wp-json\/wp\/v2\/media\/11030"}],"wp:attachment":[{"href":"https:\/\/www.anovapeneira.gal\/index.php\/wp-json\/wp\/v2\/media?parent=11029"}],"wp:term":[{"taxonomy":"category","embeddable":true,"href":"https:\/\/www.anovapeneira.gal\/index.php\/wp-json\/wp\/v2\/categories?post=11029"},{"taxonomy":"post_tag","embeddable":true,"href":"https:\/\/www.anovapeneira.gal\/index.php\/wp-json\/wp\/v2\/tags?post=11029"}],"curies":[{"name":"wp","href":"https:\/\/api.w.org\/{rel}","templated":true}]}}