{"id":11040,"date":"2024-01-10T10:00:04","date_gmt":"2024-01-10T09:00:04","guid":{"rendered":"https:\/\/www.anovapeneira.gal\/?p=11040"},"modified":"2024-01-10T13:10:38","modified_gmt":"2024-01-10T12:10:38","slug":"a-onu-apercibe-ao-estado-espanol-polas-denuncias-infundadas-contra-ecoloxistas-en-accion","status":"publish","type":"post","link":"https:\/\/www.anovapeneira.gal\/index.php\/2024\/01\/10\/a-onu-apercibe-ao-estado-espanol-polas-denuncias-infundadas-contra-ecoloxistas-en-accion\/","title":{"rendered":"A ONU apercibe ao Estado espa\u00f1ol polas denuncias infundadas contra Ecoloxistas en Acci\u00f3n"},"content":{"rendered":"\n<h2 class=\"wp-block-heading\">A investigaci\u00f3n, aberta pola ONU en Espa\u00f1a, c\u00e9ntrase nunha denuncia falsa presentada pola empresa da mina de San Finx contra Ecoloxistas en Acci\u00f3n.<\/h2>\n\n\n\n<p>A\u00ednda que esta denuncia foi xa sobrese\u00edda pola Xustiza, o procedemento da ONU ven de ampliarse para abordar unha nova denuncia falsa, rsta vez da C\u00e1mara Oficial Mineira de Galicia, contra 6 activistas de Ecoloxistas en Acci\u00f3n.<\/p>\n\n\n\n<p>A ONU ven de facer p\u00fablico o oficio realizado pola irlandesa Mary Lawlor, [1]Relatora Especial sobre a situaci\u00f3n dos defensores dos dereitos humanos, e dirixido tanto ao Goberno de Espa\u00f1a como \u00e1 empresa Tungsten San Finx, SL. Dita empresa \u00e9 a propietaria da pol\u00e9mica mina situada no concello de Lousame, a tan s\u00f3 7 km da r\u00eda de Muros e Noia. A misiva \u00e9 parte da investigaci\u00f3n aberta pola ONU, logo de que a empresa mineira, Tungsten San Finx, SL, denunciara falsamente a Ecoloxistas en Acci\u00f3n ante os Xulgados de Noia tras unha acci\u00f3n de protesta contra as verteduras da mina. Unhas verteduras polas que a empresa mineira ven de ser sancionada agora, pola administraci\u00f3n galega, cunha multa de 180.000 euros. Nos oficios, asinados conxuntamente pola Presidenta do Grupo de Traballo da ONU sobre dereitos humanos e empresas transnacionais, Damilola S. Olawuyi, e polo Relator Especial da ONU sobre dereitos humanos e o ambiente, David R. Boyd, os representantes da ONU expresan a s\u00faa \u201cpreocupaci\u00f3n ante a causa aberta contra Ecoloxistas en Acci\u00f3n, que tememos que estea basada nunha denuncia abusiva, iniciada en represalia polo seu activismo pac\u00edfico contra os danos ambientais resultantes da mina San Finx.\u201d<\/p>\n\n\n\n<p>O oficio, refire que a preocupaci\u00f3n se ve amplificada por \u201canteriores acusaci\u00f3ns infundadas que se ter\u00edan interposto pola empresa contra Ecoloxistas en Acci\u00f3n e outras organizaci\u00f3ns en presunta represalia polo seu traballo pac\u00edfico en defensa do ambiente\u201d, en referencia a outras denuncias falsas presentadas pola mesma empresa e que tam\u00e9n foron arquivadas pola xustiza.<\/p>\n\n\n\n<p>Sen embargo, Tungsten San Finx S.L. negouse a responder \u00e1s cuesti\u00f3ns formuladas pola ONU, que reclamaba informaci\u00f3n sobre as medidas adoptadas pola empresa para cumprir coa lexislaci\u00f3n ambiental, sobre os impactos causados polas operaci\u00f3ns mineiras e sobre as medidas da empresa para garantir a eliminaci\u00f3n dos residuos mineiros.<\/p>\n\n\n\n<p>Ampliaci\u00f3n da investigaci\u00f3n a nova denuncia da C\u00e1mara Mineira. Logo do arquivo da denuncia de Tungsten San Finx S.L. por parte do Xulgado de Noia, a investigaci\u00f3n da ONU ven de ampliarse a unha nova acci\u00f3n penal, desta vez da C\u00e1mara Oficial Mineira de Galicia, tam\u00e9n contra membros de Ecoloxistas en Acci\u00f3n. Activistas desta organizaci\u00f3n ecoloxista entregaron o pasado mes de setembro na sede do organismo mineiro varias mostras de auga contaminada procedente das minas de San Finx e Touro. A C\u00e1mara Mineira atrib\u00faelles, por isto, un inexistente delito de coacci\u00f3ns e asalto violento.<\/p>\n\n\n\n<p>Coa entrega das botellas as ecoloxistas sa\u00edan ao paso das declaraci\u00f3ns p\u00fablicas da C\u00e1mara Mineira nas que se afirmaba que \u201cnunca houbo problemas coa calidade das augas\u201d en San Finx. Afirmaci\u00f3ns feitas polo organismo mineiro a pesar de que as anal\u00edticas, realizadas por Augas de Galicia o pasado agosto, revelaban niveis de cadmio, substancia t\u00f3xica e cancer\u00edxena, 78 veces por encima do nivel m\u00e1ximo que permite a lexislaci\u00f3n. Esas mesmas anal\u00edticas levaron a apertura dun procedemento sancionador, incoado por Augas de Galicia, contra a empresa concesionaria da mina.<\/p>\n\n\n\n<p>Se ben a acci\u00f3n non demorou m\u00e1is de tres minutos e foi totalmente pac\u00edfica, desde a C\u00e1mara Mineira cualific\u00e1rona como un \u201casalto violento\u201d, mesmo chegando a afirmar que se forzara \u00e1s administrativas a beber auga contaminada. A denuncia \u00e9 o caso m\u00e1is recente e disparatado dunha campa\u00f1a continua e sistem\u00e1tica de acoso xudicial por parte do lobby, utilizando acusaci\u00f3ns falsas e infundadas na procura de intimidar e silenciar \u00e1s organizaci\u00f3ns que ve\u00f1en denunciando as ilegalidades mineiras.<\/p>\n\n\n\n<p>Desde Ecoloxistas en Acci\u00f3n relacionan esta denuncia con su recente vitoria xudicial que obrigou a paralizar a mina da Penouta. Mina propiedade da empresa para a que precisamente traballa actualmente o presidente da C\u00e1mara Mineira.<\/p>\n\n\n\n<figure class=\"wp-block-embed is-type-video is-provider-youtube wp-block-embed-youtube wp-embed-aspect-4-3 wp-has-aspect-ratio\"><div class=\"wp-block-embed__wrapper\">\n<iframe loading=\"lazy\" title=\"Acci\u00f3n contra as falsidades da C\u00e1mara Mineira de Galicia\" width=\"500\" height=\"375\" src=\"https:\/\/www.youtube.com\/embed\/Eq_hv57ex-E?feature=oembed\" frameborder=\"0\" allow=\"accelerometer; autoplay; clipboard-write; encrypted-media; gyroscope; picture-in-picture; web-share\" referrerpolicy=\"strict-origin-when-cross-origin\" allowfullscreen><\/iframe>\n<\/div><\/figure>\n","protected":false},"excerpt":{"rendered":"<div class=\"mh-excerpt\"><p>A investigaci\u00f3n, aberta pola ONU en Espa\u00f1a, c\u00e9ntrase nunha denuncia falsa presentada pola empresa da mina de San Finx contra Ecoloxistas en Acci\u00f3n. <a class=\"mh-excerpt-more\" href=\"https:\/\/www.anovapeneira.gal\/index.php\/2024\/01\/10\/a-onu-apercibe-ao-estado-espanol-polas-denuncias-infundadas-contra-ecoloxistas-en-accion\/\" title=\"A ONU apercibe ao Estado espa\u00f1ol polas denuncias infundadas contra Ecoloxistas en Acci\u00f3n\">[&#8230;]<\/a><\/p>\n<\/div>","protected":false},"author":3,"featured_media":11042,"comment_status":"open","ping_status":"open","sticky":false,"template":"","format":"standard","meta":{"_exactmetrics_skip_tracking":false,"_exactmetrics_sitenote_active":false,"_exactmetrics_sitenote_note":"","_exactmetrics_sitenote_category":0,"footnotes":""},"categories":[263],"tags":[],"class_list":{"0":"post-11040","1":"post","2":"type-post","3":"status-publish","4":"format-standard","5":"has-post-thumbnail","7":"category-novas"},"yoast_head":"<!-- This site is optimized with the Yoast SEO plugin v27.4 - https:\/\/yoast.com\/product\/yoast-seo-wordpress\/ -->\n<title>A ONU apercibe ao Estado espa\u00f1ol polas denuncias infundadas contra Ecoloxistas en Acci\u00f3n -<\/title>\n<meta name=\"description\" content=\"A investigaci\u00f3n, aberta pola ONU en Espa\u00f1a, c\u00e9ntrase nunha denuncia falsa presentada pola empresa da mina de San Finx contra Ecoloxistas en Acci\u00f3n.\" \/>\n<meta name=\"robots\" content=\"index, follow, max-snippet:-1, max-image-preview:large, max-video-preview:-1\" \/>\n<link rel=\"canonical\" href=\"https:\/\/www.anovapeneira.gal\/index.php\/2024\/01\/10\/a-onu-apercibe-ao-estado-espanol-polas-denuncias-infundadas-contra-ecoloxistas-en-accion\/\" \/>\n<meta property=\"og:locale\" content=\"gl_ES\" \/>\n<meta property=\"og:type\" content=\"article\" \/>\n<meta property=\"og:title\" content=\"A ONU apercibe ao Estado espa\u00f1ol polas denuncias infundadas contra Ecoloxistas en Acci\u00f3n -\" \/>\n<meta property=\"og:description\" content=\"A investigaci\u00f3n, aberta pola ONU en Espa\u00f1a, c\u00e9ntrase nunha denuncia falsa presentada pola empresa da mina de San Finx contra Ecoloxistas en Acci\u00f3n.\" \/>\n<meta property=\"og:url\" content=\"https:\/\/www.anovapeneira.gal\/index.php\/2024\/01\/10\/a-onu-apercibe-ao-estado-espanol-polas-denuncias-infundadas-contra-ecoloxistas-en-accion\/\" \/>\n<meta property=\"article:publisher\" content=\"https:\/\/www.facebook.com\/anovapeneira\" \/>\n<meta property=\"article:published_time\" content=\"2024-01-10T09:00:04+00:00\" \/>\n<meta property=\"article:modified_time\" content=\"2024-01-10T12:10:38+00:00\" \/>\n<meta property=\"og:image\" content=\"https:\/\/www.anovapeneira.gal\/wp-content\/uploads\/2024\/01\/ecoloxistas_en_accion.jpg\" \/>\n\t<meta property=\"og:image:width\" content=\"720\" \/>\n\t<meta property=\"og:image:height\" content=\"432\" \/>\n\t<meta property=\"og:image:type\" content=\"image\/jpeg\" \/>\n<meta name=\"author\" content=\"Redacci\u00f3n A Nova Peneira\" \/>\n<meta name=\"twitter:card\" content=\"summary_large_image\" \/>\n<meta name=\"twitter:creator\" content=\"@APeneira\" \/>\n<meta name=\"twitter:site\" content=\"@APeneira\" \/>\n<meta name=\"twitter:label1\" content=\"Escrito por\" \/>\n\t<meta name=\"twitter:data1\" content=\"Redacci\u00f3n A Nova Peneira\" \/>\n\t<meta name=\"twitter:label2\" content=\"Tempo de lectura\" \/>\n\t<meta name=\"twitter:data2\" content=\"4 minutos\" \/>\n<script type=\"application\/ld+json\" class=\"yoast-schema-graph\">{\"@context\":\"https:\\\/\\\/schema.org\",\"@graph\":[{\"@type\":\"Article\",\"@id\":\"https:\\\/\\\/www.anovapeneira.gal\\\/index.php\\\/2024\\\/01\\\/10\\\/a-onu-apercibe-ao-estado-espanol-polas-denuncias-infundadas-contra-ecoloxistas-en-accion\\\/#article\",\"isPartOf\":{\"@id\":\"https:\\\/\\\/www.anovapeneira.gal\\\/index.php\\\/2024\\\/01\\\/10\\\/a-onu-apercibe-ao-estado-espanol-polas-denuncias-infundadas-contra-ecoloxistas-en-accion\\\/\"},\"author\":{\"name\":\"Redacci\u00f3n A Nova Peneira\",\"@id\":\"https:\\\/\\\/www.anovapeneira.gal\\\/#\\\/schema\\\/person\\\/b93e3f8932e3f8da96334607eb6ac6aa\"},\"headline\":\"A ONU apercibe ao Estado espa\u00f1ol polas denuncias infundadas contra Ecoloxistas en Acci\u00f3n\",\"datePublished\":\"2024-01-10T09:00:04+00:00\",\"dateModified\":\"2024-01-10T12:10:38+00:00\",\"mainEntityOfPage\":{\"@id\":\"https:\\\/\\\/www.anovapeneira.gal\\\/index.php\\\/2024\\\/01\\\/10\\\/a-onu-apercibe-ao-estado-espanol-polas-denuncias-infundadas-contra-ecoloxistas-en-accion\\\/\"},\"wordCount\":739,\"commentCount\":0,\"publisher\":{\"@id\":\"https:\\\/\\\/www.anovapeneira.gal\\\/#organization\"},\"image\":{\"@id\":\"https:\\\/\\\/www.anovapeneira.gal\\\/index.php\\\/2024\\\/01\\\/10\\\/a-onu-apercibe-ao-estado-espanol-polas-denuncias-infundadas-contra-ecoloxistas-en-accion\\\/#primaryimage\"},\"thumbnailUrl\":\"https:\\\/\\\/www.anovapeneira.gal\\\/wp-content\\\/uploads\\\/2024\\\/01\\\/ecoloxistas_en_accion.jpg\",\"articleSection\":[\"Novas\"],\"inLanguage\":\"gl-ES\",\"potentialAction\":[{\"@type\":\"CommentAction\",\"name\":\"Comment\",\"target\":[\"https:\\\/\\\/www.anovapeneira.gal\\\/index.php\\\/2024\\\/01\\\/10\\\/a-onu-apercibe-ao-estado-espanol-polas-denuncias-infundadas-contra-ecoloxistas-en-accion\\\/#respond\"]}]},{\"@type\":\"WebPage\",\"@id\":\"https:\\\/\\\/www.anovapeneira.gal\\\/index.php\\\/2024\\\/01\\\/10\\\/a-onu-apercibe-ao-estado-espanol-polas-denuncias-infundadas-contra-ecoloxistas-en-accion\\\/\",\"url\":\"https:\\\/\\\/www.anovapeneira.gal\\\/index.php\\\/2024\\\/01\\\/10\\\/a-onu-apercibe-ao-estado-espanol-polas-denuncias-infundadas-contra-ecoloxistas-en-accion\\\/\",\"name\":\"A ONU apercibe ao Estado espa\u00f1ol polas denuncias infundadas contra Ecoloxistas en Acci\u00f3n -\",\"isPartOf\":{\"@id\":\"https:\\\/\\\/www.anovapeneira.gal\\\/#website\"},\"primaryImageOfPage\":{\"@id\":\"https:\\\/\\\/www.anovapeneira.gal\\\/index.php\\\/2024\\\/01\\\/10\\\/a-onu-apercibe-ao-estado-espanol-polas-denuncias-infundadas-contra-ecoloxistas-en-accion\\\/#primaryimage\"},\"image\":{\"@id\":\"https:\\\/\\\/www.anovapeneira.gal\\\/index.php\\\/2024\\\/01\\\/10\\\/a-onu-apercibe-ao-estado-espanol-polas-denuncias-infundadas-contra-ecoloxistas-en-accion\\\/#primaryimage\"},\"thumbnailUrl\":\"https:\\\/\\\/www.anovapeneira.gal\\\/wp-content\\\/uploads\\\/2024\\\/01\\\/ecoloxistas_en_accion.jpg\",\"datePublished\":\"2024-01-10T09:00:04+00:00\",\"dateModified\":\"2024-01-10T12:10:38+00:00\",\"description\":\"A investigaci\u00f3n, aberta pola ONU en Espa\u00f1a, c\u00e9ntrase nunha denuncia falsa presentada pola empresa da mina de San Finx contra Ecoloxistas en Acci\u00f3n.\",\"breadcrumb\":{\"@id\":\"https:\\\/\\\/www.anovapeneira.gal\\\/index.php\\\/2024\\\/01\\\/10\\\/a-onu-apercibe-ao-estado-espanol-polas-denuncias-infundadas-contra-ecoloxistas-en-accion\\\/#breadcrumb\"},\"inLanguage\":\"gl-ES\",\"potentialAction\":[{\"@type\":\"ReadAction\",\"target\":[\"https:\\\/\\\/www.anovapeneira.gal\\\/index.php\\\/2024\\\/01\\\/10\\\/a-onu-apercibe-ao-estado-espanol-polas-denuncias-infundadas-contra-ecoloxistas-en-accion\\\/\"]}]},{\"@type\":\"ImageObject\",\"inLanguage\":\"gl-ES\",\"@id\":\"https:\\\/\\\/www.anovapeneira.gal\\\/index.php\\\/2024\\\/01\\\/10\\\/a-onu-apercibe-ao-estado-espanol-polas-denuncias-infundadas-contra-ecoloxistas-en-accion\\\/#primaryimage\",\"url\":\"https:\\\/\\\/www.anovapeneira.gal\\\/wp-content\\\/uploads\\\/2024\\\/01\\\/ecoloxistas_en_accion.jpg\",\"contentUrl\":\"https:\\\/\\\/www.anovapeneira.gal\\\/wp-content\\\/uploads\\\/2024\\\/01\\\/ecoloxistas_en_accion.jpg\",\"width\":720,\"height\":432,\"caption\":\"Ecoloxistas en acci\u00f3n\"},{\"@type\":\"BreadcrumbList\",\"@id\":\"https:\\\/\\\/www.anovapeneira.gal\\\/index.php\\\/2024\\\/01\\\/10\\\/a-onu-apercibe-ao-estado-espanol-polas-denuncias-infundadas-contra-ecoloxistas-en-accion\\\/#breadcrumb\",\"itemListElement\":[{\"@type\":\"ListItem\",\"position\":1,\"name\":\"Portada\",\"item\":\"https:\\\/\\\/www.anovapeneira.gal\\\/\"},{\"@type\":\"ListItem\",\"position\":2,\"name\":\"A ONU apercibe ao Estado espa\u00f1ol polas denuncias infundadas contra Ecoloxistas en Acci\u00f3n\"}]},{\"@type\":\"WebSite\",\"@id\":\"https:\\\/\\\/www.anovapeneira.gal\\\/#website\",\"url\":\"https:\\\/\\\/www.anovapeneira.gal\\\/\",\"name\":\"\",\"description\":\"Xornal galego de informaci\u00f3n xeral Publicaci\u00f3n mensual de novas de Galicia e en especial dos Concellos da sur da provincia de Pontevedra.\",\"publisher\":{\"@id\":\"https:\\\/\\\/www.anovapeneira.gal\\\/#organization\"},\"potentialAction\":[{\"@type\":\"SearchAction\",\"target\":{\"@type\":\"EntryPoint\",\"urlTemplate\":\"https:\\\/\\\/www.anovapeneira.gal\\\/?s={search_term_string}\"},\"query-input\":{\"@type\":\"PropertyValueSpecification\",\"valueRequired\":true,\"valueName\":\"search_term_string\"}}],\"inLanguage\":\"gl-ES\"},{\"@type\":\"Organization\",\"@id\":\"https:\\\/\\\/www.anovapeneira.gal\\\/#organization\",\"name\":\"A Nova Peneira\",\"url\":\"https:\\\/\\\/www.anovapeneira.gal\\\/\",\"logo\":{\"@type\":\"ImageObject\",\"inLanguage\":\"gl-ES\",\"@id\":\"https:\\\/\\\/www.anovapeneira.gal\\\/#\\\/schema\\\/logo\\\/image\\\/\",\"url\":\"http:\\\/\\\/www.anovapeneira.gal\\\/wp-content\\\/uploads\\\/2019\\\/06\\\/logo_a_nova_peneira_portal_web.png\",\"contentUrl\":\"http:\\\/\\\/www.anovapeneira.gal\\\/wp-content\\\/uploads\\\/2019\\\/06\\\/logo_a_nova_peneira_portal_web.png\",\"width\":300,\"height\":100,\"caption\":\"A Nova Peneira\"},\"image\":{\"@id\":\"https:\\\/\\\/www.anovapeneira.gal\\\/#\\\/schema\\\/logo\\\/image\\\/\"},\"sameAs\":[\"https:\\\/\\\/www.facebook.com\\\/anovapeneira\",\"https:\\\/\\\/x.com\\\/APeneira\"]},{\"@type\":\"Person\",\"@id\":\"https:\\\/\\\/www.anovapeneira.gal\\\/#\\\/schema\\\/person\\\/b93e3f8932e3f8da96334607eb6ac6aa\",\"name\":\"Redacci\u00f3n A Nova Peneira\",\"image\":{\"@type\":\"ImageObject\",\"inLanguage\":\"gl-ES\",\"@id\":\"https:\\\/\\\/secure.gravatar.com\\\/avatar\\\/c052a2551a06e23fac63626232eaa90abd78dbcf1700fc46a2b2c89fd27b735f?s=96&d=mm&r=g\",\"url\":\"https:\\\/\\\/secure.gravatar.com\\\/avatar\\\/c052a2551a06e23fac63626232eaa90abd78dbcf1700fc46a2b2c89fd27b735f?s=96&d=mm&r=g\",\"contentUrl\":\"https:\\\/\\\/secure.gravatar.com\\\/avatar\\\/c052a2551a06e23fac63626232eaa90abd78dbcf1700fc46a2b2c89fd27b735f?s=96&d=mm&r=g\",\"caption\":\"Redacci\u00f3n A Nova Peneira\"},\"sameAs\":[\"http:\\\/\\\/www.anovapeneira.gal\\\/\"],\"url\":\"https:\\\/\\\/www.anovapeneira.gal\\\/index.php\\\/author\\\/redactor\\\/\"}]}<\/script>\n<!-- \/ Yoast SEO plugin. -->","yoast_head_json":{"title":"A ONU apercibe ao Estado espa\u00f1ol polas denuncias infundadas contra Ecoloxistas en Acci\u00f3n -","description":"A investigaci\u00f3n, aberta pola ONU en Espa\u00f1a, c\u00e9ntrase nunha denuncia falsa presentada pola empresa da mina de San Finx contra Ecoloxistas en Acci\u00f3n.","robots":{"index":"index","follow":"follow","max-snippet":"max-snippet:-1","max-image-preview":"max-image-preview:large","max-video-preview":"max-video-preview:-1"},"canonical":"https:\/\/www.anovapeneira.gal\/index.php\/2024\/01\/10\/a-onu-apercibe-ao-estado-espanol-polas-denuncias-infundadas-contra-ecoloxistas-en-accion\/","og_locale":"gl_ES","og_type":"article","og_title":"A ONU apercibe ao Estado espa\u00f1ol polas denuncias infundadas contra Ecoloxistas en Acci\u00f3n -","og_description":"A investigaci\u00f3n, aberta pola ONU en Espa\u00f1a, c\u00e9ntrase nunha denuncia falsa presentada pola empresa da mina de San Finx contra Ecoloxistas en Acci\u00f3n.","og_url":"https:\/\/www.anovapeneira.gal\/index.php\/2024\/01\/10\/a-onu-apercibe-ao-estado-espanol-polas-denuncias-infundadas-contra-ecoloxistas-en-accion\/","article_publisher":"https:\/\/www.facebook.com\/anovapeneira","article_published_time":"2024-01-10T09:00:04+00:00","article_modified_time":"2024-01-10T12:10:38+00:00","og_image":[{"width":720,"height":432,"url":"https:\/\/www.anovapeneira.gal\/wp-content\/uploads\/2024\/01\/ecoloxistas_en_accion.jpg","type":"image\/jpeg"}],"author":"Redacci\u00f3n A Nova Peneira","twitter_card":"summary_large_image","twitter_creator":"@APeneira","twitter_site":"@APeneira","twitter_misc":{"Escrito por":"Redacci\u00f3n A Nova Peneira","Tempo de lectura":"4 minutos"},"schema":{"@context":"https:\/\/schema.org","@graph":[{"@type":"Article","@id":"https:\/\/www.anovapeneira.gal\/index.php\/2024\/01\/10\/a-onu-apercibe-ao-estado-espanol-polas-denuncias-infundadas-contra-ecoloxistas-en-accion\/#article","isPartOf":{"@id":"https:\/\/www.anovapeneira.gal\/index.php\/2024\/01\/10\/a-onu-apercibe-ao-estado-espanol-polas-denuncias-infundadas-contra-ecoloxistas-en-accion\/"},"author":{"name":"Redacci\u00f3n A Nova Peneira","@id":"https:\/\/www.anovapeneira.gal\/#\/schema\/person\/b93e3f8932e3f8da96334607eb6ac6aa"},"headline":"A ONU apercibe ao Estado espa\u00f1ol polas denuncias infundadas contra Ecoloxistas en Acci\u00f3n","datePublished":"2024-01-10T09:00:04+00:00","dateModified":"2024-01-10T12:10:38+00:00","mainEntityOfPage":{"@id":"https:\/\/www.anovapeneira.gal\/index.php\/2024\/01\/10\/a-onu-apercibe-ao-estado-espanol-polas-denuncias-infundadas-contra-ecoloxistas-en-accion\/"},"wordCount":739,"commentCount":0,"publisher":{"@id":"https:\/\/www.anovapeneira.gal\/#organization"},"image":{"@id":"https:\/\/www.anovapeneira.gal\/index.php\/2024\/01\/10\/a-onu-apercibe-ao-estado-espanol-polas-denuncias-infundadas-contra-ecoloxistas-en-accion\/#primaryimage"},"thumbnailUrl":"https:\/\/www.anovapeneira.gal\/wp-content\/uploads\/2024\/01\/ecoloxistas_en_accion.jpg","articleSection":["Novas"],"inLanguage":"gl-ES","potentialAction":[{"@type":"CommentAction","name":"Comment","target":["https:\/\/www.anovapeneira.gal\/index.php\/2024\/01\/10\/a-onu-apercibe-ao-estado-espanol-polas-denuncias-infundadas-contra-ecoloxistas-en-accion\/#respond"]}]},{"@type":"WebPage","@id":"https:\/\/www.anovapeneira.gal\/index.php\/2024\/01\/10\/a-onu-apercibe-ao-estado-espanol-polas-denuncias-infundadas-contra-ecoloxistas-en-accion\/","url":"https:\/\/www.anovapeneira.gal\/index.php\/2024\/01\/10\/a-onu-apercibe-ao-estado-espanol-polas-denuncias-infundadas-contra-ecoloxistas-en-accion\/","name":"A ONU apercibe ao Estado espa\u00f1ol polas denuncias infundadas contra Ecoloxistas en Acci\u00f3n -","isPartOf":{"@id":"https:\/\/www.anovapeneira.gal\/#website"},"primaryImageOfPage":{"@id":"https:\/\/www.anovapeneira.gal\/index.php\/2024\/01\/10\/a-onu-apercibe-ao-estado-espanol-polas-denuncias-infundadas-contra-ecoloxistas-en-accion\/#primaryimage"},"image":{"@id":"https:\/\/www.anovapeneira.gal\/index.php\/2024\/01\/10\/a-onu-apercibe-ao-estado-espanol-polas-denuncias-infundadas-contra-ecoloxistas-en-accion\/#primaryimage"},"thumbnailUrl":"https:\/\/www.anovapeneira.gal\/wp-content\/uploads\/2024\/01\/ecoloxistas_en_accion.jpg","datePublished":"2024-01-10T09:00:04+00:00","dateModified":"2024-01-10T12:10:38+00:00","description":"A investigaci\u00f3n, aberta pola ONU en Espa\u00f1a, c\u00e9ntrase nunha denuncia falsa presentada pola empresa da mina de San Finx contra Ecoloxistas en Acci\u00f3n.","breadcrumb":{"@id":"https:\/\/www.anovapeneira.gal\/index.php\/2024\/01\/10\/a-onu-apercibe-ao-estado-espanol-polas-denuncias-infundadas-contra-ecoloxistas-en-accion\/#breadcrumb"},"inLanguage":"gl-ES","potentialAction":[{"@type":"ReadAction","target":["https:\/\/www.anovapeneira.gal\/index.php\/2024\/01\/10\/a-onu-apercibe-ao-estado-espanol-polas-denuncias-infundadas-contra-ecoloxistas-en-accion\/"]}]},{"@type":"ImageObject","inLanguage":"gl-ES","@id":"https:\/\/www.anovapeneira.gal\/index.php\/2024\/01\/10\/a-onu-apercibe-ao-estado-espanol-polas-denuncias-infundadas-contra-ecoloxistas-en-accion\/#primaryimage","url":"https:\/\/www.anovapeneira.gal\/wp-content\/uploads\/2024\/01\/ecoloxistas_en_accion.jpg","contentUrl":"https:\/\/www.anovapeneira.gal\/wp-content\/uploads\/2024\/01\/ecoloxistas_en_accion.jpg","width":720,"height":432,"caption":"Ecoloxistas en acci\u00f3n"},{"@type":"BreadcrumbList","@id":"https:\/\/www.anovapeneira.gal\/index.php\/2024\/01\/10\/a-onu-apercibe-ao-estado-espanol-polas-denuncias-infundadas-contra-ecoloxistas-en-accion\/#breadcrumb","itemListElement":[{"@type":"ListItem","position":1,"name":"Portada","item":"https:\/\/www.anovapeneira.gal\/"},{"@type":"ListItem","position":2,"name":"A ONU apercibe ao Estado espa\u00f1ol polas denuncias infundadas contra Ecoloxistas en Acci\u00f3n"}]},{"@type":"WebSite","@id":"https:\/\/www.anovapeneira.gal\/#website","url":"https:\/\/www.anovapeneira.gal\/","name":"","description":"Xornal galego de informaci\u00f3n xeral Publicaci\u00f3n mensual de novas de Galicia e en especial dos Concellos da sur da provincia de Pontevedra.","publisher":{"@id":"https:\/\/www.anovapeneira.gal\/#organization"},"potentialAction":[{"@type":"SearchAction","target":{"@type":"EntryPoint","urlTemplate":"https:\/\/www.anovapeneira.gal\/?s={search_term_string}"},"query-input":{"@type":"PropertyValueSpecification","valueRequired":true,"valueName":"search_term_string"}}],"inLanguage":"gl-ES"},{"@type":"Organization","@id":"https:\/\/www.anovapeneira.gal\/#organization","name":"A Nova Peneira","url":"https:\/\/www.anovapeneira.gal\/","logo":{"@type":"ImageObject","inLanguage":"gl-ES","@id":"https:\/\/www.anovapeneira.gal\/#\/schema\/logo\/image\/","url":"http:\/\/www.anovapeneira.gal\/wp-content\/uploads\/2019\/06\/logo_a_nova_peneira_portal_web.png","contentUrl":"http:\/\/www.anovapeneira.gal\/wp-content\/uploads\/2019\/06\/logo_a_nova_peneira_portal_web.png","width":300,"height":100,"caption":"A Nova Peneira"},"image":{"@id":"https:\/\/www.anovapeneira.gal\/#\/schema\/logo\/image\/"},"sameAs":["https:\/\/www.facebook.com\/anovapeneira","https:\/\/x.com\/APeneira"]},{"@type":"Person","@id":"https:\/\/www.anovapeneira.gal\/#\/schema\/person\/b93e3f8932e3f8da96334607eb6ac6aa","name":"Redacci\u00f3n A Nova Peneira","image":{"@type":"ImageObject","inLanguage":"gl-ES","@id":"https:\/\/secure.gravatar.com\/avatar\/c052a2551a06e23fac63626232eaa90abd78dbcf1700fc46a2b2c89fd27b735f?s=96&d=mm&r=g","url":"https:\/\/secure.gravatar.com\/avatar\/c052a2551a06e23fac63626232eaa90abd78dbcf1700fc46a2b2c89fd27b735f?s=96&d=mm&r=g","contentUrl":"https:\/\/secure.gravatar.com\/avatar\/c052a2551a06e23fac63626232eaa90abd78dbcf1700fc46a2b2c89fd27b735f?s=96&d=mm&r=g","caption":"Redacci\u00f3n A Nova Peneira"},"sameAs":["http:\/\/www.anovapeneira.gal\/"],"url":"https:\/\/www.anovapeneira.gal\/index.php\/author\/redactor\/"}]}},"jetpack_featured_media_url":"https:\/\/www.anovapeneira.gal\/wp-content\/uploads\/2024\/01\/ecoloxistas_en_accion.jpg","_links":{"self":[{"href":"https:\/\/www.anovapeneira.gal\/index.php\/wp-json\/wp\/v2\/posts\/11040","targetHints":{"allow":["GET"]}}],"collection":[{"href":"https:\/\/www.anovapeneira.gal\/index.php\/wp-json\/wp\/v2\/posts"}],"about":[{"href":"https:\/\/www.anovapeneira.gal\/index.php\/wp-json\/wp\/v2\/types\/post"}],"author":[{"embeddable":true,"href":"https:\/\/www.anovapeneira.gal\/index.php\/wp-json\/wp\/v2\/users\/3"}],"replies":[{"embeddable":true,"href":"https:\/\/www.anovapeneira.gal\/index.php\/wp-json\/wp\/v2\/comments?post=11040"}],"version-history":[{"count":2,"href":"https:\/\/www.anovapeneira.gal\/index.php\/wp-json\/wp\/v2\/posts\/11040\/revisions"}],"predecessor-version":[{"id":11043,"href":"https:\/\/www.anovapeneira.gal\/index.php\/wp-json\/wp\/v2\/posts\/11040\/revisions\/11043"}],"wp:featuredmedia":[{"embeddable":true,"href":"https:\/\/www.anovapeneira.gal\/index.php\/wp-json\/wp\/v2\/media\/11042"}],"wp:attachment":[{"href":"https:\/\/www.anovapeneira.gal\/index.php\/wp-json\/wp\/v2\/media?parent=11040"}],"wp:term":[{"taxonomy":"category","embeddable":true,"href":"https:\/\/www.anovapeneira.gal\/index.php\/wp-json\/wp\/v2\/categories?post=11040"},{"taxonomy":"post_tag","embeddable":true,"href":"https:\/\/www.anovapeneira.gal\/index.php\/wp-json\/wp\/v2\/tags?post=11040"}],"curies":[{"name":"wp","href":"https:\/\/api.w.org\/{rel}","templated":true}]}}