{"id":11044,"date":"2024-01-10T12:00:24","date_gmt":"2024-01-10T11:00:24","guid":{"rendered":"https:\/\/www.anovapeneira.gal\/?p=11044"},"modified":"2024-01-10T13:17:46","modified_gmt":"2024-01-10T12:17:46","slug":"o-bng-de-pazos-de-borben-amosa-o-sua-preocupacion-pola-pasividade-de-luciano-otero-ante-os-orzamentos-para-o-2024","status":"publish","type":"post","link":"https:\/\/www.anovapeneira.gal\/index.php\/2024\/01\/10\/o-bng-de-pazos-de-borben-amosa-o-sua-preocupacion-pola-pasividade-de-luciano-otero-ante-os-orzamentos-para-o-2024\/","title":{"rendered":"O BNG de Pazos de Borb\u00e9n amosa o s\u00faa preocupaci\u00f3n pola pasividade de Luciano Otero ante os orzamentos para o 2024"},"content":{"rendered":"\n<h2 class=\"wp-block-heading\">O pasado 2 de decembro do 2023 o goberno en minor\u00eda de Pazos de Borb\u00e9n sal\u00eda en prensa co seguinte titular \u201cLuciano Otero quere aprobar os orzamentos antes de fin de ano\u201d.<\/h2>\n\n\n\n<p>A inicios do mes de decembro o BNG non recibira ningunha comunicaci\u00f3n por parte do goberno para tratar o pr\u00f3ximo orzamento municipal. A sorpresa no grupo municipal foi importante porque enter\u00e1ronse das intenci\u00f3ns do alcalde pola prensa, pero o grupo municipal non ti\u00f1a absolutamente ningunha proposta enriba da mesa. Recordan, desde o grupo nacionalista, que para aprobar un orzamento Alternativa Veci\u00f1al precisa do indispesable voto a favor do BNG. O voceiro municipal Xurxo P. Besad\u00edo salienta que \u201c parece que o alcalde est\u00e1 m\u00e1is preocupado de lanzar informaci\u00f3ns err\u00f3neas a veci\u00f1anza e sair en notas de prensa que en aprobar uns orzamentos\u201d<\/p>\n\n\n\n<p>Vinte d\u00edas m\u00e1is tarde desta nota de prensa do mes de decembro, o alcalde Luciano Otero pasou o borrador de orzamentos o grupo municipal do BNG pero a\u00ednda non concertou ningunha reuni\u00f3n formal para falar de propostas. Dende o BNG contin\u00faan agardando a convocatoria dunha reuni\u00f3n para<br>trasladar as s\u00faas propostas ao respecto deste tema.<\/p>\n\n\n\n<p>Se Alternativa Veci\u00f1al e Luciano Otero pretenden contar co apoio do BNG para a aprobaci\u00f3n dos orzamentos municipais debense sentar a falar e negociar co grupo que lle deu a alcald\u00eda. Dende a organizaci\u00f3n Nacionalista mostran a s\u00faa preocupaci\u00f3n xa que actualmente c\u00f3ntase cuns orzamentos prorrogados do Partido Popular os cales non permitiron facer fronte as subvenci\u00f3ns dos colectivos culturais e deportivos e temen que esto se poida voltar a repetir.<\/p>\n\n\n\n<p>Despois de seis meses dun goberno municipal marcado &#8220;pola falta absoluta de di\u00e1logo, pola imposici\u00f3n e pola prepotencia&#8221; o voceiro nacionalista mostra a s\u00faa preocupaci\u00f3n ante a actitude do alcalde \u201c que en lugar de traballar e convocar a oposici\u00f3n para avanzar nun orzamentos m\u00e1is sociais e participativos, ded\u00edcase a sacar titulares en prensa sen ter ningunha proposta de orzamentos\u201d<\/p>\n","protected":false},"excerpt":{"rendered":"<div class=\"mh-excerpt\"><p>O pasado 2 de decembro do 2023 o goberno en minor\u00eda de Pazos de Borb\u00e9n sal\u00eda en prensa co seguinte titular \u201cLuciano Otero quere aprobar os orzamentos antes de fin de ano\u201d. <a class=\"mh-excerpt-more\" href=\"https:\/\/www.anovapeneira.gal\/index.php\/2024\/01\/10\/o-bng-de-pazos-de-borben-amosa-o-sua-preocupacion-pola-pasividade-de-luciano-otero-ante-os-orzamentos-para-o-2024\/\" title=\"O BNG de Pazos de Borb\u00e9n amosa o s\u00faa preocupaci\u00f3n pola pasividade de Luciano Otero ante os orzamentos para o 2024\">[&#8230;]<\/a><\/p>\n<\/div>","protected":false},"author":3,"featured_media":8263,"comment_status":"open","ping_status":"open","sticky":false,"template":"","format":"standard","meta":{"_exactmetrics_skip_tracking":false,"_exactmetrics_sitenote_active":false,"_exactmetrics_sitenote_note":"","_exactmetrics_sitenote_category":0,"footnotes":""},"categories":[24],"tags":[1389],"class_list":{"0":"post-11044","1":"post","2":"type-post","3":"status-publish","4":"format-standard","5":"has-post-thumbnail","7":"category-redondela","8":"tag-concellon-de-pazos-de-borben"},"yoast_head":"<!-- This site is optimized with the Yoast SEO plugin v27.4 - https:\/\/yoast.com\/product\/yoast-seo-wordpress\/ -->\n<title>O BNG de Pazos de Borb\u00e9n amosa o s\u00faa preocupaci\u00f3n pola pasividade de Luciano Otero ante os orzamentos para o 2024 -<\/title>\n<meta name=\"description\" content=\"O pasado 2 de decembro do 2023 o goberno en minor\u00eda de Pazos de Borb\u00e9n sal\u00eda en prensa co seguinte titular \u201cLuciano Otero quere aprobar os orzamentos antes de fin de ano\u201d.\" \/>\n<meta name=\"robots\" content=\"index, follow, max-snippet:-1, max-image-preview:large, max-video-preview:-1\" \/>\n<link rel=\"canonical\" href=\"https:\/\/www.anovapeneira.gal\/index.php\/2024\/01\/10\/o-bng-de-pazos-de-borben-amosa-o-sua-preocupacion-pola-pasividade-de-luciano-otero-ante-os-orzamentos-para-o-2024\/\" \/>\n<meta property=\"og:locale\" content=\"gl_ES\" \/>\n<meta property=\"og:type\" content=\"article\" \/>\n<meta property=\"og:title\" content=\"O BNG de Pazos de Borb\u00e9n amosa o s\u00faa preocupaci\u00f3n pola pasividade de Luciano Otero ante os orzamentos para o 2024 -\" \/>\n<meta property=\"og:description\" content=\"O pasado 2 de decembro do 2023 o goberno en minor\u00eda de Pazos de Borb\u00e9n sal\u00eda en prensa co seguinte titular \u201cLuciano Otero quere aprobar os orzamentos antes de fin de ano\u201d.\" \/>\n<meta property=\"og:url\" content=\"https:\/\/www.anovapeneira.gal\/index.php\/2024\/01\/10\/o-bng-de-pazos-de-borben-amosa-o-sua-preocupacion-pola-pasividade-de-luciano-otero-ante-os-orzamentos-para-o-2024\/\" \/>\n<meta property=\"article:publisher\" content=\"https:\/\/www.facebook.com\/anovapeneira\" \/>\n<meta property=\"article:published_time\" content=\"2024-01-10T11:00:24+00:00\" \/>\n<meta property=\"article:modified_time\" content=\"2024-01-10T12:17:46+00:00\" \/>\n<meta property=\"og:image\" content=\"https:\/\/www.anovapeneira.gal\/wp-content\/uploads\/2022\/09\/bng_logo.png\" \/>\n\t<meta property=\"og:image:width\" content=\"720\" \/>\n\t<meta property=\"og:image:height\" content=\"432\" \/>\n\t<meta property=\"og:image:type\" content=\"image\/png\" \/>\n<meta name=\"author\" content=\"Redacci\u00f3n A Nova Peneira\" \/>\n<meta name=\"twitter:card\" content=\"summary_large_image\" \/>\n<meta name=\"twitter:creator\" content=\"@APeneira\" \/>\n<meta name=\"twitter:site\" content=\"@APeneira\" \/>\n<meta name=\"twitter:label1\" content=\"Escrito por\" \/>\n\t<meta name=\"twitter:data1\" content=\"Redacci\u00f3n A Nova Peneira\" \/>\n\t<meta name=\"twitter:label2\" content=\"Tempo de lectura\" \/>\n\t<meta name=\"twitter:data2\" content=\"2 minutos\" \/>\n<script type=\"application\/ld+json\" class=\"yoast-schema-graph\">{\"@context\":\"https:\\\/\\\/schema.org\",\"@graph\":[{\"@type\":\"Article\",\"@id\":\"https:\\\/\\\/www.anovapeneira.gal\\\/index.php\\\/2024\\\/01\\\/10\\\/o-bng-de-pazos-de-borben-amosa-o-sua-preocupacion-pola-pasividade-de-luciano-otero-ante-os-orzamentos-para-o-2024\\\/#article\",\"isPartOf\":{\"@id\":\"https:\\\/\\\/www.anovapeneira.gal\\\/index.php\\\/2024\\\/01\\\/10\\\/o-bng-de-pazos-de-borben-amosa-o-sua-preocupacion-pola-pasividade-de-luciano-otero-ante-os-orzamentos-para-o-2024\\\/\"},\"author\":{\"name\":\"Redacci\u00f3n A Nova Peneira\",\"@id\":\"https:\\\/\\\/www.anovapeneira.gal\\\/#\\\/schema\\\/person\\\/b93e3f8932e3f8da96334607eb6ac6aa\"},\"headline\":\"O BNG de Pazos de Borb\u00e9n amosa o s\u00faa preocupaci\u00f3n pola pasividade de Luciano Otero ante os orzamentos para o 2024\",\"datePublished\":\"2024-01-10T11:00:24+00:00\",\"dateModified\":\"2024-01-10T12:17:46+00:00\",\"mainEntityOfPage\":{\"@id\":\"https:\\\/\\\/www.anovapeneira.gal\\\/index.php\\\/2024\\\/01\\\/10\\\/o-bng-de-pazos-de-borben-amosa-o-sua-preocupacion-pola-pasividade-de-luciano-otero-ante-os-orzamentos-para-o-2024\\\/\"},\"wordCount\":374,\"commentCount\":0,\"publisher\":{\"@id\":\"https:\\\/\\\/www.anovapeneira.gal\\\/#organization\"},\"image\":{\"@id\":\"https:\\\/\\\/www.anovapeneira.gal\\\/index.php\\\/2024\\\/01\\\/10\\\/o-bng-de-pazos-de-borben-amosa-o-sua-preocupacion-pola-pasividade-de-luciano-otero-ante-os-orzamentos-para-o-2024\\\/#primaryimage\"},\"thumbnailUrl\":\"https:\\\/\\\/www.anovapeneira.gal\\\/wp-content\\\/uploads\\\/2022\\\/09\\\/bng_logo.png\",\"keywords\":[\"Concellon de Pazos de Borb\u00e9n\"],\"articleSection\":[\"Redondela\"],\"inLanguage\":\"gl-ES\",\"potentialAction\":[{\"@type\":\"CommentAction\",\"name\":\"Comment\",\"target\":[\"https:\\\/\\\/www.anovapeneira.gal\\\/index.php\\\/2024\\\/01\\\/10\\\/o-bng-de-pazos-de-borben-amosa-o-sua-preocupacion-pola-pasividade-de-luciano-otero-ante-os-orzamentos-para-o-2024\\\/#respond\"]}]},{\"@type\":\"WebPage\",\"@id\":\"https:\\\/\\\/www.anovapeneira.gal\\\/index.php\\\/2024\\\/01\\\/10\\\/o-bng-de-pazos-de-borben-amosa-o-sua-preocupacion-pola-pasividade-de-luciano-otero-ante-os-orzamentos-para-o-2024\\\/\",\"url\":\"https:\\\/\\\/www.anovapeneira.gal\\\/index.php\\\/2024\\\/01\\\/10\\\/o-bng-de-pazos-de-borben-amosa-o-sua-preocupacion-pola-pasividade-de-luciano-otero-ante-os-orzamentos-para-o-2024\\\/\",\"name\":\"O BNG de Pazos de Borb\u00e9n amosa o s\u00faa preocupaci\u00f3n pola pasividade de Luciano Otero ante os orzamentos para o 2024 -\",\"isPartOf\":{\"@id\":\"https:\\\/\\\/www.anovapeneira.gal\\\/#website\"},\"primaryImageOfPage\":{\"@id\":\"https:\\\/\\\/www.anovapeneira.gal\\\/index.php\\\/2024\\\/01\\\/10\\\/o-bng-de-pazos-de-borben-amosa-o-sua-preocupacion-pola-pasividade-de-luciano-otero-ante-os-orzamentos-para-o-2024\\\/#primaryimage\"},\"image\":{\"@id\":\"https:\\\/\\\/www.anovapeneira.gal\\\/index.php\\\/2024\\\/01\\\/10\\\/o-bng-de-pazos-de-borben-amosa-o-sua-preocupacion-pola-pasividade-de-luciano-otero-ante-os-orzamentos-para-o-2024\\\/#primaryimage\"},\"thumbnailUrl\":\"https:\\\/\\\/www.anovapeneira.gal\\\/wp-content\\\/uploads\\\/2022\\\/09\\\/bng_logo.png\",\"datePublished\":\"2024-01-10T11:00:24+00:00\",\"dateModified\":\"2024-01-10T12:17:46+00:00\",\"description\":\"O pasado 2 de decembro do 2023 o goberno en minor\u00eda de Pazos de Borb\u00e9n sal\u00eda en prensa co seguinte titular \u201cLuciano Otero quere aprobar os orzamentos antes de fin de ano\u201d.\",\"breadcrumb\":{\"@id\":\"https:\\\/\\\/www.anovapeneira.gal\\\/index.php\\\/2024\\\/01\\\/10\\\/o-bng-de-pazos-de-borben-amosa-o-sua-preocupacion-pola-pasividade-de-luciano-otero-ante-os-orzamentos-para-o-2024\\\/#breadcrumb\"},\"inLanguage\":\"gl-ES\",\"potentialAction\":[{\"@type\":\"ReadAction\",\"target\":[\"https:\\\/\\\/www.anovapeneira.gal\\\/index.php\\\/2024\\\/01\\\/10\\\/o-bng-de-pazos-de-borben-amosa-o-sua-preocupacion-pola-pasividade-de-luciano-otero-ante-os-orzamentos-para-o-2024\\\/\"]}]},{\"@type\":\"ImageObject\",\"inLanguage\":\"gl-ES\",\"@id\":\"https:\\\/\\\/www.anovapeneira.gal\\\/index.php\\\/2024\\\/01\\\/10\\\/o-bng-de-pazos-de-borben-amosa-o-sua-preocupacion-pola-pasividade-de-luciano-otero-ante-os-orzamentos-para-o-2024\\\/#primaryimage\",\"url\":\"https:\\\/\\\/www.anovapeneira.gal\\\/wp-content\\\/uploads\\\/2022\\\/09\\\/bng_logo.png\",\"contentUrl\":\"https:\\\/\\\/www.anovapeneira.gal\\\/wp-content\\\/uploads\\\/2022\\\/09\\\/bng_logo.png\",\"width\":720,\"height\":432,\"caption\":\"Logotipo BNG\"},{\"@type\":\"BreadcrumbList\",\"@id\":\"https:\\\/\\\/www.anovapeneira.gal\\\/index.php\\\/2024\\\/01\\\/10\\\/o-bng-de-pazos-de-borben-amosa-o-sua-preocupacion-pola-pasividade-de-luciano-otero-ante-os-orzamentos-para-o-2024\\\/#breadcrumb\",\"itemListElement\":[{\"@type\":\"ListItem\",\"position\":1,\"name\":\"Portada\",\"item\":\"https:\\\/\\\/www.anovapeneira.gal\\\/\"},{\"@type\":\"ListItem\",\"position\":2,\"name\":\"O BNG de Pazos de Borb\u00e9n amosa o s\u00faa preocupaci\u00f3n pola pasividade de Luciano Otero ante os orzamentos para o 2024\"}]},{\"@type\":\"WebSite\",\"@id\":\"https:\\\/\\\/www.anovapeneira.gal\\\/#website\",\"url\":\"https:\\\/\\\/www.anovapeneira.gal\\\/\",\"name\":\"\",\"description\":\"Xornal galego de informaci\u00f3n xeral Publicaci\u00f3n mensual de novas de Galicia e en especial dos Concellos da sur da provincia de Pontevedra.\",\"publisher\":{\"@id\":\"https:\\\/\\\/www.anovapeneira.gal\\\/#organization\"},\"potentialAction\":[{\"@type\":\"SearchAction\",\"target\":{\"@type\":\"EntryPoint\",\"urlTemplate\":\"https:\\\/\\\/www.anovapeneira.gal\\\/?s={search_term_string}\"},\"query-input\":{\"@type\":\"PropertyValueSpecification\",\"valueRequired\":true,\"valueName\":\"search_term_string\"}}],\"inLanguage\":\"gl-ES\"},{\"@type\":\"Organization\",\"@id\":\"https:\\\/\\\/www.anovapeneira.gal\\\/#organization\",\"name\":\"A Nova Peneira\",\"url\":\"https:\\\/\\\/www.anovapeneira.gal\\\/\",\"logo\":{\"@type\":\"ImageObject\",\"inLanguage\":\"gl-ES\",\"@id\":\"https:\\\/\\\/www.anovapeneira.gal\\\/#\\\/schema\\\/logo\\\/image\\\/\",\"url\":\"http:\\\/\\\/www.anovapeneira.gal\\\/wp-content\\\/uploads\\\/2019\\\/06\\\/logo_a_nova_peneira_portal_web.png\",\"contentUrl\":\"http:\\\/\\\/www.anovapeneira.gal\\\/wp-content\\\/uploads\\\/2019\\\/06\\\/logo_a_nova_peneira_portal_web.png\",\"width\":300,\"height\":100,\"caption\":\"A Nova Peneira\"},\"image\":{\"@id\":\"https:\\\/\\\/www.anovapeneira.gal\\\/#\\\/schema\\\/logo\\\/image\\\/\"},\"sameAs\":[\"https:\\\/\\\/www.facebook.com\\\/anovapeneira\",\"https:\\\/\\\/x.com\\\/APeneira\"]},{\"@type\":\"Person\",\"@id\":\"https:\\\/\\\/www.anovapeneira.gal\\\/#\\\/schema\\\/person\\\/b93e3f8932e3f8da96334607eb6ac6aa\",\"name\":\"Redacci\u00f3n A Nova Peneira\",\"image\":{\"@type\":\"ImageObject\",\"inLanguage\":\"gl-ES\",\"@id\":\"https:\\\/\\\/secure.gravatar.com\\\/avatar\\\/c052a2551a06e23fac63626232eaa90abd78dbcf1700fc46a2b2c89fd27b735f?s=96&d=mm&r=g\",\"url\":\"https:\\\/\\\/secure.gravatar.com\\\/avatar\\\/c052a2551a06e23fac63626232eaa90abd78dbcf1700fc46a2b2c89fd27b735f?s=96&d=mm&r=g\",\"contentUrl\":\"https:\\\/\\\/secure.gravatar.com\\\/avatar\\\/c052a2551a06e23fac63626232eaa90abd78dbcf1700fc46a2b2c89fd27b735f?s=96&d=mm&r=g\",\"caption\":\"Redacci\u00f3n A Nova Peneira\"},\"sameAs\":[\"http:\\\/\\\/www.anovapeneira.gal\\\/\"],\"url\":\"https:\\\/\\\/www.anovapeneira.gal\\\/index.php\\\/author\\\/redactor\\\/\"}]}<\/script>\n<!-- \/ Yoast SEO plugin. -->","yoast_head_json":{"title":"O BNG de Pazos de Borb\u00e9n amosa o s\u00faa preocupaci\u00f3n pola pasividade de Luciano Otero ante os orzamentos para o 2024 -","description":"O pasado 2 de decembro do 2023 o goberno en minor\u00eda de Pazos de Borb\u00e9n sal\u00eda en prensa co seguinte titular \u201cLuciano Otero quere aprobar os orzamentos antes de fin de ano\u201d.","robots":{"index":"index","follow":"follow","max-snippet":"max-snippet:-1","max-image-preview":"max-image-preview:large","max-video-preview":"max-video-preview:-1"},"canonical":"https:\/\/www.anovapeneira.gal\/index.php\/2024\/01\/10\/o-bng-de-pazos-de-borben-amosa-o-sua-preocupacion-pola-pasividade-de-luciano-otero-ante-os-orzamentos-para-o-2024\/","og_locale":"gl_ES","og_type":"article","og_title":"O BNG de Pazos de Borb\u00e9n amosa o s\u00faa preocupaci\u00f3n pola pasividade de Luciano Otero ante os orzamentos para o 2024 -","og_description":"O pasado 2 de decembro do 2023 o goberno en minor\u00eda de Pazos de Borb\u00e9n sal\u00eda en prensa co seguinte titular \u201cLuciano Otero quere aprobar os orzamentos antes de fin de ano\u201d.","og_url":"https:\/\/www.anovapeneira.gal\/index.php\/2024\/01\/10\/o-bng-de-pazos-de-borben-amosa-o-sua-preocupacion-pola-pasividade-de-luciano-otero-ante-os-orzamentos-para-o-2024\/","article_publisher":"https:\/\/www.facebook.com\/anovapeneira","article_published_time":"2024-01-10T11:00:24+00:00","article_modified_time":"2024-01-10T12:17:46+00:00","og_image":[{"width":720,"height":432,"url":"https:\/\/www.anovapeneira.gal\/wp-content\/uploads\/2022\/09\/bng_logo.png","type":"image\/png"}],"author":"Redacci\u00f3n A Nova Peneira","twitter_card":"summary_large_image","twitter_creator":"@APeneira","twitter_site":"@APeneira","twitter_misc":{"Escrito por":"Redacci\u00f3n A Nova Peneira","Tempo de lectura":"2 minutos"},"schema":{"@context":"https:\/\/schema.org","@graph":[{"@type":"Article","@id":"https:\/\/www.anovapeneira.gal\/index.php\/2024\/01\/10\/o-bng-de-pazos-de-borben-amosa-o-sua-preocupacion-pola-pasividade-de-luciano-otero-ante-os-orzamentos-para-o-2024\/#article","isPartOf":{"@id":"https:\/\/www.anovapeneira.gal\/index.php\/2024\/01\/10\/o-bng-de-pazos-de-borben-amosa-o-sua-preocupacion-pola-pasividade-de-luciano-otero-ante-os-orzamentos-para-o-2024\/"},"author":{"name":"Redacci\u00f3n A Nova Peneira","@id":"https:\/\/www.anovapeneira.gal\/#\/schema\/person\/b93e3f8932e3f8da96334607eb6ac6aa"},"headline":"O BNG de Pazos de Borb\u00e9n amosa o s\u00faa preocupaci\u00f3n pola pasividade de Luciano Otero ante os orzamentos para o 2024","datePublished":"2024-01-10T11:00:24+00:00","dateModified":"2024-01-10T12:17:46+00:00","mainEntityOfPage":{"@id":"https:\/\/www.anovapeneira.gal\/index.php\/2024\/01\/10\/o-bng-de-pazos-de-borben-amosa-o-sua-preocupacion-pola-pasividade-de-luciano-otero-ante-os-orzamentos-para-o-2024\/"},"wordCount":374,"commentCount":0,"publisher":{"@id":"https:\/\/www.anovapeneira.gal\/#organization"},"image":{"@id":"https:\/\/www.anovapeneira.gal\/index.php\/2024\/01\/10\/o-bng-de-pazos-de-borben-amosa-o-sua-preocupacion-pola-pasividade-de-luciano-otero-ante-os-orzamentos-para-o-2024\/#primaryimage"},"thumbnailUrl":"https:\/\/www.anovapeneira.gal\/wp-content\/uploads\/2022\/09\/bng_logo.png","keywords":["Concellon de Pazos de Borb\u00e9n"],"articleSection":["Redondela"],"inLanguage":"gl-ES","potentialAction":[{"@type":"CommentAction","name":"Comment","target":["https:\/\/www.anovapeneira.gal\/index.php\/2024\/01\/10\/o-bng-de-pazos-de-borben-amosa-o-sua-preocupacion-pola-pasividade-de-luciano-otero-ante-os-orzamentos-para-o-2024\/#respond"]}]},{"@type":"WebPage","@id":"https:\/\/www.anovapeneira.gal\/index.php\/2024\/01\/10\/o-bng-de-pazos-de-borben-amosa-o-sua-preocupacion-pola-pasividade-de-luciano-otero-ante-os-orzamentos-para-o-2024\/","url":"https:\/\/www.anovapeneira.gal\/index.php\/2024\/01\/10\/o-bng-de-pazos-de-borben-amosa-o-sua-preocupacion-pola-pasividade-de-luciano-otero-ante-os-orzamentos-para-o-2024\/","name":"O BNG de Pazos de Borb\u00e9n amosa o s\u00faa preocupaci\u00f3n pola pasividade de Luciano Otero ante os orzamentos para o 2024 -","isPartOf":{"@id":"https:\/\/www.anovapeneira.gal\/#website"},"primaryImageOfPage":{"@id":"https:\/\/www.anovapeneira.gal\/index.php\/2024\/01\/10\/o-bng-de-pazos-de-borben-amosa-o-sua-preocupacion-pola-pasividade-de-luciano-otero-ante-os-orzamentos-para-o-2024\/#primaryimage"},"image":{"@id":"https:\/\/www.anovapeneira.gal\/index.php\/2024\/01\/10\/o-bng-de-pazos-de-borben-amosa-o-sua-preocupacion-pola-pasividade-de-luciano-otero-ante-os-orzamentos-para-o-2024\/#primaryimage"},"thumbnailUrl":"https:\/\/www.anovapeneira.gal\/wp-content\/uploads\/2022\/09\/bng_logo.png","datePublished":"2024-01-10T11:00:24+00:00","dateModified":"2024-01-10T12:17:46+00:00","description":"O pasado 2 de decembro do 2023 o goberno en minor\u00eda de Pazos de Borb\u00e9n sal\u00eda en prensa co seguinte titular \u201cLuciano Otero quere aprobar os orzamentos antes de fin de ano\u201d.","breadcrumb":{"@id":"https:\/\/www.anovapeneira.gal\/index.php\/2024\/01\/10\/o-bng-de-pazos-de-borben-amosa-o-sua-preocupacion-pola-pasividade-de-luciano-otero-ante-os-orzamentos-para-o-2024\/#breadcrumb"},"inLanguage":"gl-ES","potentialAction":[{"@type":"ReadAction","target":["https:\/\/www.anovapeneira.gal\/index.php\/2024\/01\/10\/o-bng-de-pazos-de-borben-amosa-o-sua-preocupacion-pola-pasividade-de-luciano-otero-ante-os-orzamentos-para-o-2024\/"]}]},{"@type":"ImageObject","inLanguage":"gl-ES","@id":"https:\/\/www.anovapeneira.gal\/index.php\/2024\/01\/10\/o-bng-de-pazos-de-borben-amosa-o-sua-preocupacion-pola-pasividade-de-luciano-otero-ante-os-orzamentos-para-o-2024\/#primaryimage","url":"https:\/\/www.anovapeneira.gal\/wp-content\/uploads\/2022\/09\/bng_logo.png","contentUrl":"https:\/\/www.anovapeneira.gal\/wp-content\/uploads\/2022\/09\/bng_logo.png","width":720,"height":432,"caption":"Logotipo BNG"},{"@type":"BreadcrumbList","@id":"https:\/\/www.anovapeneira.gal\/index.php\/2024\/01\/10\/o-bng-de-pazos-de-borben-amosa-o-sua-preocupacion-pola-pasividade-de-luciano-otero-ante-os-orzamentos-para-o-2024\/#breadcrumb","itemListElement":[{"@type":"ListItem","position":1,"name":"Portada","item":"https:\/\/www.anovapeneira.gal\/"},{"@type":"ListItem","position":2,"name":"O BNG de Pazos de Borb\u00e9n amosa o s\u00faa preocupaci\u00f3n pola pasividade de Luciano Otero ante os orzamentos para o 2024"}]},{"@type":"WebSite","@id":"https:\/\/www.anovapeneira.gal\/#website","url":"https:\/\/www.anovapeneira.gal\/","name":"","description":"Xornal galego de informaci\u00f3n xeral Publicaci\u00f3n mensual de novas de Galicia e en especial dos Concellos da sur da provincia de Pontevedra.","publisher":{"@id":"https:\/\/www.anovapeneira.gal\/#organization"},"potentialAction":[{"@type":"SearchAction","target":{"@type":"EntryPoint","urlTemplate":"https:\/\/www.anovapeneira.gal\/?s={search_term_string}"},"query-input":{"@type":"PropertyValueSpecification","valueRequired":true,"valueName":"search_term_string"}}],"inLanguage":"gl-ES"},{"@type":"Organization","@id":"https:\/\/www.anovapeneira.gal\/#organization","name":"A Nova Peneira","url":"https:\/\/www.anovapeneira.gal\/","logo":{"@type":"ImageObject","inLanguage":"gl-ES","@id":"https:\/\/www.anovapeneira.gal\/#\/schema\/logo\/image\/","url":"http:\/\/www.anovapeneira.gal\/wp-content\/uploads\/2019\/06\/logo_a_nova_peneira_portal_web.png","contentUrl":"http:\/\/www.anovapeneira.gal\/wp-content\/uploads\/2019\/06\/logo_a_nova_peneira_portal_web.png","width":300,"height":100,"caption":"A Nova Peneira"},"image":{"@id":"https:\/\/www.anovapeneira.gal\/#\/schema\/logo\/image\/"},"sameAs":["https:\/\/www.facebook.com\/anovapeneira","https:\/\/x.com\/APeneira"]},{"@type":"Person","@id":"https:\/\/www.anovapeneira.gal\/#\/schema\/person\/b93e3f8932e3f8da96334607eb6ac6aa","name":"Redacci\u00f3n A Nova Peneira","image":{"@type":"ImageObject","inLanguage":"gl-ES","@id":"https:\/\/secure.gravatar.com\/avatar\/c052a2551a06e23fac63626232eaa90abd78dbcf1700fc46a2b2c89fd27b735f?s=96&d=mm&r=g","url":"https:\/\/secure.gravatar.com\/avatar\/c052a2551a06e23fac63626232eaa90abd78dbcf1700fc46a2b2c89fd27b735f?s=96&d=mm&r=g","contentUrl":"https:\/\/secure.gravatar.com\/avatar\/c052a2551a06e23fac63626232eaa90abd78dbcf1700fc46a2b2c89fd27b735f?s=96&d=mm&r=g","caption":"Redacci\u00f3n A Nova Peneira"},"sameAs":["http:\/\/www.anovapeneira.gal\/"],"url":"https:\/\/www.anovapeneira.gal\/index.php\/author\/redactor\/"}]}},"jetpack_featured_media_url":"https:\/\/www.anovapeneira.gal\/wp-content\/uploads\/2022\/09\/bng_logo.png","_links":{"self":[{"href":"https:\/\/www.anovapeneira.gal\/index.php\/wp-json\/wp\/v2\/posts\/11044","targetHints":{"allow":["GET"]}}],"collection":[{"href":"https:\/\/www.anovapeneira.gal\/index.php\/wp-json\/wp\/v2\/posts"}],"about":[{"href":"https:\/\/www.anovapeneira.gal\/index.php\/wp-json\/wp\/v2\/types\/post"}],"author":[{"embeddable":true,"href":"https:\/\/www.anovapeneira.gal\/index.php\/wp-json\/wp\/v2\/users\/3"}],"replies":[{"embeddable":true,"href":"https:\/\/www.anovapeneira.gal\/index.php\/wp-json\/wp\/v2\/comments?post=11044"}],"version-history":[{"count":2,"href":"https:\/\/www.anovapeneira.gal\/index.php\/wp-json\/wp\/v2\/posts\/11044\/revisions"}],"predecessor-version":[{"id":11046,"href":"https:\/\/www.anovapeneira.gal\/index.php\/wp-json\/wp\/v2\/posts\/11044\/revisions\/11046"}],"wp:featuredmedia":[{"embeddable":true,"href":"https:\/\/www.anovapeneira.gal\/index.php\/wp-json\/wp\/v2\/media\/8263"}],"wp:attachment":[{"href":"https:\/\/www.anovapeneira.gal\/index.php\/wp-json\/wp\/v2\/media?parent=11044"}],"wp:term":[{"taxonomy":"category","embeddable":true,"href":"https:\/\/www.anovapeneira.gal\/index.php\/wp-json\/wp\/v2\/categories?post=11044"},{"taxonomy":"post_tag","embeddable":true,"href":"https:\/\/www.anovapeneira.gal\/index.php\/wp-json\/wp\/v2\/tags?post=11044"}],"curies":[{"name":"wp","href":"https:\/\/api.w.org\/{rel}","templated":true}]}}