{"id":11047,"date":"2024-01-11T10:00:02","date_gmt":"2024-01-11T09:00:02","guid":{"rendered":"https:\/\/www.anovapeneira.gal\/?p=11047"},"modified":"2024-01-10T13:40:19","modified_gmt":"2024-01-10T12:40:19","slug":"a-asociacion-alen-nos-de-redondela-28-anos-tecendo-pais","status":"publish","type":"post","link":"https:\/\/www.anovapeneira.gal\/index.php\/2024\/01\/11\/a-asociacion-alen-nos-de-redondela-28-anos-tecendo-pais\/","title":{"rendered":"A asociaci\u00f3n Al\u00e9n N\u00f3s de Redondela: 28 anos tecendo pa\u00eds"},"content":{"rendered":"\n<pre class=\"wp-block-verse\"><strong>Tino Lago e Marcos Santos<\/strong><\/pre>\n\n\n\n<p>Al\u00e9n \u00e9 unha fermosa palabra que pode ser empregada tanto con funci\u00f3n de adverbio como de preposici\u00f3n. Nos dous casos ten un significado parecido que non todo o mundo ten capacidade para poder facer efectivo, xa que non todos os seres humanos pos\u00faen a capacidade para ver al\u00e9n , para ollar m\u00e1is al\u00e1 das caracter\u00edsticas ou circunstancias persoais. As\u00ed pois te\u00f1o observado con abraio , perplexidade e estupor como unha parte salientable das persoas tenden a universalizar o particular facendo categor\u00eda da s\u00faa propia visi\u00f3n da realidade, ou o que \u00e9 peor: dos seus propios intereses persoais.<\/p>\n\n\n\n<p>E si, Al\u00e9n N\u00f3s existe un pa\u00eds que se chama Galicia. Al\u00e9n N\u00f3s existe unha comunidade de persoas que compartimos un certo grado de conciencia colectiva artellada arredor dunha lingua, unha historia, uns costumes, unha tradici\u00f3n, unha cultura e un espazo f\u00edsico com\u00fan. \u00c9 o que os te\u00f3ricos do romanticismo alem\u00e1n chamaron \u201cVolksgesist\u201d: a naci\u00f3n independente das distintas conxunturas pol\u00edticas.<\/p>\n\n\n\n<p>A naci\u00f3n galega foi forxada ao longo de centos de anos por xeraci\u00f3ns anteriores \u00e1 nosa que viviron, morreron, sufriron, gozaron, riron, choraron e amaron en Galicia e en galego. A conciencia colectiva de sermos un pobo de seu foi fraguada desde a noite dos tempos e existe na psique colectiva das e dos galegos, incluso no subconsciente dos que renegan dela que tam\u00e9n piden un vi\u00f1o ou un queixo do pa\u00eds.<\/p>\n\n\n\n<p>Cando a un pa\u00eds como o noso os cami\u00f1os da vida o levan a se integrar nun estado que como o espa\u00f1ol se constr\u00fae de maneira asim\u00e9trica, pondo a unha das naci\u00f3ns que o integran por riba das outras, e \u00e9 sometido a unha brutal presi\u00f3n pol\u00edtica, que en ocasi\u00f3ns chegou a superar en quil\u00f3metros de distancia as fronteiras do disparatado ao trataren de vender que en Galicia se imp\u00f3n o idioma galego, pode correr o risco de que desapareza. Pode acontecer que a vontade colectiva de constitu\u00edrmos unha mesma comunidade quede reducida \u00e1 insignificancia. En Galicia a\u00ednda non chegamos a esa fase grazas \u00e1 imparable forza da sociedade civil organizada, grazas a colectivos como Al\u00e9n N\u00f3s de Redondela cuxo traballo, compromiso e lucidez penetra no m\u00e1is profundo da alma de A Nova Peneira e fainos erguer de maneira metaf\u00f3rica a nosa copa para brindarmos por 1.000 primaveras m\u00e1is para Al\u00e9n N\u00f3s.<\/p>\n\n\n\n<p>A asociaci\u00f3n foi fundada en 1996 e foi presidida ata o ano 2000 por Xos\u00e9 Cou\u00f1ago. Nese ano e nos 23 seguintes o seu presidente foi Roberto Jablonki. Na actualidade a directiva da asociaci\u00f3n est\u00e1 presidida por Sonia \u00c1lvarez \u00e1 que acompa\u00f1an na xunta directiva: Andr\u00e9s Cou\u00f1ago,\u00d3scar Benavides, Victor Fuentes , Gonzalo Balo e David Mart\u00ednez.<\/p>\n\n\n\n<p>Os fins da asociaci\u00f3n son:<\/p>\n\n\n\n<p>a) A defensa do patrimonio arqueol\u00f3xico e a arquitectura popular, a s\u00faa divulgaci\u00f3n e colaboraci\u00f3n coas entidades p\u00fablicas e privadas para a s\u00faa conservaci\u00f3n.<\/p>\n\n\n\n<p>b) A promoci\u00f3n da cultura popular rescat\u00e1ndoa do esquecemento e revitalizando aquelas manifestaci\u00f3ns que polo paso do tempo foron esmorecendo pero que a\u00ednda permanecen vivas na memoria das xentes.<\/p>\n\n\n\n<p>c) Edici\u00f3n de publicaci\u00f3ns e folletos de car\u00e1cter divulgativo.<\/p>\n\n\n\n<p>d) Organizaci\u00f3n de exposici\u00f3ns.<\/p>\n\n\n\n<p><strong>e) Divulgaci\u00f3n da m\u00fasica polar galega.<\/strong><\/p>\n\n\n\n<p>f) Propiciar a creaci\u00f3n dun museo etnogr\u00e1fico en Redondela e a reconstruci\u00f3n dos mu\u00ed\u00f1os para dedicalos a exposici\u00f3ns permanentes\u2026<\/p>\n\n\n\n<p>Malia que \u00e1 hora de valorar \u00e1s persoas e circunstancias que se me cruzaron na viaxe da vida eu son seareiro, moi seareiro, de Kant \u201c A moralidade non depende do contido dos actos sen\u00f3n da vontade dos suxeitos axentes\u201d todos temos o noso corazonci\u00f1o e g\u00fastanos que o noso traballo dea resultados. E abof\u00e9 que no traballo de Al\u00e9n N\u00f3s non faltaron os resultados. As\u00ed por exemplo:<\/p>\n\n\n\n<p>-Museo Monte Penide<\/p>\n\n\n\n<p>-Creaci\u00f3n da Festa dos Fachos e Recuperaci\u00f3n do Monte da Peneda<\/p>\n\n\n\n<p><strong>-Creaci\u00f3n do Museo Etnogr\u00e1fico de Redondela.<\/strong><\/p>\n\n\n\n<p>-Salvar da piqueta ao Cemiterio dos Eidos. O alcalde Xaime Rei quer\u00eda trasladalo a Ma\u00f1\u00f3 e no lugar constru\u00edr un parque<\/p>\n\n\n\n<p>-Distintos estudos e traballos sobre a toponimia das comarcas das terras de Redondela.<\/p>\n\n\n\n<p>A incansable forza de vontade de Al\u00e9n N\u00f3s levoulles a insistir en numerosas ocasi\u00f3ns para poder teren unha xuntanza de traballo coa administraci\u00f3n local de Redondela, que semella que se concretar\u00e1 nos pr\u00f3ximos d\u00edas. As preocupaci\u00f3ns de Al\u00e9n N\u00f3s, que pretenden tratar co goberno de Redondela son moitas e moi diversas:<\/p>\n\n\n\n<p>-P\u00f3r en marcha un traballo de toponimia iniciado n 2012 e aparcado polo desleixo dos sucesivos gobernos<\/p>\n\n\n\n<p>-Adaptar os pictogramas dos edificios p\u00fablicos \u00e1 ordenanza municipal, a Lei de Normalizaci\u00f3n e ao propio estatuto de Autonom\u00eda<\/p>\n\n\n\n<p>-Tratar de recuperar a web de Monte Penide Prehist\u00f3tico<\/p>\n\n\n\n<p>-A posibilidade de que o Concello edite para a s\u00faa difusi\u00f3n a partitura musical \u201c A REBORAINA\u201d<\/p>\n\n\n\n<p>-A reposici\u00f3n da placa instalada polo Concello no ano 1987 na fachada da Capela de San Sim\u00f3n \u201c A Mendinho poeta do amor&#8230;&#8230;&#8230;.\u201d que seica est\u00e1 na actualidade na sancrist\u00eda da capela<\/p>\n\n\n\n<p>-O coidado e conservaci\u00f3n do cemiterio dos Eidos<\/p>\n\n\n\n<p>-Ser informados do estado da construci\u00f3n do Museo de Historia e Etnograf\u00eda de Redondela<\/p>\n\n\n\n<p>-Tratar de que o Concello se implique coas comisi\u00f3ns de festas co prop\u00f3sito de promover a posta en valor da nosa cultura e dos nosos sinais de identidade en cada celebraci\u00f3n parroquial.<\/p>\n\n\n\n<p>E as\u00ed, como a viaxe de Ulises a \u00cdtaca , enfront\u00e1ndose a continuos obst\u00e1culos e pedras no cami\u00f1o, \u00e9 o eterno cami\u00f1ar de Al\u00e9n N\u00f3s e de todas as persoas e colectivos que amamos ao pa\u00eds galego: unha viaxe na que a meta \u00e9 que a conciencia colectiva de sermos un pa\u00eds de seu poida seguir vivindo miles de anos m\u00e1is nas futuras xeraci\u00f3ns do noso pobo: o pobo galego.<\/p>\n","protected":false},"excerpt":{"rendered":"<div class=\"mh-excerpt\"><p>Al\u00e9n \u00e9 unha fermosa palabra que pode ser empregada tanto con funci\u00f3n de adverbio como de preposici\u00f3n. Nos dous casos ten un significado parecido que non todo o mundo ten capacidade para poder facer efectivo, xa que non todos os seres humanos pos\u00faen a capacidade para ver al\u00e9n , para ollar m\u00e1is al\u00e1 das caracter\u00edsticas ou circunstancias persoais <a class=\"mh-excerpt-more\" href=\"https:\/\/www.anovapeneira.gal\/index.php\/2024\/01\/11\/a-asociacion-alen-nos-de-redondela-28-anos-tecendo-pais\/\" title=\"A asociaci\u00f3n Al\u00e9n N\u00f3s de Redondela: 28 anos tecendo pa\u00eds\">[&#8230;]<\/a><\/p>\n<\/div>","protected":false},"author":2,"featured_media":11050,"comment_status":"open","ping_status":"open","sticky":false,"template":"","format":"standard","meta":{"_exactmetrics_skip_tracking":false,"_exactmetrics_sitenote_active":false,"_exactmetrics_sitenote_note":"","_exactmetrics_sitenote_category":0,"footnotes":""},"categories":[24],"tags":[171],"class_list":{"0":"post-11047","1":"post","2":"type-post","3":"status-publish","4":"format-standard","5":"has-post-thumbnail","7":"category-redondela","8":"tag-concello-de-redondela"},"yoast_head":"<!-- This site is optimized with the Yoast SEO plugin v27.4 - https:\/\/yoast.com\/product\/yoast-seo-wordpress\/ -->\n<title>A asociaci\u00f3n Al\u00e9n N\u00f3s de Redondela: 28 anos tecendo pa\u00eds -<\/title>\n<meta name=\"description\" content=\"Al\u00e9n \u00e9 unha fermosa palabra que pode ser empregada tanto con funci\u00f3n de adverbio como de preposici\u00f3n. Nos dous casos ten un significado parecido que non todo o mundo ten capacidade para poder facer efectivo, xa que non todos os seres humanos pos\u00faen a capacidade para ver al\u00e9n , para ollar m\u00e1is al\u00e1 das caracter\u00edsticas ou circunstancias persoais\" \/>\n<meta name=\"robots\" content=\"index, follow, max-snippet:-1, max-image-preview:large, max-video-preview:-1\" \/>\n<link rel=\"canonical\" href=\"https:\/\/www.anovapeneira.gal\/index.php\/2024\/01\/11\/a-asociacion-alen-nos-de-redondela-28-anos-tecendo-pais\/\" \/>\n<meta property=\"og:locale\" content=\"gl_ES\" \/>\n<meta property=\"og:type\" content=\"article\" \/>\n<meta property=\"og:title\" content=\"A asociaci\u00f3n Al\u00e9n N\u00f3s de Redondela: 28 anos tecendo pa\u00eds -\" \/>\n<meta property=\"og:description\" content=\"Al\u00e9n \u00e9 unha fermosa palabra que pode ser empregada tanto con funci\u00f3n de adverbio como de preposici\u00f3n. Nos dous casos ten un significado parecido que non todo o mundo ten capacidade para poder facer efectivo, xa que non todos os seres humanos pos\u00faen a capacidade para ver al\u00e9n , para ollar m\u00e1is al\u00e1 das caracter\u00edsticas ou circunstancias persoais\" \/>\n<meta property=\"og:url\" content=\"https:\/\/www.anovapeneira.gal\/index.php\/2024\/01\/11\/a-asociacion-alen-nos-de-redondela-28-anos-tecendo-pais\/\" \/>\n<meta property=\"article:publisher\" content=\"https:\/\/www.facebook.com\/anovapeneira\" \/>\n<meta property=\"article:published_time\" content=\"2024-01-11T09:00:02+00:00\" \/>\n<meta property=\"og:image\" content=\"https:\/\/www.anovapeneira.gal\/wp-content\/uploads\/2024\/01\/alen_nos.jpg\" \/>\n\t<meta property=\"og:image:width\" content=\"720\" \/>\n\t<meta property=\"og:image:height\" content=\"432\" \/>\n\t<meta property=\"og:image:type\" content=\"image\/jpeg\" \/>\n<meta name=\"author\" content=\"Tino Lago\" \/>\n<meta name=\"twitter:card\" content=\"summary_large_image\" \/>\n<meta name=\"twitter:creator\" content=\"@APeneira\" \/>\n<meta name=\"twitter:site\" content=\"@APeneira\" \/>\n<meta name=\"twitter:label1\" content=\"Escrito por\" \/>\n\t<meta name=\"twitter:data1\" content=\"Tino Lago\" \/>\n\t<meta name=\"twitter:label2\" content=\"Tempo de lectura\" \/>\n\t<meta name=\"twitter:data2\" content=\"6 minutos\" \/>\n<script type=\"application\/ld+json\" class=\"yoast-schema-graph\">{\"@context\":\"https:\\\/\\\/schema.org\",\"@graph\":[{\"@type\":\"Article\",\"@id\":\"https:\\\/\\\/www.anovapeneira.gal\\\/index.php\\\/2024\\\/01\\\/11\\\/a-asociacion-alen-nos-de-redondela-28-anos-tecendo-pais\\\/#article\",\"isPartOf\":{\"@id\":\"https:\\\/\\\/www.anovapeneira.gal\\\/index.php\\\/2024\\\/01\\\/11\\\/a-asociacion-alen-nos-de-redondela-28-anos-tecendo-pais\\\/\"},\"author\":{\"name\":\"Tino Lago\",\"@id\":\"https:\\\/\\\/www.anovapeneira.gal\\\/#\\\/schema\\\/person\\\/424dfe65e3070fd8a44d22d2c088762a\"},\"headline\":\"A asociaci\u00f3n Al\u00e9n N\u00f3s de Redondela: 28 anos tecendo pa\u00eds\",\"datePublished\":\"2024-01-11T09:00:02+00:00\",\"mainEntityOfPage\":{\"@id\":\"https:\\\/\\\/www.anovapeneira.gal\\\/index.php\\\/2024\\\/01\\\/11\\\/a-asociacion-alen-nos-de-redondela-28-anos-tecendo-pais\\\/\"},\"wordCount\":1038,\"commentCount\":0,\"publisher\":{\"@id\":\"https:\\\/\\\/www.anovapeneira.gal\\\/#organization\"},\"image\":{\"@id\":\"https:\\\/\\\/www.anovapeneira.gal\\\/index.php\\\/2024\\\/01\\\/11\\\/a-asociacion-alen-nos-de-redondela-28-anos-tecendo-pais\\\/#primaryimage\"},\"thumbnailUrl\":\"https:\\\/\\\/www.anovapeneira.gal\\\/wp-content\\\/uploads\\\/2024\\\/01\\\/alen_nos.jpg\",\"keywords\":[\"Concello de Redondela\"],\"articleSection\":[\"Redondela\"],\"inLanguage\":\"gl-ES\",\"potentialAction\":[{\"@type\":\"CommentAction\",\"name\":\"Comment\",\"target\":[\"https:\\\/\\\/www.anovapeneira.gal\\\/index.php\\\/2024\\\/01\\\/11\\\/a-asociacion-alen-nos-de-redondela-28-anos-tecendo-pais\\\/#respond\"]}]},{\"@type\":\"WebPage\",\"@id\":\"https:\\\/\\\/www.anovapeneira.gal\\\/index.php\\\/2024\\\/01\\\/11\\\/a-asociacion-alen-nos-de-redondela-28-anos-tecendo-pais\\\/\",\"url\":\"https:\\\/\\\/www.anovapeneira.gal\\\/index.php\\\/2024\\\/01\\\/11\\\/a-asociacion-alen-nos-de-redondela-28-anos-tecendo-pais\\\/\",\"name\":\"A asociaci\u00f3n Al\u00e9n N\u00f3s de Redondela: 28 anos tecendo pa\u00eds -\",\"isPartOf\":{\"@id\":\"https:\\\/\\\/www.anovapeneira.gal\\\/#website\"},\"primaryImageOfPage\":{\"@id\":\"https:\\\/\\\/www.anovapeneira.gal\\\/index.php\\\/2024\\\/01\\\/11\\\/a-asociacion-alen-nos-de-redondela-28-anos-tecendo-pais\\\/#primaryimage\"},\"image\":{\"@id\":\"https:\\\/\\\/www.anovapeneira.gal\\\/index.php\\\/2024\\\/01\\\/11\\\/a-asociacion-alen-nos-de-redondela-28-anos-tecendo-pais\\\/#primaryimage\"},\"thumbnailUrl\":\"https:\\\/\\\/www.anovapeneira.gal\\\/wp-content\\\/uploads\\\/2024\\\/01\\\/alen_nos.jpg\",\"datePublished\":\"2024-01-11T09:00:02+00:00\",\"description\":\"Al\u00e9n \u00e9 unha fermosa palabra que pode ser empregada tanto con funci\u00f3n de adverbio como de preposici\u00f3n. Nos dous casos ten un significado parecido que non todo o mundo ten capacidade para poder facer efectivo, xa que non todos os seres humanos pos\u00faen a capacidade para ver al\u00e9n , para ollar m\u00e1is al\u00e1 das caracter\u00edsticas ou circunstancias persoais\",\"breadcrumb\":{\"@id\":\"https:\\\/\\\/www.anovapeneira.gal\\\/index.php\\\/2024\\\/01\\\/11\\\/a-asociacion-alen-nos-de-redondela-28-anos-tecendo-pais\\\/#breadcrumb\"},\"inLanguage\":\"gl-ES\",\"potentialAction\":[{\"@type\":\"ReadAction\",\"target\":[\"https:\\\/\\\/www.anovapeneira.gal\\\/index.php\\\/2024\\\/01\\\/11\\\/a-asociacion-alen-nos-de-redondela-28-anos-tecendo-pais\\\/\"]}]},{\"@type\":\"ImageObject\",\"inLanguage\":\"gl-ES\",\"@id\":\"https:\\\/\\\/www.anovapeneira.gal\\\/index.php\\\/2024\\\/01\\\/11\\\/a-asociacion-alen-nos-de-redondela-28-anos-tecendo-pais\\\/#primaryimage\",\"url\":\"https:\\\/\\\/www.anovapeneira.gal\\\/wp-content\\\/uploads\\\/2024\\\/01\\\/alen_nos.jpg\",\"contentUrl\":\"https:\\\/\\\/www.anovapeneira.gal\\\/wp-content\\\/uploads\\\/2024\\\/01\\\/alen_nos.jpg\",\"width\":720,\"height\":432,\"caption\":\"asociaci\u00f3n Al\u00e9n N\u00f3s de Redondela\"},{\"@type\":\"BreadcrumbList\",\"@id\":\"https:\\\/\\\/www.anovapeneira.gal\\\/index.php\\\/2024\\\/01\\\/11\\\/a-asociacion-alen-nos-de-redondela-28-anos-tecendo-pais\\\/#breadcrumb\",\"itemListElement\":[{\"@type\":\"ListItem\",\"position\":1,\"name\":\"Portada\",\"item\":\"https:\\\/\\\/www.anovapeneira.gal\\\/\"},{\"@type\":\"ListItem\",\"position\":2,\"name\":\"A asociaci\u00f3n Al\u00e9n N\u00f3s de Redondela: 28 anos tecendo pa\u00eds\"}]},{\"@type\":\"WebSite\",\"@id\":\"https:\\\/\\\/www.anovapeneira.gal\\\/#website\",\"url\":\"https:\\\/\\\/www.anovapeneira.gal\\\/\",\"name\":\"\",\"description\":\"Xornal galego de informaci\u00f3n xeral Publicaci\u00f3n mensual de novas de Galicia e en especial dos Concellos da sur da provincia de Pontevedra.\",\"publisher\":{\"@id\":\"https:\\\/\\\/www.anovapeneira.gal\\\/#organization\"},\"potentialAction\":[{\"@type\":\"SearchAction\",\"target\":{\"@type\":\"EntryPoint\",\"urlTemplate\":\"https:\\\/\\\/www.anovapeneira.gal\\\/?s={search_term_string}\"},\"query-input\":{\"@type\":\"PropertyValueSpecification\",\"valueRequired\":true,\"valueName\":\"search_term_string\"}}],\"inLanguage\":\"gl-ES\"},{\"@type\":\"Organization\",\"@id\":\"https:\\\/\\\/www.anovapeneira.gal\\\/#organization\",\"name\":\"A Nova Peneira\",\"url\":\"https:\\\/\\\/www.anovapeneira.gal\\\/\",\"logo\":{\"@type\":\"ImageObject\",\"inLanguage\":\"gl-ES\",\"@id\":\"https:\\\/\\\/www.anovapeneira.gal\\\/#\\\/schema\\\/logo\\\/image\\\/\",\"url\":\"http:\\\/\\\/www.anovapeneira.gal\\\/wp-content\\\/uploads\\\/2019\\\/06\\\/logo_a_nova_peneira_portal_web.png\",\"contentUrl\":\"http:\\\/\\\/www.anovapeneira.gal\\\/wp-content\\\/uploads\\\/2019\\\/06\\\/logo_a_nova_peneira_portal_web.png\",\"width\":300,\"height\":100,\"caption\":\"A Nova Peneira\"},\"image\":{\"@id\":\"https:\\\/\\\/www.anovapeneira.gal\\\/#\\\/schema\\\/logo\\\/image\\\/\"},\"sameAs\":[\"https:\\\/\\\/www.facebook.com\\\/anovapeneira\",\"https:\\\/\\\/x.com\\\/APeneira\"]},{\"@type\":\"Person\",\"@id\":\"https:\\\/\\\/www.anovapeneira.gal\\\/#\\\/schema\\\/person\\\/424dfe65e3070fd8a44d22d2c088762a\",\"name\":\"Tino Lago\",\"image\":{\"@type\":\"ImageObject\",\"inLanguage\":\"gl-ES\",\"@id\":\"https:\\\/\\\/secure.gravatar.com\\\/avatar\\\/b3df6a06e44bab3111583b90f0f33a0379ee5e3d22cbadd232d39f21c30c62be?s=96&d=mm&r=g\",\"url\":\"https:\\\/\\\/secure.gravatar.com\\\/avatar\\\/b3df6a06e44bab3111583b90f0f33a0379ee5e3d22cbadd232d39f21c30c62be?s=96&d=mm&r=g\",\"contentUrl\":\"https:\\\/\\\/secure.gravatar.com\\\/avatar\\\/b3df6a06e44bab3111583b90f0f33a0379ee5e3d22cbadd232d39f21c30c62be?s=96&d=mm&r=g\",\"caption\":\"Tino Lago\"},\"sameAs\":[\"http:\\\/\\\/www.anovapeneira.gal\"],\"url\":\"https:\\\/\\\/www.anovapeneira.gal\\\/index.php\\\/author\\\/director\\\/\"}]}<\/script>\n<!-- \/ Yoast SEO plugin. -->","yoast_head_json":{"title":"A asociaci\u00f3n Al\u00e9n N\u00f3s de Redondela: 28 anos tecendo pa\u00eds -","description":"Al\u00e9n \u00e9 unha fermosa palabra que pode ser empregada tanto con funci\u00f3n de adverbio como de preposici\u00f3n. Nos dous casos ten un significado parecido que non todo o mundo ten capacidade para poder facer efectivo, xa que non todos os seres humanos pos\u00faen a capacidade para ver al\u00e9n , para ollar m\u00e1is al\u00e1 das caracter\u00edsticas ou circunstancias persoais","robots":{"index":"index","follow":"follow","max-snippet":"max-snippet:-1","max-image-preview":"max-image-preview:large","max-video-preview":"max-video-preview:-1"},"canonical":"https:\/\/www.anovapeneira.gal\/index.php\/2024\/01\/11\/a-asociacion-alen-nos-de-redondela-28-anos-tecendo-pais\/","og_locale":"gl_ES","og_type":"article","og_title":"A asociaci\u00f3n Al\u00e9n N\u00f3s de Redondela: 28 anos tecendo pa\u00eds -","og_description":"Al\u00e9n \u00e9 unha fermosa palabra que pode ser empregada tanto con funci\u00f3n de adverbio como de preposici\u00f3n. Nos dous casos ten un significado parecido que non todo o mundo ten capacidade para poder facer efectivo, xa que non todos os seres humanos pos\u00faen a capacidade para ver al\u00e9n , para ollar m\u00e1is al\u00e1 das caracter\u00edsticas ou circunstancias persoais","og_url":"https:\/\/www.anovapeneira.gal\/index.php\/2024\/01\/11\/a-asociacion-alen-nos-de-redondela-28-anos-tecendo-pais\/","article_publisher":"https:\/\/www.facebook.com\/anovapeneira","article_published_time":"2024-01-11T09:00:02+00:00","og_image":[{"width":720,"height":432,"url":"https:\/\/www.anovapeneira.gal\/wp-content\/uploads\/2024\/01\/alen_nos.jpg","type":"image\/jpeg"}],"author":"Tino Lago","twitter_card":"summary_large_image","twitter_creator":"@APeneira","twitter_site":"@APeneira","twitter_misc":{"Escrito por":"Tino Lago","Tempo de lectura":"6 minutos"},"schema":{"@context":"https:\/\/schema.org","@graph":[{"@type":"Article","@id":"https:\/\/www.anovapeneira.gal\/index.php\/2024\/01\/11\/a-asociacion-alen-nos-de-redondela-28-anos-tecendo-pais\/#article","isPartOf":{"@id":"https:\/\/www.anovapeneira.gal\/index.php\/2024\/01\/11\/a-asociacion-alen-nos-de-redondela-28-anos-tecendo-pais\/"},"author":{"name":"Tino Lago","@id":"https:\/\/www.anovapeneira.gal\/#\/schema\/person\/424dfe65e3070fd8a44d22d2c088762a"},"headline":"A asociaci\u00f3n Al\u00e9n N\u00f3s de Redondela: 28 anos tecendo pa\u00eds","datePublished":"2024-01-11T09:00:02+00:00","mainEntityOfPage":{"@id":"https:\/\/www.anovapeneira.gal\/index.php\/2024\/01\/11\/a-asociacion-alen-nos-de-redondela-28-anos-tecendo-pais\/"},"wordCount":1038,"commentCount":0,"publisher":{"@id":"https:\/\/www.anovapeneira.gal\/#organization"},"image":{"@id":"https:\/\/www.anovapeneira.gal\/index.php\/2024\/01\/11\/a-asociacion-alen-nos-de-redondela-28-anos-tecendo-pais\/#primaryimage"},"thumbnailUrl":"https:\/\/www.anovapeneira.gal\/wp-content\/uploads\/2024\/01\/alen_nos.jpg","keywords":["Concello de Redondela"],"articleSection":["Redondela"],"inLanguage":"gl-ES","potentialAction":[{"@type":"CommentAction","name":"Comment","target":["https:\/\/www.anovapeneira.gal\/index.php\/2024\/01\/11\/a-asociacion-alen-nos-de-redondela-28-anos-tecendo-pais\/#respond"]}]},{"@type":"WebPage","@id":"https:\/\/www.anovapeneira.gal\/index.php\/2024\/01\/11\/a-asociacion-alen-nos-de-redondela-28-anos-tecendo-pais\/","url":"https:\/\/www.anovapeneira.gal\/index.php\/2024\/01\/11\/a-asociacion-alen-nos-de-redondela-28-anos-tecendo-pais\/","name":"A asociaci\u00f3n Al\u00e9n N\u00f3s de Redondela: 28 anos tecendo pa\u00eds -","isPartOf":{"@id":"https:\/\/www.anovapeneira.gal\/#website"},"primaryImageOfPage":{"@id":"https:\/\/www.anovapeneira.gal\/index.php\/2024\/01\/11\/a-asociacion-alen-nos-de-redondela-28-anos-tecendo-pais\/#primaryimage"},"image":{"@id":"https:\/\/www.anovapeneira.gal\/index.php\/2024\/01\/11\/a-asociacion-alen-nos-de-redondela-28-anos-tecendo-pais\/#primaryimage"},"thumbnailUrl":"https:\/\/www.anovapeneira.gal\/wp-content\/uploads\/2024\/01\/alen_nos.jpg","datePublished":"2024-01-11T09:00:02+00:00","description":"Al\u00e9n \u00e9 unha fermosa palabra que pode ser empregada tanto con funci\u00f3n de adverbio como de preposici\u00f3n. Nos dous casos ten un significado parecido que non todo o mundo ten capacidade para poder facer efectivo, xa que non todos os seres humanos pos\u00faen a capacidade para ver al\u00e9n , para ollar m\u00e1is al\u00e1 das caracter\u00edsticas ou circunstancias persoais","breadcrumb":{"@id":"https:\/\/www.anovapeneira.gal\/index.php\/2024\/01\/11\/a-asociacion-alen-nos-de-redondela-28-anos-tecendo-pais\/#breadcrumb"},"inLanguage":"gl-ES","potentialAction":[{"@type":"ReadAction","target":["https:\/\/www.anovapeneira.gal\/index.php\/2024\/01\/11\/a-asociacion-alen-nos-de-redondela-28-anos-tecendo-pais\/"]}]},{"@type":"ImageObject","inLanguage":"gl-ES","@id":"https:\/\/www.anovapeneira.gal\/index.php\/2024\/01\/11\/a-asociacion-alen-nos-de-redondela-28-anos-tecendo-pais\/#primaryimage","url":"https:\/\/www.anovapeneira.gal\/wp-content\/uploads\/2024\/01\/alen_nos.jpg","contentUrl":"https:\/\/www.anovapeneira.gal\/wp-content\/uploads\/2024\/01\/alen_nos.jpg","width":720,"height":432,"caption":"asociaci\u00f3n Al\u00e9n N\u00f3s de Redondela"},{"@type":"BreadcrumbList","@id":"https:\/\/www.anovapeneira.gal\/index.php\/2024\/01\/11\/a-asociacion-alen-nos-de-redondela-28-anos-tecendo-pais\/#breadcrumb","itemListElement":[{"@type":"ListItem","position":1,"name":"Portada","item":"https:\/\/www.anovapeneira.gal\/"},{"@type":"ListItem","position":2,"name":"A asociaci\u00f3n Al\u00e9n N\u00f3s de Redondela: 28 anos tecendo pa\u00eds"}]},{"@type":"WebSite","@id":"https:\/\/www.anovapeneira.gal\/#website","url":"https:\/\/www.anovapeneira.gal\/","name":"","description":"Xornal galego de informaci\u00f3n xeral Publicaci\u00f3n mensual de novas de Galicia e en especial dos Concellos da sur da provincia de Pontevedra.","publisher":{"@id":"https:\/\/www.anovapeneira.gal\/#organization"},"potentialAction":[{"@type":"SearchAction","target":{"@type":"EntryPoint","urlTemplate":"https:\/\/www.anovapeneira.gal\/?s={search_term_string}"},"query-input":{"@type":"PropertyValueSpecification","valueRequired":true,"valueName":"search_term_string"}}],"inLanguage":"gl-ES"},{"@type":"Organization","@id":"https:\/\/www.anovapeneira.gal\/#organization","name":"A Nova Peneira","url":"https:\/\/www.anovapeneira.gal\/","logo":{"@type":"ImageObject","inLanguage":"gl-ES","@id":"https:\/\/www.anovapeneira.gal\/#\/schema\/logo\/image\/","url":"http:\/\/www.anovapeneira.gal\/wp-content\/uploads\/2019\/06\/logo_a_nova_peneira_portal_web.png","contentUrl":"http:\/\/www.anovapeneira.gal\/wp-content\/uploads\/2019\/06\/logo_a_nova_peneira_portal_web.png","width":300,"height":100,"caption":"A Nova Peneira"},"image":{"@id":"https:\/\/www.anovapeneira.gal\/#\/schema\/logo\/image\/"},"sameAs":["https:\/\/www.facebook.com\/anovapeneira","https:\/\/x.com\/APeneira"]},{"@type":"Person","@id":"https:\/\/www.anovapeneira.gal\/#\/schema\/person\/424dfe65e3070fd8a44d22d2c088762a","name":"Tino Lago","image":{"@type":"ImageObject","inLanguage":"gl-ES","@id":"https:\/\/secure.gravatar.com\/avatar\/b3df6a06e44bab3111583b90f0f33a0379ee5e3d22cbadd232d39f21c30c62be?s=96&d=mm&r=g","url":"https:\/\/secure.gravatar.com\/avatar\/b3df6a06e44bab3111583b90f0f33a0379ee5e3d22cbadd232d39f21c30c62be?s=96&d=mm&r=g","contentUrl":"https:\/\/secure.gravatar.com\/avatar\/b3df6a06e44bab3111583b90f0f33a0379ee5e3d22cbadd232d39f21c30c62be?s=96&d=mm&r=g","caption":"Tino Lago"},"sameAs":["http:\/\/www.anovapeneira.gal"],"url":"https:\/\/www.anovapeneira.gal\/index.php\/author\/director\/"}]}},"jetpack_featured_media_url":"https:\/\/www.anovapeneira.gal\/wp-content\/uploads\/2024\/01\/alen_nos.jpg","_links":{"self":[{"href":"https:\/\/www.anovapeneira.gal\/index.php\/wp-json\/wp\/v2\/posts\/11047","targetHints":{"allow":["GET"]}}],"collection":[{"href":"https:\/\/www.anovapeneira.gal\/index.php\/wp-json\/wp\/v2\/posts"}],"about":[{"href":"https:\/\/www.anovapeneira.gal\/index.php\/wp-json\/wp\/v2\/types\/post"}],"author":[{"embeddable":true,"href":"https:\/\/www.anovapeneira.gal\/index.php\/wp-json\/wp\/v2\/users\/2"}],"replies":[{"embeddable":true,"href":"https:\/\/www.anovapeneira.gal\/index.php\/wp-json\/wp\/v2\/comments?post=11047"}],"version-history":[{"count":2,"href":"https:\/\/www.anovapeneira.gal\/index.php\/wp-json\/wp\/v2\/posts\/11047\/revisions"}],"predecessor-version":[{"id":11049,"href":"https:\/\/www.anovapeneira.gal\/index.php\/wp-json\/wp\/v2\/posts\/11047\/revisions\/11049"}],"wp:featuredmedia":[{"embeddable":true,"href":"https:\/\/www.anovapeneira.gal\/index.php\/wp-json\/wp\/v2\/media\/11050"}],"wp:attachment":[{"href":"https:\/\/www.anovapeneira.gal\/index.php\/wp-json\/wp\/v2\/media?parent=11047"}],"wp:term":[{"taxonomy":"category","embeddable":true,"href":"https:\/\/www.anovapeneira.gal\/index.php\/wp-json\/wp\/v2\/categories?post=11047"},{"taxonomy":"post_tag","embeddable":true,"href":"https:\/\/www.anovapeneira.gal\/index.php\/wp-json\/wp\/v2\/tags?post=11047"}],"curies":[{"name":"wp","href":"https:\/\/api.w.org\/{rel}","templated":true}]}}