{"id":11051,"date":"2024-01-11T12:00:03","date_gmt":"2024-01-11T11:00:03","guid":{"rendered":"https:\/\/www.anovapeneira.gal\/?p=11051"},"modified":"2024-01-10T13:49:21","modified_gmt":"2024-01-10T12:49:21","slug":"ponton-a-escolla-e-entre-un-rueda-que-deixa-unha-galiza-mais-pequena-ou-unha-presidenta-capaz-de-poner-en-marcha-unha-galiza-en-grande","status":"publish","type":"post","link":"https:\/\/www.anovapeneira.gal\/index.php\/2024\/01\/11\/ponton-a-escolla-e-entre-un-rueda-que-deixa-unha-galiza-mais-pequena-ou-unha-presidenta-capaz-de-poner-en-marcha-unha-galiza-en-grande\/","title":{"rendered":"Pont\u00f3n: \u201cA escolla \u00e9 entre un Rueda que deixa unha Galiza m\u00e1is pequena ou unha presidenta capaz de po\u00f1er en marcha unha Galiza en grande\u201d"},"content":{"rendered":"\n<h2 class=\"wp-block-heading\"><strong>Denuncia que a cat\u00e1strofe dos <\/strong><em><strong>pellets<\/strong><\/em><strong> de pl\u00e1stico \u00e9 unha nova \u201cmarea da mentira e da incompetencia do PP que hai que derrotar nas urnas\u201d<\/strong><\/h2>\n\n\n\n<h3 class=\"wp-block-heading\"><strong>O BNG arranca a campa\u00f1a electoral cara o 18 de febreiro en Rianxo nun gran acto de homenaxe a Castelao<\/strong><\/h3>\n\n\n\n<p><strong>Santiago de Compostela, 7 de xaneiro 2024.<\/strong><\/p>\n\n\n\n<p>A homenaxe a Castelao no aniversario do seu pasamento co que tradicionalmente o BNG abre o curso pol\u00edtico, converteuse nesta ocasi\u00f3n nun gran acto de arranque de campa\u00f1a cara a cita electoral do 18F, porque \u201cnin estamos ante un inicio de curso m\u00e1is, nin estas son unhas elecci\u00f3ns m\u00e1is\u201d, salientou na s\u00faa intervenci\u00f3n a portavoz nacional e candidata \u00e1 Presidencia, Ana Pont\u00f3n.<\/p>\n\n\n\n<p>Ao contrario, subli\u00f1ou, estas son as primeiras elecci\u00f3ns en catorce anos \u201ccuxo final non est\u00e1 escrito de antem\u00e1n\u201d, sen\u00f3n que a escolla \u00e9 entre d\u00faas alternativas: \u201cUn goberno do PP co candidato Rueda como presidente, que nos deixa unha Galiza m\u00e1is pequena; ou un goberno liderado polo BNG, cunha presidenta preparada para po\u00f1er en marcha unha Galiza en grande\u201d.<\/p>\n\n\n\n<p>Pont\u00f3n pediu \u00e1 militancia \u201cser unha soa voz coa que chegar a cada recuncho do Pa\u00eds\u201d para explicar que \u00e9 posible superar un goberno \u201cincompetente\u201d que deixa un Pa\u00eds peor do que encontrou.<\/p>\n\n\n\n<p>A xesti\u00f3n da cat\u00e1strofe dos pellets de pl\u00e1stico e unha mostra desa incompetencia do PP, \u201cque tanto nos recorda ao xa pasamos con outras mareas negras neste Pa\u00eds, un Goberno galego e un Goberno central deixando soa \u00e1 xente do mar que est\u00e1 indo \u00e1s praias a limpar, hoxe mesmo, e deixando s\u00f3 aos concellos que non te\u00f1en medios nin recursos e por riba manipulando \u00e1 opini\u00f3n p\u00fablica\u201d, denunciou Pont\u00f3n.<\/p>\n\n\n\n<p>Neste sentido, a l\u00edder do Bloque destacou que non estamos s\u00f3 ante unha marea de pl\u00e1stico, sen\u00f3n ante \u201cunha nova marea da mentira e da ocultaci\u00f3n do PP que temos que derrotar nas urnas, derrotar nas urnas a mentira e a incompetencia\u201d, subli\u00f1ou desde Rianxo.<\/p>\n\n\n\n<p>Pont\u00f3n apelou a po\u00f1er en marcha un cambio liderado polo Bloque para converter as ideas en feitos. \u201cFronte a un PP esgotado e sen ideas, falamos dun pa\u00eds produtivo que cun goberno do BNG rexenerar\u00e1 as r\u00edas; falamos de m\u00e1is calidade de vida, e para iso poremos en marcha nos cen primeiros d\u00edas do meu goberno un plan de choque en atenci\u00f3n primaria ou falamos de po\u00f1er a enerx\u00eda ao servizo do Pa\u00eds\u201d, salientou.<\/p>\n\n\n\n<p>Fronte a un Rueda \u201csubmiso\u201d a Madrid, que convoca as elecci\u00f3ns cando lle manda Feij\u00f3o, contrapuxo unha presidenta do BNG que s\u00f3 vai defender os intereses dos galegos e das galegas, herdeiro dun Castelao que hoxe estar\u00eda nas r\u00faas en defensa da sanidade p\u00fablica; escandalizado vendo como se autorizan vertidos contaminantes nas r\u00edas e que nas s\u00faas estampas denunciar\u00edan o abandono do rural, a emigraci\u00f3n da xente moza, ou o espolio e\u00f3lico.<\/p>\n\n\n\n<p>Un Castelao que tam\u00e9n tivo que loitar contra os predicadores do non, \u201cvoces interesadas en dicir que o cambio non \u00e9 posible, que non toca, pero imos demostrarlles que se equivocan, que pasou o tempo do inmobilismo, da resignaci\u00f3n e do pesimismo porque o cambio galego est\u00e1 aqu\u00ed e \u00e9 agora\u201d, proclamou Pont\u00f3n.<\/p>\n\n\n\n<p>En todo caso, a candidata nacionalista, lonxe de dar nada por feito, pediu mobilizarse e instou \u00e1 militancia a falar \u201ccoa man tendida\u201d a esa maior\u00eda social que quere cambio e que ve no BNG \u201ca s\u00faa alternativa, o seu referente para ga\u00f1ar un Pa\u00eds mellor\u201d, pasando a p\u00e1xina dun PP que nos deixa unha Galiza que perde, tam\u00e9n en autogoberno tras o r\u00e9cord hist\u00f3rico de cero novas competencias en catorce anos.<\/p>\n\n\n\n<p>\u201cEstamos ante o PP do non ao autogoberno, que vota en contra at\u00e9 de que se cumpra o actual Estatuto, e a\u00ednda te\u00f1en a cara dura de botarlle a culpa ao BNG de non ter m\u00e1is transferencias, como fan coa AP-9\u201d, denunciou, transferencia que sigue no caix\u00f3n polo boicot do PP coa \u201cinestimable\u201d axuda do PSOE pese \u00e1 petici\u00f3n un\u00e1nime do Parlamento, alegou. \u201cParafraseando a Castelao, a\u00ed temos aos dous de sempre, facendo o de sempre: votar unha cousa aqu\u00ed e facer a contraria en Madrid\u201d, ironizou.<\/p>\n\n\n\n<p><em><strong>A mesma altura que Euskadi e Catalunya<\/strong><\/em><\/p>\n\n\n\n<p>O goberno que aspira a liderar, explicou, reclamar\u00e1 todas as competencias pendentes e traballar\u00e1 nun gran acordo de pa\u00eds por un novo status pol\u00edtico de naci\u00f3n, que significar\u00e1 m\u00e1is ferramentas para mellorar a vida da xente. \u201cSe son Presidenta, Galiza estar\u00e1 a mesma altura que Catalu\u00f1a e Euskadi, ni un mil\u00edmetro por detr\u00e1s, porque non somos m\u00e1is pero tampouco menos que ningu\u00e9n\u201d, indicou.<\/p>\n\n\n\n<p>Para conseguir o cambio galego, a clave est\u00e1 na mobilizaci\u00f3n recalcou, e avanzou unha campa\u00f1a en positivo, de ideas, de propostas, po\u00f1endo no centro os temas que realmente preocupan \u00e1s persoas, \u201cporque o 18 de febreiro non vai de Feij\u00f3o, nin de S\u00e1nchez, por moito que se crean o centro do mundo, vai de Galiza\u201d.<\/p>\n\n\n\n<p><em><strong>Pasado e retroceso Vs. futuro e ilusi\u00f3n<\/strong><\/em><\/p>\n\n\n\n<p>\u201cO 18F decidimos si queremos ser o pa\u00eds dos 18 anos dunha TVG manipulada e secuestrada polo t\u00e1ndem Feijoo\/Rueda; dos 18 anos de crise demogr\u00e1fica e emigraci\u00f3n da xente nova; decidimos si queremos ser o pa\u00eds dos 18 anos dunha sanidade p\u00fablica en retroceso, dos 18 anos do espolio da nosa enerx\u00eda e das portas xiratorias; dos 18 anos de maltrato \u00e1 nosa lingua. En definitiva, o 18F decidimos si queremos o pasado e o retroceso que representa o PP, ou si queremos un futuro con ilusi\u00f3n e esperanza da man do BNG\u201d, destacou.<\/p>\n\n\n\n<p><em><strong>Gobernemos n\u00f3s a nosa terra<\/strong><\/em><\/p>\n\n\n\n<p>Pont\u00f3n presentase como a candidata de todas as persoas que queren unha Galiza mellor, votaran o que votasen noutras elecci\u00f3ns, porque hai moitas maneiras de sentirse galego e galega e todas son necesarias para abrir un tempo novo.<\/p>\n\n\n\n<p>\u201cTe\u00f1o a certeza de que temos ao alcance da nosa man facer historia, de que imos liderar o goberno do cambio porque somos unha forza humilde pero digna, porque somos unha forza de fiar, que non lle vai fallar nin a Galiza nin a s\u00faa xente\u201d, recalcou, ao tempo que ped\u00eda \u00e1 militancia renovar esforzos para facer realidade o so\u00f1o que proclamaba Castelao, o de \u201cgobernemos n\u00f3s a nosa terra\u201d a partir do 18F facendo historia cunha presidenta do BNG.<\/p>\n","protected":false},"excerpt":{"rendered":"<div class=\"mh-excerpt\"><p>Denuncia que a cat\u00e1strofe dos pellets de pl\u00e1stico \u00e9 unha nova \u201cmarea da mentira e da incompetencia do PP que hai que derrotar nas urnas\u201d <a class=\"mh-excerpt-more\" href=\"https:\/\/www.anovapeneira.gal\/index.php\/2024\/01\/11\/ponton-a-escolla-e-entre-un-rueda-que-deixa-unha-galiza-mais-pequena-ou-unha-presidenta-capaz-de-poner-en-marcha-unha-galiza-en-grande\/\" title=\"Pont\u00f3n: \u201cA escolla \u00e9 entre un Rueda que deixa unha Galiza m\u00e1is pequena ou unha presidenta capaz de po\u00f1er en marcha unha Galiza en grande\u201d\">[&#8230;]<\/a><\/p>\n<\/div>","protected":false},"author":3,"featured_media":11053,"comment_status":"open","ping_status":"open","sticky":false,"template":"","format":"standard","meta":{"_exactmetrics_skip_tracking":false,"_exactmetrics_sitenote_active":false,"_exactmetrics_sitenote_note":"","_exactmetrics_sitenote_category":0,"footnotes":""},"categories":[263],"tags":[281,10],"class_list":{"0":"post-11051","1":"post","2":"type-post","3":"status-publish","4":"format-standard","5":"has-post-thumbnail","7":"category-novas","8":"tag-ana-ponton","9":"tag-bng"},"yoast_head":"<!-- This site is optimized with the Yoast SEO plugin v27.4 - https:\/\/yoast.com\/product\/yoast-seo-wordpress\/ -->\n<title>Pont\u00f3n: \u201cA escolla \u00e9 entre un Rueda que deixa unha Galiza m\u00e1is pequena ou unha presidenta capaz de po\u00f1er en marcha unha Galiza en grande\u201d -<\/title>\n<meta name=\"description\" content=\"Denuncia que a cat\u00e1strofe dos pellets de pl\u00e1stico \u00e9 unha nova \u201cmarea da mentira e da incompetencia do PP que hai que derrotar nas urnas\u201d\" \/>\n<meta name=\"robots\" content=\"index, follow, max-snippet:-1, max-image-preview:large, max-video-preview:-1\" \/>\n<link rel=\"canonical\" href=\"https:\/\/www.anovapeneira.gal\/index.php\/2024\/01\/11\/ponton-a-escolla-e-entre-un-rueda-que-deixa-unha-galiza-mais-pequena-ou-unha-presidenta-capaz-de-poner-en-marcha-unha-galiza-en-grande\/\" \/>\n<meta property=\"og:locale\" content=\"gl_ES\" \/>\n<meta property=\"og:type\" content=\"article\" \/>\n<meta property=\"og:title\" content=\"Pont\u00f3n: \u201cA escolla \u00e9 entre un Rueda que deixa unha Galiza m\u00e1is pequena ou unha presidenta capaz de po\u00f1er en marcha unha Galiza en grande\u201d -\" \/>\n<meta property=\"og:description\" content=\"Denuncia que a cat\u00e1strofe dos pellets de pl\u00e1stico \u00e9 unha nova \u201cmarea da mentira e da incompetencia do PP que hai que derrotar nas urnas\u201d\" \/>\n<meta property=\"og:url\" content=\"https:\/\/www.anovapeneira.gal\/index.php\/2024\/01\/11\/ponton-a-escolla-e-entre-un-rueda-que-deixa-unha-galiza-mais-pequena-ou-unha-presidenta-capaz-de-poner-en-marcha-unha-galiza-en-grande\/\" \/>\n<meta property=\"article:publisher\" content=\"https:\/\/www.facebook.com\/anovapeneira\" \/>\n<meta property=\"article:published_time\" content=\"2024-01-11T11:00:03+00:00\" \/>\n<meta property=\"og:image\" content=\"https:\/\/www.anovapeneira.gal\/wp-content\/uploads\/2024\/01\/castelao_Rianxo.jpg\" \/>\n\t<meta property=\"og:image:width\" content=\"720\" \/>\n\t<meta property=\"og:image:height\" content=\"432\" \/>\n\t<meta property=\"og:image:type\" content=\"image\/jpeg\" \/>\n<meta name=\"author\" content=\"Redacci\u00f3n A Nova Peneira\" \/>\n<meta name=\"twitter:card\" content=\"summary_large_image\" \/>\n<meta name=\"twitter:creator\" content=\"@APeneira\" \/>\n<meta name=\"twitter:site\" content=\"@APeneira\" \/>\n<meta name=\"twitter:label1\" content=\"Escrito por\" \/>\n\t<meta name=\"twitter:data1\" content=\"Redacci\u00f3n A Nova Peneira\" \/>\n\t<meta name=\"twitter:label2\" content=\"Tempo de lectura\" \/>\n\t<meta name=\"twitter:data2\" content=\"6 minutos\" \/>\n<script type=\"application\/ld+json\" class=\"yoast-schema-graph\">{\"@context\":\"https:\\\/\\\/schema.org\",\"@graph\":[{\"@type\":\"Article\",\"@id\":\"https:\\\/\\\/www.anovapeneira.gal\\\/index.php\\\/2024\\\/01\\\/11\\\/ponton-a-escolla-e-entre-un-rueda-que-deixa-unha-galiza-mais-pequena-ou-unha-presidenta-capaz-de-poner-en-marcha-unha-galiza-en-grande\\\/#article\",\"isPartOf\":{\"@id\":\"https:\\\/\\\/www.anovapeneira.gal\\\/index.php\\\/2024\\\/01\\\/11\\\/ponton-a-escolla-e-entre-un-rueda-que-deixa-unha-galiza-mais-pequena-ou-unha-presidenta-capaz-de-poner-en-marcha-unha-galiza-en-grande\\\/\"},\"author\":{\"name\":\"Redacci\u00f3n A Nova Peneira\",\"@id\":\"https:\\\/\\\/www.anovapeneira.gal\\\/#\\\/schema\\\/person\\\/b93e3f8932e3f8da96334607eb6ac6aa\"},\"headline\":\"Pont\u00f3n: \u201cA escolla \u00e9 entre un Rueda que deixa unha Galiza m\u00e1is pequena ou unha presidenta capaz de po\u00f1er en marcha unha Galiza en grande\u201d\",\"datePublished\":\"2024-01-11T11:00:03+00:00\",\"mainEntityOfPage\":{\"@id\":\"https:\\\/\\\/www.anovapeneira.gal\\\/index.php\\\/2024\\\/01\\\/11\\\/ponton-a-escolla-e-entre-un-rueda-que-deixa-unha-galiza-mais-pequena-ou-unha-presidenta-capaz-de-poner-en-marcha-unha-galiza-en-grande\\\/\"},\"wordCount\":1137,\"commentCount\":0,\"publisher\":{\"@id\":\"https:\\\/\\\/www.anovapeneira.gal\\\/#organization\"},\"image\":{\"@id\":\"https:\\\/\\\/www.anovapeneira.gal\\\/index.php\\\/2024\\\/01\\\/11\\\/ponton-a-escolla-e-entre-un-rueda-que-deixa-unha-galiza-mais-pequena-ou-unha-presidenta-capaz-de-poner-en-marcha-unha-galiza-en-grande\\\/#primaryimage\"},\"thumbnailUrl\":\"https:\\\/\\\/www.anovapeneira.gal\\\/wp-content\\\/uploads\\\/2024\\\/01\\\/castelao_Rianxo.jpg\",\"keywords\":[\"Ana Pont\u00f3n\",\"BNG\"],\"articleSection\":[\"Novas\"],\"inLanguage\":\"gl-ES\",\"potentialAction\":[{\"@type\":\"CommentAction\",\"name\":\"Comment\",\"target\":[\"https:\\\/\\\/www.anovapeneira.gal\\\/index.php\\\/2024\\\/01\\\/11\\\/ponton-a-escolla-e-entre-un-rueda-que-deixa-unha-galiza-mais-pequena-ou-unha-presidenta-capaz-de-poner-en-marcha-unha-galiza-en-grande\\\/#respond\"]}]},{\"@type\":\"WebPage\",\"@id\":\"https:\\\/\\\/www.anovapeneira.gal\\\/index.php\\\/2024\\\/01\\\/11\\\/ponton-a-escolla-e-entre-un-rueda-que-deixa-unha-galiza-mais-pequena-ou-unha-presidenta-capaz-de-poner-en-marcha-unha-galiza-en-grande\\\/\",\"url\":\"https:\\\/\\\/www.anovapeneira.gal\\\/index.php\\\/2024\\\/01\\\/11\\\/ponton-a-escolla-e-entre-un-rueda-que-deixa-unha-galiza-mais-pequena-ou-unha-presidenta-capaz-de-poner-en-marcha-unha-galiza-en-grande\\\/\",\"name\":\"Pont\u00f3n: \u201cA escolla \u00e9 entre un Rueda que deixa unha Galiza m\u00e1is pequena ou unha presidenta capaz de po\u00f1er en marcha unha Galiza en grande\u201d -\",\"isPartOf\":{\"@id\":\"https:\\\/\\\/www.anovapeneira.gal\\\/#website\"},\"primaryImageOfPage\":{\"@id\":\"https:\\\/\\\/www.anovapeneira.gal\\\/index.php\\\/2024\\\/01\\\/11\\\/ponton-a-escolla-e-entre-un-rueda-que-deixa-unha-galiza-mais-pequena-ou-unha-presidenta-capaz-de-poner-en-marcha-unha-galiza-en-grande\\\/#primaryimage\"},\"image\":{\"@id\":\"https:\\\/\\\/www.anovapeneira.gal\\\/index.php\\\/2024\\\/01\\\/11\\\/ponton-a-escolla-e-entre-un-rueda-que-deixa-unha-galiza-mais-pequena-ou-unha-presidenta-capaz-de-poner-en-marcha-unha-galiza-en-grande\\\/#primaryimage\"},\"thumbnailUrl\":\"https:\\\/\\\/www.anovapeneira.gal\\\/wp-content\\\/uploads\\\/2024\\\/01\\\/castelao_Rianxo.jpg\",\"datePublished\":\"2024-01-11T11:00:03+00:00\",\"description\":\"Denuncia que a cat\u00e1strofe dos pellets de pl\u00e1stico \u00e9 unha nova \u201cmarea da mentira e da incompetencia do PP que hai que derrotar nas urnas\u201d\",\"breadcrumb\":{\"@id\":\"https:\\\/\\\/www.anovapeneira.gal\\\/index.php\\\/2024\\\/01\\\/11\\\/ponton-a-escolla-e-entre-un-rueda-que-deixa-unha-galiza-mais-pequena-ou-unha-presidenta-capaz-de-poner-en-marcha-unha-galiza-en-grande\\\/#breadcrumb\"},\"inLanguage\":\"gl-ES\",\"potentialAction\":[{\"@type\":\"ReadAction\",\"target\":[\"https:\\\/\\\/www.anovapeneira.gal\\\/index.php\\\/2024\\\/01\\\/11\\\/ponton-a-escolla-e-entre-un-rueda-que-deixa-unha-galiza-mais-pequena-ou-unha-presidenta-capaz-de-poner-en-marcha-unha-galiza-en-grande\\\/\"]}]},{\"@type\":\"ImageObject\",\"inLanguage\":\"gl-ES\",\"@id\":\"https:\\\/\\\/www.anovapeneira.gal\\\/index.php\\\/2024\\\/01\\\/11\\\/ponton-a-escolla-e-entre-un-rueda-que-deixa-unha-galiza-mais-pequena-ou-unha-presidenta-capaz-de-poner-en-marcha-unha-galiza-en-grande\\\/#primaryimage\",\"url\":\"https:\\\/\\\/www.anovapeneira.gal\\\/wp-content\\\/uploads\\\/2024\\\/01\\\/castelao_Rianxo.jpg\",\"contentUrl\":\"https:\\\/\\\/www.anovapeneira.gal\\\/wp-content\\\/uploads\\\/2024\\\/01\\\/castelao_Rianxo.jpg\",\"width\":720,\"height\":432,\"caption\":\"Pont\u00f3n: \u201cA escolla \u00e9 entre un Rueda que deixa unha Galiza m\u00e1is pequena ou unha presidenta capaz de po\u00f1er en marcha unha Galiza en grande\u201d\"},{\"@type\":\"BreadcrumbList\",\"@id\":\"https:\\\/\\\/www.anovapeneira.gal\\\/index.php\\\/2024\\\/01\\\/11\\\/ponton-a-escolla-e-entre-un-rueda-que-deixa-unha-galiza-mais-pequena-ou-unha-presidenta-capaz-de-poner-en-marcha-unha-galiza-en-grande\\\/#breadcrumb\",\"itemListElement\":[{\"@type\":\"ListItem\",\"position\":1,\"name\":\"Portada\",\"item\":\"https:\\\/\\\/www.anovapeneira.gal\\\/\"},{\"@type\":\"ListItem\",\"position\":2,\"name\":\"Pont\u00f3n: \u201cA escolla \u00e9 entre un Rueda que deixa unha Galiza m\u00e1is pequena ou unha presidenta capaz de po\u00f1er en marcha unha Galiza en grande\u201d\"}]},{\"@type\":\"WebSite\",\"@id\":\"https:\\\/\\\/www.anovapeneira.gal\\\/#website\",\"url\":\"https:\\\/\\\/www.anovapeneira.gal\\\/\",\"name\":\"\",\"description\":\"Xornal galego de informaci\u00f3n xeral Publicaci\u00f3n mensual de novas de Galicia e en especial dos Concellos da sur da provincia de Pontevedra.\",\"publisher\":{\"@id\":\"https:\\\/\\\/www.anovapeneira.gal\\\/#organization\"},\"potentialAction\":[{\"@type\":\"SearchAction\",\"target\":{\"@type\":\"EntryPoint\",\"urlTemplate\":\"https:\\\/\\\/www.anovapeneira.gal\\\/?s={search_term_string}\"},\"query-input\":{\"@type\":\"PropertyValueSpecification\",\"valueRequired\":true,\"valueName\":\"search_term_string\"}}],\"inLanguage\":\"gl-ES\"},{\"@type\":\"Organization\",\"@id\":\"https:\\\/\\\/www.anovapeneira.gal\\\/#organization\",\"name\":\"A Nova Peneira\",\"url\":\"https:\\\/\\\/www.anovapeneira.gal\\\/\",\"logo\":{\"@type\":\"ImageObject\",\"inLanguage\":\"gl-ES\",\"@id\":\"https:\\\/\\\/www.anovapeneira.gal\\\/#\\\/schema\\\/logo\\\/image\\\/\",\"url\":\"http:\\\/\\\/www.anovapeneira.gal\\\/wp-content\\\/uploads\\\/2019\\\/06\\\/logo_a_nova_peneira_portal_web.png\",\"contentUrl\":\"http:\\\/\\\/www.anovapeneira.gal\\\/wp-content\\\/uploads\\\/2019\\\/06\\\/logo_a_nova_peneira_portal_web.png\",\"width\":300,\"height\":100,\"caption\":\"A Nova Peneira\"},\"image\":{\"@id\":\"https:\\\/\\\/www.anovapeneira.gal\\\/#\\\/schema\\\/logo\\\/image\\\/\"},\"sameAs\":[\"https:\\\/\\\/www.facebook.com\\\/anovapeneira\",\"https:\\\/\\\/x.com\\\/APeneira\"]},{\"@type\":\"Person\",\"@id\":\"https:\\\/\\\/www.anovapeneira.gal\\\/#\\\/schema\\\/person\\\/b93e3f8932e3f8da96334607eb6ac6aa\",\"name\":\"Redacci\u00f3n A Nova Peneira\",\"image\":{\"@type\":\"ImageObject\",\"inLanguage\":\"gl-ES\",\"@id\":\"https:\\\/\\\/secure.gravatar.com\\\/avatar\\\/c052a2551a06e23fac63626232eaa90abd78dbcf1700fc46a2b2c89fd27b735f?s=96&d=mm&r=g\",\"url\":\"https:\\\/\\\/secure.gravatar.com\\\/avatar\\\/c052a2551a06e23fac63626232eaa90abd78dbcf1700fc46a2b2c89fd27b735f?s=96&d=mm&r=g\",\"contentUrl\":\"https:\\\/\\\/secure.gravatar.com\\\/avatar\\\/c052a2551a06e23fac63626232eaa90abd78dbcf1700fc46a2b2c89fd27b735f?s=96&d=mm&r=g\",\"caption\":\"Redacci\u00f3n A Nova Peneira\"},\"sameAs\":[\"http:\\\/\\\/www.anovapeneira.gal\\\/\"],\"url\":\"https:\\\/\\\/www.anovapeneira.gal\\\/index.php\\\/author\\\/redactor\\\/\"}]}<\/script>\n<!-- \/ Yoast SEO plugin. -->","yoast_head_json":{"title":"Pont\u00f3n: \u201cA escolla \u00e9 entre un Rueda que deixa unha Galiza m\u00e1is pequena ou unha presidenta capaz de po\u00f1er en marcha unha Galiza en grande\u201d -","description":"Denuncia que a cat\u00e1strofe dos pellets de pl\u00e1stico \u00e9 unha nova \u201cmarea da mentira e da incompetencia do PP que hai que derrotar nas urnas\u201d","robots":{"index":"index","follow":"follow","max-snippet":"max-snippet:-1","max-image-preview":"max-image-preview:large","max-video-preview":"max-video-preview:-1"},"canonical":"https:\/\/www.anovapeneira.gal\/index.php\/2024\/01\/11\/ponton-a-escolla-e-entre-un-rueda-que-deixa-unha-galiza-mais-pequena-ou-unha-presidenta-capaz-de-poner-en-marcha-unha-galiza-en-grande\/","og_locale":"gl_ES","og_type":"article","og_title":"Pont\u00f3n: \u201cA escolla \u00e9 entre un Rueda que deixa unha Galiza m\u00e1is pequena ou unha presidenta capaz de po\u00f1er en marcha unha Galiza en grande\u201d -","og_description":"Denuncia que a cat\u00e1strofe dos pellets de pl\u00e1stico \u00e9 unha nova \u201cmarea da mentira e da incompetencia do PP que hai que derrotar nas urnas\u201d","og_url":"https:\/\/www.anovapeneira.gal\/index.php\/2024\/01\/11\/ponton-a-escolla-e-entre-un-rueda-que-deixa-unha-galiza-mais-pequena-ou-unha-presidenta-capaz-de-poner-en-marcha-unha-galiza-en-grande\/","article_publisher":"https:\/\/www.facebook.com\/anovapeneira","article_published_time":"2024-01-11T11:00:03+00:00","og_image":[{"width":720,"height":432,"url":"https:\/\/www.anovapeneira.gal\/wp-content\/uploads\/2024\/01\/castelao_Rianxo.jpg","type":"image\/jpeg"}],"author":"Redacci\u00f3n A Nova Peneira","twitter_card":"summary_large_image","twitter_creator":"@APeneira","twitter_site":"@APeneira","twitter_misc":{"Escrito por":"Redacci\u00f3n A Nova Peneira","Tempo de lectura":"6 minutos"},"schema":{"@context":"https:\/\/schema.org","@graph":[{"@type":"Article","@id":"https:\/\/www.anovapeneira.gal\/index.php\/2024\/01\/11\/ponton-a-escolla-e-entre-un-rueda-que-deixa-unha-galiza-mais-pequena-ou-unha-presidenta-capaz-de-poner-en-marcha-unha-galiza-en-grande\/#article","isPartOf":{"@id":"https:\/\/www.anovapeneira.gal\/index.php\/2024\/01\/11\/ponton-a-escolla-e-entre-un-rueda-que-deixa-unha-galiza-mais-pequena-ou-unha-presidenta-capaz-de-poner-en-marcha-unha-galiza-en-grande\/"},"author":{"name":"Redacci\u00f3n A Nova Peneira","@id":"https:\/\/www.anovapeneira.gal\/#\/schema\/person\/b93e3f8932e3f8da96334607eb6ac6aa"},"headline":"Pont\u00f3n: \u201cA escolla \u00e9 entre un Rueda que deixa unha Galiza m\u00e1is pequena ou unha presidenta capaz de po\u00f1er en marcha unha Galiza en grande\u201d","datePublished":"2024-01-11T11:00:03+00:00","mainEntityOfPage":{"@id":"https:\/\/www.anovapeneira.gal\/index.php\/2024\/01\/11\/ponton-a-escolla-e-entre-un-rueda-que-deixa-unha-galiza-mais-pequena-ou-unha-presidenta-capaz-de-poner-en-marcha-unha-galiza-en-grande\/"},"wordCount":1137,"commentCount":0,"publisher":{"@id":"https:\/\/www.anovapeneira.gal\/#organization"},"image":{"@id":"https:\/\/www.anovapeneira.gal\/index.php\/2024\/01\/11\/ponton-a-escolla-e-entre-un-rueda-que-deixa-unha-galiza-mais-pequena-ou-unha-presidenta-capaz-de-poner-en-marcha-unha-galiza-en-grande\/#primaryimage"},"thumbnailUrl":"https:\/\/www.anovapeneira.gal\/wp-content\/uploads\/2024\/01\/castelao_Rianxo.jpg","keywords":["Ana Pont\u00f3n","BNG"],"articleSection":["Novas"],"inLanguage":"gl-ES","potentialAction":[{"@type":"CommentAction","name":"Comment","target":["https:\/\/www.anovapeneira.gal\/index.php\/2024\/01\/11\/ponton-a-escolla-e-entre-un-rueda-que-deixa-unha-galiza-mais-pequena-ou-unha-presidenta-capaz-de-poner-en-marcha-unha-galiza-en-grande\/#respond"]}]},{"@type":"WebPage","@id":"https:\/\/www.anovapeneira.gal\/index.php\/2024\/01\/11\/ponton-a-escolla-e-entre-un-rueda-que-deixa-unha-galiza-mais-pequena-ou-unha-presidenta-capaz-de-poner-en-marcha-unha-galiza-en-grande\/","url":"https:\/\/www.anovapeneira.gal\/index.php\/2024\/01\/11\/ponton-a-escolla-e-entre-un-rueda-que-deixa-unha-galiza-mais-pequena-ou-unha-presidenta-capaz-de-poner-en-marcha-unha-galiza-en-grande\/","name":"Pont\u00f3n: \u201cA escolla \u00e9 entre un Rueda que deixa unha Galiza m\u00e1is pequena ou unha presidenta capaz de po\u00f1er en marcha unha Galiza en grande\u201d -","isPartOf":{"@id":"https:\/\/www.anovapeneira.gal\/#website"},"primaryImageOfPage":{"@id":"https:\/\/www.anovapeneira.gal\/index.php\/2024\/01\/11\/ponton-a-escolla-e-entre-un-rueda-que-deixa-unha-galiza-mais-pequena-ou-unha-presidenta-capaz-de-poner-en-marcha-unha-galiza-en-grande\/#primaryimage"},"image":{"@id":"https:\/\/www.anovapeneira.gal\/index.php\/2024\/01\/11\/ponton-a-escolla-e-entre-un-rueda-que-deixa-unha-galiza-mais-pequena-ou-unha-presidenta-capaz-de-poner-en-marcha-unha-galiza-en-grande\/#primaryimage"},"thumbnailUrl":"https:\/\/www.anovapeneira.gal\/wp-content\/uploads\/2024\/01\/castelao_Rianxo.jpg","datePublished":"2024-01-11T11:00:03+00:00","description":"Denuncia que a cat\u00e1strofe dos pellets de pl\u00e1stico \u00e9 unha nova \u201cmarea da mentira e da incompetencia do PP que hai que derrotar nas urnas\u201d","breadcrumb":{"@id":"https:\/\/www.anovapeneira.gal\/index.php\/2024\/01\/11\/ponton-a-escolla-e-entre-un-rueda-que-deixa-unha-galiza-mais-pequena-ou-unha-presidenta-capaz-de-poner-en-marcha-unha-galiza-en-grande\/#breadcrumb"},"inLanguage":"gl-ES","potentialAction":[{"@type":"ReadAction","target":["https:\/\/www.anovapeneira.gal\/index.php\/2024\/01\/11\/ponton-a-escolla-e-entre-un-rueda-que-deixa-unha-galiza-mais-pequena-ou-unha-presidenta-capaz-de-poner-en-marcha-unha-galiza-en-grande\/"]}]},{"@type":"ImageObject","inLanguage":"gl-ES","@id":"https:\/\/www.anovapeneira.gal\/index.php\/2024\/01\/11\/ponton-a-escolla-e-entre-un-rueda-que-deixa-unha-galiza-mais-pequena-ou-unha-presidenta-capaz-de-poner-en-marcha-unha-galiza-en-grande\/#primaryimage","url":"https:\/\/www.anovapeneira.gal\/wp-content\/uploads\/2024\/01\/castelao_Rianxo.jpg","contentUrl":"https:\/\/www.anovapeneira.gal\/wp-content\/uploads\/2024\/01\/castelao_Rianxo.jpg","width":720,"height":432,"caption":"Pont\u00f3n: \u201cA escolla \u00e9 entre un Rueda que deixa unha Galiza m\u00e1is pequena ou unha presidenta capaz de po\u00f1er en marcha unha Galiza en grande\u201d"},{"@type":"BreadcrumbList","@id":"https:\/\/www.anovapeneira.gal\/index.php\/2024\/01\/11\/ponton-a-escolla-e-entre-un-rueda-que-deixa-unha-galiza-mais-pequena-ou-unha-presidenta-capaz-de-poner-en-marcha-unha-galiza-en-grande\/#breadcrumb","itemListElement":[{"@type":"ListItem","position":1,"name":"Portada","item":"https:\/\/www.anovapeneira.gal\/"},{"@type":"ListItem","position":2,"name":"Pont\u00f3n: \u201cA escolla \u00e9 entre un Rueda que deixa unha Galiza m\u00e1is pequena ou unha presidenta capaz de po\u00f1er en marcha unha Galiza en grande\u201d"}]},{"@type":"WebSite","@id":"https:\/\/www.anovapeneira.gal\/#website","url":"https:\/\/www.anovapeneira.gal\/","name":"","description":"Xornal galego de informaci\u00f3n xeral Publicaci\u00f3n mensual de novas de Galicia e en especial dos Concellos da sur da provincia de Pontevedra.","publisher":{"@id":"https:\/\/www.anovapeneira.gal\/#organization"},"potentialAction":[{"@type":"SearchAction","target":{"@type":"EntryPoint","urlTemplate":"https:\/\/www.anovapeneira.gal\/?s={search_term_string}"},"query-input":{"@type":"PropertyValueSpecification","valueRequired":true,"valueName":"search_term_string"}}],"inLanguage":"gl-ES"},{"@type":"Organization","@id":"https:\/\/www.anovapeneira.gal\/#organization","name":"A Nova Peneira","url":"https:\/\/www.anovapeneira.gal\/","logo":{"@type":"ImageObject","inLanguage":"gl-ES","@id":"https:\/\/www.anovapeneira.gal\/#\/schema\/logo\/image\/","url":"http:\/\/www.anovapeneira.gal\/wp-content\/uploads\/2019\/06\/logo_a_nova_peneira_portal_web.png","contentUrl":"http:\/\/www.anovapeneira.gal\/wp-content\/uploads\/2019\/06\/logo_a_nova_peneira_portal_web.png","width":300,"height":100,"caption":"A Nova Peneira"},"image":{"@id":"https:\/\/www.anovapeneira.gal\/#\/schema\/logo\/image\/"},"sameAs":["https:\/\/www.facebook.com\/anovapeneira","https:\/\/x.com\/APeneira"]},{"@type":"Person","@id":"https:\/\/www.anovapeneira.gal\/#\/schema\/person\/b93e3f8932e3f8da96334607eb6ac6aa","name":"Redacci\u00f3n A Nova Peneira","image":{"@type":"ImageObject","inLanguage":"gl-ES","@id":"https:\/\/secure.gravatar.com\/avatar\/c052a2551a06e23fac63626232eaa90abd78dbcf1700fc46a2b2c89fd27b735f?s=96&d=mm&r=g","url":"https:\/\/secure.gravatar.com\/avatar\/c052a2551a06e23fac63626232eaa90abd78dbcf1700fc46a2b2c89fd27b735f?s=96&d=mm&r=g","contentUrl":"https:\/\/secure.gravatar.com\/avatar\/c052a2551a06e23fac63626232eaa90abd78dbcf1700fc46a2b2c89fd27b735f?s=96&d=mm&r=g","caption":"Redacci\u00f3n A Nova Peneira"},"sameAs":["http:\/\/www.anovapeneira.gal\/"],"url":"https:\/\/www.anovapeneira.gal\/index.php\/author\/redactor\/"}]}},"jetpack_featured_media_url":"https:\/\/www.anovapeneira.gal\/wp-content\/uploads\/2024\/01\/castelao_Rianxo.jpg","_links":{"self":[{"href":"https:\/\/www.anovapeneira.gal\/index.php\/wp-json\/wp\/v2\/posts\/11051","targetHints":{"allow":["GET"]}}],"collection":[{"href":"https:\/\/www.anovapeneira.gal\/index.php\/wp-json\/wp\/v2\/posts"}],"about":[{"href":"https:\/\/www.anovapeneira.gal\/index.php\/wp-json\/wp\/v2\/types\/post"}],"author":[{"embeddable":true,"href":"https:\/\/www.anovapeneira.gal\/index.php\/wp-json\/wp\/v2\/users\/3"}],"replies":[{"embeddable":true,"href":"https:\/\/www.anovapeneira.gal\/index.php\/wp-json\/wp\/v2\/comments?post=11051"}],"version-history":[{"count":1,"href":"https:\/\/www.anovapeneira.gal\/index.php\/wp-json\/wp\/v2\/posts\/11051\/revisions"}],"predecessor-version":[{"id":11052,"href":"https:\/\/www.anovapeneira.gal\/index.php\/wp-json\/wp\/v2\/posts\/11051\/revisions\/11052"}],"wp:featuredmedia":[{"embeddable":true,"href":"https:\/\/www.anovapeneira.gal\/index.php\/wp-json\/wp\/v2\/media\/11053"}],"wp:attachment":[{"href":"https:\/\/www.anovapeneira.gal\/index.php\/wp-json\/wp\/v2\/media?parent=11051"}],"wp:term":[{"taxonomy":"category","embeddable":true,"href":"https:\/\/www.anovapeneira.gal\/index.php\/wp-json\/wp\/v2\/categories?post=11051"},{"taxonomy":"post_tag","embeddable":true,"href":"https:\/\/www.anovapeneira.gal\/index.php\/wp-json\/wp\/v2\/tags?post=11051"}],"curies":[{"name":"wp","href":"https:\/\/api.w.org\/{rel}","templated":true}]}}