{"id":11054,"date":"2024-01-12T10:00:18","date_gmt":"2024-01-12T09:00:18","guid":{"rendered":"https:\/\/www.anovapeneira.gal\/?p=11054"},"modified":"2024-01-11T13:54:48","modified_gmt":"2024-01-11T12:54:48","slug":"proposito-para-o-2024","status":"publish","type":"post","link":"https:\/\/www.anovapeneira.gal\/index.php\/2024\/01\/12\/proposito-para-o-2024\/","title":{"rendered":"Prop\u00f3sito para o 2024"},"content":{"rendered":"\n<figure class=\"wp-block-image size-full is-resized\"><img loading=\"lazy\" decoding=\"async\" width=\"190\" height=\"222\" src=\"https:\/\/www.anovapeneira.gal\/wp-content\/uploads\/2019\/05\/tino_lago_director_a_nova_peneira.jpg\" alt=\"Tino Lago director a Nova Peneira\" class=\"wp-image-189\" style=\"width:114px;height:auto\"\/><figcaption class=\"wp-element-caption\">Tino Lago director a Nova Peneira<\/figcaption><\/figure>\n\n\n\n<p>\u201c Queda onde todo, absolutamente todo, sexa rec\u00edproco\u201d d\u00edxome recentemente un amigo nun debate deses quilom\u00e9tricos que alimentan a alma , como o lene aloumi\u00f1o dunha man amiga alimenta o coraz\u00f3n nos momentos de treboada ou desacougo. E voulle facer caso, si, pois \u00e9 o m\u00e1is san e tam\u00e9n o m\u00e1is xusto. Nas relaci\u00f3ns persoais e ou sociais que mantemos ao longo do noso cami\u00f1ar, por moito que doa, temos que saber cando marchar. Sen mancar e sen facer que ningu\u00e9n se sinta xulgado, pero cando non hai reciprocidade hai que marchar, con elegancia e con respecto, pero por moito que fira c\u00f3mpre marchar.<\/p>\n\n\n\n<p>No transcorrer da nosa viaxe pola vida cruz\u00e1monos con moitas persoas, de todo tipo. Todas elas con contradici\u00f3ns, igual ca n\u00f3s, e con medos angustias e inseguridades, iguais c\u00e1s nosas. Pero non todas producen o mesmo efecto. Sexa pola raz\u00f3n que sexa , \u00e1s veces \u00e9 unha pura cuesti\u00f3n qu\u00edmica, hainas que emocionan, hainas que enriquecen hainas que pasan inadvertidas e hainas que molestan e ou agriden. Cando somos n\u00f3s os que molestamos a outras e outros, a\u00ednda que non te\u00f1amos a m\u00e1is m\u00ednima vontade de facelo, debemos marchar de contado. E cando son outras persoas as que nos molestan debemos de pecharlles as portas das nosas vidas.<\/p>\n\n\n\n<p>Hai d\u00faas cualidades nos demais que a min me seducen, que me resultan arrebatadoras, que me enfeitizan me engaiolan e me arrouban, como me arrouba un c\u00e1lido solpor de outono na r\u00eda de Vigo ou a suave caricia do vento de primavera nas fragas do Eume. Son a bondade e a intelixencia. Chegados a este punto da vida, xa con m\u00e1is memoria que futuro, s\u00f3 admito persoas boas e xenerosas que alimenten de paz , acougo e amor a alma , como o doce bico duns beizos amigos alimenta o esp\u00edrito nos intres de desasosego e ou axitaci\u00f3n. Chegados a este punto da vida, xa con m\u00e1is memoria que futuro, \u00e1brolles de par en par as portas metaf\u00f3ricas da mi\u00f1a arquitectura emocional \u00e1s persoas intelixentes e sabias que me ensinen e que alimenten a mi\u00f1a curiosidade, como o mundo alimenta a curiosidade da crianza que o observa cos ollos abertos como pratos cando vai na cadeira de beb\u00e9.<\/p>\n\n\n\n<p>\u00c1 escuridade: aos que agriden, aos que ofenden, aos imb\u00e9ciles que emiten certezas rotundas sen ter nin idea do que est\u00e1n a falar, aos que se cren con dereito a controlar as vidas dos demais, aos que someten a presi\u00f3n a outros e outras para condicionar as s\u00faas decisi\u00f3ns, aos que tratan de converter a liberdade dos outros e das outras nun acto moralmente indesexable, e por suposto aos fascistas, a todos e cada un dos fascistas, aos que o din e aos que o agochan, p\u00e9cholles as portas completa total e absolutamente para sempre xamais.<\/p>\n\n\n\n<p>E este vai ser o meu prop\u00f3sito para o 2024 queridos amigos e amigas de Hermes&amp;Atenea e de A Nova Peneira: que todas e todos n\u00f3s saibamos marchar con dignidade canto nos toque marchar, e que todas e todos n\u00f3s te\u00f1amos a intelixencia emocional necesaria para admitir nas nosas vidas s\u00f3 a compa\u00f1\u00eda das persoas que pague a pena admitir. Que todas e todos, na medida que o contexto social e pol\u00edtico nos permita ter unha vida digna, poidamos ter unha vida feliz sen que sexa necesario pedir permiso a ningu\u00e9n. Sa\u00fade.<\/p>\n","protected":false},"excerpt":{"rendered":"<div class=\"mh-excerpt\"><p>\u201c Queda onde todo, absolutamente todo, sexa rec\u00edproco\u201d d\u00edxome recentemente un amigo nun debate deses quilom\u00e9tricos que alimentan a alma , como o lene aloumi\u00f1o dunha man amiga alimenta o coraz\u00f3n nos momentos de treboada ou desacougo <a class=\"mh-excerpt-more\" href=\"https:\/\/www.anovapeneira.gal\/index.php\/2024\/01\/12\/proposito-para-o-2024\/\" title=\"Prop\u00f3sito para o 2024\">[&#8230;]<\/a><\/p>\n<\/div>","protected":false},"author":2,"featured_media":913,"comment_status":"open","ping_status":"open","sticky":false,"template":"","format":"standard","meta":{"_exactmetrics_skip_tracking":false,"_exactmetrics_sitenote_active":false,"_exactmetrics_sitenote_note":"","_exactmetrics_sitenote_category":0,"footnotes":""},"categories":[61],"tags":[],"class_list":{"0":"post-11054","1":"post","2":"type-post","3":"status-publish","4":"format-standard","5":"has-post-thumbnail","7":"category-artigo-editorial"},"yoast_head":"<!-- This site is optimized with the Yoast SEO plugin v27.4 - https:\/\/yoast.com\/product\/yoast-seo-wordpress\/ -->\n<title>Prop\u00f3sito para o 2024 -<\/title>\n<meta name=\"description\" content=\"\u201c Queda onde todo, absolutamente todo, sexa rec\u00edproco\u201d d\u00edxome recentemente un amigo nun debate deses quilom\u00e9tricos que alimentan a alma , como o lene aloumi\u00f1o dunha man amiga alimenta o coraz\u00f3n nos momentos de treboada ou desacougo\" \/>\n<meta name=\"robots\" content=\"index, follow, max-snippet:-1, max-image-preview:large, max-video-preview:-1\" \/>\n<link rel=\"canonical\" href=\"https:\/\/www.anovapeneira.gal\/index.php\/2024\/01\/12\/proposito-para-o-2024\/\" \/>\n<meta property=\"og:locale\" content=\"gl_ES\" \/>\n<meta property=\"og:type\" content=\"article\" \/>\n<meta property=\"og:title\" content=\"Prop\u00f3sito para o 2024 -\" \/>\n<meta property=\"og:description\" content=\"\u201c Queda onde todo, absolutamente todo, sexa rec\u00edproco\u201d d\u00edxome recentemente un amigo nun debate deses quilom\u00e9tricos que alimentan a alma , como o lene aloumi\u00f1o dunha man amiga alimenta o coraz\u00f3n nos momentos de treboada ou desacougo\" \/>\n<meta property=\"og:url\" content=\"https:\/\/www.anovapeneira.gal\/index.php\/2024\/01\/12\/proposito-para-o-2024\/\" \/>\n<meta property=\"article:publisher\" content=\"https:\/\/www.facebook.com\/anovapeneira\" \/>\n<meta property=\"article:published_time\" content=\"2024-01-12T09:00:18+00:00\" \/>\n<meta property=\"og:image\" content=\"https:\/\/www.anovapeneira.gal\/wp-content\/uploads\/2019\/08\/artigo_editorial_a_nova_peneira.jpg\" \/>\n\t<meta property=\"og:image:width\" content=\"720\" \/>\n\t<meta property=\"og:image:height\" content=\"473\" \/>\n\t<meta property=\"og:image:type\" content=\"image\/jpeg\" \/>\n<meta name=\"author\" content=\"Tino Lago\" \/>\n<meta name=\"twitter:card\" content=\"summary_large_image\" \/>\n<meta name=\"twitter:image\" content=\"https:\/\/www.anovapeneira.gal\/wp-content\/uploads\/2019\/08\/artigo_editorial_a_nova_peneira.jpg\" \/>\n<meta name=\"twitter:creator\" content=\"@APeneira\" \/>\n<meta name=\"twitter:site\" content=\"@APeneira\" \/>\n<meta name=\"twitter:label1\" content=\"Escrito por\" \/>\n\t<meta name=\"twitter:data1\" content=\"Tino Lago\" \/>\n\t<meta name=\"twitter:label2\" content=\"Tempo de lectura\" \/>\n\t<meta name=\"twitter:data2\" content=\"4 minutos\" \/>\n<script type=\"application\/ld+json\" class=\"yoast-schema-graph\">{\"@context\":\"https:\\\/\\\/schema.org\",\"@graph\":[{\"@type\":\"Article\",\"@id\":\"https:\\\/\\\/www.anovapeneira.gal\\\/index.php\\\/2024\\\/01\\\/12\\\/proposito-para-o-2024\\\/#article\",\"isPartOf\":{\"@id\":\"https:\\\/\\\/www.anovapeneira.gal\\\/index.php\\\/2024\\\/01\\\/12\\\/proposito-para-o-2024\\\/\"},\"author\":{\"name\":\"Tino Lago\",\"@id\":\"https:\\\/\\\/www.anovapeneira.gal\\\/#\\\/schema\\\/person\\\/424dfe65e3070fd8a44d22d2c088762a\"},\"headline\":\"Prop\u00f3sito para o 2024\",\"datePublished\":\"2024-01-12T09:00:18+00:00\",\"mainEntityOfPage\":{\"@id\":\"https:\\\/\\\/www.anovapeneira.gal\\\/index.php\\\/2024\\\/01\\\/12\\\/proposito-para-o-2024\\\/\"},\"wordCount\":609,\"commentCount\":0,\"publisher\":{\"@id\":\"https:\\\/\\\/www.anovapeneira.gal\\\/#organization\"},\"image\":{\"@id\":\"https:\\\/\\\/www.anovapeneira.gal\\\/index.php\\\/2024\\\/01\\\/12\\\/proposito-para-o-2024\\\/#primaryimage\"},\"thumbnailUrl\":\"https:\\\/\\\/www.anovapeneira.gal\\\/wp-content\\\/uploads\\\/2019\\\/08\\\/artigo_editorial_a_nova_peneira.jpg\",\"articleSection\":[\"Artigo editorial\"],\"inLanguage\":\"gl-ES\",\"potentialAction\":[{\"@type\":\"CommentAction\",\"name\":\"Comment\",\"target\":[\"https:\\\/\\\/www.anovapeneira.gal\\\/index.php\\\/2024\\\/01\\\/12\\\/proposito-para-o-2024\\\/#respond\"]}]},{\"@type\":\"WebPage\",\"@id\":\"https:\\\/\\\/www.anovapeneira.gal\\\/index.php\\\/2024\\\/01\\\/12\\\/proposito-para-o-2024\\\/\",\"url\":\"https:\\\/\\\/www.anovapeneira.gal\\\/index.php\\\/2024\\\/01\\\/12\\\/proposito-para-o-2024\\\/\",\"name\":\"Prop\u00f3sito para o 2024 -\",\"isPartOf\":{\"@id\":\"https:\\\/\\\/www.anovapeneira.gal\\\/#website\"},\"primaryImageOfPage\":{\"@id\":\"https:\\\/\\\/www.anovapeneira.gal\\\/index.php\\\/2024\\\/01\\\/12\\\/proposito-para-o-2024\\\/#primaryimage\"},\"image\":{\"@id\":\"https:\\\/\\\/www.anovapeneira.gal\\\/index.php\\\/2024\\\/01\\\/12\\\/proposito-para-o-2024\\\/#primaryimage\"},\"thumbnailUrl\":\"https:\\\/\\\/www.anovapeneira.gal\\\/wp-content\\\/uploads\\\/2019\\\/08\\\/artigo_editorial_a_nova_peneira.jpg\",\"datePublished\":\"2024-01-12T09:00:18+00:00\",\"description\":\"\u201c Queda onde todo, absolutamente todo, sexa rec\u00edproco\u201d d\u00edxome recentemente un amigo nun debate deses quilom\u00e9tricos que alimentan a alma , como o lene aloumi\u00f1o dunha man amiga alimenta o coraz\u00f3n nos momentos de treboada ou desacougo\",\"breadcrumb\":{\"@id\":\"https:\\\/\\\/www.anovapeneira.gal\\\/index.php\\\/2024\\\/01\\\/12\\\/proposito-para-o-2024\\\/#breadcrumb\"},\"inLanguage\":\"gl-ES\",\"potentialAction\":[{\"@type\":\"ReadAction\",\"target\":[\"https:\\\/\\\/www.anovapeneira.gal\\\/index.php\\\/2024\\\/01\\\/12\\\/proposito-para-o-2024\\\/\"]}]},{\"@type\":\"ImageObject\",\"inLanguage\":\"gl-ES\",\"@id\":\"https:\\\/\\\/www.anovapeneira.gal\\\/index.php\\\/2024\\\/01\\\/12\\\/proposito-para-o-2024\\\/#primaryimage\",\"url\":\"https:\\\/\\\/www.anovapeneira.gal\\\/wp-content\\\/uploads\\\/2019\\\/08\\\/artigo_editorial_a_nova_peneira.jpg\",\"contentUrl\":\"https:\\\/\\\/www.anovapeneira.gal\\\/wp-content\\\/uploads\\\/2019\\\/08\\\/artigo_editorial_a_nova_peneira.jpg\",\"width\":720,\"height\":473,\"caption\":\"Artigo editorial Tino Lago A Nova Peneira\"},{\"@type\":\"BreadcrumbList\",\"@id\":\"https:\\\/\\\/www.anovapeneira.gal\\\/index.php\\\/2024\\\/01\\\/12\\\/proposito-para-o-2024\\\/#breadcrumb\",\"itemListElement\":[{\"@type\":\"ListItem\",\"position\":1,\"name\":\"Portada\",\"item\":\"https:\\\/\\\/www.anovapeneira.gal\\\/\"},{\"@type\":\"ListItem\",\"position\":2,\"name\":\"Prop\u00f3sito para o 2024\"}]},{\"@type\":\"WebSite\",\"@id\":\"https:\\\/\\\/www.anovapeneira.gal\\\/#website\",\"url\":\"https:\\\/\\\/www.anovapeneira.gal\\\/\",\"name\":\"\",\"description\":\"Xornal galego de informaci\u00f3n xeral Publicaci\u00f3n mensual de novas de Galicia e en especial dos Concellos da sur da provincia de Pontevedra.\",\"publisher\":{\"@id\":\"https:\\\/\\\/www.anovapeneira.gal\\\/#organization\"},\"potentialAction\":[{\"@type\":\"SearchAction\",\"target\":{\"@type\":\"EntryPoint\",\"urlTemplate\":\"https:\\\/\\\/www.anovapeneira.gal\\\/?s={search_term_string}\"},\"query-input\":{\"@type\":\"PropertyValueSpecification\",\"valueRequired\":true,\"valueName\":\"search_term_string\"}}],\"inLanguage\":\"gl-ES\"},{\"@type\":\"Organization\",\"@id\":\"https:\\\/\\\/www.anovapeneira.gal\\\/#organization\",\"name\":\"A Nova Peneira\",\"url\":\"https:\\\/\\\/www.anovapeneira.gal\\\/\",\"logo\":{\"@type\":\"ImageObject\",\"inLanguage\":\"gl-ES\",\"@id\":\"https:\\\/\\\/www.anovapeneira.gal\\\/#\\\/schema\\\/logo\\\/image\\\/\",\"url\":\"http:\\\/\\\/www.anovapeneira.gal\\\/wp-content\\\/uploads\\\/2019\\\/06\\\/logo_a_nova_peneira_portal_web.png\",\"contentUrl\":\"http:\\\/\\\/www.anovapeneira.gal\\\/wp-content\\\/uploads\\\/2019\\\/06\\\/logo_a_nova_peneira_portal_web.png\",\"width\":300,\"height\":100,\"caption\":\"A Nova Peneira\"},\"image\":{\"@id\":\"https:\\\/\\\/www.anovapeneira.gal\\\/#\\\/schema\\\/logo\\\/image\\\/\"},\"sameAs\":[\"https:\\\/\\\/www.facebook.com\\\/anovapeneira\",\"https:\\\/\\\/x.com\\\/APeneira\"]},{\"@type\":\"Person\",\"@id\":\"https:\\\/\\\/www.anovapeneira.gal\\\/#\\\/schema\\\/person\\\/424dfe65e3070fd8a44d22d2c088762a\",\"name\":\"Tino Lago\",\"image\":{\"@type\":\"ImageObject\",\"inLanguage\":\"gl-ES\",\"@id\":\"https:\\\/\\\/secure.gravatar.com\\\/avatar\\\/b3df6a06e44bab3111583b90f0f33a0379ee5e3d22cbadd232d39f21c30c62be?s=96&d=mm&r=g\",\"url\":\"https:\\\/\\\/secure.gravatar.com\\\/avatar\\\/b3df6a06e44bab3111583b90f0f33a0379ee5e3d22cbadd232d39f21c30c62be?s=96&d=mm&r=g\",\"contentUrl\":\"https:\\\/\\\/secure.gravatar.com\\\/avatar\\\/b3df6a06e44bab3111583b90f0f33a0379ee5e3d22cbadd232d39f21c30c62be?s=96&d=mm&r=g\",\"caption\":\"Tino Lago\"},\"sameAs\":[\"http:\\\/\\\/www.anovapeneira.gal\"],\"url\":\"https:\\\/\\\/www.anovapeneira.gal\\\/index.php\\\/author\\\/director\\\/\"}]}<\/script>\n<!-- \/ Yoast SEO plugin. -->","yoast_head_json":{"title":"Prop\u00f3sito para o 2024 -","description":"\u201c Queda onde todo, absolutamente todo, sexa rec\u00edproco\u201d d\u00edxome recentemente un amigo nun debate deses quilom\u00e9tricos que alimentan a alma , como o lene aloumi\u00f1o dunha man amiga alimenta o coraz\u00f3n nos momentos de treboada ou desacougo","robots":{"index":"index","follow":"follow","max-snippet":"max-snippet:-1","max-image-preview":"max-image-preview:large","max-video-preview":"max-video-preview:-1"},"canonical":"https:\/\/www.anovapeneira.gal\/index.php\/2024\/01\/12\/proposito-para-o-2024\/","og_locale":"gl_ES","og_type":"article","og_title":"Prop\u00f3sito para o 2024 -","og_description":"\u201c Queda onde todo, absolutamente todo, sexa rec\u00edproco\u201d d\u00edxome recentemente un amigo nun debate deses quilom\u00e9tricos que alimentan a alma , como o lene aloumi\u00f1o dunha man amiga alimenta o coraz\u00f3n nos momentos de treboada ou desacougo","og_url":"https:\/\/www.anovapeneira.gal\/index.php\/2024\/01\/12\/proposito-para-o-2024\/","article_publisher":"https:\/\/www.facebook.com\/anovapeneira","article_published_time":"2024-01-12T09:00:18+00:00","og_image":[{"width":720,"height":473,"url":"https:\/\/www.anovapeneira.gal\/wp-content\/uploads\/2019\/08\/artigo_editorial_a_nova_peneira.jpg","type":"image\/jpeg"}],"author":"Tino Lago","twitter_card":"summary_large_image","twitter_image":"https:\/\/www.anovapeneira.gal\/wp-content\/uploads\/2019\/08\/artigo_editorial_a_nova_peneira.jpg","twitter_creator":"@APeneira","twitter_site":"@APeneira","twitter_misc":{"Escrito por":"Tino Lago","Tempo de lectura":"4 minutos"},"schema":{"@context":"https:\/\/schema.org","@graph":[{"@type":"Article","@id":"https:\/\/www.anovapeneira.gal\/index.php\/2024\/01\/12\/proposito-para-o-2024\/#article","isPartOf":{"@id":"https:\/\/www.anovapeneira.gal\/index.php\/2024\/01\/12\/proposito-para-o-2024\/"},"author":{"name":"Tino Lago","@id":"https:\/\/www.anovapeneira.gal\/#\/schema\/person\/424dfe65e3070fd8a44d22d2c088762a"},"headline":"Prop\u00f3sito para o 2024","datePublished":"2024-01-12T09:00:18+00:00","mainEntityOfPage":{"@id":"https:\/\/www.anovapeneira.gal\/index.php\/2024\/01\/12\/proposito-para-o-2024\/"},"wordCount":609,"commentCount":0,"publisher":{"@id":"https:\/\/www.anovapeneira.gal\/#organization"},"image":{"@id":"https:\/\/www.anovapeneira.gal\/index.php\/2024\/01\/12\/proposito-para-o-2024\/#primaryimage"},"thumbnailUrl":"https:\/\/www.anovapeneira.gal\/wp-content\/uploads\/2019\/08\/artigo_editorial_a_nova_peneira.jpg","articleSection":["Artigo editorial"],"inLanguage":"gl-ES","potentialAction":[{"@type":"CommentAction","name":"Comment","target":["https:\/\/www.anovapeneira.gal\/index.php\/2024\/01\/12\/proposito-para-o-2024\/#respond"]}]},{"@type":"WebPage","@id":"https:\/\/www.anovapeneira.gal\/index.php\/2024\/01\/12\/proposito-para-o-2024\/","url":"https:\/\/www.anovapeneira.gal\/index.php\/2024\/01\/12\/proposito-para-o-2024\/","name":"Prop\u00f3sito para o 2024 -","isPartOf":{"@id":"https:\/\/www.anovapeneira.gal\/#website"},"primaryImageOfPage":{"@id":"https:\/\/www.anovapeneira.gal\/index.php\/2024\/01\/12\/proposito-para-o-2024\/#primaryimage"},"image":{"@id":"https:\/\/www.anovapeneira.gal\/index.php\/2024\/01\/12\/proposito-para-o-2024\/#primaryimage"},"thumbnailUrl":"https:\/\/www.anovapeneira.gal\/wp-content\/uploads\/2019\/08\/artigo_editorial_a_nova_peneira.jpg","datePublished":"2024-01-12T09:00:18+00:00","description":"\u201c Queda onde todo, absolutamente todo, sexa rec\u00edproco\u201d d\u00edxome recentemente un amigo nun debate deses quilom\u00e9tricos que alimentan a alma , como o lene aloumi\u00f1o dunha man amiga alimenta o coraz\u00f3n nos momentos de treboada ou desacougo","breadcrumb":{"@id":"https:\/\/www.anovapeneira.gal\/index.php\/2024\/01\/12\/proposito-para-o-2024\/#breadcrumb"},"inLanguage":"gl-ES","potentialAction":[{"@type":"ReadAction","target":["https:\/\/www.anovapeneira.gal\/index.php\/2024\/01\/12\/proposito-para-o-2024\/"]}]},{"@type":"ImageObject","inLanguage":"gl-ES","@id":"https:\/\/www.anovapeneira.gal\/index.php\/2024\/01\/12\/proposito-para-o-2024\/#primaryimage","url":"https:\/\/www.anovapeneira.gal\/wp-content\/uploads\/2019\/08\/artigo_editorial_a_nova_peneira.jpg","contentUrl":"https:\/\/www.anovapeneira.gal\/wp-content\/uploads\/2019\/08\/artigo_editorial_a_nova_peneira.jpg","width":720,"height":473,"caption":"Artigo editorial Tino Lago A Nova Peneira"},{"@type":"BreadcrumbList","@id":"https:\/\/www.anovapeneira.gal\/index.php\/2024\/01\/12\/proposito-para-o-2024\/#breadcrumb","itemListElement":[{"@type":"ListItem","position":1,"name":"Portada","item":"https:\/\/www.anovapeneira.gal\/"},{"@type":"ListItem","position":2,"name":"Prop\u00f3sito para o 2024"}]},{"@type":"WebSite","@id":"https:\/\/www.anovapeneira.gal\/#website","url":"https:\/\/www.anovapeneira.gal\/","name":"","description":"Xornal galego de informaci\u00f3n xeral Publicaci\u00f3n mensual de novas de Galicia e en especial dos Concellos da sur da provincia de Pontevedra.","publisher":{"@id":"https:\/\/www.anovapeneira.gal\/#organization"},"potentialAction":[{"@type":"SearchAction","target":{"@type":"EntryPoint","urlTemplate":"https:\/\/www.anovapeneira.gal\/?s={search_term_string}"},"query-input":{"@type":"PropertyValueSpecification","valueRequired":true,"valueName":"search_term_string"}}],"inLanguage":"gl-ES"},{"@type":"Organization","@id":"https:\/\/www.anovapeneira.gal\/#organization","name":"A Nova Peneira","url":"https:\/\/www.anovapeneira.gal\/","logo":{"@type":"ImageObject","inLanguage":"gl-ES","@id":"https:\/\/www.anovapeneira.gal\/#\/schema\/logo\/image\/","url":"http:\/\/www.anovapeneira.gal\/wp-content\/uploads\/2019\/06\/logo_a_nova_peneira_portal_web.png","contentUrl":"http:\/\/www.anovapeneira.gal\/wp-content\/uploads\/2019\/06\/logo_a_nova_peneira_portal_web.png","width":300,"height":100,"caption":"A Nova Peneira"},"image":{"@id":"https:\/\/www.anovapeneira.gal\/#\/schema\/logo\/image\/"},"sameAs":["https:\/\/www.facebook.com\/anovapeneira","https:\/\/x.com\/APeneira"]},{"@type":"Person","@id":"https:\/\/www.anovapeneira.gal\/#\/schema\/person\/424dfe65e3070fd8a44d22d2c088762a","name":"Tino Lago","image":{"@type":"ImageObject","inLanguage":"gl-ES","@id":"https:\/\/secure.gravatar.com\/avatar\/b3df6a06e44bab3111583b90f0f33a0379ee5e3d22cbadd232d39f21c30c62be?s=96&d=mm&r=g","url":"https:\/\/secure.gravatar.com\/avatar\/b3df6a06e44bab3111583b90f0f33a0379ee5e3d22cbadd232d39f21c30c62be?s=96&d=mm&r=g","contentUrl":"https:\/\/secure.gravatar.com\/avatar\/b3df6a06e44bab3111583b90f0f33a0379ee5e3d22cbadd232d39f21c30c62be?s=96&d=mm&r=g","caption":"Tino Lago"},"sameAs":["http:\/\/www.anovapeneira.gal"],"url":"https:\/\/www.anovapeneira.gal\/index.php\/author\/director\/"}]}},"jetpack_featured_media_url":"https:\/\/www.anovapeneira.gal\/wp-content\/uploads\/2019\/08\/artigo_editorial_a_nova_peneira.jpg","_links":{"self":[{"href":"https:\/\/www.anovapeneira.gal\/index.php\/wp-json\/wp\/v2\/posts\/11054","targetHints":{"allow":["GET"]}}],"collection":[{"href":"https:\/\/www.anovapeneira.gal\/index.php\/wp-json\/wp\/v2\/posts"}],"about":[{"href":"https:\/\/www.anovapeneira.gal\/index.php\/wp-json\/wp\/v2\/types\/post"}],"author":[{"embeddable":true,"href":"https:\/\/www.anovapeneira.gal\/index.php\/wp-json\/wp\/v2\/users\/2"}],"replies":[{"embeddable":true,"href":"https:\/\/www.anovapeneira.gal\/index.php\/wp-json\/wp\/v2\/comments?post=11054"}],"version-history":[{"count":1,"href":"https:\/\/www.anovapeneira.gal\/index.php\/wp-json\/wp\/v2\/posts\/11054\/revisions"}],"predecessor-version":[{"id":11055,"href":"https:\/\/www.anovapeneira.gal\/index.php\/wp-json\/wp\/v2\/posts\/11054\/revisions\/11055"}],"wp:featuredmedia":[{"embeddable":true,"href":"https:\/\/www.anovapeneira.gal\/index.php\/wp-json\/wp\/v2\/media\/913"}],"wp:attachment":[{"href":"https:\/\/www.anovapeneira.gal\/index.php\/wp-json\/wp\/v2\/media?parent=11054"}],"wp:term":[{"taxonomy":"category","embeddable":true,"href":"https:\/\/www.anovapeneira.gal\/index.php\/wp-json\/wp\/v2\/categories?post=11054"},{"taxonomy":"post_tag","embeddable":true,"href":"https:\/\/www.anovapeneira.gal\/index.php\/wp-json\/wp\/v2\/tags?post=11054"}],"curies":[{"name":"wp","href":"https:\/\/api.w.org\/{rel}","templated":true}]}}