{"id":11056,"date":"2024-01-12T12:00:45","date_gmt":"2024-01-12T11:00:45","guid":{"rendered":"https:\/\/www.anovapeneira.gal\/?p=11056"},"modified":"2024-01-11T14:02:08","modified_gmt":"2024-01-11T13:02:08","slug":"fillo-de-salvaterra-do-mino-republicano-e-galeguista-un-dos-vos-e-xenerosos","status":"publish","type":"post","link":"https:\/\/www.anovapeneira.gal\/index.php\/2024\/01\/12\/fillo-de-salvaterra-do-mino-republicano-e-galeguista-un-dos-vos-e-xenerosos\/","title":{"rendered":"Fillo de Salvaterra do Mi\u00f1o, republicano e galeguista, un dos vos e xenerosos"},"content":{"rendered":"\n<pre class=\"wp-block-verse\">Manuel Alfonso Est\u00e9vez<\/pre>\n\n\n\n<p>Este fillo de Oleiros, do Concello de Salvaterra do Mi\u00f1o, que foi presidente da Uni\u00f3n Progresista de Salvaterra, fundador de N\u00f3s, patrocinador de O Correo de Galicia, e un participante da edici\u00f3n da Historia de Galicia, que coordinara Ram\u00f3n Otero Pedrayo, e que sostivera a Alfonso R. Castelao en Bos Aires, non sexa capaz de ser distinguido no seu eido natal, o seu mais que ben merecido altru\u00edsmo, e menos reco\u00f1ecida a s\u00faa capacidade creativa, sendo un dos poucos fillos que co seu traballo viviu ben e repartindo todo, \u2014 pol\u00edtica e socialmente falando \u2014 , vencellado o Partido Socialista Arxentino, sendo o seu perfil republicano e galeguista. Como debe ser!<\/p>\n\n\n\n<p>E debemos suli\u00f1ar aqu\u00ed, o que dixo a propia filla, coa chegada a Bos Aires, do noso Alfonso R. Castelao (irm\u00e1n da loita por Galicia), xunto con Ram\u00f3n Su\u00e1rez Picallo, Alonso R\u00edos e Elpidio Villaverde, do Consello de Galicia, o que iba Manuel Puente Gonz\u00e1lez, aportando cartos para a causa galeguista, recadando fondos para as distintas iniciativas, das que ning\u00fan veci\u00f1o do Condado de Salvaterra reco\u00f1ece, e o mais importante e o pouco reco\u00f1ecemento a s\u00faa labor por parte do Concello actual, a s\u00faa xestaci\u00f3n da Historia de Galicia, sendo un dos bos e xenerosos, no fogar de cada n\u00f3s, erguido e fortalecido, non por parte do concello, que con el, morreu a \u00faltima xeraci\u00f3n de fil\u00e1ntropos da terra. Menos mal que na Arxentina a\u00ednda queda a fundaci\u00f3n que leva o seu nome, presidida pola s\u00faa filla Rosa Puente, difundindo a historia dos nosos emigrantes.<\/p>\n\n\n\n<p>E triste que este noso fillo de Salvaterra, Manuel Puente Gonz\u00e1lez, nado en Oleiros, sexa un persoeiro desco\u00f1ecido, que ningu\u00e9n se lembre del, e menos a\u00ednda do seu regreso a terra, o 29 \u2014 06 \u2014 1.928, acompa\u00f1ado da s\u00faa dona, sendo recibido por unha comitiva formada por Manuel Mari\u00f1o M\u00e9ndez, Camilo Rodr\u00edguez, Constante Alonso, Juan Rivas e Manuel P\u00e9rez Troncoso.<\/p>\n\n\n\n<p>E honrado dicir que o 15 \u2014 07 \u2014 1.928 este noso vo e xeneroso home, inaugurou no rueiro da Forca, a Casa do Pobo (tristemente comentada a reforma, polo noso amigo Ant\u00f3n Lorenzo Gonz\u00e1lez, \u2014 Xaque \u2014), coa asistencia de Manuel Mari\u00f1o M\u00e9ndez, Eugenio Arbones, Ubaldo Gil, Botana P\u00e9rez e moita xente da Comarca, que agora dorme para sempre baixo as estrelas.<\/p>\n\n\n\n<p>E triste que non se lle reco\u00f1eza a s\u00faa labor pol\u00edtica nin a s\u00faa defensa da cultura. Total \u00bfPara que? Preguntaran alg\u00fans. E, as\u00ed pasou con outros mais, como Rogelio Est\u00e9vez Cambra de Fornelos.<\/p>\n\n\n\n<p>Menos mal que ao final da guerra civil, grazas a xesti\u00f3n do Goberno Arxentino, se logrou rescatar a Manuel Mari\u00f1o M\u00e9ndez, o \u00faltimo alcalde de Salvaterra, preso nun campo de concentraci\u00f3n.<\/p>\n\n\n\n<p>Que saiban todos, que os seus cartos sempre estiveron a disposici\u00f3n de proxectos da cultura galega. E vai para a Xunta de Galicia, o Consello da Cultura Galega, N\u00f3s, Deputaci\u00f3n de Pontevedra e o Concello de Salvaterra, que non son capaces nin tan si queira nomearlle unha r\u00faa, un homenaxe, un monumento, alg\u00fan reco\u00f1ecemento por pequeno que fora: Nada. El, \u2014 coma sempre \u2014, axudou a edici\u00f3n do libro de Alfonso R. Castelao As cruces de pedra na Galicia, Sempre en Galicia, e os primeiros tomos da obra Historia de Galiza dirixida por Otero Pedrayo. Foi un exemplo de colaborado. Apostando, e aportando pagos do dereito de autor, a correcci\u00f3n ortogr\u00e1fica, dese\u00f1os, etc. Nunha carta de Puente a Otero Pedrayo, o 10 \u2014 01 \u2014 1.959 da conta dos fondos que a\u00ednda ten Otero Pedrayo no banco, e das diversas partidas que deberan serlle entregadas por outras v\u00edas, como a do amigo V\u00e1zquez Calo, que se comprometera a entregarlle, fai xa uns tres ou catro anos a cantidade de 20.000 pesetas en reembolso duns cartos que lle deb\u00eda a Manuel Puente. Engade ademais, a cantidade de 120.000 pesetas que en distintas partidas entregadas a \u00c1lvaro Gil Varela, para pagar a cartograf\u00eda en Madrid, da que deb\u00eda haber sobrante de 60.000 que lle deben ser entregadas a Otero Pedrayo. E deste fondos, concl\u00fae Manuel Puente, facer pagos a Risco, Cuevillas, Lourenzo, e os se\u00f1ores Carro e Ferro a conta dos traballos que lle ti\u00f1an feito: Pr\u00f3logo e estudo xeogr\u00e1fico, como ficou patente, procedente do epistolario de Manuel Puente Gonz\u00e1lez, co proxecto da Historia de Galicia. Tam\u00e9n, en carta a Filgueira, non deixa de queixarse da situaci\u00f3n arrastrada durante 10 anos. Eu me pregunto: \u00bfComo non espertou a xenerosidade de Manuel Puente, noutras mentes galegas, onde agardar\u00eda o seu merecido? Te\u00f1o a certeza de perder o tempo en cousas mi\u00fadas (21\u2014 12 \u2014 1.957) dic\u00eda Manuel Puente, pola penuria en que se mov\u00eda a cultura galega, durante o franquismo, moi amigo do caciquismo, que era o que se levaba, naquel ent\u00f3n. Esperamos que A Nova Peneira (A nosa), lamente a preocupaci\u00f3n polo pouco que se lle prestou a este home bo e xeneroso, por manter viva a s\u00faa memoria e o reco\u00f1ecemento a s\u00faa contribuci\u00f3n a causa galeguista: Historia de hero\u00edsmo, fe e traballo, que lamentamos todos os que loitamos por unha Galiza grande e republicana.<\/p>\n","protected":false},"excerpt":{"rendered":"<div class=\"mh-excerpt\"><p>Este fillo de Oleiros, do Concello de Salvaterra do Mi\u00f1o, que foi presidente da Uni\u00f3n Progresista de Salvaterra, fundador de N\u00f3s, patrocinador de O Correo de Galicia, e un participante da edici\u00f3n da Historia de Galicia, que coordinara Ram\u00f3n Otero Pedrayo <a class=\"mh-excerpt-more\" href=\"https:\/\/www.anovapeneira.gal\/index.php\/2024\/01\/12\/fillo-de-salvaterra-do-mino-republicano-e-galeguista-un-dos-vos-e-xenerosos\/\" title=\"Fillo de Salvaterra do Mi\u00f1o, republicano e galeguista, un dos vos e xenerosos\">[&#8230;]<\/a><\/p>\n<\/div>","protected":false},"author":40,"featured_media":5108,"comment_status":"open","ping_status":"open","sticky":false,"template":"","format":"standard","meta":{"_exactmetrics_skip_tracking":false,"_exactmetrics_sitenote_active":false,"_exactmetrics_sitenote_note":"","_exactmetrics_sitenote_category":0,"footnotes":""},"categories":[7],"tags":[],"class_list":{"0":"post-11056","1":"post","2":"type-post","3":"status-publish","4":"format-standard","5":"has-post-thumbnail","7":"category-artigos-de-opinion"},"yoast_head":"<!-- This site is optimized with the Yoast SEO plugin v27.4 - https:\/\/yoast.com\/product\/yoast-seo-wordpress\/ -->\n<title>Fillo de Salvaterra do Mi\u00f1o, republicano e galeguista, un dos vos e xenerosos -<\/title>\n<meta name=\"robots\" content=\"index, follow, max-snippet:-1, max-image-preview:large, max-video-preview:-1\" \/>\n<link rel=\"canonical\" href=\"https:\/\/www.anovapeneira.gal\/index.php\/2024\/01\/12\/fillo-de-salvaterra-do-mino-republicano-e-galeguista-un-dos-vos-e-xenerosos\/\" \/>\n<meta property=\"og:locale\" content=\"gl_ES\" \/>\n<meta property=\"og:type\" content=\"article\" \/>\n<meta property=\"og:title\" content=\"Fillo de Salvaterra do Mi\u00f1o, republicano e galeguista, un dos vos e xenerosos -\" \/>\n<meta property=\"og:description\" content=\"Este fillo de Oleiros, do Concello de Salvaterra do Mi\u00f1o, que foi presidente da Uni\u00f3n Progresista de Salvaterra, fundador de N\u00f3s, patrocinador de O Correo de Galicia, e un participante da edici\u00f3n da Historia de Galicia, que coordinara Ram\u00f3n Otero Pedrayo [...]\" \/>\n<meta property=\"og:url\" content=\"https:\/\/www.anovapeneira.gal\/index.php\/2024\/01\/12\/fillo-de-salvaterra-do-mino-republicano-e-galeguista-un-dos-vos-e-xenerosos\/\" \/>\n<meta property=\"article:publisher\" content=\"https:\/\/www.facebook.com\/anovapeneira\" \/>\n<meta property=\"article:published_time\" content=\"2024-01-12T11:00:45+00:00\" \/>\n<meta property=\"og:image\" content=\"https:\/\/www.anovapeneira.gal\/wp-content\/uploads\/2021\/03\/manuel_alfonso_estevez.jpg\" \/>\n\t<meta property=\"og:image:width\" content=\"720\" \/>\n\t<meta property=\"og:image:height\" content=\"432\" \/>\n\t<meta property=\"og:image:type\" content=\"image\/jpeg\" \/>\n<meta name=\"author\" content=\"Manuel Alfonso Est\u00e9vez\" \/>\n<meta name=\"twitter:card\" content=\"summary_large_image\" \/>\n<meta name=\"twitter:creator\" content=\"@APeneira\" \/>\n<meta name=\"twitter:site\" content=\"@APeneira\" \/>\n<meta name=\"twitter:label1\" content=\"Escrito por\" \/>\n\t<meta name=\"twitter:data1\" content=\"Manuel Alfonso Est\u00e9vez\" \/>\n\t<meta name=\"twitter:label2\" content=\"Tempo de lectura\" \/>\n\t<meta name=\"twitter:data2\" content=\"5 minutos\" \/>\n<script type=\"application\/ld+json\" class=\"yoast-schema-graph\">{\"@context\":\"https:\\\/\\\/schema.org\",\"@graph\":[{\"@type\":\"Article\",\"@id\":\"https:\\\/\\\/www.anovapeneira.gal\\\/index.php\\\/2024\\\/01\\\/12\\\/fillo-de-salvaterra-do-mino-republicano-e-galeguista-un-dos-vos-e-xenerosos\\\/#article\",\"isPartOf\":{\"@id\":\"https:\\\/\\\/www.anovapeneira.gal\\\/index.php\\\/2024\\\/01\\\/12\\\/fillo-de-salvaterra-do-mino-republicano-e-galeguista-un-dos-vos-e-xenerosos\\\/\"},\"author\":{\"name\":\"Manuel Alfonso Est\u00e9vez\",\"@id\":\"https:\\\/\\\/www.anovapeneira.gal\\\/#\\\/schema\\\/person\\\/6561b93d53e7a32f5d814768163bae2a\"},\"headline\":\"Fillo de Salvaterra do Mi\u00f1o, republicano e galeguista, un dos vos e xenerosos\",\"datePublished\":\"2024-01-12T11:00:45+00:00\",\"mainEntityOfPage\":{\"@id\":\"https:\\\/\\\/www.anovapeneira.gal\\\/index.php\\\/2024\\\/01\\\/12\\\/fillo-de-salvaterra-do-mino-republicano-e-galeguista-un-dos-vos-e-xenerosos\\\/\"},\"wordCount\":912,\"commentCount\":0,\"publisher\":{\"@id\":\"https:\\\/\\\/www.anovapeneira.gal\\\/#organization\"},\"image\":{\"@id\":\"https:\\\/\\\/www.anovapeneira.gal\\\/index.php\\\/2024\\\/01\\\/12\\\/fillo-de-salvaterra-do-mino-republicano-e-galeguista-un-dos-vos-e-xenerosos\\\/#primaryimage\"},\"thumbnailUrl\":\"https:\\\/\\\/www.anovapeneira.gal\\\/wp-content\\\/uploads\\\/2021\\\/03\\\/manuel_alfonso_estevez.jpg\",\"articleSection\":[\"Artigos de opini\u00f3n\"],\"inLanguage\":\"gl-ES\",\"potentialAction\":[{\"@type\":\"CommentAction\",\"name\":\"Comment\",\"target\":[\"https:\\\/\\\/www.anovapeneira.gal\\\/index.php\\\/2024\\\/01\\\/12\\\/fillo-de-salvaterra-do-mino-republicano-e-galeguista-un-dos-vos-e-xenerosos\\\/#respond\"]}]},{\"@type\":\"WebPage\",\"@id\":\"https:\\\/\\\/www.anovapeneira.gal\\\/index.php\\\/2024\\\/01\\\/12\\\/fillo-de-salvaterra-do-mino-republicano-e-galeguista-un-dos-vos-e-xenerosos\\\/\",\"url\":\"https:\\\/\\\/www.anovapeneira.gal\\\/index.php\\\/2024\\\/01\\\/12\\\/fillo-de-salvaterra-do-mino-republicano-e-galeguista-un-dos-vos-e-xenerosos\\\/\",\"name\":\"Fillo de Salvaterra do Mi\u00f1o, republicano e galeguista, un dos vos e xenerosos -\",\"isPartOf\":{\"@id\":\"https:\\\/\\\/www.anovapeneira.gal\\\/#website\"},\"primaryImageOfPage\":{\"@id\":\"https:\\\/\\\/www.anovapeneira.gal\\\/index.php\\\/2024\\\/01\\\/12\\\/fillo-de-salvaterra-do-mino-republicano-e-galeguista-un-dos-vos-e-xenerosos\\\/#primaryimage\"},\"image\":{\"@id\":\"https:\\\/\\\/www.anovapeneira.gal\\\/index.php\\\/2024\\\/01\\\/12\\\/fillo-de-salvaterra-do-mino-republicano-e-galeguista-un-dos-vos-e-xenerosos\\\/#primaryimage\"},\"thumbnailUrl\":\"https:\\\/\\\/www.anovapeneira.gal\\\/wp-content\\\/uploads\\\/2021\\\/03\\\/manuel_alfonso_estevez.jpg\",\"datePublished\":\"2024-01-12T11:00:45+00:00\",\"breadcrumb\":{\"@id\":\"https:\\\/\\\/www.anovapeneira.gal\\\/index.php\\\/2024\\\/01\\\/12\\\/fillo-de-salvaterra-do-mino-republicano-e-galeguista-un-dos-vos-e-xenerosos\\\/#breadcrumb\"},\"inLanguage\":\"gl-ES\",\"potentialAction\":[{\"@type\":\"ReadAction\",\"target\":[\"https:\\\/\\\/www.anovapeneira.gal\\\/index.php\\\/2024\\\/01\\\/12\\\/fillo-de-salvaterra-do-mino-republicano-e-galeguista-un-dos-vos-e-xenerosos\\\/\"]}]},{\"@type\":\"ImageObject\",\"inLanguage\":\"gl-ES\",\"@id\":\"https:\\\/\\\/www.anovapeneira.gal\\\/index.php\\\/2024\\\/01\\\/12\\\/fillo-de-salvaterra-do-mino-republicano-e-galeguista-un-dos-vos-e-xenerosos\\\/#primaryimage\",\"url\":\"https:\\\/\\\/www.anovapeneira.gal\\\/wp-content\\\/uploads\\\/2021\\\/03\\\/manuel_alfonso_estevez.jpg\",\"contentUrl\":\"https:\\\/\\\/www.anovapeneira.gal\\\/wp-content\\\/uploads\\\/2021\\\/03\\\/manuel_alfonso_estevez.jpg\",\"width\":720,\"height\":432,\"caption\":\"Manuel Alfonso Est\u00e9vez. Historia viva de Fornelos da Ribeira\"},{\"@type\":\"BreadcrumbList\",\"@id\":\"https:\\\/\\\/www.anovapeneira.gal\\\/index.php\\\/2024\\\/01\\\/12\\\/fillo-de-salvaterra-do-mino-republicano-e-galeguista-un-dos-vos-e-xenerosos\\\/#breadcrumb\",\"itemListElement\":[{\"@type\":\"ListItem\",\"position\":1,\"name\":\"Portada\",\"item\":\"https:\\\/\\\/www.anovapeneira.gal\\\/\"},{\"@type\":\"ListItem\",\"position\":2,\"name\":\"Fillo de Salvaterra do Mi\u00f1o, republicano e galeguista, un dos vos e xenerosos\"}]},{\"@type\":\"WebSite\",\"@id\":\"https:\\\/\\\/www.anovapeneira.gal\\\/#website\",\"url\":\"https:\\\/\\\/www.anovapeneira.gal\\\/\",\"name\":\"\",\"description\":\"Xornal galego de informaci\u00f3n xeral Publicaci\u00f3n mensual de novas de Galicia e en especial dos Concellos da sur da provincia de Pontevedra.\",\"publisher\":{\"@id\":\"https:\\\/\\\/www.anovapeneira.gal\\\/#organization\"},\"potentialAction\":[{\"@type\":\"SearchAction\",\"target\":{\"@type\":\"EntryPoint\",\"urlTemplate\":\"https:\\\/\\\/www.anovapeneira.gal\\\/?s={search_term_string}\"},\"query-input\":{\"@type\":\"PropertyValueSpecification\",\"valueRequired\":true,\"valueName\":\"search_term_string\"}}],\"inLanguage\":\"gl-ES\"},{\"@type\":\"Organization\",\"@id\":\"https:\\\/\\\/www.anovapeneira.gal\\\/#organization\",\"name\":\"A Nova Peneira\",\"url\":\"https:\\\/\\\/www.anovapeneira.gal\\\/\",\"logo\":{\"@type\":\"ImageObject\",\"inLanguage\":\"gl-ES\",\"@id\":\"https:\\\/\\\/www.anovapeneira.gal\\\/#\\\/schema\\\/logo\\\/image\\\/\",\"url\":\"http:\\\/\\\/www.anovapeneira.gal\\\/wp-content\\\/uploads\\\/2019\\\/06\\\/logo_a_nova_peneira_portal_web.png\",\"contentUrl\":\"http:\\\/\\\/www.anovapeneira.gal\\\/wp-content\\\/uploads\\\/2019\\\/06\\\/logo_a_nova_peneira_portal_web.png\",\"width\":300,\"height\":100,\"caption\":\"A Nova Peneira\"},\"image\":{\"@id\":\"https:\\\/\\\/www.anovapeneira.gal\\\/#\\\/schema\\\/logo\\\/image\\\/\"},\"sameAs\":[\"https:\\\/\\\/www.facebook.com\\\/anovapeneira\",\"https:\\\/\\\/x.com\\\/APeneira\"]},{\"@type\":\"Person\",\"@id\":\"https:\\\/\\\/www.anovapeneira.gal\\\/#\\\/schema\\\/person\\\/6561b93d53e7a32f5d814768163bae2a\",\"name\":\"Manuel Alfonso Est\u00e9vez\",\"image\":{\"@type\":\"ImageObject\",\"inLanguage\":\"gl-ES\",\"@id\":\"https:\\\/\\\/secure.gravatar.com\\\/avatar\\\/f5d3e86603a02dabc520fdacad8691552cb5b3b57ede8828ababc7095c054594?s=96&d=mm&r=g\",\"url\":\"https:\\\/\\\/secure.gravatar.com\\\/avatar\\\/f5d3e86603a02dabc520fdacad8691552cb5b3b57ede8828ababc7095c054594?s=96&d=mm&r=g\",\"contentUrl\":\"https:\\\/\\\/secure.gravatar.com\\\/avatar\\\/f5d3e86603a02dabc520fdacad8691552cb5b3b57ede8828ababc7095c054594?s=96&d=mm&r=g\",\"caption\":\"Manuel Alfonso Est\u00e9vez\"},\"url\":\"https:\\\/\\\/www.anovapeneira.gal\\\/index.php\\\/author\\\/manuelalfonso\\\/\"}]}<\/script>\n<!-- \/ Yoast SEO plugin. -->","yoast_head_json":{"title":"Fillo de Salvaterra do Mi\u00f1o, republicano e galeguista, un dos vos e xenerosos -","robots":{"index":"index","follow":"follow","max-snippet":"max-snippet:-1","max-image-preview":"max-image-preview:large","max-video-preview":"max-video-preview:-1"},"canonical":"https:\/\/www.anovapeneira.gal\/index.php\/2024\/01\/12\/fillo-de-salvaterra-do-mino-republicano-e-galeguista-un-dos-vos-e-xenerosos\/","og_locale":"gl_ES","og_type":"article","og_title":"Fillo de Salvaterra do Mi\u00f1o, republicano e galeguista, un dos vos e xenerosos -","og_description":"Este fillo de Oleiros, do Concello de Salvaterra do Mi\u00f1o, que foi presidente da Uni\u00f3n Progresista de Salvaterra, fundador de N\u00f3s, patrocinador de O Correo de Galicia, e un participante da edici\u00f3n da Historia de Galicia, que coordinara Ram\u00f3n Otero Pedrayo [...]","og_url":"https:\/\/www.anovapeneira.gal\/index.php\/2024\/01\/12\/fillo-de-salvaterra-do-mino-republicano-e-galeguista-un-dos-vos-e-xenerosos\/","article_publisher":"https:\/\/www.facebook.com\/anovapeneira","article_published_time":"2024-01-12T11:00:45+00:00","og_image":[{"width":720,"height":432,"url":"https:\/\/www.anovapeneira.gal\/wp-content\/uploads\/2021\/03\/manuel_alfonso_estevez.jpg","type":"image\/jpeg"}],"author":"Manuel Alfonso Est\u00e9vez","twitter_card":"summary_large_image","twitter_creator":"@APeneira","twitter_site":"@APeneira","twitter_misc":{"Escrito por":"Manuel Alfonso Est\u00e9vez","Tempo de lectura":"5 minutos"},"schema":{"@context":"https:\/\/schema.org","@graph":[{"@type":"Article","@id":"https:\/\/www.anovapeneira.gal\/index.php\/2024\/01\/12\/fillo-de-salvaterra-do-mino-republicano-e-galeguista-un-dos-vos-e-xenerosos\/#article","isPartOf":{"@id":"https:\/\/www.anovapeneira.gal\/index.php\/2024\/01\/12\/fillo-de-salvaterra-do-mino-republicano-e-galeguista-un-dos-vos-e-xenerosos\/"},"author":{"name":"Manuel Alfonso Est\u00e9vez","@id":"https:\/\/www.anovapeneira.gal\/#\/schema\/person\/6561b93d53e7a32f5d814768163bae2a"},"headline":"Fillo de Salvaterra do Mi\u00f1o, republicano e galeguista, un dos vos e xenerosos","datePublished":"2024-01-12T11:00:45+00:00","mainEntityOfPage":{"@id":"https:\/\/www.anovapeneira.gal\/index.php\/2024\/01\/12\/fillo-de-salvaterra-do-mino-republicano-e-galeguista-un-dos-vos-e-xenerosos\/"},"wordCount":912,"commentCount":0,"publisher":{"@id":"https:\/\/www.anovapeneira.gal\/#organization"},"image":{"@id":"https:\/\/www.anovapeneira.gal\/index.php\/2024\/01\/12\/fillo-de-salvaterra-do-mino-republicano-e-galeguista-un-dos-vos-e-xenerosos\/#primaryimage"},"thumbnailUrl":"https:\/\/www.anovapeneira.gal\/wp-content\/uploads\/2021\/03\/manuel_alfonso_estevez.jpg","articleSection":["Artigos de opini\u00f3n"],"inLanguage":"gl-ES","potentialAction":[{"@type":"CommentAction","name":"Comment","target":["https:\/\/www.anovapeneira.gal\/index.php\/2024\/01\/12\/fillo-de-salvaterra-do-mino-republicano-e-galeguista-un-dos-vos-e-xenerosos\/#respond"]}]},{"@type":"WebPage","@id":"https:\/\/www.anovapeneira.gal\/index.php\/2024\/01\/12\/fillo-de-salvaterra-do-mino-republicano-e-galeguista-un-dos-vos-e-xenerosos\/","url":"https:\/\/www.anovapeneira.gal\/index.php\/2024\/01\/12\/fillo-de-salvaterra-do-mino-republicano-e-galeguista-un-dos-vos-e-xenerosos\/","name":"Fillo de Salvaterra do Mi\u00f1o, republicano e galeguista, un dos vos e xenerosos -","isPartOf":{"@id":"https:\/\/www.anovapeneira.gal\/#website"},"primaryImageOfPage":{"@id":"https:\/\/www.anovapeneira.gal\/index.php\/2024\/01\/12\/fillo-de-salvaterra-do-mino-republicano-e-galeguista-un-dos-vos-e-xenerosos\/#primaryimage"},"image":{"@id":"https:\/\/www.anovapeneira.gal\/index.php\/2024\/01\/12\/fillo-de-salvaterra-do-mino-republicano-e-galeguista-un-dos-vos-e-xenerosos\/#primaryimage"},"thumbnailUrl":"https:\/\/www.anovapeneira.gal\/wp-content\/uploads\/2021\/03\/manuel_alfonso_estevez.jpg","datePublished":"2024-01-12T11:00:45+00:00","breadcrumb":{"@id":"https:\/\/www.anovapeneira.gal\/index.php\/2024\/01\/12\/fillo-de-salvaterra-do-mino-republicano-e-galeguista-un-dos-vos-e-xenerosos\/#breadcrumb"},"inLanguage":"gl-ES","potentialAction":[{"@type":"ReadAction","target":["https:\/\/www.anovapeneira.gal\/index.php\/2024\/01\/12\/fillo-de-salvaterra-do-mino-republicano-e-galeguista-un-dos-vos-e-xenerosos\/"]}]},{"@type":"ImageObject","inLanguage":"gl-ES","@id":"https:\/\/www.anovapeneira.gal\/index.php\/2024\/01\/12\/fillo-de-salvaterra-do-mino-republicano-e-galeguista-un-dos-vos-e-xenerosos\/#primaryimage","url":"https:\/\/www.anovapeneira.gal\/wp-content\/uploads\/2021\/03\/manuel_alfonso_estevez.jpg","contentUrl":"https:\/\/www.anovapeneira.gal\/wp-content\/uploads\/2021\/03\/manuel_alfonso_estevez.jpg","width":720,"height":432,"caption":"Manuel Alfonso Est\u00e9vez. Historia viva de Fornelos da Ribeira"},{"@type":"BreadcrumbList","@id":"https:\/\/www.anovapeneira.gal\/index.php\/2024\/01\/12\/fillo-de-salvaterra-do-mino-republicano-e-galeguista-un-dos-vos-e-xenerosos\/#breadcrumb","itemListElement":[{"@type":"ListItem","position":1,"name":"Portada","item":"https:\/\/www.anovapeneira.gal\/"},{"@type":"ListItem","position":2,"name":"Fillo de Salvaterra do Mi\u00f1o, republicano e galeguista, un dos vos e xenerosos"}]},{"@type":"WebSite","@id":"https:\/\/www.anovapeneira.gal\/#website","url":"https:\/\/www.anovapeneira.gal\/","name":"","description":"Xornal galego de informaci\u00f3n xeral Publicaci\u00f3n mensual de novas de Galicia e en especial dos Concellos da sur da provincia de Pontevedra.","publisher":{"@id":"https:\/\/www.anovapeneira.gal\/#organization"},"potentialAction":[{"@type":"SearchAction","target":{"@type":"EntryPoint","urlTemplate":"https:\/\/www.anovapeneira.gal\/?s={search_term_string}"},"query-input":{"@type":"PropertyValueSpecification","valueRequired":true,"valueName":"search_term_string"}}],"inLanguage":"gl-ES"},{"@type":"Organization","@id":"https:\/\/www.anovapeneira.gal\/#organization","name":"A Nova Peneira","url":"https:\/\/www.anovapeneira.gal\/","logo":{"@type":"ImageObject","inLanguage":"gl-ES","@id":"https:\/\/www.anovapeneira.gal\/#\/schema\/logo\/image\/","url":"http:\/\/www.anovapeneira.gal\/wp-content\/uploads\/2019\/06\/logo_a_nova_peneira_portal_web.png","contentUrl":"http:\/\/www.anovapeneira.gal\/wp-content\/uploads\/2019\/06\/logo_a_nova_peneira_portal_web.png","width":300,"height":100,"caption":"A Nova Peneira"},"image":{"@id":"https:\/\/www.anovapeneira.gal\/#\/schema\/logo\/image\/"},"sameAs":["https:\/\/www.facebook.com\/anovapeneira","https:\/\/x.com\/APeneira"]},{"@type":"Person","@id":"https:\/\/www.anovapeneira.gal\/#\/schema\/person\/6561b93d53e7a32f5d814768163bae2a","name":"Manuel Alfonso Est\u00e9vez","image":{"@type":"ImageObject","inLanguage":"gl-ES","@id":"https:\/\/secure.gravatar.com\/avatar\/f5d3e86603a02dabc520fdacad8691552cb5b3b57ede8828ababc7095c054594?s=96&d=mm&r=g","url":"https:\/\/secure.gravatar.com\/avatar\/f5d3e86603a02dabc520fdacad8691552cb5b3b57ede8828ababc7095c054594?s=96&d=mm&r=g","contentUrl":"https:\/\/secure.gravatar.com\/avatar\/f5d3e86603a02dabc520fdacad8691552cb5b3b57ede8828ababc7095c054594?s=96&d=mm&r=g","caption":"Manuel Alfonso Est\u00e9vez"},"url":"https:\/\/www.anovapeneira.gal\/index.php\/author\/manuelalfonso\/"}]}},"jetpack_featured_media_url":"https:\/\/www.anovapeneira.gal\/wp-content\/uploads\/2021\/03\/manuel_alfonso_estevez.jpg","_links":{"self":[{"href":"https:\/\/www.anovapeneira.gal\/index.php\/wp-json\/wp\/v2\/posts\/11056","targetHints":{"allow":["GET"]}}],"collection":[{"href":"https:\/\/www.anovapeneira.gal\/index.php\/wp-json\/wp\/v2\/posts"}],"about":[{"href":"https:\/\/www.anovapeneira.gal\/index.php\/wp-json\/wp\/v2\/types\/post"}],"author":[{"embeddable":true,"href":"https:\/\/www.anovapeneira.gal\/index.php\/wp-json\/wp\/v2\/users\/40"}],"replies":[{"embeddable":true,"href":"https:\/\/www.anovapeneira.gal\/index.php\/wp-json\/wp\/v2\/comments?post=11056"}],"version-history":[{"count":2,"href":"https:\/\/www.anovapeneira.gal\/index.php\/wp-json\/wp\/v2\/posts\/11056\/revisions"}],"predecessor-version":[{"id":11058,"href":"https:\/\/www.anovapeneira.gal\/index.php\/wp-json\/wp\/v2\/posts\/11056\/revisions\/11058"}],"wp:featuredmedia":[{"embeddable":true,"href":"https:\/\/www.anovapeneira.gal\/index.php\/wp-json\/wp\/v2\/media\/5108"}],"wp:attachment":[{"href":"https:\/\/www.anovapeneira.gal\/index.php\/wp-json\/wp\/v2\/media?parent=11056"}],"wp:term":[{"taxonomy":"category","embeddable":true,"href":"https:\/\/www.anovapeneira.gal\/index.php\/wp-json\/wp\/v2\/categories?post=11056"},{"taxonomy":"post_tag","embeddable":true,"href":"https:\/\/www.anovapeneira.gal\/index.php\/wp-json\/wp\/v2\/tags?post=11056"}],"curies":[{"name":"wp","href":"https:\/\/api.w.org\/{rel}","templated":true}]}}