{"id":11061,"date":"2024-01-15T12:00:15","date_gmt":"2024-01-15T11:00:15","guid":{"rendered":"https:\/\/www.anovapeneira.gal\/?p=11061"},"modified":"2024-01-12T11:56:34","modified_gmt":"2024-01-12T10:56:34","slug":"gustavo-barcia-portavoz-municipal-de-bng-de-mos","status":"publish","type":"post","link":"https:\/\/www.anovapeneira.gal\/index.php\/2024\/01\/15\/gustavo-barcia-portavoz-municipal-de-bng-de-mos\/","title":{"rendered":"Gustavo Barcia, Portavoz Municipal de BNG de Mos"},"content":{"rendered":"\n<p><strong>O ano comeza en Mos igual que acabou o ante<\/strong><strong>rior: cun desastre econ\u00f3mico na xesti\u00f3n das finanzas municipais e coa alcaldesa de Mos tratando a oposici\u00f3n pol\u00edtica, representantes de boa parte da veci\u00f1anza, como inimigos no canto de como adversarios. \u201c Lecciones las justas\u201d dic\u00eda Nidia Ar\u00e9valo no pleno de decembro. Cando o intelixente \u00e9 xusto o contrario: lecci\u00f3ns sen l\u00edmite, pois as lecci\u00f3ns son o alimento da alma das persoas intelixentes e humildes. Falamos co portavoz dos nacionalistas de Mos para co\u00f1ecer a s\u00faa visi\u00f3n sobre o estado das cousas no seu pobo.<\/strong><\/p>\n\n\n\n<h2 class=\"wp-block-heading\">\u201c <strong>O desastre na xesti\u00f3n econ\u00f3mica e as malas formas da alcaldesa de Mos non melloraron, van a peor\u201d<\/strong><\/h2>\n\n\n\n<p><strong>Imos falar de Sangui\u00f1eda. Ti es das persoas que queren que ve\u00f1an O Corte Ingl\u00e9s, Alcampo, Primark, Mercadona, Ikea&#8230;?<\/strong><\/p>\n\n\n\n<blockquote class=\"wp-block-quote is-layout-flow wp-block-quote-is-layout-flow\">\n<p>O BNG presentou unha moci\u00f3n no concello para regular e racionalizar a instalaci\u00f3n de superficies comerciais en Sangui\u00f1eda. N\u00f3s fix\u00e9molo en Mos e o BNG de Porri\u00f1o tam\u00e9n fixo o mesmo no seu concello, porque esta zona \u00e9 a entrada principal ao Porri\u00f1o.<\/p>\n<\/blockquote>\n\n\n\n<blockquote class=\"wp-block-quote is-layout-flow wp-block-quote-is-layout-flow\">\n<p>A alcaldesa de Mos dixo que estaba encantada que vi\u00f1esen todas as grandes superficies a Mos, quere facer de Sangui\u00f1eda un gran centro comercial. Con todo, o PP no Porri\u00f1o apoiou a moci\u00f3n do BNG.<\/p>\n<\/blockquote>\n\n\n\n<blockquote class=\"wp-block-quote is-layout-flow wp-block-quote-is-layout-flow\">\n<p>Neste n\u00facleo de poboaci\u00f3n de Sangui\u00f1eda xa hai seis grandes superficies e queren abrir tres m\u00e1is: Macdonals, Sprinter e Ferreking. Solicitamos que se modificar\u00e1 o Plan Xeral para que se declarase esta zona ao cento por cento ocupada, dix\u00e9ronnos que non. Ped\u00edmoslles que falasen con Fomento para que establecesen mellores comunicaci\u00f3ns e a actitude da alcaldesa foi de hostilidade e de prepotencia.<\/p>\n<\/blockquote>\n\n\n\n<p><strong>Hai m\u00e1is grandes superficies en Sangui\u00f1eda das que se necesitan?<\/strong><\/p>\n\n\n\n<blockquote class=\"wp-block-quote is-layout-flow wp-block-quote-is-layout-flow\">\n<p>Estas son \u00e1reas comerciais que non abren para dar servizo a Mos e a Porri\u00f1o, sen\u00f3n para atraer clientela de toda a provincia. Esta zona est\u00e1 a 10 minutos de Vigo e a 10 Minutos de Tui- Portugal. Agora hai atascos na propia autov\u00eda e na N-550.Non \u00e9 asumible toda esta cantidade de tr\u00e1fico para esta contorna .<\/p>\n<\/blockquote>\n\n\n\n<blockquote class=\"wp-block-quote is-layout-flow wp-block-quote-is-layout-flow\">\n<p>N\u00f3s o que lle pedimos \u00e9 que fagan un estudo conxunto con Porri\u00f1o do tr\u00e1fico de toda a \u00e1rea, isto \u00e9 fundamental. Aldi fixo un estudo de tr\u00e1fico das d\u00faas rotondas. Isto non \u00e9 suficiente. Non est\u00e1n neste estudo as entradas e sa\u00eddas de Porri\u00f1o, a N-550, a Avenida Sangui\u00f1eda nin a autov\u00eda. Isto \u00e9 esencial para poder facer un plan de tr\u00e1fico e tomar as medidas oportunas.<\/p>\n<\/blockquote>\n\n\n\n<p><strong>O BNG est\u00e1 a facer unha campa\u00f1a de concienciaci\u00f3n sobre leste tema, verdade?<\/strong><\/p>\n\n\n\n<blockquote class=\"wp-block-quote is-layout-flow wp-block-quote-is-layout-flow\">\n<p>Si. Incluso veu a senadora do BNG para co\u00f1ecer in situ o problema e trasladarlle ao ministerio de transportes o que aqu\u00ed acontece.<\/p>\n<\/blockquote>\n\n\n\n<p><strong>Como est\u00e1 o tema do proxecto do Celta en Tameiga?<\/strong><\/p>\n\n\n\n<blockquote class=\"wp-block-quote is-layout-flow wp-block-quote-is-layout-flow\">\n<p>Aprobouse por parte da Xunta de Galicia a figura de \u201cDeclaraci\u00f3n de interese auton\u00f3mico\u201d e de momento est\u00e1 a cousa como en espera. Agora v\u00f3lvese a iniciar o proceso dos informes sectoriais de todos os afectados. Informes da Xunta de Galicia, de Axencia A\u00e9rea e de Augas. Xa non fai falta o informe de fomento porque van desviar o tr\u00e1fico polo CUVI, as\u00ed s\u00f3 afecta a estradas provinciais e auton\u00f3micas e poden prescindir de Fomento. Isto prolongarase varios meses creo eu.<\/p>\n<\/blockquote>\n\n\n\n<blockquote class=\"wp-block-quote is-layout-flow wp-block-quote-is-layout-flow\">\n<p>Hai varias denuncias en tr\u00e1mite e xa se resolveu definitivamente que as licenzas son ilegais.<\/p>\n<\/blockquote>\n\n\n\n<p><strong>Que licenzas?<\/strong><\/p>\n\n\n\n<blockquote class=\"wp-block-quote is-layout-flow wp-block-quote-is-layout-flow\">\n<p>As que deu o Concello de Mos. O Tribunal Superior de Galicia declarounas ilegais, que non pod\u00edan ser directas a trav\u00e9s do concello, sen\u00f3n que te\u00f1en que ser dadas a trav\u00e9s dun plan xeral. Agora qu\u00e9reno legalizar a trav\u00e9s do intersectorial auton\u00f3mico, pero tam\u00e9n est\u00e1 denunciado polos veci\u00f1os.<\/p>\n<\/blockquote>\n\n\n\n<p><strong>Faime unha avaliaci\u00f3n global de como empezou este novo mandato o PP de Mos.<\/strong><\/p>\n\n\n\n<blockquote class=\"wp-block-quote is-layout-flow wp-block-quote-is-layout-flow\">\n<p>A cousa non mellorou, a\u00ednda que te\u00f1en un concelleiro m\u00e1is. Hai un descontrol tremendo nas contas cun remanente negativo de 1.100.000\u20ac. Este tense que asumir nos orzamentos deste ano. Agora est\u00e1n a subir impostos e taxas para minimizalo.<\/p>\n<\/blockquote>\n\n\n\n<p><strong>Que taxas subiron?<\/strong><\/p>\n\n\n\n<blockquote class=\"wp-block-quote is-layout-flow wp-block-quote-is-layout-flow\">\n<p>Subiron o IBI , a plusval\u00eda, o IAE e van aumentar as taxas da piscina municipal.<\/p>\n<\/blockquote>\n\n\n\n<blockquote class=\"wp-block-quote is-layout-flow wp-block-quote-is-layout-flow\">\n<p>Curiosamente o PP noutros concellos, como no de Salceda, que non goberna, votou en contra da subida do IBI. N\u00f3s votamos en contra porque \u00e9 unha subida excesiva dun 30%, xa llo advertimos cando o baixaron que non ti\u00f1an un estudo feito por si era viable. Agora dem\u00f3strase que non. Isto \u00e9 consecuencia da mala xesti\u00f3n econ\u00f3mica e da subida salarial que se acaban de adxudicar coas dedicaci\u00f3ns exclusivas.<\/p>\n<\/blockquote>\n\n\n\n<p><strong>Expl\u00edcame ben isto, canto se aumentaron as dedicaci\u00f3ns?<\/strong><\/p>\n\n\n\n<blockquote class=\"wp-block-quote is-layout-flow wp-block-quote-is-layout-flow\">\n<p>15.000\u20ac para a media dedicaci\u00f3n de Laura, a nova concelleira, 7.000\u20ac de aumento para a portavoc\u00eda do PP ,crearon un novo posto de persoal de confianza por 38.000\u20ac, m\u00e1is unha dedicaci\u00f3n parcial para o concelleiro de urbanismo de 23.850\u20ac. Os gastos en salarios do goberno de Mos no 2019 eran de 179.247 \u20ac ,e no ano 2023 son de 243.748<\/p>\n<\/blockquote>\n\n\n\n<p><strong>Pero a alcaldesa renunciou ao seu salario, non?<\/strong><\/p>\n\n\n\n<blockquote class=\"wp-block-quote is-layout-flow wp-block-quote-is-layout-flow\">\n<p>Porque s\u00f3 pode cobrar dun organismo p\u00fablico. Ou cobra o salario de alcaldesa ou o de senadora, ambos soldos non son compatibles .Cobra m\u00e1is como senadora e curiosamente escolleu renunciar ao soldo do concello e cobrar do Senado.<\/p>\n<\/blockquote>\n\n\n\n<p><strong>Falemos das formas da alcaldesa?<\/strong><\/p>\n\n\n\n<blockquote class=\"wp-block-quote is-layout-flow wp-block-quote-is-layout-flow\">\n<p>A alcaldesa non tolera que se lle leve a contraria e as s\u00faas malas formas van cada vez a m\u00e1is. Cando n\u00f3s facemos algunha achega no pleno, dinnos que imos enredar. A desastrosa xesti\u00f3n econ\u00f3mica e as s\u00faas malas formas non melloran, empeoran.<\/p>\n<\/blockquote>\n\n\n\n<p><strong>Como son as relaci\u00f3ns co outro grupo de oposici\u00f3n, o PSOE?<\/strong><\/p>\n\n\n\n<blockquote class=\"wp-block-quote is-layout-flow wp-block-quote-is-layout-flow\">\n<p>Temos relaci\u00f3ns flu\u00eddas e de boa comunicaci\u00f3n. A\u00ednda que non estamos de acordo nalg\u00fans puntos se hai algunha iniciativa sempre o falamos e tratamos de buscar puntos de consenso.<\/p>\n<\/blockquote>\n\n\n\n<p><strong>Non se prev\u00e9n as tensi\u00f3ns de mandatos anteriores que derivaron en varios episodios de transfuguismo, non?<\/strong><\/p>\n\n\n\n<blockquote class=\"wp-block-quote is-layout-flow wp-block-quote-is-layout-flow\">\n<p>Na historia do BNG de Mos nunca houbo un tr\u00e1nsfuga. Este mandato parece que a outra forza de oposici\u00f3n do noso concello fixo mellor as cousas \u00e1 hora de elaborar as s\u00faas listas e nada indica que aqueles lamentables episodios se volvan repetir.<\/p>\n<\/blockquote>\n\n\n\n<p><strong>Nas elecci\u00f3ns de maio o PP sobe de 9 a 10 actas por moi poucos votos. Alg\u00fans menos dos 126 que apa\u00f1ou Podemos Mos. Sabes que tipo de traballo pol\u00edtico fai Podemos Mos?<\/strong><\/p>\n\n\n\n<blockquote class=\"wp-block-quote is-layout-flow wp-block-quote-is-layout-flow\">\n<p>Non me consta que Podemos Mos exista. E desde logo non me consta que fagan ning\u00fan tipo de traballo pol\u00edtico.<\/p>\n<\/blockquote>\n\n\n\n<p><strong>O votante progresistas de Mos pode ter a esperanza de que isto acabe alg\u00fan d\u00eda?<\/strong><\/p>\n\n\n\n<blockquote class=\"wp-block-quote is-layout-flow wp-block-quote-is-layout-flow\">\n<p>Te\u00f1en que ter claro que non s\u00f3 basta con queixarse, que hai que actuar e maneira de actuar que te\u00f1en \u00e9 ir votar, reunirse e participar nos movementos veci\u00f1ais pero, que te\u00f1an a seguridade de que esta situaci\u00f3n vai mudar m\u00e1is cedo que tarde. O caciquismo herdado do PP da \u00e9poca de Franco ten que cambiar e vai acabar.<\/p>\n<\/blockquote>\n\n\n\n<p><strong>Como est\u00e1 a sa\u00fade interna do BNG de Mos?<\/strong><\/p>\n\n\n\n<blockquote class=\"wp-block-quote is-layout-flow wp-block-quote-is-layout-flow\">\n<p>M\u00e1is forte ca nunca, quedamos a 80 votos de obter o cuarto concelleiro e temos claro que temos un inmenso potencial de crecemento.<\/p>\n<\/blockquote>\n\n\n\n<p><strong>Como ves as pr\u00f3ximas elecci\u00f3ns auton\u00f3micas de febreiro?<\/strong><\/p>\n\n\n\n<blockquote class=\"wp-block-quote is-layout-flow wp-block-quote-is-layout-flow\">\n<p>Vexo que por primeira vez na historia o nacionalismo galego pode chegar a gobernar o noso pa\u00eds. Non vai ser f\u00e1cil, pero pode ser posible se todo o voto do cambio se concentra arredor do BNG. N\u00f3s estamos moi ilusionados e por traballo e esforzo non vai quedar.<\/p>\n<\/blockquote>\n","protected":false},"excerpt":{"rendered":"<div class=\"mh-excerpt\"><p>O ano comeza en Mos igual que acabou o anterior: cun desastre econ\u00f3mico na xesti\u00f3n das finanzas municipais e coa alcaldesa de Mos tratando a oposici\u00f3n pol\u00edtica, representantes de boa parte da veci\u00f1anza, como inimigos no canto de como adversarios. <a class=\"mh-excerpt-more\" href=\"https:\/\/www.anovapeneira.gal\/index.php\/2024\/01\/15\/gustavo-barcia-portavoz-municipal-de-bng-de-mos\/\" title=\"Gustavo Barcia, Portavoz Municipal de BNG de Mos\">[&#8230;]<\/a><\/p>\n<\/div>","protected":false},"author":2,"featured_media":4012,"comment_status":"open","ping_status":"open","sticky":false,"template":"","format":"standard","meta":{"_exactmetrics_skip_tracking":false,"_exactmetrics_sitenote_active":false,"_exactmetrics_sitenote_note":"","_exactmetrics_sitenote_category":0,"footnotes":""},"categories":[265],"tags":[218],"class_list":{"0":"post-11061","1":"post","2":"type-post","3":"status-publish","4":"format-standard","5":"has-post-thumbnail","7":"category-a-lourina-entrevistas","8":"tag-concello-de-mos"},"yoast_head":"<!-- This site is optimized with the Yoast SEO plugin v27.4 - https:\/\/yoast.com\/product\/yoast-seo-wordpress\/ -->\n<title>Gustavo Barcia, Portavoz Municipal de BNG de Mos -<\/title>\n<meta name=\"description\" content=\"O ano comeza en Mos igual que acabou o anterior: cun desastre econ\u00f3mico na xesti\u00f3n das finanzas municipais e coa alcaldesa de Mos tratando a oposici\u00f3n pol\u00edtica, representantes de boa parte da veci\u00f1anza, como inimigos no canto de como adversarios.\" \/>\n<meta name=\"robots\" content=\"index, follow, max-snippet:-1, max-image-preview:large, max-video-preview:-1\" \/>\n<link rel=\"canonical\" href=\"https:\/\/www.anovapeneira.gal\/index.php\/2024\/01\/15\/gustavo-barcia-portavoz-municipal-de-bng-de-mos\/\" \/>\n<meta property=\"og:locale\" content=\"gl_ES\" \/>\n<meta property=\"og:type\" content=\"article\" \/>\n<meta property=\"og:title\" content=\"Gustavo Barcia, Portavoz Municipal de BNG de Mos -\" \/>\n<meta property=\"og:description\" content=\"O ano comeza en Mos igual que acabou o anterior: cun desastre econ\u00f3mico na xesti\u00f3n das finanzas municipais e coa alcaldesa de Mos tratando a oposici\u00f3n pol\u00edtica, representantes de boa parte da veci\u00f1anza, como inimigos no canto de como adversarios.\" \/>\n<meta property=\"og:url\" content=\"https:\/\/www.anovapeneira.gal\/index.php\/2024\/01\/15\/gustavo-barcia-portavoz-municipal-de-bng-de-mos\/\" \/>\n<meta property=\"article:publisher\" content=\"https:\/\/www.facebook.com\/anovapeneira\" \/>\n<meta property=\"article:published_time\" content=\"2024-01-15T11:00:15+00:00\" \/>\n<meta property=\"og:image\" content=\"https:\/\/www.anovapeneira.gal\/wp-content\/uploads\/2020\/09\/gustavo_barcia_bng_mos_a_nova_peneira.jpg\" \/>\n\t<meta property=\"og:image:width\" content=\"720\" \/>\n\t<meta property=\"og:image:height\" content=\"432\" \/>\n\t<meta property=\"og:image:type\" content=\"image\/jpeg\" \/>\n<meta name=\"author\" content=\"Tino Lago\" \/>\n<meta name=\"twitter:card\" content=\"summary_large_image\" \/>\n<meta name=\"twitter:creator\" content=\"@APeneira\" \/>\n<meta name=\"twitter:site\" content=\"@APeneira\" \/>\n<meta name=\"twitter:label1\" content=\"Escrito por\" \/>\n\t<meta name=\"twitter:data1\" content=\"Tino Lago\" \/>\n\t<meta name=\"twitter:label2\" content=\"Tempo de lectura\" \/>\n\t<meta name=\"twitter:data2\" content=\"2 minutos\" \/>\n<script type=\"application\/ld+json\" class=\"yoast-schema-graph\">{\"@context\":\"https:\\\/\\\/schema.org\",\"@graph\":[{\"@type\":\"Article\",\"@id\":\"https:\\\/\\\/www.anovapeneira.gal\\\/index.php\\\/2024\\\/01\\\/15\\\/gustavo-barcia-portavoz-municipal-de-bng-de-mos\\\/#article\",\"isPartOf\":{\"@id\":\"https:\\\/\\\/www.anovapeneira.gal\\\/index.php\\\/2024\\\/01\\\/15\\\/gustavo-barcia-portavoz-municipal-de-bng-de-mos\\\/\"},\"author\":{\"name\":\"Tino Lago\",\"@id\":\"https:\\\/\\\/www.anovapeneira.gal\\\/#\\\/schema\\\/person\\\/424dfe65e3070fd8a44d22d2c088762a\"},\"headline\":\"Gustavo Barcia, Portavoz Municipal de BNG de Mos\",\"datePublished\":\"2024-01-15T11:00:15+00:00\",\"mainEntityOfPage\":{\"@id\":\"https:\\\/\\\/www.anovapeneira.gal\\\/index.php\\\/2024\\\/01\\\/15\\\/gustavo-barcia-portavoz-municipal-de-bng-de-mos\\\/\"},\"wordCount\":1328,\"commentCount\":0,\"publisher\":{\"@id\":\"https:\\\/\\\/www.anovapeneira.gal\\\/#organization\"},\"image\":{\"@id\":\"https:\\\/\\\/www.anovapeneira.gal\\\/index.php\\\/2024\\\/01\\\/15\\\/gustavo-barcia-portavoz-municipal-de-bng-de-mos\\\/#primaryimage\"},\"thumbnailUrl\":\"https:\\\/\\\/www.anovapeneira.gal\\\/wp-content\\\/uploads\\\/2020\\\/09\\\/gustavo_barcia_bng_mos_a_nova_peneira.jpg\",\"keywords\":[\"Concello de Mos\"],\"articleSection\":[\"A Louri\u00f1a\"],\"inLanguage\":\"gl-ES\",\"potentialAction\":[{\"@type\":\"CommentAction\",\"name\":\"Comment\",\"target\":[\"https:\\\/\\\/www.anovapeneira.gal\\\/index.php\\\/2024\\\/01\\\/15\\\/gustavo-barcia-portavoz-municipal-de-bng-de-mos\\\/#respond\"]}]},{\"@type\":\"WebPage\",\"@id\":\"https:\\\/\\\/www.anovapeneira.gal\\\/index.php\\\/2024\\\/01\\\/15\\\/gustavo-barcia-portavoz-municipal-de-bng-de-mos\\\/\",\"url\":\"https:\\\/\\\/www.anovapeneira.gal\\\/index.php\\\/2024\\\/01\\\/15\\\/gustavo-barcia-portavoz-municipal-de-bng-de-mos\\\/\",\"name\":\"Gustavo Barcia, Portavoz Municipal de BNG de Mos -\",\"isPartOf\":{\"@id\":\"https:\\\/\\\/www.anovapeneira.gal\\\/#website\"},\"primaryImageOfPage\":{\"@id\":\"https:\\\/\\\/www.anovapeneira.gal\\\/index.php\\\/2024\\\/01\\\/15\\\/gustavo-barcia-portavoz-municipal-de-bng-de-mos\\\/#primaryimage\"},\"image\":{\"@id\":\"https:\\\/\\\/www.anovapeneira.gal\\\/index.php\\\/2024\\\/01\\\/15\\\/gustavo-barcia-portavoz-municipal-de-bng-de-mos\\\/#primaryimage\"},\"thumbnailUrl\":\"https:\\\/\\\/www.anovapeneira.gal\\\/wp-content\\\/uploads\\\/2020\\\/09\\\/gustavo_barcia_bng_mos_a_nova_peneira.jpg\",\"datePublished\":\"2024-01-15T11:00:15+00:00\",\"description\":\"O ano comeza en Mos igual que acabou o anterior: cun desastre econ\u00f3mico na xesti\u00f3n das finanzas municipais e coa alcaldesa de Mos tratando a oposici\u00f3n pol\u00edtica, representantes de boa parte da veci\u00f1anza, como inimigos no canto de como adversarios.\",\"breadcrumb\":{\"@id\":\"https:\\\/\\\/www.anovapeneira.gal\\\/index.php\\\/2024\\\/01\\\/15\\\/gustavo-barcia-portavoz-municipal-de-bng-de-mos\\\/#breadcrumb\"},\"inLanguage\":\"gl-ES\",\"potentialAction\":[{\"@type\":\"ReadAction\",\"target\":[\"https:\\\/\\\/www.anovapeneira.gal\\\/index.php\\\/2024\\\/01\\\/15\\\/gustavo-barcia-portavoz-municipal-de-bng-de-mos\\\/\"]}]},{\"@type\":\"ImageObject\",\"inLanguage\":\"gl-ES\",\"@id\":\"https:\\\/\\\/www.anovapeneira.gal\\\/index.php\\\/2024\\\/01\\\/15\\\/gustavo-barcia-portavoz-municipal-de-bng-de-mos\\\/#primaryimage\",\"url\":\"https:\\\/\\\/www.anovapeneira.gal\\\/wp-content\\\/uploads\\\/2020\\\/09\\\/gustavo_barcia_bng_mos_a_nova_peneira.jpg\",\"contentUrl\":\"https:\\\/\\\/www.anovapeneira.gal\\\/wp-content\\\/uploads\\\/2020\\\/09\\\/gustavo_barcia_bng_mos_a_nova_peneira.jpg\",\"width\":720,\"height\":432,\"caption\":\"Gustavo Barcia BNG Mos\"},{\"@type\":\"BreadcrumbList\",\"@id\":\"https:\\\/\\\/www.anovapeneira.gal\\\/index.php\\\/2024\\\/01\\\/15\\\/gustavo-barcia-portavoz-municipal-de-bng-de-mos\\\/#breadcrumb\",\"itemListElement\":[{\"@type\":\"ListItem\",\"position\":1,\"name\":\"Portada\",\"item\":\"https:\\\/\\\/www.anovapeneira.gal\\\/\"},{\"@type\":\"ListItem\",\"position\":2,\"name\":\"Gustavo Barcia, Portavoz Municipal de BNG de Mos\"}]},{\"@type\":\"WebSite\",\"@id\":\"https:\\\/\\\/www.anovapeneira.gal\\\/#website\",\"url\":\"https:\\\/\\\/www.anovapeneira.gal\\\/\",\"name\":\"\",\"description\":\"Xornal galego de informaci\u00f3n xeral Publicaci\u00f3n mensual de novas de Galicia e en especial dos Concellos da sur da provincia de Pontevedra.\",\"publisher\":{\"@id\":\"https:\\\/\\\/www.anovapeneira.gal\\\/#organization\"},\"potentialAction\":[{\"@type\":\"SearchAction\",\"target\":{\"@type\":\"EntryPoint\",\"urlTemplate\":\"https:\\\/\\\/www.anovapeneira.gal\\\/?s={search_term_string}\"},\"query-input\":{\"@type\":\"PropertyValueSpecification\",\"valueRequired\":true,\"valueName\":\"search_term_string\"}}],\"inLanguage\":\"gl-ES\"},{\"@type\":\"Organization\",\"@id\":\"https:\\\/\\\/www.anovapeneira.gal\\\/#organization\",\"name\":\"A Nova Peneira\",\"url\":\"https:\\\/\\\/www.anovapeneira.gal\\\/\",\"logo\":{\"@type\":\"ImageObject\",\"inLanguage\":\"gl-ES\",\"@id\":\"https:\\\/\\\/www.anovapeneira.gal\\\/#\\\/schema\\\/logo\\\/image\\\/\",\"url\":\"http:\\\/\\\/www.anovapeneira.gal\\\/wp-content\\\/uploads\\\/2019\\\/06\\\/logo_a_nova_peneira_portal_web.png\",\"contentUrl\":\"http:\\\/\\\/www.anovapeneira.gal\\\/wp-content\\\/uploads\\\/2019\\\/06\\\/logo_a_nova_peneira_portal_web.png\",\"width\":300,\"height\":100,\"caption\":\"A Nova Peneira\"},\"image\":{\"@id\":\"https:\\\/\\\/www.anovapeneira.gal\\\/#\\\/schema\\\/logo\\\/image\\\/\"},\"sameAs\":[\"https:\\\/\\\/www.facebook.com\\\/anovapeneira\",\"https:\\\/\\\/x.com\\\/APeneira\"]},{\"@type\":\"Person\",\"@id\":\"https:\\\/\\\/www.anovapeneira.gal\\\/#\\\/schema\\\/person\\\/424dfe65e3070fd8a44d22d2c088762a\",\"name\":\"Tino Lago\",\"image\":{\"@type\":\"ImageObject\",\"inLanguage\":\"gl-ES\",\"@id\":\"https:\\\/\\\/secure.gravatar.com\\\/avatar\\\/b3df6a06e44bab3111583b90f0f33a0379ee5e3d22cbadd232d39f21c30c62be?s=96&d=mm&r=g\",\"url\":\"https:\\\/\\\/secure.gravatar.com\\\/avatar\\\/b3df6a06e44bab3111583b90f0f33a0379ee5e3d22cbadd232d39f21c30c62be?s=96&d=mm&r=g\",\"contentUrl\":\"https:\\\/\\\/secure.gravatar.com\\\/avatar\\\/b3df6a06e44bab3111583b90f0f33a0379ee5e3d22cbadd232d39f21c30c62be?s=96&d=mm&r=g\",\"caption\":\"Tino Lago\"},\"sameAs\":[\"http:\\\/\\\/www.anovapeneira.gal\"],\"url\":\"https:\\\/\\\/www.anovapeneira.gal\\\/index.php\\\/author\\\/director\\\/\"}]}<\/script>\n<!-- \/ Yoast SEO plugin. -->","yoast_head_json":{"title":"Gustavo Barcia, Portavoz Municipal de BNG de Mos -","description":"O ano comeza en Mos igual que acabou o anterior: cun desastre econ\u00f3mico na xesti\u00f3n das finanzas municipais e coa alcaldesa de Mos tratando a oposici\u00f3n pol\u00edtica, representantes de boa parte da veci\u00f1anza, como inimigos no canto de como adversarios.","robots":{"index":"index","follow":"follow","max-snippet":"max-snippet:-1","max-image-preview":"max-image-preview:large","max-video-preview":"max-video-preview:-1"},"canonical":"https:\/\/www.anovapeneira.gal\/index.php\/2024\/01\/15\/gustavo-barcia-portavoz-municipal-de-bng-de-mos\/","og_locale":"gl_ES","og_type":"article","og_title":"Gustavo Barcia, Portavoz Municipal de BNG de Mos -","og_description":"O ano comeza en Mos igual que acabou o anterior: cun desastre econ\u00f3mico na xesti\u00f3n das finanzas municipais e coa alcaldesa de Mos tratando a oposici\u00f3n pol\u00edtica, representantes de boa parte da veci\u00f1anza, como inimigos no canto de como adversarios.","og_url":"https:\/\/www.anovapeneira.gal\/index.php\/2024\/01\/15\/gustavo-barcia-portavoz-municipal-de-bng-de-mos\/","article_publisher":"https:\/\/www.facebook.com\/anovapeneira","article_published_time":"2024-01-15T11:00:15+00:00","og_image":[{"width":720,"height":432,"url":"https:\/\/www.anovapeneira.gal\/wp-content\/uploads\/2020\/09\/gustavo_barcia_bng_mos_a_nova_peneira.jpg","type":"image\/jpeg"}],"author":"Tino Lago","twitter_card":"summary_large_image","twitter_creator":"@APeneira","twitter_site":"@APeneira","twitter_misc":{"Escrito por":"Tino Lago","Tempo de lectura":"2 minutos"},"schema":{"@context":"https:\/\/schema.org","@graph":[{"@type":"Article","@id":"https:\/\/www.anovapeneira.gal\/index.php\/2024\/01\/15\/gustavo-barcia-portavoz-municipal-de-bng-de-mos\/#article","isPartOf":{"@id":"https:\/\/www.anovapeneira.gal\/index.php\/2024\/01\/15\/gustavo-barcia-portavoz-municipal-de-bng-de-mos\/"},"author":{"name":"Tino Lago","@id":"https:\/\/www.anovapeneira.gal\/#\/schema\/person\/424dfe65e3070fd8a44d22d2c088762a"},"headline":"Gustavo Barcia, Portavoz Municipal de BNG de Mos","datePublished":"2024-01-15T11:00:15+00:00","mainEntityOfPage":{"@id":"https:\/\/www.anovapeneira.gal\/index.php\/2024\/01\/15\/gustavo-barcia-portavoz-municipal-de-bng-de-mos\/"},"wordCount":1328,"commentCount":0,"publisher":{"@id":"https:\/\/www.anovapeneira.gal\/#organization"},"image":{"@id":"https:\/\/www.anovapeneira.gal\/index.php\/2024\/01\/15\/gustavo-barcia-portavoz-municipal-de-bng-de-mos\/#primaryimage"},"thumbnailUrl":"https:\/\/www.anovapeneira.gal\/wp-content\/uploads\/2020\/09\/gustavo_barcia_bng_mos_a_nova_peneira.jpg","keywords":["Concello de Mos"],"articleSection":["A Louri\u00f1a"],"inLanguage":"gl-ES","potentialAction":[{"@type":"CommentAction","name":"Comment","target":["https:\/\/www.anovapeneira.gal\/index.php\/2024\/01\/15\/gustavo-barcia-portavoz-municipal-de-bng-de-mos\/#respond"]}]},{"@type":"WebPage","@id":"https:\/\/www.anovapeneira.gal\/index.php\/2024\/01\/15\/gustavo-barcia-portavoz-municipal-de-bng-de-mos\/","url":"https:\/\/www.anovapeneira.gal\/index.php\/2024\/01\/15\/gustavo-barcia-portavoz-municipal-de-bng-de-mos\/","name":"Gustavo Barcia, Portavoz Municipal de BNG de Mos -","isPartOf":{"@id":"https:\/\/www.anovapeneira.gal\/#website"},"primaryImageOfPage":{"@id":"https:\/\/www.anovapeneira.gal\/index.php\/2024\/01\/15\/gustavo-barcia-portavoz-municipal-de-bng-de-mos\/#primaryimage"},"image":{"@id":"https:\/\/www.anovapeneira.gal\/index.php\/2024\/01\/15\/gustavo-barcia-portavoz-municipal-de-bng-de-mos\/#primaryimage"},"thumbnailUrl":"https:\/\/www.anovapeneira.gal\/wp-content\/uploads\/2020\/09\/gustavo_barcia_bng_mos_a_nova_peneira.jpg","datePublished":"2024-01-15T11:00:15+00:00","description":"O ano comeza en Mos igual que acabou o anterior: cun desastre econ\u00f3mico na xesti\u00f3n das finanzas municipais e coa alcaldesa de Mos tratando a oposici\u00f3n pol\u00edtica, representantes de boa parte da veci\u00f1anza, como inimigos no canto de como adversarios.","breadcrumb":{"@id":"https:\/\/www.anovapeneira.gal\/index.php\/2024\/01\/15\/gustavo-barcia-portavoz-municipal-de-bng-de-mos\/#breadcrumb"},"inLanguage":"gl-ES","potentialAction":[{"@type":"ReadAction","target":["https:\/\/www.anovapeneira.gal\/index.php\/2024\/01\/15\/gustavo-barcia-portavoz-municipal-de-bng-de-mos\/"]}]},{"@type":"ImageObject","inLanguage":"gl-ES","@id":"https:\/\/www.anovapeneira.gal\/index.php\/2024\/01\/15\/gustavo-barcia-portavoz-municipal-de-bng-de-mos\/#primaryimage","url":"https:\/\/www.anovapeneira.gal\/wp-content\/uploads\/2020\/09\/gustavo_barcia_bng_mos_a_nova_peneira.jpg","contentUrl":"https:\/\/www.anovapeneira.gal\/wp-content\/uploads\/2020\/09\/gustavo_barcia_bng_mos_a_nova_peneira.jpg","width":720,"height":432,"caption":"Gustavo Barcia BNG Mos"},{"@type":"BreadcrumbList","@id":"https:\/\/www.anovapeneira.gal\/index.php\/2024\/01\/15\/gustavo-barcia-portavoz-municipal-de-bng-de-mos\/#breadcrumb","itemListElement":[{"@type":"ListItem","position":1,"name":"Portada","item":"https:\/\/www.anovapeneira.gal\/"},{"@type":"ListItem","position":2,"name":"Gustavo Barcia, Portavoz Municipal de BNG de Mos"}]},{"@type":"WebSite","@id":"https:\/\/www.anovapeneira.gal\/#website","url":"https:\/\/www.anovapeneira.gal\/","name":"","description":"Xornal galego de informaci\u00f3n xeral Publicaci\u00f3n mensual de novas de Galicia e en especial dos Concellos da sur da provincia de Pontevedra.","publisher":{"@id":"https:\/\/www.anovapeneira.gal\/#organization"},"potentialAction":[{"@type":"SearchAction","target":{"@type":"EntryPoint","urlTemplate":"https:\/\/www.anovapeneira.gal\/?s={search_term_string}"},"query-input":{"@type":"PropertyValueSpecification","valueRequired":true,"valueName":"search_term_string"}}],"inLanguage":"gl-ES"},{"@type":"Organization","@id":"https:\/\/www.anovapeneira.gal\/#organization","name":"A Nova Peneira","url":"https:\/\/www.anovapeneira.gal\/","logo":{"@type":"ImageObject","inLanguage":"gl-ES","@id":"https:\/\/www.anovapeneira.gal\/#\/schema\/logo\/image\/","url":"http:\/\/www.anovapeneira.gal\/wp-content\/uploads\/2019\/06\/logo_a_nova_peneira_portal_web.png","contentUrl":"http:\/\/www.anovapeneira.gal\/wp-content\/uploads\/2019\/06\/logo_a_nova_peneira_portal_web.png","width":300,"height":100,"caption":"A Nova Peneira"},"image":{"@id":"https:\/\/www.anovapeneira.gal\/#\/schema\/logo\/image\/"},"sameAs":["https:\/\/www.facebook.com\/anovapeneira","https:\/\/x.com\/APeneira"]},{"@type":"Person","@id":"https:\/\/www.anovapeneira.gal\/#\/schema\/person\/424dfe65e3070fd8a44d22d2c088762a","name":"Tino Lago","image":{"@type":"ImageObject","inLanguage":"gl-ES","@id":"https:\/\/secure.gravatar.com\/avatar\/b3df6a06e44bab3111583b90f0f33a0379ee5e3d22cbadd232d39f21c30c62be?s=96&d=mm&r=g","url":"https:\/\/secure.gravatar.com\/avatar\/b3df6a06e44bab3111583b90f0f33a0379ee5e3d22cbadd232d39f21c30c62be?s=96&d=mm&r=g","contentUrl":"https:\/\/secure.gravatar.com\/avatar\/b3df6a06e44bab3111583b90f0f33a0379ee5e3d22cbadd232d39f21c30c62be?s=96&d=mm&r=g","caption":"Tino Lago"},"sameAs":["http:\/\/www.anovapeneira.gal"],"url":"https:\/\/www.anovapeneira.gal\/index.php\/author\/director\/"}]}},"jetpack_featured_media_url":"https:\/\/www.anovapeneira.gal\/wp-content\/uploads\/2020\/09\/gustavo_barcia_bng_mos_a_nova_peneira.jpg","_links":{"self":[{"href":"https:\/\/www.anovapeneira.gal\/index.php\/wp-json\/wp\/v2\/posts\/11061","targetHints":{"allow":["GET"]}}],"collection":[{"href":"https:\/\/www.anovapeneira.gal\/index.php\/wp-json\/wp\/v2\/posts"}],"about":[{"href":"https:\/\/www.anovapeneira.gal\/index.php\/wp-json\/wp\/v2\/types\/post"}],"author":[{"embeddable":true,"href":"https:\/\/www.anovapeneira.gal\/index.php\/wp-json\/wp\/v2\/users\/2"}],"replies":[{"embeddable":true,"href":"https:\/\/www.anovapeneira.gal\/index.php\/wp-json\/wp\/v2\/comments?post=11061"}],"version-history":[{"count":1,"href":"https:\/\/www.anovapeneira.gal\/index.php\/wp-json\/wp\/v2\/posts\/11061\/revisions"}],"predecessor-version":[{"id":11062,"href":"https:\/\/www.anovapeneira.gal\/index.php\/wp-json\/wp\/v2\/posts\/11061\/revisions\/11062"}],"wp:featuredmedia":[{"embeddable":true,"href":"https:\/\/www.anovapeneira.gal\/index.php\/wp-json\/wp\/v2\/media\/4012"}],"wp:attachment":[{"href":"https:\/\/www.anovapeneira.gal\/index.php\/wp-json\/wp\/v2\/media?parent=11061"}],"wp:term":[{"taxonomy":"category","embeddable":true,"href":"https:\/\/www.anovapeneira.gal\/index.php\/wp-json\/wp\/v2\/categories?post=11061"},{"taxonomy":"post_tag","embeddable":true,"href":"https:\/\/www.anovapeneira.gal\/index.php\/wp-json\/wp\/v2\/tags?post=11061"}],"curies":[{"name":"wp","href":"https:\/\/api.w.org\/{rel}","templated":true}]}}