{"id":11063,"date":"2024-01-16T10:00:46","date_gmt":"2024-01-16T09:00:46","guid":{"rendered":"https:\/\/www.anovapeneira.gal\/?p=11063"},"modified":"2024-01-12T12:02:07","modified_gmt":"2024-01-12T11:02:07","slug":"o-bng-insta-a-jorge-cubela-a-renovar-urxentemente-os-convenios-de-cesion-das-casas-do-pobo-as-entidades-vecinais-de-borela-augasantas-caroi-almofrei-rebordelo-e-tenorio","status":"publish","type":"post","link":"https:\/\/www.anovapeneira.gal\/index.php\/2024\/01\/16\/o-bng-insta-a-jorge-cubela-a-renovar-urxentemente-os-convenios-de-cesion-das-casas-do-pobo-as-entidades-vecinais-de-borela-augasantas-caroi-almofrei-rebordelo-e-tenorio\/","title":{"rendered":"O BNG insta a Jorge Cubela a renovar urxentemente os convenios de cesi\u00f3n das Casas do Pobo \u00e1s entidades veci\u00f1ais de Borela, Augasantas, Caroi, Almofrei, Rebordelo e Tenorio"},"content":{"rendered":"\n<h2 class=\"wp-block-heading\">Ernesto Filgueira es\u00edxelle ao PP que leve a renovaci\u00f3n dos convenios ao pleno municipal de xaneiro para que non haxa inseguridade xur\u00eddica nin se lle quite \u00e1 veci\u00f1anza a posibilidade de se presentar \u00e1s subvenci\u00f3ns da Deputaci\u00f3n Provincial.<\/h2>\n\n\n\n<p><strong>Cerdedo-Cotobade, 9 de xaneiro de 2024.<\/strong><\/p>\n\n\n\n<p>O portavoz municipal do BNG en Cerdedo-Cotobade, Ernesto Filgueira, anuncia a presentaci\u00f3n inmediata dunha iniciativa reclamando do goberno local \u201cmaior celeridade na tramitaci\u00f3n do novo convenio de cesi\u00f3n das Casas do Pobo \u00e1 veci\u00f1anza das parroquias de Aguasantas, Tenorio, Caroi, Borela, Almofrei e Rebordelo logo de levar 10 meses co actual convenio caducado.<\/p>\n\n\n\n<p>Ernesto Filgueira, recib\u00edu as queixas da veci\u00f1anza e dos membros das entidades veci\u00f1ais afectadas por unha situaci\u00f3n \u201can\u00f3mala\u201d, que est\u00e1 a causar \u201cprexu\u00edzos en termos de inseguridade xur\u00eddica ao non ficar claro os usos e a competencia de xesti\u00f3n das Casas do Pobo afectadas\u201d e que esixe \u201caltura de miras e m\u00e1is traballo para rachar coa desidia coa que o Alcalde e Deputado Provincial, Jorge Cubela, est\u00e1 a tratar este tema\u201d.<\/p>\n\n\n\n<p>O BNG denuncia que, adem\u00e1is dos problemas de inseguridade xur\u00eddica e xesti\u00f3n dos espazos p\u00fablicos, existen outros problemas non menores, como que neste momento a Deputaci\u00f3n ten aberta unha li\u00f1a de axudas dentro do programa de acci\u00f3n comunitaria para a provincia at\u00e9 o 29 de febreiro na que as asociaci\u00f3n veci\u00f1ais para ser beneficiarias deben ter, entre outros requisitos, a titularidade ou o dereito de uso das instalaci\u00f3ns un m\u00ednimo de cinco anos. Nestes intres, nin a veci\u00f1anza de Aguasantas, nin de Tenorio, Caroi, Borela, Almofrei nin de Rebordelo poden optar a esta convocatoria de axudas p\u00fablicas polo estado de caducidade do convenio de cesi\u00f3n das s\u00faas respectivas Casas do Pobo.<\/p>\n\n\n\n<p>Ernesto Filgueira denuncia que \u201cesta situaci\u00f3n crea situaci\u00f3n de desig\u00fcaldade entre a veci\u00f1anza das diferentes parroquias e \u00e9,un caso m\u00e1is do desleixo administrativo do alcalde e deputado provincial, Jorge Cubela, ao que lle esiximos rapidez na xesti\u00f3n do novo convenio para que poida ser aprobado pola corporaci\u00f3n no Pleno de xaneiro\u201d.<\/p>\n","protected":false},"excerpt":{"rendered":"<div class=\"mh-excerpt\"><p>Ernesto Filgueira es\u00edxelle ao PP que leve a renovaci\u00f3n dos convenios ao pleno municipal de xaneiro para que non haxa inseguridade xur\u00eddica nin se lle quite \u00e1 veci\u00f1anza a posibilidade de se presentar \u00e1s subvenci\u00f3ns da Deputaci\u00f3n Provincial <a class=\"mh-excerpt-more\" href=\"https:\/\/www.anovapeneira.gal\/index.php\/2024\/01\/16\/o-bng-insta-a-jorge-cubela-a-renovar-urxentemente-os-convenios-de-cesion-das-casas-do-pobo-as-entidades-vecinais-de-borela-augasantas-caroi-almofrei-rebordelo-e-tenorio\/\" title=\"O BNG insta a Jorge Cubela a renovar urxentemente os convenios de cesi\u00f3n das Casas do Pobo \u00e1s entidades veci\u00f1ais de Borela, Augasantas, Caroi, Almofrei, Rebordelo e Tenorio\">[&#8230;]<\/a><\/p>\n<\/div>","protected":false},"author":3,"featured_media":11064,"comment_status":"open","ping_status":"open","sticky":false,"template":"","format":"standard","meta":{"_exactmetrics_skip_tracking":false,"_exactmetrics_sitenote_active":false,"_exactmetrics_sitenote_note":"","_exactmetrics_sitenote_category":0,"footnotes":""},"categories":[1],"tags":[],"class_list":{"0":"post-11063","1":"post","2":"type-post","3":"status-publish","4":"format-standard","5":"has-post-thumbnail","7":"category-sin-categoria"},"yoast_head":"<!-- This site is optimized with the Yoast SEO plugin v27.4 - https:\/\/yoast.com\/product\/yoast-seo-wordpress\/ -->\n<title>O BNG insta a Jorge Cubela a renovar urxentemente os convenios de cesi\u00f3n das Casas do Pobo \u00e1s entidades veci\u00f1ais de Borela, Augasantas, Caroi, Almofrei, Rebordelo e Tenorio -<\/title>\n<meta name=\"description\" content=\"Ernesto Filgueira es\u00edxelle ao PP que leve a renovaci\u00f3n dos convenios ao pleno municipal de xaneiro para que non haxa inseguridade xur\u00eddica nin se lle quite \u00e1 veci\u00f1anza a posibilidade de se presentar \u00e1s subvenci\u00f3ns da Deputaci\u00f3n Provincial\" \/>\n<meta name=\"robots\" content=\"index, follow, max-snippet:-1, max-image-preview:large, max-video-preview:-1\" \/>\n<link rel=\"canonical\" href=\"https:\/\/www.anovapeneira.gal\/index.php\/2024\/01\/16\/o-bng-insta-a-jorge-cubela-a-renovar-urxentemente-os-convenios-de-cesion-das-casas-do-pobo-as-entidades-vecinais-de-borela-augasantas-caroi-almofrei-rebordelo-e-tenorio\/\" \/>\n<meta property=\"og:locale\" content=\"gl_ES\" \/>\n<meta property=\"og:type\" content=\"article\" \/>\n<meta property=\"og:title\" content=\"O BNG insta a Jorge Cubela a renovar urxentemente os convenios de cesi\u00f3n das Casas do Pobo \u00e1s entidades veci\u00f1ais de Borela, Augasantas, Caroi, Almofrei, Rebordelo e Tenorio -\" \/>\n<meta property=\"og:description\" content=\"Ernesto Filgueira es\u00edxelle ao PP que leve a renovaci\u00f3n dos convenios ao pleno municipal de xaneiro para que non haxa inseguridade xur\u00eddica nin se lle quite \u00e1 veci\u00f1anza a posibilidade de se presentar \u00e1s subvenci\u00f3ns da Deputaci\u00f3n Provincial\" \/>\n<meta property=\"og:url\" content=\"https:\/\/www.anovapeneira.gal\/index.php\/2024\/01\/16\/o-bng-insta-a-jorge-cubela-a-renovar-urxentemente-os-convenios-de-cesion-das-casas-do-pobo-as-entidades-vecinais-de-borela-augasantas-caroi-almofrei-rebordelo-e-tenorio\/\" \/>\n<meta property=\"article:publisher\" content=\"https:\/\/www.facebook.com\/anovapeneira\" \/>\n<meta property=\"article:published_time\" content=\"2024-01-16T09:00:46+00:00\" \/>\n<meta property=\"og:image\" content=\"https:\/\/www.anovapeneira.gal\/wp-content\/uploads\/2024\/01\/ernesto_filgueira.jpg\" \/>\n\t<meta property=\"og:image:width\" content=\"720\" \/>\n\t<meta property=\"og:image:height\" content=\"432\" \/>\n\t<meta property=\"og:image:type\" content=\"image\/jpeg\" \/>\n<meta name=\"author\" content=\"Redacci\u00f3n A Nova Peneira\" \/>\n<meta name=\"twitter:card\" content=\"summary_large_image\" \/>\n<meta name=\"twitter:creator\" content=\"@APeneira\" \/>\n<meta name=\"twitter:site\" content=\"@APeneira\" \/>\n<meta name=\"twitter:label1\" content=\"Escrito por\" \/>\n\t<meta name=\"twitter:data1\" content=\"Redacci\u00f3n A Nova Peneira\" \/>\n\t<meta name=\"twitter:label2\" content=\"Tempo de lectura\" \/>\n\t<meta name=\"twitter:data2\" content=\"3 minutos\" \/>\n<script type=\"application\/ld+json\" class=\"yoast-schema-graph\">{\"@context\":\"https:\\\/\\\/schema.org\",\"@graph\":[{\"@type\":\"Article\",\"@id\":\"https:\\\/\\\/www.anovapeneira.gal\\\/index.php\\\/2024\\\/01\\\/16\\\/o-bng-insta-a-jorge-cubela-a-renovar-urxentemente-os-convenios-de-cesion-das-casas-do-pobo-as-entidades-vecinais-de-borela-augasantas-caroi-almofrei-rebordelo-e-tenorio\\\/#article\",\"isPartOf\":{\"@id\":\"https:\\\/\\\/www.anovapeneira.gal\\\/index.php\\\/2024\\\/01\\\/16\\\/o-bng-insta-a-jorge-cubela-a-renovar-urxentemente-os-convenios-de-cesion-das-casas-do-pobo-as-entidades-vecinais-de-borela-augasantas-caroi-almofrei-rebordelo-e-tenorio\\\/\"},\"author\":{\"name\":\"Redacci\u00f3n A Nova Peneira\",\"@id\":\"https:\\\/\\\/www.anovapeneira.gal\\\/#\\\/schema\\\/person\\\/b93e3f8932e3f8da96334607eb6ac6aa\"},\"headline\":\"O BNG insta a Jorge Cubela a renovar urxentemente os convenios de cesi\u00f3n das Casas do Pobo \u00e1s entidades veci\u00f1ais de Borela, Augasantas, Caroi, Almofrei, Rebordelo e Tenorio\",\"datePublished\":\"2024-01-16T09:00:46+00:00\",\"mainEntityOfPage\":{\"@id\":\"https:\\\/\\\/www.anovapeneira.gal\\\/index.php\\\/2024\\\/01\\\/16\\\/o-bng-insta-a-jorge-cubela-a-renovar-urxentemente-os-convenios-de-cesion-das-casas-do-pobo-as-entidades-vecinais-de-borela-augasantas-caroi-almofrei-rebordelo-e-tenorio\\\/\"},\"wordCount\":395,\"commentCount\":0,\"publisher\":{\"@id\":\"https:\\\/\\\/www.anovapeneira.gal\\\/#organization\"},\"image\":{\"@id\":\"https:\\\/\\\/www.anovapeneira.gal\\\/index.php\\\/2024\\\/01\\\/16\\\/o-bng-insta-a-jorge-cubela-a-renovar-urxentemente-os-convenios-de-cesion-das-casas-do-pobo-as-entidades-vecinais-de-borela-augasantas-caroi-almofrei-rebordelo-e-tenorio\\\/#primaryimage\"},\"thumbnailUrl\":\"https:\\\/\\\/www.anovapeneira.gal\\\/wp-content\\\/uploads\\\/2024\\\/01\\\/ernesto_filgueira.jpg\",\"articleSection\":[\"Sin categor\u00eda\"],\"inLanguage\":\"gl-ES\",\"potentialAction\":[{\"@type\":\"CommentAction\",\"name\":\"Comment\",\"target\":[\"https:\\\/\\\/www.anovapeneira.gal\\\/index.php\\\/2024\\\/01\\\/16\\\/o-bng-insta-a-jorge-cubela-a-renovar-urxentemente-os-convenios-de-cesion-das-casas-do-pobo-as-entidades-vecinais-de-borela-augasantas-caroi-almofrei-rebordelo-e-tenorio\\\/#respond\"]}]},{\"@type\":\"WebPage\",\"@id\":\"https:\\\/\\\/www.anovapeneira.gal\\\/index.php\\\/2024\\\/01\\\/16\\\/o-bng-insta-a-jorge-cubela-a-renovar-urxentemente-os-convenios-de-cesion-das-casas-do-pobo-as-entidades-vecinais-de-borela-augasantas-caroi-almofrei-rebordelo-e-tenorio\\\/\",\"url\":\"https:\\\/\\\/www.anovapeneira.gal\\\/index.php\\\/2024\\\/01\\\/16\\\/o-bng-insta-a-jorge-cubela-a-renovar-urxentemente-os-convenios-de-cesion-das-casas-do-pobo-as-entidades-vecinais-de-borela-augasantas-caroi-almofrei-rebordelo-e-tenorio\\\/\",\"name\":\"O BNG insta a Jorge Cubela a renovar urxentemente os convenios de cesi\u00f3n das Casas do Pobo \u00e1s entidades veci\u00f1ais de Borela, Augasantas, Caroi, Almofrei, Rebordelo e Tenorio -\",\"isPartOf\":{\"@id\":\"https:\\\/\\\/www.anovapeneira.gal\\\/#website\"},\"primaryImageOfPage\":{\"@id\":\"https:\\\/\\\/www.anovapeneira.gal\\\/index.php\\\/2024\\\/01\\\/16\\\/o-bng-insta-a-jorge-cubela-a-renovar-urxentemente-os-convenios-de-cesion-das-casas-do-pobo-as-entidades-vecinais-de-borela-augasantas-caroi-almofrei-rebordelo-e-tenorio\\\/#primaryimage\"},\"image\":{\"@id\":\"https:\\\/\\\/www.anovapeneira.gal\\\/index.php\\\/2024\\\/01\\\/16\\\/o-bng-insta-a-jorge-cubela-a-renovar-urxentemente-os-convenios-de-cesion-das-casas-do-pobo-as-entidades-vecinais-de-borela-augasantas-caroi-almofrei-rebordelo-e-tenorio\\\/#primaryimage\"},\"thumbnailUrl\":\"https:\\\/\\\/www.anovapeneira.gal\\\/wp-content\\\/uploads\\\/2024\\\/01\\\/ernesto_filgueira.jpg\",\"datePublished\":\"2024-01-16T09:00:46+00:00\",\"description\":\"Ernesto Filgueira es\u00edxelle ao PP que leve a renovaci\u00f3n dos convenios ao pleno municipal de xaneiro para que non haxa inseguridade xur\u00eddica nin se lle quite \u00e1 veci\u00f1anza a posibilidade de se presentar \u00e1s subvenci\u00f3ns da Deputaci\u00f3n Provincial\",\"breadcrumb\":{\"@id\":\"https:\\\/\\\/www.anovapeneira.gal\\\/index.php\\\/2024\\\/01\\\/16\\\/o-bng-insta-a-jorge-cubela-a-renovar-urxentemente-os-convenios-de-cesion-das-casas-do-pobo-as-entidades-vecinais-de-borela-augasantas-caroi-almofrei-rebordelo-e-tenorio\\\/#breadcrumb\"},\"inLanguage\":\"gl-ES\",\"potentialAction\":[{\"@type\":\"ReadAction\",\"target\":[\"https:\\\/\\\/www.anovapeneira.gal\\\/index.php\\\/2024\\\/01\\\/16\\\/o-bng-insta-a-jorge-cubela-a-renovar-urxentemente-os-convenios-de-cesion-das-casas-do-pobo-as-entidades-vecinais-de-borela-augasantas-caroi-almofrei-rebordelo-e-tenorio\\\/\"]}]},{\"@type\":\"ImageObject\",\"inLanguage\":\"gl-ES\",\"@id\":\"https:\\\/\\\/www.anovapeneira.gal\\\/index.php\\\/2024\\\/01\\\/16\\\/o-bng-insta-a-jorge-cubela-a-renovar-urxentemente-os-convenios-de-cesion-das-casas-do-pobo-as-entidades-vecinais-de-borela-augasantas-caroi-almofrei-rebordelo-e-tenorio\\\/#primaryimage\",\"url\":\"https:\\\/\\\/www.anovapeneira.gal\\\/wp-content\\\/uploads\\\/2024\\\/01\\\/ernesto_filgueira.jpg\",\"contentUrl\":\"https:\\\/\\\/www.anovapeneira.gal\\\/wp-content\\\/uploads\\\/2024\\\/01\\\/ernesto_filgueira.jpg\",\"width\":720,\"height\":432,\"caption\":\"Ernesto Filgueira\"},{\"@type\":\"BreadcrumbList\",\"@id\":\"https:\\\/\\\/www.anovapeneira.gal\\\/index.php\\\/2024\\\/01\\\/16\\\/o-bng-insta-a-jorge-cubela-a-renovar-urxentemente-os-convenios-de-cesion-das-casas-do-pobo-as-entidades-vecinais-de-borela-augasantas-caroi-almofrei-rebordelo-e-tenorio\\\/#breadcrumb\",\"itemListElement\":[{\"@type\":\"ListItem\",\"position\":1,\"name\":\"Portada\",\"item\":\"https:\\\/\\\/www.anovapeneira.gal\\\/\"},{\"@type\":\"ListItem\",\"position\":2,\"name\":\"O BNG insta a Jorge Cubela a renovar urxentemente os convenios de cesi\u00f3n das Casas do Pobo \u00e1s entidades veci\u00f1ais de Borela, Augasantas, Caroi, Almofrei, Rebordelo e Tenorio\"}]},{\"@type\":\"WebSite\",\"@id\":\"https:\\\/\\\/www.anovapeneira.gal\\\/#website\",\"url\":\"https:\\\/\\\/www.anovapeneira.gal\\\/\",\"name\":\"\",\"description\":\"Xornal galego de informaci\u00f3n xeral Publicaci\u00f3n mensual de novas de Galicia e en especial dos Concellos da sur da provincia de Pontevedra.\",\"publisher\":{\"@id\":\"https:\\\/\\\/www.anovapeneira.gal\\\/#organization\"},\"potentialAction\":[{\"@type\":\"SearchAction\",\"target\":{\"@type\":\"EntryPoint\",\"urlTemplate\":\"https:\\\/\\\/www.anovapeneira.gal\\\/?s={search_term_string}\"},\"query-input\":{\"@type\":\"PropertyValueSpecification\",\"valueRequired\":true,\"valueName\":\"search_term_string\"}}],\"inLanguage\":\"gl-ES\"},{\"@type\":\"Organization\",\"@id\":\"https:\\\/\\\/www.anovapeneira.gal\\\/#organization\",\"name\":\"A Nova Peneira\",\"url\":\"https:\\\/\\\/www.anovapeneira.gal\\\/\",\"logo\":{\"@type\":\"ImageObject\",\"inLanguage\":\"gl-ES\",\"@id\":\"https:\\\/\\\/www.anovapeneira.gal\\\/#\\\/schema\\\/logo\\\/image\\\/\",\"url\":\"http:\\\/\\\/www.anovapeneira.gal\\\/wp-content\\\/uploads\\\/2019\\\/06\\\/logo_a_nova_peneira_portal_web.png\",\"contentUrl\":\"http:\\\/\\\/www.anovapeneira.gal\\\/wp-content\\\/uploads\\\/2019\\\/06\\\/logo_a_nova_peneira_portal_web.png\",\"width\":300,\"height\":100,\"caption\":\"A Nova Peneira\"},\"image\":{\"@id\":\"https:\\\/\\\/www.anovapeneira.gal\\\/#\\\/schema\\\/logo\\\/image\\\/\"},\"sameAs\":[\"https:\\\/\\\/www.facebook.com\\\/anovapeneira\",\"https:\\\/\\\/x.com\\\/APeneira\"]},{\"@type\":\"Person\",\"@id\":\"https:\\\/\\\/www.anovapeneira.gal\\\/#\\\/schema\\\/person\\\/b93e3f8932e3f8da96334607eb6ac6aa\",\"name\":\"Redacci\u00f3n A Nova Peneira\",\"image\":{\"@type\":\"ImageObject\",\"inLanguage\":\"gl-ES\",\"@id\":\"https:\\\/\\\/secure.gravatar.com\\\/avatar\\\/c052a2551a06e23fac63626232eaa90abd78dbcf1700fc46a2b2c89fd27b735f?s=96&d=mm&r=g\",\"url\":\"https:\\\/\\\/secure.gravatar.com\\\/avatar\\\/c052a2551a06e23fac63626232eaa90abd78dbcf1700fc46a2b2c89fd27b735f?s=96&d=mm&r=g\",\"contentUrl\":\"https:\\\/\\\/secure.gravatar.com\\\/avatar\\\/c052a2551a06e23fac63626232eaa90abd78dbcf1700fc46a2b2c89fd27b735f?s=96&d=mm&r=g\",\"caption\":\"Redacci\u00f3n A Nova Peneira\"},\"sameAs\":[\"http:\\\/\\\/www.anovapeneira.gal\\\/\"],\"url\":\"https:\\\/\\\/www.anovapeneira.gal\\\/index.php\\\/author\\\/redactor\\\/\"}]}<\/script>\n<!-- \/ Yoast SEO plugin. -->","yoast_head_json":{"title":"O BNG insta a Jorge Cubela a renovar urxentemente os convenios de cesi\u00f3n das Casas do Pobo \u00e1s entidades veci\u00f1ais de Borela, Augasantas, Caroi, Almofrei, Rebordelo e Tenorio -","description":"Ernesto Filgueira es\u00edxelle ao PP que leve a renovaci\u00f3n dos convenios ao pleno municipal de xaneiro para que non haxa inseguridade xur\u00eddica nin se lle quite \u00e1 veci\u00f1anza a posibilidade de se presentar \u00e1s subvenci\u00f3ns da Deputaci\u00f3n Provincial","robots":{"index":"index","follow":"follow","max-snippet":"max-snippet:-1","max-image-preview":"max-image-preview:large","max-video-preview":"max-video-preview:-1"},"canonical":"https:\/\/www.anovapeneira.gal\/index.php\/2024\/01\/16\/o-bng-insta-a-jorge-cubela-a-renovar-urxentemente-os-convenios-de-cesion-das-casas-do-pobo-as-entidades-vecinais-de-borela-augasantas-caroi-almofrei-rebordelo-e-tenorio\/","og_locale":"gl_ES","og_type":"article","og_title":"O BNG insta a Jorge Cubela a renovar urxentemente os convenios de cesi\u00f3n das Casas do Pobo \u00e1s entidades veci\u00f1ais de Borela, Augasantas, Caroi, Almofrei, Rebordelo e Tenorio -","og_description":"Ernesto Filgueira es\u00edxelle ao PP que leve a renovaci\u00f3n dos convenios ao pleno municipal de xaneiro para que non haxa inseguridade xur\u00eddica nin se lle quite \u00e1 veci\u00f1anza a posibilidade de se presentar \u00e1s subvenci\u00f3ns da Deputaci\u00f3n Provincial","og_url":"https:\/\/www.anovapeneira.gal\/index.php\/2024\/01\/16\/o-bng-insta-a-jorge-cubela-a-renovar-urxentemente-os-convenios-de-cesion-das-casas-do-pobo-as-entidades-vecinais-de-borela-augasantas-caroi-almofrei-rebordelo-e-tenorio\/","article_publisher":"https:\/\/www.facebook.com\/anovapeneira","article_published_time":"2024-01-16T09:00:46+00:00","og_image":[{"width":720,"height":432,"url":"https:\/\/www.anovapeneira.gal\/wp-content\/uploads\/2024\/01\/ernesto_filgueira.jpg","type":"image\/jpeg"}],"author":"Redacci\u00f3n A Nova Peneira","twitter_card":"summary_large_image","twitter_creator":"@APeneira","twitter_site":"@APeneira","twitter_misc":{"Escrito por":"Redacci\u00f3n A Nova Peneira","Tempo de lectura":"3 minutos"},"schema":{"@context":"https:\/\/schema.org","@graph":[{"@type":"Article","@id":"https:\/\/www.anovapeneira.gal\/index.php\/2024\/01\/16\/o-bng-insta-a-jorge-cubela-a-renovar-urxentemente-os-convenios-de-cesion-das-casas-do-pobo-as-entidades-vecinais-de-borela-augasantas-caroi-almofrei-rebordelo-e-tenorio\/#article","isPartOf":{"@id":"https:\/\/www.anovapeneira.gal\/index.php\/2024\/01\/16\/o-bng-insta-a-jorge-cubela-a-renovar-urxentemente-os-convenios-de-cesion-das-casas-do-pobo-as-entidades-vecinais-de-borela-augasantas-caroi-almofrei-rebordelo-e-tenorio\/"},"author":{"name":"Redacci\u00f3n A Nova Peneira","@id":"https:\/\/www.anovapeneira.gal\/#\/schema\/person\/b93e3f8932e3f8da96334607eb6ac6aa"},"headline":"O BNG insta a Jorge Cubela a renovar urxentemente os convenios de cesi\u00f3n das Casas do Pobo \u00e1s entidades veci\u00f1ais de Borela, Augasantas, Caroi, Almofrei, Rebordelo e Tenorio","datePublished":"2024-01-16T09:00:46+00:00","mainEntityOfPage":{"@id":"https:\/\/www.anovapeneira.gal\/index.php\/2024\/01\/16\/o-bng-insta-a-jorge-cubela-a-renovar-urxentemente-os-convenios-de-cesion-das-casas-do-pobo-as-entidades-vecinais-de-borela-augasantas-caroi-almofrei-rebordelo-e-tenorio\/"},"wordCount":395,"commentCount":0,"publisher":{"@id":"https:\/\/www.anovapeneira.gal\/#organization"},"image":{"@id":"https:\/\/www.anovapeneira.gal\/index.php\/2024\/01\/16\/o-bng-insta-a-jorge-cubela-a-renovar-urxentemente-os-convenios-de-cesion-das-casas-do-pobo-as-entidades-vecinais-de-borela-augasantas-caroi-almofrei-rebordelo-e-tenorio\/#primaryimage"},"thumbnailUrl":"https:\/\/www.anovapeneira.gal\/wp-content\/uploads\/2024\/01\/ernesto_filgueira.jpg","articleSection":["Sin categor\u00eda"],"inLanguage":"gl-ES","potentialAction":[{"@type":"CommentAction","name":"Comment","target":["https:\/\/www.anovapeneira.gal\/index.php\/2024\/01\/16\/o-bng-insta-a-jorge-cubela-a-renovar-urxentemente-os-convenios-de-cesion-das-casas-do-pobo-as-entidades-vecinais-de-borela-augasantas-caroi-almofrei-rebordelo-e-tenorio\/#respond"]}]},{"@type":"WebPage","@id":"https:\/\/www.anovapeneira.gal\/index.php\/2024\/01\/16\/o-bng-insta-a-jorge-cubela-a-renovar-urxentemente-os-convenios-de-cesion-das-casas-do-pobo-as-entidades-vecinais-de-borela-augasantas-caroi-almofrei-rebordelo-e-tenorio\/","url":"https:\/\/www.anovapeneira.gal\/index.php\/2024\/01\/16\/o-bng-insta-a-jorge-cubela-a-renovar-urxentemente-os-convenios-de-cesion-das-casas-do-pobo-as-entidades-vecinais-de-borela-augasantas-caroi-almofrei-rebordelo-e-tenorio\/","name":"O BNG insta a Jorge Cubela a renovar urxentemente os convenios de cesi\u00f3n das Casas do Pobo \u00e1s entidades veci\u00f1ais de Borela, Augasantas, Caroi, Almofrei, Rebordelo e Tenorio -","isPartOf":{"@id":"https:\/\/www.anovapeneira.gal\/#website"},"primaryImageOfPage":{"@id":"https:\/\/www.anovapeneira.gal\/index.php\/2024\/01\/16\/o-bng-insta-a-jorge-cubela-a-renovar-urxentemente-os-convenios-de-cesion-das-casas-do-pobo-as-entidades-vecinais-de-borela-augasantas-caroi-almofrei-rebordelo-e-tenorio\/#primaryimage"},"image":{"@id":"https:\/\/www.anovapeneira.gal\/index.php\/2024\/01\/16\/o-bng-insta-a-jorge-cubela-a-renovar-urxentemente-os-convenios-de-cesion-das-casas-do-pobo-as-entidades-vecinais-de-borela-augasantas-caroi-almofrei-rebordelo-e-tenorio\/#primaryimage"},"thumbnailUrl":"https:\/\/www.anovapeneira.gal\/wp-content\/uploads\/2024\/01\/ernesto_filgueira.jpg","datePublished":"2024-01-16T09:00:46+00:00","description":"Ernesto Filgueira es\u00edxelle ao PP que leve a renovaci\u00f3n dos convenios ao pleno municipal de xaneiro para que non haxa inseguridade xur\u00eddica nin se lle quite \u00e1 veci\u00f1anza a posibilidade de se presentar \u00e1s subvenci\u00f3ns da Deputaci\u00f3n Provincial","breadcrumb":{"@id":"https:\/\/www.anovapeneira.gal\/index.php\/2024\/01\/16\/o-bng-insta-a-jorge-cubela-a-renovar-urxentemente-os-convenios-de-cesion-das-casas-do-pobo-as-entidades-vecinais-de-borela-augasantas-caroi-almofrei-rebordelo-e-tenorio\/#breadcrumb"},"inLanguage":"gl-ES","potentialAction":[{"@type":"ReadAction","target":["https:\/\/www.anovapeneira.gal\/index.php\/2024\/01\/16\/o-bng-insta-a-jorge-cubela-a-renovar-urxentemente-os-convenios-de-cesion-das-casas-do-pobo-as-entidades-vecinais-de-borela-augasantas-caroi-almofrei-rebordelo-e-tenorio\/"]}]},{"@type":"ImageObject","inLanguage":"gl-ES","@id":"https:\/\/www.anovapeneira.gal\/index.php\/2024\/01\/16\/o-bng-insta-a-jorge-cubela-a-renovar-urxentemente-os-convenios-de-cesion-das-casas-do-pobo-as-entidades-vecinais-de-borela-augasantas-caroi-almofrei-rebordelo-e-tenorio\/#primaryimage","url":"https:\/\/www.anovapeneira.gal\/wp-content\/uploads\/2024\/01\/ernesto_filgueira.jpg","contentUrl":"https:\/\/www.anovapeneira.gal\/wp-content\/uploads\/2024\/01\/ernesto_filgueira.jpg","width":720,"height":432,"caption":"Ernesto Filgueira"},{"@type":"BreadcrumbList","@id":"https:\/\/www.anovapeneira.gal\/index.php\/2024\/01\/16\/o-bng-insta-a-jorge-cubela-a-renovar-urxentemente-os-convenios-de-cesion-das-casas-do-pobo-as-entidades-vecinais-de-borela-augasantas-caroi-almofrei-rebordelo-e-tenorio\/#breadcrumb","itemListElement":[{"@type":"ListItem","position":1,"name":"Portada","item":"https:\/\/www.anovapeneira.gal\/"},{"@type":"ListItem","position":2,"name":"O BNG insta a Jorge Cubela a renovar urxentemente os convenios de cesi\u00f3n das Casas do Pobo \u00e1s entidades veci\u00f1ais de Borela, Augasantas, Caroi, Almofrei, Rebordelo e Tenorio"}]},{"@type":"WebSite","@id":"https:\/\/www.anovapeneira.gal\/#website","url":"https:\/\/www.anovapeneira.gal\/","name":"","description":"Xornal galego de informaci\u00f3n xeral Publicaci\u00f3n mensual de novas de Galicia e en especial dos Concellos da sur da provincia de Pontevedra.","publisher":{"@id":"https:\/\/www.anovapeneira.gal\/#organization"},"potentialAction":[{"@type":"SearchAction","target":{"@type":"EntryPoint","urlTemplate":"https:\/\/www.anovapeneira.gal\/?s={search_term_string}"},"query-input":{"@type":"PropertyValueSpecification","valueRequired":true,"valueName":"search_term_string"}}],"inLanguage":"gl-ES"},{"@type":"Organization","@id":"https:\/\/www.anovapeneira.gal\/#organization","name":"A Nova Peneira","url":"https:\/\/www.anovapeneira.gal\/","logo":{"@type":"ImageObject","inLanguage":"gl-ES","@id":"https:\/\/www.anovapeneira.gal\/#\/schema\/logo\/image\/","url":"http:\/\/www.anovapeneira.gal\/wp-content\/uploads\/2019\/06\/logo_a_nova_peneira_portal_web.png","contentUrl":"http:\/\/www.anovapeneira.gal\/wp-content\/uploads\/2019\/06\/logo_a_nova_peneira_portal_web.png","width":300,"height":100,"caption":"A Nova Peneira"},"image":{"@id":"https:\/\/www.anovapeneira.gal\/#\/schema\/logo\/image\/"},"sameAs":["https:\/\/www.facebook.com\/anovapeneira","https:\/\/x.com\/APeneira"]},{"@type":"Person","@id":"https:\/\/www.anovapeneira.gal\/#\/schema\/person\/b93e3f8932e3f8da96334607eb6ac6aa","name":"Redacci\u00f3n A Nova Peneira","image":{"@type":"ImageObject","inLanguage":"gl-ES","@id":"https:\/\/secure.gravatar.com\/avatar\/c052a2551a06e23fac63626232eaa90abd78dbcf1700fc46a2b2c89fd27b735f?s=96&d=mm&r=g","url":"https:\/\/secure.gravatar.com\/avatar\/c052a2551a06e23fac63626232eaa90abd78dbcf1700fc46a2b2c89fd27b735f?s=96&d=mm&r=g","contentUrl":"https:\/\/secure.gravatar.com\/avatar\/c052a2551a06e23fac63626232eaa90abd78dbcf1700fc46a2b2c89fd27b735f?s=96&d=mm&r=g","caption":"Redacci\u00f3n A Nova Peneira"},"sameAs":["http:\/\/www.anovapeneira.gal\/"],"url":"https:\/\/www.anovapeneira.gal\/index.php\/author\/redactor\/"}]}},"jetpack_featured_media_url":"https:\/\/www.anovapeneira.gal\/wp-content\/uploads\/2024\/01\/ernesto_filgueira.jpg","_links":{"self":[{"href":"https:\/\/www.anovapeneira.gal\/index.php\/wp-json\/wp\/v2\/posts\/11063","targetHints":{"allow":["GET"]}}],"collection":[{"href":"https:\/\/www.anovapeneira.gal\/index.php\/wp-json\/wp\/v2\/posts"}],"about":[{"href":"https:\/\/www.anovapeneira.gal\/index.php\/wp-json\/wp\/v2\/types\/post"}],"author":[{"embeddable":true,"href":"https:\/\/www.anovapeneira.gal\/index.php\/wp-json\/wp\/v2\/users\/3"}],"replies":[{"embeddable":true,"href":"https:\/\/www.anovapeneira.gal\/index.php\/wp-json\/wp\/v2\/comments?post=11063"}],"version-history":[{"count":1,"href":"https:\/\/www.anovapeneira.gal\/index.php\/wp-json\/wp\/v2\/posts\/11063\/revisions"}],"predecessor-version":[{"id":11065,"href":"https:\/\/www.anovapeneira.gal\/index.php\/wp-json\/wp\/v2\/posts\/11063\/revisions\/11065"}],"wp:featuredmedia":[{"embeddable":true,"href":"https:\/\/www.anovapeneira.gal\/index.php\/wp-json\/wp\/v2\/media\/11064"}],"wp:attachment":[{"href":"https:\/\/www.anovapeneira.gal\/index.php\/wp-json\/wp\/v2\/media?parent=11063"}],"wp:term":[{"taxonomy":"category","embeddable":true,"href":"https:\/\/www.anovapeneira.gal\/index.php\/wp-json\/wp\/v2\/categories?post=11063"},{"taxonomy":"post_tag","embeddable":true,"href":"https:\/\/www.anovapeneira.gal\/index.php\/wp-json\/wp\/v2\/tags?post=11063"}],"curies":[{"name":"wp","href":"https:\/\/api.w.org\/{rel}","templated":true}]}}