{"id":11073,"date":"2024-01-18T10:00:42","date_gmt":"2024-01-18T09:00:42","guid":{"rendered":"https:\/\/www.anovapeneira.gal\/?p=11073"},"modified":"2024-01-12T12:32:02","modified_gmt":"2024-01-12T11:32:02","slug":"o-bng-demanda-a-xunta-inversions-para-redondela-por-valor-de-58-millons-de-euros","status":"publish","type":"post","link":"https:\/\/www.anovapeneira.gal\/index.php\/2024\/01\/18\/o-bng-demanda-a-xunta-inversions-para-redondela-por-valor-de-58-millons-de-euros\/","title":{"rendered":"O BNG demanda \u00e1 Xunta inversi\u00f3ns para Redondela por valor de 5`8 mill\u00f3ns de euros"},"content":{"rendered":"\n<h2 class=\"wp-block-heading\"><em><strong>Humanizaci\u00f3n da avenida de Mendinho, Peirao de Cesantes, Escola Infantil de Chapela, vivenda de promoci\u00f3n p\u00fablica, pistas atletismo que o PP rexeito.<\/strong><\/em><\/h2>\n\n\n\n<p>Os orzamentos da Xunta de Galiza para o ano 2024 foron calificados como \u201cdecepcionantes\u201d dende o Bloque Nacionalista Galego. No seu comunicado manifestan a s\u00faa indignaci\u00f3n \u201cao non recoller partidas clave para que Redondela no eido econ\u00f3mico, educativo, promoci\u00f3n vivenda p\u00fablica, medioambiental ou humanizaci\u00f3ns\u201d. Malia teren presentado diversas emendas \u00e1s contas do goberno de Rueda, \u201cvolveron a atoparse con non do Partido Popular\u201d.<\/p>\n\n\n\n<p>Unha partida total que se aproxima aos 5`8 mill\u00f3ns de euros. \u201cInversi\u00f3ns que pretenden desatascar proxectos fundamentais para a sectores como a pesca tradicional e o marisqueo como a reforma do Peirao de Cesantes\u201d.<\/p>\n\n\n\n<p>\u201cPrantex\u00e1moslle a traverso das nosas iniciativas ao goberno galego que se contemplaran orzamentos para a Escola Infantil de Chapela, e a resposta foi o non\u201d, lamentan. Igualmente unha partida para enfrentar as obras para cubrir os patios cubertos dos colexios de Redondela, que tam\u00e9n foi rexeitada. Neste eido educativo, igualmente presentaron unha emenda para negociar co concello unha \u201cverdadeira biblioteca p\u00fablica acorde coas demandas e necesidades redondel\u00e1s, proposta que tam\u00e9n rexeitaron\u201d, sinalan no seu comunicado.<\/p>\n\n\n\n<p>En canto \u00e1 humanizaci\u00f3n da Avenida de Mendi\u00f1o entre o casco urb\u00e1n de Redondela e o porto de Cesantes \u201cperservera o goberno da Xunta en negar a recuperaci\u00f3n dunha zoa dotada de equipamentos deportivos, sanitarios e sociais, que permitir\u00eda un acceso amable e mellora na seguridade viaria da veci\u00f1anza de Catapeixe\u201d, asegura.<\/p>\n\n\n\n<p>O acceso \u00e1 vivenda para aquelas econom\u00edas que m\u00e1is duramente est\u00e1n sufrindo as pol\u00edticas econ\u00f3micas foi tam\u00e9n prantexado nas emendas nacionalistas. \u201cDende a Xunta fixeron o\u00eddos xordos \u00e1s nosas propostas para que en Redondela se fomente a vivenda de promoci\u00f3n p\u00fablica\u201d. Unha partida dun mill\u00f3n de euros, que consideran imprescind\u00edbeis neste eido.<\/p>\n\n\n\n<p>A dotaci\u00f3n de persoal nos centros de sa\u00fade, unha partida de cincocentos mil euros para pistas de atletismo ou fondos para saneamento, tam\u00e9n foron rexeitados polo \u201cgoberno galego\u201d<\/p>\n\n\n\n<p>onsideran imprescind\u00edbel para o futuro de Redondela un cambio no goberno galego nas vinderias elecci\u00f3ns do 18 de febreiro. \u201cAna Pont\u00f3n vai ser a presidenta galega<\/p>\n","protected":false},"excerpt":{"rendered":"<div class=\"mh-excerpt\"><p>Humanizaci\u00f3n da avenida de Mendinho, Peirao de Cesantes, Escola Infantil de Chapela, vivenda de promoci\u00f3n p\u00fablica, pistas atletismo que o PP rexeito <a class=\"mh-excerpt-more\" href=\"https:\/\/www.anovapeneira.gal\/index.php\/2024\/01\/18\/o-bng-demanda-a-xunta-inversions-para-redondela-por-valor-de-58-millons-de-euros\/\" title=\"O BNG demanda \u00e1 Xunta inversi\u00f3ns para Redondela por valor de 5`8 mill\u00f3ns de euros\">[&#8230;]<\/a><\/p>\n<\/div>","protected":false},"author":3,"featured_media":8265,"comment_status":"open","ping_status":"open","sticky":false,"template":"","format":"standard","meta":{"_exactmetrics_skip_tracking":false,"_exactmetrics_sitenote_active":false,"_exactmetrics_sitenote_note":"","_exactmetrics_sitenote_category":0,"footnotes":""},"categories":[24],"tags":[1382],"class_list":{"0":"post-11073","1":"post","2":"type-post","3":"status-publish","4":"format-standard","5":"has-post-thumbnail","7":"category-redondela","8":"tag-concello-de-rendondela"},"yoast_head":"<!-- This site is optimized with the Yoast SEO plugin v27.4 - https:\/\/yoast.com\/product\/yoast-seo-wordpress\/ -->\n<title>O BNG demanda \u00e1 Xunta inversi\u00f3ns para Redondela por valor de 5`8 mill\u00f3ns de euros -<\/title>\n<meta name=\"description\" content=\"Humanizaci\u00f3n da avenida de Mendinho, Peirao de Cesantes, Escola Infantil de Chapela, vivenda de promoci\u00f3n p\u00fablica, pistas atletismo que o PP rexeito\" \/>\n<meta name=\"robots\" content=\"index, follow, max-snippet:-1, max-image-preview:large, max-video-preview:-1\" \/>\n<link rel=\"canonical\" href=\"https:\/\/www.anovapeneira.gal\/index.php\/2024\/01\/18\/o-bng-demanda-a-xunta-inversions-para-redondela-por-valor-de-58-millons-de-euros\/\" \/>\n<meta property=\"og:locale\" content=\"gl_ES\" \/>\n<meta property=\"og:type\" content=\"article\" \/>\n<meta property=\"og:title\" content=\"O BNG demanda \u00e1 Xunta inversi\u00f3ns para Redondela por valor de 5`8 mill\u00f3ns de euros -\" \/>\n<meta property=\"og:description\" content=\"Humanizaci\u00f3n da avenida de Mendinho, Peirao de Cesantes, Escola Infantil de Chapela, vivenda de promoci\u00f3n p\u00fablica, pistas atletismo que o PP rexeito\" \/>\n<meta property=\"og:url\" content=\"https:\/\/www.anovapeneira.gal\/index.php\/2024\/01\/18\/o-bng-demanda-a-xunta-inversions-para-redondela-por-valor-de-58-millons-de-euros\/\" \/>\n<meta property=\"article:publisher\" content=\"https:\/\/www.facebook.com\/anovapeneira\" \/>\n<meta property=\"article:published_time\" content=\"2024-01-18T09:00:42+00:00\" \/>\n<meta property=\"og:image\" content=\"https:\/\/www.anovapeneira.gal\/wp-content\/uploads\/2022\/09\/bng_logo_2.jpg\" \/>\n\t<meta property=\"og:image:width\" content=\"720\" \/>\n\t<meta property=\"og:image:height\" content=\"432\" \/>\n\t<meta property=\"og:image:type\" content=\"image\/jpeg\" \/>\n<meta name=\"author\" content=\"Redacci\u00f3n A Nova Peneira\" \/>\n<meta name=\"twitter:card\" content=\"summary_large_image\" \/>\n<meta name=\"twitter:creator\" content=\"@APeneira\" \/>\n<meta name=\"twitter:site\" content=\"@APeneira\" \/>\n<meta name=\"twitter:label1\" content=\"Escrito por\" \/>\n\t<meta name=\"twitter:data1\" content=\"Redacci\u00f3n A Nova Peneira\" \/>\n\t<meta name=\"twitter:label2\" content=\"Tempo de lectura\" \/>\n\t<meta name=\"twitter:data2\" content=\"3 minutos\" \/>\n<script type=\"application\/ld+json\" class=\"yoast-schema-graph\">{\"@context\":\"https:\\\/\\\/schema.org\",\"@graph\":[{\"@type\":\"Article\",\"@id\":\"https:\\\/\\\/www.anovapeneira.gal\\\/index.php\\\/2024\\\/01\\\/18\\\/o-bng-demanda-a-xunta-inversions-para-redondela-por-valor-de-58-millons-de-euros\\\/#article\",\"isPartOf\":{\"@id\":\"https:\\\/\\\/www.anovapeneira.gal\\\/index.php\\\/2024\\\/01\\\/18\\\/o-bng-demanda-a-xunta-inversions-para-redondela-por-valor-de-58-millons-de-euros\\\/\"},\"author\":{\"name\":\"Redacci\u00f3n A Nova Peneira\",\"@id\":\"https:\\\/\\\/www.anovapeneira.gal\\\/#\\\/schema\\\/person\\\/b93e3f8932e3f8da96334607eb6ac6aa\"},\"headline\":\"O BNG demanda \u00e1 Xunta inversi\u00f3ns para Redondela por valor de 5`8 mill\u00f3ns de euros\",\"datePublished\":\"2024-01-18T09:00:42+00:00\",\"mainEntityOfPage\":{\"@id\":\"https:\\\/\\\/www.anovapeneira.gal\\\/index.php\\\/2024\\\/01\\\/18\\\/o-bng-demanda-a-xunta-inversions-para-redondela-por-valor-de-58-millons-de-euros\\\/\"},\"wordCount\":401,\"commentCount\":0,\"publisher\":{\"@id\":\"https:\\\/\\\/www.anovapeneira.gal\\\/#organization\"},\"image\":{\"@id\":\"https:\\\/\\\/www.anovapeneira.gal\\\/index.php\\\/2024\\\/01\\\/18\\\/o-bng-demanda-a-xunta-inversions-para-redondela-por-valor-de-58-millons-de-euros\\\/#primaryimage\"},\"thumbnailUrl\":\"https:\\\/\\\/www.anovapeneira.gal\\\/wp-content\\\/uploads\\\/2022\\\/09\\\/bng_logo_2.jpg\",\"keywords\":[\"Concello de Rendondela\"],\"articleSection\":[\"Redondela\"],\"inLanguage\":\"gl-ES\",\"potentialAction\":[{\"@type\":\"CommentAction\",\"name\":\"Comment\",\"target\":[\"https:\\\/\\\/www.anovapeneira.gal\\\/index.php\\\/2024\\\/01\\\/18\\\/o-bng-demanda-a-xunta-inversions-para-redondela-por-valor-de-58-millons-de-euros\\\/#respond\"]}]},{\"@type\":\"WebPage\",\"@id\":\"https:\\\/\\\/www.anovapeneira.gal\\\/index.php\\\/2024\\\/01\\\/18\\\/o-bng-demanda-a-xunta-inversions-para-redondela-por-valor-de-58-millons-de-euros\\\/\",\"url\":\"https:\\\/\\\/www.anovapeneira.gal\\\/index.php\\\/2024\\\/01\\\/18\\\/o-bng-demanda-a-xunta-inversions-para-redondela-por-valor-de-58-millons-de-euros\\\/\",\"name\":\"O BNG demanda \u00e1 Xunta inversi\u00f3ns para Redondela por valor de 5`8 mill\u00f3ns de euros -\",\"isPartOf\":{\"@id\":\"https:\\\/\\\/www.anovapeneira.gal\\\/#website\"},\"primaryImageOfPage\":{\"@id\":\"https:\\\/\\\/www.anovapeneira.gal\\\/index.php\\\/2024\\\/01\\\/18\\\/o-bng-demanda-a-xunta-inversions-para-redondela-por-valor-de-58-millons-de-euros\\\/#primaryimage\"},\"image\":{\"@id\":\"https:\\\/\\\/www.anovapeneira.gal\\\/index.php\\\/2024\\\/01\\\/18\\\/o-bng-demanda-a-xunta-inversions-para-redondela-por-valor-de-58-millons-de-euros\\\/#primaryimage\"},\"thumbnailUrl\":\"https:\\\/\\\/www.anovapeneira.gal\\\/wp-content\\\/uploads\\\/2022\\\/09\\\/bng_logo_2.jpg\",\"datePublished\":\"2024-01-18T09:00:42+00:00\",\"description\":\"Humanizaci\u00f3n da avenida de Mendinho, Peirao de Cesantes, Escola Infantil de Chapela, vivenda de promoci\u00f3n p\u00fablica, pistas atletismo que o PP rexeito\",\"breadcrumb\":{\"@id\":\"https:\\\/\\\/www.anovapeneira.gal\\\/index.php\\\/2024\\\/01\\\/18\\\/o-bng-demanda-a-xunta-inversions-para-redondela-por-valor-de-58-millons-de-euros\\\/#breadcrumb\"},\"inLanguage\":\"gl-ES\",\"potentialAction\":[{\"@type\":\"ReadAction\",\"target\":[\"https:\\\/\\\/www.anovapeneira.gal\\\/index.php\\\/2024\\\/01\\\/18\\\/o-bng-demanda-a-xunta-inversions-para-redondela-por-valor-de-58-millons-de-euros\\\/\"]}]},{\"@type\":\"ImageObject\",\"inLanguage\":\"gl-ES\",\"@id\":\"https:\\\/\\\/www.anovapeneira.gal\\\/index.php\\\/2024\\\/01\\\/18\\\/o-bng-demanda-a-xunta-inversions-para-redondela-por-valor-de-58-millons-de-euros\\\/#primaryimage\",\"url\":\"https:\\\/\\\/www.anovapeneira.gal\\\/wp-content\\\/uploads\\\/2022\\\/09\\\/bng_logo_2.jpg\",\"contentUrl\":\"https:\\\/\\\/www.anovapeneira.gal\\\/wp-content\\\/uploads\\\/2022\\\/09\\\/bng_logo_2.jpg\",\"width\":720,\"height\":432,\"caption\":\"Logotipo BNG\"},{\"@type\":\"BreadcrumbList\",\"@id\":\"https:\\\/\\\/www.anovapeneira.gal\\\/index.php\\\/2024\\\/01\\\/18\\\/o-bng-demanda-a-xunta-inversions-para-redondela-por-valor-de-58-millons-de-euros\\\/#breadcrumb\",\"itemListElement\":[{\"@type\":\"ListItem\",\"position\":1,\"name\":\"Portada\",\"item\":\"https:\\\/\\\/www.anovapeneira.gal\\\/\"},{\"@type\":\"ListItem\",\"position\":2,\"name\":\"O BNG demanda \u00e1 Xunta inversi\u00f3ns para Redondela por valor de 5`8 mill\u00f3ns de euros\"}]},{\"@type\":\"WebSite\",\"@id\":\"https:\\\/\\\/www.anovapeneira.gal\\\/#website\",\"url\":\"https:\\\/\\\/www.anovapeneira.gal\\\/\",\"name\":\"\",\"description\":\"Xornal galego de informaci\u00f3n xeral Publicaci\u00f3n mensual de novas de Galicia e en especial dos Concellos da sur da provincia de Pontevedra.\",\"publisher\":{\"@id\":\"https:\\\/\\\/www.anovapeneira.gal\\\/#organization\"},\"potentialAction\":[{\"@type\":\"SearchAction\",\"target\":{\"@type\":\"EntryPoint\",\"urlTemplate\":\"https:\\\/\\\/www.anovapeneira.gal\\\/?s={search_term_string}\"},\"query-input\":{\"@type\":\"PropertyValueSpecification\",\"valueRequired\":true,\"valueName\":\"search_term_string\"}}],\"inLanguage\":\"gl-ES\"},{\"@type\":\"Organization\",\"@id\":\"https:\\\/\\\/www.anovapeneira.gal\\\/#organization\",\"name\":\"A Nova Peneira\",\"url\":\"https:\\\/\\\/www.anovapeneira.gal\\\/\",\"logo\":{\"@type\":\"ImageObject\",\"inLanguage\":\"gl-ES\",\"@id\":\"https:\\\/\\\/www.anovapeneira.gal\\\/#\\\/schema\\\/logo\\\/image\\\/\",\"url\":\"http:\\\/\\\/www.anovapeneira.gal\\\/wp-content\\\/uploads\\\/2019\\\/06\\\/logo_a_nova_peneira_portal_web.png\",\"contentUrl\":\"http:\\\/\\\/www.anovapeneira.gal\\\/wp-content\\\/uploads\\\/2019\\\/06\\\/logo_a_nova_peneira_portal_web.png\",\"width\":300,\"height\":100,\"caption\":\"A Nova Peneira\"},\"image\":{\"@id\":\"https:\\\/\\\/www.anovapeneira.gal\\\/#\\\/schema\\\/logo\\\/image\\\/\"},\"sameAs\":[\"https:\\\/\\\/www.facebook.com\\\/anovapeneira\",\"https:\\\/\\\/x.com\\\/APeneira\"]},{\"@type\":\"Person\",\"@id\":\"https:\\\/\\\/www.anovapeneira.gal\\\/#\\\/schema\\\/person\\\/b93e3f8932e3f8da96334607eb6ac6aa\",\"name\":\"Redacci\u00f3n A Nova Peneira\",\"image\":{\"@type\":\"ImageObject\",\"inLanguage\":\"gl-ES\",\"@id\":\"https:\\\/\\\/secure.gravatar.com\\\/avatar\\\/c052a2551a06e23fac63626232eaa90abd78dbcf1700fc46a2b2c89fd27b735f?s=96&d=mm&r=g\",\"url\":\"https:\\\/\\\/secure.gravatar.com\\\/avatar\\\/c052a2551a06e23fac63626232eaa90abd78dbcf1700fc46a2b2c89fd27b735f?s=96&d=mm&r=g\",\"contentUrl\":\"https:\\\/\\\/secure.gravatar.com\\\/avatar\\\/c052a2551a06e23fac63626232eaa90abd78dbcf1700fc46a2b2c89fd27b735f?s=96&d=mm&r=g\",\"caption\":\"Redacci\u00f3n A Nova Peneira\"},\"sameAs\":[\"http:\\\/\\\/www.anovapeneira.gal\\\/\"],\"url\":\"https:\\\/\\\/www.anovapeneira.gal\\\/index.php\\\/author\\\/redactor\\\/\"}]}<\/script>\n<!-- \/ Yoast SEO plugin. -->","yoast_head_json":{"title":"O BNG demanda \u00e1 Xunta inversi\u00f3ns para Redondela por valor de 5`8 mill\u00f3ns de euros -","description":"Humanizaci\u00f3n da avenida de Mendinho, Peirao de Cesantes, Escola Infantil de Chapela, vivenda de promoci\u00f3n p\u00fablica, pistas atletismo que o PP rexeito","robots":{"index":"index","follow":"follow","max-snippet":"max-snippet:-1","max-image-preview":"max-image-preview:large","max-video-preview":"max-video-preview:-1"},"canonical":"https:\/\/www.anovapeneira.gal\/index.php\/2024\/01\/18\/o-bng-demanda-a-xunta-inversions-para-redondela-por-valor-de-58-millons-de-euros\/","og_locale":"gl_ES","og_type":"article","og_title":"O BNG demanda \u00e1 Xunta inversi\u00f3ns para Redondela por valor de 5`8 mill\u00f3ns de euros -","og_description":"Humanizaci\u00f3n da avenida de Mendinho, Peirao de Cesantes, Escola Infantil de Chapela, vivenda de promoci\u00f3n p\u00fablica, pistas atletismo que o PP rexeito","og_url":"https:\/\/www.anovapeneira.gal\/index.php\/2024\/01\/18\/o-bng-demanda-a-xunta-inversions-para-redondela-por-valor-de-58-millons-de-euros\/","article_publisher":"https:\/\/www.facebook.com\/anovapeneira","article_published_time":"2024-01-18T09:00:42+00:00","og_image":[{"width":720,"height":432,"url":"https:\/\/www.anovapeneira.gal\/wp-content\/uploads\/2022\/09\/bng_logo_2.jpg","type":"image\/jpeg"}],"author":"Redacci\u00f3n A Nova Peneira","twitter_card":"summary_large_image","twitter_creator":"@APeneira","twitter_site":"@APeneira","twitter_misc":{"Escrito por":"Redacci\u00f3n A Nova Peneira","Tempo de lectura":"3 minutos"},"schema":{"@context":"https:\/\/schema.org","@graph":[{"@type":"Article","@id":"https:\/\/www.anovapeneira.gal\/index.php\/2024\/01\/18\/o-bng-demanda-a-xunta-inversions-para-redondela-por-valor-de-58-millons-de-euros\/#article","isPartOf":{"@id":"https:\/\/www.anovapeneira.gal\/index.php\/2024\/01\/18\/o-bng-demanda-a-xunta-inversions-para-redondela-por-valor-de-58-millons-de-euros\/"},"author":{"name":"Redacci\u00f3n A Nova Peneira","@id":"https:\/\/www.anovapeneira.gal\/#\/schema\/person\/b93e3f8932e3f8da96334607eb6ac6aa"},"headline":"O BNG demanda \u00e1 Xunta inversi\u00f3ns para Redondela por valor de 5`8 mill\u00f3ns de euros","datePublished":"2024-01-18T09:00:42+00:00","mainEntityOfPage":{"@id":"https:\/\/www.anovapeneira.gal\/index.php\/2024\/01\/18\/o-bng-demanda-a-xunta-inversions-para-redondela-por-valor-de-58-millons-de-euros\/"},"wordCount":401,"commentCount":0,"publisher":{"@id":"https:\/\/www.anovapeneira.gal\/#organization"},"image":{"@id":"https:\/\/www.anovapeneira.gal\/index.php\/2024\/01\/18\/o-bng-demanda-a-xunta-inversions-para-redondela-por-valor-de-58-millons-de-euros\/#primaryimage"},"thumbnailUrl":"https:\/\/www.anovapeneira.gal\/wp-content\/uploads\/2022\/09\/bng_logo_2.jpg","keywords":["Concello de Rendondela"],"articleSection":["Redondela"],"inLanguage":"gl-ES","potentialAction":[{"@type":"CommentAction","name":"Comment","target":["https:\/\/www.anovapeneira.gal\/index.php\/2024\/01\/18\/o-bng-demanda-a-xunta-inversions-para-redondela-por-valor-de-58-millons-de-euros\/#respond"]}]},{"@type":"WebPage","@id":"https:\/\/www.anovapeneira.gal\/index.php\/2024\/01\/18\/o-bng-demanda-a-xunta-inversions-para-redondela-por-valor-de-58-millons-de-euros\/","url":"https:\/\/www.anovapeneira.gal\/index.php\/2024\/01\/18\/o-bng-demanda-a-xunta-inversions-para-redondela-por-valor-de-58-millons-de-euros\/","name":"O BNG demanda \u00e1 Xunta inversi\u00f3ns para Redondela por valor de 5`8 mill\u00f3ns de euros -","isPartOf":{"@id":"https:\/\/www.anovapeneira.gal\/#website"},"primaryImageOfPage":{"@id":"https:\/\/www.anovapeneira.gal\/index.php\/2024\/01\/18\/o-bng-demanda-a-xunta-inversions-para-redondela-por-valor-de-58-millons-de-euros\/#primaryimage"},"image":{"@id":"https:\/\/www.anovapeneira.gal\/index.php\/2024\/01\/18\/o-bng-demanda-a-xunta-inversions-para-redondela-por-valor-de-58-millons-de-euros\/#primaryimage"},"thumbnailUrl":"https:\/\/www.anovapeneira.gal\/wp-content\/uploads\/2022\/09\/bng_logo_2.jpg","datePublished":"2024-01-18T09:00:42+00:00","description":"Humanizaci\u00f3n da avenida de Mendinho, Peirao de Cesantes, Escola Infantil de Chapela, vivenda de promoci\u00f3n p\u00fablica, pistas atletismo que o PP rexeito","breadcrumb":{"@id":"https:\/\/www.anovapeneira.gal\/index.php\/2024\/01\/18\/o-bng-demanda-a-xunta-inversions-para-redondela-por-valor-de-58-millons-de-euros\/#breadcrumb"},"inLanguage":"gl-ES","potentialAction":[{"@type":"ReadAction","target":["https:\/\/www.anovapeneira.gal\/index.php\/2024\/01\/18\/o-bng-demanda-a-xunta-inversions-para-redondela-por-valor-de-58-millons-de-euros\/"]}]},{"@type":"ImageObject","inLanguage":"gl-ES","@id":"https:\/\/www.anovapeneira.gal\/index.php\/2024\/01\/18\/o-bng-demanda-a-xunta-inversions-para-redondela-por-valor-de-58-millons-de-euros\/#primaryimage","url":"https:\/\/www.anovapeneira.gal\/wp-content\/uploads\/2022\/09\/bng_logo_2.jpg","contentUrl":"https:\/\/www.anovapeneira.gal\/wp-content\/uploads\/2022\/09\/bng_logo_2.jpg","width":720,"height":432,"caption":"Logotipo BNG"},{"@type":"BreadcrumbList","@id":"https:\/\/www.anovapeneira.gal\/index.php\/2024\/01\/18\/o-bng-demanda-a-xunta-inversions-para-redondela-por-valor-de-58-millons-de-euros\/#breadcrumb","itemListElement":[{"@type":"ListItem","position":1,"name":"Portada","item":"https:\/\/www.anovapeneira.gal\/"},{"@type":"ListItem","position":2,"name":"O BNG demanda \u00e1 Xunta inversi\u00f3ns para Redondela por valor de 5`8 mill\u00f3ns de euros"}]},{"@type":"WebSite","@id":"https:\/\/www.anovapeneira.gal\/#website","url":"https:\/\/www.anovapeneira.gal\/","name":"","description":"Xornal galego de informaci\u00f3n xeral Publicaci\u00f3n mensual de novas de Galicia e en especial dos Concellos da sur da provincia de Pontevedra.","publisher":{"@id":"https:\/\/www.anovapeneira.gal\/#organization"},"potentialAction":[{"@type":"SearchAction","target":{"@type":"EntryPoint","urlTemplate":"https:\/\/www.anovapeneira.gal\/?s={search_term_string}"},"query-input":{"@type":"PropertyValueSpecification","valueRequired":true,"valueName":"search_term_string"}}],"inLanguage":"gl-ES"},{"@type":"Organization","@id":"https:\/\/www.anovapeneira.gal\/#organization","name":"A Nova Peneira","url":"https:\/\/www.anovapeneira.gal\/","logo":{"@type":"ImageObject","inLanguage":"gl-ES","@id":"https:\/\/www.anovapeneira.gal\/#\/schema\/logo\/image\/","url":"http:\/\/www.anovapeneira.gal\/wp-content\/uploads\/2019\/06\/logo_a_nova_peneira_portal_web.png","contentUrl":"http:\/\/www.anovapeneira.gal\/wp-content\/uploads\/2019\/06\/logo_a_nova_peneira_portal_web.png","width":300,"height":100,"caption":"A Nova Peneira"},"image":{"@id":"https:\/\/www.anovapeneira.gal\/#\/schema\/logo\/image\/"},"sameAs":["https:\/\/www.facebook.com\/anovapeneira","https:\/\/x.com\/APeneira"]},{"@type":"Person","@id":"https:\/\/www.anovapeneira.gal\/#\/schema\/person\/b93e3f8932e3f8da96334607eb6ac6aa","name":"Redacci\u00f3n A Nova Peneira","image":{"@type":"ImageObject","inLanguage":"gl-ES","@id":"https:\/\/secure.gravatar.com\/avatar\/c052a2551a06e23fac63626232eaa90abd78dbcf1700fc46a2b2c89fd27b735f?s=96&d=mm&r=g","url":"https:\/\/secure.gravatar.com\/avatar\/c052a2551a06e23fac63626232eaa90abd78dbcf1700fc46a2b2c89fd27b735f?s=96&d=mm&r=g","contentUrl":"https:\/\/secure.gravatar.com\/avatar\/c052a2551a06e23fac63626232eaa90abd78dbcf1700fc46a2b2c89fd27b735f?s=96&d=mm&r=g","caption":"Redacci\u00f3n A Nova Peneira"},"sameAs":["http:\/\/www.anovapeneira.gal\/"],"url":"https:\/\/www.anovapeneira.gal\/index.php\/author\/redactor\/"}]}},"jetpack_featured_media_url":"https:\/\/www.anovapeneira.gal\/wp-content\/uploads\/2022\/09\/bng_logo_2.jpg","_links":{"self":[{"href":"https:\/\/www.anovapeneira.gal\/index.php\/wp-json\/wp\/v2\/posts\/11073","targetHints":{"allow":["GET"]}}],"collection":[{"href":"https:\/\/www.anovapeneira.gal\/index.php\/wp-json\/wp\/v2\/posts"}],"about":[{"href":"https:\/\/www.anovapeneira.gal\/index.php\/wp-json\/wp\/v2\/types\/post"}],"author":[{"embeddable":true,"href":"https:\/\/www.anovapeneira.gal\/index.php\/wp-json\/wp\/v2\/users\/3"}],"replies":[{"embeddable":true,"href":"https:\/\/www.anovapeneira.gal\/index.php\/wp-json\/wp\/v2\/comments?post=11073"}],"version-history":[{"count":1,"href":"https:\/\/www.anovapeneira.gal\/index.php\/wp-json\/wp\/v2\/posts\/11073\/revisions"}],"predecessor-version":[{"id":11074,"href":"https:\/\/www.anovapeneira.gal\/index.php\/wp-json\/wp\/v2\/posts\/11073\/revisions\/11074"}],"wp:featuredmedia":[{"embeddable":true,"href":"https:\/\/www.anovapeneira.gal\/index.php\/wp-json\/wp\/v2\/media\/8265"}],"wp:attachment":[{"href":"https:\/\/www.anovapeneira.gal\/index.php\/wp-json\/wp\/v2\/media?parent=11073"}],"wp:term":[{"taxonomy":"category","embeddable":true,"href":"https:\/\/www.anovapeneira.gal\/index.php\/wp-json\/wp\/v2\/categories?post=11073"},{"taxonomy":"post_tag","embeddable":true,"href":"https:\/\/www.anovapeneira.gal\/index.php\/wp-json\/wp\/v2\/tags?post=11073"}],"curies":[{"name":"wp","href":"https:\/\/api.w.org\/{rel}","templated":true}]}}