{"id":11103,"date":"2024-01-24T10:00:25","date_gmt":"2024-01-24T09:00:25","guid":{"rendered":"https:\/\/www.anovapeneira.gal\/?p=11103"},"modified":"2024-01-25T09:20:34","modified_gmt":"2024-01-25T08:20:34","slug":"cousas-de-salvaterra-forte-de-santiago-de-aitona","status":"publish","type":"post","link":"https:\/\/www.anovapeneira.gal\/index.php\/2024\/01\/24\/cousas-de-salvaterra-forte-de-santiago-de-aitona\/","title":{"rendered":"Cousas de Salvaterra, forte de Santiago de Aitona"},"content":{"rendered":"\n<figure class=\"wp-block-image size-full is-resized\"><img loading=\"lazy\" decoding=\"async\" width=\"190\" height=\"229\" src=\"https:\/\/www.anovapeneira.gal\/wp-content\/uploads\/2022\/08\/opinion_anton_saque.jpg\" alt=\"Ant\u00f3n Lourenzo, veci\u00f1o da Vila\" class=\"wp-image-8006\" style=\"width:98px;height:auto\"\/><figcaption class=\"wp-element-caption\">Ant\u00f3n Lourenzo, veci\u00f1o da Vila<\/figcaption><\/figure>\n\n\n\n<p>Despois do meu \u00faltimo traballo sobre a guerra de Restauraci\u00f3n portuguesa publicado en decembro pasado, no que daba conta dos movementos militares ocorridos entre os anos 1644 e 1647, debo facer un alto para relatar un feito moi importante que tivo un peso decisivo sobre o decurso da chamada polos portugueses, guerra Duriminia (Douro-Minho), foi a construci\u00f3n do forte de Santiago de Aytona en 1646, chamado as\u00ed porque foi \u201cconsagrado\u201d no d\u00eda de Santiago 25 de xullo, e Aytona polo Marqu\u00e9s de Aytona, Don Guill\u00e9n Ram\u00f3n de Moncada, Capit\u00e1n Xeral de Galiza neses intres, quen o mandou constru\u00edr, por suposto coa anuencia do Rei Felipe IV, (consta solicitude por carta datada en Puebla de Sanabria o 30 de outubro de 1645).<\/p>\n\n\n\n<p>Os portugueses conquistaran a praza de Salvaterra o 15 de agosto de 1643, dende ent\u00f3n utiliz\u00e1rono como cabeza de ponte para facer incursi\u00f3ns, deica o Norte polas ferigres\u00edas de Pesqueiras e Fornelos da Riveira, deica o Leste polas de Li\u00f1ares, Tortoreos, Rubi\u00f3s e Taboexa, deica o Oeste Alx\u00e9n e Grix\u00f3. Non desbotando a posibilidade de invadir o pa\u00eds galego, o seu obxectivo primordial era a cidade de Tui, onde se atopaba a sede da Capitan\u00eda Xeral da Galiza.<\/p>\n\n\n\n<p>Para evitar estes movementos e manter a raia o ex\u00e9rcito portugu\u00e9s foi constru\u00eddo un sistema defensivo que abarcaba: A atalaia de Porto (fronte a Lapela), capaz de 50 homes e que custou 10.000 ducados; o castelo da Fillaboa, con catro Cabaleiros (baluartes), capaz de 500 homes, que custou 40.000 ducados; o chamado Monte do Facho (do que falamos meses atr\u00e1s), situado o Oeste do Castelo de Aitona, promontorio que pola s\u00faa situaci\u00f3n estrat\u00e9xica era utilizado con toda probabilidade para manter iluminadas con fogueiras as noites (as\u00ed perduran a\u00ednda os top\u00f3nimos de \u201cQueimados\u201d, \u201cVasco de Puga\u201d e restos de trincheiras); na posici\u00f3n central fronte a Salvaterra, un chisco o Nordeste do pazo das Barreiras, estaba o Castelo de Aitona, con outros catro Cabaleiros ou baluartes, e moitas fortificaci\u00f3ns, que lle fac\u00edan capaz de 1.500 homes e que custou 400.000 ducados; m\u00e1is o Leste, despois do nacente da fonte da Laxe, estaba situado o reduto desaparecido da \u201cEstrela\u201d, tal vez existira outro reduto a altura da ferigres\u00eda de Fiolledo (que ben puidera ser o pazo dos Avalle); continuar\u00eda ese cinto defensivo con dous redutos no lugar da Salgosa, parroquias de Li\u00f1ares, Oleiros e Fiolledo, pechando o semic\u00edrculo o \u00bfCastelo? de Te\u00e1ns en Pedra Furada, parroquia de Oleiros actual. Un ducado de ouro de tres gramos e medio, ter\u00eda unha equivalencia a d\u00eda de hoxe de 196 euros.<\/p>\n\n\n\n<p>No plano que reproducimos neste traballo, copiado o 29 de febreiro de 1848, (o orixinal at\u00f3pase no Arquivo de Simancas, Valladolid), enviado nunha carta do Marqu\u00e9s de Aytona \u00f3 Secretario do Rei, Alonso P\u00e9rez Cantarero, datada o 21 de setembro de 1646, pode apreciarse a distribuci\u00f3n dos elementos defensivos e dos efectivos. A carta describe a situaci\u00f3n do forte nese intre, coa estacada, o parapeto e o foso xa constru\u00eddos, ficaban por facer a ponte levadiza, o cami\u00f1o cuberto e os cuarteis interiores.<\/p>\n\n\n\n<figure class=\"wp-block-gallery has-nested-images columns-default is-cropped wp-block-gallery-1 is-layout-flex wp-block-gallery-is-layout-flex\">\n<figure class=\"wp-block-image size-large\"><a href=\"https:\/\/www.europeana.eu\/item\/15502\/GG_499?utm_source=api&amp;utm_medium=api&amp;utm_campaign=ocpWbuFBe\"><img loading=\"lazy\" decoding=\"async\" width=\"791\" height=\"1024\" data-id=\"11109\" src=\"https:\/\/www.anovapeneira.gal\/wp-content\/uploads\/2024\/01\/moncada_r-791x1024.jpg\" alt=\"Francisco de Moncada, Marqu\u00e9s de Aytona por Anthonis van Dyck (K\u00fcnstler\/in) - Fine Arts Museum Vienna, Austria - CC BY-NC-SA.\n\" class=\"wp-image-11109\" srcset=\"https:\/\/www.anovapeneira.gal\/wp-content\/uploads\/2024\/01\/moncada_r-791x1024.jpg 791w, https:\/\/www.anovapeneira.gal\/wp-content\/uploads\/2024\/01\/moncada_r-232x300.jpg 232w, https:\/\/www.anovapeneira.gal\/wp-content\/uploads\/2024\/01\/moncada_r-768x994.jpg 768w, https:\/\/www.anovapeneira.gal\/wp-content\/uploads\/2024\/01\/moncada_r.jpg 1147w\" sizes=\"auto, (max-width: 791px) 100vw, 791px\" \/><\/a><figcaption class=\"wp-element-caption\"><br>Francisco de Moncada, Marqu\u00e9s de Aytona por Anthonis van Dyck (K\u00fcnstler\/in) &#8211; Fine Arts Museum Vienna, Austria &#8211; CC BY-NC-SA<\/figcaption><\/figure>\n\n\n\n<figure class=\"wp-block-image size-large\"><img loading=\"lazy\" decoding=\"async\" width=\"739\" height=\"1024\" data-id=\"11110\" src=\"https:\/\/www.anovapeneira.gal\/wp-content\/uploads\/2024\/01\/plano_salvaterra-739x1024.jpg\" alt=\"\" class=\"wp-image-11110\" srcset=\"https:\/\/www.anovapeneira.gal\/wp-content\/uploads\/2024\/01\/plano_salvaterra-739x1024.jpg 739w, https:\/\/www.anovapeneira.gal\/wp-content\/uploads\/2024\/01\/plano_salvaterra-217x300.jpg 217w, https:\/\/www.anovapeneira.gal\/wp-content\/uploads\/2024\/01\/plano_salvaterra-768x1064.jpg 768w, https:\/\/www.anovapeneira.gal\/wp-content\/uploads\/2024\/01\/plano_salvaterra-1108x1536.jpg 1108w, https:\/\/www.anovapeneira.gal\/wp-content\/uploads\/2024\/01\/plano_salvaterra.jpg 1299w\" sizes=\"auto, (max-width: 739px) 100vw, 739px\" \/><\/figure>\n<\/figure>\n\n\n\n<p>O autor do dese\u00f1o da construci\u00f3n seica foi o capit\u00e1n Juan Ruyz de Quecedo, axudante de tenente de Mestre de Campo Xeneral, quen asina o documento o 18 de setembro de 1646. Don Pedro de Muz\u00e1bal (tal vez Muruz\u00e1bal), dirixiu a construci\u00f3n nun tempo r\u00e9cord o longo dese ano, quen xa ti\u00f1a experiencia como axudante de tenente de Mestre de Campo Xeral, en Mil\u00e1n e noutros lugares da Pen\u00ednsula.<\/p>\n\n\n\n<p>O forte comp\u00fa\u00f1ase dun recinto ou cidadela cadrada con catro baluartes (chamados de S. Benito, S. Felipe, Sta. Ana e S. Guill\u00e9n), cortinas, foso, dependencias interiores e unha gran praza de armas central. A zona Sur dispu\u00f1a de duas bater\u00edas de artiller\u00eda, o Leste dispu\u00f1a de outra e o Oeste de outra. Na parte exterior, polo Sul, dispu\u00f1a de varias trincheiras para tiradores. Estaba rodeado dun segundo recinto amurallado exterior, de planta moi irregular, con baluarte, semibaluartes e puntas rodeados dun foxo. Fora dos baluartes e situada o Norte, hab\u00eda cabida para os campamentos de catro Tercios e oito Milicias. O Tercio primeiro estaba o mando do Mariscal de Campo Don R. (ilexible) Alonso, o Tercio segundo estaba o mando do Mariscal de Campo Don Antonio Taboada, o Tercio terceiro estaba o mando do Mariscal de Campo Don Gabriel Sarmiento, o Tercio cuarto estaba o mando do Mariscal de Campo Don G. (ilexible) de Lemos, o quinto era da Milicia de Don Fernando de Valladares, o sexto era da Milicia de Vigo e Ribadavia, o s\u00e9timo era da Milicia de Don Baltasar de Araujo, o oitavo era da Milicia de Don Pedro Mari\u00f1o de Lobera, o nono era da Milicia de Padr\u00f3n e Puebla de A. (ilexible), o d\u00e9cimo era da Milicia de Don Fernando de Montenegro, o onceavo era da Milicia de Don Alonso de Lara e o doceavo era da Milicia de Don (ilexible) Mari\u00f1o de Lobera. No centro destes campamentos estaban as cortes da cabaler\u00eda. Fora do Forte estaban situadas, un cuartel da Corte, un cuartel de cabaler\u00eda, outros menores, de Esteban Rodr\u00edguez de \u201cAld\u00e1n\u201d e de J\u00e1come Sarmiento.<\/p>\n\n\n\n<p>Na actualidade tan s\u00f3 fican mont\u00f3ns terreiros sen apenas pescudas arqueol\u00f3xicas e en estado de abandono.<\/p>\n\n\n\n<p>Para este traballo foron de referencia, os libros: \u201cArmas i Triunfos\u201d de Frei Felipe de la G\u00e1ndara, 1662, (Biblioteca Penzol), de D. Jaime Garrido Rodr\u00edguez, \u201cFortalezas de la antigua provincia de Tuy\u201d, (Deputaci\u00f3n Provincial 1987), de D. Jos\u00e9 Ram\u00f3n Soraluce Blond, \u201cCastillos y Fortificaciones de Galicia\u201d, de D. Francisco \u00c1vila de la Cueva, \u201cHistoria civil y eclesi\u00e1stica de la ciudad de Tuy y su obispado, 1852,( Consello da Cultura Galega 1995), m\u00e1is recentemente tratou o tema no Faro de Vigo do 08 de outubro do 2015 o Arque\u00f3logo mondariz\u00e1n Don Alberte Reboreda.<\/p>\n","protected":false},"excerpt":{"rendered":"<div class=\"mh-excerpt\"><p>Despois do meu \u00faltimo traballo sobre a guerra de Restauraci\u00f3n portuguesa publicado en decembro pasado, no que daba conta dos movementos militares ocorridos entre os anos 1644 e 1647, debo facer un alto para relatar <a class=\"mh-excerpt-more\" href=\"https:\/\/www.anovapeneira.gal\/index.php\/2024\/01\/24\/cousas-de-salvaterra-forte-de-santiago-de-aitona\/\" title=\"Cousas de Salvaterra, forte de Santiago de Aitona\">[&#8230;]<\/a><\/p>\n<\/div>","protected":false},"author":34,"featured_media":11105,"comment_status":"open","ping_status":"open","sticky":false,"template":"","format":"standard","meta":{"_exactmetrics_skip_tracking":false,"_exactmetrics_sitenote_active":false,"_exactmetrics_sitenote_note":"","_exactmetrics_sitenote_category":0,"footnotes":""},"categories":[7],"tags":[],"class_list":{"0":"post-11103","1":"post","2":"type-post","3":"status-publish","4":"format-standard","5":"has-post-thumbnail","7":"category-artigos-de-opinion"},"yoast_head":"<!-- This site is optimized with the Yoast SEO plugin v27.4 - https:\/\/yoast.com\/product\/yoast-seo-wordpress\/ -->\n<title>Cousas de Salvaterra, forte de Santiago de Aitona -<\/title>\n<meta name=\"description\" content=\"Despois do meu \u00faltimo traballo sobre a guerra de Restauraci\u00f3n portuguesa publicado en decembro pasado, no que daba conta dos movementos militares ocorridos entre os anos 1644 e 1647, debo facer un alto para relatar un feito moi importante que tivo un peso decisivo sobre o decurso da chamada polos portugueses, guerra Duriminia (Douro-Minho)\" \/>\n<meta name=\"robots\" content=\"index, follow, max-snippet:-1, max-image-preview:large, max-video-preview:-1\" \/>\n<link rel=\"canonical\" href=\"https:\/\/www.anovapeneira.gal\/index.php\/2024\/01\/24\/cousas-de-salvaterra-forte-de-santiago-de-aitona\/\" \/>\n<meta property=\"og:locale\" content=\"gl_ES\" \/>\n<meta property=\"og:type\" content=\"article\" \/>\n<meta property=\"og:title\" content=\"Cousas de Salvaterra, forte de Santiago de Aitona -\" \/>\n<meta property=\"og:description\" content=\"Despois do meu \u00faltimo traballo sobre a guerra de Restauraci\u00f3n portuguesa publicado en decembro pasado, no que daba conta dos movementos militares ocorridos entre os anos 1644 e 1647, debo facer un alto para relatar un feito moi importante que tivo un peso decisivo sobre o decurso da chamada polos portugueses, guerra Duriminia (Douro-Minho)\" \/>\n<meta property=\"og:url\" content=\"https:\/\/www.anovapeneira.gal\/index.php\/2024\/01\/24\/cousas-de-salvaterra-forte-de-santiago-de-aitona\/\" \/>\n<meta property=\"article:publisher\" content=\"https:\/\/www.facebook.com\/anovapeneira\" \/>\n<meta property=\"article:published_time\" content=\"2024-01-24T09:00:25+00:00\" \/>\n<meta property=\"article:modified_time\" content=\"2024-01-25T08:20:34+00:00\" \/>\n<meta property=\"og:image\" content=\"https:\/\/www.anovapeneira.gal\/wp-content\/uploads\/2024\/01\/moncada.jpg\" \/>\n\t<meta property=\"og:image:width\" content=\"720\" \/>\n\t<meta property=\"og:image:height\" content=\"432\" \/>\n\t<meta property=\"og:image:type\" content=\"image\/jpeg\" \/>\n<meta name=\"author\" content=\"Ant\u00f3n Lorenzo Gonz\u00e1lez\" \/>\n<meta name=\"twitter:card\" content=\"summary_large_image\" \/>\n<meta name=\"twitter:image\" content=\"https:\/\/www.anovapeneira.gal\/wp-content\/uploads\/2024\/01\/moncada.jpg\" \/>\n<meta name=\"twitter:creator\" content=\"@APeneira\" \/>\n<meta name=\"twitter:site\" content=\"@APeneira\" \/>\n<meta name=\"twitter:label1\" content=\"Escrito por\" \/>\n\t<meta name=\"twitter:data1\" content=\"Ant\u00f3n Lorenzo Gonz\u00e1lez\" \/>\n\t<meta name=\"twitter:label2\" content=\"Tempo de lectura\" \/>\n\t<meta name=\"twitter:data2\" content=\"7 minutos\" \/>\n<script type=\"application\/ld+json\" class=\"yoast-schema-graph\">{\"@context\":\"https:\\\/\\\/schema.org\",\"@graph\":[{\"@type\":\"Article\",\"@id\":\"https:\\\/\\\/www.anovapeneira.gal\\\/index.php\\\/2024\\\/01\\\/24\\\/cousas-de-salvaterra-forte-de-santiago-de-aitona\\\/#article\",\"isPartOf\":{\"@id\":\"https:\\\/\\\/www.anovapeneira.gal\\\/index.php\\\/2024\\\/01\\\/24\\\/cousas-de-salvaterra-forte-de-santiago-de-aitona\\\/\"},\"author\":{\"name\":\"Ant\u00f3n Lorenzo Gonz\u00e1lez\",\"@id\":\"https:\\\/\\\/www.anovapeneira.gal\\\/#\\\/schema\\\/person\\\/1bf91cd240796d05b6522e3d8a6e2d8e\"},\"headline\":\"Cousas de Salvaterra, forte de Santiago de Aitona\",\"datePublished\":\"2024-01-24T09:00:25+00:00\",\"dateModified\":\"2024-01-25T08:20:34+00:00\",\"mainEntityOfPage\":{\"@id\":\"https:\\\/\\\/www.anovapeneira.gal\\\/index.php\\\/2024\\\/01\\\/24\\\/cousas-de-salvaterra-forte-de-santiago-de-aitona\\\/\"},\"wordCount\":1048,\"commentCount\":0,\"publisher\":{\"@id\":\"https:\\\/\\\/www.anovapeneira.gal\\\/#organization\"},\"image\":{\"@id\":\"https:\\\/\\\/www.anovapeneira.gal\\\/index.php\\\/2024\\\/01\\\/24\\\/cousas-de-salvaterra-forte-de-santiago-de-aitona\\\/#primaryimage\"},\"thumbnailUrl\":\"https:\\\/\\\/www.anovapeneira.gal\\\/wp-content\\\/uploads\\\/2024\\\/01\\\/moncada.jpg\",\"articleSection\":[\"Artigos de opini\u00f3n\"],\"inLanguage\":\"gl-ES\",\"potentialAction\":[{\"@type\":\"CommentAction\",\"name\":\"Comment\",\"target\":[\"https:\\\/\\\/www.anovapeneira.gal\\\/index.php\\\/2024\\\/01\\\/24\\\/cousas-de-salvaterra-forte-de-santiago-de-aitona\\\/#respond\"]}]},{\"@type\":\"WebPage\",\"@id\":\"https:\\\/\\\/www.anovapeneira.gal\\\/index.php\\\/2024\\\/01\\\/24\\\/cousas-de-salvaterra-forte-de-santiago-de-aitona\\\/\",\"url\":\"https:\\\/\\\/www.anovapeneira.gal\\\/index.php\\\/2024\\\/01\\\/24\\\/cousas-de-salvaterra-forte-de-santiago-de-aitona\\\/\",\"name\":\"Cousas de Salvaterra, forte de Santiago de Aitona -\",\"isPartOf\":{\"@id\":\"https:\\\/\\\/www.anovapeneira.gal\\\/#website\"},\"primaryImageOfPage\":{\"@id\":\"https:\\\/\\\/www.anovapeneira.gal\\\/index.php\\\/2024\\\/01\\\/24\\\/cousas-de-salvaterra-forte-de-santiago-de-aitona\\\/#primaryimage\"},\"image\":{\"@id\":\"https:\\\/\\\/www.anovapeneira.gal\\\/index.php\\\/2024\\\/01\\\/24\\\/cousas-de-salvaterra-forte-de-santiago-de-aitona\\\/#primaryimage\"},\"thumbnailUrl\":\"https:\\\/\\\/www.anovapeneira.gal\\\/wp-content\\\/uploads\\\/2024\\\/01\\\/moncada.jpg\",\"datePublished\":\"2024-01-24T09:00:25+00:00\",\"dateModified\":\"2024-01-25T08:20:34+00:00\",\"description\":\"Despois do meu \u00faltimo traballo sobre a guerra de Restauraci\u00f3n portuguesa publicado en decembro pasado, no que daba conta dos movementos militares ocorridos entre os anos 1644 e 1647, debo facer un alto para relatar un feito moi importante que tivo un peso decisivo sobre o decurso da chamada polos portugueses, guerra Duriminia (Douro-Minho)\",\"breadcrumb\":{\"@id\":\"https:\\\/\\\/www.anovapeneira.gal\\\/index.php\\\/2024\\\/01\\\/24\\\/cousas-de-salvaterra-forte-de-santiago-de-aitona\\\/#breadcrumb\"},\"inLanguage\":\"gl-ES\",\"potentialAction\":[{\"@type\":\"ReadAction\",\"target\":[\"https:\\\/\\\/www.anovapeneira.gal\\\/index.php\\\/2024\\\/01\\\/24\\\/cousas-de-salvaterra-forte-de-santiago-de-aitona\\\/\"]}]},{\"@type\":\"ImageObject\",\"inLanguage\":\"gl-ES\",\"@id\":\"https:\\\/\\\/www.anovapeneira.gal\\\/index.php\\\/2024\\\/01\\\/24\\\/cousas-de-salvaterra-forte-de-santiago-de-aitona\\\/#primaryimage\",\"url\":\"https:\\\/\\\/www.anovapeneira.gal\\\/wp-content\\\/uploads\\\/2024\\\/01\\\/moncada.jpg\",\"contentUrl\":\"https:\\\/\\\/www.anovapeneira.gal\\\/wp-content\\\/uploads\\\/2024\\\/01\\\/moncada.jpg\",\"width\":720,\"height\":432,\"caption\":\"Francisco de Moncada, Marqu\u00e9s de Aytona por Anthonis van Dyck (K\u00fcnstler\\\/in) - Fine Arts Museum Vienna, Austria - CC BY-NC-SA.\"},{\"@type\":\"BreadcrumbList\",\"@id\":\"https:\\\/\\\/www.anovapeneira.gal\\\/index.php\\\/2024\\\/01\\\/24\\\/cousas-de-salvaterra-forte-de-santiago-de-aitona\\\/#breadcrumb\",\"itemListElement\":[{\"@type\":\"ListItem\",\"position\":1,\"name\":\"Portada\",\"item\":\"https:\\\/\\\/www.anovapeneira.gal\\\/\"},{\"@type\":\"ListItem\",\"position\":2,\"name\":\"Cousas de Salvaterra, forte de Santiago de Aitona\"}]},{\"@type\":\"WebSite\",\"@id\":\"https:\\\/\\\/www.anovapeneira.gal\\\/#website\",\"url\":\"https:\\\/\\\/www.anovapeneira.gal\\\/\",\"name\":\"\",\"description\":\"Xornal galego de informaci\u00f3n xeral Publicaci\u00f3n mensual de novas de Galicia e en especial dos Concellos da sur da provincia de Pontevedra.\",\"publisher\":{\"@id\":\"https:\\\/\\\/www.anovapeneira.gal\\\/#organization\"},\"potentialAction\":[{\"@type\":\"SearchAction\",\"target\":{\"@type\":\"EntryPoint\",\"urlTemplate\":\"https:\\\/\\\/www.anovapeneira.gal\\\/?s={search_term_string}\"},\"query-input\":{\"@type\":\"PropertyValueSpecification\",\"valueRequired\":true,\"valueName\":\"search_term_string\"}}],\"inLanguage\":\"gl-ES\"},{\"@type\":\"Organization\",\"@id\":\"https:\\\/\\\/www.anovapeneira.gal\\\/#organization\",\"name\":\"A Nova Peneira\",\"url\":\"https:\\\/\\\/www.anovapeneira.gal\\\/\",\"logo\":{\"@type\":\"ImageObject\",\"inLanguage\":\"gl-ES\",\"@id\":\"https:\\\/\\\/www.anovapeneira.gal\\\/#\\\/schema\\\/logo\\\/image\\\/\",\"url\":\"http:\\\/\\\/www.anovapeneira.gal\\\/wp-content\\\/uploads\\\/2019\\\/06\\\/logo_a_nova_peneira_portal_web.png\",\"contentUrl\":\"http:\\\/\\\/www.anovapeneira.gal\\\/wp-content\\\/uploads\\\/2019\\\/06\\\/logo_a_nova_peneira_portal_web.png\",\"width\":300,\"height\":100,\"caption\":\"A Nova Peneira\"},\"image\":{\"@id\":\"https:\\\/\\\/www.anovapeneira.gal\\\/#\\\/schema\\\/logo\\\/image\\\/\"},\"sameAs\":[\"https:\\\/\\\/www.facebook.com\\\/anovapeneira\",\"https:\\\/\\\/x.com\\\/APeneira\"]},{\"@type\":\"Person\",\"@id\":\"https:\\\/\\\/www.anovapeneira.gal\\\/#\\\/schema\\\/person\\\/1bf91cd240796d05b6522e3d8a6e2d8e\",\"name\":\"Ant\u00f3n Lorenzo Gonz\u00e1lez\",\"image\":{\"@type\":\"ImageObject\",\"inLanguage\":\"gl-ES\",\"@id\":\"https:\\\/\\\/secure.gravatar.com\\\/avatar\\\/dcd882e8f4338e07610336943426400d525673506eb37ce59442ba704e5cc971?s=96&d=mm&r=g\",\"url\":\"https:\\\/\\\/secure.gravatar.com\\\/avatar\\\/dcd882e8f4338e07610336943426400d525673506eb37ce59442ba704e5cc971?s=96&d=mm&r=g\",\"contentUrl\":\"https:\\\/\\\/secure.gravatar.com\\\/avatar\\\/dcd882e8f4338e07610336943426400d525673506eb37ce59442ba704e5cc971?s=96&d=mm&r=g\",\"caption\":\"Ant\u00f3n Lorenzo Gonz\u00e1lez\"},\"url\":\"https:\\\/\\\/www.anovapeneira.gal\\\/index.php\\\/author\\\/xaque\\\/\"}]}<\/script>\n<!-- \/ Yoast SEO plugin. -->","yoast_head_json":{"title":"Cousas de Salvaterra, forte de Santiago de Aitona -","description":"Despois do meu \u00faltimo traballo sobre a guerra de Restauraci\u00f3n portuguesa publicado en decembro pasado, no que daba conta dos movementos militares ocorridos entre os anos 1644 e 1647, debo facer un alto para relatar un feito moi importante que tivo un peso decisivo sobre o decurso da chamada polos portugueses, guerra Duriminia (Douro-Minho)","robots":{"index":"index","follow":"follow","max-snippet":"max-snippet:-1","max-image-preview":"max-image-preview:large","max-video-preview":"max-video-preview:-1"},"canonical":"https:\/\/www.anovapeneira.gal\/index.php\/2024\/01\/24\/cousas-de-salvaterra-forte-de-santiago-de-aitona\/","og_locale":"gl_ES","og_type":"article","og_title":"Cousas de Salvaterra, forte de Santiago de Aitona -","og_description":"Despois do meu \u00faltimo traballo sobre a guerra de Restauraci\u00f3n portuguesa publicado en decembro pasado, no que daba conta dos movementos militares ocorridos entre os anos 1644 e 1647, debo facer un alto para relatar un feito moi importante que tivo un peso decisivo sobre o decurso da chamada polos portugueses, guerra Duriminia (Douro-Minho)","og_url":"https:\/\/www.anovapeneira.gal\/index.php\/2024\/01\/24\/cousas-de-salvaterra-forte-de-santiago-de-aitona\/","article_publisher":"https:\/\/www.facebook.com\/anovapeneira","article_published_time":"2024-01-24T09:00:25+00:00","article_modified_time":"2024-01-25T08:20:34+00:00","og_image":[{"width":720,"height":432,"url":"https:\/\/www.anovapeneira.gal\/wp-content\/uploads\/2024\/01\/moncada.jpg","type":"image\/jpeg"}],"author":"Ant\u00f3n Lorenzo Gonz\u00e1lez","twitter_card":"summary_large_image","twitter_image":"https:\/\/www.anovapeneira.gal\/wp-content\/uploads\/2024\/01\/moncada.jpg","twitter_creator":"@APeneira","twitter_site":"@APeneira","twitter_misc":{"Escrito por":"Ant\u00f3n Lorenzo Gonz\u00e1lez","Tempo de lectura":"7 minutos"},"schema":{"@context":"https:\/\/schema.org","@graph":[{"@type":"Article","@id":"https:\/\/www.anovapeneira.gal\/index.php\/2024\/01\/24\/cousas-de-salvaterra-forte-de-santiago-de-aitona\/#article","isPartOf":{"@id":"https:\/\/www.anovapeneira.gal\/index.php\/2024\/01\/24\/cousas-de-salvaterra-forte-de-santiago-de-aitona\/"},"author":{"name":"Ant\u00f3n Lorenzo Gonz\u00e1lez","@id":"https:\/\/www.anovapeneira.gal\/#\/schema\/person\/1bf91cd240796d05b6522e3d8a6e2d8e"},"headline":"Cousas de Salvaterra, forte de Santiago de Aitona","datePublished":"2024-01-24T09:00:25+00:00","dateModified":"2024-01-25T08:20:34+00:00","mainEntityOfPage":{"@id":"https:\/\/www.anovapeneira.gal\/index.php\/2024\/01\/24\/cousas-de-salvaterra-forte-de-santiago-de-aitona\/"},"wordCount":1048,"commentCount":0,"publisher":{"@id":"https:\/\/www.anovapeneira.gal\/#organization"},"image":{"@id":"https:\/\/www.anovapeneira.gal\/index.php\/2024\/01\/24\/cousas-de-salvaterra-forte-de-santiago-de-aitona\/#primaryimage"},"thumbnailUrl":"https:\/\/www.anovapeneira.gal\/wp-content\/uploads\/2024\/01\/moncada.jpg","articleSection":["Artigos de opini\u00f3n"],"inLanguage":"gl-ES","potentialAction":[{"@type":"CommentAction","name":"Comment","target":["https:\/\/www.anovapeneira.gal\/index.php\/2024\/01\/24\/cousas-de-salvaterra-forte-de-santiago-de-aitona\/#respond"]}]},{"@type":"WebPage","@id":"https:\/\/www.anovapeneira.gal\/index.php\/2024\/01\/24\/cousas-de-salvaterra-forte-de-santiago-de-aitona\/","url":"https:\/\/www.anovapeneira.gal\/index.php\/2024\/01\/24\/cousas-de-salvaterra-forte-de-santiago-de-aitona\/","name":"Cousas de Salvaterra, forte de Santiago de Aitona -","isPartOf":{"@id":"https:\/\/www.anovapeneira.gal\/#website"},"primaryImageOfPage":{"@id":"https:\/\/www.anovapeneira.gal\/index.php\/2024\/01\/24\/cousas-de-salvaterra-forte-de-santiago-de-aitona\/#primaryimage"},"image":{"@id":"https:\/\/www.anovapeneira.gal\/index.php\/2024\/01\/24\/cousas-de-salvaterra-forte-de-santiago-de-aitona\/#primaryimage"},"thumbnailUrl":"https:\/\/www.anovapeneira.gal\/wp-content\/uploads\/2024\/01\/moncada.jpg","datePublished":"2024-01-24T09:00:25+00:00","dateModified":"2024-01-25T08:20:34+00:00","description":"Despois do meu \u00faltimo traballo sobre a guerra de Restauraci\u00f3n portuguesa publicado en decembro pasado, no que daba conta dos movementos militares ocorridos entre os anos 1644 e 1647, debo facer un alto para relatar un feito moi importante que tivo un peso decisivo sobre o decurso da chamada polos portugueses, guerra Duriminia (Douro-Minho)","breadcrumb":{"@id":"https:\/\/www.anovapeneira.gal\/index.php\/2024\/01\/24\/cousas-de-salvaterra-forte-de-santiago-de-aitona\/#breadcrumb"},"inLanguage":"gl-ES","potentialAction":[{"@type":"ReadAction","target":["https:\/\/www.anovapeneira.gal\/index.php\/2024\/01\/24\/cousas-de-salvaterra-forte-de-santiago-de-aitona\/"]}]},{"@type":"ImageObject","inLanguage":"gl-ES","@id":"https:\/\/www.anovapeneira.gal\/index.php\/2024\/01\/24\/cousas-de-salvaterra-forte-de-santiago-de-aitona\/#primaryimage","url":"https:\/\/www.anovapeneira.gal\/wp-content\/uploads\/2024\/01\/moncada.jpg","contentUrl":"https:\/\/www.anovapeneira.gal\/wp-content\/uploads\/2024\/01\/moncada.jpg","width":720,"height":432,"caption":"Francisco de Moncada, Marqu\u00e9s de Aytona por Anthonis van Dyck (K\u00fcnstler\/in) - Fine Arts Museum Vienna, Austria - CC BY-NC-SA."},{"@type":"BreadcrumbList","@id":"https:\/\/www.anovapeneira.gal\/index.php\/2024\/01\/24\/cousas-de-salvaterra-forte-de-santiago-de-aitona\/#breadcrumb","itemListElement":[{"@type":"ListItem","position":1,"name":"Portada","item":"https:\/\/www.anovapeneira.gal\/"},{"@type":"ListItem","position":2,"name":"Cousas de Salvaterra, forte de Santiago de Aitona"}]},{"@type":"WebSite","@id":"https:\/\/www.anovapeneira.gal\/#website","url":"https:\/\/www.anovapeneira.gal\/","name":"","description":"Xornal galego de informaci\u00f3n xeral Publicaci\u00f3n mensual de novas de Galicia e en especial dos Concellos da sur da provincia de Pontevedra.","publisher":{"@id":"https:\/\/www.anovapeneira.gal\/#organization"},"potentialAction":[{"@type":"SearchAction","target":{"@type":"EntryPoint","urlTemplate":"https:\/\/www.anovapeneira.gal\/?s={search_term_string}"},"query-input":{"@type":"PropertyValueSpecification","valueRequired":true,"valueName":"search_term_string"}}],"inLanguage":"gl-ES"},{"@type":"Organization","@id":"https:\/\/www.anovapeneira.gal\/#organization","name":"A Nova Peneira","url":"https:\/\/www.anovapeneira.gal\/","logo":{"@type":"ImageObject","inLanguage":"gl-ES","@id":"https:\/\/www.anovapeneira.gal\/#\/schema\/logo\/image\/","url":"http:\/\/www.anovapeneira.gal\/wp-content\/uploads\/2019\/06\/logo_a_nova_peneira_portal_web.png","contentUrl":"http:\/\/www.anovapeneira.gal\/wp-content\/uploads\/2019\/06\/logo_a_nova_peneira_portal_web.png","width":300,"height":100,"caption":"A Nova Peneira"},"image":{"@id":"https:\/\/www.anovapeneira.gal\/#\/schema\/logo\/image\/"},"sameAs":["https:\/\/www.facebook.com\/anovapeneira","https:\/\/x.com\/APeneira"]},{"@type":"Person","@id":"https:\/\/www.anovapeneira.gal\/#\/schema\/person\/1bf91cd240796d05b6522e3d8a6e2d8e","name":"Ant\u00f3n Lorenzo Gonz\u00e1lez","image":{"@type":"ImageObject","inLanguage":"gl-ES","@id":"https:\/\/secure.gravatar.com\/avatar\/dcd882e8f4338e07610336943426400d525673506eb37ce59442ba704e5cc971?s=96&d=mm&r=g","url":"https:\/\/secure.gravatar.com\/avatar\/dcd882e8f4338e07610336943426400d525673506eb37ce59442ba704e5cc971?s=96&d=mm&r=g","contentUrl":"https:\/\/secure.gravatar.com\/avatar\/dcd882e8f4338e07610336943426400d525673506eb37ce59442ba704e5cc971?s=96&d=mm&r=g","caption":"Ant\u00f3n Lorenzo Gonz\u00e1lez"},"url":"https:\/\/www.anovapeneira.gal\/index.php\/author\/xaque\/"}]}},"jetpack_featured_media_url":"https:\/\/www.anovapeneira.gal\/wp-content\/uploads\/2024\/01\/moncada.jpg","_links":{"self":[{"href":"https:\/\/www.anovapeneira.gal\/index.php\/wp-json\/wp\/v2\/posts\/11103","targetHints":{"allow":["GET"]}}],"collection":[{"href":"https:\/\/www.anovapeneira.gal\/index.php\/wp-json\/wp\/v2\/posts"}],"about":[{"href":"https:\/\/www.anovapeneira.gal\/index.php\/wp-json\/wp\/v2\/types\/post"}],"author":[{"embeddable":true,"href":"https:\/\/www.anovapeneira.gal\/index.php\/wp-json\/wp\/v2\/users\/34"}],"replies":[{"embeddable":true,"href":"https:\/\/www.anovapeneira.gal\/index.php\/wp-json\/wp\/v2\/comments?post=11103"}],"version-history":[{"count":6,"href":"https:\/\/www.anovapeneira.gal\/index.php\/wp-json\/wp\/v2\/posts\/11103\/revisions"}],"predecessor-version":[{"id":11142,"href":"https:\/\/www.anovapeneira.gal\/index.php\/wp-json\/wp\/v2\/posts\/11103\/revisions\/11142"}],"wp:featuredmedia":[{"embeddable":true,"href":"https:\/\/www.anovapeneira.gal\/index.php\/wp-json\/wp\/v2\/media\/11105"}],"wp:attachment":[{"href":"https:\/\/www.anovapeneira.gal\/index.php\/wp-json\/wp\/v2\/media?parent=11103"}],"wp:term":[{"taxonomy":"category","embeddable":true,"href":"https:\/\/www.anovapeneira.gal\/index.php\/wp-json\/wp\/v2\/categories?post=11103"},{"taxonomy":"post_tag","embeddable":true,"href":"https:\/\/www.anovapeneira.gal\/index.php\/wp-json\/wp\/v2\/tags?post=11103"}],"curies":[{"name":"wp","href":"https:\/\/api.w.org\/{rel}","templated":true}]}}