{"id":11136,"date":"2024-01-26T12:00:01","date_gmt":"2024-01-26T11:00:01","guid":{"rendered":"https:\/\/www.anovapeneira.gal\/?p=11136"},"modified":"2024-01-24T10:03:24","modified_gmt":"2024-01-24T09:03:24","slug":"manta-sofa-e-netflix","status":"publish","type":"post","link":"https:\/\/www.anovapeneira.gal\/index.php\/2024\/01\/26\/manta-sofa-e-netflix\/","title":{"rendered":"Manta, sof\u00e1 e Netflix"},"content":{"rendered":"\n<pre class=\"wp-block-verse\">Marta Rodr\u00edguez M\u00e1rquez Secretaria do PP de A Ca\u00f1iza<\/pre>\n\n\n\n<p>Cando te chamas Lu\u00eds Pi\u00f1a, es o alcalde da Ca\u00f1iza e o Secretario de Organizaci\u00f3n Provincial do PSOE de Pontevedra, e tes que acudir a declarar ao Xulgado como imputado en tempo de elecci\u00f3ns, rematas por converterte nese gran no traseiro que ning\u00fan candidato a gobernar unha autonom\u00eda quere ter a estas alturas da partida. Como se a Besteiro non lle chegase xa bastante co que ten!<\/p>\n\n\n\n<p>\u00c9 certo que Lu\u00eds Pi\u00f1a tivo o seu m\u00e9rito ao esquivar esta lea nas elecci\u00f3ns municipais e conseguir \u00e1 alcald\u00eda mentres desbotaba a socios inc\u00f3modos. Soubo contar o conto aos votantes como mellor lle veu e ocultarllo \u00e1 s\u00faa c\u00fapula por vergo\u00f1a e covard\u00eda. Pero ese mesmo conto, m\u00e1is propio dun p\u00fablico infante, torna agora nunha historia que ven poder\u00eda pertencer a unha serie de Netflix.<\/p>\n\n\n\n<p>O gui\u00f3n re\u00fane todos os t\u00f3picos deste tipo de ficci\u00f3ns: un alcalde imputado por un posible delito de prevaricaci\u00f3n, unha trama de apa\u00f1os que rematan coa intervenci\u00f3n das contas por parte do Estado, unhas personaxes espavorecidas e estresadas tratando de eludir responsabilidades e de que non as descubran noutras maiores, ocultaci\u00f3n de informes, incumprimento de sentencias xudiciais, condenas coleccionables, subidas de impostos para cubrir subidas de soldos, e os pagos de favores a alg\u00fan por non ter chegado a nada despois de todo e por telo relegado ao recuncho menos visible posible, pero que ten m\u00e1is informaci\u00f3n da que deber\u00eda (todo ao m\u00e1is puro estilo de \u201cSnatch\u201d)\u2026<\/p>\n\n\n\n<p>E todo isto aderezado cunha campa\u00f1a electoral, no medio dun panorama nacional ateigado de tramas de dubidosa legalidade e completamente corrompidas, non aptas para todos os p\u00fablicos.<\/p>\n\n\n\n<p>Pero o m\u00e1is relevante, \u00e9 que lonxe de parecer unha longametraxe, isto \u00e9 a vida real. Tan real que acontece nunha vila onde a cotiandade parece esfumarse m\u00e1is do desexable para converterse \u201cnunha de vaqueiros\u201d, canto m\u00e1is nos afastamos das datas nas que unha lista de promesas electorais nos engaiolaba e nos arroubaba.<\/p>\n\n\n\n<p>Esc\u00e1ndalos que deixan moi lonxe xa, aquelas postas en escena da man de Regades e Silva con fotogramas unhas veces comparables aos de Tim\u00f3n e Pumba e outras tantas aos de Scar e as hienas.<\/p>\n\n\n\n<p>E unha cousa est\u00e1 clara, estes dous \u201cprodutores\u201d non van a facer xira promocional desta vez, nin van a desfilar por alfombras vermellas, nin os van a nomear para ning\u00fans premios, nin van a conceder entrevistas, nin a sa\u00edr na foto a car\u00f3n do protagonista, porque este produto ten moitas taras e xa non \u00e9 vendible.<\/p>\n\n\n\n<p>A xente est\u00e1 farta de argumentos nos que ga\u00f1an os ru\u00edns, e leva moito tempo vendo como se indulta aos \u201cmalos\u201d da pel\u00edcula e por iso os despachos de billetes xa comenzaron a baldeirar hai tempo.<\/p>\n\n\n\n<p>Desco\u00f1ezo a posici\u00f3n da directiva do PSOE provincial, cando a uns d\u00edas de que a xente acuda \u00e1s urnas para depositar al\u00ed a s\u00faa confianza nuns ou noutros, o seu Secretario de Organizaci\u00f3n ter\u00e1 que declarar no Xulgado, e asemade, rec\u00e9n reprendido polo Xu\u00edz, por tentar censurar e amordazar \u00e1 oposici\u00f3n, e despois de incumprir unha sentenza xudicial por ocultaci\u00f3n de informaci\u00f3n. Desco\u00f1ezo a s\u00faa posici\u00f3n, pero creo que non ser\u00e1 moi favorable para o protagonista da historia, porque todos sabemos o que fan os guionistas coas personaxes que lles restan audiencia\u2026<\/p>\n\n\n\n<p>As\u00ed que ide collendo sitio no sof\u00e1, a manti\u00f1a, e un bo tanque de flocos de millo, porque isto non fixo m\u00e1is que comezar.<\/p>\n\n\n\n<p>E se a cousa se pon moi fea, igual lle podemos vender os dereitos a algunha plataforma dixital.<\/p>\n","protected":false},"excerpt":{"rendered":"<div class=\"mh-excerpt\"><p>Cando te chamas Lu\u00eds Pi\u00f1a, es o alcalde da Ca\u00f1iza e o Secretario de Organizaci\u00f3n Provincial do PSOE de Pontevedra, e tes que acudir a declarar ao Xulgado como imputado en tempo de elecci\u00f3ns <a class=\"mh-excerpt-more\" href=\"https:\/\/www.anovapeneira.gal\/index.php\/2024\/01\/26\/manta-sofa-e-netflix\/\" title=\"Manta, sof\u00e1 e Netflix\">[&#8230;]<\/a><\/p>\n<\/div>","protected":false},"author":12,"featured_media":10448,"comment_status":"open","ping_status":"open","sticky":false,"template":"","format":"standard","meta":{"_exactmetrics_skip_tracking":false,"_exactmetrics_sitenote_active":false,"_exactmetrics_sitenote_note":"","_exactmetrics_sitenote_category":0,"footnotes":""},"categories":[1],"tags":[1259],"class_list":{"0":"post-11136","1":"post","2":"type-post","3":"status-publish","4":"format-standard","5":"has-post-thumbnail","7":"category-sin-categoria","8":"tag-concello-de-caniza"},"yoast_head":"<!-- This site is optimized with the Yoast SEO plugin v27.4 - https:\/\/yoast.com\/product\/yoast-seo-wordpress\/ -->\n<title>Manta, sof\u00e1 e Netflix -<\/title>\n<meta name=\"description\" content=\"Cando te chamas Lu\u00eds Pi\u00f1a, es o alcalde da Ca\u00f1iza e o Secretario de Organizaci\u00f3n Provincial do PSOE de Pontevedra, e tes que acudir a declarar ao Xulgado como imputado en tempo de elecci\u00f3ns\" \/>\n<meta name=\"robots\" content=\"index, follow, max-snippet:-1, max-image-preview:large, max-video-preview:-1\" \/>\n<link rel=\"canonical\" href=\"https:\/\/www.anovapeneira.gal\/index.php\/2024\/01\/26\/manta-sofa-e-netflix\/\" \/>\n<meta property=\"og:locale\" content=\"gl_ES\" \/>\n<meta property=\"og:type\" content=\"article\" \/>\n<meta property=\"og:title\" content=\"Manta, sof\u00e1 e Netflix -\" \/>\n<meta property=\"og:description\" content=\"Cando te chamas Lu\u00eds Pi\u00f1a, es o alcalde da Ca\u00f1iza e o Secretario de Organizaci\u00f3n Provincial do PSOE de Pontevedra, e tes que acudir a declarar ao Xulgado como imputado en tempo de elecci\u00f3ns\" \/>\n<meta property=\"og:url\" content=\"https:\/\/www.anovapeneira.gal\/index.php\/2024\/01\/26\/manta-sofa-e-netflix\/\" \/>\n<meta property=\"article:publisher\" content=\"https:\/\/www.facebook.com\/anovapeneira\" \/>\n<meta property=\"article:published_time\" content=\"2024-01-26T11:00:01+00:00\" \/>\n<meta property=\"og:image\" content=\"https:\/\/www.anovapeneira.gal\/wp-content\/uploads\/2023\/09\/marta_pp_caniza.jpg\" \/>\n\t<meta property=\"og:image:width\" content=\"720\" \/>\n\t<meta property=\"og:image:height\" content=\"432\" \/>\n\t<meta property=\"og:image:type\" content=\"image\/jpeg\" \/>\n<meta name=\"author\" content=\"Artigos Opini\u00f3n\" \/>\n<meta name=\"twitter:card\" content=\"summary_large_image\" \/>\n<meta name=\"twitter:creator\" content=\"@APeneira\" \/>\n<meta name=\"twitter:site\" content=\"@APeneira\" \/>\n<meta name=\"twitter:label1\" content=\"Escrito por\" \/>\n\t<meta name=\"twitter:data1\" content=\"Artigos Opini\u00f3n\" \/>\n\t<meta name=\"twitter:label2\" content=\"Tempo de lectura\" \/>\n\t<meta name=\"twitter:data2\" content=\"4 minutos\" \/>\n<script type=\"application\/ld+json\" class=\"yoast-schema-graph\">{\"@context\":\"https:\\\/\\\/schema.org\",\"@graph\":[{\"@type\":\"Article\",\"@id\":\"https:\\\/\\\/www.anovapeneira.gal\\\/index.php\\\/2024\\\/01\\\/26\\\/manta-sofa-e-netflix\\\/#article\",\"isPartOf\":{\"@id\":\"https:\\\/\\\/www.anovapeneira.gal\\\/index.php\\\/2024\\\/01\\\/26\\\/manta-sofa-e-netflix\\\/\"},\"author\":{\"name\":\"Artigos Opini\u00f3n\",\"@id\":\"https:\\\/\\\/www.anovapeneira.gal\\\/#\\\/schema\\\/person\\\/f18a4feb302e8f20bcef4490b5b60bb3\"},\"headline\":\"Manta, sof\u00e1 e Netflix\",\"datePublished\":\"2024-01-26T11:00:01+00:00\",\"mainEntityOfPage\":{\"@id\":\"https:\\\/\\\/www.anovapeneira.gal\\\/index.php\\\/2024\\\/01\\\/26\\\/manta-sofa-e-netflix\\\/\"},\"wordCount\":639,\"commentCount\":0,\"publisher\":{\"@id\":\"https:\\\/\\\/www.anovapeneira.gal\\\/#organization\"},\"image\":{\"@id\":\"https:\\\/\\\/www.anovapeneira.gal\\\/index.php\\\/2024\\\/01\\\/26\\\/manta-sofa-e-netflix\\\/#primaryimage\"},\"thumbnailUrl\":\"https:\\\/\\\/www.anovapeneira.gal\\\/wp-content\\\/uploads\\\/2023\\\/09\\\/marta_pp_caniza.jpg\",\"keywords\":[\"Concello de Ca\u00f1iza\"],\"articleSection\":[\"Sin categor\u00eda\"],\"inLanguage\":\"gl-ES\",\"potentialAction\":[{\"@type\":\"CommentAction\",\"name\":\"Comment\",\"target\":[\"https:\\\/\\\/www.anovapeneira.gal\\\/index.php\\\/2024\\\/01\\\/26\\\/manta-sofa-e-netflix\\\/#respond\"]}]},{\"@type\":\"WebPage\",\"@id\":\"https:\\\/\\\/www.anovapeneira.gal\\\/index.php\\\/2024\\\/01\\\/26\\\/manta-sofa-e-netflix\\\/\",\"url\":\"https:\\\/\\\/www.anovapeneira.gal\\\/index.php\\\/2024\\\/01\\\/26\\\/manta-sofa-e-netflix\\\/\",\"name\":\"Manta, sof\u00e1 e Netflix -\",\"isPartOf\":{\"@id\":\"https:\\\/\\\/www.anovapeneira.gal\\\/#website\"},\"primaryImageOfPage\":{\"@id\":\"https:\\\/\\\/www.anovapeneira.gal\\\/index.php\\\/2024\\\/01\\\/26\\\/manta-sofa-e-netflix\\\/#primaryimage\"},\"image\":{\"@id\":\"https:\\\/\\\/www.anovapeneira.gal\\\/index.php\\\/2024\\\/01\\\/26\\\/manta-sofa-e-netflix\\\/#primaryimage\"},\"thumbnailUrl\":\"https:\\\/\\\/www.anovapeneira.gal\\\/wp-content\\\/uploads\\\/2023\\\/09\\\/marta_pp_caniza.jpg\",\"datePublished\":\"2024-01-26T11:00:01+00:00\",\"description\":\"Cando te chamas Lu\u00eds Pi\u00f1a, es o alcalde da Ca\u00f1iza e o Secretario de Organizaci\u00f3n Provincial do PSOE de Pontevedra, e tes que acudir a declarar ao Xulgado como imputado en tempo de elecci\u00f3ns\",\"breadcrumb\":{\"@id\":\"https:\\\/\\\/www.anovapeneira.gal\\\/index.php\\\/2024\\\/01\\\/26\\\/manta-sofa-e-netflix\\\/#breadcrumb\"},\"inLanguage\":\"gl-ES\",\"potentialAction\":[{\"@type\":\"ReadAction\",\"target\":[\"https:\\\/\\\/www.anovapeneira.gal\\\/index.php\\\/2024\\\/01\\\/26\\\/manta-sofa-e-netflix\\\/\"]}]},{\"@type\":\"ImageObject\",\"inLanguage\":\"gl-ES\",\"@id\":\"https:\\\/\\\/www.anovapeneira.gal\\\/index.php\\\/2024\\\/01\\\/26\\\/manta-sofa-e-netflix\\\/#primaryimage\",\"url\":\"https:\\\/\\\/www.anovapeneira.gal\\\/wp-content\\\/uploads\\\/2023\\\/09\\\/marta_pp_caniza.jpg\",\"contentUrl\":\"https:\\\/\\\/www.anovapeneira.gal\\\/wp-content\\\/uploads\\\/2023\\\/09\\\/marta_pp_caniza.jpg\",\"width\":720,\"height\":432,\"caption\":\"Marta Rodr\u00edguez M\u00e1rquez Secretaria do PP de A Ca\u00f1iza\"},{\"@type\":\"BreadcrumbList\",\"@id\":\"https:\\\/\\\/www.anovapeneira.gal\\\/index.php\\\/2024\\\/01\\\/26\\\/manta-sofa-e-netflix\\\/#breadcrumb\",\"itemListElement\":[{\"@type\":\"ListItem\",\"position\":1,\"name\":\"Portada\",\"item\":\"https:\\\/\\\/www.anovapeneira.gal\\\/\"},{\"@type\":\"ListItem\",\"position\":2,\"name\":\"Manta, sof\u00e1 e Netflix\"}]},{\"@type\":\"WebSite\",\"@id\":\"https:\\\/\\\/www.anovapeneira.gal\\\/#website\",\"url\":\"https:\\\/\\\/www.anovapeneira.gal\\\/\",\"name\":\"\",\"description\":\"Xornal galego de informaci\u00f3n xeral Publicaci\u00f3n mensual de novas de Galicia e en especial dos Concellos da sur da provincia de Pontevedra.\",\"publisher\":{\"@id\":\"https:\\\/\\\/www.anovapeneira.gal\\\/#organization\"},\"potentialAction\":[{\"@type\":\"SearchAction\",\"target\":{\"@type\":\"EntryPoint\",\"urlTemplate\":\"https:\\\/\\\/www.anovapeneira.gal\\\/?s={search_term_string}\"},\"query-input\":{\"@type\":\"PropertyValueSpecification\",\"valueRequired\":true,\"valueName\":\"search_term_string\"}}],\"inLanguage\":\"gl-ES\"},{\"@type\":\"Organization\",\"@id\":\"https:\\\/\\\/www.anovapeneira.gal\\\/#organization\",\"name\":\"A Nova Peneira\",\"url\":\"https:\\\/\\\/www.anovapeneira.gal\\\/\",\"logo\":{\"@type\":\"ImageObject\",\"inLanguage\":\"gl-ES\",\"@id\":\"https:\\\/\\\/www.anovapeneira.gal\\\/#\\\/schema\\\/logo\\\/image\\\/\",\"url\":\"http:\\\/\\\/www.anovapeneira.gal\\\/wp-content\\\/uploads\\\/2019\\\/06\\\/logo_a_nova_peneira_portal_web.png\",\"contentUrl\":\"http:\\\/\\\/www.anovapeneira.gal\\\/wp-content\\\/uploads\\\/2019\\\/06\\\/logo_a_nova_peneira_portal_web.png\",\"width\":300,\"height\":100,\"caption\":\"A Nova Peneira\"},\"image\":{\"@id\":\"https:\\\/\\\/www.anovapeneira.gal\\\/#\\\/schema\\\/logo\\\/image\\\/\"},\"sameAs\":[\"https:\\\/\\\/www.facebook.com\\\/anovapeneira\",\"https:\\\/\\\/x.com\\\/APeneira\"]},{\"@type\":\"Person\",\"@id\":\"https:\\\/\\\/www.anovapeneira.gal\\\/#\\\/schema\\\/person\\\/f18a4feb302e8f20bcef4490b5b60bb3\",\"name\":\"Artigos Opini\u00f3n\",\"image\":{\"@type\":\"ImageObject\",\"inLanguage\":\"gl-ES\",\"@id\":\"https:\\\/\\\/secure.gravatar.com\\\/avatar\\\/072844300f4881150aee2da4278f7a65d16eefdf8262eb67085f1e702de2b959?s=96&d=mm&r=g\",\"url\":\"https:\\\/\\\/secure.gravatar.com\\\/avatar\\\/072844300f4881150aee2da4278f7a65d16eefdf8262eb67085f1e702de2b959?s=96&d=mm&r=g\",\"contentUrl\":\"https:\\\/\\\/secure.gravatar.com\\\/avatar\\\/072844300f4881150aee2da4278f7a65d16eefdf8262eb67085f1e702de2b959?s=96&d=mm&r=g\",\"caption\":\"Artigos Opini\u00f3n\"},\"sameAs\":[\"http:\\\/\\\/anovapeneira.gal\"],\"url\":\"https:\\\/\\\/www.anovapeneira.gal\\\/index.php\\\/author\\\/artigosopinion\\\/\"}]}<\/script>\n<!-- \/ Yoast SEO plugin. -->","yoast_head_json":{"title":"Manta, sof\u00e1 e Netflix -","description":"Cando te chamas Lu\u00eds Pi\u00f1a, es o alcalde da Ca\u00f1iza e o Secretario de Organizaci\u00f3n Provincial do PSOE de Pontevedra, e tes que acudir a declarar ao Xulgado como imputado en tempo de elecci\u00f3ns","robots":{"index":"index","follow":"follow","max-snippet":"max-snippet:-1","max-image-preview":"max-image-preview:large","max-video-preview":"max-video-preview:-1"},"canonical":"https:\/\/www.anovapeneira.gal\/index.php\/2024\/01\/26\/manta-sofa-e-netflix\/","og_locale":"gl_ES","og_type":"article","og_title":"Manta, sof\u00e1 e Netflix -","og_description":"Cando te chamas Lu\u00eds Pi\u00f1a, es o alcalde da Ca\u00f1iza e o Secretario de Organizaci\u00f3n Provincial do PSOE de Pontevedra, e tes que acudir a declarar ao Xulgado como imputado en tempo de elecci\u00f3ns","og_url":"https:\/\/www.anovapeneira.gal\/index.php\/2024\/01\/26\/manta-sofa-e-netflix\/","article_publisher":"https:\/\/www.facebook.com\/anovapeneira","article_published_time":"2024-01-26T11:00:01+00:00","og_image":[{"width":720,"height":432,"url":"https:\/\/www.anovapeneira.gal\/wp-content\/uploads\/2023\/09\/marta_pp_caniza.jpg","type":"image\/jpeg"}],"author":"Artigos Opini\u00f3n","twitter_card":"summary_large_image","twitter_creator":"@APeneira","twitter_site":"@APeneira","twitter_misc":{"Escrito por":"Artigos Opini\u00f3n","Tempo de lectura":"4 minutos"},"schema":{"@context":"https:\/\/schema.org","@graph":[{"@type":"Article","@id":"https:\/\/www.anovapeneira.gal\/index.php\/2024\/01\/26\/manta-sofa-e-netflix\/#article","isPartOf":{"@id":"https:\/\/www.anovapeneira.gal\/index.php\/2024\/01\/26\/manta-sofa-e-netflix\/"},"author":{"name":"Artigos Opini\u00f3n","@id":"https:\/\/www.anovapeneira.gal\/#\/schema\/person\/f18a4feb302e8f20bcef4490b5b60bb3"},"headline":"Manta, sof\u00e1 e Netflix","datePublished":"2024-01-26T11:00:01+00:00","mainEntityOfPage":{"@id":"https:\/\/www.anovapeneira.gal\/index.php\/2024\/01\/26\/manta-sofa-e-netflix\/"},"wordCount":639,"commentCount":0,"publisher":{"@id":"https:\/\/www.anovapeneira.gal\/#organization"},"image":{"@id":"https:\/\/www.anovapeneira.gal\/index.php\/2024\/01\/26\/manta-sofa-e-netflix\/#primaryimage"},"thumbnailUrl":"https:\/\/www.anovapeneira.gal\/wp-content\/uploads\/2023\/09\/marta_pp_caniza.jpg","keywords":["Concello de Ca\u00f1iza"],"articleSection":["Sin categor\u00eda"],"inLanguage":"gl-ES","potentialAction":[{"@type":"CommentAction","name":"Comment","target":["https:\/\/www.anovapeneira.gal\/index.php\/2024\/01\/26\/manta-sofa-e-netflix\/#respond"]}]},{"@type":"WebPage","@id":"https:\/\/www.anovapeneira.gal\/index.php\/2024\/01\/26\/manta-sofa-e-netflix\/","url":"https:\/\/www.anovapeneira.gal\/index.php\/2024\/01\/26\/manta-sofa-e-netflix\/","name":"Manta, sof\u00e1 e Netflix -","isPartOf":{"@id":"https:\/\/www.anovapeneira.gal\/#website"},"primaryImageOfPage":{"@id":"https:\/\/www.anovapeneira.gal\/index.php\/2024\/01\/26\/manta-sofa-e-netflix\/#primaryimage"},"image":{"@id":"https:\/\/www.anovapeneira.gal\/index.php\/2024\/01\/26\/manta-sofa-e-netflix\/#primaryimage"},"thumbnailUrl":"https:\/\/www.anovapeneira.gal\/wp-content\/uploads\/2023\/09\/marta_pp_caniza.jpg","datePublished":"2024-01-26T11:00:01+00:00","description":"Cando te chamas Lu\u00eds Pi\u00f1a, es o alcalde da Ca\u00f1iza e o Secretario de Organizaci\u00f3n Provincial do PSOE de Pontevedra, e tes que acudir a declarar ao Xulgado como imputado en tempo de elecci\u00f3ns","breadcrumb":{"@id":"https:\/\/www.anovapeneira.gal\/index.php\/2024\/01\/26\/manta-sofa-e-netflix\/#breadcrumb"},"inLanguage":"gl-ES","potentialAction":[{"@type":"ReadAction","target":["https:\/\/www.anovapeneira.gal\/index.php\/2024\/01\/26\/manta-sofa-e-netflix\/"]}]},{"@type":"ImageObject","inLanguage":"gl-ES","@id":"https:\/\/www.anovapeneira.gal\/index.php\/2024\/01\/26\/manta-sofa-e-netflix\/#primaryimage","url":"https:\/\/www.anovapeneira.gal\/wp-content\/uploads\/2023\/09\/marta_pp_caniza.jpg","contentUrl":"https:\/\/www.anovapeneira.gal\/wp-content\/uploads\/2023\/09\/marta_pp_caniza.jpg","width":720,"height":432,"caption":"Marta Rodr\u00edguez M\u00e1rquez Secretaria do PP de A Ca\u00f1iza"},{"@type":"BreadcrumbList","@id":"https:\/\/www.anovapeneira.gal\/index.php\/2024\/01\/26\/manta-sofa-e-netflix\/#breadcrumb","itemListElement":[{"@type":"ListItem","position":1,"name":"Portada","item":"https:\/\/www.anovapeneira.gal\/"},{"@type":"ListItem","position":2,"name":"Manta, sof\u00e1 e Netflix"}]},{"@type":"WebSite","@id":"https:\/\/www.anovapeneira.gal\/#website","url":"https:\/\/www.anovapeneira.gal\/","name":"","description":"Xornal galego de informaci\u00f3n xeral Publicaci\u00f3n mensual de novas de Galicia e en especial dos Concellos da sur da provincia de Pontevedra.","publisher":{"@id":"https:\/\/www.anovapeneira.gal\/#organization"},"potentialAction":[{"@type":"SearchAction","target":{"@type":"EntryPoint","urlTemplate":"https:\/\/www.anovapeneira.gal\/?s={search_term_string}"},"query-input":{"@type":"PropertyValueSpecification","valueRequired":true,"valueName":"search_term_string"}}],"inLanguage":"gl-ES"},{"@type":"Organization","@id":"https:\/\/www.anovapeneira.gal\/#organization","name":"A Nova Peneira","url":"https:\/\/www.anovapeneira.gal\/","logo":{"@type":"ImageObject","inLanguage":"gl-ES","@id":"https:\/\/www.anovapeneira.gal\/#\/schema\/logo\/image\/","url":"http:\/\/www.anovapeneira.gal\/wp-content\/uploads\/2019\/06\/logo_a_nova_peneira_portal_web.png","contentUrl":"http:\/\/www.anovapeneira.gal\/wp-content\/uploads\/2019\/06\/logo_a_nova_peneira_portal_web.png","width":300,"height":100,"caption":"A Nova Peneira"},"image":{"@id":"https:\/\/www.anovapeneira.gal\/#\/schema\/logo\/image\/"},"sameAs":["https:\/\/www.facebook.com\/anovapeneira","https:\/\/x.com\/APeneira"]},{"@type":"Person","@id":"https:\/\/www.anovapeneira.gal\/#\/schema\/person\/f18a4feb302e8f20bcef4490b5b60bb3","name":"Artigos Opini\u00f3n","image":{"@type":"ImageObject","inLanguage":"gl-ES","@id":"https:\/\/secure.gravatar.com\/avatar\/072844300f4881150aee2da4278f7a65d16eefdf8262eb67085f1e702de2b959?s=96&d=mm&r=g","url":"https:\/\/secure.gravatar.com\/avatar\/072844300f4881150aee2da4278f7a65d16eefdf8262eb67085f1e702de2b959?s=96&d=mm&r=g","contentUrl":"https:\/\/secure.gravatar.com\/avatar\/072844300f4881150aee2da4278f7a65d16eefdf8262eb67085f1e702de2b959?s=96&d=mm&r=g","caption":"Artigos Opini\u00f3n"},"sameAs":["http:\/\/anovapeneira.gal"],"url":"https:\/\/www.anovapeneira.gal\/index.php\/author\/artigosopinion\/"}]}},"jetpack_featured_media_url":"https:\/\/www.anovapeneira.gal\/wp-content\/uploads\/2023\/09\/marta_pp_caniza.jpg","_links":{"self":[{"href":"https:\/\/www.anovapeneira.gal\/index.php\/wp-json\/wp\/v2\/posts\/11136","targetHints":{"allow":["GET"]}}],"collection":[{"href":"https:\/\/www.anovapeneira.gal\/index.php\/wp-json\/wp\/v2\/posts"}],"about":[{"href":"https:\/\/www.anovapeneira.gal\/index.php\/wp-json\/wp\/v2\/types\/post"}],"author":[{"embeddable":true,"href":"https:\/\/www.anovapeneira.gal\/index.php\/wp-json\/wp\/v2\/users\/12"}],"replies":[{"embeddable":true,"href":"https:\/\/www.anovapeneira.gal\/index.php\/wp-json\/wp\/v2\/comments?post=11136"}],"version-history":[{"count":2,"href":"https:\/\/www.anovapeneira.gal\/index.php\/wp-json\/wp\/v2\/posts\/11136\/revisions"}],"predecessor-version":[{"id":11139,"href":"https:\/\/www.anovapeneira.gal\/index.php\/wp-json\/wp\/v2\/posts\/11136\/revisions\/11139"}],"wp:featuredmedia":[{"embeddable":true,"href":"https:\/\/www.anovapeneira.gal\/index.php\/wp-json\/wp\/v2\/media\/10448"}],"wp:attachment":[{"href":"https:\/\/www.anovapeneira.gal\/index.php\/wp-json\/wp\/v2\/media?parent=11136"}],"wp:term":[{"taxonomy":"category","embeddable":true,"href":"https:\/\/www.anovapeneira.gal\/index.php\/wp-json\/wp\/v2\/categories?post=11136"},{"taxonomy":"post_tag","embeddable":true,"href":"https:\/\/www.anovapeneira.gal\/index.php\/wp-json\/wp\/v2\/tags?post=11136"}],"curies":[{"name":"wp","href":"https:\/\/api.w.org\/{rel}","templated":true}]}}