{"id":11168,"date":"2024-02-01T10:00:39","date_gmt":"2024-02-01T09:00:39","guid":{"rendered":"https:\/\/www.anovapeneira.gal\/?p=11168"},"modified":"2024-01-29T08:50:07","modified_gmt":"2024-01-29T07:50:07","slug":"xose-ramon-gomez-besteiro-candidato-do-psdeg-psoe","status":"publish","type":"post","link":"https:\/\/www.anovapeneira.gal\/index.php\/2024\/02\/01\/xose-ramon-gomez-besteiro-candidato-do-psdeg-psoe\/","title":{"rendered":"Xos\u00e9 Ram\u00f3n G\u00f3mez Besteiro candidato do PSdeG-PSOE"},"content":{"rendered":"\n<pre class=\"wp-block-verse\"><strong>Xurxo Gregorio<\/strong><\/pre>\n\n\n\n<h2 class=\"wp-block-heading\">\u201c<strong>Comprom\u00e9tome a superar o modelo da Xunta do PP: Enfrontada contra todo e contra todos\u201d.<\/strong><\/h2>\n\n\n\n<p><strong>Vostede conseguiu ser o primeiro presidente da socialista da Deputaci\u00f3n de Lugo, que lembranzas lle trae o acadar ese cargo por primeira vez para un militante socialista?<\/strong><\/p>\n\n\n\n<blockquote class=\"wp-block-quote is-layout-flow wp-block-quote-is-layout-flow\">\n<p>Te\u00f1o moit\u00edsimas lembranzas e moi boas. Foi un momento de gran traballo pero ao mesmo tempo sabiamos que hab\u00eda que dalo todo, que non podiamos perder nin un minuto. Cando chegamos \u00e1 deputaci\u00f3n decidimos \u201cir cara a adiante\u201d, non ti\u00f1a sentido sa\u00edr cada semana nunha rolda de prensa dicindo o mal que o fac\u00edan os anteriores. Decidimos po\u00f1ernos a traballar pola provincia de Lugo, que boa falta fac\u00eda.<\/p>\n<\/blockquote>\n\n\n\n<p><strong>Nesa s\u00faa xeira como presidente da Deputaci\u00f3n Lugo foi pioneiro en algo que agora est\u00e1 en auxe e que aplican moitas instituci\u00f3ns gobernadas por partidos de todas as cores. Que supuxo para a Provincia de Lugo o ser a primeira deputaci\u00f3n do estado en aplicar os orzamentos participativos?<\/strong><\/p>\n\n\n\n<blockquote class=\"wp-block-quote is-layout-flow wp-block-quote-is-layout-flow\">\n<p>Ben, a verdade \u00e9 que sobre todo supuxo un cambio de percepci\u00f3n. Na deputaci\u00f3n cheg\u00e1base dunha presidencia moi longa do Partido Popular cun modelo que non compartiamos. A deputaci\u00f3n era un sitio pechado en si mesmo, incluso fisicamente, e con n\u00f3s chegou o momento de abrir portas e xanelas.<\/p>\n<\/blockquote>\n\n\n\n<blockquote class=\"wp-block-quote is-layout-flow wp-block-quote-is-layout-flow\">\n<p>A nosa vontade era facer uns orzamentos participativos para que os lucenses decidiran onde gastar e isto supo\u00f1\u00eda un cambio total de forma de relacionarse ca administraci\u00f3n.<\/p>\n<\/blockquote>\n\n\n\n<blockquote class=\"wp-block-quote is-layout-flow wp-block-quote-is-layout-flow\">\n<p>Implicou que a xente tivera a seguridade de que a deputaci\u00f3n estaba escoit\u00e1ndoos e que eles participaban da toma de decisi\u00f3ns, que a s\u00faa voz importaba. Era unha relaci\u00f3n de ida e volta. Un di\u00e1logo na medida do posible coa cidadan\u00eda e penso que a veci\u00f1anza o entendeu perfectamente.<\/p>\n<\/blockquote>\n\n\n\n<p><strong>Foi vostede tam\u00e9n un innovador o crear unha provincial de residencias e centros de d\u00eda para a 3\u00aa idade, sendo tam\u00e9n un exemplo en todo o estado \u00bfComo o logrou?<\/strong><\/p>\n\n\n\n<blockquote class=\"wp-block-quote is-layout-flow wp-block-quote-is-layout-flow\">\n<p>Primeiro escoitando. A xente cont\u00e1bame que quer\u00eda vivir no seu pobo, e que cada vez era m\u00e1is dif\u00edcil. As residencias da Xunta eran sitios enormes e deshumanizados e pod\u00eda tocarlles unha praza lonxe da s\u00faas vilas, do seu entorno, do que eles co\u00f1ec\u00edan. Escoitando aos maiores e \u00e1s familias foi como entendemos o modelo que necesit\u00e1bamos, o modelo que permitira \u00e1 xente desfrutar desa etapa da sua vida, en su entorno, cun ambiente familiar e cos cuidados necesarios. Os maiores non queren estar aparcados nun edificio<\/p>\n<\/blockquote>\n\n\n\n<blockquote class=\"wp-block-quote is-layout-flow wp-block-quote-is-layout-flow\">\n<p>Tam\u00e9n falei cos alcaldes porque ti\u00f1a claro que o servizo ti\u00f1a que ser municipal. A deputaci\u00f3n est\u00e1 para acompa\u00f1ar e facilitar o preciso para que o servizo poida existir e ter o nivel axeitado. Finalmente, coordinamos cos funcionarios e traballadores de todas esas administraci\u00f3ns, que foron os encargados de tramitar todo para conseguir os terreos, facer as obras, crear o servizo.<\/p>\n<\/blockquote>\n\n\n\n<blockquote class=\"wp-block-quote is-layout-flow wp-block-quote-is-layout-flow\">\n<p>P\u00f3dolle dicir que hoxe \u00e9 de unha das cousas que mais orgullosos me atopo. \u00c9 desas cousas que dan sentido \u00e1 pol\u00edtica.<\/p>\n<\/blockquote>\n\n\n\n<p><strong>O seu goberno en Lugo tam\u00e9n foi pioneiro en axudar os gandeiros da provincia coa creaci\u00f3n dun centro publico de recr\u00eda de gando, nunha comunidade como Galicia onde o agro parece estar esquecido polo goberno da Xunta. Cree exportable ese tipo de medidas a toda Galicia?<\/strong><\/p>\n\n\n\n<blockquote class=\"wp-block-quote is-layout-flow wp-block-quote-is-layout-flow\">\n<p>A xesti\u00f3n que fixemos na Deputaci\u00f3n de Lugo para co agro \u00e9 un dos asuntos dos que me sinto m\u00e1is orgulloso, e como ben di puidemos po\u00f1er en marcha iniciativas pioneiras como o Centro de Recr\u00eda de gando iniciando unha li\u00f1a de traballo para po\u00f1er en valor o mellor dun rural que lamentablemente a Xunta ten abandonado.<\/p>\n<\/blockquote>\n\n\n\n<blockquote class=\"wp-block-quote is-layout-flow wp-block-quote-is-layout-flow\">\n<p>O rural galego languidece dende hai tempo pola falla de impulso da Xunta, que nos \u00faltimos 15 anos veu recortando servizos no interior, nunha pol\u00edtica suicida que provoca o abandono acelerado de centos de pobos e aldeas, como demostra que hoxe te\u00f1amos 21.000 ocupados menos no sector agro alimentar que no ano 2010.<\/p>\n<\/blockquote>\n\n\n\n<blockquote class=\"wp-block-quote is-layout-flow wp-block-quote-is-layout-flow\">\n<p>O meu obxectivo \u00e9 reactivar o rural para facelo de novo unha opci\u00f3n atractiva para vivir porque necesitamos do sector primario. \u00c9 o momento de aproveitar a enorme calidade das nosas terras e do noso clima coa finalidade de producir para mercados nos que se valore a calidade dos nosos produtos distinguidos con denominaci\u00f3ns de orixe, indicaci\u00f3ns xeogr\u00e1ficas ou con selo ecol\u00f3xico, e o faremos mellorando a sustentabilidade do sector dende a tripla perspectiva ambiental, econ\u00f3mica e social.<\/p>\n<\/blockquote>\n\n\n\n<p><strong>Sen sa\u00edr do tema agrario, estamos nun pa\u00eds que cada pouco tempo temos incendios e onde parte da superficie cultivada se acaba adicando a especies arb\u00f3reas de crecemento r\u00e1pido, cales van a ser os eixos da s\u00faa pol\u00edtica agraria?<\/strong><\/p>\n\n\n\n<blockquote class=\"wp-block-quote is-layout-flow wp-block-quote-is-layout-flow\">\n<p>Falar de rural \u00e9 falar de gander\u00eda e agricultura, pero tam\u00e9n de po\u00f1er medidas para frear o declive demogr\u00e1fico, asumir e comprender a dobre discriminaci\u00f3n que sofren as mulleres rurais e asimilar que a falla de relevo xeracional, a masculinizaci\u00f3n e o avellentamento que afectan ao rural galego derivan dunha serie de carencias que temos que identificar e corrixir con urxencia, porque vivir no rural non pode ser un acto de heroicidade.<\/p>\n<\/blockquote>\n\n\n\n<blockquote class=\"wp-block-quote is-layout-flow wp-block-quote-is-layout-flow\">\n<p>O meu goberno artellar\u00e1 unha bater\u00eda transversal de medidas con este obxectivo, comezando por impulsar unha Lei de Agricultura Familiar, a creaci\u00f3n dun Observatorio P\u00fablico de Custes, a promoci\u00f3n das enerx\u00edas renovables, impulsar a mobilizaci\u00f3n da terra ou apuntalar un sistema de seguros agrarios, asumindo ademais compensaci\u00f3ns polos danos provocados pola fauna salvaxe ou un plan para valorizar as produci\u00f3ns locais.<\/p>\n<\/blockquote>\n\n\n\n<blockquote class=\"wp-block-quote is-layout-flow wp-block-quote-is-layout-flow\">\n<p>Como ben apuntaba vostede, os incendios son un grave problema, ampliado pola falla de xesti\u00f3n do goberno galego, que contin\u00faa centrando todo o esforzo na extinci\u00f3n e deixando de lado a prevenci\u00f3n dos lumes forestais.<\/p>\n<\/blockquote>\n\n\n\n<blockquote class=\"wp-block-quote is-layout-flow wp-block-quote-is-layout-flow\">\n<p>Eu defendo un novo modelo forestal que garanta unha verdadeira pol\u00edtica forestal sostible, con medidas para favorecer a produci\u00f3n e a conservaci\u00f3n, que finalice os plans de ordenaci\u00f3n forestal, equilibre a produci\u00f3n e sexa efectivo na loita contra o abandono e os lumes forestais.<\/p>\n<\/blockquote>\n\n\n\n<blockquote class=\"wp-block-quote is-layout-flow wp-block-quote-is-layout-flow\">\n<p>Cumpre po\u00f1er en marcha un novo modelo adaptado \u00e1 realidade econ\u00f3mica e social do rural, con resiliencia fronte ao lume, baixo os principios da xesti\u00f3n forestal sostible e certificaci\u00f3n da xesti\u00f3n, que po\u00f1a en valor das masas de frondosas, da superficie veci\u00f1al ou da captaci\u00f3n de carbono.<\/p>\n<\/blockquote>\n\n\n\n<blockquote class=\"wp-block-quote is-layout-flow wp-block-quote-is-layout-flow\">\n<p>E me comprometo especialmente a prestar especial atenci\u00f3n \u00e1 xesti\u00f3n das brigadas forestais e \u00e1s condici\u00f3ns laborais dos seus integrantes, que sei que est\u00e1n a desempregar un traballo fundamental nunhas condici\u00f3ns inadmisibles pola xesti\u00f3n do goberno galego. Debemos cami\u00f1ar cara un servizo \u00fanico, estable, profesional e equipado, dependente do Goberno galego.<\/p>\n<\/blockquote>\n\n\n\n<p><strong>Galicia nos \u00faltimos anos perdeu gran parte do seu poder industrial, Que medidas ter\u00eda un goberno seu para recuperar a emprego e a capacidade neste sector?<\/strong><\/p>\n\n\n\n<blockquote class=\"wp-block-quote is-layout-flow wp-block-quote-is-layout-flow\">\n<p>Galicia ten perdido quince anos de desenvolvemento industrial polo desleixo dun goberno que ten como \u00fanico eixo de xesti\u00f3n buscar a confrontaci\u00f3n co resto das administraci\u00f3ns. Que esquece que ten a competencia exclusiva en materia de desenvolvemento econ\u00f3mico e industrial da Comunidade Aut\u00f3noma e est\u00e1 a desbotar a oportunidade hist\u00f3rica dos fondos europeos de Recuperaci\u00f3n. F\u00edxese se \u00e9 relevante que Galicia recibiu 3.000 mill\u00f3ns de euros do Plan de Recuperaci\u00f3n, dos cales 1.500 mill\u00f3ns ten que xestionalos de forma directa o goberno galego.<\/p>\n<\/blockquote>\n\n\n\n<blockquote class=\"wp-block-quote is-layout-flow wp-block-quote-is-layout-flow\">\n<p>Lamentablemente, os \u00fanicos m\u00e9ritos dos que pode presumir o actual executivo son os de paralizar o desenvolvemento e\u00f3lico dende a chegada do PP ao goberno e de tecer unha mara\u00f1a de normas que est\u00e1n a impedir o desenvolvemento das renovables, como est\u00e1n a dicir un d\u00eda si e outro tam\u00e9n as sentenzas xudiciais.<\/p>\n<\/blockquote>\n\n\n\n<blockquote class=\"wp-block-quote is-layout-flow wp-block-quote-is-layout-flow\">\n<p>Cumpre iniciar o desenvolvemento da pol\u00edtica industrial de Galicia dende a base: a formaci\u00f3n do capital humano, que \u00e9 un factor esencial de toda a pol\u00edtica econ\u00f3mica. Por iso crearei unha Conseller\u00eda integrada de Universidades, Ciencia e Innovaci\u00f3n, as\u00ed como unha axencia que agrupe os investimentos en innovaci\u00f3n e promoci\u00f3n econ\u00f3mica.<\/p>\n<\/blockquote>\n\n\n\n<blockquote class=\"wp-block-quote is-layout-flow wp-block-quote-is-layout-flow\">\n<p>No primeiro ano de mandato comprom\u00e9tome a aprobar unha nova Lei de Ciencia, Tecnolox\u00eda e innovaci\u00f3n, que incl\u00faa un compromiso de crecemento do investimento en I+D ata pasar do 0,9 ao 1,2 por cento ao final da Lexislatura.<\/p>\n<\/blockquote>\n\n\n\n<blockquote class=\"wp-block-quote is-layout-flow wp-block-quote-is-layout-flow\">\n<p>E a partires de a\u00ed, o papel do goberno galego debe ser o de \u201cpartner\u201d do mundo empresarial, acompa\u00f1ante activo e dinamizador, un goberno que supere a falla de pol\u00edtica industrial para deixar de ser un obst\u00e1culo e comezar a ser compa\u00f1eira dos investimentos do tecido econ\u00f3mico e as\u00ed garantir m\u00e1is riqueza para os galegos e as galegas para igualar a media estatal.<\/p>\n<\/blockquote>\n\n\n\n<blockquote class=\"wp-block-quote is-layout-flow wp-block-quote-is-layout-flow\">\n<p>Constituiremos unha Sociedade P\u00fablica de Enerx\u00eda que apoie os proxectos estrat\u00e9xicos para o pa\u00eds e que ofreza unha resposta seria, a lo menos m\u00e1is seria que a ocorrencia de Rueda de constitu\u00edr un ente privado para a xesti\u00f3n dos recursos naturais en base a unha Lei que non existe e que nin sequera foi enviada para a s\u00faa tramitaci\u00f3n no Parlamento. Cumpre implantar un novo modelo de gobernanza p\u00fablica baseado na utilizaci\u00f3n eficiente dos recursos p\u00fablicos que permita despregar un novo modelo de desenvolvemento industrial a partir da enerx\u00eda verde, que sexa respectuoso co medio e que redunde no beneficio das comunidades locais nas que se implante.<\/p>\n<\/blockquote>\n\n\n\n<blockquote class=\"wp-block-quote is-layout-flow wp-block-quote-is-layout-flow\">\n<p>Dende logo despregaremos un novo impulso \u00e1 modernizaci\u00f3n e \u00e1 industrializaci\u00f3n entendidas como unha forma de loitar contra a desigualdade social e de cohesionar aos territorios, xa que sen unha verdadeira cohesi\u00f3n territorial non hai democracia\u201d.<\/p>\n<\/blockquote>\n\n\n\n<p><strong>No eido do ensino impulso a instalaci\u00f3n da UNED en Lugo, cal vai ser o eixo da s\u00faa pol\u00edtica educativa se chega a presidente?<\/strong><\/p>\n\n\n\n<blockquote class=\"wp-block-quote is-layout-flow wp-block-quote-is-layout-flow\">\n<p>A educaci\u00f3n \u00e9 un dos eixos das sociedades democr\u00e1ticas avanzadas. Non pode haber unha sociedade desenvolvida sen unha cidadan\u00eda con pleno acceso a unha educaci\u00f3n de calidade, que lamentablemente est\u00e1 a padecer os recortes dos \u00faltimos anos dos gobernos do PP. \u00c9 preciso reformular o sistema, prestar unha maior atenci\u00f3n individual aos alumnos para que poidan desenvolver o seu maior potencial e que os docentes sexan reco\u00f1ecidos socialmente cunha posici\u00f3n de especial relevancia.<\/p>\n<\/blockquote>\n\n\n\n<blockquote class=\"wp-block-quote is-layout-flow wp-block-quote-is-layout-flow\">\n<p>Cumpre impulsar unha educaci\u00f3n que siga a ser o motor de cambio da sociedade con equidade e calidade, e que dispo\u00f1a dos recursos necesarios para afrontar con \u00e9xito os desaf\u00edos que ve\u00f1en da man das novas tecnolox\u00edas, que prepare aos adultos do futuro dot\u00e1ndoos de capacidade de adaptaci\u00f3n \u00e1s circunstancias nunha aprendizaxe constante e preparados para un mundo cambiante, globalizado e hipercompetitivo.<\/p>\n<\/blockquote>\n\n\n\n<blockquote class=\"wp-block-quote is-layout-flow wp-block-quote-is-layout-flow\">\n<p>A pol\u00edtica educativa \u00e9 central no meu proxecto de futuro, e por iso te\u00f1o a ambici\u00f3n de despregar un amplo programa que lle dea a volta a un sistema maltratado polas pol\u00edticas ultraliberais do PP, revertendo os recortes dos \u00faltimos 15 anos e partindo dunha nova Lei de Educaci\u00f3n de consenso que fixe o novo modelo educativo. Recuperaremos o modelo de gratuidade universal dos libros de texto e do material escolar que nunca debeu ser suprimido, e revisaremos tam\u00e9n o modelo de comedores escolares para implantar un modelo sostible, as\u00ed como dos contratos de transporte escolar para que volva ser unha ferramenta de impulso da educaci\u00f3n e que facilite a conciliaci\u00f3n familiar.<\/p>\n<\/blockquote>\n\n\n\n<p><strong>Os datos din que a porcentaxe de galegofalantes baixa cada ano sobre todo entre a xente nova. Que medidas pensa aplicar para fomentar o uso do galego entre a xente moza?<\/strong><\/p>\n\n\n\n<blockquote class=\"wp-block-quote is-layout-flow wp-block-quote-is-layout-flow\">\n<p>En primeiro lugar quero lamentar o dano que lle ten feito \u00e1 nosa lingua un goberno que precisamente debera facer xusto o contrario, debera coidar o que \u00e9 un dos nosos patrimonios m\u00e1is prezados e que nos identifica claramente como pobo. Pero non, o goberno do PP comezou rachando o consenso ling\u00fc\u00edstico no ensino en 2010 e rematou en 2023 neg\u00e1ndose e mesmo votando en contra do uso da nosa lingua no Congreso. Os que comezaron por limitar a aprendizaxe do galego nas escolas en Galicia, te\u00f1en provocado 14 anos despois que o castel\u00e1n supere ao galego como lingua m\u00e1is utilizada en Galicia.<\/p>\n<\/blockquote>\n\n\n\n<blockquote class=\"wp-block-quote is-layout-flow wp-block-quote-is-layout-flow\">\n<p>O meu obxectivo \u00e9 darlle un xiro radical a estes anos de ataques continuados contra o galego, e por iso quero propo\u00f1er un Pacto pola Lingua dirixido a recuperar o consenso, integrando a t\u00f3dalas forzas pol\u00edticas e \u00e1 sociedade civil para que a lingua sexa de novo o elemento de uni\u00f3n e cohesi\u00f3n, modernizando o Plan de Normalizaci\u00f3n Ling\u00fc\u00edstica con dotaci\u00f3n econ\u00f3mica para reverter a perda de galegofalantes e recuperar a forza que o galego tivo un d\u00eda e que nunca debeu perder.<\/p>\n<\/blockquote>\n\n\n\n<blockquote class=\"wp-block-quote is-layout-flow wp-block-quote-is-layout-flow\">\n<p>Porque o galego non \u00e9 un lastre, como pretende facer ver o PP, ao contrario, constit\u00fae unha oportunidade, e non s\u00f3 social e cultural, f\u00edxese, tam\u00e9n econ\u00f3mica. O Consello da Cultura Galega estima que o impacto total sobre a econom\u00eda das actividades vinculadas \u00e1 lingua galega no ano 2019 supuxo 2.694,6 mill\u00f3ns de euros e o equivalente a 49.893 postos de traballo a tempo completo.<\/p>\n<\/blockquote>\n\n\n\n<p><strong>Tendo vostede a s\u00faa orixe na pol\u00edtica municipal e nunha \u00e9poca na que sobresaen os egos dalg\u00fans l\u00edderes municipais como cree que ser\u00e1 a s\u00faa relaci\u00f3n cos alcaldes das cidades galegas?<\/strong><\/p>\n\n\n\n<blockquote class=\"wp-block-quote is-layout-flow wp-block-quote-is-layout-flow\">\n<p>A mi\u00f1a relaci\u00f3n cos alcaldes e alcaldesas do PSdeG \u00e9 inmellorable, e as\u00ed o seguir\u00e1 a ser. Quero reivindicar ao socialismo como o partido das m\u00e1is de 100 alcald\u00edas, que a trav\u00e9s deles gobernamos a m\u00e1is da metade da poboaci\u00f3n galega, m\u00e1is que os alcaldes de PP e BNG xuntos.<\/p>\n<\/blockquote>\n\n\n\n<blockquote class=\"wp-block-quote is-layout-flow wp-block-quote-is-layout-flow\">\n<p>Non \u00e9 que sexa un obxectivo meu persoal, sen\u00f3n que ter unha boa relaci\u00f3n coas alcald\u00edas de Galicia \u00e9 unha esixencia para que o pa\u00eds funcione, que os galegos e as galegas poidan ter a garant\u00eda de dispor de gobernos perfectamente coordinados e unidos no concello, a Xunta e tam\u00e9n no Estado co \u00fanico obxectivo de mellorar a s\u00faa vida e defender os intereses de todos e de todas.<\/p>\n<\/blockquote>\n\n\n\n<blockquote class=\"wp-block-quote is-layout-flow wp-block-quote-is-layout-flow\">\n<p>Quero comprometerme a superar o modelo dunha Xunta do PP enfrontada contra todo e contra todos, que en lugar de asumir as s\u00faas responsabilidades o \u00fanico que busca \u00e9 provocar o enfrontamento cos alcaldes e as alcaldesas por unha parte e co goberno do Estado pola outra. Como ten demostrado lamentablemente estes \u00faltimos d\u00edas na xesti\u00f3n da crise dos pellets nas nosas costas. Cal foi a xesti\u00f3n do goberno galego sen\u00f3n responsabilizar aos concellos da limpeza dos areais e ao goberno do Estado da limpeza do mar? Onde quedou a s\u00faa responsabilidade, o seu traballo?<\/p>\n<\/blockquote>\n\n\n\n<blockquote class=\"wp-block-quote is-layout-flow wp-block-quote-is-layout-flow\">\n<p>Non, a mi\u00f1a obriga, o meu compromiso e o meu obxectivo \u00e9 implantar unha gobernanza cordial e coordinada co Estado e tam\u00e9n cos concellos, e non s\u00f3 cos socialistas. N\u00f3s non imos facer o que fai o goberno do PP de beneficiar s\u00f3 aos \u201cseus\u201d concellos, aos \u201cseus\u201d alcaldes. Non, o meu goberno non vai facer distinci\u00f3ns entre as cores pol\u00edticas porque a nosa obriga e a nosa responsabilidade \u00e9 con t\u00f3dolos galegos e galegas por igual, sen importar a quen voten.<\/p>\n<\/blockquote>\n\n\n\n<p><strong>Buscar\u00e1 un goberno como referente de pol\u00edticas sociais?<\/strong><\/p>\n\n\n\n<blockquote class=\"wp-block-quote is-layout-flow wp-block-quote-is-layout-flow\">\n<p>Que lle vou dicir? Se os socialistas somos os referentes das pol\u00edticas sociais dende o noso ADN. Dende o primeiro ao \u00faltimo militante, simpatizante e todos e cada un dos galegos e das galegas que nos apoian temos como definici\u00f3n a empat\u00eda e a solidariedade coas persoas que m\u00e1is o necesitan. Se o socialismo s\u00f3 se entende coas pol\u00edticas sociais, e voulle dicir unha cousa, as pol\u00edticas sociais, os avances sociais deste pa\u00eds s\u00f3 se entenden grazas ao respaldo e ao impulso do partido socialista durante os seus 144 anos de vida.<\/p>\n<\/blockquote>\n\n\n\n<blockquote class=\"wp-block-quote is-layout-flow wp-block-quote-is-layout-flow\">\n<p>Uns servizos sociais robustos son vitais dentro dunha sociedade cohesionada, e o goberno ten que ser o defensor dos m\u00e1is vulnerables diante dun mundo que non dubida en deixar cada vez m\u00e1is xente atr\u00e1s. Cremos que non s\u00f3 \u00e9 posible crecer para repartir, sen\u00f3n que tam\u00e9n se reparte para crecer dunha maneira m\u00e1is xusta e equitativa.<\/p>\n<\/blockquote>\n\n\n\n<blockquote class=\"wp-block-quote is-layout-flow wp-block-quote-is-layout-flow\">\n<p>O PP ten unha concepci\u00f3n diferente, e confunden o principio da solidariedade co da caridade. Unha concepci\u00f3n totalmente errada do papel do Estado a nivel social.<\/p>\n<\/blockquote>\n\n\n\n<blockquote class=\"wp-block-quote is-layout-flow wp-block-quote-is-layout-flow\">\n<p>De a\u00ed os recortes radicais ao sistema de Dependencia despregado por Zapatero no Estado e polo goberno de P\u00e9rez Touri\u00f1o en Galicia, que eles nunca entenderon e que por iso trataron de acabar con el por inanici\u00f3n. Algo semellante sucede co Servizo de Axuda ao Fogar, que \u00e9 un piar fundamental dentro da Dependencia pero que atopa numerosas deficiencias mentres o PP o emprega como mecanismo para engrosar as contas do sector privado.<\/p>\n<\/blockquote>\n\n\n\n<blockquote class=\"wp-block-quote is-layout-flow wp-block-quote-is-layout-flow\">\n<p>A pandemia puxo a lupa sobre as carencias dun sistema que eran invisibles a ollos da maior\u00eda, e nos fixo a todos conscientes de que vivimos na Comunidade Aut\u00f3noma coa menor porcentaxe de camas en residencias p\u00fablicas en residencias de maiores, cun sistema nas mans dos centros privados e un goberno que en lugar de preocuparse polo benestar dos nosos maiores soubemos polas denuncias dos inspectores de residencias que filtraban as datas das inspecci\u00f3ns aos centros privados.<\/p>\n<\/blockquote>\n\n\n\n<blockquote class=\"wp-block-quote is-layout-flow wp-block-quote-is-layout-flow\">\n<p>Nos vindeiros anos a poboaci\u00f3n dependente non vai facer m\u00e1is que aumentar, e debemos deixar atr\u00e1s xa a promoci\u00f3n da privada e a par\u00e1lise no \u00e1mbito p\u00fablico, implantando un novo modelo de residencias p\u00fablico, m\u00e1is humano e con m\u00e1is prazas residenciais dispo\u00f1ibles.<\/p>\n<\/blockquote>\n\n\n\n<p><strong>Como ve vostede o actual escenario pol\u00edtico polos ataques da dereita os pactos do PSOE con forzas nacionalistas?<\/strong><\/p>\n\n\n\n<blockquote class=\"wp-block-quote is-layout-flow wp-block-quote-is-layout-flow\">\n<p>Creo que o PP, empezando por Feijoo, non asume que perdeu as elecci\u00f3ns. E isto estalles levando a unha deriva da que lles vai a custar moito sa\u00edr. Estamos a ver que esa frustraci\u00f3n qu\u00e9rena levar \u00e1s r\u00faas, inter\u00e9salles que haxa ru\u00eddo. Os socialistas estamos a outra cousa, a traballar para mellorar a vida das persoas, a subir as pensi\u00f3ns, a subir o salario m\u00ednimo interprofesional, a garantir unha vivenda digna e economicamente sostible&#8230; En definitiva, estamos ao que realmente importa.<\/p>\n<\/blockquote>\n","protected":false},"excerpt":{"rendered":"<div class=\"mh-excerpt\"><p>\u201cComprom\u00e9tome a superar o modelo da Xunta do PP: Enfrontada contra todo e contra todos\u201d <a class=\"mh-excerpt-more\" href=\"https:\/\/www.anovapeneira.gal\/index.php\/2024\/02\/01\/xose-ramon-gomez-besteiro-candidato-do-psdeg-psoe\/\" title=\"Xos\u00e9 Ram\u00f3n G\u00f3mez Besteiro candidato do PSdeG-PSOE\">[&#8230;]<\/a><\/p>\n<\/div>","protected":false},"author":3,"featured_media":11169,"comment_status":"open","ping_status":"open","sticky":false,"template":"","format":"standard","meta":{"_exactmetrics_skip_tracking":false,"_exactmetrics_sitenote_active":false,"_exactmetrics_sitenote_note":"","_exactmetrics_sitenote_category":0,"footnotes":""},"categories":[264],"tags":[],"class_list":{"0":"post-11168","1":"post","2":"type-post","3":"status-publish","4":"format-standard","5":"has-post-thumbnail","7":"category-entrevistas-galicia"},"yoast_head":"<!-- This site is optimized with the Yoast SEO plugin v27.4 - https:\/\/yoast.com\/product\/yoast-seo-wordpress\/ -->\n<title>Xos\u00e9 Ram\u00f3n G\u00f3mez Besteiro candidato do PSdeG-PSOE -<\/title>\n<meta name=\"description\" content=\"\u201cComprom\u00e9tome a superar o modelo da Xunta do PP: Enfrontada contra todo e contra todos\u201d\" \/>\n<meta name=\"robots\" content=\"index, follow, max-snippet:-1, max-image-preview:large, max-video-preview:-1\" \/>\n<link rel=\"canonical\" href=\"https:\/\/www.anovapeneira.gal\/index.php\/2024\/02\/01\/xose-ramon-gomez-besteiro-candidato-do-psdeg-psoe\/\" \/>\n<meta property=\"og:locale\" content=\"gl_ES\" \/>\n<meta property=\"og:type\" content=\"article\" \/>\n<meta property=\"og:title\" content=\"Xos\u00e9 Ram\u00f3n G\u00f3mez Besteiro candidato do PSdeG-PSOE -\" \/>\n<meta property=\"og:description\" content=\"\u201cComprom\u00e9tome a superar o modelo da Xunta do PP: Enfrontada contra todo e contra todos\u201d\" \/>\n<meta property=\"og:url\" content=\"https:\/\/www.anovapeneira.gal\/index.php\/2024\/02\/01\/xose-ramon-gomez-besteiro-candidato-do-psdeg-psoe\/\" \/>\n<meta property=\"article:publisher\" content=\"https:\/\/www.facebook.com\/anovapeneira\" \/>\n<meta property=\"article:published_time\" content=\"2024-02-01T09:00:39+00:00\" \/>\n<meta property=\"og:image\" content=\"https:\/\/www.anovapeneira.gal\/wp-content\/uploads\/2024\/01\/besteiro.jpg\" \/>\n\t<meta property=\"og:image:width\" content=\"720\" \/>\n\t<meta property=\"og:image:height\" content=\"432\" \/>\n\t<meta property=\"og:image:type\" content=\"image\/jpeg\" \/>\n<meta name=\"author\" content=\"Redacci\u00f3n A Nova Peneira\" \/>\n<meta name=\"twitter:card\" content=\"summary_large_image\" \/>\n<meta name=\"twitter:creator\" content=\"@APeneira\" \/>\n<meta name=\"twitter:site\" content=\"@APeneira\" \/>\n<meta name=\"twitter:label1\" content=\"Escrito por\" \/>\n\t<meta name=\"twitter:data1\" content=\"Redacci\u00f3n A Nova Peneira\" \/>\n\t<meta name=\"twitter:label2\" content=\"Tempo de lectura\" \/>\n\t<meta name=\"twitter:data2\" content=\"3 minutos\" \/>\n<script type=\"application\/ld+json\" class=\"yoast-schema-graph\">{\"@context\":\"https:\\\/\\\/schema.org\",\"@graph\":[{\"@type\":\"Article\",\"@id\":\"https:\\\/\\\/www.anovapeneira.gal\\\/index.php\\\/2024\\\/02\\\/01\\\/xose-ramon-gomez-besteiro-candidato-do-psdeg-psoe\\\/#article\",\"isPartOf\":{\"@id\":\"https:\\\/\\\/www.anovapeneira.gal\\\/index.php\\\/2024\\\/02\\\/01\\\/xose-ramon-gomez-besteiro-candidato-do-psdeg-psoe\\\/\"},\"author\":{\"name\":\"Redacci\u00f3n A Nova Peneira\",\"@id\":\"https:\\\/\\\/www.anovapeneira.gal\\\/#\\\/schema\\\/person\\\/b93e3f8932e3f8da96334607eb6ac6aa\"},\"headline\":\"Xos\u00e9 Ram\u00f3n G\u00f3mez Besteiro candidato do PSdeG-PSOE\",\"datePublished\":\"2024-02-01T09:00:39+00:00\",\"mainEntityOfPage\":{\"@id\":\"https:\\\/\\\/www.anovapeneira.gal\\\/index.php\\\/2024\\\/02\\\/01\\\/xose-ramon-gomez-besteiro-candidato-do-psdeg-psoe\\\/\"},\"wordCount\":3124,\"commentCount\":0,\"publisher\":{\"@id\":\"https:\\\/\\\/www.anovapeneira.gal\\\/#organization\"},\"image\":{\"@id\":\"https:\\\/\\\/www.anovapeneira.gal\\\/index.php\\\/2024\\\/02\\\/01\\\/xose-ramon-gomez-besteiro-candidato-do-psdeg-psoe\\\/#primaryimage\"},\"thumbnailUrl\":\"https:\\\/\\\/www.anovapeneira.gal\\\/wp-content\\\/uploads\\\/2024\\\/01\\\/besteiro.jpg\",\"articleSection\":[\"Entrevistas\"],\"inLanguage\":\"gl-ES\",\"potentialAction\":[{\"@type\":\"CommentAction\",\"name\":\"Comment\",\"target\":[\"https:\\\/\\\/www.anovapeneira.gal\\\/index.php\\\/2024\\\/02\\\/01\\\/xose-ramon-gomez-besteiro-candidato-do-psdeg-psoe\\\/#respond\"]}]},{\"@type\":\"WebPage\",\"@id\":\"https:\\\/\\\/www.anovapeneira.gal\\\/index.php\\\/2024\\\/02\\\/01\\\/xose-ramon-gomez-besteiro-candidato-do-psdeg-psoe\\\/\",\"url\":\"https:\\\/\\\/www.anovapeneira.gal\\\/index.php\\\/2024\\\/02\\\/01\\\/xose-ramon-gomez-besteiro-candidato-do-psdeg-psoe\\\/\",\"name\":\"Xos\u00e9 Ram\u00f3n G\u00f3mez Besteiro candidato do PSdeG-PSOE -\",\"isPartOf\":{\"@id\":\"https:\\\/\\\/www.anovapeneira.gal\\\/#website\"},\"primaryImageOfPage\":{\"@id\":\"https:\\\/\\\/www.anovapeneira.gal\\\/index.php\\\/2024\\\/02\\\/01\\\/xose-ramon-gomez-besteiro-candidato-do-psdeg-psoe\\\/#primaryimage\"},\"image\":{\"@id\":\"https:\\\/\\\/www.anovapeneira.gal\\\/index.php\\\/2024\\\/02\\\/01\\\/xose-ramon-gomez-besteiro-candidato-do-psdeg-psoe\\\/#primaryimage\"},\"thumbnailUrl\":\"https:\\\/\\\/www.anovapeneira.gal\\\/wp-content\\\/uploads\\\/2024\\\/01\\\/besteiro.jpg\",\"datePublished\":\"2024-02-01T09:00:39+00:00\",\"description\":\"\u201cComprom\u00e9tome a superar o modelo da Xunta do PP: Enfrontada contra todo e contra todos\u201d\",\"breadcrumb\":{\"@id\":\"https:\\\/\\\/www.anovapeneira.gal\\\/index.php\\\/2024\\\/02\\\/01\\\/xose-ramon-gomez-besteiro-candidato-do-psdeg-psoe\\\/#breadcrumb\"},\"inLanguage\":\"gl-ES\",\"potentialAction\":[{\"@type\":\"ReadAction\",\"target\":[\"https:\\\/\\\/www.anovapeneira.gal\\\/index.php\\\/2024\\\/02\\\/01\\\/xose-ramon-gomez-besteiro-candidato-do-psdeg-psoe\\\/\"]}]},{\"@type\":\"ImageObject\",\"inLanguage\":\"gl-ES\",\"@id\":\"https:\\\/\\\/www.anovapeneira.gal\\\/index.php\\\/2024\\\/02\\\/01\\\/xose-ramon-gomez-besteiro-candidato-do-psdeg-psoe\\\/#primaryimage\",\"url\":\"https:\\\/\\\/www.anovapeneira.gal\\\/wp-content\\\/uploads\\\/2024\\\/01\\\/besteiro.jpg\",\"contentUrl\":\"https:\\\/\\\/www.anovapeneira.gal\\\/wp-content\\\/uploads\\\/2024\\\/01\\\/besteiro.jpg\",\"width\":720,\"height\":432,\"caption\":\"Xos\u00e9 Ram\u00f3n G\u00f3mez Besteiro\"},{\"@type\":\"BreadcrumbList\",\"@id\":\"https:\\\/\\\/www.anovapeneira.gal\\\/index.php\\\/2024\\\/02\\\/01\\\/xose-ramon-gomez-besteiro-candidato-do-psdeg-psoe\\\/#breadcrumb\",\"itemListElement\":[{\"@type\":\"ListItem\",\"position\":1,\"name\":\"Portada\",\"item\":\"https:\\\/\\\/www.anovapeneira.gal\\\/\"},{\"@type\":\"ListItem\",\"position\":2,\"name\":\"Xos\u00e9 Ram\u00f3n G\u00f3mez Besteiro candidato do PSdeG-PSOE\"}]},{\"@type\":\"WebSite\",\"@id\":\"https:\\\/\\\/www.anovapeneira.gal\\\/#website\",\"url\":\"https:\\\/\\\/www.anovapeneira.gal\\\/\",\"name\":\"\",\"description\":\"Xornal galego de informaci\u00f3n xeral Publicaci\u00f3n mensual de novas de Galicia e en especial dos Concellos da sur da provincia de Pontevedra.\",\"publisher\":{\"@id\":\"https:\\\/\\\/www.anovapeneira.gal\\\/#organization\"},\"potentialAction\":[{\"@type\":\"SearchAction\",\"target\":{\"@type\":\"EntryPoint\",\"urlTemplate\":\"https:\\\/\\\/www.anovapeneira.gal\\\/?s={search_term_string}\"},\"query-input\":{\"@type\":\"PropertyValueSpecification\",\"valueRequired\":true,\"valueName\":\"search_term_string\"}}],\"inLanguage\":\"gl-ES\"},{\"@type\":\"Organization\",\"@id\":\"https:\\\/\\\/www.anovapeneira.gal\\\/#organization\",\"name\":\"A Nova Peneira\",\"url\":\"https:\\\/\\\/www.anovapeneira.gal\\\/\",\"logo\":{\"@type\":\"ImageObject\",\"inLanguage\":\"gl-ES\",\"@id\":\"https:\\\/\\\/www.anovapeneira.gal\\\/#\\\/schema\\\/logo\\\/image\\\/\",\"url\":\"http:\\\/\\\/www.anovapeneira.gal\\\/wp-content\\\/uploads\\\/2019\\\/06\\\/logo_a_nova_peneira_portal_web.png\",\"contentUrl\":\"http:\\\/\\\/www.anovapeneira.gal\\\/wp-content\\\/uploads\\\/2019\\\/06\\\/logo_a_nova_peneira_portal_web.png\",\"width\":300,\"height\":100,\"caption\":\"A Nova Peneira\"},\"image\":{\"@id\":\"https:\\\/\\\/www.anovapeneira.gal\\\/#\\\/schema\\\/logo\\\/image\\\/\"},\"sameAs\":[\"https:\\\/\\\/www.facebook.com\\\/anovapeneira\",\"https:\\\/\\\/x.com\\\/APeneira\"]},{\"@type\":\"Person\",\"@id\":\"https:\\\/\\\/www.anovapeneira.gal\\\/#\\\/schema\\\/person\\\/b93e3f8932e3f8da96334607eb6ac6aa\",\"name\":\"Redacci\u00f3n A Nova Peneira\",\"image\":{\"@type\":\"ImageObject\",\"inLanguage\":\"gl-ES\",\"@id\":\"https:\\\/\\\/secure.gravatar.com\\\/avatar\\\/c052a2551a06e23fac63626232eaa90abd78dbcf1700fc46a2b2c89fd27b735f?s=96&d=mm&r=g\",\"url\":\"https:\\\/\\\/secure.gravatar.com\\\/avatar\\\/c052a2551a06e23fac63626232eaa90abd78dbcf1700fc46a2b2c89fd27b735f?s=96&d=mm&r=g\",\"contentUrl\":\"https:\\\/\\\/secure.gravatar.com\\\/avatar\\\/c052a2551a06e23fac63626232eaa90abd78dbcf1700fc46a2b2c89fd27b735f?s=96&d=mm&r=g\",\"caption\":\"Redacci\u00f3n A Nova Peneira\"},\"sameAs\":[\"http:\\\/\\\/www.anovapeneira.gal\\\/\"],\"url\":\"https:\\\/\\\/www.anovapeneira.gal\\\/index.php\\\/author\\\/redactor\\\/\"}]}<\/script>\n<!-- \/ Yoast SEO plugin. -->","yoast_head_json":{"title":"Xos\u00e9 Ram\u00f3n G\u00f3mez Besteiro candidato do PSdeG-PSOE -","description":"\u201cComprom\u00e9tome a superar o modelo da Xunta do PP: Enfrontada contra todo e contra todos\u201d","robots":{"index":"index","follow":"follow","max-snippet":"max-snippet:-1","max-image-preview":"max-image-preview:large","max-video-preview":"max-video-preview:-1"},"canonical":"https:\/\/www.anovapeneira.gal\/index.php\/2024\/02\/01\/xose-ramon-gomez-besteiro-candidato-do-psdeg-psoe\/","og_locale":"gl_ES","og_type":"article","og_title":"Xos\u00e9 Ram\u00f3n G\u00f3mez Besteiro candidato do PSdeG-PSOE -","og_description":"\u201cComprom\u00e9tome a superar o modelo da Xunta do PP: Enfrontada contra todo e contra todos\u201d","og_url":"https:\/\/www.anovapeneira.gal\/index.php\/2024\/02\/01\/xose-ramon-gomez-besteiro-candidato-do-psdeg-psoe\/","article_publisher":"https:\/\/www.facebook.com\/anovapeneira","article_published_time":"2024-02-01T09:00:39+00:00","og_image":[{"width":720,"height":432,"url":"https:\/\/www.anovapeneira.gal\/wp-content\/uploads\/2024\/01\/besteiro.jpg","type":"image\/jpeg"}],"author":"Redacci\u00f3n A Nova Peneira","twitter_card":"summary_large_image","twitter_creator":"@APeneira","twitter_site":"@APeneira","twitter_misc":{"Escrito por":"Redacci\u00f3n A Nova Peneira","Tempo de lectura":"3 minutos"},"schema":{"@context":"https:\/\/schema.org","@graph":[{"@type":"Article","@id":"https:\/\/www.anovapeneira.gal\/index.php\/2024\/02\/01\/xose-ramon-gomez-besteiro-candidato-do-psdeg-psoe\/#article","isPartOf":{"@id":"https:\/\/www.anovapeneira.gal\/index.php\/2024\/02\/01\/xose-ramon-gomez-besteiro-candidato-do-psdeg-psoe\/"},"author":{"name":"Redacci\u00f3n A Nova Peneira","@id":"https:\/\/www.anovapeneira.gal\/#\/schema\/person\/b93e3f8932e3f8da96334607eb6ac6aa"},"headline":"Xos\u00e9 Ram\u00f3n G\u00f3mez Besteiro candidato do PSdeG-PSOE","datePublished":"2024-02-01T09:00:39+00:00","mainEntityOfPage":{"@id":"https:\/\/www.anovapeneira.gal\/index.php\/2024\/02\/01\/xose-ramon-gomez-besteiro-candidato-do-psdeg-psoe\/"},"wordCount":3124,"commentCount":0,"publisher":{"@id":"https:\/\/www.anovapeneira.gal\/#organization"},"image":{"@id":"https:\/\/www.anovapeneira.gal\/index.php\/2024\/02\/01\/xose-ramon-gomez-besteiro-candidato-do-psdeg-psoe\/#primaryimage"},"thumbnailUrl":"https:\/\/www.anovapeneira.gal\/wp-content\/uploads\/2024\/01\/besteiro.jpg","articleSection":["Entrevistas"],"inLanguage":"gl-ES","potentialAction":[{"@type":"CommentAction","name":"Comment","target":["https:\/\/www.anovapeneira.gal\/index.php\/2024\/02\/01\/xose-ramon-gomez-besteiro-candidato-do-psdeg-psoe\/#respond"]}]},{"@type":"WebPage","@id":"https:\/\/www.anovapeneira.gal\/index.php\/2024\/02\/01\/xose-ramon-gomez-besteiro-candidato-do-psdeg-psoe\/","url":"https:\/\/www.anovapeneira.gal\/index.php\/2024\/02\/01\/xose-ramon-gomez-besteiro-candidato-do-psdeg-psoe\/","name":"Xos\u00e9 Ram\u00f3n G\u00f3mez Besteiro candidato do PSdeG-PSOE -","isPartOf":{"@id":"https:\/\/www.anovapeneira.gal\/#website"},"primaryImageOfPage":{"@id":"https:\/\/www.anovapeneira.gal\/index.php\/2024\/02\/01\/xose-ramon-gomez-besteiro-candidato-do-psdeg-psoe\/#primaryimage"},"image":{"@id":"https:\/\/www.anovapeneira.gal\/index.php\/2024\/02\/01\/xose-ramon-gomez-besteiro-candidato-do-psdeg-psoe\/#primaryimage"},"thumbnailUrl":"https:\/\/www.anovapeneira.gal\/wp-content\/uploads\/2024\/01\/besteiro.jpg","datePublished":"2024-02-01T09:00:39+00:00","description":"\u201cComprom\u00e9tome a superar o modelo da Xunta do PP: Enfrontada contra todo e contra todos\u201d","breadcrumb":{"@id":"https:\/\/www.anovapeneira.gal\/index.php\/2024\/02\/01\/xose-ramon-gomez-besteiro-candidato-do-psdeg-psoe\/#breadcrumb"},"inLanguage":"gl-ES","potentialAction":[{"@type":"ReadAction","target":["https:\/\/www.anovapeneira.gal\/index.php\/2024\/02\/01\/xose-ramon-gomez-besteiro-candidato-do-psdeg-psoe\/"]}]},{"@type":"ImageObject","inLanguage":"gl-ES","@id":"https:\/\/www.anovapeneira.gal\/index.php\/2024\/02\/01\/xose-ramon-gomez-besteiro-candidato-do-psdeg-psoe\/#primaryimage","url":"https:\/\/www.anovapeneira.gal\/wp-content\/uploads\/2024\/01\/besteiro.jpg","contentUrl":"https:\/\/www.anovapeneira.gal\/wp-content\/uploads\/2024\/01\/besteiro.jpg","width":720,"height":432,"caption":"Xos\u00e9 Ram\u00f3n G\u00f3mez Besteiro"},{"@type":"BreadcrumbList","@id":"https:\/\/www.anovapeneira.gal\/index.php\/2024\/02\/01\/xose-ramon-gomez-besteiro-candidato-do-psdeg-psoe\/#breadcrumb","itemListElement":[{"@type":"ListItem","position":1,"name":"Portada","item":"https:\/\/www.anovapeneira.gal\/"},{"@type":"ListItem","position":2,"name":"Xos\u00e9 Ram\u00f3n G\u00f3mez Besteiro candidato do PSdeG-PSOE"}]},{"@type":"WebSite","@id":"https:\/\/www.anovapeneira.gal\/#website","url":"https:\/\/www.anovapeneira.gal\/","name":"","description":"Xornal galego de informaci\u00f3n xeral Publicaci\u00f3n mensual de novas de Galicia e en especial dos Concellos da sur da provincia de Pontevedra.","publisher":{"@id":"https:\/\/www.anovapeneira.gal\/#organization"},"potentialAction":[{"@type":"SearchAction","target":{"@type":"EntryPoint","urlTemplate":"https:\/\/www.anovapeneira.gal\/?s={search_term_string}"},"query-input":{"@type":"PropertyValueSpecification","valueRequired":true,"valueName":"search_term_string"}}],"inLanguage":"gl-ES"},{"@type":"Organization","@id":"https:\/\/www.anovapeneira.gal\/#organization","name":"A Nova Peneira","url":"https:\/\/www.anovapeneira.gal\/","logo":{"@type":"ImageObject","inLanguage":"gl-ES","@id":"https:\/\/www.anovapeneira.gal\/#\/schema\/logo\/image\/","url":"http:\/\/www.anovapeneira.gal\/wp-content\/uploads\/2019\/06\/logo_a_nova_peneira_portal_web.png","contentUrl":"http:\/\/www.anovapeneira.gal\/wp-content\/uploads\/2019\/06\/logo_a_nova_peneira_portal_web.png","width":300,"height":100,"caption":"A Nova Peneira"},"image":{"@id":"https:\/\/www.anovapeneira.gal\/#\/schema\/logo\/image\/"},"sameAs":["https:\/\/www.facebook.com\/anovapeneira","https:\/\/x.com\/APeneira"]},{"@type":"Person","@id":"https:\/\/www.anovapeneira.gal\/#\/schema\/person\/b93e3f8932e3f8da96334607eb6ac6aa","name":"Redacci\u00f3n A Nova Peneira","image":{"@type":"ImageObject","inLanguage":"gl-ES","@id":"https:\/\/secure.gravatar.com\/avatar\/c052a2551a06e23fac63626232eaa90abd78dbcf1700fc46a2b2c89fd27b735f?s=96&d=mm&r=g","url":"https:\/\/secure.gravatar.com\/avatar\/c052a2551a06e23fac63626232eaa90abd78dbcf1700fc46a2b2c89fd27b735f?s=96&d=mm&r=g","contentUrl":"https:\/\/secure.gravatar.com\/avatar\/c052a2551a06e23fac63626232eaa90abd78dbcf1700fc46a2b2c89fd27b735f?s=96&d=mm&r=g","caption":"Redacci\u00f3n A Nova Peneira"},"sameAs":["http:\/\/www.anovapeneira.gal\/"],"url":"https:\/\/www.anovapeneira.gal\/index.php\/author\/redactor\/"}]}},"jetpack_featured_media_url":"https:\/\/www.anovapeneira.gal\/wp-content\/uploads\/2024\/01\/besteiro.jpg","_links":{"self":[{"href":"https:\/\/www.anovapeneira.gal\/index.php\/wp-json\/wp\/v2\/posts\/11168","targetHints":{"allow":["GET"]}}],"collection":[{"href":"https:\/\/www.anovapeneira.gal\/index.php\/wp-json\/wp\/v2\/posts"}],"about":[{"href":"https:\/\/www.anovapeneira.gal\/index.php\/wp-json\/wp\/v2\/types\/post"}],"author":[{"embeddable":true,"href":"https:\/\/www.anovapeneira.gal\/index.php\/wp-json\/wp\/v2\/users\/3"}],"replies":[{"embeddable":true,"href":"https:\/\/www.anovapeneira.gal\/index.php\/wp-json\/wp\/v2\/comments?post=11168"}],"version-history":[{"count":1,"href":"https:\/\/www.anovapeneira.gal\/index.php\/wp-json\/wp\/v2\/posts\/11168\/revisions"}],"predecessor-version":[{"id":11170,"href":"https:\/\/www.anovapeneira.gal\/index.php\/wp-json\/wp\/v2\/posts\/11168\/revisions\/11170"}],"wp:featuredmedia":[{"embeddable":true,"href":"https:\/\/www.anovapeneira.gal\/index.php\/wp-json\/wp\/v2\/media\/11169"}],"wp:attachment":[{"href":"https:\/\/www.anovapeneira.gal\/index.php\/wp-json\/wp\/v2\/media?parent=11168"}],"wp:term":[{"taxonomy":"category","embeddable":true,"href":"https:\/\/www.anovapeneira.gal\/index.php\/wp-json\/wp\/v2\/categories?post=11168"},{"taxonomy":"post_tag","embeddable":true,"href":"https:\/\/www.anovapeneira.gal\/index.php\/wp-json\/wp\/v2\/tags?post=11168"}],"curies":[{"name":"wp","href":"https:\/\/api.w.org\/{rel}","templated":true}]}}