{"id":11174,"date":"2024-02-05T10:00:38","date_gmt":"2024-02-05T09:00:38","guid":{"rendered":"https:\/\/www.anovapeneira.gal\/?p=11174"},"modified":"2024-02-19T19:59:59","modified_gmt":"2024-02-19T18:59:59","slug":"entroido-redondela","status":"publish","type":"post","link":"https:\/\/www.anovapeneira.gal\/index.php\/2024\/02\/05\/entroido-redondela\/","title":{"rendered":"Redondela celebra un gran Entroido do 10 ao 17 de febreiro con catro d\u00edas de festaEntroido Redondela"},"content":{"rendered":"\n<h2 class=\"wp-block-heading\"><em>A celebraci\u00f3n do Entroido comezar\u00e1 o s\u00e1bado 10 con obradoiros infant\u00eds na Alameda Castelao e unha festa nocturna no campo da Feira \u201cnunha xornada chea de diversi\u00f3n, m\u00fasica tributo a Estopa e moitas m\u00e1is sorpresas\u201d, anuncia a responsable Rita P\u00e9rez.<\/em><\/h2>\n\n\n\n<h5 class=\"wp-block-heading\"><em>O Martes de Entroido a programaci\u00f3n incl\u00fae o concurso de disfraces, actuaci\u00f3ns musicais e a queima do Meco. A alcaldesa, Digna Rivas, sinala a importancia desta xornada tan tradicional en Redondela \u201cque re\u00fane a grupos de amigos e familias completas con nenos e adultos que viven o Entroido na r\u00faa, por iso desde o Concello po\u00f1emos todo da nosa parte para que sexa un d\u00eda moi especial cheo de actividades\u201d.<\/em><\/h5>\n\n\n\n<p><strong>Redondela, 26 de xaneiro de 2024. <\/strong><\/p>\n\n\n\n<p>O s\u00e1bado 10 de febreiro comezan as celebraci\u00f3ns do Entroido en Redondela. Os nenos e nenas ser\u00e1n os primeiros en poder gozar desta festa, xa que pola tarde haber\u00e1 obradoiros para eles na Alameda de Castelao entre as 17.00 e as 19.30 horas. As r\u00faas da vila encheranse de m\u00fasica e cor co espect\u00e1culo Psychodelia, de Troula animaci\u00f3n, con marionetas e unha bicicleta xigantes, moita animaci\u00f3n e a participaci\u00f3n do p\u00fabico polas r\u00faas Alfonso XII, Ribeira e Xeneral Rub\u00edn<\/p>\n\n\n\n<p>Pola noite, logo do \u00e9xito do ano pasado, o Entroido deste 2024 repetir\u00e1 a festa do s\u00e1bado noite no campo da feira. A conceller\u00eda de Cultura ten preparada \u201cunha xornada festiva chea de diversi\u00f3n, m\u00fasica tributo a Estopa e moitas m\u00e1is sorpresas\u201d, anuncia a responsable Rita P\u00e9rez. A festa comezar\u00e1 a partires das 21.00 horas e contar\u00e1 cos actuaci\u00f3ns dos grupos La Patrulla, con versi\u00f3ns de pop rock espa\u00f1ol, \u00e1s 23.15 Estopaos e o seu tributo a Estopa e \u00e1s 00.30 sesi\u00f3n DJ co redondel\u00e1n Rodri Vegas. \u201cSer\u00e1 un gran comezo do Entroido para animar \u00e1 veci\u00f1anza nunhas festas que son unha tradici\u00f3n en Redondela, onde se vive esta celebraci\u00f3n dun xeito moi especial\u201d, sinala a concelleira de Cultura Rita P\u00e9rez.<\/p>\n\n\n\n<p>O d\u00eda 11, domingo de Entroido, \u00e1s 17.00 horas ter\u00e1 lugar a concentraci\u00f3n das comparsas no Campo da Feira. A animaci\u00f3n musical comezar\u00e1 \u00e1s 17.30 da man de Latexo Percusi\u00f3n e \u00e1s 18.00 far\u00e1 o seu pasarr\u00faas T\u00edo Emilio, a comparsa representativa do Entroido redondel\u00e1n. A continuaci\u00f3n ser\u00e1 o desfile de comparsas que percorrer\u00e1 as principais r\u00faas da vila. \u00c1s 20.30 horas ser\u00e1 a entrega de premios.<\/p>\n\n\n\n<p>O 13, Martes de Entroido, \u00e9 un d\u00eda grande en Redondela, coa participaci\u00f3n de veci\u00f1os e veci\u00f1as de todas as idades. A alcaldesa, Digna Rivas, sinala a importancia desta xornada tan tradicional nas festividades de Redondela \u201cque re\u00fane a pe\u00f1as de amigos e familias completas con nenos e adultos que viven o Entroido na r\u00faa, por iso desde o Concello po\u00f1emos todo da nosa parte para que sexa un d\u00eda moi especial cheo de actividades\u201d<\/p>\n\n\n\n<p>\u00c1s 17.00 horas comezar\u00e1 o Desfile-Concurso de Disfraces individual e colectivo. As inscrici\u00f3ns para participar poder\u00e1n facerse nos soportais do Concello desde as 16.00 e a entrega de premios ser\u00e1 \u00e1s 18.45 horas.<\/p>\n\n\n\n<p>Os m\u00e1is pequenos ter\u00e1n o seu espazo na Alameda Castelao con diferentes obradoiros desde as 17.00 e ata as 19.30 horas e as r\u00faas contar\u00e1n con moita animaci\u00f3n da man da Batucada Brassica Rapa, unha brass bands feminina cun espect\u00e1culo moi variado con grandes \u00e9xitos do pop, a m\u00fasica tradicional galega, o jazz ou bandas sonoras de pel\u00edculas.<br>\u00c1s 19.00 horas, fiel \u00e1 s\u00faa cita, celebrarase a queima do Meco co espect\u00e1culo \u201cLume\u201d de Troula Animaci\u00f3n e festa continuar\u00e1 pola noite desde as 20.30 horas coa m\u00fasica da discoteca m\u00f3bil da Duendeneta na r\u00faa Alfonso XII.<\/p>\n\n\n\n<p>O s\u00e1bado d\u00eda 17 nesta xornada celebrarase o Entroido en Chapela. As comparsas sair\u00e1n \u00f1as 17.00 do alto da Encara \u00e1s 17.00 do Alto da Encarnaci\u00f3n cos percusionistas de Aperta. A comitiva do Enterro do Berete sair\u00e1 \u00e1s 18.00 ata a praia de Arealoga, onde se far\u00e1 a queima. \u00c1s 20.45 comezar\u00e1 a m\u00fasica coa discoteca m\u00f3bil no paseo de Cardona.<\/p>\n\n\n\n<figure class=\"wp-block-image size-large is-resized\"><img loading=\"lazy\" decoding=\"async\" width=\"732\" height=\"1024\" src=\"https:\/\/www.anovapeneira.gal\/wp-content\/uploads\/2024\/01\/Cartel-Entroido-2024-732x1024.jpg\" alt=\"\" class=\"wp-image-11175\" style=\"width:840px;height:auto\" srcset=\"https:\/\/www.anovapeneira.gal\/wp-content\/uploads\/2024\/01\/Cartel-Entroido-2024-732x1024.jpg 732w, https:\/\/www.anovapeneira.gal\/wp-content\/uploads\/2024\/01\/Cartel-Entroido-2024-214x300.jpg 214w, https:\/\/www.anovapeneira.gal\/wp-content\/uploads\/2024\/01\/Cartel-Entroido-2024-768x1075.jpg 768w, https:\/\/www.anovapeneira.gal\/wp-content\/uploads\/2024\/01\/Cartel-Entroido-2024-1097x1536.jpg 1097w, https:\/\/www.anovapeneira.gal\/wp-content\/uploads\/2024\/01\/Cartel-Entroido-2024.jpg 1463w\" sizes=\"auto, (max-width: 732px) 100vw, 732px\" \/><\/figure>\n","protected":false},"excerpt":{"rendered":"<div class=\"mh-excerpt\"><p>-A celebraci\u00f3n do Entroido comezar\u00e1 o s\u00e1bado 10 con obradoiros infant\u00eds na Alameda Castelao e unha festa nocturna no campo da Feira \u201cnunha xornada chea de diversi\u00f3n, m\u00fasica tributo a Estopa e moitas m\u00e1is sorpresas\u201d, anuncia a responsable Rita P\u00e9r<br \/>\n <a class=\"mh-excerpt-more\" href=\"https:\/\/www.anovapeneira.gal\/index.php\/2024\/02\/05\/entroido-redondela\/\" title=\"Redondela celebra un gran Entroido do 10 ao 17 de febreiro con catro d\u00edas de festaEntroido Redondela\">[&#8230;]<\/a><\/p>\n<\/div>","protected":false},"author":3,"featured_media":11177,"comment_status":"open","ping_status":"open","sticky":false,"template":"","format":"standard","meta":{"_exactmetrics_skip_tracking":false,"_exactmetrics_sitenote_active":false,"_exactmetrics_sitenote_note":"","_exactmetrics_sitenote_category":0,"footnotes":""},"categories":[24],"tags":[171,929],"class_list":{"0":"post-11174","1":"post","2":"type-post","3":"status-publish","4":"format-standard","5":"has-post-thumbnail","7":"category-redondela","8":"tag-concello-de-redondela","9":"tag-entroido"},"yoast_head":"<!-- This site is optimized with the Yoast SEO plugin v27.4 - https:\/\/yoast.com\/product\/yoast-seo-wordpress\/ -->\n<title>Redondela celebra un gran Entroido do 10 ao 17 de febreiro con catro d\u00edas de festaEntroido Redondela -<\/title>\n<meta name=\"robots\" content=\"index, follow, max-snippet:-1, max-image-preview:large, max-video-preview:-1\" \/>\n<link rel=\"canonical\" href=\"https:\/\/www.anovapeneira.gal\/index.php\/2024\/02\/05\/entroido-redondela\/\" \/>\n<meta property=\"og:locale\" content=\"gl_ES\" \/>\n<meta property=\"og:type\" content=\"article\" \/>\n<meta property=\"og:title\" content=\"Redondela celebra un gran Entroido do 10 ao 17 de febreiro con catro d\u00edas de festaEntroido Redondela -\" \/>\n<meta property=\"og:description\" content=\"-A celebraci\u00f3n do Entroido comezar\u00e1 o s\u00e1bado 10 con obradoiros infant\u00eds na Alameda Castelao e unha festa nocturna no campo da Feira \u201cnunha xornada chea de diversi\u00f3n, m\u00fasica tributo a Estopa e moitas m\u00e1is sorpresas\u201d, anuncia a responsable Rita P\u00e9r [...]\" \/>\n<meta property=\"og:url\" content=\"https:\/\/www.anovapeneira.gal\/index.php\/2024\/02\/05\/entroido-redondela\/\" \/>\n<meta property=\"article:publisher\" content=\"https:\/\/www.facebook.com\/anovapeneira\" \/>\n<meta property=\"article:published_time\" content=\"2024-02-05T09:00:38+00:00\" \/>\n<meta property=\"article:modified_time\" content=\"2024-02-19T18:59:59+00:00\" \/>\n<meta property=\"og:image\" content=\"https:\/\/www.anovapeneira.gal\/wp-content\/uploads\/2024\/01\/entroido_redondela.jpg\" \/>\n\t<meta property=\"og:image:width\" content=\"720\" \/>\n\t<meta property=\"og:image:height\" content=\"432\" \/>\n\t<meta property=\"og:image:type\" content=\"image\/jpeg\" \/>\n<meta name=\"author\" content=\"Redacci\u00f3n A Nova Peneira\" \/>\n<meta name=\"twitter:card\" content=\"summary_large_image\" \/>\n<meta name=\"twitter:creator\" content=\"@APeneira\" \/>\n<meta name=\"twitter:site\" content=\"@APeneira\" \/>\n<meta name=\"twitter:label1\" content=\"Escrito por\" \/>\n\t<meta name=\"twitter:data1\" content=\"Redacci\u00f3n A Nova Peneira\" \/>\n\t<meta name=\"twitter:label2\" content=\"Tempo de lectura\" \/>\n\t<meta name=\"twitter:data2\" content=\"4 minutos\" \/>\n<script type=\"application\/ld+json\" class=\"yoast-schema-graph\">{\"@context\":\"https:\\\/\\\/schema.org\",\"@graph\":[{\"@type\":\"Article\",\"@id\":\"https:\\\/\\\/www.anovapeneira.gal\\\/index.php\\\/2024\\\/02\\\/05\\\/entroido-redondela\\\/#article\",\"isPartOf\":{\"@id\":\"https:\\\/\\\/www.anovapeneira.gal\\\/index.php\\\/2024\\\/02\\\/05\\\/entroido-redondela\\\/\"},\"author\":{\"name\":\"Redacci\u00f3n A Nova Peneira\",\"@id\":\"https:\\\/\\\/www.anovapeneira.gal\\\/#\\\/schema\\\/person\\\/b93e3f8932e3f8da96334607eb6ac6aa\"},\"headline\":\"Redondela celebra un gran Entroido do 10 ao 17 de febreiro con catro d\u00edas de festaEntroido Redondela\",\"datePublished\":\"2024-02-05T09:00:38+00:00\",\"dateModified\":\"2024-02-19T18:59:59+00:00\",\"mainEntityOfPage\":{\"@id\":\"https:\\\/\\\/www.anovapeneira.gal\\\/index.php\\\/2024\\\/02\\\/05\\\/entroido-redondela\\\/\"},\"wordCount\":714,\"commentCount\":0,\"publisher\":{\"@id\":\"https:\\\/\\\/www.anovapeneira.gal\\\/#organization\"},\"image\":{\"@id\":\"https:\\\/\\\/www.anovapeneira.gal\\\/index.php\\\/2024\\\/02\\\/05\\\/entroido-redondela\\\/#primaryimage\"},\"thumbnailUrl\":\"https:\\\/\\\/www.anovapeneira.gal\\\/wp-content\\\/uploads\\\/2024\\\/01\\\/entroido_redondela.jpg\",\"keywords\":[\"Concello de Redondela\",\"Entroido\"],\"articleSection\":[\"Redondela\"],\"inLanguage\":\"gl-ES\",\"potentialAction\":[{\"@type\":\"CommentAction\",\"name\":\"Comment\",\"target\":[\"https:\\\/\\\/www.anovapeneira.gal\\\/index.php\\\/2024\\\/02\\\/05\\\/entroido-redondela\\\/#respond\"]}]},{\"@type\":\"WebPage\",\"@id\":\"https:\\\/\\\/www.anovapeneira.gal\\\/index.php\\\/2024\\\/02\\\/05\\\/entroido-redondela\\\/\",\"url\":\"https:\\\/\\\/www.anovapeneira.gal\\\/index.php\\\/2024\\\/02\\\/05\\\/entroido-redondela\\\/\",\"name\":\"Redondela celebra un gran Entroido do 10 ao 17 de febreiro con catro d\u00edas de festaEntroido Redondela -\",\"isPartOf\":{\"@id\":\"https:\\\/\\\/www.anovapeneira.gal\\\/#website\"},\"primaryImageOfPage\":{\"@id\":\"https:\\\/\\\/www.anovapeneira.gal\\\/index.php\\\/2024\\\/02\\\/05\\\/entroido-redondela\\\/#primaryimage\"},\"image\":{\"@id\":\"https:\\\/\\\/www.anovapeneira.gal\\\/index.php\\\/2024\\\/02\\\/05\\\/entroido-redondela\\\/#primaryimage\"},\"thumbnailUrl\":\"https:\\\/\\\/www.anovapeneira.gal\\\/wp-content\\\/uploads\\\/2024\\\/01\\\/entroido_redondela.jpg\",\"datePublished\":\"2024-02-05T09:00:38+00:00\",\"dateModified\":\"2024-02-19T18:59:59+00:00\",\"breadcrumb\":{\"@id\":\"https:\\\/\\\/www.anovapeneira.gal\\\/index.php\\\/2024\\\/02\\\/05\\\/entroido-redondela\\\/#breadcrumb\"},\"inLanguage\":\"gl-ES\",\"potentialAction\":[{\"@type\":\"ReadAction\",\"target\":[\"https:\\\/\\\/www.anovapeneira.gal\\\/index.php\\\/2024\\\/02\\\/05\\\/entroido-redondela\\\/\"]}]},{\"@type\":\"ImageObject\",\"inLanguage\":\"gl-ES\",\"@id\":\"https:\\\/\\\/www.anovapeneira.gal\\\/index.php\\\/2024\\\/02\\\/05\\\/entroido-redondela\\\/#primaryimage\",\"url\":\"https:\\\/\\\/www.anovapeneira.gal\\\/wp-content\\\/uploads\\\/2024\\\/01\\\/entroido_redondela.jpg\",\"contentUrl\":\"https:\\\/\\\/www.anovapeneira.gal\\\/wp-content\\\/uploads\\\/2024\\\/01\\\/entroido_redondela.jpg\",\"width\":720,\"height\":432},{\"@type\":\"BreadcrumbList\",\"@id\":\"https:\\\/\\\/www.anovapeneira.gal\\\/index.php\\\/2024\\\/02\\\/05\\\/entroido-redondela\\\/#breadcrumb\",\"itemListElement\":[{\"@type\":\"ListItem\",\"position\":1,\"name\":\"Portada\",\"item\":\"https:\\\/\\\/www.anovapeneira.gal\\\/\"},{\"@type\":\"ListItem\",\"position\":2,\"name\":\"Redondela celebra un gran Entroido do 10 ao 17 de febreiro con catro d\u00edas de festaEntroido Redondela\"}]},{\"@type\":\"WebSite\",\"@id\":\"https:\\\/\\\/www.anovapeneira.gal\\\/#website\",\"url\":\"https:\\\/\\\/www.anovapeneira.gal\\\/\",\"name\":\"\",\"description\":\"Xornal galego de informaci\u00f3n xeral Publicaci\u00f3n mensual de novas de Galicia e en especial dos Concellos da sur da provincia de Pontevedra.\",\"publisher\":{\"@id\":\"https:\\\/\\\/www.anovapeneira.gal\\\/#organization\"},\"potentialAction\":[{\"@type\":\"SearchAction\",\"target\":{\"@type\":\"EntryPoint\",\"urlTemplate\":\"https:\\\/\\\/www.anovapeneira.gal\\\/?s={search_term_string}\"},\"query-input\":{\"@type\":\"PropertyValueSpecification\",\"valueRequired\":true,\"valueName\":\"search_term_string\"}}],\"inLanguage\":\"gl-ES\"},{\"@type\":\"Organization\",\"@id\":\"https:\\\/\\\/www.anovapeneira.gal\\\/#organization\",\"name\":\"A Nova Peneira\",\"url\":\"https:\\\/\\\/www.anovapeneira.gal\\\/\",\"logo\":{\"@type\":\"ImageObject\",\"inLanguage\":\"gl-ES\",\"@id\":\"https:\\\/\\\/www.anovapeneira.gal\\\/#\\\/schema\\\/logo\\\/image\\\/\",\"url\":\"http:\\\/\\\/www.anovapeneira.gal\\\/wp-content\\\/uploads\\\/2019\\\/06\\\/logo_a_nova_peneira_portal_web.png\",\"contentUrl\":\"http:\\\/\\\/www.anovapeneira.gal\\\/wp-content\\\/uploads\\\/2019\\\/06\\\/logo_a_nova_peneira_portal_web.png\",\"width\":300,\"height\":100,\"caption\":\"A Nova Peneira\"},\"image\":{\"@id\":\"https:\\\/\\\/www.anovapeneira.gal\\\/#\\\/schema\\\/logo\\\/image\\\/\"},\"sameAs\":[\"https:\\\/\\\/www.facebook.com\\\/anovapeneira\",\"https:\\\/\\\/x.com\\\/APeneira\"]},{\"@type\":\"Person\",\"@id\":\"https:\\\/\\\/www.anovapeneira.gal\\\/#\\\/schema\\\/person\\\/b93e3f8932e3f8da96334607eb6ac6aa\",\"name\":\"Redacci\u00f3n A Nova Peneira\",\"image\":{\"@type\":\"ImageObject\",\"inLanguage\":\"gl-ES\",\"@id\":\"https:\\\/\\\/secure.gravatar.com\\\/avatar\\\/c052a2551a06e23fac63626232eaa90abd78dbcf1700fc46a2b2c89fd27b735f?s=96&d=mm&r=g\",\"url\":\"https:\\\/\\\/secure.gravatar.com\\\/avatar\\\/c052a2551a06e23fac63626232eaa90abd78dbcf1700fc46a2b2c89fd27b735f?s=96&d=mm&r=g\",\"contentUrl\":\"https:\\\/\\\/secure.gravatar.com\\\/avatar\\\/c052a2551a06e23fac63626232eaa90abd78dbcf1700fc46a2b2c89fd27b735f?s=96&d=mm&r=g\",\"caption\":\"Redacci\u00f3n A Nova Peneira\"},\"sameAs\":[\"http:\\\/\\\/www.anovapeneira.gal\\\/\"],\"url\":\"https:\\\/\\\/www.anovapeneira.gal\\\/index.php\\\/author\\\/redactor\\\/\"}]}<\/script>\n<!-- \/ Yoast SEO plugin. -->","yoast_head_json":{"title":"Redondela celebra un gran Entroido do 10 ao 17 de febreiro con catro d\u00edas de festaEntroido Redondela -","robots":{"index":"index","follow":"follow","max-snippet":"max-snippet:-1","max-image-preview":"max-image-preview:large","max-video-preview":"max-video-preview:-1"},"canonical":"https:\/\/www.anovapeneira.gal\/index.php\/2024\/02\/05\/entroido-redondela\/","og_locale":"gl_ES","og_type":"article","og_title":"Redondela celebra un gran Entroido do 10 ao 17 de febreiro con catro d\u00edas de festaEntroido Redondela -","og_description":"-A celebraci\u00f3n do Entroido comezar\u00e1 o s\u00e1bado 10 con obradoiros infant\u00eds na Alameda Castelao e unha festa nocturna no campo da Feira \u201cnunha xornada chea de diversi\u00f3n, m\u00fasica tributo a Estopa e moitas m\u00e1is sorpresas\u201d, anuncia a responsable Rita P\u00e9r [...]","og_url":"https:\/\/www.anovapeneira.gal\/index.php\/2024\/02\/05\/entroido-redondela\/","article_publisher":"https:\/\/www.facebook.com\/anovapeneira","article_published_time":"2024-02-05T09:00:38+00:00","article_modified_time":"2024-02-19T18:59:59+00:00","og_image":[{"width":720,"height":432,"url":"https:\/\/www.anovapeneira.gal\/wp-content\/uploads\/2024\/01\/entroido_redondela.jpg","type":"image\/jpeg"}],"author":"Redacci\u00f3n A Nova Peneira","twitter_card":"summary_large_image","twitter_creator":"@APeneira","twitter_site":"@APeneira","twitter_misc":{"Escrito por":"Redacci\u00f3n A Nova Peneira","Tempo de lectura":"4 minutos"},"schema":{"@context":"https:\/\/schema.org","@graph":[{"@type":"Article","@id":"https:\/\/www.anovapeneira.gal\/index.php\/2024\/02\/05\/entroido-redondela\/#article","isPartOf":{"@id":"https:\/\/www.anovapeneira.gal\/index.php\/2024\/02\/05\/entroido-redondela\/"},"author":{"name":"Redacci\u00f3n A Nova Peneira","@id":"https:\/\/www.anovapeneira.gal\/#\/schema\/person\/b93e3f8932e3f8da96334607eb6ac6aa"},"headline":"Redondela celebra un gran Entroido do 10 ao 17 de febreiro con catro d\u00edas de festaEntroido Redondela","datePublished":"2024-02-05T09:00:38+00:00","dateModified":"2024-02-19T18:59:59+00:00","mainEntityOfPage":{"@id":"https:\/\/www.anovapeneira.gal\/index.php\/2024\/02\/05\/entroido-redondela\/"},"wordCount":714,"commentCount":0,"publisher":{"@id":"https:\/\/www.anovapeneira.gal\/#organization"},"image":{"@id":"https:\/\/www.anovapeneira.gal\/index.php\/2024\/02\/05\/entroido-redondela\/#primaryimage"},"thumbnailUrl":"https:\/\/www.anovapeneira.gal\/wp-content\/uploads\/2024\/01\/entroido_redondela.jpg","keywords":["Concello de Redondela","Entroido"],"articleSection":["Redondela"],"inLanguage":"gl-ES","potentialAction":[{"@type":"CommentAction","name":"Comment","target":["https:\/\/www.anovapeneira.gal\/index.php\/2024\/02\/05\/entroido-redondela\/#respond"]}]},{"@type":"WebPage","@id":"https:\/\/www.anovapeneira.gal\/index.php\/2024\/02\/05\/entroido-redondela\/","url":"https:\/\/www.anovapeneira.gal\/index.php\/2024\/02\/05\/entroido-redondela\/","name":"Redondela celebra un gran Entroido do 10 ao 17 de febreiro con catro d\u00edas de festaEntroido Redondela -","isPartOf":{"@id":"https:\/\/www.anovapeneira.gal\/#website"},"primaryImageOfPage":{"@id":"https:\/\/www.anovapeneira.gal\/index.php\/2024\/02\/05\/entroido-redondela\/#primaryimage"},"image":{"@id":"https:\/\/www.anovapeneira.gal\/index.php\/2024\/02\/05\/entroido-redondela\/#primaryimage"},"thumbnailUrl":"https:\/\/www.anovapeneira.gal\/wp-content\/uploads\/2024\/01\/entroido_redondela.jpg","datePublished":"2024-02-05T09:00:38+00:00","dateModified":"2024-02-19T18:59:59+00:00","breadcrumb":{"@id":"https:\/\/www.anovapeneira.gal\/index.php\/2024\/02\/05\/entroido-redondela\/#breadcrumb"},"inLanguage":"gl-ES","potentialAction":[{"@type":"ReadAction","target":["https:\/\/www.anovapeneira.gal\/index.php\/2024\/02\/05\/entroido-redondela\/"]}]},{"@type":"ImageObject","inLanguage":"gl-ES","@id":"https:\/\/www.anovapeneira.gal\/index.php\/2024\/02\/05\/entroido-redondela\/#primaryimage","url":"https:\/\/www.anovapeneira.gal\/wp-content\/uploads\/2024\/01\/entroido_redondela.jpg","contentUrl":"https:\/\/www.anovapeneira.gal\/wp-content\/uploads\/2024\/01\/entroido_redondela.jpg","width":720,"height":432},{"@type":"BreadcrumbList","@id":"https:\/\/www.anovapeneira.gal\/index.php\/2024\/02\/05\/entroido-redondela\/#breadcrumb","itemListElement":[{"@type":"ListItem","position":1,"name":"Portada","item":"https:\/\/www.anovapeneira.gal\/"},{"@type":"ListItem","position":2,"name":"Redondela celebra un gran Entroido do 10 ao 17 de febreiro con catro d\u00edas de festaEntroido Redondela"}]},{"@type":"WebSite","@id":"https:\/\/www.anovapeneira.gal\/#website","url":"https:\/\/www.anovapeneira.gal\/","name":"","description":"Xornal galego de informaci\u00f3n xeral Publicaci\u00f3n mensual de novas de Galicia e en especial dos Concellos da sur da provincia de Pontevedra.","publisher":{"@id":"https:\/\/www.anovapeneira.gal\/#organization"},"potentialAction":[{"@type":"SearchAction","target":{"@type":"EntryPoint","urlTemplate":"https:\/\/www.anovapeneira.gal\/?s={search_term_string}"},"query-input":{"@type":"PropertyValueSpecification","valueRequired":true,"valueName":"search_term_string"}}],"inLanguage":"gl-ES"},{"@type":"Organization","@id":"https:\/\/www.anovapeneira.gal\/#organization","name":"A Nova Peneira","url":"https:\/\/www.anovapeneira.gal\/","logo":{"@type":"ImageObject","inLanguage":"gl-ES","@id":"https:\/\/www.anovapeneira.gal\/#\/schema\/logo\/image\/","url":"http:\/\/www.anovapeneira.gal\/wp-content\/uploads\/2019\/06\/logo_a_nova_peneira_portal_web.png","contentUrl":"http:\/\/www.anovapeneira.gal\/wp-content\/uploads\/2019\/06\/logo_a_nova_peneira_portal_web.png","width":300,"height":100,"caption":"A Nova Peneira"},"image":{"@id":"https:\/\/www.anovapeneira.gal\/#\/schema\/logo\/image\/"},"sameAs":["https:\/\/www.facebook.com\/anovapeneira","https:\/\/x.com\/APeneira"]},{"@type":"Person","@id":"https:\/\/www.anovapeneira.gal\/#\/schema\/person\/b93e3f8932e3f8da96334607eb6ac6aa","name":"Redacci\u00f3n A Nova Peneira","image":{"@type":"ImageObject","inLanguage":"gl-ES","@id":"https:\/\/secure.gravatar.com\/avatar\/c052a2551a06e23fac63626232eaa90abd78dbcf1700fc46a2b2c89fd27b735f?s=96&d=mm&r=g","url":"https:\/\/secure.gravatar.com\/avatar\/c052a2551a06e23fac63626232eaa90abd78dbcf1700fc46a2b2c89fd27b735f?s=96&d=mm&r=g","contentUrl":"https:\/\/secure.gravatar.com\/avatar\/c052a2551a06e23fac63626232eaa90abd78dbcf1700fc46a2b2c89fd27b735f?s=96&d=mm&r=g","caption":"Redacci\u00f3n A Nova Peneira"},"sameAs":["http:\/\/www.anovapeneira.gal\/"],"url":"https:\/\/www.anovapeneira.gal\/index.php\/author\/redactor\/"}]}},"jetpack_featured_media_url":"https:\/\/www.anovapeneira.gal\/wp-content\/uploads\/2024\/01\/entroido_redondela.jpg","_links":{"self":[{"href":"https:\/\/www.anovapeneira.gal\/index.php\/wp-json\/wp\/v2\/posts\/11174","targetHints":{"allow":["GET"]}}],"collection":[{"href":"https:\/\/www.anovapeneira.gal\/index.php\/wp-json\/wp\/v2\/posts"}],"about":[{"href":"https:\/\/www.anovapeneira.gal\/index.php\/wp-json\/wp\/v2\/types\/post"}],"author":[{"embeddable":true,"href":"https:\/\/www.anovapeneira.gal\/index.php\/wp-json\/wp\/v2\/users\/3"}],"replies":[{"embeddable":true,"href":"https:\/\/www.anovapeneira.gal\/index.php\/wp-json\/wp\/v2\/comments?post=11174"}],"version-history":[{"count":2,"href":"https:\/\/www.anovapeneira.gal\/index.php\/wp-json\/wp\/v2\/posts\/11174\/revisions"}],"predecessor-version":[{"id":11178,"href":"https:\/\/www.anovapeneira.gal\/index.php\/wp-json\/wp\/v2\/posts\/11174\/revisions\/11178"}],"wp:featuredmedia":[{"embeddable":true,"href":"https:\/\/www.anovapeneira.gal\/index.php\/wp-json\/wp\/v2\/media\/11177"}],"wp:attachment":[{"href":"https:\/\/www.anovapeneira.gal\/index.php\/wp-json\/wp\/v2\/media?parent=11174"}],"wp:term":[{"taxonomy":"category","embeddable":true,"href":"https:\/\/www.anovapeneira.gal\/index.php\/wp-json\/wp\/v2\/categories?post=11174"},{"taxonomy":"post_tag","embeddable":true,"href":"https:\/\/www.anovapeneira.gal\/index.php\/wp-json\/wp\/v2\/tags?post=11174"}],"curies":[{"name":"wp","href":"https:\/\/api.w.org\/{rel}","templated":true}]}}