{"id":11182,"date":"2024-02-02T10:00:45","date_gmt":"2024-02-02T09:00:45","guid":{"rendered":"https:\/\/www.anovapeneira.gal\/?p=11182"},"modified":"2024-02-01T11:35:31","modified_gmt":"2024-02-01T10:35:31","slug":"redondela-fai-historia-e-rende-homenaxe-aos-vecinos-deportados-en-mauthausen","status":"publish","type":"post","link":"https:\/\/www.anovapeneira.gal\/index.php\/2024\/02\/02\/redondela-fai-historia-e-rende-homenaxe-aos-vecinos-deportados-en-mauthausen\/","title":{"rendered":"Redondela fai historia e rende homenaxe aos veci\u00f1os deportados en Mauthausen"},"content":{"rendered":"\n<p><em>-O Concello de Redondela en colaboraci\u00f3n co Colectivo Republicano instalou catro \u201cpedras da memoria\u201d no paseo da Xunqueira para render homenaxe a Antonio Pi\u00f1eiro, Jos\u00e9 Gonz\u00e1lez, Olimpio M\u00edguez e Alejandro Lafuente.<\/em><\/p>\n\n\n\n<p><em>-Redondela conv\u00e9rtese no primeiro municipio galego en lembrar a todos os seus veci\u00f1os v\u00edtimas do nazismo e s\u00famase aos m\u00e1is de 100.000 Stolpersteine colocados en 27 pa\u00edses, o que sup\u00f3n o maior monumento descentralizado do mundo.<\/em><\/p>\n\n\n\n<p><em>-A alcaldesa, Digna Rivas, sinalou que \u00e9 \u201cunha obriga\u201d recuperar a memoria dos represaliados e advertiu que \u201cse esquecemos o horror do nazismo corremos o risco de que se repita\u201d.<\/em><\/p>\n\n\n\n<p><strong>Redondela, 27 de xaneiro de 2027. <\/strong><\/p>\n\n\n\n<p>O paseo da Xunqueira, \u00e1s portas do Multi\u00fasos, acolleu esta ma\u00f1\u00e1 o acto de homenaxe aos veci\u00f1os de Redondela represaliados nos anos 40 e que acabaron no campo de concentraci\u00f3n de Mauthausen. Antonio Pi\u00f1eiro Otero, Jos\u00e9 Gonz\u00e1lez V\u00e1zquez e Olimpio M\u00edguez Pazos foron asasinados neste campo de exterminio nazis, e Alejandro Lafuente Pose foi liberado polas tropas aliadas en maio de 1945. O Concello de Redondela, en colaboraci\u00f3n co Colectivo Republicano, celebrou este acto coa presentaci\u00f3n do libro da historiadora e escritora Mar\u00eda Torres \u201cDe Redondela a Mathausen\u201d e a colocaci\u00f3n de catro Stolpersteine, lastras da memoria, coas inscrici\u00f3ns das catro v\u00edtimas redondel\u00e1s. Marcos Lareira, presidente do Colectivo Republicano, agradeceu o poio do Concello e afirmou que Redondela vive \u201cun d\u00eda hist\u00f3rico\u201d coa colocaci\u00f3n dos Stolpersteine. Estas pedras da memoria suman xa m\u00e1is de 100.000 pezas en 27 pa\u00edses, \u201cco Redondela xa forma parte do maior monumento descentralizado do mundo\u201d.<\/p>\n\n\n\n<p>A alcaldesa, Digna Rivas, sinalou que con este acto a instancia do Colectivo Republicano, Redondela \u201cfai xustiza coa memoria destes catro veci\u00f1os represaliados que estaban no esquecemento\u201d. Advertiu que \u201cse esquecemos o horror que supuxo o nazismo corremos o risco de que se repita\u201d. Para Rivas \u00e9 unha obriga \u201cdefender cada d\u00eda a liberdade, a igualdade e todos os valores que representa a democracia\u201d. Tam\u00e9n falou de memoria hist\u00f3rica Pedro Vieitez, do Colectivo, e fixo fincap\u00e9 en que o fascismo segue vivo, \u201cinstalouse na nosa sociedade\u201d mentres a poboaci\u00f3n \u201cacepta calquera noticia sen contrastar ou debater por pasotismo\u201d. Advirte que son tam\u00e9n mostras de fascismo coti\u00e1 sucesos que se dan en Redondela \u201ccoa sabotaxe do monumento aos asasinados polo franquismo no Alto da Concheira, a misoxinia de borrar o nome das asasinadas pola violencia machista no paseo da Xunqueira ou a desfeita da exposici\u00f3n Mulleres Conquistadoras\u201d.<\/p>\n\n\n\n<p>No acto participou a escritora Mar\u00eda Torres, que asinou exemplares do seu libro e a poeta Andreia Costas, que fixo part\u00edcipe ao p\u00fablico dos miles de v\u00edtimas que a\u00ednda quedan por ser reco\u00f1ecidas. O m\u00fasico Seso Dur\u00e1n, que por un problema de sa\u00fade non puido interpretar o seu repertorio, interviu tam\u00e9n para sinalar \u201ca importancia destas iniciativas en tempos nos que axexan a insensibilidade e a ignorancia\u201d. O acto contou tam\u00e9n coa presenza da concelleira de Cultura Rita T\u00e1boas e o concelleiro de Infraestruturas Roberto Villar. A m\u00fasica correu a cargo de alumnas do Conservatorio Municipal.<\/p>\n","protected":false},"excerpt":{"rendered":"<div class=\"mh-excerpt\"><p>-O Concello de Redondela en colaboraci\u00f3n co Colectivo Republicano instalou catro \u201cpedras da memoria\u201d no paseo da Xunqueira para render homenaxe a Antonio Pi\u00f1eiro, Jos\u00e9 Gonz\u00e1lez, Olimpio M\u00edguez e Alejandro Lafuente. -Redondela conv\u00e9rtese no primeiro <a class=\"mh-excerpt-more\" href=\"https:\/\/www.anovapeneira.gal\/index.php\/2024\/02\/02\/redondela-fai-historia-e-rende-homenaxe-aos-vecinos-deportados-en-mauthausen\/\" title=\"Redondela fai historia e rende homenaxe aos veci\u00f1os deportados en Mauthausen\">[&#8230;]<\/a><\/p>\n<\/div>","protected":false},"author":3,"featured_media":11183,"comment_status":"open","ping_status":"open","sticky":false,"template":"","format":"standard","meta":{"_exactmetrics_skip_tracking":false,"_exactmetrics_sitenote_active":false,"_exactmetrics_sitenote_note":"","_exactmetrics_sitenote_category":0,"footnotes":""},"categories":[24],"tags":[171],"class_list":{"0":"post-11182","1":"post","2":"type-post","3":"status-publish","4":"format-standard","5":"has-post-thumbnail","7":"category-redondela","8":"tag-concello-de-redondela"},"yoast_head":"<!-- This site is optimized with the Yoast SEO plugin v27.4 - https:\/\/yoast.com\/product\/yoast-seo-wordpress\/ -->\n<title>Redondela fai historia e rende homenaxe aos veci\u00f1os deportados en Mauthausen -<\/title>\n<meta name=\"robots\" content=\"index, follow, max-snippet:-1, max-image-preview:large, max-video-preview:-1\" \/>\n<link rel=\"canonical\" href=\"https:\/\/www.anovapeneira.gal\/index.php\/2024\/02\/02\/redondela-fai-historia-e-rende-homenaxe-aos-vecinos-deportados-en-mauthausen\/\" \/>\n<meta property=\"og:locale\" content=\"gl_ES\" \/>\n<meta property=\"og:type\" content=\"article\" \/>\n<meta property=\"og:title\" content=\"Redondela fai historia e rende homenaxe aos veci\u00f1os deportados en Mauthausen -\" \/>\n<meta property=\"og:description\" content=\"-O Concello de Redondela en colaboraci\u00f3n co Colectivo Republicano instalou catro \u201cpedras da memoria\u201d no paseo da Xunqueira para render homenaxe a Antonio Pi\u00f1eiro, Jos\u00e9 Gonz\u00e1lez, Olimpio M\u00edguez e Alejandro Lafuente. -Redondela conv\u00e9rtese no primeiro [...]\" \/>\n<meta property=\"og:url\" content=\"https:\/\/www.anovapeneira.gal\/index.php\/2024\/02\/02\/redondela-fai-historia-e-rende-homenaxe-aos-vecinos-deportados-en-mauthausen\/\" \/>\n<meta property=\"article:publisher\" content=\"https:\/\/www.facebook.com\/anovapeneira\" \/>\n<meta property=\"article:published_time\" content=\"2024-02-02T09:00:45+00:00\" \/>\n<meta property=\"og:image\" content=\"https:\/\/www.anovapeneira.gal\/wp-content\/uploads\/2024\/02\/redondela_memoria.jpg\" \/>\n\t<meta property=\"og:image:width\" content=\"700\" \/>\n\t<meta property=\"og:image:height\" content=\"522\" \/>\n\t<meta property=\"og:image:type\" content=\"image\/jpeg\" \/>\n<meta name=\"author\" content=\"Redacci\u00f3n A Nova Peneira\" \/>\n<meta name=\"twitter:card\" content=\"summary_large_image\" \/>\n<meta name=\"twitter:creator\" content=\"@APeneira\" \/>\n<meta name=\"twitter:site\" content=\"@APeneira\" \/>\n<meta name=\"twitter:label1\" content=\"Escrito por\" \/>\n\t<meta name=\"twitter:data1\" content=\"Redacci\u00f3n A Nova Peneira\" \/>\n\t<meta name=\"twitter:label2\" content=\"Tempo de lectura\" \/>\n\t<meta name=\"twitter:data2\" content=\"3 minutos\" \/>\n<script type=\"application\/ld+json\" class=\"yoast-schema-graph\">{\"@context\":\"https:\\\/\\\/schema.org\",\"@graph\":[{\"@type\":\"Article\",\"@id\":\"https:\\\/\\\/www.anovapeneira.gal\\\/index.php\\\/2024\\\/02\\\/02\\\/redondela-fai-historia-e-rende-homenaxe-aos-vecinos-deportados-en-mauthausen\\\/#article\",\"isPartOf\":{\"@id\":\"https:\\\/\\\/www.anovapeneira.gal\\\/index.php\\\/2024\\\/02\\\/02\\\/redondela-fai-historia-e-rende-homenaxe-aos-vecinos-deportados-en-mauthausen\\\/\"},\"author\":{\"name\":\"Redacci\u00f3n A Nova Peneira\",\"@id\":\"https:\\\/\\\/www.anovapeneira.gal\\\/#\\\/schema\\\/person\\\/b93e3f8932e3f8da96334607eb6ac6aa\"},\"headline\":\"Redondela fai historia e rende homenaxe aos veci\u00f1os deportados en Mauthausen\",\"datePublished\":\"2024-02-02T09:00:45+00:00\",\"mainEntityOfPage\":{\"@id\":\"https:\\\/\\\/www.anovapeneira.gal\\\/index.php\\\/2024\\\/02\\\/02\\\/redondela-fai-historia-e-rende-homenaxe-aos-vecinos-deportados-en-mauthausen\\\/\"},\"wordCount\":547,\"commentCount\":0,\"publisher\":{\"@id\":\"https:\\\/\\\/www.anovapeneira.gal\\\/#organization\"},\"image\":{\"@id\":\"https:\\\/\\\/www.anovapeneira.gal\\\/index.php\\\/2024\\\/02\\\/02\\\/redondela-fai-historia-e-rende-homenaxe-aos-vecinos-deportados-en-mauthausen\\\/#primaryimage\"},\"thumbnailUrl\":\"https:\\\/\\\/www.anovapeneira.gal\\\/wp-content\\\/uploads\\\/2024\\\/02\\\/redondela_memoria.jpg\",\"keywords\":[\"Concello de Redondela\"],\"articleSection\":[\"Redondela\"],\"inLanguage\":\"gl-ES\",\"potentialAction\":[{\"@type\":\"CommentAction\",\"name\":\"Comment\",\"target\":[\"https:\\\/\\\/www.anovapeneira.gal\\\/index.php\\\/2024\\\/02\\\/02\\\/redondela-fai-historia-e-rende-homenaxe-aos-vecinos-deportados-en-mauthausen\\\/#respond\"]}]},{\"@type\":\"WebPage\",\"@id\":\"https:\\\/\\\/www.anovapeneira.gal\\\/index.php\\\/2024\\\/02\\\/02\\\/redondela-fai-historia-e-rende-homenaxe-aos-vecinos-deportados-en-mauthausen\\\/\",\"url\":\"https:\\\/\\\/www.anovapeneira.gal\\\/index.php\\\/2024\\\/02\\\/02\\\/redondela-fai-historia-e-rende-homenaxe-aos-vecinos-deportados-en-mauthausen\\\/\",\"name\":\"Redondela fai historia e rende homenaxe aos veci\u00f1os deportados en Mauthausen -\",\"isPartOf\":{\"@id\":\"https:\\\/\\\/www.anovapeneira.gal\\\/#website\"},\"primaryImageOfPage\":{\"@id\":\"https:\\\/\\\/www.anovapeneira.gal\\\/index.php\\\/2024\\\/02\\\/02\\\/redondela-fai-historia-e-rende-homenaxe-aos-vecinos-deportados-en-mauthausen\\\/#primaryimage\"},\"image\":{\"@id\":\"https:\\\/\\\/www.anovapeneira.gal\\\/index.php\\\/2024\\\/02\\\/02\\\/redondela-fai-historia-e-rende-homenaxe-aos-vecinos-deportados-en-mauthausen\\\/#primaryimage\"},\"thumbnailUrl\":\"https:\\\/\\\/www.anovapeneira.gal\\\/wp-content\\\/uploads\\\/2024\\\/02\\\/redondela_memoria.jpg\",\"datePublished\":\"2024-02-02T09:00:45+00:00\",\"breadcrumb\":{\"@id\":\"https:\\\/\\\/www.anovapeneira.gal\\\/index.php\\\/2024\\\/02\\\/02\\\/redondela-fai-historia-e-rende-homenaxe-aos-vecinos-deportados-en-mauthausen\\\/#breadcrumb\"},\"inLanguage\":\"gl-ES\",\"potentialAction\":[{\"@type\":\"ReadAction\",\"target\":[\"https:\\\/\\\/www.anovapeneira.gal\\\/index.php\\\/2024\\\/02\\\/02\\\/redondela-fai-historia-e-rende-homenaxe-aos-vecinos-deportados-en-mauthausen\\\/\"]}]},{\"@type\":\"ImageObject\",\"inLanguage\":\"gl-ES\",\"@id\":\"https:\\\/\\\/www.anovapeneira.gal\\\/index.php\\\/2024\\\/02\\\/02\\\/redondela-fai-historia-e-rende-homenaxe-aos-vecinos-deportados-en-mauthausen\\\/#primaryimage\",\"url\":\"https:\\\/\\\/www.anovapeneira.gal\\\/wp-content\\\/uploads\\\/2024\\\/02\\\/redondela_memoria.jpg\",\"contentUrl\":\"https:\\\/\\\/www.anovapeneira.gal\\\/wp-content\\\/uploads\\\/2024\\\/02\\\/redondela_memoria.jpg\",\"width\":700,\"height\":522,\"caption\":\"Redondela fai historia e rende homenaxe aos veci\u00f1os deportados en Mauthausen\"},{\"@type\":\"BreadcrumbList\",\"@id\":\"https:\\\/\\\/www.anovapeneira.gal\\\/index.php\\\/2024\\\/02\\\/02\\\/redondela-fai-historia-e-rende-homenaxe-aos-vecinos-deportados-en-mauthausen\\\/#breadcrumb\",\"itemListElement\":[{\"@type\":\"ListItem\",\"position\":1,\"name\":\"Portada\",\"item\":\"https:\\\/\\\/www.anovapeneira.gal\\\/\"},{\"@type\":\"ListItem\",\"position\":2,\"name\":\"Redondela fai historia e rende homenaxe aos veci\u00f1os deportados en Mauthausen\"}]},{\"@type\":\"WebSite\",\"@id\":\"https:\\\/\\\/www.anovapeneira.gal\\\/#website\",\"url\":\"https:\\\/\\\/www.anovapeneira.gal\\\/\",\"name\":\"\",\"description\":\"Xornal galego de informaci\u00f3n xeral Publicaci\u00f3n mensual de novas de Galicia e en especial dos Concellos da sur da provincia de Pontevedra.\",\"publisher\":{\"@id\":\"https:\\\/\\\/www.anovapeneira.gal\\\/#organization\"},\"potentialAction\":[{\"@type\":\"SearchAction\",\"target\":{\"@type\":\"EntryPoint\",\"urlTemplate\":\"https:\\\/\\\/www.anovapeneira.gal\\\/?s={search_term_string}\"},\"query-input\":{\"@type\":\"PropertyValueSpecification\",\"valueRequired\":true,\"valueName\":\"search_term_string\"}}],\"inLanguage\":\"gl-ES\"},{\"@type\":\"Organization\",\"@id\":\"https:\\\/\\\/www.anovapeneira.gal\\\/#organization\",\"name\":\"A Nova Peneira\",\"url\":\"https:\\\/\\\/www.anovapeneira.gal\\\/\",\"logo\":{\"@type\":\"ImageObject\",\"inLanguage\":\"gl-ES\",\"@id\":\"https:\\\/\\\/www.anovapeneira.gal\\\/#\\\/schema\\\/logo\\\/image\\\/\",\"url\":\"http:\\\/\\\/www.anovapeneira.gal\\\/wp-content\\\/uploads\\\/2019\\\/06\\\/logo_a_nova_peneira_portal_web.png\",\"contentUrl\":\"http:\\\/\\\/www.anovapeneira.gal\\\/wp-content\\\/uploads\\\/2019\\\/06\\\/logo_a_nova_peneira_portal_web.png\",\"width\":300,\"height\":100,\"caption\":\"A Nova Peneira\"},\"image\":{\"@id\":\"https:\\\/\\\/www.anovapeneira.gal\\\/#\\\/schema\\\/logo\\\/image\\\/\"},\"sameAs\":[\"https:\\\/\\\/www.facebook.com\\\/anovapeneira\",\"https:\\\/\\\/x.com\\\/APeneira\"]},{\"@type\":\"Person\",\"@id\":\"https:\\\/\\\/www.anovapeneira.gal\\\/#\\\/schema\\\/person\\\/b93e3f8932e3f8da96334607eb6ac6aa\",\"name\":\"Redacci\u00f3n A Nova Peneira\",\"image\":{\"@type\":\"ImageObject\",\"inLanguage\":\"gl-ES\",\"@id\":\"https:\\\/\\\/secure.gravatar.com\\\/avatar\\\/c052a2551a06e23fac63626232eaa90abd78dbcf1700fc46a2b2c89fd27b735f?s=96&d=mm&r=g\",\"url\":\"https:\\\/\\\/secure.gravatar.com\\\/avatar\\\/c052a2551a06e23fac63626232eaa90abd78dbcf1700fc46a2b2c89fd27b735f?s=96&d=mm&r=g\",\"contentUrl\":\"https:\\\/\\\/secure.gravatar.com\\\/avatar\\\/c052a2551a06e23fac63626232eaa90abd78dbcf1700fc46a2b2c89fd27b735f?s=96&d=mm&r=g\",\"caption\":\"Redacci\u00f3n A Nova Peneira\"},\"sameAs\":[\"http:\\\/\\\/www.anovapeneira.gal\\\/\"],\"url\":\"https:\\\/\\\/www.anovapeneira.gal\\\/index.php\\\/author\\\/redactor\\\/\"}]}<\/script>\n<!-- \/ Yoast SEO plugin. -->","yoast_head_json":{"title":"Redondela fai historia e rende homenaxe aos veci\u00f1os deportados en Mauthausen -","robots":{"index":"index","follow":"follow","max-snippet":"max-snippet:-1","max-image-preview":"max-image-preview:large","max-video-preview":"max-video-preview:-1"},"canonical":"https:\/\/www.anovapeneira.gal\/index.php\/2024\/02\/02\/redondela-fai-historia-e-rende-homenaxe-aos-vecinos-deportados-en-mauthausen\/","og_locale":"gl_ES","og_type":"article","og_title":"Redondela fai historia e rende homenaxe aos veci\u00f1os deportados en Mauthausen -","og_description":"-O Concello de Redondela en colaboraci\u00f3n co Colectivo Republicano instalou catro \u201cpedras da memoria\u201d no paseo da Xunqueira para render homenaxe a Antonio Pi\u00f1eiro, Jos\u00e9 Gonz\u00e1lez, Olimpio M\u00edguez e Alejandro Lafuente. -Redondela conv\u00e9rtese no primeiro [...]","og_url":"https:\/\/www.anovapeneira.gal\/index.php\/2024\/02\/02\/redondela-fai-historia-e-rende-homenaxe-aos-vecinos-deportados-en-mauthausen\/","article_publisher":"https:\/\/www.facebook.com\/anovapeneira","article_published_time":"2024-02-02T09:00:45+00:00","og_image":[{"width":700,"height":522,"url":"https:\/\/www.anovapeneira.gal\/wp-content\/uploads\/2024\/02\/redondela_memoria.jpg","type":"image\/jpeg"}],"author":"Redacci\u00f3n A Nova Peneira","twitter_card":"summary_large_image","twitter_creator":"@APeneira","twitter_site":"@APeneira","twitter_misc":{"Escrito por":"Redacci\u00f3n A Nova Peneira","Tempo de lectura":"3 minutos"},"schema":{"@context":"https:\/\/schema.org","@graph":[{"@type":"Article","@id":"https:\/\/www.anovapeneira.gal\/index.php\/2024\/02\/02\/redondela-fai-historia-e-rende-homenaxe-aos-vecinos-deportados-en-mauthausen\/#article","isPartOf":{"@id":"https:\/\/www.anovapeneira.gal\/index.php\/2024\/02\/02\/redondela-fai-historia-e-rende-homenaxe-aos-vecinos-deportados-en-mauthausen\/"},"author":{"name":"Redacci\u00f3n A Nova Peneira","@id":"https:\/\/www.anovapeneira.gal\/#\/schema\/person\/b93e3f8932e3f8da96334607eb6ac6aa"},"headline":"Redondela fai historia e rende homenaxe aos veci\u00f1os deportados en Mauthausen","datePublished":"2024-02-02T09:00:45+00:00","mainEntityOfPage":{"@id":"https:\/\/www.anovapeneira.gal\/index.php\/2024\/02\/02\/redondela-fai-historia-e-rende-homenaxe-aos-vecinos-deportados-en-mauthausen\/"},"wordCount":547,"commentCount":0,"publisher":{"@id":"https:\/\/www.anovapeneira.gal\/#organization"},"image":{"@id":"https:\/\/www.anovapeneira.gal\/index.php\/2024\/02\/02\/redondela-fai-historia-e-rende-homenaxe-aos-vecinos-deportados-en-mauthausen\/#primaryimage"},"thumbnailUrl":"https:\/\/www.anovapeneira.gal\/wp-content\/uploads\/2024\/02\/redondela_memoria.jpg","keywords":["Concello de Redondela"],"articleSection":["Redondela"],"inLanguage":"gl-ES","potentialAction":[{"@type":"CommentAction","name":"Comment","target":["https:\/\/www.anovapeneira.gal\/index.php\/2024\/02\/02\/redondela-fai-historia-e-rende-homenaxe-aos-vecinos-deportados-en-mauthausen\/#respond"]}]},{"@type":"WebPage","@id":"https:\/\/www.anovapeneira.gal\/index.php\/2024\/02\/02\/redondela-fai-historia-e-rende-homenaxe-aos-vecinos-deportados-en-mauthausen\/","url":"https:\/\/www.anovapeneira.gal\/index.php\/2024\/02\/02\/redondela-fai-historia-e-rende-homenaxe-aos-vecinos-deportados-en-mauthausen\/","name":"Redondela fai historia e rende homenaxe aos veci\u00f1os deportados en Mauthausen -","isPartOf":{"@id":"https:\/\/www.anovapeneira.gal\/#website"},"primaryImageOfPage":{"@id":"https:\/\/www.anovapeneira.gal\/index.php\/2024\/02\/02\/redondela-fai-historia-e-rende-homenaxe-aos-vecinos-deportados-en-mauthausen\/#primaryimage"},"image":{"@id":"https:\/\/www.anovapeneira.gal\/index.php\/2024\/02\/02\/redondela-fai-historia-e-rende-homenaxe-aos-vecinos-deportados-en-mauthausen\/#primaryimage"},"thumbnailUrl":"https:\/\/www.anovapeneira.gal\/wp-content\/uploads\/2024\/02\/redondela_memoria.jpg","datePublished":"2024-02-02T09:00:45+00:00","breadcrumb":{"@id":"https:\/\/www.anovapeneira.gal\/index.php\/2024\/02\/02\/redondela-fai-historia-e-rende-homenaxe-aos-vecinos-deportados-en-mauthausen\/#breadcrumb"},"inLanguage":"gl-ES","potentialAction":[{"@type":"ReadAction","target":["https:\/\/www.anovapeneira.gal\/index.php\/2024\/02\/02\/redondela-fai-historia-e-rende-homenaxe-aos-vecinos-deportados-en-mauthausen\/"]}]},{"@type":"ImageObject","inLanguage":"gl-ES","@id":"https:\/\/www.anovapeneira.gal\/index.php\/2024\/02\/02\/redondela-fai-historia-e-rende-homenaxe-aos-vecinos-deportados-en-mauthausen\/#primaryimage","url":"https:\/\/www.anovapeneira.gal\/wp-content\/uploads\/2024\/02\/redondela_memoria.jpg","contentUrl":"https:\/\/www.anovapeneira.gal\/wp-content\/uploads\/2024\/02\/redondela_memoria.jpg","width":700,"height":522,"caption":"Redondela fai historia e rende homenaxe aos veci\u00f1os deportados en Mauthausen"},{"@type":"BreadcrumbList","@id":"https:\/\/www.anovapeneira.gal\/index.php\/2024\/02\/02\/redondela-fai-historia-e-rende-homenaxe-aos-vecinos-deportados-en-mauthausen\/#breadcrumb","itemListElement":[{"@type":"ListItem","position":1,"name":"Portada","item":"https:\/\/www.anovapeneira.gal\/"},{"@type":"ListItem","position":2,"name":"Redondela fai historia e rende homenaxe aos veci\u00f1os deportados en Mauthausen"}]},{"@type":"WebSite","@id":"https:\/\/www.anovapeneira.gal\/#website","url":"https:\/\/www.anovapeneira.gal\/","name":"","description":"Xornal galego de informaci\u00f3n xeral Publicaci\u00f3n mensual de novas de Galicia e en especial dos Concellos da sur da provincia de Pontevedra.","publisher":{"@id":"https:\/\/www.anovapeneira.gal\/#organization"},"potentialAction":[{"@type":"SearchAction","target":{"@type":"EntryPoint","urlTemplate":"https:\/\/www.anovapeneira.gal\/?s={search_term_string}"},"query-input":{"@type":"PropertyValueSpecification","valueRequired":true,"valueName":"search_term_string"}}],"inLanguage":"gl-ES"},{"@type":"Organization","@id":"https:\/\/www.anovapeneira.gal\/#organization","name":"A Nova Peneira","url":"https:\/\/www.anovapeneira.gal\/","logo":{"@type":"ImageObject","inLanguage":"gl-ES","@id":"https:\/\/www.anovapeneira.gal\/#\/schema\/logo\/image\/","url":"http:\/\/www.anovapeneira.gal\/wp-content\/uploads\/2019\/06\/logo_a_nova_peneira_portal_web.png","contentUrl":"http:\/\/www.anovapeneira.gal\/wp-content\/uploads\/2019\/06\/logo_a_nova_peneira_portal_web.png","width":300,"height":100,"caption":"A Nova Peneira"},"image":{"@id":"https:\/\/www.anovapeneira.gal\/#\/schema\/logo\/image\/"},"sameAs":["https:\/\/www.facebook.com\/anovapeneira","https:\/\/x.com\/APeneira"]},{"@type":"Person","@id":"https:\/\/www.anovapeneira.gal\/#\/schema\/person\/b93e3f8932e3f8da96334607eb6ac6aa","name":"Redacci\u00f3n A Nova Peneira","image":{"@type":"ImageObject","inLanguage":"gl-ES","@id":"https:\/\/secure.gravatar.com\/avatar\/c052a2551a06e23fac63626232eaa90abd78dbcf1700fc46a2b2c89fd27b735f?s=96&d=mm&r=g","url":"https:\/\/secure.gravatar.com\/avatar\/c052a2551a06e23fac63626232eaa90abd78dbcf1700fc46a2b2c89fd27b735f?s=96&d=mm&r=g","contentUrl":"https:\/\/secure.gravatar.com\/avatar\/c052a2551a06e23fac63626232eaa90abd78dbcf1700fc46a2b2c89fd27b735f?s=96&d=mm&r=g","caption":"Redacci\u00f3n A Nova Peneira"},"sameAs":["http:\/\/www.anovapeneira.gal\/"],"url":"https:\/\/www.anovapeneira.gal\/index.php\/author\/redactor\/"}]}},"jetpack_featured_media_url":"https:\/\/www.anovapeneira.gal\/wp-content\/uploads\/2024\/02\/redondela_memoria.jpg","_links":{"self":[{"href":"https:\/\/www.anovapeneira.gal\/index.php\/wp-json\/wp\/v2\/posts\/11182","targetHints":{"allow":["GET"]}}],"collection":[{"href":"https:\/\/www.anovapeneira.gal\/index.php\/wp-json\/wp\/v2\/posts"}],"about":[{"href":"https:\/\/www.anovapeneira.gal\/index.php\/wp-json\/wp\/v2\/types\/post"}],"author":[{"embeddable":true,"href":"https:\/\/www.anovapeneira.gal\/index.php\/wp-json\/wp\/v2\/users\/3"}],"replies":[{"embeddable":true,"href":"https:\/\/www.anovapeneira.gal\/index.php\/wp-json\/wp\/v2\/comments?post=11182"}],"version-history":[{"count":1,"href":"https:\/\/www.anovapeneira.gal\/index.php\/wp-json\/wp\/v2\/posts\/11182\/revisions"}],"predecessor-version":[{"id":11184,"href":"https:\/\/www.anovapeneira.gal\/index.php\/wp-json\/wp\/v2\/posts\/11182\/revisions\/11184"}],"wp:featuredmedia":[{"embeddable":true,"href":"https:\/\/www.anovapeneira.gal\/index.php\/wp-json\/wp\/v2\/media\/11183"}],"wp:attachment":[{"href":"https:\/\/www.anovapeneira.gal\/index.php\/wp-json\/wp\/v2\/media?parent=11182"}],"wp:term":[{"taxonomy":"category","embeddable":true,"href":"https:\/\/www.anovapeneira.gal\/index.php\/wp-json\/wp\/v2\/categories?post=11182"},{"taxonomy":"post_tag","embeddable":true,"href":"https:\/\/www.anovapeneira.gal\/index.php\/wp-json\/wp\/v2\/tags?post=11182"}],"curies":[{"name":"wp","href":"https:\/\/api.w.org\/{rel}","templated":true}]}}