{"id":11185,"date":"2024-02-05T12:00:17","date_gmt":"2024-02-05T11:00:17","guid":{"rendered":"https:\/\/www.anovapeneira.gal\/?p=11185"},"modified":"2024-02-06T11:39:16","modified_gmt":"2024-02-06T10:39:16","slug":"sobre-os-5-desconecidos-soterrados-en-cabreira","status":"publish","type":"post","link":"https:\/\/www.anovapeneira.gal\/index.php\/2024\/02\/05\/sobre-os-5-desconecidos-soterrados-en-cabreira\/","title":{"rendered":"Sobre os 5 desco\u00f1ecidos soterrados en Cabreira"},"content":{"rendered":"\n<figure class=\"wp-block-image size-full is-resized\"><img loading=\"lazy\" decoding=\"async\" width=\"720\" height=\"432\" src=\"https:\/\/www.anovapeneira.gal\/wp-content\/uploads\/2023\/09\/angel_lopez_mendez.jpg\" alt=\"\u00c1ngel L\u00f3pez M\u00e9ndez\" class=\"wp-image-10458\" style=\"width:131px;height:auto\" srcset=\"https:\/\/www.anovapeneira.gal\/wp-content\/uploads\/2023\/09\/angel_lopez_mendez.jpg 720w, https:\/\/www.anovapeneira.gal\/wp-content\/uploads\/2023\/09\/angel_lopez_mendez-300x180.jpg 300w\" sizes=\"auto, (max-width: 720px) 100vw, 720px\" \/><\/figure>\n\n\n\n<pre class=\"wp-block-verse\">Cabreira \u00c1ngel L\u00f3pez<\/pre>\n\n\n\n<h2 class=\"wp-block-heading\"><strong>\u00c1ngel L\u00f3pez M\u00e9ndez, veci\u00f1o de Cabreira e membro da Xunta Directiva en representaci\u00f3n de Salvaterra na Comisi\u00f3n pola Recuperaci\u00f3n da Memoria Hist\u00f3rica do Baixo Mi\u00f1o, O Condado e A Louri\u00f1a.<\/strong><\/h2>\n\n\n\n<p><em><strong>O feito: <\/strong><\/em>Aparecen na Baixi\u00f1a, zona do Viso pertencente \u00e1 parroquia de Alx\u00e9n, os corpos de 5 homes executados na noite do domingo 18 de outubro de 1936.<\/p>\n\n\n\n<p><em><strong>Como comezamos: <\/strong><\/em>Os 5 cinco desco\u00f1ecidos soterrados no adro da igrexa parroquial. Por tradici\u00f3n oral, complementada co relato de d\u00faas persoas da parroquia que viviron o ocorrido no seu momento (Alfonso da Devesa, falecido recentemente e a Sra. Maruja da Rotea) e afondando no tema chegamos a documentos oficiais como son as partidas de defunci\u00f3n no Xulgado de Paz de Salvaterra , onde consta textualmente que est\u00e1n soterrados no cemiterio de Cabreira. Tivemos acceso aos libros eclesi\u00e1sticos e non atopamos ningunha referencia.<\/p>\n\n\n\n<p><em><strong>Quen son os 5 desco\u00f1ecidos: <\/strong><\/em>Estaban todos os feitos perfectamente definidos pero eramos incapaces de p\u00f3rlles nome e apelidos, o noso traballo ti\u00f1a que seguir adiante. Polas referencias sabiamos que entraran en Cabreira procedentes de Salceda e seguimos co noso traballo centr\u00e1ndonos na zona sur ; fomos ao concello de Tui, onde est\u00e1 o libro de rexistro de presos daquela \u00e9poca no c\u00e1rcere de Tui, seguindo a \u00fanica pista que co\u00f1ecemos: \u201catopar un grupo de 5 persoas que sa\u00edran do c\u00e1rcere, por calquera motivo, o d\u00eda dos feitos\u201d.Non tivemos \u00e9xito.<\/p>\n\n\n\n<p>Os seguinte paso ser\u00eda facer o mesmo no c\u00e1rcere de Vigo e en San Sim\u00f3n. Comezamos por Vigo e non obtivemos ningunha fonte que nos marcase o comezo do traballo,&#8230;.<\/p>\n\n\n\n<p><em><strong>Outras v\u00edas de traballo: <\/strong><\/em>Sendo co\u00f1ecedores de que a Deputaci\u00f3n de Pontevedra ti\u00f1a un departamento adicado ao estudo da Memoria Democr\u00e1tica pedimos cita para entrevistarnos coa deputada responsable do mesmo, Mar\u00eda Ortega, \u00e1 que puxemos en co\u00f1ecemento do traballo que ti\u00f1amos feito e ped\u00edmoslle colaboraci\u00f3n.<\/p>\n\n\n\n<p>Tam\u00e9n estivemos en contacto con Xos\u00e9 Ram\u00f3n Paz Ant\u00f3n, estudoso da Memoria e cunha amplo co\u00f1ecemento da mesma. Sabemos que ten moi avanzado un traballo sobre Salvaterra no momento do que estamos facendo referencia. Hoxe en d\u00eda tam\u00e9n forma parte da Xunta Directiva da Comisi\u00f3n pola Recuperaci\u00f3n da Memoria Hist\u00f3rica \u00e1 que tam\u00e9n pertenzo.<\/p>\n\n\n\n<p>Da confluencia destes dous feitos Deputaci\u00f3n e Xos\u00e9 Ram\u00f3n Paz Ant\u00f3n sae un amplo traballo que servir\u00e1 de base documental para o futuro, este ser\u00e1 entregado aos organismos que traballen coa Xunta de Galicia para levar adiante todos os traballos posteriores.<\/p>\n\n\n\n<p><em><strong>Colocaci\u00f3n dun mon<\/strong><\/em><em><strong>\u00f3<\/strong><\/em><em><strong>lito na zona dos feitos.<\/strong><\/em> Baixo a premisa de manter vivo o recordo do acontecido aquel 18 de outubro do 36, acordamos facer un acto conmemorativo no lugar e data pr\u00f3xima aos feitos.<\/p>\n\n\n\n<p>As\u00ed o 22 de outubro do 2023 fixemos un emotivo acto no lugar da Baixi\u00f1a, coa participaci\u00f3n de moita xente, onde expuxemos o al\u00ed acontecido e inauguramos un mon\u00f3lito cunha placa que di: \u201c<em><strong>Aos 5 desco\u00f1ecidos asasinados o 18 de outubro de 1936 neste lugar e soterrados no adro da igrexa de Cabreira. O noso compromiso, p\u00f3rvos nome\u201d.<\/strong><\/em><\/p>\n\n\n\n<p>No mesmo lugar plantamos unha oliveira como s\u00edmbolo da Comisi\u00f3n.<\/p>\n\n\n\n<p>Neste acto, de forma imprevista, interv\u00e9n Xos\u00e9 Novas veci\u00f1o de Bueu (O Morrazo) que nos d\u00e1 informaci\u00f3n moi ben documentada relativa a posible filiaci\u00f3n dos al\u00ed asasinados, estando xa presente un deses posibles familiares.<\/p>\n\n\n\n<p><em><strong>A casualidade: <\/strong><\/em>\u201cEstar no lugar adecuado no momento oportuno\u201d. Temporalmente coincide coa organizaci\u00f3n da colocaci\u00f3n do mon\u00f3lito.<\/p>\n\n\n\n<p>A Comisi\u00f3n pola Recuperaci\u00f3n da Memoria Hist\u00f3rica organiza unha sa\u00edda a Castro Laboreiro (Portugal) e al\u00ed conversamos cun dos participantes na actividade, Xos\u00e9 Novas. Ao estar neses d\u00edas a traballar sobre o lema \u201cO noso compromiso, p\u00f3rvos nome\u201d e ao co\u00f1ecer que \u00e9 da zona do Morrazo, venme a mente o que nalg\u00fan momento un veci\u00f1o de Cabreira me ti\u00f1a comentado por relato de seu pai de que os 5 asasinados eran de Moa\u00f1a. Non o penso e c\u00f3ntollo.<\/p>\n\n\n\n<p>A reacci\u00f3n de Xos\u00e9 Novas foi instant\u00e1nea, recordou que algo que ti\u00f1a lido nun libro \u201cAs memorias de Lu\u00eds das Nacidas\u201d de Lu\u00eds P\u00e9rez \u00c1lvarez preso en San Sim\u00f3n e que poder\u00eda encaixar perfectamente por data e n\u00famero no que lle estaba a contar. De al\u00ed a uns d\u00edas conf\u00edrmame todo o que ti\u00f1a dito e p\u00faxose a traballar sobre a posible filiaci\u00f3n dos 5 homes soterrados no adro da igrexa de Cabreira e que remata cunha posta en com\u00fan cos posibles familiares no concello de Moa\u00f1a.<\/p>\n\n\n\n<p>O m\u00e1is incrible de todo \u00e9 que no curto prazo de tempo que vai desde o 16 de setembro, d\u00eda desta sa\u00edda, ao 22 de outubro, d\u00eda da colocaci\u00f3n do mon\u00f3lito, desencad\u00e9anse os feitos de maneira vertixinosa. 87 anos \u00e1 espera.<\/p>\n\n\n\n<p><em><strong>A posible filiaci\u00f3n:<\/strong><\/em><\/p>\n\n\n\n<p>Os irm\u00e1ns: <strong>Manuel Cancelas Corrales<\/strong> (1910)<\/p>\n\n\n\n<p><strong>Eugenio Cancelas Corrales<\/strong> (1914)<\/p>\n\n\n\n<p>Os irm\u00e1ns: <strong>Manuel Mar\u00eda Blanco Costa<\/strong> (1903)<\/p>\n\n\n\n<p><strong>Jos\u00e9 Benito Blanco Costa<\/strong> (1905)<\/p>\n\n\n\n<p>e <strong>Jos\u00e9<\/strong> <strong>V\u00e1zquez Sampedro<\/strong> (1904), cu\u00f1ado dos irm\u00e1ns Blanco Costa.<\/p>\n\n\n\n<p>Neste momento est\u00e1n vivas: Dolores Eugenia Cancelas Silva filla de Manuel Cancelas Corrales e Estrella Blanco Dur\u00e1n filla de Manuel Mar\u00eda Blanco Costa.<\/p>\n\n\n\n<p><em><strong>Unha nova fase: <\/strong><\/em>Con todo o exposto con anterioridade damos por rematada a primeira fase de achega e documentaci\u00f3n do feito. Foi unha fase moi persoal e pr\u00f3xima.<\/p>\n\n\n\n<p>Agora comeza unha nova fase m\u00e1is oficial e na que temos que seguir os pasos que nos vaian marcando os organismos e persoas que traballan a Memoria Democr\u00e1tica, incorpor\u00e1ndose tam\u00e9n ao proceso os familiares das v\u00edtimas, veci\u00f1os de Moa\u00f1a.<\/p>\n\n\n\n<p>Esperamos que este proceso sexa o m\u00e1is r\u00e1pido posible, nos estaremos pendentes para que isto sexa unha realidade.<\/p>\n\n\n\n<p><em><strong>Pasos dados nesta nova fase:<\/strong><\/em><\/p>\n\n\n\n<p><em><strong>-Reco\u00f1ecemento do terreo. <\/strong><\/em>Este pasado d\u00eda 25\/1\/24 estiveron reco\u00f1ecendo o terreo no adro da igrexa e as\u00ed ir elaborando o proxecto para presentar ante a Xunta e poder levar a cabo a exhumaci\u00f3n.<\/p>\n\n\n\n<p>Por unha banda estivo Conchi L\u00f3pez en representaci\u00f3n de Histraga, organismo dependente da Universidade de Santiago, e que son os que firmando convenios de colaboraci\u00f3n, fan os traballos relacionados coa Memoria para a Xunta de Galicia e pola outra banda Mario Vila, arque\u00f3logo, da empresa que realiza a exhumaci\u00f3n.<\/p>\n\n\n\n<p><em><strong>-Toma de ADN. <\/strong><\/em>O pr\u00f3ximo d\u00eda 7\/2\/24 est\u00e1 previsto que un equipo do antrop\u00f3logo forense Fernando Serrulla se desprace ata Moa\u00f1a e recolla as tomas necesarias para obter o ADN dos posibles familiares das v\u00edtimas (fillas, sobri\u00f1os e netos\/as).<\/p>\n\n\n\n<p>&#8211;<em><strong>Notificaci\u00f3n ao <\/strong><\/em><em><strong>b<\/strong><\/em><em><strong>ispado <\/strong><\/em>da diocese de Tui-Vigo dos feitos acaecidos e dos traballos a realizar.<\/p>\n\n\n\n<p><em><strong>Cal \u00e9 o noso fin. <\/strong><\/em>Estamos traballando baixo o lema \u201cO noso compromiso, p\u00f3rvos nome\u201d e ese \u00e9 o noso fin, estando claro que para poder acadalo hai un s\u00f3 cami\u00f1o \u201ca exhumaci\u00f3n\u201d. A partir de a\u00ed, que as familias decidan ao respecto.<\/p>\n\n\n\n<p>Verdade, Xustiza, Reparaci\u00f3n e Dignificaci\u00f3n.<\/p>\n\n\n\n<figure class=\"wp-block-image size-full\"><img loading=\"lazy\" decoding=\"async\" width=\"720\" height=\"432\" src=\"https:\/\/www.anovapeneira.gal\/wp-content\/uploads\/2024\/02\/memoria_historica.jpg\" alt=\"\" class=\"wp-image-11212\" srcset=\"https:\/\/www.anovapeneira.gal\/wp-content\/uploads\/2024\/02\/memoria_historica.jpg 720w, https:\/\/www.anovapeneira.gal\/wp-content\/uploads\/2024\/02\/memoria_historica-300x180.jpg 300w\" sizes=\"auto, (max-width: 720px) 100vw, 720px\" \/><\/figure>\n\n\n\n<p><em><strong>Quen somos.<\/strong><\/em><\/p>\n\n\n\n<p><strong>\u00c1ngel L\u00f3pez M\u00e9ndez, veci\u00f1o da parroquia de Cabreira e Ant\u00f3n Lourenzo \u201cXaque\u201d veci\u00f1o da parroquia de Salvaterra e neste momento membros da Comisi\u00f3n pola Recuperaci\u00f3n da Memoria Hist\u00f3rica do Baixo Mi\u00f1o, O Condado e A Louri\u00f1a.<\/strong><\/p>\n","protected":false},"excerpt":{"rendered":"<div class=\"mh-excerpt\"><p>\u00c1ngel L\u00f3pez M\u00e9ndez, veci\u00f1o de Cabreira e membro da Xunta Directiva en representaci\u00f3n de Salvaterra na Comisi\u00f3n pola Recuperaci\u00f3n da Memoria Hist\u00f3rica do Baixo Mi\u00f1o, O Condado e A Louri\u00f1a <a class=\"mh-excerpt-more\" href=\"https:\/\/www.anovapeneira.gal\/index.php\/2024\/02\/05\/sobre-os-5-desconecidos-soterrados-en-cabreira\/\" title=\"Sobre os 5 desco\u00f1ecidos soterrados en Cabreira\">[&#8230;]<\/a><\/p>\n<\/div>","protected":false},"author":12,"featured_media":11186,"comment_status":"open","ping_status":"open","sticky":false,"template":"","format":"standard","meta":{"_exactmetrics_skip_tracking":false,"_exactmetrics_sitenote_active":false,"_exactmetrics_sitenote_note":"","_exactmetrics_sitenote_category":0,"footnotes":""},"categories":[7],"tags":[],"class_list":{"0":"post-11185","1":"post","2":"type-post","3":"status-publish","4":"format-standard","5":"has-post-thumbnail","7":"category-artigos-de-opinion"},"yoast_head":"<!-- This site is optimized with the Yoast SEO plugin v27.4 - https:\/\/yoast.com\/product\/yoast-seo-wordpress\/ -->\n<title>Sobre os 5 desco\u00f1ecidos soterrados en Cabreira -<\/title>\n<meta name=\"description\" content=\"\u00c1ngel L\u00f3pez M\u00e9ndez, veci\u00f1o de Cabreira e membro da Xunta Directiva en representaci\u00f3n de Salvaterra na Comisi\u00f3n pola Recuperaci\u00f3n da Memoria Hist\u00f3rica do Baixo Mi\u00f1o, O Condado e A Louri\u00f1a\" \/>\n<meta name=\"robots\" content=\"index, follow, max-snippet:-1, max-image-preview:large, max-video-preview:-1\" \/>\n<link rel=\"canonical\" href=\"https:\/\/www.anovapeneira.gal\/index.php\/2024\/02\/05\/sobre-os-5-desconecidos-soterrados-en-cabreira\/\" \/>\n<meta property=\"og:locale\" content=\"gl_ES\" \/>\n<meta property=\"og:type\" content=\"article\" \/>\n<meta property=\"og:title\" content=\"Sobre os 5 desco\u00f1ecidos soterrados en Cabreira -\" \/>\n<meta property=\"og:description\" content=\"\u00c1ngel L\u00f3pez M\u00e9ndez, veci\u00f1o de Cabreira e membro da Xunta Directiva en representaci\u00f3n de Salvaterra na Comisi\u00f3n pola Recuperaci\u00f3n da Memoria Hist\u00f3rica do Baixo Mi\u00f1o, O Condado e A Louri\u00f1a\" \/>\n<meta property=\"og:url\" content=\"https:\/\/www.anovapeneira.gal\/index.php\/2024\/02\/05\/sobre-os-5-desconecidos-soterrados-en-cabreira\/\" \/>\n<meta property=\"article:publisher\" content=\"https:\/\/www.facebook.com\/anovapeneira\" \/>\n<meta property=\"article:published_time\" content=\"2024-02-05T11:00:17+00:00\" \/>\n<meta property=\"article:modified_time\" content=\"2024-02-06T10:39:16+00:00\" \/>\n<meta property=\"og:image\" content=\"https:\/\/www.anovapeneira.gal\/wp-content\/uploads\/2024\/02\/flores.jpg\" \/>\n\t<meta property=\"og:image:width\" content=\"700\" \/>\n\t<meta property=\"og:image:height\" content=\"522\" \/>\n\t<meta property=\"og:image:type\" content=\"image\/jpeg\" \/>\n<meta name=\"author\" content=\"Artigos Opini\u00f3n\" \/>\n<meta name=\"twitter:card\" content=\"summary_large_image\" \/>\n<meta name=\"twitter:image\" content=\"https:\/\/www.anovapeneira.gal\/wp-content\/uploads\/2024\/02\/flores.jpg\" \/>\n<meta name=\"twitter:creator\" content=\"@APeneira\" \/>\n<meta name=\"twitter:site\" content=\"@APeneira\" \/>\n<meta name=\"twitter:label1\" content=\"Escrito por\" \/>\n\t<meta name=\"twitter:data1\" content=\"Artigos Opini\u00f3n\" \/>\n\t<meta name=\"twitter:label2\" content=\"Tempo de lectura\" \/>\n\t<meta name=\"twitter:data2\" content=\"7 minutos\" \/>\n<script type=\"application\/ld+json\" class=\"yoast-schema-graph\">{\"@context\":\"https:\\\/\\\/schema.org\",\"@graph\":[{\"@type\":\"Article\",\"@id\":\"https:\\\/\\\/www.anovapeneira.gal\\\/index.php\\\/2024\\\/02\\\/05\\\/sobre-os-5-desconecidos-soterrados-en-cabreira\\\/#article\",\"isPartOf\":{\"@id\":\"https:\\\/\\\/www.anovapeneira.gal\\\/index.php\\\/2024\\\/02\\\/05\\\/sobre-os-5-desconecidos-soterrados-en-cabreira\\\/\"},\"author\":{\"name\":\"Artigos Opini\u00f3n\",\"@id\":\"https:\\\/\\\/www.anovapeneira.gal\\\/#\\\/schema\\\/person\\\/f18a4feb302e8f20bcef4490b5b60bb3\"},\"headline\":\"Sobre os 5 desco\u00f1ecidos soterrados en Cabreira\",\"datePublished\":\"2024-02-05T11:00:17+00:00\",\"dateModified\":\"2024-02-06T10:39:16+00:00\",\"mainEntityOfPage\":{\"@id\":\"https:\\\/\\\/www.anovapeneira.gal\\\/index.php\\\/2024\\\/02\\\/05\\\/sobre-os-5-desconecidos-soterrados-en-cabreira\\\/\"},\"wordCount\":1263,\"commentCount\":0,\"publisher\":{\"@id\":\"https:\\\/\\\/www.anovapeneira.gal\\\/#organization\"},\"image\":{\"@id\":\"https:\\\/\\\/www.anovapeneira.gal\\\/index.php\\\/2024\\\/02\\\/05\\\/sobre-os-5-desconecidos-soterrados-en-cabreira\\\/#primaryimage\"},\"thumbnailUrl\":\"https:\\\/\\\/www.anovapeneira.gal\\\/wp-content\\\/uploads\\\/2024\\\/02\\\/flores.jpg\",\"articleSection\":[\"Artigos de opini\u00f3n\"],\"inLanguage\":\"gl-ES\",\"potentialAction\":[{\"@type\":\"CommentAction\",\"name\":\"Comment\",\"target\":[\"https:\\\/\\\/www.anovapeneira.gal\\\/index.php\\\/2024\\\/02\\\/05\\\/sobre-os-5-desconecidos-soterrados-en-cabreira\\\/#respond\"]}]},{\"@type\":\"WebPage\",\"@id\":\"https:\\\/\\\/www.anovapeneira.gal\\\/index.php\\\/2024\\\/02\\\/05\\\/sobre-os-5-desconecidos-soterrados-en-cabreira\\\/\",\"url\":\"https:\\\/\\\/www.anovapeneira.gal\\\/index.php\\\/2024\\\/02\\\/05\\\/sobre-os-5-desconecidos-soterrados-en-cabreira\\\/\",\"name\":\"Sobre os 5 desco\u00f1ecidos soterrados en Cabreira -\",\"isPartOf\":{\"@id\":\"https:\\\/\\\/www.anovapeneira.gal\\\/#website\"},\"primaryImageOfPage\":{\"@id\":\"https:\\\/\\\/www.anovapeneira.gal\\\/index.php\\\/2024\\\/02\\\/05\\\/sobre-os-5-desconecidos-soterrados-en-cabreira\\\/#primaryimage\"},\"image\":{\"@id\":\"https:\\\/\\\/www.anovapeneira.gal\\\/index.php\\\/2024\\\/02\\\/05\\\/sobre-os-5-desconecidos-soterrados-en-cabreira\\\/#primaryimage\"},\"thumbnailUrl\":\"https:\\\/\\\/www.anovapeneira.gal\\\/wp-content\\\/uploads\\\/2024\\\/02\\\/flores.jpg\",\"datePublished\":\"2024-02-05T11:00:17+00:00\",\"dateModified\":\"2024-02-06T10:39:16+00:00\",\"description\":\"\u00c1ngel L\u00f3pez M\u00e9ndez, veci\u00f1o de Cabreira e membro da Xunta Directiva en representaci\u00f3n de Salvaterra na Comisi\u00f3n pola Recuperaci\u00f3n da Memoria Hist\u00f3rica do Baixo Mi\u00f1o, O Condado e A Louri\u00f1a\",\"breadcrumb\":{\"@id\":\"https:\\\/\\\/www.anovapeneira.gal\\\/index.php\\\/2024\\\/02\\\/05\\\/sobre-os-5-desconecidos-soterrados-en-cabreira\\\/#breadcrumb\"},\"inLanguage\":\"gl-ES\",\"potentialAction\":[{\"@type\":\"ReadAction\",\"target\":[\"https:\\\/\\\/www.anovapeneira.gal\\\/index.php\\\/2024\\\/02\\\/05\\\/sobre-os-5-desconecidos-soterrados-en-cabreira\\\/\"]}]},{\"@type\":\"ImageObject\",\"inLanguage\":\"gl-ES\",\"@id\":\"https:\\\/\\\/www.anovapeneira.gal\\\/index.php\\\/2024\\\/02\\\/05\\\/sobre-os-5-desconecidos-soterrados-en-cabreira\\\/#primaryimage\",\"url\":\"https:\\\/\\\/www.anovapeneira.gal\\\/wp-content\\\/uploads\\\/2024\\\/02\\\/flores.jpg\",\"contentUrl\":\"https:\\\/\\\/www.anovapeneira.gal\\\/wp-content\\\/uploads\\\/2024\\\/02\\\/flores.jpg\",\"width\":700,\"height\":522},{\"@type\":\"BreadcrumbList\",\"@id\":\"https:\\\/\\\/www.anovapeneira.gal\\\/index.php\\\/2024\\\/02\\\/05\\\/sobre-os-5-desconecidos-soterrados-en-cabreira\\\/#breadcrumb\",\"itemListElement\":[{\"@type\":\"ListItem\",\"position\":1,\"name\":\"Portada\",\"item\":\"https:\\\/\\\/www.anovapeneira.gal\\\/\"},{\"@type\":\"ListItem\",\"position\":2,\"name\":\"Sobre os 5 desco\u00f1ecidos soterrados en Cabreira\"}]},{\"@type\":\"WebSite\",\"@id\":\"https:\\\/\\\/www.anovapeneira.gal\\\/#website\",\"url\":\"https:\\\/\\\/www.anovapeneira.gal\\\/\",\"name\":\"\",\"description\":\"Xornal galego de informaci\u00f3n xeral Publicaci\u00f3n mensual de novas de Galicia e en especial dos Concellos da sur da provincia de Pontevedra.\",\"publisher\":{\"@id\":\"https:\\\/\\\/www.anovapeneira.gal\\\/#organization\"},\"potentialAction\":[{\"@type\":\"SearchAction\",\"target\":{\"@type\":\"EntryPoint\",\"urlTemplate\":\"https:\\\/\\\/www.anovapeneira.gal\\\/?s={search_term_string}\"},\"query-input\":{\"@type\":\"PropertyValueSpecification\",\"valueRequired\":true,\"valueName\":\"search_term_string\"}}],\"inLanguage\":\"gl-ES\"},{\"@type\":\"Organization\",\"@id\":\"https:\\\/\\\/www.anovapeneira.gal\\\/#organization\",\"name\":\"A Nova Peneira\",\"url\":\"https:\\\/\\\/www.anovapeneira.gal\\\/\",\"logo\":{\"@type\":\"ImageObject\",\"inLanguage\":\"gl-ES\",\"@id\":\"https:\\\/\\\/www.anovapeneira.gal\\\/#\\\/schema\\\/logo\\\/image\\\/\",\"url\":\"http:\\\/\\\/www.anovapeneira.gal\\\/wp-content\\\/uploads\\\/2019\\\/06\\\/logo_a_nova_peneira_portal_web.png\",\"contentUrl\":\"http:\\\/\\\/www.anovapeneira.gal\\\/wp-content\\\/uploads\\\/2019\\\/06\\\/logo_a_nova_peneira_portal_web.png\",\"width\":300,\"height\":100,\"caption\":\"A Nova Peneira\"},\"image\":{\"@id\":\"https:\\\/\\\/www.anovapeneira.gal\\\/#\\\/schema\\\/logo\\\/image\\\/\"},\"sameAs\":[\"https:\\\/\\\/www.facebook.com\\\/anovapeneira\",\"https:\\\/\\\/x.com\\\/APeneira\"]},{\"@type\":\"Person\",\"@id\":\"https:\\\/\\\/www.anovapeneira.gal\\\/#\\\/schema\\\/person\\\/f18a4feb302e8f20bcef4490b5b60bb3\",\"name\":\"Artigos Opini\u00f3n\",\"image\":{\"@type\":\"ImageObject\",\"inLanguage\":\"gl-ES\",\"@id\":\"https:\\\/\\\/secure.gravatar.com\\\/avatar\\\/072844300f4881150aee2da4278f7a65d16eefdf8262eb67085f1e702de2b959?s=96&d=mm&r=g\",\"url\":\"https:\\\/\\\/secure.gravatar.com\\\/avatar\\\/072844300f4881150aee2da4278f7a65d16eefdf8262eb67085f1e702de2b959?s=96&d=mm&r=g\",\"contentUrl\":\"https:\\\/\\\/secure.gravatar.com\\\/avatar\\\/072844300f4881150aee2da4278f7a65d16eefdf8262eb67085f1e702de2b959?s=96&d=mm&r=g\",\"caption\":\"Artigos Opini\u00f3n\"},\"sameAs\":[\"http:\\\/\\\/anovapeneira.gal\"],\"url\":\"https:\\\/\\\/www.anovapeneira.gal\\\/index.php\\\/author\\\/artigosopinion\\\/\"}]}<\/script>\n<!-- \/ Yoast SEO plugin. -->","yoast_head_json":{"title":"Sobre os 5 desco\u00f1ecidos soterrados en Cabreira -","description":"\u00c1ngel L\u00f3pez M\u00e9ndez, veci\u00f1o de Cabreira e membro da Xunta Directiva en representaci\u00f3n de Salvaterra na Comisi\u00f3n pola Recuperaci\u00f3n da Memoria Hist\u00f3rica do Baixo Mi\u00f1o, O Condado e A Louri\u00f1a","robots":{"index":"index","follow":"follow","max-snippet":"max-snippet:-1","max-image-preview":"max-image-preview:large","max-video-preview":"max-video-preview:-1"},"canonical":"https:\/\/www.anovapeneira.gal\/index.php\/2024\/02\/05\/sobre-os-5-desconecidos-soterrados-en-cabreira\/","og_locale":"gl_ES","og_type":"article","og_title":"Sobre os 5 desco\u00f1ecidos soterrados en Cabreira -","og_description":"\u00c1ngel L\u00f3pez M\u00e9ndez, veci\u00f1o de Cabreira e membro da Xunta Directiva en representaci\u00f3n de Salvaterra na Comisi\u00f3n pola Recuperaci\u00f3n da Memoria Hist\u00f3rica do Baixo Mi\u00f1o, O Condado e A Louri\u00f1a","og_url":"https:\/\/www.anovapeneira.gal\/index.php\/2024\/02\/05\/sobre-os-5-desconecidos-soterrados-en-cabreira\/","article_publisher":"https:\/\/www.facebook.com\/anovapeneira","article_published_time":"2024-02-05T11:00:17+00:00","article_modified_time":"2024-02-06T10:39:16+00:00","og_image":[{"width":700,"height":522,"url":"https:\/\/www.anovapeneira.gal\/wp-content\/uploads\/2024\/02\/flores.jpg","type":"image\/jpeg"}],"author":"Artigos Opini\u00f3n","twitter_card":"summary_large_image","twitter_image":"https:\/\/www.anovapeneira.gal\/wp-content\/uploads\/2024\/02\/flores.jpg","twitter_creator":"@APeneira","twitter_site":"@APeneira","twitter_misc":{"Escrito por":"Artigos Opini\u00f3n","Tempo de lectura":"7 minutos"},"schema":{"@context":"https:\/\/schema.org","@graph":[{"@type":"Article","@id":"https:\/\/www.anovapeneira.gal\/index.php\/2024\/02\/05\/sobre-os-5-desconecidos-soterrados-en-cabreira\/#article","isPartOf":{"@id":"https:\/\/www.anovapeneira.gal\/index.php\/2024\/02\/05\/sobre-os-5-desconecidos-soterrados-en-cabreira\/"},"author":{"name":"Artigos Opini\u00f3n","@id":"https:\/\/www.anovapeneira.gal\/#\/schema\/person\/f18a4feb302e8f20bcef4490b5b60bb3"},"headline":"Sobre os 5 desco\u00f1ecidos soterrados en Cabreira","datePublished":"2024-02-05T11:00:17+00:00","dateModified":"2024-02-06T10:39:16+00:00","mainEntityOfPage":{"@id":"https:\/\/www.anovapeneira.gal\/index.php\/2024\/02\/05\/sobre-os-5-desconecidos-soterrados-en-cabreira\/"},"wordCount":1263,"commentCount":0,"publisher":{"@id":"https:\/\/www.anovapeneira.gal\/#organization"},"image":{"@id":"https:\/\/www.anovapeneira.gal\/index.php\/2024\/02\/05\/sobre-os-5-desconecidos-soterrados-en-cabreira\/#primaryimage"},"thumbnailUrl":"https:\/\/www.anovapeneira.gal\/wp-content\/uploads\/2024\/02\/flores.jpg","articleSection":["Artigos de opini\u00f3n"],"inLanguage":"gl-ES","potentialAction":[{"@type":"CommentAction","name":"Comment","target":["https:\/\/www.anovapeneira.gal\/index.php\/2024\/02\/05\/sobre-os-5-desconecidos-soterrados-en-cabreira\/#respond"]}]},{"@type":"WebPage","@id":"https:\/\/www.anovapeneira.gal\/index.php\/2024\/02\/05\/sobre-os-5-desconecidos-soterrados-en-cabreira\/","url":"https:\/\/www.anovapeneira.gal\/index.php\/2024\/02\/05\/sobre-os-5-desconecidos-soterrados-en-cabreira\/","name":"Sobre os 5 desco\u00f1ecidos soterrados en Cabreira -","isPartOf":{"@id":"https:\/\/www.anovapeneira.gal\/#website"},"primaryImageOfPage":{"@id":"https:\/\/www.anovapeneira.gal\/index.php\/2024\/02\/05\/sobre-os-5-desconecidos-soterrados-en-cabreira\/#primaryimage"},"image":{"@id":"https:\/\/www.anovapeneira.gal\/index.php\/2024\/02\/05\/sobre-os-5-desconecidos-soterrados-en-cabreira\/#primaryimage"},"thumbnailUrl":"https:\/\/www.anovapeneira.gal\/wp-content\/uploads\/2024\/02\/flores.jpg","datePublished":"2024-02-05T11:00:17+00:00","dateModified":"2024-02-06T10:39:16+00:00","description":"\u00c1ngel L\u00f3pez M\u00e9ndez, veci\u00f1o de Cabreira e membro da Xunta Directiva en representaci\u00f3n de Salvaterra na Comisi\u00f3n pola Recuperaci\u00f3n da Memoria Hist\u00f3rica do Baixo Mi\u00f1o, O Condado e A Louri\u00f1a","breadcrumb":{"@id":"https:\/\/www.anovapeneira.gal\/index.php\/2024\/02\/05\/sobre-os-5-desconecidos-soterrados-en-cabreira\/#breadcrumb"},"inLanguage":"gl-ES","potentialAction":[{"@type":"ReadAction","target":["https:\/\/www.anovapeneira.gal\/index.php\/2024\/02\/05\/sobre-os-5-desconecidos-soterrados-en-cabreira\/"]}]},{"@type":"ImageObject","inLanguage":"gl-ES","@id":"https:\/\/www.anovapeneira.gal\/index.php\/2024\/02\/05\/sobre-os-5-desconecidos-soterrados-en-cabreira\/#primaryimage","url":"https:\/\/www.anovapeneira.gal\/wp-content\/uploads\/2024\/02\/flores.jpg","contentUrl":"https:\/\/www.anovapeneira.gal\/wp-content\/uploads\/2024\/02\/flores.jpg","width":700,"height":522},{"@type":"BreadcrumbList","@id":"https:\/\/www.anovapeneira.gal\/index.php\/2024\/02\/05\/sobre-os-5-desconecidos-soterrados-en-cabreira\/#breadcrumb","itemListElement":[{"@type":"ListItem","position":1,"name":"Portada","item":"https:\/\/www.anovapeneira.gal\/"},{"@type":"ListItem","position":2,"name":"Sobre os 5 desco\u00f1ecidos soterrados en Cabreira"}]},{"@type":"WebSite","@id":"https:\/\/www.anovapeneira.gal\/#website","url":"https:\/\/www.anovapeneira.gal\/","name":"","description":"Xornal galego de informaci\u00f3n xeral Publicaci\u00f3n mensual de novas de Galicia e en especial dos Concellos da sur da provincia de Pontevedra.","publisher":{"@id":"https:\/\/www.anovapeneira.gal\/#organization"},"potentialAction":[{"@type":"SearchAction","target":{"@type":"EntryPoint","urlTemplate":"https:\/\/www.anovapeneira.gal\/?s={search_term_string}"},"query-input":{"@type":"PropertyValueSpecification","valueRequired":true,"valueName":"search_term_string"}}],"inLanguage":"gl-ES"},{"@type":"Organization","@id":"https:\/\/www.anovapeneira.gal\/#organization","name":"A Nova Peneira","url":"https:\/\/www.anovapeneira.gal\/","logo":{"@type":"ImageObject","inLanguage":"gl-ES","@id":"https:\/\/www.anovapeneira.gal\/#\/schema\/logo\/image\/","url":"http:\/\/www.anovapeneira.gal\/wp-content\/uploads\/2019\/06\/logo_a_nova_peneira_portal_web.png","contentUrl":"http:\/\/www.anovapeneira.gal\/wp-content\/uploads\/2019\/06\/logo_a_nova_peneira_portal_web.png","width":300,"height":100,"caption":"A Nova Peneira"},"image":{"@id":"https:\/\/www.anovapeneira.gal\/#\/schema\/logo\/image\/"},"sameAs":["https:\/\/www.facebook.com\/anovapeneira","https:\/\/x.com\/APeneira"]},{"@type":"Person","@id":"https:\/\/www.anovapeneira.gal\/#\/schema\/person\/f18a4feb302e8f20bcef4490b5b60bb3","name":"Artigos Opini\u00f3n","image":{"@type":"ImageObject","inLanguage":"gl-ES","@id":"https:\/\/secure.gravatar.com\/avatar\/072844300f4881150aee2da4278f7a65d16eefdf8262eb67085f1e702de2b959?s=96&d=mm&r=g","url":"https:\/\/secure.gravatar.com\/avatar\/072844300f4881150aee2da4278f7a65d16eefdf8262eb67085f1e702de2b959?s=96&d=mm&r=g","contentUrl":"https:\/\/secure.gravatar.com\/avatar\/072844300f4881150aee2da4278f7a65d16eefdf8262eb67085f1e702de2b959?s=96&d=mm&r=g","caption":"Artigos Opini\u00f3n"},"sameAs":["http:\/\/anovapeneira.gal"],"url":"https:\/\/www.anovapeneira.gal\/index.php\/author\/artigosopinion\/"}]}},"jetpack_featured_media_url":"https:\/\/www.anovapeneira.gal\/wp-content\/uploads\/2024\/02\/flores.jpg","_links":{"self":[{"href":"https:\/\/www.anovapeneira.gal\/index.php\/wp-json\/wp\/v2\/posts\/11185","targetHints":{"allow":["GET"]}}],"collection":[{"href":"https:\/\/www.anovapeneira.gal\/index.php\/wp-json\/wp\/v2\/posts"}],"about":[{"href":"https:\/\/www.anovapeneira.gal\/index.php\/wp-json\/wp\/v2\/types\/post"}],"author":[{"embeddable":true,"href":"https:\/\/www.anovapeneira.gal\/index.php\/wp-json\/wp\/v2\/users\/12"}],"replies":[{"embeddable":true,"href":"https:\/\/www.anovapeneira.gal\/index.php\/wp-json\/wp\/v2\/comments?post=11185"}],"version-history":[{"count":2,"href":"https:\/\/www.anovapeneira.gal\/index.php\/wp-json\/wp\/v2\/posts\/11185\/revisions"}],"predecessor-version":[{"id":11213,"href":"https:\/\/www.anovapeneira.gal\/index.php\/wp-json\/wp\/v2\/posts\/11185\/revisions\/11213"}],"wp:featuredmedia":[{"embeddable":true,"href":"https:\/\/www.anovapeneira.gal\/index.php\/wp-json\/wp\/v2\/media\/11186"}],"wp:attachment":[{"href":"https:\/\/www.anovapeneira.gal\/index.php\/wp-json\/wp\/v2\/media?parent=11185"}],"wp:term":[{"taxonomy":"category","embeddable":true,"href":"https:\/\/www.anovapeneira.gal\/index.php\/wp-json\/wp\/v2\/categories?post=11185"},{"taxonomy":"post_tag","embeddable":true,"href":"https:\/\/www.anovapeneira.gal\/index.php\/wp-json\/wp\/v2\/tags?post=11185"}],"curies":[{"name":"wp","href":"https:\/\/api.w.org\/{rel}","templated":true}]}}