{"id":11194,"date":"2024-02-06T10:00:36","date_gmt":"2024-02-06T09:00:36","guid":{"rendered":"https:\/\/www.anovapeneira.gal\/?p=11194"},"modified":"2024-02-06T20:37:34","modified_gmt":"2024-02-06T19:37:34","slug":"teatro-musica-e-cinema-centran-a-programacion-teatral-de-febreiro-e-marzo-en-tui","status":"publish","type":"post","link":"https:\/\/www.anovapeneira.gal\/index.php\/2024\/02\/06\/teatro-musica-e-cinema-centran-a-programacion-teatral-de-febreiro-e-marzo-en-tui\/","title":{"rendered":"Teatro, m\u00fasica e cinema centran a programaci\u00f3n teatral de febreiro e marzo en Tui"},"content":{"rendered":"\n<h2 class=\"wp-block-heading\">O Teatro Municipal acoller\u00e1 os venres os seis espect\u00e1culos previstos. As entradas est\u00e1n xa \u00e1 venda en tui.gal<\/h2>\n\n\n\n<p><strong>Tui, venres, 26 de xaneiro de 2024.<\/strong><\/p>\n\n\n\n<p>Contraproducci\u00f3ns, Rilo e Penadique, Roi Borrallas, Gramola Gominola e Con de tres p\u00e9s actuar\u00e1n no Teatro Municipal de Tui nos meses de febreiro e marzo. As funci\u00f3ns ter\u00e1n lugar cada venres e incl\u00faen tam\u00e9n a proxecci\u00f3n de \u201cO corno\u201d de Jaione Camborda.<\/p>\n\n\n\n<p>Esta nova programaci\u00f3n est\u00e1 formada por un total de seis espect\u00e1culo dirixidos tanto a p\u00fablico adulto coma familiar. As entradas est\u00e1n xa \u00e1 venda a trav\u00e9s de tui.gal e poder\u00e1n adquirirse at\u00e9 10 minutos antes do inicio da cada funci\u00f3n.<\/p>\n\n\n\n<p>O alcalde de Tui, Enrique Cabaleiro, reafirma o compromiso do Concello de Tui coa cultura mantendo a aposta por unha programaci\u00f3n estable e de calidade que atrae a miles de persoas anualmente, tanto de Tui coma de municipios lim\u00edtrofes e do norte de Portugal.<\/p>\n\n\n\n<p>A concelleira de Cultura, Sonsoles Vicente, destaca que esta proposta cultural que abre a programaci\u00f3n de 2024 neste espazo esc\u00e9nico vai dirixida a todos os p\u00fablicos dende beb\u00e9s a adultos, cun abano diverso de propostas teatrais, de clown, m\u00fasica e cinema.<\/p>\n\n\n\n<p>A compa\u00f1\u00eda Contraproduci\u00f3ns ser\u00e1 a encargada de abrir esta nova programaci\u00f3n o pr\u00f3ximo <strong>venres, 2 de febreiro<\/strong>, \u00e1s 21 h con \u201c<strong>Entrega na man<\/strong>\u201d. A obra escrita por Martin McDonagh est\u00e1 adaptada e dirixida por C\u00e1ndido Paz\u00f3. Evaristo Calvo, Santi Romau, Mar\u00eda Roja e Diogo Sales protagonizan esta comedia, cunha duraci\u00f3n de 90 minutos, na que unha parella tenta enganar a un home que perdeu a s\u00faa man hai 27 anos e ofrece unha recompensa por recuperala. As entradas te\u00f1en un prezo de 10\u20ac e 7,5\u20ac.<\/p>\n\n\n\n<p>O <strong>venres, 9 de febreiro<\/strong>, haber\u00e1 d\u00faas funci\u00f3ns de \u201c<strong>Triscus Beliscus<\/strong>\u201d \u00e1s 17.30 h e \u00e1s 19 h, cun aforo limitado a 100 espectadores por funci\u00f3n. Vero Rilo e Sonsoles Penadique levan a escena este espect\u00e1culo de narraci\u00f3n oral e m\u00fasica dirixido a familias con nenos e nenas de 1 a 3 anos. Baixo a direcci\u00f3n de Ver\u00f3nica Mart\u00ednez levan a escena esta obra, cunha duraci\u00f3n de 35 minutos, xogando, contando, cantando e bailando. As entradas te\u00f1en un prezo de 5\u20ac e 3,5\u20ac.<\/p>\n\n\n\n<p><strong>Roi Borrallas<\/strong> presentar\u00e1 o <strong>venres, 16 de febreiro<\/strong>, \u00e1s 19 h \u201cS\u00f3lo\u201d un espect\u00e1culo que recibiu o Premio Feten 2023 \u00e1 Mellor Interpretaci\u00f3n Masculina e o Premio Zirk\u00f3lina 2022 ao mellor Espect\u00e1culo de Pallasos\/as. Dirixido a p\u00fablico a partir dos 5 anos, e cunha duraci\u00f3n de 45 minutos, poderemos co\u00f1ecer coma \u00e9 un pallaso cando ningu\u00e9n o ve. As entradas p\u00f3dense adquirir xa en tui.gal a 5\u20ac e 3,5\u20ac.<\/p>\n\n\n\n<p>A m\u00fasica abrir\u00e1 a programaci\u00f3n de marzo, o <strong>venres 1<\/strong> \u00e1s 19 h, co concerto \u201cAs que m\u00e1is molan da Gramola\u201d no que Paco Cerdeira, Paula Romero, Anxelo de Xermar e Rodrigo M\u00fa\u00f1oz, <strong>A Gramola Gominola<\/strong>, interpretar\u00e1n unha selecci\u00f3n das mellores canci\u00f3ns rockeiras da s\u00faa carreira. As entradas est\u00e1n \u00e1 venda aos prezos de 5\u20ac e 3,5\u20ac.<\/p>\n\n\n\n<p>A proxecci\u00f3n de \u201c<strong>O Corno\u201d de Jaione Camborda<\/strong> ser\u00e1 a cita do <strong>venres, 8 de marzo<\/strong>, \u00e1s 21 h. O filme protagonizado por Janet Nov\u00e1s, Siobhan Fern\u00e1ndes, Carla Rivas, Daniela Hern\u00e1n Marcha\u00e1n, Mar\u00eda Lado, Julia G\u00f3mez, Jos\u00e9 Navarro, Nuria Lesteg\u00e1s e Diego Anido recibiu a Concha de Ouro \u00e1 Mellor Pel\u00edcula no Festival de San Sebasti\u00e1n o ano pasado. Conta a historia de Mar\u00eda, que tras un suceso inesperado fuxe do seu fogar na Illa de Arousa, cruzando a fronteira por unha das rutas de contrabandistas entre Galicia e Portugal. As entradas p\u00f3dense adquirir aos prezos de 6\u20ac e de 4,5\u20ac.<\/p>\n\n\n\n<p>Pecharase esta programaci\u00f3n o <strong>venres, 15 de marzo<\/strong>, \u00e1s 21 h Con de tres P\u00e9s coa representaci\u00f3n de \u201cS\u00edbaris\u201d. Carlos Blanco, Bel\u00e9n Constenla, Oswaldo Dig\u00f3n e Pablo Novoa levan a escena a obra teatral p\u00f3stuma de Domingo Villar. Un escritor, V\u00edctor Morel, est\u00e1 nun bloqueo creativo que afecta a s\u00faa situaci\u00f3n econ\u00f3mica. A piques de tocar fondo a s\u00faa muller atopa unha sa\u00edda. A entradas p\u00f3dense adquirir aos prezos de 12\u20ac e 9\u20ac.<\/p>\n","protected":false},"excerpt":{"rendered":"<div class=\"mh-excerpt\"><p>O Teatro Municipal acoller\u00e1 os venres os seis espect\u00e1culos previstos. As entradas est\u00e1n xa \u00e1 venda en tui.gal <a class=\"mh-excerpt-more\" href=\"https:\/\/www.anovapeneira.gal\/index.php\/2024\/02\/06\/teatro-musica-e-cinema-centran-a-programacion-teatral-de-febreiro-e-marzo-en-tui\/\" title=\"Teatro, m\u00fasica e cinema centran a programaci\u00f3n teatral de febreiro e marzo en Tui\">[&#8230;]<\/a><\/p>\n<\/div>","protected":false},"author":3,"featured_media":11196,"comment_status":"open","ping_status":"open","sticky":false,"template":"","format":"standard","meta":{"_exactmetrics_skip_tracking":false,"_exactmetrics_sitenote_active":false,"_exactmetrics_sitenote_note":"","_exactmetrics_sitenote_category":0,"footnotes":""},"categories":[21],"tags":[426],"class_list":{"0":"post-11194","1":"post","2":"type-post","3":"status-publish","4":"format-standard","5":"has-post-thumbnail","7":"category-baixo-mino","8":"tag-concello-de-tui"},"yoast_head":"<!-- This site is optimized with the Yoast SEO plugin v27.4 - https:\/\/yoast.com\/product\/yoast-seo-wordpress\/ -->\n<title>Teatro, m\u00fasica e cinema centran a programaci\u00f3n teatral de febreiro e marzo en Tui -<\/title>\n<meta name=\"description\" content=\"O Teatro Municipal acoller\u00e1 os venres os seis espect\u00e1culos previstos. As entradas est\u00e1n xa \u00e1 venda en tui.gal\" \/>\n<meta name=\"robots\" content=\"index, follow, max-snippet:-1, max-image-preview:large, max-video-preview:-1\" \/>\n<link rel=\"canonical\" href=\"https:\/\/www.anovapeneira.gal\/index.php\/2024\/02\/06\/teatro-musica-e-cinema-centran-a-programacion-teatral-de-febreiro-e-marzo-en-tui\/\" \/>\n<meta property=\"og:locale\" content=\"gl_ES\" \/>\n<meta property=\"og:type\" content=\"article\" \/>\n<meta property=\"og:title\" content=\"Teatro, m\u00fasica e cinema centran a programaci\u00f3n teatral de febreiro e marzo en Tui -\" \/>\n<meta property=\"og:description\" content=\"O Teatro Municipal acoller\u00e1 os venres os seis espect\u00e1culos previstos. As entradas est\u00e1n xa \u00e1 venda en tui.gal\" \/>\n<meta property=\"og:url\" content=\"https:\/\/www.anovapeneira.gal\/index.php\/2024\/02\/06\/teatro-musica-e-cinema-centran-a-programacion-teatral-de-febreiro-e-marzo-en-tui\/\" \/>\n<meta property=\"article:publisher\" content=\"https:\/\/www.facebook.com\/anovapeneira\" \/>\n<meta property=\"article:published_time\" content=\"2024-02-06T09:00:36+00:00\" \/>\n<meta property=\"article:modified_time\" content=\"2024-02-06T19:37:34+00:00\" \/>\n<meta property=\"og:image\" content=\"https:\/\/www.anovapeneira.gal\/wp-content\/uploads\/2024\/02\/teatro_tui.jpg\" \/>\n\t<meta property=\"og:image:width\" content=\"720\" \/>\n\t<meta property=\"og:image:height\" content=\"432\" \/>\n\t<meta property=\"og:image:type\" content=\"image\/jpeg\" \/>\n<meta name=\"author\" content=\"Redacci\u00f3n A Nova Peneira\" \/>\n<meta name=\"twitter:card\" content=\"summary_large_image\" \/>\n<meta name=\"twitter:creator\" content=\"@APeneira\" \/>\n<meta name=\"twitter:site\" content=\"@APeneira\" \/>\n<meta name=\"twitter:label1\" content=\"Escrito por\" \/>\n\t<meta name=\"twitter:data1\" content=\"Redacci\u00f3n A Nova Peneira\" \/>\n\t<meta name=\"twitter:label2\" content=\"Tempo de lectura\" \/>\n\t<meta name=\"twitter:data2\" content=\"4 minutos\" \/>\n<script type=\"application\/ld+json\" class=\"yoast-schema-graph\">{\"@context\":\"https:\\\/\\\/schema.org\",\"@graph\":[{\"@type\":\"Article\",\"@id\":\"https:\\\/\\\/www.anovapeneira.gal\\\/index.php\\\/2024\\\/02\\\/06\\\/teatro-musica-e-cinema-centran-a-programacion-teatral-de-febreiro-e-marzo-en-tui\\\/#article\",\"isPartOf\":{\"@id\":\"https:\\\/\\\/www.anovapeneira.gal\\\/index.php\\\/2024\\\/02\\\/06\\\/teatro-musica-e-cinema-centran-a-programacion-teatral-de-febreiro-e-marzo-en-tui\\\/\"},\"author\":{\"name\":\"Redacci\u00f3n A Nova Peneira\",\"@id\":\"https:\\\/\\\/www.anovapeneira.gal\\\/#\\\/schema\\\/person\\\/b93e3f8932e3f8da96334607eb6ac6aa\"},\"headline\":\"Teatro, m\u00fasica e cinema centran a programaci\u00f3n teatral de febreiro e marzo en Tui\",\"datePublished\":\"2024-02-06T09:00:36+00:00\",\"dateModified\":\"2024-02-06T19:37:34+00:00\",\"mainEntityOfPage\":{\"@id\":\"https:\\\/\\\/www.anovapeneira.gal\\\/index.php\\\/2024\\\/02\\\/06\\\/teatro-musica-e-cinema-centran-a-programacion-teatral-de-febreiro-e-marzo-en-tui\\\/\"},\"wordCount\":725,\"commentCount\":0,\"publisher\":{\"@id\":\"https:\\\/\\\/www.anovapeneira.gal\\\/#organization\"},\"image\":{\"@id\":\"https:\\\/\\\/www.anovapeneira.gal\\\/index.php\\\/2024\\\/02\\\/06\\\/teatro-musica-e-cinema-centran-a-programacion-teatral-de-febreiro-e-marzo-en-tui\\\/#primaryimage\"},\"thumbnailUrl\":\"https:\\\/\\\/www.anovapeneira.gal\\\/wp-content\\\/uploads\\\/2024\\\/02\\\/teatro_tui.jpg\",\"keywords\":[\"Concello de Tui\"],\"articleSection\":[\"Baixo Mi\u00f1o\"],\"inLanguage\":\"gl-ES\",\"potentialAction\":[{\"@type\":\"CommentAction\",\"name\":\"Comment\",\"target\":[\"https:\\\/\\\/www.anovapeneira.gal\\\/index.php\\\/2024\\\/02\\\/06\\\/teatro-musica-e-cinema-centran-a-programacion-teatral-de-febreiro-e-marzo-en-tui\\\/#respond\"]}]},{\"@type\":\"WebPage\",\"@id\":\"https:\\\/\\\/www.anovapeneira.gal\\\/index.php\\\/2024\\\/02\\\/06\\\/teatro-musica-e-cinema-centran-a-programacion-teatral-de-febreiro-e-marzo-en-tui\\\/\",\"url\":\"https:\\\/\\\/www.anovapeneira.gal\\\/index.php\\\/2024\\\/02\\\/06\\\/teatro-musica-e-cinema-centran-a-programacion-teatral-de-febreiro-e-marzo-en-tui\\\/\",\"name\":\"Teatro, m\u00fasica e cinema centran a programaci\u00f3n teatral de febreiro e marzo en Tui -\",\"isPartOf\":{\"@id\":\"https:\\\/\\\/www.anovapeneira.gal\\\/#website\"},\"primaryImageOfPage\":{\"@id\":\"https:\\\/\\\/www.anovapeneira.gal\\\/index.php\\\/2024\\\/02\\\/06\\\/teatro-musica-e-cinema-centran-a-programacion-teatral-de-febreiro-e-marzo-en-tui\\\/#primaryimage\"},\"image\":{\"@id\":\"https:\\\/\\\/www.anovapeneira.gal\\\/index.php\\\/2024\\\/02\\\/06\\\/teatro-musica-e-cinema-centran-a-programacion-teatral-de-febreiro-e-marzo-en-tui\\\/#primaryimage\"},\"thumbnailUrl\":\"https:\\\/\\\/www.anovapeneira.gal\\\/wp-content\\\/uploads\\\/2024\\\/02\\\/teatro_tui.jpg\",\"datePublished\":\"2024-02-06T09:00:36+00:00\",\"dateModified\":\"2024-02-06T19:37:34+00:00\",\"description\":\"O Teatro Municipal acoller\u00e1 os venres os seis espect\u00e1culos previstos. As entradas est\u00e1n xa \u00e1 venda en tui.gal\",\"breadcrumb\":{\"@id\":\"https:\\\/\\\/www.anovapeneira.gal\\\/index.php\\\/2024\\\/02\\\/06\\\/teatro-musica-e-cinema-centran-a-programacion-teatral-de-febreiro-e-marzo-en-tui\\\/#breadcrumb\"},\"inLanguage\":\"gl-ES\",\"potentialAction\":[{\"@type\":\"ReadAction\",\"target\":[\"https:\\\/\\\/www.anovapeneira.gal\\\/index.php\\\/2024\\\/02\\\/06\\\/teatro-musica-e-cinema-centran-a-programacion-teatral-de-febreiro-e-marzo-en-tui\\\/\"]}]},{\"@type\":\"ImageObject\",\"inLanguage\":\"gl-ES\",\"@id\":\"https:\\\/\\\/www.anovapeneira.gal\\\/index.php\\\/2024\\\/02\\\/06\\\/teatro-musica-e-cinema-centran-a-programacion-teatral-de-febreiro-e-marzo-en-tui\\\/#primaryimage\",\"url\":\"https:\\\/\\\/www.anovapeneira.gal\\\/wp-content\\\/uploads\\\/2024\\\/02\\\/teatro_tui.jpg\",\"contentUrl\":\"https:\\\/\\\/www.anovapeneira.gal\\\/wp-content\\\/uploads\\\/2024\\\/02\\\/teatro_tui.jpg\",\"width\":720,\"height\":432,\"caption\":\"Teatro Tui\"},{\"@type\":\"BreadcrumbList\",\"@id\":\"https:\\\/\\\/www.anovapeneira.gal\\\/index.php\\\/2024\\\/02\\\/06\\\/teatro-musica-e-cinema-centran-a-programacion-teatral-de-febreiro-e-marzo-en-tui\\\/#breadcrumb\",\"itemListElement\":[{\"@type\":\"ListItem\",\"position\":1,\"name\":\"Portada\",\"item\":\"https:\\\/\\\/www.anovapeneira.gal\\\/\"},{\"@type\":\"ListItem\",\"position\":2,\"name\":\"Teatro, m\u00fasica e cinema centran a programaci\u00f3n teatral de febreiro e marzo en Tui\"}]},{\"@type\":\"WebSite\",\"@id\":\"https:\\\/\\\/www.anovapeneira.gal\\\/#website\",\"url\":\"https:\\\/\\\/www.anovapeneira.gal\\\/\",\"name\":\"\",\"description\":\"Xornal galego de informaci\u00f3n xeral Publicaci\u00f3n mensual de novas de Galicia e en especial dos Concellos da sur da provincia de Pontevedra.\",\"publisher\":{\"@id\":\"https:\\\/\\\/www.anovapeneira.gal\\\/#organization\"},\"potentialAction\":[{\"@type\":\"SearchAction\",\"target\":{\"@type\":\"EntryPoint\",\"urlTemplate\":\"https:\\\/\\\/www.anovapeneira.gal\\\/?s={search_term_string}\"},\"query-input\":{\"@type\":\"PropertyValueSpecification\",\"valueRequired\":true,\"valueName\":\"search_term_string\"}}],\"inLanguage\":\"gl-ES\"},{\"@type\":\"Organization\",\"@id\":\"https:\\\/\\\/www.anovapeneira.gal\\\/#organization\",\"name\":\"A Nova Peneira\",\"url\":\"https:\\\/\\\/www.anovapeneira.gal\\\/\",\"logo\":{\"@type\":\"ImageObject\",\"inLanguage\":\"gl-ES\",\"@id\":\"https:\\\/\\\/www.anovapeneira.gal\\\/#\\\/schema\\\/logo\\\/image\\\/\",\"url\":\"http:\\\/\\\/www.anovapeneira.gal\\\/wp-content\\\/uploads\\\/2019\\\/06\\\/logo_a_nova_peneira_portal_web.png\",\"contentUrl\":\"http:\\\/\\\/www.anovapeneira.gal\\\/wp-content\\\/uploads\\\/2019\\\/06\\\/logo_a_nova_peneira_portal_web.png\",\"width\":300,\"height\":100,\"caption\":\"A Nova Peneira\"},\"image\":{\"@id\":\"https:\\\/\\\/www.anovapeneira.gal\\\/#\\\/schema\\\/logo\\\/image\\\/\"},\"sameAs\":[\"https:\\\/\\\/www.facebook.com\\\/anovapeneira\",\"https:\\\/\\\/x.com\\\/APeneira\"]},{\"@type\":\"Person\",\"@id\":\"https:\\\/\\\/www.anovapeneira.gal\\\/#\\\/schema\\\/person\\\/b93e3f8932e3f8da96334607eb6ac6aa\",\"name\":\"Redacci\u00f3n A Nova Peneira\",\"image\":{\"@type\":\"ImageObject\",\"inLanguage\":\"gl-ES\",\"@id\":\"https:\\\/\\\/secure.gravatar.com\\\/avatar\\\/c052a2551a06e23fac63626232eaa90abd78dbcf1700fc46a2b2c89fd27b735f?s=96&d=mm&r=g\",\"url\":\"https:\\\/\\\/secure.gravatar.com\\\/avatar\\\/c052a2551a06e23fac63626232eaa90abd78dbcf1700fc46a2b2c89fd27b735f?s=96&d=mm&r=g\",\"contentUrl\":\"https:\\\/\\\/secure.gravatar.com\\\/avatar\\\/c052a2551a06e23fac63626232eaa90abd78dbcf1700fc46a2b2c89fd27b735f?s=96&d=mm&r=g\",\"caption\":\"Redacci\u00f3n A Nova Peneira\"},\"sameAs\":[\"http:\\\/\\\/www.anovapeneira.gal\\\/\"],\"url\":\"https:\\\/\\\/www.anovapeneira.gal\\\/index.php\\\/author\\\/redactor\\\/\"}]}<\/script>\n<!-- \/ Yoast SEO plugin. -->","yoast_head_json":{"title":"Teatro, m\u00fasica e cinema centran a programaci\u00f3n teatral de febreiro e marzo en Tui -","description":"O Teatro Municipal acoller\u00e1 os venres os seis espect\u00e1culos previstos. As entradas est\u00e1n xa \u00e1 venda en tui.gal","robots":{"index":"index","follow":"follow","max-snippet":"max-snippet:-1","max-image-preview":"max-image-preview:large","max-video-preview":"max-video-preview:-1"},"canonical":"https:\/\/www.anovapeneira.gal\/index.php\/2024\/02\/06\/teatro-musica-e-cinema-centran-a-programacion-teatral-de-febreiro-e-marzo-en-tui\/","og_locale":"gl_ES","og_type":"article","og_title":"Teatro, m\u00fasica e cinema centran a programaci\u00f3n teatral de febreiro e marzo en Tui -","og_description":"O Teatro Municipal acoller\u00e1 os venres os seis espect\u00e1culos previstos. As entradas est\u00e1n xa \u00e1 venda en tui.gal","og_url":"https:\/\/www.anovapeneira.gal\/index.php\/2024\/02\/06\/teatro-musica-e-cinema-centran-a-programacion-teatral-de-febreiro-e-marzo-en-tui\/","article_publisher":"https:\/\/www.facebook.com\/anovapeneira","article_published_time":"2024-02-06T09:00:36+00:00","article_modified_time":"2024-02-06T19:37:34+00:00","og_image":[{"width":720,"height":432,"url":"https:\/\/www.anovapeneira.gal\/wp-content\/uploads\/2024\/02\/teatro_tui.jpg","type":"image\/jpeg"}],"author":"Redacci\u00f3n A Nova Peneira","twitter_card":"summary_large_image","twitter_creator":"@APeneira","twitter_site":"@APeneira","twitter_misc":{"Escrito por":"Redacci\u00f3n A Nova Peneira","Tempo de lectura":"4 minutos"},"schema":{"@context":"https:\/\/schema.org","@graph":[{"@type":"Article","@id":"https:\/\/www.anovapeneira.gal\/index.php\/2024\/02\/06\/teatro-musica-e-cinema-centran-a-programacion-teatral-de-febreiro-e-marzo-en-tui\/#article","isPartOf":{"@id":"https:\/\/www.anovapeneira.gal\/index.php\/2024\/02\/06\/teatro-musica-e-cinema-centran-a-programacion-teatral-de-febreiro-e-marzo-en-tui\/"},"author":{"name":"Redacci\u00f3n A Nova Peneira","@id":"https:\/\/www.anovapeneira.gal\/#\/schema\/person\/b93e3f8932e3f8da96334607eb6ac6aa"},"headline":"Teatro, m\u00fasica e cinema centran a programaci\u00f3n teatral de febreiro e marzo en Tui","datePublished":"2024-02-06T09:00:36+00:00","dateModified":"2024-02-06T19:37:34+00:00","mainEntityOfPage":{"@id":"https:\/\/www.anovapeneira.gal\/index.php\/2024\/02\/06\/teatro-musica-e-cinema-centran-a-programacion-teatral-de-febreiro-e-marzo-en-tui\/"},"wordCount":725,"commentCount":0,"publisher":{"@id":"https:\/\/www.anovapeneira.gal\/#organization"},"image":{"@id":"https:\/\/www.anovapeneira.gal\/index.php\/2024\/02\/06\/teatro-musica-e-cinema-centran-a-programacion-teatral-de-febreiro-e-marzo-en-tui\/#primaryimage"},"thumbnailUrl":"https:\/\/www.anovapeneira.gal\/wp-content\/uploads\/2024\/02\/teatro_tui.jpg","keywords":["Concello de Tui"],"articleSection":["Baixo Mi\u00f1o"],"inLanguage":"gl-ES","potentialAction":[{"@type":"CommentAction","name":"Comment","target":["https:\/\/www.anovapeneira.gal\/index.php\/2024\/02\/06\/teatro-musica-e-cinema-centran-a-programacion-teatral-de-febreiro-e-marzo-en-tui\/#respond"]}]},{"@type":"WebPage","@id":"https:\/\/www.anovapeneira.gal\/index.php\/2024\/02\/06\/teatro-musica-e-cinema-centran-a-programacion-teatral-de-febreiro-e-marzo-en-tui\/","url":"https:\/\/www.anovapeneira.gal\/index.php\/2024\/02\/06\/teatro-musica-e-cinema-centran-a-programacion-teatral-de-febreiro-e-marzo-en-tui\/","name":"Teatro, m\u00fasica e cinema centran a programaci\u00f3n teatral de febreiro e marzo en Tui -","isPartOf":{"@id":"https:\/\/www.anovapeneira.gal\/#website"},"primaryImageOfPage":{"@id":"https:\/\/www.anovapeneira.gal\/index.php\/2024\/02\/06\/teatro-musica-e-cinema-centran-a-programacion-teatral-de-febreiro-e-marzo-en-tui\/#primaryimage"},"image":{"@id":"https:\/\/www.anovapeneira.gal\/index.php\/2024\/02\/06\/teatro-musica-e-cinema-centran-a-programacion-teatral-de-febreiro-e-marzo-en-tui\/#primaryimage"},"thumbnailUrl":"https:\/\/www.anovapeneira.gal\/wp-content\/uploads\/2024\/02\/teatro_tui.jpg","datePublished":"2024-02-06T09:00:36+00:00","dateModified":"2024-02-06T19:37:34+00:00","description":"O Teatro Municipal acoller\u00e1 os venres os seis espect\u00e1culos previstos. As entradas est\u00e1n xa \u00e1 venda en tui.gal","breadcrumb":{"@id":"https:\/\/www.anovapeneira.gal\/index.php\/2024\/02\/06\/teatro-musica-e-cinema-centran-a-programacion-teatral-de-febreiro-e-marzo-en-tui\/#breadcrumb"},"inLanguage":"gl-ES","potentialAction":[{"@type":"ReadAction","target":["https:\/\/www.anovapeneira.gal\/index.php\/2024\/02\/06\/teatro-musica-e-cinema-centran-a-programacion-teatral-de-febreiro-e-marzo-en-tui\/"]}]},{"@type":"ImageObject","inLanguage":"gl-ES","@id":"https:\/\/www.anovapeneira.gal\/index.php\/2024\/02\/06\/teatro-musica-e-cinema-centran-a-programacion-teatral-de-febreiro-e-marzo-en-tui\/#primaryimage","url":"https:\/\/www.anovapeneira.gal\/wp-content\/uploads\/2024\/02\/teatro_tui.jpg","contentUrl":"https:\/\/www.anovapeneira.gal\/wp-content\/uploads\/2024\/02\/teatro_tui.jpg","width":720,"height":432,"caption":"Teatro Tui"},{"@type":"BreadcrumbList","@id":"https:\/\/www.anovapeneira.gal\/index.php\/2024\/02\/06\/teatro-musica-e-cinema-centran-a-programacion-teatral-de-febreiro-e-marzo-en-tui\/#breadcrumb","itemListElement":[{"@type":"ListItem","position":1,"name":"Portada","item":"https:\/\/www.anovapeneira.gal\/"},{"@type":"ListItem","position":2,"name":"Teatro, m\u00fasica e cinema centran a programaci\u00f3n teatral de febreiro e marzo en Tui"}]},{"@type":"WebSite","@id":"https:\/\/www.anovapeneira.gal\/#website","url":"https:\/\/www.anovapeneira.gal\/","name":"","description":"Xornal galego de informaci\u00f3n xeral Publicaci\u00f3n mensual de novas de Galicia e en especial dos Concellos da sur da provincia de Pontevedra.","publisher":{"@id":"https:\/\/www.anovapeneira.gal\/#organization"},"potentialAction":[{"@type":"SearchAction","target":{"@type":"EntryPoint","urlTemplate":"https:\/\/www.anovapeneira.gal\/?s={search_term_string}"},"query-input":{"@type":"PropertyValueSpecification","valueRequired":true,"valueName":"search_term_string"}}],"inLanguage":"gl-ES"},{"@type":"Organization","@id":"https:\/\/www.anovapeneira.gal\/#organization","name":"A Nova Peneira","url":"https:\/\/www.anovapeneira.gal\/","logo":{"@type":"ImageObject","inLanguage":"gl-ES","@id":"https:\/\/www.anovapeneira.gal\/#\/schema\/logo\/image\/","url":"http:\/\/www.anovapeneira.gal\/wp-content\/uploads\/2019\/06\/logo_a_nova_peneira_portal_web.png","contentUrl":"http:\/\/www.anovapeneira.gal\/wp-content\/uploads\/2019\/06\/logo_a_nova_peneira_portal_web.png","width":300,"height":100,"caption":"A Nova Peneira"},"image":{"@id":"https:\/\/www.anovapeneira.gal\/#\/schema\/logo\/image\/"},"sameAs":["https:\/\/www.facebook.com\/anovapeneira","https:\/\/x.com\/APeneira"]},{"@type":"Person","@id":"https:\/\/www.anovapeneira.gal\/#\/schema\/person\/b93e3f8932e3f8da96334607eb6ac6aa","name":"Redacci\u00f3n A Nova Peneira","image":{"@type":"ImageObject","inLanguage":"gl-ES","@id":"https:\/\/secure.gravatar.com\/avatar\/c052a2551a06e23fac63626232eaa90abd78dbcf1700fc46a2b2c89fd27b735f?s=96&d=mm&r=g","url":"https:\/\/secure.gravatar.com\/avatar\/c052a2551a06e23fac63626232eaa90abd78dbcf1700fc46a2b2c89fd27b735f?s=96&d=mm&r=g","contentUrl":"https:\/\/secure.gravatar.com\/avatar\/c052a2551a06e23fac63626232eaa90abd78dbcf1700fc46a2b2c89fd27b735f?s=96&d=mm&r=g","caption":"Redacci\u00f3n A Nova Peneira"},"sameAs":["http:\/\/www.anovapeneira.gal\/"],"url":"https:\/\/www.anovapeneira.gal\/index.php\/author\/redactor\/"}]}},"jetpack_featured_media_url":"https:\/\/www.anovapeneira.gal\/wp-content\/uploads\/2024\/02\/teatro_tui.jpg","_links":{"self":[{"href":"https:\/\/www.anovapeneira.gal\/index.php\/wp-json\/wp\/v2\/posts\/11194","targetHints":{"allow":["GET"]}}],"collection":[{"href":"https:\/\/www.anovapeneira.gal\/index.php\/wp-json\/wp\/v2\/posts"}],"about":[{"href":"https:\/\/www.anovapeneira.gal\/index.php\/wp-json\/wp\/v2\/types\/post"}],"author":[{"embeddable":true,"href":"https:\/\/www.anovapeneira.gal\/index.php\/wp-json\/wp\/v2\/users\/3"}],"replies":[{"embeddable":true,"href":"https:\/\/www.anovapeneira.gal\/index.php\/wp-json\/wp\/v2\/comments?post=11194"}],"version-history":[{"count":1,"href":"https:\/\/www.anovapeneira.gal\/index.php\/wp-json\/wp\/v2\/posts\/11194\/revisions"}],"predecessor-version":[{"id":11195,"href":"https:\/\/www.anovapeneira.gal\/index.php\/wp-json\/wp\/v2\/posts\/11194\/revisions\/11195"}],"wp:featuredmedia":[{"embeddable":true,"href":"https:\/\/www.anovapeneira.gal\/index.php\/wp-json\/wp\/v2\/media\/11196"}],"wp:attachment":[{"href":"https:\/\/www.anovapeneira.gal\/index.php\/wp-json\/wp\/v2\/media?parent=11194"}],"wp:term":[{"taxonomy":"category","embeddable":true,"href":"https:\/\/www.anovapeneira.gal\/index.php\/wp-json\/wp\/v2\/categories?post=11194"},{"taxonomy":"post_tag","embeddable":true,"href":"https:\/\/www.anovapeneira.gal\/index.php\/wp-json\/wp\/v2\/tags?post=11194"}],"curies":[{"name":"wp","href":"https:\/\/api.w.org\/{rel}","templated":true}]}}