{"id":1120,"date":"2019-08-29T14:00:28","date_gmt":"2019-08-29T12:00:28","guid":{"rendered":"http:\/\/www.anovapeneira.gal\/?p=1120"},"modified":"2019-08-25T16:47:41","modified_gmt":"2019-08-25T14:47:41","slug":"unha-comitiva-da-deputacion-pondera-a-excelencia-das-pista-e-modulo-de-atletismo-de-porrino","status":"publish","type":"post","link":"https:\/\/www.anovapeneira.gal\/index.php\/2019\/08\/29\/unha-comitiva-da-deputacion-pondera-a-excelencia-das-pista-e-modulo-de-atletismo-de-porrino\/","title":{"rendered":"Unha comitiva da Deputaci\u00f3n pondera a excelencia das pista e m\u00f3dulo de atletismo de Porri\u00f1o"},"content":{"rendered":"\n<p>Santos H\u00e9ctor Rodr\u00edguez, deputado delegado de Cooperaci\u00f3n cos Concellos \u00a0e as deputadas Iria Lamas e Mar\u00eda Victoria Alonso visitaron hoxe as pistas de atletismo en construcci\u00f3n no pol\u00edgono da Granxa. Esta obra \u00e9 financ\u00edada pola Deputaci\u00f3n cun orzamento de 1 mill\u00f3n de euros, a cargo do Plan Concellos 2018\/2019.<\/p>\n\n\n\n<p>\nPolo\nConcello de Porri\u00f1o acudiu o concelleiro de Deportes, David Alonso\nen representaci\u00f3n de Eva Garc\u00eda cuia ausencia disculpou. A\nalcaldesa sufrira un accidente de tr\u00e1fico e suspendeu toda a s\u00faa\naxenda oficial.<\/p>\n\n\n\n<p>\nUnha\nrepresentaci\u00f3n de \u201cPrace\u201d, a empresa que fai a obra explicou os\npormenores do proxecto e o estado de execuci\u00f3n, bastante avanzado.\nNon obstante a previsi\u00f3n da empresa \u00e9 que poder\u00e1 entregar a obra\nrematada para a s\u00faa inauguraci\u00f3n no \u00faltimo trimestre deste ano.<\/p>\n\n\n\n<p>\nA\nparte m\u00e1is retrasada da obra \u00e9 o m\u00f3dulo cuberto que permitir\u00e1 o\nadestramento de atletas de diversas especialidades como saltos de\np\u00e9rtiga, altura, triple salto e lonxitude as\u00ed como das probas de\nlanzamento. Tratase dun un equipamento pioneiro no sur de Galicia.<\/p>\n\n\n\n<figure class=\"wp-block-image\"><img loading=\"lazy\" decoding=\"async\" width=\"720\" height=\"473\" src=\"http:\/\/www.anovapeneira.gal\/wp-content\/uploads\/2019\/08\/santos_hector_a_nova_peneira_porrino.jpg\" alt=\"Santos H\u00e9ctor Concello Porri\u00f1o A Nova Peneira\" class=\"wp-image-1121\" srcset=\"https:\/\/www.anovapeneira.gal\/wp-content\/uploads\/2019\/08\/santos_hector_a_nova_peneira_porrino.jpg 720w, https:\/\/www.anovapeneira.gal\/wp-content\/uploads\/2019\/08\/santos_hector_a_nova_peneira_porrino-300x197.jpg 300w\" sizes=\"auto, (max-width: 720px) 100vw, 720px\" \/><\/figure>\n\n\n\n<p> A pista de atletismo ten unha corda de 200 metros que \u00e9 a regramentaria para competici\u00f3ns \u201cindoor\u201d ou pista cuberta con seis calles. E adem\u00e1is conta cunha pista central para competici\u00f3ns de velocidade e vallas de 60 metros con oito calles. Ambas xa est\u00e1n pr\u00e1cticamente rematadas.<\/p>\n\n\n\n<p>\nSantos\nH\u00e9ctor abogou, de entrada \u201cno meu nome e no nome da presideta da\nDeputaci\u00f3n polo pronto restablecemento da alcaldesa Eva Garc\u00eda\u201d e\npdidiu \u00f3 concelleiro David Alonso que fixera extensiva \u00f3 Concello\nde Porri\u00f1o a nosa felicitaci\u00f3n por esta extraordinaria iniciativa\ndeportiva\u201d.<\/p>\n\n\n\n<p>\nO\ndeputado delegado de Cooperaci\u00f3n cos Concellos ponderou que \u201cestas\ninstalaci\u00f3ns dign\u00edsimas suponen tam\u00e9n un equipamento social que\nven a cubrir as necesidades da veci\u00f1anza de Porri\u00f1o a trav\u00e9s da\npractica deportiva\u201d.<\/p>\n\n\n\n<p>\nPola\ns\u00faa banda o concelleiro de Deportes de Porri\u00f1o agardecu no nome do\nConcello o esforzo econ\u00f3mico que realiza a Deputaci\u00f3n de Pontevedra\npara \u201cdotarnos destas instalaci\u00f3n \u00fanicas en Galicia e que van\npermitir a pr\u00e1ctica incluso no inverno dentro do m\u00f3dulo cuberto o\nque agredecer\u00e1n especialmente unha chea de nenos e nenas que as\u00ed\npoder\u00e1n seguir adestrando\u201d, manifestou David Alonso.<\/p>\n","protected":false},"excerpt":{"rendered":"<div class=\"mh-excerpt\"><p>Santos H\u00e9ctor Rodr\u00edguez, deputado delegado de Cooperaci\u00f3n cos Concellos  e as deputadas Iria Lamas e Mar\u00eda Victoria Alonso visitaron hoxe as pistas de atletismo en construcci\u00f3n no pol\u00edgono da Granxa <a class=\"mh-excerpt-more\" href=\"https:\/\/www.anovapeneira.gal\/index.php\/2019\/08\/29\/unha-comitiva-da-deputacion-pondera-a-excelencia-das-pista-e-modulo-de-atletismo-de-porrino\/\" title=\"Unha comitiva da Deputaci\u00f3n pondera a excelencia das pista e m\u00f3dulo de atletismo de Porri\u00f1o\">[&#8230;]<\/a><\/p>\n<\/div>","protected":false},"author":3,"featured_media":1122,"comment_status":"open","ping_status":"open","sticky":false,"template":"","format":"standard","meta":{"_exactmetrics_skip_tracking":false,"_exactmetrics_sitenote_active":false,"_exactmetrics_sitenote_note":"","_exactmetrics_sitenote_category":0,"footnotes":""},"categories":[23],"tags":[505,411,56,111],"class_list":{"0":"post-1120","1":"post","2":"type-post","3":"status-publish","4":"format-standard","5":"has-post-thumbnail","7":"category-a-lourina","8":"tag-atletismo","9":"tag-concello-do-porrino","10":"tag-deporte","11":"tag-deputacion-pontevedra"},"yoast_head":"<!-- This site is optimized with the Yoast SEO plugin v27.4 - https:\/\/yoast.com\/product\/yoast-seo-wordpress\/ -->\n<title>Unha comitiva da Deputaci\u00f3n pondera a excelencia das pista e m\u00f3dulo de atletismo de Porri\u00f1o -<\/title>\n<meta name=\"robots\" content=\"index, follow, max-snippet:-1, max-image-preview:large, max-video-preview:-1\" \/>\n<link rel=\"canonical\" href=\"https:\/\/www.anovapeneira.gal\/index.php\/2019\/08\/29\/unha-comitiva-da-deputacion-pondera-a-excelencia-das-pista-e-modulo-de-atletismo-de-porrino\/\" \/>\n<meta property=\"og:locale\" content=\"gl_ES\" \/>\n<meta property=\"og:type\" content=\"article\" \/>\n<meta property=\"og:title\" content=\"Unha comitiva da Deputaci\u00f3n pondera a excelencia das pista e m\u00f3dulo de atletismo de Porri\u00f1o -\" \/>\n<meta property=\"og:description\" content=\"Santos H\u00e9ctor Rodr\u00edguez, deputado delegado de Cooperaci\u00f3n cos Concellos e as deputadas Iria Lamas e Mar\u00eda Victoria Alonso visitaron hoxe as pistas de atletismo en construcci\u00f3n no pol\u00edgono da Granxa [...]\" \/>\n<meta property=\"og:url\" content=\"https:\/\/www.anovapeneira.gal\/index.php\/2019\/08\/29\/unha-comitiva-da-deputacion-pondera-a-excelencia-das-pista-e-modulo-de-atletismo-de-porrino\/\" \/>\n<meta property=\"article:publisher\" content=\"https:\/\/www.facebook.com\/anovapeneira\" \/>\n<meta property=\"article:published_time\" content=\"2019-08-29T12:00:28+00:00\" \/>\n<meta property=\"og:image\" content=\"https:\/\/www.anovapeneira.gal\/wp-content\/uploads\/2019\/08\/atletismo_porrino_a_nova_peneira.jpg\" \/>\n\t<meta property=\"og:image:width\" content=\"720\" \/>\n\t<meta property=\"og:image:height\" content=\"473\" \/>\n\t<meta property=\"og:image:type\" content=\"image\/jpeg\" \/>\n<meta name=\"author\" content=\"Redacci\u00f3n A Nova Peneira\" \/>\n<meta name=\"twitter:card\" content=\"summary_large_image\" \/>\n<meta name=\"twitter:creator\" content=\"@APeneira\" \/>\n<meta name=\"twitter:site\" content=\"@APeneira\" \/>\n<meta name=\"twitter:label1\" content=\"Escrito por\" \/>\n\t<meta name=\"twitter:data1\" content=\"Redacci\u00f3n A Nova Peneira\" \/>\n\t<meta name=\"twitter:label2\" content=\"Tempo de lectura\" \/>\n\t<meta name=\"twitter:data2\" content=\"2 minutos\" \/>\n<script type=\"application\/ld+json\" class=\"yoast-schema-graph\">{\"@context\":\"https:\\\/\\\/schema.org\",\"@graph\":[{\"@type\":\"Article\",\"@id\":\"https:\\\/\\\/www.anovapeneira.gal\\\/index.php\\\/2019\\\/08\\\/29\\\/unha-comitiva-da-deputacion-pondera-a-excelencia-das-pista-e-modulo-de-atletismo-de-porrino\\\/#article\",\"isPartOf\":{\"@id\":\"https:\\\/\\\/www.anovapeneira.gal\\\/index.php\\\/2019\\\/08\\\/29\\\/unha-comitiva-da-deputacion-pondera-a-excelencia-das-pista-e-modulo-de-atletismo-de-porrino\\\/\"},\"author\":{\"name\":\"Redacci\u00f3n A Nova Peneira\",\"@id\":\"https:\\\/\\\/www.anovapeneira.gal\\\/#\\\/schema\\\/person\\\/b93e3f8932e3f8da96334607eb6ac6aa\"},\"headline\":\"Unha comitiva da Deputaci\u00f3n pondera a excelencia das pista e m\u00f3dulo de atletismo de Porri\u00f1o\",\"datePublished\":\"2019-08-29T12:00:28+00:00\",\"mainEntityOfPage\":{\"@id\":\"https:\\\/\\\/www.anovapeneira.gal\\\/index.php\\\/2019\\\/08\\\/29\\\/unha-comitiva-da-deputacion-pondera-a-excelencia-das-pista-e-modulo-de-atletismo-de-porrino\\\/\"},\"wordCount\":407,\"commentCount\":0,\"publisher\":{\"@id\":\"https:\\\/\\\/www.anovapeneira.gal\\\/#organization\"},\"image\":{\"@id\":\"https:\\\/\\\/www.anovapeneira.gal\\\/index.php\\\/2019\\\/08\\\/29\\\/unha-comitiva-da-deputacion-pondera-a-excelencia-das-pista-e-modulo-de-atletismo-de-porrino\\\/#primaryimage\"},\"thumbnailUrl\":\"https:\\\/\\\/www.anovapeneira.gal\\\/wp-content\\\/uploads\\\/2019\\\/08\\\/atletismo_porrino_a_nova_peneira.jpg\",\"keywords\":[\"Atletismo\",\"Concello do Porri\u00f1o\",\"Deporte\",\"Deputaci\u00f3n Pontevedra\"],\"articleSection\":[\"A Louri\u00f1a\"],\"inLanguage\":\"gl-ES\",\"potentialAction\":[{\"@type\":\"CommentAction\",\"name\":\"Comment\",\"target\":[\"https:\\\/\\\/www.anovapeneira.gal\\\/index.php\\\/2019\\\/08\\\/29\\\/unha-comitiva-da-deputacion-pondera-a-excelencia-das-pista-e-modulo-de-atletismo-de-porrino\\\/#respond\"]}]},{\"@type\":\"WebPage\",\"@id\":\"https:\\\/\\\/www.anovapeneira.gal\\\/index.php\\\/2019\\\/08\\\/29\\\/unha-comitiva-da-deputacion-pondera-a-excelencia-das-pista-e-modulo-de-atletismo-de-porrino\\\/\",\"url\":\"https:\\\/\\\/www.anovapeneira.gal\\\/index.php\\\/2019\\\/08\\\/29\\\/unha-comitiva-da-deputacion-pondera-a-excelencia-das-pista-e-modulo-de-atletismo-de-porrino\\\/\",\"name\":\"Unha comitiva da Deputaci\u00f3n pondera a excelencia das pista e m\u00f3dulo de atletismo de Porri\u00f1o -\",\"isPartOf\":{\"@id\":\"https:\\\/\\\/www.anovapeneira.gal\\\/#website\"},\"primaryImageOfPage\":{\"@id\":\"https:\\\/\\\/www.anovapeneira.gal\\\/index.php\\\/2019\\\/08\\\/29\\\/unha-comitiva-da-deputacion-pondera-a-excelencia-das-pista-e-modulo-de-atletismo-de-porrino\\\/#primaryimage\"},\"image\":{\"@id\":\"https:\\\/\\\/www.anovapeneira.gal\\\/index.php\\\/2019\\\/08\\\/29\\\/unha-comitiva-da-deputacion-pondera-a-excelencia-das-pista-e-modulo-de-atletismo-de-porrino\\\/#primaryimage\"},\"thumbnailUrl\":\"https:\\\/\\\/www.anovapeneira.gal\\\/wp-content\\\/uploads\\\/2019\\\/08\\\/atletismo_porrino_a_nova_peneira.jpg\",\"datePublished\":\"2019-08-29T12:00:28+00:00\",\"breadcrumb\":{\"@id\":\"https:\\\/\\\/www.anovapeneira.gal\\\/index.php\\\/2019\\\/08\\\/29\\\/unha-comitiva-da-deputacion-pondera-a-excelencia-das-pista-e-modulo-de-atletismo-de-porrino\\\/#breadcrumb\"},\"inLanguage\":\"gl-ES\",\"potentialAction\":[{\"@type\":\"ReadAction\",\"target\":[\"https:\\\/\\\/www.anovapeneira.gal\\\/index.php\\\/2019\\\/08\\\/29\\\/unha-comitiva-da-deputacion-pondera-a-excelencia-das-pista-e-modulo-de-atletismo-de-porrino\\\/\"]}]},{\"@type\":\"ImageObject\",\"inLanguage\":\"gl-ES\",\"@id\":\"https:\\\/\\\/www.anovapeneira.gal\\\/index.php\\\/2019\\\/08\\\/29\\\/unha-comitiva-da-deputacion-pondera-a-excelencia-das-pista-e-modulo-de-atletismo-de-porrino\\\/#primaryimage\",\"url\":\"https:\\\/\\\/www.anovapeneira.gal\\\/wp-content\\\/uploads\\\/2019\\\/08\\\/atletismo_porrino_a_nova_peneira.jpg\",\"contentUrl\":\"https:\\\/\\\/www.anovapeneira.gal\\\/wp-content\\\/uploads\\\/2019\\\/08\\\/atletismo_porrino_a_nova_peneira.jpg\",\"width\":720,\"height\":473,\"caption\":\"Atletismo Porri\u00f1o A Nova Peneira\"},{\"@type\":\"BreadcrumbList\",\"@id\":\"https:\\\/\\\/www.anovapeneira.gal\\\/index.php\\\/2019\\\/08\\\/29\\\/unha-comitiva-da-deputacion-pondera-a-excelencia-das-pista-e-modulo-de-atletismo-de-porrino\\\/#breadcrumb\",\"itemListElement\":[{\"@type\":\"ListItem\",\"position\":1,\"name\":\"Portada\",\"item\":\"https:\\\/\\\/www.anovapeneira.gal\\\/\"},{\"@type\":\"ListItem\",\"position\":2,\"name\":\"Unha comitiva da Deputaci\u00f3n pondera a excelencia das pista e m\u00f3dulo de atletismo de Porri\u00f1o\"}]},{\"@type\":\"WebSite\",\"@id\":\"https:\\\/\\\/www.anovapeneira.gal\\\/#website\",\"url\":\"https:\\\/\\\/www.anovapeneira.gal\\\/\",\"name\":\"\",\"description\":\"Xornal galego de informaci\u00f3n xeral Publicaci\u00f3n mensual de novas de Galicia e en especial dos Concellos da sur da provincia de Pontevedra.\",\"publisher\":{\"@id\":\"https:\\\/\\\/www.anovapeneira.gal\\\/#organization\"},\"potentialAction\":[{\"@type\":\"SearchAction\",\"target\":{\"@type\":\"EntryPoint\",\"urlTemplate\":\"https:\\\/\\\/www.anovapeneira.gal\\\/?s={search_term_string}\"},\"query-input\":{\"@type\":\"PropertyValueSpecification\",\"valueRequired\":true,\"valueName\":\"search_term_string\"}}],\"inLanguage\":\"gl-ES\"},{\"@type\":\"Organization\",\"@id\":\"https:\\\/\\\/www.anovapeneira.gal\\\/#organization\",\"name\":\"A Nova Peneira\",\"url\":\"https:\\\/\\\/www.anovapeneira.gal\\\/\",\"logo\":{\"@type\":\"ImageObject\",\"inLanguage\":\"gl-ES\",\"@id\":\"https:\\\/\\\/www.anovapeneira.gal\\\/#\\\/schema\\\/logo\\\/image\\\/\",\"url\":\"http:\\\/\\\/www.anovapeneira.gal\\\/wp-content\\\/uploads\\\/2019\\\/06\\\/logo_a_nova_peneira_portal_web.png\",\"contentUrl\":\"http:\\\/\\\/www.anovapeneira.gal\\\/wp-content\\\/uploads\\\/2019\\\/06\\\/logo_a_nova_peneira_portal_web.png\",\"width\":300,\"height\":100,\"caption\":\"A Nova Peneira\"},\"image\":{\"@id\":\"https:\\\/\\\/www.anovapeneira.gal\\\/#\\\/schema\\\/logo\\\/image\\\/\"},\"sameAs\":[\"https:\\\/\\\/www.facebook.com\\\/anovapeneira\",\"https:\\\/\\\/x.com\\\/APeneira\"]},{\"@type\":\"Person\",\"@id\":\"https:\\\/\\\/www.anovapeneira.gal\\\/#\\\/schema\\\/person\\\/b93e3f8932e3f8da96334607eb6ac6aa\",\"name\":\"Redacci\u00f3n A Nova Peneira\",\"image\":{\"@type\":\"ImageObject\",\"inLanguage\":\"gl-ES\",\"@id\":\"https:\\\/\\\/secure.gravatar.com\\\/avatar\\\/c052a2551a06e23fac63626232eaa90abd78dbcf1700fc46a2b2c89fd27b735f?s=96&d=mm&r=g\",\"url\":\"https:\\\/\\\/secure.gravatar.com\\\/avatar\\\/c052a2551a06e23fac63626232eaa90abd78dbcf1700fc46a2b2c89fd27b735f?s=96&d=mm&r=g\",\"contentUrl\":\"https:\\\/\\\/secure.gravatar.com\\\/avatar\\\/c052a2551a06e23fac63626232eaa90abd78dbcf1700fc46a2b2c89fd27b735f?s=96&d=mm&r=g\",\"caption\":\"Redacci\u00f3n A Nova Peneira\"},\"sameAs\":[\"http:\\\/\\\/www.anovapeneira.gal\\\/\"],\"url\":\"https:\\\/\\\/www.anovapeneira.gal\\\/index.php\\\/author\\\/redactor\\\/\"}]}<\/script>\n<!-- \/ Yoast SEO plugin. -->","yoast_head_json":{"title":"Unha comitiva da Deputaci\u00f3n pondera a excelencia das pista e m\u00f3dulo de atletismo de Porri\u00f1o -","robots":{"index":"index","follow":"follow","max-snippet":"max-snippet:-1","max-image-preview":"max-image-preview:large","max-video-preview":"max-video-preview:-1"},"canonical":"https:\/\/www.anovapeneira.gal\/index.php\/2019\/08\/29\/unha-comitiva-da-deputacion-pondera-a-excelencia-das-pista-e-modulo-de-atletismo-de-porrino\/","og_locale":"gl_ES","og_type":"article","og_title":"Unha comitiva da Deputaci\u00f3n pondera a excelencia das pista e m\u00f3dulo de atletismo de Porri\u00f1o -","og_description":"Santos H\u00e9ctor Rodr\u00edguez, deputado delegado de Cooperaci\u00f3n cos Concellos e as deputadas Iria Lamas e Mar\u00eda Victoria Alonso visitaron hoxe as pistas de atletismo en construcci\u00f3n no pol\u00edgono da Granxa [...]","og_url":"https:\/\/www.anovapeneira.gal\/index.php\/2019\/08\/29\/unha-comitiva-da-deputacion-pondera-a-excelencia-das-pista-e-modulo-de-atletismo-de-porrino\/","article_publisher":"https:\/\/www.facebook.com\/anovapeneira","article_published_time":"2019-08-29T12:00:28+00:00","og_image":[{"width":720,"height":473,"url":"https:\/\/www.anovapeneira.gal\/wp-content\/uploads\/2019\/08\/atletismo_porrino_a_nova_peneira.jpg","type":"image\/jpeg"}],"author":"Redacci\u00f3n A Nova Peneira","twitter_card":"summary_large_image","twitter_creator":"@APeneira","twitter_site":"@APeneira","twitter_misc":{"Escrito por":"Redacci\u00f3n A Nova Peneira","Tempo de lectura":"2 minutos"},"schema":{"@context":"https:\/\/schema.org","@graph":[{"@type":"Article","@id":"https:\/\/www.anovapeneira.gal\/index.php\/2019\/08\/29\/unha-comitiva-da-deputacion-pondera-a-excelencia-das-pista-e-modulo-de-atletismo-de-porrino\/#article","isPartOf":{"@id":"https:\/\/www.anovapeneira.gal\/index.php\/2019\/08\/29\/unha-comitiva-da-deputacion-pondera-a-excelencia-das-pista-e-modulo-de-atletismo-de-porrino\/"},"author":{"name":"Redacci\u00f3n A Nova Peneira","@id":"https:\/\/www.anovapeneira.gal\/#\/schema\/person\/b93e3f8932e3f8da96334607eb6ac6aa"},"headline":"Unha comitiva da Deputaci\u00f3n pondera a excelencia das pista e m\u00f3dulo de atletismo de Porri\u00f1o","datePublished":"2019-08-29T12:00:28+00:00","mainEntityOfPage":{"@id":"https:\/\/www.anovapeneira.gal\/index.php\/2019\/08\/29\/unha-comitiva-da-deputacion-pondera-a-excelencia-das-pista-e-modulo-de-atletismo-de-porrino\/"},"wordCount":407,"commentCount":0,"publisher":{"@id":"https:\/\/www.anovapeneira.gal\/#organization"},"image":{"@id":"https:\/\/www.anovapeneira.gal\/index.php\/2019\/08\/29\/unha-comitiva-da-deputacion-pondera-a-excelencia-das-pista-e-modulo-de-atletismo-de-porrino\/#primaryimage"},"thumbnailUrl":"https:\/\/www.anovapeneira.gal\/wp-content\/uploads\/2019\/08\/atletismo_porrino_a_nova_peneira.jpg","keywords":["Atletismo","Concello do Porri\u00f1o","Deporte","Deputaci\u00f3n Pontevedra"],"articleSection":["A Louri\u00f1a"],"inLanguage":"gl-ES","potentialAction":[{"@type":"CommentAction","name":"Comment","target":["https:\/\/www.anovapeneira.gal\/index.php\/2019\/08\/29\/unha-comitiva-da-deputacion-pondera-a-excelencia-das-pista-e-modulo-de-atletismo-de-porrino\/#respond"]}]},{"@type":"WebPage","@id":"https:\/\/www.anovapeneira.gal\/index.php\/2019\/08\/29\/unha-comitiva-da-deputacion-pondera-a-excelencia-das-pista-e-modulo-de-atletismo-de-porrino\/","url":"https:\/\/www.anovapeneira.gal\/index.php\/2019\/08\/29\/unha-comitiva-da-deputacion-pondera-a-excelencia-das-pista-e-modulo-de-atletismo-de-porrino\/","name":"Unha comitiva da Deputaci\u00f3n pondera a excelencia das pista e m\u00f3dulo de atletismo de Porri\u00f1o -","isPartOf":{"@id":"https:\/\/www.anovapeneira.gal\/#website"},"primaryImageOfPage":{"@id":"https:\/\/www.anovapeneira.gal\/index.php\/2019\/08\/29\/unha-comitiva-da-deputacion-pondera-a-excelencia-das-pista-e-modulo-de-atletismo-de-porrino\/#primaryimage"},"image":{"@id":"https:\/\/www.anovapeneira.gal\/index.php\/2019\/08\/29\/unha-comitiva-da-deputacion-pondera-a-excelencia-das-pista-e-modulo-de-atletismo-de-porrino\/#primaryimage"},"thumbnailUrl":"https:\/\/www.anovapeneira.gal\/wp-content\/uploads\/2019\/08\/atletismo_porrino_a_nova_peneira.jpg","datePublished":"2019-08-29T12:00:28+00:00","breadcrumb":{"@id":"https:\/\/www.anovapeneira.gal\/index.php\/2019\/08\/29\/unha-comitiva-da-deputacion-pondera-a-excelencia-das-pista-e-modulo-de-atletismo-de-porrino\/#breadcrumb"},"inLanguage":"gl-ES","potentialAction":[{"@type":"ReadAction","target":["https:\/\/www.anovapeneira.gal\/index.php\/2019\/08\/29\/unha-comitiva-da-deputacion-pondera-a-excelencia-das-pista-e-modulo-de-atletismo-de-porrino\/"]}]},{"@type":"ImageObject","inLanguage":"gl-ES","@id":"https:\/\/www.anovapeneira.gal\/index.php\/2019\/08\/29\/unha-comitiva-da-deputacion-pondera-a-excelencia-das-pista-e-modulo-de-atletismo-de-porrino\/#primaryimage","url":"https:\/\/www.anovapeneira.gal\/wp-content\/uploads\/2019\/08\/atletismo_porrino_a_nova_peneira.jpg","contentUrl":"https:\/\/www.anovapeneira.gal\/wp-content\/uploads\/2019\/08\/atletismo_porrino_a_nova_peneira.jpg","width":720,"height":473,"caption":"Atletismo Porri\u00f1o A Nova Peneira"},{"@type":"BreadcrumbList","@id":"https:\/\/www.anovapeneira.gal\/index.php\/2019\/08\/29\/unha-comitiva-da-deputacion-pondera-a-excelencia-das-pista-e-modulo-de-atletismo-de-porrino\/#breadcrumb","itemListElement":[{"@type":"ListItem","position":1,"name":"Portada","item":"https:\/\/www.anovapeneira.gal\/"},{"@type":"ListItem","position":2,"name":"Unha comitiva da Deputaci\u00f3n pondera a excelencia das pista e m\u00f3dulo de atletismo de Porri\u00f1o"}]},{"@type":"WebSite","@id":"https:\/\/www.anovapeneira.gal\/#website","url":"https:\/\/www.anovapeneira.gal\/","name":"","description":"Xornal galego de informaci\u00f3n xeral Publicaci\u00f3n mensual de novas de Galicia e en especial dos Concellos da sur da provincia de Pontevedra.","publisher":{"@id":"https:\/\/www.anovapeneira.gal\/#organization"},"potentialAction":[{"@type":"SearchAction","target":{"@type":"EntryPoint","urlTemplate":"https:\/\/www.anovapeneira.gal\/?s={search_term_string}"},"query-input":{"@type":"PropertyValueSpecification","valueRequired":true,"valueName":"search_term_string"}}],"inLanguage":"gl-ES"},{"@type":"Organization","@id":"https:\/\/www.anovapeneira.gal\/#organization","name":"A Nova Peneira","url":"https:\/\/www.anovapeneira.gal\/","logo":{"@type":"ImageObject","inLanguage":"gl-ES","@id":"https:\/\/www.anovapeneira.gal\/#\/schema\/logo\/image\/","url":"http:\/\/www.anovapeneira.gal\/wp-content\/uploads\/2019\/06\/logo_a_nova_peneira_portal_web.png","contentUrl":"http:\/\/www.anovapeneira.gal\/wp-content\/uploads\/2019\/06\/logo_a_nova_peneira_portal_web.png","width":300,"height":100,"caption":"A Nova Peneira"},"image":{"@id":"https:\/\/www.anovapeneira.gal\/#\/schema\/logo\/image\/"},"sameAs":["https:\/\/www.facebook.com\/anovapeneira","https:\/\/x.com\/APeneira"]},{"@type":"Person","@id":"https:\/\/www.anovapeneira.gal\/#\/schema\/person\/b93e3f8932e3f8da96334607eb6ac6aa","name":"Redacci\u00f3n A Nova Peneira","image":{"@type":"ImageObject","inLanguage":"gl-ES","@id":"https:\/\/secure.gravatar.com\/avatar\/c052a2551a06e23fac63626232eaa90abd78dbcf1700fc46a2b2c89fd27b735f?s=96&d=mm&r=g","url":"https:\/\/secure.gravatar.com\/avatar\/c052a2551a06e23fac63626232eaa90abd78dbcf1700fc46a2b2c89fd27b735f?s=96&d=mm&r=g","contentUrl":"https:\/\/secure.gravatar.com\/avatar\/c052a2551a06e23fac63626232eaa90abd78dbcf1700fc46a2b2c89fd27b735f?s=96&d=mm&r=g","caption":"Redacci\u00f3n A Nova Peneira"},"sameAs":["http:\/\/www.anovapeneira.gal\/"],"url":"https:\/\/www.anovapeneira.gal\/index.php\/author\/redactor\/"}]}},"jetpack_featured_media_url":"https:\/\/www.anovapeneira.gal\/wp-content\/uploads\/2019\/08\/atletismo_porrino_a_nova_peneira.jpg","_links":{"self":[{"href":"https:\/\/www.anovapeneira.gal\/index.php\/wp-json\/wp\/v2\/posts\/1120","targetHints":{"allow":["GET"]}}],"collection":[{"href":"https:\/\/www.anovapeneira.gal\/index.php\/wp-json\/wp\/v2\/posts"}],"about":[{"href":"https:\/\/www.anovapeneira.gal\/index.php\/wp-json\/wp\/v2\/types\/post"}],"author":[{"embeddable":true,"href":"https:\/\/www.anovapeneira.gal\/index.php\/wp-json\/wp\/v2\/users\/3"}],"replies":[{"embeddable":true,"href":"https:\/\/www.anovapeneira.gal\/index.php\/wp-json\/wp\/v2\/comments?post=1120"}],"version-history":[{"count":1,"href":"https:\/\/www.anovapeneira.gal\/index.php\/wp-json\/wp\/v2\/posts\/1120\/revisions"}],"predecessor-version":[{"id":1123,"href":"https:\/\/www.anovapeneira.gal\/index.php\/wp-json\/wp\/v2\/posts\/1120\/revisions\/1123"}],"wp:featuredmedia":[{"embeddable":true,"href":"https:\/\/www.anovapeneira.gal\/index.php\/wp-json\/wp\/v2\/media\/1122"}],"wp:attachment":[{"href":"https:\/\/www.anovapeneira.gal\/index.php\/wp-json\/wp\/v2\/media?parent=1120"}],"wp:term":[{"taxonomy":"category","embeddable":true,"href":"https:\/\/www.anovapeneira.gal\/index.php\/wp-json\/wp\/v2\/categories?post=1120"},{"taxonomy":"post_tag","embeddable":true,"href":"https:\/\/www.anovapeneira.gal\/index.php\/wp-json\/wp\/v2\/tags?post=1120"}],"curies":[{"name":"wp","href":"https:\/\/api.w.org\/{rel}","templated":true}]}}