{"id":11209,"date":"2024-02-08T12:00:27","date_gmt":"2024-02-08T11:00:27","guid":{"rendered":"https:\/\/www.anovapeneira.gal\/?p=11209"},"modified":"2024-02-04T08:09:59","modified_gmt":"2024-02-04T07:09:59","slug":"nace-en-arbo-a-asociacion-rio-mino-natureza-ignacio-gago-asociada-ao-gdr-condado-paradanta","status":"publish","type":"post","link":"https:\/\/www.anovapeneira.gal\/index.php\/2024\/02\/08\/nace-en-arbo-a-asociacion-rio-mino-natureza-ignacio-gago-asociada-ao-gdr-condado-paradanta\/","title":{"rendered":"Nace en Arbo a Asociaci\u00f3n R\u00edo Mi\u00f1o Natureza Ignacio Gago, asociada ao GDR Condado Paradanta"},"content":{"rendered":"\n<p>Xunto \u00e1 pesqueira do Coxo, en Arbo, descubrimos da man de Florencio Gago que no <strong>Tratado de L\u00edmites<\/strong> do 1864 aparec\u00eda co nome de \u201cpesqueira de Figueiros\u201d pasando m\u00e1is tarde a ser co\u00f1ecida como \u201cpesqueira Gloria\u201d e decat\u00e1monos de por que \u00e9 tan necesario o nacemento da \u201cAsociaci\u00f3n R\u00edo Mi\u00f1o Natureza Ignacio Gago\u201d, asociada ao GDR Condado Paradanta.<\/p>\n\n\n\n<p>\u201cHai estudos de persoas que se foron interesando pola importancia que tiveron ao longo da historia de Arbo e da comarca as pesqueiras. C\u00e9sar Portela, Daniel Pino, Molinero Llorente, Lois Ladra ou Manuel Caama\u00f1o son alg\u00fans dos investigadores que quixeron afondar no noso patrimonio pero nunca ao longo da historia houbo unha entidade ou colectivo encargado de recompilar, documentar, arquivar, comparar e p\u00f3r en valor das <strong>m\u00e1is de trescentas pesqueiras <\/strong>que existiron no tramo do r\u00edo destes catro concellos e nos que a\u00ednda se pode pescar; Salvaterra de Mi\u00f1o, As Neves, Arbo e Crecente\u201d, explica Florencio Gago quen salienta a importancia de unirse e traballar de xeito conxunto para potenciar este territorio.<\/p>\n\n\n\n<p>Unha das primeiras decisi\u00f3ns da asociaci\u00f3n foi unirse ao GDR ao considerar que \u201c\u00e9 unha ferramenta \u00fatil para co\u00f1ecer o territorio traballando dun xeito bidireccional. Por un lado ofrecemos os nosos co\u00f1ecementos ao GDR e polo outro lado eles aportan a s\u00faa visi\u00f3n m\u00e1is ampla que nos permite establecer alianzas e aportar cada un o mellor\u201d.<\/p>\n\n\n\n<p>As <strong>milenarias pesqueiras <\/strong>foron para a veci\u00f1anza de Arbo un modo de subsistencia vital e de suma importancia que os acompa\u00f1ou ao longo de moitas xeraci\u00f3ns e que neste s\u00e9culo desapareceu das vidas das e dos arbenses e do resto da comarca. Para estudalas e dignificalas nace esta asociaci\u00f3n que leva o nome dun veci\u00f1o de Barcela nado no ano 1933, fillo do \u00faltimo alcalde da Rep\u00fablica, e que adicou a s\u00faa vida a loitar polo ben com\u00fan. Adiantado aos seus tempos, Ignacio Gago v\u00eda nas artes tradicionais, nos costumes locais e no patrimonio natural, etnogr\u00e1fico e hist\u00f3rico as se\u00f1as de identidade capaces de facer singular a s\u00faa vila. Por este motivo, agora o seu neto pon en marcha a Asociaci\u00f3n R\u00edo Mi\u00f1o Natureza Ignacio Gago que ser\u00e1 presentada de xeito oficial nos vindeiros d\u00edas.<\/p>\n\n\n\n<p>Co obxectivo de rescatar da memoria a importancia das pesqueiras a asociaci\u00f3n nace cun primeiro proxecto, o de recoller toda a documentaci\u00f3n para clasificala, estudala e arquivala, inventariar e catalogar dun xeito contrastado e veraz.<\/p>\n\n\n\n<p>O segundo paso ser\u00e1 <strong>sensibilizar <\/strong>e difundir para que as veci\u00f1as e veci\u00f1os de Arbo reco\u00f1ezan e valoren estas xoias que formaron e a\u00ednda forman parte das familias.<\/p>\n\n\n\n<p>\u201cA d\u00eda de hoxe tan s\u00f3 no <strong>Plan Xeral de Ordenaci\u00f3n Municipal<\/strong> (PXOM) do concello de Arbo figuran reflexadas as pesqueiras pero non no de As Neves, Crecente ou Salvaterra. E no planeamento auton\u00f3mico tampouco podemos atopar recollidas ningunha das 300 pesqueiras nin as que chegaron aos nosos d\u00edas nin as que xa non est\u00e1n operativas. Hai que crear unha base documental que recolla todas e corrixa erros de ubicaci\u00f3n ou nomeamento, entre outros datos\u201d, engade Gago.<\/p>\n\n\n\n<p>A s\u00faa intenci\u00f3n \u00e9 facer un <strong>traballo integral e s\u00f3lido <\/strong>que obte\u00f1a o reco\u00f1ecemento de Ben de Interese Cultural (BIC) ao ser un elemento singular da arquitectura.<\/p>\n\n\n\n<p><strong>Achegar \u00e1s veci\u00f1as e veci\u00f1os ao r\u00edo<\/strong> \u00e9 fundamental, que co\u00f1ezan todo o que sup\u00f3n para as nosas vidas, a riqueza natural pero tam\u00e9n a etnogr\u00e1fica, contin\u00faa Ignacio \u00e1 vez que lanza o segundo dos proxectos que marcou na axenda, \u201cco\u00f1ecer a <strong>arte de tecer redes<\/strong>, a enxe\u00f1er\u00eda de cada pesqueira e o seu rol porque non hai d\u00faas iguais, a diferenza entre o bitur\u00f3n empregado r\u00edo arriba e a rede cabaceira empregada a partir de Sela&#8230;\u201d<\/p>\n\n\n\n<p>Segundo relata Gago as pesqueiras son un <strong>legado da arquitectura e da enxe\u00f1er\u00eda <\/strong>do que podemos sentirnos orgullosos e do que presumir porque unha boa maior\u00eda das familias leva na s\u00faa historia un relato do r\u00edo e das pesqueiras \u201ccomo eu da pesqueira na que \u00eda pescar meu av\u00f3 na desembocadura do r\u00edo Cea entre a parroquia de Arbo e Barcela\u201d.<\/p>\n\n\n\n<p>As persoas que queiran contribu\u00edr na conservaci\u00f3n do patrimonio material e inmaterial a trav\u00e9s desta asociaci\u00f3n deber\u00e1n realizar unha solicitude para asociarse no correo electr\u00f3nico asociacionignaciogago@outlook.com<\/p>\n","protected":false},"excerpt":{"rendered":"<div class=\"mh-excerpt\"><p>Xunto \u00e1 pesqueira do Coxo, en Arbo, descubrimos da man de Florencio Gago que no Tratado de L\u00edmites do 1864 aparec\u00eda co nome de \u201cpesqueira de Figueiros\u201d <a class=\"mh-excerpt-more\" href=\"https:\/\/www.anovapeneira.gal\/index.php\/2024\/02\/08\/nace-en-arbo-a-asociacion-rio-mino-natureza-ignacio-gago-asociada-ao-gdr-condado-paradanta\/\" title=\"Nace en Arbo a Asociaci\u00f3n R\u00edo Mi\u00f1o Natureza Ignacio Gago, asociada ao GDR Condado Paradanta\">[&#8230;]<\/a><\/p>\n<\/div>","protected":false},"author":3,"featured_media":11211,"comment_status":"open","ping_status":"open","sticky":false,"template":"","format":"standard","meta":{"_exactmetrics_skip_tracking":false,"_exactmetrics_sitenote_active":false,"_exactmetrics_sitenote_note":"","_exactmetrics_sitenote_category":0,"footnotes":""},"categories":[25],"tags":[444],"class_list":{"0":"post-11209","1":"post","2":"type-post","3":"status-publish","4":"format-standard","5":"has-post-thumbnail","7":"category-condado","8":"tag-concello-de-arbo"},"yoast_head":"<!-- This site is optimized with the Yoast SEO plugin v27.4 - https:\/\/yoast.com\/product\/yoast-seo-wordpress\/ -->\n<title>Nace en Arbo a Asociaci\u00f3n R\u00edo Mi\u00f1o Natureza Ignacio Gago, asociada ao GDR Condado Paradanta -<\/title>\n<meta name=\"description\" content=\"Xunto \u00e1 pesqueira do Coxo, en Arbo, descubrimos da man de Florencio Gago que no Tratado de L\u00edmites do 1864 aparec\u00eda co nome de \u201cpesqueira de Figueiros\u201d\" \/>\n<meta name=\"robots\" content=\"index, follow, max-snippet:-1, max-image-preview:large, max-video-preview:-1\" \/>\n<link rel=\"canonical\" href=\"https:\/\/www.anovapeneira.gal\/index.php\/2024\/02\/08\/nace-en-arbo-a-asociacion-rio-mino-natureza-ignacio-gago-asociada-ao-gdr-condado-paradanta\/\" \/>\n<meta property=\"og:locale\" content=\"gl_ES\" \/>\n<meta property=\"og:type\" content=\"article\" \/>\n<meta property=\"og:title\" content=\"Nace en Arbo a Asociaci\u00f3n R\u00edo Mi\u00f1o Natureza Ignacio Gago, asociada ao GDR Condado Paradanta -\" \/>\n<meta property=\"og:description\" content=\"Xunto \u00e1 pesqueira do Coxo, en Arbo, descubrimos da man de Florencio Gago que no Tratado de L\u00edmites do 1864 aparec\u00eda co nome de \u201cpesqueira de Figueiros\u201d\" \/>\n<meta property=\"og:url\" content=\"https:\/\/www.anovapeneira.gal\/index.php\/2024\/02\/08\/nace-en-arbo-a-asociacion-rio-mino-natureza-ignacio-gago-asociada-ao-gdr-condado-paradanta\/\" \/>\n<meta property=\"article:publisher\" content=\"https:\/\/www.facebook.com\/anovapeneira\" \/>\n<meta property=\"article:published_time\" content=\"2024-02-08T11:00:27+00:00\" \/>\n<meta property=\"og:image\" content=\"https:\/\/www.anovapeneira.gal\/wp-content\/uploads\/2024\/02\/ignacio_gago.jpg\" \/>\n\t<meta property=\"og:image:width\" content=\"720\" \/>\n\t<meta property=\"og:image:height\" content=\"432\" \/>\n\t<meta property=\"og:image:type\" content=\"image\/jpeg\" \/>\n<meta name=\"author\" content=\"Redacci\u00f3n A Nova Peneira\" \/>\n<meta name=\"twitter:card\" content=\"summary_large_image\" \/>\n<meta name=\"twitter:creator\" content=\"@APeneira\" \/>\n<meta name=\"twitter:site\" content=\"@APeneira\" \/>\n<meta name=\"twitter:label1\" content=\"Escrito por\" \/>\n\t<meta name=\"twitter:data1\" content=\"Redacci\u00f3n A Nova Peneira\" \/>\n\t<meta name=\"twitter:label2\" content=\"Tempo de lectura\" \/>\n\t<meta name=\"twitter:data2\" content=\"4 minutos\" \/>\n<script type=\"application\/ld+json\" class=\"yoast-schema-graph\">{\"@context\":\"https:\\\/\\\/schema.org\",\"@graph\":[{\"@type\":\"Article\",\"@id\":\"https:\\\/\\\/www.anovapeneira.gal\\\/index.php\\\/2024\\\/02\\\/08\\\/nace-en-arbo-a-asociacion-rio-mino-natureza-ignacio-gago-asociada-ao-gdr-condado-paradanta\\\/#article\",\"isPartOf\":{\"@id\":\"https:\\\/\\\/www.anovapeneira.gal\\\/index.php\\\/2024\\\/02\\\/08\\\/nace-en-arbo-a-asociacion-rio-mino-natureza-ignacio-gago-asociada-ao-gdr-condado-paradanta\\\/\"},\"author\":{\"name\":\"Redacci\u00f3n A Nova Peneira\",\"@id\":\"https:\\\/\\\/www.anovapeneira.gal\\\/#\\\/schema\\\/person\\\/b93e3f8932e3f8da96334607eb6ac6aa\"},\"headline\":\"Nace en Arbo a Asociaci\u00f3n R\u00edo Mi\u00f1o Natureza Ignacio Gago, asociada ao GDR Condado Paradanta\",\"datePublished\":\"2024-02-08T11:00:27+00:00\",\"mainEntityOfPage\":{\"@id\":\"https:\\\/\\\/www.anovapeneira.gal\\\/index.php\\\/2024\\\/02\\\/08\\\/nace-en-arbo-a-asociacion-rio-mino-natureza-ignacio-gago-asociada-ao-gdr-condado-paradanta\\\/\"},\"wordCount\":787,\"commentCount\":0,\"publisher\":{\"@id\":\"https:\\\/\\\/www.anovapeneira.gal\\\/#organization\"},\"image\":{\"@id\":\"https:\\\/\\\/www.anovapeneira.gal\\\/index.php\\\/2024\\\/02\\\/08\\\/nace-en-arbo-a-asociacion-rio-mino-natureza-ignacio-gago-asociada-ao-gdr-condado-paradanta\\\/#primaryimage\"},\"thumbnailUrl\":\"https:\\\/\\\/www.anovapeneira.gal\\\/wp-content\\\/uploads\\\/2024\\\/02\\\/ignacio_gago.jpg\",\"keywords\":[\"Concello de Arbo\"],\"articleSection\":[\"Condado\"],\"inLanguage\":\"gl-ES\",\"potentialAction\":[{\"@type\":\"CommentAction\",\"name\":\"Comment\",\"target\":[\"https:\\\/\\\/www.anovapeneira.gal\\\/index.php\\\/2024\\\/02\\\/08\\\/nace-en-arbo-a-asociacion-rio-mino-natureza-ignacio-gago-asociada-ao-gdr-condado-paradanta\\\/#respond\"]}]},{\"@type\":\"WebPage\",\"@id\":\"https:\\\/\\\/www.anovapeneira.gal\\\/index.php\\\/2024\\\/02\\\/08\\\/nace-en-arbo-a-asociacion-rio-mino-natureza-ignacio-gago-asociada-ao-gdr-condado-paradanta\\\/\",\"url\":\"https:\\\/\\\/www.anovapeneira.gal\\\/index.php\\\/2024\\\/02\\\/08\\\/nace-en-arbo-a-asociacion-rio-mino-natureza-ignacio-gago-asociada-ao-gdr-condado-paradanta\\\/\",\"name\":\"Nace en Arbo a Asociaci\u00f3n R\u00edo Mi\u00f1o Natureza Ignacio Gago, asociada ao GDR Condado Paradanta -\",\"isPartOf\":{\"@id\":\"https:\\\/\\\/www.anovapeneira.gal\\\/#website\"},\"primaryImageOfPage\":{\"@id\":\"https:\\\/\\\/www.anovapeneira.gal\\\/index.php\\\/2024\\\/02\\\/08\\\/nace-en-arbo-a-asociacion-rio-mino-natureza-ignacio-gago-asociada-ao-gdr-condado-paradanta\\\/#primaryimage\"},\"image\":{\"@id\":\"https:\\\/\\\/www.anovapeneira.gal\\\/index.php\\\/2024\\\/02\\\/08\\\/nace-en-arbo-a-asociacion-rio-mino-natureza-ignacio-gago-asociada-ao-gdr-condado-paradanta\\\/#primaryimage\"},\"thumbnailUrl\":\"https:\\\/\\\/www.anovapeneira.gal\\\/wp-content\\\/uploads\\\/2024\\\/02\\\/ignacio_gago.jpg\",\"datePublished\":\"2024-02-08T11:00:27+00:00\",\"description\":\"Xunto \u00e1 pesqueira do Coxo, en Arbo, descubrimos da man de Florencio Gago que no Tratado de L\u00edmites do 1864 aparec\u00eda co nome de \u201cpesqueira de Figueiros\u201d\",\"breadcrumb\":{\"@id\":\"https:\\\/\\\/www.anovapeneira.gal\\\/index.php\\\/2024\\\/02\\\/08\\\/nace-en-arbo-a-asociacion-rio-mino-natureza-ignacio-gago-asociada-ao-gdr-condado-paradanta\\\/#breadcrumb\"},\"inLanguage\":\"gl-ES\",\"potentialAction\":[{\"@type\":\"ReadAction\",\"target\":[\"https:\\\/\\\/www.anovapeneira.gal\\\/index.php\\\/2024\\\/02\\\/08\\\/nace-en-arbo-a-asociacion-rio-mino-natureza-ignacio-gago-asociada-ao-gdr-condado-paradanta\\\/\"]}]},{\"@type\":\"ImageObject\",\"inLanguage\":\"gl-ES\",\"@id\":\"https:\\\/\\\/www.anovapeneira.gal\\\/index.php\\\/2024\\\/02\\\/08\\\/nace-en-arbo-a-asociacion-rio-mino-natureza-ignacio-gago-asociada-ao-gdr-condado-paradanta\\\/#primaryimage\",\"url\":\"https:\\\/\\\/www.anovapeneira.gal\\\/wp-content\\\/uploads\\\/2024\\\/02\\\/ignacio_gago.jpg\",\"contentUrl\":\"https:\\\/\\\/www.anovapeneira.gal\\\/wp-content\\\/uploads\\\/2024\\\/02\\\/ignacio_gago.jpg\",\"width\":720,\"height\":432,\"caption\":\"Ignacio Gago asociaci\u00f3n R\u00edo Mi\u00f1o Natureza\"},{\"@type\":\"BreadcrumbList\",\"@id\":\"https:\\\/\\\/www.anovapeneira.gal\\\/index.php\\\/2024\\\/02\\\/08\\\/nace-en-arbo-a-asociacion-rio-mino-natureza-ignacio-gago-asociada-ao-gdr-condado-paradanta\\\/#breadcrumb\",\"itemListElement\":[{\"@type\":\"ListItem\",\"position\":1,\"name\":\"Portada\",\"item\":\"https:\\\/\\\/www.anovapeneira.gal\\\/\"},{\"@type\":\"ListItem\",\"position\":2,\"name\":\"Nace en Arbo a Asociaci\u00f3n R\u00edo Mi\u00f1o Natureza Ignacio Gago, asociada ao GDR Condado Paradanta\"}]},{\"@type\":\"WebSite\",\"@id\":\"https:\\\/\\\/www.anovapeneira.gal\\\/#website\",\"url\":\"https:\\\/\\\/www.anovapeneira.gal\\\/\",\"name\":\"\",\"description\":\"Xornal galego de informaci\u00f3n xeral Publicaci\u00f3n mensual de novas de Galicia e en especial dos Concellos da sur da provincia de Pontevedra.\",\"publisher\":{\"@id\":\"https:\\\/\\\/www.anovapeneira.gal\\\/#organization\"},\"potentialAction\":[{\"@type\":\"SearchAction\",\"target\":{\"@type\":\"EntryPoint\",\"urlTemplate\":\"https:\\\/\\\/www.anovapeneira.gal\\\/?s={search_term_string}\"},\"query-input\":{\"@type\":\"PropertyValueSpecification\",\"valueRequired\":true,\"valueName\":\"search_term_string\"}}],\"inLanguage\":\"gl-ES\"},{\"@type\":\"Organization\",\"@id\":\"https:\\\/\\\/www.anovapeneira.gal\\\/#organization\",\"name\":\"A Nova Peneira\",\"url\":\"https:\\\/\\\/www.anovapeneira.gal\\\/\",\"logo\":{\"@type\":\"ImageObject\",\"inLanguage\":\"gl-ES\",\"@id\":\"https:\\\/\\\/www.anovapeneira.gal\\\/#\\\/schema\\\/logo\\\/image\\\/\",\"url\":\"http:\\\/\\\/www.anovapeneira.gal\\\/wp-content\\\/uploads\\\/2019\\\/06\\\/logo_a_nova_peneira_portal_web.png\",\"contentUrl\":\"http:\\\/\\\/www.anovapeneira.gal\\\/wp-content\\\/uploads\\\/2019\\\/06\\\/logo_a_nova_peneira_portal_web.png\",\"width\":300,\"height\":100,\"caption\":\"A Nova Peneira\"},\"image\":{\"@id\":\"https:\\\/\\\/www.anovapeneira.gal\\\/#\\\/schema\\\/logo\\\/image\\\/\"},\"sameAs\":[\"https:\\\/\\\/www.facebook.com\\\/anovapeneira\",\"https:\\\/\\\/x.com\\\/APeneira\"]},{\"@type\":\"Person\",\"@id\":\"https:\\\/\\\/www.anovapeneira.gal\\\/#\\\/schema\\\/person\\\/b93e3f8932e3f8da96334607eb6ac6aa\",\"name\":\"Redacci\u00f3n A Nova Peneira\",\"image\":{\"@type\":\"ImageObject\",\"inLanguage\":\"gl-ES\",\"@id\":\"https:\\\/\\\/secure.gravatar.com\\\/avatar\\\/c052a2551a06e23fac63626232eaa90abd78dbcf1700fc46a2b2c89fd27b735f?s=96&d=mm&r=g\",\"url\":\"https:\\\/\\\/secure.gravatar.com\\\/avatar\\\/c052a2551a06e23fac63626232eaa90abd78dbcf1700fc46a2b2c89fd27b735f?s=96&d=mm&r=g\",\"contentUrl\":\"https:\\\/\\\/secure.gravatar.com\\\/avatar\\\/c052a2551a06e23fac63626232eaa90abd78dbcf1700fc46a2b2c89fd27b735f?s=96&d=mm&r=g\",\"caption\":\"Redacci\u00f3n A Nova Peneira\"},\"sameAs\":[\"http:\\\/\\\/www.anovapeneira.gal\\\/\"],\"url\":\"https:\\\/\\\/www.anovapeneira.gal\\\/index.php\\\/author\\\/redactor\\\/\"}]}<\/script>\n<!-- \/ Yoast SEO plugin. -->","yoast_head_json":{"title":"Nace en Arbo a Asociaci\u00f3n R\u00edo Mi\u00f1o Natureza Ignacio Gago, asociada ao GDR Condado Paradanta -","description":"Xunto \u00e1 pesqueira do Coxo, en Arbo, descubrimos da man de Florencio Gago que no Tratado de L\u00edmites do 1864 aparec\u00eda co nome de \u201cpesqueira de Figueiros\u201d","robots":{"index":"index","follow":"follow","max-snippet":"max-snippet:-1","max-image-preview":"max-image-preview:large","max-video-preview":"max-video-preview:-1"},"canonical":"https:\/\/www.anovapeneira.gal\/index.php\/2024\/02\/08\/nace-en-arbo-a-asociacion-rio-mino-natureza-ignacio-gago-asociada-ao-gdr-condado-paradanta\/","og_locale":"gl_ES","og_type":"article","og_title":"Nace en Arbo a Asociaci\u00f3n R\u00edo Mi\u00f1o Natureza Ignacio Gago, asociada ao GDR Condado Paradanta -","og_description":"Xunto \u00e1 pesqueira do Coxo, en Arbo, descubrimos da man de Florencio Gago que no Tratado de L\u00edmites do 1864 aparec\u00eda co nome de \u201cpesqueira de Figueiros\u201d","og_url":"https:\/\/www.anovapeneira.gal\/index.php\/2024\/02\/08\/nace-en-arbo-a-asociacion-rio-mino-natureza-ignacio-gago-asociada-ao-gdr-condado-paradanta\/","article_publisher":"https:\/\/www.facebook.com\/anovapeneira","article_published_time":"2024-02-08T11:00:27+00:00","og_image":[{"width":720,"height":432,"url":"https:\/\/www.anovapeneira.gal\/wp-content\/uploads\/2024\/02\/ignacio_gago.jpg","type":"image\/jpeg"}],"author":"Redacci\u00f3n A Nova Peneira","twitter_card":"summary_large_image","twitter_creator":"@APeneira","twitter_site":"@APeneira","twitter_misc":{"Escrito por":"Redacci\u00f3n A Nova Peneira","Tempo de lectura":"4 minutos"},"schema":{"@context":"https:\/\/schema.org","@graph":[{"@type":"Article","@id":"https:\/\/www.anovapeneira.gal\/index.php\/2024\/02\/08\/nace-en-arbo-a-asociacion-rio-mino-natureza-ignacio-gago-asociada-ao-gdr-condado-paradanta\/#article","isPartOf":{"@id":"https:\/\/www.anovapeneira.gal\/index.php\/2024\/02\/08\/nace-en-arbo-a-asociacion-rio-mino-natureza-ignacio-gago-asociada-ao-gdr-condado-paradanta\/"},"author":{"name":"Redacci\u00f3n A Nova Peneira","@id":"https:\/\/www.anovapeneira.gal\/#\/schema\/person\/b93e3f8932e3f8da96334607eb6ac6aa"},"headline":"Nace en Arbo a Asociaci\u00f3n R\u00edo Mi\u00f1o Natureza Ignacio Gago, asociada ao GDR Condado Paradanta","datePublished":"2024-02-08T11:00:27+00:00","mainEntityOfPage":{"@id":"https:\/\/www.anovapeneira.gal\/index.php\/2024\/02\/08\/nace-en-arbo-a-asociacion-rio-mino-natureza-ignacio-gago-asociada-ao-gdr-condado-paradanta\/"},"wordCount":787,"commentCount":0,"publisher":{"@id":"https:\/\/www.anovapeneira.gal\/#organization"},"image":{"@id":"https:\/\/www.anovapeneira.gal\/index.php\/2024\/02\/08\/nace-en-arbo-a-asociacion-rio-mino-natureza-ignacio-gago-asociada-ao-gdr-condado-paradanta\/#primaryimage"},"thumbnailUrl":"https:\/\/www.anovapeneira.gal\/wp-content\/uploads\/2024\/02\/ignacio_gago.jpg","keywords":["Concello de Arbo"],"articleSection":["Condado"],"inLanguage":"gl-ES","potentialAction":[{"@type":"CommentAction","name":"Comment","target":["https:\/\/www.anovapeneira.gal\/index.php\/2024\/02\/08\/nace-en-arbo-a-asociacion-rio-mino-natureza-ignacio-gago-asociada-ao-gdr-condado-paradanta\/#respond"]}]},{"@type":"WebPage","@id":"https:\/\/www.anovapeneira.gal\/index.php\/2024\/02\/08\/nace-en-arbo-a-asociacion-rio-mino-natureza-ignacio-gago-asociada-ao-gdr-condado-paradanta\/","url":"https:\/\/www.anovapeneira.gal\/index.php\/2024\/02\/08\/nace-en-arbo-a-asociacion-rio-mino-natureza-ignacio-gago-asociada-ao-gdr-condado-paradanta\/","name":"Nace en Arbo a Asociaci\u00f3n R\u00edo Mi\u00f1o Natureza Ignacio Gago, asociada ao GDR Condado Paradanta -","isPartOf":{"@id":"https:\/\/www.anovapeneira.gal\/#website"},"primaryImageOfPage":{"@id":"https:\/\/www.anovapeneira.gal\/index.php\/2024\/02\/08\/nace-en-arbo-a-asociacion-rio-mino-natureza-ignacio-gago-asociada-ao-gdr-condado-paradanta\/#primaryimage"},"image":{"@id":"https:\/\/www.anovapeneira.gal\/index.php\/2024\/02\/08\/nace-en-arbo-a-asociacion-rio-mino-natureza-ignacio-gago-asociada-ao-gdr-condado-paradanta\/#primaryimage"},"thumbnailUrl":"https:\/\/www.anovapeneira.gal\/wp-content\/uploads\/2024\/02\/ignacio_gago.jpg","datePublished":"2024-02-08T11:00:27+00:00","description":"Xunto \u00e1 pesqueira do Coxo, en Arbo, descubrimos da man de Florencio Gago que no Tratado de L\u00edmites do 1864 aparec\u00eda co nome de \u201cpesqueira de Figueiros\u201d","breadcrumb":{"@id":"https:\/\/www.anovapeneira.gal\/index.php\/2024\/02\/08\/nace-en-arbo-a-asociacion-rio-mino-natureza-ignacio-gago-asociada-ao-gdr-condado-paradanta\/#breadcrumb"},"inLanguage":"gl-ES","potentialAction":[{"@type":"ReadAction","target":["https:\/\/www.anovapeneira.gal\/index.php\/2024\/02\/08\/nace-en-arbo-a-asociacion-rio-mino-natureza-ignacio-gago-asociada-ao-gdr-condado-paradanta\/"]}]},{"@type":"ImageObject","inLanguage":"gl-ES","@id":"https:\/\/www.anovapeneira.gal\/index.php\/2024\/02\/08\/nace-en-arbo-a-asociacion-rio-mino-natureza-ignacio-gago-asociada-ao-gdr-condado-paradanta\/#primaryimage","url":"https:\/\/www.anovapeneira.gal\/wp-content\/uploads\/2024\/02\/ignacio_gago.jpg","contentUrl":"https:\/\/www.anovapeneira.gal\/wp-content\/uploads\/2024\/02\/ignacio_gago.jpg","width":720,"height":432,"caption":"Ignacio Gago asociaci\u00f3n R\u00edo Mi\u00f1o Natureza"},{"@type":"BreadcrumbList","@id":"https:\/\/www.anovapeneira.gal\/index.php\/2024\/02\/08\/nace-en-arbo-a-asociacion-rio-mino-natureza-ignacio-gago-asociada-ao-gdr-condado-paradanta\/#breadcrumb","itemListElement":[{"@type":"ListItem","position":1,"name":"Portada","item":"https:\/\/www.anovapeneira.gal\/"},{"@type":"ListItem","position":2,"name":"Nace en Arbo a Asociaci\u00f3n R\u00edo Mi\u00f1o Natureza Ignacio Gago, asociada ao GDR Condado Paradanta"}]},{"@type":"WebSite","@id":"https:\/\/www.anovapeneira.gal\/#website","url":"https:\/\/www.anovapeneira.gal\/","name":"","description":"Xornal galego de informaci\u00f3n xeral Publicaci\u00f3n mensual de novas de Galicia e en especial dos Concellos da sur da provincia de Pontevedra.","publisher":{"@id":"https:\/\/www.anovapeneira.gal\/#organization"},"potentialAction":[{"@type":"SearchAction","target":{"@type":"EntryPoint","urlTemplate":"https:\/\/www.anovapeneira.gal\/?s={search_term_string}"},"query-input":{"@type":"PropertyValueSpecification","valueRequired":true,"valueName":"search_term_string"}}],"inLanguage":"gl-ES"},{"@type":"Organization","@id":"https:\/\/www.anovapeneira.gal\/#organization","name":"A Nova Peneira","url":"https:\/\/www.anovapeneira.gal\/","logo":{"@type":"ImageObject","inLanguage":"gl-ES","@id":"https:\/\/www.anovapeneira.gal\/#\/schema\/logo\/image\/","url":"http:\/\/www.anovapeneira.gal\/wp-content\/uploads\/2019\/06\/logo_a_nova_peneira_portal_web.png","contentUrl":"http:\/\/www.anovapeneira.gal\/wp-content\/uploads\/2019\/06\/logo_a_nova_peneira_portal_web.png","width":300,"height":100,"caption":"A Nova Peneira"},"image":{"@id":"https:\/\/www.anovapeneira.gal\/#\/schema\/logo\/image\/"},"sameAs":["https:\/\/www.facebook.com\/anovapeneira","https:\/\/x.com\/APeneira"]},{"@type":"Person","@id":"https:\/\/www.anovapeneira.gal\/#\/schema\/person\/b93e3f8932e3f8da96334607eb6ac6aa","name":"Redacci\u00f3n A Nova Peneira","image":{"@type":"ImageObject","inLanguage":"gl-ES","@id":"https:\/\/secure.gravatar.com\/avatar\/c052a2551a06e23fac63626232eaa90abd78dbcf1700fc46a2b2c89fd27b735f?s=96&d=mm&r=g","url":"https:\/\/secure.gravatar.com\/avatar\/c052a2551a06e23fac63626232eaa90abd78dbcf1700fc46a2b2c89fd27b735f?s=96&d=mm&r=g","contentUrl":"https:\/\/secure.gravatar.com\/avatar\/c052a2551a06e23fac63626232eaa90abd78dbcf1700fc46a2b2c89fd27b735f?s=96&d=mm&r=g","caption":"Redacci\u00f3n A Nova Peneira"},"sameAs":["http:\/\/www.anovapeneira.gal\/"],"url":"https:\/\/www.anovapeneira.gal\/index.php\/author\/redactor\/"}]}},"jetpack_featured_media_url":"https:\/\/www.anovapeneira.gal\/wp-content\/uploads\/2024\/02\/ignacio_gago.jpg","_links":{"self":[{"href":"https:\/\/www.anovapeneira.gal\/index.php\/wp-json\/wp\/v2\/posts\/11209","targetHints":{"allow":["GET"]}}],"collection":[{"href":"https:\/\/www.anovapeneira.gal\/index.php\/wp-json\/wp\/v2\/posts"}],"about":[{"href":"https:\/\/www.anovapeneira.gal\/index.php\/wp-json\/wp\/v2\/types\/post"}],"author":[{"embeddable":true,"href":"https:\/\/www.anovapeneira.gal\/index.php\/wp-json\/wp\/v2\/users\/3"}],"replies":[{"embeddable":true,"href":"https:\/\/www.anovapeneira.gal\/index.php\/wp-json\/wp\/v2\/comments?post=11209"}],"version-history":[{"count":1,"href":"https:\/\/www.anovapeneira.gal\/index.php\/wp-json\/wp\/v2\/posts\/11209\/revisions"}],"predecessor-version":[{"id":11210,"href":"https:\/\/www.anovapeneira.gal\/index.php\/wp-json\/wp\/v2\/posts\/11209\/revisions\/11210"}],"wp:featuredmedia":[{"embeddable":true,"href":"https:\/\/www.anovapeneira.gal\/index.php\/wp-json\/wp\/v2\/media\/11211"}],"wp:attachment":[{"href":"https:\/\/www.anovapeneira.gal\/index.php\/wp-json\/wp\/v2\/media?parent=11209"}],"wp:term":[{"taxonomy":"category","embeddable":true,"href":"https:\/\/www.anovapeneira.gal\/index.php\/wp-json\/wp\/v2\/categories?post=11209"},{"taxonomy":"post_tag","embeddable":true,"href":"https:\/\/www.anovapeneira.gal\/index.php\/wp-json\/wp\/v2\/tags?post=11209"}],"curies":[{"name":"wp","href":"https:\/\/api.w.org\/{rel}","templated":true}]}}