{"id":11218,"date":"2024-02-09T12:00:43","date_gmt":"2024-02-09T11:00:43","guid":{"rendered":"https:\/\/www.anovapeneira.gal\/?p=11218"},"modified":"2024-02-07T08:14:11","modified_gmt":"2024-02-07T07:14:11","slug":"pablo-barcia-destaca-que-unha-lei-promovida-polo-ppdeg-consegue-o-mantemento-da-actual-praza-de-pediatria-de-mondariz","status":"publish","type":"post","link":"https:\/\/www.anovapeneira.gal\/index.php\/2024\/02\/09\/pablo-barcia-destaca-que-unha-lei-promovida-polo-ppdeg-consegue-o-mantemento-da-actual-praza-de-pediatria-de-mondariz\/","title":{"rendered":"Pablo Barcia destaca que unha lei promovida polo PPdeG consegue o mantemento da actual praza de pediatr\u00eda de Mondariz"},"content":{"rendered":"\n<ul class=\"wp-block-list\">\n<li>O voceiro municipal do PP confirma que o Sergas vai dar soluci\u00f3n a este posto de dif\u00edcil cobertura confirmando a s\u00faa continuidade de xeito compartido co Concello de Covelo como na actualidade <\/li>\n<\/ul>\n\n\n\n<ul class=\"wp-block-list\">\n<li>A praza cubrirase mediante un concurso de m\u00e9ritos sen necesidade de oposici\u00f3n que se resolver\u00e1 nos vindeiros d\u00edas, unha f\u00f3rmula permitida por unha lei promovida polo PP co voto en contra de PSdeG e BNG <\/li>\n<\/ul>\n\n\n\n<ul class=\"wp-block-list\">\n<li>Agradece o traballo do xerente, Javier Puente, e anuncia que en vindeiras datas desprazarase ata Mondariz para manter unha reuni\u00f3n informativa cos veci\u00f1os para explicar a situaci\u00f3n sanitaria <\/li>\n<\/ul>\n\n\n\n<h2 class=\"wp-block-heading\">\u201cMentres os partidos de esquerdas s\u00f3 montan barullos, manifestaci\u00f3ns e manipulaci\u00f3ns ante un problema de car\u00e1cter nacional, desde o PP traballamos e conseguimos o que precisa Mondariz\u201d, manifestou<\/h2>\n\n\n\n<p><strong>Mondariz, 1 de febreiro de 2024<\/strong><\/p>\n\n\n\n<p>O voceiro municipal do PP de Mondariz, Pablo Barcia, v\u00e9n de anunciar a pr\u00f3xima cobertura con car\u00e1cter fixo da actual praza de pediatr\u00eda no centro de sa\u00fade do municipio trala resoluci\u00f3n dun concurso de m\u00e9ritos para prazas sanitarias de dif\u00edcil cobertura, que se resolver\u00e1 nos vindeiros d\u00edas e que permitir\u00e1 manter a este profesional, como na actualidade, de xeito compartido co Concello de Covelo.<\/p>\n\n\n\n<p>Esta convocatoria de 60 prazas de pediatr\u00eda de atenci\u00f3n primaria, que incl\u00fae a de Mondariz, foi anunciada en febreiro de 2023 polo presidente Rueda e realizouse a trav\u00e9s da Lei 2\/2022 de medidas extraordinarias para a provisi\u00f3n de postos de dif\u00edcil cobertura, aprobada no Parlamento de Galicia co voto en contra de BNG e PSdeG.<\/p>\n\n\n\n<p>Esta lei incentiva a cobertura destas prazas ao ofrecer o maior nivel de estabilidade laboral, obtendo unha praza fixa en propiedade, cun sistema de acceso m\u00e1is sinxelo e \u00e1xil: un concurso de m\u00e9ritos que non require exame de oposici\u00f3n. Barcia lamentou a postura de PSdeG e BNG lembrando que, se por eles fora, non se poder\u00eda realizar este proceso e cubrir esta praza e criticounos a eles e aos seus socios por encabezar protestas e reclamaci\u00f3ns de m\u00e1is persoal sanitario mentres os seus partidos votan en contra das soluci\u00f3ns.<\/p>\n\n\n\n<p>\u201cEst\u00e1bamos nunha situaci\u00f3n l\u00edmite e complexa, pero con moito traballo, que hai que dicir que se fixo desde o PP porque o goberno local desentendeuse e prefer\u00edu usar este tema para tentar sacar r\u00e9ditos electorais, pois conseguimos que se mante\u00f1a a praza actual e que se lle dea resposta a trav\u00e9s dos concursos para postos de dif\u00edcil cobertura\u201d, explicou o concelleiro popular, que cre que, deste xeito, \u201cvaise garantir que os veci\u00f1os reciban unha cobertura axeitada na atenci\u00f3n pedi\u00e1trica beneficiando aos 360 cativos de Mondariz\u201d.<\/p>\n\n\n\n<p>Pablo Barcia agradeceu o traballo, a colaboraci\u00f3n e a implicaci\u00f3n do xerente da \u00e1rea sanitaria, Javier Puente, na resoluci\u00f3n desta cuesti\u00f3n sanitaria e anunciou que, en vindeiras datas, desprazarase ata o concello para manter unha reuni\u00f3n informativa cos veci\u00f1os na que se abordar\u00e1 a situaci\u00f3n real do servizo de Pediatr\u00eda e do centro de sa\u00fade e tam\u00e9n as previsi\u00f3ns de futuro.<\/p>\n\n\n\n<p>\u201cMentres os partidos de esquerdas deron completamente as costas aos veci\u00f1os de Mondariz e se adicaron neste asunto a montar barullos, manifestaci\u00f3ns e manipulaci\u00f3ns contra a Sanidade P\u00fablica, desde o PP actuamos con responsabilidade e pux\u00e9monos a traballar para tratar de buscar unha soluci\u00f3n a un problema estrutural de car\u00e1cter nacional, que \u00e9 a falta de pediatras, e afortunadamente conseguimos o noso obxectivo de que se mante\u00f1a a praza e o servizo, xa que deb\u00e9monos exclusivamente aos veci\u00f1os e ao seu benestar\u201d, conclu\u00edu Pablo Barcia<\/p>\n","protected":false},"excerpt":{"rendered":"<div class=\"mh-excerpt\"><p>O voceiro municipal do PP confirma que o Sergas vai dar soluci\u00f3n a este posto de dif\u00edcil cobertura confirmando a s\u00faa continuidade de xeito compartido co Concello de Covelo como na actualidade  <a class=\"mh-excerpt-more\" href=\"https:\/\/www.anovapeneira.gal\/index.php\/2024\/02\/09\/pablo-barcia-destaca-que-unha-lei-promovida-polo-ppdeg-consegue-o-mantemento-da-actual-praza-de-pediatria-de-mondariz\/\" title=\"Pablo Barcia destaca que unha lei promovida polo PPdeG consegue o mantemento da actual praza de pediatr\u00eda de Mondariz\">[&#8230;]<\/a><\/p>\n<\/div>","protected":false},"author":3,"featured_media":11221,"comment_status":"open","ping_status":"open","sticky":false,"template":"","format":"standard","meta":{"_exactmetrics_skip_tracking":false,"_exactmetrics_sitenote_active":false,"_exactmetrics_sitenote_note":"","_exactmetrics_sitenote_category":0,"footnotes":""},"categories":[25],"tags":[405],"class_list":{"0":"post-11218","1":"post","2":"type-post","3":"status-publish","4":"format-standard","5":"has-post-thumbnail","7":"category-condado","8":"tag-concello-de-mondariz"},"yoast_head":"<!-- This site is optimized with the Yoast SEO plugin v27.4 - https:\/\/yoast.com\/product\/yoast-seo-wordpress\/ -->\n<title>Pablo Barcia destaca que unha lei promovida polo PPdeG consegue o mantemento da actual praza de pediatr\u00eda de Mondariz -<\/title>\n<meta name=\"description\" content=\"O voceiro municipal do PP confirma que o Sergas vai dar soluci\u00f3n a este posto de dif\u00edcil cobertura confirmando a s\u00faa continuidade de xeito compartido co Concello de Covelo como na actualidade\" \/>\n<meta name=\"robots\" content=\"index, follow, max-snippet:-1, max-image-preview:large, max-video-preview:-1\" \/>\n<link rel=\"canonical\" href=\"https:\/\/www.anovapeneira.gal\/index.php\/2024\/02\/09\/pablo-barcia-destaca-que-unha-lei-promovida-polo-ppdeg-consegue-o-mantemento-da-actual-praza-de-pediatria-de-mondariz\/\" \/>\n<meta property=\"og:locale\" content=\"gl_ES\" \/>\n<meta property=\"og:type\" content=\"article\" \/>\n<meta property=\"og:title\" content=\"Pablo Barcia destaca que unha lei promovida polo PPdeG consegue o mantemento da actual praza de pediatr\u00eda de Mondariz -\" \/>\n<meta property=\"og:description\" content=\"O voceiro municipal do PP confirma que o Sergas vai dar soluci\u00f3n a este posto de dif\u00edcil cobertura confirmando a s\u00faa continuidade de xeito compartido co Concello de Covelo como na actualidade\" \/>\n<meta property=\"og:url\" content=\"https:\/\/www.anovapeneira.gal\/index.php\/2024\/02\/09\/pablo-barcia-destaca-que-unha-lei-promovida-polo-ppdeg-consegue-o-mantemento-da-actual-praza-de-pediatria-de-mondariz\/\" \/>\n<meta property=\"article:publisher\" content=\"https:\/\/www.facebook.com\/anovapeneira\" \/>\n<meta property=\"article:published_time\" content=\"2024-02-09T11:00:43+00:00\" \/>\n<meta property=\"og:image\" content=\"https:\/\/www.anovapeneira.gal\/wp-content\/uploads\/2024\/02\/pediatria_mondariz.jpg\" \/>\n\t<meta property=\"og:image:width\" content=\"720\" \/>\n\t<meta property=\"og:image:height\" content=\"432\" \/>\n\t<meta property=\"og:image:type\" content=\"image\/jpeg\" \/>\n<meta name=\"author\" content=\"Redacci\u00f3n A Nova Peneira\" \/>\n<meta name=\"twitter:card\" content=\"summary_large_image\" \/>\n<meta name=\"twitter:creator\" content=\"@APeneira\" \/>\n<meta name=\"twitter:site\" content=\"@APeneira\" \/>\n<meta name=\"twitter:label1\" content=\"Escrito por\" \/>\n\t<meta name=\"twitter:data1\" content=\"Redacci\u00f3n A Nova Peneira\" \/>\n\t<meta name=\"twitter:label2\" content=\"Tempo de lectura\" \/>\n\t<meta name=\"twitter:data2\" content=\"4 minutos\" \/>\n<script type=\"application\/ld+json\" class=\"yoast-schema-graph\">{\"@context\":\"https:\\\/\\\/schema.org\",\"@graph\":[{\"@type\":\"Article\",\"@id\":\"https:\\\/\\\/www.anovapeneira.gal\\\/index.php\\\/2024\\\/02\\\/09\\\/pablo-barcia-destaca-que-unha-lei-promovida-polo-ppdeg-consegue-o-mantemento-da-actual-praza-de-pediatria-de-mondariz\\\/#article\",\"isPartOf\":{\"@id\":\"https:\\\/\\\/www.anovapeneira.gal\\\/index.php\\\/2024\\\/02\\\/09\\\/pablo-barcia-destaca-que-unha-lei-promovida-polo-ppdeg-consegue-o-mantemento-da-actual-praza-de-pediatria-de-mondariz\\\/\"},\"author\":{\"name\":\"Redacci\u00f3n A Nova Peneira\",\"@id\":\"https:\\\/\\\/www.anovapeneira.gal\\\/#\\\/schema\\\/person\\\/b93e3f8932e3f8da96334607eb6ac6aa\"},\"headline\":\"Pablo Barcia destaca que unha lei promovida polo PPdeG consegue o mantemento da actual praza de pediatr\u00eda de Mondariz\",\"datePublished\":\"2024-02-09T11:00:43+00:00\",\"mainEntityOfPage\":{\"@id\":\"https:\\\/\\\/www.anovapeneira.gal\\\/index.php\\\/2024\\\/02\\\/09\\\/pablo-barcia-destaca-que-unha-lei-promovida-polo-ppdeg-consegue-o-mantemento-da-actual-praza-de-pediatria-de-mondariz\\\/\"},\"wordCount\":649,\"commentCount\":0,\"publisher\":{\"@id\":\"https:\\\/\\\/www.anovapeneira.gal\\\/#organization\"},\"image\":{\"@id\":\"https:\\\/\\\/www.anovapeneira.gal\\\/index.php\\\/2024\\\/02\\\/09\\\/pablo-barcia-destaca-que-unha-lei-promovida-polo-ppdeg-consegue-o-mantemento-da-actual-praza-de-pediatria-de-mondariz\\\/#primaryimage\"},\"thumbnailUrl\":\"https:\\\/\\\/www.anovapeneira.gal\\\/wp-content\\\/uploads\\\/2024\\\/02\\\/pediatria_mondariz.jpg\",\"keywords\":[\"Concello de Mondariz\"],\"articleSection\":[\"Condado\"],\"inLanguage\":\"gl-ES\",\"potentialAction\":[{\"@type\":\"CommentAction\",\"name\":\"Comment\",\"target\":[\"https:\\\/\\\/www.anovapeneira.gal\\\/index.php\\\/2024\\\/02\\\/09\\\/pablo-barcia-destaca-que-unha-lei-promovida-polo-ppdeg-consegue-o-mantemento-da-actual-praza-de-pediatria-de-mondariz\\\/#respond\"]}]},{\"@type\":\"WebPage\",\"@id\":\"https:\\\/\\\/www.anovapeneira.gal\\\/index.php\\\/2024\\\/02\\\/09\\\/pablo-barcia-destaca-que-unha-lei-promovida-polo-ppdeg-consegue-o-mantemento-da-actual-praza-de-pediatria-de-mondariz\\\/\",\"url\":\"https:\\\/\\\/www.anovapeneira.gal\\\/index.php\\\/2024\\\/02\\\/09\\\/pablo-barcia-destaca-que-unha-lei-promovida-polo-ppdeg-consegue-o-mantemento-da-actual-praza-de-pediatria-de-mondariz\\\/\",\"name\":\"Pablo Barcia destaca que unha lei promovida polo PPdeG consegue o mantemento da actual praza de pediatr\u00eda de Mondariz -\",\"isPartOf\":{\"@id\":\"https:\\\/\\\/www.anovapeneira.gal\\\/#website\"},\"primaryImageOfPage\":{\"@id\":\"https:\\\/\\\/www.anovapeneira.gal\\\/index.php\\\/2024\\\/02\\\/09\\\/pablo-barcia-destaca-que-unha-lei-promovida-polo-ppdeg-consegue-o-mantemento-da-actual-praza-de-pediatria-de-mondariz\\\/#primaryimage\"},\"image\":{\"@id\":\"https:\\\/\\\/www.anovapeneira.gal\\\/index.php\\\/2024\\\/02\\\/09\\\/pablo-barcia-destaca-que-unha-lei-promovida-polo-ppdeg-consegue-o-mantemento-da-actual-praza-de-pediatria-de-mondariz\\\/#primaryimage\"},\"thumbnailUrl\":\"https:\\\/\\\/www.anovapeneira.gal\\\/wp-content\\\/uploads\\\/2024\\\/02\\\/pediatria_mondariz.jpg\",\"datePublished\":\"2024-02-09T11:00:43+00:00\",\"description\":\"O voceiro municipal do PP confirma que o Sergas vai dar soluci\u00f3n a este posto de dif\u00edcil cobertura confirmando a s\u00faa continuidade de xeito compartido co Concello de Covelo como na actualidade\",\"breadcrumb\":{\"@id\":\"https:\\\/\\\/www.anovapeneira.gal\\\/index.php\\\/2024\\\/02\\\/09\\\/pablo-barcia-destaca-que-unha-lei-promovida-polo-ppdeg-consegue-o-mantemento-da-actual-praza-de-pediatria-de-mondariz\\\/#breadcrumb\"},\"inLanguage\":\"gl-ES\",\"potentialAction\":[{\"@type\":\"ReadAction\",\"target\":[\"https:\\\/\\\/www.anovapeneira.gal\\\/index.php\\\/2024\\\/02\\\/09\\\/pablo-barcia-destaca-que-unha-lei-promovida-polo-ppdeg-consegue-o-mantemento-da-actual-praza-de-pediatria-de-mondariz\\\/\"]}]},{\"@type\":\"ImageObject\",\"inLanguage\":\"gl-ES\",\"@id\":\"https:\\\/\\\/www.anovapeneira.gal\\\/index.php\\\/2024\\\/02\\\/09\\\/pablo-barcia-destaca-que-unha-lei-promovida-polo-ppdeg-consegue-o-mantemento-da-actual-praza-de-pediatria-de-mondariz\\\/#primaryimage\",\"url\":\"https:\\\/\\\/www.anovapeneira.gal\\\/wp-content\\\/uploads\\\/2024\\\/02\\\/pediatria_mondariz.jpg\",\"contentUrl\":\"https:\\\/\\\/www.anovapeneira.gal\\\/wp-content\\\/uploads\\\/2024\\\/02\\\/pediatria_mondariz.jpg\",\"width\":720,\"height\":432,\"caption\":\"Pediatria Mondariz\"},{\"@type\":\"BreadcrumbList\",\"@id\":\"https:\\\/\\\/www.anovapeneira.gal\\\/index.php\\\/2024\\\/02\\\/09\\\/pablo-barcia-destaca-que-unha-lei-promovida-polo-ppdeg-consegue-o-mantemento-da-actual-praza-de-pediatria-de-mondariz\\\/#breadcrumb\",\"itemListElement\":[{\"@type\":\"ListItem\",\"position\":1,\"name\":\"Portada\",\"item\":\"https:\\\/\\\/www.anovapeneira.gal\\\/\"},{\"@type\":\"ListItem\",\"position\":2,\"name\":\"Pablo Barcia destaca que unha lei promovida polo PPdeG consegue o mantemento da actual praza de pediatr\u00eda de Mondariz\"}]},{\"@type\":\"WebSite\",\"@id\":\"https:\\\/\\\/www.anovapeneira.gal\\\/#website\",\"url\":\"https:\\\/\\\/www.anovapeneira.gal\\\/\",\"name\":\"\",\"description\":\"Xornal galego de informaci\u00f3n xeral Publicaci\u00f3n mensual de novas de Galicia e en especial dos Concellos da sur da provincia de Pontevedra.\",\"publisher\":{\"@id\":\"https:\\\/\\\/www.anovapeneira.gal\\\/#organization\"},\"potentialAction\":[{\"@type\":\"SearchAction\",\"target\":{\"@type\":\"EntryPoint\",\"urlTemplate\":\"https:\\\/\\\/www.anovapeneira.gal\\\/?s={search_term_string}\"},\"query-input\":{\"@type\":\"PropertyValueSpecification\",\"valueRequired\":true,\"valueName\":\"search_term_string\"}}],\"inLanguage\":\"gl-ES\"},{\"@type\":\"Organization\",\"@id\":\"https:\\\/\\\/www.anovapeneira.gal\\\/#organization\",\"name\":\"A Nova Peneira\",\"url\":\"https:\\\/\\\/www.anovapeneira.gal\\\/\",\"logo\":{\"@type\":\"ImageObject\",\"inLanguage\":\"gl-ES\",\"@id\":\"https:\\\/\\\/www.anovapeneira.gal\\\/#\\\/schema\\\/logo\\\/image\\\/\",\"url\":\"http:\\\/\\\/www.anovapeneira.gal\\\/wp-content\\\/uploads\\\/2019\\\/06\\\/logo_a_nova_peneira_portal_web.png\",\"contentUrl\":\"http:\\\/\\\/www.anovapeneira.gal\\\/wp-content\\\/uploads\\\/2019\\\/06\\\/logo_a_nova_peneira_portal_web.png\",\"width\":300,\"height\":100,\"caption\":\"A Nova Peneira\"},\"image\":{\"@id\":\"https:\\\/\\\/www.anovapeneira.gal\\\/#\\\/schema\\\/logo\\\/image\\\/\"},\"sameAs\":[\"https:\\\/\\\/www.facebook.com\\\/anovapeneira\",\"https:\\\/\\\/x.com\\\/APeneira\"]},{\"@type\":\"Person\",\"@id\":\"https:\\\/\\\/www.anovapeneira.gal\\\/#\\\/schema\\\/person\\\/b93e3f8932e3f8da96334607eb6ac6aa\",\"name\":\"Redacci\u00f3n A Nova Peneira\",\"image\":{\"@type\":\"ImageObject\",\"inLanguage\":\"gl-ES\",\"@id\":\"https:\\\/\\\/secure.gravatar.com\\\/avatar\\\/c052a2551a06e23fac63626232eaa90abd78dbcf1700fc46a2b2c89fd27b735f?s=96&d=mm&r=g\",\"url\":\"https:\\\/\\\/secure.gravatar.com\\\/avatar\\\/c052a2551a06e23fac63626232eaa90abd78dbcf1700fc46a2b2c89fd27b735f?s=96&d=mm&r=g\",\"contentUrl\":\"https:\\\/\\\/secure.gravatar.com\\\/avatar\\\/c052a2551a06e23fac63626232eaa90abd78dbcf1700fc46a2b2c89fd27b735f?s=96&d=mm&r=g\",\"caption\":\"Redacci\u00f3n A Nova Peneira\"},\"sameAs\":[\"http:\\\/\\\/www.anovapeneira.gal\\\/\"],\"url\":\"https:\\\/\\\/www.anovapeneira.gal\\\/index.php\\\/author\\\/redactor\\\/\"}]}<\/script>\n<!-- \/ Yoast SEO plugin. -->","yoast_head_json":{"title":"Pablo Barcia destaca que unha lei promovida polo PPdeG consegue o mantemento da actual praza de pediatr\u00eda de Mondariz -","description":"O voceiro municipal do PP confirma que o Sergas vai dar soluci\u00f3n a este posto de dif\u00edcil cobertura confirmando a s\u00faa continuidade de xeito compartido co Concello de Covelo como na actualidade","robots":{"index":"index","follow":"follow","max-snippet":"max-snippet:-1","max-image-preview":"max-image-preview:large","max-video-preview":"max-video-preview:-1"},"canonical":"https:\/\/www.anovapeneira.gal\/index.php\/2024\/02\/09\/pablo-barcia-destaca-que-unha-lei-promovida-polo-ppdeg-consegue-o-mantemento-da-actual-praza-de-pediatria-de-mondariz\/","og_locale":"gl_ES","og_type":"article","og_title":"Pablo Barcia destaca que unha lei promovida polo PPdeG consegue o mantemento da actual praza de pediatr\u00eda de Mondariz -","og_description":"O voceiro municipal do PP confirma que o Sergas vai dar soluci\u00f3n a este posto de dif\u00edcil cobertura confirmando a s\u00faa continuidade de xeito compartido co Concello de Covelo como na actualidade","og_url":"https:\/\/www.anovapeneira.gal\/index.php\/2024\/02\/09\/pablo-barcia-destaca-que-unha-lei-promovida-polo-ppdeg-consegue-o-mantemento-da-actual-praza-de-pediatria-de-mondariz\/","article_publisher":"https:\/\/www.facebook.com\/anovapeneira","article_published_time":"2024-02-09T11:00:43+00:00","og_image":[{"width":720,"height":432,"url":"https:\/\/www.anovapeneira.gal\/wp-content\/uploads\/2024\/02\/pediatria_mondariz.jpg","type":"image\/jpeg"}],"author":"Redacci\u00f3n A Nova Peneira","twitter_card":"summary_large_image","twitter_creator":"@APeneira","twitter_site":"@APeneira","twitter_misc":{"Escrito por":"Redacci\u00f3n A Nova Peneira","Tempo de lectura":"4 minutos"},"schema":{"@context":"https:\/\/schema.org","@graph":[{"@type":"Article","@id":"https:\/\/www.anovapeneira.gal\/index.php\/2024\/02\/09\/pablo-barcia-destaca-que-unha-lei-promovida-polo-ppdeg-consegue-o-mantemento-da-actual-praza-de-pediatria-de-mondariz\/#article","isPartOf":{"@id":"https:\/\/www.anovapeneira.gal\/index.php\/2024\/02\/09\/pablo-barcia-destaca-que-unha-lei-promovida-polo-ppdeg-consegue-o-mantemento-da-actual-praza-de-pediatria-de-mondariz\/"},"author":{"name":"Redacci\u00f3n A Nova Peneira","@id":"https:\/\/www.anovapeneira.gal\/#\/schema\/person\/b93e3f8932e3f8da96334607eb6ac6aa"},"headline":"Pablo Barcia destaca que unha lei promovida polo PPdeG consegue o mantemento da actual praza de pediatr\u00eda de Mondariz","datePublished":"2024-02-09T11:00:43+00:00","mainEntityOfPage":{"@id":"https:\/\/www.anovapeneira.gal\/index.php\/2024\/02\/09\/pablo-barcia-destaca-que-unha-lei-promovida-polo-ppdeg-consegue-o-mantemento-da-actual-praza-de-pediatria-de-mondariz\/"},"wordCount":649,"commentCount":0,"publisher":{"@id":"https:\/\/www.anovapeneira.gal\/#organization"},"image":{"@id":"https:\/\/www.anovapeneira.gal\/index.php\/2024\/02\/09\/pablo-barcia-destaca-que-unha-lei-promovida-polo-ppdeg-consegue-o-mantemento-da-actual-praza-de-pediatria-de-mondariz\/#primaryimage"},"thumbnailUrl":"https:\/\/www.anovapeneira.gal\/wp-content\/uploads\/2024\/02\/pediatria_mondariz.jpg","keywords":["Concello de Mondariz"],"articleSection":["Condado"],"inLanguage":"gl-ES","potentialAction":[{"@type":"CommentAction","name":"Comment","target":["https:\/\/www.anovapeneira.gal\/index.php\/2024\/02\/09\/pablo-barcia-destaca-que-unha-lei-promovida-polo-ppdeg-consegue-o-mantemento-da-actual-praza-de-pediatria-de-mondariz\/#respond"]}]},{"@type":"WebPage","@id":"https:\/\/www.anovapeneira.gal\/index.php\/2024\/02\/09\/pablo-barcia-destaca-que-unha-lei-promovida-polo-ppdeg-consegue-o-mantemento-da-actual-praza-de-pediatria-de-mondariz\/","url":"https:\/\/www.anovapeneira.gal\/index.php\/2024\/02\/09\/pablo-barcia-destaca-que-unha-lei-promovida-polo-ppdeg-consegue-o-mantemento-da-actual-praza-de-pediatria-de-mondariz\/","name":"Pablo Barcia destaca que unha lei promovida polo PPdeG consegue o mantemento da actual praza de pediatr\u00eda de Mondariz -","isPartOf":{"@id":"https:\/\/www.anovapeneira.gal\/#website"},"primaryImageOfPage":{"@id":"https:\/\/www.anovapeneira.gal\/index.php\/2024\/02\/09\/pablo-barcia-destaca-que-unha-lei-promovida-polo-ppdeg-consegue-o-mantemento-da-actual-praza-de-pediatria-de-mondariz\/#primaryimage"},"image":{"@id":"https:\/\/www.anovapeneira.gal\/index.php\/2024\/02\/09\/pablo-barcia-destaca-que-unha-lei-promovida-polo-ppdeg-consegue-o-mantemento-da-actual-praza-de-pediatria-de-mondariz\/#primaryimage"},"thumbnailUrl":"https:\/\/www.anovapeneira.gal\/wp-content\/uploads\/2024\/02\/pediatria_mondariz.jpg","datePublished":"2024-02-09T11:00:43+00:00","description":"O voceiro municipal do PP confirma que o Sergas vai dar soluci\u00f3n a este posto de dif\u00edcil cobertura confirmando a s\u00faa continuidade de xeito compartido co Concello de Covelo como na actualidade","breadcrumb":{"@id":"https:\/\/www.anovapeneira.gal\/index.php\/2024\/02\/09\/pablo-barcia-destaca-que-unha-lei-promovida-polo-ppdeg-consegue-o-mantemento-da-actual-praza-de-pediatria-de-mondariz\/#breadcrumb"},"inLanguage":"gl-ES","potentialAction":[{"@type":"ReadAction","target":["https:\/\/www.anovapeneira.gal\/index.php\/2024\/02\/09\/pablo-barcia-destaca-que-unha-lei-promovida-polo-ppdeg-consegue-o-mantemento-da-actual-praza-de-pediatria-de-mondariz\/"]}]},{"@type":"ImageObject","inLanguage":"gl-ES","@id":"https:\/\/www.anovapeneira.gal\/index.php\/2024\/02\/09\/pablo-barcia-destaca-que-unha-lei-promovida-polo-ppdeg-consegue-o-mantemento-da-actual-praza-de-pediatria-de-mondariz\/#primaryimage","url":"https:\/\/www.anovapeneira.gal\/wp-content\/uploads\/2024\/02\/pediatria_mondariz.jpg","contentUrl":"https:\/\/www.anovapeneira.gal\/wp-content\/uploads\/2024\/02\/pediatria_mondariz.jpg","width":720,"height":432,"caption":"Pediatria Mondariz"},{"@type":"BreadcrumbList","@id":"https:\/\/www.anovapeneira.gal\/index.php\/2024\/02\/09\/pablo-barcia-destaca-que-unha-lei-promovida-polo-ppdeg-consegue-o-mantemento-da-actual-praza-de-pediatria-de-mondariz\/#breadcrumb","itemListElement":[{"@type":"ListItem","position":1,"name":"Portada","item":"https:\/\/www.anovapeneira.gal\/"},{"@type":"ListItem","position":2,"name":"Pablo Barcia destaca que unha lei promovida polo PPdeG consegue o mantemento da actual praza de pediatr\u00eda de Mondariz"}]},{"@type":"WebSite","@id":"https:\/\/www.anovapeneira.gal\/#website","url":"https:\/\/www.anovapeneira.gal\/","name":"","description":"Xornal galego de informaci\u00f3n xeral Publicaci\u00f3n mensual de novas de Galicia e en especial dos Concellos da sur da provincia de Pontevedra.","publisher":{"@id":"https:\/\/www.anovapeneira.gal\/#organization"},"potentialAction":[{"@type":"SearchAction","target":{"@type":"EntryPoint","urlTemplate":"https:\/\/www.anovapeneira.gal\/?s={search_term_string}"},"query-input":{"@type":"PropertyValueSpecification","valueRequired":true,"valueName":"search_term_string"}}],"inLanguage":"gl-ES"},{"@type":"Organization","@id":"https:\/\/www.anovapeneira.gal\/#organization","name":"A Nova Peneira","url":"https:\/\/www.anovapeneira.gal\/","logo":{"@type":"ImageObject","inLanguage":"gl-ES","@id":"https:\/\/www.anovapeneira.gal\/#\/schema\/logo\/image\/","url":"http:\/\/www.anovapeneira.gal\/wp-content\/uploads\/2019\/06\/logo_a_nova_peneira_portal_web.png","contentUrl":"http:\/\/www.anovapeneira.gal\/wp-content\/uploads\/2019\/06\/logo_a_nova_peneira_portal_web.png","width":300,"height":100,"caption":"A Nova Peneira"},"image":{"@id":"https:\/\/www.anovapeneira.gal\/#\/schema\/logo\/image\/"},"sameAs":["https:\/\/www.facebook.com\/anovapeneira","https:\/\/x.com\/APeneira"]},{"@type":"Person","@id":"https:\/\/www.anovapeneira.gal\/#\/schema\/person\/b93e3f8932e3f8da96334607eb6ac6aa","name":"Redacci\u00f3n A Nova Peneira","image":{"@type":"ImageObject","inLanguage":"gl-ES","@id":"https:\/\/secure.gravatar.com\/avatar\/c052a2551a06e23fac63626232eaa90abd78dbcf1700fc46a2b2c89fd27b735f?s=96&d=mm&r=g","url":"https:\/\/secure.gravatar.com\/avatar\/c052a2551a06e23fac63626232eaa90abd78dbcf1700fc46a2b2c89fd27b735f?s=96&d=mm&r=g","contentUrl":"https:\/\/secure.gravatar.com\/avatar\/c052a2551a06e23fac63626232eaa90abd78dbcf1700fc46a2b2c89fd27b735f?s=96&d=mm&r=g","caption":"Redacci\u00f3n A Nova Peneira"},"sameAs":["http:\/\/www.anovapeneira.gal\/"],"url":"https:\/\/www.anovapeneira.gal\/index.php\/author\/redactor\/"}]}},"jetpack_featured_media_url":"https:\/\/www.anovapeneira.gal\/wp-content\/uploads\/2024\/02\/pediatria_mondariz.jpg","_links":{"self":[{"href":"https:\/\/www.anovapeneira.gal\/index.php\/wp-json\/wp\/v2\/posts\/11218","targetHints":{"allow":["GET"]}}],"collection":[{"href":"https:\/\/www.anovapeneira.gal\/index.php\/wp-json\/wp\/v2\/posts"}],"about":[{"href":"https:\/\/www.anovapeneira.gal\/index.php\/wp-json\/wp\/v2\/types\/post"}],"author":[{"embeddable":true,"href":"https:\/\/www.anovapeneira.gal\/index.php\/wp-json\/wp\/v2\/users\/3"}],"replies":[{"embeddable":true,"href":"https:\/\/www.anovapeneira.gal\/index.php\/wp-json\/wp\/v2\/comments?post=11218"}],"version-history":[{"count":2,"href":"https:\/\/www.anovapeneira.gal\/index.php\/wp-json\/wp\/v2\/posts\/11218\/revisions"}],"predecessor-version":[{"id":11220,"href":"https:\/\/www.anovapeneira.gal\/index.php\/wp-json\/wp\/v2\/posts\/11218\/revisions\/11220"}],"wp:featuredmedia":[{"embeddable":true,"href":"https:\/\/www.anovapeneira.gal\/index.php\/wp-json\/wp\/v2\/media\/11221"}],"wp:attachment":[{"href":"https:\/\/www.anovapeneira.gal\/index.php\/wp-json\/wp\/v2\/media?parent=11218"}],"wp:term":[{"taxonomy":"category","embeddable":true,"href":"https:\/\/www.anovapeneira.gal\/index.php\/wp-json\/wp\/v2\/categories?post=11218"},{"taxonomy":"post_tag","embeddable":true,"href":"https:\/\/www.anovapeneira.gal\/index.php\/wp-json\/wp\/v2\/tags?post=11218"}],"curies":[{"name":"wp","href":"https:\/\/api.w.org\/{rel}","templated":true}]}}