{"id":11227,"date":"2024-02-12T12:00:59","date_gmt":"2024-02-12T11:00:59","guid":{"rendered":"https:\/\/www.anovapeneira.gal\/?p=11227"},"modified":"2024-02-07T08:46:37","modified_gmt":"2024-02-07T07:46:37","slug":"unha-ollada-retrospectiva","status":"publish","type":"post","link":"https:\/\/www.anovapeneira.gal\/index.php\/2024\/02\/12\/unha-ollada-retrospectiva\/","title":{"rendered":"Unha ollada retrospectiva"},"content":{"rendered":"\n<pre class=\"wp-block-verse\">Manuel Alfonso Est\u00e9vez<\/pre>\n\n\n\n<p>Parece non ter importancia nin mais significaci\u00f3n que o pouco que poden representar o simple decorrer do tempo. Sen embargo, \u00a1Cantas inquietudes! \u00a1Cantas esperanzas! \u00a1Cantas realidades concretas&#8230;! E por que non dicilo: \u00a1Cantas aspiraci\u00f3ns quedadas na beira do cami\u00f1o!<br>Ilusi\u00f3ns e obras, intensas esgotadas sen florecer.<br><br>A vida dos nosos homes e mulleres, rexida polas leis biol\u00f3xicas na que o tempo sinala inexorablemente: Nacemento, crecemento e morte. Ten felizmente a s\u00faa prolongaci\u00f3n na creaci\u00f3n colectiva vixente merc\u00e9 a permanente renovaci\u00f3n dos valores individuais que a informa e comp\u00f3n.<br><br>As\u00ed os nosos homes e mulleres emigrantes na Am\u00e9rica fundaron, entre outros:<br><br>&#8211; ACCI\u00d3N GALLEGA (1.909), como \u00f3rgano dos movementos agrarios e anticaciqu\u00eds na Galiza do s\u00e9culo XX.<br><br>&#8211; El Despertar Gallego (1.922) como \u00f3rgano mensual da Federaci\u00f3n de Sociedades galegas, agrarias e culturais na Rep\u00fablica.<br><br>&#8211; El Heraldo Gallego (1.874), xornal publicado en Ourense, \u00f3rgano das colectividades galegas en La Plata (1.906 &#8211; 1.950).<br><br>&#8211; El Eco de Galicia (1.851) en Santiago de Compostela e latino Am\u00e9rica, fundado por Antonio Neira de Mosquera.<br><br>&#8211; Correo Gallego (1.878) en Santiago de Compostela centrado nos acontecementos da Galiza. En Ferrol, fundado por Jos\u00e9 Mar\u00eda Abinza, etc.<br><br>&#8211; Nova Galicia, editada en Barcelona promovida por Castelao, e financiada polo Comisariado da Generalitat Catalana. baixo a direcci\u00f3n de Rafael Dieste, con colaboradores como Basilio \u00c1lvarez, Blanco Amor, Cabanillas, Cuadrado, Rey Baltar, Su\u00e1rez Picallo, Seoane, Colmeiro, etc.<br><br>&#8211; Suevia revista rexionalista publicada por Manuel Gonz\u00e1lez Gonz\u00e1lez no 1.918 por novos literatos modernistas, en Santiago de Compostela, con grandes colaboradores e dirixida por Joaqu\u00edn Pesqueira, entre 1.913 a 1.916.<br><br>&#8211; C\u00e9ltiga (1.924-1.932) revista da emigraci\u00f3n galega na Arxentina, editada en Bos Aires, dirixida por Eduardo Blanco Amor, Pulpeiro e Su\u00e1rez Picallo.<br><br>&#8211; Mundo Gallego, revista do Centro de Galicia de Bos Aires.<\/p>\n\n\n\n<p>&#8211; A Fouce (1.926) de car\u00e1cter independentista voceiro da Irmandade Nazonalista Galega en Bos Aires, e logo da Sociedade Nazonalista Pondal ata xullo do 1.936.<\/p>\n\n\n\n<p>&#8211; Galeuzca, integrante da necesidade de articular un bloque tridicional solidario fronte o centralismo.<br><br>&#8211; Opini\u00f3n Galega (1.945-1.965) editada en Bos Aires polo Centro Ourens\u00e1n e Pontevedr\u00e9s en en pro da Galiza. Dirixida por Rodolfo Prada, Saco e Avelino D\u00edaz, contando con Alfonso R. Castelao, Otero Pedrayo, Aquilino Iglesias, Borob\u00f3, Ben Cho Shei, Del Riego e moitos outros.<\/p>\n\n\n\n<p>&#8211; El Orensano ( 1.860) de \u00e1mbito moral e material editado por Agust\u00edn Moldes.<\/p>\n\n\n\n<p>&#8211; El Orensano (1.944) editado en Bos Aires polo Centro Ourens\u00e1n.<br><br>&#8211; El avisador Orensano (1.878) publicado en Ourense.<\/p>\n\n\n\n<p>&#8211; El Maestro Orensano (1.903 \u2013 1.929) editado en Ourense dedicado a Ensinanza primaria p\u00fablica oficial e non oficial.<\/p>\n\n\n\n<p>&#8211; El L\u00e9rez (1.942) revista del Centro Pontevedr\u00e9s de Bos Aires.<\/p>\n\n\n\n<p>&#8211; EL TEA, nado en Ponteareas, como seminario independente (1.908 -1.936) e editado logo despois en Vigo e Pontevedra. Substitu\u00eddo por EL UMA defensor de los intereses do distrito de Ponteareas. Absorbido porEl Agro Celta, decenario defensor de intereses agrarios.<\/p>\n\n\n\n<p>&#8211; EL ECO DEL CONDADO (Salvaterra do Mi\u00f1o, 1.926-1.931) nado naparroquia de San Juan de Fornelos, polo p\u00e1rroco don Anselmo V\u00e1zquez Est\u00e9vez, destacando as colaboraci\u00f3ns de don Rogelio Est\u00e9vez Cambra, e a aportaci\u00f3n de poemas de Jos\u00e9 Rey Gonz\u00e1lez, Rosal\u00eda de Castro, Valent\u00edn Lamas, Carmi\u00f1a Ptieto, Barcia, Cabanillas, Lago Gonz\u00e1lez, Rodr\u00edguez El\u00edas, etc. as\u00ed como Contos de Cami\u00f1o e Contos da terra ata 1.931.<\/p>\n\n\n\n<p>&#8211; Orientaci\u00f3n Gallega (1.962-1.965) co lema: Todo pola liberdade e democracia. \u00d3rgano de expresi\u00f3n da Uni\u00f3n Federal Galega Democr\u00e1tica, dirixida por C\u00e1ndido A. Gonz\u00e1lez.<\/p>\n\n\n\n<p><br>Todo coa evoluci\u00f3n que imp\u00f3n a renovaci\u00f3n, porque o progreso implica novas concepci\u00f3ns, distintas formas de encarar problemas e arbitrar soluci\u00f3ns, porque aquel facer societario que onte era v\u00e1lido, hoxe non \u00e9 tanto. Todo \u00e9 relativo. A experiencia do pasado debera funcionar no<br>presente para proxectar o futuro, pero xa vedes o que hai.<\/p>\n\n\n\n<p>Hai, non obstante, algo de valor imponderable que \u00e9 a esencia espiritual que formou aquel mundo vital que era Galiza.<\/p>\n\n\n\n<p><br>Esta Galiza nosa, terra e nai, que nos infunde a fe a t\u00f3dolos, continuadores e gu\u00edas.<\/p>\n\n\n\n<p><br>Galiza e a s\u00faa tradici\u00f3n, a s\u00faa cultura, o seu esp\u00edrito universal, e o pobo da Am\u00e9rica foi o v\u00ednculo que nos uniu, e a forza que os impulsou.<br><br>Para todos eles vai esta ollada retrospectiva a trav\u00e9s de A Nova Peneira (A nosa), antesala da efectividade.<br><br>Eu miro hoxe o 14 de Febreiro do 2.024 con todo entusiasmo observando como aqueles nosos irm\u00e1ns al\u00e9n do mar, con vida precaria puideron en acci\u00f3n activa a colectividade galega.<\/p>\n\n\n\n<p>Dende aquel caciquil ru\u00edn e traidor modo de vida, a sorte de vivir un cambio na Galiza en xeral, que beneficiar\u00e1 a todos, sen excepci\u00f3n, est\u00e1 obrigado acudir as urnas a votar para po\u00f1er neste cambio unha nova e valente responsabilidade da Galiza Universal.<br><br>Ser\u00e1 unha labor com\u00fan e grandiosa mantendo a diversidade de pareceres e criterios, sempre dentro da terra de Rosal\u00eda e Curros, que \u00e9 a nosa terra, na que habitamos<br><br>De aqu\u00ed sa\u00edron eses homes e mulleres con solvencia moral fronte o movemento pol\u00edtico xustificando a necesidade do cambio.<\/p>\n\n\n\n<p>Hoxe temos entornado a porta para abrir a Galiza de par en par, chamando a todas e todos para compartir plenamente os principio irrenunciables para quen desexa participar.<\/p>\n\n\n\n<p>Que cheguen para todos os nosos irm\u00e1ns galegos, estas mi\u00f1as expresi\u00f3ns, como colaborador de A Nova Peneira \u00a1A nosa! Que nos manten ergueito o alento e o coraz\u00f3n en honor da Galiza.<\/p>\n","protected":false},"excerpt":{"rendered":"<div class=\"mh-excerpt\"><p>Parece non ter importancia nin mais significaci\u00f3n que o pouco que poden representar o simple decorrer do tempo. Sen embargo, \u00a1Cantas inquietudes! \u00a1Cantas esperanzas! \u00a1Cantas realidades concretas&#8230;! E por que non dicilo: \u00a1Cantas aspiraci\u00f3ns quedadas na beira do cami\u00f1o!<br \/>\nIlusi\u00f3ns e obras, intensas esgotadas sen florecer <a class=\"mh-excerpt-more\" href=\"https:\/\/www.anovapeneira.gal\/index.php\/2024\/02\/12\/unha-ollada-retrospectiva\/\" title=\"Unha ollada retrospectiva\">[&#8230;]<\/a><\/p>\n<\/div>","protected":false},"author":40,"featured_media":5108,"comment_status":"open","ping_status":"open","sticky":false,"template":"","format":"standard","meta":{"_exactmetrics_skip_tracking":false,"_exactmetrics_sitenote_active":false,"_exactmetrics_sitenote_note":"","_exactmetrics_sitenote_category":0,"footnotes":""},"categories":[7],"tags":[1257],"class_list":{"0":"post-11227","1":"post","2":"type-post","3":"status-publish","4":"format-standard","5":"has-post-thumbnail","7":"category-artigos-de-opinion","8":"tag-manuel-alfonso-estevez"},"yoast_head":"<!-- This site is optimized with the Yoast SEO plugin v27.4 - https:\/\/yoast.com\/product\/yoast-seo-wordpress\/ -->\n<title>Unha ollada retrospectiva -<\/title>\n<meta name=\"description\" content=\"Parece non ter importancia nin mais significaci\u00f3n que o pouco que poden representar o simple decorrer do tempo. Sen embargo, \u00a1Cantas inquietudes! \u00a1Cantas esperanzas! \u00a1Cantas realidades concretas...! E por que non dicilo: \u00a1Cantas aspiraci\u00f3ns quedadas na beira do cami\u00f1o!Ilusi\u00f3ns e obras, intensas esgotadas sen florecer\" \/>\n<meta name=\"robots\" content=\"index, follow, max-snippet:-1, max-image-preview:large, max-video-preview:-1\" \/>\n<link rel=\"canonical\" href=\"https:\/\/www.anovapeneira.gal\/index.php\/2024\/02\/12\/unha-ollada-retrospectiva\/\" \/>\n<meta property=\"og:locale\" content=\"gl_ES\" \/>\n<meta property=\"og:type\" content=\"article\" \/>\n<meta property=\"og:title\" content=\"Unha ollada retrospectiva -\" \/>\n<meta property=\"og:description\" content=\"Parece non ter importancia nin mais significaci\u00f3n que o pouco que poden representar o simple decorrer do tempo. Sen embargo, \u00a1Cantas inquietudes! \u00a1Cantas esperanzas! \u00a1Cantas realidades concretas...! E por que non dicilo: \u00a1Cantas aspiraci\u00f3ns quedadas na beira do cami\u00f1o!Ilusi\u00f3ns e obras, intensas esgotadas sen florecer\" \/>\n<meta property=\"og:url\" content=\"https:\/\/www.anovapeneira.gal\/index.php\/2024\/02\/12\/unha-ollada-retrospectiva\/\" \/>\n<meta property=\"article:publisher\" content=\"https:\/\/www.facebook.com\/anovapeneira\" \/>\n<meta property=\"article:published_time\" content=\"2024-02-12T11:00:59+00:00\" \/>\n<meta property=\"og:image\" content=\"https:\/\/www.anovapeneira.gal\/wp-content\/uploads\/2021\/03\/manuel_alfonso_estevez.jpg\" \/>\n\t<meta property=\"og:image:width\" content=\"720\" \/>\n\t<meta property=\"og:image:height\" content=\"432\" \/>\n\t<meta property=\"og:image:type\" content=\"image\/jpeg\" \/>\n<meta name=\"author\" content=\"Manuel Alfonso Est\u00e9vez\" \/>\n<meta name=\"twitter:card\" content=\"summary_large_image\" \/>\n<meta name=\"twitter:creator\" content=\"@APeneira\" \/>\n<meta name=\"twitter:site\" content=\"@APeneira\" \/>\n<meta name=\"twitter:label1\" content=\"Escrito por\" \/>\n\t<meta name=\"twitter:data1\" content=\"Manuel Alfonso Est\u00e9vez\" \/>\n\t<meta name=\"twitter:label2\" content=\"Tempo de lectura\" \/>\n\t<meta name=\"twitter:data2\" content=\"5 minutos\" \/>\n<script type=\"application\/ld+json\" class=\"yoast-schema-graph\">{\"@context\":\"https:\\\/\\\/schema.org\",\"@graph\":[{\"@type\":\"Article\",\"@id\":\"https:\\\/\\\/www.anovapeneira.gal\\\/index.php\\\/2024\\\/02\\\/12\\\/unha-ollada-retrospectiva\\\/#article\",\"isPartOf\":{\"@id\":\"https:\\\/\\\/www.anovapeneira.gal\\\/index.php\\\/2024\\\/02\\\/12\\\/unha-ollada-retrospectiva\\\/\"},\"author\":{\"name\":\"Manuel Alfonso Est\u00e9vez\",\"@id\":\"https:\\\/\\\/www.anovapeneira.gal\\\/#\\\/schema\\\/person\\\/6561b93d53e7a32f5d814768163bae2a\"},\"headline\":\"Unha ollada retrospectiva\",\"datePublished\":\"2024-02-12T11:00:59+00:00\",\"mainEntityOfPage\":{\"@id\":\"https:\\\/\\\/www.anovapeneira.gal\\\/index.php\\\/2024\\\/02\\\/12\\\/unha-ollada-retrospectiva\\\/\"},\"wordCount\":949,\"commentCount\":0,\"publisher\":{\"@id\":\"https:\\\/\\\/www.anovapeneira.gal\\\/#organization\"},\"image\":{\"@id\":\"https:\\\/\\\/www.anovapeneira.gal\\\/index.php\\\/2024\\\/02\\\/12\\\/unha-ollada-retrospectiva\\\/#primaryimage\"},\"thumbnailUrl\":\"https:\\\/\\\/www.anovapeneira.gal\\\/wp-content\\\/uploads\\\/2021\\\/03\\\/manuel_alfonso_estevez.jpg\",\"keywords\":[\"Manuel Alfonso Est\u00e9vez\"],\"articleSection\":[\"Artigos de opini\u00f3n\"],\"inLanguage\":\"gl-ES\",\"potentialAction\":[{\"@type\":\"CommentAction\",\"name\":\"Comment\",\"target\":[\"https:\\\/\\\/www.anovapeneira.gal\\\/index.php\\\/2024\\\/02\\\/12\\\/unha-ollada-retrospectiva\\\/#respond\"]}]},{\"@type\":\"WebPage\",\"@id\":\"https:\\\/\\\/www.anovapeneira.gal\\\/index.php\\\/2024\\\/02\\\/12\\\/unha-ollada-retrospectiva\\\/\",\"url\":\"https:\\\/\\\/www.anovapeneira.gal\\\/index.php\\\/2024\\\/02\\\/12\\\/unha-ollada-retrospectiva\\\/\",\"name\":\"Unha ollada retrospectiva -\",\"isPartOf\":{\"@id\":\"https:\\\/\\\/www.anovapeneira.gal\\\/#website\"},\"primaryImageOfPage\":{\"@id\":\"https:\\\/\\\/www.anovapeneira.gal\\\/index.php\\\/2024\\\/02\\\/12\\\/unha-ollada-retrospectiva\\\/#primaryimage\"},\"image\":{\"@id\":\"https:\\\/\\\/www.anovapeneira.gal\\\/index.php\\\/2024\\\/02\\\/12\\\/unha-ollada-retrospectiva\\\/#primaryimage\"},\"thumbnailUrl\":\"https:\\\/\\\/www.anovapeneira.gal\\\/wp-content\\\/uploads\\\/2021\\\/03\\\/manuel_alfonso_estevez.jpg\",\"datePublished\":\"2024-02-12T11:00:59+00:00\",\"description\":\"Parece non ter importancia nin mais significaci\u00f3n que o pouco que poden representar o simple decorrer do tempo. Sen embargo, \u00a1Cantas inquietudes! \u00a1Cantas esperanzas! \u00a1Cantas realidades concretas...! E por que non dicilo: \u00a1Cantas aspiraci\u00f3ns quedadas na beira do cami\u00f1o!Ilusi\u00f3ns e obras, intensas esgotadas sen florecer\",\"breadcrumb\":{\"@id\":\"https:\\\/\\\/www.anovapeneira.gal\\\/index.php\\\/2024\\\/02\\\/12\\\/unha-ollada-retrospectiva\\\/#breadcrumb\"},\"inLanguage\":\"gl-ES\",\"potentialAction\":[{\"@type\":\"ReadAction\",\"target\":[\"https:\\\/\\\/www.anovapeneira.gal\\\/index.php\\\/2024\\\/02\\\/12\\\/unha-ollada-retrospectiva\\\/\"]}]},{\"@type\":\"ImageObject\",\"inLanguage\":\"gl-ES\",\"@id\":\"https:\\\/\\\/www.anovapeneira.gal\\\/index.php\\\/2024\\\/02\\\/12\\\/unha-ollada-retrospectiva\\\/#primaryimage\",\"url\":\"https:\\\/\\\/www.anovapeneira.gal\\\/wp-content\\\/uploads\\\/2021\\\/03\\\/manuel_alfonso_estevez.jpg\",\"contentUrl\":\"https:\\\/\\\/www.anovapeneira.gal\\\/wp-content\\\/uploads\\\/2021\\\/03\\\/manuel_alfonso_estevez.jpg\",\"width\":720,\"height\":432,\"caption\":\"Manuel Alfonso Est\u00e9vez. Historia viva de Fornelos da Ribeira\"},{\"@type\":\"BreadcrumbList\",\"@id\":\"https:\\\/\\\/www.anovapeneira.gal\\\/index.php\\\/2024\\\/02\\\/12\\\/unha-ollada-retrospectiva\\\/#breadcrumb\",\"itemListElement\":[{\"@type\":\"ListItem\",\"position\":1,\"name\":\"Portada\",\"item\":\"https:\\\/\\\/www.anovapeneira.gal\\\/\"},{\"@type\":\"ListItem\",\"position\":2,\"name\":\"Unha ollada retrospectiva\"}]},{\"@type\":\"WebSite\",\"@id\":\"https:\\\/\\\/www.anovapeneira.gal\\\/#website\",\"url\":\"https:\\\/\\\/www.anovapeneira.gal\\\/\",\"name\":\"\",\"description\":\"Xornal galego de informaci\u00f3n xeral Publicaci\u00f3n mensual de novas de Galicia e en especial dos Concellos da sur da provincia de Pontevedra.\",\"publisher\":{\"@id\":\"https:\\\/\\\/www.anovapeneira.gal\\\/#organization\"},\"potentialAction\":[{\"@type\":\"SearchAction\",\"target\":{\"@type\":\"EntryPoint\",\"urlTemplate\":\"https:\\\/\\\/www.anovapeneira.gal\\\/?s={search_term_string}\"},\"query-input\":{\"@type\":\"PropertyValueSpecification\",\"valueRequired\":true,\"valueName\":\"search_term_string\"}}],\"inLanguage\":\"gl-ES\"},{\"@type\":\"Organization\",\"@id\":\"https:\\\/\\\/www.anovapeneira.gal\\\/#organization\",\"name\":\"A Nova Peneira\",\"url\":\"https:\\\/\\\/www.anovapeneira.gal\\\/\",\"logo\":{\"@type\":\"ImageObject\",\"inLanguage\":\"gl-ES\",\"@id\":\"https:\\\/\\\/www.anovapeneira.gal\\\/#\\\/schema\\\/logo\\\/image\\\/\",\"url\":\"http:\\\/\\\/www.anovapeneira.gal\\\/wp-content\\\/uploads\\\/2019\\\/06\\\/logo_a_nova_peneira_portal_web.png\",\"contentUrl\":\"http:\\\/\\\/www.anovapeneira.gal\\\/wp-content\\\/uploads\\\/2019\\\/06\\\/logo_a_nova_peneira_portal_web.png\",\"width\":300,\"height\":100,\"caption\":\"A Nova Peneira\"},\"image\":{\"@id\":\"https:\\\/\\\/www.anovapeneira.gal\\\/#\\\/schema\\\/logo\\\/image\\\/\"},\"sameAs\":[\"https:\\\/\\\/www.facebook.com\\\/anovapeneira\",\"https:\\\/\\\/x.com\\\/APeneira\"]},{\"@type\":\"Person\",\"@id\":\"https:\\\/\\\/www.anovapeneira.gal\\\/#\\\/schema\\\/person\\\/6561b93d53e7a32f5d814768163bae2a\",\"name\":\"Manuel Alfonso Est\u00e9vez\",\"image\":{\"@type\":\"ImageObject\",\"inLanguage\":\"gl-ES\",\"@id\":\"https:\\\/\\\/secure.gravatar.com\\\/avatar\\\/f5d3e86603a02dabc520fdacad8691552cb5b3b57ede8828ababc7095c054594?s=96&d=mm&r=g\",\"url\":\"https:\\\/\\\/secure.gravatar.com\\\/avatar\\\/f5d3e86603a02dabc520fdacad8691552cb5b3b57ede8828ababc7095c054594?s=96&d=mm&r=g\",\"contentUrl\":\"https:\\\/\\\/secure.gravatar.com\\\/avatar\\\/f5d3e86603a02dabc520fdacad8691552cb5b3b57ede8828ababc7095c054594?s=96&d=mm&r=g\",\"caption\":\"Manuel Alfonso Est\u00e9vez\"},\"url\":\"https:\\\/\\\/www.anovapeneira.gal\\\/index.php\\\/author\\\/manuelalfonso\\\/\"}]}<\/script>\n<!-- \/ Yoast SEO plugin. -->","yoast_head_json":{"title":"Unha ollada retrospectiva -","description":"Parece non ter importancia nin mais significaci\u00f3n que o pouco que poden representar o simple decorrer do tempo. Sen embargo, \u00a1Cantas inquietudes! \u00a1Cantas esperanzas! \u00a1Cantas realidades concretas...! E por que non dicilo: \u00a1Cantas aspiraci\u00f3ns quedadas na beira do cami\u00f1o!Ilusi\u00f3ns e obras, intensas esgotadas sen florecer","robots":{"index":"index","follow":"follow","max-snippet":"max-snippet:-1","max-image-preview":"max-image-preview:large","max-video-preview":"max-video-preview:-1"},"canonical":"https:\/\/www.anovapeneira.gal\/index.php\/2024\/02\/12\/unha-ollada-retrospectiva\/","og_locale":"gl_ES","og_type":"article","og_title":"Unha ollada retrospectiva -","og_description":"Parece non ter importancia nin mais significaci\u00f3n que o pouco que poden representar o simple decorrer do tempo. Sen embargo, \u00a1Cantas inquietudes! \u00a1Cantas esperanzas! \u00a1Cantas realidades concretas...! E por que non dicilo: \u00a1Cantas aspiraci\u00f3ns quedadas na beira do cami\u00f1o!Ilusi\u00f3ns e obras, intensas esgotadas sen florecer","og_url":"https:\/\/www.anovapeneira.gal\/index.php\/2024\/02\/12\/unha-ollada-retrospectiva\/","article_publisher":"https:\/\/www.facebook.com\/anovapeneira","article_published_time":"2024-02-12T11:00:59+00:00","og_image":[{"width":720,"height":432,"url":"https:\/\/www.anovapeneira.gal\/wp-content\/uploads\/2021\/03\/manuel_alfonso_estevez.jpg","type":"image\/jpeg"}],"author":"Manuel Alfonso Est\u00e9vez","twitter_card":"summary_large_image","twitter_creator":"@APeneira","twitter_site":"@APeneira","twitter_misc":{"Escrito por":"Manuel Alfonso Est\u00e9vez","Tempo de lectura":"5 minutos"},"schema":{"@context":"https:\/\/schema.org","@graph":[{"@type":"Article","@id":"https:\/\/www.anovapeneira.gal\/index.php\/2024\/02\/12\/unha-ollada-retrospectiva\/#article","isPartOf":{"@id":"https:\/\/www.anovapeneira.gal\/index.php\/2024\/02\/12\/unha-ollada-retrospectiva\/"},"author":{"name":"Manuel Alfonso Est\u00e9vez","@id":"https:\/\/www.anovapeneira.gal\/#\/schema\/person\/6561b93d53e7a32f5d814768163bae2a"},"headline":"Unha ollada retrospectiva","datePublished":"2024-02-12T11:00:59+00:00","mainEntityOfPage":{"@id":"https:\/\/www.anovapeneira.gal\/index.php\/2024\/02\/12\/unha-ollada-retrospectiva\/"},"wordCount":949,"commentCount":0,"publisher":{"@id":"https:\/\/www.anovapeneira.gal\/#organization"},"image":{"@id":"https:\/\/www.anovapeneira.gal\/index.php\/2024\/02\/12\/unha-ollada-retrospectiva\/#primaryimage"},"thumbnailUrl":"https:\/\/www.anovapeneira.gal\/wp-content\/uploads\/2021\/03\/manuel_alfonso_estevez.jpg","keywords":["Manuel Alfonso Est\u00e9vez"],"articleSection":["Artigos de opini\u00f3n"],"inLanguage":"gl-ES","potentialAction":[{"@type":"CommentAction","name":"Comment","target":["https:\/\/www.anovapeneira.gal\/index.php\/2024\/02\/12\/unha-ollada-retrospectiva\/#respond"]}]},{"@type":"WebPage","@id":"https:\/\/www.anovapeneira.gal\/index.php\/2024\/02\/12\/unha-ollada-retrospectiva\/","url":"https:\/\/www.anovapeneira.gal\/index.php\/2024\/02\/12\/unha-ollada-retrospectiva\/","name":"Unha ollada retrospectiva -","isPartOf":{"@id":"https:\/\/www.anovapeneira.gal\/#website"},"primaryImageOfPage":{"@id":"https:\/\/www.anovapeneira.gal\/index.php\/2024\/02\/12\/unha-ollada-retrospectiva\/#primaryimage"},"image":{"@id":"https:\/\/www.anovapeneira.gal\/index.php\/2024\/02\/12\/unha-ollada-retrospectiva\/#primaryimage"},"thumbnailUrl":"https:\/\/www.anovapeneira.gal\/wp-content\/uploads\/2021\/03\/manuel_alfonso_estevez.jpg","datePublished":"2024-02-12T11:00:59+00:00","description":"Parece non ter importancia nin mais significaci\u00f3n que o pouco que poden representar o simple decorrer do tempo. Sen embargo, \u00a1Cantas inquietudes! \u00a1Cantas esperanzas! \u00a1Cantas realidades concretas...! E por que non dicilo: \u00a1Cantas aspiraci\u00f3ns quedadas na beira do cami\u00f1o!Ilusi\u00f3ns e obras, intensas esgotadas sen florecer","breadcrumb":{"@id":"https:\/\/www.anovapeneira.gal\/index.php\/2024\/02\/12\/unha-ollada-retrospectiva\/#breadcrumb"},"inLanguage":"gl-ES","potentialAction":[{"@type":"ReadAction","target":["https:\/\/www.anovapeneira.gal\/index.php\/2024\/02\/12\/unha-ollada-retrospectiva\/"]}]},{"@type":"ImageObject","inLanguage":"gl-ES","@id":"https:\/\/www.anovapeneira.gal\/index.php\/2024\/02\/12\/unha-ollada-retrospectiva\/#primaryimage","url":"https:\/\/www.anovapeneira.gal\/wp-content\/uploads\/2021\/03\/manuel_alfonso_estevez.jpg","contentUrl":"https:\/\/www.anovapeneira.gal\/wp-content\/uploads\/2021\/03\/manuel_alfonso_estevez.jpg","width":720,"height":432,"caption":"Manuel Alfonso Est\u00e9vez. Historia viva de Fornelos da Ribeira"},{"@type":"BreadcrumbList","@id":"https:\/\/www.anovapeneira.gal\/index.php\/2024\/02\/12\/unha-ollada-retrospectiva\/#breadcrumb","itemListElement":[{"@type":"ListItem","position":1,"name":"Portada","item":"https:\/\/www.anovapeneira.gal\/"},{"@type":"ListItem","position":2,"name":"Unha ollada retrospectiva"}]},{"@type":"WebSite","@id":"https:\/\/www.anovapeneira.gal\/#website","url":"https:\/\/www.anovapeneira.gal\/","name":"","description":"Xornal galego de informaci\u00f3n xeral Publicaci\u00f3n mensual de novas de Galicia e en especial dos Concellos da sur da provincia de Pontevedra.","publisher":{"@id":"https:\/\/www.anovapeneira.gal\/#organization"},"potentialAction":[{"@type":"SearchAction","target":{"@type":"EntryPoint","urlTemplate":"https:\/\/www.anovapeneira.gal\/?s={search_term_string}"},"query-input":{"@type":"PropertyValueSpecification","valueRequired":true,"valueName":"search_term_string"}}],"inLanguage":"gl-ES"},{"@type":"Organization","@id":"https:\/\/www.anovapeneira.gal\/#organization","name":"A Nova Peneira","url":"https:\/\/www.anovapeneira.gal\/","logo":{"@type":"ImageObject","inLanguage":"gl-ES","@id":"https:\/\/www.anovapeneira.gal\/#\/schema\/logo\/image\/","url":"http:\/\/www.anovapeneira.gal\/wp-content\/uploads\/2019\/06\/logo_a_nova_peneira_portal_web.png","contentUrl":"http:\/\/www.anovapeneira.gal\/wp-content\/uploads\/2019\/06\/logo_a_nova_peneira_portal_web.png","width":300,"height":100,"caption":"A Nova Peneira"},"image":{"@id":"https:\/\/www.anovapeneira.gal\/#\/schema\/logo\/image\/"},"sameAs":["https:\/\/www.facebook.com\/anovapeneira","https:\/\/x.com\/APeneira"]},{"@type":"Person","@id":"https:\/\/www.anovapeneira.gal\/#\/schema\/person\/6561b93d53e7a32f5d814768163bae2a","name":"Manuel Alfonso Est\u00e9vez","image":{"@type":"ImageObject","inLanguage":"gl-ES","@id":"https:\/\/secure.gravatar.com\/avatar\/f5d3e86603a02dabc520fdacad8691552cb5b3b57ede8828ababc7095c054594?s=96&d=mm&r=g","url":"https:\/\/secure.gravatar.com\/avatar\/f5d3e86603a02dabc520fdacad8691552cb5b3b57ede8828ababc7095c054594?s=96&d=mm&r=g","contentUrl":"https:\/\/secure.gravatar.com\/avatar\/f5d3e86603a02dabc520fdacad8691552cb5b3b57ede8828ababc7095c054594?s=96&d=mm&r=g","caption":"Manuel Alfonso Est\u00e9vez"},"url":"https:\/\/www.anovapeneira.gal\/index.php\/author\/manuelalfonso\/"}]}},"jetpack_featured_media_url":"https:\/\/www.anovapeneira.gal\/wp-content\/uploads\/2021\/03\/manuel_alfonso_estevez.jpg","_links":{"self":[{"href":"https:\/\/www.anovapeneira.gal\/index.php\/wp-json\/wp\/v2\/posts\/11227","targetHints":{"allow":["GET"]}}],"collection":[{"href":"https:\/\/www.anovapeneira.gal\/index.php\/wp-json\/wp\/v2\/posts"}],"about":[{"href":"https:\/\/www.anovapeneira.gal\/index.php\/wp-json\/wp\/v2\/types\/post"}],"author":[{"embeddable":true,"href":"https:\/\/www.anovapeneira.gal\/index.php\/wp-json\/wp\/v2\/users\/40"}],"replies":[{"embeddable":true,"href":"https:\/\/www.anovapeneira.gal\/index.php\/wp-json\/wp\/v2\/comments?post=11227"}],"version-history":[{"count":1,"href":"https:\/\/www.anovapeneira.gal\/index.php\/wp-json\/wp\/v2\/posts\/11227\/revisions"}],"predecessor-version":[{"id":11228,"href":"https:\/\/www.anovapeneira.gal\/index.php\/wp-json\/wp\/v2\/posts\/11227\/revisions\/11228"}],"wp:featuredmedia":[{"embeddable":true,"href":"https:\/\/www.anovapeneira.gal\/index.php\/wp-json\/wp\/v2\/media\/5108"}],"wp:attachment":[{"href":"https:\/\/www.anovapeneira.gal\/index.php\/wp-json\/wp\/v2\/media?parent=11227"}],"wp:term":[{"taxonomy":"category","embeddable":true,"href":"https:\/\/www.anovapeneira.gal\/index.php\/wp-json\/wp\/v2\/categories?post=11227"},{"taxonomy":"post_tag","embeddable":true,"href":"https:\/\/www.anovapeneira.gal\/index.php\/wp-json\/wp\/v2\/tags?post=11227"}],"curies":[{"name":"wp","href":"https:\/\/api.w.org\/{rel}","templated":true}]}}