{"id":11241,"date":"2024-02-13T12:00:32","date_gmt":"2024-02-13T11:00:32","guid":{"rendered":"https:\/\/www.anovapeneira.gal\/?p=11241"},"modified":"2024-02-08T00:21:58","modified_gmt":"2024-02-07T23:21:58","slug":"as-traidas-de-auga-de-tameiga-reunense-co-bng","status":"publish","type":"post","link":"https:\/\/www.anovapeneira.gal\/index.php\/2024\/02\/13\/as-traidas-de-auga-de-tameiga-reunense-co-bng\/","title":{"rendered":"As tra\u00eddas de auga de Tameiga reunense co BNG"},"content":{"rendered":"\n<p>A plataforma \u201cA auga \u00e9 vida\u201d, que agrupa a Comunidade de Montes de Tameiga e \u00e1s Tra\u00eddas de auga afectadas polo proxecto GS360, reuniuse con Luis Bar\u00e1 e Alexandra Fern\u00e1ndez, deputados do Bloque Nacionalista Galego, m\u00e1is o voceiro do BNG de Mos, para amosarlles o grave impacto que ter\u00eda o macro proxecto sobre os seus mananciais. &nbsp; &nbsp; *<\/p>\n\n\n\n<p>Esta xuntanza enmarcase dentro dunha xeira de reuni\u00f3ns coas forzas pol\u00edticas que concorren \u00e1s elecci\u00f3ns galegas. &nbsp; &nbsp; *<\/p>\n\n\n\n<p>Os deputados do BNG compromet\u00e9ronse a revisar este proxecto de suman a maior\u00eda parlamentaria necesaria.<\/p>\n\n\n\n<p>As comunidades de tra\u00eddas de auga afectadas polo proxecto GS360, agrupadas na plataforma A auga \u00e9 vida, convidaron aos partidos pol\u00edticos que concorren \u00e1s elecci\u00f3ns galegas a co\u00f1ecer o servizo que prestan \u00e1 poboaci\u00f3n mosense e facerlles co\u00f1ecedores do grave impacto que ter\u00eda a construci\u00f3n deste macro proxecto sobre os seus mananciais.<\/p>\n\n\n\n<p>Dentro desta xeira de reuni\u00f3ns, a primeira xuntanza tivo lugar este s\u00e1bado con Alexandra Fern\u00e1ndez e Luis Bar\u00e1, representante do BNG. Na xuntanza, membros da plataforma explicaronlle aos deputados do BNG que os acu\u00edferos de ladeira constit\u00faen reservorios nos que as augas soterradas est\u00e1n en contacto case directo coa escorrent\u00eda superficial e, polo tanto, presentan unha elevada vulnerabilidade \u00e1 contaminaci\u00f3n. Adem\u00e1is o sistema de recarga directo desde os fluxos de escorrent\u00eda superficial, ligado \u00e1 presenza de rocha de menor grao de alteraci\u00f3n en poucos metros, e as importantes pendentes da zona fan que se trate de acu\u00edferos moi sensibles \u00e1 recarga ligada a episodios de precipitaci\u00f3n.<\/p>\n\n\n\n<p>Por iso, alertan que unha obra de semellante envergadura, afectar\u00e1 a 150.000 m2, coma a proxectada polo expresidente do Celta de Vigo no monte comunal de Tameiga \u00e9 moi prexudicial para as captaci\u00f3ns de auga, xa que pon en risco nacementos e cauces de regos dada a fraxilidade da capa xeol\u00f3xica. Todos os informes realizados polas tra\u00eddas destacan que unha vez executado o proxecto reducirase significativamente a capacidade de infiltraci\u00f3n en toda a zona debido \u00e1 propia transformaci\u00f3n do relevo e aos movementos de terra en primeira instancia e, sobre todo, de xeito permanente en todas aquelas \u00e1reas que se vexan sometidas a alg\u00fan tipo de pavimentaci\u00f3n.<\/p>\n\n\n\n<p>\u201cAs tra\u00eddas de auga son anteriores \u00e1 lexislaci\u00f3n de augas, e supo\u00f1en un dereito previo lex\u00edtimamente adquirido polos seus usuarios. Xogan ca auga das familias, carecemos doutro tipo de servizo que nos garanta o auga \u00e1s miles de fogares afectados. En Mos non hai tra\u00edda municipal de auga\u201d, espuxo Roberto Rodr\u00edguez, voceiro da plataforma veci\u00f1al. Denuncia ademais que \u201das afecci\u00f3ns que causar\u00e1n as nosas tra\u00eddas as obras das cimentaci\u00f3ns non foron consideradas en ning\u00fan momento, o que sup\u00f3n unha flagrante vulneraci\u00f3n da Directiva Marco da Auga\u201d.<\/p>\n\n\n\n<p>O BNG ten claro que a pretendida reclasificaci\u00f3n dos terreos, actualmente solo r\u00fastico de especial protecci\u00f3n, foi tramitada de maneira oscurantista e dubidosa, compromet\u00e9ndose \u00e1 s\u00faa revisi\u00f3n trala chegada ao goberno para frear a especulaci\u00f3n do proxecto.<\/p>\n","protected":false},"excerpt":{"rendered":"<div class=\"mh-excerpt\"><p>A plataforma \u201cA auga \u00e9 vida\u201d, que agrupa a Comunidade de Montes de Tameiga e \u00e1s Tra\u00eddas de auga afectadas polo proxecto GS360, <a class=\"mh-excerpt-more\" href=\"https:\/\/www.anovapeneira.gal\/index.php\/2024\/02\/13\/as-traidas-de-auga-de-tameiga-reunense-co-bng\/\" title=\"As tra\u00eddas de auga de Tameiga reunense co BNG\">[&#8230;]<\/a><\/p>\n<\/div>","protected":false},"author":3,"featured_media":8265,"comment_status":"open","ping_status":"open","sticky":false,"template":"","format":"standard","meta":{"_exactmetrics_skip_tracking":false,"_exactmetrics_sitenote_active":false,"_exactmetrics_sitenote_note":"","_exactmetrics_sitenote_category":0,"footnotes":""},"categories":[23],"tags":[218],"class_list":{"0":"post-11241","1":"post","2":"type-post","3":"status-publish","4":"format-standard","5":"has-post-thumbnail","7":"category-a-lourina","8":"tag-concello-de-mos"},"yoast_head":"<!-- This site is optimized with the Yoast SEO plugin v27.4 - https:\/\/yoast.com\/product\/yoast-seo-wordpress\/ -->\n<title>As tra\u00eddas de auga de Tameiga reunense co BNG -<\/title>\n<meta name=\"description\" content=\"A plataforma \u201cA auga \u00e9 vida\u201d, que agrupa a Comunidade de Montes de Tameiga e \u00e1s Tra\u00eddas de auga afectadas polo proxecto GS360,\" \/>\n<meta name=\"robots\" content=\"index, follow, max-snippet:-1, max-image-preview:large, max-video-preview:-1\" \/>\n<link rel=\"canonical\" href=\"https:\/\/www.anovapeneira.gal\/index.php\/2024\/02\/13\/as-traidas-de-auga-de-tameiga-reunense-co-bng\/\" \/>\n<meta property=\"og:locale\" content=\"gl_ES\" \/>\n<meta property=\"og:type\" content=\"article\" \/>\n<meta property=\"og:title\" content=\"As tra\u00eddas de auga de Tameiga reunense co BNG -\" \/>\n<meta property=\"og:description\" content=\"A plataforma \u201cA auga \u00e9 vida\u201d, que agrupa a Comunidade de Montes de Tameiga e \u00e1s Tra\u00eddas de auga afectadas polo proxecto GS360,\" \/>\n<meta property=\"og:url\" content=\"https:\/\/www.anovapeneira.gal\/index.php\/2024\/02\/13\/as-traidas-de-auga-de-tameiga-reunense-co-bng\/\" \/>\n<meta property=\"article:publisher\" content=\"https:\/\/www.facebook.com\/anovapeneira\" \/>\n<meta property=\"article:published_time\" content=\"2024-02-13T11:00:32+00:00\" \/>\n<meta property=\"og:image\" content=\"https:\/\/www.anovapeneira.gal\/wp-content\/uploads\/2022\/09\/bng_logo_2.jpg\" \/>\n\t<meta property=\"og:image:width\" content=\"720\" \/>\n\t<meta property=\"og:image:height\" content=\"432\" \/>\n\t<meta property=\"og:image:type\" content=\"image\/jpeg\" \/>\n<meta name=\"author\" content=\"Redacci\u00f3n A Nova Peneira\" \/>\n<meta name=\"twitter:card\" content=\"summary_large_image\" \/>\n<meta name=\"twitter:creator\" content=\"@APeneira\" \/>\n<meta name=\"twitter:site\" content=\"@APeneira\" \/>\n<meta name=\"twitter:label1\" content=\"Escrito por\" \/>\n\t<meta name=\"twitter:data1\" content=\"Redacci\u00f3n A Nova Peneira\" \/>\n\t<meta name=\"twitter:label2\" content=\"Tempo de lectura\" \/>\n\t<meta name=\"twitter:data2\" content=\"3 minutos\" \/>\n<script type=\"application\/ld+json\" class=\"yoast-schema-graph\">{\"@context\":\"https:\\\/\\\/schema.org\",\"@graph\":[{\"@type\":\"Article\",\"@id\":\"https:\\\/\\\/www.anovapeneira.gal\\\/index.php\\\/2024\\\/02\\\/13\\\/as-traidas-de-auga-de-tameiga-reunense-co-bng\\\/#article\",\"isPartOf\":{\"@id\":\"https:\\\/\\\/www.anovapeneira.gal\\\/index.php\\\/2024\\\/02\\\/13\\\/as-traidas-de-auga-de-tameiga-reunense-co-bng\\\/\"},\"author\":{\"name\":\"Redacci\u00f3n A Nova Peneira\",\"@id\":\"https:\\\/\\\/www.anovapeneira.gal\\\/#\\\/schema\\\/person\\\/b93e3f8932e3f8da96334607eb6ac6aa\"},\"headline\":\"As tra\u00eddas de auga de Tameiga reunense co BNG\",\"datePublished\":\"2024-02-13T11:00:32+00:00\",\"mainEntityOfPage\":{\"@id\":\"https:\\\/\\\/www.anovapeneira.gal\\\/index.php\\\/2024\\\/02\\\/13\\\/as-traidas-de-auga-de-tameiga-reunense-co-bng\\\/\"},\"wordCount\":536,\"commentCount\":0,\"publisher\":{\"@id\":\"https:\\\/\\\/www.anovapeneira.gal\\\/#organization\"},\"image\":{\"@id\":\"https:\\\/\\\/www.anovapeneira.gal\\\/index.php\\\/2024\\\/02\\\/13\\\/as-traidas-de-auga-de-tameiga-reunense-co-bng\\\/#primaryimage\"},\"thumbnailUrl\":\"https:\\\/\\\/www.anovapeneira.gal\\\/wp-content\\\/uploads\\\/2022\\\/09\\\/bng_logo_2.jpg\",\"keywords\":[\"Concello de Mos\"],\"articleSection\":[\"A Louri\u00f1a\"],\"inLanguage\":\"gl-ES\",\"potentialAction\":[{\"@type\":\"CommentAction\",\"name\":\"Comment\",\"target\":[\"https:\\\/\\\/www.anovapeneira.gal\\\/index.php\\\/2024\\\/02\\\/13\\\/as-traidas-de-auga-de-tameiga-reunense-co-bng\\\/#respond\"]}]},{\"@type\":\"WebPage\",\"@id\":\"https:\\\/\\\/www.anovapeneira.gal\\\/index.php\\\/2024\\\/02\\\/13\\\/as-traidas-de-auga-de-tameiga-reunense-co-bng\\\/\",\"url\":\"https:\\\/\\\/www.anovapeneira.gal\\\/index.php\\\/2024\\\/02\\\/13\\\/as-traidas-de-auga-de-tameiga-reunense-co-bng\\\/\",\"name\":\"As tra\u00eddas de auga de Tameiga reunense co BNG -\",\"isPartOf\":{\"@id\":\"https:\\\/\\\/www.anovapeneira.gal\\\/#website\"},\"primaryImageOfPage\":{\"@id\":\"https:\\\/\\\/www.anovapeneira.gal\\\/index.php\\\/2024\\\/02\\\/13\\\/as-traidas-de-auga-de-tameiga-reunense-co-bng\\\/#primaryimage\"},\"image\":{\"@id\":\"https:\\\/\\\/www.anovapeneira.gal\\\/index.php\\\/2024\\\/02\\\/13\\\/as-traidas-de-auga-de-tameiga-reunense-co-bng\\\/#primaryimage\"},\"thumbnailUrl\":\"https:\\\/\\\/www.anovapeneira.gal\\\/wp-content\\\/uploads\\\/2022\\\/09\\\/bng_logo_2.jpg\",\"datePublished\":\"2024-02-13T11:00:32+00:00\",\"description\":\"A plataforma \u201cA auga \u00e9 vida\u201d, que agrupa a Comunidade de Montes de Tameiga e \u00e1s Tra\u00eddas de auga afectadas polo proxecto GS360,\",\"breadcrumb\":{\"@id\":\"https:\\\/\\\/www.anovapeneira.gal\\\/index.php\\\/2024\\\/02\\\/13\\\/as-traidas-de-auga-de-tameiga-reunense-co-bng\\\/#breadcrumb\"},\"inLanguage\":\"gl-ES\",\"potentialAction\":[{\"@type\":\"ReadAction\",\"target\":[\"https:\\\/\\\/www.anovapeneira.gal\\\/index.php\\\/2024\\\/02\\\/13\\\/as-traidas-de-auga-de-tameiga-reunense-co-bng\\\/\"]}]},{\"@type\":\"ImageObject\",\"inLanguage\":\"gl-ES\",\"@id\":\"https:\\\/\\\/www.anovapeneira.gal\\\/index.php\\\/2024\\\/02\\\/13\\\/as-traidas-de-auga-de-tameiga-reunense-co-bng\\\/#primaryimage\",\"url\":\"https:\\\/\\\/www.anovapeneira.gal\\\/wp-content\\\/uploads\\\/2022\\\/09\\\/bng_logo_2.jpg\",\"contentUrl\":\"https:\\\/\\\/www.anovapeneira.gal\\\/wp-content\\\/uploads\\\/2022\\\/09\\\/bng_logo_2.jpg\",\"width\":720,\"height\":432,\"caption\":\"Logotipo BNG\"},{\"@type\":\"BreadcrumbList\",\"@id\":\"https:\\\/\\\/www.anovapeneira.gal\\\/index.php\\\/2024\\\/02\\\/13\\\/as-traidas-de-auga-de-tameiga-reunense-co-bng\\\/#breadcrumb\",\"itemListElement\":[{\"@type\":\"ListItem\",\"position\":1,\"name\":\"Portada\",\"item\":\"https:\\\/\\\/www.anovapeneira.gal\\\/\"},{\"@type\":\"ListItem\",\"position\":2,\"name\":\"As tra\u00eddas de auga de Tameiga reunense co BNG\"}]},{\"@type\":\"WebSite\",\"@id\":\"https:\\\/\\\/www.anovapeneira.gal\\\/#website\",\"url\":\"https:\\\/\\\/www.anovapeneira.gal\\\/\",\"name\":\"\",\"description\":\"Xornal galego de informaci\u00f3n xeral Publicaci\u00f3n mensual de novas de Galicia e en especial dos Concellos da sur da provincia de Pontevedra.\",\"publisher\":{\"@id\":\"https:\\\/\\\/www.anovapeneira.gal\\\/#organization\"},\"potentialAction\":[{\"@type\":\"SearchAction\",\"target\":{\"@type\":\"EntryPoint\",\"urlTemplate\":\"https:\\\/\\\/www.anovapeneira.gal\\\/?s={search_term_string}\"},\"query-input\":{\"@type\":\"PropertyValueSpecification\",\"valueRequired\":true,\"valueName\":\"search_term_string\"}}],\"inLanguage\":\"gl-ES\"},{\"@type\":\"Organization\",\"@id\":\"https:\\\/\\\/www.anovapeneira.gal\\\/#organization\",\"name\":\"A Nova Peneira\",\"url\":\"https:\\\/\\\/www.anovapeneira.gal\\\/\",\"logo\":{\"@type\":\"ImageObject\",\"inLanguage\":\"gl-ES\",\"@id\":\"https:\\\/\\\/www.anovapeneira.gal\\\/#\\\/schema\\\/logo\\\/image\\\/\",\"url\":\"http:\\\/\\\/www.anovapeneira.gal\\\/wp-content\\\/uploads\\\/2019\\\/06\\\/logo_a_nova_peneira_portal_web.png\",\"contentUrl\":\"http:\\\/\\\/www.anovapeneira.gal\\\/wp-content\\\/uploads\\\/2019\\\/06\\\/logo_a_nova_peneira_portal_web.png\",\"width\":300,\"height\":100,\"caption\":\"A Nova Peneira\"},\"image\":{\"@id\":\"https:\\\/\\\/www.anovapeneira.gal\\\/#\\\/schema\\\/logo\\\/image\\\/\"},\"sameAs\":[\"https:\\\/\\\/www.facebook.com\\\/anovapeneira\",\"https:\\\/\\\/x.com\\\/APeneira\"]},{\"@type\":\"Person\",\"@id\":\"https:\\\/\\\/www.anovapeneira.gal\\\/#\\\/schema\\\/person\\\/b93e3f8932e3f8da96334607eb6ac6aa\",\"name\":\"Redacci\u00f3n A Nova Peneira\",\"image\":{\"@type\":\"ImageObject\",\"inLanguage\":\"gl-ES\",\"@id\":\"https:\\\/\\\/secure.gravatar.com\\\/avatar\\\/c052a2551a06e23fac63626232eaa90abd78dbcf1700fc46a2b2c89fd27b735f?s=96&d=mm&r=g\",\"url\":\"https:\\\/\\\/secure.gravatar.com\\\/avatar\\\/c052a2551a06e23fac63626232eaa90abd78dbcf1700fc46a2b2c89fd27b735f?s=96&d=mm&r=g\",\"contentUrl\":\"https:\\\/\\\/secure.gravatar.com\\\/avatar\\\/c052a2551a06e23fac63626232eaa90abd78dbcf1700fc46a2b2c89fd27b735f?s=96&d=mm&r=g\",\"caption\":\"Redacci\u00f3n A Nova Peneira\"},\"sameAs\":[\"http:\\\/\\\/www.anovapeneira.gal\\\/\"],\"url\":\"https:\\\/\\\/www.anovapeneira.gal\\\/index.php\\\/author\\\/redactor\\\/\"}]}<\/script>\n<!-- \/ Yoast SEO plugin. -->","yoast_head_json":{"title":"As tra\u00eddas de auga de Tameiga reunense co BNG -","description":"A plataforma \u201cA auga \u00e9 vida\u201d, que agrupa a Comunidade de Montes de Tameiga e \u00e1s Tra\u00eddas de auga afectadas polo proxecto GS360,","robots":{"index":"index","follow":"follow","max-snippet":"max-snippet:-1","max-image-preview":"max-image-preview:large","max-video-preview":"max-video-preview:-1"},"canonical":"https:\/\/www.anovapeneira.gal\/index.php\/2024\/02\/13\/as-traidas-de-auga-de-tameiga-reunense-co-bng\/","og_locale":"gl_ES","og_type":"article","og_title":"As tra\u00eddas de auga de Tameiga reunense co BNG -","og_description":"A plataforma \u201cA auga \u00e9 vida\u201d, que agrupa a Comunidade de Montes de Tameiga e \u00e1s Tra\u00eddas de auga afectadas polo proxecto GS360,","og_url":"https:\/\/www.anovapeneira.gal\/index.php\/2024\/02\/13\/as-traidas-de-auga-de-tameiga-reunense-co-bng\/","article_publisher":"https:\/\/www.facebook.com\/anovapeneira","article_published_time":"2024-02-13T11:00:32+00:00","og_image":[{"width":720,"height":432,"url":"https:\/\/www.anovapeneira.gal\/wp-content\/uploads\/2022\/09\/bng_logo_2.jpg","type":"image\/jpeg"}],"author":"Redacci\u00f3n A Nova Peneira","twitter_card":"summary_large_image","twitter_creator":"@APeneira","twitter_site":"@APeneira","twitter_misc":{"Escrito por":"Redacci\u00f3n A Nova Peneira","Tempo de lectura":"3 minutos"},"schema":{"@context":"https:\/\/schema.org","@graph":[{"@type":"Article","@id":"https:\/\/www.anovapeneira.gal\/index.php\/2024\/02\/13\/as-traidas-de-auga-de-tameiga-reunense-co-bng\/#article","isPartOf":{"@id":"https:\/\/www.anovapeneira.gal\/index.php\/2024\/02\/13\/as-traidas-de-auga-de-tameiga-reunense-co-bng\/"},"author":{"name":"Redacci\u00f3n A Nova Peneira","@id":"https:\/\/www.anovapeneira.gal\/#\/schema\/person\/b93e3f8932e3f8da96334607eb6ac6aa"},"headline":"As tra\u00eddas de auga de Tameiga reunense co BNG","datePublished":"2024-02-13T11:00:32+00:00","mainEntityOfPage":{"@id":"https:\/\/www.anovapeneira.gal\/index.php\/2024\/02\/13\/as-traidas-de-auga-de-tameiga-reunense-co-bng\/"},"wordCount":536,"commentCount":0,"publisher":{"@id":"https:\/\/www.anovapeneira.gal\/#organization"},"image":{"@id":"https:\/\/www.anovapeneira.gal\/index.php\/2024\/02\/13\/as-traidas-de-auga-de-tameiga-reunense-co-bng\/#primaryimage"},"thumbnailUrl":"https:\/\/www.anovapeneira.gal\/wp-content\/uploads\/2022\/09\/bng_logo_2.jpg","keywords":["Concello de Mos"],"articleSection":["A Louri\u00f1a"],"inLanguage":"gl-ES","potentialAction":[{"@type":"CommentAction","name":"Comment","target":["https:\/\/www.anovapeneira.gal\/index.php\/2024\/02\/13\/as-traidas-de-auga-de-tameiga-reunense-co-bng\/#respond"]}]},{"@type":"WebPage","@id":"https:\/\/www.anovapeneira.gal\/index.php\/2024\/02\/13\/as-traidas-de-auga-de-tameiga-reunense-co-bng\/","url":"https:\/\/www.anovapeneira.gal\/index.php\/2024\/02\/13\/as-traidas-de-auga-de-tameiga-reunense-co-bng\/","name":"As tra\u00eddas de auga de Tameiga reunense co BNG -","isPartOf":{"@id":"https:\/\/www.anovapeneira.gal\/#website"},"primaryImageOfPage":{"@id":"https:\/\/www.anovapeneira.gal\/index.php\/2024\/02\/13\/as-traidas-de-auga-de-tameiga-reunense-co-bng\/#primaryimage"},"image":{"@id":"https:\/\/www.anovapeneira.gal\/index.php\/2024\/02\/13\/as-traidas-de-auga-de-tameiga-reunense-co-bng\/#primaryimage"},"thumbnailUrl":"https:\/\/www.anovapeneira.gal\/wp-content\/uploads\/2022\/09\/bng_logo_2.jpg","datePublished":"2024-02-13T11:00:32+00:00","description":"A plataforma \u201cA auga \u00e9 vida\u201d, que agrupa a Comunidade de Montes de Tameiga e \u00e1s Tra\u00eddas de auga afectadas polo proxecto GS360,","breadcrumb":{"@id":"https:\/\/www.anovapeneira.gal\/index.php\/2024\/02\/13\/as-traidas-de-auga-de-tameiga-reunense-co-bng\/#breadcrumb"},"inLanguage":"gl-ES","potentialAction":[{"@type":"ReadAction","target":["https:\/\/www.anovapeneira.gal\/index.php\/2024\/02\/13\/as-traidas-de-auga-de-tameiga-reunense-co-bng\/"]}]},{"@type":"ImageObject","inLanguage":"gl-ES","@id":"https:\/\/www.anovapeneira.gal\/index.php\/2024\/02\/13\/as-traidas-de-auga-de-tameiga-reunense-co-bng\/#primaryimage","url":"https:\/\/www.anovapeneira.gal\/wp-content\/uploads\/2022\/09\/bng_logo_2.jpg","contentUrl":"https:\/\/www.anovapeneira.gal\/wp-content\/uploads\/2022\/09\/bng_logo_2.jpg","width":720,"height":432,"caption":"Logotipo BNG"},{"@type":"BreadcrumbList","@id":"https:\/\/www.anovapeneira.gal\/index.php\/2024\/02\/13\/as-traidas-de-auga-de-tameiga-reunense-co-bng\/#breadcrumb","itemListElement":[{"@type":"ListItem","position":1,"name":"Portada","item":"https:\/\/www.anovapeneira.gal\/"},{"@type":"ListItem","position":2,"name":"As tra\u00eddas de auga de Tameiga reunense co BNG"}]},{"@type":"WebSite","@id":"https:\/\/www.anovapeneira.gal\/#website","url":"https:\/\/www.anovapeneira.gal\/","name":"","description":"Xornal galego de informaci\u00f3n xeral Publicaci\u00f3n mensual de novas de Galicia e en especial dos Concellos da sur da provincia de Pontevedra.","publisher":{"@id":"https:\/\/www.anovapeneira.gal\/#organization"},"potentialAction":[{"@type":"SearchAction","target":{"@type":"EntryPoint","urlTemplate":"https:\/\/www.anovapeneira.gal\/?s={search_term_string}"},"query-input":{"@type":"PropertyValueSpecification","valueRequired":true,"valueName":"search_term_string"}}],"inLanguage":"gl-ES"},{"@type":"Organization","@id":"https:\/\/www.anovapeneira.gal\/#organization","name":"A Nova Peneira","url":"https:\/\/www.anovapeneira.gal\/","logo":{"@type":"ImageObject","inLanguage":"gl-ES","@id":"https:\/\/www.anovapeneira.gal\/#\/schema\/logo\/image\/","url":"http:\/\/www.anovapeneira.gal\/wp-content\/uploads\/2019\/06\/logo_a_nova_peneira_portal_web.png","contentUrl":"http:\/\/www.anovapeneira.gal\/wp-content\/uploads\/2019\/06\/logo_a_nova_peneira_portal_web.png","width":300,"height":100,"caption":"A Nova Peneira"},"image":{"@id":"https:\/\/www.anovapeneira.gal\/#\/schema\/logo\/image\/"},"sameAs":["https:\/\/www.facebook.com\/anovapeneira","https:\/\/x.com\/APeneira"]},{"@type":"Person","@id":"https:\/\/www.anovapeneira.gal\/#\/schema\/person\/b93e3f8932e3f8da96334607eb6ac6aa","name":"Redacci\u00f3n A Nova Peneira","image":{"@type":"ImageObject","inLanguage":"gl-ES","@id":"https:\/\/secure.gravatar.com\/avatar\/c052a2551a06e23fac63626232eaa90abd78dbcf1700fc46a2b2c89fd27b735f?s=96&d=mm&r=g","url":"https:\/\/secure.gravatar.com\/avatar\/c052a2551a06e23fac63626232eaa90abd78dbcf1700fc46a2b2c89fd27b735f?s=96&d=mm&r=g","contentUrl":"https:\/\/secure.gravatar.com\/avatar\/c052a2551a06e23fac63626232eaa90abd78dbcf1700fc46a2b2c89fd27b735f?s=96&d=mm&r=g","caption":"Redacci\u00f3n A Nova Peneira"},"sameAs":["http:\/\/www.anovapeneira.gal\/"],"url":"https:\/\/www.anovapeneira.gal\/index.php\/author\/redactor\/"}]}},"jetpack_featured_media_url":"https:\/\/www.anovapeneira.gal\/wp-content\/uploads\/2022\/09\/bng_logo_2.jpg","_links":{"self":[{"href":"https:\/\/www.anovapeneira.gal\/index.php\/wp-json\/wp\/v2\/posts\/11241","targetHints":{"allow":["GET"]}}],"collection":[{"href":"https:\/\/www.anovapeneira.gal\/index.php\/wp-json\/wp\/v2\/posts"}],"about":[{"href":"https:\/\/www.anovapeneira.gal\/index.php\/wp-json\/wp\/v2\/types\/post"}],"author":[{"embeddable":true,"href":"https:\/\/www.anovapeneira.gal\/index.php\/wp-json\/wp\/v2\/users\/3"}],"replies":[{"embeddable":true,"href":"https:\/\/www.anovapeneira.gal\/index.php\/wp-json\/wp\/v2\/comments?post=11241"}],"version-history":[{"count":1,"href":"https:\/\/www.anovapeneira.gal\/index.php\/wp-json\/wp\/v2\/posts\/11241\/revisions"}],"predecessor-version":[{"id":11242,"href":"https:\/\/www.anovapeneira.gal\/index.php\/wp-json\/wp\/v2\/posts\/11241\/revisions\/11242"}],"wp:featuredmedia":[{"embeddable":true,"href":"https:\/\/www.anovapeneira.gal\/index.php\/wp-json\/wp\/v2\/media\/8265"}],"wp:attachment":[{"href":"https:\/\/www.anovapeneira.gal\/index.php\/wp-json\/wp\/v2\/media?parent=11241"}],"wp:term":[{"taxonomy":"category","embeddable":true,"href":"https:\/\/www.anovapeneira.gal\/index.php\/wp-json\/wp\/v2\/categories?post=11241"},{"taxonomy":"post_tag","embeddable":true,"href":"https:\/\/www.anovapeneira.gal\/index.php\/wp-json\/wp\/v2\/tags?post=11241"}],"curies":[{"name":"wp","href":"https:\/\/api.w.org\/{rel}","templated":true}]}}