{"id":11243,"date":"2024-02-14T10:00:45","date_gmt":"2024-02-14T09:00:45","guid":{"rendered":"https:\/\/www.anovapeneira.gal\/?p=11243"},"modified":"2024-02-08T00:26:13","modified_gmt":"2024-02-07T23:26:13","slug":"sairmos-da-ue-e-da-otan","status":"publish","type":"post","link":"https:\/\/www.anovapeneira.gal\/index.php\/2024\/02\/14\/sairmos-da-ue-e-da-otan\/","title":{"rendered":"Sa\u00edrmos da UE e da OTAN?"},"content":{"rendered":"\n<figure class=\"wp-block-image size-full is-resized\"><img loading=\"lazy\" decoding=\"async\" width=\"190\" height=\"222\" src=\"https:\/\/www.anovapeneira.gal\/wp-content\/uploads\/2019\/07\/pedro_cortegoso_opinion_a_nova_peneira_bn.jpg\" alt=\"Pedro M. Cortegoso Gago Artigo Opini\u00f3n A Nova Peneira\" class=\"wp-image-464\" style=\"width:116px;height:auto\"\/><figcaption class=\"wp-element-caption\">Pedro M. Cortegoso Gago\nTraballador do Sergas<\/figcaption><\/figure>\n\n\n\n<p>Galiza non est\u00e1 illada do mundo, o que acontece hoxe en Palestina ou na Ucra\u00edna, as decisi\u00f3ns que se toman na Uni\u00f3n Europea e na OTAN, inciden directamente nas nosas vidas.<\/p>\n\n\n\n<p>Queir\u00e1molo ou non, estamos integrados nunha alianza militar das m\u00e1is crueis, a OTAN. Nesta estrutura pol\u00edtico militar os estados est\u00e1n sometidos ao mandato imperial dos EEUU. Para Galiza \u00e9 un gr\u00e9llete m\u00e1is da cadea opresora, para Espa\u00f1a unha garant\u00eda de manter a s\u00faa dominaci\u00f3n e a s\u00faa unidade territorial. A OTAN \u00e9 un atranco para a nosa soberan\u00eda nacional, quizais o m\u00e1is grande.<\/p>\n\n\n\n<p>Queir\u00e1molo ou non pertencer \u00e1 OTAN col\u00f3canos nun bando nesta terceira guerra mundial que se est\u00e1 desenvolvendo diante dos nosos ollos sen que n\u00f3s sexamos conscientes. Estamos no bando do imperialismo unilateral que se quer impo\u00f1er aos pobos do mundo mediante a violencia para espoliar os seus recursos naturais e humanos.<\/p>\n\n\n\n<p>A Uni\u00f3n Europea non \u00e9 sin\u00f3nimo de democracia nin de dereitos humanos, simplemente \u00e9 unha xuntanza de estados ao servizo do capital. A que manda miles de mill\u00f3ns de euros en armas para continuar a guerra da Ucra\u00edna, a que xustifica e financia o xenocidio sionista do pobo palestino. E todo isto acontece mentres medra a precariedade e aumenta o costo da vida para os \u201clibres\u201dcidad\u00e1ns do xard\u00edn europeu.<\/p>\n\n\n\n<p>Para Galiza a forzada entrada neste selecto clube non fixo m\u00e1is que agrandar os nosos problemas econ\u00f3micos e sociais. Como ben se prognosticou no seu d\u00eda, foi unha desfeita para os nosos sectores produtivos, especialmente para a industria naval, o agro e a pesca. Sectores que ainda hoxe contin\u00faan esmorecendo baixo as pol\u00edticas emanadas de Bruxelas e que son aplicadas dilixentemente desde Madrid, polo goberno central, e desde Compostela, polo goberno da Xunta. Independentemente de que partido pol\u00edtico estea exercendo as funci\u00f3ns de encargado.<\/p>\n\n\n\n<p>Mais hoxe temos outro grande problema que tam\u00e9n ven da man das pol\u00edticas enerx\u00e9ticas ditadas pola UE. Coa escusa dunha nova \u201ceconom\u00eda verde\u201d queren transformar os nosos montes nun xigantesco parque e\u00f3lico e encher as nosas costas de enormes mu\u00ed\u00f1os de vento, e todo para producir, como cos encoros nos tempos de Franco, enerx\u00eda barata para exportar e satisfacer as necesidades de industrias de enclave que lixan a nosa terra. A enerx\u00eda verde \u00e9 hoxe o negocio redondo dos \u201cfondos voitres\u201d e das empresas intermediarias; o hidr\u00f3xeno verde vai ser o novo man\u00e1 que vai solucionar todos os nosos males econ\u00f3micos e medio ambientais.<\/p>\n\n\n\n<p>Estamos comezando unha nova campa\u00f1a electoral, unha de tantas coas que n\u00f3s entrete\u00f1en ultimamente. Por\u00e9n, pouco se fala ou se tenta evitar falar do que significa a nosa pertenza \u00e1 UE ou \u00e1 OTAN. As elecci\u00f3ns deber\u00edan servir para reflexionar sobre estes e outros temas, mais s\u00f3 escoitamos frases feitas e consignas partidarias para tentar engaiolarnos.<\/p>\n\n\n\n<p>Realmente a autonom\u00eda ten competencias para facer todo o que prometen que van facer? P\u00f3dese desde a Xunta salvar a nosa pesca e a nosa agricultura? Imos impedir a inundaci\u00f3n de parques e\u00f3licos nos montes e nos mares?<\/p>\n\n\n\n<p>O sistema auton\u00f3mico \u00e9 un traxe feito a medida de Madrid, para n\u00f3s unha camisa de forza, coa intenci\u00f3n de perpetuar a nosa dependencia. Vai sendo hora de falar claro e dicirlle ao pobo galego que para vivir mellor necesitamos unha soberan\u00eda real. Para iso temos que soltar amarras, quit\u00e1rmonos a camisa de forza espa\u00f1ola e sa\u00edrmos da UE e da OTAN.<\/p>\n","protected":false},"excerpt":{"rendered":"<div class=\"mh-excerpt\"><p>Galiza non est\u00e1 illada do mundo, o que acontece hoxe en Palestina ou na Ucra\u00edna, as decisi\u00f3ns que se toman na Uni\u00f3n Europea e na OTAN, inciden directamente nas nosas vidas <a class=\"mh-excerpt-more\" href=\"https:\/\/www.anovapeneira.gal\/index.php\/2024\/02\/14\/sairmos-da-ue-e-da-otan\/\" title=\"Sa\u00edrmos da UE e da OTAN?\">[&#8230;]<\/a><\/p>\n<\/div>","protected":false},"author":4,"featured_media":584,"comment_status":"open","ping_status":"open","sticky":false,"template":"","format":"standard","meta":{"_exactmetrics_skip_tracking":false,"_exactmetrics_sitenote_active":false,"_exactmetrics_sitenote_note":"","_exactmetrics_sitenote_category":0,"footnotes":""},"categories":[7],"tags":[144],"class_list":{"0":"post-11243","1":"post","2":"type-post","3":"status-publish","4":"format-standard","5":"has-post-thumbnail","7":"category-artigos-de-opinion","8":"tag-concello-de-marin"},"yoast_head":"<!-- This site is optimized with the Yoast SEO plugin v27.4 - https:\/\/yoast.com\/product\/yoast-seo-wordpress\/ -->\n<title>Sa\u00edrmos da UE e da OTAN? -<\/title>\n<meta name=\"description\" content=\"Galiza non est\u00e1 illada do mundo, o que acontece hoxe en Palestina ou na Ucra\u00edna, as decisi\u00f3ns que se toman na Uni\u00f3n Europea e na OTAN, inciden directamente nas nosas vidas\" \/>\n<meta name=\"robots\" content=\"index, follow, max-snippet:-1, max-image-preview:large, max-video-preview:-1\" \/>\n<link rel=\"canonical\" href=\"https:\/\/www.anovapeneira.gal\/index.php\/2024\/02\/14\/sairmos-da-ue-e-da-otan\/\" \/>\n<meta property=\"og:locale\" content=\"gl_ES\" \/>\n<meta property=\"og:type\" content=\"article\" \/>\n<meta property=\"og:title\" content=\"Sa\u00edrmos da UE e da OTAN? -\" \/>\n<meta property=\"og:description\" content=\"Galiza non est\u00e1 illada do mundo, o que acontece hoxe en Palestina ou na Ucra\u00edna, as decisi\u00f3ns que se toman na Uni\u00f3n Europea e na OTAN, inciden directamente nas nosas vidas\" \/>\n<meta property=\"og:url\" content=\"https:\/\/www.anovapeneira.gal\/index.php\/2024\/02\/14\/sairmos-da-ue-e-da-otan\/\" \/>\n<meta property=\"article:publisher\" content=\"https:\/\/www.facebook.com\/anovapeneira\" \/>\n<meta property=\"article:published_time\" content=\"2024-02-14T09:00:45+00:00\" \/>\n<meta property=\"og:image\" content=\"https:\/\/www.anovapeneira.gal\/wp-content\/uploads\/2019\/07\/ARTIGO_DE_OPINION_A_NOVA_PENEIRA.jpg\" \/>\n\t<meta property=\"og:image:width\" content=\"720\" \/>\n\t<meta property=\"og:image:height\" content=\"473\" \/>\n\t<meta property=\"og:image:type\" content=\"image\/jpeg\" \/>\n<meta name=\"author\" content=\"Pedro M. Cortegoso Gago\" \/>\n<meta name=\"twitter:card\" content=\"summary_large_image\" \/>\n<meta name=\"twitter:image\" content=\"https:\/\/www.anovapeneira.gal\/wp-content\/uploads\/2019\/07\/ARTIGO_DE_OPINION_A_NOVA_PENEIRA.jpg\" \/>\n<meta name=\"twitter:creator\" content=\"@APeneira\" \/>\n<meta name=\"twitter:site\" content=\"@APeneira\" \/>\n<meta name=\"twitter:label1\" content=\"Escrito por\" \/>\n\t<meta name=\"twitter:data1\" content=\"Pedro M. Cortegoso Gago\" \/>\n\t<meta name=\"twitter:label2\" content=\"Tempo de lectura\" \/>\n\t<meta name=\"twitter:data2\" content=\"4 minutos\" \/>\n<script type=\"application\/ld+json\" class=\"yoast-schema-graph\">{\"@context\":\"https:\\\/\\\/schema.org\",\"@graph\":[{\"@type\":\"Article\",\"@id\":\"https:\\\/\\\/www.anovapeneira.gal\\\/index.php\\\/2024\\\/02\\\/14\\\/sairmos-da-ue-e-da-otan\\\/#article\",\"isPartOf\":{\"@id\":\"https:\\\/\\\/www.anovapeneira.gal\\\/index.php\\\/2024\\\/02\\\/14\\\/sairmos-da-ue-e-da-otan\\\/\"},\"author\":{\"name\":\"Pedro M. Cortegoso Gago\",\"@id\":\"https:\\\/\\\/www.anovapeneira.gal\\\/#\\\/schema\\\/person\\\/c04a9c9f722c9446e71ae434c0353337\"},\"headline\":\"Sa\u00edrmos da UE e da OTAN?\",\"datePublished\":\"2024-02-14T09:00:45+00:00\",\"mainEntityOfPage\":{\"@id\":\"https:\\\/\\\/www.anovapeneira.gal\\\/index.php\\\/2024\\\/02\\\/14\\\/sairmos-da-ue-e-da-otan\\\/\"},\"wordCount\":624,\"commentCount\":0,\"publisher\":{\"@id\":\"https:\\\/\\\/www.anovapeneira.gal\\\/#organization\"},\"image\":{\"@id\":\"https:\\\/\\\/www.anovapeneira.gal\\\/index.php\\\/2024\\\/02\\\/14\\\/sairmos-da-ue-e-da-otan\\\/#primaryimage\"},\"thumbnailUrl\":\"https:\\\/\\\/www.anovapeneira.gal\\\/wp-content\\\/uploads\\\/2019\\\/07\\\/ARTIGO_DE_OPINION_A_NOVA_PENEIRA.jpg\",\"keywords\":[\"Concello de Mar\u00edn\"],\"articleSection\":[\"Artigos de opini\u00f3n\"],\"inLanguage\":\"gl-ES\",\"potentialAction\":[{\"@type\":\"CommentAction\",\"name\":\"Comment\",\"target\":[\"https:\\\/\\\/www.anovapeneira.gal\\\/index.php\\\/2024\\\/02\\\/14\\\/sairmos-da-ue-e-da-otan\\\/#respond\"]}]},{\"@type\":\"WebPage\",\"@id\":\"https:\\\/\\\/www.anovapeneira.gal\\\/index.php\\\/2024\\\/02\\\/14\\\/sairmos-da-ue-e-da-otan\\\/\",\"url\":\"https:\\\/\\\/www.anovapeneira.gal\\\/index.php\\\/2024\\\/02\\\/14\\\/sairmos-da-ue-e-da-otan\\\/\",\"name\":\"Sa\u00edrmos da UE e da OTAN? -\",\"isPartOf\":{\"@id\":\"https:\\\/\\\/www.anovapeneira.gal\\\/#website\"},\"primaryImageOfPage\":{\"@id\":\"https:\\\/\\\/www.anovapeneira.gal\\\/index.php\\\/2024\\\/02\\\/14\\\/sairmos-da-ue-e-da-otan\\\/#primaryimage\"},\"image\":{\"@id\":\"https:\\\/\\\/www.anovapeneira.gal\\\/index.php\\\/2024\\\/02\\\/14\\\/sairmos-da-ue-e-da-otan\\\/#primaryimage\"},\"thumbnailUrl\":\"https:\\\/\\\/www.anovapeneira.gal\\\/wp-content\\\/uploads\\\/2019\\\/07\\\/ARTIGO_DE_OPINION_A_NOVA_PENEIRA.jpg\",\"datePublished\":\"2024-02-14T09:00:45+00:00\",\"description\":\"Galiza non est\u00e1 illada do mundo, o que acontece hoxe en Palestina ou na Ucra\u00edna, as decisi\u00f3ns que se toman na Uni\u00f3n Europea e na OTAN, inciden directamente nas nosas vidas\",\"breadcrumb\":{\"@id\":\"https:\\\/\\\/www.anovapeneira.gal\\\/index.php\\\/2024\\\/02\\\/14\\\/sairmos-da-ue-e-da-otan\\\/#breadcrumb\"},\"inLanguage\":\"gl-ES\",\"potentialAction\":[{\"@type\":\"ReadAction\",\"target\":[\"https:\\\/\\\/www.anovapeneira.gal\\\/index.php\\\/2024\\\/02\\\/14\\\/sairmos-da-ue-e-da-otan\\\/\"]}]},{\"@type\":\"ImageObject\",\"inLanguage\":\"gl-ES\",\"@id\":\"https:\\\/\\\/www.anovapeneira.gal\\\/index.php\\\/2024\\\/02\\\/14\\\/sairmos-da-ue-e-da-otan\\\/#primaryimage\",\"url\":\"https:\\\/\\\/www.anovapeneira.gal\\\/wp-content\\\/uploads\\\/2019\\\/07\\\/ARTIGO_DE_OPINION_A_NOVA_PENEIRA.jpg\",\"contentUrl\":\"https:\\\/\\\/www.anovapeneira.gal\\\/wp-content\\\/uploads\\\/2019\\\/07\\\/ARTIGO_DE_OPINION_A_NOVA_PENEIRA.jpg\",\"width\":720,\"height\":473,\"caption\":\"Artigo de opini\u00f3n A Nova Peneira\"},{\"@type\":\"BreadcrumbList\",\"@id\":\"https:\\\/\\\/www.anovapeneira.gal\\\/index.php\\\/2024\\\/02\\\/14\\\/sairmos-da-ue-e-da-otan\\\/#breadcrumb\",\"itemListElement\":[{\"@type\":\"ListItem\",\"position\":1,\"name\":\"Portada\",\"item\":\"https:\\\/\\\/www.anovapeneira.gal\\\/\"},{\"@type\":\"ListItem\",\"position\":2,\"name\":\"Sa\u00edrmos da UE e da OTAN?\"}]},{\"@type\":\"WebSite\",\"@id\":\"https:\\\/\\\/www.anovapeneira.gal\\\/#website\",\"url\":\"https:\\\/\\\/www.anovapeneira.gal\\\/\",\"name\":\"\",\"description\":\"Xornal galego de informaci\u00f3n xeral Publicaci\u00f3n mensual de novas de Galicia e en especial dos Concellos da sur da provincia de Pontevedra.\",\"publisher\":{\"@id\":\"https:\\\/\\\/www.anovapeneira.gal\\\/#organization\"},\"potentialAction\":[{\"@type\":\"SearchAction\",\"target\":{\"@type\":\"EntryPoint\",\"urlTemplate\":\"https:\\\/\\\/www.anovapeneira.gal\\\/?s={search_term_string}\"},\"query-input\":{\"@type\":\"PropertyValueSpecification\",\"valueRequired\":true,\"valueName\":\"search_term_string\"}}],\"inLanguage\":\"gl-ES\"},{\"@type\":\"Organization\",\"@id\":\"https:\\\/\\\/www.anovapeneira.gal\\\/#organization\",\"name\":\"A Nova Peneira\",\"url\":\"https:\\\/\\\/www.anovapeneira.gal\\\/\",\"logo\":{\"@type\":\"ImageObject\",\"inLanguage\":\"gl-ES\",\"@id\":\"https:\\\/\\\/www.anovapeneira.gal\\\/#\\\/schema\\\/logo\\\/image\\\/\",\"url\":\"http:\\\/\\\/www.anovapeneira.gal\\\/wp-content\\\/uploads\\\/2019\\\/06\\\/logo_a_nova_peneira_portal_web.png\",\"contentUrl\":\"http:\\\/\\\/www.anovapeneira.gal\\\/wp-content\\\/uploads\\\/2019\\\/06\\\/logo_a_nova_peneira_portal_web.png\",\"width\":300,\"height\":100,\"caption\":\"A Nova Peneira\"},\"image\":{\"@id\":\"https:\\\/\\\/www.anovapeneira.gal\\\/#\\\/schema\\\/logo\\\/image\\\/\"},\"sameAs\":[\"https:\\\/\\\/www.facebook.com\\\/anovapeneira\",\"https:\\\/\\\/x.com\\\/APeneira\"]},{\"@type\":\"Person\",\"@id\":\"https:\\\/\\\/www.anovapeneira.gal\\\/#\\\/schema\\\/person\\\/c04a9c9f722c9446e71ae434c0353337\",\"name\":\"Pedro M. Cortegoso Gago\",\"image\":{\"@type\":\"ImageObject\",\"inLanguage\":\"gl-ES\",\"@id\":\"https:\\\/\\\/secure.gravatar.com\\\/avatar\\\/1613b27278a972c04db5c2f04fb2cbfa9edb58d6c3e2547817ecb8240eb58381?s=96&d=mm&r=g\",\"url\":\"https:\\\/\\\/secure.gravatar.com\\\/avatar\\\/1613b27278a972c04db5c2f04fb2cbfa9edb58d6c3e2547817ecb8240eb58381?s=96&d=mm&r=g\",\"contentUrl\":\"https:\\\/\\\/secure.gravatar.com\\\/avatar\\\/1613b27278a972c04db5c2f04fb2cbfa9edb58d6c3e2547817ecb8240eb58381?s=96&d=mm&r=g\",\"caption\":\"Pedro M. Cortegoso Gago\"},\"sameAs\":[\"http:\\\/\\\/anovapeneira.gal\"],\"url\":\"https:\\\/\\\/www.anovapeneira.gal\\\/index.php\\\/author\\\/opinionpcortegoso\\\/\"}]}<\/script>\n<!-- \/ Yoast SEO plugin. -->","yoast_head_json":{"title":"Sa\u00edrmos da UE e da OTAN? -","description":"Galiza non est\u00e1 illada do mundo, o que acontece hoxe en Palestina ou na Ucra\u00edna, as decisi\u00f3ns que se toman na Uni\u00f3n Europea e na OTAN, inciden directamente nas nosas vidas","robots":{"index":"index","follow":"follow","max-snippet":"max-snippet:-1","max-image-preview":"max-image-preview:large","max-video-preview":"max-video-preview:-1"},"canonical":"https:\/\/www.anovapeneira.gal\/index.php\/2024\/02\/14\/sairmos-da-ue-e-da-otan\/","og_locale":"gl_ES","og_type":"article","og_title":"Sa\u00edrmos da UE e da OTAN? -","og_description":"Galiza non est\u00e1 illada do mundo, o que acontece hoxe en Palestina ou na Ucra\u00edna, as decisi\u00f3ns que se toman na Uni\u00f3n Europea e na OTAN, inciden directamente nas nosas vidas","og_url":"https:\/\/www.anovapeneira.gal\/index.php\/2024\/02\/14\/sairmos-da-ue-e-da-otan\/","article_publisher":"https:\/\/www.facebook.com\/anovapeneira","article_published_time":"2024-02-14T09:00:45+00:00","og_image":[{"width":720,"height":473,"url":"https:\/\/www.anovapeneira.gal\/wp-content\/uploads\/2019\/07\/ARTIGO_DE_OPINION_A_NOVA_PENEIRA.jpg","type":"image\/jpeg"}],"author":"Pedro M. Cortegoso Gago","twitter_card":"summary_large_image","twitter_image":"https:\/\/www.anovapeneira.gal\/wp-content\/uploads\/2019\/07\/ARTIGO_DE_OPINION_A_NOVA_PENEIRA.jpg","twitter_creator":"@APeneira","twitter_site":"@APeneira","twitter_misc":{"Escrito por":"Pedro M. Cortegoso Gago","Tempo de lectura":"4 minutos"},"schema":{"@context":"https:\/\/schema.org","@graph":[{"@type":"Article","@id":"https:\/\/www.anovapeneira.gal\/index.php\/2024\/02\/14\/sairmos-da-ue-e-da-otan\/#article","isPartOf":{"@id":"https:\/\/www.anovapeneira.gal\/index.php\/2024\/02\/14\/sairmos-da-ue-e-da-otan\/"},"author":{"name":"Pedro M. Cortegoso Gago","@id":"https:\/\/www.anovapeneira.gal\/#\/schema\/person\/c04a9c9f722c9446e71ae434c0353337"},"headline":"Sa\u00edrmos da UE e da OTAN?","datePublished":"2024-02-14T09:00:45+00:00","mainEntityOfPage":{"@id":"https:\/\/www.anovapeneira.gal\/index.php\/2024\/02\/14\/sairmos-da-ue-e-da-otan\/"},"wordCount":624,"commentCount":0,"publisher":{"@id":"https:\/\/www.anovapeneira.gal\/#organization"},"image":{"@id":"https:\/\/www.anovapeneira.gal\/index.php\/2024\/02\/14\/sairmos-da-ue-e-da-otan\/#primaryimage"},"thumbnailUrl":"https:\/\/www.anovapeneira.gal\/wp-content\/uploads\/2019\/07\/ARTIGO_DE_OPINION_A_NOVA_PENEIRA.jpg","keywords":["Concello de Mar\u00edn"],"articleSection":["Artigos de opini\u00f3n"],"inLanguage":"gl-ES","potentialAction":[{"@type":"CommentAction","name":"Comment","target":["https:\/\/www.anovapeneira.gal\/index.php\/2024\/02\/14\/sairmos-da-ue-e-da-otan\/#respond"]}]},{"@type":"WebPage","@id":"https:\/\/www.anovapeneira.gal\/index.php\/2024\/02\/14\/sairmos-da-ue-e-da-otan\/","url":"https:\/\/www.anovapeneira.gal\/index.php\/2024\/02\/14\/sairmos-da-ue-e-da-otan\/","name":"Sa\u00edrmos da UE e da OTAN? -","isPartOf":{"@id":"https:\/\/www.anovapeneira.gal\/#website"},"primaryImageOfPage":{"@id":"https:\/\/www.anovapeneira.gal\/index.php\/2024\/02\/14\/sairmos-da-ue-e-da-otan\/#primaryimage"},"image":{"@id":"https:\/\/www.anovapeneira.gal\/index.php\/2024\/02\/14\/sairmos-da-ue-e-da-otan\/#primaryimage"},"thumbnailUrl":"https:\/\/www.anovapeneira.gal\/wp-content\/uploads\/2019\/07\/ARTIGO_DE_OPINION_A_NOVA_PENEIRA.jpg","datePublished":"2024-02-14T09:00:45+00:00","description":"Galiza non est\u00e1 illada do mundo, o que acontece hoxe en Palestina ou na Ucra\u00edna, as decisi\u00f3ns que se toman na Uni\u00f3n Europea e na OTAN, inciden directamente nas nosas vidas","breadcrumb":{"@id":"https:\/\/www.anovapeneira.gal\/index.php\/2024\/02\/14\/sairmos-da-ue-e-da-otan\/#breadcrumb"},"inLanguage":"gl-ES","potentialAction":[{"@type":"ReadAction","target":["https:\/\/www.anovapeneira.gal\/index.php\/2024\/02\/14\/sairmos-da-ue-e-da-otan\/"]}]},{"@type":"ImageObject","inLanguage":"gl-ES","@id":"https:\/\/www.anovapeneira.gal\/index.php\/2024\/02\/14\/sairmos-da-ue-e-da-otan\/#primaryimage","url":"https:\/\/www.anovapeneira.gal\/wp-content\/uploads\/2019\/07\/ARTIGO_DE_OPINION_A_NOVA_PENEIRA.jpg","contentUrl":"https:\/\/www.anovapeneira.gal\/wp-content\/uploads\/2019\/07\/ARTIGO_DE_OPINION_A_NOVA_PENEIRA.jpg","width":720,"height":473,"caption":"Artigo de opini\u00f3n A Nova Peneira"},{"@type":"BreadcrumbList","@id":"https:\/\/www.anovapeneira.gal\/index.php\/2024\/02\/14\/sairmos-da-ue-e-da-otan\/#breadcrumb","itemListElement":[{"@type":"ListItem","position":1,"name":"Portada","item":"https:\/\/www.anovapeneira.gal\/"},{"@type":"ListItem","position":2,"name":"Sa\u00edrmos da UE e da OTAN?"}]},{"@type":"WebSite","@id":"https:\/\/www.anovapeneira.gal\/#website","url":"https:\/\/www.anovapeneira.gal\/","name":"","description":"Xornal galego de informaci\u00f3n xeral Publicaci\u00f3n mensual de novas de Galicia e en especial dos Concellos da sur da provincia de Pontevedra.","publisher":{"@id":"https:\/\/www.anovapeneira.gal\/#organization"},"potentialAction":[{"@type":"SearchAction","target":{"@type":"EntryPoint","urlTemplate":"https:\/\/www.anovapeneira.gal\/?s={search_term_string}"},"query-input":{"@type":"PropertyValueSpecification","valueRequired":true,"valueName":"search_term_string"}}],"inLanguage":"gl-ES"},{"@type":"Organization","@id":"https:\/\/www.anovapeneira.gal\/#organization","name":"A Nova Peneira","url":"https:\/\/www.anovapeneira.gal\/","logo":{"@type":"ImageObject","inLanguage":"gl-ES","@id":"https:\/\/www.anovapeneira.gal\/#\/schema\/logo\/image\/","url":"http:\/\/www.anovapeneira.gal\/wp-content\/uploads\/2019\/06\/logo_a_nova_peneira_portal_web.png","contentUrl":"http:\/\/www.anovapeneira.gal\/wp-content\/uploads\/2019\/06\/logo_a_nova_peneira_portal_web.png","width":300,"height":100,"caption":"A Nova Peneira"},"image":{"@id":"https:\/\/www.anovapeneira.gal\/#\/schema\/logo\/image\/"},"sameAs":["https:\/\/www.facebook.com\/anovapeneira","https:\/\/x.com\/APeneira"]},{"@type":"Person","@id":"https:\/\/www.anovapeneira.gal\/#\/schema\/person\/c04a9c9f722c9446e71ae434c0353337","name":"Pedro M. Cortegoso Gago","image":{"@type":"ImageObject","inLanguage":"gl-ES","@id":"https:\/\/secure.gravatar.com\/avatar\/1613b27278a972c04db5c2f04fb2cbfa9edb58d6c3e2547817ecb8240eb58381?s=96&d=mm&r=g","url":"https:\/\/secure.gravatar.com\/avatar\/1613b27278a972c04db5c2f04fb2cbfa9edb58d6c3e2547817ecb8240eb58381?s=96&d=mm&r=g","contentUrl":"https:\/\/secure.gravatar.com\/avatar\/1613b27278a972c04db5c2f04fb2cbfa9edb58d6c3e2547817ecb8240eb58381?s=96&d=mm&r=g","caption":"Pedro M. Cortegoso Gago"},"sameAs":["http:\/\/anovapeneira.gal"],"url":"https:\/\/www.anovapeneira.gal\/index.php\/author\/opinionpcortegoso\/"}]}},"jetpack_featured_media_url":"https:\/\/www.anovapeneira.gal\/wp-content\/uploads\/2019\/07\/ARTIGO_DE_OPINION_A_NOVA_PENEIRA.jpg","_links":{"self":[{"href":"https:\/\/www.anovapeneira.gal\/index.php\/wp-json\/wp\/v2\/posts\/11243","targetHints":{"allow":["GET"]}}],"collection":[{"href":"https:\/\/www.anovapeneira.gal\/index.php\/wp-json\/wp\/v2\/posts"}],"about":[{"href":"https:\/\/www.anovapeneira.gal\/index.php\/wp-json\/wp\/v2\/types\/post"}],"author":[{"embeddable":true,"href":"https:\/\/www.anovapeneira.gal\/index.php\/wp-json\/wp\/v2\/users\/4"}],"replies":[{"embeddable":true,"href":"https:\/\/www.anovapeneira.gal\/index.php\/wp-json\/wp\/v2\/comments?post=11243"}],"version-history":[{"count":1,"href":"https:\/\/www.anovapeneira.gal\/index.php\/wp-json\/wp\/v2\/posts\/11243\/revisions"}],"predecessor-version":[{"id":11244,"href":"https:\/\/www.anovapeneira.gal\/index.php\/wp-json\/wp\/v2\/posts\/11243\/revisions\/11244"}],"wp:featuredmedia":[{"embeddable":true,"href":"https:\/\/www.anovapeneira.gal\/index.php\/wp-json\/wp\/v2\/media\/584"}],"wp:attachment":[{"href":"https:\/\/www.anovapeneira.gal\/index.php\/wp-json\/wp\/v2\/media?parent=11243"}],"wp:term":[{"taxonomy":"category","embeddable":true,"href":"https:\/\/www.anovapeneira.gal\/index.php\/wp-json\/wp\/v2\/categories?post=11243"},{"taxonomy":"post_tag","embeddable":true,"href":"https:\/\/www.anovapeneira.gal\/index.php\/wp-json\/wp\/v2\/tags?post=11243"}],"curies":[{"name":"wp","href":"https:\/\/api.w.org\/{rel}","templated":true}]}}