{"id":11268,"date":"2024-02-15T12:00:59","date_gmt":"2024-02-15T11:00:59","guid":{"rendered":"https:\/\/www.anovapeneira.gal\/?p=11268"},"modified":"2024-02-14T10:11:32","modified_gmt":"2024-02-14T09:11:32","slug":"o-enterro-da-sardina-de-marin","status":"publish","type":"post","link":"https:\/\/www.anovapeneira.gal\/index.php\/2024\/02\/15\/o-enterro-da-sardina-de-marin\/","title":{"rendered":"O Enterro da Sardi\u00f1a de Mar\u00edn"},"content":{"rendered":"\n<p><strong>O pasado 14 de febreiro, como todos os anos desde finais do s\u00e9culo XIX ,e novamente desde 1976 tras a terrible par\u00e9ntese do franquismo, Mar\u00edn celebrou o seu tradicional e multitudinario Enterro da Sardi\u00f1a. Sempre se fai o m\u00e9rcores de cinza, este ano coincidiu o 14 de febreiro. E por primeira vez este 2024 cel\u00e9brase como festa de interese tur\u00edstico. O Ateneo Santa Cecilia \u00e9 a instituci\u00f3n encargada da organizaci\u00f3n deste evento. O Ateneo foi fundado en 1952 e ten un valor sobresa\u00ednte no amplo tecido asociativo marinense. O Ateneo desenvolve multitude de actividades culturais e o enterro da sardi\u00f1a \u00e9 unha das m\u00e1is importantes. N\u00f3s falamos con Celso M\u00e9ndez, el \u00e9 o delegado do Ateneo na organizaci\u00f3n do enterro. Celso a\u00ednda que natural de Cotobade leva xa moitos anos da s\u00faa vida en Mar\u00edn , localidade na que exerceu , ata que chegou o momento de gozar da xubilaci\u00f3n, a s\u00faa profesi\u00f3n de docente .<\/strong><\/p>\n\n\n\n<h2 class=\"wp-block-heading\"><strong>Celso M\u00e9ndez delegado do Ateneo Santa Cecilia na organizaci\u00f3n do enterro da sardi\u00f1a de Mar\u00edn.<\/strong><\/h2>\n\n\n\n<p>\u201c<strong>Non hai no mundo un enterro da sardi\u00f1a como o de Mar\u00edn\u201d<\/strong><\/p>\n\n\n\n<p><strong>O Enterro \u00e9 unha das actividades m\u00e1is importantes do Ateneo?<\/strong><\/p>\n\n\n\n<blockquote class=\"wp-block-quote is-layout-flow wp-block-quote-is-layout-flow\">\n<p>Si. N\u00f3s desenvolvemos moitas actividades culturais: pintura, charlas, exposici\u00f3ns&#8230;.. Pero o Enterro \u00e9 unha das tres m\u00e1is importantes xunto cos maios e a danza de espadas.<\/p>\n<\/blockquote>\n\n\n\n<p><strong>A actual edici\u00f3n do enterro \u00e9 a primeira vez que \u00e9 festa de interese tur\u00edstico, verdade?<\/strong><\/p>\n\n\n\n<blockquote class=\"wp-block-quote is-layout-flow wp-block-quote-is-layout-flow\">\n<p>Si. A nosa danza de espadas xa ti\u00f1a esta distinci\u00f3n e o enterro \u00e9 unha festa de interese tur\u00edstico desde este ano 2024.<\/p>\n<\/blockquote>\n\n\n\n<p><strong>Este ano fixestes a presentaci\u00f3n do enterro en FITUR?<\/strong><\/p>\n\n\n\n<blockquote class=\"wp-block-quote is-layout-flow wp-block-quote-is-layout-flow\">\n<p>Si, estivemos presentando a festa en Madrid xunto cos demais entroidos de Galicia. A Madrid foi Lois, o presidente do Ateneo, xunto con outros compa\u00f1eiros e o que nos contan \u00e9 que foi unha moi boa experiencia xa que \u00e9 unha forma relevante de fac\u00e9rmonos ver.<\/p>\n<\/blockquote>\n\n\n\n<p><strong>Pero v\u00f3s xa erades bastante co\u00f1ecidos en todo o estado?<\/strong><\/p>\n\n\n\n<blockquote class=\"wp-block-quote is-layout-flow wp-block-quote-is-layout-flow\">\n<p>Si, desde hai uns anos , cando chega o enterro, a maior\u00eda das TV estatais conectan en directo con Mar\u00edn.<\/p>\n<\/blockquote>\n\n\n\n<p><strong>O enterro da Sardi\u00f1a cel\u00e9brase en distintos sitios do estado pero o de Mar\u00edn ten unhas peculiaridades que o individualizan .C\u00f3ntanos as s\u00faas principais caracter\u00edsticas?<\/strong><\/p>\n\n\n\n<blockquote class=\"wp-block-quote is-layout-flow wp-block-quote-is-layout-flow\">\n<p>Si, non hai outro igual no mundo. O resto de enterros de sardi\u00f1as que hai son desfiles de comparsas. O de Mar\u00edn non. O noso \u00e9 unha procesi\u00f3n de semana santa irreverente. \u00c9 unha parodia. A xente vai en silencio, con velas, vanse apagando as luces do pobo por onde pasa o enterro, s\u00f3 quedan as luces das velas, botamos ao mar unha sardi\u00f1a de verdade e na viaxe de ida hai m\u00fasica f\u00fanebre que muda a m\u00fasica alegre cando facemos a viaxe de volta. M\u00e1is ou menos na metade da viaxe hai un serm\u00f3n e quen o le m\u00e9tese con todo o mundo. A m\u00fasica do enterro \u00e9 do 1903 e a banda de m\u00fasica vai tocando sempre.<\/p>\n<\/blockquote>\n\n\n\n<p><strong>Quen le o serm\u00f3n?<\/strong><\/p>\n\n\n\n<blockquote class=\"wp-block-quote is-layout-flow wp-block-quote-is-layout-flow\">\n<p>Normalmente un membro do Ateneo. \u00c9 como unha cantiga de escarnio. Logo do serm\u00f3n lese unha lada\u00ed\u00f1a que data de 1895.<\/p>\n<\/blockquote>\n\n\n\n<p><strong>A que hora sae o enterro?<\/strong><\/p>\n\n\n\n<blockquote class=\"wp-block-quote is-layout-flow wp-block-quote-is-layout-flow\">\n<p>Sempre \u00e1s 20:00 chova , vente ou faga o tempo que faga.<\/p>\n<\/blockquote>\n\n\n\n<p><strong>Suspendeuse algunha vez?<\/strong><\/p>\n\n\n\n<blockquote class=\"wp-block-quote is-layout-flow wp-block-quote-is-layout-flow\">\n<p>S\u00f3 d\u00faas: no ano 21 a causa da pandemia e no ano 22 por mor da traxedia do Vila de Pitanxo.<\/p>\n<\/blockquote>\n\n\n\n<p><strong>Sabemos cando se inicia a historia do enterro da Sardi\u00f1a de Mar\u00edn?<\/strong><\/p>\n\n\n\n<blockquote class=\"wp-block-quote is-layout-flow wp-block-quote-is-layout-flow\">\n<p>N\u00f3s temos constancia dun artigo xornal\u00edstico de 1882 que fala do enterro da sardi\u00f1a dese ano e que fai referencia a edici\u00f3ns anteriores. \u00c9 dicir, sabemos con certeza que \u00e9 anterior a 1882 pero non podemos precisar o ano exacto no que comezou.<\/p>\n<\/blockquote>\n\n\n\n<p><strong>Supo\u00f1o que no franquismo estar\u00eda prohibido?<\/strong><\/p>\n\n\n\n<blockquote class=\"wp-block-quote is-layout-flow wp-block-quote-is-layout-flow\">\n<p>Si, claro, como todos os entroidos. Retom\u00e1molo n\u00f3s no 1976 despois da morte de Franco.<\/p>\n<\/blockquote>\n\n\n\n<p><strong>Cando en 1976 recuperastes a tradici\u00f3n do enterro ,despois de catro d\u00e9cadas de prohibici\u00f3n, imaxino que moita xente non ter\u00eda nin idea de que era o que estabades a celebrar?<\/strong><\/p>\n\n\n\n<blockquote class=\"wp-block-quote is-layout-flow wp-block-quote-is-layout-flow\">\n<p>Desde logo, eu por exemplo que nac\u00edn na d\u00e9cada dos 50 non co\u00f1ec\u00eda o enterro. Foron se\u00f1ores maiores, que o lembraban , como por exemplo o pintor Manuel Torres, os que deron o pulo necesario para pod\u00e9rmolo retomar. Cando o sacamos \u00e1 r\u00faa o primeiro ano todos os participantes eran persoas maiores que se acordaban do enterro.<\/p>\n<\/blockquote>\n\n\n\n<p><strong>E no 76, cando fostes ao peirao a primeira vez despois de tantos anos non tivestes problemas?<\/strong><\/p>\n\n\n\n<blockquote class=\"wp-block-quote is-layout-flow wp-block-quote-is-layout-flow\">\n<p>Pois si, si que tivemos. De feito non nos quer\u00edan deixar pasar pero ben, como case todas eran persoas maiores , moi co\u00f1ecidas en Mar\u00edn, finalmente puidemos facelo. O evento sa\u00edu na prensa e ao ano seguinte xa tivemos que pedir permiso ao gobernador civil. E non creas que foi f\u00e1cil. A\u00ednda non se ti\u00f1a moi claro se esas cousas se poder\u00edan celebrar ou non, e o gobernador civil non dos deu permiso por escrito, pero digamos que nos fixo saber que mirar\u00eda para outro lado sempre que non houbese problemas.<\/p>\n<\/blockquote>\n\n\n\n<p><strong>A vinculaci\u00f3n da sociedade de Mar\u00edn co enterro como \u00e9?<\/strong><\/p>\n\n\n\n<blockquote class=\"wp-block-quote is-layout-flow wp-block-quote-is-layout-flow\">\n<p>Important\u00edsima. Milleiros de persoas asisten ao enterro, non s\u00f3 de Mar\u00edn sen\u00f3n tam\u00e9n de outras localidades. De feito cando se iniciou o enterro do loro Ravachol en Pontevedra, puxeron o evento o venres( agora \u00e9 o s\u00e1bado) para non coincidir co noso, pois moitos veci\u00f1os e veci\u00f1as de Pontevedra ach\u00e9ganse a Mar\u00edn o m\u00e9rcores de cinza para gozar do noso enterro.<\/p>\n<\/blockquote>\n\n\n\n<p><strong>Na comarca do Morrazo hai alg\u00fan evento parecido?<\/strong><\/p>\n\n\n\n<blockquote class=\"wp-block-quote is-layout-flow wp-block-quote-is-layout-flow\">\n<p>O primeiro que houbo foi o noso. Logo, sete ou oito anos despois, comezou o de Moa\u00f1a 7 que organiza a asociaci\u00f3n N\u00f3s. En Cangas faise o enterro do Momo e en Bueu o do Paxaro de Mal Agoiro.<\/p>\n<\/blockquote>\n\n\n\n<p><strong>A organizaci\u00f3n do enterro da sardi\u00f1a \u00e9 moi cara?<\/strong><\/p>\n\n\n\n<blockquote class=\"wp-block-quote is-layout-flow wp-block-quote-is-layout-flow\">\n<p>Iso pode custar todo o que un queira gastar. Pero n\u00f3s fac\u00e9mola barata porque non temos moitos cartos.<\/p>\n<\/blockquote>\n\n\n\n<p><strong>Como vos financiades?<\/strong><\/p>\n\n\n\n<blockquote class=\"wp-block-quote is-layout-flow wp-block-quote-is-layout-flow\">\n<p>O Concello colabora.<\/p>\n<\/blockquote>\n\n\n\n<p><strong>Colabora o suficiente?<\/strong><\/p>\n\n\n\n<blockquote class=\"wp-block-quote is-layout-flow wp-block-quote-is-layout-flow\">\n<p>Se dera un pouco m\u00e1is non estar\u00eda de m\u00e1is.<\/p>\n<\/blockquote>\n\n\n\n<p><strong>O Concello colabora economicamente , coa cesi\u00f3n de materiais e instalaci\u00f3ns, pero a organizaci\u00f3n \u00e9 vosa , non?<\/strong><\/p>\n\n\n\n<blockquote class=\"wp-block-quote is-layout-flow wp-block-quote-is-layout-flow\">\n<p>Si, a organizaci\u00f3n \u00e9 \u00edntegra do Ateneo.<\/p>\n\n\n<\/blockquote>\n","protected":false},"excerpt":{"rendered":"<div class=\"mh-excerpt\"><p>O pasado 14 de febreiro, como todos os anos desde finais do s\u00e9culo XIX ,e novamente desde 1976 tras a terrible par\u00e9ntese do franquismo, Mar\u00edn celebrou o seu tradicional e multitudinario Enterro da Sardi\u00f1a <a class=\"mh-excerpt-more\" href=\"https:\/\/www.anovapeneira.gal\/index.php\/2024\/02\/15\/o-enterro-da-sardina-de-marin\/\" title=\"O Enterro da Sardi\u00f1a de Mar\u00edn\">[&#8230;]<\/a><\/p>\n<\/div>","protected":false},"author":23,"featured_media":11269,"comment_status":"open","ping_status":"open","sticky":false,"template":"","format":"standard","meta":{"_exactmetrics_skip_tracking":false,"_exactmetrics_sitenote_active":false,"_exactmetrics_sitenote_note":"","_exactmetrics_sitenote_category":0,"footnotes":""},"categories":[268],"tags":[144],"class_list":{"0":"post-11268","1":"post","2":"type-post","3":"status-publish","4":"format-standard","5":"has-post-thumbnail","7":"category-morrazo-entrevistas","8":"tag-concello-de-marin"},"yoast_head":"<!-- This site is optimized with the Yoast SEO plugin v27.4 - https:\/\/yoast.com\/product\/yoast-seo-wordpress\/ -->\n<title>O Enterro da Sardi\u00f1a de Mar\u00edn -<\/title>\n<meta name=\"description\" content=\"O pasado 14 de febreiro, como todos os anos desde finais do s\u00e9culo XIX ,e novamente desde 1976 tras a terrible par\u00e9ntese do franquismo, Mar\u00edn celebrou o seu tradicional e multitudinario Enterro da Sardi\u00f1a\" \/>\n<meta name=\"robots\" content=\"index, follow, max-snippet:-1, max-image-preview:large, max-video-preview:-1\" \/>\n<link rel=\"canonical\" href=\"https:\/\/www.anovapeneira.gal\/index.php\/2024\/02\/15\/o-enterro-da-sardina-de-marin\/\" \/>\n<meta property=\"og:locale\" content=\"gl_ES\" \/>\n<meta property=\"og:type\" content=\"article\" \/>\n<meta property=\"og:title\" content=\"O Enterro da Sardi\u00f1a de Mar\u00edn -\" \/>\n<meta property=\"og:description\" content=\"O pasado 14 de febreiro, como todos os anos desde finais do s\u00e9culo XIX ,e novamente desde 1976 tras a terrible par\u00e9ntese do franquismo, Mar\u00edn celebrou o seu tradicional e multitudinario Enterro da Sardi\u00f1a\" \/>\n<meta property=\"og:url\" content=\"https:\/\/www.anovapeneira.gal\/index.php\/2024\/02\/15\/o-enterro-da-sardina-de-marin\/\" \/>\n<meta property=\"article:publisher\" content=\"https:\/\/www.facebook.com\/anovapeneira\" \/>\n<meta property=\"article:published_time\" content=\"2024-02-15T11:00:59+00:00\" \/>\n<meta property=\"og:image\" content=\"https:\/\/www.anovapeneira.gal\/wp-content\/uploads\/2024\/02\/enterro_sardina.jpg\" \/>\n\t<meta property=\"og:image:width\" content=\"720\" \/>\n\t<meta property=\"og:image:height\" content=\"432\" \/>\n\t<meta property=\"og:image:type\" content=\"image\/jpeg\" \/>\n<meta name=\"author\" content=\"Aar\u00f3n Franco\" \/>\n<meta name=\"twitter:card\" content=\"summary_large_image\" \/>\n<meta name=\"twitter:creator\" content=\"@APeneira\" \/>\n<meta name=\"twitter:site\" content=\"@APeneira\" \/>\n<meta name=\"twitter:label1\" content=\"Escrito por\" \/>\n\t<meta name=\"twitter:data1\" content=\"Aar\u00f3n Franco\" \/>\n\t<meta name=\"twitter:label2\" content=\"Tempo de lectura\" \/>\n\t<meta name=\"twitter:data2\" content=\"3 minutos\" \/>\n<script type=\"application\/ld+json\" class=\"yoast-schema-graph\">{\"@context\":\"https:\\\/\\\/schema.org\",\"@graph\":[{\"@type\":\"Article\",\"@id\":\"https:\\\/\\\/www.anovapeneira.gal\\\/index.php\\\/2024\\\/02\\\/15\\\/o-enterro-da-sardina-de-marin\\\/#article\",\"isPartOf\":{\"@id\":\"https:\\\/\\\/www.anovapeneira.gal\\\/index.php\\\/2024\\\/02\\\/15\\\/o-enterro-da-sardina-de-marin\\\/\"},\"author\":{\"name\":\"Aar\u00f3n Franco\",\"@id\":\"https:\\\/\\\/www.anovapeneira.gal\\\/#\\\/schema\\\/person\\\/a907e49c1885c12d6f281770afd68766\"},\"headline\":\"O Enterro da Sardi\u00f1a de Mar\u00edn\",\"datePublished\":\"2024-02-15T11:00:59+00:00\",\"mainEntityOfPage\":{\"@id\":\"https:\\\/\\\/www.anovapeneira.gal\\\/index.php\\\/2024\\\/02\\\/15\\\/o-enterro-da-sardina-de-marin\\\/\"},\"wordCount\":1094,\"commentCount\":0,\"publisher\":{\"@id\":\"https:\\\/\\\/www.anovapeneira.gal\\\/#organization\"},\"image\":{\"@id\":\"https:\\\/\\\/www.anovapeneira.gal\\\/index.php\\\/2024\\\/02\\\/15\\\/o-enterro-da-sardina-de-marin\\\/#primaryimage\"},\"thumbnailUrl\":\"https:\\\/\\\/www.anovapeneira.gal\\\/wp-content\\\/uploads\\\/2024\\\/02\\\/enterro_sardina.jpg\",\"keywords\":[\"Concello de Mar\u00edn\"],\"articleSection\":[\"Morrazo\"],\"inLanguage\":\"gl-ES\",\"potentialAction\":[{\"@type\":\"CommentAction\",\"name\":\"Comment\",\"target\":[\"https:\\\/\\\/www.anovapeneira.gal\\\/index.php\\\/2024\\\/02\\\/15\\\/o-enterro-da-sardina-de-marin\\\/#respond\"]}]},{\"@type\":\"WebPage\",\"@id\":\"https:\\\/\\\/www.anovapeneira.gal\\\/index.php\\\/2024\\\/02\\\/15\\\/o-enterro-da-sardina-de-marin\\\/\",\"url\":\"https:\\\/\\\/www.anovapeneira.gal\\\/index.php\\\/2024\\\/02\\\/15\\\/o-enterro-da-sardina-de-marin\\\/\",\"name\":\"O Enterro da Sardi\u00f1a de Mar\u00edn -\",\"isPartOf\":{\"@id\":\"https:\\\/\\\/www.anovapeneira.gal\\\/#website\"},\"primaryImageOfPage\":{\"@id\":\"https:\\\/\\\/www.anovapeneira.gal\\\/index.php\\\/2024\\\/02\\\/15\\\/o-enterro-da-sardina-de-marin\\\/#primaryimage\"},\"image\":{\"@id\":\"https:\\\/\\\/www.anovapeneira.gal\\\/index.php\\\/2024\\\/02\\\/15\\\/o-enterro-da-sardina-de-marin\\\/#primaryimage\"},\"thumbnailUrl\":\"https:\\\/\\\/www.anovapeneira.gal\\\/wp-content\\\/uploads\\\/2024\\\/02\\\/enterro_sardina.jpg\",\"datePublished\":\"2024-02-15T11:00:59+00:00\",\"description\":\"O pasado 14 de febreiro, como todos os anos desde finais do s\u00e9culo XIX ,e novamente desde 1976 tras a terrible par\u00e9ntese do franquismo, Mar\u00edn celebrou o seu tradicional e multitudinario Enterro da Sardi\u00f1a\",\"breadcrumb\":{\"@id\":\"https:\\\/\\\/www.anovapeneira.gal\\\/index.php\\\/2024\\\/02\\\/15\\\/o-enterro-da-sardina-de-marin\\\/#breadcrumb\"},\"inLanguage\":\"gl-ES\",\"potentialAction\":[{\"@type\":\"ReadAction\",\"target\":[\"https:\\\/\\\/www.anovapeneira.gal\\\/index.php\\\/2024\\\/02\\\/15\\\/o-enterro-da-sardina-de-marin\\\/\"]}]},{\"@type\":\"ImageObject\",\"inLanguage\":\"gl-ES\",\"@id\":\"https:\\\/\\\/www.anovapeneira.gal\\\/index.php\\\/2024\\\/02\\\/15\\\/o-enterro-da-sardina-de-marin\\\/#primaryimage\",\"url\":\"https:\\\/\\\/www.anovapeneira.gal\\\/wp-content\\\/uploads\\\/2024\\\/02\\\/enterro_sardina.jpg\",\"contentUrl\":\"https:\\\/\\\/www.anovapeneira.gal\\\/wp-content\\\/uploads\\\/2024\\\/02\\\/enterro_sardina.jpg\",\"width\":720,\"height\":432,\"caption\":\"Enterro sardi\u00f1a Mar\u00edn\"},{\"@type\":\"BreadcrumbList\",\"@id\":\"https:\\\/\\\/www.anovapeneira.gal\\\/index.php\\\/2024\\\/02\\\/15\\\/o-enterro-da-sardina-de-marin\\\/#breadcrumb\",\"itemListElement\":[{\"@type\":\"ListItem\",\"position\":1,\"name\":\"Portada\",\"item\":\"https:\\\/\\\/www.anovapeneira.gal\\\/\"},{\"@type\":\"ListItem\",\"position\":2,\"name\":\"O Enterro da Sardi\u00f1a de Mar\u00edn\"}]},{\"@type\":\"WebSite\",\"@id\":\"https:\\\/\\\/www.anovapeneira.gal\\\/#website\",\"url\":\"https:\\\/\\\/www.anovapeneira.gal\\\/\",\"name\":\"\",\"description\":\"Xornal galego de informaci\u00f3n xeral Publicaci\u00f3n mensual de novas de Galicia e en especial dos Concellos da sur da provincia de Pontevedra.\",\"publisher\":{\"@id\":\"https:\\\/\\\/www.anovapeneira.gal\\\/#organization\"},\"potentialAction\":[{\"@type\":\"SearchAction\",\"target\":{\"@type\":\"EntryPoint\",\"urlTemplate\":\"https:\\\/\\\/www.anovapeneira.gal\\\/?s={search_term_string}\"},\"query-input\":{\"@type\":\"PropertyValueSpecification\",\"valueRequired\":true,\"valueName\":\"search_term_string\"}}],\"inLanguage\":\"gl-ES\"},{\"@type\":\"Organization\",\"@id\":\"https:\\\/\\\/www.anovapeneira.gal\\\/#organization\",\"name\":\"A Nova Peneira\",\"url\":\"https:\\\/\\\/www.anovapeneira.gal\\\/\",\"logo\":{\"@type\":\"ImageObject\",\"inLanguage\":\"gl-ES\",\"@id\":\"https:\\\/\\\/www.anovapeneira.gal\\\/#\\\/schema\\\/logo\\\/image\\\/\",\"url\":\"http:\\\/\\\/www.anovapeneira.gal\\\/wp-content\\\/uploads\\\/2019\\\/06\\\/logo_a_nova_peneira_portal_web.png\",\"contentUrl\":\"http:\\\/\\\/www.anovapeneira.gal\\\/wp-content\\\/uploads\\\/2019\\\/06\\\/logo_a_nova_peneira_portal_web.png\",\"width\":300,\"height\":100,\"caption\":\"A Nova Peneira\"},\"image\":{\"@id\":\"https:\\\/\\\/www.anovapeneira.gal\\\/#\\\/schema\\\/logo\\\/image\\\/\"},\"sameAs\":[\"https:\\\/\\\/www.facebook.com\\\/anovapeneira\",\"https:\\\/\\\/x.com\\\/APeneira\"]},{\"@type\":\"Person\",\"@id\":\"https:\\\/\\\/www.anovapeneira.gal\\\/#\\\/schema\\\/person\\\/a907e49c1885c12d6f281770afd68766\",\"name\":\"Aar\u00f3n Franco\",\"image\":{\"@type\":\"ImageObject\",\"inLanguage\":\"gl-ES\",\"@id\":\"https:\\\/\\\/secure.gravatar.com\\\/avatar\\\/82f0614fe09ae3f066983f8d670d0ff15a0917fefe52b93ffa425275b87d6102?s=96&d=mm&r=g\",\"url\":\"https:\\\/\\\/secure.gravatar.com\\\/avatar\\\/82f0614fe09ae3f066983f8d670d0ff15a0917fefe52b93ffa425275b87d6102?s=96&d=mm&r=g\",\"contentUrl\":\"https:\\\/\\\/secure.gravatar.com\\\/avatar\\\/82f0614fe09ae3f066983f8d670d0ff15a0917fefe52b93ffa425275b87d6102?s=96&d=mm&r=g\",\"caption\":\"Aar\u00f3n Franco\"},\"sameAs\":[\"http:\\\/\\\/www.anovapeneira.gal\\\/\"],\"url\":\"https:\\\/\\\/www.anovapeneira.gal\\\/index.php\\\/author\\\/aaron-franco\\\/\"}]}<\/script>\n<!-- \/ Yoast SEO plugin. -->","yoast_head_json":{"title":"O Enterro da Sardi\u00f1a de Mar\u00edn -","description":"O pasado 14 de febreiro, como todos os anos desde finais do s\u00e9culo XIX ,e novamente desde 1976 tras a terrible par\u00e9ntese do franquismo, Mar\u00edn celebrou o seu tradicional e multitudinario Enterro da Sardi\u00f1a","robots":{"index":"index","follow":"follow","max-snippet":"max-snippet:-1","max-image-preview":"max-image-preview:large","max-video-preview":"max-video-preview:-1"},"canonical":"https:\/\/www.anovapeneira.gal\/index.php\/2024\/02\/15\/o-enterro-da-sardina-de-marin\/","og_locale":"gl_ES","og_type":"article","og_title":"O Enterro da Sardi\u00f1a de Mar\u00edn -","og_description":"O pasado 14 de febreiro, como todos os anos desde finais do s\u00e9culo XIX ,e novamente desde 1976 tras a terrible par\u00e9ntese do franquismo, Mar\u00edn celebrou o seu tradicional e multitudinario Enterro da Sardi\u00f1a","og_url":"https:\/\/www.anovapeneira.gal\/index.php\/2024\/02\/15\/o-enterro-da-sardina-de-marin\/","article_publisher":"https:\/\/www.facebook.com\/anovapeneira","article_published_time":"2024-02-15T11:00:59+00:00","og_image":[{"width":720,"height":432,"url":"https:\/\/www.anovapeneira.gal\/wp-content\/uploads\/2024\/02\/enterro_sardina.jpg","type":"image\/jpeg"}],"author":"Aar\u00f3n Franco","twitter_card":"summary_large_image","twitter_creator":"@APeneira","twitter_site":"@APeneira","twitter_misc":{"Escrito por":"Aar\u00f3n Franco","Tempo de lectura":"3 minutos"},"schema":{"@context":"https:\/\/schema.org","@graph":[{"@type":"Article","@id":"https:\/\/www.anovapeneira.gal\/index.php\/2024\/02\/15\/o-enterro-da-sardina-de-marin\/#article","isPartOf":{"@id":"https:\/\/www.anovapeneira.gal\/index.php\/2024\/02\/15\/o-enterro-da-sardina-de-marin\/"},"author":{"name":"Aar\u00f3n Franco","@id":"https:\/\/www.anovapeneira.gal\/#\/schema\/person\/a907e49c1885c12d6f281770afd68766"},"headline":"O Enterro da Sardi\u00f1a de Mar\u00edn","datePublished":"2024-02-15T11:00:59+00:00","mainEntityOfPage":{"@id":"https:\/\/www.anovapeneira.gal\/index.php\/2024\/02\/15\/o-enterro-da-sardina-de-marin\/"},"wordCount":1094,"commentCount":0,"publisher":{"@id":"https:\/\/www.anovapeneira.gal\/#organization"},"image":{"@id":"https:\/\/www.anovapeneira.gal\/index.php\/2024\/02\/15\/o-enterro-da-sardina-de-marin\/#primaryimage"},"thumbnailUrl":"https:\/\/www.anovapeneira.gal\/wp-content\/uploads\/2024\/02\/enterro_sardina.jpg","keywords":["Concello de Mar\u00edn"],"articleSection":["Morrazo"],"inLanguage":"gl-ES","potentialAction":[{"@type":"CommentAction","name":"Comment","target":["https:\/\/www.anovapeneira.gal\/index.php\/2024\/02\/15\/o-enterro-da-sardina-de-marin\/#respond"]}]},{"@type":"WebPage","@id":"https:\/\/www.anovapeneira.gal\/index.php\/2024\/02\/15\/o-enterro-da-sardina-de-marin\/","url":"https:\/\/www.anovapeneira.gal\/index.php\/2024\/02\/15\/o-enterro-da-sardina-de-marin\/","name":"O Enterro da Sardi\u00f1a de Mar\u00edn -","isPartOf":{"@id":"https:\/\/www.anovapeneira.gal\/#website"},"primaryImageOfPage":{"@id":"https:\/\/www.anovapeneira.gal\/index.php\/2024\/02\/15\/o-enterro-da-sardina-de-marin\/#primaryimage"},"image":{"@id":"https:\/\/www.anovapeneira.gal\/index.php\/2024\/02\/15\/o-enterro-da-sardina-de-marin\/#primaryimage"},"thumbnailUrl":"https:\/\/www.anovapeneira.gal\/wp-content\/uploads\/2024\/02\/enterro_sardina.jpg","datePublished":"2024-02-15T11:00:59+00:00","description":"O pasado 14 de febreiro, como todos os anos desde finais do s\u00e9culo XIX ,e novamente desde 1976 tras a terrible par\u00e9ntese do franquismo, Mar\u00edn celebrou o seu tradicional e multitudinario Enterro da Sardi\u00f1a","breadcrumb":{"@id":"https:\/\/www.anovapeneira.gal\/index.php\/2024\/02\/15\/o-enterro-da-sardina-de-marin\/#breadcrumb"},"inLanguage":"gl-ES","potentialAction":[{"@type":"ReadAction","target":["https:\/\/www.anovapeneira.gal\/index.php\/2024\/02\/15\/o-enterro-da-sardina-de-marin\/"]}]},{"@type":"ImageObject","inLanguage":"gl-ES","@id":"https:\/\/www.anovapeneira.gal\/index.php\/2024\/02\/15\/o-enterro-da-sardina-de-marin\/#primaryimage","url":"https:\/\/www.anovapeneira.gal\/wp-content\/uploads\/2024\/02\/enterro_sardina.jpg","contentUrl":"https:\/\/www.anovapeneira.gal\/wp-content\/uploads\/2024\/02\/enterro_sardina.jpg","width":720,"height":432,"caption":"Enterro sardi\u00f1a Mar\u00edn"},{"@type":"BreadcrumbList","@id":"https:\/\/www.anovapeneira.gal\/index.php\/2024\/02\/15\/o-enterro-da-sardina-de-marin\/#breadcrumb","itemListElement":[{"@type":"ListItem","position":1,"name":"Portada","item":"https:\/\/www.anovapeneira.gal\/"},{"@type":"ListItem","position":2,"name":"O Enterro da Sardi\u00f1a de Mar\u00edn"}]},{"@type":"WebSite","@id":"https:\/\/www.anovapeneira.gal\/#website","url":"https:\/\/www.anovapeneira.gal\/","name":"","description":"Xornal galego de informaci\u00f3n xeral Publicaci\u00f3n mensual de novas de Galicia e en especial dos Concellos da sur da provincia de Pontevedra.","publisher":{"@id":"https:\/\/www.anovapeneira.gal\/#organization"},"potentialAction":[{"@type":"SearchAction","target":{"@type":"EntryPoint","urlTemplate":"https:\/\/www.anovapeneira.gal\/?s={search_term_string}"},"query-input":{"@type":"PropertyValueSpecification","valueRequired":true,"valueName":"search_term_string"}}],"inLanguage":"gl-ES"},{"@type":"Organization","@id":"https:\/\/www.anovapeneira.gal\/#organization","name":"A Nova Peneira","url":"https:\/\/www.anovapeneira.gal\/","logo":{"@type":"ImageObject","inLanguage":"gl-ES","@id":"https:\/\/www.anovapeneira.gal\/#\/schema\/logo\/image\/","url":"http:\/\/www.anovapeneira.gal\/wp-content\/uploads\/2019\/06\/logo_a_nova_peneira_portal_web.png","contentUrl":"http:\/\/www.anovapeneira.gal\/wp-content\/uploads\/2019\/06\/logo_a_nova_peneira_portal_web.png","width":300,"height":100,"caption":"A Nova Peneira"},"image":{"@id":"https:\/\/www.anovapeneira.gal\/#\/schema\/logo\/image\/"},"sameAs":["https:\/\/www.facebook.com\/anovapeneira","https:\/\/x.com\/APeneira"]},{"@type":"Person","@id":"https:\/\/www.anovapeneira.gal\/#\/schema\/person\/a907e49c1885c12d6f281770afd68766","name":"Aar\u00f3n Franco","image":{"@type":"ImageObject","inLanguage":"gl-ES","@id":"https:\/\/secure.gravatar.com\/avatar\/82f0614fe09ae3f066983f8d670d0ff15a0917fefe52b93ffa425275b87d6102?s=96&d=mm&r=g","url":"https:\/\/secure.gravatar.com\/avatar\/82f0614fe09ae3f066983f8d670d0ff15a0917fefe52b93ffa425275b87d6102?s=96&d=mm&r=g","contentUrl":"https:\/\/secure.gravatar.com\/avatar\/82f0614fe09ae3f066983f8d670d0ff15a0917fefe52b93ffa425275b87d6102?s=96&d=mm&r=g","caption":"Aar\u00f3n Franco"},"sameAs":["http:\/\/www.anovapeneira.gal\/"],"url":"https:\/\/www.anovapeneira.gal\/index.php\/author\/aaron-franco\/"}]}},"jetpack_featured_media_url":"https:\/\/www.anovapeneira.gal\/wp-content\/uploads\/2024\/02\/enterro_sardina.jpg","_links":{"self":[{"href":"https:\/\/www.anovapeneira.gal\/index.php\/wp-json\/wp\/v2\/posts\/11268","targetHints":{"allow":["GET"]}}],"collection":[{"href":"https:\/\/www.anovapeneira.gal\/index.php\/wp-json\/wp\/v2\/posts"}],"about":[{"href":"https:\/\/www.anovapeneira.gal\/index.php\/wp-json\/wp\/v2\/types\/post"}],"author":[{"embeddable":true,"href":"https:\/\/www.anovapeneira.gal\/index.php\/wp-json\/wp\/v2\/users\/23"}],"replies":[{"embeddable":true,"href":"https:\/\/www.anovapeneira.gal\/index.php\/wp-json\/wp\/v2\/comments?post=11268"}],"version-history":[{"count":2,"href":"https:\/\/www.anovapeneira.gal\/index.php\/wp-json\/wp\/v2\/posts\/11268\/revisions"}],"predecessor-version":[{"id":11275,"href":"https:\/\/www.anovapeneira.gal\/index.php\/wp-json\/wp\/v2\/posts\/11268\/revisions\/11275"}],"wp:featuredmedia":[{"embeddable":true,"href":"https:\/\/www.anovapeneira.gal\/index.php\/wp-json\/wp\/v2\/media\/11269"}],"wp:attachment":[{"href":"https:\/\/www.anovapeneira.gal\/index.php\/wp-json\/wp\/v2\/media?parent=11268"}],"wp:term":[{"taxonomy":"category","embeddable":true,"href":"https:\/\/www.anovapeneira.gal\/index.php\/wp-json\/wp\/v2\/categories?post=11268"},{"taxonomy":"post_tag","embeddable":true,"href":"https:\/\/www.anovapeneira.gal\/index.php\/wp-json\/wp\/v2\/tags?post=11268"}],"curies":[{"name":"wp","href":"https:\/\/api.w.org\/{rel}","templated":true}]}}