{"id":1127,"date":"2019-08-30T12:00:08","date_gmt":"2019-08-30T10:00:08","guid":{"rendered":"http:\/\/www.anovapeneira.gal\/?p=1127"},"modified":"2019-08-25T16:59:34","modified_gmt":"2019-08-25T14:59:34","slug":"famous-e-ricky-merino-triunfan-no-v-caldelas-xoven","status":"publish","type":"post","link":"https:\/\/www.anovapeneira.gal\/index.php\/2019\/08\/30\/famous-e-ricky-merino-triunfan-no-v-caldelas-xoven\/","title":{"rendered":"Famous e Ricky Merino \u201cTriunfan\u201d no V Caldelas Xoven"},"content":{"rendered":"\n<h2 class=\"wp-block-heading\">Famous\nofrece o primeiro directo do seu single \u201cBulla\u201d en Ponte\nCaldelas, nun concerto que deu o pistoletazo de sa\u00edda as Festas das\nDores<\/h2>\n\n\n\n<p><strong>Ponte Caldelas, 24 de agosto do 2019<\/strong><\/p>\n\n\n\n<p>Ricky\nMerino (Operaci\u00f3n Triunfo 2017) e Famous (ga\u00f1ador de Operaci\u00f3n\nTriunfo 2018)  deixaron pegada en Caldelas. Eran o prato forte do\nCaldelas Xoven e \u201ctriunfaron\u201d so seu directo na Alameda. Centos\nde mozas e mozos asistiron a esta cita musical cuxo cartel\nprotagonizaban os ex concursantes de Operaci\u00f3n Triunfo.  Ricky\nMerino meteuse ao p\u00fablico no bolsillo co seu tema \u201cMi\u00e9nteme\u201d\nmentres que Famous sa\u00edu pisando forte, e antes da chegada do seu\n\u00faltimo single, fixo que toda a Alameda bailase coa interpretaci\u00f3n\nde Calypso. Despois, como dixemos, ofreceu o seu primeiro directo do\nseu single \u201cBulla\u201d. Famous chegou a dicir que \u201cnon sei se o\nco\u00f1ecer\u00e1 moita xente, \u00e9 un tema moi novo\u201d pero ese medo xa se\nlle quitou en canto viu que o p\u00fablico demandaba esa canci\u00f3n dende a\ns\u00faa chegada ao escenario.  David Lafuente (ex integrante de Auryn)\ntam\u00e9n deixou pegada coa interpretaci\u00f3n do tema \u201cMe llamas\u201d\n(tema de Piso 21) e pola s\u00faa banda o artista da terra, o galego\nBrokktt non deixou a ningu\u00e9n indiferente grazas ao seu \u201cflow\u201d.\nEles e os DJ\u00b4S convidados fixeron que as mozas e mozos de Ponte\nCaldelas, e todos os que se achegaron ata al\u00ed na noite do venres,\ndesfrutasen moit\u00edsimo do pistoletazo de sa\u00edda das Festas das Dores.\n\n<\/p>\n\n\n\n<p>O\ns\u00e1bado arrancar\u00e1 a xornada con pasarr\u00faas dende media ma\u00f1\u00e1,\npasando polo Festival Folcr\u00f3rico Internacional que ter\u00e1 lugar \u00e1s\n20:30 na Alameda e onde participar\u00e1n, unha das bandas organizadoras,\nOs Coribantes xunto co grupo folcr\u00f3rico \u201cChispa\u201d de Plasencia e\no Rancho Folcr\u00f3rico Campanha de Oporto, m\u00e1is de 150 artistas\ndar\u00e1nse cita neste evento. E xa \u00e1s 23:00 chegar\u00e1 un dos momentos\nm\u00e1is agardados, a verbena na Alameda que contar\u00e1 coa orquestra\nSuperfama e o grupo Am\u00e9rica que deleitar\u00e1n aos asistentes coas s\u00faas\nversi\u00f3ns dos cl\u00e1sicos do rock. \n<\/p>\n\n\n\n<p>O\ndomingo os pasarr\u00faas volver\u00e1n a encher de son e ritmos as r\u00faas\ndeste pobo, e pola noite actuar\u00e1 unha das orquestras de m\u00e1is\nprestixio da xeograf\u00eda galega, a partir das 22:30 ofrecer\u00e1 o seu\nmellor directo a Orquestra Olympus.<\/p>\n\n\n\n<p>O\nluns tam\u00e9n se presenta con moita actividade, e ademais de pasarr\u00faas\ne o concerto da Banda de M\u00fasica, \u00e1s 21:00 ter\u00e1 lugar o Festival\n\u201cSon de Ponte Caldelas\u201d unha cita, que ter\u00e1 lugar na Alameda, e\nque est\u00e1 organizada pola  Banda de Gaitas Os Coribantes e que\ncontar\u00e1 coa participaci\u00f3n dos diferentes grupos musicais do\nmunicipio. A verbena, que comezar\u00e1 \u00e1s 00:00 estar\u00e1 amenizada pola\norquestra Ibiza Band e varios DJ\u00b4s.<\/p>\n\n\n\n<p>O\nmartes, 28 de agosto, \u00e9 un dos d\u00edas con m\u00e1is tradici\u00f3n nesta\nFesta das Dores de Ponte Caldelas, un d\u00eda que ven completo de\nactividades con pasarr\u00faas, concerto da Banda de Redondela e \u00e1s\n20:00 ter\u00e1 lugar a misa solemne na honra de San Roque, unha misa que\nser\u00e1 cantada pola Coral Valdarrosa, do concello. A continuaci\u00f3n \nsair\u00e1 a procesi\u00f3n que estar\u00e1 acompa\u00f1ada pola  Banda de Gaitas Os\nCoribantes e pola Banda de Guerra da BRILAT. O d\u00eda estar\u00e1 completo\npara rematar cunha verbena que dar\u00e1 o seu comezo \u00e1s 23:00 e pechar\u00e1\no seu tel\u00f3n, tal e como manda a tradici\u00f3n, \u00e1s 8:00 da ma\u00f1\u00e1. Son\nmoitas horas de festa pero, tal e como asegura o alcalde, \u201c a\ndiversi\u00f3n estar\u00e1 asegurada co Combo Dominicano enriba do escenario,\ne as orquestras La Oca Band e Nevada Band\u201d. Andr\u00e9s D\u00edaz ten claro\nque ser\u00e1 \u201cun espl\u00e9ndido broche de ouro para estas festas de todas\ne de todos os veci\u00f1os\u201d.<\/p>\n\n\n\n<p>O\nm\u00e9rcores 29 pequenos e mozos poder\u00e1n desfrutar do D\u00eda do Neno coa\natracci\u00f3ns infant\u00eds das festas a prezo reducido. \n<\/p>\n\n\n\n<p>Neste\nsenso o alcalde de Ponte Caldelas tam\u00e9n quixo lembrar que as fichas\nde corters\u00eda, que os propietarios das atracci\u00f3ns lle dan ao\nconcello, xa se lle entregaron a 54 nenas e nenos pertencentes a\nfamilias en risco de exclusi\u00f3n social, unha medida que D\u00edaz\nconsidera \u201cnecesaria co fin de que estas familias desfruten das\nfestas en igualdade e sen discriminaci\u00f3ns\u201d. \n<\/p>\n\n\n\n<p>O\nalcalde de Ponte Caldelas convida a todo o mundo a que ve\u00f1an e\ndesfruten das Festas das Dores \u201cen Ponte Caldelas se sentir\u00e1n coma\nna casa, somos un pobo acolledor, e a diversi\u00f3n e bo ambiente\ndurante estes d\u00edas est\u00e1 m\u00e1is que garantido\u201d.<\/p>\n","protected":false},"excerpt":{"rendered":"<div class=\"mh-excerpt\"><p>Famous ofrece o primeiro directo do seu single \u201cBulla\u201d en Ponte Caldelas, nun concerto que deu o pistoletazo de sa\u00edda as Festas das Dores <a class=\"mh-excerpt-more\" href=\"https:\/\/www.anovapeneira.gal\/index.php\/2019\/08\/30\/famous-e-ricky-merino-triunfan-no-v-caldelas-xoven\/\" title=\"Famous e Ricky Merino \u201cTriunfan\u201d no V Caldelas Xoven\">[&#8230;]<\/a><\/p>\n<\/div>","protected":false},"author":3,"featured_media":1128,"comment_status":"open","ping_status":"open","sticky":false,"template":"","format":"standard","meta":{"_exactmetrics_skip_tracking":false,"_exactmetrics_sitenote_active":false,"_exactmetrics_sitenote_note":"","_exactmetrics_sitenote_category":0,"footnotes":""},"categories":[26],"tags":[128,515,514,244,134,363,516,28,517],"class_list":{"0":"post-1127","1":"post","2":"type-post","3":"status-publish","4":"format-standard","5":"has-post-thumbnail","7":"category-pontevedra","8":"tag-concello-de-ponte-caldelas","9":"tag-famous","10":"tag-festa","11":"tag-festas-das-dores","12":"tag-musica","13":"tag-ocio","14":"tag-ricky-merino","15":"tag-turismo","16":"tag-v-caldelas-xoven"},"yoast_head":"<!-- This site is optimized with the Yoast SEO plugin v27.4 - https:\/\/yoast.com\/product\/yoast-seo-wordpress\/ -->\n<title>Famous e Ricky Merino \u201cTriunfan\u201d no V Caldelas Xoven -<\/title>\n<meta name=\"robots\" content=\"index, follow, max-snippet:-1, max-image-preview:large, max-video-preview:-1\" \/>\n<link rel=\"canonical\" href=\"https:\/\/www.anovapeneira.gal\/index.php\/2019\/08\/30\/famous-e-ricky-merino-triunfan-no-v-caldelas-xoven\/\" \/>\n<meta property=\"og:locale\" content=\"gl_ES\" \/>\n<meta property=\"og:type\" content=\"article\" \/>\n<meta property=\"og:title\" content=\"Famous e Ricky Merino \u201cTriunfan\u201d no V Caldelas Xoven -\" \/>\n<meta property=\"og:description\" content=\"Famous ofrece o primeiro directo do seu single \u201cBulla\u201d en Ponte Caldelas, nun concerto que deu o pistoletazo de sa\u00edda as Festas das Dores [...]\" \/>\n<meta property=\"og:url\" content=\"https:\/\/www.anovapeneira.gal\/index.php\/2019\/08\/30\/famous-e-ricky-merino-triunfan-no-v-caldelas-xoven\/\" \/>\n<meta property=\"article:publisher\" content=\"https:\/\/www.facebook.com\/anovapeneira\" \/>\n<meta property=\"article:published_time\" content=\"2019-08-30T10:00:08+00:00\" \/>\n<meta property=\"og:image\" content=\"https:\/\/www.anovapeneira.gal\/wp-content\/uploads\/2019\/08\/AMBIENTE_CALDELAS_XOVEN_a_nova_peneira.jpg\" \/>\n\t<meta property=\"og:image:width\" content=\"720\" \/>\n\t<meta property=\"og:image:height\" content=\"473\" \/>\n\t<meta property=\"og:image:type\" content=\"image\/jpeg\" \/>\n<meta name=\"author\" content=\"Redacci\u00f3n A Nova Peneira\" \/>\n<meta name=\"twitter:card\" content=\"summary_large_image\" \/>\n<meta name=\"twitter:creator\" content=\"@APeneira\" \/>\n<meta name=\"twitter:site\" content=\"@APeneira\" \/>\n<meta name=\"twitter:label1\" content=\"Escrito por\" \/>\n\t<meta name=\"twitter:data1\" content=\"Redacci\u00f3n A Nova Peneira\" \/>\n\t<meta name=\"twitter:label2\" content=\"Tempo de lectura\" \/>\n\t<meta name=\"twitter:data2\" content=\"4 minutos\" \/>\n<script type=\"application\/ld+json\" class=\"yoast-schema-graph\">{\"@context\":\"https:\\\/\\\/schema.org\",\"@graph\":[{\"@type\":\"Article\",\"@id\":\"https:\\\/\\\/www.anovapeneira.gal\\\/index.php\\\/2019\\\/08\\\/30\\\/famous-e-ricky-merino-triunfan-no-v-caldelas-xoven\\\/#article\",\"isPartOf\":{\"@id\":\"https:\\\/\\\/www.anovapeneira.gal\\\/index.php\\\/2019\\\/08\\\/30\\\/famous-e-ricky-merino-triunfan-no-v-caldelas-xoven\\\/\"},\"author\":{\"name\":\"Redacci\u00f3n A Nova Peneira\",\"@id\":\"https:\\\/\\\/www.anovapeneira.gal\\\/#\\\/schema\\\/person\\\/b93e3f8932e3f8da96334607eb6ac6aa\"},\"headline\":\"Famous e Ricky Merino \u201cTriunfan\u201d no V Caldelas Xoven\",\"datePublished\":\"2019-08-30T10:00:08+00:00\",\"mainEntityOfPage\":{\"@id\":\"https:\\\/\\\/www.anovapeneira.gal\\\/index.php\\\/2019\\\/08\\\/30\\\/famous-e-ricky-merino-triunfan-no-v-caldelas-xoven\\\/\"},\"wordCount\":790,\"commentCount\":0,\"publisher\":{\"@id\":\"https:\\\/\\\/www.anovapeneira.gal\\\/#organization\"},\"image\":{\"@id\":\"https:\\\/\\\/www.anovapeneira.gal\\\/index.php\\\/2019\\\/08\\\/30\\\/famous-e-ricky-merino-triunfan-no-v-caldelas-xoven\\\/#primaryimage\"},\"thumbnailUrl\":\"https:\\\/\\\/www.anovapeneira.gal\\\/wp-content\\\/uploads\\\/2019\\\/08\\\/AMBIENTE_CALDELAS_XOVEN_a_nova_peneira.jpg\",\"keywords\":[\"Concello de Ponte Caldelas\",\"Famous\",\"Festa\",\"Festas das Dores\",\"M\u00fasica\",\"Ocio\",\"Ricky Merino\",\"Turismo\",\"V Caldelas Xov\u00e9n\"],\"articleSection\":[\"Pontevedra\"],\"inLanguage\":\"gl-ES\",\"potentialAction\":[{\"@type\":\"CommentAction\",\"name\":\"Comment\",\"target\":[\"https:\\\/\\\/www.anovapeneira.gal\\\/index.php\\\/2019\\\/08\\\/30\\\/famous-e-ricky-merino-triunfan-no-v-caldelas-xoven\\\/#respond\"]}]},{\"@type\":\"WebPage\",\"@id\":\"https:\\\/\\\/www.anovapeneira.gal\\\/index.php\\\/2019\\\/08\\\/30\\\/famous-e-ricky-merino-triunfan-no-v-caldelas-xoven\\\/\",\"url\":\"https:\\\/\\\/www.anovapeneira.gal\\\/index.php\\\/2019\\\/08\\\/30\\\/famous-e-ricky-merino-triunfan-no-v-caldelas-xoven\\\/\",\"name\":\"Famous e Ricky Merino \u201cTriunfan\u201d no V Caldelas Xoven -\",\"isPartOf\":{\"@id\":\"https:\\\/\\\/www.anovapeneira.gal\\\/#website\"},\"primaryImageOfPage\":{\"@id\":\"https:\\\/\\\/www.anovapeneira.gal\\\/index.php\\\/2019\\\/08\\\/30\\\/famous-e-ricky-merino-triunfan-no-v-caldelas-xoven\\\/#primaryimage\"},\"image\":{\"@id\":\"https:\\\/\\\/www.anovapeneira.gal\\\/index.php\\\/2019\\\/08\\\/30\\\/famous-e-ricky-merino-triunfan-no-v-caldelas-xoven\\\/#primaryimage\"},\"thumbnailUrl\":\"https:\\\/\\\/www.anovapeneira.gal\\\/wp-content\\\/uploads\\\/2019\\\/08\\\/AMBIENTE_CALDELAS_XOVEN_a_nova_peneira.jpg\",\"datePublished\":\"2019-08-30T10:00:08+00:00\",\"breadcrumb\":{\"@id\":\"https:\\\/\\\/www.anovapeneira.gal\\\/index.php\\\/2019\\\/08\\\/30\\\/famous-e-ricky-merino-triunfan-no-v-caldelas-xoven\\\/#breadcrumb\"},\"inLanguage\":\"gl-ES\",\"potentialAction\":[{\"@type\":\"ReadAction\",\"target\":[\"https:\\\/\\\/www.anovapeneira.gal\\\/index.php\\\/2019\\\/08\\\/30\\\/famous-e-ricky-merino-triunfan-no-v-caldelas-xoven\\\/\"]}]},{\"@type\":\"ImageObject\",\"inLanguage\":\"gl-ES\",\"@id\":\"https:\\\/\\\/www.anovapeneira.gal\\\/index.php\\\/2019\\\/08\\\/30\\\/famous-e-ricky-merino-triunfan-no-v-caldelas-xoven\\\/#primaryimage\",\"url\":\"https:\\\/\\\/www.anovapeneira.gal\\\/wp-content\\\/uploads\\\/2019\\\/08\\\/AMBIENTE_CALDELAS_XOVEN_a_nova_peneira.jpg\",\"contentUrl\":\"https:\\\/\\\/www.anovapeneira.gal\\\/wp-content\\\/uploads\\\/2019\\\/08\\\/AMBIENTE_CALDELAS_XOVEN_a_nova_peneira.jpg\",\"width\":720,\"height\":473,\"caption\":\"Festas das Dores Ponte Caldelas A Nova Peneira\"},{\"@type\":\"BreadcrumbList\",\"@id\":\"https:\\\/\\\/www.anovapeneira.gal\\\/index.php\\\/2019\\\/08\\\/30\\\/famous-e-ricky-merino-triunfan-no-v-caldelas-xoven\\\/#breadcrumb\",\"itemListElement\":[{\"@type\":\"ListItem\",\"position\":1,\"name\":\"Portada\",\"item\":\"https:\\\/\\\/www.anovapeneira.gal\\\/\"},{\"@type\":\"ListItem\",\"position\":2,\"name\":\"Famous e Ricky Merino \u201cTriunfan\u201d no V Caldelas Xoven\"}]},{\"@type\":\"WebSite\",\"@id\":\"https:\\\/\\\/www.anovapeneira.gal\\\/#website\",\"url\":\"https:\\\/\\\/www.anovapeneira.gal\\\/\",\"name\":\"\",\"description\":\"Xornal galego de informaci\u00f3n xeral Publicaci\u00f3n mensual de novas de Galicia e en especial dos Concellos da sur da provincia de Pontevedra.\",\"publisher\":{\"@id\":\"https:\\\/\\\/www.anovapeneira.gal\\\/#organization\"},\"potentialAction\":[{\"@type\":\"SearchAction\",\"target\":{\"@type\":\"EntryPoint\",\"urlTemplate\":\"https:\\\/\\\/www.anovapeneira.gal\\\/?s={search_term_string}\"},\"query-input\":{\"@type\":\"PropertyValueSpecification\",\"valueRequired\":true,\"valueName\":\"search_term_string\"}}],\"inLanguage\":\"gl-ES\"},{\"@type\":\"Organization\",\"@id\":\"https:\\\/\\\/www.anovapeneira.gal\\\/#organization\",\"name\":\"A Nova Peneira\",\"url\":\"https:\\\/\\\/www.anovapeneira.gal\\\/\",\"logo\":{\"@type\":\"ImageObject\",\"inLanguage\":\"gl-ES\",\"@id\":\"https:\\\/\\\/www.anovapeneira.gal\\\/#\\\/schema\\\/logo\\\/image\\\/\",\"url\":\"http:\\\/\\\/www.anovapeneira.gal\\\/wp-content\\\/uploads\\\/2019\\\/06\\\/logo_a_nova_peneira_portal_web.png\",\"contentUrl\":\"http:\\\/\\\/www.anovapeneira.gal\\\/wp-content\\\/uploads\\\/2019\\\/06\\\/logo_a_nova_peneira_portal_web.png\",\"width\":300,\"height\":100,\"caption\":\"A Nova Peneira\"},\"image\":{\"@id\":\"https:\\\/\\\/www.anovapeneira.gal\\\/#\\\/schema\\\/logo\\\/image\\\/\"},\"sameAs\":[\"https:\\\/\\\/www.facebook.com\\\/anovapeneira\",\"https:\\\/\\\/x.com\\\/APeneira\"]},{\"@type\":\"Person\",\"@id\":\"https:\\\/\\\/www.anovapeneira.gal\\\/#\\\/schema\\\/person\\\/b93e3f8932e3f8da96334607eb6ac6aa\",\"name\":\"Redacci\u00f3n A Nova Peneira\",\"image\":{\"@type\":\"ImageObject\",\"inLanguage\":\"gl-ES\",\"@id\":\"https:\\\/\\\/secure.gravatar.com\\\/avatar\\\/c052a2551a06e23fac63626232eaa90abd78dbcf1700fc46a2b2c89fd27b735f?s=96&d=mm&r=g\",\"url\":\"https:\\\/\\\/secure.gravatar.com\\\/avatar\\\/c052a2551a06e23fac63626232eaa90abd78dbcf1700fc46a2b2c89fd27b735f?s=96&d=mm&r=g\",\"contentUrl\":\"https:\\\/\\\/secure.gravatar.com\\\/avatar\\\/c052a2551a06e23fac63626232eaa90abd78dbcf1700fc46a2b2c89fd27b735f?s=96&d=mm&r=g\",\"caption\":\"Redacci\u00f3n A Nova Peneira\"},\"sameAs\":[\"http:\\\/\\\/www.anovapeneira.gal\\\/\"],\"url\":\"https:\\\/\\\/www.anovapeneira.gal\\\/index.php\\\/author\\\/redactor\\\/\"}]}<\/script>\n<!-- \/ Yoast SEO plugin. -->","yoast_head_json":{"title":"Famous e Ricky Merino \u201cTriunfan\u201d no V Caldelas Xoven -","robots":{"index":"index","follow":"follow","max-snippet":"max-snippet:-1","max-image-preview":"max-image-preview:large","max-video-preview":"max-video-preview:-1"},"canonical":"https:\/\/www.anovapeneira.gal\/index.php\/2019\/08\/30\/famous-e-ricky-merino-triunfan-no-v-caldelas-xoven\/","og_locale":"gl_ES","og_type":"article","og_title":"Famous e Ricky Merino \u201cTriunfan\u201d no V Caldelas Xoven -","og_description":"Famous ofrece o primeiro directo do seu single \u201cBulla\u201d en Ponte Caldelas, nun concerto que deu o pistoletazo de sa\u00edda as Festas das Dores [...]","og_url":"https:\/\/www.anovapeneira.gal\/index.php\/2019\/08\/30\/famous-e-ricky-merino-triunfan-no-v-caldelas-xoven\/","article_publisher":"https:\/\/www.facebook.com\/anovapeneira","article_published_time":"2019-08-30T10:00:08+00:00","og_image":[{"width":720,"height":473,"url":"https:\/\/www.anovapeneira.gal\/wp-content\/uploads\/2019\/08\/AMBIENTE_CALDELAS_XOVEN_a_nova_peneira.jpg","type":"image\/jpeg"}],"author":"Redacci\u00f3n A Nova Peneira","twitter_card":"summary_large_image","twitter_creator":"@APeneira","twitter_site":"@APeneira","twitter_misc":{"Escrito por":"Redacci\u00f3n A Nova Peneira","Tempo de lectura":"4 minutos"},"schema":{"@context":"https:\/\/schema.org","@graph":[{"@type":"Article","@id":"https:\/\/www.anovapeneira.gal\/index.php\/2019\/08\/30\/famous-e-ricky-merino-triunfan-no-v-caldelas-xoven\/#article","isPartOf":{"@id":"https:\/\/www.anovapeneira.gal\/index.php\/2019\/08\/30\/famous-e-ricky-merino-triunfan-no-v-caldelas-xoven\/"},"author":{"name":"Redacci\u00f3n A Nova Peneira","@id":"https:\/\/www.anovapeneira.gal\/#\/schema\/person\/b93e3f8932e3f8da96334607eb6ac6aa"},"headline":"Famous e Ricky Merino \u201cTriunfan\u201d no V Caldelas Xoven","datePublished":"2019-08-30T10:00:08+00:00","mainEntityOfPage":{"@id":"https:\/\/www.anovapeneira.gal\/index.php\/2019\/08\/30\/famous-e-ricky-merino-triunfan-no-v-caldelas-xoven\/"},"wordCount":790,"commentCount":0,"publisher":{"@id":"https:\/\/www.anovapeneira.gal\/#organization"},"image":{"@id":"https:\/\/www.anovapeneira.gal\/index.php\/2019\/08\/30\/famous-e-ricky-merino-triunfan-no-v-caldelas-xoven\/#primaryimage"},"thumbnailUrl":"https:\/\/www.anovapeneira.gal\/wp-content\/uploads\/2019\/08\/AMBIENTE_CALDELAS_XOVEN_a_nova_peneira.jpg","keywords":["Concello de Ponte Caldelas","Famous","Festa","Festas das Dores","M\u00fasica","Ocio","Ricky Merino","Turismo","V Caldelas Xov\u00e9n"],"articleSection":["Pontevedra"],"inLanguage":"gl-ES","potentialAction":[{"@type":"CommentAction","name":"Comment","target":["https:\/\/www.anovapeneira.gal\/index.php\/2019\/08\/30\/famous-e-ricky-merino-triunfan-no-v-caldelas-xoven\/#respond"]}]},{"@type":"WebPage","@id":"https:\/\/www.anovapeneira.gal\/index.php\/2019\/08\/30\/famous-e-ricky-merino-triunfan-no-v-caldelas-xoven\/","url":"https:\/\/www.anovapeneira.gal\/index.php\/2019\/08\/30\/famous-e-ricky-merino-triunfan-no-v-caldelas-xoven\/","name":"Famous e Ricky Merino \u201cTriunfan\u201d no V Caldelas Xoven -","isPartOf":{"@id":"https:\/\/www.anovapeneira.gal\/#website"},"primaryImageOfPage":{"@id":"https:\/\/www.anovapeneira.gal\/index.php\/2019\/08\/30\/famous-e-ricky-merino-triunfan-no-v-caldelas-xoven\/#primaryimage"},"image":{"@id":"https:\/\/www.anovapeneira.gal\/index.php\/2019\/08\/30\/famous-e-ricky-merino-triunfan-no-v-caldelas-xoven\/#primaryimage"},"thumbnailUrl":"https:\/\/www.anovapeneira.gal\/wp-content\/uploads\/2019\/08\/AMBIENTE_CALDELAS_XOVEN_a_nova_peneira.jpg","datePublished":"2019-08-30T10:00:08+00:00","breadcrumb":{"@id":"https:\/\/www.anovapeneira.gal\/index.php\/2019\/08\/30\/famous-e-ricky-merino-triunfan-no-v-caldelas-xoven\/#breadcrumb"},"inLanguage":"gl-ES","potentialAction":[{"@type":"ReadAction","target":["https:\/\/www.anovapeneira.gal\/index.php\/2019\/08\/30\/famous-e-ricky-merino-triunfan-no-v-caldelas-xoven\/"]}]},{"@type":"ImageObject","inLanguage":"gl-ES","@id":"https:\/\/www.anovapeneira.gal\/index.php\/2019\/08\/30\/famous-e-ricky-merino-triunfan-no-v-caldelas-xoven\/#primaryimage","url":"https:\/\/www.anovapeneira.gal\/wp-content\/uploads\/2019\/08\/AMBIENTE_CALDELAS_XOVEN_a_nova_peneira.jpg","contentUrl":"https:\/\/www.anovapeneira.gal\/wp-content\/uploads\/2019\/08\/AMBIENTE_CALDELAS_XOVEN_a_nova_peneira.jpg","width":720,"height":473,"caption":"Festas das Dores Ponte Caldelas A Nova Peneira"},{"@type":"BreadcrumbList","@id":"https:\/\/www.anovapeneira.gal\/index.php\/2019\/08\/30\/famous-e-ricky-merino-triunfan-no-v-caldelas-xoven\/#breadcrumb","itemListElement":[{"@type":"ListItem","position":1,"name":"Portada","item":"https:\/\/www.anovapeneira.gal\/"},{"@type":"ListItem","position":2,"name":"Famous e Ricky Merino \u201cTriunfan\u201d no V Caldelas Xoven"}]},{"@type":"WebSite","@id":"https:\/\/www.anovapeneira.gal\/#website","url":"https:\/\/www.anovapeneira.gal\/","name":"","description":"Xornal galego de informaci\u00f3n xeral Publicaci\u00f3n mensual de novas de Galicia e en especial dos Concellos da sur da provincia de Pontevedra.","publisher":{"@id":"https:\/\/www.anovapeneira.gal\/#organization"},"potentialAction":[{"@type":"SearchAction","target":{"@type":"EntryPoint","urlTemplate":"https:\/\/www.anovapeneira.gal\/?s={search_term_string}"},"query-input":{"@type":"PropertyValueSpecification","valueRequired":true,"valueName":"search_term_string"}}],"inLanguage":"gl-ES"},{"@type":"Organization","@id":"https:\/\/www.anovapeneira.gal\/#organization","name":"A Nova Peneira","url":"https:\/\/www.anovapeneira.gal\/","logo":{"@type":"ImageObject","inLanguage":"gl-ES","@id":"https:\/\/www.anovapeneira.gal\/#\/schema\/logo\/image\/","url":"http:\/\/www.anovapeneira.gal\/wp-content\/uploads\/2019\/06\/logo_a_nova_peneira_portal_web.png","contentUrl":"http:\/\/www.anovapeneira.gal\/wp-content\/uploads\/2019\/06\/logo_a_nova_peneira_portal_web.png","width":300,"height":100,"caption":"A Nova Peneira"},"image":{"@id":"https:\/\/www.anovapeneira.gal\/#\/schema\/logo\/image\/"},"sameAs":["https:\/\/www.facebook.com\/anovapeneira","https:\/\/x.com\/APeneira"]},{"@type":"Person","@id":"https:\/\/www.anovapeneira.gal\/#\/schema\/person\/b93e3f8932e3f8da96334607eb6ac6aa","name":"Redacci\u00f3n A Nova Peneira","image":{"@type":"ImageObject","inLanguage":"gl-ES","@id":"https:\/\/secure.gravatar.com\/avatar\/c052a2551a06e23fac63626232eaa90abd78dbcf1700fc46a2b2c89fd27b735f?s=96&d=mm&r=g","url":"https:\/\/secure.gravatar.com\/avatar\/c052a2551a06e23fac63626232eaa90abd78dbcf1700fc46a2b2c89fd27b735f?s=96&d=mm&r=g","contentUrl":"https:\/\/secure.gravatar.com\/avatar\/c052a2551a06e23fac63626232eaa90abd78dbcf1700fc46a2b2c89fd27b735f?s=96&d=mm&r=g","caption":"Redacci\u00f3n A Nova Peneira"},"sameAs":["http:\/\/www.anovapeneira.gal\/"],"url":"https:\/\/www.anovapeneira.gal\/index.php\/author\/redactor\/"}]}},"jetpack_featured_media_url":"https:\/\/www.anovapeneira.gal\/wp-content\/uploads\/2019\/08\/AMBIENTE_CALDELAS_XOVEN_a_nova_peneira.jpg","_links":{"self":[{"href":"https:\/\/www.anovapeneira.gal\/index.php\/wp-json\/wp\/v2\/posts\/1127","targetHints":{"allow":["GET"]}}],"collection":[{"href":"https:\/\/www.anovapeneira.gal\/index.php\/wp-json\/wp\/v2\/posts"}],"about":[{"href":"https:\/\/www.anovapeneira.gal\/index.php\/wp-json\/wp\/v2\/types\/post"}],"author":[{"embeddable":true,"href":"https:\/\/www.anovapeneira.gal\/index.php\/wp-json\/wp\/v2\/users\/3"}],"replies":[{"embeddable":true,"href":"https:\/\/www.anovapeneira.gal\/index.php\/wp-json\/wp\/v2\/comments?post=1127"}],"version-history":[{"count":1,"href":"https:\/\/www.anovapeneira.gal\/index.php\/wp-json\/wp\/v2\/posts\/1127\/revisions"}],"predecessor-version":[{"id":1129,"href":"https:\/\/www.anovapeneira.gal\/index.php\/wp-json\/wp\/v2\/posts\/1127\/revisions\/1129"}],"wp:featuredmedia":[{"embeddable":true,"href":"https:\/\/www.anovapeneira.gal\/index.php\/wp-json\/wp\/v2\/media\/1128"}],"wp:attachment":[{"href":"https:\/\/www.anovapeneira.gal\/index.php\/wp-json\/wp\/v2\/media?parent=1127"}],"wp:term":[{"taxonomy":"category","embeddable":true,"href":"https:\/\/www.anovapeneira.gal\/index.php\/wp-json\/wp\/v2\/categories?post=1127"},{"taxonomy":"post_tag","embeddable":true,"href":"https:\/\/www.anovapeneira.gal\/index.php\/wp-json\/wp\/v2\/tags?post=1127"}],"curies":[{"name":"wp","href":"https:\/\/api.w.org\/{rel}","templated":true}]}}