{"id":11286,"date":"2024-02-19T10:00:50","date_gmt":"2024-02-19T09:00:50","guid":{"rendered":"https:\/\/www.anovapeneira.gal\/?p=11286"},"modified":"2024-02-18T08:59:12","modified_gmt":"2024-02-18T07:59:12","slug":"o-pp-de-mos-o-paseo-do-louro-e-luis-xiv","status":"publish","type":"post","link":"https:\/\/www.anovapeneira.gal\/index.php\/2024\/02\/19\/o-pp-de-mos-o-paseo-do-louro-e-luis-xiv\/","title":{"rendered":"O PP de Mos o paseo do Louro e Luis XIV"},"content":{"rendered":"\n<p><strong>Luis XIV foi un rei franc\u00e9s do S XVII que se identifica como paradigma do absolutismo. \u00c9 o autor do famoso \u201c O estado son eu\u201d. Nestes 30 anos que levo mergullado no m\u00e1is profundo da actualidade pol\u00edtica do pa\u00eds galego co\u00f1ec\u00edn a moitos alcaldes e alcaldesas que encaixan nese perfil de crerse coa autoridade para poder facer o que lles pete sen ning\u00fan tipo de filtro. Naturalmente o contexto \u00e9 moi diferente pero hoxe tam\u00e9n existen tipos humanos id\u00e9nticos ao rei do que estamos a falar pois a historia, como acertadamente conclu\u00edra o fil\u00f3sofo Giambattista Vico, avanza en progresi\u00f3n espiral. Unha persoa que encaixa perfectamente nese perfil \u00e9 a actual alcaldesa de Mos. Ela enc\u00e1rgase de recordar acot\u00edo que ten maior\u00eda absoluta e xa que logo&#8230;&#8230;.E un exemplo incontrovertible dese modus operandi e a actuaci\u00f3n do goberno municipal de Mos no paseo do r\u00edo Louro:Inician as actuaci\u00f3ns sen negociar cos propietarios dos terreos afectados, sen contar coa s\u00faa opini\u00f3n e incluso sen avisalos. Presuntamente executan a primeira fase do paseo sen autorizaci\u00f3n da confederaci\u00f3n hidrogr\u00e1fica e tratan de meter as escavadoras e material de obra por terreos privados sen ter ning\u00fan tipo de permiso dos mesmos e sen avisarlles sequera.<\/strong><\/p>\n\n\n\n<p><strong>E non, ningunha maior\u00eda absoluta autoriza a ning\u00fan goberno municipal a facer o que lle dea a gana. Esa forma de gobernar \u00e9 un s\u00edntoma inequ\u00edvoco de que estamos ante pol\u00edticos de moi pouca altura. N\u00f3s falamos con \u00d3scar Carrera, un dos afectados.<\/strong><\/p>\n\n\n\n<p><strong>\u00d3scar Carrera.<\/strong><\/p>\n\n\n\n<h2 class=\"wp-block-heading\">\u201c<strong>Aqu\u00ed faise todo polas bravas. \u00c9 un ordeno e mando\u201d<\/strong><\/h2>\n\n\n\n<p><strong>Ti e eu xa temos conversado un par de veces \u00d3scar pero, para quen non co\u00f1eza o asunto do que imos falar, comecemos por favor facendo un pouco de memoria<\/strong><\/p>\n\n\n\n<blockquote class=\"wp-block-quote is-layout-flow wp-block-quote-is-layout-flow\">\n<p>No ano 16\/17 o concello de Mos de maneira unilateral env\u00eda un proxecto \u00e1 confederaci\u00f3n hidrogr\u00e1fica para facer dous novos tramos do paseo no Louro.<\/p>\n<\/blockquote>\n\n\n\n<p><strong>Env\u00eda ese proxecto sen contar coa opini\u00f3n dos propietarios dos terreos afectados?<\/strong><\/p>\n\n\n\n<blockquote class=\"wp-block-quote is-layout-flow wp-block-quote-is-layout-flow\">\n<p>Si, de forma absolutamente unilateral.<\/p>\n<\/blockquote>\n\n\n\n<p><strong>Que pasou cando co\u00f1ecestes o que pretend\u00eda facer o Concello?<\/strong><\/p>\n\n\n\n<blockquote class=\"wp-block-quote is-layout-flow wp-block-quote-is-layout-flow\">\n<p>Xunt\u00e1monos unha serie de propietarios afectados e puxemos alegaci\u00f3ns e denuncias no Concello, na Confederaci\u00f3n e finalmente no xulgado contra este proxecto.<\/p>\n<\/blockquote>\n\n\n\n<p><strong>Que fixo o goberno municipal?<\/strong><\/p>\n\n\n\n<blockquote class=\"wp-block-quote is-layout-flow wp-block-quote-is-layout-flow\">\n<p>Expropiou os terreos e tirou para adiante.<\/p>\n<\/blockquote>\n\n\n\n<p><strong>O asunto xudicializouse verdade?<\/strong><\/p>\n\n\n\n<blockquote class=\"wp-block-quote is-layout-flow wp-block-quote-is-layout-flow\">\n<p>Si, e os tribunais d\u00e9ronlle a raz\u00f3n ao Concello.<\/p>\n<\/blockquote>\n\n\n\n<p><strong>A alcaldesa sempre tivo a mesma actitude de facer o que lle petaba sen contar coa vosa opini\u00f3n?<\/strong><\/p>\n\n\n\n<blockquote class=\"wp-block-quote is-layout-flow wp-block-quote-is-layout-flow\">\n<p>Tanto \u00e9 as\u00ed que cando manda o proxecto \u00e1 confederaci\u00f3n non e que non negociara con nos \u00e9 que nin sequera nos comunicou as s\u00faas intenci\u00f3ns. Cando recibiu a nosa resposta veu a Louredo e fixo unha xuntanza coas persoas afectadas e os presentes, neg\u00e1ronlle a cesi\u00f3n voluntaria dos terreos e ent\u00f3n ela colleu e expropiou.<\/p>\n<\/blockquote>\n\n\n\n<p><strong>Como foi o financiamento do paseo?<\/strong><\/p>\n\n\n\n<blockquote class=\"wp-block-quote is-layout-flow wp-block-quote-is-layout-flow\">\n<p>Nun principio ti\u00f1an un acordo coa confederaci\u00f3n hidrogr\u00e1fica para sufragar a obra a medias. O Custe da obra eran arredor de 210.000\u20ac que deb\u00edan ser pagados ao 50% polo concello e 50% pola confederaci\u00f3n. Pero finalmente a confederaci\u00f3n vista a problem\u00e1tica da obra, decidiu retirarse do convenio e non contribu\u00edr economicamente ao seu financiamento.<\/p>\n<\/blockquote>\n\n\n\n<p><strong>E logo?<\/strong><\/p>\n\n\n\n<blockquote class=\"wp-block-quote is-layout-flow wp-block-quote-is-layout-flow\">\n<p>Pois o concello decidiu financialo todo cos seu propios fondos e comezaron as obras. O paseo est\u00e1 dividido en dous tramos pois a orograf\u00eda do terreo non permite facelo todo seguido. Temos unha primeira fase dunha lonxitude aproximada dun quil\u00f3metro e un segundo tramo que medir\u00e1 200\/300 metros aproximadamente.<\/p>\n<\/blockquote>\n\n\n\n<p><strong>Cando rematan a primeira fase que aconteceu?<\/strong><\/p>\n\n\n\n<blockquote class=\"wp-block-quote is-layout-flow wp-block-quote-is-layout-flow\">\n<p>Para iniciar a segunda fase, comezan por tapar o canal de regad\u00edo. Eu v\u00e9xoos e vou falar cos operarios e preg\u00fantolles quen lle deu a autorizaci\u00f3n para facer iso. Eles dinme que un concelleiro<\/p>\n<\/blockquote>\n\n\n\n<p><strong>Que concelleiro?<\/strong><\/p>\n\n\n\n<blockquote class=\"wp-block-quote is-layout-flow wp-block-quote-is-layout-flow\">\n<p>O Antigo concelleiro Camilo Augusto. A cousa t\u00e9nsase, eles chaman aos seus encargados e eu \u00e1 garda civil. A Garda Civil non ti\u00f1a axentes dispo\u00f1ibles nese momento e presentouse a polic\u00eda local.<\/p>\n<\/blockquote>\n\n\n\n<p><strong>Que vos dixeron?<\/strong><\/p>\n\n\n\n<blockquote class=\"wp-block-quote is-layout-flow wp-block-quote-is-layout-flow\">\n<p>Que se eu manti\u00f1a a mi\u00f1a actitude de impedir as obras \u00edan levarme detido. Eu expliqueille que estaban tratando de tapar un canal de regad\u00edo privado e rexistrado, que conta con t\u00f3dalas autorizaci\u00f3ns precisas, que a Comunidade de Regantes, non ti\u00f1amos notificaci\u00f3n algunha da sua ocupaci\u00f3n temporal e que non pod\u00edan tapalo. Pero a polic\u00eda local de Mos insistiu en que se persist\u00eda na mi\u00f1a actitude \u00edanme deter.<\/p>\n<\/blockquote>\n\n\n\n<p><strong>Non dou cr\u00e9dito. \u00cdan deterte a ti?<\/strong><\/p>\n\n\n\n<blockquote class=\"wp-block-quote is-layout-flow wp-block-quote-is-layout-flow\">\n<p>Si, as\u00ed mo dixeron.<\/p>\n<\/blockquote>\n\n\n\n<p><strong>Cando aconteceu este episodio?<\/strong><\/p>\n\n\n\n<blockquote class=\"wp-block-quote is-layout-flow wp-block-quote-is-layout-flow\">\n<p>Pouco antes as elecci\u00f3ns municipais de maio.<\/p>\n<\/blockquote>\n\n\n\n<p><strong>Vaia situaci\u00f3n m\u00e1is tensa ,como se resolveu?<\/strong><\/p>\n\n\n\n<blockquote class=\"wp-block-quote is-layout-flow wp-block-quote-is-layout-flow\">\n<p>Os encargados da obra comport\u00e1ronse de maneira correcta. Dixeron que eles non estaban al\u00ed para facer dano a ningu\u00e9n e que ata que se aclarase a situaci\u00f3n eles retiraban o material depositado no canal.<\/p>\n<\/blockquote>\n\n\n\n<p><strong>Que fixeches ti?<\/strong><\/p>\n\n\n\n<blockquote class=\"wp-block-quote is-layout-flow wp-block-quote-is-layout-flow\">\n<p>Puxen unha denuncia no SEPRONA. O axente que me atendeu d\u00edxome que \u00eda levantar un informe e envialo ao organismo competente que \u00e9 a confederaci\u00f3n hidrogr\u00e1fica. Eu tam\u00e9n presentei unha reclamaci\u00f3n na confederaci\u00f3n que abriu un expediente unha vez que recibe a mi\u00f1a reclamaci\u00f3n e a do SEPRONA.<\/p>\n<\/blockquote>\n\n\n\n<p><strong>Fixeron alg\u00fan tipo de movemento?<\/strong><\/p>\n\n\n\n<blockquote class=\"wp-block-quote is-layout-flow wp-block-quote-is-layout-flow\">\n<p>Enviaron ao garda que leva esta zona, unha persoa do Porri\u00f1o. El co\u00f1\u00e9ceme por outras reclamaci\u00f3ns e chamoume para que lle explicara o asunto sobre terreo. Mentres estamos observando a actuaci\u00f3n el dime que non lle consta que exista autorizaci\u00f3n para facer o paseo.<\/p>\n<\/blockquote>\n\n\n\n<p><strong>Pero como non \u00eda haber autorizaci\u00f3n se o primeiro tramo xa estaba rematado?<\/strong><\/p>\n\n\n\n<blockquote class=\"wp-block-quote is-layout-flow wp-block-quote-is-layout-flow\">\n<p>Pois non a hab\u00eda. No mes de setembro do ano pasado recibo unha carta da confederaci\u00f3n dicindo que iniciaban un expediente sancionador ao concello de Mos por ter executado a obra sen autorizaci\u00f3n administrativa da confederaci\u00f3n.<\/p>\n<\/blockquote>\n\n\n\n<p><strong>Resolveuse o expediente?<\/strong><\/p>\n\n\n\n<blockquote class=\"wp-block-quote is-layout-flow wp-block-quote-is-layout-flow\">\n<p>Non, estamos \u00e1 espera de que se resolva. Non creo que tarde moito. Segundo me din na confederaci\u00f3n a sanci\u00f3n econ\u00f3mica ao concello \u00e9 case segura , haber\u00e1 que ver o importe, e agora est\u00e1 por ver se se pode legalizar ou non o que xa est\u00e1 constru\u00eddo.<\/p>\n<\/blockquote>\n\n\n\n<p><strong>O concello realizou alg\u00fan movemento?<\/strong><\/p>\n\n\n\n<blockquote class=\"wp-block-quote is-layout-flow wp-block-quote-is-layout-flow\">\n<p>Si, pouco antes do Nadal pres\u00e9ntase unha cuadrilla de operarios con maquinaria e dinme que te\u00f1en que pasar a executar a segunda fase do paseo. Eu d\u00edgolles que te\u00f1en que pasar por terreos que son da mi\u00f1a propiedade que non os autorizo, eles insisten e dinme que te\u00f1en autorizaci\u00f3n da confederaci\u00f3n.<\/p>\n<\/blockquote>\n\n\n\n<p><strong>A ti notific\u00e1rancho?<\/strong><\/p>\n\n\n\n<blockquote class=\"wp-block-quote is-layout-flow wp-block-quote-is-layout-flow\">\n<p>Non, absolutamente nada. A situaci\u00f3n tensouse un pouco e eu volv\u00edn chamar \u00e1 garda civil.<\/p>\n<\/blockquote>\n\n\n\n<p><strong>Acudiron?<\/strong><\/p>\n\n\n\n<blockquote class=\"wp-block-quote is-layout-flow wp-block-quote-is-layout-flow\">\n<p>Si, veu unha patrulla do SEPRONA de Vigo que de forma moi atenta trataron de mediar no conflito. Acheg\u00e1ronse tam\u00e9n dous concelleiros.<\/p>\n<\/blockquote>\n\n\n\n<p><strong>Que concelleiros?<\/strong><\/p>\n\n\n\n<blockquote class=\"wp-block-quote is-layout-flow wp-block-quote-is-layout-flow\">\n<p>Baldomero e Camilo Grandal. Ensin\u00e1ronlle a suposta autorizaci\u00f3n \u00e1 garda civil que procederon a comprobar as s\u00faas coordenadas para determinar se efectivamente afectaba aos meus terreos. Compr\u00f3banas e as coordenadas correspond\u00edan a outros terreos e os gardas dinme que se non quero non te\u00f1o porque deixalos pasar. O Garda a maiores chama \u00e1 confederaci\u00f3n diante mi\u00f1a e os servizos xur\u00eddicos inf\u00f3rmano de que a autorizaci\u00f3n da confederaci\u00f3n non lles exime de pedir permiso aos propietarios dos terreos.<\/p>\n<\/blockquote>\n\n\n\n<p><strong>Que actitude tiveron os concelleiros?<\/strong><\/p>\n\n\n\n<blockquote class=\"wp-block-quote is-layout-flow wp-block-quote-is-layout-flow\">\n<p>Ese mesmo d\u00eda chamoume Camilo Grandal e me transmite a s\u00faa vontade de resolver o conflito de boas maneiras. De forma moi amable conv\u00eddame a ter unha conversa comigo que eu desde logo acepto.<\/p>\n<\/blockquote>\n\n\n\n<p><strong>Onde se desenvolveu a conversa?<\/strong><\/p>\n\n\n\n<blockquote class=\"wp-block-quote is-layout-flow wp-block-quote-is-layout-flow\">\n<p>Present\u00e1ronse Camilo, e o concelleiro de urbanismo, na mi\u00f1a oficina. Eles tratan de convencerme da necesidade de executar as obras e eu quedei de chamar o meu avogado para que me asesorara se deb\u00eda permitirlles o paso ou non. Si que lles recriminei que nin eu, nin ning\u00fan dos outros propietarios recibiramos alo menos unha notificaci\u00f3n do Concello informando da ocupaci\u00f3n temporal necesaria se quer\u00edan comezar a segunda fase, por eso lles neguei rotundamente a ocupaci\u00f3n dos terreos. Informeilles do expediente sancionador que lles abriu a confederaci\u00f3n e ambos dinme que o desco\u00f1ecen,<\/p>\n<\/blockquote>\n\n\n\n<p><strong>Cr\u00edchelos ?<\/strong><\/p>\n\n\n\n<blockquote class=\"wp-block-quote is-layout-flow wp-block-quote-is-layout-flow\">\n<p>Non o sei .Non ti\u00f1an motivo para mentir. Pero estamos falando do mes de decembro e o expediente abr\u00edrase en setembro. \u00c9 estra\u00f1o que o desco\u00f1eceran. Non o afirmo, que quede claro, s\u00f3 digo que resulta raro. De boa vontade, deilles unha copia da carta e quedei en chamar a Camilo Grandal tan pronto fixera as consultas xur\u00eddicas pertinentes para darlle contestaci\u00f3n. Estiven consultando a documentaci\u00f3n que me amosaron e conclu\u00edn que ese papel da confederaci\u00f3n non lles autorizaba a pasar sen o permiso dos propietarios (tal e como informara inicialmente a confederaci\u00f3n o Seprona). Redactei unha carta explicando as mi\u00f1as raz\u00f3ns para negarme a permitilo paso polos meus terreos que presentei por rexistro electr\u00f3nico do concello e da confederaci\u00f3n hidrogr\u00e1fica. Eran as 3:00 da ma\u00f1\u00e1 cando rematei<\/p>\n<\/blockquote>\n\n\n\n<p><strong>Respondeulle o Concello?<\/strong><\/p>\n\n\n\n<blockquote class=\"wp-block-quote is-layout-flow wp-block-quote-is-layout-flow\">\n<p>A d\u00eda de hoxe, 5 de febreiro,non.<\/p>\n<\/blockquote>\n\n\n\n<p><strong>E a confederaci\u00f3n hidrogr\u00e1fica?<\/strong><\/p>\n\n\n\n<blockquote class=\"wp-block-quote is-layout-flow wp-block-quote-is-layout-flow\">\n<p>Si. Dinme que van pasar todo o expediente ao servizo de inspecci\u00f3n e vixilancia para poder aclarar o sucedido.<\/p>\n<\/blockquote>\n\n\n\n<p><strong>Ben, a d\u00eda de hoxe estamos ent\u00f3n \u00e1 espera da resoluci\u00f3n do expediente que se abriu en setembro e supo\u00f1o que a\u00ed morrer\u00eda o conto por parte do Concello?<\/strong><\/p>\n\n\n\n<blockquote class=\"wp-block-quote is-layout-flow wp-block-quote-is-layout-flow\">\n<p>Pois non, non morreu a\u00ed. Despois da xuntanza que tivera con Camilo Grandal e co outro concelleiro, \u00e1s 8:00 da ma\u00f1\u00e1 do d\u00eda seguinte descargaron unha escavadora na contorna das mi\u00f1as propiedades para iniciar as obras. O operario quixo entrar no meu terreo. Eu op\u00faxenme e finalmente desistiu<\/p>\n<\/blockquote>\n\n\n\n<p><strong>Ah non me digas. Ent\u00f3n o se\u00f1or concelleiro xa tomou a decisi\u00f3n de que a t\u00faa resposta de\u201d ch\u00e1mote ma\u00f1\u00e1 unha vez que faga as oportunas consultas xur\u00eddicas\u201d o autorizaba a iniciar as obras e punto?<\/strong><\/p>\n\n\n\n<blockquote class=\"wp-block-quote is-layout-flow wp-block-quote-is-layout-flow\">\n<p>\u00c1s oito da ma\u00f1\u00e1 do d\u00eda seguinte. desco\u00f1ezo quen deu a orde, xa que aqu\u00ed faise todo polas bravas .\u00c9 un ordeno e mando.<\/p>\n<\/blockquote>\n","protected":false},"excerpt":{"rendered":"<div class=\"mh-excerpt\"><p>Luis XIV foi un rei franc\u00e9s do S XVII que se identifica como paradigma do absolutismo. \u00c9 o autor do famoso \u201c O estado son eu\u201d. Nestes 30 anos que levo mergullado no m\u00e1is profundo <a class=\"mh-excerpt-more\" href=\"https:\/\/www.anovapeneira.gal\/index.php\/2024\/02\/19\/o-pp-de-mos-o-paseo-do-louro-e-luis-xiv\/\" title=\"O PP de Mos o paseo do Louro e Luis XIV\">[&#8230;]<\/a><\/p>\n<\/div>","protected":false},"author":2,"featured_media":9720,"comment_status":"open","ping_status":"open","sticky":false,"template":"","format":"standard","meta":{"_exactmetrics_skip_tracking":false,"_exactmetrics_sitenote_active":false,"_exactmetrics_sitenote_note":"","_exactmetrics_sitenote_category":0,"footnotes":""},"categories":[265],"tags":[218],"class_list":{"0":"post-11286","1":"post","2":"type-post","3":"status-publish","4":"format-standard","5":"has-post-thumbnail","7":"category-a-lourina-entrevistas","8":"tag-concello-de-mos"},"yoast_head":"<!-- This site is optimized with the Yoast SEO plugin v27.4 - https:\/\/yoast.com\/product\/yoast-seo-wordpress\/ -->\n<title>O PP de Mos o paseo do Louro e Luis XIV -<\/title>\n<meta name=\"description\" content=\"Luis XIV foi un rei franc\u00e9s do S XVII que se identifica como paradigma do absolutismo. \u00c9 o autor do famoso \u201c O estado son eu\u201d.\" \/>\n<meta name=\"robots\" content=\"index, follow, max-snippet:-1, max-image-preview:large, max-video-preview:-1\" \/>\n<link rel=\"canonical\" href=\"https:\/\/www.anovapeneira.gal\/index.php\/2024\/02\/19\/o-pp-de-mos-o-paseo-do-louro-e-luis-xiv\/\" \/>\n<meta property=\"og:locale\" content=\"gl_ES\" \/>\n<meta property=\"og:type\" content=\"article\" \/>\n<meta property=\"og:title\" content=\"O PP de Mos o paseo do Louro e Luis XIV -\" \/>\n<meta property=\"og:description\" content=\"Luis XIV foi un rei franc\u00e9s do S XVII que se identifica como paradigma do absolutismo. \u00c9 o autor do famoso \u201c O estado son eu\u201d.\" \/>\n<meta property=\"og:url\" content=\"https:\/\/www.anovapeneira.gal\/index.php\/2024\/02\/19\/o-pp-de-mos-o-paseo-do-louro-e-luis-xiv\/\" \/>\n<meta property=\"article:publisher\" content=\"https:\/\/www.facebook.com\/anovapeneira\" \/>\n<meta property=\"article:published_time\" content=\"2024-02-19T09:00:50+00:00\" \/>\n<meta property=\"og:image\" content=\"https:\/\/www.anovapeneira.gal\/wp-content\/uploads\/2023\/05\/oscar_carreira.jpg\" \/>\n\t<meta property=\"og:image:width\" content=\"720\" \/>\n\t<meta property=\"og:image:height\" content=\"432\" \/>\n\t<meta property=\"og:image:type\" content=\"image\/jpeg\" \/>\n<meta name=\"author\" content=\"Tino Lago\" \/>\n<meta name=\"twitter:card\" content=\"summary_large_image\" \/>\n<meta name=\"twitter:creator\" content=\"@APeneira\" \/>\n<meta name=\"twitter:site\" content=\"@APeneira\" \/>\n<meta name=\"twitter:label1\" content=\"Escrito por\" \/>\n\t<meta name=\"twitter:data1\" content=\"Tino Lago\" \/>\n\t<meta name=\"twitter:label2\" content=\"Tempo de lectura\" \/>\n\t<meta name=\"twitter:data2\" content=\"3 minutos\" \/>\n<script type=\"application\/ld+json\" class=\"yoast-schema-graph\">{\"@context\":\"https:\\\/\\\/schema.org\",\"@graph\":[{\"@type\":\"Article\",\"@id\":\"https:\\\/\\\/www.anovapeneira.gal\\\/index.php\\\/2024\\\/02\\\/19\\\/o-pp-de-mos-o-paseo-do-louro-e-luis-xiv\\\/#article\",\"isPartOf\":{\"@id\":\"https:\\\/\\\/www.anovapeneira.gal\\\/index.php\\\/2024\\\/02\\\/19\\\/o-pp-de-mos-o-paseo-do-louro-e-luis-xiv\\\/\"},\"author\":{\"name\":\"Tino Lago\",\"@id\":\"https:\\\/\\\/www.anovapeneira.gal\\\/#\\\/schema\\\/person\\\/424dfe65e3070fd8a44d22d2c088762a\"},\"headline\":\"O PP de Mos o paseo do Louro e Luis XIV\",\"datePublished\":\"2024-02-19T09:00:50+00:00\",\"mainEntityOfPage\":{\"@id\":\"https:\\\/\\\/www.anovapeneira.gal\\\/index.php\\\/2024\\\/02\\\/19\\\/o-pp-de-mos-o-paseo-do-louro-e-luis-xiv\\\/\"},\"wordCount\":1760,\"commentCount\":0,\"publisher\":{\"@id\":\"https:\\\/\\\/www.anovapeneira.gal\\\/#organization\"},\"image\":{\"@id\":\"https:\\\/\\\/www.anovapeneira.gal\\\/index.php\\\/2024\\\/02\\\/19\\\/o-pp-de-mos-o-paseo-do-louro-e-luis-xiv\\\/#primaryimage\"},\"thumbnailUrl\":\"https:\\\/\\\/www.anovapeneira.gal\\\/wp-content\\\/uploads\\\/2023\\\/05\\\/oscar_carreira.jpg\",\"keywords\":[\"Concello de Mos\"],\"articleSection\":[\"A Louri\u00f1a\"],\"inLanguage\":\"gl-ES\",\"potentialAction\":[{\"@type\":\"CommentAction\",\"name\":\"Comment\",\"target\":[\"https:\\\/\\\/www.anovapeneira.gal\\\/index.php\\\/2024\\\/02\\\/19\\\/o-pp-de-mos-o-paseo-do-louro-e-luis-xiv\\\/#respond\"]}]},{\"@type\":\"WebPage\",\"@id\":\"https:\\\/\\\/www.anovapeneira.gal\\\/index.php\\\/2024\\\/02\\\/19\\\/o-pp-de-mos-o-paseo-do-louro-e-luis-xiv\\\/\",\"url\":\"https:\\\/\\\/www.anovapeneira.gal\\\/index.php\\\/2024\\\/02\\\/19\\\/o-pp-de-mos-o-paseo-do-louro-e-luis-xiv\\\/\",\"name\":\"O PP de Mos o paseo do Louro e Luis XIV -\",\"isPartOf\":{\"@id\":\"https:\\\/\\\/www.anovapeneira.gal\\\/#website\"},\"primaryImageOfPage\":{\"@id\":\"https:\\\/\\\/www.anovapeneira.gal\\\/index.php\\\/2024\\\/02\\\/19\\\/o-pp-de-mos-o-paseo-do-louro-e-luis-xiv\\\/#primaryimage\"},\"image\":{\"@id\":\"https:\\\/\\\/www.anovapeneira.gal\\\/index.php\\\/2024\\\/02\\\/19\\\/o-pp-de-mos-o-paseo-do-louro-e-luis-xiv\\\/#primaryimage\"},\"thumbnailUrl\":\"https:\\\/\\\/www.anovapeneira.gal\\\/wp-content\\\/uploads\\\/2023\\\/05\\\/oscar_carreira.jpg\",\"datePublished\":\"2024-02-19T09:00:50+00:00\",\"description\":\"Luis XIV foi un rei franc\u00e9s do S XVII que se identifica como paradigma do absolutismo. \u00c9 o autor do famoso \u201c O estado son eu\u201d.\",\"breadcrumb\":{\"@id\":\"https:\\\/\\\/www.anovapeneira.gal\\\/index.php\\\/2024\\\/02\\\/19\\\/o-pp-de-mos-o-paseo-do-louro-e-luis-xiv\\\/#breadcrumb\"},\"inLanguage\":\"gl-ES\",\"potentialAction\":[{\"@type\":\"ReadAction\",\"target\":[\"https:\\\/\\\/www.anovapeneira.gal\\\/index.php\\\/2024\\\/02\\\/19\\\/o-pp-de-mos-o-paseo-do-louro-e-luis-xiv\\\/\"]}]},{\"@type\":\"ImageObject\",\"inLanguage\":\"gl-ES\",\"@id\":\"https:\\\/\\\/www.anovapeneira.gal\\\/index.php\\\/2024\\\/02\\\/19\\\/o-pp-de-mos-o-paseo-do-louro-e-luis-xiv\\\/#primaryimage\",\"url\":\"https:\\\/\\\/www.anovapeneira.gal\\\/wp-content\\\/uploads\\\/2023\\\/05\\\/oscar_carreira.jpg\",\"contentUrl\":\"https:\\\/\\\/www.anovapeneira.gal\\\/wp-content\\\/uploads\\\/2023\\\/05\\\/oscar_carreira.jpg\",\"width\":720,\"height\":432,\"caption\":\"O Paseo do Louro un novo desprop\u00f3sito do goberno de Mos\"},{\"@type\":\"BreadcrumbList\",\"@id\":\"https:\\\/\\\/www.anovapeneira.gal\\\/index.php\\\/2024\\\/02\\\/19\\\/o-pp-de-mos-o-paseo-do-louro-e-luis-xiv\\\/#breadcrumb\",\"itemListElement\":[{\"@type\":\"ListItem\",\"position\":1,\"name\":\"Portada\",\"item\":\"https:\\\/\\\/www.anovapeneira.gal\\\/\"},{\"@type\":\"ListItem\",\"position\":2,\"name\":\"O PP de Mos o paseo do Louro e Luis XIV\"}]},{\"@type\":\"WebSite\",\"@id\":\"https:\\\/\\\/www.anovapeneira.gal\\\/#website\",\"url\":\"https:\\\/\\\/www.anovapeneira.gal\\\/\",\"name\":\"\",\"description\":\"Xornal galego de informaci\u00f3n xeral Publicaci\u00f3n mensual de novas de Galicia e en especial dos Concellos da sur da provincia de Pontevedra.\",\"publisher\":{\"@id\":\"https:\\\/\\\/www.anovapeneira.gal\\\/#organization\"},\"potentialAction\":[{\"@type\":\"SearchAction\",\"target\":{\"@type\":\"EntryPoint\",\"urlTemplate\":\"https:\\\/\\\/www.anovapeneira.gal\\\/?s={search_term_string}\"},\"query-input\":{\"@type\":\"PropertyValueSpecification\",\"valueRequired\":true,\"valueName\":\"search_term_string\"}}],\"inLanguage\":\"gl-ES\"},{\"@type\":\"Organization\",\"@id\":\"https:\\\/\\\/www.anovapeneira.gal\\\/#organization\",\"name\":\"A Nova Peneira\",\"url\":\"https:\\\/\\\/www.anovapeneira.gal\\\/\",\"logo\":{\"@type\":\"ImageObject\",\"inLanguage\":\"gl-ES\",\"@id\":\"https:\\\/\\\/www.anovapeneira.gal\\\/#\\\/schema\\\/logo\\\/image\\\/\",\"url\":\"http:\\\/\\\/www.anovapeneira.gal\\\/wp-content\\\/uploads\\\/2019\\\/06\\\/logo_a_nova_peneira_portal_web.png\",\"contentUrl\":\"http:\\\/\\\/www.anovapeneira.gal\\\/wp-content\\\/uploads\\\/2019\\\/06\\\/logo_a_nova_peneira_portal_web.png\",\"width\":300,\"height\":100,\"caption\":\"A Nova Peneira\"},\"image\":{\"@id\":\"https:\\\/\\\/www.anovapeneira.gal\\\/#\\\/schema\\\/logo\\\/image\\\/\"},\"sameAs\":[\"https:\\\/\\\/www.facebook.com\\\/anovapeneira\",\"https:\\\/\\\/x.com\\\/APeneira\"]},{\"@type\":\"Person\",\"@id\":\"https:\\\/\\\/www.anovapeneira.gal\\\/#\\\/schema\\\/person\\\/424dfe65e3070fd8a44d22d2c088762a\",\"name\":\"Tino Lago\",\"image\":{\"@type\":\"ImageObject\",\"inLanguage\":\"gl-ES\",\"@id\":\"https:\\\/\\\/secure.gravatar.com\\\/avatar\\\/b3df6a06e44bab3111583b90f0f33a0379ee5e3d22cbadd232d39f21c30c62be?s=96&d=mm&r=g\",\"url\":\"https:\\\/\\\/secure.gravatar.com\\\/avatar\\\/b3df6a06e44bab3111583b90f0f33a0379ee5e3d22cbadd232d39f21c30c62be?s=96&d=mm&r=g\",\"contentUrl\":\"https:\\\/\\\/secure.gravatar.com\\\/avatar\\\/b3df6a06e44bab3111583b90f0f33a0379ee5e3d22cbadd232d39f21c30c62be?s=96&d=mm&r=g\",\"caption\":\"Tino Lago\"},\"sameAs\":[\"http:\\\/\\\/www.anovapeneira.gal\"],\"url\":\"https:\\\/\\\/www.anovapeneira.gal\\\/index.php\\\/author\\\/director\\\/\"}]}<\/script>\n<!-- \/ Yoast SEO plugin. -->","yoast_head_json":{"title":"O PP de Mos o paseo do Louro e Luis XIV -","description":"Luis XIV foi un rei franc\u00e9s do S XVII que se identifica como paradigma do absolutismo. \u00c9 o autor do famoso \u201c O estado son eu\u201d.","robots":{"index":"index","follow":"follow","max-snippet":"max-snippet:-1","max-image-preview":"max-image-preview:large","max-video-preview":"max-video-preview:-1"},"canonical":"https:\/\/www.anovapeneira.gal\/index.php\/2024\/02\/19\/o-pp-de-mos-o-paseo-do-louro-e-luis-xiv\/","og_locale":"gl_ES","og_type":"article","og_title":"O PP de Mos o paseo do Louro e Luis XIV -","og_description":"Luis XIV foi un rei franc\u00e9s do S XVII que se identifica como paradigma do absolutismo. \u00c9 o autor do famoso \u201c O estado son eu\u201d.","og_url":"https:\/\/www.anovapeneira.gal\/index.php\/2024\/02\/19\/o-pp-de-mos-o-paseo-do-louro-e-luis-xiv\/","article_publisher":"https:\/\/www.facebook.com\/anovapeneira","article_published_time":"2024-02-19T09:00:50+00:00","og_image":[{"width":720,"height":432,"url":"https:\/\/www.anovapeneira.gal\/wp-content\/uploads\/2023\/05\/oscar_carreira.jpg","type":"image\/jpeg"}],"author":"Tino Lago","twitter_card":"summary_large_image","twitter_creator":"@APeneira","twitter_site":"@APeneira","twitter_misc":{"Escrito por":"Tino Lago","Tempo de lectura":"3 minutos"},"schema":{"@context":"https:\/\/schema.org","@graph":[{"@type":"Article","@id":"https:\/\/www.anovapeneira.gal\/index.php\/2024\/02\/19\/o-pp-de-mos-o-paseo-do-louro-e-luis-xiv\/#article","isPartOf":{"@id":"https:\/\/www.anovapeneira.gal\/index.php\/2024\/02\/19\/o-pp-de-mos-o-paseo-do-louro-e-luis-xiv\/"},"author":{"name":"Tino Lago","@id":"https:\/\/www.anovapeneira.gal\/#\/schema\/person\/424dfe65e3070fd8a44d22d2c088762a"},"headline":"O PP de Mos o paseo do Louro e Luis XIV","datePublished":"2024-02-19T09:00:50+00:00","mainEntityOfPage":{"@id":"https:\/\/www.anovapeneira.gal\/index.php\/2024\/02\/19\/o-pp-de-mos-o-paseo-do-louro-e-luis-xiv\/"},"wordCount":1760,"commentCount":0,"publisher":{"@id":"https:\/\/www.anovapeneira.gal\/#organization"},"image":{"@id":"https:\/\/www.anovapeneira.gal\/index.php\/2024\/02\/19\/o-pp-de-mos-o-paseo-do-louro-e-luis-xiv\/#primaryimage"},"thumbnailUrl":"https:\/\/www.anovapeneira.gal\/wp-content\/uploads\/2023\/05\/oscar_carreira.jpg","keywords":["Concello de Mos"],"articleSection":["A Louri\u00f1a"],"inLanguage":"gl-ES","potentialAction":[{"@type":"CommentAction","name":"Comment","target":["https:\/\/www.anovapeneira.gal\/index.php\/2024\/02\/19\/o-pp-de-mos-o-paseo-do-louro-e-luis-xiv\/#respond"]}]},{"@type":"WebPage","@id":"https:\/\/www.anovapeneira.gal\/index.php\/2024\/02\/19\/o-pp-de-mos-o-paseo-do-louro-e-luis-xiv\/","url":"https:\/\/www.anovapeneira.gal\/index.php\/2024\/02\/19\/o-pp-de-mos-o-paseo-do-louro-e-luis-xiv\/","name":"O PP de Mos o paseo do Louro e Luis XIV -","isPartOf":{"@id":"https:\/\/www.anovapeneira.gal\/#website"},"primaryImageOfPage":{"@id":"https:\/\/www.anovapeneira.gal\/index.php\/2024\/02\/19\/o-pp-de-mos-o-paseo-do-louro-e-luis-xiv\/#primaryimage"},"image":{"@id":"https:\/\/www.anovapeneira.gal\/index.php\/2024\/02\/19\/o-pp-de-mos-o-paseo-do-louro-e-luis-xiv\/#primaryimage"},"thumbnailUrl":"https:\/\/www.anovapeneira.gal\/wp-content\/uploads\/2023\/05\/oscar_carreira.jpg","datePublished":"2024-02-19T09:00:50+00:00","description":"Luis XIV foi un rei franc\u00e9s do S XVII que se identifica como paradigma do absolutismo. \u00c9 o autor do famoso \u201c O estado son eu\u201d.","breadcrumb":{"@id":"https:\/\/www.anovapeneira.gal\/index.php\/2024\/02\/19\/o-pp-de-mos-o-paseo-do-louro-e-luis-xiv\/#breadcrumb"},"inLanguage":"gl-ES","potentialAction":[{"@type":"ReadAction","target":["https:\/\/www.anovapeneira.gal\/index.php\/2024\/02\/19\/o-pp-de-mos-o-paseo-do-louro-e-luis-xiv\/"]}]},{"@type":"ImageObject","inLanguage":"gl-ES","@id":"https:\/\/www.anovapeneira.gal\/index.php\/2024\/02\/19\/o-pp-de-mos-o-paseo-do-louro-e-luis-xiv\/#primaryimage","url":"https:\/\/www.anovapeneira.gal\/wp-content\/uploads\/2023\/05\/oscar_carreira.jpg","contentUrl":"https:\/\/www.anovapeneira.gal\/wp-content\/uploads\/2023\/05\/oscar_carreira.jpg","width":720,"height":432,"caption":"O Paseo do Louro un novo desprop\u00f3sito do goberno de Mos"},{"@type":"BreadcrumbList","@id":"https:\/\/www.anovapeneira.gal\/index.php\/2024\/02\/19\/o-pp-de-mos-o-paseo-do-louro-e-luis-xiv\/#breadcrumb","itemListElement":[{"@type":"ListItem","position":1,"name":"Portada","item":"https:\/\/www.anovapeneira.gal\/"},{"@type":"ListItem","position":2,"name":"O PP de Mos o paseo do Louro e Luis XIV"}]},{"@type":"WebSite","@id":"https:\/\/www.anovapeneira.gal\/#website","url":"https:\/\/www.anovapeneira.gal\/","name":"","description":"Xornal galego de informaci\u00f3n xeral Publicaci\u00f3n mensual de novas de Galicia e en especial dos Concellos da sur da provincia de Pontevedra.","publisher":{"@id":"https:\/\/www.anovapeneira.gal\/#organization"},"potentialAction":[{"@type":"SearchAction","target":{"@type":"EntryPoint","urlTemplate":"https:\/\/www.anovapeneira.gal\/?s={search_term_string}"},"query-input":{"@type":"PropertyValueSpecification","valueRequired":true,"valueName":"search_term_string"}}],"inLanguage":"gl-ES"},{"@type":"Organization","@id":"https:\/\/www.anovapeneira.gal\/#organization","name":"A Nova Peneira","url":"https:\/\/www.anovapeneira.gal\/","logo":{"@type":"ImageObject","inLanguage":"gl-ES","@id":"https:\/\/www.anovapeneira.gal\/#\/schema\/logo\/image\/","url":"http:\/\/www.anovapeneira.gal\/wp-content\/uploads\/2019\/06\/logo_a_nova_peneira_portal_web.png","contentUrl":"http:\/\/www.anovapeneira.gal\/wp-content\/uploads\/2019\/06\/logo_a_nova_peneira_portal_web.png","width":300,"height":100,"caption":"A Nova Peneira"},"image":{"@id":"https:\/\/www.anovapeneira.gal\/#\/schema\/logo\/image\/"},"sameAs":["https:\/\/www.facebook.com\/anovapeneira","https:\/\/x.com\/APeneira"]},{"@type":"Person","@id":"https:\/\/www.anovapeneira.gal\/#\/schema\/person\/424dfe65e3070fd8a44d22d2c088762a","name":"Tino Lago","image":{"@type":"ImageObject","inLanguage":"gl-ES","@id":"https:\/\/secure.gravatar.com\/avatar\/b3df6a06e44bab3111583b90f0f33a0379ee5e3d22cbadd232d39f21c30c62be?s=96&d=mm&r=g","url":"https:\/\/secure.gravatar.com\/avatar\/b3df6a06e44bab3111583b90f0f33a0379ee5e3d22cbadd232d39f21c30c62be?s=96&d=mm&r=g","contentUrl":"https:\/\/secure.gravatar.com\/avatar\/b3df6a06e44bab3111583b90f0f33a0379ee5e3d22cbadd232d39f21c30c62be?s=96&d=mm&r=g","caption":"Tino Lago"},"sameAs":["http:\/\/www.anovapeneira.gal"],"url":"https:\/\/www.anovapeneira.gal\/index.php\/author\/director\/"}]}},"jetpack_featured_media_url":"https:\/\/www.anovapeneira.gal\/wp-content\/uploads\/2023\/05\/oscar_carreira.jpg","_links":{"self":[{"href":"https:\/\/www.anovapeneira.gal\/index.php\/wp-json\/wp\/v2\/posts\/11286","targetHints":{"allow":["GET"]}}],"collection":[{"href":"https:\/\/www.anovapeneira.gal\/index.php\/wp-json\/wp\/v2\/posts"}],"about":[{"href":"https:\/\/www.anovapeneira.gal\/index.php\/wp-json\/wp\/v2\/types\/post"}],"author":[{"embeddable":true,"href":"https:\/\/www.anovapeneira.gal\/index.php\/wp-json\/wp\/v2\/users\/2"}],"replies":[{"embeddable":true,"href":"https:\/\/www.anovapeneira.gal\/index.php\/wp-json\/wp\/v2\/comments?post=11286"}],"version-history":[{"count":1,"href":"https:\/\/www.anovapeneira.gal\/index.php\/wp-json\/wp\/v2\/posts\/11286\/revisions"}],"predecessor-version":[{"id":11287,"href":"https:\/\/www.anovapeneira.gal\/index.php\/wp-json\/wp\/v2\/posts\/11286\/revisions\/11287"}],"wp:featuredmedia":[{"embeddable":true,"href":"https:\/\/www.anovapeneira.gal\/index.php\/wp-json\/wp\/v2\/media\/9720"}],"wp:attachment":[{"href":"https:\/\/www.anovapeneira.gal\/index.php\/wp-json\/wp\/v2\/media?parent=11286"}],"wp:term":[{"taxonomy":"category","embeddable":true,"href":"https:\/\/www.anovapeneira.gal\/index.php\/wp-json\/wp\/v2\/categories?post=11286"},{"taxonomy":"post_tag","embeddable":true,"href":"https:\/\/www.anovapeneira.gal\/index.php\/wp-json\/wp\/v2\/tags?post=11286"}],"curies":[{"name":"wp","href":"https:\/\/api.w.org\/{rel}","templated":true}]}}