{"id":11288,"date":"2024-02-19T12:00:31","date_gmt":"2024-02-19T11:00:31","guid":{"rendered":"https:\/\/www.anovapeneira.gal\/?p=11288"},"modified":"2024-02-18T09:09:04","modified_gmt":"2024-02-18T08:09:04","slug":"adega-presenta-unha-querela-contra-paula-uria-por-condonar-a-greenalia-unha-debeda-millonaria-coa-facenda-publica","status":"publish","type":"post","link":"https:\/\/www.anovapeneira.gal\/index.php\/2024\/02\/19\/adega-presenta-unha-querela-contra-paula-uria-por-condonar-a-greenalia-unha-debeda-millonaria-coa-facenda-publica\/","title":{"rendered":"ADEGA presenta unha querela contra Paula Ur\u00eda por condonar a Greenalia unha d\u00e9beda millonaria coa facenda p\u00fablica"},"content":{"rendered":"\n<p>ADEGA v\u00e9n de presentar no d\u00eda de hoxe unha querela criminal ante o Xulgado de instruci\u00f3n de Santiago de Compostela contra a ex Directora Xeral de Planificaci\u00f3n Enerx\u00e9tica e Recursos Naturais da Xunta de Galicia, Paula Mar\u00eda Ur\u00eda Traba, pola posible comisi\u00f3n dos delitos de prevaricaci\u00f3n e malversaci\u00f3n, ao condonarlle \u00e1 empresa Greenalia unha d\u00e9beda coa facenda p\u00fablica de perto de 12 mill\u00f3ns de euros, de forma arbitraria e en contra do ordenamento xur\u00eddico.<br><br>Os feitos constitutivos de presunto delito tiveron lugar en xullo de 2021, cando a daquela Directora Xeral de Planificaci\u00f3n Enerx\u00e9tica e Recursos Naturais, Paula Ur\u00eda Traba, asinou unha resoluci\u00f3n administrativa pola que aceptaba a proposta da empresa Greenalia de modificaci\u00f3n do plan industrial asociado \u00e1 adxudicaci\u00f3n de megavatios para o parque e\u00f3lico Campelo no concurso do bipartito de 2010. Naquel concurso e\u00f3lico, a promotora inicial do parque e\u00f3lico Campelo, Kaekias E\u00f3lica S.A., acadara a potencia e\u00f3lica solicitada para a construci\u00f3n deste parque coa condici\u00f3n de executar o plan industrial asociado ao mesmo. Por\u00e9n, co paso do tempo, Kaekias E\u00f3lica optou por non executar o plan industrial proposto e, no seu lugar, decidiu monetizalo, quedando obrigada a ingresar 11.721.971 euros no fondo de capital-risco (Sodiga) do Igape, no prazo dun mes desde a posta en funcionamento do parque e\u00f3lico Campelo.<\/p>\n\n\n\n<p><strong>En Santiago de Compostela, a 9 de febrero de 2024<\/strong><\/p>\n\n\n\n<p>En 2017, a titularidade deste proxecto e\u00f3lico e das obrigas ligadas ao plan industrial asociado pasaron a mans de Greenalia, empresa na que actualmente ostenta un cargo directivo a ex Conselleira de Medio Ambiente do PP, Beatriz Mato. En novembro de 2019, Greenalia rexeitou facer fronte \u00e1 monetizaci\u00f3n do plan industrial que formulara a s\u00faa antecesora e, por conseguinte, ao pago dos perto de 12 mill\u00f3ns de euros \u00e1 facenda p\u00fablica, e presentou unha nova proposta diante da Direcci\u00f3n Xeral de Planificaci\u00f3n Enerx\u00e9tica da Xunta de Galicia pola que solicitaba dar por executado o plan industrial vinculado ao parque e\u00f3lico Campelo. A efectos de probar a execuci\u00f3n efectiva do plan industrial, Greenalia presentaba tres actuaci\u00f3ns que xa tivera desenvolto no pasado, entre 2015 e 2019, e que nada ti\u00f1an que ver co plan industrial acollido no concurso de 2010.<br><br>As\u00ed, o 21 de xullo de 2021, Paula Ur\u00eda, como Directora Xeral de Planificaci\u00f3n Enerx\u00e9tica, aceptou o cambio da monetizaci\u00f3n polo efectivo desenvolvemento do plan industrial e, asemade, validou, a fin de dar por executado tal plan, as tres actuaci\u00f3ns de Greenalia que non se correspond\u00edan co plan industrial proposto en 2010. Concretamente, o plan industrial proposto por Kaeikas E\u00f3lica consist\u00eda nun proxecto de secado t\u00e9rmico de lamas e fabricaci\u00f3n de pellets, e Greenalia solicitou que se tivese por executado tal proxecto en base ao desenvolvemento dun negocio hoteleiro, un proxecto de buque para a exportaci\u00f3n do sector forestal e un proxecto de xesti\u00f3n de biomasa. Ao abeiro da regulaci\u00f3n do concurso e\u00f3lico de 2010 non ti\u00f1a cabida legal unha modificaci\u00f3n dos proxectos industriais como a referida. Por\u00e9n, a resoluci\u00f3n administrativa asinada por Paula Ur\u00eda deu por executado o plan industrial ao tempo que condonou a Greenalia unha d\u00e9beda de 11.721.971 Euros, coa conseguinte lesi\u00f3n \u00e1 facenda p\u00fablica.<\/p>\n\n\n\n<h3 class=\"wp-block-heading\">Arbitrariedade flagrante, notoria e patente<\/h3>\n\n\n\n<p>A querela interposta por ADEGA argumenta a posible responsabilidade criminal de Paula Ur\u00eda Traba como Directora Xeral e asinante da devandita resoluci\u00f3n, pola que poder\u00eda estar incorrendo en presuntos delictos de prevaricaci\u00f3n administrativa e malversaci\u00f3n de fondos p\u00fablicos. Paula Ur\u00eda, persoa con ampla traxectoria en postos pol\u00edticos na Xunta de Galicia baixo as presidencias de N\u00fa\u00f1ez Feixo\u00f3 e Rueda, ter\u00eda actuado, apunta ADEGA, \u201ccon radical arbitrariedade e total ausencia de base legal, desvi\u00e1ndose da normal praxe administrativa dunha maneira flagrante, notoria e patente\u201d.<br><br>Ademais, concorren indicios de que Paula Ur\u00eda ter\u00eda dado por executado un plan industrial e condonado a d\u00e9beda da empresa de Beatriz Mato coa facenda p\u00fablica en base a determinadas actividades para cuxo desenvolvemento Greenalia ter\u00eda recibido contiosas axudas p\u00fablicas. Lembra a organizaci\u00f3n ecoloxista que diversas sociedades do Grupo Greenalia cuxa actividade se centra na xesti\u00f3n da biomasa -actividade invocada pola empresa en desenvolvemento do plan industrial do Parque E\u00f3lico Campelo- obtiveron financiamento da Xunta de Galicia pola v\u00eda de concesi\u00f3n de subvenci\u00f3ns e mesmo dun pr\u00e9stamo de 1.000.000 de euros, cando Beatriz Mato a\u00ednda ostentaba o cargo de conselleira.<br><br>As\u00ed mesmo, a asociaci\u00f3n ecoloxista alerta da posibilidade de que outros supostos de condonaci\u00f3n material semellantes se te\u00f1an dado a respecto doutros proxectos e\u00f3licos derivados do concurso do ano 2010, resultando por tal raz\u00f3n necesario que se proceda a fiscalizar de inmediato o proceder da Xunta a este respecto.<\/p>\n","protected":false},"excerpt":{"rendered":"<div class=\"mh-excerpt\"><p>ADEGA v\u00e9n de presentar no d\u00eda de hoxe unha querela criminal ante o Xulgado de instruci\u00f3n de Santiago de Compostela contra a ex Directora Xeral de Planificaci\u00f3n Enerx\u00e9tica e Recursos Naturais da Xunta de Galicia <a class=\"mh-excerpt-more\" href=\"https:\/\/www.anovapeneira.gal\/index.php\/2024\/02\/19\/adega-presenta-unha-querela-contra-paula-uria-por-condonar-a-greenalia-unha-debeda-millonaria-coa-facenda-publica\/\" title=\"ADEGA presenta unha querela contra Paula Ur\u00eda por condonar a Greenalia unha d\u00e9beda millonaria coa facenda p\u00fablica\">[&#8230;]<\/a><\/p>\n<\/div>","protected":false},"author":3,"featured_media":11289,"comment_status":"open","ping_status":"open","sticky":false,"template":"","format":"standard","meta":{"_exactmetrics_skip_tracking":false,"_exactmetrics_sitenote_active":false,"_exactmetrics_sitenote_note":"","_exactmetrics_sitenote_category":0,"footnotes":""},"categories":[263],"tags":[714],"class_list":{"0":"post-11288","1":"post","2":"type-post","3":"status-publish","4":"format-standard","5":"has-post-thumbnail","7":"category-novas","8":"tag-adega"},"yoast_head":"<!-- This site is optimized with the Yoast SEO plugin v27.4 - https:\/\/yoast.com\/product\/yoast-seo-wordpress\/ -->\n<title>ADEGA presenta unha querela contra Paula Ur\u00eda por condonar a Greenalia unha d\u00e9beda millonaria coa facenda p\u00fablica -<\/title>\n<meta name=\"description\" content=\"ADEGA v\u00e9n de presentar no d\u00eda de hoxe unha querela criminal ante o Xulgado de instruci\u00f3n de Santiago de Compostela contra a ex Directora Xeral de Planificaci\u00f3n Enerx\u00e9tica e Recursos Naturais da Xunta de Galicia\" \/>\n<meta name=\"robots\" content=\"index, follow, max-snippet:-1, max-image-preview:large, max-video-preview:-1\" \/>\n<link rel=\"canonical\" href=\"https:\/\/www.anovapeneira.gal\/index.php\/2024\/02\/19\/adega-presenta-unha-querela-contra-paula-uria-por-condonar-a-greenalia-unha-debeda-millonaria-coa-facenda-publica\/\" \/>\n<meta property=\"og:locale\" content=\"gl_ES\" \/>\n<meta property=\"og:type\" content=\"article\" \/>\n<meta property=\"og:title\" content=\"ADEGA presenta unha querela contra Paula Ur\u00eda por condonar a Greenalia unha d\u00e9beda millonaria coa facenda p\u00fablica -\" \/>\n<meta property=\"og:description\" content=\"ADEGA v\u00e9n de presentar no d\u00eda de hoxe unha querela criminal ante o Xulgado de instruci\u00f3n de Santiago de Compostela contra a ex Directora Xeral de Planificaci\u00f3n Enerx\u00e9tica e Recursos Naturais da Xunta de Galicia\" \/>\n<meta property=\"og:url\" content=\"https:\/\/www.anovapeneira.gal\/index.php\/2024\/02\/19\/adega-presenta-unha-querela-contra-paula-uria-por-condonar-a-greenalia-unha-debeda-millonaria-coa-facenda-publica\/\" \/>\n<meta property=\"article:publisher\" content=\"https:\/\/www.facebook.com\/anovapeneira\" \/>\n<meta property=\"article:published_time\" content=\"2024-02-19T11:00:31+00:00\" \/>\n<meta property=\"og:image\" content=\"https:\/\/www.anovapeneira.gal\/wp-content\/uploads\/2024\/02\/paula-uria-copia.jpg\" \/>\n\t<meta property=\"og:image:width\" content=\"720\" \/>\n\t<meta property=\"og:image:height\" content=\"432\" \/>\n\t<meta property=\"og:image:type\" content=\"image\/jpeg\" \/>\n<meta name=\"author\" content=\"Redacci\u00f3n A Nova Peneira\" \/>\n<meta name=\"twitter:card\" content=\"summary_large_image\" \/>\n<meta name=\"twitter:creator\" content=\"@APeneira\" \/>\n<meta name=\"twitter:site\" content=\"@APeneira\" \/>\n<meta name=\"twitter:label1\" content=\"Escrito por\" \/>\n\t<meta name=\"twitter:data1\" content=\"Redacci\u00f3n A Nova Peneira\" \/>\n\t<meta name=\"twitter:label2\" content=\"Tempo de lectura\" \/>\n\t<meta name=\"twitter:data2\" content=\"5 minutos\" \/>\n<script type=\"application\/ld+json\" class=\"yoast-schema-graph\">{\"@context\":\"https:\\\/\\\/schema.org\",\"@graph\":[{\"@type\":\"Article\",\"@id\":\"https:\\\/\\\/www.anovapeneira.gal\\\/index.php\\\/2024\\\/02\\\/19\\\/adega-presenta-unha-querela-contra-paula-uria-por-condonar-a-greenalia-unha-debeda-millonaria-coa-facenda-publica\\\/#article\",\"isPartOf\":{\"@id\":\"https:\\\/\\\/www.anovapeneira.gal\\\/index.php\\\/2024\\\/02\\\/19\\\/adega-presenta-unha-querela-contra-paula-uria-por-condonar-a-greenalia-unha-debeda-millonaria-coa-facenda-publica\\\/\"},\"author\":{\"name\":\"Redacci\u00f3n A Nova Peneira\",\"@id\":\"https:\\\/\\\/www.anovapeneira.gal\\\/#\\\/schema\\\/person\\\/b93e3f8932e3f8da96334607eb6ac6aa\"},\"headline\":\"ADEGA presenta unha querela contra Paula Ur\u00eda por condonar a Greenalia unha d\u00e9beda millonaria coa facenda p\u00fablica\",\"datePublished\":\"2024-02-19T11:00:31+00:00\",\"mainEntityOfPage\":{\"@id\":\"https:\\\/\\\/www.anovapeneira.gal\\\/index.php\\\/2024\\\/02\\\/19\\\/adega-presenta-unha-querela-contra-paula-uria-por-condonar-a-greenalia-unha-debeda-millonaria-coa-facenda-publica\\\/\"},\"wordCount\":848,\"commentCount\":0,\"publisher\":{\"@id\":\"https:\\\/\\\/www.anovapeneira.gal\\\/#organization\"},\"image\":{\"@id\":\"https:\\\/\\\/www.anovapeneira.gal\\\/index.php\\\/2024\\\/02\\\/19\\\/adega-presenta-unha-querela-contra-paula-uria-por-condonar-a-greenalia-unha-debeda-millonaria-coa-facenda-publica\\\/#primaryimage\"},\"thumbnailUrl\":\"https:\\\/\\\/www.anovapeneira.gal\\\/wp-content\\\/uploads\\\/2024\\\/02\\\/paula-uria-copia.jpg\",\"keywords\":[\"Adega\"],\"articleSection\":[\"Novas\"],\"inLanguage\":\"gl-ES\",\"potentialAction\":[{\"@type\":\"CommentAction\",\"name\":\"Comment\",\"target\":[\"https:\\\/\\\/www.anovapeneira.gal\\\/index.php\\\/2024\\\/02\\\/19\\\/adega-presenta-unha-querela-contra-paula-uria-por-condonar-a-greenalia-unha-debeda-millonaria-coa-facenda-publica\\\/#respond\"]}]},{\"@type\":\"WebPage\",\"@id\":\"https:\\\/\\\/www.anovapeneira.gal\\\/index.php\\\/2024\\\/02\\\/19\\\/adega-presenta-unha-querela-contra-paula-uria-por-condonar-a-greenalia-unha-debeda-millonaria-coa-facenda-publica\\\/\",\"url\":\"https:\\\/\\\/www.anovapeneira.gal\\\/index.php\\\/2024\\\/02\\\/19\\\/adega-presenta-unha-querela-contra-paula-uria-por-condonar-a-greenalia-unha-debeda-millonaria-coa-facenda-publica\\\/\",\"name\":\"ADEGA presenta unha querela contra Paula Ur\u00eda por condonar a Greenalia unha d\u00e9beda millonaria coa facenda p\u00fablica -\",\"isPartOf\":{\"@id\":\"https:\\\/\\\/www.anovapeneira.gal\\\/#website\"},\"primaryImageOfPage\":{\"@id\":\"https:\\\/\\\/www.anovapeneira.gal\\\/index.php\\\/2024\\\/02\\\/19\\\/adega-presenta-unha-querela-contra-paula-uria-por-condonar-a-greenalia-unha-debeda-millonaria-coa-facenda-publica\\\/#primaryimage\"},\"image\":{\"@id\":\"https:\\\/\\\/www.anovapeneira.gal\\\/index.php\\\/2024\\\/02\\\/19\\\/adega-presenta-unha-querela-contra-paula-uria-por-condonar-a-greenalia-unha-debeda-millonaria-coa-facenda-publica\\\/#primaryimage\"},\"thumbnailUrl\":\"https:\\\/\\\/www.anovapeneira.gal\\\/wp-content\\\/uploads\\\/2024\\\/02\\\/paula-uria-copia.jpg\",\"datePublished\":\"2024-02-19T11:00:31+00:00\",\"description\":\"ADEGA v\u00e9n de presentar no d\u00eda de hoxe unha querela criminal ante o Xulgado de instruci\u00f3n de Santiago de Compostela contra a ex Directora Xeral de Planificaci\u00f3n Enerx\u00e9tica e Recursos Naturais da Xunta de Galicia\",\"breadcrumb\":{\"@id\":\"https:\\\/\\\/www.anovapeneira.gal\\\/index.php\\\/2024\\\/02\\\/19\\\/adega-presenta-unha-querela-contra-paula-uria-por-condonar-a-greenalia-unha-debeda-millonaria-coa-facenda-publica\\\/#breadcrumb\"},\"inLanguage\":\"gl-ES\",\"potentialAction\":[{\"@type\":\"ReadAction\",\"target\":[\"https:\\\/\\\/www.anovapeneira.gal\\\/index.php\\\/2024\\\/02\\\/19\\\/adega-presenta-unha-querela-contra-paula-uria-por-condonar-a-greenalia-unha-debeda-millonaria-coa-facenda-publica\\\/\"]}]},{\"@type\":\"ImageObject\",\"inLanguage\":\"gl-ES\",\"@id\":\"https:\\\/\\\/www.anovapeneira.gal\\\/index.php\\\/2024\\\/02\\\/19\\\/adega-presenta-unha-querela-contra-paula-uria-por-condonar-a-greenalia-unha-debeda-millonaria-coa-facenda-publica\\\/#primaryimage\",\"url\":\"https:\\\/\\\/www.anovapeneira.gal\\\/wp-content\\\/uploads\\\/2024\\\/02\\\/paula-uria-copia.jpg\",\"contentUrl\":\"https:\\\/\\\/www.anovapeneira.gal\\\/wp-content\\\/uploads\\\/2024\\\/02\\\/paula-uria-copia.jpg\",\"width\":720,\"height\":432,\"caption\":\"Paula Uria\"},{\"@type\":\"BreadcrumbList\",\"@id\":\"https:\\\/\\\/www.anovapeneira.gal\\\/index.php\\\/2024\\\/02\\\/19\\\/adega-presenta-unha-querela-contra-paula-uria-por-condonar-a-greenalia-unha-debeda-millonaria-coa-facenda-publica\\\/#breadcrumb\",\"itemListElement\":[{\"@type\":\"ListItem\",\"position\":1,\"name\":\"Portada\",\"item\":\"https:\\\/\\\/www.anovapeneira.gal\\\/\"},{\"@type\":\"ListItem\",\"position\":2,\"name\":\"ADEGA presenta unha querela contra Paula Ur\u00eda por condonar a Greenalia unha d\u00e9beda millonaria coa facenda p\u00fablica\"}]},{\"@type\":\"WebSite\",\"@id\":\"https:\\\/\\\/www.anovapeneira.gal\\\/#website\",\"url\":\"https:\\\/\\\/www.anovapeneira.gal\\\/\",\"name\":\"\",\"description\":\"Xornal galego de informaci\u00f3n xeral Publicaci\u00f3n mensual de novas de Galicia e en especial dos Concellos da sur da provincia de Pontevedra.\",\"publisher\":{\"@id\":\"https:\\\/\\\/www.anovapeneira.gal\\\/#organization\"},\"potentialAction\":[{\"@type\":\"SearchAction\",\"target\":{\"@type\":\"EntryPoint\",\"urlTemplate\":\"https:\\\/\\\/www.anovapeneira.gal\\\/?s={search_term_string}\"},\"query-input\":{\"@type\":\"PropertyValueSpecification\",\"valueRequired\":true,\"valueName\":\"search_term_string\"}}],\"inLanguage\":\"gl-ES\"},{\"@type\":\"Organization\",\"@id\":\"https:\\\/\\\/www.anovapeneira.gal\\\/#organization\",\"name\":\"A Nova Peneira\",\"url\":\"https:\\\/\\\/www.anovapeneira.gal\\\/\",\"logo\":{\"@type\":\"ImageObject\",\"inLanguage\":\"gl-ES\",\"@id\":\"https:\\\/\\\/www.anovapeneira.gal\\\/#\\\/schema\\\/logo\\\/image\\\/\",\"url\":\"http:\\\/\\\/www.anovapeneira.gal\\\/wp-content\\\/uploads\\\/2019\\\/06\\\/logo_a_nova_peneira_portal_web.png\",\"contentUrl\":\"http:\\\/\\\/www.anovapeneira.gal\\\/wp-content\\\/uploads\\\/2019\\\/06\\\/logo_a_nova_peneira_portal_web.png\",\"width\":300,\"height\":100,\"caption\":\"A Nova Peneira\"},\"image\":{\"@id\":\"https:\\\/\\\/www.anovapeneira.gal\\\/#\\\/schema\\\/logo\\\/image\\\/\"},\"sameAs\":[\"https:\\\/\\\/www.facebook.com\\\/anovapeneira\",\"https:\\\/\\\/x.com\\\/APeneira\"]},{\"@type\":\"Person\",\"@id\":\"https:\\\/\\\/www.anovapeneira.gal\\\/#\\\/schema\\\/person\\\/b93e3f8932e3f8da96334607eb6ac6aa\",\"name\":\"Redacci\u00f3n A Nova Peneira\",\"image\":{\"@type\":\"ImageObject\",\"inLanguage\":\"gl-ES\",\"@id\":\"https:\\\/\\\/secure.gravatar.com\\\/avatar\\\/c052a2551a06e23fac63626232eaa90abd78dbcf1700fc46a2b2c89fd27b735f?s=96&d=mm&r=g\",\"url\":\"https:\\\/\\\/secure.gravatar.com\\\/avatar\\\/c052a2551a06e23fac63626232eaa90abd78dbcf1700fc46a2b2c89fd27b735f?s=96&d=mm&r=g\",\"contentUrl\":\"https:\\\/\\\/secure.gravatar.com\\\/avatar\\\/c052a2551a06e23fac63626232eaa90abd78dbcf1700fc46a2b2c89fd27b735f?s=96&d=mm&r=g\",\"caption\":\"Redacci\u00f3n A Nova Peneira\"},\"sameAs\":[\"http:\\\/\\\/www.anovapeneira.gal\\\/\"],\"url\":\"https:\\\/\\\/www.anovapeneira.gal\\\/index.php\\\/author\\\/redactor\\\/\"}]}<\/script>\n<!-- \/ Yoast SEO plugin. -->","yoast_head_json":{"title":"ADEGA presenta unha querela contra Paula Ur\u00eda por condonar a Greenalia unha d\u00e9beda millonaria coa facenda p\u00fablica -","description":"ADEGA v\u00e9n de presentar no d\u00eda de hoxe unha querela criminal ante o Xulgado de instruci\u00f3n de Santiago de Compostela contra a ex Directora Xeral de Planificaci\u00f3n Enerx\u00e9tica e Recursos Naturais da Xunta de Galicia","robots":{"index":"index","follow":"follow","max-snippet":"max-snippet:-1","max-image-preview":"max-image-preview:large","max-video-preview":"max-video-preview:-1"},"canonical":"https:\/\/www.anovapeneira.gal\/index.php\/2024\/02\/19\/adega-presenta-unha-querela-contra-paula-uria-por-condonar-a-greenalia-unha-debeda-millonaria-coa-facenda-publica\/","og_locale":"gl_ES","og_type":"article","og_title":"ADEGA presenta unha querela contra Paula Ur\u00eda por condonar a Greenalia unha d\u00e9beda millonaria coa facenda p\u00fablica -","og_description":"ADEGA v\u00e9n de presentar no d\u00eda de hoxe unha querela criminal ante o Xulgado de instruci\u00f3n de Santiago de Compostela contra a ex Directora Xeral de Planificaci\u00f3n Enerx\u00e9tica e Recursos Naturais da Xunta de Galicia","og_url":"https:\/\/www.anovapeneira.gal\/index.php\/2024\/02\/19\/adega-presenta-unha-querela-contra-paula-uria-por-condonar-a-greenalia-unha-debeda-millonaria-coa-facenda-publica\/","article_publisher":"https:\/\/www.facebook.com\/anovapeneira","article_published_time":"2024-02-19T11:00:31+00:00","og_image":[{"width":720,"height":432,"url":"https:\/\/www.anovapeneira.gal\/wp-content\/uploads\/2024\/02\/paula-uria-copia.jpg","type":"image\/jpeg"}],"author":"Redacci\u00f3n A Nova Peneira","twitter_card":"summary_large_image","twitter_creator":"@APeneira","twitter_site":"@APeneira","twitter_misc":{"Escrito por":"Redacci\u00f3n A Nova Peneira","Tempo de lectura":"5 minutos"},"schema":{"@context":"https:\/\/schema.org","@graph":[{"@type":"Article","@id":"https:\/\/www.anovapeneira.gal\/index.php\/2024\/02\/19\/adega-presenta-unha-querela-contra-paula-uria-por-condonar-a-greenalia-unha-debeda-millonaria-coa-facenda-publica\/#article","isPartOf":{"@id":"https:\/\/www.anovapeneira.gal\/index.php\/2024\/02\/19\/adega-presenta-unha-querela-contra-paula-uria-por-condonar-a-greenalia-unha-debeda-millonaria-coa-facenda-publica\/"},"author":{"name":"Redacci\u00f3n A Nova Peneira","@id":"https:\/\/www.anovapeneira.gal\/#\/schema\/person\/b93e3f8932e3f8da96334607eb6ac6aa"},"headline":"ADEGA presenta unha querela contra Paula Ur\u00eda por condonar a Greenalia unha d\u00e9beda millonaria coa facenda p\u00fablica","datePublished":"2024-02-19T11:00:31+00:00","mainEntityOfPage":{"@id":"https:\/\/www.anovapeneira.gal\/index.php\/2024\/02\/19\/adega-presenta-unha-querela-contra-paula-uria-por-condonar-a-greenalia-unha-debeda-millonaria-coa-facenda-publica\/"},"wordCount":848,"commentCount":0,"publisher":{"@id":"https:\/\/www.anovapeneira.gal\/#organization"},"image":{"@id":"https:\/\/www.anovapeneira.gal\/index.php\/2024\/02\/19\/adega-presenta-unha-querela-contra-paula-uria-por-condonar-a-greenalia-unha-debeda-millonaria-coa-facenda-publica\/#primaryimage"},"thumbnailUrl":"https:\/\/www.anovapeneira.gal\/wp-content\/uploads\/2024\/02\/paula-uria-copia.jpg","keywords":["Adega"],"articleSection":["Novas"],"inLanguage":"gl-ES","potentialAction":[{"@type":"CommentAction","name":"Comment","target":["https:\/\/www.anovapeneira.gal\/index.php\/2024\/02\/19\/adega-presenta-unha-querela-contra-paula-uria-por-condonar-a-greenalia-unha-debeda-millonaria-coa-facenda-publica\/#respond"]}]},{"@type":"WebPage","@id":"https:\/\/www.anovapeneira.gal\/index.php\/2024\/02\/19\/adega-presenta-unha-querela-contra-paula-uria-por-condonar-a-greenalia-unha-debeda-millonaria-coa-facenda-publica\/","url":"https:\/\/www.anovapeneira.gal\/index.php\/2024\/02\/19\/adega-presenta-unha-querela-contra-paula-uria-por-condonar-a-greenalia-unha-debeda-millonaria-coa-facenda-publica\/","name":"ADEGA presenta unha querela contra Paula Ur\u00eda por condonar a Greenalia unha d\u00e9beda millonaria coa facenda p\u00fablica -","isPartOf":{"@id":"https:\/\/www.anovapeneira.gal\/#website"},"primaryImageOfPage":{"@id":"https:\/\/www.anovapeneira.gal\/index.php\/2024\/02\/19\/adega-presenta-unha-querela-contra-paula-uria-por-condonar-a-greenalia-unha-debeda-millonaria-coa-facenda-publica\/#primaryimage"},"image":{"@id":"https:\/\/www.anovapeneira.gal\/index.php\/2024\/02\/19\/adega-presenta-unha-querela-contra-paula-uria-por-condonar-a-greenalia-unha-debeda-millonaria-coa-facenda-publica\/#primaryimage"},"thumbnailUrl":"https:\/\/www.anovapeneira.gal\/wp-content\/uploads\/2024\/02\/paula-uria-copia.jpg","datePublished":"2024-02-19T11:00:31+00:00","description":"ADEGA v\u00e9n de presentar no d\u00eda de hoxe unha querela criminal ante o Xulgado de instruci\u00f3n de Santiago de Compostela contra a ex Directora Xeral de Planificaci\u00f3n Enerx\u00e9tica e Recursos Naturais da Xunta de Galicia","breadcrumb":{"@id":"https:\/\/www.anovapeneira.gal\/index.php\/2024\/02\/19\/adega-presenta-unha-querela-contra-paula-uria-por-condonar-a-greenalia-unha-debeda-millonaria-coa-facenda-publica\/#breadcrumb"},"inLanguage":"gl-ES","potentialAction":[{"@type":"ReadAction","target":["https:\/\/www.anovapeneira.gal\/index.php\/2024\/02\/19\/adega-presenta-unha-querela-contra-paula-uria-por-condonar-a-greenalia-unha-debeda-millonaria-coa-facenda-publica\/"]}]},{"@type":"ImageObject","inLanguage":"gl-ES","@id":"https:\/\/www.anovapeneira.gal\/index.php\/2024\/02\/19\/adega-presenta-unha-querela-contra-paula-uria-por-condonar-a-greenalia-unha-debeda-millonaria-coa-facenda-publica\/#primaryimage","url":"https:\/\/www.anovapeneira.gal\/wp-content\/uploads\/2024\/02\/paula-uria-copia.jpg","contentUrl":"https:\/\/www.anovapeneira.gal\/wp-content\/uploads\/2024\/02\/paula-uria-copia.jpg","width":720,"height":432,"caption":"Paula Uria"},{"@type":"BreadcrumbList","@id":"https:\/\/www.anovapeneira.gal\/index.php\/2024\/02\/19\/adega-presenta-unha-querela-contra-paula-uria-por-condonar-a-greenalia-unha-debeda-millonaria-coa-facenda-publica\/#breadcrumb","itemListElement":[{"@type":"ListItem","position":1,"name":"Portada","item":"https:\/\/www.anovapeneira.gal\/"},{"@type":"ListItem","position":2,"name":"ADEGA presenta unha querela contra Paula Ur\u00eda por condonar a Greenalia unha d\u00e9beda millonaria coa facenda p\u00fablica"}]},{"@type":"WebSite","@id":"https:\/\/www.anovapeneira.gal\/#website","url":"https:\/\/www.anovapeneira.gal\/","name":"","description":"Xornal galego de informaci\u00f3n xeral Publicaci\u00f3n mensual de novas de Galicia e en especial dos Concellos da sur da provincia de Pontevedra.","publisher":{"@id":"https:\/\/www.anovapeneira.gal\/#organization"},"potentialAction":[{"@type":"SearchAction","target":{"@type":"EntryPoint","urlTemplate":"https:\/\/www.anovapeneira.gal\/?s={search_term_string}"},"query-input":{"@type":"PropertyValueSpecification","valueRequired":true,"valueName":"search_term_string"}}],"inLanguage":"gl-ES"},{"@type":"Organization","@id":"https:\/\/www.anovapeneira.gal\/#organization","name":"A Nova Peneira","url":"https:\/\/www.anovapeneira.gal\/","logo":{"@type":"ImageObject","inLanguage":"gl-ES","@id":"https:\/\/www.anovapeneira.gal\/#\/schema\/logo\/image\/","url":"http:\/\/www.anovapeneira.gal\/wp-content\/uploads\/2019\/06\/logo_a_nova_peneira_portal_web.png","contentUrl":"http:\/\/www.anovapeneira.gal\/wp-content\/uploads\/2019\/06\/logo_a_nova_peneira_portal_web.png","width":300,"height":100,"caption":"A Nova Peneira"},"image":{"@id":"https:\/\/www.anovapeneira.gal\/#\/schema\/logo\/image\/"},"sameAs":["https:\/\/www.facebook.com\/anovapeneira","https:\/\/x.com\/APeneira"]},{"@type":"Person","@id":"https:\/\/www.anovapeneira.gal\/#\/schema\/person\/b93e3f8932e3f8da96334607eb6ac6aa","name":"Redacci\u00f3n A Nova Peneira","image":{"@type":"ImageObject","inLanguage":"gl-ES","@id":"https:\/\/secure.gravatar.com\/avatar\/c052a2551a06e23fac63626232eaa90abd78dbcf1700fc46a2b2c89fd27b735f?s=96&d=mm&r=g","url":"https:\/\/secure.gravatar.com\/avatar\/c052a2551a06e23fac63626232eaa90abd78dbcf1700fc46a2b2c89fd27b735f?s=96&d=mm&r=g","contentUrl":"https:\/\/secure.gravatar.com\/avatar\/c052a2551a06e23fac63626232eaa90abd78dbcf1700fc46a2b2c89fd27b735f?s=96&d=mm&r=g","caption":"Redacci\u00f3n A Nova Peneira"},"sameAs":["http:\/\/www.anovapeneira.gal\/"],"url":"https:\/\/www.anovapeneira.gal\/index.php\/author\/redactor\/"}]}},"jetpack_featured_media_url":"https:\/\/www.anovapeneira.gal\/wp-content\/uploads\/2024\/02\/paula-uria-copia.jpg","_links":{"self":[{"href":"https:\/\/www.anovapeneira.gal\/index.php\/wp-json\/wp\/v2\/posts\/11288","targetHints":{"allow":["GET"]}}],"collection":[{"href":"https:\/\/www.anovapeneira.gal\/index.php\/wp-json\/wp\/v2\/posts"}],"about":[{"href":"https:\/\/www.anovapeneira.gal\/index.php\/wp-json\/wp\/v2\/types\/post"}],"author":[{"embeddable":true,"href":"https:\/\/www.anovapeneira.gal\/index.php\/wp-json\/wp\/v2\/users\/3"}],"replies":[{"embeddable":true,"href":"https:\/\/www.anovapeneira.gal\/index.php\/wp-json\/wp\/v2\/comments?post=11288"}],"version-history":[{"count":1,"href":"https:\/\/www.anovapeneira.gal\/index.php\/wp-json\/wp\/v2\/posts\/11288\/revisions"}],"predecessor-version":[{"id":11290,"href":"https:\/\/www.anovapeneira.gal\/index.php\/wp-json\/wp\/v2\/posts\/11288\/revisions\/11290"}],"wp:featuredmedia":[{"embeddable":true,"href":"https:\/\/www.anovapeneira.gal\/index.php\/wp-json\/wp\/v2\/media\/11289"}],"wp:attachment":[{"href":"https:\/\/www.anovapeneira.gal\/index.php\/wp-json\/wp\/v2\/media?parent=11288"}],"wp:term":[{"taxonomy":"category","embeddable":true,"href":"https:\/\/www.anovapeneira.gal\/index.php\/wp-json\/wp\/v2\/categories?post=11288"},{"taxonomy":"post_tag","embeddable":true,"href":"https:\/\/www.anovapeneira.gal\/index.php\/wp-json\/wp\/v2\/tags?post=11288"}],"curies":[{"name":"wp","href":"https:\/\/api.w.org\/{rel}","templated":true}]}}