{"id":11291,"date":"2024-02-20T10:00:12","date_gmt":"2024-02-20T09:00:12","guid":{"rendered":"https:\/\/www.anovapeneira.gal\/?p=11291"},"modified":"2024-02-18T09:14:44","modified_gmt":"2024-02-18T08:14:44","slug":"20-aniversario-do-salon-de-peiteados-crisbor-de-salceda-de-caselas","status":"publish","type":"post","link":"https:\/\/www.anovapeneira.gal\/index.php\/2024\/02\/20\/20-aniversario-do-salon-de-peiteados-crisbor-de-salceda-de-caselas\/","title":{"rendered":"20 aniversario do Sal\u00f3n de peiteados Crisbor de Salceda de Caselas"},"content":{"rendered":"\n<p><strong>Di a preciosa canci\u00f3n de Carlos Gardel que \u201c 20 anos non \u00e9 nada\u201d pero , non dir\u00eda a canci\u00f3n porque \u00e9 realmente preciosa, pero si que esa parte do tema est\u00e1 equivocada. D\u00faas d\u00e9cadas de vida \u00e9 moito tempo desde calquera prisma que se observe. En Biolox\u00eda, por exemplo, en 20 anos os cambios que experimenta calquera organismo son substanciais. No que atinxe \u00e1 nosa arquitectura psicol\u00f3xica 20 anos \u00e9 unha enormidade. De ning\u00fan modo se pensa igual, te\u00f1amos a idade que te\u00f1amos, agora que hai 20 anos. Desde o punto de vista emocional d\u00faas d\u00e9cadas son como dous inmensos oc\u00e9anos. \u00c9 realmente meritorio querer \u00e1s mesmas persoas, e querelas de igual maneira, agora que 20 anos atr\u00e1s. E no que se refire \u00e1 vida dun pequeno negocio sobrevivir 20 anos ininterrompidos coa mesma actividade, no mesmo formato e no mesmo lugar \u00e9 un labor tit\u00e1nico que , neste mundo terriblemente competitivo, s\u00f3 pode ser produto dunha suma de enorme cualidade profesional e notable calidade humana. Este \u00e9 o caso do negocio que co\u00f1ecemos hoxe en profundidade: o Sal\u00f3n de Peiteados Crisbor da localidade de Salceda de Caselas, na Avenida de Galicia n\u00ba 25.Este negocio cumpre 20 anos de vida o que \u00e9 un motivo suficiente para que A Nova Peneira se achegase a conversar coa s\u00faa propietaria, a nosa amiga Alexia. Ela \u00e9 unha persoa amable, cordial, excelente conversadora , sensible, solidaria ,humana, e unha profesional soberbia. Erguemos a nosa copa de maneira metaf\u00f3rica para brindar con ela polos primeiros 20 anos de vida de Crisbor e facemos votos para que poidamos celebrar xuntos moito m\u00e1is tempo de sa\u00fade e prosperidade para o seu negocio. Alexia \u00e9 natural das Neves pero exerce a s\u00faa profesi\u00f3n nesta vila da Louri\u00f1a na que vive desde hai 3 d\u00e9cadas. Vela\u00ed vai o que deu de si a nosa conversa.<\/strong><\/p>\n\n\n\n<p><strong>Alexia Dom\u00ednguez<\/strong><\/p>\n\n\n\n<p>\u201c<em><strong>O mellor do meu traballo \u00e9 a satisfacci\u00f3n que me produce. Enc\u00e1ntame, satisfaime que me reten cunha cor ou un corte espec\u00edfico\u201d.<\/strong><\/em><\/p>\n\n\n\n<p><strong>Por que te inicias no mundo do sal\u00f3n de peiteado?<\/strong><\/p>\n\n\n\n<blockquote class=\"wp-block-quote is-layout-flow wp-block-quote-is-layout-flow\">\n<p>A mi\u00f1a paix\u00f3n por este mundo v\u00e9n de pequeni\u00f1a xa. Recordo que lle ped\u00eda aos Reis esta boneca que lle crec\u00edan os chichos e pod\u00edase peitear e maquillar.<\/p>\n<\/blockquote>\n\n\n\n<blockquote class=\"wp-block-quote is-layout-flow wp-block-quote-is-layout-flow\">\n<p>Despois, de adolescente, decid\u00edn que quer\u00eda formarme para esta profesi\u00f3n e t\u00edvenme que ir a Vigo a unha academia privada, pois daquela a\u00ednda non exist\u00eda esta rama na educaci\u00f3n p\u00fablica.<\/p>\n<\/blockquote>\n\n\n\n<blockquote class=\"wp-block-quote is-layout-flow wp-block-quote-is-layout-flow\">\n<p>Cando rematei de estudar fixen as pr\u00e1cticas nun sal\u00f3n de peiteado e, a\u00ednda que casei e tiven familia moi pronto, sempre estiven vinculada a este mundo.<\/p>\n<\/blockquote>\n\n\n\n<p><strong>E despois disto, xa empezas aqu\u00ed neste local?<\/strong><\/p>\n\n\n\n<blockquote class=\"wp-block-quote is-layout-flow wp-block-quote-is-layout-flow\">\n<p>Non, emigrei co meu marido a Su\u00edza cando o meu fillo ti\u00f1a catro meses. Al\u00ed estivemos a facer tempadas ata que o meu fillo cumpriu 5 anos e instal\u00e1monos aqu\u00ed para que empezase o colexio. Desde ent\u00f3n xa empecei traballando como extra neste local, que daquela cham\u00e1base Ana D\u00edaz, fai uns 30 anos.<\/p>\n<\/blockquote>\n\n\n\n<p><strong>Cando cambiou ent\u00f3n este local a sal\u00f3n de peiteados Crisbor?<\/strong><\/p>\n\n\n\n<blockquote class=\"wp-block-quote is-layout-flow wp-block-quote-is-layout-flow\">\n<p>Foi por circunstancias non moi boas. Hai agora 20 anos, a anterior propietaria faleceu e eu decid\u00edn facerme cargo do negocio. Foron momentos dif\u00edciles cunha sensaci\u00f3n agridoce por este falecemento, pero contei co apoio e o agarimo da mi\u00f1a familia, polo que decid\u00edn embarcarme nesta aventura.<\/p>\n<\/blockquote>\n\n\n\n<p><strong>Que tipo de clientela tes no local?<\/strong><\/p>\n\n\n\n<blockquote class=\"wp-block-quote is-layout-flow wp-block-quote-is-layout-flow\">\n<p>Te\u00f1o de todo tipo e de todas as idades. As mulleres que me visitan adoitan ser de m\u00e1is idade que os homes, pois os meus clientes masculinos habitualmente son rapaces e mozos o que se cadra me permite experimentar m\u00e1is .En calquera caso todas e todos son benvidos e a s\u00faa confianza \u00e9 unha honra para min. Estou encantada de que a mi\u00f1a casa sexa tam\u00e9n a s\u00faa.<\/p>\n<\/blockquote>\n\n\n\n<p><strong>Faime unha valoraci\u00f3n destes 20 anos co negocio?<\/strong><\/p>\n\n\n\n<blockquote class=\"wp-block-quote is-layout-flow wp-block-quote-is-layout-flow\">\n<p>Pasaron moitas cousas. Na crise da construci\u00f3n do 2008 houbo tempos dif\u00edciles e, recentemente a pandemia. O que si foi sorprendente \u00e9 a volta \u00e1 actividade despois do confinamento, eu traballo moit\u00edsimo mellor. Creo que as persoas valoraron o coidarse a si mesmas e iso n\u00f3tase aqu\u00ed, no meu negocio. Penso que agora coid\u00e1monos un pouco m\u00e1is e dunha maneira diferente. Tam\u00e9n cambiou a maneira de traballar, antes os s\u00e1bados erantremendos con xornadas maratonianas ata as 22:00 h da noite porque as clientas pola ma\u00f1\u00e1 \u00edanse a traballar ao campo e vi\u00f1an pola tarde para estar arranxadas o domingo para ir a misa. Agora os s\u00e1bados dedic\u00e1molos a sa\u00edr ao monte coa familia, de sendeirismo ou a pasear e gozar das nosas afecci\u00f3ns a fin de semana, tampouco se vai tanto a misa, por este motivo traballo m\u00e1is os venres e os s\u00e1bados reduc\u00edn o horario.<\/p>\n<\/blockquote>\n\n\n\n<p><strong>Que \u00e9 o mellor e o peor da t\u00faa profesi\u00f3n?<\/strong><\/p>\n\n\n\n<blockquote class=\"wp-block-quote is-layout-flow wp-block-quote-is-layout-flow\">\n<p>Se tivera que lle p\u00f3r un pero ser\u00eda a xornada partida, o que sup\u00f3n moitas horas que lle hai que dedicar.<\/p>\n<\/blockquote>\n\n\n\n<blockquote class=\"wp-block-quote is-layout-flow wp-block-quote-is-layout-flow\">\n<p>O mellor do meu traballo \u00e9 a satisfacci\u00f3n que me produce. Enc\u00e1ntame, satisfaime, arr\u00f3ubame que me reten cunha cor ou un corte espec\u00edfico. Que unha persoa chegue desanimada polos seu problemas da s\u00faa vida e, despois do traballo que ti lle realizas, vela marchar de aqu\u00ed feliz e con cara de quedar a gusto, de verse guapa, iso para min \u00e9 plenamente satisfactorio, o poder mellorar a vida da xente.<\/p>\n<\/blockquote>\n\n\n\n<p><strong>Que servizos ofreces?<\/strong><\/p>\n\n\n\n<blockquote class=\"wp-block-quote is-layout-flow wp-block-quote-is-layout-flow\">\n<p>Facemos sal\u00f3n de peiteado de home e muller que incl\u00fae tinguiduras, mechas, cortes, peiteados de eventos, maquillaxe e manicura b\u00e1sica. Non temos est\u00e9tica nin l\u00e1ser.<\/p>\n<\/blockquote>\n\n\n\n<p><strong>En que horario?<\/strong><\/p>\n\n\n\n<blockquote class=\"wp-block-quote is-layout-flow wp-block-quote-is-layout-flow\">\n<p>Pecho os luns e o martes pola ma\u00f1\u00e1. O horario do resto da semana \u00e9 de 9:30 h a 13:00 h de ma\u00f1\u00e1 e de 4:30 h a 8:00 h de tarde. Os s\u00e1bados de 9:30 h a 5:00 h. Os domingos tampouco traballamos, ao non ser que te\u00f1a alg\u00fan evento como vodas, comu\u00f1\u00f3ns, etc.<\/p>\n<\/blockquote>\n\n\n\n<blockquote class=\"wp-block-quote is-layout-flow wp-block-quote-is-layout-flow\">\n<p>Funcionamos con cita previa para poder organizar mellor o traballo e que \u00e1 clientela a poida atender o m\u00e1is r\u00e1pido posible pero, se pasas pola porta e hai un oco, atend\u00e9moslles. O telf. \u00e9 986 34 79 52. Tam\u00e9n a trav\u00e9s de Instagram e Facebook.<\/p>\n<\/blockquote>\n\n\n\n<p><strong>Cal foi o peiteado m\u00e1is extravagante ou que m\u00e1is che marcou neste sal\u00f3n?<\/strong><\/p>\n\n\n\n<blockquote class=\"wp-block-quote is-layout-flow wp-block-quote-is-layout-flow\">\n<p>Unha moza que me pediu unha crista. Ti\u00f1a os laterais curtos pero co pelo longo. Isto foi un reto enorme, cardados, selados de prancha, laca e m\u00e1is laca, foi impresionante. O reto sa\u00edu e a crista durou todo o d\u00eda. Ata volveu por aqu\u00ed a darme de novo as grazas.<\/p>\n<\/blockquote>\n\n\n\n<p><strong>A clientela \u00e9 de aqu\u00ed de Salceda?<\/strong><\/p>\n\n\n\n<blockquote class=\"wp-block-quote is-layout-flow wp-block-quote-is-layout-flow\">\n<p>De aqu\u00ed, de Cabreira, Caldelas de Tui. Da contorna de Salceda.<\/p>\n<\/blockquote>\n\n\n\n<p><strong>Este \u00e9 o negocio da t\u00faa vida pensas xubilarche aqu\u00ed?<\/strong><\/p>\n\n\n\n<blockquote class=\"wp-block-quote is-layout-flow wp-block-quote-is-layout-flow\">\n<p>\u00c9 o negocio da mi\u00f1a vida, enc\u00e1ntame. Non sei se a sa\u00fade laboral permitirame xubilarme aqu\u00ed. Esta \u00e9 unha profesi\u00f3n onde os pulsos e os ombreiros sofren moito e normalmente non chegamos a xubilarnos traballando nisto.<\/p>\n<\/blockquote>\n\n\n\n<p><strong>E que alternativa queda se non podedes chegar a xubilarvos nesta profesi\u00f3n?<\/strong><\/p>\n\n\n\n<blockquote class=\"wp-block-quote is-layout-flow wp-block-quote-is-layout-flow\">\n<p>Pois a gran maior\u00eda fanse comerciais de produtos de sal\u00f3n de peiteado para seguir neste mundo. Eu si te\u00f1o que pechar por este motivo, seguir\u00eda vinculada a esta profesi\u00f3n tam\u00e9n.<\/p>\n<\/blockquote>\n\n\n\n<p><strong>Por \u00faltimo, algo que lle queiras dicir aos teus clientes ou clientas?<\/strong><\/p>\n\n\n\n<blockquote class=\"wp-block-quote is-layout-flow wp-block-quote-is-layout-flow\">\n<p>Pois que estou moi orgullosa deles e delas. Agradecerlle os momentos vividos, as horas de conversas, as risas, as an\u00e9cdotas e darlle as grazas porque me permitiran formar parte das s\u00faas vidas nestes 20 anos marabillosos.<\/p>\n<\/blockquote>\n\n\n\n<p><strong>Moitas grazas Alexia. Parab\u00e9ns por estes 20 anos e os nosos mellores desexos para que o negocio poida vivir polo menos outros tantos m\u00e1is.<\/strong><\/p>\n","protected":false},"excerpt":{"rendered":"<div class=\"mh-excerpt\"><p>Di a preciosa canci\u00f3n de Carlos Gardel que \u201c 20 anos non \u00e9 nada\u201d pero , non dir\u00eda a canci\u00f3n porque \u00e9 realmente preciosa, pero si que esa parte do tema est\u00e1 equivocada <a class=\"mh-excerpt-more\" href=\"https:\/\/www.anovapeneira.gal\/index.php\/2024\/02\/20\/20-aniversario-do-salon-de-peiteados-crisbor-de-salceda-de-caselas\/\" title=\"20 aniversario do Sal\u00f3n de peiteados Crisbor de Salceda de Caselas\">[&#8230;]<\/a><\/p>\n<\/div>","protected":false},"author":17,"featured_media":11294,"comment_status":"open","ping_status":"open","sticky":false,"template":"","format":"standard","meta":{"_exactmetrics_skip_tracking":false,"_exactmetrics_sitenote_active":false,"_exactmetrics_sitenote_note":"","_exactmetrics_sitenote_category":0,"footnotes":""},"categories":[490],"tags":[359],"class_list":{"0":"post-11291","1":"post","2":"type-post","3":"status-publish","4":"format-standard","5":"has-post-thumbnail","7":"category-a-lourina-reportaxes","8":"tag-concello-de-salceda-de-caselas"},"yoast_head":"<!-- This site is optimized with the Yoast SEO plugin v27.4 - https:\/\/yoast.com\/product\/yoast-seo-wordpress\/ -->\n<title>20 aniversario do Sal\u00f3n de peiteados Crisbor de Salceda de Caselas -<\/title>\n<meta name=\"description\" content=\"Di a preciosa canci\u00f3n de Carlos Gardel que \u201c 20 anos non \u00e9 nada\u201d pero , non dir\u00eda a canci\u00f3n porque \u00e9 realmente preciosa, pero si que esa parte do tema est\u00e1 equivocada\" \/>\n<meta name=\"robots\" content=\"index, follow, max-snippet:-1, max-image-preview:large, max-video-preview:-1\" \/>\n<link rel=\"canonical\" href=\"https:\/\/www.anovapeneira.gal\/index.php\/2024\/02\/20\/20-aniversario-do-salon-de-peiteados-crisbor-de-salceda-de-caselas\/\" \/>\n<meta property=\"og:locale\" content=\"gl_ES\" \/>\n<meta property=\"og:type\" content=\"article\" \/>\n<meta property=\"og:title\" content=\"20 aniversario do Sal\u00f3n de peiteados Crisbor de Salceda de Caselas -\" \/>\n<meta property=\"og:description\" content=\"Di a preciosa canci\u00f3n de Carlos Gardel que \u201c 20 anos non \u00e9 nada\u201d pero , non dir\u00eda a canci\u00f3n porque \u00e9 realmente preciosa, pero si que esa parte do tema est\u00e1 equivocada\" \/>\n<meta property=\"og:url\" content=\"https:\/\/www.anovapeneira.gal\/index.php\/2024\/02\/20\/20-aniversario-do-salon-de-peiteados-crisbor-de-salceda-de-caselas\/\" \/>\n<meta property=\"article:publisher\" content=\"https:\/\/www.facebook.com\/anovapeneira\" \/>\n<meta property=\"article:published_time\" content=\"2024-02-20T09:00:12+00:00\" \/>\n<meta property=\"og:image\" content=\"https:\/\/www.anovapeneira.gal\/wp-content\/uploads\/2024\/02\/ALEXIA_CRISBOR.jpg\" \/>\n\t<meta property=\"og:image:width\" content=\"720\" \/>\n\t<meta property=\"og:image:height\" content=\"432\" \/>\n\t<meta property=\"og:image:type\" content=\"image\/jpeg\" \/>\n<meta name=\"author\" content=\"G. Figueiredo\" \/>\n<meta name=\"twitter:card\" content=\"summary_large_image\" \/>\n<meta name=\"twitter:creator\" content=\"@APeneira\" \/>\n<meta name=\"twitter:site\" content=\"@APeneira\" \/>\n<meta name=\"twitter:label1\" content=\"Escrito por\" \/>\n\t<meta name=\"twitter:data1\" content=\"G. Figueiredo\" \/>\n\t<meta name=\"twitter:label2\" content=\"Tempo de lectura\" \/>\n\t<meta name=\"twitter:data2\" content=\"3 minutos\" \/>\n<script type=\"application\/ld+json\" class=\"yoast-schema-graph\">{\"@context\":\"https:\\\/\\\/schema.org\",\"@graph\":[{\"@type\":\"Article\",\"@id\":\"https:\\\/\\\/www.anovapeneira.gal\\\/index.php\\\/2024\\\/02\\\/20\\\/20-aniversario-do-salon-de-peiteados-crisbor-de-salceda-de-caselas\\\/#article\",\"isPartOf\":{\"@id\":\"https:\\\/\\\/www.anovapeneira.gal\\\/index.php\\\/2024\\\/02\\\/20\\\/20-aniversario-do-salon-de-peiteados-crisbor-de-salceda-de-caselas\\\/\"},\"author\":{\"name\":\"G. Figueiredo\",\"@id\":\"https:\\\/\\\/www.anovapeneira.gal\\\/#\\\/schema\\\/person\\\/42f904d7cac80cf3f5a31494dd82a9b6\"},\"headline\":\"20 aniversario do Sal\u00f3n de peiteados Crisbor de Salceda de Caselas\",\"datePublished\":\"2024-02-20T09:00:12+00:00\",\"mainEntityOfPage\":{\"@id\":\"https:\\\/\\\/www.anovapeneira.gal\\\/index.php\\\/2024\\\/02\\\/20\\\/20-aniversario-do-salon-de-peiteados-crisbor-de-salceda-de-caselas\\\/\"},\"wordCount\":1331,\"commentCount\":0,\"publisher\":{\"@id\":\"https:\\\/\\\/www.anovapeneira.gal\\\/#organization\"},\"image\":{\"@id\":\"https:\\\/\\\/www.anovapeneira.gal\\\/index.php\\\/2024\\\/02\\\/20\\\/20-aniversario-do-salon-de-peiteados-crisbor-de-salceda-de-caselas\\\/#primaryimage\"},\"thumbnailUrl\":\"https:\\\/\\\/www.anovapeneira.gal\\\/wp-content\\\/uploads\\\/2024\\\/02\\\/ALEXIA_CRISBOR.jpg\",\"keywords\":[\"Concello de Salceda de Caselas\"],\"articleSection\":[\"A Louri\u00f1a\"],\"inLanguage\":\"gl-ES\",\"potentialAction\":[{\"@type\":\"CommentAction\",\"name\":\"Comment\",\"target\":[\"https:\\\/\\\/www.anovapeneira.gal\\\/index.php\\\/2024\\\/02\\\/20\\\/20-aniversario-do-salon-de-peiteados-crisbor-de-salceda-de-caselas\\\/#respond\"]}]},{\"@type\":\"WebPage\",\"@id\":\"https:\\\/\\\/www.anovapeneira.gal\\\/index.php\\\/2024\\\/02\\\/20\\\/20-aniversario-do-salon-de-peiteados-crisbor-de-salceda-de-caselas\\\/\",\"url\":\"https:\\\/\\\/www.anovapeneira.gal\\\/index.php\\\/2024\\\/02\\\/20\\\/20-aniversario-do-salon-de-peiteados-crisbor-de-salceda-de-caselas\\\/\",\"name\":\"20 aniversario do Sal\u00f3n de peiteados Crisbor de Salceda de Caselas -\",\"isPartOf\":{\"@id\":\"https:\\\/\\\/www.anovapeneira.gal\\\/#website\"},\"primaryImageOfPage\":{\"@id\":\"https:\\\/\\\/www.anovapeneira.gal\\\/index.php\\\/2024\\\/02\\\/20\\\/20-aniversario-do-salon-de-peiteados-crisbor-de-salceda-de-caselas\\\/#primaryimage\"},\"image\":{\"@id\":\"https:\\\/\\\/www.anovapeneira.gal\\\/index.php\\\/2024\\\/02\\\/20\\\/20-aniversario-do-salon-de-peiteados-crisbor-de-salceda-de-caselas\\\/#primaryimage\"},\"thumbnailUrl\":\"https:\\\/\\\/www.anovapeneira.gal\\\/wp-content\\\/uploads\\\/2024\\\/02\\\/ALEXIA_CRISBOR.jpg\",\"datePublished\":\"2024-02-20T09:00:12+00:00\",\"description\":\"Di a preciosa canci\u00f3n de Carlos Gardel que \u201c 20 anos non \u00e9 nada\u201d pero , non dir\u00eda a canci\u00f3n porque \u00e9 realmente preciosa, pero si que esa parte do tema est\u00e1 equivocada\",\"breadcrumb\":{\"@id\":\"https:\\\/\\\/www.anovapeneira.gal\\\/index.php\\\/2024\\\/02\\\/20\\\/20-aniversario-do-salon-de-peiteados-crisbor-de-salceda-de-caselas\\\/#breadcrumb\"},\"inLanguage\":\"gl-ES\",\"potentialAction\":[{\"@type\":\"ReadAction\",\"target\":[\"https:\\\/\\\/www.anovapeneira.gal\\\/index.php\\\/2024\\\/02\\\/20\\\/20-aniversario-do-salon-de-peiteados-crisbor-de-salceda-de-caselas\\\/\"]}]},{\"@type\":\"ImageObject\",\"inLanguage\":\"gl-ES\",\"@id\":\"https:\\\/\\\/www.anovapeneira.gal\\\/index.php\\\/2024\\\/02\\\/20\\\/20-aniversario-do-salon-de-peiteados-crisbor-de-salceda-de-caselas\\\/#primaryimage\",\"url\":\"https:\\\/\\\/www.anovapeneira.gal\\\/wp-content\\\/uploads\\\/2024\\\/02\\\/ALEXIA_CRISBOR.jpg\",\"contentUrl\":\"https:\\\/\\\/www.anovapeneira.gal\\\/wp-content\\\/uploads\\\/2024\\\/02\\\/ALEXIA_CRISBOR.jpg\",\"width\":720,\"height\":432,\"caption\":\"Alexia Crisbor\"},{\"@type\":\"BreadcrumbList\",\"@id\":\"https:\\\/\\\/www.anovapeneira.gal\\\/index.php\\\/2024\\\/02\\\/20\\\/20-aniversario-do-salon-de-peiteados-crisbor-de-salceda-de-caselas\\\/#breadcrumb\",\"itemListElement\":[{\"@type\":\"ListItem\",\"position\":1,\"name\":\"Portada\",\"item\":\"https:\\\/\\\/www.anovapeneira.gal\\\/\"},{\"@type\":\"ListItem\",\"position\":2,\"name\":\"20 aniversario do Sal\u00f3n de peiteados Crisbor de Salceda de Caselas\"}]},{\"@type\":\"WebSite\",\"@id\":\"https:\\\/\\\/www.anovapeneira.gal\\\/#website\",\"url\":\"https:\\\/\\\/www.anovapeneira.gal\\\/\",\"name\":\"\",\"description\":\"Xornal galego de informaci\u00f3n xeral Publicaci\u00f3n mensual de novas de Galicia e en especial dos Concellos da sur da provincia de Pontevedra.\",\"publisher\":{\"@id\":\"https:\\\/\\\/www.anovapeneira.gal\\\/#organization\"},\"potentialAction\":[{\"@type\":\"SearchAction\",\"target\":{\"@type\":\"EntryPoint\",\"urlTemplate\":\"https:\\\/\\\/www.anovapeneira.gal\\\/?s={search_term_string}\"},\"query-input\":{\"@type\":\"PropertyValueSpecification\",\"valueRequired\":true,\"valueName\":\"search_term_string\"}}],\"inLanguage\":\"gl-ES\"},{\"@type\":\"Organization\",\"@id\":\"https:\\\/\\\/www.anovapeneira.gal\\\/#organization\",\"name\":\"A Nova Peneira\",\"url\":\"https:\\\/\\\/www.anovapeneira.gal\\\/\",\"logo\":{\"@type\":\"ImageObject\",\"inLanguage\":\"gl-ES\",\"@id\":\"https:\\\/\\\/www.anovapeneira.gal\\\/#\\\/schema\\\/logo\\\/image\\\/\",\"url\":\"http:\\\/\\\/www.anovapeneira.gal\\\/wp-content\\\/uploads\\\/2019\\\/06\\\/logo_a_nova_peneira_portal_web.png\",\"contentUrl\":\"http:\\\/\\\/www.anovapeneira.gal\\\/wp-content\\\/uploads\\\/2019\\\/06\\\/logo_a_nova_peneira_portal_web.png\",\"width\":300,\"height\":100,\"caption\":\"A Nova Peneira\"},\"image\":{\"@id\":\"https:\\\/\\\/www.anovapeneira.gal\\\/#\\\/schema\\\/logo\\\/image\\\/\"},\"sameAs\":[\"https:\\\/\\\/www.facebook.com\\\/anovapeneira\",\"https:\\\/\\\/x.com\\\/APeneira\"]},{\"@type\":\"Person\",\"@id\":\"https:\\\/\\\/www.anovapeneira.gal\\\/#\\\/schema\\\/person\\\/42f904d7cac80cf3f5a31494dd82a9b6\",\"name\":\"G. Figueiredo\",\"image\":{\"@type\":\"ImageObject\",\"inLanguage\":\"gl-ES\",\"@id\":\"https:\\\/\\\/secure.gravatar.com\\\/avatar\\\/2d970086688458e0398ef8b84f5cbb8cc1ec3ab115aeb8435135a9f556af97b3?s=96&d=mm&r=g\",\"url\":\"https:\\\/\\\/secure.gravatar.com\\\/avatar\\\/2d970086688458e0398ef8b84f5cbb8cc1ec3ab115aeb8435135a9f556af97b3?s=96&d=mm&r=g\",\"contentUrl\":\"https:\\\/\\\/secure.gravatar.com\\\/avatar\\\/2d970086688458e0398ef8b84f5cbb8cc1ec3ab115aeb8435135a9f556af97b3?s=96&d=mm&r=g\",\"caption\":\"G. Figueiredo\"},\"sameAs\":[\"http:\\\/\\\/www.anovapeneira.gal\\\/\"],\"url\":\"https:\\\/\\\/www.anovapeneira.gal\\\/index.php\\\/author\\\/g-figueiredo\\\/\"}]}<\/script>\n<!-- \/ Yoast SEO plugin. -->","yoast_head_json":{"title":"20 aniversario do Sal\u00f3n de peiteados Crisbor de Salceda de Caselas -","description":"Di a preciosa canci\u00f3n de Carlos Gardel que \u201c 20 anos non \u00e9 nada\u201d pero , non dir\u00eda a canci\u00f3n porque \u00e9 realmente preciosa, pero si que esa parte do tema est\u00e1 equivocada","robots":{"index":"index","follow":"follow","max-snippet":"max-snippet:-1","max-image-preview":"max-image-preview:large","max-video-preview":"max-video-preview:-1"},"canonical":"https:\/\/www.anovapeneira.gal\/index.php\/2024\/02\/20\/20-aniversario-do-salon-de-peiteados-crisbor-de-salceda-de-caselas\/","og_locale":"gl_ES","og_type":"article","og_title":"20 aniversario do Sal\u00f3n de peiteados Crisbor de Salceda de Caselas -","og_description":"Di a preciosa canci\u00f3n de Carlos Gardel que \u201c 20 anos non \u00e9 nada\u201d pero , non dir\u00eda a canci\u00f3n porque \u00e9 realmente preciosa, pero si que esa parte do tema est\u00e1 equivocada","og_url":"https:\/\/www.anovapeneira.gal\/index.php\/2024\/02\/20\/20-aniversario-do-salon-de-peiteados-crisbor-de-salceda-de-caselas\/","article_publisher":"https:\/\/www.facebook.com\/anovapeneira","article_published_time":"2024-02-20T09:00:12+00:00","og_image":[{"width":720,"height":432,"url":"https:\/\/www.anovapeneira.gal\/wp-content\/uploads\/2024\/02\/ALEXIA_CRISBOR.jpg","type":"image\/jpeg"}],"author":"G. Figueiredo","twitter_card":"summary_large_image","twitter_creator":"@APeneira","twitter_site":"@APeneira","twitter_misc":{"Escrito por":"G. Figueiredo","Tempo de lectura":"3 minutos"},"schema":{"@context":"https:\/\/schema.org","@graph":[{"@type":"Article","@id":"https:\/\/www.anovapeneira.gal\/index.php\/2024\/02\/20\/20-aniversario-do-salon-de-peiteados-crisbor-de-salceda-de-caselas\/#article","isPartOf":{"@id":"https:\/\/www.anovapeneira.gal\/index.php\/2024\/02\/20\/20-aniversario-do-salon-de-peiteados-crisbor-de-salceda-de-caselas\/"},"author":{"name":"G. Figueiredo","@id":"https:\/\/www.anovapeneira.gal\/#\/schema\/person\/42f904d7cac80cf3f5a31494dd82a9b6"},"headline":"20 aniversario do Sal\u00f3n de peiteados Crisbor de Salceda de Caselas","datePublished":"2024-02-20T09:00:12+00:00","mainEntityOfPage":{"@id":"https:\/\/www.anovapeneira.gal\/index.php\/2024\/02\/20\/20-aniversario-do-salon-de-peiteados-crisbor-de-salceda-de-caselas\/"},"wordCount":1331,"commentCount":0,"publisher":{"@id":"https:\/\/www.anovapeneira.gal\/#organization"},"image":{"@id":"https:\/\/www.anovapeneira.gal\/index.php\/2024\/02\/20\/20-aniversario-do-salon-de-peiteados-crisbor-de-salceda-de-caselas\/#primaryimage"},"thumbnailUrl":"https:\/\/www.anovapeneira.gal\/wp-content\/uploads\/2024\/02\/ALEXIA_CRISBOR.jpg","keywords":["Concello de Salceda de Caselas"],"articleSection":["A Louri\u00f1a"],"inLanguage":"gl-ES","potentialAction":[{"@type":"CommentAction","name":"Comment","target":["https:\/\/www.anovapeneira.gal\/index.php\/2024\/02\/20\/20-aniversario-do-salon-de-peiteados-crisbor-de-salceda-de-caselas\/#respond"]}]},{"@type":"WebPage","@id":"https:\/\/www.anovapeneira.gal\/index.php\/2024\/02\/20\/20-aniversario-do-salon-de-peiteados-crisbor-de-salceda-de-caselas\/","url":"https:\/\/www.anovapeneira.gal\/index.php\/2024\/02\/20\/20-aniversario-do-salon-de-peiteados-crisbor-de-salceda-de-caselas\/","name":"20 aniversario do Sal\u00f3n de peiteados Crisbor de Salceda de Caselas -","isPartOf":{"@id":"https:\/\/www.anovapeneira.gal\/#website"},"primaryImageOfPage":{"@id":"https:\/\/www.anovapeneira.gal\/index.php\/2024\/02\/20\/20-aniversario-do-salon-de-peiteados-crisbor-de-salceda-de-caselas\/#primaryimage"},"image":{"@id":"https:\/\/www.anovapeneira.gal\/index.php\/2024\/02\/20\/20-aniversario-do-salon-de-peiteados-crisbor-de-salceda-de-caselas\/#primaryimage"},"thumbnailUrl":"https:\/\/www.anovapeneira.gal\/wp-content\/uploads\/2024\/02\/ALEXIA_CRISBOR.jpg","datePublished":"2024-02-20T09:00:12+00:00","description":"Di a preciosa canci\u00f3n de Carlos Gardel que \u201c 20 anos non \u00e9 nada\u201d pero , non dir\u00eda a canci\u00f3n porque \u00e9 realmente preciosa, pero si que esa parte do tema est\u00e1 equivocada","breadcrumb":{"@id":"https:\/\/www.anovapeneira.gal\/index.php\/2024\/02\/20\/20-aniversario-do-salon-de-peiteados-crisbor-de-salceda-de-caselas\/#breadcrumb"},"inLanguage":"gl-ES","potentialAction":[{"@type":"ReadAction","target":["https:\/\/www.anovapeneira.gal\/index.php\/2024\/02\/20\/20-aniversario-do-salon-de-peiteados-crisbor-de-salceda-de-caselas\/"]}]},{"@type":"ImageObject","inLanguage":"gl-ES","@id":"https:\/\/www.anovapeneira.gal\/index.php\/2024\/02\/20\/20-aniversario-do-salon-de-peiteados-crisbor-de-salceda-de-caselas\/#primaryimage","url":"https:\/\/www.anovapeneira.gal\/wp-content\/uploads\/2024\/02\/ALEXIA_CRISBOR.jpg","contentUrl":"https:\/\/www.anovapeneira.gal\/wp-content\/uploads\/2024\/02\/ALEXIA_CRISBOR.jpg","width":720,"height":432,"caption":"Alexia Crisbor"},{"@type":"BreadcrumbList","@id":"https:\/\/www.anovapeneira.gal\/index.php\/2024\/02\/20\/20-aniversario-do-salon-de-peiteados-crisbor-de-salceda-de-caselas\/#breadcrumb","itemListElement":[{"@type":"ListItem","position":1,"name":"Portada","item":"https:\/\/www.anovapeneira.gal\/"},{"@type":"ListItem","position":2,"name":"20 aniversario do Sal\u00f3n de peiteados Crisbor de Salceda de Caselas"}]},{"@type":"WebSite","@id":"https:\/\/www.anovapeneira.gal\/#website","url":"https:\/\/www.anovapeneira.gal\/","name":"","description":"Xornal galego de informaci\u00f3n xeral Publicaci\u00f3n mensual de novas de Galicia e en especial dos Concellos da sur da provincia de Pontevedra.","publisher":{"@id":"https:\/\/www.anovapeneira.gal\/#organization"},"potentialAction":[{"@type":"SearchAction","target":{"@type":"EntryPoint","urlTemplate":"https:\/\/www.anovapeneira.gal\/?s={search_term_string}"},"query-input":{"@type":"PropertyValueSpecification","valueRequired":true,"valueName":"search_term_string"}}],"inLanguage":"gl-ES"},{"@type":"Organization","@id":"https:\/\/www.anovapeneira.gal\/#organization","name":"A Nova Peneira","url":"https:\/\/www.anovapeneira.gal\/","logo":{"@type":"ImageObject","inLanguage":"gl-ES","@id":"https:\/\/www.anovapeneira.gal\/#\/schema\/logo\/image\/","url":"http:\/\/www.anovapeneira.gal\/wp-content\/uploads\/2019\/06\/logo_a_nova_peneira_portal_web.png","contentUrl":"http:\/\/www.anovapeneira.gal\/wp-content\/uploads\/2019\/06\/logo_a_nova_peneira_portal_web.png","width":300,"height":100,"caption":"A Nova Peneira"},"image":{"@id":"https:\/\/www.anovapeneira.gal\/#\/schema\/logo\/image\/"},"sameAs":["https:\/\/www.facebook.com\/anovapeneira","https:\/\/x.com\/APeneira"]},{"@type":"Person","@id":"https:\/\/www.anovapeneira.gal\/#\/schema\/person\/42f904d7cac80cf3f5a31494dd82a9b6","name":"G. Figueiredo","image":{"@type":"ImageObject","inLanguage":"gl-ES","@id":"https:\/\/secure.gravatar.com\/avatar\/2d970086688458e0398ef8b84f5cbb8cc1ec3ab115aeb8435135a9f556af97b3?s=96&d=mm&r=g","url":"https:\/\/secure.gravatar.com\/avatar\/2d970086688458e0398ef8b84f5cbb8cc1ec3ab115aeb8435135a9f556af97b3?s=96&d=mm&r=g","contentUrl":"https:\/\/secure.gravatar.com\/avatar\/2d970086688458e0398ef8b84f5cbb8cc1ec3ab115aeb8435135a9f556af97b3?s=96&d=mm&r=g","caption":"G. Figueiredo"},"sameAs":["http:\/\/www.anovapeneira.gal\/"],"url":"https:\/\/www.anovapeneira.gal\/index.php\/author\/g-figueiredo\/"}]}},"jetpack_featured_media_url":"https:\/\/www.anovapeneira.gal\/wp-content\/uploads\/2024\/02\/ALEXIA_CRISBOR.jpg","_links":{"self":[{"href":"https:\/\/www.anovapeneira.gal\/index.php\/wp-json\/wp\/v2\/posts\/11291","targetHints":{"allow":["GET"]}}],"collection":[{"href":"https:\/\/www.anovapeneira.gal\/index.php\/wp-json\/wp\/v2\/posts"}],"about":[{"href":"https:\/\/www.anovapeneira.gal\/index.php\/wp-json\/wp\/v2\/types\/post"}],"author":[{"embeddable":true,"href":"https:\/\/www.anovapeneira.gal\/index.php\/wp-json\/wp\/v2\/users\/17"}],"replies":[{"embeddable":true,"href":"https:\/\/www.anovapeneira.gal\/index.php\/wp-json\/wp\/v2\/comments?post=11291"}],"version-history":[{"count":1,"href":"https:\/\/www.anovapeneira.gal\/index.php\/wp-json\/wp\/v2\/posts\/11291\/revisions"}],"predecessor-version":[{"id":11292,"href":"https:\/\/www.anovapeneira.gal\/index.php\/wp-json\/wp\/v2\/posts\/11291\/revisions\/11292"}],"wp:featuredmedia":[{"embeddable":true,"href":"https:\/\/www.anovapeneira.gal\/index.php\/wp-json\/wp\/v2\/media\/11294"}],"wp:attachment":[{"href":"https:\/\/www.anovapeneira.gal\/index.php\/wp-json\/wp\/v2\/media?parent=11291"}],"wp:term":[{"taxonomy":"category","embeddable":true,"href":"https:\/\/www.anovapeneira.gal\/index.php\/wp-json\/wp\/v2\/categories?post=11291"},{"taxonomy":"post_tag","embeddable":true,"href":"https:\/\/www.anovapeneira.gal\/index.php\/wp-json\/wp\/v2\/tags?post=11291"}],"curies":[{"name":"wp","href":"https:\/\/api.w.org\/{rel}","templated":true}]}}