{"id":11295,"date":"2024-02-20T12:00:04","date_gmt":"2024-02-20T11:00:04","guid":{"rendered":"https:\/\/www.anovapeneira.gal\/?p=11295"},"modified":"2024-02-18T09:21:26","modified_gmt":"2024-02-18T08:21:26","slug":"nova-directiva-no-tomino-futbol-club","status":"publish","type":"post","link":"https:\/\/www.anovapeneira.gal\/index.php\/2024\/02\/20\/nova-directiva-no-tomino-futbol-club\/","title":{"rendered":"Nova directiva no Tomi\u00f1o F\u00fatbol Club"},"content":{"rendered":"\n<p><strong>O ver\u00e1n pasado unha nova directiva fac\u00edase cargo do equipo tomi\u00f1\u00e9s. O seu presidente \u00e9 un mozo que acaba de entrar nos 30 anos, e xa ten un pasado como ex xogador do club e un presente de entusiasta seareiro do equipo da s\u00faa localidade. Asume o cargo de presidente con moita ilusi\u00f3n de mellorar a realidade econ\u00f3mica, social e deportiva do Tomi\u00f1o FC, e entre os seus proxectos m\u00e1is importantes est\u00e1 a construci\u00f3n dunha canteira da que agora carece. O novo presidente \u00e9 natural de Vilach\u00e1n, e traballa no departamento de recursos humanos dunha empresa. N\u00f3s conversamos con el.<\/strong><\/p>\n\n\n\n<p><strong>Aitor Bouzada presidente<\/strong><\/p>\n\n\n\n<h2 class=\"wp-block-heading\">\u201c<strong>O noso obxectivo deportivo esta temporada \u00e9, con toda claridade, o ascenso a primeira auton\u00f3mica\u201d<\/strong><\/h2>\n\n\n\n<p><strong>Fuches coci\u00f1eiro antes que frade?<\/strong><\/p>\n\n\n\n<blockquote class=\"wp-block-quote is-layout-flow wp-block-quote-is-layout-flow\">\n<p>Ha ha ha..Si, eu fun xogador do Tomi\u00f1o.<\/p>\n<\/blockquote>\n\n\n\n<p><strong>Cando e como comezou a t\u00faa relaci\u00f3n co mundo do f\u00fatbol?<\/strong><\/p>\n\n\n\n<blockquote class=\"wp-block-quote is-layout-flow wp-block-quote-is-layout-flow\">\n<p>Non saber\u00eda dicirche con exactitude. Desde que te\u00f1o memoria o meu cami\u00f1o e o do f\u00fatbol sempre foron inseparables. Xoguei en diferentes equipos: O S\u00e1rdoma, o Tyde, o Guard\u00e9s , un ano nos xuven\u00eds do Tomi\u00f1o e logo xa pasei ao equipo s\u00e9nior.<\/p>\n<\/blockquote>\n\n\n\n<p><strong>Ata que anos xogaches?<\/strong><\/p>\n\n\n\n<blockquote class=\"wp-block-quote is-layout-flow wp-block-quote-is-layout-flow\">\n<p>Ata os 26. Retireime moi pronto, seino. Tanto \u00e9 as\u00ed que creo que me quedou como unha espi\u00f1a cravada, como unha conta pendente co f\u00fatbol e iso influ\u00edu en que agora sexa o presidente do equipo.<\/p>\n<\/blockquote>\n\n\n\n<p><strong>En que posto xogabas?<\/strong><\/p>\n\n\n\n<blockquote class=\"wp-block-quote is-layout-flow wp-block-quote-is-layout-flow\">\n<p>Dianteiro.<\/p>\n<\/blockquote>\n\n\n\n<p><strong>Trata de ser obxectivo: Eras bo?<\/strong><\/p>\n\n\n\n<blockquote class=\"wp-block-quote is-layout-flow wp-block-quote-is-layout-flow\">\n<p>Ha ha ha ha. Home est\u00e1 mal falar ben dun mesmo pero ,con toda humildade, eu creo que si, que lle pegaba bastante ben. Retireime hai 4 anos pero segu\u00edn vinculado emocionalmente ao club porque eu son, desde sempre, un seareiro inequ\u00edvoco do Tomi\u00f1o.<\/p>\n<\/blockquote>\n\n\n\n<p><strong>Cando e por que motivo asumiches a presidencia do equipo?<\/strong><\/p>\n\n\n\n<blockquote class=\"wp-block-quote is-layout-flow wp-block-quote-is-layout-flow\">\n<p>O Tomi\u00f1o hai uns anos pasou un moi mal momento, estivo a piques de se desfacer. A directiva anterior fixo un bo traballo e conseguiu salvalo. Cando souben que o anterior presidente quer\u00eda deixalo decid\u00edn formar unha directiva e asumir a xesti\u00f3n do equipo. Eu entrei como presidente no mes de xullo do ano pasado.<\/p>\n<\/blockquote>\n\n\n\n<p><strong>O traspaso de poderes como foi?<\/strong><\/p>\n\n\n\n<blockquote class=\"wp-block-quote is-layout-flow wp-block-quote-is-layout-flow\">\n<p>Moi tranquilo.<\/p>\n<\/blockquote>\n\n\n\n<p><strong>Cantas persoas sodes na directiva?<\/strong><\/p>\n\n\n\n<blockquote class=\"wp-block-quote is-layout-flow wp-block-quote-is-layout-flow\">\n<p>Oito persoas.<\/p>\n<\/blockquote>\n\n\n\n<p><strong>Cantos homes e cantas mulleres?<\/strong><\/p>\n\n\n\n<blockquote class=\"wp-block-quote is-layout-flow wp-block-quote-is-layout-flow\">\n<p>Somos de momento todos homes. Incorporar a algunha muller \u00e1 xesti\u00f3n do club \u00e9 un reto e un obxectivo que temos que cumprir.<\/p>\n<\/blockquote>\n\n\n\n<p><strong>Que realidade encontraches ao chegar \u00e1 presidencia?<\/strong><\/p>\n\n\n\n<blockquote class=\"wp-block-quote is-layout-flow wp-block-quote-is-layout-flow\">\n<p>Unha realidade bastante boa. O club estaba economicamente saneado. Se cadra o proxecto deportivo estaba un pouco xusto.<\/p>\n<\/blockquote>\n\n\n\n<p><strong>Cantos equipos tendes?<\/strong><\/p>\n\n\n\n<blockquote class=\"wp-block-quote is-layout-flow wp-block-quote-is-layout-flow\">\n<p>Agora mesmo s\u00f3 dous: s\u00e9nior e veteranos.<\/p>\n<\/blockquote>\n\n\n\n<p><strong>E non tes intenci\u00f3n de ter f\u00fatbol base e f\u00fatbol feminino?<\/strong><\/p>\n\n\n\n<blockquote class=\"wp-block-quote is-layout-flow wp-block-quote-is-layout-flow\">\n<p>Para a temporada 24-25 imos ter equipo xuvenil. En Tomi\u00f1o como sabes ao longo da nosa historia houbo sombras e problemas diversos que fixeron que o f\u00fatbol base e o f\u00fatbol feminino vaian por cami\u00f1os diferentes. O f\u00fatbol base ten outra directiva \u00e9 o AD Tomi\u00f1o, e o f\u00fatbol feminino tam\u00e9n ter outra directiva. Non \u00e9 posible termos un equipo competitivo se non temos canteira.<\/p>\n<\/blockquote>\n\n\n\n<p><strong>Que tipo de relaci\u00f3n tedes coa directiva do AD Tomi\u00f1o?<\/strong><\/p>\n\n\n\n<blockquote class=\"wp-block-quote is-layout-flow wp-block-quote-is-layout-flow\">\n<p>Temos unha relaci\u00f3n cordial, pero temos puntos de vista moi diferentes. A curto prazo non vexo posible a unificaci\u00f3n polo tanto vou tratar de crear a nosa propia canteira. Todo isto dito con respecto escrupulosos \u00e1s persoas do AD Tomi\u00f1o. As persoas do AD son rapaces de Tomi\u00f1o que ter\u00e1n sempre o noso apoio e consideraci\u00f3n.<\/p>\n<\/blockquote>\n\n\n\n<p><strong>En que campo xogades?<\/strong><\/p>\n\n\n\n<blockquote class=\"wp-block-quote is-layout-flow wp-block-quote-is-layout-flow\">\n<p>No campo municipal do Alivio.<\/p>\n<\/blockquote>\n\n\n\n<p><strong>Que tal est\u00e1n as instalaci\u00f3ns?<\/strong><\/p>\n\n\n\n<blockquote class=\"wp-block-quote is-layout-flow wp-block-quote-is-layout-flow\">\n<p>Para min est\u00e1n perfectas.<\/p>\n<\/blockquote>\n\n\n\n<p><strong>Como se porta o concello con v\u00f3s?<\/strong><\/p>\n\n\n\n<blockquote class=\"wp-block-quote is-layout-flow wp-block-quote-is-layout-flow\">\n<p>Ben, p\u00f3rtase ben .No que nos poden axudar nos axudan. Somos conscientes de que os cartos son limitados e que hai que repartir con moitos.<\/p>\n<\/blockquote>\n\n\n\n<p><strong>En que divisi\u00f3n compite o equipo s\u00e9nior e cal \u00e9 o voso obxectivo deportivo esta temporada?<\/strong><\/p>\n\n\n\n<blockquote class=\"wp-block-quote is-layout-flow wp-block-quote-is-layout-flow\">\n<p>Estamos en segunda auton\u00f3mica. A d\u00eda de hoxe( 10\/02) imos en 5\u00ba posto na nosa liga e o obxectivo deportivo \u00e9 , con toda claridade , o ascenso. Penso que temos un moi bo equipo, creo que temos o mellor equipo dos \u00faltimos 10 anos, e estou convencido de que remataremos ascendendo.<\/p>\n<\/blockquote>\n\n\n\n<p><strong>Alg\u00fans dos xogadores son de Tomi\u00f1o?<\/strong><\/p>\n\n\n\n<blockquote class=\"wp-block-quote is-layout-flow wp-block-quote-is-layout-flow\">\n<p>Si, claro. Temos 13 xogadores de Tomi\u00f1o.<\/p>\n<\/blockquote>\n\n\n\n<p><strong>A liga \u00e9 forte?<\/strong><\/p>\n\n\n\n<blockquote class=\"wp-block-quote is-layout-flow wp-block-quote-is-layout-flow\">\n<p>Moi forte e moi competitiva. Na nosa liga hai equipos moi solventes: O Ribera, o Goi\u00e1n, o Caselas, O Guard\u00e9s&#8230;.<\/p>\n<\/blockquote>\n\n\n\n<p><strong>Cales son os partidos de m\u00e1xima rivalidade e tensi\u00f3n?<\/strong><\/p>\n\n\n\n<blockquote class=\"wp-block-quote is-layout-flow wp-block-quote-is-layout-flow\">\n<p>Os que xogamos contra o Goi\u00e1n. \u00c9 o noso m\u00e1ximo rival.<\/p>\n<\/blockquote>\n\n\n\n<p><strong>Honestamente Aitor: Cando xoga o Goi\u00e1n ti que \u00e9 o que desexas?<\/strong><\/p>\n\n\n\n<blockquote class=\"wp-block-quote is-layout-flow wp-block-quote-is-layout-flow\">\n<p>Ha ha ha ha. D\u00edgocho con toda claridade: Desexo que perda.<\/p>\n<\/blockquote>\n\n\n\n<p><strong>Que tal \u00e9 a vinculaci\u00f3n do pobo de Tomi\u00f1o co equipo?<\/strong><\/p>\n\n\n\n<blockquote class=\"wp-block-quote is-layout-flow wp-block-quote-is-layout-flow\">\n<p>Eu creo que moi boa. Volvemos instaurar o sentimento polo equipo. Enchemos o campo , con moita xente nova, e noto un apoio incrible da veci\u00f1anza. Eu creo que a nosa imaxe social \u00e9 moi positiva.<\/p>\n<\/blockquote>\n\n\n\n<p><strong>Como vos financiades?<\/strong><\/p>\n\n\n\n<blockquote class=\"wp-block-quote is-layout-flow wp-block-quote-is-layout-flow\">\n<p>Con publicidade, cantina , as entradas para ver os partidos, rifas e a achega do Concello.<\/p>\n<\/blockquote>\n","protected":false},"excerpt":{"rendered":"<div class=\"mh-excerpt\"><p>O ver\u00e1n pasado unha nova directiva fac\u00edase cargo do equipo tomi\u00f1\u00e9s.  <a class=\"mh-excerpt-more\" href=\"https:\/\/www.anovapeneira.gal\/index.php\/2024\/02\/20\/nova-directiva-no-tomino-futbol-club\/\" title=\"Nova directiva no Tomi\u00f1o F\u00fatbol Club\">[&#8230;]<\/a><\/p>\n<\/div>","protected":false},"author":3,"featured_media":11296,"comment_status":"open","ping_status":"open","sticky":false,"template":"","format":"standard","meta":{"_exactmetrics_skip_tracking":false,"_exactmetrics_sitenote_active":false,"_exactmetrics_sitenote_note":"","_exactmetrics_sitenote_category":0,"footnotes":""},"categories":[491],"tags":[81],"class_list":{"0":"post-11295","1":"post","2":"type-post","3":"status-publish","4":"format-standard","5":"has-post-thumbnail","7":"category-baixo-mino-reportaxes","8":"tag-concello-de-tomino"},"yoast_head":"<!-- This site is optimized with the Yoast SEO plugin v27.4 - https:\/\/yoast.com\/product\/yoast-seo-wordpress\/ -->\n<title>Nova directiva no Tomi\u00f1o F\u00fatbol Club -<\/title>\n<meta name=\"description\" content=\"O ver\u00e1n pasado unha nova directiva fac\u00edase cargo do equipo tomi\u00f1\u00e9s.\" \/>\n<meta name=\"robots\" content=\"index, follow, max-snippet:-1, max-image-preview:large, max-video-preview:-1\" \/>\n<link rel=\"canonical\" href=\"https:\/\/www.anovapeneira.gal\/index.php\/2024\/02\/20\/nova-directiva-no-tomino-futbol-club\/\" \/>\n<meta property=\"og:locale\" content=\"gl_ES\" \/>\n<meta property=\"og:type\" content=\"article\" \/>\n<meta property=\"og:title\" content=\"Nova directiva no Tomi\u00f1o F\u00fatbol Club -\" \/>\n<meta property=\"og:description\" content=\"O ver\u00e1n pasado unha nova directiva fac\u00edase cargo do equipo tomi\u00f1\u00e9s.\" \/>\n<meta property=\"og:url\" content=\"https:\/\/www.anovapeneira.gal\/index.php\/2024\/02\/20\/nova-directiva-no-tomino-futbol-club\/\" \/>\n<meta property=\"article:publisher\" content=\"https:\/\/www.facebook.com\/anovapeneira\" \/>\n<meta property=\"article:published_time\" content=\"2024-02-20T11:00:04+00:00\" \/>\n<meta property=\"og:image\" content=\"https:\/\/www.anovapeneira.gal\/wp-content\/uploads\/2024\/02\/aitor_bouzada.jpg\" \/>\n\t<meta property=\"og:image:width\" content=\"720\" \/>\n\t<meta property=\"og:image:height\" content=\"432\" \/>\n\t<meta property=\"og:image:type\" content=\"image\/jpeg\" \/>\n<meta name=\"author\" content=\"Redacci\u00f3n A Nova Peneira\" \/>\n<meta name=\"twitter:card\" content=\"summary_large_image\" \/>\n<meta name=\"twitter:creator\" content=\"@APeneira\" \/>\n<meta name=\"twitter:site\" content=\"@APeneira\" \/>\n<meta name=\"twitter:label1\" content=\"Escrito por\" \/>\n\t<meta name=\"twitter:data1\" content=\"Redacci\u00f3n A Nova Peneira\" \/>\n\t<meta name=\"twitter:label2\" content=\"Tempo de lectura\" \/>\n\t<meta name=\"twitter:data2\" content=\"2 minutos\" \/>\n<script type=\"application\/ld+json\" class=\"yoast-schema-graph\">{\"@context\":\"https:\\\/\\\/schema.org\",\"@graph\":[{\"@type\":\"Article\",\"@id\":\"https:\\\/\\\/www.anovapeneira.gal\\\/index.php\\\/2024\\\/02\\\/20\\\/nova-directiva-no-tomino-futbol-club\\\/#article\",\"isPartOf\":{\"@id\":\"https:\\\/\\\/www.anovapeneira.gal\\\/index.php\\\/2024\\\/02\\\/20\\\/nova-directiva-no-tomino-futbol-club\\\/\"},\"author\":{\"name\":\"Redacci\u00f3n A Nova Peneira\",\"@id\":\"https:\\\/\\\/www.anovapeneira.gal\\\/#\\\/schema\\\/person\\\/b93e3f8932e3f8da96334607eb6ac6aa\"},\"headline\":\"Nova directiva no Tomi\u00f1o F\u00fatbol Club\",\"datePublished\":\"2024-02-20T11:00:04+00:00\",\"mainEntityOfPage\":{\"@id\":\"https:\\\/\\\/www.anovapeneira.gal\\\/index.php\\\/2024\\\/02\\\/20\\\/nova-directiva-no-tomino-futbol-club\\\/\"},\"wordCount\":890,\"commentCount\":0,\"publisher\":{\"@id\":\"https:\\\/\\\/www.anovapeneira.gal\\\/#organization\"},\"image\":{\"@id\":\"https:\\\/\\\/www.anovapeneira.gal\\\/index.php\\\/2024\\\/02\\\/20\\\/nova-directiva-no-tomino-futbol-club\\\/#primaryimage\"},\"thumbnailUrl\":\"https:\\\/\\\/www.anovapeneira.gal\\\/wp-content\\\/uploads\\\/2024\\\/02\\\/aitor_bouzada.jpg\",\"keywords\":[\"Concello de Tomi\u00f1o\"],\"articleSection\":[\"Baixo Mi\u00f1o\"],\"inLanguage\":\"gl-ES\",\"potentialAction\":[{\"@type\":\"CommentAction\",\"name\":\"Comment\",\"target\":[\"https:\\\/\\\/www.anovapeneira.gal\\\/index.php\\\/2024\\\/02\\\/20\\\/nova-directiva-no-tomino-futbol-club\\\/#respond\"]}]},{\"@type\":\"WebPage\",\"@id\":\"https:\\\/\\\/www.anovapeneira.gal\\\/index.php\\\/2024\\\/02\\\/20\\\/nova-directiva-no-tomino-futbol-club\\\/\",\"url\":\"https:\\\/\\\/www.anovapeneira.gal\\\/index.php\\\/2024\\\/02\\\/20\\\/nova-directiva-no-tomino-futbol-club\\\/\",\"name\":\"Nova directiva no Tomi\u00f1o F\u00fatbol Club -\",\"isPartOf\":{\"@id\":\"https:\\\/\\\/www.anovapeneira.gal\\\/#website\"},\"primaryImageOfPage\":{\"@id\":\"https:\\\/\\\/www.anovapeneira.gal\\\/index.php\\\/2024\\\/02\\\/20\\\/nova-directiva-no-tomino-futbol-club\\\/#primaryimage\"},\"image\":{\"@id\":\"https:\\\/\\\/www.anovapeneira.gal\\\/index.php\\\/2024\\\/02\\\/20\\\/nova-directiva-no-tomino-futbol-club\\\/#primaryimage\"},\"thumbnailUrl\":\"https:\\\/\\\/www.anovapeneira.gal\\\/wp-content\\\/uploads\\\/2024\\\/02\\\/aitor_bouzada.jpg\",\"datePublished\":\"2024-02-20T11:00:04+00:00\",\"description\":\"O ver\u00e1n pasado unha nova directiva fac\u00edase cargo do equipo tomi\u00f1\u00e9s.\",\"breadcrumb\":{\"@id\":\"https:\\\/\\\/www.anovapeneira.gal\\\/index.php\\\/2024\\\/02\\\/20\\\/nova-directiva-no-tomino-futbol-club\\\/#breadcrumb\"},\"inLanguage\":\"gl-ES\",\"potentialAction\":[{\"@type\":\"ReadAction\",\"target\":[\"https:\\\/\\\/www.anovapeneira.gal\\\/index.php\\\/2024\\\/02\\\/20\\\/nova-directiva-no-tomino-futbol-club\\\/\"]}]},{\"@type\":\"ImageObject\",\"inLanguage\":\"gl-ES\",\"@id\":\"https:\\\/\\\/www.anovapeneira.gal\\\/index.php\\\/2024\\\/02\\\/20\\\/nova-directiva-no-tomino-futbol-club\\\/#primaryimage\",\"url\":\"https:\\\/\\\/www.anovapeneira.gal\\\/wp-content\\\/uploads\\\/2024\\\/02\\\/aitor_bouzada.jpg\",\"contentUrl\":\"https:\\\/\\\/www.anovapeneira.gal\\\/wp-content\\\/uploads\\\/2024\\\/02\\\/aitor_bouzada.jpg\",\"width\":720,\"height\":432,\"caption\":\"Tomi\u00f1o F\u00fatbol Club Aitor Bouzada\"},{\"@type\":\"BreadcrumbList\",\"@id\":\"https:\\\/\\\/www.anovapeneira.gal\\\/index.php\\\/2024\\\/02\\\/20\\\/nova-directiva-no-tomino-futbol-club\\\/#breadcrumb\",\"itemListElement\":[{\"@type\":\"ListItem\",\"position\":1,\"name\":\"Portada\",\"item\":\"https:\\\/\\\/www.anovapeneira.gal\\\/\"},{\"@type\":\"ListItem\",\"position\":2,\"name\":\"Nova directiva no Tomi\u00f1o F\u00fatbol Club\"}]},{\"@type\":\"WebSite\",\"@id\":\"https:\\\/\\\/www.anovapeneira.gal\\\/#website\",\"url\":\"https:\\\/\\\/www.anovapeneira.gal\\\/\",\"name\":\"\",\"description\":\"Xornal galego de informaci\u00f3n xeral Publicaci\u00f3n mensual de novas de Galicia e en especial dos Concellos da sur da provincia de Pontevedra.\",\"publisher\":{\"@id\":\"https:\\\/\\\/www.anovapeneira.gal\\\/#organization\"},\"potentialAction\":[{\"@type\":\"SearchAction\",\"target\":{\"@type\":\"EntryPoint\",\"urlTemplate\":\"https:\\\/\\\/www.anovapeneira.gal\\\/?s={search_term_string}\"},\"query-input\":{\"@type\":\"PropertyValueSpecification\",\"valueRequired\":true,\"valueName\":\"search_term_string\"}}],\"inLanguage\":\"gl-ES\"},{\"@type\":\"Organization\",\"@id\":\"https:\\\/\\\/www.anovapeneira.gal\\\/#organization\",\"name\":\"A Nova Peneira\",\"url\":\"https:\\\/\\\/www.anovapeneira.gal\\\/\",\"logo\":{\"@type\":\"ImageObject\",\"inLanguage\":\"gl-ES\",\"@id\":\"https:\\\/\\\/www.anovapeneira.gal\\\/#\\\/schema\\\/logo\\\/image\\\/\",\"url\":\"http:\\\/\\\/www.anovapeneira.gal\\\/wp-content\\\/uploads\\\/2019\\\/06\\\/logo_a_nova_peneira_portal_web.png\",\"contentUrl\":\"http:\\\/\\\/www.anovapeneira.gal\\\/wp-content\\\/uploads\\\/2019\\\/06\\\/logo_a_nova_peneira_portal_web.png\",\"width\":300,\"height\":100,\"caption\":\"A Nova Peneira\"},\"image\":{\"@id\":\"https:\\\/\\\/www.anovapeneira.gal\\\/#\\\/schema\\\/logo\\\/image\\\/\"},\"sameAs\":[\"https:\\\/\\\/www.facebook.com\\\/anovapeneira\",\"https:\\\/\\\/x.com\\\/APeneira\"]},{\"@type\":\"Person\",\"@id\":\"https:\\\/\\\/www.anovapeneira.gal\\\/#\\\/schema\\\/person\\\/b93e3f8932e3f8da96334607eb6ac6aa\",\"name\":\"Redacci\u00f3n A Nova Peneira\",\"image\":{\"@type\":\"ImageObject\",\"inLanguage\":\"gl-ES\",\"@id\":\"https:\\\/\\\/secure.gravatar.com\\\/avatar\\\/c052a2551a06e23fac63626232eaa90abd78dbcf1700fc46a2b2c89fd27b735f?s=96&d=mm&r=g\",\"url\":\"https:\\\/\\\/secure.gravatar.com\\\/avatar\\\/c052a2551a06e23fac63626232eaa90abd78dbcf1700fc46a2b2c89fd27b735f?s=96&d=mm&r=g\",\"contentUrl\":\"https:\\\/\\\/secure.gravatar.com\\\/avatar\\\/c052a2551a06e23fac63626232eaa90abd78dbcf1700fc46a2b2c89fd27b735f?s=96&d=mm&r=g\",\"caption\":\"Redacci\u00f3n A Nova Peneira\"},\"sameAs\":[\"http:\\\/\\\/www.anovapeneira.gal\\\/\"],\"url\":\"https:\\\/\\\/www.anovapeneira.gal\\\/index.php\\\/author\\\/redactor\\\/\"}]}<\/script>\n<!-- \/ Yoast SEO plugin. -->","yoast_head_json":{"title":"Nova directiva no Tomi\u00f1o F\u00fatbol Club -","description":"O ver\u00e1n pasado unha nova directiva fac\u00edase cargo do equipo tomi\u00f1\u00e9s.","robots":{"index":"index","follow":"follow","max-snippet":"max-snippet:-1","max-image-preview":"max-image-preview:large","max-video-preview":"max-video-preview:-1"},"canonical":"https:\/\/www.anovapeneira.gal\/index.php\/2024\/02\/20\/nova-directiva-no-tomino-futbol-club\/","og_locale":"gl_ES","og_type":"article","og_title":"Nova directiva no Tomi\u00f1o F\u00fatbol Club -","og_description":"O ver\u00e1n pasado unha nova directiva fac\u00edase cargo do equipo tomi\u00f1\u00e9s.","og_url":"https:\/\/www.anovapeneira.gal\/index.php\/2024\/02\/20\/nova-directiva-no-tomino-futbol-club\/","article_publisher":"https:\/\/www.facebook.com\/anovapeneira","article_published_time":"2024-02-20T11:00:04+00:00","og_image":[{"width":720,"height":432,"url":"https:\/\/www.anovapeneira.gal\/wp-content\/uploads\/2024\/02\/aitor_bouzada.jpg","type":"image\/jpeg"}],"author":"Redacci\u00f3n A Nova Peneira","twitter_card":"summary_large_image","twitter_creator":"@APeneira","twitter_site":"@APeneira","twitter_misc":{"Escrito por":"Redacci\u00f3n A Nova Peneira","Tempo de lectura":"2 minutos"},"schema":{"@context":"https:\/\/schema.org","@graph":[{"@type":"Article","@id":"https:\/\/www.anovapeneira.gal\/index.php\/2024\/02\/20\/nova-directiva-no-tomino-futbol-club\/#article","isPartOf":{"@id":"https:\/\/www.anovapeneira.gal\/index.php\/2024\/02\/20\/nova-directiva-no-tomino-futbol-club\/"},"author":{"name":"Redacci\u00f3n A Nova Peneira","@id":"https:\/\/www.anovapeneira.gal\/#\/schema\/person\/b93e3f8932e3f8da96334607eb6ac6aa"},"headline":"Nova directiva no Tomi\u00f1o F\u00fatbol Club","datePublished":"2024-02-20T11:00:04+00:00","mainEntityOfPage":{"@id":"https:\/\/www.anovapeneira.gal\/index.php\/2024\/02\/20\/nova-directiva-no-tomino-futbol-club\/"},"wordCount":890,"commentCount":0,"publisher":{"@id":"https:\/\/www.anovapeneira.gal\/#organization"},"image":{"@id":"https:\/\/www.anovapeneira.gal\/index.php\/2024\/02\/20\/nova-directiva-no-tomino-futbol-club\/#primaryimage"},"thumbnailUrl":"https:\/\/www.anovapeneira.gal\/wp-content\/uploads\/2024\/02\/aitor_bouzada.jpg","keywords":["Concello de Tomi\u00f1o"],"articleSection":["Baixo Mi\u00f1o"],"inLanguage":"gl-ES","potentialAction":[{"@type":"CommentAction","name":"Comment","target":["https:\/\/www.anovapeneira.gal\/index.php\/2024\/02\/20\/nova-directiva-no-tomino-futbol-club\/#respond"]}]},{"@type":"WebPage","@id":"https:\/\/www.anovapeneira.gal\/index.php\/2024\/02\/20\/nova-directiva-no-tomino-futbol-club\/","url":"https:\/\/www.anovapeneira.gal\/index.php\/2024\/02\/20\/nova-directiva-no-tomino-futbol-club\/","name":"Nova directiva no Tomi\u00f1o F\u00fatbol Club -","isPartOf":{"@id":"https:\/\/www.anovapeneira.gal\/#website"},"primaryImageOfPage":{"@id":"https:\/\/www.anovapeneira.gal\/index.php\/2024\/02\/20\/nova-directiva-no-tomino-futbol-club\/#primaryimage"},"image":{"@id":"https:\/\/www.anovapeneira.gal\/index.php\/2024\/02\/20\/nova-directiva-no-tomino-futbol-club\/#primaryimage"},"thumbnailUrl":"https:\/\/www.anovapeneira.gal\/wp-content\/uploads\/2024\/02\/aitor_bouzada.jpg","datePublished":"2024-02-20T11:00:04+00:00","description":"O ver\u00e1n pasado unha nova directiva fac\u00edase cargo do equipo tomi\u00f1\u00e9s.","breadcrumb":{"@id":"https:\/\/www.anovapeneira.gal\/index.php\/2024\/02\/20\/nova-directiva-no-tomino-futbol-club\/#breadcrumb"},"inLanguage":"gl-ES","potentialAction":[{"@type":"ReadAction","target":["https:\/\/www.anovapeneira.gal\/index.php\/2024\/02\/20\/nova-directiva-no-tomino-futbol-club\/"]}]},{"@type":"ImageObject","inLanguage":"gl-ES","@id":"https:\/\/www.anovapeneira.gal\/index.php\/2024\/02\/20\/nova-directiva-no-tomino-futbol-club\/#primaryimage","url":"https:\/\/www.anovapeneira.gal\/wp-content\/uploads\/2024\/02\/aitor_bouzada.jpg","contentUrl":"https:\/\/www.anovapeneira.gal\/wp-content\/uploads\/2024\/02\/aitor_bouzada.jpg","width":720,"height":432,"caption":"Tomi\u00f1o F\u00fatbol Club Aitor Bouzada"},{"@type":"BreadcrumbList","@id":"https:\/\/www.anovapeneira.gal\/index.php\/2024\/02\/20\/nova-directiva-no-tomino-futbol-club\/#breadcrumb","itemListElement":[{"@type":"ListItem","position":1,"name":"Portada","item":"https:\/\/www.anovapeneira.gal\/"},{"@type":"ListItem","position":2,"name":"Nova directiva no Tomi\u00f1o F\u00fatbol Club"}]},{"@type":"WebSite","@id":"https:\/\/www.anovapeneira.gal\/#website","url":"https:\/\/www.anovapeneira.gal\/","name":"","description":"Xornal galego de informaci\u00f3n xeral Publicaci\u00f3n mensual de novas de Galicia e en especial dos Concellos da sur da provincia de Pontevedra.","publisher":{"@id":"https:\/\/www.anovapeneira.gal\/#organization"},"potentialAction":[{"@type":"SearchAction","target":{"@type":"EntryPoint","urlTemplate":"https:\/\/www.anovapeneira.gal\/?s={search_term_string}"},"query-input":{"@type":"PropertyValueSpecification","valueRequired":true,"valueName":"search_term_string"}}],"inLanguage":"gl-ES"},{"@type":"Organization","@id":"https:\/\/www.anovapeneira.gal\/#organization","name":"A Nova Peneira","url":"https:\/\/www.anovapeneira.gal\/","logo":{"@type":"ImageObject","inLanguage":"gl-ES","@id":"https:\/\/www.anovapeneira.gal\/#\/schema\/logo\/image\/","url":"http:\/\/www.anovapeneira.gal\/wp-content\/uploads\/2019\/06\/logo_a_nova_peneira_portal_web.png","contentUrl":"http:\/\/www.anovapeneira.gal\/wp-content\/uploads\/2019\/06\/logo_a_nova_peneira_portal_web.png","width":300,"height":100,"caption":"A Nova Peneira"},"image":{"@id":"https:\/\/www.anovapeneira.gal\/#\/schema\/logo\/image\/"},"sameAs":["https:\/\/www.facebook.com\/anovapeneira","https:\/\/x.com\/APeneira"]},{"@type":"Person","@id":"https:\/\/www.anovapeneira.gal\/#\/schema\/person\/b93e3f8932e3f8da96334607eb6ac6aa","name":"Redacci\u00f3n A Nova Peneira","image":{"@type":"ImageObject","inLanguage":"gl-ES","@id":"https:\/\/secure.gravatar.com\/avatar\/c052a2551a06e23fac63626232eaa90abd78dbcf1700fc46a2b2c89fd27b735f?s=96&d=mm&r=g","url":"https:\/\/secure.gravatar.com\/avatar\/c052a2551a06e23fac63626232eaa90abd78dbcf1700fc46a2b2c89fd27b735f?s=96&d=mm&r=g","contentUrl":"https:\/\/secure.gravatar.com\/avatar\/c052a2551a06e23fac63626232eaa90abd78dbcf1700fc46a2b2c89fd27b735f?s=96&d=mm&r=g","caption":"Redacci\u00f3n A Nova Peneira"},"sameAs":["http:\/\/www.anovapeneira.gal\/"],"url":"https:\/\/www.anovapeneira.gal\/index.php\/author\/redactor\/"}]}},"jetpack_featured_media_url":"https:\/\/www.anovapeneira.gal\/wp-content\/uploads\/2024\/02\/aitor_bouzada.jpg","_links":{"self":[{"href":"https:\/\/www.anovapeneira.gal\/index.php\/wp-json\/wp\/v2\/posts\/11295","targetHints":{"allow":["GET"]}}],"collection":[{"href":"https:\/\/www.anovapeneira.gal\/index.php\/wp-json\/wp\/v2\/posts"}],"about":[{"href":"https:\/\/www.anovapeneira.gal\/index.php\/wp-json\/wp\/v2\/types\/post"}],"author":[{"embeddable":true,"href":"https:\/\/www.anovapeneira.gal\/index.php\/wp-json\/wp\/v2\/users\/3"}],"replies":[{"embeddable":true,"href":"https:\/\/www.anovapeneira.gal\/index.php\/wp-json\/wp\/v2\/comments?post=11295"}],"version-history":[{"count":2,"href":"https:\/\/www.anovapeneira.gal\/index.php\/wp-json\/wp\/v2\/posts\/11295\/revisions"}],"predecessor-version":[{"id":11298,"href":"https:\/\/www.anovapeneira.gal\/index.php\/wp-json\/wp\/v2\/posts\/11295\/revisions\/11298"}],"wp:featuredmedia":[{"embeddable":true,"href":"https:\/\/www.anovapeneira.gal\/index.php\/wp-json\/wp\/v2\/media\/11296"}],"wp:attachment":[{"href":"https:\/\/www.anovapeneira.gal\/index.php\/wp-json\/wp\/v2\/media?parent=11295"}],"wp:term":[{"taxonomy":"category","embeddable":true,"href":"https:\/\/www.anovapeneira.gal\/index.php\/wp-json\/wp\/v2\/categories?post=11295"},{"taxonomy":"post_tag","embeddable":true,"href":"https:\/\/www.anovapeneira.gal\/index.php\/wp-json\/wp\/v2\/tags?post=11295"}],"curies":[{"name":"wp","href":"https:\/\/api.w.org\/{rel}","templated":true}]}}