{"id":11308,"date":"2024-02-22T12:00:18","date_gmt":"2024-02-22T11:00:18","guid":{"rendered":"https:\/\/www.anovapeneira.gal\/?p=11308"},"modified":"2024-02-18T09:46:33","modified_gmt":"2024-02-18T08:46:33","slug":"o-rosal-afonda-sobre-tematicas-de-grande-actualidade-nos-seus-cafes-en-igualdade","status":"publish","type":"post","link":"https:\/\/www.anovapeneira.gal\/index.php\/2024\/02\/22\/o-rosal-afonda-sobre-tematicas-de-grande-actualidade-nos-seus-cafes-en-igualdade\/","title":{"rendered":"O Rosal afonda sobre tem\u00e1ticas de grande actualidade nos seus \u2018Caf\u00e9s en igualdade\u2019"},"content":{"rendered":"\n<h2 class=\"wp-block-heading\"><strong>A soidade elixida ou imposta, as novas masculinidades, a sexualidade ou a ansiedade e o estr\u00e9s ser\u00e1n os protagonistas das charlas ata maio<\/strong><\/h2>\n\n\n\n<p><strong>O Concello percorrer\u00e1 os barrios nesta nova edici\u00f3n<\/strong><\/p>\n\n\n\n<p><strong>O Rosal, 16 de febreiro de 2024.<\/strong><\/p>\n\n\n\n<p>Consciente de promover o benestar ao tempo que se abordan temas de actualidade, o Concello do Rosal xa ten en marcha unha nova edici\u00f3n dos seus \u2018Caf\u00e9s en Igualdade\u2019, que durante os vindeiros meses percorrer\u00e1n os barrios rosaleiros para afondar de xeito c\u00f3modo e distendido sobre temas de interese e de grande actualidade moi diversos.<\/p>\n\n\n\n<p>Como salientou a alcaldesa, \u00c1nxela Fern\u00e1ndez Call\u00eds, \u201cos \u2018Caf\u00e9s en Igualdade\u2019 xa son un referente entre a veci\u00f1anza, un lugar de encontro, de aprendizaxe, no que resolver d\u00fabidas ou soamente desfrutar do lecer conciliando a vida familiar, laboral e persoal de rosaleiros e rosaleiras. Son unha oportunidade \u00fanica de promover o di\u00e1logo, a reflexi\u00f3n e o apoio mutuo, enriquecendo o tecido social e fortalecendo lazos\u201d.<\/p>\n\n\n\n<figure class=\"wp-block-image size-large\"><img loading=\"lazy\" decoding=\"async\" width=\"724\" height=\"1024\" src=\"https:\/\/www.anovapeneira.gal\/wp-content\/uploads\/2024\/02\/rosal_cafes_igualdade-724x1024.jpeg\" alt=\"\" class=\"wp-image-11310\" srcset=\"https:\/\/www.anovapeneira.gal\/wp-content\/uploads\/2024\/02\/rosal_cafes_igualdade-724x1024.jpeg 724w, https:\/\/www.anovapeneira.gal\/wp-content\/uploads\/2024\/02\/rosal_cafes_igualdade-212x300.jpeg 212w, https:\/\/www.anovapeneira.gal\/wp-content\/uploads\/2024\/02\/rosal_cafes_igualdade-768x1087.jpeg 768w, https:\/\/www.anovapeneira.gal\/wp-content\/uploads\/2024\/02\/rosal_cafes_igualdade-1085x1536.jpeg 1085w, https:\/\/www.anovapeneira.gal\/wp-content\/uploads\/2024\/02\/rosal_cafes_igualdade.jpeg 1447w\" sizes=\"auto, (max-width: 724px) 100vw, 724px\" \/><\/figure>\n\n\n\n<p>Tras arrancar esta nova edici\u00f3n o pasado mes de xaneiro cunha interesante charla sobre os mitos do amor rom\u00e1ntico, no mes de <strong>febreiro<\/strong> tomar\u00e1 o relevo a traballadora social cl\u00ednica e psicoterapeuta <strong>Beatriz Arroyo<\/strong>, que o vindeiro xoves 29 abordar\u00e1 o tema da <strong>soidade<\/strong>, tanto elixida como imposta. No mes de <strong>marzo<\/strong> o p\u00fablico poder\u00e1 escoitar a <strong>Joshua Mateo<\/strong>, axente de Igualdade e director de proxectos de \u2018G\u00e9nero Educa\u2019, que abordar\u00e1 dun xeito claro e directo as \u2018<strong>Novas masculinidades<\/strong>. Outra forma de ser home\u2019.<\/p>\n\n\n\n<p>Os \u2018Caf\u00e9s en Igualdade\u2019 abordar\u00e1n no mes de <strong>abril<\/strong> a \u2018<strong>Sexualidade e desexo<\/strong>. O Cami\u00f1o cara ao pracer\u2019 da man da pedagoga e sex\u00f3loga especializada en igualdade de x\u00e9nero en Con Xeito Sexolox\u00eda <strong>Erea Devesa<\/strong>. O ciclo rematar\u00e1 en <strong>maio<\/strong> falando coa psic\u00f3loga cl\u00ednica <strong>Andrea Iglesias<\/strong> sobre \u2018<strong>Ansiedade e estr\u00e9s<\/strong>. Vivir con pr\u00e9sa\u2019.<\/p>\n\n\n\n<p>Todas as sesi\u00f3ns dos \u2018Caf\u00e9s en Igualdade\u2019 ser\u00e1n de balde, os \u00faltimos xoves do mes ata maio en horario de 17.30 a 18.30 horas. O proxecto conta co financiamento do Ministerio de Igualdade a trav\u00e9s de fondos do Pacto de Estado contra a violencia de x\u00e9nero 2023-2024.<\/p>\n","protected":false},"excerpt":{"rendered":"<div class=\"mh-excerpt\"><p>A soidade elixida ou imposta, as novas masculinidades, a sexualidade ou a ansiedade e o estr\u00e9s ser\u00e1n os protagonistas das charlas ata maio <a class=\"mh-excerpt-more\" href=\"https:\/\/www.anovapeneira.gal\/index.php\/2024\/02\/22\/o-rosal-afonda-sobre-tematicas-de-grande-actualidade-nos-seus-cafes-en-igualdade\/\" title=\"O Rosal afonda sobre tem\u00e1ticas de grande actualidade nos seus \u2018Caf\u00e9s en igualdade\u2019\">[&#8230;]<\/a><\/p>\n<\/div>","protected":false},"author":3,"featured_media":11309,"comment_status":"open","ping_status":"open","sticky":false,"template":"","format":"standard","meta":{"_exactmetrics_skip_tracking":false,"_exactmetrics_sitenote_active":false,"_exactmetrics_sitenote_note":"","_exactmetrics_sitenote_category":0,"footnotes":""},"categories":[21],"tags":[131],"class_list":{"0":"post-11308","1":"post","2":"type-post","3":"status-publish","4":"format-standard","5":"has-post-thumbnail","7":"category-baixo-mino","8":"tag-concello-do-rosal"},"yoast_head":"<!-- This site is optimized with the Yoast SEO plugin v27.4 - https:\/\/yoast.com\/product\/yoast-seo-wordpress\/ -->\n<title>O Rosal afonda sobre tem\u00e1ticas de grande actualidade nos seus \u2018Caf\u00e9s en igualdade\u2019 -<\/title>\n<meta name=\"description\" content=\"A soidade elixida ou imposta, as novas masculinidades, a sexualidade ou a ansiedade e o estr\u00e9s ser\u00e1n os protagonistas das charlas ata maio\" \/>\n<meta name=\"robots\" content=\"index, follow, max-snippet:-1, max-image-preview:large, max-video-preview:-1\" \/>\n<link rel=\"canonical\" href=\"https:\/\/www.anovapeneira.gal\/index.php\/2024\/02\/22\/o-rosal-afonda-sobre-tematicas-de-grande-actualidade-nos-seus-cafes-en-igualdade\/\" \/>\n<meta property=\"og:locale\" content=\"gl_ES\" \/>\n<meta property=\"og:type\" content=\"article\" \/>\n<meta property=\"og:title\" content=\"O Rosal afonda sobre tem\u00e1ticas de grande actualidade nos seus \u2018Caf\u00e9s en igualdade\u2019 -\" \/>\n<meta property=\"og:description\" content=\"A soidade elixida ou imposta, as novas masculinidades, a sexualidade ou a ansiedade e o estr\u00e9s ser\u00e1n os protagonistas das charlas ata maio\" \/>\n<meta property=\"og:url\" content=\"https:\/\/www.anovapeneira.gal\/index.php\/2024\/02\/22\/o-rosal-afonda-sobre-tematicas-de-grande-actualidade-nos-seus-cafes-en-igualdade\/\" \/>\n<meta property=\"article:publisher\" content=\"https:\/\/www.facebook.com\/anovapeneira\" \/>\n<meta property=\"article:published_time\" content=\"2024-02-22T11:00:18+00:00\" \/>\n<meta property=\"og:image\" content=\"https:\/\/www.anovapeneira.gal\/wp-content\/uploads\/2024\/02\/rosal_cafes_igualdade_c.jpg\" \/>\n\t<meta property=\"og:image:width\" content=\"720\" \/>\n\t<meta property=\"og:image:height\" content=\"432\" \/>\n\t<meta property=\"og:image:type\" content=\"image\/jpeg\" \/>\n<meta name=\"author\" content=\"Redacci\u00f3n A Nova Peneira\" \/>\n<meta name=\"twitter:card\" content=\"summary_large_image\" \/>\n<meta name=\"twitter:creator\" content=\"@APeneira\" \/>\n<meta name=\"twitter:site\" content=\"@APeneira\" \/>\n<meta name=\"twitter:label1\" content=\"Escrito por\" \/>\n\t<meta name=\"twitter:data1\" content=\"Redacci\u00f3n A Nova Peneira\" \/>\n\t<meta name=\"twitter:label2\" content=\"Tempo de lectura\" \/>\n\t<meta name=\"twitter:data2\" content=\"3 minutos\" \/>\n<script type=\"application\/ld+json\" class=\"yoast-schema-graph\">{\"@context\":\"https:\\\/\\\/schema.org\",\"@graph\":[{\"@type\":\"Article\",\"@id\":\"https:\\\/\\\/www.anovapeneira.gal\\\/index.php\\\/2024\\\/02\\\/22\\\/o-rosal-afonda-sobre-tematicas-de-grande-actualidade-nos-seus-cafes-en-igualdade\\\/#article\",\"isPartOf\":{\"@id\":\"https:\\\/\\\/www.anovapeneira.gal\\\/index.php\\\/2024\\\/02\\\/22\\\/o-rosal-afonda-sobre-tematicas-de-grande-actualidade-nos-seus-cafes-en-igualdade\\\/\"},\"author\":{\"name\":\"Redacci\u00f3n A Nova Peneira\",\"@id\":\"https:\\\/\\\/www.anovapeneira.gal\\\/#\\\/schema\\\/person\\\/b93e3f8932e3f8da96334607eb6ac6aa\"},\"headline\":\"O Rosal afonda sobre tem\u00e1ticas de grande actualidade nos seus \u2018Caf\u00e9s en igualdade\u2019\",\"datePublished\":\"2024-02-22T11:00:18+00:00\",\"mainEntityOfPage\":{\"@id\":\"https:\\\/\\\/www.anovapeneira.gal\\\/index.php\\\/2024\\\/02\\\/22\\\/o-rosal-afonda-sobre-tematicas-de-grande-actualidade-nos-seus-cafes-en-igualdade\\\/\"},\"wordCount\":386,\"commentCount\":0,\"publisher\":{\"@id\":\"https:\\\/\\\/www.anovapeneira.gal\\\/#organization\"},\"image\":{\"@id\":\"https:\\\/\\\/www.anovapeneira.gal\\\/index.php\\\/2024\\\/02\\\/22\\\/o-rosal-afonda-sobre-tematicas-de-grande-actualidade-nos-seus-cafes-en-igualdade\\\/#primaryimage\"},\"thumbnailUrl\":\"https:\\\/\\\/www.anovapeneira.gal\\\/wp-content\\\/uploads\\\/2024\\\/02\\\/rosal_cafes_igualdade_c.jpg\",\"keywords\":[\"Concello do Rosal\"],\"articleSection\":[\"Baixo Mi\u00f1o\"],\"inLanguage\":\"gl-ES\",\"potentialAction\":[{\"@type\":\"CommentAction\",\"name\":\"Comment\",\"target\":[\"https:\\\/\\\/www.anovapeneira.gal\\\/index.php\\\/2024\\\/02\\\/22\\\/o-rosal-afonda-sobre-tematicas-de-grande-actualidade-nos-seus-cafes-en-igualdade\\\/#respond\"]}]},{\"@type\":\"WebPage\",\"@id\":\"https:\\\/\\\/www.anovapeneira.gal\\\/index.php\\\/2024\\\/02\\\/22\\\/o-rosal-afonda-sobre-tematicas-de-grande-actualidade-nos-seus-cafes-en-igualdade\\\/\",\"url\":\"https:\\\/\\\/www.anovapeneira.gal\\\/index.php\\\/2024\\\/02\\\/22\\\/o-rosal-afonda-sobre-tematicas-de-grande-actualidade-nos-seus-cafes-en-igualdade\\\/\",\"name\":\"O Rosal afonda sobre tem\u00e1ticas de grande actualidade nos seus \u2018Caf\u00e9s en igualdade\u2019 -\",\"isPartOf\":{\"@id\":\"https:\\\/\\\/www.anovapeneira.gal\\\/#website\"},\"primaryImageOfPage\":{\"@id\":\"https:\\\/\\\/www.anovapeneira.gal\\\/index.php\\\/2024\\\/02\\\/22\\\/o-rosal-afonda-sobre-tematicas-de-grande-actualidade-nos-seus-cafes-en-igualdade\\\/#primaryimage\"},\"image\":{\"@id\":\"https:\\\/\\\/www.anovapeneira.gal\\\/index.php\\\/2024\\\/02\\\/22\\\/o-rosal-afonda-sobre-tematicas-de-grande-actualidade-nos-seus-cafes-en-igualdade\\\/#primaryimage\"},\"thumbnailUrl\":\"https:\\\/\\\/www.anovapeneira.gal\\\/wp-content\\\/uploads\\\/2024\\\/02\\\/rosal_cafes_igualdade_c.jpg\",\"datePublished\":\"2024-02-22T11:00:18+00:00\",\"description\":\"A soidade elixida ou imposta, as novas masculinidades, a sexualidade ou a ansiedade e o estr\u00e9s ser\u00e1n os protagonistas das charlas ata maio\",\"breadcrumb\":{\"@id\":\"https:\\\/\\\/www.anovapeneira.gal\\\/index.php\\\/2024\\\/02\\\/22\\\/o-rosal-afonda-sobre-tematicas-de-grande-actualidade-nos-seus-cafes-en-igualdade\\\/#breadcrumb\"},\"inLanguage\":\"gl-ES\",\"potentialAction\":[{\"@type\":\"ReadAction\",\"target\":[\"https:\\\/\\\/www.anovapeneira.gal\\\/index.php\\\/2024\\\/02\\\/22\\\/o-rosal-afonda-sobre-tematicas-de-grande-actualidade-nos-seus-cafes-en-igualdade\\\/\"]}]},{\"@type\":\"ImageObject\",\"inLanguage\":\"gl-ES\",\"@id\":\"https:\\\/\\\/www.anovapeneira.gal\\\/index.php\\\/2024\\\/02\\\/22\\\/o-rosal-afonda-sobre-tematicas-de-grande-actualidade-nos-seus-cafes-en-igualdade\\\/#primaryimage\",\"url\":\"https:\\\/\\\/www.anovapeneira.gal\\\/wp-content\\\/uploads\\\/2024\\\/02\\\/rosal_cafes_igualdade_c.jpg\",\"contentUrl\":\"https:\\\/\\\/www.anovapeneira.gal\\\/wp-content\\\/uploads\\\/2024\\\/02\\\/rosal_cafes_igualdade_c.jpg\",\"width\":720,\"height\":432,\"caption\":\"Caf\u00e9s en Igualdade\"},{\"@type\":\"BreadcrumbList\",\"@id\":\"https:\\\/\\\/www.anovapeneira.gal\\\/index.php\\\/2024\\\/02\\\/22\\\/o-rosal-afonda-sobre-tematicas-de-grande-actualidade-nos-seus-cafes-en-igualdade\\\/#breadcrumb\",\"itemListElement\":[{\"@type\":\"ListItem\",\"position\":1,\"name\":\"Portada\",\"item\":\"https:\\\/\\\/www.anovapeneira.gal\\\/\"},{\"@type\":\"ListItem\",\"position\":2,\"name\":\"O Rosal afonda sobre tem\u00e1ticas de grande actualidade nos seus \u2018Caf\u00e9s en igualdade\u2019\"}]},{\"@type\":\"WebSite\",\"@id\":\"https:\\\/\\\/www.anovapeneira.gal\\\/#website\",\"url\":\"https:\\\/\\\/www.anovapeneira.gal\\\/\",\"name\":\"\",\"description\":\"Xornal galego de informaci\u00f3n xeral Publicaci\u00f3n mensual de novas de Galicia e en especial dos Concellos da sur da provincia de Pontevedra.\",\"publisher\":{\"@id\":\"https:\\\/\\\/www.anovapeneira.gal\\\/#organization\"},\"potentialAction\":[{\"@type\":\"SearchAction\",\"target\":{\"@type\":\"EntryPoint\",\"urlTemplate\":\"https:\\\/\\\/www.anovapeneira.gal\\\/?s={search_term_string}\"},\"query-input\":{\"@type\":\"PropertyValueSpecification\",\"valueRequired\":true,\"valueName\":\"search_term_string\"}}],\"inLanguage\":\"gl-ES\"},{\"@type\":\"Organization\",\"@id\":\"https:\\\/\\\/www.anovapeneira.gal\\\/#organization\",\"name\":\"A Nova Peneira\",\"url\":\"https:\\\/\\\/www.anovapeneira.gal\\\/\",\"logo\":{\"@type\":\"ImageObject\",\"inLanguage\":\"gl-ES\",\"@id\":\"https:\\\/\\\/www.anovapeneira.gal\\\/#\\\/schema\\\/logo\\\/image\\\/\",\"url\":\"http:\\\/\\\/www.anovapeneira.gal\\\/wp-content\\\/uploads\\\/2019\\\/06\\\/logo_a_nova_peneira_portal_web.png\",\"contentUrl\":\"http:\\\/\\\/www.anovapeneira.gal\\\/wp-content\\\/uploads\\\/2019\\\/06\\\/logo_a_nova_peneira_portal_web.png\",\"width\":300,\"height\":100,\"caption\":\"A Nova Peneira\"},\"image\":{\"@id\":\"https:\\\/\\\/www.anovapeneira.gal\\\/#\\\/schema\\\/logo\\\/image\\\/\"},\"sameAs\":[\"https:\\\/\\\/www.facebook.com\\\/anovapeneira\",\"https:\\\/\\\/x.com\\\/APeneira\"]},{\"@type\":\"Person\",\"@id\":\"https:\\\/\\\/www.anovapeneira.gal\\\/#\\\/schema\\\/person\\\/b93e3f8932e3f8da96334607eb6ac6aa\",\"name\":\"Redacci\u00f3n A Nova Peneira\",\"image\":{\"@type\":\"ImageObject\",\"inLanguage\":\"gl-ES\",\"@id\":\"https:\\\/\\\/secure.gravatar.com\\\/avatar\\\/c052a2551a06e23fac63626232eaa90abd78dbcf1700fc46a2b2c89fd27b735f?s=96&d=mm&r=g\",\"url\":\"https:\\\/\\\/secure.gravatar.com\\\/avatar\\\/c052a2551a06e23fac63626232eaa90abd78dbcf1700fc46a2b2c89fd27b735f?s=96&d=mm&r=g\",\"contentUrl\":\"https:\\\/\\\/secure.gravatar.com\\\/avatar\\\/c052a2551a06e23fac63626232eaa90abd78dbcf1700fc46a2b2c89fd27b735f?s=96&d=mm&r=g\",\"caption\":\"Redacci\u00f3n A Nova Peneira\"},\"sameAs\":[\"http:\\\/\\\/www.anovapeneira.gal\\\/\"],\"url\":\"https:\\\/\\\/www.anovapeneira.gal\\\/index.php\\\/author\\\/redactor\\\/\"}]}<\/script>\n<!-- \/ Yoast SEO plugin. -->","yoast_head_json":{"title":"O Rosal afonda sobre tem\u00e1ticas de grande actualidade nos seus \u2018Caf\u00e9s en igualdade\u2019 -","description":"A soidade elixida ou imposta, as novas masculinidades, a sexualidade ou a ansiedade e o estr\u00e9s ser\u00e1n os protagonistas das charlas ata maio","robots":{"index":"index","follow":"follow","max-snippet":"max-snippet:-1","max-image-preview":"max-image-preview:large","max-video-preview":"max-video-preview:-1"},"canonical":"https:\/\/www.anovapeneira.gal\/index.php\/2024\/02\/22\/o-rosal-afonda-sobre-tematicas-de-grande-actualidade-nos-seus-cafes-en-igualdade\/","og_locale":"gl_ES","og_type":"article","og_title":"O Rosal afonda sobre tem\u00e1ticas de grande actualidade nos seus \u2018Caf\u00e9s en igualdade\u2019 -","og_description":"A soidade elixida ou imposta, as novas masculinidades, a sexualidade ou a ansiedade e o estr\u00e9s ser\u00e1n os protagonistas das charlas ata maio","og_url":"https:\/\/www.anovapeneira.gal\/index.php\/2024\/02\/22\/o-rosal-afonda-sobre-tematicas-de-grande-actualidade-nos-seus-cafes-en-igualdade\/","article_publisher":"https:\/\/www.facebook.com\/anovapeneira","article_published_time":"2024-02-22T11:00:18+00:00","og_image":[{"width":720,"height":432,"url":"https:\/\/www.anovapeneira.gal\/wp-content\/uploads\/2024\/02\/rosal_cafes_igualdade_c.jpg","type":"image\/jpeg"}],"author":"Redacci\u00f3n A Nova Peneira","twitter_card":"summary_large_image","twitter_creator":"@APeneira","twitter_site":"@APeneira","twitter_misc":{"Escrito por":"Redacci\u00f3n A Nova Peneira","Tempo de lectura":"3 minutos"},"schema":{"@context":"https:\/\/schema.org","@graph":[{"@type":"Article","@id":"https:\/\/www.anovapeneira.gal\/index.php\/2024\/02\/22\/o-rosal-afonda-sobre-tematicas-de-grande-actualidade-nos-seus-cafes-en-igualdade\/#article","isPartOf":{"@id":"https:\/\/www.anovapeneira.gal\/index.php\/2024\/02\/22\/o-rosal-afonda-sobre-tematicas-de-grande-actualidade-nos-seus-cafes-en-igualdade\/"},"author":{"name":"Redacci\u00f3n A Nova Peneira","@id":"https:\/\/www.anovapeneira.gal\/#\/schema\/person\/b93e3f8932e3f8da96334607eb6ac6aa"},"headline":"O Rosal afonda sobre tem\u00e1ticas de grande actualidade nos seus \u2018Caf\u00e9s en igualdade\u2019","datePublished":"2024-02-22T11:00:18+00:00","mainEntityOfPage":{"@id":"https:\/\/www.anovapeneira.gal\/index.php\/2024\/02\/22\/o-rosal-afonda-sobre-tematicas-de-grande-actualidade-nos-seus-cafes-en-igualdade\/"},"wordCount":386,"commentCount":0,"publisher":{"@id":"https:\/\/www.anovapeneira.gal\/#organization"},"image":{"@id":"https:\/\/www.anovapeneira.gal\/index.php\/2024\/02\/22\/o-rosal-afonda-sobre-tematicas-de-grande-actualidade-nos-seus-cafes-en-igualdade\/#primaryimage"},"thumbnailUrl":"https:\/\/www.anovapeneira.gal\/wp-content\/uploads\/2024\/02\/rosal_cafes_igualdade_c.jpg","keywords":["Concello do Rosal"],"articleSection":["Baixo Mi\u00f1o"],"inLanguage":"gl-ES","potentialAction":[{"@type":"CommentAction","name":"Comment","target":["https:\/\/www.anovapeneira.gal\/index.php\/2024\/02\/22\/o-rosal-afonda-sobre-tematicas-de-grande-actualidade-nos-seus-cafes-en-igualdade\/#respond"]}]},{"@type":"WebPage","@id":"https:\/\/www.anovapeneira.gal\/index.php\/2024\/02\/22\/o-rosal-afonda-sobre-tematicas-de-grande-actualidade-nos-seus-cafes-en-igualdade\/","url":"https:\/\/www.anovapeneira.gal\/index.php\/2024\/02\/22\/o-rosal-afonda-sobre-tematicas-de-grande-actualidade-nos-seus-cafes-en-igualdade\/","name":"O Rosal afonda sobre tem\u00e1ticas de grande actualidade nos seus \u2018Caf\u00e9s en igualdade\u2019 -","isPartOf":{"@id":"https:\/\/www.anovapeneira.gal\/#website"},"primaryImageOfPage":{"@id":"https:\/\/www.anovapeneira.gal\/index.php\/2024\/02\/22\/o-rosal-afonda-sobre-tematicas-de-grande-actualidade-nos-seus-cafes-en-igualdade\/#primaryimage"},"image":{"@id":"https:\/\/www.anovapeneira.gal\/index.php\/2024\/02\/22\/o-rosal-afonda-sobre-tematicas-de-grande-actualidade-nos-seus-cafes-en-igualdade\/#primaryimage"},"thumbnailUrl":"https:\/\/www.anovapeneira.gal\/wp-content\/uploads\/2024\/02\/rosal_cafes_igualdade_c.jpg","datePublished":"2024-02-22T11:00:18+00:00","description":"A soidade elixida ou imposta, as novas masculinidades, a sexualidade ou a ansiedade e o estr\u00e9s ser\u00e1n os protagonistas das charlas ata maio","breadcrumb":{"@id":"https:\/\/www.anovapeneira.gal\/index.php\/2024\/02\/22\/o-rosal-afonda-sobre-tematicas-de-grande-actualidade-nos-seus-cafes-en-igualdade\/#breadcrumb"},"inLanguage":"gl-ES","potentialAction":[{"@type":"ReadAction","target":["https:\/\/www.anovapeneira.gal\/index.php\/2024\/02\/22\/o-rosal-afonda-sobre-tematicas-de-grande-actualidade-nos-seus-cafes-en-igualdade\/"]}]},{"@type":"ImageObject","inLanguage":"gl-ES","@id":"https:\/\/www.anovapeneira.gal\/index.php\/2024\/02\/22\/o-rosal-afonda-sobre-tematicas-de-grande-actualidade-nos-seus-cafes-en-igualdade\/#primaryimage","url":"https:\/\/www.anovapeneira.gal\/wp-content\/uploads\/2024\/02\/rosal_cafes_igualdade_c.jpg","contentUrl":"https:\/\/www.anovapeneira.gal\/wp-content\/uploads\/2024\/02\/rosal_cafes_igualdade_c.jpg","width":720,"height":432,"caption":"Caf\u00e9s en Igualdade"},{"@type":"BreadcrumbList","@id":"https:\/\/www.anovapeneira.gal\/index.php\/2024\/02\/22\/o-rosal-afonda-sobre-tematicas-de-grande-actualidade-nos-seus-cafes-en-igualdade\/#breadcrumb","itemListElement":[{"@type":"ListItem","position":1,"name":"Portada","item":"https:\/\/www.anovapeneira.gal\/"},{"@type":"ListItem","position":2,"name":"O Rosal afonda sobre tem\u00e1ticas de grande actualidade nos seus \u2018Caf\u00e9s en igualdade\u2019"}]},{"@type":"WebSite","@id":"https:\/\/www.anovapeneira.gal\/#website","url":"https:\/\/www.anovapeneira.gal\/","name":"","description":"Xornal galego de informaci\u00f3n xeral Publicaci\u00f3n mensual de novas de Galicia e en especial dos Concellos da sur da provincia de Pontevedra.","publisher":{"@id":"https:\/\/www.anovapeneira.gal\/#organization"},"potentialAction":[{"@type":"SearchAction","target":{"@type":"EntryPoint","urlTemplate":"https:\/\/www.anovapeneira.gal\/?s={search_term_string}"},"query-input":{"@type":"PropertyValueSpecification","valueRequired":true,"valueName":"search_term_string"}}],"inLanguage":"gl-ES"},{"@type":"Organization","@id":"https:\/\/www.anovapeneira.gal\/#organization","name":"A Nova Peneira","url":"https:\/\/www.anovapeneira.gal\/","logo":{"@type":"ImageObject","inLanguage":"gl-ES","@id":"https:\/\/www.anovapeneira.gal\/#\/schema\/logo\/image\/","url":"http:\/\/www.anovapeneira.gal\/wp-content\/uploads\/2019\/06\/logo_a_nova_peneira_portal_web.png","contentUrl":"http:\/\/www.anovapeneira.gal\/wp-content\/uploads\/2019\/06\/logo_a_nova_peneira_portal_web.png","width":300,"height":100,"caption":"A Nova Peneira"},"image":{"@id":"https:\/\/www.anovapeneira.gal\/#\/schema\/logo\/image\/"},"sameAs":["https:\/\/www.facebook.com\/anovapeneira","https:\/\/x.com\/APeneira"]},{"@type":"Person","@id":"https:\/\/www.anovapeneira.gal\/#\/schema\/person\/b93e3f8932e3f8da96334607eb6ac6aa","name":"Redacci\u00f3n A Nova Peneira","image":{"@type":"ImageObject","inLanguage":"gl-ES","@id":"https:\/\/secure.gravatar.com\/avatar\/c052a2551a06e23fac63626232eaa90abd78dbcf1700fc46a2b2c89fd27b735f?s=96&d=mm&r=g","url":"https:\/\/secure.gravatar.com\/avatar\/c052a2551a06e23fac63626232eaa90abd78dbcf1700fc46a2b2c89fd27b735f?s=96&d=mm&r=g","contentUrl":"https:\/\/secure.gravatar.com\/avatar\/c052a2551a06e23fac63626232eaa90abd78dbcf1700fc46a2b2c89fd27b735f?s=96&d=mm&r=g","caption":"Redacci\u00f3n A Nova Peneira"},"sameAs":["http:\/\/www.anovapeneira.gal\/"],"url":"https:\/\/www.anovapeneira.gal\/index.php\/author\/redactor\/"}]}},"jetpack_featured_media_url":"https:\/\/www.anovapeneira.gal\/wp-content\/uploads\/2024\/02\/rosal_cafes_igualdade_c.jpg","_links":{"self":[{"href":"https:\/\/www.anovapeneira.gal\/index.php\/wp-json\/wp\/v2\/posts\/11308","targetHints":{"allow":["GET"]}}],"collection":[{"href":"https:\/\/www.anovapeneira.gal\/index.php\/wp-json\/wp\/v2\/posts"}],"about":[{"href":"https:\/\/www.anovapeneira.gal\/index.php\/wp-json\/wp\/v2\/types\/post"}],"author":[{"embeddable":true,"href":"https:\/\/www.anovapeneira.gal\/index.php\/wp-json\/wp\/v2\/users\/3"}],"replies":[{"embeddable":true,"href":"https:\/\/www.anovapeneira.gal\/index.php\/wp-json\/wp\/v2\/comments?post=11308"}],"version-history":[{"count":1,"href":"https:\/\/www.anovapeneira.gal\/index.php\/wp-json\/wp\/v2\/posts\/11308\/revisions"}],"predecessor-version":[{"id":11311,"href":"https:\/\/www.anovapeneira.gal\/index.php\/wp-json\/wp\/v2\/posts\/11308\/revisions\/11311"}],"wp:featuredmedia":[{"embeddable":true,"href":"https:\/\/www.anovapeneira.gal\/index.php\/wp-json\/wp\/v2\/media\/11309"}],"wp:attachment":[{"href":"https:\/\/www.anovapeneira.gal\/index.php\/wp-json\/wp\/v2\/media?parent=11308"}],"wp:term":[{"taxonomy":"category","embeddable":true,"href":"https:\/\/www.anovapeneira.gal\/index.php\/wp-json\/wp\/v2\/categories?post=11308"},{"taxonomy":"post_tag","embeddable":true,"href":"https:\/\/www.anovapeneira.gal\/index.php\/wp-json\/wp\/v2\/tags?post=11308"}],"curies":[{"name":"wp","href":"https:\/\/api.w.org\/{rel}","templated":true}]}}