{"id":11316,"date":"2024-02-23T10:00:27","date_gmt":"2024-02-23T09:00:27","guid":{"rendered":"https:\/\/www.anovapeneira.gal\/?p=11316"},"modified":"2024-02-20T10:53:50","modified_gmt":"2024-02-20T09:53:50","slug":"a-comunidade-de-montes-de-antas-en-pe-contra-o-abuso-do-parque-eolico-de-monte-peon","status":"publish","type":"post","link":"https:\/\/www.anovapeneira.gal\/index.php\/2024\/02\/23\/a-comunidade-de-montes-de-antas-en-pe-contra-o-abuso-do-parque-eolico-de-monte-peon\/","title":{"rendered":"A Comunidade de Montes de Antas en p\u00e9 contra o abuso do parque e\u00f3lico de Monte Pe\u00f3n"},"content":{"rendered":"\n<p><strong>A parroquia de Antas est\u00e1 no coraz\u00f3n do concello da Lama. \u00c9 unha zona fermosa, como moitas outras do interior do pa\u00eds galego, que corre o serio risco de verse transformada de tal maneira que a vida da s\u00faa veci\u00f1anza mude a peor de maneira irreversible, e a s\u00faa xeograf\u00eda sexa irreco\u00f1ecible para sempre xamais. En Monte Pe\u00f3n, cuxo punto m\u00e1is elevado s\u00f3 ten 400 metros de altura, hai proxectado un mega parque e\u00f3lico que constar\u00eda de tres torres de m\u00e1is de 220 metros de altura, d\u00faas situadas nas terras de Antas e unha nas da veci\u00f1a parroquia de Xende. Todos os accesos para o parque est\u00e1n proxectados por zonas que son propiedade da Comunidade de Montes de Antas e esas estruturas xigantescas, tres veces m\u00e1is que os mu\u00ed\u00f1os que podemos ver na actualidade, estar\u00edan xusto enriba das casas de m\u00e1is de 200 persoas que ver\u00edan as s\u00faas vidas transformadas para sempre.<\/strong><\/p>\n\n\n\n<p><strong>O escurantismo co que se presentou este proxecto, a Comunidade de Montes de Antas como parte interesada non foi informada a priori, e as facilidades que as administraci\u00f3ns local e auton\u00f3mica deron para a s\u00faa tramitaci\u00f3n son elementos engadidos \u00e1 profunda sensaci\u00f3n de abuso que senten as persoas afectadas. No momento de redactar este traballo co\u00f1ecemos a aprobaci\u00f3n no Consello de Ministros e Ministras de Espa\u00f1a da construci\u00f3n da LAT a 400KV Beariz-Portugal, infraestrutura imprescindible para a evacuaci\u00f3n do excedente enerx\u00e9tico dos novos parques proxectados por todo o sur de Galicia, co que moito nos tememos que pronto teremos novidades desagradables en relaci\u00f3n a este parque e\u00f3lico e a outros que xa recibiron a DIA( declaraci\u00f3n de impacto ambiental) favorable da Xunta de Galicia.<\/strong><\/p>\n\n\n\n<p><strong>En calquera caso as comuneiras e comuneiros de Antas manifestan a s\u00faa vontade de loitar ata o final e esgotar todas as v\u00edas posibles para evitar que o abuso se consume. Te\u00f1en xudicializado o asunto e agardan que unha resoluci\u00f3n favorable aos seus intereses poida liberarlles do pesadelo que lles ameaza. N\u00f3s falamos con Erundina Louro, presidenta da CM de Antas.<\/strong><\/p>\n\n\n\n<figure class=\"wp-block-image size-large is-resized\"><img loading=\"lazy\" decoding=\"async\" width=\"768\" height=\"1024\" src=\"https:\/\/www.anovapeneira.gal\/wp-content\/uploads\/2024\/02\/ERUNDINA-A-LAMA-768x1024.jpg\" alt=\"\" class=\"wp-image-11320\" style=\"width:109px;height:auto\" srcset=\"https:\/\/www.anovapeneira.gal\/wp-content\/uploads\/2024\/02\/ERUNDINA-A-LAMA-768x1024.jpg 768w, https:\/\/www.anovapeneira.gal\/wp-content\/uploads\/2024\/02\/ERUNDINA-A-LAMA-225x300.jpg 225w, https:\/\/www.anovapeneira.gal\/wp-content\/uploads\/2024\/02\/ERUNDINA-A-LAMA-1152x1536.jpg 1152w, https:\/\/www.anovapeneira.gal\/wp-content\/uploads\/2024\/02\/ERUNDINA-A-LAMA.jpg 1200w\" sizes=\"auto, (max-width: 768px) 100vw, 768px\" \/><\/figure>\n\n\n\n<p><strong>Erundina Louro, presidenta da comunidade de montes de Antas.<\/strong><\/p>\n\n\n\n<h2 class=\"wp-block-heading\">\u201c <strong>O impacto deste mu\u00ed\u00f1os que nos queren chantar en Monte Pe\u00f3n ser\u00eda de tal magnitude que poder\u00edan ser vistos desde as illas C\u00edes\u201d<\/strong><\/h2>\n\n\n\n<p><strong>Canto tempo leva na presidencia da Comunidade de Montes?<\/strong><\/p>\n\n\n\n<blockquote class=\"wp-block-quote is-layout-flow wp-block-quote-is-layout-flow\">\n<p>Desde pouco antes da Pandemia. Eu xa era a vicepresidenta.<\/p>\n<\/blockquote>\n\n\n\n<p><strong>Cando a vosa xunta directiva chega \u00e1 CM en que situaci\u00f3n a atopades?<\/strong><\/p>\n\n\n\n<blockquote class=\"wp-block-quote is-layout-flow wp-block-quote-is-layout-flow\">\n<p>Nunha situaci\u00f3n extrema. Todo isto deriva dun conflito xudicial que tiveramos coa comunidade de montes de Xende, un conflito de lindes que acabamos perdendo e que deixou \u00e1 nosa comunidade nunha situaci\u00f3n moi mala.<\/p>\n<\/blockquote>\n\n\n\n<p><strong>Ao falares de situaci\u00f3n \u201cextrema\u201d a que te refires?<\/strong><\/p>\n\n\n\n<blockquote class=\"wp-block-quote is-layout-flow wp-block-quote-is-layout-flow\">\n<p>Ref\u00edrome tanto \u00e1 situaci\u00f3n econ\u00f3mica como \u00e1 situaci\u00f3n de abandono do monte. Tivemos que comezar de 0 e incorporamos a moitas persoas novas. Gustar\u00edame destacar nese sentido que o 70% das persoas que formamos parte da CM somos mulleres<\/p>\n<\/blockquote>\n\n\n\n<p><strong>Cando se produciu ese pau xudicial?<\/strong><\/p>\n\n\n\n<blockquote class=\"wp-block-quote is-layout-flow wp-block-quote-is-layout-flow\">\n<p>No 2004\/2005. Logo a comunidade estivo arredor de 10 anos en situaci\u00f3n de abandono ata que no 2015 collemos n\u00f3s as rendas. Eu entro inicialmente na vicepresidencia e pouco antes da pandemia asumo a presidencia. Os primeiros anos foron terriblemente duros. Naquel tempo todos os cartos que ti\u00f1amos tan pronto entraban sa\u00edan para afrontar os gastos resultantes do proceso xudicial que antes mencionei.<\/p>\n<\/blockquote>\n\n\n\n<p><strong>A problem\u00e1tica econ\u00f3mica xa est\u00e1 resolta?<\/strong><\/p>\n\n\n\n<blockquote class=\"wp-block-quote is-layout-flow wp-block-quote-is-layout-flow\">\n<p>Si. N\u00f3s desenvolvemos un plan para resolvela e lev\u00e1molo adiante con \u00e9xito. Agora mesmo tesmos unha situaci\u00f3n de solvencia.<\/p>\n<\/blockquote>\n\n\n\n<p><strong>Que extensi\u00f3n de terreo \u00e9 da CM de Antas?<\/strong><\/p>\n\n\n\n<blockquote class=\"wp-block-quote is-layout-flow wp-block-quote-is-layout-flow\">\n<p>418 Hect\u00e1reas en total. E al\u00ed est\u00e1 inclu\u00edda a metade de Monte Pe\u00f3n. Naquel conflito xudicial que desencadeou todo isto a anterior xunta directiva de Antas non se presentou a xu\u00edzo, no Tribunal Superior de Xustiza. Ent\u00f3n o devandito Tribunal ditaminou que o linde o puxera a CM de Xende onde eles quixeran.<\/p>\n<\/blockquote>\n\n\n\n<blockquote class=\"wp-block-quote is-layout-flow wp-block-quote-is-layout-flow\">\n<p>A ra\u00edz desa sentenza estamos como estamos agora: que a CM de Xende negocia con Naturgy de costas a Antas cando a nosa aldea \u00e9 a m\u00e1is afectada.<\/p>\n<\/blockquote>\n\n\n\n<p><strong>A CM de Xende \u00e9 pr\u00f3xima ao PP?<\/strong><\/p>\n\n\n\n<blockquote class=\"wp-block-quote is-layout-flow wp-block-quote-is-layout-flow\">\n<p>Eu pensaba que non pero cando vexo as fotos do actual presidente da man do alcalde pois non sei que dicirche.<\/p>\n<\/blockquote>\n\n\n\n<p><strong>Cando co\u00f1ecedes a nova de que queren meter un parque e\u00f3lico en Monte Pe\u00f3n?<\/strong><\/p>\n\n\n\n<blockquote class=\"wp-block-quote is-layout-flow wp-block-quote-is-layout-flow\">\n<p>Na \u00e9poca da pandemia eu v\u00eda ao actual alcalde David Carrera, daquela tenente de alcalde, case a diario. En ning\u00fan momento me di, nin el nin o que era o alcalde naquel momento, Jorge Canda, que \u00e9 xusto en pandemia cando a Xunta pide ao Concello os informes pertinentes para a autorizaci\u00f3n da construci\u00f3n do parque de Monte Pe\u00f3n.<\/p>\n<\/blockquote>\n\n\n\n<p><strong>A v\u00f3s non volo comunican?<\/strong><\/p>\n\n\n\n<blockquote class=\"wp-block-quote is-layout-flow wp-block-quote-is-layout-flow\">\n<p>Non, en ning\u00fan momento. S\u00e1case a exposici\u00f3n p\u00fablica no Concello e non se nos comunica como parte afectada. Eu creo, isto xa \u00e9 a mi\u00f1a opini\u00f3n, que eles( Naturgy, Xende e Concello) pensaban que era mellor que Antas non o soubese porque entend\u00edan que de Antas s\u00f3 \u00edan depender os accesos a Monte Pe\u00f3n.<\/p>\n<\/blockquote>\n\n\n\n<p><strong>E \u00e9 as\u00ed? S\u00f3 son os accesos os que dependen de Antas?<\/strong><\/p>\n\n\n\n<blockquote class=\"wp-block-quote is-layout-flow wp-block-quote-is-layout-flow\">\n<p>No proxecto primixenio os mu\u00ed\u00f1os est\u00e1n colocados en Xende pero s\u00f3 a sete metros do l\u00edmite con Antas. Digo eu que nos deberan comentar algo. Non o fan, e a posteriori patrimonio obriga a Naturgy a movelos mu\u00ed\u00f1os co que agora temos dous macro aeroxeradores no monte de Antas , 1 no monte de Xende, a subestaci\u00f3n estar\u00eda en Xende e todos os accesos far\u00edanse por Antas.<\/p>\n<\/blockquote>\n\n\n\n<p><strong>E a empresa tampouco os informara de nada?<\/strong><\/p>\n\n\n\n<blockquote class=\"wp-block-quote is-layout-flow wp-block-quote-is-layout-flow\">\n<p>Non. Malia que tivemos que soportar durante toda a campa\u00f1a das municipais as calumnias referentes a que ti\u00f1amos todo atado con eles, non se reuniron con n\u00f3s ata despois das municipais. Eles quer\u00edan unha xuntanza s\u00f3 coa directiva e n\u00f3s forzamos que esa reuni\u00f3n fose p\u00fablica no Centro Cultural de Antas.<\/p>\n<\/blockquote>\n\n\n\n<p><strong>Como se desenvolveu esa xuntanza?<\/strong><\/p>\n\n\n\n<blockquote class=\"wp-block-quote is-layout-flow wp-block-quote-is-layout-flow\">\n<p>Eles trouxeron un borrador de contrato, os seus planos e expuxeron a oferta econ\u00f3mica. Nesa xuntanza p\u00faxose en evidencia que o anterior alcalde mentira cando dixera que xa ti\u00f1amos todo arranxado.<\/p>\n<\/blockquote>\n\n\n\n<p><strong>Pero ti tes constancia de que Jorge Canda afirmou que xa ti\u00f1ades todo arranxado coa empresa cando en realidade nunca vos xuntarades con eles?<\/strong><\/p>\n\n\n\n<blockquote class=\"wp-block-quote is-layout-flow wp-block-quote-is-layout-flow\">\n<p>Te\u00f1o testemu\u00f1as que as\u00ed o afirman, que se pasou toda a campa\u00f1a das municipais dic\u00edndoo al\u00e1 onde \u00eda. Ese tema foi moi grave e f\u00edxonolo pasar realmente mal.<\/p>\n<\/blockquote>\n\n\n\n<p><strong>Como valoras a oferta econ\u00f3mica que vos fixeron?<\/strong><\/p>\n\n\n\n<blockquote class=\"wp-block-quote is-layout-flow wp-block-quote-is-layout-flow\">\n<p>Xusto despois daquela reuni\u00f3n n\u00f3s convocamos unha asemblea e o 100% das persoas asistentes, de maneira un\u00e1nime, rexeit\u00e1rona. Non \u00e9 que fora unha oferta rid\u00edcula, \u00e9 que era directamente insultante. Xa previamente noutra asemblea as 98 persoas asistentes aprobaran outorgar \u00e1 xunta directiva a potestade de emprender acci\u00f3ns legais contra Naturgy para a defensa do noso patrimonio natural.<\/p>\n<\/blockquote>\n\n\n\n<p><strong>E como se desenvolveron os acontecementos ata hoxe?<\/strong><\/p>\n\n\n\n<blockquote class=\"wp-block-quote is-layout-flow wp-block-quote-is-layout-flow\">\n<p>Non volvemos saber nada m\u00e1is da empresa. N\u00f3s debido ao escurantismo co que o formularon e \u00e1 situaci\u00f3n de pandemia que viviamos non puidemos chegar \u00e1 primeira fase de alegaci\u00f3ns, e polo tanto non nos quedou m\u00e1is remedio que xudicializar o asunto. Fixemos un recurso de alzada e elev\u00e1molo ao Tribunal Superior de Xustiza de Galicia.<\/p>\n<\/blockquote>\n\n\n\n<p><strong>O parque xa ten DIA( declaraci\u00f3n de impacto ambiental) favorable da Xunta?<\/strong><\/p>\n\n\n\n<blockquote class=\"wp-block-quote is-layout-flow wp-block-quote-is-layout-flow\">\n<p>Si, e o Concello tam\u00e9n lle deu v\u00eda libre. Polo tanto a \u00fanica v\u00eda que nos queda \u00e9 a da xustiza.<\/p>\n<\/blockquote>\n\n\n\n<p><strong>Se finalmente se concreta iso que consecuencias ter\u00eda para v\u00f3s?<\/strong><\/p>\n\n\n\n<blockquote class=\"wp-block-quote is-layout-flow wp-block-quote-is-layout-flow\">\n<p>Este, non \u00e9 un proxecto de parque que estea no medio da nada. Monte Pe\u00f3n \u00e9 un monte moi pequeno, ten como tres lombas de 400 metros. A aldea est\u00e1 situada no val dese monte, a moi pouca distancia. E nesas tres alturas queren situar tres macro mu\u00ed\u00f1os de 254 metros cada un.<\/p>\n<\/blockquote>\n\n\n\n<blockquote class=\"wp-block-quote is-layout-flow wp-block-quote-is-layout-flow\">\n<p>Para que vos fagades unha idea unha pa das que xiran deses macro mu\u00ed\u00f1os, s\u00f3 unha pa, ten a altura dos mu\u00ed\u00f1os que est\u00e1n en funcionamento na actualidade. Os e\u00f3licos que nos queren chantar en monte Pe\u00f3n son tres veces m\u00e1is altos que os que xa hai noutras zonas de A Lama. N\u00f3s teriamos esa mega mole enriba das nosas casas. Monte Pe\u00f3n \u00e9 o coraz\u00f3n de A Lama e o impacto deses xigantescos mu\u00ed\u00f1os ser\u00eda de tal magnitude que se poder\u00edan incluso percibir desde as illas C\u00edes. Estas estruturas levan unha profundidade de zapata bestial. Non lles vai quedar outra que dinamitar o monte. Al\u00ed est\u00e1n as nosas nacentes de auga e non lles importou.<\/p>\n<\/blockquote>\n\n\n\n<blockquote class=\"wp-block-quote is-layout-flow wp-block-quote-is-layout-flow\">\n<p>Este proxecto nace de costas \u00e1s persoas que sufririamos as s\u00faas consecuencias e non ten nin pes de cabeza.<\/p>\n<\/blockquote>\n\n\n\n<p><strong>Este traballo vaise publicar despois das elecci\u00f3ns , pero a conversa fac\u00e9mola un par de d\u00edas antes. Se houbese un cambio pol\u00edtico poder\u00eda beneficiarvos?<\/strong><\/p>\n\n\n\n<blockquote class=\"wp-block-quote is-layout-flow wp-block-quote-is-layout-flow\">\n<p>Eu agardo que, se o hai, polo menos servise para que a presi\u00f3n \u00e1 que a Xunta e o lobby e\u00f3lico est\u00e1n a someter ao Tribunal Superior de Xustiza de Galicia cese.<\/p>\n<\/blockquote>\n\n\n\n<p><strong>V\u00f3s estades en contra da enerx\u00eda e\u00f3lica?<\/strong><\/p>\n\n\n\n<blockquote class=\"wp-block-quote is-layout-flow wp-block-quote-is-layout-flow\">\n<p>Por suposto que non.<\/p>\n<\/blockquote>\n\n\n\n<blockquote class=\"wp-block-quote is-layout-flow wp-block-quote-is-layout-flow\">\n<p>N\u00f3s estamos en contra deste modelo de e\u00f3lica: agresivo, especulativo, brutal e que nos rouba o que \u00e9 noso: a nosa terra , o noso modo de vida e incluso a nosa sa\u00fade. Estannos expulsando das nosas casas.<\/p>\n<\/blockquote>\n","protected":false},"excerpt":{"rendered":"<div class=\"mh-excerpt\"><p>A parroquia de Antas est\u00e1 no coraz\u00f3n do concello da Lama. \u00c9 unha zona fermosa, como moitas outras do interior do pa\u00eds galego, que corre o serio risco de verse transformada de tal maneira que a vida da s\u00faa veci\u00f1anza mude a peor de maneira irreversible, e a s\u00faa xeograf\u00eda sexa irreco\u00f1ecible para sempre xamais <a class=\"mh-excerpt-more\" href=\"https:\/\/www.anovapeneira.gal\/index.php\/2024\/02\/23\/a-comunidade-de-montes-de-antas-en-pe-contra-o-abuso-do-parque-eolico-de-monte-peon\/\" title=\"A Comunidade de Montes de Antas en p\u00e9 contra o abuso do parque e\u00f3lico de Monte Pe\u00f3n\">[&#8230;]<\/a><\/p>\n<\/div>","protected":false},"author":2,"featured_media":11317,"comment_status":"open","ping_status":"open","sticky":false,"template":"","format":"standard","meta":{"_exactmetrics_skip_tracking":false,"_exactmetrics_sitenote_active":false,"_exactmetrics_sitenote_note":"","_exactmetrics_sitenote_category":0,"footnotes":""},"categories":[269],"tags":[1353],"class_list":{"0":"post-11316","1":"post","2":"type-post","3":"status-publish","4":"format-standard","5":"has-post-thumbnail","7":"category-pontevedra-entrevistas","8":"tag-concello-da-lama"},"yoast_head":"<!-- This site is optimized with the Yoast SEO plugin v27.4 - https:\/\/yoast.com\/product\/yoast-seo-wordpress\/ -->\n<title>A Comunidade de Montes de Antas en p\u00e9 contra o abuso do parque e\u00f3lico de Monte Pe\u00f3n -<\/title>\n<meta name=\"description\" content=\"A parroquia de Antas est\u00e1 no coraz\u00f3n do concello da Lama. \u00c9 unha zona fermosa, como moitas outras do interior do pa\u00eds galego, que corre o serio risco de verse transformada de tal maneira que a vida da s\u00faa veci\u00f1anza mude a peor de maneira irreversible, e a s\u00faa xeograf\u00eda sexa irreco\u00f1ecible para sempre xamais\" \/>\n<meta name=\"robots\" content=\"index, follow, max-snippet:-1, max-image-preview:large, max-video-preview:-1\" \/>\n<link rel=\"canonical\" href=\"https:\/\/www.anovapeneira.gal\/index.php\/2024\/02\/23\/a-comunidade-de-montes-de-antas-en-pe-contra-o-abuso-do-parque-eolico-de-monte-peon\/\" \/>\n<meta property=\"og:locale\" content=\"gl_ES\" \/>\n<meta property=\"og:type\" content=\"article\" \/>\n<meta property=\"og:title\" content=\"A Comunidade de Montes de Antas en p\u00e9 contra o abuso do parque e\u00f3lico de Monte Pe\u00f3n -\" \/>\n<meta property=\"og:description\" content=\"A parroquia de Antas est\u00e1 no coraz\u00f3n do concello da Lama. \u00c9 unha zona fermosa, como moitas outras do interior do pa\u00eds galego, que corre o serio risco de verse transformada de tal maneira que a vida da s\u00faa veci\u00f1anza mude a peor de maneira irreversible, e a s\u00faa xeograf\u00eda sexa irreco\u00f1ecible para sempre xamais\" \/>\n<meta property=\"og:url\" content=\"https:\/\/www.anovapeneira.gal\/index.php\/2024\/02\/23\/a-comunidade-de-montes-de-antas-en-pe-contra-o-abuso-do-parque-eolico-de-monte-peon\/\" \/>\n<meta property=\"article:publisher\" content=\"https:\/\/www.facebook.com\/anovapeneira\" \/>\n<meta property=\"article:published_time\" content=\"2024-02-23T09:00:27+00:00\" \/>\n<meta property=\"og:image\" content=\"https:\/\/www.anovapeneira.gal\/wp-content\/uploads\/2024\/02\/montes_antas_lama.jpg\" \/>\n\t<meta property=\"og:image:width\" content=\"720\" \/>\n\t<meta property=\"og:image:height\" content=\"432\" \/>\n\t<meta property=\"og:image:type\" content=\"image\/jpeg\" \/>\n<meta name=\"author\" content=\"Tino Lago\" \/>\n<meta name=\"twitter:card\" content=\"summary_large_image\" \/>\n<meta name=\"twitter:creator\" content=\"@APeneira\" \/>\n<meta name=\"twitter:site\" content=\"@APeneira\" \/>\n<meta name=\"twitter:label1\" content=\"Escrito por\" \/>\n\t<meta name=\"twitter:data1\" content=\"Tino Lago\" \/>\n\t<meta name=\"twitter:label2\" content=\"Tempo de lectura\" \/>\n\t<meta name=\"twitter:data2\" content=\"4 minutos\" \/>\n<script type=\"application\/ld+json\" class=\"yoast-schema-graph\">{\"@context\":\"https:\\\/\\\/schema.org\",\"@graph\":[{\"@type\":\"Article\",\"@id\":\"https:\\\/\\\/www.anovapeneira.gal\\\/index.php\\\/2024\\\/02\\\/23\\\/a-comunidade-de-montes-de-antas-en-pe-contra-o-abuso-do-parque-eolico-de-monte-peon\\\/#article\",\"isPartOf\":{\"@id\":\"https:\\\/\\\/www.anovapeneira.gal\\\/index.php\\\/2024\\\/02\\\/23\\\/a-comunidade-de-montes-de-antas-en-pe-contra-o-abuso-do-parque-eolico-de-monte-peon\\\/\"},\"author\":{\"name\":\"Tino Lago\",\"@id\":\"https:\\\/\\\/www.anovapeneira.gal\\\/#\\\/schema\\\/person\\\/424dfe65e3070fd8a44d22d2c088762a\"},\"headline\":\"A Comunidade de Montes de Antas en p\u00e9 contra o abuso do parque e\u00f3lico de Monte Pe\u00f3n\",\"datePublished\":\"2024-02-23T09:00:27+00:00\",\"mainEntityOfPage\":{\"@id\":\"https:\\\/\\\/www.anovapeneira.gal\\\/index.php\\\/2024\\\/02\\\/23\\\/a-comunidade-de-montes-de-antas-en-pe-contra-o-abuso-do-parque-eolico-de-monte-peon\\\/\"},\"wordCount\":1661,\"commentCount\":0,\"publisher\":{\"@id\":\"https:\\\/\\\/www.anovapeneira.gal\\\/#organization\"},\"image\":{\"@id\":\"https:\\\/\\\/www.anovapeneira.gal\\\/index.php\\\/2024\\\/02\\\/23\\\/a-comunidade-de-montes-de-antas-en-pe-contra-o-abuso-do-parque-eolico-de-monte-peon\\\/#primaryimage\"},\"thumbnailUrl\":\"https:\\\/\\\/www.anovapeneira.gal\\\/wp-content\\\/uploads\\\/2024\\\/02\\\/montes_antas_lama.jpg\",\"keywords\":[\"Concello da Lama\"],\"articleSection\":[\"Pontevedra\"],\"inLanguage\":\"gl-ES\",\"potentialAction\":[{\"@type\":\"CommentAction\",\"name\":\"Comment\",\"target\":[\"https:\\\/\\\/www.anovapeneira.gal\\\/index.php\\\/2024\\\/02\\\/23\\\/a-comunidade-de-montes-de-antas-en-pe-contra-o-abuso-do-parque-eolico-de-monte-peon\\\/#respond\"]}]},{\"@type\":\"WebPage\",\"@id\":\"https:\\\/\\\/www.anovapeneira.gal\\\/index.php\\\/2024\\\/02\\\/23\\\/a-comunidade-de-montes-de-antas-en-pe-contra-o-abuso-do-parque-eolico-de-monte-peon\\\/\",\"url\":\"https:\\\/\\\/www.anovapeneira.gal\\\/index.php\\\/2024\\\/02\\\/23\\\/a-comunidade-de-montes-de-antas-en-pe-contra-o-abuso-do-parque-eolico-de-monte-peon\\\/\",\"name\":\"A Comunidade de Montes de Antas en p\u00e9 contra o abuso do parque e\u00f3lico de Monte Pe\u00f3n -\",\"isPartOf\":{\"@id\":\"https:\\\/\\\/www.anovapeneira.gal\\\/#website\"},\"primaryImageOfPage\":{\"@id\":\"https:\\\/\\\/www.anovapeneira.gal\\\/index.php\\\/2024\\\/02\\\/23\\\/a-comunidade-de-montes-de-antas-en-pe-contra-o-abuso-do-parque-eolico-de-monte-peon\\\/#primaryimage\"},\"image\":{\"@id\":\"https:\\\/\\\/www.anovapeneira.gal\\\/index.php\\\/2024\\\/02\\\/23\\\/a-comunidade-de-montes-de-antas-en-pe-contra-o-abuso-do-parque-eolico-de-monte-peon\\\/#primaryimage\"},\"thumbnailUrl\":\"https:\\\/\\\/www.anovapeneira.gal\\\/wp-content\\\/uploads\\\/2024\\\/02\\\/montes_antas_lama.jpg\",\"datePublished\":\"2024-02-23T09:00:27+00:00\",\"description\":\"A parroquia de Antas est\u00e1 no coraz\u00f3n do concello da Lama. \u00c9 unha zona fermosa, como moitas outras do interior do pa\u00eds galego, que corre o serio risco de verse transformada de tal maneira que a vida da s\u00faa veci\u00f1anza mude a peor de maneira irreversible, e a s\u00faa xeograf\u00eda sexa irreco\u00f1ecible para sempre xamais\",\"breadcrumb\":{\"@id\":\"https:\\\/\\\/www.anovapeneira.gal\\\/index.php\\\/2024\\\/02\\\/23\\\/a-comunidade-de-montes-de-antas-en-pe-contra-o-abuso-do-parque-eolico-de-monte-peon\\\/#breadcrumb\"},\"inLanguage\":\"gl-ES\",\"potentialAction\":[{\"@type\":\"ReadAction\",\"target\":[\"https:\\\/\\\/www.anovapeneira.gal\\\/index.php\\\/2024\\\/02\\\/23\\\/a-comunidade-de-montes-de-antas-en-pe-contra-o-abuso-do-parque-eolico-de-monte-peon\\\/\"]}]},{\"@type\":\"ImageObject\",\"inLanguage\":\"gl-ES\",\"@id\":\"https:\\\/\\\/www.anovapeneira.gal\\\/index.php\\\/2024\\\/02\\\/23\\\/a-comunidade-de-montes-de-antas-en-pe-contra-o-abuso-do-parque-eolico-de-monte-peon\\\/#primaryimage\",\"url\":\"https:\\\/\\\/www.anovapeneira.gal\\\/wp-content\\\/uploads\\\/2024\\\/02\\\/montes_antas_lama.jpg\",\"contentUrl\":\"https:\\\/\\\/www.anovapeneira.gal\\\/wp-content\\\/uploads\\\/2024\\\/02\\\/montes_antas_lama.jpg\",\"width\":720,\"height\":432,\"caption\":\"A Comunidade de Montes de Antas en p\u00e9 contra o abuso do parque e\u00f3lico de Monte Pe\u00f3n\"},{\"@type\":\"BreadcrumbList\",\"@id\":\"https:\\\/\\\/www.anovapeneira.gal\\\/index.php\\\/2024\\\/02\\\/23\\\/a-comunidade-de-montes-de-antas-en-pe-contra-o-abuso-do-parque-eolico-de-monte-peon\\\/#breadcrumb\",\"itemListElement\":[{\"@type\":\"ListItem\",\"position\":1,\"name\":\"Portada\",\"item\":\"https:\\\/\\\/www.anovapeneira.gal\\\/\"},{\"@type\":\"ListItem\",\"position\":2,\"name\":\"A Comunidade de Montes de Antas en p\u00e9 contra o abuso do parque e\u00f3lico de Monte Pe\u00f3n\"}]},{\"@type\":\"WebSite\",\"@id\":\"https:\\\/\\\/www.anovapeneira.gal\\\/#website\",\"url\":\"https:\\\/\\\/www.anovapeneira.gal\\\/\",\"name\":\"\",\"description\":\"Xornal galego de informaci\u00f3n xeral Publicaci\u00f3n mensual de novas de Galicia e en especial dos Concellos da sur da provincia de Pontevedra.\",\"publisher\":{\"@id\":\"https:\\\/\\\/www.anovapeneira.gal\\\/#organization\"},\"potentialAction\":[{\"@type\":\"SearchAction\",\"target\":{\"@type\":\"EntryPoint\",\"urlTemplate\":\"https:\\\/\\\/www.anovapeneira.gal\\\/?s={search_term_string}\"},\"query-input\":{\"@type\":\"PropertyValueSpecification\",\"valueRequired\":true,\"valueName\":\"search_term_string\"}}],\"inLanguage\":\"gl-ES\"},{\"@type\":\"Organization\",\"@id\":\"https:\\\/\\\/www.anovapeneira.gal\\\/#organization\",\"name\":\"A Nova Peneira\",\"url\":\"https:\\\/\\\/www.anovapeneira.gal\\\/\",\"logo\":{\"@type\":\"ImageObject\",\"inLanguage\":\"gl-ES\",\"@id\":\"https:\\\/\\\/www.anovapeneira.gal\\\/#\\\/schema\\\/logo\\\/image\\\/\",\"url\":\"http:\\\/\\\/www.anovapeneira.gal\\\/wp-content\\\/uploads\\\/2019\\\/06\\\/logo_a_nova_peneira_portal_web.png\",\"contentUrl\":\"http:\\\/\\\/www.anovapeneira.gal\\\/wp-content\\\/uploads\\\/2019\\\/06\\\/logo_a_nova_peneira_portal_web.png\",\"width\":300,\"height\":100,\"caption\":\"A Nova Peneira\"},\"image\":{\"@id\":\"https:\\\/\\\/www.anovapeneira.gal\\\/#\\\/schema\\\/logo\\\/image\\\/\"},\"sameAs\":[\"https:\\\/\\\/www.facebook.com\\\/anovapeneira\",\"https:\\\/\\\/x.com\\\/APeneira\"]},{\"@type\":\"Person\",\"@id\":\"https:\\\/\\\/www.anovapeneira.gal\\\/#\\\/schema\\\/person\\\/424dfe65e3070fd8a44d22d2c088762a\",\"name\":\"Tino Lago\",\"image\":{\"@type\":\"ImageObject\",\"inLanguage\":\"gl-ES\",\"@id\":\"https:\\\/\\\/secure.gravatar.com\\\/avatar\\\/b3df6a06e44bab3111583b90f0f33a0379ee5e3d22cbadd232d39f21c30c62be?s=96&d=mm&r=g\",\"url\":\"https:\\\/\\\/secure.gravatar.com\\\/avatar\\\/b3df6a06e44bab3111583b90f0f33a0379ee5e3d22cbadd232d39f21c30c62be?s=96&d=mm&r=g\",\"contentUrl\":\"https:\\\/\\\/secure.gravatar.com\\\/avatar\\\/b3df6a06e44bab3111583b90f0f33a0379ee5e3d22cbadd232d39f21c30c62be?s=96&d=mm&r=g\",\"caption\":\"Tino Lago\"},\"sameAs\":[\"http:\\\/\\\/www.anovapeneira.gal\"],\"url\":\"https:\\\/\\\/www.anovapeneira.gal\\\/index.php\\\/author\\\/director\\\/\"}]}<\/script>\n<!-- \/ Yoast SEO plugin. -->","yoast_head_json":{"title":"A Comunidade de Montes de Antas en p\u00e9 contra o abuso do parque e\u00f3lico de Monte Pe\u00f3n -","description":"A parroquia de Antas est\u00e1 no coraz\u00f3n do concello da Lama. \u00c9 unha zona fermosa, como moitas outras do interior do pa\u00eds galego, que corre o serio risco de verse transformada de tal maneira que a vida da s\u00faa veci\u00f1anza mude a peor de maneira irreversible, e a s\u00faa xeograf\u00eda sexa irreco\u00f1ecible para sempre xamais","robots":{"index":"index","follow":"follow","max-snippet":"max-snippet:-1","max-image-preview":"max-image-preview:large","max-video-preview":"max-video-preview:-1"},"canonical":"https:\/\/www.anovapeneira.gal\/index.php\/2024\/02\/23\/a-comunidade-de-montes-de-antas-en-pe-contra-o-abuso-do-parque-eolico-de-monte-peon\/","og_locale":"gl_ES","og_type":"article","og_title":"A Comunidade de Montes de Antas en p\u00e9 contra o abuso do parque e\u00f3lico de Monte Pe\u00f3n -","og_description":"A parroquia de Antas est\u00e1 no coraz\u00f3n do concello da Lama. \u00c9 unha zona fermosa, como moitas outras do interior do pa\u00eds galego, que corre o serio risco de verse transformada de tal maneira que a vida da s\u00faa veci\u00f1anza mude a peor de maneira irreversible, e a s\u00faa xeograf\u00eda sexa irreco\u00f1ecible para sempre xamais","og_url":"https:\/\/www.anovapeneira.gal\/index.php\/2024\/02\/23\/a-comunidade-de-montes-de-antas-en-pe-contra-o-abuso-do-parque-eolico-de-monte-peon\/","article_publisher":"https:\/\/www.facebook.com\/anovapeneira","article_published_time":"2024-02-23T09:00:27+00:00","og_image":[{"width":720,"height":432,"url":"https:\/\/www.anovapeneira.gal\/wp-content\/uploads\/2024\/02\/montes_antas_lama.jpg","type":"image\/jpeg"}],"author":"Tino Lago","twitter_card":"summary_large_image","twitter_creator":"@APeneira","twitter_site":"@APeneira","twitter_misc":{"Escrito por":"Tino Lago","Tempo de lectura":"4 minutos"},"schema":{"@context":"https:\/\/schema.org","@graph":[{"@type":"Article","@id":"https:\/\/www.anovapeneira.gal\/index.php\/2024\/02\/23\/a-comunidade-de-montes-de-antas-en-pe-contra-o-abuso-do-parque-eolico-de-monte-peon\/#article","isPartOf":{"@id":"https:\/\/www.anovapeneira.gal\/index.php\/2024\/02\/23\/a-comunidade-de-montes-de-antas-en-pe-contra-o-abuso-do-parque-eolico-de-monte-peon\/"},"author":{"name":"Tino Lago","@id":"https:\/\/www.anovapeneira.gal\/#\/schema\/person\/424dfe65e3070fd8a44d22d2c088762a"},"headline":"A Comunidade de Montes de Antas en p\u00e9 contra o abuso do parque e\u00f3lico de Monte Pe\u00f3n","datePublished":"2024-02-23T09:00:27+00:00","mainEntityOfPage":{"@id":"https:\/\/www.anovapeneira.gal\/index.php\/2024\/02\/23\/a-comunidade-de-montes-de-antas-en-pe-contra-o-abuso-do-parque-eolico-de-monte-peon\/"},"wordCount":1661,"commentCount":0,"publisher":{"@id":"https:\/\/www.anovapeneira.gal\/#organization"},"image":{"@id":"https:\/\/www.anovapeneira.gal\/index.php\/2024\/02\/23\/a-comunidade-de-montes-de-antas-en-pe-contra-o-abuso-do-parque-eolico-de-monte-peon\/#primaryimage"},"thumbnailUrl":"https:\/\/www.anovapeneira.gal\/wp-content\/uploads\/2024\/02\/montes_antas_lama.jpg","keywords":["Concello da Lama"],"articleSection":["Pontevedra"],"inLanguage":"gl-ES","potentialAction":[{"@type":"CommentAction","name":"Comment","target":["https:\/\/www.anovapeneira.gal\/index.php\/2024\/02\/23\/a-comunidade-de-montes-de-antas-en-pe-contra-o-abuso-do-parque-eolico-de-monte-peon\/#respond"]}]},{"@type":"WebPage","@id":"https:\/\/www.anovapeneira.gal\/index.php\/2024\/02\/23\/a-comunidade-de-montes-de-antas-en-pe-contra-o-abuso-do-parque-eolico-de-monte-peon\/","url":"https:\/\/www.anovapeneira.gal\/index.php\/2024\/02\/23\/a-comunidade-de-montes-de-antas-en-pe-contra-o-abuso-do-parque-eolico-de-monte-peon\/","name":"A Comunidade de Montes de Antas en p\u00e9 contra o abuso do parque e\u00f3lico de Monte Pe\u00f3n -","isPartOf":{"@id":"https:\/\/www.anovapeneira.gal\/#website"},"primaryImageOfPage":{"@id":"https:\/\/www.anovapeneira.gal\/index.php\/2024\/02\/23\/a-comunidade-de-montes-de-antas-en-pe-contra-o-abuso-do-parque-eolico-de-monte-peon\/#primaryimage"},"image":{"@id":"https:\/\/www.anovapeneira.gal\/index.php\/2024\/02\/23\/a-comunidade-de-montes-de-antas-en-pe-contra-o-abuso-do-parque-eolico-de-monte-peon\/#primaryimage"},"thumbnailUrl":"https:\/\/www.anovapeneira.gal\/wp-content\/uploads\/2024\/02\/montes_antas_lama.jpg","datePublished":"2024-02-23T09:00:27+00:00","description":"A parroquia de Antas est\u00e1 no coraz\u00f3n do concello da Lama. \u00c9 unha zona fermosa, como moitas outras do interior do pa\u00eds galego, que corre o serio risco de verse transformada de tal maneira que a vida da s\u00faa veci\u00f1anza mude a peor de maneira irreversible, e a s\u00faa xeograf\u00eda sexa irreco\u00f1ecible para sempre xamais","breadcrumb":{"@id":"https:\/\/www.anovapeneira.gal\/index.php\/2024\/02\/23\/a-comunidade-de-montes-de-antas-en-pe-contra-o-abuso-do-parque-eolico-de-monte-peon\/#breadcrumb"},"inLanguage":"gl-ES","potentialAction":[{"@type":"ReadAction","target":["https:\/\/www.anovapeneira.gal\/index.php\/2024\/02\/23\/a-comunidade-de-montes-de-antas-en-pe-contra-o-abuso-do-parque-eolico-de-monte-peon\/"]}]},{"@type":"ImageObject","inLanguage":"gl-ES","@id":"https:\/\/www.anovapeneira.gal\/index.php\/2024\/02\/23\/a-comunidade-de-montes-de-antas-en-pe-contra-o-abuso-do-parque-eolico-de-monte-peon\/#primaryimage","url":"https:\/\/www.anovapeneira.gal\/wp-content\/uploads\/2024\/02\/montes_antas_lama.jpg","contentUrl":"https:\/\/www.anovapeneira.gal\/wp-content\/uploads\/2024\/02\/montes_antas_lama.jpg","width":720,"height":432,"caption":"A Comunidade de Montes de Antas en p\u00e9 contra o abuso do parque e\u00f3lico de Monte Pe\u00f3n"},{"@type":"BreadcrumbList","@id":"https:\/\/www.anovapeneira.gal\/index.php\/2024\/02\/23\/a-comunidade-de-montes-de-antas-en-pe-contra-o-abuso-do-parque-eolico-de-monte-peon\/#breadcrumb","itemListElement":[{"@type":"ListItem","position":1,"name":"Portada","item":"https:\/\/www.anovapeneira.gal\/"},{"@type":"ListItem","position":2,"name":"A Comunidade de Montes de Antas en p\u00e9 contra o abuso do parque e\u00f3lico de Monte Pe\u00f3n"}]},{"@type":"WebSite","@id":"https:\/\/www.anovapeneira.gal\/#website","url":"https:\/\/www.anovapeneira.gal\/","name":"","description":"Xornal galego de informaci\u00f3n xeral Publicaci\u00f3n mensual de novas de Galicia e en especial dos Concellos da sur da provincia de Pontevedra.","publisher":{"@id":"https:\/\/www.anovapeneira.gal\/#organization"},"potentialAction":[{"@type":"SearchAction","target":{"@type":"EntryPoint","urlTemplate":"https:\/\/www.anovapeneira.gal\/?s={search_term_string}"},"query-input":{"@type":"PropertyValueSpecification","valueRequired":true,"valueName":"search_term_string"}}],"inLanguage":"gl-ES"},{"@type":"Organization","@id":"https:\/\/www.anovapeneira.gal\/#organization","name":"A Nova Peneira","url":"https:\/\/www.anovapeneira.gal\/","logo":{"@type":"ImageObject","inLanguage":"gl-ES","@id":"https:\/\/www.anovapeneira.gal\/#\/schema\/logo\/image\/","url":"http:\/\/www.anovapeneira.gal\/wp-content\/uploads\/2019\/06\/logo_a_nova_peneira_portal_web.png","contentUrl":"http:\/\/www.anovapeneira.gal\/wp-content\/uploads\/2019\/06\/logo_a_nova_peneira_portal_web.png","width":300,"height":100,"caption":"A Nova Peneira"},"image":{"@id":"https:\/\/www.anovapeneira.gal\/#\/schema\/logo\/image\/"},"sameAs":["https:\/\/www.facebook.com\/anovapeneira","https:\/\/x.com\/APeneira"]},{"@type":"Person","@id":"https:\/\/www.anovapeneira.gal\/#\/schema\/person\/424dfe65e3070fd8a44d22d2c088762a","name":"Tino Lago","image":{"@type":"ImageObject","inLanguage":"gl-ES","@id":"https:\/\/secure.gravatar.com\/avatar\/b3df6a06e44bab3111583b90f0f33a0379ee5e3d22cbadd232d39f21c30c62be?s=96&d=mm&r=g","url":"https:\/\/secure.gravatar.com\/avatar\/b3df6a06e44bab3111583b90f0f33a0379ee5e3d22cbadd232d39f21c30c62be?s=96&d=mm&r=g","contentUrl":"https:\/\/secure.gravatar.com\/avatar\/b3df6a06e44bab3111583b90f0f33a0379ee5e3d22cbadd232d39f21c30c62be?s=96&d=mm&r=g","caption":"Tino Lago"},"sameAs":["http:\/\/www.anovapeneira.gal"],"url":"https:\/\/www.anovapeneira.gal\/index.php\/author\/director\/"}]}},"jetpack_featured_media_url":"https:\/\/www.anovapeneira.gal\/wp-content\/uploads\/2024\/02\/montes_antas_lama.jpg","_links":{"self":[{"href":"https:\/\/www.anovapeneira.gal\/index.php\/wp-json\/wp\/v2\/posts\/11316","targetHints":{"allow":["GET"]}}],"collection":[{"href":"https:\/\/www.anovapeneira.gal\/index.php\/wp-json\/wp\/v2\/posts"}],"about":[{"href":"https:\/\/www.anovapeneira.gal\/index.php\/wp-json\/wp\/v2\/types\/post"}],"author":[{"embeddable":true,"href":"https:\/\/www.anovapeneira.gal\/index.php\/wp-json\/wp\/v2\/users\/2"}],"replies":[{"embeddable":true,"href":"https:\/\/www.anovapeneira.gal\/index.php\/wp-json\/wp\/v2\/comments?post=11316"}],"version-history":[{"count":2,"href":"https:\/\/www.anovapeneira.gal\/index.php\/wp-json\/wp\/v2\/posts\/11316\/revisions"}],"predecessor-version":[{"id":11321,"href":"https:\/\/www.anovapeneira.gal\/index.php\/wp-json\/wp\/v2\/posts\/11316\/revisions\/11321"}],"wp:featuredmedia":[{"embeddable":true,"href":"https:\/\/www.anovapeneira.gal\/index.php\/wp-json\/wp\/v2\/media\/11317"}],"wp:attachment":[{"href":"https:\/\/www.anovapeneira.gal\/index.php\/wp-json\/wp\/v2\/media?parent=11316"}],"wp:term":[{"taxonomy":"category","embeddable":true,"href":"https:\/\/www.anovapeneira.gal\/index.php\/wp-json\/wp\/v2\/categories?post=11316"},{"taxonomy":"post_tag","embeddable":true,"href":"https:\/\/www.anovapeneira.gal\/index.php\/wp-json\/wp\/v2\/tags?post=11316"}],"curies":[{"name":"wp","href":"https:\/\/api.w.org\/{rel}","templated":true}]}}