{"id":11322,"date":"2024-02-23T12:00:48","date_gmt":"2024-02-23T11:00:48","guid":{"rendered":"https:\/\/www.anovapeneira.gal\/?p=11322"},"modified":"2024-02-20T10:58:23","modified_gmt":"2024-02-20T09:58:23","slug":"alberto-vilas-pianista-de-redondela-2","status":"publish","type":"post","link":"https:\/\/www.anovapeneira.gal\/index.php\/2024\/02\/23\/alberto-vilas-pianista-de-redondela-2\/","title":{"rendered":"Alberto Vilas, pianista de Redondela"},"content":{"rendered":"\n<p><strong>Despois de tres anos A Nova Peneira volve conversar con Alberto Vilas con motivo da presentaci\u00f3n, o pasado mes de decembro, do seu \u00faltimo traballo \u201cOnce canci\u00f3ns e unha danza\u201d. Alberto \u00e9 un pianista excelso e un dos principais activos do universo cultural da nosa vila e para min, orgulloso cronista da vida redondel\u00e1, \u00e9 un pracer volver conversar con el .<\/strong><\/p>\n\n\n\n<p>\u201c<strong>Creo que ao p\u00fablico encantoulle a idea e o resultado de -Once canci\u00f3ns e unha danza -\u201d<\/strong><\/p>\n\n\n\n<p><strong>Ves de sacar un disco en solitario?<\/strong><\/p>\n\n\n\n<blockquote class=\"wp-block-quote is-layout-flow wp-block-quote-is-layout-flow\">\n<p>Si, o meu \u00faltimo traballo titulado \u201cOnce canci\u00f3ns e unha danza\u201d. Fixemos a presentaci\u00f3n da edici\u00f3n f\u00edsica en decembro no Multiusos de Redondela. A edici\u00f3n dixital a\u00ednda non sa\u00edu, non est\u00e1 na internet, de momento.<\/p>\n<\/blockquote>\n\n\n\n<p><strong>Este disco \u00e9 un pouco diferente ao que fixeches en \u201cNaialma\u201d?<\/strong><\/p>\n\n\n\n<blockquote class=\"wp-block-quote is-layout-flow wp-block-quote-is-layout-flow\">\n<p>Si. \u00c1 parte de que \u00e9 s\u00f3 en piano, os temas non son meus orixinais. Os temas deste disco son do cancioneiro tradicional galego. A estes temas xa escritos, f\u00e1golle unha visi\u00f3n completamente nova e diferente, desde outra perspectiva, para achegar todo o que levo na mi\u00f1a mochila.<\/p>\n<\/blockquote>\n\n\n\n<p><strong>Alberto, vese na expresi\u00f3n da t\u00faa cara que este disco che apaixona?<\/strong><\/p>\n\n\n\n<blockquote class=\"wp-block-quote is-layout-flow wp-block-quote-is-layout-flow\">\n<p>Penso que este traballo \u00e9 moi importante. \u00c9 unha achega de algo novo, algo que non exist\u00eda, pero tratando con todo o respecto \u00e1 m\u00fasica popular galega. Creo que este traballo d\u00e1lle un valor engadido \u00e1 nosa m\u00fasica popular.<\/p>\n<\/blockquote>\n\n\n\n<p><strong>F\u00e1lanos das canci\u00f3ns.<\/strong><\/p>\n\n\n\n<blockquote class=\"wp-block-quote is-layout-flow wp-block-quote-is-layout-flow\">\n<p>Son once canci\u00f3ns populares, das m\u00e1is co\u00f1ecidas pola xente, calquera as pode levar no seu coraz\u00f3n ou na s\u00faa cabeza desde ben pequenos. Est\u00e1n a\u00ed desde sempre como o poden estar os nosos bosques, o noso mar e toda a nosa paisaxe. Podemos dicir que est\u00e1n na nosa paisaxe sonora.<\/p>\n<\/blockquote>\n\n\n\n<p><strong>F\u00e1lanos dalgunhas delas.<\/strong><\/p>\n\n\n\n<blockquote class=\"wp-block-quote is-layout-flow wp-block-quote-is-layout-flow\">\n<p>A Rianxeira, A saia da Carolina, , Ven bailar Carmi\u00f1a-Carmela, Badaladas Mari\u00f1as, Coll\u00edn toxos e flores, Catro vellos mari\u00f1eiros, O Miudi\u00f1o, Camari\u00f1as, Alal\u00e1 das Mari\u00f1as ou A Danza das espadas.<\/p>\n<\/blockquote>\n\n\n\n<p><strong>Foi complicado traducir estas canci\u00f3ns do refraneiro popular galego ao piano?<\/strong><\/p>\n\n\n\n<blockquote class=\"wp-block-quote is-layout-flow wp-block-quote-is-layout-flow\">\n<p>O resultado final encaixou todo moi ben, pero foi moi dif\u00edcil e desfrutei moit\u00edsimo vestindo estas m\u00fasicas con outras roupaxes diferentes.<\/p>\n<\/blockquote>\n\n\n\n<blockquote class=\"wp-block-quote is-layout-flow wp-block-quote-is-layout-flow\">\n<p>Estas pezas non son novas versi\u00f3ns, sen\u00f3n que hai partes novas creadas por min que fusionei con estas pezas, isto sup\u00f3n un risco, pero creo que \u00e1 xente m\u00e1is tradicional encantoulle a idea e o resultado.<\/p>\n<\/blockquote>\n\n\n\n<p><strong>A primeira creaci\u00f3n deste disco foi a canci\u00f3n de Xan Carall\u00e1s, \u00e9 as\u00ed?<\/strong><\/p>\n\n\n\n<blockquote class=\"wp-block-quote is-layout-flow wp-block-quote-is-layout-flow\">\n<p>Si, aqu\u00ed empezou todo, como un xogo con esta canci\u00f3n. De aqu\u00ed a continuar con todo o traballo pasaron uns anos, polo medio naceu \u201cNaialma\u201d, e logo, como resultado deste xogo naceu \u201c Once canci\u00f3ns e unha danza\u201d.<\/p>\n<\/blockquote>\n\n\n\n<p><strong>Neste disco tes un agasallo a Redondela que \u00e9 \u201cA Portela\u201d, f\u00e1lame dela?<\/strong><\/p>\n\n\n\n<blockquote class=\"wp-block-quote is-layout-flow wp-block-quote-is-layout-flow\">\n<p>Si, estas m\u00fasicas t\u00e9molas asociadas a Redondela, pero de aqu\u00ed son as letras, as m\u00fasicas non o son. Xan Carall\u00e1s \u00e9 unha melod\u00eda vasca e a s\u00faa letra \u00e9 fascista, dos carlistas, da \u00e9poca da guerra civil, isto case todo o mundo desco\u00f1\u00e9ceo. Aqu\u00ed cambi\u00e1moslle a letra, cambi\u00e1mola pola gamela e convert\u00e9mola nunha canci\u00f3n mari\u00f1eira.<\/p>\n<\/blockquote>\n\n\n\n<p><strong>E \u201cA Portela\u201d tam\u00e9n v\u00e9n do mar?<\/strong><\/p>\n\n\n\n<blockquote class=\"wp-block-quote is-layout-flow wp-block-quote-is-layout-flow\">\n<p>Non o podo asegurar. A melod\u00eda desta canci\u00f3n \u00e9 un Vals da m\u00fasica cl\u00e1sica suramericana. Esta canci\u00f3n ten t\u00edtulo e letra en castel\u00e1n, pero lev\u00e1mola cantando desde sempre. Estou encantado co resultado do arranxo para o piano.<\/p>\n<\/blockquote>\n\n\n\n<p><strong>E o outro agasallo \u00e9 \u201cA danza das espadas\u201d.<\/strong><\/p>\n\n\n\n<blockquote class=\"wp-block-quote is-layout-flow wp-block-quote-is-layout-flow\">\n<p>Si, da nosa Festa da Coca. Creo que na presentaci\u00f3n este tema foi unha sorpresa moi grande e a xente quedou encantada. Esta danza leva escoitandose toda a vida con gaita e tambor e vestida con estes xogos harm\u00f3nicos que lle din, o colorido tan bonito, que penso que ten que ver coas alfombras de flores da propia festa, tam\u00e9n penso nas camp\u00e1s da Igrexa&#8230; O inicio ten unha introduci\u00f3n cunha melod\u00eda moi moderna como unha ilusi\u00f3n da danza, coma se estivese lonxe, penso que \u00e9 fabulo o que aconteceu con esta danza, estou moi feliz con todo isto.<\/p>\n<\/blockquote>\n\n\n\n<p><strong>Val\u00f3rame a relaci\u00f3n co concello neste proxecto.<\/strong><\/p>\n\n\n\n<blockquote class=\"wp-block-quote is-layout-flow wp-block-quote-is-layout-flow\">\n<p>Pois moi ben. En canto propux\u00e9moslle facer o concerto de presentaci\u00f3n non houbo problema e d\u00e9ronme moitas facilidades. A acollida deste proxecto foi estupenda, encheuse o Multiusos no concerto de presentaci\u00f3n, isto \u00e9 dificil\u00edsimo para un concerto s\u00f3 de piano, sen letrista e sen coro, despois houbo unha sorpresa, pero non estaba anunciada.<\/p>\n<\/blockquote>\n\n\n\n<blockquote class=\"wp-block-quote is-layout-flow wp-block-quote-is-layout-flow\">\n<p>Tam\u00e9n quedou moita xente f\u00f3ra e falouse da posibilidade de facer outro concerto un pouqui\u00f1o m\u00e1is adiante para que o poida escoitar todo o mundo.<\/p>\n<\/blockquote>\n\n\n\n<p><strong>Imaxin\u00e1cheste tocando o piano co propio grupo da Danza das Espadas bailando?<\/strong><\/p>\n\n\n\n<blockquote class=\"wp-block-quote is-layout-flow wp-block-quote-is-layout-flow\">\n<p>Non, iso \u00e9 moi dif\u00edcil, non a pensei para bailar.<\/p>\n<\/blockquote>\n\n\n\n<p><strong>Agora vouche preguntar como profesor de m\u00fasica do conservatorio de Pontevedra. Como ves a relaci\u00f3n da mocidade de agora e o estilo de m\u00fasica que escoitan?<\/strong><\/p>\n\n\n\n<blockquote class=\"wp-block-quote is-layout-flow wp-block-quote-is-layout-flow\">\n<p>Cando elaboraba este traballo deime de conta da importancia tan grande que ti\u00f1a o que estaba a facer. Os nosos fillos e a xente moi nova seguramente desco\u00f1ecen a maior\u00eda destes temas. Un patrimonio noso, da nosa cultura que se est\u00e1 perdendo, a m\u00fasica popular tam\u00e9n \u00e9 a historia dos mozos. Creo que a partir dun momento, coas xeraci\u00f3ns m\u00e1is novas, houbo unha ruptura tremenda na que deixaron de interactuar coas xeraci\u00f3ns maiores. Espero que este este traballo sirva para achegar \u00e1 xente nova \u00e1 s\u00faa cultura. Esta ruptura tam\u00e9n d\u00e1se noutros estilos como o Rock, a m\u00fasica cl\u00e1sica, o Jazz, o Folk. Esta m\u00fasica est\u00e1 a quedar moi lonxe deles, isto \u00e9 unha traxedia. Eles te\u00f1en a s\u00faa m\u00fasica agora, esta m\u00fasica \u00e9 purocomercio. Temos que distinguir claramente do que \u00e9 arte e m\u00fasica, ao que \u00e9 industria. Esta industria est\u00e1 a eliminar ao resto das m\u00fasicas, \u00e9 como unha enorme contaminaci\u00f3n que o invade absolutamente todo, isto \u00e9 o tr\u00e1xico. Agora mesmo a xente que escoita m\u00fasica e arte \u00e9 dunha idade m\u00e1is avanzada, de 40 anos para arriba. Isto \u00e9 moi triste.<\/p>\n<\/blockquote>\n\n\n\n<p><strong>Que sentiches cando tocaches con Iturralde aqu\u00ed, neste mesmo auditorio?<\/strong><\/p>\n\n\n\n<blockquote class=\"wp-block-quote is-layout-flow wp-block-quote-is-layout-flow\">\n<p>Isto foi unha honra moi grande, tocar con un mestre como Pedro Iturralde, isto \u00e9 unha emoci\u00f3n tremenda, sabes que est\u00e1s a tocar cun xigante. Tam\u00e9n toquei con Vittorino en Portugal, en \u00c9bora, outro xigante e a voz viva m\u00e1is importante de Portugal neste momento, cantou a Revoluci\u00f3n dos Caraveis. Cando che pasa isto es consciente de que est\u00e1s a vivir algo hist\u00f3rico e que es un absoluto privilexiado.<\/p>\n<\/blockquote>\n\n\n\n<p><strong>Para acabar Alberto, tes alg\u00fan proxecto en mente do que nos poidas falar?<\/strong><\/p>\n\n\n\n<blockquote class=\"wp-block-quote is-layout-flow wp-block-quote-is-layout-flow\">\n<p>Te\u00f1o varios proxectos en marcha que irei facendo na medida que poida. Tam\u00e9n seguimos no Tr\u00edo Circus, que non damos gravado nunca, ata o de agora s\u00f3 facemos m\u00fasica en directo.<\/p>\n<\/blockquote>\n\n\n\n<blockquote class=\"wp-block-quote is-layout-flow wp-block-quote-is-layout-flow\">\n<p>Acabo de facer un ensaio pequeno do que pode ser a continuaci\u00f3n de \u201cOnce canci\u00f3ns e unha danza\u201d , este ser\u00e1 un proxecto con voz, xa non digo nada m\u00e1is\u2026<\/p>\n<\/blockquote>\n","protected":false},"excerpt":{"rendered":"<div class=\"mh-excerpt\"><p>, o pasado mes de decembro, do seu \u00faltimo traballo \u201cOnce canci\u00f3ns e unha danza\u201d <a class=\"mh-excerpt-more\" href=\"https:\/\/www.anovapeneira.gal\/index.php\/2024\/02\/23\/alberto-vilas-pianista-de-redondela-2\/\" title=\"Alberto Vilas, pianista de Redondela\">[&#8230;]<\/a><\/p>\n<\/div>","protected":false},"author":6,"featured_media":11324,"comment_status":"open","ping_status":"open","sticky":false,"template":"","format":"standard","meta":{"_exactmetrics_skip_tracking":false,"_exactmetrics_sitenote_active":false,"_exactmetrics_sitenote_note":"","_exactmetrics_sitenote_category":0,"footnotes":""},"categories":[270],"tags":[171],"class_list":{"0":"post-11322","1":"post","2":"type-post","3":"status-publish","4":"format-standard","5":"has-post-thumbnail","7":"category-redondela-entrevistas","8":"tag-concello-de-redondela"},"yoast_head":"<!-- This site is optimized with the Yoast SEO plugin v27.4 - https:\/\/yoast.com\/product\/yoast-seo-wordpress\/ -->\n<title>Alberto Vilas, pianista de Redondela -<\/title>\n<meta name=\"description\" content=\", o pasado mes de decembro, do seu \u00faltimo traballo \u201cOnce canci\u00f3ns e unha danza\u201d\" \/>\n<meta name=\"robots\" content=\"index, follow, max-snippet:-1, max-image-preview:large, max-video-preview:-1\" \/>\n<link rel=\"canonical\" href=\"https:\/\/www.anovapeneira.gal\/index.php\/2024\/02\/23\/alberto-vilas-pianista-de-redondela-2\/\" \/>\n<meta property=\"og:locale\" content=\"gl_ES\" \/>\n<meta property=\"og:type\" content=\"article\" \/>\n<meta property=\"og:title\" content=\"Alberto Vilas, pianista de Redondela -\" \/>\n<meta property=\"og:description\" content=\", o pasado mes de decembro, do seu \u00faltimo traballo \u201cOnce canci\u00f3ns e unha danza\u201d\" \/>\n<meta property=\"og:url\" content=\"https:\/\/www.anovapeneira.gal\/index.php\/2024\/02\/23\/alberto-vilas-pianista-de-redondela-2\/\" \/>\n<meta property=\"article:publisher\" content=\"https:\/\/www.facebook.com\/anovapeneira\" \/>\n<meta property=\"article:published_time\" content=\"2024-02-23T11:00:48+00:00\" \/>\n<meta property=\"og:image\" content=\"https:\/\/www.anovapeneira.gal\/wp-content\/uploads\/2024\/02\/alberto_vilas_redondela.jpg\" \/>\n\t<meta property=\"og:image:width\" content=\"720\" \/>\n\t<meta property=\"og:image:height\" content=\"432\" \/>\n\t<meta property=\"og:image:type\" content=\"image\/jpeg\" \/>\n<meta name=\"author\" content=\"Marcos Santos\" \/>\n<meta name=\"twitter:card\" content=\"summary_large_image\" \/>\n<meta name=\"twitter:creator\" content=\"@APeneira\" \/>\n<meta name=\"twitter:site\" content=\"@APeneira\" \/>\n<meta name=\"twitter:label1\" content=\"Escrito por\" \/>\n\t<meta name=\"twitter:data1\" content=\"Marcos Santos\" \/>\n\t<meta name=\"twitter:label2\" content=\"Tempo de lectura\" \/>\n\t<meta name=\"twitter:data2\" content=\"2 minutos\" \/>\n<script type=\"application\/ld+json\" class=\"yoast-schema-graph\">{\"@context\":\"https:\\\/\\\/schema.org\",\"@graph\":[{\"@type\":\"Article\",\"@id\":\"https:\\\/\\\/www.anovapeneira.gal\\\/index.php\\\/2024\\\/02\\\/23\\\/alberto-vilas-pianista-de-redondela-2\\\/#article\",\"isPartOf\":{\"@id\":\"https:\\\/\\\/www.anovapeneira.gal\\\/index.php\\\/2024\\\/02\\\/23\\\/alberto-vilas-pianista-de-redondela-2\\\/\"},\"author\":{\"name\":\"Marcos Santos\",\"@id\":\"https:\\\/\\\/www.anovapeneira.gal\\\/#\\\/schema\\\/person\\\/d9d84823564720e7593293bab054e52d\"},\"headline\":\"Alberto Vilas, pianista de Redondela\",\"datePublished\":\"2024-02-23T11:00:48+00:00\",\"mainEntityOfPage\":{\"@id\":\"https:\\\/\\\/www.anovapeneira.gal\\\/index.php\\\/2024\\\/02\\\/23\\\/alberto-vilas-pianista-de-redondela-2\\\/\"},\"wordCount\":1231,\"commentCount\":0,\"publisher\":{\"@id\":\"https:\\\/\\\/www.anovapeneira.gal\\\/#organization\"},\"image\":{\"@id\":\"https:\\\/\\\/www.anovapeneira.gal\\\/index.php\\\/2024\\\/02\\\/23\\\/alberto-vilas-pianista-de-redondela-2\\\/#primaryimage\"},\"thumbnailUrl\":\"https:\\\/\\\/www.anovapeneira.gal\\\/wp-content\\\/uploads\\\/2024\\\/02\\\/alberto_vilas_redondela.jpg\",\"keywords\":[\"Concello de Redondela\"],\"articleSection\":[\"Redondela\"],\"inLanguage\":\"gl-ES\",\"potentialAction\":[{\"@type\":\"CommentAction\",\"name\":\"Comment\",\"target\":[\"https:\\\/\\\/www.anovapeneira.gal\\\/index.php\\\/2024\\\/02\\\/23\\\/alberto-vilas-pianista-de-redondela-2\\\/#respond\"]}]},{\"@type\":\"WebPage\",\"@id\":\"https:\\\/\\\/www.anovapeneira.gal\\\/index.php\\\/2024\\\/02\\\/23\\\/alberto-vilas-pianista-de-redondela-2\\\/\",\"url\":\"https:\\\/\\\/www.anovapeneira.gal\\\/index.php\\\/2024\\\/02\\\/23\\\/alberto-vilas-pianista-de-redondela-2\\\/\",\"name\":\"Alberto Vilas, pianista de Redondela -\",\"isPartOf\":{\"@id\":\"https:\\\/\\\/www.anovapeneira.gal\\\/#website\"},\"primaryImageOfPage\":{\"@id\":\"https:\\\/\\\/www.anovapeneira.gal\\\/index.php\\\/2024\\\/02\\\/23\\\/alberto-vilas-pianista-de-redondela-2\\\/#primaryimage\"},\"image\":{\"@id\":\"https:\\\/\\\/www.anovapeneira.gal\\\/index.php\\\/2024\\\/02\\\/23\\\/alberto-vilas-pianista-de-redondela-2\\\/#primaryimage\"},\"thumbnailUrl\":\"https:\\\/\\\/www.anovapeneira.gal\\\/wp-content\\\/uploads\\\/2024\\\/02\\\/alberto_vilas_redondela.jpg\",\"datePublished\":\"2024-02-23T11:00:48+00:00\",\"description\":\", o pasado mes de decembro, do seu \u00faltimo traballo \u201cOnce canci\u00f3ns e unha danza\u201d\",\"breadcrumb\":{\"@id\":\"https:\\\/\\\/www.anovapeneira.gal\\\/index.php\\\/2024\\\/02\\\/23\\\/alberto-vilas-pianista-de-redondela-2\\\/#breadcrumb\"},\"inLanguage\":\"gl-ES\",\"potentialAction\":[{\"@type\":\"ReadAction\",\"target\":[\"https:\\\/\\\/www.anovapeneira.gal\\\/index.php\\\/2024\\\/02\\\/23\\\/alberto-vilas-pianista-de-redondela-2\\\/\"]}]},{\"@type\":\"ImageObject\",\"inLanguage\":\"gl-ES\",\"@id\":\"https:\\\/\\\/www.anovapeneira.gal\\\/index.php\\\/2024\\\/02\\\/23\\\/alberto-vilas-pianista-de-redondela-2\\\/#primaryimage\",\"url\":\"https:\\\/\\\/www.anovapeneira.gal\\\/wp-content\\\/uploads\\\/2024\\\/02\\\/alberto_vilas_redondela.jpg\",\"contentUrl\":\"https:\\\/\\\/www.anovapeneira.gal\\\/wp-content\\\/uploads\\\/2024\\\/02\\\/alberto_vilas_redondela.jpg\",\"width\":720,\"height\":432,\"caption\":\"Alberto Vilas Redondela\"},{\"@type\":\"BreadcrumbList\",\"@id\":\"https:\\\/\\\/www.anovapeneira.gal\\\/index.php\\\/2024\\\/02\\\/23\\\/alberto-vilas-pianista-de-redondela-2\\\/#breadcrumb\",\"itemListElement\":[{\"@type\":\"ListItem\",\"position\":1,\"name\":\"Portada\",\"item\":\"https:\\\/\\\/www.anovapeneira.gal\\\/\"},{\"@type\":\"ListItem\",\"position\":2,\"name\":\"Alberto Vilas, pianista de Redondela\"}]},{\"@type\":\"WebSite\",\"@id\":\"https:\\\/\\\/www.anovapeneira.gal\\\/#website\",\"url\":\"https:\\\/\\\/www.anovapeneira.gal\\\/\",\"name\":\"\",\"description\":\"Xornal galego de informaci\u00f3n xeral Publicaci\u00f3n mensual de novas de Galicia e en especial dos Concellos da sur da provincia de Pontevedra.\",\"publisher\":{\"@id\":\"https:\\\/\\\/www.anovapeneira.gal\\\/#organization\"},\"potentialAction\":[{\"@type\":\"SearchAction\",\"target\":{\"@type\":\"EntryPoint\",\"urlTemplate\":\"https:\\\/\\\/www.anovapeneira.gal\\\/?s={search_term_string}\"},\"query-input\":{\"@type\":\"PropertyValueSpecification\",\"valueRequired\":true,\"valueName\":\"search_term_string\"}}],\"inLanguage\":\"gl-ES\"},{\"@type\":\"Organization\",\"@id\":\"https:\\\/\\\/www.anovapeneira.gal\\\/#organization\",\"name\":\"A Nova Peneira\",\"url\":\"https:\\\/\\\/www.anovapeneira.gal\\\/\",\"logo\":{\"@type\":\"ImageObject\",\"inLanguage\":\"gl-ES\",\"@id\":\"https:\\\/\\\/www.anovapeneira.gal\\\/#\\\/schema\\\/logo\\\/image\\\/\",\"url\":\"http:\\\/\\\/www.anovapeneira.gal\\\/wp-content\\\/uploads\\\/2019\\\/06\\\/logo_a_nova_peneira_portal_web.png\",\"contentUrl\":\"http:\\\/\\\/www.anovapeneira.gal\\\/wp-content\\\/uploads\\\/2019\\\/06\\\/logo_a_nova_peneira_portal_web.png\",\"width\":300,\"height\":100,\"caption\":\"A Nova Peneira\"},\"image\":{\"@id\":\"https:\\\/\\\/www.anovapeneira.gal\\\/#\\\/schema\\\/logo\\\/image\\\/\"},\"sameAs\":[\"https:\\\/\\\/www.facebook.com\\\/anovapeneira\",\"https:\\\/\\\/x.com\\\/APeneira\"]},{\"@type\":\"Person\",\"@id\":\"https:\\\/\\\/www.anovapeneira.gal\\\/#\\\/schema\\\/person\\\/d9d84823564720e7593293bab054e52d\",\"name\":\"Marcos Santos\",\"image\":{\"@type\":\"ImageObject\",\"inLanguage\":\"gl-ES\",\"@id\":\"https:\\\/\\\/secure.gravatar.com\\\/avatar\\\/0e8017099a7a47c0a9d2275e865fe326484561eb3d70649069e4b8e61a8d2e8c?s=96&d=mm&r=g\",\"url\":\"https:\\\/\\\/secure.gravatar.com\\\/avatar\\\/0e8017099a7a47c0a9d2275e865fe326484561eb3d70649069e4b8e61a8d2e8c?s=96&d=mm&r=g\",\"contentUrl\":\"https:\\\/\\\/secure.gravatar.com\\\/avatar\\\/0e8017099a7a47c0a9d2275e865fe326484561eb3d70649069e4b8e61a8d2e8c?s=96&d=mm&r=g\",\"caption\":\"Marcos Santos\"},\"sameAs\":[\"http:\\\/\\\/anovapeneira.gal\"],\"url\":\"https:\\\/\\\/www.anovapeneira.gal\\\/index.php\\\/author\\\/marcos-santos\\\/\"}]}<\/script>\n<!-- \/ Yoast SEO plugin. -->","yoast_head_json":{"title":"Alberto Vilas, pianista de Redondela -","description":", o pasado mes de decembro, do seu \u00faltimo traballo \u201cOnce canci\u00f3ns e unha danza\u201d","robots":{"index":"index","follow":"follow","max-snippet":"max-snippet:-1","max-image-preview":"max-image-preview:large","max-video-preview":"max-video-preview:-1"},"canonical":"https:\/\/www.anovapeneira.gal\/index.php\/2024\/02\/23\/alberto-vilas-pianista-de-redondela-2\/","og_locale":"gl_ES","og_type":"article","og_title":"Alberto Vilas, pianista de Redondela -","og_description":", o pasado mes de decembro, do seu \u00faltimo traballo \u201cOnce canci\u00f3ns e unha danza\u201d","og_url":"https:\/\/www.anovapeneira.gal\/index.php\/2024\/02\/23\/alberto-vilas-pianista-de-redondela-2\/","article_publisher":"https:\/\/www.facebook.com\/anovapeneira","article_published_time":"2024-02-23T11:00:48+00:00","og_image":[{"width":720,"height":432,"url":"https:\/\/www.anovapeneira.gal\/wp-content\/uploads\/2024\/02\/alberto_vilas_redondela.jpg","type":"image\/jpeg"}],"author":"Marcos Santos","twitter_card":"summary_large_image","twitter_creator":"@APeneira","twitter_site":"@APeneira","twitter_misc":{"Escrito por":"Marcos Santos","Tempo de lectura":"2 minutos"},"schema":{"@context":"https:\/\/schema.org","@graph":[{"@type":"Article","@id":"https:\/\/www.anovapeneira.gal\/index.php\/2024\/02\/23\/alberto-vilas-pianista-de-redondela-2\/#article","isPartOf":{"@id":"https:\/\/www.anovapeneira.gal\/index.php\/2024\/02\/23\/alberto-vilas-pianista-de-redondela-2\/"},"author":{"name":"Marcos Santos","@id":"https:\/\/www.anovapeneira.gal\/#\/schema\/person\/d9d84823564720e7593293bab054e52d"},"headline":"Alberto Vilas, pianista de Redondela","datePublished":"2024-02-23T11:00:48+00:00","mainEntityOfPage":{"@id":"https:\/\/www.anovapeneira.gal\/index.php\/2024\/02\/23\/alberto-vilas-pianista-de-redondela-2\/"},"wordCount":1231,"commentCount":0,"publisher":{"@id":"https:\/\/www.anovapeneira.gal\/#organization"},"image":{"@id":"https:\/\/www.anovapeneira.gal\/index.php\/2024\/02\/23\/alberto-vilas-pianista-de-redondela-2\/#primaryimage"},"thumbnailUrl":"https:\/\/www.anovapeneira.gal\/wp-content\/uploads\/2024\/02\/alberto_vilas_redondela.jpg","keywords":["Concello de Redondela"],"articleSection":["Redondela"],"inLanguage":"gl-ES","potentialAction":[{"@type":"CommentAction","name":"Comment","target":["https:\/\/www.anovapeneira.gal\/index.php\/2024\/02\/23\/alberto-vilas-pianista-de-redondela-2\/#respond"]}]},{"@type":"WebPage","@id":"https:\/\/www.anovapeneira.gal\/index.php\/2024\/02\/23\/alberto-vilas-pianista-de-redondela-2\/","url":"https:\/\/www.anovapeneira.gal\/index.php\/2024\/02\/23\/alberto-vilas-pianista-de-redondela-2\/","name":"Alberto Vilas, pianista de Redondela -","isPartOf":{"@id":"https:\/\/www.anovapeneira.gal\/#website"},"primaryImageOfPage":{"@id":"https:\/\/www.anovapeneira.gal\/index.php\/2024\/02\/23\/alberto-vilas-pianista-de-redondela-2\/#primaryimage"},"image":{"@id":"https:\/\/www.anovapeneira.gal\/index.php\/2024\/02\/23\/alberto-vilas-pianista-de-redondela-2\/#primaryimage"},"thumbnailUrl":"https:\/\/www.anovapeneira.gal\/wp-content\/uploads\/2024\/02\/alberto_vilas_redondela.jpg","datePublished":"2024-02-23T11:00:48+00:00","description":", o pasado mes de decembro, do seu \u00faltimo traballo \u201cOnce canci\u00f3ns e unha danza\u201d","breadcrumb":{"@id":"https:\/\/www.anovapeneira.gal\/index.php\/2024\/02\/23\/alberto-vilas-pianista-de-redondela-2\/#breadcrumb"},"inLanguage":"gl-ES","potentialAction":[{"@type":"ReadAction","target":["https:\/\/www.anovapeneira.gal\/index.php\/2024\/02\/23\/alberto-vilas-pianista-de-redondela-2\/"]}]},{"@type":"ImageObject","inLanguage":"gl-ES","@id":"https:\/\/www.anovapeneira.gal\/index.php\/2024\/02\/23\/alberto-vilas-pianista-de-redondela-2\/#primaryimage","url":"https:\/\/www.anovapeneira.gal\/wp-content\/uploads\/2024\/02\/alberto_vilas_redondela.jpg","contentUrl":"https:\/\/www.anovapeneira.gal\/wp-content\/uploads\/2024\/02\/alberto_vilas_redondela.jpg","width":720,"height":432,"caption":"Alberto Vilas Redondela"},{"@type":"BreadcrumbList","@id":"https:\/\/www.anovapeneira.gal\/index.php\/2024\/02\/23\/alberto-vilas-pianista-de-redondela-2\/#breadcrumb","itemListElement":[{"@type":"ListItem","position":1,"name":"Portada","item":"https:\/\/www.anovapeneira.gal\/"},{"@type":"ListItem","position":2,"name":"Alberto Vilas, pianista de Redondela"}]},{"@type":"WebSite","@id":"https:\/\/www.anovapeneira.gal\/#website","url":"https:\/\/www.anovapeneira.gal\/","name":"","description":"Xornal galego de informaci\u00f3n xeral Publicaci\u00f3n mensual de novas de Galicia e en especial dos Concellos da sur da provincia de Pontevedra.","publisher":{"@id":"https:\/\/www.anovapeneira.gal\/#organization"},"potentialAction":[{"@type":"SearchAction","target":{"@type":"EntryPoint","urlTemplate":"https:\/\/www.anovapeneira.gal\/?s={search_term_string}"},"query-input":{"@type":"PropertyValueSpecification","valueRequired":true,"valueName":"search_term_string"}}],"inLanguage":"gl-ES"},{"@type":"Organization","@id":"https:\/\/www.anovapeneira.gal\/#organization","name":"A Nova Peneira","url":"https:\/\/www.anovapeneira.gal\/","logo":{"@type":"ImageObject","inLanguage":"gl-ES","@id":"https:\/\/www.anovapeneira.gal\/#\/schema\/logo\/image\/","url":"http:\/\/www.anovapeneira.gal\/wp-content\/uploads\/2019\/06\/logo_a_nova_peneira_portal_web.png","contentUrl":"http:\/\/www.anovapeneira.gal\/wp-content\/uploads\/2019\/06\/logo_a_nova_peneira_portal_web.png","width":300,"height":100,"caption":"A Nova Peneira"},"image":{"@id":"https:\/\/www.anovapeneira.gal\/#\/schema\/logo\/image\/"},"sameAs":["https:\/\/www.facebook.com\/anovapeneira","https:\/\/x.com\/APeneira"]},{"@type":"Person","@id":"https:\/\/www.anovapeneira.gal\/#\/schema\/person\/d9d84823564720e7593293bab054e52d","name":"Marcos Santos","image":{"@type":"ImageObject","inLanguage":"gl-ES","@id":"https:\/\/secure.gravatar.com\/avatar\/0e8017099a7a47c0a9d2275e865fe326484561eb3d70649069e4b8e61a8d2e8c?s=96&d=mm&r=g","url":"https:\/\/secure.gravatar.com\/avatar\/0e8017099a7a47c0a9d2275e865fe326484561eb3d70649069e4b8e61a8d2e8c?s=96&d=mm&r=g","contentUrl":"https:\/\/secure.gravatar.com\/avatar\/0e8017099a7a47c0a9d2275e865fe326484561eb3d70649069e4b8e61a8d2e8c?s=96&d=mm&r=g","caption":"Marcos Santos"},"sameAs":["http:\/\/anovapeneira.gal"],"url":"https:\/\/www.anovapeneira.gal\/index.php\/author\/marcos-santos\/"}]}},"jetpack_featured_media_url":"https:\/\/www.anovapeneira.gal\/wp-content\/uploads\/2024\/02\/alberto_vilas_redondela.jpg","_links":{"self":[{"href":"https:\/\/www.anovapeneira.gal\/index.php\/wp-json\/wp\/v2\/posts\/11322","targetHints":{"allow":["GET"]}}],"collection":[{"href":"https:\/\/www.anovapeneira.gal\/index.php\/wp-json\/wp\/v2\/posts"}],"about":[{"href":"https:\/\/www.anovapeneira.gal\/index.php\/wp-json\/wp\/v2\/types\/post"}],"author":[{"embeddable":true,"href":"https:\/\/www.anovapeneira.gal\/index.php\/wp-json\/wp\/v2\/users\/6"}],"replies":[{"embeddable":true,"href":"https:\/\/www.anovapeneira.gal\/index.php\/wp-json\/wp\/v2\/comments?post=11322"}],"version-history":[{"count":1,"href":"https:\/\/www.anovapeneira.gal\/index.php\/wp-json\/wp\/v2\/posts\/11322\/revisions"}],"predecessor-version":[{"id":11323,"href":"https:\/\/www.anovapeneira.gal\/index.php\/wp-json\/wp\/v2\/posts\/11322\/revisions\/11323"}],"wp:featuredmedia":[{"embeddable":true,"href":"https:\/\/www.anovapeneira.gal\/index.php\/wp-json\/wp\/v2\/media\/11324"}],"wp:attachment":[{"href":"https:\/\/www.anovapeneira.gal\/index.php\/wp-json\/wp\/v2\/media?parent=11322"}],"wp:term":[{"taxonomy":"category","embeddable":true,"href":"https:\/\/www.anovapeneira.gal\/index.php\/wp-json\/wp\/v2\/categories?post=11322"},{"taxonomy":"post_tag","embeddable":true,"href":"https:\/\/www.anovapeneira.gal\/index.php\/wp-json\/wp\/v2\/tags?post=11322"}],"curies":[{"name":"wp","href":"https:\/\/api.w.org\/{rel}","templated":true}]}}