{"id":11331,"date":"2024-02-27T10:00:50","date_gmt":"2024-02-27T09:00:50","guid":{"rendered":"https:\/\/www.anovapeneira.gal\/?p=11331"},"modified":"2024-02-22T09:41:12","modified_gmt":"2024-02-22T08:41:12","slug":"eleicions-do-pasado-18-de-fevreiro","status":"publish","type":"post","link":"https:\/\/www.anovapeneira.gal\/index.php\/2024\/02\/27\/eleicions-do-pasado-18-de-fevreiro\/","title":{"rendered":"Eleici\u00f3ns do pasado 18 de fevreiro"},"content":{"rendered":"\n<pre class=\"wp-block-verse\">Xabier Toba( profesor de f\u00edsica)<\/pre>\n\n\n\n<p>Xusto o d\u00eda despois das eleici\u00f3ns do pasado 18 de fevreiro, caseque cos datos a\u00ednda mornos, sento-me diante do computador para, con toda a brevedade que poida, trasmitir o que te\u00f1o sentido nos \u00faltimos d\u00edas, durante a campa\u00f1a, e no d\u00eda no que fumos as urnas e co\u00f1ecimos os resultados.<\/p>\n\n\n\n<p>Porque as sensaci\u00f3ns que quero trasmitir son distintas, diferenciadas.<\/p>\n\n\n\n<p>Comecemos pois pola campa\u00f1a eleitoral.<\/p>\n\n\n\n<p>Hab\u00eda moito tempo que non asist\u00eda a unha campa\u00f1a tan apaixoante, tan cautivadora.<\/p>\n\n\n\n<p>E compre dicer que foi o BNG que aportou a paixon e o talento.<\/p>\n\n\n\n<p>Frente a un PP dirixido por un Alfonso Rueda gris, que pasou os d\u00edas evitando os debates (ag\u00e1s o que se celebraba no seu campo de xogo: a RTVG), un candidato sen dotes de seduci\u00f3n e sen discurso, o candidato dun partido que as veces parec\u00eda sentir medo simplesmente do que poidera dicer o seu proprio candidato, apareceu Ana Pont\u00f3n, unha candidata ben preparada, talentosa, incansabel e brillante, apoiada nun BNG intelixente, lixeiro de ideias, r\u00e1pido, que traballaba con programaci\u00f3n e que improvisaba con sabidur\u00eda. Frente a un discurso, o do PP, que reclamaba como identidades o debate da amnist\u00eda ou que acusaba de terrorismo a qualquer paseante, Ana Pont\u00f3n ergueu un discurso que falaba da Galiza, dos galegos e galegas e dos nosos problemas. A sanidade, a educaci\u00f3n, o coidado das persoas idosas, a industria, as infraestruturas ferroviarias, todas esas circunstancias que determinan as nosas vidas, constru\u00edron os alicerces dunha exposici\u00f3n program\u00e1tica que interesaba necesariamente \u00e1 cidadania.<\/p>\n\n\n\n<p>Poren non foron s\u00f3 os contidos, foi o proprio tono do discurso de Ana Pont\u00f3n e do BNG, un tono conciliador que buscaba a cercan\u00eda e a complicidade, que vest\u00eda o proprio discurso de convici\u00f3n, co\u00f1ecemento e seguridade.<\/p>\n\n\n\n<p>Para m\u00edn, que levo alguns anos alonxado da aci\u00f3n politica, foi un pracer descobrir a un BNG e a unha Ana Pont\u00f3n que fixeron que me sentira implicado diretamente na campa\u00f1a e aplicara algo do meu tempo a axudar a que o noso obxectivo de tirar ao PP do governo da Galiza e que tal responsabilidade pasara a mans do BNG e do PSOE baixo a presidencia de Ana Pont\u00f3n, esa persoa que fac\u00eda que aparecera como un obxectivo asequibel, cercano.<\/p>\n\n\n\n<p>Foi unha magnifica campa\u00f1a e dende esta humilde carta quero parabenizar a Ana Pont\u00f3n e a todo o BNG pola calidade t\u00e9nica e humana trasmitida.<\/p>\n\n\n\n<p>Mais como dec\u00eda ao inicio, a sensaci\u00f3n final cos resultados tiveron un efeito sobre o meu \u00e1nimo nada feliz a pesar do tremendo incremento de apoio que obtivo o BNG. E te\u00f1o para min que este sentimento \u00e9 moi com\u00fan entre aqueles e aquelas que votamos BNG. Porque xa todos e todas estabamos a ver cumprido o noso desexo de anovar a Xunta e de, por fin, ver a Ana Pont\u00f3n, unha muller galega, presidir o governo galego.<\/p>\n\n\n\n<p>A verdade \u00e9 que as contas estaban m\u00e1is que xustas. Poren so\u00f1abamos con que se producira unha movilizaci\u00f3n do voto que permanec\u00eda oculto na abstenci\u00f3n nas eleici\u00f3ns galegas. So\u00f1abamos con que esa maior\u00eda de votantes progresistas que nas eleici\u00f3ns xerais superaban o voto da dereita toda, trouxera o resultado que queriamos. Mai non foi as\u00ed.<\/p>\n\n\n\n<p>Os n\u00fameros dec\u00edan que se nas eleici\u00f3ns de avril de 2019 a suma de votos das forzas alternativas (PSOE, Unidas Podemos, BNG e En Marea) superaban \u00e1 suma de PP-Cs- VOX en 156 000 votos, esta diferenza nas eleici\u00f3ns de novembro de 2019 ficara reducida a 117 000 e nas eleici\u00f3ns de xullo de 2023 era xa de so 30 000 (ver a tabela adxunta).<\/p>\n\n\n\n<figure class=\"wp-block-image size-large\"><img loading=\"lazy\" decoding=\"async\" width=\"1024\" height=\"517\" src=\"https:\/\/www.anovapeneira.gal\/wp-content\/uploads\/2024\/02\/tabla18F-1024x517.png\" alt=\"\" class=\"wp-image-11333\" srcset=\"https:\/\/www.anovapeneira.gal\/wp-content\/uploads\/2024\/02\/tabla18F-1024x517.png 1024w, https:\/\/www.anovapeneira.gal\/wp-content\/uploads\/2024\/02\/tabla18F-300x151.png 300w, https:\/\/www.anovapeneira.gal\/wp-content\/uploads\/2024\/02\/tabla18F-768x388.png 768w, https:\/\/www.anovapeneira.gal\/wp-content\/uploads\/2024\/02\/tabla18F.png 1448w\" sizes=\"auto, (max-width: 1024px) 100vw, 1024px\" \/><\/figure>\n\n\n\n<p>E permitian aprezar que o PP ia sumando votos procedentes de Ciudadanos e VOX suficientes para que dende un 27,39% que obtivo en avril de 2019, chegara a un 43,54% no pasado xullo. Si, o BNG sub\u00eda mais PSOE e Unidas-Podemos ced\u00edan terreo.<\/p>\n\n\n\n<p>E as\u00ed foi.<\/p>\n\n\n\n<p>Queda en nos a ilusi\u00f3n que deixou a campa\u00f1a, e as esperanzas que fican sementadas no noso desexo dunha Galiza mellor. Sabemos que queda moito traballo que facer.<\/p>\n\n\n\n<p>Mais sabemos que contamos coa ferramenta axeitada, o BNG, e cun equipo dirixido por unha muller, Ana Pont\u00f3n, decidida, valente e intelixente que saber\u00e1 dirixir os seguintes pasos no cami\u00f1o da xustiza e da liberdade.<\/p>\n","protected":false},"excerpt":{"rendered":"<div class=\"mh-excerpt\"><p>Xusto o d\u00eda despois das eleici\u00f3ns do pasado 18 de fevreiro, caseque cos datos a\u00ednda mornos, sento-me diante do computador para, con toda a brevedade que poida, trasmitir o que te\u00f1o sentido nos \u00faltimos d\u00edas, durante a campa\u00f1a, e no d\u00eda no que fumos as urnas e co\u00f1ecimos os resultados <a class=\"mh-excerpt-more\" href=\"https:\/\/www.anovapeneira.gal\/index.php\/2024\/02\/27\/eleicions-do-pasado-18-de-fevreiro\/\" title=\"Eleici\u00f3ns do pasado 18 de fevreiro\">[&#8230;]<\/a><\/p>\n<\/div>","protected":false},"author":12,"featured_media":584,"comment_status":"open","ping_status":"open","sticky":false,"template":"","format":"standard","meta":{"_exactmetrics_skip_tracking":false,"_exactmetrics_sitenote_active":false,"_exactmetrics_sitenote_note":"","_exactmetrics_sitenote_category":0,"footnotes":""},"categories":[7],"tags":[1390],"class_list":{"0":"post-11331","1":"post","2":"type-post","3":"status-publish","4":"format-standard","5":"has-post-thumbnail","7":"category-artigos-de-opinion","8":"tag-18f"},"yoast_head":"<!-- This site is optimized with the Yoast SEO plugin v27.4 - https:\/\/yoast.com\/product\/yoast-seo-wordpress\/ -->\n<title>Eleici\u00f3ns do pasado 18 de fevreiro -<\/title>\n<meta name=\"description\" content=\"Xusto o d\u00eda despois das eleici\u00f3ns do pasado 18 de fevreiro, caseque cos datos a\u00ednda mornos, sento-me diante do computador para, con toda a brevedade que poida, trasmitir o que te\u00f1o sentido nos \u00faltimos d\u00edas, durante a campa\u00f1a, e no d\u00eda no que fumos as urnas e co\u00f1ecimos os resultados\" \/>\n<meta name=\"robots\" content=\"index, follow, max-snippet:-1, max-image-preview:large, max-video-preview:-1\" \/>\n<link rel=\"canonical\" href=\"https:\/\/www.anovapeneira.gal\/index.php\/2024\/02\/27\/eleicions-do-pasado-18-de-fevreiro\/\" \/>\n<meta property=\"og:locale\" content=\"gl_ES\" \/>\n<meta property=\"og:type\" content=\"article\" \/>\n<meta property=\"og:title\" content=\"Eleici\u00f3ns do pasado 18 de fevreiro -\" \/>\n<meta property=\"og:description\" content=\"Xusto o d\u00eda despois das eleici\u00f3ns do pasado 18 de fevreiro, caseque cos datos a\u00ednda mornos, sento-me diante do computador para, con toda a brevedade que poida, trasmitir o que te\u00f1o sentido nos \u00faltimos d\u00edas, durante a campa\u00f1a, e no d\u00eda no que fumos as urnas e co\u00f1ecimos os resultados\" \/>\n<meta property=\"og:url\" content=\"https:\/\/www.anovapeneira.gal\/index.php\/2024\/02\/27\/eleicions-do-pasado-18-de-fevreiro\/\" \/>\n<meta property=\"article:publisher\" content=\"https:\/\/www.facebook.com\/anovapeneira\" \/>\n<meta property=\"article:published_time\" content=\"2024-02-27T09:00:50+00:00\" \/>\n<meta property=\"og:image\" content=\"https:\/\/www.anovapeneira.gal\/wp-content\/uploads\/2019\/07\/ARTIGO_DE_OPINION_A_NOVA_PENEIRA.jpg\" \/>\n\t<meta property=\"og:image:width\" content=\"720\" \/>\n\t<meta property=\"og:image:height\" content=\"473\" \/>\n\t<meta property=\"og:image:type\" content=\"image\/jpeg\" \/>\n<meta name=\"author\" content=\"Artigos Opini\u00f3n\" \/>\n<meta name=\"twitter:card\" content=\"summary_large_image\" \/>\n<meta name=\"twitter:image\" content=\"https:\/\/www.anovapeneira.gal\/wp-content\/uploads\/2019\/07\/ARTIGO_DE_OPINION_A_NOVA_PENEIRA.jpg\" \/>\n<meta name=\"twitter:creator\" content=\"@APeneira\" \/>\n<meta name=\"twitter:site\" content=\"@APeneira\" \/>\n<meta name=\"twitter:label1\" content=\"Escrito por\" \/>\n\t<meta name=\"twitter:data1\" content=\"Artigos Opini\u00f3n\" \/>\n\t<meta name=\"twitter:label2\" content=\"Tempo de lectura\" \/>\n\t<meta name=\"twitter:data2\" content=\"5 minutos\" \/>\n<script type=\"application\/ld+json\" class=\"yoast-schema-graph\">{\"@context\":\"https:\\\/\\\/schema.org\",\"@graph\":[{\"@type\":\"Article\",\"@id\":\"https:\\\/\\\/www.anovapeneira.gal\\\/index.php\\\/2024\\\/02\\\/27\\\/eleicions-do-pasado-18-de-fevreiro\\\/#article\",\"isPartOf\":{\"@id\":\"https:\\\/\\\/www.anovapeneira.gal\\\/index.php\\\/2024\\\/02\\\/27\\\/eleicions-do-pasado-18-de-fevreiro\\\/\"},\"author\":{\"name\":\"Artigos Opini\u00f3n\",\"@id\":\"https:\\\/\\\/www.anovapeneira.gal\\\/#\\\/schema\\\/person\\\/f18a4feb302e8f20bcef4490b5b60bb3\"},\"headline\":\"Eleici\u00f3ns do pasado 18 de fevreiro\",\"datePublished\":\"2024-02-27T09:00:50+00:00\",\"mainEntityOfPage\":{\"@id\":\"https:\\\/\\\/www.anovapeneira.gal\\\/index.php\\\/2024\\\/02\\\/27\\\/eleicions-do-pasado-18-de-fevreiro\\\/\"},\"wordCount\":755,\"commentCount\":0,\"publisher\":{\"@id\":\"https:\\\/\\\/www.anovapeneira.gal\\\/#organization\"},\"image\":{\"@id\":\"https:\\\/\\\/www.anovapeneira.gal\\\/index.php\\\/2024\\\/02\\\/27\\\/eleicions-do-pasado-18-de-fevreiro\\\/#primaryimage\"},\"thumbnailUrl\":\"https:\\\/\\\/www.anovapeneira.gal\\\/wp-content\\\/uploads\\\/2019\\\/07\\\/ARTIGO_DE_OPINION_A_NOVA_PENEIRA.jpg\",\"keywords\":[\"18F\"],\"articleSection\":[\"Artigos de opini\u00f3n\"],\"inLanguage\":\"gl-ES\",\"potentialAction\":[{\"@type\":\"CommentAction\",\"name\":\"Comment\",\"target\":[\"https:\\\/\\\/www.anovapeneira.gal\\\/index.php\\\/2024\\\/02\\\/27\\\/eleicions-do-pasado-18-de-fevreiro\\\/#respond\"]}]},{\"@type\":\"WebPage\",\"@id\":\"https:\\\/\\\/www.anovapeneira.gal\\\/index.php\\\/2024\\\/02\\\/27\\\/eleicions-do-pasado-18-de-fevreiro\\\/\",\"url\":\"https:\\\/\\\/www.anovapeneira.gal\\\/index.php\\\/2024\\\/02\\\/27\\\/eleicions-do-pasado-18-de-fevreiro\\\/\",\"name\":\"Eleici\u00f3ns do pasado 18 de fevreiro -\",\"isPartOf\":{\"@id\":\"https:\\\/\\\/www.anovapeneira.gal\\\/#website\"},\"primaryImageOfPage\":{\"@id\":\"https:\\\/\\\/www.anovapeneira.gal\\\/index.php\\\/2024\\\/02\\\/27\\\/eleicions-do-pasado-18-de-fevreiro\\\/#primaryimage\"},\"image\":{\"@id\":\"https:\\\/\\\/www.anovapeneira.gal\\\/index.php\\\/2024\\\/02\\\/27\\\/eleicions-do-pasado-18-de-fevreiro\\\/#primaryimage\"},\"thumbnailUrl\":\"https:\\\/\\\/www.anovapeneira.gal\\\/wp-content\\\/uploads\\\/2019\\\/07\\\/ARTIGO_DE_OPINION_A_NOVA_PENEIRA.jpg\",\"datePublished\":\"2024-02-27T09:00:50+00:00\",\"description\":\"Xusto o d\u00eda despois das eleici\u00f3ns do pasado 18 de fevreiro, caseque cos datos a\u00ednda mornos, sento-me diante do computador para, con toda a brevedade que poida, trasmitir o que te\u00f1o sentido nos \u00faltimos d\u00edas, durante a campa\u00f1a, e no d\u00eda no que fumos as urnas e co\u00f1ecimos os resultados\",\"breadcrumb\":{\"@id\":\"https:\\\/\\\/www.anovapeneira.gal\\\/index.php\\\/2024\\\/02\\\/27\\\/eleicions-do-pasado-18-de-fevreiro\\\/#breadcrumb\"},\"inLanguage\":\"gl-ES\",\"potentialAction\":[{\"@type\":\"ReadAction\",\"target\":[\"https:\\\/\\\/www.anovapeneira.gal\\\/index.php\\\/2024\\\/02\\\/27\\\/eleicions-do-pasado-18-de-fevreiro\\\/\"]}]},{\"@type\":\"ImageObject\",\"inLanguage\":\"gl-ES\",\"@id\":\"https:\\\/\\\/www.anovapeneira.gal\\\/index.php\\\/2024\\\/02\\\/27\\\/eleicions-do-pasado-18-de-fevreiro\\\/#primaryimage\",\"url\":\"https:\\\/\\\/www.anovapeneira.gal\\\/wp-content\\\/uploads\\\/2019\\\/07\\\/ARTIGO_DE_OPINION_A_NOVA_PENEIRA.jpg\",\"contentUrl\":\"https:\\\/\\\/www.anovapeneira.gal\\\/wp-content\\\/uploads\\\/2019\\\/07\\\/ARTIGO_DE_OPINION_A_NOVA_PENEIRA.jpg\",\"width\":720,\"height\":473,\"caption\":\"Artigo de opini\u00f3n A Nova Peneira\"},{\"@type\":\"BreadcrumbList\",\"@id\":\"https:\\\/\\\/www.anovapeneira.gal\\\/index.php\\\/2024\\\/02\\\/27\\\/eleicions-do-pasado-18-de-fevreiro\\\/#breadcrumb\",\"itemListElement\":[{\"@type\":\"ListItem\",\"position\":1,\"name\":\"Portada\",\"item\":\"https:\\\/\\\/www.anovapeneira.gal\\\/\"},{\"@type\":\"ListItem\",\"position\":2,\"name\":\"Eleici\u00f3ns do pasado 18 de fevreiro\"}]},{\"@type\":\"WebSite\",\"@id\":\"https:\\\/\\\/www.anovapeneira.gal\\\/#website\",\"url\":\"https:\\\/\\\/www.anovapeneira.gal\\\/\",\"name\":\"\",\"description\":\"Xornal galego de informaci\u00f3n xeral Publicaci\u00f3n mensual de novas de Galicia e en especial dos Concellos da sur da provincia de Pontevedra.\",\"publisher\":{\"@id\":\"https:\\\/\\\/www.anovapeneira.gal\\\/#organization\"},\"potentialAction\":[{\"@type\":\"SearchAction\",\"target\":{\"@type\":\"EntryPoint\",\"urlTemplate\":\"https:\\\/\\\/www.anovapeneira.gal\\\/?s={search_term_string}\"},\"query-input\":{\"@type\":\"PropertyValueSpecification\",\"valueRequired\":true,\"valueName\":\"search_term_string\"}}],\"inLanguage\":\"gl-ES\"},{\"@type\":\"Organization\",\"@id\":\"https:\\\/\\\/www.anovapeneira.gal\\\/#organization\",\"name\":\"A Nova Peneira\",\"url\":\"https:\\\/\\\/www.anovapeneira.gal\\\/\",\"logo\":{\"@type\":\"ImageObject\",\"inLanguage\":\"gl-ES\",\"@id\":\"https:\\\/\\\/www.anovapeneira.gal\\\/#\\\/schema\\\/logo\\\/image\\\/\",\"url\":\"http:\\\/\\\/www.anovapeneira.gal\\\/wp-content\\\/uploads\\\/2019\\\/06\\\/logo_a_nova_peneira_portal_web.png\",\"contentUrl\":\"http:\\\/\\\/www.anovapeneira.gal\\\/wp-content\\\/uploads\\\/2019\\\/06\\\/logo_a_nova_peneira_portal_web.png\",\"width\":300,\"height\":100,\"caption\":\"A Nova Peneira\"},\"image\":{\"@id\":\"https:\\\/\\\/www.anovapeneira.gal\\\/#\\\/schema\\\/logo\\\/image\\\/\"},\"sameAs\":[\"https:\\\/\\\/www.facebook.com\\\/anovapeneira\",\"https:\\\/\\\/x.com\\\/APeneira\"]},{\"@type\":\"Person\",\"@id\":\"https:\\\/\\\/www.anovapeneira.gal\\\/#\\\/schema\\\/person\\\/f18a4feb302e8f20bcef4490b5b60bb3\",\"name\":\"Artigos Opini\u00f3n\",\"image\":{\"@type\":\"ImageObject\",\"inLanguage\":\"gl-ES\",\"@id\":\"https:\\\/\\\/secure.gravatar.com\\\/avatar\\\/072844300f4881150aee2da4278f7a65d16eefdf8262eb67085f1e702de2b959?s=96&d=mm&r=g\",\"url\":\"https:\\\/\\\/secure.gravatar.com\\\/avatar\\\/072844300f4881150aee2da4278f7a65d16eefdf8262eb67085f1e702de2b959?s=96&d=mm&r=g\",\"contentUrl\":\"https:\\\/\\\/secure.gravatar.com\\\/avatar\\\/072844300f4881150aee2da4278f7a65d16eefdf8262eb67085f1e702de2b959?s=96&d=mm&r=g\",\"caption\":\"Artigos Opini\u00f3n\"},\"sameAs\":[\"http:\\\/\\\/anovapeneira.gal\"],\"url\":\"https:\\\/\\\/www.anovapeneira.gal\\\/index.php\\\/author\\\/artigosopinion\\\/\"}]}<\/script>\n<!-- \/ Yoast SEO plugin. -->","yoast_head_json":{"title":"Eleici\u00f3ns do pasado 18 de fevreiro -","description":"Xusto o d\u00eda despois das eleici\u00f3ns do pasado 18 de fevreiro, caseque cos datos a\u00ednda mornos, sento-me diante do computador para, con toda a brevedade que poida, trasmitir o que te\u00f1o sentido nos \u00faltimos d\u00edas, durante a campa\u00f1a, e no d\u00eda no que fumos as urnas e co\u00f1ecimos os resultados","robots":{"index":"index","follow":"follow","max-snippet":"max-snippet:-1","max-image-preview":"max-image-preview:large","max-video-preview":"max-video-preview:-1"},"canonical":"https:\/\/www.anovapeneira.gal\/index.php\/2024\/02\/27\/eleicions-do-pasado-18-de-fevreiro\/","og_locale":"gl_ES","og_type":"article","og_title":"Eleici\u00f3ns do pasado 18 de fevreiro -","og_description":"Xusto o d\u00eda despois das eleici\u00f3ns do pasado 18 de fevreiro, caseque cos datos a\u00ednda mornos, sento-me diante do computador para, con toda a brevedade que poida, trasmitir o que te\u00f1o sentido nos \u00faltimos d\u00edas, durante a campa\u00f1a, e no d\u00eda no que fumos as urnas e co\u00f1ecimos os resultados","og_url":"https:\/\/www.anovapeneira.gal\/index.php\/2024\/02\/27\/eleicions-do-pasado-18-de-fevreiro\/","article_publisher":"https:\/\/www.facebook.com\/anovapeneira","article_published_time":"2024-02-27T09:00:50+00:00","og_image":[{"width":720,"height":473,"url":"https:\/\/www.anovapeneira.gal\/wp-content\/uploads\/2019\/07\/ARTIGO_DE_OPINION_A_NOVA_PENEIRA.jpg","type":"image\/jpeg"}],"author":"Artigos Opini\u00f3n","twitter_card":"summary_large_image","twitter_image":"https:\/\/www.anovapeneira.gal\/wp-content\/uploads\/2019\/07\/ARTIGO_DE_OPINION_A_NOVA_PENEIRA.jpg","twitter_creator":"@APeneira","twitter_site":"@APeneira","twitter_misc":{"Escrito por":"Artigos Opini\u00f3n","Tempo de lectura":"5 minutos"},"schema":{"@context":"https:\/\/schema.org","@graph":[{"@type":"Article","@id":"https:\/\/www.anovapeneira.gal\/index.php\/2024\/02\/27\/eleicions-do-pasado-18-de-fevreiro\/#article","isPartOf":{"@id":"https:\/\/www.anovapeneira.gal\/index.php\/2024\/02\/27\/eleicions-do-pasado-18-de-fevreiro\/"},"author":{"name":"Artigos Opini\u00f3n","@id":"https:\/\/www.anovapeneira.gal\/#\/schema\/person\/f18a4feb302e8f20bcef4490b5b60bb3"},"headline":"Eleici\u00f3ns do pasado 18 de fevreiro","datePublished":"2024-02-27T09:00:50+00:00","mainEntityOfPage":{"@id":"https:\/\/www.anovapeneira.gal\/index.php\/2024\/02\/27\/eleicions-do-pasado-18-de-fevreiro\/"},"wordCount":755,"commentCount":0,"publisher":{"@id":"https:\/\/www.anovapeneira.gal\/#organization"},"image":{"@id":"https:\/\/www.anovapeneira.gal\/index.php\/2024\/02\/27\/eleicions-do-pasado-18-de-fevreiro\/#primaryimage"},"thumbnailUrl":"https:\/\/www.anovapeneira.gal\/wp-content\/uploads\/2019\/07\/ARTIGO_DE_OPINION_A_NOVA_PENEIRA.jpg","keywords":["18F"],"articleSection":["Artigos de opini\u00f3n"],"inLanguage":"gl-ES","potentialAction":[{"@type":"CommentAction","name":"Comment","target":["https:\/\/www.anovapeneira.gal\/index.php\/2024\/02\/27\/eleicions-do-pasado-18-de-fevreiro\/#respond"]}]},{"@type":"WebPage","@id":"https:\/\/www.anovapeneira.gal\/index.php\/2024\/02\/27\/eleicions-do-pasado-18-de-fevreiro\/","url":"https:\/\/www.anovapeneira.gal\/index.php\/2024\/02\/27\/eleicions-do-pasado-18-de-fevreiro\/","name":"Eleici\u00f3ns do pasado 18 de fevreiro -","isPartOf":{"@id":"https:\/\/www.anovapeneira.gal\/#website"},"primaryImageOfPage":{"@id":"https:\/\/www.anovapeneira.gal\/index.php\/2024\/02\/27\/eleicions-do-pasado-18-de-fevreiro\/#primaryimage"},"image":{"@id":"https:\/\/www.anovapeneira.gal\/index.php\/2024\/02\/27\/eleicions-do-pasado-18-de-fevreiro\/#primaryimage"},"thumbnailUrl":"https:\/\/www.anovapeneira.gal\/wp-content\/uploads\/2019\/07\/ARTIGO_DE_OPINION_A_NOVA_PENEIRA.jpg","datePublished":"2024-02-27T09:00:50+00:00","description":"Xusto o d\u00eda despois das eleici\u00f3ns do pasado 18 de fevreiro, caseque cos datos a\u00ednda mornos, sento-me diante do computador para, con toda a brevedade que poida, trasmitir o que te\u00f1o sentido nos \u00faltimos d\u00edas, durante a campa\u00f1a, e no d\u00eda no que fumos as urnas e co\u00f1ecimos os resultados","breadcrumb":{"@id":"https:\/\/www.anovapeneira.gal\/index.php\/2024\/02\/27\/eleicions-do-pasado-18-de-fevreiro\/#breadcrumb"},"inLanguage":"gl-ES","potentialAction":[{"@type":"ReadAction","target":["https:\/\/www.anovapeneira.gal\/index.php\/2024\/02\/27\/eleicions-do-pasado-18-de-fevreiro\/"]}]},{"@type":"ImageObject","inLanguage":"gl-ES","@id":"https:\/\/www.anovapeneira.gal\/index.php\/2024\/02\/27\/eleicions-do-pasado-18-de-fevreiro\/#primaryimage","url":"https:\/\/www.anovapeneira.gal\/wp-content\/uploads\/2019\/07\/ARTIGO_DE_OPINION_A_NOVA_PENEIRA.jpg","contentUrl":"https:\/\/www.anovapeneira.gal\/wp-content\/uploads\/2019\/07\/ARTIGO_DE_OPINION_A_NOVA_PENEIRA.jpg","width":720,"height":473,"caption":"Artigo de opini\u00f3n A Nova Peneira"},{"@type":"BreadcrumbList","@id":"https:\/\/www.anovapeneira.gal\/index.php\/2024\/02\/27\/eleicions-do-pasado-18-de-fevreiro\/#breadcrumb","itemListElement":[{"@type":"ListItem","position":1,"name":"Portada","item":"https:\/\/www.anovapeneira.gal\/"},{"@type":"ListItem","position":2,"name":"Eleici\u00f3ns do pasado 18 de fevreiro"}]},{"@type":"WebSite","@id":"https:\/\/www.anovapeneira.gal\/#website","url":"https:\/\/www.anovapeneira.gal\/","name":"","description":"Xornal galego de informaci\u00f3n xeral Publicaci\u00f3n mensual de novas de Galicia e en especial dos Concellos da sur da provincia de Pontevedra.","publisher":{"@id":"https:\/\/www.anovapeneira.gal\/#organization"},"potentialAction":[{"@type":"SearchAction","target":{"@type":"EntryPoint","urlTemplate":"https:\/\/www.anovapeneira.gal\/?s={search_term_string}"},"query-input":{"@type":"PropertyValueSpecification","valueRequired":true,"valueName":"search_term_string"}}],"inLanguage":"gl-ES"},{"@type":"Organization","@id":"https:\/\/www.anovapeneira.gal\/#organization","name":"A Nova Peneira","url":"https:\/\/www.anovapeneira.gal\/","logo":{"@type":"ImageObject","inLanguage":"gl-ES","@id":"https:\/\/www.anovapeneira.gal\/#\/schema\/logo\/image\/","url":"http:\/\/www.anovapeneira.gal\/wp-content\/uploads\/2019\/06\/logo_a_nova_peneira_portal_web.png","contentUrl":"http:\/\/www.anovapeneira.gal\/wp-content\/uploads\/2019\/06\/logo_a_nova_peneira_portal_web.png","width":300,"height":100,"caption":"A Nova Peneira"},"image":{"@id":"https:\/\/www.anovapeneira.gal\/#\/schema\/logo\/image\/"},"sameAs":["https:\/\/www.facebook.com\/anovapeneira","https:\/\/x.com\/APeneira"]},{"@type":"Person","@id":"https:\/\/www.anovapeneira.gal\/#\/schema\/person\/f18a4feb302e8f20bcef4490b5b60bb3","name":"Artigos Opini\u00f3n","image":{"@type":"ImageObject","inLanguage":"gl-ES","@id":"https:\/\/secure.gravatar.com\/avatar\/072844300f4881150aee2da4278f7a65d16eefdf8262eb67085f1e702de2b959?s=96&d=mm&r=g","url":"https:\/\/secure.gravatar.com\/avatar\/072844300f4881150aee2da4278f7a65d16eefdf8262eb67085f1e702de2b959?s=96&d=mm&r=g","contentUrl":"https:\/\/secure.gravatar.com\/avatar\/072844300f4881150aee2da4278f7a65d16eefdf8262eb67085f1e702de2b959?s=96&d=mm&r=g","caption":"Artigos Opini\u00f3n"},"sameAs":["http:\/\/anovapeneira.gal"],"url":"https:\/\/www.anovapeneira.gal\/index.php\/author\/artigosopinion\/"}]}},"jetpack_featured_media_url":"https:\/\/www.anovapeneira.gal\/wp-content\/uploads\/2019\/07\/ARTIGO_DE_OPINION_A_NOVA_PENEIRA.jpg","_links":{"self":[{"href":"https:\/\/www.anovapeneira.gal\/index.php\/wp-json\/wp\/v2\/posts\/11331","targetHints":{"allow":["GET"]}}],"collection":[{"href":"https:\/\/www.anovapeneira.gal\/index.php\/wp-json\/wp\/v2\/posts"}],"about":[{"href":"https:\/\/www.anovapeneira.gal\/index.php\/wp-json\/wp\/v2\/types\/post"}],"author":[{"embeddable":true,"href":"https:\/\/www.anovapeneira.gal\/index.php\/wp-json\/wp\/v2\/users\/12"}],"replies":[{"embeddable":true,"href":"https:\/\/www.anovapeneira.gal\/index.php\/wp-json\/wp\/v2\/comments?post=11331"}],"version-history":[{"count":3,"href":"https:\/\/www.anovapeneira.gal\/index.php\/wp-json\/wp\/v2\/posts\/11331\/revisions"}],"predecessor-version":[{"id":11335,"href":"https:\/\/www.anovapeneira.gal\/index.php\/wp-json\/wp\/v2\/posts\/11331\/revisions\/11335"}],"wp:featuredmedia":[{"embeddable":true,"href":"https:\/\/www.anovapeneira.gal\/index.php\/wp-json\/wp\/v2\/media\/584"}],"wp:attachment":[{"href":"https:\/\/www.anovapeneira.gal\/index.php\/wp-json\/wp\/v2\/media?parent=11331"}],"wp:term":[{"taxonomy":"category","embeddable":true,"href":"https:\/\/www.anovapeneira.gal\/index.php\/wp-json\/wp\/v2\/categories?post=11331"},{"taxonomy":"post_tag","embeddable":true,"href":"https:\/\/www.anovapeneira.gal\/index.php\/wp-json\/wp\/v2\/tags?post=11331"}],"curies":[{"name":"wp","href":"https:\/\/api.w.org\/{rel}","templated":true}]}}