{"id":11339,"date":"2024-02-28T10:00:06","date_gmt":"2024-02-28T09:00:06","guid":{"rendered":"https:\/\/www.anovapeneira.gal\/?p=11339"},"modified":"2024-02-27T12:21:31","modified_gmt":"2024-02-27T11:21:31","slug":"o-divino-garete","status":"publish","type":"post","link":"https:\/\/www.anovapeneira.gal\/index.php\/2024\/02\/28\/o-divino-garete\/","title":{"rendered":"O divino garete"},"content":{"rendered":"\n<p>Curros parodiou <em>A comedia<\/em> de Dante, logo \u201cdivina\u201d, nun excelente poema chamado <em>O divino sainete<\/em> no que, acompa\u00f1ado polo poeta A\u00f1\u00f3n, peregrina a Roma (da\u00ed o termo \u201cromar\u00eda\u201d) viaxando nun tren de sete vag\u00f3ns que representan o que a igrexa cat\u00f3lica considera os sete pecados capitais. N\u00f3s, que somos ateos e laicos, non cremos no pecado, e si no s\u00edmbolico do n\u00famero 7, en varias culturas e tradici\u00f3ns. Van logo, sete ideas ou sete reflexi\u00f3ns sobre o 18F:<\/p>\n\n\n\n<p>1. Rueda ga\u00f1a a medio gas e introducindo con descaro a axenda da dereita espa\u00f1ola (Amnist\u00eda, ETA, imposici\u00f3n ling\u00fc\u00edstica, Putin, Hamas&#8230;) na campa\u00f1a galega. A maquinaria electoral do PPdeG pode conseguir vitorias para quen sexa, incluso para un candidato impopular, antip\u00e1tico, fan de Galicia Biling\u00fce e posto a dedo. Conf\u00edrmase un chiste previo \u00e1 campa\u00f1a que dic\u00eda que se o PPdeG puxera de candidato unha vasoira, ga\u00f1ar\u00eda igual. A vasoira varreu.<\/p>\n\n\n\n<p>2. Miramos nacer un pequeno \u201ctrumpismo\u201d en Galiza, que vai da caspa cosmopailana de Ayuso ao ridiculismo localista de J\u00e1come, pasando polo traballo suxo, pero ben executado, das plumas m\u00e1is castizas da prensa rexionalista e polo esforzo indisimulado dos bandullos m\u00e1is agradecidos da televisi\u00f3n e radio auton\u00f3micas. Non podemos infravalorar nin tomar a chufa estes movementos fillos da desafecci\u00f3n de amplas capas do pobo co sistema.<\/p>\n\n\n\n<p>3. O renacido candidato do PSdG, tras ser v\u00edtima dun lament\u00e1bel lawfare, non tivo case tempo de se realizar coma un \u201cConde de Montecristo dos novos tempos\u201d. A mala prensa que est\u00e1 a coller o sanchismo entre boa parte do seu partido, tam\u00e9n en Galiza, e a potencia electoral do pontonismo nas zonas urbanas e nas clases medias, foi un lastre demasiado pesado para o lugu\u00e9s. Parece que o sanchismo acepta que Bloque, Bildu e Esquerra ocupen o seu espazo nas \u201cnacionalidades\u201d.<\/p>\n\n\n\n<p>4. A \u201cRendici\u00f3n de Breda\u201d do beirismo acaba con toda posibilidade dunha socialdemocracia independentista arredada do nacionalismo oficial. Por outro lado, Sumar e Podemos, son caricaturas dos restos da ala federalista daquela alianza mestiza entre estes, o novo (xa vello) municipalismo e un novo (xa vencido) independentismo, que nun momento foron AGE e En Marea, espazos que foron capaces de lle disputar votantes tanto a BNG coma a PSOE.<\/p>\n\n\n\n<p>5. Precisamente, desa capacidade, bebe o \u00e9xito posterior e actual do BNG. AGE e En Marea foron os precedentes do que hoxe fixo o BNG. A fronte interclasista, tras fagocitar AGE\/En Marea en 2020, consigue as\u00ed desprazar ao PSdeG como principal oposici\u00f3n \u00e1 dereita espa\u00f1olista de disfrace autonomista. Nun futuro non moi lonxano poder\u00eda instalarse na CAG un sistema bipartidista PP\/BNG que deixe ao PSOE nun discreto papel de muleta. Veremos.<\/p>\n\n\n\n<p>6. Por\u00e9n, o Bloque contin\u00faa a fracasar nun dos seus obxectivo principais dende hai 38 anos (a data non \u00e9 un erro) ao ser incapaz de comerlle terreo ao PP. O vello so\u00f1o do \u201cpartido nacional\u201d e do nacemento da \u201cburgues\u00eda galega\u201d parece que a\u00ednda queda lonxe, malia os affaires do pontonismo con Inditex, a patronal, Mouri\u00f1o, Santi Rey e todas as forzas vivias e poderes f\u00e1cticos do Pa\u00eds. Eses mesmos poderes f\u00e1cticos que foron o salvavidas do BNG durante a s\u00faa crise da d\u00e9cada anterior.<\/p>\n\n\n\n<p>7. A axenda de todas estas forzas \u00e9 electoralista e reformista. Electoralista, cunhas regras de sufraxio completamente antidemocr\u00e1ticas e tendenciosas (carretaxe, subornos, 5% m\u00ednimo, sobrerrepresentaci\u00f3n das zonas do interior&#8230;). Reformistas dun sistema auton\u00f3mico colonial, burgu\u00e9s e completamente esgotado. Ningunha das candidaturas que se enfrontaron onte \u00e9 unha alternativa para o pobo traballador galego. O BNG, que aspira a vivir da autonom\u00eda, tampouco.<\/p>\n\n\n\n<p>Pois ben. A \u00fanica alternativa para n\u00f3s, traballadoras e traballadoras de Galiza, \u00e9 a mobilizaci\u00f3n, a loita, a organizaci\u00f3n, a creaci\u00f3n de espazos de poder obreiro, a aposta clara por cami\u00f1ar cara un proceso constitu\u00ednte galego, nacional, que non nacionalista; de clase, que non interclasista, popular; que non populista. O 18F foi un espellismo, agora v\u00e9n cara n\u00f3s a realidade, e a realidade \u00e9 cr\u00faa, sen estrataxemas nin exceso de Photoshop.<\/p>\n","protected":false},"excerpt":{"rendered":"<div class=\"mh-excerpt\"><p>Curros parodiou A comedia de Dante, logo \u201cdivina\u201d, nun excelente poema chamado O divino sainete no que, acompa\u00f1ado polo poeta A\u00f1\u00f3n, peregrina a Roma (da\u00ed o termo \u201cromar\u00eda\u201d) viaxando nun tren de sete vag\u00f3ns que representan o que a igrexa cat\u00f3lica considera os sete pecados capitais <a class=\"mh-excerpt-more\" href=\"https:\/\/www.anovapeneira.gal\/index.php\/2024\/02\/28\/o-divino-garete\/\" title=\"O divino garete\">[&#8230;]<\/a><\/p>\n<\/div>","protected":false},"author":20,"featured_media":6779,"comment_status":"open","ping_status":"open","sticky":false,"template":"","format":"standard","meta":{"_exactmetrics_skip_tracking":false,"_exactmetrics_sitenote_active":false,"_exactmetrics_sitenote_note":"","_exactmetrics_sitenote_category":0,"footnotes":""},"categories":[7],"tags":[],"class_list":{"0":"post-11339","1":"post","2":"type-post","3":"status-publish","4":"format-standard","5":"has-post-thumbnail","7":"category-artigos-de-opinion"},"yoast_head":"<!-- This site is optimized with the Yoast SEO plugin v27.4 - https:\/\/yoast.com\/product\/yoast-seo-wordpress\/ -->\n<title>O divino garete -<\/title>\n<meta name=\"description\" content=\"Curros parodiou A comedia de Dante, logo \u201cdivina\u201d, nun excelente poema chamado O divino sainete no que, acompa\u00f1ado polo poeta A\u00f1\u00f3n, peregrina a Roma (da\u00ed o termo \u201cromar\u00eda\u201d) viaxando nun tren de sete vag\u00f3ns que representan o que a igrexa cat\u00f3lica considera os sete pecados capitais\" \/>\n<meta name=\"robots\" content=\"index, follow, max-snippet:-1, max-image-preview:large, max-video-preview:-1\" \/>\n<link rel=\"canonical\" href=\"https:\/\/www.anovapeneira.gal\/index.php\/2024\/02\/28\/o-divino-garete\/\" \/>\n<meta property=\"og:locale\" content=\"gl_ES\" \/>\n<meta property=\"og:type\" content=\"article\" \/>\n<meta property=\"og:title\" content=\"O divino garete -\" \/>\n<meta property=\"og:description\" content=\"Curros parodiou A comedia de Dante, logo \u201cdivina\u201d, nun excelente poema chamado O divino sainete no que, acompa\u00f1ado polo poeta A\u00f1\u00f3n, peregrina a Roma (da\u00ed o termo \u201cromar\u00eda\u201d) viaxando nun tren de sete vag\u00f3ns que representan o que a igrexa cat\u00f3lica considera os sete pecados capitais\" \/>\n<meta property=\"og:url\" content=\"https:\/\/www.anovapeneira.gal\/index.php\/2024\/02\/28\/o-divino-garete\/\" \/>\n<meta property=\"article:publisher\" content=\"https:\/\/www.facebook.com\/anovapeneira\" \/>\n<meta property=\"article:published_time\" content=\"2024-02-28T09:00:06+00:00\" \/>\n<meta property=\"og:image\" content=\"https:\/\/www.anovapeneira.gal\/wp-content\/uploads\/2022\/01\/moncho_lareu.jpg\" \/>\n\t<meta property=\"og:image:width\" content=\"720\" \/>\n\t<meta property=\"og:image:height\" content=\"432\" \/>\n\t<meta property=\"og:image:type\" content=\"image\/jpeg\" \/>\n<meta name=\"author\" content=\"Moncho Lareu\" \/>\n<meta name=\"twitter:card\" content=\"summary_large_image\" \/>\n<meta name=\"twitter:creator\" content=\"@APeneira\" \/>\n<meta name=\"twitter:site\" content=\"@APeneira\" \/>\n<meta name=\"twitter:label1\" content=\"Escrito por\" \/>\n\t<meta name=\"twitter:data1\" content=\"Moncho Lareu\" \/>\n\t<meta name=\"twitter:label2\" content=\"Tempo de lectura\" \/>\n\t<meta name=\"twitter:data2\" content=\"4 minutos\" \/>\n<script type=\"application\/ld+json\" class=\"yoast-schema-graph\">{\"@context\":\"https:\\\/\\\/schema.org\",\"@graph\":[{\"@type\":\"Article\",\"@id\":\"https:\\\/\\\/www.anovapeneira.gal\\\/index.php\\\/2024\\\/02\\\/28\\\/o-divino-garete\\\/#article\",\"isPartOf\":{\"@id\":\"https:\\\/\\\/www.anovapeneira.gal\\\/index.php\\\/2024\\\/02\\\/28\\\/o-divino-garete\\\/\"},\"author\":{\"name\":\"Moncho Lareu\",\"@id\":\"https:\\\/\\\/www.anovapeneira.gal\\\/#\\\/schema\\\/person\\\/3df7d3e1f38ddcee2ddb9d0bee1a0628\"},\"headline\":\"O divino garete\",\"datePublished\":\"2024-02-28T09:00:06+00:00\",\"mainEntityOfPage\":{\"@id\":\"https:\\\/\\\/www.anovapeneira.gal\\\/index.php\\\/2024\\\/02\\\/28\\\/o-divino-garete\\\/\"},\"wordCount\":706,\"commentCount\":0,\"publisher\":{\"@id\":\"https:\\\/\\\/www.anovapeneira.gal\\\/#organization\"},\"image\":{\"@id\":\"https:\\\/\\\/www.anovapeneira.gal\\\/index.php\\\/2024\\\/02\\\/28\\\/o-divino-garete\\\/#primaryimage\"},\"thumbnailUrl\":\"https:\\\/\\\/www.anovapeneira.gal\\\/wp-content\\\/uploads\\\/2022\\\/01\\\/moncho_lareu.jpg\",\"articleSection\":[\"Artigos de opini\u00f3n\"],\"inLanguage\":\"gl-ES\",\"potentialAction\":[{\"@type\":\"CommentAction\",\"name\":\"Comment\",\"target\":[\"https:\\\/\\\/www.anovapeneira.gal\\\/index.php\\\/2024\\\/02\\\/28\\\/o-divino-garete\\\/#respond\"]}]},{\"@type\":\"WebPage\",\"@id\":\"https:\\\/\\\/www.anovapeneira.gal\\\/index.php\\\/2024\\\/02\\\/28\\\/o-divino-garete\\\/\",\"url\":\"https:\\\/\\\/www.anovapeneira.gal\\\/index.php\\\/2024\\\/02\\\/28\\\/o-divino-garete\\\/\",\"name\":\"O divino garete -\",\"isPartOf\":{\"@id\":\"https:\\\/\\\/www.anovapeneira.gal\\\/#website\"},\"primaryImageOfPage\":{\"@id\":\"https:\\\/\\\/www.anovapeneira.gal\\\/index.php\\\/2024\\\/02\\\/28\\\/o-divino-garete\\\/#primaryimage\"},\"image\":{\"@id\":\"https:\\\/\\\/www.anovapeneira.gal\\\/index.php\\\/2024\\\/02\\\/28\\\/o-divino-garete\\\/#primaryimage\"},\"thumbnailUrl\":\"https:\\\/\\\/www.anovapeneira.gal\\\/wp-content\\\/uploads\\\/2022\\\/01\\\/moncho_lareu.jpg\",\"datePublished\":\"2024-02-28T09:00:06+00:00\",\"description\":\"Curros parodiou A comedia de Dante, logo \u201cdivina\u201d, nun excelente poema chamado O divino sainete no que, acompa\u00f1ado polo poeta A\u00f1\u00f3n, peregrina a Roma (da\u00ed o termo \u201cromar\u00eda\u201d) viaxando nun tren de sete vag\u00f3ns que representan o que a igrexa cat\u00f3lica considera os sete pecados capitais\",\"breadcrumb\":{\"@id\":\"https:\\\/\\\/www.anovapeneira.gal\\\/index.php\\\/2024\\\/02\\\/28\\\/o-divino-garete\\\/#breadcrumb\"},\"inLanguage\":\"gl-ES\",\"potentialAction\":[{\"@type\":\"ReadAction\",\"target\":[\"https:\\\/\\\/www.anovapeneira.gal\\\/index.php\\\/2024\\\/02\\\/28\\\/o-divino-garete\\\/\"]}]},{\"@type\":\"ImageObject\",\"inLanguage\":\"gl-ES\",\"@id\":\"https:\\\/\\\/www.anovapeneira.gal\\\/index.php\\\/2024\\\/02\\\/28\\\/o-divino-garete\\\/#primaryimage\",\"url\":\"https:\\\/\\\/www.anovapeneira.gal\\\/wp-content\\\/uploads\\\/2022\\\/01\\\/moncho_lareu.jpg\",\"contentUrl\":\"https:\\\/\\\/www.anovapeneira.gal\\\/wp-content\\\/uploads\\\/2022\\\/01\\\/moncho_lareu.jpg\",\"width\":720,\"height\":432,\"caption\":\"Moncho Lareu, Profesor\"},{\"@type\":\"BreadcrumbList\",\"@id\":\"https:\\\/\\\/www.anovapeneira.gal\\\/index.php\\\/2024\\\/02\\\/28\\\/o-divino-garete\\\/#breadcrumb\",\"itemListElement\":[{\"@type\":\"ListItem\",\"position\":1,\"name\":\"Portada\",\"item\":\"https:\\\/\\\/www.anovapeneira.gal\\\/\"},{\"@type\":\"ListItem\",\"position\":2,\"name\":\"O divino garete\"}]},{\"@type\":\"WebSite\",\"@id\":\"https:\\\/\\\/www.anovapeneira.gal\\\/#website\",\"url\":\"https:\\\/\\\/www.anovapeneira.gal\\\/\",\"name\":\"\",\"description\":\"Xornal galego de informaci\u00f3n xeral Publicaci\u00f3n mensual de novas de Galicia e en especial dos Concellos da sur da provincia de Pontevedra.\",\"publisher\":{\"@id\":\"https:\\\/\\\/www.anovapeneira.gal\\\/#organization\"},\"potentialAction\":[{\"@type\":\"SearchAction\",\"target\":{\"@type\":\"EntryPoint\",\"urlTemplate\":\"https:\\\/\\\/www.anovapeneira.gal\\\/?s={search_term_string}\"},\"query-input\":{\"@type\":\"PropertyValueSpecification\",\"valueRequired\":true,\"valueName\":\"search_term_string\"}}],\"inLanguage\":\"gl-ES\"},{\"@type\":\"Organization\",\"@id\":\"https:\\\/\\\/www.anovapeneira.gal\\\/#organization\",\"name\":\"A Nova Peneira\",\"url\":\"https:\\\/\\\/www.anovapeneira.gal\\\/\",\"logo\":{\"@type\":\"ImageObject\",\"inLanguage\":\"gl-ES\",\"@id\":\"https:\\\/\\\/www.anovapeneira.gal\\\/#\\\/schema\\\/logo\\\/image\\\/\",\"url\":\"http:\\\/\\\/www.anovapeneira.gal\\\/wp-content\\\/uploads\\\/2019\\\/06\\\/logo_a_nova_peneira_portal_web.png\",\"contentUrl\":\"http:\\\/\\\/www.anovapeneira.gal\\\/wp-content\\\/uploads\\\/2019\\\/06\\\/logo_a_nova_peneira_portal_web.png\",\"width\":300,\"height\":100,\"caption\":\"A Nova Peneira\"},\"image\":{\"@id\":\"https:\\\/\\\/www.anovapeneira.gal\\\/#\\\/schema\\\/logo\\\/image\\\/\"},\"sameAs\":[\"https:\\\/\\\/www.facebook.com\\\/anovapeneira\",\"https:\\\/\\\/x.com\\\/APeneira\"]},{\"@type\":\"Person\",\"@id\":\"https:\\\/\\\/www.anovapeneira.gal\\\/#\\\/schema\\\/person\\\/3df7d3e1f38ddcee2ddb9d0bee1a0628\",\"name\":\"Moncho Lareu\",\"image\":{\"@type\":\"ImageObject\",\"inLanguage\":\"gl-ES\",\"@id\":\"https:\\\/\\\/secure.gravatar.com\\\/avatar\\\/47b1711433a3b83d9747992d63c05708f734f76ad2d588ae93638a06737a5471?s=96&d=mm&r=g\",\"url\":\"https:\\\/\\\/secure.gravatar.com\\\/avatar\\\/47b1711433a3b83d9747992d63c05708f734f76ad2d588ae93638a06737a5471?s=96&d=mm&r=g\",\"contentUrl\":\"https:\\\/\\\/secure.gravatar.com\\\/avatar\\\/47b1711433a3b83d9747992d63c05708f734f76ad2d588ae93638a06737a5471?s=96&d=mm&r=g\",\"caption\":\"Moncho Lareu\"},\"sameAs\":[\"http:\\\/\\\/www.anovapeneira.gal\\\/\"],\"url\":\"https:\\\/\\\/www.anovapeneira.gal\\\/index.php\\\/author\\\/moncho-lareu\\\/\"}]}<\/script>\n<!-- \/ Yoast SEO plugin. -->","yoast_head_json":{"title":"O divino garete -","description":"Curros parodiou A comedia de Dante, logo \u201cdivina\u201d, nun excelente poema chamado O divino sainete no que, acompa\u00f1ado polo poeta A\u00f1\u00f3n, peregrina a Roma (da\u00ed o termo \u201cromar\u00eda\u201d) viaxando nun tren de sete vag\u00f3ns que representan o que a igrexa cat\u00f3lica considera os sete pecados capitais","robots":{"index":"index","follow":"follow","max-snippet":"max-snippet:-1","max-image-preview":"max-image-preview:large","max-video-preview":"max-video-preview:-1"},"canonical":"https:\/\/www.anovapeneira.gal\/index.php\/2024\/02\/28\/o-divino-garete\/","og_locale":"gl_ES","og_type":"article","og_title":"O divino garete -","og_description":"Curros parodiou A comedia de Dante, logo \u201cdivina\u201d, nun excelente poema chamado O divino sainete no que, acompa\u00f1ado polo poeta A\u00f1\u00f3n, peregrina a Roma (da\u00ed o termo \u201cromar\u00eda\u201d) viaxando nun tren de sete vag\u00f3ns que representan o que a igrexa cat\u00f3lica considera os sete pecados capitais","og_url":"https:\/\/www.anovapeneira.gal\/index.php\/2024\/02\/28\/o-divino-garete\/","article_publisher":"https:\/\/www.facebook.com\/anovapeneira","article_published_time":"2024-02-28T09:00:06+00:00","og_image":[{"width":720,"height":432,"url":"https:\/\/www.anovapeneira.gal\/wp-content\/uploads\/2022\/01\/moncho_lareu.jpg","type":"image\/jpeg"}],"author":"Moncho Lareu","twitter_card":"summary_large_image","twitter_creator":"@APeneira","twitter_site":"@APeneira","twitter_misc":{"Escrito por":"Moncho Lareu","Tempo de lectura":"4 minutos"},"schema":{"@context":"https:\/\/schema.org","@graph":[{"@type":"Article","@id":"https:\/\/www.anovapeneira.gal\/index.php\/2024\/02\/28\/o-divino-garete\/#article","isPartOf":{"@id":"https:\/\/www.anovapeneira.gal\/index.php\/2024\/02\/28\/o-divino-garete\/"},"author":{"name":"Moncho Lareu","@id":"https:\/\/www.anovapeneira.gal\/#\/schema\/person\/3df7d3e1f38ddcee2ddb9d0bee1a0628"},"headline":"O divino garete","datePublished":"2024-02-28T09:00:06+00:00","mainEntityOfPage":{"@id":"https:\/\/www.anovapeneira.gal\/index.php\/2024\/02\/28\/o-divino-garete\/"},"wordCount":706,"commentCount":0,"publisher":{"@id":"https:\/\/www.anovapeneira.gal\/#organization"},"image":{"@id":"https:\/\/www.anovapeneira.gal\/index.php\/2024\/02\/28\/o-divino-garete\/#primaryimage"},"thumbnailUrl":"https:\/\/www.anovapeneira.gal\/wp-content\/uploads\/2022\/01\/moncho_lareu.jpg","articleSection":["Artigos de opini\u00f3n"],"inLanguage":"gl-ES","potentialAction":[{"@type":"CommentAction","name":"Comment","target":["https:\/\/www.anovapeneira.gal\/index.php\/2024\/02\/28\/o-divino-garete\/#respond"]}]},{"@type":"WebPage","@id":"https:\/\/www.anovapeneira.gal\/index.php\/2024\/02\/28\/o-divino-garete\/","url":"https:\/\/www.anovapeneira.gal\/index.php\/2024\/02\/28\/o-divino-garete\/","name":"O divino garete -","isPartOf":{"@id":"https:\/\/www.anovapeneira.gal\/#website"},"primaryImageOfPage":{"@id":"https:\/\/www.anovapeneira.gal\/index.php\/2024\/02\/28\/o-divino-garete\/#primaryimage"},"image":{"@id":"https:\/\/www.anovapeneira.gal\/index.php\/2024\/02\/28\/o-divino-garete\/#primaryimage"},"thumbnailUrl":"https:\/\/www.anovapeneira.gal\/wp-content\/uploads\/2022\/01\/moncho_lareu.jpg","datePublished":"2024-02-28T09:00:06+00:00","description":"Curros parodiou A comedia de Dante, logo \u201cdivina\u201d, nun excelente poema chamado O divino sainete no que, acompa\u00f1ado polo poeta A\u00f1\u00f3n, peregrina a Roma (da\u00ed o termo \u201cromar\u00eda\u201d) viaxando nun tren de sete vag\u00f3ns que representan o que a igrexa cat\u00f3lica considera os sete pecados capitais","breadcrumb":{"@id":"https:\/\/www.anovapeneira.gal\/index.php\/2024\/02\/28\/o-divino-garete\/#breadcrumb"},"inLanguage":"gl-ES","potentialAction":[{"@type":"ReadAction","target":["https:\/\/www.anovapeneira.gal\/index.php\/2024\/02\/28\/o-divino-garete\/"]}]},{"@type":"ImageObject","inLanguage":"gl-ES","@id":"https:\/\/www.anovapeneira.gal\/index.php\/2024\/02\/28\/o-divino-garete\/#primaryimage","url":"https:\/\/www.anovapeneira.gal\/wp-content\/uploads\/2022\/01\/moncho_lareu.jpg","contentUrl":"https:\/\/www.anovapeneira.gal\/wp-content\/uploads\/2022\/01\/moncho_lareu.jpg","width":720,"height":432,"caption":"Moncho Lareu, Profesor"},{"@type":"BreadcrumbList","@id":"https:\/\/www.anovapeneira.gal\/index.php\/2024\/02\/28\/o-divino-garete\/#breadcrumb","itemListElement":[{"@type":"ListItem","position":1,"name":"Portada","item":"https:\/\/www.anovapeneira.gal\/"},{"@type":"ListItem","position":2,"name":"O divino garete"}]},{"@type":"WebSite","@id":"https:\/\/www.anovapeneira.gal\/#website","url":"https:\/\/www.anovapeneira.gal\/","name":"","description":"Xornal galego de informaci\u00f3n xeral Publicaci\u00f3n mensual de novas de Galicia e en especial dos Concellos da sur da provincia de Pontevedra.","publisher":{"@id":"https:\/\/www.anovapeneira.gal\/#organization"},"potentialAction":[{"@type":"SearchAction","target":{"@type":"EntryPoint","urlTemplate":"https:\/\/www.anovapeneira.gal\/?s={search_term_string}"},"query-input":{"@type":"PropertyValueSpecification","valueRequired":true,"valueName":"search_term_string"}}],"inLanguage":"gl-ES"},{"@type":"Organization","@id":"https:\/\/www.anovapeneira.gal\/#organization","name":"A Nova Peneira","url":"https:\/\/www.anovapeneira.gal\/","logo":{"@type":"ImageObject","inLanguage":"gl-ES","@id":"https:\/\/www.anovapeneira.gal\/#\/schema\/logo\/image\/","url":"http:\/\/www.anovapeneira.gal\/wp-content\/uploads\/2019\/06\/logo_a_nova_peneira_portal_web.png","contentUrl":"http:\/\/www.anovapeneira.gal\/wp-content\/uploads\/2019\/06\/logo_a_nova_peneira_portal_web.png","width":300,"height":100,"caption":"A Nova Peneira"},"image":{"@id":"https:\/\/www.anovapeneira.gal\/#\/schema\/logo\/image\/"},"sameAs":["https:\/\/www.facebook.com\/anovapeneira","https:\/\/x.com\/APeneira"]},{"@type":"Person","@id":"https:\/\/www.anovapeneira.gal\/#\/schema\/person\/3df7d3e1f38ddcee2ddb9d0bee1a0628","name":"Moncho Lareu","image":{"@type":"ImageObject","inLanguage":"gl-ES","@id":"https:\/\/secure.gravatar.com\/avatar\/47b1711433a3b83d9747992d63c05708f734f76ad2d588ae93638a06737a5471?s=96&d=mm&r=g","url":"https:\/\/secure.gravatar.com\/avatar\/47b1711433a3b83d9747992d63c05708f734f76ad2d588ae93638a06737a5471?s=96&d=mm&r=g","contentUrl":"https:\/\/secure.gravatar.com\/avatar\/47b1711433a3b83d9747992d63c05708f734f76ad2d588ae93638a06737a5471?s=96&d=mm&r=g","caption":"Moncho Lareu"},"sameAs":["http:\/\/www.anovapeneira.gal\/"],"url":"https:\/\/www.anovapeneira.gal\/index.php\/author\/moncho-lareu\/"}]}},"jetpack_featured_media_url":"https:\/\/www.anovapeneira.gal\/wp-content\/uploads\/2022\/01\/moncho_lareu.jpg","_links":{"self":[{"href":"https:\/\/www.anovapeneira.gal\/index.php\/wp-json\/wp\/v2\/posts\/11339","targetHints":{"allow":["GET"]}}],"collection":[{"href":"https:\/\/www.anovapeneira.gal\/index.php\/wp-json\/wp\/v2\/posts"}],"about":[{"href":"https:\/\/www.anovapeneira.gal\/index.php\/wp-json\/wp\/v2\/types\/post"}],"author":[{"embeddable":true,"href":"https:\/\/www.anovapeneira.gal\/index.php\/wp-json\/wp\/v2\/users\/20"}],"replies":[{"embeddable":true,"href":"https:\/\/www.anovapeneira.gal\/index.php\/wp-json\/wp\/v2\/comments?post=11339"}],"version-history":[{"count":1,"href":"https:\/\/www.anovapeneira.gal\/index.php\/wp-json\/wp\/v2\/posts\/11339\/revisions"}],"predecessor-version":[{"id":11340,"href":"https:\/\/www.anovapeneira.gal\/index.php\/wp-json\/wp\/v2\/posts\/11339\/revisions\/11340"}],"wp:featuredmedia":[{"embeddable":true,"href":"https:\/\/www.anovapeneira.gal\/index.php\/wp-json\/wp\/v2\/media\/6779"}],"wp:attachment":[{"href":"https:\/\/www.anovapeneira.gal\/index.php\/wp-json\/wp\/v2\/media?parent=11339"}],"wp:term":[{"taxonomy":"category","embeddable":true,"href":"https:\/\/www.anovapeneira.gal\/index.php\/wp-json\/wp\/v2\/categories?post=11339"},{"taxonomy":"post_tag","embeddable":true,"href":"https:\/\/www.anovapeneira.gal\/index.php\/wp-json\/wp\/v2\/tags?post=11339"}],"curies":[{"name":"wp","href":"https:\/\/api.w.org\/{rel}","templated":true}]}}