{"id":11341,"date":"2024-02-28T12:00:27","date_gmt":"2024-02-28T11:00:27","guid":{"rendered":"https:\/\/www.anovapeneira.gal\/?p=11341"},"modified":"2024-02-27T12:24:46","modified_gmt":"2024-02-27T11:24:46","slug":"o-que-votamos","status":"publish","type":"post","link":"https:\/\/www.anovapeneira.gal\/index.php\/2024\/02\/28\/o-que-votamos\/","title":{"rendered":"O que votamos"},"content":{"rendered":"\n<figure class=\"wp-block-image size-full is-resized\"><img loading=\"lazy\" decoding=\"async\" width=\"190\" height=\"222\" src=\"https:\/\/www.anovapeneira.gal\/wp-content\/uploads\/2019\/07\/xoan_alonso_a_nova_peneira_r.jpg\" alt=\"Xo\u00e1n Alonso. Correspondente de A Nova Peneira en Euskadi\" class=\"wp-image-763\" style=\"width:92px;height:auto\"\/><figcaption class=\"wp-element-caption\">Xo\u00e1n Alonso. Correspondente de A Nova Peneira en Euskadi<\/figcaption><\/figure>\n\n\n\n<p>Logo de m\u00e1is de quince d\u00edas vendo e partillando videos, memes e audios altamente positivos e optimistas de cara \u00e1s elecci\u00f3ns do pasado 18 de Febreiro en Galiza, eu tam\u00e9n acabei contaxi\u00e1ndome dese esp\u00edrito festivo e alangreaba ca idea de mudar o goberno do meu pa\u00eds.<\/p>\n\n\n\n<p>Pensaba que a dereita xa perdadera toda a credibilidade e que os galegos, por fin, decidiran cambiar o rumbo dunha nave que levaba guindando o seu futuro pola borda.<\/p>\n\n\n\n<p>Tam\u00e9n pensaba que a esquerda, por fin, fora quen de chegar al\u00f3 onde non se escoitaba a s\u00faa voz, e, fora quen de convencer \u00f3 mesmo dia\u00f1o. O certo \u00e9 que un pod\u00eda aloumi\u00f1ar cas xemas dos dedos o ceo dos so\u00f1os e vivir cos ollos abertos.<\/p>\n\n\n\n<p>Foi a mesma sensaci\u00f3n que te\u00f1o cando vexo un n\u00famero da loteria pendurado da botella de bifiter do bar do meu barrio. Ese n\u00famero m\u00e9tese de tal xeito dentro do miolo, que o mercas, porque entras nun estado de flotabilidade cham\u00e1nica capaz de controlar o desti\u00f1o e crer que ese n\u00famero estaba agardando por ti, para te liberar do teu traballo que nin te dignifica, nin te enche. Un traballo que che papa a sa\u00fade.<\/p>\n\n\n\n<p>Semallaba que desta \u00eda ser, porque todos dec\u00edan que ti\u00f1a que ser. Todos sab\u00edan que desta \u00eda ser.<\/p>\n\n\n\n<p>Nas redacci\u00f3ns dos telexornais, nos despachos dos xornais de todas as cores xa empezaban a botar n\u00fameros. As calculadoras enriba das mesas. Os pactos pos\u00edbeis entre as forzas de esquerda abr\u00edan as fiestras de par en par e o vento entraba ceibe coma un paxaro. <em>Podemos sumar<\/em>.<\/p>\n\n\n\n<p>Todos sabiamos que \u00eda ser. Por fin, unha muller presidenta de Galiza. Iso non o discut\u00eda ningu\u00e9n. A bandeira do cambio era dela e ten que ser ella.<\/p>\n\n\n\n<p>Durante quince d\u00edas, a\u00ed andivemos todos e todas, cun sorriso nos beizos, cun alumear feiticeiro nos ollos, coma presos amnistiados no d\u00eda de nadal.<\/p>\n\n\n\n<p>Pola contra, os resultados ziscaron polo chan todo aquilo que barruntabamos nos grupos de wasup, nas redes sociais, contando as moedas como fixera aquela cativa que fora vendelo leite \u00e1 feira.<\/p>\n\n\n\n<p>Estou moi triste e non te\u00f1o folgo, non te\u00f1o esperanza, antes morro, e de aqu\u00ed non me ides sacar por moito que celebredes, e se alg\u00fan d\u00eda hai algo que festexar non quedar\u00e1 nada da nosa identidade.<\/p>\n\n\n\n<p>Vender\u00e1n a terra, o que quede dela. Vender\u00e1n o vento, ou o que quede del. Vender\u00e1n os r\u00edos.<\/p>\n\n\n\n<p>Vender\u00e1n o mar. Soterr\u00e1n, por fin, a nosa lingua e longo vender\u00e1n postais con frases feitas e palabras fermosas en galego aos peregrinos e turistas que entran cos p\u00e9s espidos e cheos de merda no museo do pobo galego. E cando vendan o museo do pobo galego, montar\u00e1n un albergue para se\u00f1oritos que fan o cami\u00f1o de Santigo en helic\u00f3ptero.<\/p>\n\n\n\n<p>Todo estaba da nosa parte para sa\u00edr, hoxe, luns 19 de Febreiro, da casa ca cabeza ben alta sabedores de que o ti\u00f1amos ben merecido.<\/p>\n\n\n\n<p>E hoxe, Galiza non ten o que merece, Galiza ten o que vota.<\/p>\n","protected":false},"excerpt":{"rendered":"<div class=\"mh-excerpt\"><p>Logo de m\u00e1is de quince d\u00edas vendo e partillando videos, memes e audios altamente positivos e optimistas de cara \u00e1s elecci\u00f3ns do pasado 18 de Febreiro en Galiza, eu tam\u00e9n acabei contaxi\u00e1ndome dese esp\u00edrito festivo e alangreaba ca idea de mudar o goberno do meu pa\u00eds <a class=\"mh-excerpt-more\" href=\"https:\/\/www.anovapeneira.gal\/index.php\/2024\/02\/28\/o-que-votamos\/\" title=\"O que votamos\">[&#8230;]<\/a><\/p>\n<\/div>","protected":false},"author":14,"featured_media":0,"comment_status":"open","ping_status":"open","sticky":false,"template":"","format":"standard","meta":{"_exactmetrics_skip_tracking":false,"_exactmetrics_sitenote_active":false,"_exactmetrics_sitenote_note":"","_exactmetrics_sitenote_category":0,"footnotes":""},"categories":[7],"tags":[],"class_list":{"0":"post-11341","1":"post","2":"type-post","3":"status-publish","4":"format-standard","6":"category-artigos-de-opinion"},"yoast_head":"<!-- This site is optimized with the Yoast SEO plugin v27.4 - https:\/\/yoast.com\/product\/yoast-seo-wordpress\/ -->\n<title>O que votamos -<\/title>\n<meta name=\"description\" content=\"Logo de m\u00e1is de quince d\u00edas vendo e partillando videos, memes e audios altamente positivos e optimistas de cara \u00e1s elecci\u00f3ns do pasado 18 de Febreiro en Galiza, eu tam\u00e9n acabei contaxi\u00e1ndome dese esp\u00edrito festivo e alangreaba ca idea de mudar o goberno do meu pa\u00eds\" \/>\n<meta name=\"robots\" content=\"index, follow, max-snippet:-1, max-image-preview:large, max-video-preview:-1\" \/>\n<link rel=\"canonical\" href=\"https:\/\/www.anovapeneira.gal\/index.php\/2024\/02\/28\/o-que-votamos\/\" \/>\n<meta property=\"og:locale\" content=\"gl_ES\" \/>\n<meta property=\"og:type\" content=\"article\" \/>\n<meta property=\"og:title\" content=\"O que votamos -\" \/>\n<meta property=\"og:description\" content=\"Logo de m\u00e1is de quince d\u00edas vendo e partillando videos, memes e audios altamente positivos e optimistas de cara \u00e1s elecci\u00f3ns do pasado 18 de Febreiro en Galiza, eu tam\u00e9n acabei contaxi\u00e1ndome dese esp\u00edrito festivo e alangreaba ca idea de mudar o goberno do meu pa\u00eds\" \/>\n<meta property=\"og:url\" content=\"https:\/\/www.anovapeneira.gal\/index.php\/2024\/02\/28\/o-que-votamos\/\" \/>\n<meta property=\"article:publisher\" content=\"https:\/\/www.facebook.com\/anovapeneira\" \/>\n<meta property=\"article:published_time\" content=\"2024-02-28T11:00:27+00:00\" \/>\n<meta property=\"og:image\" content=\"https:\/\/www.anovapeneira.gal\/wp-content\/uploads\/2019\/07\/ARTIGO_DE_OPINION_A_NOVA_PENEIRA.jpg\" \/>\n\t<meta property=\"og:image:width\" content=\"720\" \/>\n\t<meta property=\"og:image:height\" content=\"473\" \/>\n\t<meta property=\"og:image:type\" content=\"image\/jpeg\" \/>\n<meta name=\"author\" content=\"Xo\u00e1n Alonso\" \/>\n<meta name=\"twitter:card\" content=\"summary_large_image\" \/>\n<meta name=\"twitter:image\" content=\"https:\/\/www.anovapeneira.gal\/wp-content\/uploads\/2019\/07\/ARTIGO_DE_OPINION_A_NOVA_PENEIRA.jpg\" \/>\n<meta name=\"twitter:creator\" content=\"@APeneira\" \/>\n<meta name=\"twitter:site\" content=\"@APeneira\" \/>\n<meta name=\"twitter:label1\" content=\"Escrito por\" \/>\n\t<meta name=\"twitter:data1\" content=\"Xo\u00e1n Alonso\" \/>\n\t<meta name=\"twitter:label2\" content=\"Tempo de lectura\" \/>\n\t<meta name=\"twitter:data2\" content=\"3 minutos\" \/>\n<script type=\"application\/ld+json\" class=\"yoast-schema-graph\">{\"@context\":\"https:\\\/\\\/schema.org\",\"@graph\":[{\"@type\":\"Article\",\"@id\":\"https:\\\/\\\/www.anovapeneira.gal\\\/index.php\\\/2024\\\/02\\\/28\\\/o-que-votamos\\\/#article\",\"isPartOf\":{\"@id\":\"https:\\\/\\\/www.anovapeneira.gal\\\/index.php\\\/2024\\\/02\\\/28\\\/o-que-votamos\\\/\"},\"author\":{\"name\":\"Xo\u00e1n Alonso\",\"@id\":\"https:\\\/\\\/www.anovapeneira.gal\\\/#\\\/schema\\\/person\\\/3c0f6176a11937f0382c23cfcecc8810\"},\"headline\":\"O que votamos\",\"datePublished\":\"2024-02-28T11:00:27+00:00\",\"mainEntityOfPage\":{\"@id\":\"https:\\\/\\\/www.anovapeneira.gal\\\/index.php\\\/2024\\\/02\\\/28\\\/o-que-votamos\\\/\"},\"wordCount\":557,\"commentCount\":0,\"publisher\":{\"@id\":\"https:\\\/\\\/www.anovapeneira.gal\\\/#organization\"},\"image\":{\"@id\":\"https:\\\/\\\/www.anovapeneira.gal\\\/index.php\\\/2024\\\/02\\\/28\\\/o-que-votamos\\\/#primaryimage\"},\"thumbnailUrl\":\"https:\\\/\\\/www.anovapeneira.gal\\\/wp-content\\\/uploads\\\/2019\\\/07\\\/xoan_alonso_a_nova_peneira_r.jpg\",\"articleSection\":[\"Artigos de opini\u00f3n\"],\"inLanguage\":\"gl-ES\",\"potentialAction\":[{\"@type\":\"CommentAction\",\"name\":\"Comment\",\"target\":[\"https:\\\/\\\/www.anovapeneira.gal\\\/index.php\\\/2024\\\/02\\\/28\\\/o-que-votamos\\\/#respond\"]}]},{\"@type\":\"WebPage\",\"@id\":\"https:\\\/\\\/www.anovapeneira.gal\\\/index.php\\\/2024\\\/02\\\/28\\\/o-que-votamos\\\/\",\"url\":\"https:\\\/\\\/www.anovapeneira.gal\\\/index.php\\\/2024\\\/02\\\/28\\\/o-que-votamos\\\/\",\"name\":\"O que votamos -\",\"isPartOf\":{\"@id\":\"https:\\\/\\\/www.anovapeneira.gal\\\/#website\"},\"primaryImageOfPage\":{\"@id\":\"https:\\\/\\\/www.anovapeneira.gal\\\/index.php\\\/2024\\\/02\\\/28\\\/o-que-votamos\\\/#primaryimage\"},\"image\":{\"@id\":\"https:\\\/\\\/www.anovapeneira.gal\\\/index.php\\\/2024\\\/02\\\/28\\\/o-que-votamos\\\/#primaryimage\"},\"thumbnailUrl\":\"https:\\\/\\\/www.anovapeneira.gal\\\/wp-content\\\/uploads\\\/2019\\\/07\\\/xoan_alonso_a_nova_peneira_r.jpg\",\"datePublished\":\"2024-02-28T11:00:27+00:00\",\"description\":\"Logo de m\u00e1is de quince d\u00edas vendo e partillando videos, memes e audios altamente positivos e optimistas de cara \u00e1s elecci\u00f3ns do pasado 18 de Febreiro en Galiza, eu tam\u00e9n acabei contaxi\u00e1ndome dese esp\u00edrito festivo e alangreaba ca idea de mudar o goberno do meu pa\u00eds\",\"breadcrumb\":{\"@id\":\"https:\\\/\\\/www.anovapeneira.gal\\\/index.php\\\/2024\\\/02\\\/28\\\/o-que-votamos\\\/#breadcrumb\"},\"inLanguage\":\"gl-ES\",\"potentialAction\":[{\"@type\":\"ReadAction\",\"target\":[\"https:\\\/\\\/www.anovapeneira.gal\\\/index.php\\\/2024\\\/02\\\/28\\\/o-que-votamos\\\/\"]}]},{\"@type\":\"ImageObject\",\"inLanguage\":\"gl-ES\",\"@id\":\"https:\\\/\\\/www.anovapeneira.gal\\\/index.php\\\/2024\\\/02\\\/28\\\/o-que-votamos\\\/#primaryimage\",\"url\":\"https:\\\/\\\/www.anovapeneira.gal\\\/wp-content\\\/uploads\\\/2019\\\/07\\\/xoan_alonso_a_nova_peneira_r.jpg\",\"contentUrl\":\"https:\\\/\\\/www.anovapeneira.gal\\\/wp-content\\\/uploads\\\/2019\\\/07\\\/xoan_alonso_a_nova_peneira_r.jpg\",\"width\":190,\"height\":222,\"caption\":\"Xo\u00e1n Alonso. Correspondente de A Nova Peneira en Euskadi\"},{\"@type\":\"BreadcrumbList\",\"@id\":\"https:\\\/\\\/www.anovapeneira.gal\\\/index.php\\\/2024\\\/02\\\/28\\\/o-que-votamos\\\/#breadcrumb\",\"itemListElement\":[{\"@type\":\"ListItem\",\"position\":1,\"name\":\"Portada\",\"item\":\"https:\\\/\\\/www.anovapeneira.gal\\\/\"},{\"@type\":\"ListItem\",\"position\":2,\"name\":\"O que votamos\"}]},{\"@type\":\"WebSite\",\"@id\":\"https:\\\/\\\/www.anovapeneira.gal\\\/#website\",\"url\":\"https:\\\/\\\/www.anovapeneira.gal\\\/\",\"name\":\"\",\"description\":\"Xornal galego de informaci\u00f3n xeral Publicaci\u00f3n mensual de novas de Galicia e en especial dos Concellos da sur da provincia de Pontevedra.\",\"publisher\":{\"@id\":\"https:\\\/\\\/www.anovapeneira.gal\\\/#organization\"},\"potentialAction\":[{\"@type\":\"SearchAction\",\"target\":{\"@type\":\"EntryPoint\",\"urlTemplate\":\"https:\\\/\\\/www.anovapeneira.gal\\\/?s={search_term_string}\"},\"query-input\":{\"@type\":\"PropertyValueSpecification\",\"valueRequired\":true,\"valueName\":\"search_term_string\"}}],\"inLanguage\":\"gl-ES\"},{\"@type\":\"Organization\",\"@id\":\"https:\\\/\\\/www.anovapeneira.gal\\\/#organization\",\"name\":\"A Nova Peneira\",\"url\":\"https:\\\/\\\/www.anovapeneira.gal\\\/\",\"logo\":{\"@type\":\"ImageObject\",\"inLanguage\":\"gl-ES\",\"@id\":\"https:\\\/\\\/www.anovapeneira.gal\\\/#\\\/schema\\\/logo\\\/image\\\/\",\"url\":\"http:\\\/\\\/www.anovapeneira.gal\\\/wp-content\\\/uploads\\\/2019\\\/06\\\/logo_a_nova_peneira_portal_web.png\",\"contentUrl\":\"http:\\\/\\\/www.anovapeneira.gal\\\/wp-content\\\/uploads\\\/2019\\\/06\\\/logo_a_nova_peneira_portal_web.png\",\"width\":300,\"height\":100,\"caption\":\"A Nova Peneira\"},\"image\":{\"@id\":\"https:\\\/\\\/www.anovapeneira.gal\\\/#\\\/schema\\\/logo\\\/image\\\/\"},\"sameAs\":[\"https:\\\/\\\/www.facebook.com\\\/anovapeneira\",\"https:\\\/\\\/x.com\\\/APeneira\"]},{\"@type\":\"Person\",\"@id\":\"https:\\\/\\\/www.anovapeneira.gal\\\/#\\\/schema\\\/person\\\/3c0f6176a11937f0382c23cfcecc8810\",\"name\":\"Xo\u00e1n Alonso\",\"image\":{\"@type\":\"ImageObject\",\"inLanguage\":\"gl-ES\",\"@id\":\"https:\\\/\\\/secure.gravatar.com\\\/avatar\\\/2363e2851e208cf25381166cf12eec1cad20b87f47b38097822f83644f99412d?s=96&d=mm&r=g\",\"url\":\"https:\\\/\\\/secure.gravatar.com\\\/avatar\\\/2363e2851e208cf25381166cf12eec1cad20b87f47b38097822f83644f99412d?s=96&d=mm&r=g\",\"contentUrl\":\"https:\\\/\\\/secure.gravatar.com\\\/avatar\\\/2363e2851e208cf25381166cf12eec1cad20b87f47b38097822f83644f99412d?s=96&d=mm&r=g\",\"caption\":\"Xo\u00e1n Alonso\"},\"sameAs\":[\"http:\\\/\\\/anovapeneira.gal\"],\"url\":\"https:\\\/\\\/www.anovapeneira.gal\\\/index.php\\\/author\\\/opinionxoan-alonso\\\/\"}]}<\/script>\n<!-- \/ Yoast SEO plugin. -->","yoast_head_json":{"title":"O que votamos -","description":"Logo de m\u00e1is de quince d\u00edas vendo e partillando videos, memes e audios altamente positivos e optimistas de cara \u00e1s elecci\u00f3ns do pasado 18 de Febreiro en Galiza, eu tam\u00e9n acabei contaxi\u00e1ndome dese esp\u00edrito festivo e alangreaba ca idea de mudar o goberno do meu pa\u00eds","robots":{"index":"index","follow":"follow","max-snippet":"max-snippet:-1","max-image-preview":"max-image-preview:large","max-video-preview":"max-video-preview:-1"},"canonical":"https:\/\/www.anovapeneira.gal\/index.php\/2024\/02\/28\/o-que-votamos\/","og_locale":"gl_ES","og_type":"article","og_title":"O que votamos -","og_description":"Logo de m\u00e1is de quince d\u00edas vendo e partillando videos, memes e audios altamente positivos e optimistas de cara \u00e1s elecci\u00f3ns do pasado 18 de Febreiro en Galiza, eu tam\u00e9n acabei contaxi\u00e1ndome dese esp\u00edrito festivo e alangreaba ca idea de mudar o goberno do meu pa\u00eds","og_url":"https:\/\/www.anovapeneira.gal\/index.php\/2024\/02\/28\/o-que-votamos\/","article_publisher":"https:\/\/www.facebook.com\/anovapeneira","article_published_time":"2024-02-28T11:00:27+00:00","og_image":[{"width":720,"height":473,"url":"https:\/\/www.anovapeneira.gal\/wp-content\/uploads\/2019\/07\/ARTIGO_DE_OPINION_A_NOVA_PENEIRA.jpg","type":"image\/jpeg"}],"author":"Xo\u00e1n Alonso","twitter_card":"summary_large_image","twitter_image":"https:\/\/www.anovapeneira.gal\/wp-content\/uploads\/2019\/07\/ARTIGO_DE_OPINION_A_NOVA_PENEIRA.jpg","twitter_creator":"@APeneira","twitter_site":"@APeneira","twitter_misc":{"Escrito por":"Xo\u00e1n Alonso","Tempo de lectura":"3 minutos"},"schema":{"@context":"https:\/\/schema.org","@graph":[{"@type":"Article","@id":"https:\/\/www.anovapeneira.gal\/index.php\/2024\/02\/28\/o-que-votamos\/#article","isPartOf":{"@id":"https:\/\/www.anovapeneira.gal\/index.php\/2024\/02\/28\/o-que-votamos\/"},"author":{"name":"Xo\u00e1n Alonso","@id":"https:\/\/www.anovapeneira.gal\/#\/schema\/person\/3c0f6176a11937f0382c23cfcecc8810"},"headline":"O que votamos","datePublished":"2024-02-28T11:00:27+00:00","mainEntityOfPage":{"@id":"https:\/\/www.anovapeneira.gal\/index.php\/2024\/02\/28\/o-que-votamos\/"},"wordCount":557,"commentCount":0,"publisher":{"@id":"https:\/\/www.anovapeneira.gal\/#organization"},"image":{"@id":"https:\/\/www.anovapeneira.gal\/index.php\/2024\/02\/28\/o-que-votamos\/#primaryimage"},"thumbnailUrl":"https:\/\/www.anovapeneira.gal\/wp-content\/uploads\/2019\/07\/xoan_alonso_a_nova_peneira_r.jpg","articleSection":["Artigos de opini\u00f3n"],"inLanguage":"gl-ES","potentialAction":[{"@type":"CommentAction","name":"Comment","target":["https:\/\/www.anovapeneira.gal\/index.php\/2024\/02\/28\/o-que-votamos\/#respond"]}]},{"@type":"WebPage","@id":"https:\/\/www.anovapeneira.gal\/index.php\/2024\/02\/28\/o-que-votamos\/","url":"https:\/\/www.anovapeneira.gal\/index.php\/2024\/02\/28\/o-que-votamos\/","name":"O que votamos -","isPartOf":{"@id":"https:\/\/www.anovapeneira.gal\/#website"},"primaryImageOfPage":{"@id":"https:\/\/www.anovapeneira.gal\/index.php\/2024\/02\/28\/o-que-votamos\/#primaryimage"},"image":{"@id":"https:\/\/www.anovapeneira.gal\/index.php\/2024\/02\/28\/o-que-votamos\/#primaryimage"},"thumbnailUrl":"https:\/\/www.anovapeneira.gal\/wp-content\/uploads\/2019\/07\/xoan_alonso_a_nova_peneira_r.jpg","datePublished":"2024-02-28T11:00:27+00:00","description":"Logo de m\u00e1is de quince d\u00edas vendo e partillando videos, memes e audios altamente positivos e optimistas de cara \u00e1s elecci\u00f3ns do pasado 18 de Febreiro en Galiza, eu tam\u00e9n acabei contaxi\u00e1ndome dese esp\u00edrito festivo e alangreaba ca idea de mudar o goberno do meu pa\u00eds","breadcrumb":{"@id":"https:\/\/www.anovapeneira.gal\/index.php\/2024\/02\/28\/o-que-votamos\/#breadcrumb"},"inLanguage":"gl-ES","potentialAction":[{"@type":"ReadAction","target":["https:\/\/www.anovapeneira.gal\/index.php\/2024\/02\/28\/o-que-votamos\/"]}]},{"@type":"ImageObject","inLanguage":"gl-ES","@id":"https:\/\/www.anovapeneira.gal\/index.php\/2024\/02\/28\/o-que-votamos\/#primaryimage","url":"https:\/\/www.anovapeneira.gal\/wp-content\/uploads\/2019\/07\/xoan_alonso_a_nova_peneira_r.jpg","contentUrl":"https:\/\/www.anovapeneira.gal\/wp-content\/uploads\/2019\/07\/xoan_alonso_a_nova_peneira_r.jpg","width":190,"height":222,"caption":"Xo\u00e1n Alonso. Correspondente de A Nova Peneira en Euskadi"},{"@type":"BreadcrumbList","@id":"https:\/\/www.anovapeneira.gal\/index.php\/2024\/02\/28\/o-que-votamos\/#breadcrumb","itemListElement":[{"@type":"ListItem","position":1,"name":"Portada","item":"https:\/\/www.anovapeneira.gal\/"},{"@type":"ListItem","position":2,"name":"O que votamos"}]},{"@type":"WebSite","@id":"https:\/\/www.anovapeneira.gal\/#website","url":"https:\/\/www.anovapeneira.gal\/","name":"","description":"Xornal galego de informaci\u00f3n xeral Publicaci\u00f3n mensual de novas de Galicia e en especial dos Concellos da sur da provincia de Pontevedra.","publisher":{"@id":"https:\/\/www.anovapeneira.gal\/#organization"},"potentialAction":[{"@type":"SearchAction","target":{"@type":"EntryPoint","urlTemplate":"https:\/\/www.anovapeneira.gal\/?s={search_term_string}"},"query-input":{"@type":"PropertyValueSpecification","valueRequired":true,"valueName":"search_term_string"}}],"inLanguage":"gl-ES"},{"@type":"Organization","@id":"https:\/\/www.anovapeneira.gal\/#organization","name":"A Nova Peneira","url":"https:\/\/www.anovapeneira.gal\/","logo":{"@type":"ImageObject","inLanguage":"gl-ES","@id":"https:\/\/www.anovapeneira.gal\/#\/schema\/logo\/image\/","url":"http:\/\/www.anovapeneira.gal\/wp-content\/uploads\/2019\/06\/logo_a_nova_peneira_portal_web.png","contentUrl":"http:\/\/www.anovapeneira.gal\/wp-content\/uploads\/2019\/06\/logo_a_nova_peneira_portal_web.png","width":300,"height":100,"caption":"A Nova Peneira"},"image":{"@id":"https:\/\/www.anovapeneira.gal\/#\/schema\/logo\/image\/"},"sameAs":["https:\/\/www.facebook.com\/anovapeneira","https:\/\/x.com\/APeneira"]},{"@type":"Person","@id":"https:\/\/www.anovapeneira.gal\/#\/schema\/person\/3c0f6176a11937f0382c23cfcecc8810","name":"Xo\u00e1n Alonso","image":{"@type":"ImageObject","inLanguage":"gl-ES","@id":"https:\/\/secure.gravatar.com\/avatar\/2363e2851e208cf25381166cf12eec1cad20b87f47b38097822f83644f99412d?s=96&d=mm&r=g","url":"https:\/\/secure.gravatar.com\/avatar\/2363e2851e208cf25381166cf12eec1cad20b87f47b38097822f83644f99412d?s=96&d=mm&r=g","contentUrl":"https:\/\/secure.gravatar.com\/avatar\/2363e2851e208cf25381166cf12eec1cad20b87f47b38097822f83644f99412d?s=96&d=mm&r=g","caption":"Xo\u00e1n Alonso"},"sameAs":["http:\/\/anovapeneira.gal"],"url":"https:\/\/www.anovapeneira.gal\/index.php\/author\/opinionxoan-alonso\/"}]}},"jetpack_featured_media_url":"","_links":{"self":[{"href":"https:\/\/www.anovapeneira.gal\/index.php\/wp-json\/wp\/v2\/posts\/11341","targetHints":{"allow":["GET"]}}],"collection":[{"href":"https:\/\/www.anovapeneira.gal\/index.php\/wp-json\/wp\/v2\/posts"}],"about":[{"href":"https:\/\/www.anovapeneira.gal\/index.php\/wp-json\/wp\/v2\/types\/post"}],"author":[{"embeddable":true,"href":"https:\/\/www.anovapeneira.gal\/index.php\/wp-json\/wp\/v2\/users\/14"}],"replies":[{"embeddable":true,"href":"https:\/\/www.anovapeneira.gal\/index.php\/wp-json\/wp\/v2\/comments?post=11341"}],"version-history":[{"count":1,"href":"https:\/\/www.anovapeneira.gal\/index.php\/wp-json\/wp\/v2\/posts\/11341\/revisions"}],"predecessor-version":[{"id":11342,"href":"https:\/\/www.anovapeneira.gal\/index.php\/wp-json\/wp\/v2\/posts\/11341\/revisions\/11342"}],"wp:attachment":[{"href":"https:\/\/www.anovapeneira.gal\/index.php\/wp-json\/wp\/v2\/media?parent=11341"}],"wp:term":[{"taxonomy":"category","embeddable":true,"href":"https:\/\/www.anovapeneira.gal\/index.php\/wp-json\/wp\/v2\/categories?post=11341"},{"taxonomy":"post_tag","embeddable":true,"href":"https:\/\/www.anovapeneira.gal\/index.php\/wp-json\/wp\/v2\/tags?post=11341"}],"curies":[{"name":"wp","href":"https:\/\/api.w.org\/{rel}","templated":true}]}}