{"id":11343,"date":"2024-02-29T10:00:57","date_gmt":"2024-02-29T09:00:57","guid":{"rendered":"https:\/\/www.anovapeneira.gal\/?p=11343"},"modified":"2024-02-27T12:31:29","modified_gmt":"2024-02-27T11:31:29","slug":"e-redondela-movese-balance-de-nove-meses-de-goberno-municipal","status":"publish","type":"post","link":"https:\/\/www.anovapeneira.gal\/index.php\/2024\/02\/29\/e-redondela-movese-balance-de-nove-meses-de-goberno-municipal\/","title":{"rendered":"E Redondela, m\u00f3vese? Balance de nove meses de goberno municipal"},"content":{"rendered":"\n<p>A cita eleitoral de maio 2023 redefin\u00edu o mapa eleitoral redondel\u00e1, cun BNG convertido na \u00fanica forza cunha suba significativa, duplicando no n\u00famero de votos. A Lei D`Hont s\u00f3 deparou a suba para a nosa organizaci\u00f3n nun concelleiro. Fieis \u00e1 palabra dada, facilitamos a investidura da candidata socialista, Digna Rivas. Nas posteriores negociaci\u00f3ns non se chegou a un acordo para un goberno co PSOE e AER.<\/p>\n\n\n\n<p>Dende aquela a din\u00e1mica municipal caracterizouse pola \u201cderiva na acci\u00f3n pol\u00edtica\u201d, e pola \u201cconstante denuncia\u201d. Na primeira atop\u00e1monos a un goberno municipal que a\u00ednda a d\u00eda de hoxe non foi quen de realizar unha proposta de orzamentos, nin dunha planificaci\u00f3n para poder consensuar co BNG. Malia as nosas constantes chamadas ao di\u00e1logo para poder dese\u00f1ar o noso apoio ao goberno de Rivas, os resultados non son nada positivos. Mesmo chegouse a forzar \u00e1 nosa organizaci\u00f3n a tomar posicionamentos no Pleno, sen antes consensuar acordos. Un dos exemplos m\u00e1is claros, a aprobaci\u00f3n das bases de contrataci\u00f3n do Servizo de Axuda no Fogar.<\/p>\n\n\n\n<p>A segunda caracter\u00edstica municipal destes meses; un Partido Popular desbocado nas denuncias no xulgado, e un goberno municipal atenazado. Da man de Javier Bas, os populares sen propostas adic\u00e1ronse a pasear o nome don noso concello polos xulgados. Pola s\u00faa parte o goberno de Digna Rivas, limit\u00e1base a actuar \u00e1s demandas que a golpe de facebook o somet\u00eda o PP.<\/p>\n\n\n\n<p>Redondela atravesa dende hai unha d\u00e9cada unha importante crise de poboaci\u00f3n. Nestes anos perdemos ata mil habitantes, e fronte a outros concellos que tiveron descensos e medres, no caso redondel\u00e1 esta situaci\u00f3n estase cronificando. A xu\u00edzo do BNG, estamos ante un s\u00edntoma de que algo est\u00e1 a pasar, e debemos por todo o noso empe\u00f1o en cambiar esta din\u00e1mica. Outro s\u00edntoma desta par\u00e1lise refl\u00e9xase nun movemento asociativo e veci\u00f1al noutrora puxante aletargado dende hai anos.<\/p>\n\n\n\n<p>Xa o dixemos en campa\u00f1a, Redondela necesita tranquilidade, seguridade e sosego. A acci\u00f3n do goberno non se pode ver constantemente sobresaltada e sen planificaci\u00f3n. O BNG estivo e estar\u00e1 para colaborar en acci\u00f3n rigorosa, mais tam\u00e9n propositiva. Que non conten con n\u00f3s para facer funambulismo pol\u00edtico buscando o noso apoio somentespara sa\u00edr do paso.<\/p>\n\n\n\n<p>Necesitamos constru\u00edr unha alternativa ao Partido Popular con altura de miras, sen complexos respetando o equilibrio de forzas da que a veci\u00f1anza nos dotou. Necesitamos mellorar as infraestructuras b\u00e1sicas, axilizar a atenci\u00f3n \u00e1s persoas e familias que est\u00e1n sufrindo o impacto da crise, facilitar que os mozos e mozas redondel\u00e1s se sintan protagonistas da vida do noso concello. Continuamos no Bloque Nacionalista Galego de Redondela con m\u00e1is folgos que nunca traballando para desenvolver un proxecto ilusionante como o de constru\u00edr un novo concello.<\/p>\n","protected":false},"excerpt":{"rendered":"<div class=\"mh-excerpt\"><p>A cita eleitoral de maio 2023 redefin\u00edu o mapa eleitoral redondel\u00e1, cun BNG convertido na \u00fanica forza cunha suba significativa, duplicando no n\u00famero de votos. A Lei D`Hont s\u00f3 deparou a suba para a nosa organizaci\u00f3n nun concelleiro <a class=\"mh-excerpt-more\" href=\"https:\/\/www.anovapeneira.gal\/index.php\/2024\/02\/29\/e-redondela-movese-balance-de-nove-meses-de-goberno-municipal\/\" title=\"E Redondela, m\u00f3vese? Balance de nove meses de goberno municipal\">[&#8230;]<\/a><\/p>\n<\/div>","protected":false},"author":3,"featured_media":8263,"comment_status":"open","ping_status":"open","sticky":false,"template":"","format":"standard","meta":{"_exactmetrics_skip_tracking":false,"_exactmetrics_sitenote_active":false,"_exactmetrics_sitenote_note":"","_exactmetrics_sitenote_category":0,"footnotes":""},"categories":[24],"tags":[171],"class_list":{"0":"post-11343","1":"post","2":"type-post","3":"status-publish","4":"format-standard","5":"has-post-thumbnail","7":"category-redondela","8":"tag-concello-de-redondela"},"yoast_head":"<!-- This site is optimized with the Yoast SEO plugin v27.4 - https:\/\/yoast.com\/product\/yoast-seo-wordpress\/ -->\n<title>E Redondela, m\u00f3vese? Balance de nove meses de goberno municipal -<\/title>\n<meta name=\"description\" content=\"A cita eleitoral de maio 2023 redefin\u00edu o mapa eleitoral redondel\u00e1, cun BNG convertido na \u00fanica forza cunha suba significativa, duplicando no n\u00famero de votos. A Lei D`Hont s\u00f3 deparou a suba para a nosa organizaci\u00f3n nun concelleiro\" \/>\n<meta name=\"robots\" content=\"index, follow, max-snippet:-1, max-image-preview:large, max-video-preview:-1\" \/>\n<link rel=\"canonical\" href=\"https:\/\/www.anovapeneira.gal\/index.php\/2024\/02\/29\/e-redondela-movese-balance-de-nove-meses-de-goberno-municipal\/\" \/>\n<meta property=\"og:locale\" content=\"gl_ES\" \/>\n<meta property=\"og:type\" content=\"article\" \/>\n<meta property=\"og:title\" content=\"E Redondela, m\u00f3vese? Balance de nove meses de goberno municipal -\" \/>\n<meta property=\"og:description\" content=\"A cita eleitoral de maio 2023 redefin\u00edu o mapa eleitoral redondel\u00e1, cun BNG convertido na \u00fanica forza cunha suba significativa, duplicando no n\u00famero de votos. A Lei D`Hont s\u00f3 deparou a suba para a nosa organizaci\u00f3n nun concelleiro\" \/>\n<meta property=\"og:url\" content=\"https:\/\/www.anovapeneira.gal\/index.php\/2024\/02\/29\/e-redondela-movese-balance-de-nove-meses-de-goberno-municipal\/\" \/>\n<meta property=\"article:publisher\" content=\"https:\/\/www.facebook.com\/anovapeneira\" \/>\n<meta property=\"article:published_time\" content=\"2024-02-29T09:00:57+00:00\" \/>\n<meta property=\"og:image\" content=\"https:\/\/www.anovapeneira.gal\/wp-content\/uploads\/2022\/09\/bng_logo.png\" \/>\n\t<meta property=\"og:image:width\" content=\"720\" \/>\n\t<meta property=\"og:image:height\" content=\"432\" \/>\n\t<meta property=\"og:image:type\" content=\"image\/png\" \/>\n<meta name=\"author\" content=\"Redacci\u00f3n A Nova Peneira\" \/>\n<meta name=\"twitter:card\" content=\"summary_large_image\" \/>\n<meta name=\"twitter:creator\" content=\"@APeneira\" \/>\n<meta name=\"twitter:site\" content=\"@APeneira\" \/>\n<meta name=\"twitter:label1\" content=\"Escrito por\" \/>\n\t<meta name=\"twitter:data1\" content=\"Redacci\u00f3n A Nova Peneira\" \/>\n\t<meta name=\"twitter:label2\" content=\"Tempo de lectura\" \/>\n\t<meta name=\"twitter:data2\" content=\"3 minutos\" \/>\n<script type=\"application\/ld+json\" class=\"yoast-schema-graph\">{\"@context\":\"https:\\\/\\\/schema.org\",\"@graph\":[{\"@type\":\"Article\",\"@id\":\"https:\\\/\\\/www.anovapeneira.gal\\\/index.php\\\/2024\\\/02\\\/29\\\/e-redondela-movese-balance-de-nove-meses-de-goberno-municipal\\\/#article\",\"isPartOf\":{\"@id\":\"https:\\\/\\\/www.anovapeneira.gal\\\/index.php\\\/2024\\\/02\\\/29\\\/e-redondela-movese-balance-de-nove-meses-de-goberno-municipal\\\/\"},\"author\":{\"name\":\"Redacci\u00f3n A Nova Peneira\",\"@id\":\"https:\\\/\\\/www.anovapeneira.gal\\\/#\\\/schema\\\/person\\\/b93e3f8932e3f8da96334607eb6ac6aa\"},\"headline\":\"E Redondela, m\u00f3vese? Balance de nove meses de goberno municipal\",\"datePublished\":\"2024-02-29T09:00:57+00:00\",\"mainEntityOfPage\":{\"@id\":\"https:\\\/\\\/www.anovapeneira.gal\\\/index.php\\\/2024\\\/02\\\/29\\\/e-redondela-movese-balance-de-nove-meses-de-goberno-municipal\\\/\"},\"wordCount\":497,\"commentCount\":0,\"publisher\":{\"@id\":\"https:\\\/\\\/www.anovapeneira.gal\\\/#organization\"},\"image\":{\"@id\":\"https:\\\/\\\/www.anovapeneira.gal\\\/index.php\\\/2024\\\/02\\\/29\\\/e-redondela-movese-balance-de-nove-meses-de-goberno-municipal\\\/#primaryimage\"},\"thumbnailUrl\":\"https:\\\/\\\/www.anovapeneira.gal\\\/wp-content\\\/uploads\\\/2022\\\/09\\\/bng_logo.png\",\"keywords\":[\"Concello de Redondela\"],\"articleSection\":[\"Redondela\"],\"inLanguage\":\"gl-ES\",\"potentialAction\":[{\"@type\":\"CommentAction\",\"name\":\"Comment\",\"target\":[\"https:\\\/\\\/www.anovapeneira.gal\\\/index.php\\\/2024\\\/02\\\/29\\\/e-redondela-movese-balance-de-nove-meses-de-goberno-municipal\\\/#respond\"]}]},{\"@type\":\"WebPage\",\"@id\":\"https:\\\/\\\/www.anovapeneira.gal\\\/index.php\\\/2024\\\/02\\\/29\\\/e-redondela-movese-balance-de-nove-meses-de-goberno-municipal\\\/\",\"url\":\"https:\\\/\\\/www.anovapeneira.gal\\\/index.php\\\/2024\\\/02\\\/29\\\/e-redondela-movese-balance-de-nove-meses-de-goberno-municipal\\\/\",\"name\":\"E Redondela, m\u00f3vese? Balance de nove meses de goberno municipal -\",\"isPartOf\":{\"@id\":\"https:\\\/\\\/www.anovapeneira.gal\\\/#website\"},\"primaryImageOfPage\":{\"@id\":\"https:\\\/\\\/www.anovapeneira.gal\\\/index.php\\\/2024\\\/02\\\/29\\\/e-redondela-movese-balance-de-nove-meses-de-goberno-municipal\\\/#primaryimage\"},\"image\":{\"@id\":\"https:\\\/\\\/www.anovapeneira.gal\\\/index.php\\\/2024\\\/02\\\/29\\\/e-redondela-movese-balance-de-nove-meses-de-goberno-municipal\\\/#primaryimage\"},\"thumbnailUrl\":\"https:\\\/\\\/www.anovapeneira.gal\\\/wp-content\\\/uploads\\\/2022\\\/09\\\/bng_logo.png\",\"datePublished\":\"2024-02-29T09:00:57+00:00\",\"description\":\"A cita eleitoral de maio 2023 redefin\u00edu o mapa eleitoral redondel\u00e1, cun BNG convertido na \u00fanica forza cunha suba significativa, duplicando no n\u00famero de votos. A Lei D`Hont s\u00f3 deparou a suba para a nosa organizaci\u00f3n nun concelleiro\",\"breadcrumb\":{\"@id\":\"https:\\\/\\\/www.anovapeneira.gal\\\/index.php\\\/2024\\\/02\\\/29\\\/e-redondela-movese-balance-de-nove-meses-de-goberno-municipal\\\/#breadcrumb\"},\"inLanguage\":\"gl-ES\",\"potentialAction\":[{\"@type\":\"ReadAction\",\"target\":[\"https:\\\/\\\/www.anovapeneira.gal\\\/index.php\\\/2024\\\/02\\\/29\\\/e-redondela-movese-balance-de-nove-meses-de-goberno-municipal\\\/\"]}]},{\"@type\":\"ImageObject\",\"inLanguage\":\"gl-ES\",\"@id\":\"https:\\\/\\\/www.anovapeneira.gal\\\/index.php\\\/2024\\\/02\\\/29\\\/e-redondela-movese-balance-de-nove-meses-de-goberno-municipal\\\/#primaryimage\",\"url\":\"https:\\\/\\\/www.anovapeneira.gal\\\/wp-content\\\/uploads\\\/2022\\\/09\\\/bng_logo.png\",\"contentUrl\":\"https:\\\/\\\/www.anovapeneira.gal\\\/wp-content\\\/uploads\\\/2022\\\/09\\\/bng_logo.png\",\"width\":720,\"height\":432,\"caption\":\"Logotipo BNG\"},{\"@type\":\"BreadcrumbList\",\"@id\":\"https:\\\/\\\/www.anovapeneira.gal\\\/index.php\\\/2024\\\/02\\\/29\\\/e-redondela-movese-balance-de-nove-meses-de-goberno-municipal\\\/#breadcrumb\",\"itemListElement\":[{\"@type\":\"ListItem\",\"position\":1,\"name\":\"Portada\",\"item\":\"https:\\\/\\\/www.anovapeneira.gal\\\/\"},{\"@type\":\"ListItem\",\"position\":2,\"name\":\"E Redondela, m\u00f3vese? Balance de nove meses de goberno municipal\"}]},{\"@type\":\"WebSite\",\"@id\":\"https:\\\/\\\/www.anovapeneira.gal\\\/#website\",\"url\":\"https:\\\/\\\/www.anovapeneira.gal\\\/\",\"name\":\"\",\"description\":\"Xornal galego de informaci\u00f3n xeral Publicaci\u00f3n mensual de novas de Galicia e en especial dos Concellos da sur da provincia de Pontevedra.\",\"publisher\":{\"@id\":\"https:\\\/\\\/www.anovapeneira.gal\\\/#organization\"},\"potentialAction\":[{\"@type\":\"SearchAction\",\"target\":{\"@type\":\"EntryPoint\",\"urlTemplate\":\"https:\\\/\\\/www.anovapeneira.gal\\\/?s={search_term_string}\"},\"query-input\":{\"@type\":\"PropertyValueSpecification\",\"valueRequired\":true,\"valueName\":\"search_term_string\"}}],\"inLanguage\":\"gl-ES\"},{\"@type\":\"Organization\",\"@id\":\"https:\\\/\\\/www.anovapeneira.gal\\\/#organization\",\"name\":\"A Nova Peneira\",\"url\":\"https:\\\/\\\/www.anovapeneira.gal\\\/\",\"logo\":{\"@type\":\"ImageObject\",\"inLanguage\":\"gl-ES\",\"@id\":\"https:\\\/\\\/www.anovapeneira.gal\\\/#\\\/schema\\\/logo\\\/image\\\/\",\"url\":\"http:\\\/\\\/www.anovapeneira.gal\\\/wp-content\\\/uploads\\\/2019\\\/06\\\/logo_a_nova_peneira_portal_web.png\",\"contentUrl\":\"http:\\\/\\\/www.anovapeneira.gal\\\/wp-content\\\/uploads\\\/2019\\\/06\\\/logo_a_nova_peneira_portal_web.png\",\"width\":300,\"height\":100,\"caption\":\"A Nova Peneira\"},\"image\":{\"@id\":\"https:\\\/\\\/www.anovapeneira.gal\\\/#\\\/schema\\\/logo\\\/image\\\/\"},\"sameAs\":[\"https:\\\/\\\/www.facebook.com\\\/anovapeneira\",\"https:\\\/\\\/x.com\\\/APeneira\"]},{\"@type\":\"Person\",\"@id\":\"https:\\\/\\\/www.anovapeneira.gal\\\/#\\\/schema\\\/person\\\/b93e3f8932e3f8da96334607eb6ac6aa\",\"name\":\"Redacci\u00f3n A Nova Peneira\",\"image\":{\"@type\":\"ImageObject\",\"inLanguage\":\"gl-ES\",\"@id\":\"https:\\\/\\\/secure.gravatar.com\\\/avatar\\\/c052a2551a06e23fac63626232eaa90abd78dbcf1700fc46a2b2c89fd27b735f?s=96&d=mm&r=g\",\"url\":\"https:\\\/\\\/secure.gravatar.com\\\/avatar\\\/c052a2551a06e23fac63626232eaa90abd78dbcf1700fc46a2b2c89fd27b735f?s=96&d=mm&r=g\",\"contentUrl\":\"https:\\\/\\\/secure.gravatar.com\\\/avatar\\\/c052a2551a06e23fac63626232eaa90abd78dbcf1700fc46a2b2c89fd27b735f?s=96&d=mm&r=g\",\"caption\":\"Redacci\u00f3n A Nova Peneira\"},\"sameAs\":[\"http:\\\/\\\/www.anovapeneira.gal\\\/\"],\"url\":\"https:\\\/\\\/www.anovapeneira.gal\\\/index.php\\\/author\\\/redactor\\\/\"}]}<\/script>\n<!-- \/ Yoast SEO plugin. -->","yoast_head_json":{"title":"E Redondela, m\u00f3vese? Balance de nove meses de goberno municipal -","description":"A cita eleitoral de maio 2023 redefin\u00edu o mapa eleitoral redondel\u00e1, cun BNG convertido na \u00fanica forza cunha suba significativa, duplicando no n\u00famero de votos. A Lei D`Hont s\u00f3 deparou a suba para a nosa organizaci\u00f3n nun concelleiro","robots":{"index":"index","follow":"follow","max-snippet":"max-snippet:-1","max-image-preview":"max-image-preview:large","max-video-preview":"max-video-preview:-1"},"canonical":"https:\/\/www.anovapeneira.gal\/index.php\/2024\/02\/29\/e-redondela-movese-balance-de-nove-meses-de-goberno-municipal\/","og_locale":"gl_ES","og_type":"article","og_title":"E Redondela, m\u00f3vese? Balance de nove meses de goberno municipal -","og_description":"A cita eleitoral de maio 2023 redefin\u00edu o mapa eleitoral redondel\u00e1, cun BNG convertido na \u00fanica forza cunha suba significativa, duplicando no n\u00famero de votos. A Lei D`Hont s\u00f3 deparou a suba para a nosa organizaci\u00f3n nun concelleiro","og_url":"https:\/\/www.anovapeneira.gal\/index.php\/2024\/02\/29\/e-redondela-movese-balance-de-nove-meses-de-goberno-municipal\/","article_publisher":"https:\/\/www.facebook.com\/anovapeneira","article_published_time":"2024-02-29T09:00:57+00:00","og_image":[{"width":720,"height":432,"url":"https:\/\/www.anovapeneira.gal\/wp-content\/uploads\/2022\/09\/bng_logo.png","type":"image\/png"}],"author":"Redacci\u00f3n A Nova Peneira","twitter_card":"summary_large_image","twitter_creator":"@APeneira","twitter_site":"@APeneira","twitter_misc":{"Escrito por":"Redacci\u00f3n A Nova Peneira","Tempo de lectura":"3 minutos"},"schema":{"@context":"https:\/\/schema.org","@graph":[{"@type":"Article","@id":"https:\/\/www.anovapeneira.gal\/index.php\/2024\/02\/29\/e-redondela-movese-balance-de-nove-meses-de-goberno-municipal\/#article","isPartOf":{"@id":"https:\/\/www.anovapeneira.gal\/index.php\/2024\/02\/29\/e-redondela-movese-balance-de-nove-meses-de-goberno-municipal\/"},"author":{"name":"Redacci\u00f3n A Nova Peneira","@id":"https:\/\/www.anovapeneira.gal\/#\/schema\/person\/b93e3f8932e3f8da96334607eb6ac6aa"},"headline":"E Redondela, m\u00f3vese? Balance de nove meses de goberno municipal","datePublished":"2024-02-29T09:00:57+00:00","mainEntityOfPage":{"@id":"https:\/\/www.anovapeneira.gal\/index.php\/2024\/02\/29\/e-redondela-movese-balance-de-nove-meses-de-goberno-municipal\/"},"wordCount":497,"commentCount":0,"publisher":{"@id":"https:\/\/www.anovapeneira.gal\/#organization"},"image":{"@id":"https:\/\/www.anovapeneira.gal\/index.php\/2024\/02\/29\/e-redondela-movese-balance-de-nove-meses-de-goberno-municipal\/#primaryimage"},"thumbnailUrl":"https:\/\/www.anovapeneira.gal\/wp-content\/uploads\/2022\/09\/bng_logo.png","keywords":["Concello de Redondela"],"articleSection":["Redondela"],"inLanguage":"gl-ES","potentialAction":[{"@type":"CommentAction","name":"Comment","target":["https:\/\/www.anovapeneira.gal\/index.php\/2024\/02\/29\/e-redondela-movese-balance-de-nove-meses-de-goberno-municipal\/#respond"]}]},{"@type":"WebPage","@id":"https:\/\/www.anovapeneira.gal\/index.php\/2024\/02\/29\/e-redondela-movese-balance-de-nove-meses-de-goberno-municipal\/","url":"https:\/\/www.anovapeneira.gal\/index.php\/2024\/02\/29\/e-redondela-movese-balance-de-nove-meses-de-goberno-municipal\/","name":"E Redondela, m\u00f3vese? Balance de nove meses de goberno municipal -","isPartOf":{"@id":"https:\/\/www.anovapeneira.gal\/#website"},"primaryImageOfPage":{"@id":"https:\/\/www.anovapeneira.gal\/index.php\/2024\/02\/29\/e-redondela-movese-balance-de-nove-meses-de-goberno-municipal\/#primaryimage"},"image":{"@id":"https:\/\/www.anovapeneira.gal\/index.php\/2024\/02\/29\/e-redondela-movese-balance-de-nove-meses-de-goberno-municipal\/#primaryimage"},"thumbnailUrl":"https:\/\/www.anovapeneira.gal\/wp-content\/uploads\/2022\/09\/bng_logo.png","datePublished":"2024-02-29T09:00:57+00:00","description":"A cita eleitoral de maio 2023 redefin\u00edu o mapa eleitoral redondel\u00e1, cun BNG convertido na \u00fanica forza cunha suba significativa, duplicando no n\u00famero de votos. A Lei D`Hont s\u00f3 deparou a suba para a nosa organizaci\u00f3n nun concelleiro","breadcrumb":{"@id":"https:\/\/www.anovapeneira.gal\/index.php\/2024\/02\/29\/e-redondela-movese-balance-de-nove-meses-de-goberno-municipal\/#breadcrumb"},"inLanguage":"gl-ES","potentialAction":[{"@type":"ReadAction","target":["https:\/\/www.anovapeneira.gal\/index.php\/2024\/02\/29\/e-redondela-movese-balance-de-nove-meses-de-goberno-municipal\/"]}]},{"@type":"ImageObject","inLanguage":"gl-ES","@id":"https:\/\/www.anovapeneira.gal\/index.php\/2024\/02\/29\/e-redondela-movese-balance-de-nove-meses-de-goberno-municipal\/#primaryimage","url":"https:\/\/www.anovapeneira.gal\/wp-content\/uploads\/2022\/09\/bng_logo.png","contentUrl":"https:\/\/www.anovapeneira.gal\/wp-content\/uploads\/2022\/09\/bng_logo.png","width":720,"height":432,"caption":"Logotipo BNG"},{"@type":"BreadcrumbList","@id":"https:\/\/www.anovapeneira.gal\/index.php\/2024\/02\/29\/e-redondela-movese-balance-de-nove-meses-de-goberno-municipal\/#breadcrumb","itemListElement":[{"@type":"ListItem","position":1,"name":"Portada","item":"https:\/\/www.anovapeneira.gal\/"},{"@type":"ListItem","position":2,"name":"E Redondela, m\u00f3vese? Balance de nove meses de goberno municipal"}]},{"@type":"WebSite","@id":"https:\/\/www.anovapeneira.gal\/#website","url":"https:\/\/www.anovapeneira.gal\/","name":"","description":"Xornal galego de informaci\u00f3n xeral Publicaci\u00f3n mensual de novas de Galicia e en especial dos Concellos da sur da provincia de Pontevedra.","publisher":{"@id":"https:\/\/www.anovapeneira.gal\/#organization"},"potentialAction":[{"@type":"SearchAction","target":{"@type":"EntryPoint","urlTemplate":"https:\/\/www.anovapeneira.gal\/?s={search_term_string}"},"query-input":{"@type":"PropertyValueSpecification","valueRequired":true,"valueName":"search_term_string"}}],"inLanguage":"gl-ES"},{"@type":"Organization","@id":"https:\/\/www.anovapeneira.gal\/#organization","name":"A Nova Peneira","url":"https:\/\/www.anovapeneira.gal\/","logo":{"@type":"ImageObject","inLanguage":"gl-ES","@id":"https:\/\/www.anovapeneira.gal\/#\/schema\/logo\/image\/","url":"http:\/\/www.anovapeneira.gal\/wp-content\/uploads\/2019\/06\/logo_a_nova_peneira_portal_web.png","contentUrl":"http:\/\/www.anovapeneira.gal\/wp-content\/uploads\/2019\/06\/logo_a_nova_peneira_portal_web.png","width":300,"height":100,"caption":"A Nova Peneira"},"image":{"@id":"https:\/\/www.anovapeneira.gal\/#\/schema\/logo\/image\/"},"sameAs":["https:\/\/www.facebook.com\/anovapeneira","https:\/\/x.com\/APeneira"]},{"@type":"Person","@id":"https:\/\/www.anovapeneira.gal\/#\/schema\/person\/b93e3f8932e3f8da96334607eb6ac6aa","name":"Redacci\u00f3n A Nova Peneira","image":{"@type":"ImageObject","inLanguage":"gl-ES","@id":"https:\/\/secure.gravatar.com\/avatar\/c052a2551a06e23fac63626232eaa90abd78dbcf1700fc46a2b2c89fd27b735f?s=96&d=mm&r=g","url":"https:\/\/secure.gravatar.com\/avatar\/c052a2551a06e23fac63626232eaa90abd78dbcf1700fc46a2b2c89fd27b735f?s=96&d=mm&r=g","contentUrl":"https:\/\/secure.gravatar.com\/avatar\/c052a2551a06e23fac63626232eaa90abd78dbcf1700fc46a2b2c89fd27b735f?s=96&d=mm&r=g","caption":"Redacci\u00f3n A Nova Peneira"},"sameAs":["http:\/\/www.anovapeneira.gal\/"],"url":"https:\/\/www.anovapeneira.gal\/index.php\/author\/redactor\/"}]}},"jetpack_featured_media_url":"https:\/\/www.anovapeneira.gal\/wp-content\/uploads\/2022\/09\/bng_logo.png","_links":{"self":[{"href":"https:\/\/www.anovapeneira.gal\/index.php\/wp-json\/wp\/v2\/posts\/11343","targetHints":{"allow":["GET"]}}],"collection":[{"href":"https:\/\/www.anovapeneira.gal\/index.php\/wp-json\/wp\/v2\/posts"}],"about":[{"href":"https:\/\/www.anovapeneira.gal\/index.php\/wp-json\/wp\/v2\/types\/post"}],"author":[{"embeddable":true,"href":"https:\/\/www.anovapeneira.gal\/index.php\/wp-json\/wp\/v2\/users\/3"}],"replies":[{"embeddable":true,"href":"https:\/\/www.anovapeneira.gal\/index.php\/wp-json\/wp\/v2\/comments?post=11343"}],"version-history":[{"count":1,"href":"https:\/\/www.anovapeneira.gal\/index.php\/wp-json\/wp\/v2\/posts\/11343\/revisions"}],"predecessor-version":[{"id":11344,"href":"https:\/\/www.anovapeneira.gal\/index.php\/wp-json\/wp\/v2\/posts\/11343\/revisions\/11344"}],"wp:featuredmedia":[{"embeddable":true,"href":"https:\/\/www.anovapeneira.gal\/index.php\/wp-json\/wp\/v2\/media\/8263"}],"wp:attachment":[{"href":"https:\/\/www.anovapeneira.gal\/index.php\/wp-json\/wp\/v2\/media?parent=11343"}],"wp:term":[{"taxonomy":"category","embeddable":true,"href":"https:\/\/www.anovapeneira.gal\/index.php\/wp-json\/wp\/v2\/categories?post=11343"},{"taxonomy":"post_tag","embeddable":true,"href":"https:\/\/www.anovapeneira.gal\/index.php\/wp-json\/wp\/v2\/tags?post=11343"}],"curies":[{"name":"wp","href":"https:\/\/api.w.org\/{rel}","templated":true}]}}