{"id":11345,"date":"2024-02-29T12:00:24","date_gmt":"2024-02-29T11:00:24","guid":{"rendered":"https:\/\/www.anovapeneira.gal\/?p=11345"},"modified":"2024-02-28T11:07:59","modified_gmt":"2024-02-28T10:07:59","slug":"un-aval-historico-para-continuar-cara-o-cambio-galego-seguimos","status":"publish","type":"post","link":"https:\/\/www.anovapeneira.gal\/index.php\/2024\/02\/29\/un-aval-historico-para-continuar-cara-o-cambio-galego-seguimos\/","title":{"rendered":"Un aval hist\u00f3rico para continuar cara o cambio galego. Seguimos"},"content":{"rendered":"\n<p>Lois P\u00e9rez Castrillo<\/p>\n\n\n\n<blockquote class=\"wp-block-quote is-layout-flow wp-block-quote-is-layout-flow\">\n<p>Membro da Executiva nacional do BNG<\/p>\n<\/blockquote>\n\n\n\n<p><strong>O BNG obtivo nas elecci\u00f3ns do domingo dezaoito <\/strong><strong>un apoio electoral que representa<\/strong><strong> sen <\/strong><strong>paliativos, o maior <\/strong><strong>avance electoral para o nacionalismo galego e o mellor resultado da <\/strong><strong>s\u00faa<\/strong><strong> historia, tanto no conxunto do pa\u00eds, como en cada concello. <\/strong><strong>M<\/strong><strong>\u00e1is de 467.000 votos, un 31,57% d<\/strong><strong>os sufraxios<\/strong><strong> (cando escrebo a\u00ednda non est\u00e1 contabilizado o voto do Censo de Residentes Ausentes-CERA). Isto sup\u00f3n un medre de 7\u00b479 puntos e 156.000 votos <\/strong><strong>sobre elecci\u00f3ns auton\u00f3micas de<\/strong><strong> 2020, ou dito doutro xeito, unha de cada tres persoas que foi votar, votou polo BNG.<\/strong><\/p>\n\n\n\n<p>Recollemos as\u00ed, de forma moi ampla e transversal, o apoio de milleiros de galegos e de galegas. M<strong>oitos deles e delas coll\u00edan por vez primeira a papeleta do BNG, sen<\/strong><strong>t\u00edndose<\/strong><strong> parte dun momento e dunha vontade de cambio <\/strong>que xerou unha enorme ilusi\u00f3n, entusiasmo e mobilizaci\u00f3n. <strong>Fixemos unha campa\u00f1a en positivo<\/strong>: de ideas, de propostas e de mobilizaci\u00f3n, desde a verdade, os datos e o entusiasmo que xeramos ao noso ao redor.<\/p>\n\n\n\n<p><strong>Por iso hoxe, <\/strong><strong>queremos amosar a nosa gratitude a todas e cada unha d<\/strong><strong>es<\/strong><strong>as persoas que colleron a papeleta do BNG. <\/strong><strong>S<\/strong><strong>entimos un inmenso orgullo <\/strong><strong>pola<\/strong><strong> confianza recibida e <\/strong><strong>q<\/strong><strong>ueremos dar expresamente as grazas a ese mais de 460 mil galegos e de galegas que co seu voto, contribu\u00edron a superar unha vez mais <\/strong><strong>e <\/strong><strong>como hai catro anos, o noso teito electoral, evidenciando que o nacionalismo galego non ten l\u00edmites no seu crecemento e que cada vez mais, representa a esperanza de todas as persoas que pensan que Galiza debe mudar de rumbo para un pa\u00eds mellor. Na sanidade, na educaci\u00f3n, nos servizos p\u00fablicos, nos coidados, no emprego, no despoboamento do noso rural, na dignidade e prosperidade como pa\u00eds.<\/strong><\/p>\n\n\n\n<p>A\u00ednda que o resultado electoral do BNG foi extraordinario, <strong>a nosa prioridade pol\u00edtica era provocar o cambio pol\u00edtico na Xunta, <\/strong>e nese sentido compartimos a decepci\u00f3n que hoxe sente unha parte importante da nosa sociedade. Moitas das persoas que votaron por n\u00f3s, e mesmo algunhas que non votando desexaban un cambio, poden sentirse decepcionadas, \u00e9 comprensible porque foi grand\u00edsima e sincera a ilusi\u00f3n e a esperanza que miles de galegos e de galegas depositaron en n\u00f3s para lograr ese cambio.<\/p>\n\n\n\n<p>Temos que dicirlles que este resultado electoral do BNG demostra que este Pa\u00eds iniciou unha viaxe cara o cambio que non ten marcha atr\u00e1s. Hai unha cidadan\u00eda que non se resigna a ver como Galiza vai a menos mentres outros avanzan e ped\u00edmoslles a todas esas persoas que non se resignan, que sigan con n\u00f3s, o seu alento e apoio valer\u00e1 para facer un mellor e m\u00e1is intenso labor de oposici\u00f3n, para seguir a defender os intereses da maior\u00eda social, para seguir constru\u00edndo unha Galiza m\u00e1is xusta, m\u00e1is igualitaria, m\u00e1is feminista, con m\u00e1is benestar social para todos e todas.<\/p>\n\n\n\n<p><strong>A todas esas persoas <\/strong><strong>que nos apoiaron confian<\/strong><strong>d<\/strong><strong>o na forza do cambio galego, <\/strong><strong>lles dicimos hoxe que non lles imos fallar, que o BNG seguir\u00e1 a ser a forza que defenda cada d\u00eda a <\/strong><strong><em>Galiza mellor<\/em><\/strong><strong> que unha maior\u00eda desexa para o noso pa\u00eds. <\/strong><strong>I<\/strong><strong>mos facelo con amplitude de miras e mans tendidas a toda a sociedade galeg<\/strong><strong>a<\/strong><strong> e <\/strong><strong>en <\/strong><strong>di\u00e1logo permanente con ela. Esta campa\u00f1a demostra que na sociedade galega hai un <\/strong><strong>movemento de fondo cara un <\/strong><strong>cambio que avanza sen pausa. <\/strong><strong>U<\/strong><strong>n novo pa\u00eds en marcha do que o BNG foi a <\/strong><strong>s\u00faa <\/strong><strong>expresi\u00f3n pol\u00edtico-electoral <\/strong><strong>o<\/strong><strong> domingo <\/strong><strong>dezaoito<\/strong><strong>.<\/strong><\/p>\n\n\n\n<p>Grazas a todas esas persoas que nos apoiaron, comezou un novo ciclo pol\u00edtico no que o BNG \u00e9 o referente de toda aquela parte da sociedade que cre posible outra Galiza diferente frente a inmobilidade abafante na que a quere manter o Partido Popular. Este aval electoral danos azos e lexitimidade para exercer como principal partido da oposici\u00f3n e para seguir defendendo os intereses da maior\u00eda social, traballando por mellorar a vida dos galegos e as galegas.<\/p>\n\n\n\n<p>Como dixo a nosa portavoz nacional Ana Pont\u00f3n, na noite electoral <em>Hoxe non acaba nada, ao contrario, estamos m\u00e1is fortes, con m\u00e1is enerx\u00eda e m\u00e1is preparadas que nunca para darlle a este Pa\u00eds o futuro que merece<\/em>. As grandes transformaci\u00f3ns na sociedade adoitan levar m\u00e1is tempo, pero \u00e9 evidente que neste Pa\u00eds xa comezou a moverse algo e mais cedo que tarde, o cambio chegar\u00e1.<\/p>\n","protected":false},"excerpt":{"rendered":"<div class=\"mh-excerpt\"><p>O BNG obtivo nas elecci\u00f3ns do domingo dezaoito un apoio electoral que representa sen paliativos, o maior avance electoral para o nacionalismo galego e o mellor resultado da s\u00faa historia <a class=\"mh-excerpt-more\" href=\"https:\/\/www.anovapeneira.gal\/index.php\/2024\/02\/29\/un-aval-historico-para-continuar-cara-o-cambio-galego-seguimos\/\" title=\"Un aval hist\u00f3rico para continuar cara o cambio galego. Seguimos\">[&#8230;]<\/a><\/p>\n<\/div>","protected":false},"author":12,"featured_media":11346,"comment_status":"open","ping_status":"open","sticky":false,"template":"","format":"standard","meta":{"_exactmetrics_skip_tracking":false,"_exactmetrics_sitenote_active":false,"_exactmetrics_sitenote_note":"","_exactmetrics_sitenote_category":0,"footnotes":""},"categories":[7],"tags":[],"class_list":{"0":"post-11345","1":"post","2":"type-post","3":"status-publish","4":"format-standard","5":"has-post-thumbnail","7":"category-artigos-de-opinion"},"yoast_head":"<!-- This site is optimized with the Yoast SEO plugin v27.4 - https:\/\/yoast.com\/product\/yoast-seo-wordpress\/ -->\n<title>Un aval hist\u00f3rico para continuar cara o cambio galego. Seguimos -<\/title>\n<meta name=\"description\" content=\"O BNG obtivo nas elecci\u00f3ns do domingo dezaoito un apoio electoral que representa sen paliativos, o maior avance electoral para o nacionalismo galego e o mellor resultado da s\u00faa historia\" \/>\n<meta name=\"robots\" content=\"index, follow, max-snippet:-1, max-image-preview:large, max-video-preview:-1\" \/>\n<link rel=\"canonical\" href=\"https:\/\/www.anovapeneira.gal\/index.php\/2024\/02\/29\/un-aval-historico-para-continuar-cara-o-cambio-galego-seguimos\/\" \/>\n<meta property=\"og:locale\" content=\"gl_ES\" \/>\n<meta property=\"og:type\" content=\"article\" \/>\n<meta property=\"og:title\" content=\"Un aval hist\u00f3rico para continuar cara o cambio galego. Seguimos -\" \/>\n<meta property=\"og:description\" content=\"O BNG obtivo nas elecci\u00f3ns do domingo dezaoito un apoio electoral que representa sen paliativos, o maior avance electoral para o nacionalismo galego e o mellor resultado da s\u00faa historia\" \/>\n<meta property=\"og:url\" content=\"https:\/\/www.anovapeneira.gal\/index.php\/2024\/02\/29\/un-aval-historico-para-continuar-cara-o-cambio-galego-seguimos\/\" \/>\n<meta property=\"article:publisher\" content=\"https:\/\/www.facebook.com\/anovapeneira\" \/>\n<meta property=\"article:published_time\" content=\"2024-02-29T11:00:24+00:00\" \/>\n<meta property=\"og:image\" content=\"https:\/\/www.anovapeneira.gal\/wp-content\/uploads\/2024\/02\/lois_Castrillo.2jpg.jpg\" \/>\n\t<meta property=\"og:image:width\" content=\"720\" \/>\n\t<meta property=\"og:image:height\" content=\"432\" \/>\n\t<meta property=\"og:image:type\" content=\"image\/jpeg\" \/>\n<meta name=\"author\" content=\"Artigos Opini\u00f3n\" \/>\n<meta name=\"twitter:card\" content=\"summary_large_image\" \/>\n<meta name=\"twitter:creator\" content=\"@APeneira\" \/>\n<meta name=\"twitter:site\" content=\"@APeneira\" \/>\n<meta name=\"twitter:label1\" content=\"Escrito por\" \/>\n\t<meta name=\"twitter:data1\" content=\"Artigos Opini\u00f3n\" \/>\n\t<meta name=\"twitter:label2\" content=\"Tempo de lectura\" \/>\n\t<meta name=\"twitter:data2\" content=\"5 minutos\" \/>\n<script type=\"application\/ld+json\" class=\"yoast-schema-graph\">{\"@context\":\"https:\\\/\\\/schema.org\",\"@graph\":[{\"@type\":\"Article\",\"@id\":\"https:\\\/\\\/www.anovapeneira.gal\\\/index.php\\\/2024\\\/02\\\/29\\\/un-aval-historico-para-continuar-cara-o-cambio-galego-seguimos\\\/#article\",\"isPartOf\":{\"@id\":\"https:\\\/\\\/www.anovapeneira.gal\\\/index.php\\\/2024\\\/02\\\/29\\\/un-aval-historico-para-continuar-cara-o-cambio-galego-seguimos\\\/\"},\"author\":{\"name\":\"Artigos Opini\u00f3n\",\"@id\":\"https:\\\/\\\/www.anovapeneira.gal\\\/#\\\/schema\\\/person\\\/f18a4feb302e8f20bcef4490b5b60bb3\"},\"headline\":\"Un aval hist\u00f3rico para continuar cara o cambio galego. Seguimos\",\"datePublished\":\"2024-02-29T11:00:24+00:00\",\"mainEntityOfPage\":{\"@id\":\"https:\\\/\\\/www.anovapeneira.gal\\\/index.php\\\/2024\\\/02\\\/29\\\/un-aval-historico-para-continuar-cara-o-cambio-galego-seguimos\\\/\"},\"wordCount\":788,\"commentCount\":0,\"publisher\":{\"@id\":\"https:\\\/\\\/www.anovapeneira.gal\\\/#organization\"},\"image\":{\"@id\":\"https:\\\/\\\/www.anovapeneira.gal\\\/index.php\\\/2024\\\/02\\\/29\\\/un-aval-historico-para-continuar-cara-o-cambio-galego-seguimos\\\/#primaryimage\"},\"thumbnailUrl\":\"https:\\\/\\\/www.anovapeneira.gal\\\/wp-content\\\/uploads\\\/2024\\\/02\\\/lois_Castrillo.2jpg.jpg\",\"articleSection\":[\"Artigos de opini\u00f3n\"],\"inLanguage\":\"gl-ES\",\"potentialAction\":[{\"@type\":\"CommentAction\",\"name\":\"Comment\",\"target\":[\"https:\\\/\\\/www.anovapeneira.gal\\\/index.php\\\/2024\\\/02\\\/29\\\/un-aval-historico-para-continuar-cara-o-cambio-galego-seguimos\\\/#respond\"]}]},{\"@type\":\"WebPage\",\"@id\":\"https:\\\/\\\/www.anovapeneira.gal\\\/index.php\\\/2024\\\/02\\\/29\\\/un-aval-historico-para-continuar-cara-o-cambio-galego-seguimos\\\/\",\"url\":\"https:\\\/\\\/www.anovapeneira.gal\\\/index.php\\\/2024\\\/02\\\/29\\\/un-aval-historico-para-continuar-cara-o-cambio-galego-seguimos\\\/\",\"name\":\"Un aval hist\u00f3rico para continuar cara o cambio galego. Seguimos -\",\"isPartOf\":{\"@id\":\"https:\\\/\\\/www.anovapeneira.gal\\\/#website\"},\"primaryImageOfPage\":{\"@id\":\"https:\\\/\\\/www.anovapeneira.gal\\\/index.php\\\/2024\\\/02\\\/29\\\/un-aval-historico-para-continuar-cara-o-cambio-galego-seguimos\\\/#primaryimage\"},\"image\":{\"@id\":\"https:\\\/\\\/www.anovapeneira.gal\\\/index.php\\\/2024\\\/02\\\/29\\\/un-aval-historico-para-continuar-cara-o-cambio-galego-seguimos\\\/#primaryimage\"},\"thumbnailUrl\":\"https:\\\/\\\/www.anovapeneira.gal\\\/wp-content\\\/uploads\\\/2024\\\/02\\\/lois_Castrillo.2jpg.jpg\",\"datePublished\":\"2024-02-29T11:00:24+00:00\",\"description\":\"O BNG obtivo nas elecci\u00f3ns do domingo dezaoito un apoio electoral que representa sen paliativos, o maior avance electoral para o nacionalismo galego e o mellor resultado da s\u00faa historia\",\"breadcrumb\":{\"@id\":\"https:\\\/\\\/www.anovapeneira.gal\\\/index.php\\\/2024\\\/02\\\/29\\\/un-aval-historico-para-continuar-cara-o-cambio-galego-seguimos\\\/#breadcrumb\"},\"inLanguage\":\"gl-ES\",\"potentialAction\":[{\"@type\":\"ReadAction\",\"target\":[\"https:\\\/\\\/www.anovapeneira.gal\\\/index.php\\\/2024\\\/02\\\/29\\\/un-aval-historico-para-continuar-cara-o-cambio-galego-seguimos\\\/\"]}]},{\"@type\":\"ImageObject\",\"inLanguage\":\"gl-ES\",\"@id\":\"https:\\\/\\\/www.anovapeneira.gal\\\/index.php\\\/2024\\\/02\\\/29\\\/un-aval-historico-para-continuar-cara-o-cambio-galego-seguimos\\\/#primaryimage\",\"url\":\"https:\\\/\\\/www.anovapeneira.gal\\\/wp-content\\\/uploads\\\/2024\\\/02\\\/lois_Castrillo.2jpg.jpg\",\"contentUrl\":\"https:\\\/\\\/www.anovapeneira.gal\\\/wp-content\\\/uploads\\\/2024\\\/02\\\/lois_Castrillo.2jpg.jpg\",\"width\":720,\"height\":432,\"caption\":\"Lois P\u00e9rez Castrillo BNG\"},{\"@type\":\"BreadcrumbList\",\"@id\":\"https:\\\/\\\/www.anovapeneira.gal\\\/index.php\\\/2024\\\/02\\\/29\\\/un-aval-historico-para-continuar-cara-o-cambio-galego-seguimos\\\/#breadcrumb\",\"itemListElement\":[{\"@type\":\"ListItem\",\"position\":1,\"name\":\"Portada\",\"item\":\"https:\\\/\\\/www.anovapeneira.gal\\\/\"},{\"@type\":\"ListItem\",\"position\":2,\"name\":\"Un aval hist\u00f3rico para continuar cara o cambio galego. Seguimos\"}]},{\"@type\":\"WebSite\",\"@id\":\"https:\\\/\\\/www.anovapeneira.gal\\\/#website\",\"url\":\"https:\\\/\\\/www.anovapeneira.gal\\\/\",\"name\":\"\",\"description\":\"Xornal galego de informaci\u00f3n xeral Publicaci\u00f3n mensual de novas de Galicia e en especial dos Concellos da sur da provincia de Pontevedra.\",\"publisher\":{\"@id\":\"https:\\\/\\\/www.anovapeneira.gal\\\/#organization\"},\"potentialAction\":[{\"@type\":\"SearchAction\",\"target\":{\"@type\":\"EntryPoint\",\"urlTemplate\":\"https:\\\/\\\/www.anovapeneira.gal\\\/?s={search_term_string}\"},\"query-input\":{\"@type\":\"PropertyValueSpecification\",\"valueRequired\":true,\"valueName\":\"search_term_string\"}}],\"inLanguage\":\"gl-ES\"},{\"@type\":\"Organization\",\"@id\":\"https:\\\/\\\/www.anovapeneira.gal\\\/#organization\",\"name\":\"A Nova Peneira\",\"url\":\"https:\\\/\\\/www.anovapeneira.gal\\\/\",\"logo\":{\"@type\":\"ImageObject\",\"inLanguage\":\"gl-ES\",\"@id\":\"https:\\\/\\\/www.anovapeneira.gal\\\/#\\\/schema\\\/logo\\\/image\\\/\",\"url\":\"http:\\\/\\\/www.anovapeneira.gal\\\/wp-content\\\/uploads\\\/2019\\\/06\\\/logo_a_nova_peneira_portal_web.png\",\"contentUrl\":\"http:\\\/\\\/www.anovapeneira.gal\\\/wp-content\\\/uploads\\\/2019\\\/06\\\/logo_a_nova_peneira_portal_web.png\",\"width\":300,\"height\":100,\"caption\":\"A Nova Peneira\"},\"image\":{\"@id\":\"https:\\\/\\\/www.anovapeneira.gal\\\/#\\\/schema\\\/logo\\\/image\\\/\"},\"sameAs\":[\"https:\\\/\\\/www.facebook.com\\\/anovapeneira\",\"https:\\\/\\\/x.com\\\/APeneira\"]},{\"@type\":\"Person\",\"@id\":\"https:\\\/\\\/www.anovapeneira.gal\\\/#\\\/schema\\\/person\\\/f18a4feb302e8f20bcef4490b5b60bb3\",\"name\":\"Artigos Opini\u00f3n\",\"image\":{\"@type\":\"ImageObject\",\"inLanguage\":\"gl-ES\",\"@id\":\"https:\\\/\\\/secure.gravatar.com\\\/avatar\\\/072844300f4881150aee2da4278f7a65d16eefdf8262eb67085f1e702de2b959?s=96&d=mm&r=g\",\"url\":\"https:\\\/\\\/secure.gravatar.com\\\/avatar\\\/072844300f4881150aee2da4278f7a65d16eefdf8262eb67085f1e702de2b959?s=96&d=mm&r=g\",\"contentUrl\":\"https:\\\/\\\/secure.gravatar.com\\\/avatar\\\/072844300f4881150aee2da4278f7a65d16eefdf8262eb67085f1e702de2b959?s=96&d=mm&r=g\",\"caption\":\"Artigos Opini\u00f3n\"},\"sameAs\":[\"http:\\\/\\\/anovapeneira.gal\"],\"url\":\"https:\\\/\\\/www.anovapeneira.gal\\\/index.php\\\/author\\\/artigosopinion\\\/\"}]}<\/script>\n<!-- \/ Yoast SEO plugin. -->","yoast_head_json":{"title":"Un aval hist\u00f3rico para continuar cara o cambio galego. Seguimos -","description":"O BNG obtivo nas elecci\u00f3ns do domingo dezaoito un apoio electoral que representa sen paliativos, o maior avance electoral para o nacionalismo galego e o mellor resultado da s\u00faa historia","robots":{"index":"index","follow":"follow","max-snippet":"max-snippet:-1","max-image-preview":"max-image-preview:large","max-video-preview":"max-video-preview:-1"},"canonical":"https:\/\/www.anovapeneira.gal\/index.php\/2024\/02\/29\/un-aval-historico-para-continuar-cara-o-cambio-galego-seguimos\/","og_locale":"gl_ES","og_type":"article","og_title":"Un aval hist\u00f3rico para continuar cara o cambio galego. Seguimos -","og_description":"O BNG obtivo nas elecci\u00f3ns do domingo dezaoito un apoio electoral que representa sen paliativos, o maior avance electoral para o nacionalismo galego e o mellor resultado da s\u00faa historia","og_url":"https:\/\/www.anovapeneira.gal\/index.php\/2024\/02\/29\/un-aval-historico-para-continuar-cara-o-cambio-galego-seguimos\/","article_publisher":"https:\/\/www.facebook.com\/anovapeneira","article_published_time":"2024-02-29T11:00:24+00:00","og_image":[{"width":720,"height":432,"url":"https:\/\/www.anovapeneira.gal\/wp-content\/uploads\/2024\/02\/lois_Castrillo.2jpg.jpg","type":"image\/jpeg"}],"author":"Artigos Opini\u00f3n","twitter_card":"summary_large_image","twitter_creator":"@APeneira","twitter_site":"@APeneira","twitter_misc":{"Escrito por":"Artigos Opini\u00f3n","Tempo de lectura":"5 minutos"},"schema":{"@context":"https:\/\/schema.org","@graph":[{"@type":"Article","@id":"https:\/\/www.anovapeneira.gal\/index.php\/2024\/02\/29\/un-aval-historico-para-continuar-cara-o-cambio-galego-seguimos\/#article","isPartOf":{"@id":"https:\/\/www.anovapeneira.gal\/index.php\/2024\/02\/29\/un-aval-historico-para-continuar-cara-o-cambio-galego-seguimos\/"},"author":{"name":"Artigos Opini\u00f3n","@id":"https:\/\/www.anovapeneira.gal\/#\/schema\/person\/f18a4feb302e8f20bcef4490b5b60bb3"},"headline":"Un aval hist\u00f3rico para continuar cara o cambio galego. Seguimos","datePublished":"2024-02-29T11:00:24+00:00","mainEntityOfPage":{"@id":"https:\/\/www.anovapeneira.gal\/index.php\/2024\/02\/29\/un-aval-historico-para-continuar-cara-o-cambio-galego-seguimos\/"},"wordCount":788,"commentCount":0,"publisher":{"@id":"https:\/\/www.anovapeneira.gal\/#organization"},"image":{"@id":"https:\/\/www.anovapeneira.gal\/index.php\/2024\/02\/29\/un-aval-historico-para-continuar-cara-o-cambio-galego-seguimos\/#primaryimage"},"thumbnailUrl":"https:\/\/www.anovapeneira.gal\/wp-content\/uploads\/2024\/02\/lois_Castrillo.2jpg.jpg","articleSection":["Artigos de opini\u00f3n"],"inLanguage":"gl-ES","potentialAction":[{"@type":"CommentAction","name":"Comment","target":["https:\/\/www.anovapeneira.gal\/index.php\/2024\/02\/29\/un-aval-historico-para-continuar-cara-o-cambio-galego-seguimos\/#respond"]}]},{"@type":"WebPage","@id":"https:\/\/www.anovapeneira.gal\/index.php\/2024\/02\/29\/un-aval-historico-para-continuar-cara-o-cambio-galego-seguimos\/","url":"https:\/\/www.anovapeneira.gal\/index.php\/2024\/02\/29\/un-aval-historico-para-continuar-cara-o-cambio-galego-seguimos\/","name":"Un aval hist\u00f3rico para continuar cara o cambio galego. Seguimos -","isPartOf":{"@id":"https:\/\/www.anovapeneira.gal\/#website"},"primaryImageOfPage":{"@id":"https:\/\/www.anovapeneira.gal\/index.php\/2024\/02\/29\/un-aval-historico-para-continuar-cara-o-cambio-galego-seguimos\/#primaryimage"},"image":{"@id":"https:\/\/www.anovapeneira.gal\/index.php\/2024\/02\/29\/un-aval-historico-para-continuar-cara-o-cambio-galego-seguimos\/#primaryimage"},"thumbnailUrl":"https:\/\/www.anovapeneira.gal\/wp-content\/uploads\/2024\/02\/lois_Castrillo.2jpg.jpg","datePublished":"2024-02-29T11:00:24+00:00","description":"O BNG obtivo nas elecci\u00f3ns do domingo dezaoito un apoio electoral que representa sen paliativos, o maior avance electoral para o nacionalismo galego e o mellor resultado da s\u00faa historia","breadcrumb":{"@id":"https:\/\/www.anovapeneira.gal\/index.php\/2024\/02\/29\/un-aval-historico-para-continuar-cara-o-cambio-galego-seguimos\/#breadcrumb"},"inLanguage":"gl-ES","potentialAction":[{"@type":"ReadAction","target":["https:\/\/www.anovapeneira.gal\/index.php\/2024\/02\/29\/un-aval-historico-para-continuar-cara-o-cambio-galego-seguimos\/"]}]},{"@type":"ImageObject","inLanguage":"gl-ES","@id":"https:\/\/www.anovapeneira.gal\/index.php\/2024\/02\/29\/un-aval-historico-para-continuar-cara-o-cambio-galego-seguimos\/#primaryimage","url":"https:\/\/www.anovapeneira.gal\/wp-content\/uploads\/2024\/02\/lois_Castrillo.2jpg.jpg","contentUrl":"https:\/\/www.anovapeneira.gal\/wp-content\/uploads\/2024\/02\/lois_Castrillo.2jpg.jpg","width":720,"height":432,"caption":"Lois P\u00e9rez Castrillo BNG"},{"@type":"BreadcrumbList","@id":"https:\/\/www.anovapeneira.gal\/index.php\/2024\/02\/29\/un-aval-historico-para-continuar-cara-o-cambio-galego-seguimos\/#breadcrumb","itemListElement":[{"@type":"ListItem","position":1,"name":"Portada","item":"https:\/\/www.anovapeneira.gal\/"},{"@type":"ListItem","position":2,"name":"Un aval hist\u00f3rico para continuar cara o cambio galego. Seguimos"}]},{"@type":"WebSite","@id":"https:\/\/www.anovapeneira.gal\/#website","url":"https:\/\/www.anovapeneira.gal\/","name":"","description":"Xornal galego de informaci\u00f3n xeral Publicaci\u00f3n mensual de novas de Galicia e en especial dos Concellos da sur da provincia de Pontevedra.","publisher":{"@id":"https:\/\/www.anovapeneira.gal\/#organization"},"potentialAction":[{"@type":"SearchAction","target":{"@type":"EntryPoint","urlTemplate":"https:\/\/www.anovapeneira.gal\/?s={search_term_string}"},"query-input":{"@type":"PropertyValueSpecification","valueRequired":true,"valueName":"search_term_string"}}],"inLanguage":"gl-ES"},{"@type":"Organization","@id":"https:\/\/www.anovapeneira.gal\/#organization","name":"A Nova Peneira","url":"https:\/\/www.anovapeneira.gal\/","logo":{"@type":"ImageObject","inLanguage":"gl-ES","@id":"https:\/\/www.anovapeneira.gal\/#\/schema\/logo\/image\/","url":"http:\/\/www.anovapeneira.gal\/wp-content\/uploads\/2019\/06\/logo_a_nova_peneira_portal_web.png","contentUrl":"http:\/\/www.anovapeneira.gal\/wp-content\/uploads\/2019\/06\/logo_a_nova_peneira_portal_web.png","width":300,"height":100,"caption":"A Nova Peneira"},"image":{"@id":"https:\/\/www.anovapeneira.gal\/#\/schema\/logo\/image\/"},"sameAs":["https:\/\/www.facebook.com\/anovapeneira","https:\/\/x.com\/APeneira"]},{"@type":"Person","@id":"https:\/\/www.anovapeneira.gal\/#\/schema\/person\/f18a4feb302e8f20bcef4490b5b60bb3","name":"Artigos Opini\u00f3n","image":{"@type":"ImageObject","inLanguage":"gl-ES","@id":"https:\/\/secure.gravatar.com\/avatar\/072844300f4881150aee2da4278f7a65d16eefdf8262eb67085f1e702de2b959?s=96&d=mm&r=g","url":"https:\/\/secure.gravatar.com\/avatar\/072844300f4881150aee2da4278f7a65d16eefdf8262eb67085f1e702de2b959?s=96&d=mm&r=g","contentUrl":"https:\/\/secure.gravatar.com\/avatar\/072844300f4881150aee2da4278f7a65d16eefdf8262eb67085f1e702de2b959?s=96&d=mm&r=g","caption":"Artigos Opini\u00f3n"},"sameAs":["http:\/\/anovapeneira.gal"],"url":"https:\/\/www.anovapeneira.gal\/index.php\/author\/artigosopinion\/"}]}},"jetpack_featured_media_url":"https:\/\/www.anovapeneira.gal\/wp-content\/uploads\/2024\/02\/lois_Castrillo.2jpg.jpg","_links":{"self":[{"href":"https:\/\/www.anovapeneira.gal\/index.php\/wp-json\/wp\/v2\/posts\/11345","targetHints":{"allow":["GET"]}}],"collection":[{"href":"https:\/\/www.anovapeneira.gal\/index.php\/wp-json\/wp\/v2\/posts"}],"about":[{"href":"https:\/\/www.anovapeneira.gal\/index.php\/wp-json\/wp\/v2\/types\/post"}],"author":[{"embeddable":true,"href":"https:\/\/www.anovapeneira.gal\/index.php\/wp-json\/wp\/v2\/users\/12"}],"replies":[{"embeddable":true,"href":"https:\/\/www.anovapeneira.gal\/index.php\/wp-json\/wp\/v2\/comments?post=11345"}],"version-history":[{"count":1,"href":"https:\/\/www.anovapeneira.gal\/index.php\/wp-json\/wp\/v2\/posts\/11345\/revisions"}],"predecessor-version":[{"id":11347,"href":"https:\/\/www.anovapeneira.gal\/index.php\/wp-json\/wp\/v2\/posts\/11345\/revisions\/11347"}],"wp:featuredmedia":[{"embeddable":true,"href":"https:\/\/www.anovapeneira.gal\/index.php\/wp-json\/wp\/v2\/media\/11346"}],"wp:attachment":[{"href":"https:\/\/www.anovapeneira.gal\/index.php\/wp-json\/wp\/v2\/media?parent=11345"}],"wp:term":[{"taxonomy":"category","embeddable":true,"href":"https:\/\/www.anovapeneira.gal\/index.php\/wp-json\/wp\/v2\/categories?post=11345"},{"taxonomy":"post_tag","embeddable":true,"href":"https:\/\/www.anovapeneira.gal\/index.php\/wp-json\/wp\/v2\/tags?post=11345"}],"curies":[{"name":"wp","href":"https:\/\/api.w.org\/{rel}","templated":true}]}}