{"id":11348,"date":"2024-03-01T10:00:18","date_gmt":"2024-03-01T09:00:18","guid":{"rendered":"https:\/\/www.anovapeneira.gal\/?p=11348"},"modified":"2024-03-01T11:18:15","modified_gmt":"2024-03-01T10:18:15","slug":"cousas-de-salvaterra-14","status":"publish","type":"post","link":"https:\/\/www.anovapeneira.gal\/index.php\/2024\/03\/01\/cousas-de-salvaterra-14\/","title":{"rendered":"COUSAS DE SALVATERRA"},"content":{"rendered":"\n<h2 class=\"wp-block-heading\"><strong>Prosigue a guerra, 1648 \u2013 1652<\/strong><\/h2>\n\n\n\n<figure class=\"wp-block-image size-full is-resized\"><img loading=\"lazy\" decoding=\"async\" width=\"190\" height=\"229\" src=\"https:\/\/www.anovapeneira.gal\/wp-content\/uploads\/2022\/08\/opinion_anton_saque.jpg\" alt=\"Ant\u00f3n Lourenzo, veci\u00f1o da Vila\" class=\"wp-image-8006\" style=\"width:110px;height:auto\"\/><figcaption class=\"wp-element-caption\">Ant\u00f3n Lourenzo, veci\u00f1o da Vila<\/figcaption><\/figure>\n\n\n\n<p>Na provincia de Entre Douro e Minho, non houbo este ano de 1648, acci\u00f3ns dignas de memoria. Estaba o Conde de Castell-Melhor desexoso de manter a calma e conservar sen dano calquera intento do inimigo de desbaratar a sua prevenci\u00f3n, tendo por m\u00e1is \u00fatil a conservaci\u00f3n das posici\u00f3ns que xa ti\u00f1a que de conquistar outras. Deixaba os pobos descansar e recuperarse.<\/p>\n\n\n\n<p>Neste tempo tiveron noticia os portugueses de que os galegos determinaban atacar Monte Alegre. Tomando con moito coidado as prevenci\u00f3ns oportunas, pediron socorro a Entre Douro e Minho e mandoulle o Conde de Castell-Melhor \u00f3s Capit\u00e1ns de cabalos Diogo de Britto Coutinho e a Antonio de Queyr\u00f3s Mascarenhas coas s\u00faas Compa\u00f1\u00edas. Entraron pola Galiza, sen recibir dano alg\u00fan, chegaron a Tras os Montes fortalecendo a defensa da comarca e cando pasou o perigo volveron polos mesmos cami\u00f1os da ida sen atopar resistencia, p\u00f3ndolle lume a alg\u00fan lugares abertos.<\/p>\n\n\n\n<p>O certo \u00e9 que nese ano a maior parte das operaci\u00f3ns militares tiveron lugar na zona da Extremadura e Alentexo.<\/p>\n\n\n\n<p>Un feito moi salientable constit\u00faeo o nacemento en Lisboa o 26 de abril, o Infante Dom Pedro, quinto fillo do rei Jo\u00e3o IV de Portugal e da sua esposa, a ra\u00ed\u00f1a Dona Luisa de Gusm\u00e3o.<\/p>\n\n\n\n<p>Entrou o ano 1649, o Conde de Castell-Melhor continuaba sendo o Gobernador da provincia de Entre Douro e Minho. Foi chamado a Lisboa polo Rey, ficando no seu lugar o Mestre de Campo Francisco Peres da Silva, substitu\u00eddo logo polo Vizconde Dom Diogo de Lima. Chegou a Provincia e comprobou o estado de par\u00f3n da guerra. Tivo aviso de que o Conde de S. Estevo xuntaba xente en Tui, e querendo mostrar o pouco que recelaba daquelas prevenci\u00f3ns, xuntou dous mil Infantes e douscentos cabalos e con esta xente saqueou o lugar de Bandexa, despois de algunha resistencia que os moradores fixeran. Acudiran os galegos a socorrer o lugar e tendo noticia que estaba destru\u00eddo, marcharon sobre Lindoso. Por\u00e9n atop\u00e1rono tan ben guarnecido, que se tiveron que retirar con alg\u00fan dano. Intent\u00e1rono no distrito de Castro Laboreiro querendo apa\u00f1ar o gando que al\u00ed hab\u00eda, non o conseguiron pola resistencia dos portugueses. Co fin destas acci\u00f3ns volveu o sosego a \u00e1mbalas partes.<\/p>\n\n\n\n<p>Entrou o novo ano de 1650, ano no que tampouco deu moito de s\u00ed a guerra o longo da fronteira mi\u00f1oto-galega, salvo pequenas escaramuzas. Soubo o Vizconde que o Conde de S. Estevo determinaba entrar con moita forza na Provincia de Tras os Montes. Para distraer este intento, xuntou o Vizconde unha forza coa que arruinou algunha Atalaia e fixo o amago de atacar o forte da Fillaboa. Volveu o Conde de S. Estevo a reedificar a Atalaia (que inda que non o din as fontes, seguramente era a Atalaia de Porto), e abandonou a operaci\u00f3n de atacar Tras os Montes, pasando o resto do ano con igual sosego de unha e outra parte.<\/p>\n\n\n\n<p>Entra o ano 1651. Na provincia de Entre Douro e Minho e a Galiza, continuaba unha tranquilidade relativa. O groso da guerra focaliz\u00e1base na Extremadura e no Alentejo. Continuaba no goberno o Vizconde de Vila-Nova, mantendo as xentes en alerta pero sen enfrontamentos salientables. Tivo co\u00f1ecemento nunha ocasi\u00f3n que os Galegos acuartelaban as s\u00faas tropas nos lugares da Portela e Vieira, reforzando as tropas de Monte Rei, e querendo incomodalos, mandou queimar estes lugares polo Tenente de Mestre de Campo Xeneral Lu\u00eds de Oliveiros Famel con 800 Infantes e 70 cabalos. Logrouno sen resistencia algunha e retir\u00e1ndose con celeridade, os galegos non puideron evitalo.<\/p>\n\n\n\n<p>Neste tempo xa se levantaran os fortes de Santiago de Aitona, Fillaboa e Fiolledo. Trataron os militares galegos que os moradores daqueles lugares tornaran a poboalos, por haber sido case todos destru\u00eddos, despois de que o Conde de Castel-Melhor tomara Salvaterra, porque o amparo dos fortes ter\u00edan protecci\u00f3n ante os perigos. Dando os paisanos cr\u00e9dito \u00f3s militares, volveronn habitar alg\u00fans lugares, entre eles Gandarela, na parroquia de Pesqueiras, que era o de maior poboaci\u00f3n. O Vizconde non estaba disposto a tolerar este movemento e mandou queimar Gandarela polos Capit\u00e1ns de Infanter\u00eda Manoel de Barbeitos e Vicente de Bastos. Executouse a orde sen oposici\u00f3n e os galegos dos outros lugares con este aviso despobo\u00e1ronos de novo. Volveronn os soldados dos fortes a persuadilos e para elo rodearon con unha trincheira os lugares de Tortoreos, Porto \u201cPedroso\u201d, Li\u00f1ares e \u201cOuteirinho\u201d. Parec\u00e9ndolles esta bastante defensa volveron os lugares pero de novo o Vizconde desbaratoulle o intento atacando e destru\u00edndo os lugares sin que os soldados dos fortes puideran evitalo, priv\u00e1ndose as\u00ed da utilidade da veci\u00f1anza dos paisanos.<\/p>\n\n\n\n<p>Entrou o ano 1652. Continuando con unha situaci\u00f3n militar relativamente tranquila, non houbo neste ano m\u00e1is encontro que o atrevemento de avanzar, sen orden para elo, do Capit\u00e1n Labarta, valeroso franc\u00e9s, este con poucos cabalos enfrontouse os soldados do forte de Santiago de Aitona, cust\u00e1ndolle a vida o atrevemento e retir\u00e1ndose feridos a maior parte dos soldados que o acompa\u00f1aban.<\/p>\n\n\n\n<p>\u00c9 preciso lembrar que o feito de estar a zona norte de Portugal e a Galiza, relativamente tranquila, non quere iso dicir que non houbera encarnecidas operaci\u00f3ns militares, sobre todo na zona de Extremadura e Alentexo. Asemade o conflito estaba internacionalizado con enfrontamentos en Catalu\u00f1a, N\u00e1poles, Holanda, \u00c1frica, India, Brasil, etc.<\/p>\n\n\n\n<p>\u201cHistoria do Portugal Restaurado, Lu\u00eds de Meneses. Biblioteca Nnal. Lisboa.\u201d<\/p>\n\n\n\n<p>Salvaterra de Mi\u00f1o, 20 de febreiro do 2024<\/p>\n\n\n\n<p><\/p>\n","protected":false},"excerpt":{"rendered":"<div class=\"mh-excerpt\"><p>Na provincia de Entre Douro e Minho, non houbo este ano de 1648, acci\u00f3ns dignas de memoria. Estaba o Conde de Castell-Melhor desexoso de manter a calma e conservar sen dano calquera intento do inimigo de desbaratar a sua prevenci\u00f3n <a class=\"mh-excerpt-more\" href=\"https:\/\/www.anovapeneira.gal\/index.php\/2024\/03\/01\/cousas-de-salvaterra-14\/\" title=\"COUSAS DE SALVATERRA\">[&#8230;]<\/a><\/p>\n<\/div>","protected":false},"author":34,"featured_media":11349,"comment_status":"open","ping_status":"open","sticky":false,"template":"","format":"standard","meta":{"_exactmetrics_skip_tracking":false,"_exactmetrics_sitenote_active":false,"_exactmetrics_sitenote_note":"","_exactmetrics_sitenote_category":0,"footnotes":""},"categories":[7],"tags":[1300],"class_list":{"0":"post-11348","1":"post","2":"type-post","3":"status-publish","4":"format-standard","5":"has-post-thumbnail","7":"category-artigos-de-opinion","8":"tag-concello-de-salvaterra-de-mino"},"yoast_head":"<!-- This site is optimized with the Yoast SEO plugin v27.4 - https:\/\/yoast.com\/product\/yoast-seo-wordpress\/ -->\n<title>COUSAS DE SALVATERRA -<\/title>\n<meta name=\"description\" content=\"Na provincia de Entre Douro e Minho, non houbo este ano de 1648, acci\u00f3ns dignas de memoria. Estaba o Conde de Castell-Melhor desexoso de manter a calma e conservar sen dano calquera intento do inimigo de desbaratar a sua prevenci\u00f3n\" \/>\n<meta name=\"robots\" content=\"index, follow, max-snippet:-1, max-image-preview:large, max-video-preview:-1\" \/>\n<link rel=\"canonical\" href=\"https:\/\/www.anovapeneira.gal\/index.php\/2024\/03\/01\/cousas-de-salvaterra-14\/\" \/>\n<meta property=\"og:locale\" content=\"gl_ES\" \/>\n<meta property=\"og:type\" content=\"article\" \/>\n<meta property=\"og:title\" content=\"COUSAS DE SALVATERRA -\" \/>\n<meta property=\"og:description\" content=\"Na provincia de Entre Douro e Minho, non houbo este ano de 1648, acci\u00f3ns dignas de memoria. Estaba o Conde de Castell-Melhor desexoso de manter a calma e conservar sen dano calquera intento do inimigo de desbaratar a sua prevenci\u00f3n\" \/>\n<meta property=\"og:url\" content=\"https:\/\/www.anovapeneira.gal\/index.php\/2024\/03\/01\/cousas-de-salvaterra-14\/\" \/>\n<meta property=\"article:publisher\" content=\"https:\/\/www.facebook.com\/anovapeneira\" \/>\n<meta property=\"article:published_time\" content=\"2024-03-01T09:00:18+00:00\" \/>\n<meta property=\"article:modified_time\" content=\"2024-03-01T10:18:15+00:00\" \/>\n<meta property=\"og:image\" content=\"https:\/\/www.anovapeneira.gal\/wp-content\/uploads\/2024\/02\/prosigue_guerra.jpg\" \/>\n\t<meta property=\"og:image:width\" content=\"720\" \/>\n\t<meta property=\"og:image:height\" content=\"432\" \/>\n\t<meta property=\"og:image:type\" content=\"image\/jpeg\" \/>\n<meta name=\"author\" content=\"Ant\u00f3n Lorenzo Gonz\u00e1lez\" \/>\n<meta name=\"twitter:card\" content=\"summary_large_image\" \/>\n<meta name=\"twitter:image\" content=\"https:\/\/www.anovapeneira.gal\/wp-content\/uploads\/2024\/02\/prosigue_guerra.jpg\" \/>\n<meta name=\"twitter:creator\" content=\"@APeneira\" \/>\n<meta name=\"twitter:site\" content=\"@APeneira\" \/>\n<meta name=\"twitter:label1\" content=\"Escrito por\" \/>\n\t<meta name=\"twitter:data1\" content=\"Ant\u00f3n Lorenzo Gonz\u00e1lez\" \/>\n\t<meta name=\"twitter:label2\" content=\"Tempo de lectura\" \/>\n\t<meta name=\"twitter:data2\" content=\"6 minutos\" \/>\n<script type=\"application\/ld+json\" class=\"yoast-schema-graph\">{\"@context\":\"https:\\\/\\\/schema.org\",\"@graph\":[{\"@type\":\"Article\",\"@id\":\"https:\\\/\\\/www.anovapeneira.gal\\\/index.php\\\/2024\\\/03\\\/01\\\/cousas-de-salvaterra-14\\\/#article\",\"isPartOf\":{\"@id\":\"https:\\\/\\\/www.anovapeneira.gal\\\/index.php\\\/2024\\\/03\\\/01\\\/cousas-de-salvaterra-14\\\/\"},\"author\":{\"name\":\"Ant\u00f3n Lorenzo Gonz\u00e1lez\",\"@id\":\"https:\\\/\\\/www.anovapeneira.gal\\\/#\\\/schema\\\/person\\\/1bf91cd240796d05b6522e3d8a6e2d8e\"},\"headline\":\"COUSAS DE SALVATERRA\",\"datePublished\":\"2024-03-01T09:00:18+00:00\",\"dateModified\":\"2024-03-01T10:18:15+00:00\",\"mainEntityOfPage\":{\"@id\":\"https:\\\/\\\/www.anovapeneira.gal\\\/index.php\\\/2024\\\/03\\\/01\\\/cousas-de-salvaterra-14\\\/\"},\"wordCount\":953,\"commentCount\":0,\"publisher\":{\"@id\":\"https:\\\/\\\/www.anovapeneira.gal\\\/#organization\"},\"image\":{\"@id\":\"https:\\\/\\\/www.anovapeneira.gal\\\/index.php\\\/2024\\\/03\\\/01\\\/cousas-de-salvaterra-14\\\/#primaryimage\"},\"thumbnailUrl\":\"https:\\\/\\\/www.anovapeneira.gal\\\/wp-content\\\/uploads\\\/2024\\\/02\\\/prosigue_guerra.jpg\",\"keywords\":[\"Concello de Salvaterra de Mi\u00f1o\"],\"articleSection\":[\"Artigos de opini\u00f3n\"],\"inLanguage\":\"gl-ES\",\"potentialAction\":[{\"@type\":\"CommentAction\",\"name\":\"Comment\",\"target\":[\"https:\\\/\\\/www.anovapeneira.gal\\\/index.php\\\/2024\\\/03\\\/01\\\/cousas-de-salvaterra-14\\\/#respond\"]}]},{\"@type\":\"WebPage\",\"@id\":\"https:\\\/\\\/www.anovapeneira.gal\\\/index.php\\\/2024\\\/03\\\/01\\\/cousas-de-salvaterra-14\\\/\",\"url\":\"https:\\\/\\\/www.anovapeneira.gal\\\/index.php\\\/2024\\\/03\\\/01\\\/cousas-de-salvaterra-14\\\/\",\"name\":\"COUSAS DE SALVATERRA -\",\"isPartOf\":{\"@id\":\"https:\\\/\\\/www.anovapeneira.gal\\\/#website\"},\"primaryImageOfPage\":{\"@id\":\"https:\\\/\\\/www.anovapeneira.gal\\\/index.php\\\/2024\\\/03\\\/01\\\/cousas-de-salvaterra-14\\\/#primaryimage\"},\"image\":{\"@id\":\"https:\\\/\\\/www.anovapeneira.gal\\\/index.php\\\/2024\\\/03\\\/01\\\/cousas-de-salvaterra-14\\\/#primaryimage\"},\"thumbnailUrl\":\"https:\\\/\\\/www.anovapeneira.gal\\\/wp-content\\\/uploads\\\/2024\\\/02\\\/prosigue_guerra.jpg\",\"datePublished\":\"2024-03-01T09:00:18+00:00\",\"dateModified\":\"2024-03-01T10:18:15+00:00\",\"description\":\"Na provincia de Entre Douro e Minho, non houbo este ano de 1648, acci\u00f3ns dignas de memoria. Estaba o Conde de Castell-Melhor desexoso de manter a calma e conservar sen dano calquera intento do inimigo de desbaratar a sua prevenci\u00f3n\",\"breadcrumb\":{\"@id\":\"https:\\\/\\\/www.anovapeneira.gal\\\/index.php\\\/2024\\\/03\\\/01\\\/cousas-de-salvaterra-14\\\/#breadcrumb\"},\"inLanguage\":\"gl-ES\",\"potentialAction\":[{\"@type\":\"ReadAction\",\"target\":[\"https:\\\/\\\/www.anovapeneira.gal\\\/index.php\\\/2024\\\/03\\\/01\\\/cousas-de-salvaterra-14\\\/\"]}]},{\"@type\":\"ImageObject\",\"inLanguage\":\"gl-ES\",\"@id\":\"https:\\\/\\\/www.anovapeneira.gal\\\/index.php\\\/2024\\\/03\\\/01\\\/cousas-de-salvaterra-14\\\/#primaryimage\",\"url\":\"https:\\\/\\\/www.anovapeneira.gal\\\/wp-content\\\/uploads\\\/2024\\\/02\\\/prosigue_guerra.jpg\",\"contentUrl\":\"https:\\\/\\\/www.anovapeneira.gal\\\/wp-content\\\/uploads\\\/2024\\\/02\\\/prosigue_guerra.jpg\",\"width\":720,\"height\":432,\"caption\":\"COUSAS DE SALVATERRA. Prosigue a guerra, 1648 \u2013 1652\"},{\"@type\":\"BreadcrumbList\",\"@id\":\"https:\\\/\\\/www.anovapeneira.gal\\\/index.php\\\/2024\\\/03\\\/01\\\/cousas-de-salvaterra-14\\\/#breadcrumb\",\"itemListElement\":[{\"@type\":\"ListItem\",\"position\":1,\"name\":\"Portada\",\"item\":\"https:\\\/\\\/www.anovapeneira.gal\\\/\"},{\"@type\":\"ListItem\",\"position\":2,\"name\":\"COUSAS DE SALVATERRA\"}]},{\"@type\":\"WebSite\",\"@id\":\"https:\\\/\\\/www.anovapeneira.gal\\\/#website\",\"url\":\"https:\\\/\\\/www.anovapeneira.gal\\\/\",\"name\":\"\",\"description\":\"Xornal galego de informaci\u00f3n xeral Publicaci\u00f3n mensual de novas de Galicia e en especial dos Concellos da sur da provincia de Pontevedra.\",\"publisher\":{\"@id\":\"https:\\\/\\\/www.anovapeneira.gal\\\/#organization\"},\"potentialAction\":[{\"@type\":\"SearchAction\",\"target\":{\"@type\":\"EntryPoint\",\"urlTemplate\":\"https:\\\/\\\/www.anovapeneira.gal\\\/?s={search_term_string}\"},\"query-input\":{\"@type\":\"PropertyValueSpecification\",\"valueRequired\":true,\"valueName\":\"search_term_string\"}}],\"inLanguage\":\"gl-ES\"},{\"@type\":\"Organization\",\"@id\":\"https:\\\/\\\/www.anovapeneira.gal\\\/#organization\",\"name\":\"A Nova Peneira\",\"url\":\"https:\\\/\\\/www.anovapeneira.gal\\\/\",\"logo\":{\"@type\":\"ImageObject\",\"inLanguage\":\"gl-ES\",\"@id\":\"https:\\\/\\\/www.anovapeneira.gal\\\/#\\\/schema\\\/logo\\\/image\\\/\",\"url\":\"http:\\\/\\\/www.anovapeneira.gal\\\/wp-content\\\/uploads\\\/2019\\\/06\\\/logo_a_nova_peneira_portal_web.png\",\"contentUrl\":\"http:\\\/\\\/www.anovapeneira.gal\\\/wp-content\\\/uploads\\\/2019\\\/06\\\/logo_a_nova_peneira_portal_web.png\",\"width\":300,\"height\":100,\"caption\":\"A Nova Peneira\"},\"image\":{\"@id\":\"https:\\\/\\\/www.anovapeneira.gal\\\/#\\\/schema\\\/logo\\\/image\\\/\"},\"sameAs\":[\"https:\\\/\\\/www.facebook.com\\\/anovapeneira\",\"https:\\\/\\\/x.com\\\/APeneira\"]},{\"@type\":\"Person\",\"@id\":\"https:\\\/\\\/www.anovapeneira.gal\\\/#\\\/schema\\\/person\\\/1bf91cd240796d05b6522e3d8a6e2d8e\",\"name\":\"Ant\u00f3n Lorenzo Gonz\u00e1lez\",\"image\":{\"@type\":\"ImageObject\",\"inLanguage\":\"gl-ES\",\"@id\":\"https:\\\/\\\/secure.gravatar.com\\\/avatar\\\/dcd882e8f4338e07610336943426400d525673506eb37ce59442ba704e5cc971?s=96&d=mm&r=g\",\"url\":\"https:\\\/\\\/secure.gravatar.com\\\/avatar\\\/dcd882e8f4338e07610336943426400d525673506eb37ce59442ba704e5cc971?s=96&d=mm&r=g\",\"contentUrl\":\"https:\\\/\\\/secure.gravatar.com\\\/avatar\\\/dcd882e8f4338e07610336943426400d525673506eb37ce59442ba704e5cc971?s=96&d=mm&r=g\",\"caption\":\"Ant\u00f3n Lorenzo Gonz\u00e1lez\"},\"url\":\"https:\\\/\\\/www.anovapeneira.gal\\\/index.php\\\/author\\\/xaque\\\/\"}]}<\/script>\n<!-- \/ Yoast SEO plugin. -->","yoast_head_json":{"title":"COUSAS DE SALVATERRA -","description":"Na provincia de Entre Douro e Minho, non houbo este ano de 1648, acci\u00f3ns dignas de memoria. Estaba o Conde de Castell-Melhor desexoso de manter a calma e conservar sen dano calquera intento do inimigo de desbaratar a sua prevenci\u00f3n","robots":{"index":"index","follow":"follow","max-snippet":"max-snippet:-1","max-image-preview":"max-image-preview:large","max-video-preview":"max-video-preview:-1"},"canonical":"https:\/\/www.anovapeneira.gal\/index.php\/2024\/03\/01\/cousas-de-salvaterra-14\/","og_locale":"gl_ES","og_type":"article","og_title":"COUSAS DE SALVATERRA -","og_description":"Na provincia de Entre Douro e Minho, non houbo este ano de 1648, acci\u00f3ns dignas de memoria. Estaba o Conde de Castell-Melhor desexoso de manter a calma e conservar sen dano calquera intento do inimigo de desbaratar a sua prevenci\u00f3n","og_url":"https:\/\/www.anovapeneira.gal\/index.php\/2024\/03\/01\/cousas-de-salvaterra-14\/","article_publisher":"https:\/\/www.facebook.com\/anovapeneira","article_published_time":"2024-03-01T09:00:18+00:00","article_modified_time":"2024-03-01T10:18:15+00:00","og_image":[{"width":720,"height":432,"url":"https:\/\/www.anovapeneira.gal\/wp-content\/uploads\/2024\/02\/prosigue_guerra.jpg","type":"image\/jpeg"}],"author":"Ant\u00f3n Lorenzo Gonz\u00e1lez","twitter_card":"summary_large_image","twitter_image":"https:\/\/www.anovapeneira.gal\/wp-content\/uploads\/2024\/02\/prosigue_guerra.jpg","twitter_creator":"@APeneira","twitter_site":"@APeneira","twitter_misc":{"Escrito por":"Ant\u00f3n Lorenzo Gonz\u00e1lez","Tempo de lectura":"6 minutos"},"schema":{"@context":"https:\/\/schema.org","@graph":[{"@type":"Article","@id":"https:\/\/www.anovapeneira.gal\/index.php\/2024\/03\/01\/cousas-de-salvaterra-14\/#article","isPartOf":{"@id":"https:\/\/www.anovapeneira.gal\/index.php\/2024\/03\/01\/cousas-de-salvaterra-14\/"},"author":{"name":"Ant\u00f3n Lorenzo Gonz\u00e1lez","@id":"https:\/\/www.anovapeneira.gal\/#\/schema\/person\/1bf91cd240796d05b6522e3d8a6e2d8e"},"headline":"COUSAS DE SALVATERRA","datePublished":"2024-03-01T09:00:18+00:00","dateModified":"2024-03-01T10:18:15+00:00","mainEntityOfPage":{"@id":"https:\/\/www.anovapeneira.gal\/index.php\/2024\/03\/01\/cousas-de-salvaterra-14\/"},"wordCount":953,"commentCount":0,"publisher":{"@id":"https:\/\/www.anovapeneira.gal\/#organization"},"image":{"@id":"https:\/\/www.anovapeneira.gal\/index.php\/2024\/03\/01\/cousas-de-salvaterra-14\/#primaryimage"},"thumbnailUrl":"https:\/\/www.anovapeneira.gal\/wp-content\/uploads\/2024\/02\/prosigue_guerra.jpg","keywords":["Concello de Salvaterra de Mi\u00f1o"],"articleSection":["Artigos de opini\u00f3n"],"inLanguage":"gl-ES","potentialAction":[{"@type":"CommentAction","name":"Comment","target":["https:\/\/www.anovapeneira.gal\/index.php\/2024\/03\/01\/cousas-de-salvaterra-14\/#respond"]}]},{"@type":"WebPage","@id":"https:\/\/www.anovapeneira.gal\/index.php\/2024\/03\/01\/cousas-de-salvaterra-14\/","url":"https:\/\/www.anovapeneira.gal\/index.php\/2024\/03\/01\/cousas-de-salvaterra-14\/","name":"COUSAS DE SALVATERRA -","isPartOf":{"@id":"https:\/\/www.anovapeneira.gal\/#website"},"primaryImageOfPage":{"@id":"https:\/\/www.anovapeneira.gal\/index.php\/2024\/03\/01\/cousas-de-salvaterra-14\/#primaryimage"},"image":{"@id":"https:\/\/www.anovapeneira.gal\/index.php\/2024\/03\/01\/cousas-de-salvaterra-14\/#primaryimage"},"thumbnailUrl":"https:\/\/www.anovapeneira.gal\/wp-content\/uploads\/2024\/02\/prosigue_guerra.jpg","datePublished":"2024-03-01T09:00:18+00:00","dateModified":"2024-03-01T10:18:15+00:00","description":"Na provincia de Entre Douro e Minho, non houbo este ano de 1648, acci\u00f3ns dignas de memoria. Estaba o Conde de Castell-Melhor desexoso de manter a calma e conservar sen dano calquera intento do inimigo de desbaratar a sua prevenci\u00f3n","breadcrumb":{"@id":"https:\/\/www.anovapeneira.gal\/index.php\/2024\/03\/01\/cousas-de-salvaterra-14\/#breadcrumb"},"inLanguage":"gl-ES","potentialAction":[{"@type":"ReadAction","target":["https:\/\/www.anovapeneira.gal\/index.php\/2024\/03\/01\/cousas-de-salvaterra-14\/"]}]},{"@type":"ImageObject","inLanguage":"gl-ES","@id":"https:\/\/www.anovapeneira.gal\/index.php\/2024\/03\/01\/cousas-de-salvaterra-14\/#primaryimage","url":"https:\/\/www.anovapeneira.gal\/wp-content\/uploads\/2024\/02\/prosigue_guerra.jpg","contentUrl":"https:\/\/www.anovapeneira.gal\/wp-content\/uploads\/2024\/02\/prosigue_guerra.jpg","width":720,"height":432,"caption":"COUSAS DE SALVATERRA. Prosigue a guerra, 1648 \u2013 1652"},{"@type":"BreadcrumbList","@id":"https:\/\/www.anovapeneira.gal\/index.php\/2024\/03\/01\/cousas-de-salvaterra-14\/#breadcrumb","itemListElement":[{"@type":"ListItem","position":1,"name":"Portada","item":"https:\/\/www.anovapeneira.gal\/"},{"@type":"ListItem","position":2,"name":"COUSAS DE SALVATERRA"}]},{"@type":"WebSite","@id":"https:\/\/www.anovapeneira.gal\/#website","url":"https:\/\/www.anovapeneira.gal\/","name":"","description":"Xornal galego de informaci\u00f3n xeral Publicaci\u00f3n mensual de novas de Galicia e en especial dos Concellos da sur da provincia de Pontevedra.","publisher":{"@id":"https:\/\/www.anovapeneira.gal\/#organization"},"potentialAction":[{"@type":"SearchAction","target":{"@type":"EntryPoint","urlTemplate":"https:\/\/www.anovapeneira.gal\/?s={search_term_string}"},"query-input":{"@type":"PropertyValueSpecification","valueRequired":true,"valueName":"search_term_string"}}],"inLanguage":"gl-ES"},{"@type":"Organization","@id":"https:\/\/www.anovapeneira.gal\/#organization","name":"A Nova Peneira","url":"https:\/\/www.anovapeneira.gal\/","logo":{"@type":"ImageObject","inLanguage":"gl-ES","@id":"https:\/\/www.anovapeneira.gal\/#\/schema\/logo\/image\/","url":"http:\/\/www.anovapeneira.gal\/wp-content\/uploads\/2019\/06\/logo_a_nova_peneira_portal_web.png","contentUrl":"http:\/\/www.anovapeneira.gal\/wp-content\/uploads\/2019\/06\/logo_a_nova_peneira_portal_web.png","width":300,"height":100,"caption":"A Nova Peneira"},"image":{"@id":"https:\/\/www.anovapeneira.gal\/#\/schema\/logo\/image\/"},"sameAs":["https:\/\/www.facebook.com\/anovapeneira","https:\/\/x.com\/APeneira"]},{"@type":"Person","@id":"https:\/\/www.anovapeneira.gal\/#\/schema\/person\/1bf91cd240796d05b6522e3d8a6e2d8e","name":"Ant\u00f3n Lorenzo Gonz\u00e1lez","image":{"@type":"ImageObject","inLanguage":"gl-ES","@id":"https:\/\/secure.gravatar.com\/avatar\/dcd882e8f4338e07610336943426400d525673506eb37ce59442ba704e5cc971?s=96&d=mm&r=g","url":"https:\/\/secure.gravatar.com\/avatar\/dcd882e8f4338e07610336943426400d525673506eb37ce59442ba704e5cc971?s=96&d=mm&r=g","contentUrl":"https:\/\/secure.gravatar.com\/avatar\/dcd882e8f4338e07610336943426400d525673506eb37ce59442ba704e5cc971?s=96&d=mm&r=g","caption":"Ant\u00f3n Lorenzo Gonz\u00e1lez"},"url":"https:\/\/www.anovapeneira.gal\/index.php\/author\/xaque\/"}]}},"jetpack_featured_media_url":"https:\/\/www.anovapeneira.gal\/wp-content\/uploads\/2024\/02\/prosigue_guerra.jpg","_links":{"self":[{"href":"https:\/\/www.anovapeneira.gal\/index.php\/wp-json\/wp\/v2\/posts\/11348","targetHints":{"allow":["GET"]}}],"collection":[{"href":"https:\/\/www.anovapeneira.gal\/index.php\/wp-json\/wp\/v2\/posts"}],"about":[{"href":"https:\/\/www.anovapeneira.gal\/index.php\/wp-json\/wp\/v2\/types\/post"}],"author":[{"embeddable":true,"href":"https:\/\/www.anovapeneira.gal\/index.php\/wp-json\/wp\/v2\/users\/34"}],"replies":[{"embeddable":true,"href":"https:\/\/www.anovapeneira.gal\/index.php\/wp-json\/wp\/v2\/comments?post=11348"}],"version-history":[{"count":1,"href":"https:\/\/www.anovapeneira.gal\/index.php\/wp-json\/wp\/v2\/posts\/11348\/revisions"}],"predecessor-version":[{"id":11350,"href":"https:\/\/www.anovapeneira.gal\/index.php\/wp-json\/wp\/v2\/posts\/11348\/revisions\/11350"}],"wp:featuredmedia":[{"embeddable":true,"href":"https:\/\/www.anovapeneira.gal\/index.php\/wp-json\/wp\/v2\/media\/11349"}],"wp:attachment":[{"href":"https:\/\/www.anovapeneira.gal\/index.php\/wp-json\/wp\/v2\/media?parent=11348"}],"wp:term":[{"taxonomy":"category","embeddable":true,"href":"https:\/\/www.anovapeneira.gal\/index.php\/wp-json\/wp\/v2\/categories?post=11348"},{"taxonomy":"post_tag","embeddable":true,"href":"https:\/\/www.anovapeneira.gal\/index.php\/wp-json\/wp\/v2\/tags?post=11348"}],"curies":[{"name":"wp","href":"https:\/\/api.w.org\/{rel}","templated":true}]}}