{"id":11351,"date":"2024-03-01T10:00:04","date_gmt":"2024-03-01T09:00:04","guid":{"rendered":"https:\/\/www.anovapeneira.gal\/?p=11351"},"modified":"2024-02-28T11:20:29","modified_gmt":"2024-02-28T10:20:29","slug":"a-reflexion-ven-despois","status":"publish","type":"post","link":"https:\/\/www.anovapeneira.gal\/index.php\/2024\/03\/01\/a-reflexion-ven-despois\/","title":{"rendered":"A reflexi\u00f3n v\u00e9n despois"},"content":{"rendered":"\n<figure class=\"wp-block-image size-full is-resized\"><img loading=\"lazy\" decoding=\"async\" width=\"190\" height=\"229\" src=\"https:\/\/www.anovapeneira.gal\/wp-content\/uploads\/2022\/09\/alma_lopez_figueiras.jpg\" alt=\"\" class=\"wp-image-8177\" style=\"width:96px;height:auto\"\/><\/figure>\n\n\n\n<blockquote class=\"wp-block-quote is-layout-flow wp-block-quote-is-layout-flow\">\n<p><strong>Alma L\u00f3pez Figueiras. Xornalista<\/strong><\/p>\n<\/blockquote>\n\n\n\n<p>Os resultados electorais do 18 de febreiro deixan varias lecturas e sensaci\u00f3ns. Por unha banda, que a maior\u00eda dos galegos e das galegas votaron pola continuidade. Pola continuidade dunhas pol\u00edticas que nos \u00faltimos 15 anos te\u00f1en influ\u00eddo decisivamente no deterioro de servizos p\u00fablicos tan importantes para o benestar xeral da poboaci\u00f3n como a sanidade, na promoci\u00f3n dun modelo enerx\u00e9tico depredador que est\u00e1 condicionando o futuro de gran parte do territorio, ou na perda progresiva de galegofalantes. A quinta maior\u00eda absoluta consecutiva do Partido Popular, revalidada por 700.491 electores (un 47,4%) antes de que se conte o voto chegado desde o estranxeiro, significa que non haber\u00e1 cambios nesas pol\u00edticas tan cuestionadas, como demostran as mobilizaci\u00f3ns sociais dos \u00faltimos anos a prol dunha Atenci\u00f3n Primaria de calidade ou en contra do desenvolvemento de megaproxectos e\u00f3licos en \u00e1reas de gran valor natural e patrimonial.<\/p>\n\n\n\n<p>Neste contexto, a sensaci\u00f3n principal que deixan os resultados da votaci\u00f3n en boa parte da poboaci\u00f3n galega \u00e9 de impotencia. Moitas das persoas con ideas progresistas ou simplemente preocupadas polo devir do pa\u00eds preg\u00fantanse estes d\u00edas de resaca electoral que m\u00e1is podemos facer para que haxa un cambio pol\u00edtico na Xunta de Galicia. Ana Pont\u00f3n, na s\u00faa primeira intervenci\u00f3n p\u00fablica unha vez rematado o escrutinio, non ignoraba ese elefante na habitaci\u00f3n e mencionaba directamente a palabra decepci\u00f3n. A ilusi\u00f3n polo cambio era real, palp\u00e1base en auditorios cheos de persoas, nas conversas coti\u00e1s. Con todo, o BNG foi a forza pol\u00edtica que m\u00e1is medrou, acadando os seus mellores resultados e consolid\u00e1ndose como l\u00edder da oposici\u00f3n. Estas elecci\u00f3ns non foron un fracaso para o nacionalismo galego, sen\u00f3n un triunfo hist\u00f3rico. Ademais de atraer a 467.075 electores (un 31,60%), durante a campa\u00f1a visibilizou a esperada reconciliaci\u00f3n coa facci\u00f3n que fundara Anova en 2012, alomenos cos seus principais l\u00edderes, como Marti\u00f1o Noriega e Xos\u00e9 Manuel Beiras. Que non se cumprise a expectativa de cambio non foi un fracaso para o BNG.<\/p>\n\n\n\n<p>De feito, foi xunto a Vox o \u00fanico partido que medrou en n\u00famero de votos. O PP, a pesar de manter a s\u00faa maior\u00eda absoluta, baixou en m\u00e1is de 70.000 votos se comparamos os resultados de 2020 e 2024. A forza nacionalista, pola contra, sumou m\u00e1is de 155.000 apoios novos nas urnas. Parte deses votos de seguro vi\u00f1eron das filas socialistas. S\u00f3 as\u00ed se explica que o PSdG-PSOE deixara de recibir unhas 46.000 papeletas. Para que saian as contas das transferencias de votos, con todo, hai que considerar que houbo electores que antes se absti\u00f1an e desta vez acudiron \u00e1s urnas, e mesmo que houbo persoas que adoitaban apoiar ao PP e que desta vez apostaron polo cambio pol\u00edtico. Nas filas progresistas, con todo, houbo 32.025 votos que non aportaron valor: os 28.171 de Sumar e os 3.854 de Podemos. Estes rid\u00edculos datos, por debaixo dos de Vox no caso de Sumar e por debaixo do partido animalista PACMA no caso de Podemos, demostran que as decisi\u00f3ns cainitas que non miran polo ben com\u00fan est\u00e1n abocadas ao fracaso e mesmo poden chegar a determinar o fracaso colectivo dun bloque, como o progresista. Ese era o temor durante a campa\u00f1a, mais os resultados desas candidaturas de \u00faltima hora finalmente non foron tan determinantes. Si o foi o descenso dos socialistas nas urnas, un fen\u00f3meno que merece unha profunda reflexi\u00f3n interna nas filas do PSdG-PSOE.<\/p>\n\n\n\n<p>Quedan por diante catro anos m\u00e1is de goberno do PP na Xunta de Galicia, m\u00e1is non debemos sucumbir \u00e1 desesperanza do cambio. Estas elecci\u00f3ns supo\u00f1en a continuidade dunha acci\u00f3n pol\u00edtica, tanto da que se leva a cabo desde a Xunta como da que se leva a cabo desde a cidadan\u00eda e os movementos sociais. Para os que se sinten decepcionados, \u00e9 tempo de manterse firmes e continuar resistindo.<\/p>\n","protected":false},"excerpt":{"rendered":"<div class=\"mh-excerpt\"><p>Os resultados electorais do 18 de febreiro deixan varias lecturas e sensaci\u00f3ns. Por unha banda, que a maior\u00eda dos galegos e das galegas votaron pola continuidade <a class=\"mh-excerpt-more\" href=\"https:\/\/www.anovapeneira.gal\/index.php\/2024\/03\/01\/a-reflexion-ven-despois\/\" title=\"A reflexi\u00f3n v\u00e9n despois\">[&#8230;]<\/a><\/p>\n<\/div>","protected":false},"author":41,"featured_media":584,"comment_status":"open","ping_status":"open","sticky":false,"template":"","format":"standard","meta":{"_exactmetrics_skip_tracking":false,"_exactmetrics_sitenote_active":false,"_exactmetrics_sitenote_note":"","_exactmetrics_sitenote_category":0,"footnotes":""},"categories":[7],"tags":[],"class_list":{"0":"post-11351","1":"post","2":"type-post","3":"status-publish","4":"format-standard","5":"has-post-thumbnail","7":"category-artigos-de-opinion"},"yoast_head":"<!-- This site is optimized with the Yoast SEO plugin v27.4 - https:\/\/yoast.com\/product\/yoast-seo-wordpress\/ -->\n<title>A reflexi\u00f3n v\u00e9n despois -<\/title>\n<meta name=\"description\" content=\"Os resultados electorais do 18 de febreiro deixan varias lecturas e sensaci\u00f3ns. Por unha banda, que a maior\u00eda dos galegos e das galegas votaron pola continuidade\" \/>\n<meta name=\"robots\" content=\"index, follow, max-snippet:-1, max-image-preview:large, max-video-preview:-1\" \/>\n<link rel=\"canonical\" href=\"https:\/\/www.anovapeneira.gal\/index.php\/2024\/03\/01\/a-reflexion-ven-despois\/\" \/>\n<meta property=\"og:locale\" content=\"gl_ES\" \/>\n<meta property=\"og:type\" content=\"article\" \/>\n<meta property=\"og:title\" content=\"A reflexi\u00f3n v\u00e9n despois -\" \/>\n<meta property=\"og:description\" content=\"Os resultados electorais do 18 de febreiro deixan varias lecturas e sensaci\u00f3ns. Por unha banda, que a maior\u00eda dos galegos e das galegas votaron pola continuidade\" \/>\n<meta property=\"og:url\" content=\"https:\/\/www.anovapeneira.gal\/index.php\/2024\/03\/01\/a-reflexion-ven-despois\/\" \/>\n<meta property=\"article:publisher\" content=\"https:\/\/www.facebook.com\/anovapeneira\" \/>\n<meta property=\"article:published_time\" content=\"2024-03-01T09:00:04+00:00\" \/>\n<meta property=\"og:image\" content=\"https:\/\/www.anovapeneira.gal\/wp-content\/uploads\/2019\/07\/ARTIGO_DE_OPINION_A_NOVA_PENEIRA.jpg\" \/>\n\t<meta property=\"og:image:width\" content=\"720\" \/>\n\t<meta property=\"og:image:height\" content=\"473\" \/>\n\t<meta property=\"og:image:type\" content=\"image\/jpeg\" \/>\n<meta name=\"author\" content=\"Alma L\u00f3pez Figueiras\" \/>\n<meta name=\"twitter:card\" content=\"summary_large_image\" \/>\n<meta name=\"twitter:image\" content=\"https:\/\/www.anovapeneira.gal\/wp-content\/uploads\/2019\/07\/ARTIGO_DE_OPINION_A_NOVA_PENEIRA.jpg\" \/>\n<meta name=\"twitter:creator\" content=\"@APeneira\" \/>\n<meta name=\"twitter:site\" content=\"@APeneira\" \/>\n<meta name=\"twitter:label1\" content=\"Escrito por\" \/>\n\t<meta name=\"twitter:data1\" content=\"Alma L\u00f3pez Figueiras\" \/>\n\t<meta name=\"twitter:label2\" content=\"Tempo de lectura\" \/>\n\t<meta name=\"twitter:data2\" content=\"4 minutos\" \/>\n<script type=\"application\/ld+json\" class=\"yoast-schema-graph\">{\"@context\":\"https:\\\/\\\/schema.org\",\"@graph\":[{\"@type\":\"Article\",\"@id\":\"https:\\\/\\\/www.anovapeneira.gal\\\/index.php\\\/2024\\\/03\\\/01\\\/a-reflexion-ven-despois\\\/#article\",\"isPartOf\":{\"@id\":\"https:\\\/\\\/www.anovapeneira.gal\\\/index.php\\\/2024\\\/03\\\/01\\\/a-reflexion-ven-despois\\\/\"},\"author\":{\"name\":\"Alma L\u00f3pez Figueiras\",\"@id\":\"https:\\\/\\\/www.anovapeneira.gal\\\/#\\\/schema\\\/person\\\/0746a5e9aff49562caf86a581a001c1c\"},\"headline\":\"A reflexi\u00f3n v\u00e9n despois\",\"datePublished\":\"2024-03-01T09:00:04+00:00\",\"mainEntityOfPage\":{\"@id\":\"https:\\\/\\\/www.anovapeneira.gal\\\/index.php\\\/2024\\\/03\\\/01\\\/a-reflexion-ven-despois\\\/\"},\"wordCount\":678,\"commentCount\":0,\"publisher\":{\"@id\":\"https:\\\/\\\/www.anovapeneira.gal\\\/#organization\"},\"image\":{\"@id\":\"https:\\\/\\\/www.anovapeneira.gal\\\/index.php\\\/2024\\\/03\\\/01\\\/a-reflexion-ven-despois\\\/#primaryimage\"},\"thumbnailUrl\":\"https:\\\/\\\/www.anovapeneira.gal\\\/wp-content\\\/uploads\\\/2019\\\/07\\\/ARTIGO_DE_OPINION_A_NOVA_PENEIRA.jpg\",\"articleSection\":[\"Artigos de opini\u00f3n\"],\"inLanguage\":\"gl-ES\",\"potentialAction\":[{\"@type\":\"CommentAction\",\"name\":\"Comment\",\"target\":[\"https:\\\/\\\/www.anovapeneira.gal\\\/index.php\\\/2024\\\/03\\\/01\\\/a-reflexion-ven-despois\\\/#respond\"]}]},{\"@type\":\"WebPage\",\"@id\":\"https:\\\/\\\/www.anovapeneira.gal\\\/index.php\\\/2024\\\/03\\\/01\\\/a-reflexion-ven-despois\\\/\",\"url\":\"https:\\\/\\\/www.anovapeneira.gal\\\/index.php\\\/2024\\\/03\\\/01\\\/a-reflexion-ven-despois\\\/\",\"name\":\"A reflexi\u00f3n v\u00e9n despois -\",\"isPartOf\":{\"@id\":\"https:\\\/\\\/www.anovapeneira.gal\\\/#website\"},\"primaryImageOfPage\":{\"@id\":\"https:\\\/\\\/www.anovapeneira.gal\\\/index.php\\\/2024\\\/03\\\/01\\\/a-reflexion-ven-despois\\\/#primaryimage\"},\"image\":{\"@id\":\"https:\\\/\\\/www.anovapeneira.gal\\\/index.php\\\/2024\\\/03\\\/01\\\/a-reflexion-ven-despois\\\/#primaryimage\"},\"thumbnailUrl\":\"https:\\\/\\\/www.anovapeneira.gal\\\/wp-content\\\/uploads\\\/2019\\\/07\\\/ARTIGO_DE_OPINION_A_NOVA_PENEIRA.jpg\",\"datePublished\":\"2024-03-01T09:00:04+00:00\",\"description\":\"Os resultados electorais do 18 de febreiro deixan varias lecturas e sensaci\u00f3ns. Por unha banda, que a maior\u00eda dos galegos e das galegas votaron pola continuidade\",\"breadcrumb\":{\"@id\":\"https:\\\/\\\/www.anovapeneira.gal\\\/index.php\\\/2024\\\/03\\\/01\\\/a-reflexion-ven-despois\\\/#breadcrumb\"},\"inLanguage\":\"gl-ES\",\"potentialAction\":[{\"@type\":\"ReadAction\",\"target\":[\"https:\\\/\\\/www.anovapeneira.gal\\\/index.php\\\/2024\\\/03\\\/01\\\/a-reflexion-ven-despois\\\/\"]}]},{\"@type\":\"ImageObject\",\"inLanguage\":\"gl-ES\",\"@id\":\"https:\\\/\\\/www.anovapeneira.gal\\\/index.php\\\/2024\\\/03\\\/01\\\/a-reflexion-ven-despois\\\/#primaryimage\",\"url\":\"https:\\\/\\\/www.anovapeneira.gal\\\/wp-content\\\/uploads\\\/2019\\\/07\\\/ARTIGO_DE_OPINION_A_NOVA_PENEIRA.jpg\",\"contentUrl\":\"https:\\\/\\\/www.anovapeneira.gal\\\/wp-content\\\/uploads\\\/2019\\\/07\\\/ARTIGO_DE_OPINION_A_NOVA_PENEIRA.jpg\",\"width\":720,\"height\":473,\"caption\":\"Artigo de opini\u00f3n A Nova Peneira\"},{\"@type\":\"BreadcrumbList\",\"@id\":\"https:\\\/\\\/www.anovapeneira.gal\\\/index.php\\\/2024\\\/03\\\/01\\\/a-reflexion-ven-despois\\\/#breadcrumb\",\"itemListElement\":[{\"@type\":\"ListItem\",\"position\":1,\"name\":\"Portada\",\"item\":\"https:\\\/\\\/www.anovapeneira.gal\\\/\"},{\"@type\":\"ListItem\",\"position\":2,\"name\":\"A reflexi\u00f3n v\u00e9n despois\"}]},{\"@type\":\"WebSite\",\"@id\":\"https:\\\/\\\/www.anovapeneira.gal\\\/#website\",\"url\":\"https:\\\/\\\/www.anovapeneira.gal\\\/\",\"name\":\"\",\"description\":\"Xornal galego de informaci\u00f3n xeral Publicaci\u00f3n mensual de novas de Galicia e en especial dos Concellos da sur da provincia de Pontevedra.\",\"publisher\":{\"@id\":\"https:\\\/\\\/www.anovapeneira.gal\\\/#organization\"},\"potentialAction\":[{\"@type\":\"SearchAction\",\"target\":{\"@type\":\"EntryPoint\",\"urlTemplate\":\"https:\\\/\\\/www.anovapeneira.gal\\\/?s={search_term_string}\"},\"query-input\":{\"@type\":\"PropertyValueSpecification\",\"valueRequired\":true,\"valueName\":\"search_term_string\"}}],\"inLanguage\":\"gl-ES\"},{\"@type\":\"Organization\",\"@id\":\"https:\\\/\\\/www.anovapeneira.gal\\\/#organization\",\"name\":\"A Nova Peneira\",\"url\":\"https:\\\/\\\/www.anovapeneira.gal\\\/\",\"logo\":{\"@type\":\"ImageObject\",\"inLanguage\":\"gl-ES\",\"@id\":\"https:\\\/\\\/www.anovapeneira.gal\\\/#\\\/schema\\\/logo\\\/image\\\/\",\"url\":\"http:\\\/\\\/www.anovapeneira.gal\\\/wp-content\\\/uploads\\\/2019\\\/06\\\/logo_a_nova_peneira_portal_web.png\",\"contentUrl\":\"http:\\\/\\\/www.anovapeneira.gal\\\/wp-content\\\/uploads\\\/2019\\\/06\\\/logo_a_nova_peneira_portal_web.png\",\"width\":300,\"height\":100,\"caption\":\"A Nova Peneira\"},\"image\":{\"@id\":\"https:\\\/\\\/www.anovapeneira.gal\\\/#\\\/schema\\\/logo\\\/image\\\/\"},\"sameAs\":[\"https:\\\/\\\/www.facebook.com\\\/anovapeneira\",\"https:\\\/\\\/x.com\\\/APeneira\"]},{\"@type\":\"Person\",\"@id\":\"https:\\\/\\\/www.anovapeneira.gal\\\/#\\\/schema\\\/person\\\/0746a5e9aff49562caf86a581a001c1c\",\"name\":\"Alma L\u00f3pez Figueiras\",\"image\":{\"@type\":\"ImageObject\",\"inLanguage\":\"gl-ES\",\"@id\":\"https:\\\/\\\/secure.gravatar.com\\\/avatar\\\/feba821d8b06f92a15842270e547b80062a95516341d6cf987c8062ab7527628?s=96&d=mm&r=g\",\"url\":\"https:\\\/\\\/secure.gravatar.com\\\/avatar\\\/feba821d8b06f92a15842270e547b80062a95516341d6cf987c8062ab7527628?s=96&d=mm&r=g\",\"contentUrl\":\"https:\\\/\\\/secure.gravatar.com\\\/avatar\\\/feba821d8b06f92a15842270e547b80062a95516341d6cf987c8062ab7527628?s=96&d=mm&r=g\",\"caption\":\"Alma L\u00f3pez Figueiras\"},\"url\":\"https:\\\/\\\/www.anovapeneira.gal\\\/index.php\\\/author\\\/almalfigueiras\\\/\"}]}<\/script>\n<!-- \/ Yoast SEO plugin. -->","yoast_head_json":{"title":"A reflexi\u00f3n v\u00e9n despois -","description":"Os resultados electorais do 18 de febreiro deixan varias lecturas e sensaci\u00f3ns. Por unha banda, que a maior\u00eda dos galegos e das galegas votaron pola continuidade","robots":{"index":"index","follow":"follow","max-snippet":"max-snippet:-1","max-image-preview":"max-image-preview:large","max-video-preview":"max-video-preview:-1"},"canonical":"https:\/\/www.anovapeneira.gal\/index.php\/2024\/03\/01\/a-reflexion-ven-despois\/","og_locale":"gl_ES","og_type":"article","og_title":"A reflexi\u00f3n v\u00e9n despois -","og_description":"Os resultados electorais do 18 de febreiro deixan varias lecturas e sensaci\u00f3ns. Por unha banda, que a maior\u00eda dos galegos e das galegas votaron pola continuidade","og_url":"https:\/\/www.anovapeneira.gal\/index.php\/2024\/03\/01\/a-reflexion-ven-despois\/","article_publisher":"https:\/\/www.facebook.com\/anovapeneira","article_published_time":"2024-03-01T09:00:04+00:00","og_image":[{"width":720,"height":473,"url":"https:\/\/www.anovapeneira.gal\/wp-content\/uploads\/2019\/07\/ARTIGO_DE_OPINION_A_NOVA_PENEIRA.jpg","type":"image\/jpeg"}],"author":"Alma L\u00f3pez Figueiras","twitter_card":"summary_large_image","twitter_image":"https:\/\/www.anovapeneira.gal\/wp-content\/uploads\/2019\/07\/ARTIGO_DE_OPINION_A_NOVA_PENEIRA.jpg","twitter_creator":"@APeneira","twitter_site":"@APeneira","twitter_misc":{"Escrito por":"Alma L\u00f3pez Figueiras","Tempo de lectura":"4 minutos"},"schema":{"@context":"https:\/\/schema.org","@graph":[{"@type":"Article","@id":"https:\/\/www.anovapeneira.gal\/index.php\/2024\/03\/01\/a-reflexion-ven-despois\/#article","isPartOf":{"@id":"https:\/\/www.anovapeneira.gal\/index.php\/2024\/03\/01\/a-reflexion-ven-despois\/"},"author":{"name":"Alma L\u00f3pez Figueiras","@id":"https:\/\/www.anovapeneira.gal\/#\/schema\/person\/0746a5e9aff49562caf86a581a001c1c"},"headline":"A reflexi\u00f3n v\u00e9n despois","datePublished":"2024-03-01T09:00:04+00:00","mainEntityOfPage":{"@id":"https:\/\/www.anovapeneira.gal\/index.php\/2024\/03\/01\/a-reflexion-ven-despois\/"},"wordCount":678,"commentCount":0,"publisher":{"@id":"https:\/\/www.anovapeneira.gal\/#organization"},"image":{"@id":"https:\/\/www.anovapeneira.gal\/index.php\/2024\/03\/01\/a-reflexion-ven-despois\/#primaryimage"},"thumbnailUrl":"https:\/\/www.anovapeneira.gal\/wp-content\/uploads\/2019\/07\/ARTIGO_DE_OPINION_A_NOVA_PENEIRA.jpg","articleSection":["Artigos de opini\u00f3n"],"inLanguage":"gl-ES","potentialAction":[{"@type":"CommentAction","name":"Comment","target":["https:\/\/www.anovapeneira.gal\/index.php\/2024\/03\/01\/a-reflexion-ven-despois\/#respond"]}]},{"@type":"WebPage","@id":"https:\/\/www.anovapeneira.gal\/index.php\/2024\/03\/01\/a-reflexion-ven-despois\/","url":"https:\/\/www.anovapeneira.gal\/index.php\/2024\/03\/01\/a-reflexion-ven-despois\/","name":"A reflexi\u00f3n v\u00e9n despois -","isPartOf":{"@id":"https:\/\/www.anovapeneira.gal\/#website"},"primaryImageOfPage":{"@id":"https:\/\/www.anovapeneira.gal\/index.php\/2024\/03\/01\/a-reflexion-ven-despois\/#primaryimage"},"image":{"@id":"https:\/\/www.anovapeneira.gal\/index.php\/2024\/03\/01\/a-reflexion-ven-despois\/#primaryimage"},"thumbnailUrl":"https:\/\/www.anovapeneira.gal\/wp-content\/uploads\/2019\/07\/ARTIGO_DE_OPINION_A_NOVA_PENEIRA.jpg","datePublished":"2024-03-01T09:00:04+00:00","description":"Os resultados electorais do 18 de febreiro deixan varias lecturas e sensaci\u00f3ns. Por unha banda, que a maior\u00eda dos galegos e das galegas votaron pola continuidade","breadcrumb":{"@id":"https:\/\/www.anovapeneira.gal\/index.php\/2024\/03\/01\/a-reflexion-ven-despois\/#breadcrumb"},"inLanguage":"gl-ES","potentialAction":[{"@type":"ReadAction","target":["https:\/\/www.anovapeneira.gal\/index.php\/2024\/03\/01\/a-reflexion-ven-despois\/"]}]},{"@type":"ImageObject","inLanguage":"gl-ES","@id":"https:\/\/www.anovapeneira.gal\/index.php\/2024\/03\/01\/a-reflexion-ven-despois\/#primaryimage","url":"https:\/\/www.anovapeneira.gal\/wp-content\/uploads\/2019\/07\/ARTIGO_DE_OPINION_A_NOVA_PENEIRA.jpg","contentUrl":"https:\/\/www.anovapeneira.gal\/wp-content\/uploads\/2019\/07\/ARTIGO_DE_OPINION_A_NOVA_PENEIRA.jpg","width":720,"height":473,"caption":"Artigo de opini\u00f3n A Nova Peneira"},{"@type":"BreadcrumbList","@id":"https:\/\/www.anovapeneira.gal\/index.php\/2024\/03\/01\/a-reflexion-ven-despois\/#breadcrumb","itemListElement":[{"@type":"ListItem","position":1,"name":"Portada","item":"https:\/\/www.anovapeneira.gal\/"},{"@type":"ListItem","position":2,"name":"A reflexi\u00f3n v\u00e9n despois"}]},{"@type":"WebSite","@id":"https:\/\/www.anovapeneira.gal\/#website","url":"https:\/\/www.anovapeneira.gal\/","name":"","description":"Xornal galego de informaci\u00f3n xeral Publicaci\u00f3n mensual de novas de Galicia e en especial dos Concellos da sur da provincia de Pontevedra.","publisher":{"@id":"https:\/\/www.anovapeneira.gal\/#organization"},"potentialAction":[{"@type":"SearchAction","target":{"@type":"EntryPoint","urlTemplate":"https:\/\/www.anovapeneira.gal\/?s={search_term_string}"},"query-input":{"@type":"PropertyValueSpecification","valueRequired":true,"valueName":"search_term_string"}}],"inLanguage":"gl-ES"},{"@type":"Organization","@id":"https:\/\/www.anovapeneira.gal\/#organization","name":"A Nova Peneira","url":"https:\/\/www.anovapeneira.gal\/","logo":{"@type":"ImageObject","inLanguage":"gl-ES","@id":"https:\/\/www.anovapeneira.gal\/#\/schema\/logo\/image\/","url":"http:\/\/www.anovapeneira.gal\/wp-content\/uploads\/2019\/06\/logo_a_nova_peneira_portal_web.png","contentUrl":"http:\/\/www.anovapeneira.gal\/wp-content\/uploads\/2019\/06\/logo_a_nova_peneira_portal_web.png","width":300,"height":100,"caption":"A Nova Peneira"},"image":{"@id":"https:\/\/www.anovapeneira.gal\/#\/schema\/logo\/image\/"},"sameAs":["https:\/\/www.facebook.com\/anovapeneira","https:\/\/x.com\/APeneira"]},{"@type":"Person","@id":"https:\/\/www.anovapeneira.gal\/#\/schema\/person\/0746a5e9aff49562caf86a581a001c1c","name":"Alma L\u00f3pez Figueiras","image":{"@type":"ImageObject","inLanguage":"gl-ES","@id":"https:\/\/secure.gravatar.com\/avatar\/feba821d8b06f92a15842270e547b80062a95516341d6cf987c8062ab7527628?s=96&d=mm&r=g","url":"https:\/\/secure.gravatar.com\/avatar\/feba821d8b06f92a15842270e547b80062a95516341d6cf987c8062ab7527628?s=96&d=mm&r=g","contentUrl":"https:\/\/secure.gravatar.com\/avatar\/feba821d8b06f92a15842270e547b80062a95516341d6cf987c8062ab7527628?s=96&d=mm&r=g","caption":"Alma L\u00f3pez Figueiras"},"url":"https:\/\/www.anovapeneira.gal\/index.php\/author\/almalfigueiras\/"}]}},"jetpack_featured_media_url":"https:\/\/www.anovapeneira.gal\/wp-content\/uploads\/2019\/07\/ARTIGO_DE_OPINION_A_NOVA_PENEIRA.jpg","_links":{"self":[{"href":"https:\/\/www.anovapeneira.gal\/index.php\/wp-json\/wp\/v2\/posts\/11351","targetHints":{"allow":["GET"]}}],"collection":[{"href":"https:\/\/www.anovapeneira.gal\/index.php\/wp-json\/wp\/v2\/posts"}],"about":[{"href":"https:\/\/www.anovapeneira.gal\/index.php\/wp-json\/wp\/v2\/types\/post"}],"author":[{"embeddable":true,"href":"https:\/\/www.anovapeneira.gal\/index.php\/wp-json\/wp\/v2\/users\/41"}],"replies":[{"embeddable":true,"href":"https:\/\/www.anovapeneira.gal\/index.php\/wp-json\/wp\/v2\/comments?post=11351"}],"version-history":[{"count":1,"href":"https:\/\/www.anovapeneira.gal\/index.php\/wp-json\/wp\/v2\/posts\/11351\/revisions"}],"predecessor-version":[{"id":11352,"href":"https:\/\/www.anovapeneira.gal\/index.php\/wp-json\/wp\/v2\/posts\/11351\/revisions\/11352"}],"wp:featuredmedia":[{"embeddable":true,"href":"https:\/\/www.anovapeneira.gal\/index.php\/wp-json\/wp\/v2\/media\/584"}],"wp:attachment":[{"href":"https:\/\/www.anovapeneira.gal\/index.php\/wp-json\/wp\/v2\/media?parent=11351"}],"wp:term":[{"taxonomy":"category","embeddable":true,"href":"https:\/\/www.anovapeneira.gal\/index.php\/wp-json\/wp\/v2\/categories?post=11351"},{"taxonomy":"post_tag","embeddable":true,"href":"https:\/\/www.anovapeneira.gal\/index.php\/wp-json\/wp\/v2\/tags?post=11351"}],"curies":[{"name":"wp","href":"https:\/\/api.w.org\/{rel}","templated":true}]}}