{"id":11353,"date":"2024-03-04T10:00:03","date_gmt":"2024-03-04T09:00:03","guid":{"rendered":"https:\/\/www.anovapeneira.gal\/?p=11353"},"modified":"2024-02-29T13:17:35","modified_gmt":"2024-02-29T12:17:35","slug":"un-penalti-no-ultimo-minuto","status":"publish","type":"post","link":"https:\/\/www.anovapeneira.gal\/index.php\/2024\/03\/04\/un-penalti-no-ultimo-minuto\/","title":{"rendered":"Un penalti no \u00faltimo minuto"},"content":{"rendered":"\n<blockquote class=\"wp-block-quote is-layout-flow wp-block-quote-is-layout-flow\">\n<p>Marta Rodr\u00edguez M\u00e1rquez Secretaria do PP de A Ca\u00f1iza<\/p>\n<\/blockquote>\n\n\n\n<p>Non debe resultar doado asumir que a\u00ednda sendo unha suposta autoridade, tes que rematar bailando ao son que che marcan os demais. E a\u00ednda menos cando che escollen a canci\u00f3n despois de sacarche as cores p\u00fablicamente.<\/p>\n\n\n\n<p>Disto saben moito na Ca\u00f1iza.<\/p>\n\n\n\n<p>Esta suposta autoridade l\u00e9mbrame \u00e1 personaxe que encarna Joaquin Phoenix en \u201cGladiator\u201d, Lucio Aurelio C\u00f3modo, un emperador que agochaba os seus complexos de inferioridade detr\u00e1s dun comportamiento tirano axeno \u00e1s necesidades dos seus s\u00fabditos e entregado \u00e1 s\u00faa \u00fanica paix\u00f3n: a apariencia.<\/p>\n\n\n\n<p>A priori, este perfil de conducta non parece moi compatible cunha persoa \u00e1 que se lle presup\u00f3n unha actitude de servizo cara os demais. Nin a priori, nin a posteriori, polo visto.<\/p>\n\n\n\n<p>E as\u00ed \u00e9 como caeu o noso C\u00f3modo particular, Lu\u00eds Pi\u00f1a para os que o sofren, no xogo sucio de coordinar as s\u00faas d\u00faas caras: a p\u00fablica que sacou a pasear cando precisou que a xente o mantivera \u00e1 fronte do Concello, esa que adorna cun sorriso artificial e publicitario; e a privada, que \u00e9 a que rixe dentro dos muros do consistorio, esa que imp\u00f3n, desaf\u00eda e ignora.<\/p>\n\n\n\n<p>Por todos \u00e9 sabido que tivo que engadir no seu programa electoral, medidas copiadas do programa da oposici\u00f3n, neses tempos nos que exhib\u00eda a s\u00faa faciana p\u00fablica como un anuncio de \u201cprofident\u201d. Entre esas medidas compromet\u00edase a arranxar o campo de F\u00fatbol no que entrenan e xogan m\u00e1is de cen nenos e nenas da vila.<\/p>\n\n\n\n<p>Pero cando confirmou a s\u00faa permanencia no cargo, e recuperou a outra cara, a que emprega para impo\u00f1er a s\u00faa vontade en contra ata dos intereses dos propios veci\u00f1os, todas as manobras e xesti\u00f3ns que comezou a levar a cabo, indicaban que esa promesa electoral levava cami\u00f1o de converterse nunha estafa, sobre todo no momento que decide rechazar unha subvenci\u00f3n para redactar o proxecto de mellora do campo.<\/p>\n\n\n\n<p>Fartos do estado lamentable destas instalaci\u00f3ns deportivas, os propios usuarios, e o propio clube, tivo que tomar as rendas e comezar a publicar cr\u00edticas nas redes sociais, xunto con v\u00eddeos e fotograf\u00edas que deixaran \u00e1 vista de todos, como o \u201cemperador\u201d estaba tratando \u00e1 \u201cplebe\u201d, e exixindo que se acometesen as obras necesarias para poder ter un espazo digno.<\/p>\n\n\n\n<p>Incluso a oposici\u00f3n tivo que reforzar estes argumentos, publicando que o alcalde dispu\u00f1a dos recursos econ\u00f3micos necesarios para acometer as obras, e deix\u00e1ndoo sen excusas para evitalas, xa que parece que s\u00f3 disp\u00f3n de cartos para mercar bombillas, e para o resto pon sempre a excusa de que \u201cnon hai\u201d.<\/p>\n\n\n\n<p>Acertaron de cheo no centro da diana, onde est\u00e1 a opini\u00f3n p\u00fablica que deixa en evidencia esa falsa imaxe que tanto tempo leva disfrazando \u201co que manda\u201d.<\/p>\n\n\n\n<p>E como para Lucio Aurelio o m\u00e1is importante \u00e9 a apariencia e esta estaba m\u00e1is enfangada do que el pod\u00eda soportar, non lle quedou outra, que baixar \u00e1 \u00e1rea a recibir a estocada e aceptar a decisi\u00f3n que a grada coreaba a pleno pulm\u00f3n.<\/p>\n\n\n\n<p>Xusto cando xa ti\u00f1a decidido que non \u00eda empregar nin un s\u00f3 euro para facer esa reforma, a xente falou e reclamou o seu. De nada lle serviron as reprimendas nin as ameazas aos que alzaron a voz. O pobo imp\u00faxose.<\/p>\n\n\n\n<p>A\u00ednda que desesperado por seguir alimentando esa falsa imaxe e tentando recompo\u00f1ela, sacou a pasear unha m\u00e1quina cortac\u00e9spede que levaba gardada no concello desde decembro. Agora xa s\u00f3 lle falta plantar a herba e regala para que medre e poder empregar o aparello.<\/p>\n\n\n\n<p>E as\u00ed foi como os veci\u00f1os da Ca\u00f1iza lle marcaron un penalti ao alcalde no \u00faltimo minuto e consegui\u00f3n o gol da victoria.<\/p>\n","protected":false},"excerpt":{"rendered":"<div class=\"mh-excerpt\"><p>Non debe resultar doado asumir que a\u00ednda sendo unha suposta autoridade, tes que rematar bailando ao son que che marcan os demais. E a\u00ednda menos cando che escollen a canci\u00f3n despois de sacarche as cores p\u00fablicamente. <a class=\"mh-excerpt-more\" href=\"https:\/\/www.anovapeneira.gal\/index.php\/2024\/03\/04\/un-penalti-no-ultimo-minuto\/\" title=\"Un penalti no \u00faltimo minuto\">[&#8230;]<\/a><\/p>\n<\/div>","protected":false},"author":12,"featured_media":10448,"comment_status":"open","ping_status":"open","sticky":false,"template":"","format":"standard","meta":{"_exactmetrics_skip_tracking":false,"_exactmetrics_sitenote_active":false,"_exactmetrics_sitenote_note":"","_exactmetrics_sitenote_category":0,"footnotes":""},"categories":[7],"tags":[867],"class_list":{"0":"post-11353","1":"post","2":"type-post","3":"status-publish","4":"format-standard","5":"has-post-thumbnail","7":"category-artigos-de-opinion","8":"tag-concello-da-caniza"},"yoast_head":"<!-- This site is optimized with the Yoast SEO plugin v27.4 - https:\/\/yoast.com\/product\/yoast-seo-wordpress\/ -->\n<title>Un penalti no \u00faltimo minuto -<\/title>\n<meta name=\"description\" content=\"Non debe resultar doado asumir que a\u00ednda sendo unha suposta autoridade, tes que rematar bailando ao son que che marcan os demais. E a\u00ednda menos cando che escollen a canci\u00f3n despois de sacarche as cores p\u00fablicamente.\" \/>\n<meta name=\"robots\" content=\"index, follow, max-snippet:-1, max-image-preview:large, max-video-preview:-1\" \/>\n<link rel=\"canonical\" href=\"https:\/\/www.anovapeneira.gal\/index.php\/2024\/03\/04\/un-penalti-no-ultimo-minuto\/\" \/>\n<meta property=\"og:locale\" content=\"gl_ES\" \/>\n<meta property=\"og:type\" content=\"article\" \/>\n<meta property=\"og:title\" content=\"Un penalti no \u00faltimo minuto -\" \/>\n<meta property=\"og:description\" content=\"Non debe resultar doado asumir que a\u00ednda sendo unha suposta autoridade, tes que rematar bailando ao son que che marcan os demais. E a\u00ednda menos cando che escollen a canci\u00f3n despois de sacarche as cores p\u00fablicamente.\" \/>\n<meta property=\"og:url\" content=\"https:\/\/www.anovapeneira.gal\/index.php\/2024\/03\/04\/un-penalti-no-ultimo-minuto\/\" \/>\n<meta property=\"article:publisher\" content=\"https:\/\/www.facebook.com\/anovapeneira\" \/>\n<meta property=\"article:published_time\" content=\"2024-03-04T09:00:03+00:00\" \/>\n<meta property=\"og:image\" content=\"https:\/\/www.anovapeneira.gal\/wp-content\/uploads\/2023\/09\/marta_pp_caniza.jpg\" \/>\n\t<meta property=\"og:image:width\" content=\"720\" \/>\n\t<meta property=\"og:image:height\" content=\"432\" \/>\n\t<meta property=\"og:image:type\" content=\"image\/jpeg\" \/>\n<meta name=\"author\" content=\"Artigos Opini\u00f3n\" \/>\n<meta name=\"twitter:card\" content=\"summary_large_image\" \/>\n<meta name=\"twitter:creator\" content=\"@APeneira\" \/>\n<meta name=\"twitter:site\" content=\"@APeneira\" \/>\n<meta name=\"twitter:label1\" content=\"Escrito por\" \/>\n\t<meta name=\"twitter:data1\" content=\"Artigos Opini\u00f3n\" \/>\n\t<meta name=\"twitter:label2\" content=\"Tempo de lectura\" \/>\n\t<meta name=\"twitter:data2\" content=\"4 minutos\" \/>\n<script type=\"application\/ld+json\" class=\"yoast-schema-graph\">{\"@context\":\"https:\\\/\\\/schema.org\",\"@graph\":[{\"@type\":\"Article\",\"@id\":\"https:\\\/\\\/www.anovapeneira.gal\\\/index.php\\\/2024\\\/03\\\/04\\\/un-penalti-no-ultimo-minuto\\\/#article\",\"isPartOf\":{\"@id\":\"https:\\\/\\\/www.anovapeneira.gal\\\/index.php\\\/2024\\\/03\\\/04\\\/un-penalti-no-ultimo-minuto\\\/\"},\"author\":{\"name\":\"Artigos Opini\u00f3n\",\"@id\":\"https:\\\/\\\/www.anovapeneira.gal\\\/#\\\/schema\\\/person\\\/f18a4feb302e8f20bcef4490b5b60bb3\"},\"headline\":\"Un penalti no \u00faltimo minuto\",\"datePublished\":\"2024-03-04T09:00:03+00:00\",\"mainEntityOfPage\":{\"@id\":\"https:\\\/\\\/www.anovapeneira.gal\\\/index.php\\\/2024\\\/03\\\/04\\\/un-penalti-no-ultimo-minuto\\\/\"},\"wordCount\":659,\"commentCount\":0,\"publisher\":{\"@id\":\"https:\\\/\\\/www.anovapeneira.gal\\\/#organization\"},\"image\":{\"@id\":\"https:\\\/\\\/www.anovapeneira.gal\\\/index.php\\\/2024\\\/03\\\/04\\\/un-penalti-no-ultimo-minuto\\\/#primaryimage\"},\"thumbnailUrl\":\"https:\\\/\\\/www.anovapeneira.gal\\\/wp-content\\\/uploads\\\/2023\\\/09\\\/marta_pp_caniza.jpg\",\"keywords\":[\"Concello da Ca\u00f1iza\"],\"articleSection\":[\"Artigos de opini\u00f3n\"],\"inLanguage\":\"gl-ES\",\"potentialAction\":[{\"@type\":\"CommentAction\",\"name\":\"Comment\",\"target\":[\"https:\\\/\\\/www.anovapeneira.gal\\\/index.php\\\/2024\\\/03\\\/04\\\/un-penalti-no-ultimo-minuto\\\/#respond\"]}]},{\"@type\":\"WebPage\",\"@id\":\"https:\\\/\\\/www.anovapeneira.gal\\\/index.php\\\/2024\\\/03\\\/04\\\/un-penalti-no-ultimo-minuto\\\/\",\"url\":\"https:\\\/\\\/www.anovapeneira.gal\\\/index.php\\\/2024\\\/03\\\/04\\\/un-penalti-no-ultimo-minuto\\\/\",\"name\":\"Un penalti no \u00faltimo minuto -\",\"isPartOf\":{\"@id\":\"https:\\\/\\\/www.anovapeneira.gal\\\/#website\"},\"primaryImageOfPage\":{\"@id\":\"https:\\\/\\\/www.anovapeneira.gal\\\/index.php\\\/2024\\\/03\\\/04\\\/un-penalti-no-ultimo-minuto\\\/#primaryimage\"},\"image\":{\"@id\":\"https:\\\/\\\/www.anovapeneira.gal\\\/index.php\\\/2024\\\/03\\\/04\\\/un-penalti-no-ultimo-minuto\\\/#primaryimage\"},\"thumbnailUrl\":\"https:\\\/\\\/www.anovapeneira.gal\\\/wp-content\\\/uploads\\\/2023\\\/09\\\/marta_pp_caniza.jpg\",\"datePublished\":\"2024-03-04T09:00:03+00:00\",\"description\":\"Non debe resultar doado asumir que a\u00ednda sendo unha suposta autoridade, tes que rematar bailando ao son que che marcan os demais. E a\u00ednda menos cando che escollen a canci\u00f3n despois de sacarche as cores p\u00fablicamente.\",\"breadcrumb\":{\"@id\":\"https:\\\/\\\/www.anovapeneira.gal\\\/index.php\\\/2024\\\/03\\\/04\\\/un-penalti-no-ultimo-minuto\\\/#breadcrumb\"},\"inLanguage\":\"gl-ES\",\"potentialAction\":[{\"@type\":\"ReadAction\",\"target\":[\"https:\\\/\\\/www.anovapeneira.gal\\\/index.php\\\/2024\\\/03\\\/04\\\/un-penalti-no-ultimo-minuto\\\/\"]}]},{\"@type\":\"ImageObject\",\"inLanguage\":\"gl-ES\",\"@id\":\"https:\\\/\\\/www.anovapeneira.gal\\\/index.php\\\/2024\\\/03\\\/04\\\/un-penalti-no-ultimo-minuto\\\/#primaryimage\",\"url\":\"https:\\\/\\\/www.anovapeneira.gal\\\/wp-content\\\/uploads\\\/2023\\\/09\\\/marta_pp_caniza.jpg\",\"contentUrl\":\"https:\\\/\\\/www.anovapeneira.gal\\\/wp-content\\\/uploads\\\/2023\\\/09\\\/marta_pp_caniza.jpg\",\"width\":720,\"height\":432,\"caption\":\"Marta Rodr\u00edguez M\u00e1rquez Secretaria do PP de A Ca\u00f1iza\"},{\"@type\":\"BreadcrumbList\",\"@id\":\"https:\\\/\\\/www.anovapeneira.gal\\\/index.php\\\/2024\\\/03\\\/04\\\/un-penalti-no-ultimo-minuto\\\/#breadcrumb\",\"itemListElement\":[{\"@type\":\"ListItem\",\"position\":1,\"name\":\"Portada\",\"item\":\"https:\\\/\\\/www.anovapeneira.gal\\\/\"},{\"@type\":\"ListItem\",\"position\":2,\"name\":\"Un penalti no \u00faltimo minuto\"}]},{\"@type\":\"WebSite\",\"@id\":\"https:\\\/\\\/www.anovapeneira.gal\\\/#website\",\"url\":\"https:\\\/\\\/www.anovapeneira.gal\\\/\",\"name\":\"\",\"description\":\"Xornal galego de informaci\u00f3n xeral Publicaci\u00f3n mensual de novas de Galicia e en especial dos Concellos da sur da provincia de Pontevedra.\",\"publisher\":{\"@id\":\"https:\\\/\\\/www.anovapeneira.gal\\\/#organization\"},\"potentialAction\":[{\"@type\":\"SearchAction\",\"target\":{\"@type\":\"EntryPoint\",\"urlTemplate\":\"https:\\\/\\\/www.anovapeneira.gal\\\/?s={search_term_string}\"},\"query-input\":{\"@type\":\"PropertyValueSpecification\",\"valueRequired\":true,\"valueName\":\"search_term_string\"}}],\"inLanguage\":\"gl-ES\"},{\"@type\":\"Organization\",\"@id\":\"https:\\\/\\\/www.anovapeneira.gal\\\/#organization\",\"name\":\"A Nova Peneira\",\"url\":\"https:\\\/\\\/www.anovapeneira.gal\\\/\",\"logo\":{\"@type\":\"ImageObject\",\"inLanguage\":\"gl-ES\",\"@id\":\"https:\\\/\\\/www.anovapeneira.gal\\\/#\\\/schema\\\/logo\\\/image\\\/\",\"url\":\"http:\\\/\\\/www.anovapeneira.gal\\\/wp-content\\\/uploads\\\/2019\\\/06\\\/logo_a_nova_peneira_portal_web.png\",\"contentUrl\":\"http:\\\/\\\/www.anovapeneira.gal\\\/wp-content\\\/uploads\\\/2019\\\/06\\\/logo_a_nova_peneira_portal_web.png\",\"width\":300,\"height\":100,\"caption\":\"A Nova Peneira\"},\"image\":{\"@id\":\"https:\\\/\\\/www.anovapeneira.gal\\\/#\\\/schema\\\/logo\\\/image\\\/\"},\"sameAs\":[\"https:\\\/\\\/www.facebook.com\\\/anovapeneira\",\"https:\\\/\\\/x.com\\\/APeneira\"]},{\"@type\":\"Person\",\"@id\":\"https:\\\/\\\/www.anovapeneira.gal\\\/#\\\/schema\\\/person\\\/f18a4feb302e8f20bcef4490b5b60bb3\",\"name\":\"Artigos Opini\u00f3n\",\"image\":{\"@type\":\"ImageObject\",\"inLanguage\":\"gl-ES\",\"@id\":\"https:\\\/\\\/secure.gravatar.com\\\/avatar\\\/072844300f4881150aee2da4278f7a65d16eefdf8262eb67085f1e702de2b959?s=96&d=mm&r=g\",\"url\":\"https:\\\/\\\/secure.gravatar.com\\\/avatar\\\/072844300f4881150aee2da4278f7a65d16eefdf8262eb67085f1e702de2b959?s=96&d=mm&r=g\",\"contentUrl\":\"https:\\\/\\\/secure.gravatar.com\\\/avatar\\\/072844300f4881150aee2da4278f7a65d16eefdf8262eb67085f1e702de2b959?s=96&d=mm&r=g\",\"caption\":\"Artigos Opini\u00f3n\"},\"sameAs\":[\"http:\\\/\\\/anovapeneira.gal\"],\"url\":\"https:\\\/\\\/www.anovapeneira.gal\\\/index.php\\\/author\\\/artigosopinion\\\/\"}]}<\/script>\n<!-- \/ Yoast SEO plugin. -->","yoast_head_json":{"title":"Un penalti no \u00faltimo minuto -","description":"Non debe resultar doado asumir que a\u00ednda sendo unha suposta autoridade, tes que rematar bailando ao son que che marcan os demais. E a\u00ednda menos cando che escollen a canci\u00f3n despois de sacarche as cores p\u00fablicamente.","robots":{"index":"index","follow":"follow","max-snippet":"max-snippet:-1","max-image-preview":"max-image-preview:large","max-video-preview":"max-video-preview:-1"},"canonical":"https:\/\/www.anovapeneira.gal\/index.php\/2024\/03\/04\/un-penalti-no-ultimo-minuto\/","og_locale":"gl_ES","og_type":"article","og_title":"Un penalti no \u00faltimo minuto -","og_description":"Non debe resultar doado asumir que a\u00ednda sendo unha suposta autoridade, tes que rematar bailando ao son que che marcan os demais. E a\u00ednda menos cando che escollen a canci\u00f3n despois de sacarche as cores p\u00fablicamente.","og_url":"https:\/\/www.anovapeneira.gal\/index.php\/2024\/03\/04\/un-penalti-no-ultimo-minuto\/","article_publisher":"https:\/\/www.facebook.com\/anovapeneira","article_published_time":"2024-03-04T09:00:03+00:00","og_image":[{"width":720,"height":432,"url":"https:\/\/www.anovapeneira.gal\/wp-content\/uploads\/2023\/09\/marta_pp_caniza.jpg","type":"image\/jpeg"}],"author":"Artigos Opini\u00f3n","twitter_card":"summary_large_image","twitter_creator":"@APeneira","twitter_site":"@APeneira","twitter_misc":{"Escrito por":"Artigos Opini\u00f3n","Tempo de lectura":"4 minutos"},"schema":{"@context":"https:\/\/schema.org","@graph":[{"@type":"Article","@id":"https:\/\/www.anovapeneira.gal\/index.php\/2024\/03\/04\/un-penalti-no-ultimo-minuto\/#article","isPartOf":{"@id":"https:\/\/www.anovapeneira.gal\/index.php\/2024\/03\/04\/un-penalti-no-ultimo-minuto\/"},"author":{"name":"Artigos Opini\u00f3n","@id":"https:\/\/www.anovapeneira.gal\/#\/schema\/person\/f18a4feb302e8f20bcef4490b5b60bb3"},"headline":"Un penalti no \u00faltimo minuto","datePublished":"2024-03-04T09:00:03+00:00","mainEntityOfPage":{"@id":"https:\/\/www.anovapeneira.gal\/index.php\/2024\/03\/04\/un-penalti-no-ultimo-minuto\/"},"wordCount":659,"commentCount":0,"publisher":{"@id":"https:\/\/www.anovapeneira.gal\/#organization"},"image":{"@id":"https:\/\/www.anovapeneira.gal\/index.php\/2024\/03\/04\/un-penalti-no-ultimo-minuto\/#primaryimage"},"thumbnailUrl":"https:\/\/www.anovapeneira.gal\/wp-content\/uploads\/2023\/09\/marta_pp_caniza.jpg","keywords":["Concello da Ca\u00f1iza"],"articleSection":["Artigos de opini\u00f3n"],"inLanguage":"gl-ES","potentialAction":[{"@type":"CommentAction","name":"Comment","target":["https:\/\/www.anovapeneira.gal\/index.php\/2024\/03\/04\/un-penalti-no-ultimo-minuto\/#respond"]}]},{"@type":"WebPage","@id":"https:\/\/www.anovapeneira.gal\/index.php\/2024\/03\/04\/un-penalti-no-ultimo-minuto\/","url":"https:\/\/www.anovapeneira.gal\/index.php\/2024\/03\/04\/un-penalti-no-ultimo-minuto\/","name":"Un penalti no \u00faltimo minuto -","isPartOf":{"@id":"https:\/\/www.anovapeneira.gal\/#website"},"primaryImageOfPage":{"@id":"https:\/\/www.anovapeneira.gal\/index.php\/2024\/03\/04\/un-penalti-no-ultimo-minuto\/#primaryimage"},"image":{"@id":"https:\/\/www.anovapeneira.gal\/index.php\/2024\/03\/04\/un-penalti-no-ultimo-minuto\/#primaryimage"},"thumbnailUrl":"https:\/\/www.anovapeneira.gal\/wp-content\/uploads\/2023\/09\/marta_pp_caniza.jpg","datePublished":"2024-03-04T09:00:03+00:00","description":"Non debe resultar doado asumir que a\u00ednda sendo unha suposta autoridade, tes que rematar bailando ao son que che marcan os demais. E a\u00ednda menos cando che escollen a canci\u00f3n despois de sacarche as cores p\u00fablicamente.","breadcrumb":{"@id":"https:\/\/www.anovapeneira.gal\/index.php\/2024\/03\/04\/un-penalti-no-ultimo-minuto\/#breadcrumb"},"inLanguage":"gl-ES","potentialAction":[{"@type":"ReadAction","target":["https:\/\/www.anovapeneira.gal\/index.php\/2024\/03\/04\/un-penalti-no-ultimo-minuto\/"]}]},{"@type":"ImageObject","inLanguage":"gl-ES","@id":"https:\/\/www.anovapeneira.gal\/index.php\/2024\/03\/04\/un-penalti-no-ultimo-minuto\/#primaryimage","url":"https:\/\/www.anovapeneira.gal\/wp-content\/uploads\/2023\/09\/marta_pp_caniza.jpg","contentUrl":"https:\/\/www.anovapeneira.gal\/wp-content\/uploads\/2023\/09\/marta_pp_caniza.jpg","width":720,"height":432,"caption":"Marta Rodr\u00edguez M\u00e1rquez Secretaria do PP de A Ca\u00f1iza"},{"@type":"BreadcrumbList","@id":"https:\/\/www.anovapeneira.gal\/index.php\/2024\/03\/04\/un-penalti-no-ultimo-minuto\/#breadcrumb","itemListElement":[{"@type":"ListItem","position":1,"name":"Portada","item":"https:\/\/www.anovapeneira.gal\/"},{"@type":"ListItem","position":2,"name":"Un penalti no \u00faltimo minuto"}]},{"@type":"WebSite","@id":"https:\/\/www.anovapeneira.gal\/#website","url":"https:\/\/www.anovapeneira.gal\/","name":"","description":"Xornal galego de informaci\u00f3n xeral Publicaci\u00f3n mensual de novas de Galicia e en especial dos Concellos da sur da provincia de Pontevedra.","publisher":{"@id":"https:\/\/www.anovapeneira.gal\/#organization"},"potentialAction":[{"@type":"SearchAction","target":{"@type":"EntryPoint","urlTemplate":"https:\/\/www.anovapeneira.gal\/?s={search_term_string}"},"query-input":{"@type":"PropertyValueSpecification","valueRequired":true,"valueName":"search_term_string"}}],"inLanguage":"gl-ES"},{"@type":"Organization","@id":"https:\/\/www.anovapeneira.gal\/#organization","name":"A Nova Peneira","url":"https:\/\/www.anovapeneira.gal\/","logo":{"@type":"ImageObject","inLanguage":"gl-ES","@id":"https:\/\/www.anovapeneira.gal\/#\/schema\/logo\/image\/","url":"http:\/\/www.anovapeneira.gal\/wp-content\/uploads\/2019\/06\/logo_a_nova_peneira_portal_web.png","contentUrl":"http:\/\/www.anovapeneira.gal\/wp-content\/uploads\/2019\/06\/logo_a_nova_peneira_portal_web.png","width":300,"height":100,"caption":"A Nova Peneira"},"image":{"@id":"https:\/\/www.anovapeneira.gal\/#\/schema\/logo\/image\/"},"sameAs":["https:\/\/www.facebook.com\/anovapeneira","https:\/\/x.com\/APeneira"]},{"@type":"Person","@id":"https:\/\/www.anovapeneira.gal\/#\/schema\/person\/f18a4feb302e8f20bcef4490b5b60bb3","name":"Artigos Opini\u00f3n","image":{"@type":"ImageObject","inLanguage":"gl-ES","@id":"https:\/\/secure.gravatar.com\/avatar\/072844300f4881150aee2da4278f7a65d16eefdf8262eb67085f1e702de2b959?s=96&d=mm&r=g","url":"https:\/\/secure.gravatar.com\/avatar\/072844300f4881150aee2da4278f7a65d16eefdf8262eb67085f1e702de2b959?s=96&d=mm&r=g","contentUrl":"https:\/\/secure.gravatar.com\/avatar\/072844300f4881150aee2da4278f7a65d16eefdf8262eb67085f1e702de2b959?s=96&d=mm&r=g","caption":"Artigos Opini\u00f3n"},"sameAs":["http:\/\/anovapeneira.gal"],"url":"https:\/\/www.anovapeneira.gal\/index.php\/author\/artigosopinion\/"}]}},"jetpack_featured_media_url":"https:\/\/www.anovapeneira.gal\/wp-content\/uploads\/2023\/09\/marta_pp_caniza.jpg","_links":{"self":[{"href":"https:\/\/www.anovapeneira.gal\/index.php\/wp-json\/wp\/v2\/posts\/11353","targetHints":{"allow":["GET"]}}],"collection":[{"href":"https:\/\/www.anovapeneira.gal\/index.php\/wp-json\/wp\/v2\/posts"}],"about":[{"href":"https:\/\/www.anovapeneira.gal\/index.php\/wp-json\/wp\/v2\/types\/post"}],"author":[{"embeddable":true,"href":"https:\/\/www.anovapeneira.gal\/index.php\/wp-json\/wp\/v2\/users\/12"}],"replies":[{"embeddable":true,"href":"https:\/\/www.anovapeneira.gal\/index.php\/wp-json\/wp\/v2\/comments?post=11353"}],"version-history":[{"count":1,"href":"https:\/\/www.anovapeneira.gal\/index.php\/wp-json\/wp\/v2\/posts\/11353\/revisions"}],"predecessor-version":[{"id":11354,"href":"https:\/\/www.anovapeneira.gal\/index.php\/wp-json\/wp\/v2\/posts\/11353\/revisions\/11354"}],"wp:featuredmedia":[{"embeddable":true,"href":"https:\/\/www.anovapeneira.gal\/index.php\/wp-json\/wp\/v2\/media\/10448"}],"wp:attachment":[{"href":"https:\/\/www.anovapeneira.gal\/index.php\/wp-json\/wp\/v2\/media?parent=11353"}],"wp:term":[{"taxonomy":"category","embeddable":true,"href":"https:\/\/www.anovapeneira.gal\/index.php\/wp-json\/wp\/v2\/categories?post=11353"},{"taxonomy":"post_tag","embeddable":true,"href":"https:\/\/www.anovapeneira.gal\/index.php\/wp-json\/wp\/v2\/tags?post=11353"}],"curies":[{"name":"wp","href":"https:\/\/api.w.org\/{rel}","templated":true}]}}