{"id":11357,"date":"2024-03-04T12:00:11","date_gmt":"2024-03-04T11:00:11","guid":{"rendered":"https:\/\/www.anovapeneira.gal\/?p=11357"},"modified":"2024-03-01T11:25:36","modified_gmt":"2024-03-01T10:25:36","slug":"reclaman-a-fin-do-comercio-de-armas-con-israel","status":"publish","type":"post","link":"https:\/\/www.anovapeneira.gal\/index.php\/2024\/03\/04\/reclaman-a-fin-do-comercio-de-armas-con-israel\/","title":{"rendered":"Reclaman a fin do comercio de armas con Israel"},"content":{"rendered":"\n<p>Ecoloxistas en Acci\u00f3n R\u00edas Baixas e BDS Vigo despregan na porta do Sol de Vigo unha gran pancarta para esixir a fin do xenocidio en Palestina e o boicot \u00e1s empresas que colaboran con Israel.<\/p>\n\n\n\n<p><br>Esta \u00faltima acci\u00f3n, levada a cado este domingo, enm\u00e1rcase nunha nova xornada de mobilizaci\u00f3n estatal na que m\u00e1is de 100 localidades do Estado convocadas pola RESCOP ( Rede Solidaria contra a Ocupaci\u00f3n de Palestina) sa\u00edron \u00e1s r\u00faas para esixir o fin do comercio de armas con Israel e a ruptura total de relaci\u00f3ns cun Estado que est\u00e1 a perpretrar un xenocidio sobre a poboaci\u00f3n palestina de Gaza.<br><br>En Vigo, a manifestaci\u00f3n discorreu entre V\u00eda Norte e a Porta do Sol, onde ao seu remate se despegou unha pancarta xigante asinada por Ecoloxistas en Acci\u00f3n en BDS Vigo co lema &#8220;Todxs somos Palestina&#8221;.<br><br>\u201cDenunciamos a complicidade do Goberno do Estado espa\u00f1ol, que autorizou a exportaci\u00f3n de armas espa\u00f1olas por valor de cerca de 1 mill\u00f3ns de euros mentres se comet\u00edan masacres contra escolas, hospitais, universidades e vivendas\u201d, alerta Xaqu\u00edn Pastoriza, coordinador de Ecoloxistas en Acci\u00f3n Vigo, ante as noticias de que munici\u00f3n fabricada no Estado espa\u00f1ol est\u00e1 sendo utilizada por Israel \u201cpara cometer xenocidio, crimes de guerra e asasinar a nenos con total<br>impunidade\u201d.<br><br>Sinalan que xa \u00e9 o momento de que o Estado espa\u00f1ol act\u00fae, se sume \u00e1 demanda sudafricana e impo\u00f1a sanci\u00f3ns a Israel para forzar ao seu goberno a cumprir a lei. E que a cidadan\u00eda viguesa tam\u00e9n reclama unha maior implicaci\u00f3n do Concello no apoio \u00e1 causa do pobo palestino, m\u00e1is al\u00e1 de declaraci\u00f3ns desde unha equidistancia c\u00f3mplice.<br><br>Na manifestaci\u00f3n que percorreu as r\u00faas de Vigo, os seus participantes esixiron \u00e1s instituci\u00f3ns impulsar a campa\u00f1a de Boicot, Desinvestimentos e Sanci\u00f3ns (BDS), que busca rexeitar a normalizaci\u00f3n das pol\u00edticas de apartheid israel\u00eds e exercer presi\u00f3n para facer insostible un r\u00e9xime de ocupaci\u00f3n ilegal, colonialismo e apartheid.<\/p>\n","protected":false},"excerpt":{"rendered":"<div class=\"mh-excerpt\"><p>Ecoloxistas en Acci\u00f3n R\u00edas Baixas e BDS Vigo despregan na porta do Sol de Vigo unha gran pancarta para esixir a fin do xenocidio en Palestina e o boicot \u00e1s empresas que colaboran con Israel. <a class=\"mh-excerpt-more\" href=\"https:\/\/www.anovapeneira.gal\/index.php\/2024\/03\/04\/reclaman-a-fin-do-comercio-de-armas-con-israel\/\" title=\"Reclaman a fin do comercio de armas con Israel\">[&#8230;]<\/a><\/p>\n<\/div>","protected":false},"author":3,"featured_media":11358,"comment_status":"open","ping_status":"open","sticky":false,"template":"","format":"standard","meta":{"_exactmetrics_skip_tracking":false,"_exactmetrics_sitenote_active":false,"_exactmetrics_sitenote_note":"","_exactmetrics_sitenote_category":0,"footnotes":""},"categories":[1],"tags":[],"class_list":{"0":"post-11357","1":"post","2":"type-post","3":"status-publish","4":"format-standard","5":"has-post-thumbnail","7":"category-sin-categoria"},"yoast_head":"<!-- This site is optimized with the Yoast SEO plugin v27.4 - https:\/\/yoast.com\/product\/yoast-seo-wordpress\/ -->\n<title>Reclaman a fin do comercio de armas con Israel -<\/title>\n<meta name=\"description\" content=\"Ecoloxistas en Acci\u00f3n R\u00edas Baixas e BDS Vigo despregan na porta do Sol de Vigo unha gran pancarta para esixir a fin do xenocidio en Palestina e o boicot \u00e1s empresas que colaboran con Israel.\" \/>\n<meta name=\"robots\" content=\"index, follow, max-snippet:-1, max-image-preview:large, max-video-preview:-1\" \/>\n<link rel=\"canonical\" href=\"https:\/\/www.anovapeneira.gal\/index.php\/2024\/03\/04\/reclaman-a-fin-do-comercio-de-armas-con-israel\/\" \/>\n<meta property=\"og:locale\" content=\"gl_ES\" \/>\n<meta property=\"og:type\" content=\"article\" \/>\n<meta property=\"og:title\" content=\"Reclaman a fin do comercio de armas con Israel -\" \/>\n<meta property=\"og:description\" content=\"Ecoloxistas en Acci\u00f3n R\u00edas Baixas e BDS Vigo despregan na porta do Sol de Vigo unha gran pancarta para esixir a fin do xenocidio en Palestina e o boicot \u00e1s empresas que colaboran con Israel.\" \/>\n<meta property=\"og:url\" content=\"https:\/\/www.anovapeneira.gal\/index.php\/2024\/03\/04\/reclaman-a-fin-do-comercio-de-armas-con-israel\/\" \/>\n<meta property=\"article:publisher\" content=\"https:\/\/www.facebook.com\/anovapeneira\" \/>\n<meta property=\"article:published_time\" content=\"2024-03-04T11:00:11+00:00\" \/>\n<meta property=\"og:image\" content=\"https:\/\/www.anovapeneira.gal\/wp-content\/uploads\/2024\/03\/palestina_vigo.jpg\" \/>\n\t<meta property=\"og:image:width\" content=\"720\" \/>\n\t<meta property=\"og:image:height\" content=\"432\" \/>\n\t<meta property=\"og:image:type\" content=\"image\/jpeg\" \/>\n<meta name=\"author\" content=\"Redacci\u00f3n A Nova Peneira\" \/>\n<meta name=\"twitter:card\" content=\"summary_large_image\" \/>\n<meta name=\"twitter:creator\" content=\"@APeneira\" \/>\n<meta name=\"twitter:site\" content=\"@APeneira\" \/>\n<meta name=\"twitter:label1\" content=\"Escrito por\" \/>\n\t<meta name=\"twitter:data1\" content=\"Redacci\u00f3n A Nova Peneira\" \/>\n\t<meta name=\"twitter:label2\" content=\"Tempo de lectura\" \/>\n\t<meta name=\"twitter:data2\" content=\"2 minutos\" \/>\n<script type=\"application\/ld+json\" class=\"yoast-schema-graph\">{\"@context\":\"https:\\\/\\\/schema.org\",\"@graph\":[{\"@type\":\"Article\",\"@id\":\"https:\\\/\\\/www.anovapeneira.gal\\\/index.php\\\/2024\\\/03\\\/04\\\/reclaman-a-fin-do-comercio-de-armas-con-israel\\\/#article\",\"isPartOf\":{\"@id\":\"https:\\\/\\\/www.anovapeneira.gal\\\/index.php\\\/2024\\\/03\\\/04\\\/reclaman-a-fin-do-comercio-de-armas-con-israel\\\/\"},\"author\":{\"name\":\"Redacci\u00f3n A Nova Peneira\",\"@id\":\"https:\\\/\\\/www.anovapeneira.gal\\\/#\\\/schema\\\/person\\\/b93e3f8932e3f8da96334607eb6ac6aa\"},\"headline\":\"Reclaman a fin do comercio de armas con Israel\",\"datePublished\":\"2024-03-04T11:00:11+00:00\",\"mainEntityOfPage\":{\"@id\":\"https:\\\/\\\/www.anovapeneira.gal\\\/index.php\\\/2024\\\/03\\\/04\\\/reclaman-a-fin-do-comercio-de-armas-con-israel\\\/\"},\"wordCount\":359,\"commentCount\":0,\"publisher\":{\"@id\":\"https:\\\/\\\/www.anovapeneira.gal\\\/#organization\"},\"image\":{\"@id\":\"https:\\\/\\\/www.anovapeneira.gal\\\/index.php\\\/2024\\\/03\\\/04\\\/reclaman-a-fin-do-comercio-de-armas-con-israel\\\/#primaryimage\"},\"thumbnailUrl\":\"https:\\\/\\\/www.anovapeneira.gal\\\/wp-content\\\/uploads\\\/2024\\\/03\\\/palestina_vigo.jpg\",\"articleSection\":[\"Sin categor\u00eda\"],\"inLanguage\":\"gl-ES\",\"potentialAction\":[{\"@type\":\"CommentAction\",\"name\":\"Comment\",\"target\":[\"https:\\\/\\\/www.anovapeneira.gal\\\/index.php\\\/2024\\\/03\\\/04\\\/reclaman-a-fin-do-comercio-de-armas-con-israel\\\/#respond\"]}]},{\"@type\":\"WebPage\",\"@id\":\"https:\\\/\\\/www.anovapeneira.gal\\\/index.php\\\/2024\\\/03\\\/04\\\/reclaman-a-fin-do-comercio-de-armas-con-israel\\\/\",\"url\":\"https:\\\/\\\/www.anovapeneira.gal\\\/index.php\\\/2024\\\/03\\\/04\\\/reclaman-a-fin-do-comercio-de-armas-con-israel\\\/\",\"name\":\"Reclaman a fin do comercio de armas con Israel -\",\"isPartOf\":{\"@id\":\"https:\\\/\\\/www.anovapeneira.gal\\\/#website\"},\"primaryImageOfPage\":{\"@id\":\"https:\\\/\\\/www.anovapeneira.gal\\\/index.php\\\/2024\\\/03\\\/04\\\/reclaman-a-fin-do-comercio-de-armas-con-israel\\\/#primaryimage\"},\"image\":{\"@id\":\"https:\\\/\\\/www.anovapeneira.gal\\\/index.php\\\/2024\\\/03\\\/04\\\/reclaman-a-fin-do-comercio-de-armas-con-israel\\\/#primaryimage\"},\"thumbnailUrl\":\"https:\\\/\\\/www.anovapeneira.gal\\\/wp-content\\\/uploads\\\/2024\\\/03\\\/palestina_vigo.jpg\",\"datePublished\":\"2024-03-04T11:00:11+00:00\",\"description\":\"Ecoloxistas en Acci\u00f3n R\u00edas Baixas e BDS Vigo despregan na porta do Sol de Vigo unha gran pancarta para esixir a fin do xenocidio en Palestina e o boicot \u00e1s empresas que colaboran con Israel.\",\"breadcrumb\":{\"@id\":\"https:\\\/\\\/www.anovapeneira.gal\\\/index.php\\\/2024\\\/03\\\/04\\\/reclaman-a-fin-do-comercio-de-armas-con-israel\\\/#breadcrumb\"},\"inLanguage\":\"gl-ES\",\"potentialAction\":[{\"@type\":\"ReadAction\",\"target\":[\"https:\\\/\\\/www.anovapeneira.gal\\\/index.php\\\/2024\\\/03\\\/04\\\/reclaman-a-fin-do-comercio-de-armas-con-israel\\\/\"]}]},{\"@type\":\"ImageObject\",\"inLanguage\":\"gl-ES\",\"@id\":\"https:\\\/\\\/www.anovapeneira.gal\\\/index.php\\\/2024\\\/03\\\/04\\\/reclaman-a-fin-do-comercio-de-armas-con-israel\\\/#primaryimage\",\"url\":\"https:\\\/\\\/www.anovapeneira.gal\\\/wp-content\\\/uploads\\\/2024\\\/03\\\/palestina_vigo.jpg\",\"contentUrl\":\"https:\\\/\\\/www.anovapeneira.gal\\\/wp-content\\\/uploads\\\/2024\\\/03\\\/palestina_vigo.jpg\",\"width\":720,\"height\":432,\"caption\":\"Palestina Vigo\"},{\"@type\":\"BreadcrumbList\",\"@id\":\"https:\\\/\\\/www.anovapeneira.gal\\\/index.php\\\/2024\\\/03\\\/04\\\/reclaman-a-fin-do-comercio-de-armas-con-israel\\\/#breadcrumb\",\"itemListElement\":[{\"@type\":\"ListItem\",\"position\":1,\"name\":\"Portada\",\"item\":\"https:\\\/\\\/www.anovapeneira.gal\\\/\"},{\"@type\":\"ListItem\",\"position\":2,\"name\":\"Reclaman a fin do comercio de armas con Israel\"}]},{\"@type\":\"WebSite\",\"@id\":\"https:\\\/\\\/www.anovapeneira.gal\\\/#website\",\"url\":\"https:\\\/\\\/www.anovapeneira.gal\\\/\",\"name\":\"\",\"description\":\"Xornal galego de informaci\u00f3n xeral Publicaci\u00f3n mensual de novas de Galicia e en especial dos Concellos da sur da provincia de Pontevedra.\",\"publisher\":{\"@id\":\"https:\\\/\\\/www.anovapeneira.gal\\\/#organization\"},\"potentialAction\":[{\"@type\":\"SearchAction\",\"target\":{\"@type\":\"EntryPoint\",\"urlTemplate\":\"https:\\\/\\\/www.anovapeneira.gal\\\/?s={search_term_string}\"},\"query-input\":{\"@type\":\"PropertyValueSpecification\",\"valueRequired\":true,\"valueName\":\"search_term_string\"}}],\"inLanguage\":\"gl-ES\"},{\"@type\":\"Organization\",\"@id\":\"https:\\\/\\\/www.anovapeneira.gal\\\/#organization\",\"name\":\"A Nova Peneira\",\"url\":\"https:\\\/\\\/www.anovapeneira.gal\\\/\",\"logo\":{\"@type\":\"ImageObject\",\"inLanguage\":\"gl-ES\",\"@id\":\"https:\\\/\\\/www.anovapeneira.gal\\\/#\\\/schema\\\/logo\\\/image\\\/\",\"url\":\"http:\\\/\\\/www.anovapeneira.gal\\\/wp-content\\\/uploads\\\/2019\\\/06\\\/logo_a_nova_peneira_portal_web.png\",\"contentUrl\":\"http:\\\/\\\/www.anovapeneira.gal\\\/wp-content\\\/uploads\\\/2019\\\/06\\\/logo_a_nova_peneira_portal_web.png\",\"width\":300,\"height\":100,\"caption\":\"A Nova Peneira\"},\"image\":{\"@id\":\"https:\\\/\\\/www.anovapeneira.gal\\\/#\\\/schema\\\/logo\\\/image\\\/\"},\"sameAs\":[\"https:\\\/\\\/www.facebook.com\\\/anovapeneira\",\"https:\\\/\\\/x.com\\\/APeneira\"]},{\"@type\":\"Person\",\"@id\":\"https:\\\/\\\/www.anovapeneira.gal\\\/#\\\/schema\\\/person\\\/b93e3f8932e3f8da96334607eb6ac6aa\",\"name\":\"Redacci\u00f3n A Nova Peneira\",\"image\":{\"@type\":\"ImageObject\",\"inLanguage\":\"gl-ES\",\"@id\":\"https:\\\/\\\/secure.gravatar.com\\\/avatar\\\/c052a2551a06e23fac63626232eaa90abd78dbcf1700fc46a2b2c89fd27b735f?s=96&d=mm&r=g\",\"url\":\"https:\\\/\\\/secure.gravatar.com\\\/avatar\\\/c052a2551a06e23fac63626232eaa90abd78dbcf1700fc46a2b2c89fd27b735f?s=96&d=mm&r=g\",\"contentUrl\":\"https:\\\/\\\/secure.gravatar.com\\\/avatar\\\/c052a2551a06e23fac63626232eaa90abd78dbcf1700fc46a2b2c89fd27b735f?s=96&d=mm&r=g\",\"caption\":\"Redacci\u00f3n A Nova Peneira\"},\"sameAs\":[\"http:\\\/\\\/www.anovapeneira.gal\\\/\"],\"url\":\"https:\\\/\\\/www.anovapeneira.gal\\\/index.php\\\/author\\\/redactor\\\/\"}]}<\/script>\n<!-- \/ Yoast SEO plugin. -->","yoast_head_json":{"title":"Reclaman a fin do comercio de armas con Israel -","description":"Ecoloxistas en Acci\u00f3n R\u00edas Baixas e BDS Vigo despregan na porta do Sol de Vigo unha gran pancarta para esixir a fin do xenocidio en Palestina e o boicot \u00e1s empresas que colaboran con Israel.","robots":{"index":"index","follow":"follow","max-snippet":"max-snippet:-1","max-image-preview":"max-image-preview:large","max-video-preview":"max-video-preview:-1"},"canonical":"https:\/\/www.anovapeneira.gal\/index.php\/2024\/03\/04\/reclaman-a-fin-do-comercio-de-armas-con-israel\/","og_locale":"gl_ES","og_type":"article","og_title":"Reclaman a fin do comercio de armas con Israel -","og_description":"Ecoloxistas en Acci\u00f3n R\u00edas Baixas e BDS Vigo despregan na porta do Sol de Vigo unha gran pancarta para esixir a fin do xenocidio en Palestina e o boicot \u00e1s empresas que colaboran con Israel.","og_url":"https:\/\/www.anovapeneira.gal\/index.php\/2024\/03\/04\/reclaman-a-fin-do-comercio-de-armas-con-israel\/","article_publisher":"https:\/\/www.facebook.com\/anovapeneira","article_published_time":"2024-03-04T11:00:11+00:00","og_image":[{"width":720,"height":432,"url":"https:\/\/www.anovapeneira.gal\/wp-content\/uploads\/2024\/03\/palestina_vigo.jpg","type":"image\/jpeg"}],"author":"Redacci\u00f3n A Nova Peneira","twitter_card":"summary_large_image","twitter_creator":"@APeneira","twitter_site":"@APeneira","twitter_misc":{"Escrito por":"Redacci\u00f3n A Nova Peneira","Tempo de lectura":"2 minutos"},"schema":{"@context":"https:\/\/schema.org","@graph":[{"@type":"Article","@id":"https:\/\/www.anovapeneira.gal\/index.php\/2024\/03\/04\/reclaman-a-fin-do-comercio-de-armas-con-israel\/#article","isPartOf":{"@id":"https:\/\/www.anovapeneira.gal\/index.php\/2024\/03\/04\/reclaman-a-fin-do-comercio-de-armas-con-israel\/"},"author":{"name":"Redacci\u00f3n A Nova Peneira","@id":"https:\/\/www.anovapeneira.gal\/#\/schema\/person\/b93e3f8932e3f8da96334607eb6ac6aa"},"headline":"Reclaman a fin do comercio de armas con Israel","datePublished":"2024-03-04T11:00:11+00:00","mainEntityOfPage":{"@id":"https:\/\/www.anovapeneira.gal\/index.php\/2024\/03\/04\/reclaman-a-fin-do-comercio-de-armas-con-israel\/"},"wordCount":359,"commentCount":0,"publisher":{"@id":"https:\/\/www.anovapeneira.gal\/#organization"},"image":{"@id":"https:\/\/www.anovapeneira.gal\/index.php\/2024\/03\/04\/reclaman-a-fin-do-comercio-de-armas-con-israel\/#primaryimage"},"thumbnailUrl":"https:\/\/www.anovapeneira.gal\/wp-content\/uploads\/2024\/03\/palestina_vigo.jpg","articleSection":["Sin categor\u00eda"],"inLanguage":"gl-ES","potentialAction":[{"@type":"CommentAction","name":"Comment","target":["https:\/\/www.anovapeneira.gal\/index.php\/2024\/03\/04\/reclaman-a-fin-do-comercio-de-armas-con-israel\/#respond"]}]},{"@type":"WebPage","@id":"https:\/\/www.anovapeneira.gal\/index.php\/2024\/03\/04\/reclaman-a-fin-do-comercio-de-armas-con-israel\/","url":"https:\/\/www.anovapeneira.gal\/index.php\/2024\/03\/04\/reclaman-a-fin-do-comercio-de-armas-con-israel\/","name":"Reclaman a fin do comercio de armas con Israel -","isPartOf":{"@id":"https:\/\/www.anovapeneira.gal\/#website"},"primaryImageOfPage":{"@id":"https:\/\/www.anovapeneira.gal\/index.php\/2024\/03\/04\/reclaman-a-fin-do-comercio-de-armas-con-israel\/#primaryimage"},"image":{"@id":"https:\/\/www.anovapeneira.gal\/index.php\/2024\/03\/04\/reclaman-a-fin-do-comercio-de-armas-con-israel\/#primaryimage"},"thumbnailUrl":"https:\/\/www.anovapeneira.gal\/wp-content\/uploads\/2024\/03\/palestina_vigo.jpg","datePublished":"2024-03-04T11:00:11+00:00","description":"Ecoloxistas en Acci\u00f3n R\u00edas Baixas e BDS Vigo despregan na porta do Sol de Vigo unha gran pancarta para esixir a fin do xenocidio en Palestina e o boicot \u00e1s empresas que colaboran con Israel.","breadcrumb":{"@id":"https:\/\/www.anovapeneira.gal\/index.php\/2024\/03\/04\/reclaman-a-fin-do-comercio-de-armas-con-israel\/#breadcrumb"},"inLanguage":"gl-ES","potentialAction":[{"@type":"ReadAction","target":["https:\/\/www.anovapeneira.gal\/index.php\/2024\/03\/04\/reclaman-a-fin-do-comercio-de-armas-con-israel\/"]}]},{"@type":"ImageObject","inLanguage":"gl-ES","@id":"https:\/\/www.anovapeneira.gal\/index.php\/2024\/03\/04\/reclaman-a-fin-do-comercio-de-armas-con-israel\/#primaryimage","url":"https:\/\/www.anovapeneira.gal\/wp-content\/uploads\/2024\/03\/palestina_vigo.jpg","contentUrl":"https:\/\/www.anovapeneira.gal\/wp-content\/uploads\/2024\/03\/palestina_vigo.jpg","width":720,"height":432,"caption":"Palestina Vigo"},{"@type":"BreadcrumbList","@id":"https:\/\/www.anovapeneira.gal\/index.php\/2024\/03\/04\/reclaman-a-fin-do-comercio-de-armas-con-israel\/#breadcrumb","itemListElement":[{"@type":"ListItem","position":1,"name":"Portada","item":"https:\/\/www.anovapeneira.gal\/"},{"@type":"ListItem","position":2,"name":"Reclaman a fin do comercio de armas con Israel"}]},{"@type":"WebSite","@id":"https:\/\/www.anovapeneira.gal\/#website","url":"https:\/\/www.anovapeneira.gal\/","name":"","description":"Xornal galego de informaci\u00f3n xeral Publicaci\u00f3n mensual de novas de Galicia e en especial dos Concellos da sur da provincia de Pontevedra.","publisher":{"@id":"https:\/\/www.anovapeneira.gal\/#organization"},"potentialAction":[{"@type":"SearchAction","target":{"@type":"EntryPoint","urlTemplate":"https:\/\/www.anovapeneira.gal\/?s={search_term_string}"},"query-input":{"@type":"PropertyValueSpecification","valueRequired":true,"valueName":"search_term_string"}}],"inLanguage":"gl-ES"},{"@type":"Organization","@id":"https:\/\/www.anovapeneira.gal\/#organization","name":"A Nova Peneira","url":"https:\/\/www.anovapeneira.gal\/","logo":{"@type":"ImageObject","inLanguage":"gl-ES","@id":"https:\/\/www.anovapeneira.gal\/#\/schema\/logo\/image\/","url":"http:\/\/www.anovapeneira.gal\/wp-content\/uploads\/2019\/06\/logo_a_nova_peneira_portal_web.png","contentUrl":"http:\/\/www.anovapeneira.gal\/wp-content\/uploads\/2019\/06\/logo_a_nova_peneira_portal_web.png","width":300,"height":100,"caption":"A Nova Peneira"},"image":{"@id":"https:\/\/www.anovapeneira.gal\/#\/schema\/logo\/image\/"},"sameAs":["https:\/\/www.facebook.com\/anovapeneira","https:\/\/x.com\/APeneira"]},{"@type":"Person","@id":"https:\/\/www.anovapeneira.gal\/#\/schema\/person\/b93e3f8932e3f8da96334607eb6ac6aa","name":"Redacci\u00f3n A Nova Peneira","image":{"@type":"ImageObject","inLanguage":"gl-ES","@id":"https:\/\/secure.gravatar.com\/avatar\/c052a2551a06e23fac63626232eaa90abd78dbcf1700fc46a2b2c89fd27b735f?s=96&d=mm&r=g","url":"https:\/\/secure.gravatar.com\/avatar\/c052a2551a06e23fac63626232eaa90abd78dbcf1700fc46a2b2c89fd27b735f?s=96&d=mm&r=g","contentUrl":"https:\/\/secure.gravatar.com\/avatar\/c052a2551a06e23fac63626232eaa90abd78dbcf1700fc46a2b2c89fd27b735f?s=96&d=mm&r=g","caption":"Redacci\u00f3n A Nova Peneira"},"sameAs":["http:\/\/www.anovapeneira.gal\/"],"url":"https:\/\/www.anovapeneira.gal\/index.php\/author\/redactor\/"}]}},"jetpack_featured_media_url":"https:\/\/www.anovapeneira.gal\/wp-content\/uploads\/2024\/03\/palestina_vigo.jpg","_links":{"self":[{"href":"https:\/\/www.anovapeneira.gal\/index.php\/wp-json\/wp\/v2\/posts\/11357","targetHints":{"allow":["GET"]}}],"collection":[{"href":"https:\/\/www.anovapeneira.gal\/index.php\/wp-json\/wp\/v2\/posts"}],"about":[{"href":"https:\/\/www.anovapeneira.gal\/index.php\/wp-json\/wp\/v2\/types\/post"}],"author":[{"embeddable":true,"href":"https:\/\/www.anovapeneira.gal\/index.php\/wp-json\/wp\/v2\/users\/3"}],"replies":[{"embeddable":true,"href":"https:\/\/www.anovapeneira.gal\/index.php\/wp-json\/wp\/v2\/comments?post=11357"}],"version-history":[{"count":1,"href":"https:\/\/www.anovapeneira.gal\/index.php\/wp-json\/wp\/v2\/posts\/11357\/revisions"}],"predecessor-version":[{"id":11359,"href":"https:\/\/www.anovapeneira.gal\/index.php\/wp-json\/wp\/v2\/posts\/11357\/revisions\/11359"}],"wp:featuredmedia":[{"embeddable":true,"href":"https:\/\/www.anovapeneira.gal\/index.php\/wp-json\/wp\/v2\/media\/11358"}],"wp:attachment":[{"href":"https:\/\/www.anovapeneira.gal\/index.php\/wp-json\/wp\/v2\/media?parent=11357"}],"wp:term":[{"taxonomy":"category","embeddable":true,"href":"https:\/\/www.anovapeneira.gal\/index.php\/wp-json\/wp\/v2\/categories?post=11357"},{"taxonomy":"post_tag","embeddable":true,"href":"https:\/\/www.anovapeneira.gal\/index.php\/wp-json\/wp\/v2\/tags?post=11357"}],"curies":[{"name":"wp","href":"https:\/\/api.w.org\/{rel}","templated":true}]}}